{"id":94496,"date":"2025-11-23T08:00:00","date_gmt":"2025-11-23T06:00:00","guid":{"rendered":"https:\/\/now-news.de\/de\/deutschland\/warum-braucht-deutschland-den-letzten-friedlichen-sommer\/"},"modified":"2025-11-23T08:00:00","modified_gmt":"2025-11-23T06:00:00","slug":"warum-braucht-deutschland-den-letzten-friedlichen-sommer","status":"publish","type":"post","link":"https:\/\/now-news.de\/de\/deutschland\/warum-braucht-deutschland-den-letzten-friedlichen-sommer\/","title":{"rendered":"Warum braucht Deutschland den &quot;letzten friedlichen Sommer&quot;?"},"content":{"rendered":"<p><img decoding=\"async\" src=\"https:\/\/now-news.de\/de\/wp-content\/uploads\/sites\/3\/2025\/11\/691db2aa48fbef642675c202.jpg\" \/><\/p>\n<div class=\"Text-root Text-type_1 \">\n                Boris Pistorius flirtet weiterhin mit dem Militarismus. Laut Experten sind seine \u00c4u\u00dferungen aber nicht von dem Wunsch nach Konflikt gepr\u00e4gt. Welche Ziele verfolgt er und wie kann das Thema Krieg mit Russland dazu beitragen, die deutsche Regierung vor dem Zerfall zu bewahren?\n            <\/div>\n<p><\/p>\n<div class=\"Text-root Text-type_5 ArticleView-text ViewText-root \">\n<p><em>Von Jewgeni Posdnjakow<\/em><\/p>\n<p>In Deutschland wird nicht ausgeschlossen, dass es bis 2029 zu einem Konflikt zwischen der NATO und Russland kommen k\u00f6nnte. Diese Meinung \u00e4u\u00dferte Bundesverteidigungsminister Boris Pistorius in einem Interview\u00a0f\u00fcr die\u00a0<em>Frankfurter Allgemeinen Zeitung<\/em>. Er f\u00fcgte hinzu:<\/p>\n<blockquote>\n<p><em>&#8220;Einige Milit\u00e4rhistoriker sind sogar der Meinung, dass wir den letzten friedlichen Sommer erlebt haben.&#8221;<\/em><\/p>\n<\/blockquote>\n<p>Seiner Einsch\u00e4tzung nach bleibe die Frage nach dem Beginn von Kampfhandlungen\u00a0 jedoch &#8220;spekulativ&#8221;. Er pr\u00e4zisierte, dass die Expertengemeinschaft in Deutschland die Entwicklung der russischen Streitkr\u00e4fte als Bedrohung f\u00fcr das B\u00fcndnis betrachte und die NATO-Mitglieder daher an einer Verst\u00e4rkung ihrer Kr\u00e4fte arbeiten sollten. Pistorius betonte, dass das B\u00fcndnis \u00fcber ein erhebliches Abschreckungspotenzial verf\u00fcge, &#8220;konventionell, aber nat\u00fcrlich auch nuklear&#8221;.<\/p>\n<p>Die \u00c4u\u00dferungen des deutschen Verteidigungsministers wurden in Moskau negativ aufgenommen. So erkl\u00e4rte die Sprecherin des Au\u00dfenministeriums, Maria Sacharowa, dass nach solchen \u00c4u\u00dferungen keine Zweifel mehr daran best\u00fcnden, wer der Aggressor sei. Der Pressesprecher des Pr\u00e4sidenten, Dmitri Peskow, unterstrich seinerseits, dass es in Russland keine Bef\u00fcrworter einer Konfrontation mit der NATO gebe. Und er f\u00fchrte weiter aus:<\/p>\n<p><em>&#8220;Aber wir sind gezwungen, Ma\u00dfnahmen zur Wahrung unserer Interessen zu ergreifen.&#8221;<\/em><\/p>\n<p>Bemerkenswert ist, dass die \u00c4u\u00dferung von Pistorius fast zeitgleich mit der Ver\u00f6ffentlichung eines aufsehenerregenden Artikels der <em>Bild<\/em>-Zeitung erschien, in dem es hie\u00df, dass die Sozialdemokratische Partei Deutschlands (SPD), der auch der deutsche Verteidigungsminister angeh\u00f6rt, Gefahr l\u00e4uft, die Regierungskoalition zu verlassen. Der Grund daf\u00fcr ist die Unzufriedenheit der &#8220;Kollegen&#8221; aus dem Block der Christlich-Demokratischen Union und der Christlich-Sozialen Union (CDU\/CSU).<\/p>\n<p>Insbesondere gibt es zwischen den Parteien Meinungsverschiedenheiten in Fragen der Renten- und Steuerpolitik. Vor diesem Hintergrund w\u00e4chst unter den Abgeordneten das Misstrauen, dass die Koalition bis 2029 Bestand haben wird. Wie die Zeitung berichtet, plane die CDU\/CSU, die Verabschiedung des Haushaltsplans f\u00fcr 2026 abzuwarten, woraufhin die Koalition auseinanderbrechen und Bundeskanzler Friedrich Merz sich auf eine &#8220;schwankende Mehrheit&#8221; st\u00fctzen wird.<\/p>\n<p>In diesem Zusammenhang wird in Fachkreisen angemerkt, dass Pistorius&#8217; Worte weniger an externe Zuh\u00f6rer als vielmehr an interne Adressaten gerichtet seien. Der Chef der Bundeswehr versuche, die Deutschen von der von Russland ausgehenden Gefahr zu \u00fcberzeugen (und Deutschland belegte, wie wir uns erinnern, den zweiten Platz in der Rangliste der unfreundlichen Regierungen, die von der Zeitung <em>Wsgljad<\/em>\u00a0erstellt wurde), um die Milit\u00e4rreform fortzusetzen, die seinen weiteren Verbleib im Amt rechtfertige und dazu beitrage, die sich aufl\u00f6sende Koalition zusammenzuhalten. Der deutsche Politologe Alexander Rahr sagt:<\/p>\n<p><em>&#8220;Pistorius ist unerbittlich. Er versucht unerm\u00fcdlich, die Deutschen davon zu \u00fcberzeugen, dass Berlin und die NATO kurz vor einem Krieg mit Moskau stehen, aber der Kreml widerlegt regelm\u00e4\u00dfig solche lautstarken \u00c4u\u00dferungen. Russland hat nicht die Absicht, die Allianz anzugreifen. Dennoch flirtet der deutsche Verteidigungsminister weiterhin mit diesem Thema.&#8221;<\/em><\/p>\n<p>Und er f\u00fcgt hinzu:<\/p>\n<p><em>&#8220;Diese Rhetorik der Kriegsbereitschaft untergr\u00e4bt die jahrzehntelangen Bem\u00fchungen um internationales Verst\u00e4ndnis, Vers\u00f6hnung und die Anerkennung der schwerwiegenden Folgen des Zweiten Weltkriegs. Der Konflikt in der Ukraine ist schrecklich, aber er darf nicht dazu f\u00fchren, dass alle diplomatischen Bem\u00fchungen vergangener Generationen zunichtegemacht werden.&#8221;<\/em><\/p>\n<p>Der Gespr\u00e4chspartner betont:<\/p>\n<p><em>&#8220;Vielleicht glaubt Pistorius, dass Russland aufrichtig daran interessiert ist, seinen verlorenen sowjetischen Einflussbereich zur\u00fcckzugewinnen. Eine solche Einsch\u00e4tzung w\u00e4re jedoch unverantwortlich: Der Verteidigungsminister darf sich nicht der Propaganda der Polen und Balten beugen, die Berlin in einen Konflikt mit Moskau hineinziehen wollen.&#8221;<\/em><\/p>\n<p>Der Experte erkl\u00e4rt:<\/p>\n<p><em>&#8220;Es ist durchaus m\u00f6glich, dass man in der Bundeswehr versteht: Im Falle einer Lieferung von Taurus-Raketen an die Ukraine k\u00f6nnte Russland mit einem Schlag gegen eine Waffenfabrik in Europa reagieren. Niemand kann sich bisher vorstellen, was das in der Realit\u00e4t bedeuten w\u00fcrde. M\u00f6glicherweise will Pistorius auch eine Niederlage Kiews nicht hinnehmen und beabsichtigt, die europ\u00e4ische Sicherheitsarchitektur mithilfe der NATO wiederherzustellen.&#8221;<\/em><\/p>\n<p>Rahr sagt:<\/p>\n<p><em>&#8220;Im schlimmsten Fall werden Atombomben eingesetzt und ganze St\u00e4dte und Regionen in Europa und Russland zerst\u00f6rt. Ist sich Pistorius dessen bewusst? Ahnt er, dass ein Krieg mit Moskau genau solche Ausma\u00dfe annehmen w\u00fcrde? Wenn seine Berater mit solchen Daten und Ideen umgehen, dann irren sie sich in ihren Ratschl\u00e4gen zutiefst.&#8221;<\/em><\/p>\n<p>Rahr f\u00fcgt hinzu:<\/p>\n<p><em>&#8220;Aber ich denke, er versteht alles sehr gut und nutzt die Kriegsrhetorik, um innenpolitische Ziele zu erreichen. Die deutsche Regierung steht, wie einige bemerken, kurz vor dem Zusammenbruch. Pistorius versucht mit seinen alarmistischen \u00c4u\u00dferungen, die zerfallende Koalition zusammenzuhalten. Denn kurz vor einem Krieg mit Russland darf man nicht streiten.&#8221;<\/em><\/p>\n<p>Artjom Sokolow, wissenschaftlicher Mitarbeiter des Zentrums f\u00fcr Europastudien am Institut f\u00fcr Internationale Studien, stimmt ebenfalls zu, dass Pistorius&#8217; Worte in erster Linie an die deutsche \u00d6ffentlichkeit gerichtet sind. Er erkl\u00e4rt:<\/p>\n<p><em>&#8220;Seine Aufgabe ist es, die Aufmerksamkeit der B\u00fcrger auf die Durchf\u00fchrung der Milit\u00e4rreform zu lenken.&#8221;<\/em><\/p>\n<p>Der Gespr\u00e4chspartner pr\u00e4zisiert:<\/p>\n<p><em>&#8220;Dementsprechend ist auch das Jahr 2029 nicht zuf\u00e4llig genannt worden. Genau dann wird die Regierungskoalition von Merz ihre Arbeit beenden. Pistorius ist daran interessiert, dass die Zusammenarbeit zwischen SPD und CDU bis zum Ende dieser Legislaturperiode Bestand hat. Genau deshalb spielt er die Karte des gemeinsamen Gegners aus, dessen Existenz dazu zwingt, die Differenzen zu vergessen. Derzeit ist die deutsche Armee nat\u00fcrlich nicht bereit f\u00fcr eine Konfrontation mit Russland. Der Alarmismus des Verteidigungsministers soll also das Tempo der Modernisierung der Bundeswehr erh\u00f6hen, die in vielerlei Hinsicht hinter den f\u00fchrenden Armeen der Welt zur\u00fcckbleibt. Dar\u00fcber hinaus wird die au\u00dferordentliche Bedeutung der Transformation als Begr\u00fcndung daf\u00fcr dienen, dass Pistorius sein Amt nicht niederlegen kann.&#8221;<\/em><\/p>\n<p>Sokolow betont:<\/p>\n<p><em>&#8220;Das hei\u00dft, diese Worte lassen wenig echte Bereitschaft erkennen, gegen Moskau zu k\u00e4mpfen. In Deutschland sind insgesamt nur wenige zu einer Konfrontation mit Russland bereit. Der vom Chef des Bundeswehrs ge\u00e4u\u00dferte Satz \u00fcber den letzten friedlichen Sommer stammt vom Historiker S\u00f6nke Neitzel, der ihn in einem seiner Artikel verwendet hat. Der Ausdruck ist erschreckend, aber nicht ohne publizistischen Reiz, was zu seiner Verbreitung in den westlichen Medien gef\u00fchrt hat.&#8221;<\/em><\/p>\n<p>Pistorius ist daran interessiert, die Lage anzuheizen, erkl\u00e4rt Iwan Kusmin, Deutschland-Experte und Autor des Telegram-Kanals &#8220;Unser Freund Willy&#8221;. Er ist der Meinung:<\/p>\n<p><em>&#8220;Unter solchen Umst\u00e4nden ist es einfacher, Mittel f\u00fcr die Bundeswehr zu beschaffen und pers\u00f6nlich zu punkten. Das hei\u00dft, im Mittelpunkt seines Denkens stehen pers\u00f6nliche Interessen. Parteipolitische \u00dcberlegungen spielen zwar eine untergeordnete Rolle, sind aber dennoch nicht nebens\u00e4chlich.&#8221;<\/em><\/p>\n<p>Der Gespr\u00e4chspartner f\u00fcgt hinzu:<\/p>\n<p><em>&#8220;Wenn man die Milit\u00e4rausgaben Deutschlands vor und nach 2022 vergleicht und auch die zahlreichen anderen Ma\u00dfnahmen ber\u00fccksichtigt, die Berlin ergriffen hat, um seine Streitkr\u00e4fte aus ihrem desolaten Zustand wieder aufzubauen, dann ist die Vorbereitung der BRD auf einen m\u00f6glichen Konflikt f\u00fcr niemanden ein Geheimnis.&#8221;<\/em><\/p>\n<p>Kusmin schlussfolgert:<\/p>\n<p><em>&#8220;Das bedeutet jedoch keineswegs, dass es auch dazu kommen wird: Erstens hat der Kreml bereits mehrfach die Absurdit\u00e4t solcher \u00c4u\u00dferungen europ\u00e4ischer Politiker kommentiert. Au\u00dferdem unterliegt jedes Milit\u00e4rressort bestimmten Besonderheiten: Eine langfristige Strategie muss unter Ber\u00fccksichtigung des schlimmsten Szenarios \u2013 einer direkten milit\u00e4rischen Konfrontation \u2013 entwickelt werden.&#8221;<\/em><\/p>\n<p><em>\u00dcbersetzt aus dem\u00a0<\/em><a rel=\"nofollow noopener\" target=\"_blank\" href=\"https:\/\/m.vz.ru\/world\/2025\/11\/19\/1374727.html\"><em>Russischen<\/em><\/a><em>. Der Artikel ist am 19. November 2025 zuerst bei der Zeitung &#8220;Wsgljad&#8221; erschienen.<\/em><\/p>\n<p><strong><em>Jewgeni Posdnjakow<\/em><\/strong><em>\u00a0ist ein russischer Journalist, Fernseh- und Radiomoderator.<\/em><\/p>\n<p><strong>Mehr zum Thema &#8211;<\/strong>\u00a0<a rel=\"nofollow noopener\" target=\"_blank\" href=\"https:\/\/freedert.online\/inland\/261586-bundeswehrgeloebnis-angesichts-russischer-bedrohung-will\/\">Bundeswehrgel\u00f6bnis: Angesichts &#8220;russischer Bedrohung&#8221; will Steinmeier Pflichtzeit f\u00fcr alle<\/a><\/p>\n<div class=\"EmbedBlock-root EmbedBlock-externalVideo EmbedBlock-rumble\">\n<div class=\"VkEmbed\"><iframe class=\"lazyload\" data-src=\"https:\/\/rumble.com\/embed\/v6zp25m\" frameborder=\"0\" width=\"853\" height=\"480\" allowfullscreen><\/iframe><\/div>\n<\/div>\n<\/div>\n<p><br \/>\n<br \/><a href=\"https:\/\/de.rt.com\/inland\/262243-warum-braucht-deutschland-letzten-friedlichen\/\">Source link <\/a><\/p>\n","protected":false},"excerpt":{"rendered":"<p>Boris Pistorius flirtet weiterhin mit dem Militarismus. Laut Experten sind seine \u00c4u\u00dferungen aber nicht von dem Wunsch nach Konflikt gepr\u00e4gt. Welche Ziele verfolgt er und wie kann das Thema Krieg mit Russland dazu beitragen, die deutsche Regierung vor dem Zerfall zu bewahren? Von Jewgeni Posdnjakow In Deutschland wird nicht ausgeschlossen, dass es bis 2029 zu [&hellip;]<\/p>\n","protected":false},"author":3,"featured_media":94497,"comment_status":"open","ping_status":"open","sticky":false,"template":"","format":"standard","meta":{"_yoast_indexnow_last_ping":["1763878339"],"wp_automatic_camp":["217"],"f6163408a300eab435b61beca509d638":["Warum braucht Deutschland den &quot;letzten friedlichen Sommer&quot;?"],"original_link":["https:\/\/de.rt.com\/inland\/262243-warum-braucht-deutschland-letzten-friedlichen\/"],"_thumbnail_id":["94497"],"jnews_social_counter_last_update":["1777451141"],"_wptgpro_p2tg_sent2tg":["a:1:{i:23737;s:19:\"2025-11-23 08:13:20\";}"]},"categories":[19,23],"tags":[8879,48,179,25963,29276,69388,1289],"yoast_head":"<!-- This site is optimized with the Yoast SEO Premium plugin v22.7 (Yoast SEO v22.7) - https:\/\/yoast.com\/wordpress\/plugins\/seo\/ -->\n<title>Warum braucht Deutschland den &quot;letzten friedlichen Sommer&quot;? - just-now.NEWS Deutschland<\/title>\n<meta name=\"robots\" content=\"index, follow, max-snippet:-1, max-image-preview:large, max-video-preview:-1\" \/>\n<link rel=\"canonical\" href=\"https:\/\/now-news.de\/de\/deutschland\/warum-braucht-deutschland-den-letzten-friedlichen-sommer\/\" \/>\n<meta property=\"og:locale\" content=\"de_DE\" \/>\n<meta property=\"og:type\" content=\"article\" \/>\n<meta property=\"og:title\" content=\"Warum braucht Deutschland den &quot;letzten friedlichen Sommer&quot;?\" \/>\n<meta property=\"og:description\" content=\"Boris Pistorius flirtet weiterhin mit dem Militarismus. Laut Experten sind seine \u00c4u\u00dferungen aber nicht von dem Wunsch nach Konflikt gepr\u00e4gt. Welche Ziele verfolgt er und wie kann das Thema Krieg mit Russland dazu beitragen, die deutsche Regierung vor dem Zerfall zu bewahren? Von Jewgeni Posdnjakow In Deutschland wird nicht ausgeschlossen, dass es bis 2029 zu [&hellip;]\" \/>\n<meta property=\"og:url\" content=\"https:\/\/now-news.de\/de\/deutschland\/warum-braucht-deutschland-den-letzten-friedlichen-sommer\/\" \/>\n<meta property=\"og:site_name\" content=\"just-now.NEWS Deutschland\" \/>\n<meta property=\"article:publisher\" content=\"https:\/\/www.facebook.com\/wirmachenauf\" \/>\n<meta property=\"article:published_time\" content=\"2025-11-23T06:00:00+00:00\" \/>\n<meta property=\"og:image\" content=\"https:\/\/now-news.de\/de\/wp-content\/uploads\/sites\/3\/2025\/11\/691db2aa48fbef642675c202.jpg\" \/>\n<meta name=\"author\" content=\"rtnews\" \/>\n<meta name=\"twitter:card\" content=\"summary_large_image\" \/>\n<meta name=\"twitter:creator\" content=\"@WirMachenAuf_de\" \/>\n<meta name=\"twitter:site\" content=\"@WirMachenAuf_de\" \/>\n<meta name=\"twitter:label1\" content=\"Verfasst von\" \/>\n\t<meta name=\"twitter:data1\" content=\"rtnews\" \/>\n\t<meta name=\"twitter:label2\" content=\"Gesch\u00e4tzte Lesezeit\" \/>\n\t<meta name=\"twitter:data2\" content=\"6\u00a0Minuten\" \/>\n<script type=\"application\/ld+json\" class=\"yoast-schema-graph\">{\"@context\":\"https:\/\/schema.org\",\"@graph\":[{\"@type\":\"Article\",\"@id\":\"https:\/\/now-news.de\/de\/deutschland\/warum-braucht-deutschland-den-letzten-friedlichen-sommer\/#article\",\"isPartOf\":{\"@id\":\"https:\/\/now-news.de\/de\/deutschland\/warum-braucht-deutschland-den-letzten-friedlichen-sommer\/\"},\"author\":{\"name\":\"rtnews\",\"@id\":\"https:\/\/now-news.de\/de\/#\/schema\/person\/fb534a4e865501d8b3285208df34a9b5\"},\"headline\":\"Warum braucht Deutschland den &quot;letzten friedlichen Sommer&quot;?\",\"datePublished\":\"2025-11-23T06:00:00+00:00\",\"dateModified\":\"2025-11-23T06:00:00+00:00\",\"mainEntityOfPage\":{\"@id\":\"https:\/\/now-news.de\/de\/deutschland\/warum-braucht-deutschland-den-letzten-friedlichen-sommer\/\"},\"wordCount\":1269,\"commentCount\":0,\"publisher\":{\"@id\":\"https:\/\/now-news.de\/de\/#organization\"},\"image\":{\"@id\":\"https:\/\/now-news.de\/de\/deutschland\/warum-braucht-deutschland-den-letzten-friedlichen-sommer\/#primaryimage\"},\"thumbnailUrl\":\"https:\/\/now-news.de\/de\/wp-content\/uploads\/sites\/3\/2025\/11\/Warum-braucht-Deutschland-den-quotletzten-friedlichen-Sommerquot.jpg\",\"keywords\":[\"braucht\",\"den\",\"Deutschland\",\"friedlichen\",\"quotLetzten\",\"Sommerquot\",\"Warum\"],\"articleSection\":[\"Deutschland\",\"Russland\"],\"inLanguage\":\"de\",\"potentialAction\":[{\"@type\":\"CommentAction\",\"name\":\"Comment\",\"target\":[\"https:\/\/now-news.de\/de\/deutschland\/warum-braucht-deutschland-den-letzten-friedlichen-sommer\/#respond\"]}]},{\"@type\":\"WebPage\",\"@id\":\"https:\/\/now-news.de\/de\/deutschland\/warum-braucht-deutschland-den-letzten-friedlichen-sommer\/\",\"url\":\"https:\/\/now-news.de\/de\/deutschland\/warum-braucht-deutschland-den-letzten-friedlichen-sommer\/\",\"name\":\"Warum braucht Deutschland den &quot;letzten friedlichen Sommer&quot;? - just-now.NEWS Deutschland\",\"isPartOf\":{\"@id\":\"https:\/\/now-news.de\/de\/#website\"},\"primaryImageOfPage\":{\"@id\":\"https:\/\/now-news.de\/de\/deutschland\/warum-braucht-deutschland-den-letzten-friedlichen-sommer\/#primaryimage\"},\"image\":{\"@id\":\"https:\/\/now-news.de\/de\/deutschland\/warum-braucht-deutschland-den-letzten-friedlichen-sommer\/#primaryimage\"},\"thumbnailUrl\":\"https:\/\/now-news.de\/de\/wp-content\/uploads\/sites\/3\/2025\/11\/Warum-braucht-Deutschland-den-quotletzten-friedlichen-Sommerquot.jpg\",\"datePublished\":\"2025-11-23T06:00:00+00:00\",\"dateModified\":\"2025-11-23T06:00:00+00:00\",\"breadcrumb\":{\"@id\":\"https:\/\/now-news.de\/de\/deutschland\/warum-braucht-deutschland-den-letzten-friedlichen-sommer\/#breadcrumb\"},\"inLanguage\":\"de\",\"potentialAction\":[{\"@type\":\"ReadAction\",\"target\":[\"https:\/\/now-news.de\/de\/deutschland\/warum-braucht-deutschland-den-letzten-friedlichen-sommer\/\"]}]},{\"@type\":\"ImageObject\",\"inLanguage\":\"de\",\"@id\":\"https:\/\/now-news.de\/de\/deutschland\/warum-braucht-deutschland-den-letzten-friedlichen-sommer\/#primaryimage\",\"url\":\"https:\/\/now-news.de\/de\/wp-content\/uploads\/sites\/3\/2025\/11\/Warum-braucht-Deutschland-den-quotletzten-friedlichen-Sommerquot.jpg\",\"contentUrl\":\"https:\/\/now-news.de\/de\/wp-content\/uploads\/sites\/3\/2025\/11\/Warum-braucht-Deutschland-den-quotletzten-friedlichen-Sommerquot.jpg\",\"width\":460,\"height\":259,\"caption\":\"Warum braucht Deutschland den &quot;letzten friedlichen Sommer&quot;?\"},{\"@type\":\"BreadcrumbList\",\"@id\":\"https:\/\/now-news.de\/de\/deutschland\/warum-braucht-deutschland-den-letzten-friedlichen-sommer\/#breadcrumb\",\"itemListElement\":[{\"@type\":\"ListItem\",\"position\":1,\"name\":\"Home\",\"item\":\"https:\/\/now-news.de\/de\/\"},{\"@type\":\"ListItem\",\"position\":2,\"name\":\"Warum braucht Deutschland den &quot;letzten friedlichen Sommer&quot;?\"}]},{\"@type\":\"WebSite\",\"@id\":\"https:\/\/now-news.de\/de\/#website\",\"url\":\"https:\/\/now-news.de\/de\/\",\"name\":\"just-now.NEWS Deutschland\",\"description\":\"Das Portal f\u00fcr unzensierte Nachrichten aus der Welt\",\"publisher\":{\"@id\":\"https:\/\/now-news.de\/de\/#organization\"},\"potentialAction\":[{\"@type\":\"SearchAction\",\"target\":{\"@type\":\"EntryPoint\",\"urlTemplate\":\"https:\/\/now-news.de\/de\/?s={search_term_string}\"},\"query-input\":\"required name=search_term_string\"}],\"inLanguage\":\"de\"},{\"@type\":\"Organization\",\"@id\":\"https:\/\/now-news.de\/de\/#organization\",\"name\":\"Just Now News\",\"url\":\"https:\/\/now-news.de\/de\/\",\"logo\":{\"@type\":\"ImageObject\",\"inLanguage\":\"de\",\"@id\":\"https:\/\/now-news.de\/de\/#\/schema\/logo\/image\/\",\"url\":\"http:\/\/just-now.news\/de\/wp-content\/uploads\/sites\/3\/2022\/04\/logo500x500.jpg\",\"contentUrl\":\"http:\/\/just-now.news\/de\/wp-content\/uploads\/sites\/3\/2022\/04\/logo500x500.jpg\",\"width\":500,\"height\":500,\"caption\":\"Just Now News\"},\"image\":{\"@id\":\"https:\/\/now-news.de\/de\/#\/schema\/logo\/image\/\"},\"sameAs\":[\"https:\/\/www.facebook.com\/wirmachenauf\",\"https:\/\/x.com\/WirMachenAuf_de\"]},{\"@type\":\"Person\",\"@id\":\"https:\/\/now-news.de\/de\/#\/schema\/person\/fb534a4e865501d8b3285208df34a9b5\",\"name\":\"rtnews\",\"image\":{\"@type\":\"ImageObject\",\"inLanguage\":\"de\",\"@id\":\"https:\/\/now-news.de\/de\/#\/schema\/person\/image\/\",\"url\":\"https:\/\/secure.gravatar.com\/avatar\/82aafea7d8127119dd649515f56e2117?s=96&d=mm&r=g\",\"contentUrl\":\"https:\/\/secure.gravatar.com\/avatar\/82aafea7d8127119dd649515f56e2117?s=96&d=mm&r=g\",\"caption\":\"rtnews\"},\"url\":\"https:\/\/now-news.de\/de\/author\/rnews\/\"}]}<\/script>\n<!-- \/ Yoast SEO Premium plugin. -->","yoast_head_json":{"title":"Warum braucht Deutschland den &quot;letzten friedlichen Sommer&quot;? - just-now.NEWS Deutschland","robots":{"index":"index","follow":"follow","max-snippet":"max-snippet:-1","max-image-preview":"max-image-preview:large","max-video-preview":"max-video-preview:-1"},"canonical":"https:\/\/now-news.de\/de\/deutschland\/warum-braucht-deutschland-den-letzten-friedlichen-sommer\/","og_locale":"de_DE","og_type":"article","og_title":"Warum braucht Deutschland den &quot;letzten friedlichen Sommer&quot;?","og_description":"Boris Pistorius flirtet weiterhin mit dem Militarismus. Laut Experten sind seine \u00c4u\u00dferungen aber nicht von dem Wunsch nach Konflikt gepr\u00e4gt. Welche Ziele verfolgt er und wie kann das Thema Krieg mit Russland dazu beitragen, die deutsche Regierung vor dem Zerfall zu bewahren? Von Jewgeni Posdnjakow In Deutschland wird nicht ausgeschlossen, dass es bis 2029 zu [&hellip;]","og_url":"https:\/\/now-news.de\/de\/deutschland\/warum-braucht-deutschland-den-letzten-friedlichen-sommer\/","og_site_name":"just-now.NEWS Deutschland","article_publisher":"https:\/\/www.facebook.com\/wirmachenauf","article_published_time":"2025-11-23T06:00:00+00:00","og_image":[{"url":"https:\/\/now-news.de\/de\/wp-content\/uploads\/sites\/3\/2025\/11\/691db2aa48fbef642675c202.jpg"}],"author":"rtnews","twitter_card":"summary_large_image","twitter_creator":"@WirMachenAuf_de","twitter_site":"@WirMachenAuf_de","twitter_misc":{"Verfasst von":"rtnews","Gesch\u00e4tzte Lesezeit":"6\u00a0Minuten"},"schema":{"@context":"https:\/\/schema.org","@graph":[{"@type":"Article","@id":"https:\/\/now-news.de\/de\/deutschland\/warum-braucht-deutschland-den-letzten-friedlichen-sommer\/#article","isPartOf":{"@id":"https:\/\/now-news.de\/de\/deutschland\/warum-braucht-deutschland-den-letzten-friedlichen-sommer\/"},"author":{"name":"rtnews","@id":"https:\/\/now-news.de\/de\/#\/schema\/person\/fb534a4e865501d8b3285208df34a9b5"},"headline":"Warum braucht Deutschland den &quot;letzten friedlichen Sommer&quot;?","datePublished":"2025-11-23T06:00:00+00:00","dateModified":"2025-11-23T06:00:00+00:00","mainEntityOfPage":{"@id":"https:\/\/now-news.de\/de\/deutschland\/warum-braucht-deutschland-den-letzten-friedlichen-sommer\/"},"wordCount":1269,"commentCount":0,"publisher":{"@id":"https:\/\/now-news.de\/de\/#organization"},"image":{"@id":"https:\/\/now-news.de\/de\/deutschland\/warum-braucht-deutschland-den-letzten-friedlichen-sommer\/#primaryimage"},"thumbnailUrl":"https:\/\/now-news.de\/de\/wp-content\/uploads\/sites\/3\/2025\/11\/Warum-braucht-Deutschland-den-quotletzten-friedlichen-Sommerquot.jpg","keywords":["braucht","den","Deutschland","friedlichen","quotLetzten","Sommerquot","Warum"],"articleSection":["Deutschland","Russland"],"inLanguage":"de","potentialAction":[{"@type":"CommentAction","name":"Comment","target":["https:\/\/now-news.de\/de\/deutschland\/warum-braucht-deutschland-den-letzten-friedlichen-sommer\/#respond"]}]},{"@type":"WebPage","@id":"https:\/\/now-news.de\/de\/deutschland\/warum-braucht-deutschland-den-letzten-friedlichen-sommer\/","url":"https:\/\/now-news.de\/de\/deutschland\/warum-braucht-deutschland-den-letzten-friedlichen-sommer\/","name":"Warum braucht Deutschland den &quot;letzten friedlichen Sommer&quot;? - just-now.NEWS Deutschland","isPartOf":{"@id":"https:\/\/now-news.de\/de\/#website"},"primaryImageOfPage":{"@id":"https:\/\/now-news.de\/de\/deutschland\/warum-braucht-deutschland-den-letzten-friedlichen-sommer\/#primaryimage"},"image":{"@id":"https:\/\/now-news.de\/de\/deutschland\/warum-braucht-deutschland-den-letzten-friedlichen-sommer\/#primaryimage"},"thumbnailUrl":"https:\/\/now-news.de\/de\/wp-content\/uploads\/sites\/3\/2025\/11\/Warum-braucht-Deutschland-den-quotletzten-friedlichen-Sommerquot.jpg","datePublished":"2025-11-23T06:00:00+00:00","dateModified":"2025-11-23T06:00:00+00:00","breadcrumb":{"@id":"https:\/\/now-news.de\/de\/deutschland\/warum-braucht-deutschland-den-letzten-friedlichen-sommer\/#breadcrumb"},"inLanguage":"de","potentialAction":[{"@type":"ReadAction","target":["https:\/\/now-news.de\/de\/deutschland\/warum-braucht-deutschland-den-letzten-friedlichen-sommer\/"]}]},{"@type":"ImageObject","inLanguage":"de","@id":"https:\/\/now-news.de\/de\/deutschland\/warum-braucht-deutschland-den-letzten-friedlichen-sommer\/#primaryimage","url":"https:\/\/now-news.de\/de\/wp-content\/uploads\/sites\/3\/2025\/11\/Warum-braucht-Deutschland-den-quotletzten-friedlichen-Sommerquot.jpg","contentUrl":"https:\/\/now-news.de\/de\/wp-content\/uploads\/sites\/3\/2025\/11\/Warum-braucht-Deutschland-den-quotletzten-friedlichen-Sommerquot.jpg","width":460,"height":259,"caption":"Warum braucht Deutschland den &quot;letzten friedlichen Sommer&quot;?"},{"@type":"BreadcrumbList","@id":"https:\/\/now-news.de\/de\/deutschland\/warum-braucht-deutschland-den-letzten-friedlichen-sommer\/#breadcrumb","itemListElement":[{"@type":"ListItem","position":1,"name":"Home","item":"https:\/\/now-news.de\/de\/"},{"@type":"ListItem","position":2,"name":"Warum braucht Deutschland den &quot;letzten friedlichen Sommer&quot;?"}]},{"@type":"WebSite","@id":"https:\/\/now-news.de\/de\/#website","url":"https:\/\/now-news.de\/de\/","name":"just-now.NEWS Deutschland","description":"Das Portal f\u00fcr unzensierte Nachrichten aus der Welt","publisher":{"@id":"https:\/\/now-news.de\/de\/#organization"},"potentialAction":[{"@type":"SearchAction","target":{"@type":"EntryPoint","urlTemplate":"https:\/\/now-news.de\/de\/?s={search_term_string}"},"query-input":"required name=search_term_string"}],"inLanguage":"de"},{"@type":"Organization","@id":"https:\/\/now-news.de\/de\/#organization","name":"Just Now News","url":"https:\/\/now-news.de\/de\/","logo":{"@type":"ImageObject","inLanguage":"de","@id":"https:\/\/now-news.de\/de\/#\/schema\/logo\/image\/","url":"http:\/\/just-now.news\/de\/wp-content\/uploads\/sites\/3\/2022\/04\/logo500x500.jpg","contentUrl":"http:\/\/just-now.news\/de\/wp-content\/uploads\/sites\/3\/2022\/04\/logo500x500.jpg","width":500,"height":500,"caption":"Just Now News"},"image":{"@id":"https:\/\/now-news.de\/de\/#\/schema\/logo\/image\/"},"sameAs":["https:\/\/www.facebook.com\/wirmachenauf","https:\/\/x.com\/WirMachenAuf_de"]},{"@type":"Person","@id":"https:\/\/now-news.de\/de\/#\/schema\/person\/fb534a4e865501d8b3285208df34a9b5","name":"rtnews","image":{"@type":"ImageObject","inLanguage":"de","@id":"https:\/\/now-news.de\/de\/#\/schema\/person\/image\/","url":"https:\/\/secure.gravatar.com\/avatar\/82aafea7d8127119dd649515f56e2117?s=96&d=mm&r=g","contentUrl":"https:\/\/secure.gravatar.com\/avatar\/82aafea7d8127119dd649515f56e2117?s=96&d=mm&r=g","caption":"rtnews"},"url":"https:\/\/now-news.de\/de\/author\/rnews\/"}]}},"_links":{"self":[{"href":"https:\/\/now-news.de\/de\/wp-json\/wp\/v2\/posts\/94496"}],"collection":[{"href":"https:\/\/now-news.de\/de\/wp-json\/wp\/v2\/posts"}],"about":[{"href":"https:\/\/now-news.de\/de\/wp-json\/wp\/v2\/types\/post"}],"author":[{"embeddable":true,"href":"https:\/\/now-news.de\/de\/wp-json\/wp\/v2\/users\/3"}],"replies":[{"embeddable":true,"href":"https:\/\/now-news.de\/de\/wp-json\/wp\/v2\/comments?post=94496"}],"version-history":[{"count":0,"href":"https:\/\/now-news.de\/de\/wp-json\/wp\/v2\/posts\/94496\/revisions"}],"wp:featuredmedia":[{"embeddable":true,"href":"https:\/\/now-news.de\/de\/wp-json\/wp\/v2\/media\/94497"}],"wp:attachment":[{"href":"https:\/\/now-news.de\/de\/wp-json\/wp\/v2\/media?parent=94496"}],"wp:term":[{"taxonomy":"category","embeddable":true,"href":"https:\/\/now-news.de\/de\/wp-json\/wp\/v2\/categories?post=94496"},{"taxonomy":"post_tag","embeddable":true,"href":"https:\/\/now-news.de\/de\/wp-json\/wp\/v2\/tags?post=94496"}],"curies":[{"name":"wp","href":"https:\/\/api.w.org\/{rel}","templated":true}]}}