{"id":94486,"date":"2025-11-22T21:00:04","date_gmt":"2025-11-22T19:00:04","guid":{"rendered":"https:\/\/now-news.de\/de\/deutschland\/genf-vor-schicksalhaften-friedensverhandlungen-fuer-selenskij-und-eu-wird-es-ungemuetlich\/"},"modified":"2025-11-22T21:00:04","modified_gmt":"2025-11-22T19:00:04","slug":"genf-vor-schicksalhaften-friedensverhandlungen-fuer-selenskij-und-eu-wird-es-ungemuetlich","status":"publish","type":"post","link":"https:\/\/now-news.de\/de\/deutschland\/genf-vor-schicksalhaften-friedensverhandlungen-fuer-selenskij-und-eu-wird-es-ungemuetlich\/","title":{"rendered":"Genf vor schicksalhaften Friedensverhandlungen \u2013 F\u00fcr Selenskij und EU wird es ungem\u00fctlich"},"content":{"rendered":"<p><img decoding=\"async\" src=\"https:\/\/now-news.de\/de\/wp-content\/uploads\/sites\/3\/2025\/11\/6921ea25b480cc4b10158b15.png\" \/><\/p>\n<div class=\"Text-root Text-type_1 \">\n                Genf wird erneut zum Zentrum heikler Diplomatie. Kiew steht unter massivem Druck, Donald Trumps Friedensplan zu akzeptieren, w\u00e4hrend Europa Einfluss sucht. Wladimir Selenskij ringt um Zeit und sein politisches \u00dcberleben, doch die Gespr\u00e4che k\u00f6nnten zu einem entscheidenden Moment f\u00fcr die k\u00fcnftige Sicherheitsordnung Europas werden.\n            <\/div>\n<p><\/p>\n<div class=\"Text-root Text-type_5 ArticleView-text ViewText-root \">\n<p><em>Von Hans-Ueli L\u00e4ppli<\/em><\/p>\n<p data-start=\"475\" data-end=\"1197\">Die Schweiz steht wieder im Zentrum der Weltdiplomatie. Innert k\u00fcrzester Zeit wurde in Genf ein neues Spitzentreffen einberufen. W\u00e4hrend Europa um Einfluss ringt und insbesondere Bundeskanzler Friedrich Merz den amerikanischen Friedensplan kategorisch ablehnt, w\u00e4chst die Bedeutung der Eidgenossenschaft als neutrale Insel der Vernunft.<\/p>\n<p data-start=\"475\" data-end=\"1197\">Die Ukraine und die Vereinigten Staaten bereiten Gespr\u00e4che \u00fcber den US-Plan zur Beendigung des Ukrainekriegs vor. Sie sollen morgen in der Schweiz beginnen. Dass ausgerechnet Genf erneut zum Ort heikler Friedensgespr\u00e4che wird, \u00fcberrascht dennoch. Nach dem gescheiterten Gipfel auf dem B\u00fcrgenstock galt die Schweiz zun\u00e4chst nicht als erste Wahl f\u00fcr einen erneuten diplomatischen Anlauf.<\/p>\n<p data-start=\"1221\" data-end=\"1706\">F\u00fcr die Ukraine ist der Moment erniedrigend und prek\u00e4r zugleich. Pr\u00e4sident Donald Trump hat Wladimir Selenskij ein Ultimatum gesetzt. Kiew soll bis Donnerstag kommender Woche dem 28-Punkte-Plan der USA zustimmen.<\/p>\n<p data-start=\"1221\" data-end=\"1706\">Der Plan sieht nach Lesart westlicher Medien weitreichende territoriale Zugest\u00e4ndnisse an Russland sowie einen endg\u00fcltigen Verzicht auf den NATO-Beitritt vor. Dass Moskau dies von Beginn an als unverr\u00fcckbare Bedingung formuliert hatte, ist in Europa l\u00e4ngst bekannt.<\/p>\n<p data-start=\"88\" data-end=\"250\">Selenskij will die Vorschl\u00e4ge der USA nicht einfach akzeptieren, doch eine positive Nachricht ist: Er kann sie auch nicht vollst\u00e4ndig ablehnen.<\/p>\n<p data-start=\"129\" data-end=\"619\">In den Geschichtsb\u00fcchern m\u00f6chte Selenskij nicht als Verlierer erscheinen, doch die Realit\u00e4t diktiert die Regeln. Ohne US-Unterst\u00fctzung w\u00fcrde Kiew binnen Wochen seine milit\u00e4rische Handlungsf\u00e4higkeit verlieren. In einer eindringlichen Videoansprache bezeichnete Selenskij die Lage als eine der kritischsten seit Kriegsbeginn. Seine Worte\u00a0betrafen weniger an das Land als sein eigenes politisches \u00dcberleben. Das Umfeld des Pr\u00e4sidenten ist sich bewusst, dass seine Stellung br\u00f6ckelt.<\/p>\n<p data-start=\"1708\" data-end=\"2343\">Gleichzeitig will Selenskij vermeiden, den Eindruck zu erwecken, die Ukraine blockiere den Weg zu einem Frieden. Entsprechend versucht er gemeinsam mit europ\u00e4ischen Politikern und PR-Beratern, einen Mittelweg zu formulieren. Der Plan sei in seiner aktuellen Form unzureichend, man werde aber verhandeln und Alternativen vorschlagen.<\/p>\n<p data-start=\"1708\" data-end=\"2343\">\u00dcbersetzt bedeutet dies: Kiew will Zeit gewinnen. Doch jeden Tag gehen in der Ukraine Menschenleben verloren, w\u00e4hrend Selenskij um seine politische Zukunft ringt.<\/p>\n<p data-start=\"2889\" data-end=\"3167\">Das Eidgen\u00f6ssische Departement f\u00fcr ausw\u00e4rtige Angelegenheiten best\u00e4tigte, dass es mit allen Seiten in Kontakt stehe und bereit sei, die Gespr\u00e4che zu erm\u00f6glichen. Die Schweiz unterst\u00fctzt nach eigenen Angaben jede Initiative, die auf einen gerechten und dauerhaften Frieden zielt.<\/p>\n<p data-start=\"3169\" data-end=\"3735\">Verschiedene diplomatische Quellen verorten das Treffen in Genf, m\u00f6glicherweise bereits ab Sonntag. Genf verf\u00fcgt \u00fcber jahrzehntelange Erfahrung in diplomatischer Feinmechanik. Die Pr\u00e4senz zahlreicher internationaler Organisationen erm\u00f6glicht es, politische und technische Strukturen rasch zu mobilisieren. Dass Mitglieder der US-Delegation, darunter Verteidigungsminister Dan Driscoll, bereits eingetroffen sein sollen, deutet auf eine weit fortgeschrittene Vorbereitung hin. Aussenminister Marco Rubio und Sonderbeauftragter Steve Witkoff werden ebenfalls erwartet.<\/p>\n<p data-start=\"3737\" data-end=\"3769\"><strong>Europas sp\u00e4te Gegenoffensive<\/strong><\/p>\n<p data-start=\"3771\" data-end=\"4120\">W\u00e4hrend Washington und Kiew ihre Verhandlungspositionen abstecken, versucht Europa, nicht an den Rand gedr\u00e4ngt zu werden. Der US-Plan wurde ohne Abstimmung mit der EU und ohne Konsultation der NATO pr\u00e4sentiert. F\u00fcr Europa ist dies ein Affront, zumal jeder dauerhafte Frieden die sicherheitspolitische Architektur des Kontinents unmittelbar betrifft.<\/p>\n<p data-start=\"4122\" data-end=\"4600\">Auf dem G20-Gipfel in S\u00fcdafrika einigten sich die wichtigsten europ\u00e4ischen Staats- und Regierungschefs darauf, den US-Vorstoss zur\u00fcckzuweisen. Die Europ\u00e4er sehen im Plan inakzeptable Zugest\u00e4ndnisse an Russland. Selenskij telefonierte am Freitag mit den Spitzenpolitikern und bat um Unterst\u00fctzung. Er hofft, dass europ\u00e4ische R\u00fcckendeckung die amerikanischen Forderungen abschw\u00e4chen kann. Ob dies gelingt, ist angesichts Trumps Durchsetzungswillens jedoch fraglich.<\/p>\n<p data-start=\"4645\" data-end=\"5049\">Die Zusammensetzung der ukrainischen Delegation steht fest. Angef\u00fchrt wird sie von Andrei Jermak, einem Vertrauten Selenskijs. Mit\u00a0Kirill Budanow sitzt auch der Chef des Milit\u00e4rgeheimdienstes am Tisch. Die starke sicherheitspolitische Besetzung zeigt, dass diese Verhandlungen \u00fcber reine Diplomatie hinausreichen. Sie betreffen die Existenzbedingungen des ukrainischen Staates.<\/p>\n<p data-start=\"5051\" data-end=\"5245\">Bemerkenswert ist zudem, dass laut ukrainischem Dekret auch Vertreter Russlands teilnehmen sollen. Eine Best\u00e4tigung aus Moskau fehlt bisher. Ob Russland in Genf erscheinen wird, bleibt ungewiss.<\/p>\n<p data-start=\"5247\" data-end=\"5636\">Der Zeitpunkt der Verhandlungen f\u00e4llt mit einer schweren innenpolitischen Krise in der Ukraine zusammen. Korruptionsskandale ersch\u00fcttern das Vertrauen in die Regierung. Jermak und Umerow, der Chef des Sicherheitsrats, geraten zunehmend unter Druck. Ger\u00fcchte, Umerow habe im Zusammenhang mit dem Friedensplan eine Amnestieklausel f\u00fcr sich selbst angestrebt, weisen beide entschieden zur\u00fcck.<\/p>\n<p data-start=\"84\" data-end=\"262\">Selenskij h\u00e4lt trotz allem an seinem engsten Kreis fest. Interne Konflikte sollen warten, bis die \u00e4ussere Bedrohung gebannt ist.<\/p>\n<p data-start=\"264\" data-end=\"574\">Egal wie die Gespr\u00e4che in der Schweiz ausgehen, sie markieren den Auftakt zu einem Friedensprozess. Trumps Geduld mit Selenskij ist nach den wiederholten Korruptionsskandalen ersch\u00f6pft. Vor allem aber will der US-Pr\u00e4sident das Blutvergiessen stoppen: Er fordert schnelle Ergebnisse und setzt auf harten Druck.<\/p>\n<p data-start=\"576\" data-end=\"746\">Die EU ist ver\u00e4rgert, dass Br\u00fcssel bei der Ausarbeitung des Plans nicht konsultiert wurde. Doch b\u00fcrokratische Verz\u00f6gerungen kosten Zeit, w\u00e4hrend Trump auf Tempo dr\u00e4ngt.<\/p>\n<p data-start=\"748\" data-end=\"970\">Kiew wird in Genf versuchen, die Verhandlungen hinauszuz\u00f6gern. Doch Trumps Geduld ist begrenzt, und wie er gestern erkl\u00e4rte, wird Selenskij am Ende gezwungen sein, den Friedensplan zu akzeptieren \u2013 ob er will oder nicht.<\/p>\n<p data-start=\"748\" data-end=\"970\"><strong>Mehr zum Thema\u00a0<\/strong>\u2013\u00a0<a rel=\"nofollow noopener\" target=\"_blank\" href=\"https:\/\/freedert.online\/international\/262563-jd-vance-kritiker-us-plans\/\">JD Vance: Kritiker des US-Plans f\u00fcr die Ukraine verstehen Situation vor Ort nicht<\/a><\/p>\n<div class=\"EmbedBlock-root EmbedBlock-externalVideo EmbedBlock-rumble\">\n<div class=\"VkEmbed\"><iframe class=\"lazyload\" data-src=\"https:\/\/rumble.com\/embed\/v6zv3mo\" frameborder=\"0\" width=\"853\" height=\"480\" allowfullscreen><\/iframe><\/div>\n<\/div>\n<\/div>\n<p><br \/>\n<br \/><a href=\"https:\/\/de.rt.com\/meinung\/262600-genf-vor-schicksalhaften-friedensverhandlungen-fuer-selenskij-und-eu-wird-es-ungemuetlich\/\">Source link <\/a><\/p>\n","protected":false},"excerpt":{"rendered":"<p>Genf wird erneut zum Zentrum heikler Diplomatie. Kiew steht unter massivem Druck, Donald Trumps Friedensplan zu akzeptieren, w\u00e4hrend Europa Einfluss sucht. Wladimir Selenskij ringt um Zeit und sein politisches \u00dcberleben, doch die Gespr\u00e4che k\u00f6nnten zu einem entscheidenden Moment f\u00fcr die k\u00fcnftige Sicherheitsordnung Europas werden. Von Hans-Ueli L\u00e4ppli Die Schweiz steht wieder im Zentrum der Weltdiplomatie. [&hellip;]<\/p>\n","protected":false},"author":3,"featured_media":94487,"comment_status":"open","ping_status":"open","sticky":false,"template":"","format":"standard","meta":{"_yoast_indexnow_last_ping":["1763838738"],"wp_automatic_camp":["217"],"9e8e511cf01e891314bc0c28ceb12733":["Genf vor schicksalhaften Friedensverhandlungen \u2013 F\u00fcr Selenskij und EU wird es ungem\u00fctlich"],"original_link":["https:\/\/de.rt.com\/meinung\/262600-genf-vor-schicksalhaften-friedensverhandlungen-fuer-selenskij-und-eu-wird-es-ungemuetlich\/"],"_thumbnail_id":["94487"],"jnews_social_counter_last_update":["1777489513"],"_wptgpro_p2tg_sent2tg":["a:1:{i:23737;s:19:\"2025-11-22 21:13:20\";}"]},"categories":[19,23],"tags":[19884,221,63608,69386,6158,140,46184,320,374],"yoast_head":"<!-- This site is optimized with the Yoast SEO Premium plugin v22.7 (Yoast SEO v22.7) - https:\/\/yoast.com\/wordpress\/plugins\/seo\/ -->\n<title>Genf vor schicksalhaften Friedensverhandlungen \u2013 F\u00fcr Selenskij und EU wird es ungem\u00fctlich - just-now.NEWS Deutschland<\/title>\n<meta name=\"robots\" content=\"index, follow, max-snippet:-1, max-image-preview:large, max-video-preview:-1\" \/>\n<link rel=\"canonical\" href=\"https:\/\/now-news.de\/de\/deutschland\/genf-vor-schicksalhaften-friedensverhandlungen-fuer-selenskij-und-eu-wird-es-ungemuetlich\/\" \/>\n<meta property=\"og:locale\" content=\"de_DE\" \/>\n<meta property=\"og:type\" content=\"article\" \/>\n<meta property=\"og:title\" content=\"Genf vor schicksalhaften Friedensverhandlungen \u2013 F\u00fcr Selenskij und EU wird es ungem\u00fctlich\" \/>\n<meta property=\"og:description\" content=\"Genf wird erneut zum Zentrum heikler Diplomatie. Kiew steht unter massivem Druck, Donald Trumps Friedensplan zu akzeptieren, w\u00e4hrend Europa Einfluss sucht. Wladimir Selenskij ringt um Zeit und sein politisches \u00dcberleben, doch die Gespr\u00e4che k\u00f6nnten zu einem entscheidenden Moment f\u00fcr die k\u00fcnftige Sicherheitsordnung Europas werden. Von Hans-Ueli L\u00e4ppli Die Schweiz steht wieder im Zentrum der Weltdiplomatie. [&hellip;]\" \/>\n<meta property=\"og:url\" content=\"https:\/\/now-news.de\/de\/deutschland\/genf-vor-schicksalhaften-friedensverhandlungen-fuer-selenskij-und-eu-wird-es-ungemuetlich\/\" \/>\n<meta property=\"og:site_name\" content=\"just-now.NEWS Deutschland\" \/>\n<meta property=\"article:publisher\" content=\"https:\/\/www.facebook.com\/wirmachenauf\" \/>\n<meta property=\"article:published_time\" content=\"2025-11-22T19:00:04+00:00\" \/>\n<meta property=\"og:image\" content=\"https:\/\/now-news.de\/de\/wp-content\/uploads\/sites\/3\/2025\/11\/6921ea25b480cc4b10158b15.png\" \/>\n<meta name=\"author\" content=\"rtnews\" \/>\n<meta name=\"twitter:card\" content=\"summary_large_image\" \/>\n<meta name=\"twitter:creator\" content=\"@WirMachenAuf_de\" \/>\n<meta name=\"twitter:site\" content=\"@WirMachenAuf_de\" \/>\n<meta name=\"twitter:label1\" content=\"Verfasst von\" \/>\n\t<meta name=\"twitter:data1\" content=\"rtnews\" \/>\n\t<meta name=\"twitter:label2\" content=\"Gesch\u00e4tzte Lesezeit\" \/>\n\t<meta name=\"twitter:data2\" content=\"5\u00a0Minuten\" \/>\n<script type=\"application\/ld+json\" class=\"yoast-schema-graph\">{\"@context\":\"https:\/\/schema.org\",\"@graph\":[{\"@type\":\"Article\",\"@id\":\"https:\/\/now-news.de\/de\/deutschland\/genf-vor-schicksalhaften-friedensverhandlungen-fuer-selenskij-und-eu-wird-es-ungemuetlich\/#article\",\"isPartOf\":{\"@id\":\"https:\/\/now-news.de\/de\/deutschland\/genf-vor-schicksalhaften-friedensverhandlungen-fuer-selenskij-und-eu-wird-es-ungemuetlich\/\"},\"author\":{\"name\":\"rtnews\",\"@id\":\"https:\/\/now-news.de\/de\/#\/schema\/person\/fb534a4e865501d8b3285208df34a9b5\"},\"headline\":\"Genf vor schicksalhaften Friedensverhandlungen \u2013 F\u00fcr Selenskij und EU wird es ungem\u00fctlich\",\"datePublished\":\"2025-11-22T19:00:04+00:00\",\"dateModified\":\"2025-11-22T19:00:04+00:00\",\"mainEntityOfPage\":{\"@id\":\"https:\/\/now-news.de\/de\/deutschland\/genf-vor-schicksalhaften-friedensverhandlungen-fuer-selenskij-und-eu-wird-es-ungemuetlich\/\"},\"wordCount\":921,\"commentCount\":0,\"publisher\":{\"@id\":\"https:\/\/now-news.de\/de\/#organization\"},\"image\":{\"@id\":\"https:\/\/now-news.de\/de\/deutschland\/genf-vor-schicksalhaften-friedensverhandlungen-fuer-selenskij-und-eu-wird-es-ungemuetlich\/#primaryimage\"},\"thumbnailUrl\":\"https:\/\/now-news.de\/de\/wp-content\/uploads\/sites\/3\/2025\/11\/Genf-vor-schicksalhaften-Friedensverhandlungen-\u2013-Fuer-Selenskij-und-EU-wird.png\",\"keywords\":[\"Friedensverhandlungen\",\"f\u00fcr\",\"Genf\",\"schicksalhaften\",\"Selenskij\",\"und\",\"ungem\u00fctlich\",\"vor\",\"wird\"],\"articleSection\":[\"Deutschland\",\"Russland\"],\"inLanguage\":\"de\",\"potentialAction\":[{\"@type\":\"CommentAction\",\"name\":\"Comment\",\"target\":[\"https:\/\/now-news.de\/de\/deutschland\/genf-vor-schicksalhaften-friedensverhandlungen-fuer-selenskij-und-eu-wird-es-ungemuetlich\/#respond\"]}]},{\"@type\":\"WebPage\",\"@id\":\"https:\/\/now-news.de\/de\/deutschland\/genf-vor-schicksalhaften-friedensverhandlungen-fuer-selenskij-und-eu-wird-es-ungemuetlich\/\",\"url\":\"https:\/\/now-news.de\/de\/deutschland\/genf-vor-schicksalhaften-friedensverhandlungen-fuer-selenskij-und-eu-wird-es-ungemuetlich\/\",\"name\":\"Genf vor schicksalhaften Friedensverhandlungen \u2013 F\u00fcr Selenskij und EU wird es ungem\u00fctlich - just-now.NEWS Deutschland\",\"isPartOf\":{\"@id\":\"https:\/\/now-news.de\/de\/#website\"},\"primaryImageOfPage\":{\"@id\":\"https:\/\/now-news.de\/de\/deutschland\/genf-vor-schicksalhaften-friedensverhandlungen-fuer-selenskij-und-eu-wird-es-ungemuetlich\/#primaryimage\"},\"image\":{\"@id\":\"https:\/\/now-news.de\/de\/deutschland\/genf-vor-schicksalhaften-friedensverhandlungen-fuer-selenskij-und-eu-wird-es-ungemuetlich\/#primaryimage\"},\"thumbnailUrl\":\"https:\/\/now-news.de\/de\/wp-content\/uploads\/sites\/3\/2025\/11\/Genf-vor-schicksalhaften-Friedensverhandlungen-\u2013-Fuer-Selenskij-und-EU-wird.png\",\"datePublished\":\"2025-11-22T19:00:04+00:00\",\"dateModified\":\"2025-11-22T19:00:04+00:00\",\"breadcrumb\":{\"@id\":\"https:\/\/now-news.de\/de\/deutschland\/genf-vor-schicksalhaften-friedensverhandlungen-fuer-selenskij-und-eu-wird-es-ungemuetlich\/#breadcrumb\"},\"inLanguage\":\"de\",\"potentialAction\":[{\"@type\":\"ReadAction\",\"target\":[\"https:\/\/now-news.de\/de\/deutschland\/genf-vor-schicksalhaften-friedensverhandlungen-fuer-selenskij-und-eu-wird-es-ungemuetlich\/\"]}]},{\"@type\":\"ImageObject\",\"inLanguage\":\"de\",\"@id\":\"https:\/\/now-news.de\/de\/deutschland\/genf-vor-schicksalhaften-friedensverhandlungen-fuer-selenskij-und-eu-wird-es-ungemuetlich\/#primaryimage\",\"url\":\"https:\/\/now-news.de\/de\/wp-content\/uploads\/sites\/3\/2025\/11\/Genf-vor-schicksalhaften-Friedensverhandlungen-\u2013-Fuer-Selenskij-und-EU-wird.png\",\"contentUrl\":\"https:\/\/now-news.de\/de\/wp-content\/uploads\/sites\/3\/2025\/11\/Genf-vor-schicksalhaften-Friedensverhandlungen-\u2013-Fuer-Selenskij-und-EU-wird.png\",\"width\":460,\"height\":259,\"caption\":\"Genf vor schicksalhaften Friedensverhandlungen \u2013 F\u00fcr Selenskij und EU wird es ungem\u00fctlich\"},{\"@type\":\"BreadcrumbList\",\"@id\":\"https:\/\/now-news.de\/de\/deutschland\/genf-vor-schicksalhaften-friedensverhandlungen-fuer-selenskij-und-eu-wird-es-ungemuetlich\/#breadcrumb\",\"itemListElement\":[{\"@type\":\"ListItem\",\"position\":1,\"name\":\"Home\",\"item\":\"https:\/\/now-news.de\/de\/\"},{\"@type\":\"ListItem\",\"position\":2,\"name\":\"Genf vor schicksalhaften Friedensverhandlungen \u2013 F\u00fcr Selenskij und EU wird es ungem\u00fctlich\"}]},{\"@type\":\"WebSite\",\"@id\":\"https:\/\/now-news.de\/de\/#website\",\"url\":\"https:\/\/now-news.de\/de\/\",\"name\":\"just-now.NEWS Deutschland\",\"description\":\"Das Portal f\u00fcr unzensierte Nachrichten aus der Welt\",\"publisher\":{\"@id\":\"https:\/\/now-news.de\/de\/#organization\"},\"potentialAction\":[{\"@type\":\"SearchAction\",\"target\":{\"@type\":\"EntryPoint\",\"urlTemplate\":\"https:\/\/now-news.de\/de\/?s={search_term_string}\"},\"query-input\":\"required name=search_term_string\"}],\"inLanguage\":\"de\"},{\"@type\":\"Organization\",\"@id\":\"https:\/\/now-news.de\/de\/#organization\",\"name\":\"Just Now News\",\"url\":\"https:\/\/now-news.de\/de\/\",\"logo\":{\"@type\":\"ImageObject\",\"inLanguage\":\"de\",\"@id\":\"https:\/\/now-news.de\/de\/#\/schema\/logo\/image\/\",\"url\":\"http:\/\/just-now.news\/de\/wp-content\/uploads\/sites\/3\/2022\/04\/logo500x500.jpg\",\"contentUrl\":\"http:\/\/just-now.news\/de\/wp-content\/uploads\/sites\/3\/2022\/04\/logo500x500.jpg\",\"width\":500,\"height\":500,\"caption\":\"Just Now News\"},\"image\":{\"@id\":\"https:\/\/now-news.de\/de\/#\/schema\/logo\/image\/\"},\"sameAs\":[\"https:\/\/www.facebook.com\/wirmachenauf\",\"https:\/\/x.com\/WirMachenAuf_de\"]},{\"@type\":\"Person\",\"@id\":\"https:\/\/now-news.de\/de\/#\/schema\/person\/fb534a4e865501d8b3285208df34a9b5\",\"name\":\"rtnews\",\"image\":{\"@type\":\"ImageObject\",\"inLanguage\":\"de\",\"@id\":\"https:\/\/now-news.de\/de\/#\/schema\/person\/image\/\",\"url\":\"https:\/\/secure.gravatar.com\/avatar\/82aafea7d8127119dd649515f56e2117?s=96&d=mm&r=g\",\"contentUrl\":\"https:\/\/secure.gravatar.com\/avatar\/82aafea7d8127119dd649515f56e2117?s=96&d=mm&r=g\",\"caption\":\"rtnews\"},\"url\":\"https:\/\/now-news.de\/de\/author\/rnews\/\"}]}<\/script>\n<!-- \/ Yoast SEO Premium plugin. -->","yoast_head_json":{"title":"Genf vor schicksalhaften Friedensverhandlungen \u2013 F\u00fcr Selenskij und EU wird es ungem\u00fctlich - just-now.NEWS Deutschland","robots":{"index":"index","follow":"follow","max-snippet":"max-snippet:-1","max-image-preview":"max-image-preview:large","max-video-preview":"max-video-preview:-1"},"canonical":"https:\/\/now-news.de\/de\/deutschland\/genf-vor-schicksalhaften-friedensverhandlungen-fuer-selenskij-und-eu-wird-es-ungemuetlich\/","og_locale":"de_DE","og_type":"article","og_title":"Genf vor schicksalhaften Friedensverhandlungen \u2013 F\u00fcr Selenskij und EU wird es ungem\u00fctlich","og_description":"Genf wird erneut zum Zentrum heikler Diplomatie. Kiew steht unter massivem Druck, Donald Trumps Friedensplan zu akzeptieren, w\u00e4hrend Europa Einfluss sucht. Wladimir Selenskij ringt um Zeit und sein politisches \u00dcberleben, doch die Gespr\u00e4che k\u00f6nnten zu einem entscheidenden Moment f\u00fcr die k\u00fcnftige Sicherheitsordnung Europas werden. Von Hans-Ueli L\u00e4ppli Die Schweiz steht wieder im Zentrum der Weltdiplomatie. [&hellip;]","og_url":"https:\/\/now-news.de\/de\/deutschland\/genf-vor-schicksalhaften-friedensverhandlungen-fuer-selenskij-und-eu-wird-es-ungemuetlich\/","og_site_name":"just-now.NEWS Deutschland","article_publisher":"https:\/\/www.facebook.com\/wirmachenauf","article_published_time":"2025-11-22T19:00:04+00:00","og_image":[{"url":"https:\/\/now-news.de\/de\/wp-content\/uploads\/sites\/3\/2025\/11\/6921ea25b480cc4b10158b15.png"}],"author":"rtnews","twitter_card":"summary_large_image","twitter_creator":"@WirMachenAuf_de","twitter_site":"@WirMachenAuf_de","twitter_misc":{"Verfasst von":"rtnews","Gesch\u00e4tzte Lesezeit":"5\u00a0Minuten"},"schema":{"@context":"https:\/\/schema.org","@graph":[{"@type":"Article","@id":"https:\/\/now-news.de\/de\/deutschland\/genf-vor-schicksalhaften-friedensverhandlungen-fuer-selenskij-und-eu-wird-es-ungemuetlich\/#article","isPartOf":{"@id":"https:\/\/now-news.de\/de\/deutschland\/genf-vor-schicksalhaften-friedensverhandlungen-fuer-selenskij-und-eu-wird-es-ungemuetlich\/"},"author":{"name":"rtnews","@id":"https:\/\/now-news.de\/de\/#\/schema\/person\/fb534a4e865501d8b3285208df34a9b5"},"headline":"Genf vor schicksalhaften Friedensverhandlungen \u2013 F\u00fcr Selenskij und EU wird es ungem\u00fctlich","datePublished":"2025-11-22T19:00:04+00:00","dateModified":"2025-11-22T19:00:04+00:00","mainEntityOfPage":{"@id":"https:\/\/now-news.de\/de\/deutschland\/genf-vor-schicksalhaften-friedensverhandlungen-fuer-selenskij-und-eu-wird-es-ungemuetlich\/"},"wordCount":921,"commentCount":0,"publisher":{"@id":"https:\/\/now-news.de\/de\/#organization"},"image":{"@id":"https:\/\/now-news.de\/de\/deutschland\/genf-vor-schicksalhaften-friedensverhandlungen-fuer-selenskij-und-eu-wird-es-ungemuetlich\/#primaryimage"},"thumbnailUrl":"https:\/\/now-news.de\/de\/wp-content\/uploads\/sites\/3\/2025\/11\/Genf-vor-schicksalhaften-Friedensverhandlungen-\u2013-Fuer-Selenskij-und-EU-wird.png","keywords":["Friedensverhandlungen","f\u00fcr","Genf","schicksalhaften","Selenskij","und","ungem\u00fctlich","vor","wird"],"articleSection":["Deutschland","Russland"],"inLanguage":"de","potentialAction":[{"@type":"CommentAction","name":"Comment","target":["https:\/\/now-news.de\/de\/deutschland\/genf-vor-schicksalhaften-friedensverhandlungen-fuer-selenskij-und-eu-wird-es-ungemuetlich\/#respond"]}]},{"@type":"WebPage","@id":"https:\/\/now-news.de\/de\/deutschland\/genf-vor-schicksalhaften-friedensverhandlungen-fuer-selenskij-und-eu-wird-es-ungemuetlich\/","url":"https:\/\/now-news.de\/de\/deutschland\/genf-vor-schicksalhaften-friedensverhandlungen-fuer-selenskij-und-eu-wird-es-ungemuetlich\/","name":"Genf vor schicksalhaften Friedensverhandlungen \u2013 F\u00fcr Selenskij und EU wird es ungem\u00fctlich - just-now.NEWS Deutschland","isPartOf":{"@id":"https:\/\/now-news.de\/de\/#website"},"primaryImageOfPage":{"@id":"https:\/\/now-news.de\/de\/deutschland\/genf-vor-schicksalhaften-friedensverhandlungen-fuer-selenskij-und-eu-wird-es-ungemuetlich\/#primaryimage"},"image":{"@id":"https:\/\/now-news.de\/de\/deutschland\/genf-vor-schicksalhaften-friedensverhandlungen-fuer-selenskij-und-eu-wird-es-ungemuetlich\/#primaryimage"},"thumbnailUrl":"https:\/\/now-news.de\/de\/wp-content\/uploads\/sites\/3\/2025\/11\/Genf-vor-schicksalhaften-Friedensverhandlungen-\u2013-Fuer-Selenskij-und-EU-wird.png","datePublished":"2025-11-22T19:00:04+00:00","dateModified":"2025-11-22T19:00:04+00:00","breadcrumb":{"@id":"https:\/\/now-news.de\/de\/deutschland\/genf-vor-schicksalhaften-friedensverhandlungen-fuer-selenskij-und-eu-wird-es-ungemuetlich\/#breadcrumb"},"inLanguage":"de","potentialAction":[{"@type":"ReadAction","target":["https:\/\/now-news.de\/de\/deutschland\/genf-vor-schicksalhaften-friedensverhandlungen-fuer-selenskij-und-eu-wird-es-ungemuetlich\/"]}]},{"@type":"ImageObject","inLanguage":"de","@id":"https:\/\/now-news.de\/de\/deutschland\/genf-vor-schicksalhaften-friedensverhandlungen-fuer-selenskij-und-eu-wird-es-ungemuetlich\/#primaryimage","url":"https:\/\/now-news.de\/de\/wp-content\/uploads\/sites\/3\/2025\/11\/Genf-vor-schicksalhaften-Friedensverhandlungen-\u2013-Fuer-Selenskij-und-EU-wird.png","contentUrl":"https:\/\/now-news.de\/de\/wp-content\/uploads\/sites\/3\/2025\/11\/Genf-vor-schicksalhaften-Friedensverhandlungen-\u2013-Fuer-Selenskij-und-EU-wird.png","width":460,"height":259,"caption":"Genf vor schicksalhaften Friedensverhandlungen \u2013 F\u00fcr Selenskij und EU wird es ungem\u00fctlich"},{"@type":"BreadcrumbList","@id":"https:\/\/now-news.de\/de\/deutschland\/genf-vor-schicksalhaften-friedensverhandlungen-fuer-selenskij-und-eu-wird-es-ungemuetlich\/#breadcrumb","itemListElement":[{"@type":"ListItem","position":1,"name":"Home","item":"https:\/\/now-news.de\/de\/"},{"@type":"ListItem","position":2,"name":"Genf vor schicksalhaften Friedensverhandlungen \u2013 F\u00fcr Selenskij und EU wird es ungem\u00fctlich"}]},{"@type":"WebSite","@id":"https:\/\/now-news.de\/de\/#website","url":"https:\/\/now-news.de\/de\/","name":"just-now.NEWS Deutschland","description":"Das Portal f\u00fcr unzensierte Nachrichten aus der Welt","publisher":{"@id":"https:\/\/now-news.de\/de\/#organization"},"potentialAction":[{"@type":"SearchAction","target":{"@type":"EntryPoint","urlTemplate":"https:\/\/now-news.de\/de\/?s={search_term_string}"},"query-input":"required name=search_term_string"}],"inLanguage":"de"},{"@type":"Organization","@id":"https:\/\/now-news.de\/de\/#organization","name":"Just Now News","url":"https:\/\/now-news.de\/de\/","logo":{"@type":"ImageObject","inLanguage":"de","@id":"https:\/\/now-news.de\/de\/#\/schema\/logo\/image\/","url":"http:\/\/just-now.news\/de\/wp-content\/uploads\/sites\/3\/2022\/04\/logo500x500.jpg","contentUrl":"http:\/\/just-now.news\/de\/wp-content\/uploads\/sites\/3\/2022\/04\/logo500x500.jpg","width":500,"height":500,"caption":"Just Now News"},"image":{"@id":"https:\/\/now-news.de\/de\/#\/schema\/logo\/image\/"},"sameAs":["https:\/\/www.facebook.com\/wirmachenauf","https:\/\/x.com\/WirMachenAuf_de"]},{"@type":"Person","@id":"https:\/\/now-news.de\/de\/#\/schema\/person\/fb534a4e865501d8b3285208df34a9b5","name":"rtnews","image":{"@type":"ImageObject","inLanguage":"de","@id":"https:\/\/now-news.de\/de\/#\/schema\/person\/image\/","url":"https:\/\/secure.gravatar.com\/avatar\/82aafea7d8127119dd649515f56e2117?s=96&d=mm&r=g","contentUrl":"https:\/\/secure.gravatar.com\/avatar\/82aafea7d8127119dd649515f56e2117?s=96&d=mm&r=g","caption":"rtnews"},"url":"https:\/\/now-news.de\/de\/author\/rnews\/"}]}},"_links":{"self":[{"href":"https:\/\/now-news.de\/de\/wp-json\/wp\/v2\/posts\/94486"}],"collection":[{"href":"https:\/\/now-news.de\/de\/wp-json\/wp\/v2\/posts"}],"about":[{"href":"https:\/\/now-news.de\/de\/wp-json\/wp\/v2\/types\/post"}],"author":[{"embeddable":true,"href":"https:\/\/now-news.de\/de\/wp-json\/wp\/v2\/users\/3"}],"replies":[{"embeddable":true,"href":"https:\/\/now-news.de\/de\/wp-json\/wp\/v2\/comments?post=94486"}],"version-history":[{"count":0,"href":"https:\/\/now-news.de\/de\/wp-json\/wp\/v2\/posts\/94486\/revisions"}],"wp:featuredmedia":[{"embeddable":true,"href":"https:\/\/now-news.de\/de\/wp-json\/wp\/v2\/media\/94487"}],"wp:attachment":[{"href":"https:\/\/now-news.de\/de\/wp-json\/wp\/v2\/media?parent=94486"}],"wp:term":[{"taxonomy":"category","embeddable":true,"href":"https:\/\/now-news.de\/de\/wp-json\/wp\/v2\/categories?post=94486"},{"taxonomy":"post_tag","embeddable":true,"href":"https:\/\/now-news.de\/de\/wp-json\/wp\/v2\/tags?post=94486"}],"curies":[{"name":"wp","href":"https:\/\/api.w.org\/{rel}","templated":true}]}}