{"id":94467,"date":"2025-11-22T14:38:35","date_gmt":"2025-11-22T12:38:35","guid":{"rendered":"https:\/\/now-news.de\/de\/deutschland\/trump-friedensplan-ukraine-und-usa-treffen-sich-in-der-schweiz\/"},"modified":"2025-11-22T14:38:35","modified_gmt":"2025-11-22T12:38:35","slug":"trump-friedensplan-ukraine-und-usa-treffen-sich-in-der-schweiz","status":"publish","type":"post","link":"https:\/\/now-news.de\/de\/deutschland\/trump-friedensplan-ukraine-und-usa-treffen-sich-in-der-schweiz\/","title":{"rendered":"Trump-Friedensplan: Ukraine und USA treffen sich in der Schweiz"},"content":{"rendered":"<p><img decoding=\"async\" src=\"https:\/\/now-news.de\/de\/wp-content\/uploads\/sites\/3\/2025\/11\/6921a6b3b480cc22be1372d3.png\" \/><\/p>\n<div class=\"Text-root Text-type_1 \">\n                Die Vereinigten Staaten und die Ukraine wollen in der Schweiz \u00fcber Trumps Friedensplan f\u00fcr den Ukraine-Krieg beraten. In den kommenden Tagen sollen hochrangige Vertreter Gespr\u00e4che \u00fcber m\u00f6gliche Punkte eines k\u00fcnftigen Friedensabkommens f\u00fchren. Wladimir Selenskij ernannte daf\u00fcr eine Delegation unter Andrei Jermak.\n            <\/div>\n<p><\/p>\n<div class=\"Text-root Text-type_5 ArticleView-text ViewText-root \">\n<p data-start=\"183\" data-end=\"617\">Vertreter der Ukraine und der Vereinigten Staaten werden in der Schweiz \u00fcber den von Donald Trump vorgeschlagenen Friedensplan f\u00fcr den Ukraine-Krieg beraten.<\/p>\n<p data-start=\"183\" data-end=\"617\">Nach Angaben des ukrainischen Sicherheitsratschefs Rustem Umerow sollen die Gespr\u00e4che in den kommenden Tagen stattfinden und hochrangige Vertreter beider Seiten an einen Tisch bringen, um m\u00f6gliche Punkte eines k\u00fcnftigen Friedensabkommens zu er\u00f6rtern.<\/p>\n<p data-start=\"619\" data-end=\"1003\">Wladimir Selenskij hat zuvor ein Dekret unterzeichnet, das die Bildung einer ukrainischen Verhandlungsdelegation vorsieht. Diese wird von seinem engen Vertrauten Andrei Jermak geleitet. Die Entscheidung zeigt, dass Kiew die Gespr\u00e4che ernst nimmt, auch wenn der Trump-Plan in der Kritik steht und bereits Diskussionen \u00fcber m\u00f6gliche \u00c4nderungen innerhalb Europas ausgel\u00f6st hat.<\/p>\n<p data-start=\"1005\" data-end=\"1507\">Der Schweizer Verhandlungsort gilt als neutraler Boden, der es allen Beteiligten erlaubt, vertraulich und ohne direkten Einfluss aus Washington oder Br\u00fcssel zu diskutieren. Die USA dr\u00e4ngen auf eine rasche Zustimmung der Ukraine zum 28-Punkte-Plan, w\u00e4hrend die EU ihre eigene Rolle betont und auf Mitentscheidungen pocht.\u00a0<\/p>\n<p data-start=\"1509\" data-end=\"1841\">Die Gespr\u00e4che k\u00f6nnten in Genf stattfinden.<\/p>\n<p data-start=\"1509\" data-end=\"1841\">&#8220;In den kommenden Tagen&#8221; sollen hochrangige Vertreter beider L\u00e4nder \u00fcber m\u00f6gliche Punkte eines k\u00fcnftigen Friedensabkommens verhandeln.\u00a0<\/p>\n<p data-start=\"1509\" data-end=\"1841\">Dies teilte der ukrainische Sicherheitsratschef Rustem Umerow am Samstag \u00fcber Facebook mit.<\/p>\n<p data-start=\"76\" data-end=\"205\"><strong data-start=\"76\" data-end=\"205\">Ver\u00f6ffentlichung des Dekrets von Wladimir Selenskij zur Bildung der ukrainischen Verhandlungsdelegation f\u00fcr Friedensgespr\u00e4che:<\/strong><\/p>\n<p data-start=\"207\" data-end=\"533\">&#8220;Es wird eine Delegation der Ukraine f\u00fcr die Teilnahme am Verhandlungsprozess mit den Vereinigten Staaten von Amerika, weiteren internationalen Partnern der Ukraine sowie mit Vertretern der Russischen F\u00f6deration zur Erreichung eines gerechten und nachhaltigen Friedens gebildet.&#8221;<\/p>\n<p data-start=\"207\" data-end=\"533\">Die Delegation setzt sich wie folgt zusammen:<\/p>\n<p data-start=\"535\" data-end=\"655\"><strong data-start=\"535\" data-end=\"562\">Leitung der Delegation:<\/strong><br data-start=\"562\" data-end=\"565\"> Andrei Jermak \u2013 Leiter des B\u00fcros des Pr\u00e4sidenten der Ukraine, Vorsitzender der Delegation<\/p>\n<p data-start=\"657\" data-end=\"689\"><strong data-start=\"657\" data-end=\"687\">Mitglieder der Delegation:<\/strong><\/p>\n<ul data-start=\"690\" data-end=\"1353\">\n<li data-start=\"690\" data-end=\"788\">\n<p data-start=\"692\" data-end=\"788\">Rustem Umerow \u2013 Sekret\u00e4r des Nationalen Sicherheits- und Verteidigungsrates (NSVR) der Ukraine<\/p>\n<\/li>\n<li data-start=\"789\" data-end=\"934\">\n<p data-start=\"791\" data-end=\"934\">Kirill\u00a0Budanow \u2013 Leiter der Hauptverwaltung f\u00fcr Aufkl\u00e4rung des Verteidigungsministeriums\u00a0<\/p>\n<\/li>\n<li data-start=\"935\" data-end=\"1001\">\n<p data-start=\"937\" data-end=\"1001\">Andrei Ignatow \u2013 Generalstabschef der Streitkr\u00e4fte der Ukraine<\/p>\n<\/li>\n<li data-start=\"1002\" data-end=\"1061\">\n<p data-start=\"1004\" data-end=\"1061\">Oleg Iwaschtschenko \u2013 Leiter des Auslandsgeheimdienstes<\/p>\n<\/li>\n<li data-start=\"1062\" data-end=\"1121\">\n<p data-start=\"1064\" data-end=\"1121\">Sergei Kyslyza \u2013 Erster stellvertretender Au\u00dfenminister<\/p>\n<\/li>\n<li data-start=\"1122\" data-end=\"1188\">\n<p data-start=\"1124\" data-end=\"1188\">Jewgeni Ostrjanski \u2013 Erster stellvertretender Sekret\u00e4r des NSVR<\/p>\n<\/li>\n<li data-start=\"1189\" data-end=\"1278\">\n<p data-start=\"1191\" data-end=\"1278\">Alexander Poklad \u2013 Stellvertretender Leiter des Sicherheitsdienstes der Ukraine (SBU)<\/p>\n<\/li>\n<li data-start=\"1279\" data-end=\"1353\">\n<p data-start=\"1281\" data-end=\"1353\">Alexander Bewz \u2013 Berater des Leiters des B\u00fcros von Selenskij<\/p>\n<\/li>\n<\/ul>\n<p data-start=\"1509\" data-end=\"1841\"><strong>Mehr zum Thema \u2013<\/strong>\u00a0<a rel=\"nofollow noopener\" target=\"_blank\" href=\"https:\/\/freedert.online\/international\/262469-ruestungsaktien-rutschen-ab-eu-bemueht\/\">Ukraine und EU-Staaten lehnen zentrale Punkte des US-Friedensplans ab<\/a><\/p>\n<div class=\"EmbedBlock-root EmbedBlock-externalVideo EmbedBlock-rumble\">\n<div class=\"VkEmbed\"><iframe class=\"lazyload\" data-src=\"https:\/\/rumble.com\/embed\/v6zvgeg\" frameborder=\"0\" width=\"853\" height=\"480\" allowfullscreen><\/iframe><\/div>\n<\/div>\n<\/div>\n<p><br \/>\n<br \/><a href=\"https:\/\/de.rt.com\/schweiz\/262582-ukraine-und-usa-wollen-in\/\">Source link <\/a><\/p>\n","protected":false},"excerpt":{"rendered":"<p>Die Vereinigten Staaten und die Ukraine wollen in der Schweiz \u00fcber Trumps Friedensplan f\u00fcr den Ukraine-Krieg beraten. In den kommenden Tagen sollen hochrangige Vertreter Gespr\u00e4che \u00fcber m\u00f6gliche Punkte eines k\u00fcnftigen Friedensabkommens f\u00fchren. Wladimir Selenskij ernannte daf\u00fcr eine Delegation unter Andrei Jermak. Vertreter der Ukraine und der Vereinigten Staaten werden in der Schweiz \u00fcber den von [&hellip;]<\/p>\n","protected":false},"author":3,"featured_media":94468,"comment_status":"open","ping_status":"open","sticky":false,"template":"","format":"standard","meta":{"_yoast_indexnow_last_ping":["1763815579"],"wp_automatic_camp":["217"],"718ac4a33fd499b027240cee579fc548":["Trump-Friedensplan: Ukraine und USA treffen sich in der Schweiz"],"original_link":["https:\/\/de.rt.com\/schweiz\/262582-ukraine-und-usa-wollen-in\/"],"_thumbnail_id":["94468"],"jnews_social_counter_last_update":["1777283240"],"_wptgpro_p2tg_sent2tg":["a:1:{i:23737;s:19:\"2025-11-22 14:47:20\";}"]},"categories":[19,23],"tags":[82,4207,434,354,60866,127,140,193],"yoast_head":"<!-- This site is optimized with the Yoast SEO Premium plugin v22.7 (Yoast SEO v22.7) - https:\/\/yoast.com\/wordpress\/plugins\/seo\/ -->\n<title>Trump-Friedensplan: Ukraine und USA treffen sich in der Schweiz - just-now.NEWS Deutschland<\/title>\n<meta name=\"robots\" content=\"index, follow, max-snippet:-1, max-image-preview:large, max-video-preview:-1\" \/>\n<link rel=\"canonical\" href=\"https:\/\/now-news.de\/de\/deutschland\/trump-friedensplan-ukraine-und-usa-treffen-sich-in-der-schweiz\/\" \/>\n<meta property=\"og:locale\" content=\"de_DE\" \/>\n<meta property=\"og:type\" content=\"article\" \/>\n<meta property=\"og:title\" content=\"Trump-Friedensplan: Ukraine und USA treffen sich in der Schweiz\" \/>\n<meta property=\"og:description\" content=\"Die Vereinigten Staaten und die Ukraine wollen in der Schweiz \u00fcber Trumps Friedensplan f\u00fcr den Ukraine-Krieg beraten. In den kommenden Tagen sollen hochrangige Vertreter Gespr\u00e4che \u00fcber m\u00f6gliche Punkte eines k\u00fcnftigen Friedensabkommens f\u00fchren. Wladimir Selenskij ernannte daf\u00fcr eine Delegation unter Andrei Jermak. Vertreter der Ukraine und der Vereinigten Staaten werden in der Schweiz \u00fcber den von [&hellip;]\" \/>\n<meta property=\"og:url\" content=\"https:\/\/now-news.de\/de\/deutschland\/trump-friedensplan-ukraine-und-usa-treffen-sich-in-der-schweiz\/\" \/>\n<meta property=\"og:site_name\" content=\"just-now.NEWS Deutschland\" \/>\n<meta property=\"article:publisher\" content=\"https:\/\/www.facebook.com\/wirmachenauf\" \/>\n<meta property=\"article:published_time\" content=\"2025-11-22T12:38:35+00:00\" \/>\n<meta property=\"og:image\" content=\"https:\/\/now-news.de\/de\/wp-content\/uploads\/sites\/3\/2025\/11\/6921a6b3b480cc22be1372d3.png\" \/>\n<meta name=\"author\" content=\"rtnews\" \/>\n<meta name=\"twitter:card\" content=\"summary_large_image\" \/>\n<meta name=\"twitter:creator\" content=\"@WirMachenAuf_de\" \/>\n<meta name=\"twitter:site\" content=\"@WirMachenAuf_de\" \/>\n<meta name=\"twitter:label1\" content=\"Verfasst von\" \/>\n\t<meta name=\"twitter:data1\" content=\"rtnews\" \/>\n\t<meta name=\"twitter:label2\" content=\"Gesch\u00e4tzte Lesezeit\" \/>\n\t<meta name=\"twitter:data2\" content=\"2\u00a0Minuten\" \/>\n<script type=\"application\/ld+json\" class=\"yoast-schema-graph\">{\"@context\":\"https:\/\/schema.org\",\"@graph\":[{\"@type\":\"Article\",\"@id\":\"https:\/\/now-news.de\/de\/deutschland\/trump-friedensplan-ukraine-und-usa-treffen-sich-in-der-schweiz\/#article\",\"isPartOf\":{\"@id\":\"https:\/\/now-news.de\/de\/deutschland\/trump-friedensplan-ukraine-und-usa-treffen-sich-in-der-schweiz\/\"},\"author\":{\"name\":\"rtnews\",\"@id\":\"https:\/\/now-news.de\/de\/#\/schema\/person\/fb534a4e865501d8b3285208df34a9b5\"},\"headline\":\"Trump-Friedensplan: Ukraine und USA treffen sich in der Schweiz\",\"datePublished\":\"2025-11-22T12:38:35+00:00\",\"dateModified\":\"2025-11-22T12:38:35+00:00\",\"mainEntityOfPage\":{\"@id\":\"https:\/\/now-news.de\/de\/deutschland\/trump-friedensplan-ukraine-und-usa-treffen-sich-in-der-schweiz\/\"},\"wordCount\":420,\"commentCount\":0,\"publisher\":{\"@id\":\"https:\/\/now-news.de\/de\/#organization\"},\"image\":{\"@id\":\"https:\/\/now-news.de\/de\/deutschland\/trump-friedensplan-ukraine-und-usa-treffen-sich-in-der-schweiz\/#primaryimage\"},\"thumbnailUrl\":\"https:\/\/now-news.de\/de\/wp-content\/uploads\/sites\/3\/2025\/11\/Trump-Friedensplan-Ukraine-und-USA-treffen-sich-in-der-Schweiz.png\",\"keywords\":[\"der\",\"schweiz\",\"sich\",\"Treffen\",\"TrumpFriedensplan\",\"ukraine\",\"und\",\"USA\"],\"articleSection\":[\"Deutschland\",\"Russland\"],\"inLanguage\":\"de\",\"potentialAction\":[{\"@type\":\"CommentAction\",\"name\":\"Comment\",\"target\":[\"https:\/\/now-news.de\/de\/deutschland\/trump-friedensplan-ukraine-und-usa-treffen-sich-in-der-schweiz\/#respond\"]}]},{\"@type\":\"WebPage\",\"@id\":\"https:\/\/now-news.de\/de\/deutschland\/trump-friedensplan-ukraine-und-usa-treffen-sich-in-der-schweiz\/\",\"url\":\"https:\/\/now-news.de\/de\/deutschland\/trump-friedensplan-ukraine-und-usa-treffen-sich-in-der-schweiz\/\",\"name\":\"Trump-Friedensplan: Ukraine und USA treffen sich in der Schweiz - just-now.NEWS Deutschland\",\"isPartOf\":{\"@id\":\"https:\/\/now-news.de\/de\/#website\"},\"primaryImageOfPage\":{\"@id\":\"https:\/\/now-news.de\/de\/deutschland\/trump-friedensplan-ukraine-und-usa-treffen-sich-in-der-schweiz\/#primaryimage\"},\"image\":{\"@id\":\"https:\/\/now-news.de\/de\/deutschland\/trump-friedensplan-ukraine-und-usa-treffen-sich-in-der-schweiz\/#primaryimage\"},\"thumbnailUrl\":\"https:\/\/now-news.de\/de\/wp-content\/uploads\/sites\/3\/2025\/11\/Trump-Friedensplan-Ukraine-und-USA-treffen-sich-in-der-Schweiz.png\",\"datePublished\":\"2025-11-22T12:38:35+00:00\",\"dateModified\":\"2025-11-22T12:38:35+00:00\",\"breadcrumb\":{\"@id\":\"https:\/\/now-news.de\/de\/deutschland\/trump-friedensplan-ukraine-und-usa-treffen-sich-in-der-schweiz\/#breadcrumb\"},\"inLanguage\":\"de\",\"potentialAction\":[{\"@type\":\"ReadAction\",\"target\":[\"https:\/\/now-news.de\/de\/deutschland\/trump-friedensplan-ukraine-und-usa-treffen-sich-in-der-schweiz\/\"]}]},{\"@type\":\"ImageObject\",\"inLanguage\":\"de\",\"@id\":\"https:\/\/now-news.de\/de\/deutschland\/trump-friedensplan-ukraine-und-usa-treffen-sich-in-der-schweiz\/#primaryimage\",\"url\":\"https:\/\/now-news.de\/de\/wp-content\/uploads\/sites\/3\/2025\/11\/Trump-Friedensplan-Ukraine-und-USA-treffen-sich-in-der-Schweiz.png\",\"contentUrl\":\"https:\/\/now-news.de\/de\/wp-content\/uploads\/sites\/3\/2025\/11\/Trump-Friedensplan-Ukraine-und-USA-treffen-sich-in-der-Schweiz.png\",\"width\":460,\"height\":259,\"caption\":\"Trump-Friedensplan: Ukraine und USA treffen sich in der Schweiz\"},{\"@type\":\"BreadcrumbList\",\"@id\":\"https:\/\/now-news.de\/de\/deutschland\/trump-friedensplan-ukraine-und-usa-treffen-sich-in-der-schweiz\/#breadcrumb\",\"itemListElement\":[{\"@type\":\"ListItem\",\"position\":1,\"name\":\"Home\",\"item\":\"https:\/\/now-news.de\/de\/\"},{\"@type\":\"ListItem\",\"position\":2,\"name\":\"Trump-Friedensplan: Ukraine und USA treffen sich in der Schweiz\"}]},{\"@type\":\"WebSite\",\"@id\":\"https:\/\/now-news.de\/de\/#website\",\"url\":\"https:\/\/now-news.de\/de\/\",\"name\":\"just-now.NEWS Deutschland\",\"description\":\"Das Portal f\u00fcr unzensierte Nachrichten aus der Welt\",\"publisher\":{\"@id\":\"https:\/\/now-news.de\/de\/#organization\"},\"potentialAction\":[{\"@type\":\"SearchAction\",\"target\":{\"@type\":\"EntryPoint\",\"urlTemplate\":\"https:\/\/now-news.de\/de\/?s={search_term_string}\"},\"query-input\":\"required name=search_term_string\"}],\"inLanguage\":\"de\"},{\"@type\":\"Organization\",\"@id\":\"https:\/\/now-news.de\/de\/#organization\",\"name\":\"Just Now News\",\"url\":\"https:\/\/now-news.de\/de\/\",\"logo\":{\"@type\":\"ImageObject\",\"inLanguage\":\"de\",\"@id\":\"https:\/\/now-news.de\/de\/#\/schema\/logo\/image\/\",\"url\":\"http:\/\/just-now.news\/de\/wp-content\/uploads\/sites\/3\/2022\/04\/logo500x500.jpg\",\"contentUrl\":\"http:\/\/just-now.news\/de\/wp-content\/uploads\/sites\/3\/2022\/04\/logo500x500.jpg\",\"width\":500,\"height\":500,\"caption\":\"Just Now News\"},\"image\":{\"@id\":\"https:\/\/now-news.de\/de\/#\/schema\/logo\/image\/\"},\"sameAs\":[\"https:\/\/www.facebook.com\/wirmachenauf\",\"https:\/\/x.com\/WirMachenAuf_de\"]},{\"@type\":\"Person\",\"@id\":\"https:\/\/now-news.de\/de\/#\/schema\/person\/fb534a4e865501d8b3285208df34a9b5\",\"name\":\"rtnews\",\"image\":{\"@type\":\"ImageObject\",\"inLanguage\":\"de\",\"@id\":\"https:\/\/now-news.de\/de\/#\/schema\/person\/image\/\",\"url\":\"https:\/\/secure.gravatar.com\/avatar\/82aafea7d8127119dd649515f56e2117?s=96&d=mm&r=g\",\"contentUrl\":\"https:\/\/secure.gravatar.com\/avatar\/82aafea7d8127119dd649515f56e2117?s=96&d=mm&r=g\",\"caption\":\"rtnews\"},\"url\":\"https:\/\/now-news.de\/de\/author\/rnews\/\"}]}<\/script>\n<!-- \/ Yoast SEO Premium plugin. -->","yoast_head_json":{"title":"Trump-Friedensplan: Ukraine und USA treffen sich in der Schweiz - just-now.NEWS Deutschland","robots":{"index":"index","follow":"follow","max-snippet":"max-snippet:-1","max-image-preview":"max-image-preview:large","max-video-preview":"max-video-preview:-1"},"canonical":"https:\/\/now-news.de\/de\/deutschland\/trump-friedensplan-ukraine-und-usa-treffen-sich-in-der-schweiz\/","og_locale":"de_DE","og_type":"article","og_title":"Trump-Friedensplan: Ukraine und USA treffen sich in der Schweiz","og_description":"Die Vereinigten Staaten und die Ukraine wollen in der Schweiz \u00fcber Trumps Friedensplan f\u00fcr den Ukraine-Krieg beraten. In den kommenden Tagen sollen hochrangige Vertreter Gespr\u00e4che \u00fcber m\u00f6gliche Punkte eines k\u00fcnftigen Friedensabkommens f\u00fchren. Wladimir Selenskij ernannte daf\u00fcr eine Delegation unter Andrei Jermak. Vertreter der Ukraine und der Vereinigten Staaten werden in der Schweiz \u00fcber den von [&hellip;]","og_url":"https:\/\/now-news.de\/de\/deutschland\/trump-friedensplan-ukraine-und-usa-treffen-sich-in-der-schweiz\/","og_site_name":"just-now.NEWS Deutschland","article_publisher":"https:\/\/www.facebook.com\/wirmachenauf","article_published_time":"2025-11-22T12:38:35+00:00","og_image":[{"url":"https:\/\/now-news.de\/de\/wp-content\/uploads\/sites\/3\/2025\/11\/6921a6b3b480cc22be1372d3.png"}],"author":"rtnews","twitter_card":"summary_large_image","twitter_creator":"@WirMachenAuf_de","twitter_site":"@WirMachenAuf_de","twitter_misc":{"Verfasst von":"rtnews","Gesch\u00e4tzte Lesezeit":"2\u00a0Minuten"},"schema":{"@context":"https:\/\/schema.org","@graph":[{"@type":"Article","@id":"https:\/\/now-news.de\/de\/deutschland\/trump-friedensplan-ukraine-und-usa-treffen-sich-in-der-schweiz\/#article","isPartOf":{"@id":"https:\/\/now-news.de\/de\/deutschland\/trump-friedensplan-ukraine-und-usa-treffen-sich-in-der-schweiz\/"},"author":{"name":"rtnews","@id":"https:\/\/now-news.de\/de\/#\/schema\/person\/fb534a4e865501d8b3285208df34a9b5"},"headline":"Trump-Friedensplan: Ukraine und USA treffen sich in der Schweiz","datePublished":"2025-11-22T12:38:35+00:00","dateModified":"2025-11-22T12:38:35+00:00","mainEntityOfPage":{"@id":"https:\/\/now-news.de\/de\/deutschland\/trump-friedensplan-ukraine-und-usa-treffen-sich-in-der-schweiz\/"},"wordCount":420,"commentCount":0,"publisher":{"@id":"https:\/\/now-news.de\/de\/#organization"},"image":{"@id":"https:\/\/now-news.de\/de\/deutschland\/trump-friedensplan-ukraine-und-usa-treffen-sich-in-der-schweiz\/#primaryimage"},"thumbnailUrl":"https:\/\/now-news.de\/de\/wp-content\/uploads\/sites\/3\/2025\/11\/Trump-Friedensplan-Ukraine-und-USA-treffen-sich-in-der-Schweiz.png","keywords":["der","schweiz","sich","Treffen","TrumpFriedensplan","ukraine","und","USA"],"articleSection":["Deutschland","Russland"],"inLanguage":"de","potentialAction":[{"@type":"CommentAction","name":"Comment","target":["https:\/\/now-news.de\/de\/deutschland\/trump-friedensplan-ukraine-und-usa-treffen-sich-in-der-schweiz\/#respond"]}]},{"@type":"WebPage","@id":"https:\/\/now-news.de\/de\/deutschland\/trump-friedensplan-ukraine-und-usa-treffen-sich-in-der-schweiz\/","url":"https:\/\/now-news.de\/de\/deutschland\/trump-friedensplan-ukraine-und-usa-treffen-sich-in-der-schweiz\/","name":"Trump-Friedensplan: Ukraine und USA treffen sich in der Schweiz - just-now.NEWS Deutschland","isPartOf":{"@id":"https:\/\/now-news.de\/de\/#website"},"primaryImageOfPage":{"@id":"https:\/\/now-news.de\/de\/deutschland\/trump-friedensplan-ukraine-und-usa-treffen-sich-in-der-schweiz\/#primaryimage"},"image":{"@id":"https:\/\/now-news.de\/de\/deutschland\/trump-friedensplan-ukraine-und-usa-treffen-sich-in-der-schweiz\/#primaryimage"},"thumbnailUrl":"https:\/\/now-news.de\/de\/wp-content\/uploads\/sites\/3\/2025\/11\/Trump-Friedensplan-Ukraine-und-USA-treffen-sich-in-der-Schweiz.png","datePublished":"2025-11-22T12:38:35+00:00","dateModified":"2025-11-22T12:38:35+00:00","breadcrumb":{"@id":"https:\/\/now-news.de\/de\/deutschland\/trump-friedensplan-ukraine-und-usa-treffen-sich-in-der-schweiz\/#breadcrumb"},"inLanguage":"de","potentialAction":[{"@type":"ReadAction","target":["https:\/\/now-news.de\/de\/deutschland\/trump-friedensplan-ukraine-und-usa-treffen-sich-in-der-schweiz\/"]}]},{"@type":"ImageObject","inLanguage":"de","@id":"https:\/\/now-news.de\/de\/deutschland\/trump-friedensplan-ukraine-und-usa-treffen-sich-in-der-schweiz\/#primaryimage","url":"https:\/\/now-news.de\/de\/wp-content\/uploads\/sites\/3\/2025\/11\/Trump-Friedensplan-Ukraine-und-USA-treffen-sich-in-der-Schweiz.png","contentUrl":"https:\/\/now-news.de\/de\/wp-content\/uploads\/sites\/3\/2025\/11\/Trump-Friedensplan-Ukraine-und-USA-treffen-sich-in-der-Schweiz.png","width":460,"height":259,"caption":"Trump-Friedensplan: Ukraine und USA treffen sich in der Schweiz"},{"@type":"BreadcrumbList","@id":"https:\/\/now-news.de\/de\/deutschland\/trump-friedensplan-ukraine-und-usa-treffen-sich-in-der-schweiz\/#breadcrumb","itemListElement":[{"@type":"ListItem","position":1,"name":"Home","item":"https:\/\/now-news.de\/de\/"},{"@type":"ListItem","position":2,"name":"Trump-Friedensplan: Ukraine und USA treffen sich in der Schweiz"}]},{"@type":"WebSite","@id":"https:\/\/now-news.de\/de\/#website","url":"https:\/\/now-news.de\/de\/","name":"just-now.NEWS Deutschland","description":"Das Portal f\u00fcr unzensierte Nachrichten aus der Welt","publisher":{"@id":"https:\/\/now-news.de\/de\/#organization"},"potentialAction":[{"@type":"SearchAction","target":{"@type":"EntryPoint","urlTemplate":"https:\/\/now-news.de\/de\/?s={search_term_string}"},"query-input":"required name=search_term_string"}],"inLanguage":"de"},{"@type":"Organization","@id":"https:\/\/now-news.de\/de\/#organization","name":"Just Now News","url":"https:\/\/now-news.de\/de\/","logo":{"@type":"ImageObject","inLanguage":"de","@id":"https:\/\/now-news.de\/de\/#\/schema\/logo\/image\/","url":"http:\/\/just-now.news\/de\/wp-content\/uploads\/sites\/3\/2022\/04\/logo500x500.jpg","contentUrl":"http:\/\/just-now.news\/de\/wp-content\/uploads\/sites\/3\/2022\/04\/logo500x500.jpg","width":500,"height":500,"caption":"Just Now News"},"image":{"@id":"https:\/\/now-news.de\/de\/#\/schema\/logo\/image\/"},"sameAs":["https:\/\/www.facebook.com\/wirmachenauf","https:\/\/x.com\/WirMachenAuf_de"]},{"@type":"Person","@id":"https:\/\/now-news.de\/de\/#\/schema\/person\/fb534a4e865501d8b3285208df34a9b5","name":"rtnews","image":{"@type":"ImageObject","inLanguage":"de","@id":"https:\/\/now-news.de\/de\/#\/schema\/person\/image\/","url":"https:\/\/secure.gravatar.com\/avatar\/82aafea7d8127119dd649515f56e2117?s=96&d=mm&r=g","contentUrl":"https:\/\/secure.gravatar.com\/avatar\/82aafea7d8127119dd649515f56e2117?s=96&d=mm&r=g","caption":"rtnews"},"url":"https:\/\/now-news.de\/de\/author\/rnews\/"}]}},"_links":{"self":[{"href":"https:\/\/now-news.de\/de\/wp-json\/wp\/v2\/posts\/94467"}],"collection":[{"href":"https:\/\/now-news.de\/de\/wp-json\/wp\/v2\/posts"}],"about":[{"href":"https:\/\/now-news.de\/de\/wp-json\/wp\/v2\/types\/post"}],"author":[{"embeddable":true,"href":"https:\/\/now-news.de\/de\/wp-json\/wp\/v2\/users\/3"}],"replies":[{"embeddable":true,"href":"https:\/\/now-news.de\/de\/wp-json\/wp\/v2\/comments?post=94467"}],"version-history":[{"count":0,"href":"https:\/\/now-news.de\/de\/wp-json\/wp\/v2\/posts\/94467\/revisions"}],"wp:featuredmedia":[{"embeddable":true,"href":"https:\/\/now-news.de\/de\/wp-json\/wp\/v2\/media\/94468"}],"wp:attachment":[{"href":"https:\/\/now-news.de\/de\/wp-json\/wp\/v2\/media?parent=94467"}],"wp:term":[{"taxonomy":"category","embeddable":true,"href":"https:\/\/now-news.de\/de\/wp-json\/wp\/v2\/categories?post=94467"},{"taxonomy":"post_tag","embeddable":true,"href":"https:\/\/now-news.de\/de\/wp-json\/wp\/v2\/tags?post=94467"}],"curies":[{"name":"wp","href":"https:\/\/api.w.org\/{rel}","templated":true}]}}