{"id":94459,"date":"2025-11-22T10:56:35","date_gmt":"2025-11-22T08:56:35","guid":{"rendered":"https:\/\/now-news.de\/de\/deutschland\/europa-versetzt-sich-durch-die-kapitulation-der-ukraine-selbst-in-angst-und-schrecken\/"},"modified":"2025-11-22T10:56:35","modified_gmt":"2025-11-22T08:56:35","slug":"europa-versetzt-sich-durch-die-kapitulation-der-ukraine-selbst-in-angst-und-schrecken","status":"publish","type":"post","link":"https:\/\/now-news.de\/de\/deutschland\/europa-versetzt-sich-durch-die-kapitulation-der-ukraine-selbst-in-angst-und-schrecken\/","title":{"rendered":"Europa versetzt sich durch die &quot;Kapitulation&quot; der Ukraine selbst in Angst und Schrecken"},"content":{"rendered":"<p><img decoding=\"async\" src=\"https:\/\/now-news.de\/de\/wp-content\/uploads\/sites\/3\/2025\/11\/6920a7ff48fbef74a7403815.jpg\" \/><\/p>\n<div class=\"Text-root Text-type_1 \">\n                &#8220;Kapitulation&#8221;, &#8220;die Ukrainer werden im Gegenzug nichts erhalten&#8221;, &#8220;Verlust der europ\u00e4ischen Sicherheit&#8221;, &#8220;Geschenk an Moskau&#8221; \u2013 all dies sind Zitate aus den \u00e4u\u00dferst heftigen Reaktionen der europ\u00e4ischen Presse auf die Ger\u00fcchte \u00fcber einen angeblich neuen Friedensplan f\u00fcr den Ukraine-Konflikt. Obwohl dieser noch nicht offiziell bekannt gegeben wurde, sind die europ\u00e4ischen Verb\u00fcndeten von Wladimir Selenskij bereits ernsthaft beunruhigt.\n            <\/div>\n<p><\/p>\n<div class=\"Text-root Text-type_5 ArticleView-text ViewText-root \">\n<p><em>Von Waleria Werbinina<\/em><\/p>\n<p>Unmittelbar nachdem das US-Portal <em>Axios<\/em> berichtet hatte, dass US-Pr\u00e4sident Donald Trump einen neuen Plan zur friedlichen Beilegung des russisch-ukrainischen Konflikts vorbereitet habe, geriet Europa in Aufruhr. Es wird behauptet, dass die Ukraine gem\u00e4\u00df diesem Plan Zugest\u00e4ndnisse machen m\u00fcsse. Dabei spielt es keine Rolle, dass weder Moskau noch Washington die Existenz eines solchen Plans offiziell best\u00e4tigen. &#8220;Bislang gibt es in dieser Angelegenheit keine Neuigkeiten, \u00fcber die wir informieren k\u00f6nnten&#8221;, erkl\u00e4rte Kremlsprecher Dmitri Peskow zu diesem Thema.<\/p>\n<p>Das Leid der franz\u00f6sischen Zeitung <em>Le Monde<\/em> ist bereits in der \u00dcberschrift deutlich zu erkennen: &#8220;Russland und die USA verhandeln erneut hinter dem R\u00fccken der Europ\u00e4er.&#8221; Der Hauptgrund f\u00fcr dieses Leid ist folgender: Es gab nicht nur keine R\u00fccksprache mit den EU-Beh\u00f6rden, sondern diese wurden nicht einmal dar\u00fcber informiert, dass \u00fcberhaupt irgendwelche Verhandlungen stattfinden.<\/p>\n<p><a><\/a>\u00a0<em>El Mundo<\/em> aus Spanien stellt kategorisch fest: &#8220;Die Europ\u00e4ische Union wusste nichts von den Verhandlungen zwischen Donald Trump und Wladimir Putin, die einen 28-Punkte-Friedensvorschlag ausgearbeitet haben.&#8221; &#8220;Ich wei\u00df nichts \u00fcber diesen sogenannten Friedensplan. Das Einzige, was ich dar\u00fcber wei\u00df, habe ich in der Presse gelesen\u00a0&#8230; Spanien hat mit diesem angeblichen Friedensplan nichts zu tun, und auch die EU war nicht daran beteiligt&#8221;, best\u00e4tigt der spanische Au\u00dfenminister Jos\u00e9 Manuel Albares.<\/p>\n<p><a><\/a> Unterdessen werden verschiedene Fassungen der im angeblichen Friedensplan enthaltenen Bestimmungen bereits intensiv diskutiert. So bezeichnet beispielsweise das deutsche Magazin <em>Focus<\/em> sie mit typisch deutscher Direktheit als &#8220;vollst\u00e4ndige Kapitulation&#8221; der Ukraine. <em>Focus<\/em> zitiert dabei Experten des Instituts f\u00fcr Kriegsforschung, die der Meinung sind, dass &#8220;der Friedensplan, der bisher von keiner der Seiten offiziell best\u00e4tigt wurde, f\u00fcr die Ukraine den Verlust wichtiger Verteidigungspositionen bedeuten k\u00f6nnte\u00a0&#8230; und die Ukrainer im Gegenzug nichts erhalten w\u00fcrden&#8221;.<\/p>\n<p>&#8220;Wir w\u00fcnschen uns Frieden, die Ukrainer w\u00fcnschen sich Frieden, und zwar einen gerechten Frieden, der die Souver\u00e4nit\u00e4t jedes Staates respektiert. Wir w\u00fcnschen uns einen dauerhaften Frieden, jedoch kann Frieden nicht durch Kapitulation erreicht werden&#8221;, erkl\u00e4rte der franz\u00f6sische Au\u00dfenminister Jean-No\u00ebl Barrot. Auch im britischen <em>Guardian<\/em> wird das Wort &#8220;Kapitulation&#8221; mit Nachdruck verwendet, obwohl im Falle einer tats\u00e4chlichen Kapitulation die Bedingungen weitaus h\u00e4rter w\u00e4ren und sicherlich niemand der Ukraine erlauben w\u00fcrde, ihre eigene Armee zu behalten.<\/p>\n<p><a><\/a> &#8220;Wir wollen keine Kapitulation der Ukraine&#8221;, f\u00fcgte Barrot hinzu. Schlie\u00dflich hat die Ukraine gerade ein Memorandum of Understanding mit Frankreich \u00fcber den Kauf von hundert Rafale-Kampfflugzeugen und einer Vielzahl anderer Waffen unterzeichnet. All dies k\u00f6nnte zu Gro\u00dfauftr\u00e4gen f\u00fchren, wenn der Krieg noch ein, zwei, drei, f\u00fcnf oder zehn Jahre andauert. Wenn jedoch Frieden geschlossen w\u00fcrde, was w\u00fcrde dann mit all diesen Unternehmen geschehen, die sich auf die Massenproduktion von Tod spezialisiert haben? Wer w\u00fcrde sie ben\u00f6tigen?<\/p>\n<p><a><\/a><a><\/a> Die Italiener waren von Trumps Friedensplan so verwirrt, dass sie in der <em>Corriere della Sera<\/em> dar\u00fcber zu spekulieren begannen, ob der US-Pr\u00e4sident versuche, &#8220;die Aufmerksamkeit&#8221; vom Skandal um die Akten von Jeffrey Epstein abzulenken. Dennoch wird angemerkt, dass der Zeitpunkt f\u00fcr den Friedensplan richtig gew\u00e4hlt sei: Trotz aller Widerst\u00e4nde Selenskijs &#8220;schw\u00e4chen ihn die Korruptionsskandale in Kiew&#8221;. Um jedoch nicht zu &#8220;Vasallen&#8221; zu werden, m\u00fcsse Europa die Ukraine weiterhin unterst\u00fctzen, &#8220;indem es Hunderte Milliarden Euro aus den (in Europa eingefrorenen) Kreml-Reserven verwendet und den Verkauf russischen \u00d6ls einschr\u00e4nkt&#8221;.<\/p>\n<p><a><\/a> Noch deutlicher \u00e4u\u00dfert sich die deutsche Zeitung <em>Die Welt<\/em>, die der Ansicht ist, dass &#8220;der neue amerikanisch-russische Friedensplan nicht nur einer Kapitulation der Ukraine gleichkommt, sondern auch nichts Gutes f\u00fcr Europa verspricht&#8221;. Daher sollten weder die ukrainische F\u00fchrung noch Europa &#8220;jemals den vorgeschlagenen Kernpunkten zustimmen&#8221;, die zu einem &#8220;Verlust der europ\u00e4ischen Sicherheit&#8221; f\u00fchren w\u00fcrden.<\/p>\n<p><a><\/a> Und <em>Die Welt<\/em> erkl\u00e4rt, warum das so ist: &#8220;Die Festigungsanlagen im Donbass, um die derzeit heftig gek\u00e4mpft wird, wurden \u00fcber viele Jahre hinweg errichtet\u00a0&#8230; Ein R\u00fcckzug ohne Kampf w\u00e4re ein Geschenk an Moskau\u00a0&#8230; Auf kurze oder mittlere Sicht w\u00fcrde dies Russland eine ideale Ausgangsposition f\u00fcr einen weiteren Angriff verschaffen.&#8221;<\/p>\n<p><a><\/a> Dar\u00fcber hinaus w\u00fcrde &#8220;ein Verbot von Langstreckenwaffen im ukrainischen Waffenarsenal dem Land das wirksamste Druckmittel entziehen. Langstrecken-Drohnen und Marschflugk\u00f6rper sind derzeit das einzige Mittel f\u00fcr die Ukraine, den Krieg auf das Gebiet des Gegners zu verlagern und Waffenproduktionsst\u00e4tten und Infrastruktur zu zerst\u00f6ren&#8221;.<\/p>\n<p>Vor allem aber m\u00fcsse der Krieg fortgesetzt werden, damit sich Europa wohlf\u00fchle. &#8220;Die gesamte Sicherheit Europas w\u00e4re gef\u00e4hrdet, wenn der Friedensplan in dieser Form umgesetzt w\u00fcrde&#8221;.<\/p>\n<p>In Europa herrscht so starke \u00dcberzeugung \u00fcber Russlands Absichten, es anzugreifen, dass die \u00c4u\u00dferungen des franz\u00f6sischen Generalstabschefs General Fabien Mandon eine neue politische Debatte ausl\u00f6sten.<\/p>\n<p><a><\/a> Im Hinblick auf einen eventuellen Krieg mit Russland erkl\u00e4rte er, dass die Franzosen &#8220;nicht bereit sind, den Verlust ihrer Kinder zu akzeptieren\u00a0&#8230; und wirtschaftliche Einbu\u00dfen hinzunehmen&#8221;, weshalb sich das Land in einer Risikozone befinde. Die Opposition warf dem General vor, Kriegshetze zu betreiben, aber der Skandal konnte durch die &#8220;Macronisten&#8221; und ihre Anh\u00e4nger entsch\u00e4rft werden. So bemerkte der republikanische Senator C\u00e9dric Perrin: &#8220;Die Aussage, dass wir unsere Kinder verlieren sollten, war vielleicht etwas h\u00e4rter als n\u00f6tig. Aber wenn solche Formulierungen notwendig sind, damit jeder die Ernsthaftigkeit der Situation begreift, dann denke ich, dass er damit Recht hatte.<\/p>\n<p>Wie der deutsche Au\u00dfenminister Johann Wadephul erkl\u00e4rte, m\u00fcssen alle Vereinbarungen \u00fcber einen eventuellen Waffenstillstand mit der Ukraine diskutiert werden, &#8220;und Europa muss ebenfalls einbezogen werden&#8221;. Das Gleiche wurde fast wortw\u00f6rtlich von der Chefin der europ\u00e4ischen Diplomatie Kaja Kallas ausgedr\u00fcckt. Doch wenn Europa auf den Krieg setzt und diesen Krieg als einzige Option propagiert, ergibt es keinen Sinn, mit den Europ\u00e4ern \u00fcber eine Waffenruhe zu diskutieren.<\/p>\n<p><a><\/a> Viele in Europa hoffen ihrerseits, dass Trumps Plan, selbst wenn er offiziell vorgestellt werden sollte, keine Ergebnisse erzielen w\u00fcrde. Die polnische Zeitung <em>Rzeczpospolita<\/em> schreibt: &#8220;Die Ukraine kann nicht mit dem Gazastreifen gleichgesetzt werden\u00a0&#8230; Die Wahrscheinlichkeit eines Friedensabkommens zwischen Russland und der Ukraine ist gleich null.&#8221;<\/p>\n<p>&#8220;Selbst wenn Donald Trump alle denkbaren und undenkbaren Instrumente der USA einsetzen w\u00fcrde (und andere Machtzentren von seiner Idee \u00fcberzeugen k\u00f6nnte), w\u00fcrde dies bestenfalls zu einer Einfrierung des Krieges entlang der derzeitigen Frontlinie f\u00fchren.&#8221;<\/p>\n<p><a><\/a> Im Gegensatz zu den meisten europ\u00e4ischen Regierungsvertretern, die davon \u00fcberzeugt sind, dass es der Ukraine mit Waffen und finanzieller Unterst\u00fctzung gelingen k\u00f6nnte, Russland ernsthaften Schaden zuzuf\u00fcgen, ist man in Ungarn der Ansicht, dass &#8220;der Zeitfaktor nicht zugunsten der Ukraine wirkt&#8221;. Der ungarische Au\u00dfenminister P\u00e9ter Szijj\u00e1rt\u00f3 stellte klar, dass sein Land einen m\u00f6glichen Friedensplan unterst\u00fctzen werde.<\/p>\n<p>W\u00e4hrend europ\u00e4ische Politiker sich mit Panik und Verzweiflung \u00e4u\u00dfern und die US-Medien mit neuen, unbest\u00e4tigten &#8220;Leaks&#8221; \u00fcber Trumps Plan f\u00fcr die Ukraine \u00d6l ins Feuer gie\u00dfen, berichtet die russische Armee von neuen milit\u00e4rischen Erfolgen und demonstriert die offensichtliche \u00dcberlegenheit Russlands auf dem Schlachtfeld.<\/p>\n<p><em>\u00dcbersetzt aus dem <a rel=\"nofollow noopener\" target=\"_blank\" href=\"https:\/\/vz.ru\/world\/2025\/11\/20\/1375319.html\">Russischen<\/a>. Der Artikel ist am 20.\u00a0November 2025 zuerst auf der Homepage der Zeitung Wsgljad erschienen.<\/em><\/p>\n<p><strong>Mehr zum Thema<\/strong> &#8211;\u00a0<a rel=\"nofollow noopener\" target=\"_blank\" href=\"https:\/\/freedert.online\/international\/262469-ruestungsaktien-rutschen-ab-eu-bemueht\/\">Ukraine und EU-Staaten lehnen zentrale Punkte des US-Friedensplans ab <\/a><\/p>\n<\/p>\n<\/div>\n<p><br \/>\n<br \/><a href=\"https:\/\/de.rt.com\/europa\/262523-europa-versetzt-sich-durch-kapitulation-der-ukraine-selbst-in-angst-und-schrecken\/\">Source link <\/a><\/p>\n","protected":false},"excerpt":{"rendered":"<p>&#8220;Kapitulation&#8221;, &#8220;die Ukrainer werden im Gegenzug nichts erhalten&#8221;, &#8220;Verlust der europ\u00e4ischen Sicherheit&#8221;, &#8220;Geschenk an Moskau&#8221; \u2013 all dies sind Zitate aus den \u00e4u\u00dferst heftigen Reaktionen der europ\u00e4ischen Presse auf die Ger\u00fcchte \u00fcber einen angeblich neuen Friedensplan f\u00fcr den Ukraine-Konflikt. Obwohl dieser noch nicht offiziell bekannt gegeben wurde, sind die europ\u00e4ischen Verb\u00fcndeten von Wladimir Selenskij bereits [&hellip;]<\/p>\n","protected":false},"author":3,"featured_media":94460,"comment_status":"open","ping_status":"open","sticky":false,"template":"","format":"standard","meta":{"_yoast_indexnow_last_ping":["1763802139"],"wp_automatic_camp":["217"],"4b78bcc48dda6af2fb4a6119407a60d0":["Europa versetzt sich durch die &quot;Kapitulation&quot; der Ukraine selbst in Angst und Schrecken"],"original_link":["https:\/\/de.rt.com\/europa\/262523-europa-versetzt-sich-durch-kapitulation-der-ukraine-selbst-in-angst-und-schrecken\/"],"_thumbnail_id":["94460"],"jnews_social_counter_last_update":["1777188064"],"_wptgpro_p2tg_sent2tg":["a:1:{i:23737;s:19:\"2025-11-22 11:03:19\";}"]},"categories":[19,23],"tags":[6178,82,45,1024,1370,37241,33357,7618,434,127,140,9171],"yoast_head":"<!-- This site is optimized with the Yoast SEO Premium plugin v22.7 (Yoast SEO v22.7) - https:\/\/yoast.com\/wordpress\/plugins\/seo\/ -->\n<title>Europa versetzt sich durch die &quot;Kapitulation&quot; der Ukraine selbst in Angst und Schrecken - just-now.NEWS Deutschland<\/title>\n<meta name=\"robots\" content=\"index, follow, max-snippet:-1, max-image-preview:large, max-video-preview:-1\" \/>\n<link rel=\"canonical\" href=\"https:\/\/now-news.de\/de\/deutschland\/europa-versetzt-sich-durch-die-kapitulation-der-ukraine-selbst-in-angst-und-schrecken\/\" \/>\n<meta property=\"og:locale\" content=\"de_DE\" \/>\n<meta property=\"og:type\" content=\"article\" \/>\n<meta property=\"og:title\" content=\"Europa versetzt sich durch die &quot;Kapitulation&quot; der Ukraine selbst in Angst und Schrecken\" \/>\n<meta property=\"og:description\" content=\"&#8220;Kapitulation&#8221;, &#8220;die Ukrainer werden im Gegenzug nichts erhalten&#8221;, &#8220;Verlust der europ\u00e4ischen Sicherheit&#8221;, &#8220;Geschenk an Moskau&#8221; \u2013 all dies sind Zitate aus den \u00e4u\u00dferst heftigen Reaktionen der europ\u00e4ischen Presse auf die Ger\u00fcchte \u00fcber einen angeblich neuen Friedensplan f\u00fcr den Ukraine-Konflikt. Obwohl dieser noch nicht offiziell bekannt gegeben wurde, sind die europ\u00e4ischen Verb\u00fcndeten von Wladimir Selenskij bereits [&hellip;]\" \/>\n<meta property=\"og:url\" content=\"https:\/\/now-news.de\/de\/deutschland\/europa-versetzt-sich-durch-die-kapitulation-der-ukraine-selbst-in-angst-und-schrecken\/\" \/>\n<meta property=\"og:site_name\" content=\"just-now.NEWS Deutschland\" \/>\n<meta property=\"article:publisher\" content=\"https:\/\/www.facebook.com\/wirmachenauf\" \/>\n<meta property=\"article:published_time\" content=\"2025-11-22T08:56:35+00:00\" \/>\n<meta property=\"og:image\" content=\"https:\/\/now-news.de\/de\/wp-content\/uploads\/sites\/3\/2025\/11\/6920a7ff48fbef74a7403815.jpg\" \/>\n<meta name=\"author\" content=\"rtnews\" \/>\n<meta name=\"twitter:card\" content=\"summary_large_image\" \/>\n<meta name=\"twitter:creator\" content=\"@WirMachenAuf_de\" \/>\n<meta name=\"twitter:site\" content=\"@WirMachenAuf_de\" \/>\n<meta name=\"twitter:label1\" content=\"Verfasst von\" \/>\n\t<meta name=\"twitter:data1\" content=\"rtnews\" \/>\n\t<meta name=\"twitter:label2\" content=\"Gesch\u00e4tzte Lesezeit\" \/>\n\t<meta name=\"twitter:data2\" content=\"6\u00a0Minuten\" \/>\n<script type=\"application\/ld+json\" class=\"yoast-schema-graph\">{\"@context\":\"https:\/\/schema.org\",\"@graph\":[{\"@type\":\"Article\",\"@id\":\"https:\/\/now-news.de\/de\/deutschland\/europa-versetzt-sich-durch-die-kapitulation-der-ukraine-selbst-in-angst-und-schrecken\/#article\",\"isPartOf\":{\"@id\":\"https:\/\/now-news.de\/de\/deutschland\/europa-versetzt-sich-durch-die-kapitulation-der-ukraine-selbst-in-angst-und-schrecken\/\"},\"author\":{\"name\":\"rtnews\",\"@id\":\"https:\/\/now-news.de\/de\/#\/schema\/person\/fb534a4e865501d8b3285208df34a9b5\"},\"headline\":\"Europa versetzt sich durch die &quot;Kapitulation&quot; der Ukraine selbst in Angst und Schrecken\",\"datePublished\":\"2025-11-22T08:56:35+00:00\",\"dateModified\":\"2025-11-22T08:56:35+00:00\",\"mainEntityOfPage\":{\"@id\":\"https:\/\/now-news.de\/de\/deutschland\/europa-versetzt-sich-durch-die-kapitulation-der-ukraine-selbst-in-angst-und-schrecken\/\"},\"wordCount\":1272,\"commentCount\":0,\"publisher\":{\"@id\":\"https:\/\/now-news.de\/de\/#organization\"},\"image\":{\"@id\":\"https:\/\/now-news.de\/de\/deutschland\/europa-versetzt-sich-durch-die-kapitulation-der-ukraine-selbst-in-angst-und-schrecken\/#primaryimage\"},\"thumbnailUrl\":\"https:\/\/now-news.de\/de\/wp-content\/uploads\/sites\/3\/2025\/11\/Europa-versetzt-sich-durch-die-quotKapitulationquot-der-Ukraine-selbst-in.jpg\",\"keywords\":[\"Angst\",\"der\",\"die\",\"durch\",\"Europa\",\"quotKapitulationquot\",\"schrecken\",\"selbst\",\"sich\",\"ukraine\",\"und\",\"versetzt\"],\"articleSection\":[\"Deutschland\",\"Russland\"],\"inLanguage\":\"de\",\"potentialAction\":[{\"@type\":\"CommentAction\",\"name\":\"Comment\",\"target\":[\"https:\/\/now-news.de\/de\/deutschland\/europa-versetzt-sich-durch-die-kapitulation-der-ukraine-selbst-in-angst-und-schrecken\/#respond\"]}]},{\"@type\":\"WebPage\",\"@id\":\"https:\/\/now-news.de\/de\/deutschland\/europa-versetzt-sich-durch-die-kapitulation-der-ukraine-selbst-in-angst-und-schrecken\/\",\"url\":\"https:\/\/now-news.de\/de\/deutschland\/europa-versetzt-sich-durch-die-kapitulation-der-ukraine-selbst-in-angst-und-schrecken\/\",\"name\":\"Europa versetzt sich durch die &quot;Kapitulation&quot; der Ukraine selbst in Angst und Schrecken - just-now.NEWS Deutschland\",\"isPartOf\":{\"@id\":\"https:\/\/now-news.de\/de\/#website\"},\"primaryImageOfPage\":{\"@id\":\"https:\/\/now-news.de\/de\/deutschland\/europa-versetzt-sich-durch-die-kapitulation-der-ukraine-selbst-in-angst-und-schrecken\/#primaryimage\"},\"image\":{\"@id\":\"https:\/\/now-news.de\/de\/deutschland\/europa-versetzt-sich-durch-die-kapitulation-der-ukraine-selbst-in-angst-und-schrecken\/#primaryimage\"},\"thumbnailUrl\":\"https:\/\/now-news.de\/de\/wp-content\/uploads\/sites\/3\/2025\/11\/Europa-versetzt-sich-durch-die-quotKapitulationquot-der-Ukraine-selbst-in.jpg\",\"datePublished\":\"2025-11-22T08:56:35+00:00\",\"dateModified\":\"2025-11-22T08:56:35+00:00\",\"breadcrumb\":{\"@id\":\"https:\/\/now-news.de\/de\/deutschland\/europa-versetzt-sich-durch-die-kapitulation-der-ukraine-selbst-in-angst-und-schrecken\/#breadcrumb\"},\"inLanguage\":\"de\",\"potentialAction\":[{\"@type\":\"ReadAction\",\"target\":[\"https:\/\/now-news.de\/de\/deutschland\/europa-versetzt-sich-durch-die-kapitulation-der-ukraine-selbst-in-angst-und-schrecken\/\"]}]},{\"@type\":\"ImageObject\",\"inLanguage\":\"de\",\"@id\":\"https:\/\/now-news.de\/de\/deutschland\/europa-versetzt-sich-durch-die-kapitulation-der-ukraine-selbst-in-angst-und-schrecken\/#primaryimage\",\"url\":\"https:\/\/now-news.de\/de\/wp-content\/uploads\/sites\/3\/2025\/11\/Europa-versetzt-sich-durch-die-quotKapitulationquot-der-Ukraine-selbst-in.jpg\",\"contentUrl\":\"https:\/\/now-news.de\/de\/wp-content\/uploads\/sites\/3\/2025\/11\/Europa-versetzt-sich-durch-die-quotKapitulationquot-der-Ukraine-selbst-in.jpg\",\"width\":460,\"height\":259,\"caption\":\"Europa versetzt sich durch die &quot;Kapitulation&quot; der Ukraine selbst in Angst und Schrecken\"},{\"@type\":\"BreadcrumbList\",\"@id\":\"https:\/\/now-news.de\/de\/deutschland\/europa-versetzt-sich-durch-die-kapitulation-der-ukraine-selbst-in-angst-und-schrecken\/#breadcrumb\",\"itemListElement\":[{\"@type\":\"ListItem\",\"position\":1,\"name\":\"Home\",\"item\":\"https:\/\/now-news.de\/de\/\"},{\"@type\":\"ListItem\",\"position\":2,\"name\":\"Europa versetzt sich durch die &quot;Kapitulation&quot; der Ukraine selbst in Angst und Schrecken\"}]},{\"@type\":\"WebSite\",\"@id\":\"https:\/\/now-news.de\/de\/#website\",\"url\":\"https:\/\/now-news.de\/de\/\",\"name\":\"just-now.NEWS Deutschland\",\"description\":\"Das Portal f\u00fcr unzensierte Nachrichten aus der Welt\",\"publisher\":{\"@id\":\"https:\/\/now-news.de\/de\/#organization\"},\"potentialAction\":[{\"@type\":\"SearchAction\",\"target\":{\"@type\":\"EntryPoint\",\"urlTemplate\":\"https:\/\/now-news.de\/de\/?s={search_term_string}\"},\"query-input\":\"required name=search_term_string\"}],\"inLanguage\":\"de\"},{\"@type\":\"Organization\",\"@id\":\"https:\/\/now-news.de\/de\/#organization\",\"name\":\"Just Now News\",\"url\":\"https:\/\/now-news.de\/de\/\",\"logo\":{\"@type\":\"ImageObject\",\"inLanguage\":\"de\",\"@id\":\"https:\/\/now-news.de\/de\/#\/schema\/logo\/image\/\",\"url\":\"http:\/\/just-now.news\/de\/wp-content\/uploads\/sites\/3\/2022\/04\/logo500x500.jpg\",\"contentUrl\":\"http:\/\/just-now.news\/de\/wp-content\/uploads\/sites\/3\/2022\/04\/logo500x500.jpg\",\"width\":500,\"height\":500,\"caption\":\"Just Now News\"},\"image\":{\"@id\":\"https:\/\/now-news.de\/de\/#\/schema\/logo\/image\/\"},\"sameAs\":[\"https:\/\/www.facebook.com\/wirmachenauf\",\"https:\/\/x.com\/WirMachenAuf_de\"]},{\"@type\":\"Person\",\"@id\":\"https:\/\/now-news.de\/de\/#\/schema\/person\/fb534a4e865501d8b3285208df34a9b5\",\"name\":\"rtnews\",\"image\":{\"@type\":\"ImageObject\",\"inLanguage\":\"de\",\"@id\":\"https:\/\/now-news.de\/de\/#\/schema\/person\/image\/\",\"url\":\"https:\/\/secure.gravatar.com\/avatar\/82aafea7d8127119dd649515f56e2117?s=96&d=mm&r=g\",\"contentUrl\":\"https:\/\/secure.gravatar.com\/avatar\/82aafea7d8127119dd649515f56e2117?s=96&d=mm&r=g\",\"caption\":\"rtnews\"},\"url\":\"https:\/\/now-news.de\/de\/author\/rnews\/\"}]}<\/script>\n<!-- \/ Yoast SEO Premium plugin. -->","yoast_head_json":{"title":"Europa versetzt sich durch die &quot;Kapitulation&quot; der Ukraine selbst in Angst und Schrecken - just-now.NEWS Deutschland","robots":{"index":"index","follow":"follow","max-snippet":"max-snippet:-1","max-image-preview":"max-image-preview:large","max-video-preview":"max-video-preview:-1"},"canonical":"https:\/\/now-news.de\/de\/deutschland\/europa-versetzt-sich-durch-die-kapitulation-der-ukraine-selbst-in-angst-und-schrecken\/","og_locale":"de_DE","og_type":"article","og_title":"Europa versetzt sich durch die &quot;Kapitulation&quot; der Ukraine selbst in Angst und Schrecken","og_description":"&#8220;Kapitulation&#8221;, &#8220;die Ukrainer werden im Gegenzug nichts erhalten&#8221;, &#8220;Verlust der europ\u00e4ischen Sicherheit&#8221;, &#8220;Geschenk an Moskau&#8221; \u2013 all dies sind Zitate aus den \u00e4u\u00dferst heftigen Reaktionen der europ\u00e4ischen Presse auf die Ger\u00fcchte \u00fcber einen angeblich neuen Friedensplan f\u00fcr den Ukraine-Konflikt. Obwohl dieser noch nicht offiziell bekannt gegeben wurde, sind die europ\u00e4ischen Verb\u00fcndeten von Wladimir Selenskij bereits [&hellip;]","og_url":"https:\/\/now-news.de\/de\/deutschland\/europa-versetzt-sich-durch-die-kapitulation-der-ukraine-selbst-in-angst-und-schrecken\/","og_site_name":"just-now.NEWS Deutschland","article_publisher":"https:\/\/www.facebook.com\/wirmachenauf","article_published_time":"2025-11-22T08:56:35+00:00","og_image":[{"url":"https:\/\/now-news.de\/de\/wp-content\/uploads\/sites\/3\/2025\/11\/6920a7ff48fbef74a7403815.jpg"}],"author":"rtnews","twitter_card":"summary_large_image","twitter_creator":"@WirMachenAuf_de","twitter_site":"@WirMachenAuf_de","twitter_misc":{"Verfasst von":"rtnews","Gesch\u00e4tzte Lesezeit":"6\u00a0Minuten"},"schema":{"@context":"https:\/\/schema.org","@graph":[{"@type":"Article","@id":"https:\/\/now-news.de\/de\/deutschland\/europa-versetzt-sich-durch-die-kapitulation-der-ukraine-selbst-in-angst-und-schrecken\/#article","isPartOf":{"@id":"https:\/\/now-news.de\/de\/deutschland\/europa-versetzt-sich-durch-die-kapitulation-der-ukraine-selbst-in-angst-und-schrecken\/"},"author":{"name":"rtnews","@id":"https:\/\/now-news.de\/de\/#\/schema\/person\/fb534a4e865501d8b3285208df34a9b5"},"headline":"Europa versetzt sich durch die &quot;Kapitulation&quot; der Ukraine selbst in Angst und Schrecken","datePublished":"2025-11-22T08:56:35+00:00","dateModified":"2025-11-22T08:56:35+00:00","mainEntityOfPage":{"@id":"https:\/\/now-news.de\/de\/deutschland\/europa-versetzt-sich-durch-die-kapitulation-der-ukraine-selbst-in-angst-und-schrecken\/"},"wordCount":1272,"commentCount":0,"publisher":{"@id":"https:\/\/now-news.de\/de\/#organization"},"image":{"@id":"https:\/\/now-news.de\/de\/deutschland\/europa-versetzt-sich-durch-die-kapitulation-der-ukraine-selbst-in-angst-und-schrecken\/#primaryimage"},"thumbnailUrl":"https:\/\/now-news.de\/de\/wp-content\/uploads\/sites\/3\/2025\/11\/Europa-versetzt-sich-durch-die-quotKapitulationquot-der-Ukraine-selbst-in.jpg","keywords":["Angst","der","die","durch","Europa","quotKapitulationquot","schrecken","selbst","sich","ukraine","und","versetzt"],"articleSection":["Deutschland","Russland"],"inLanguage":"de","potentialAction":[{"@type":"CommentAction","name":"Comment","target":["https:\/\/now-news.de\/de\/deutschland\/europa-versetzt-sich-durch-die-kapitulation-der-ukraine-selbst-in-angst-und-schrecken\/#respond"]}]},{"@type":"WebPage","@id":"https:\/\/now-news.de\/de\/deutschland\/europa-versetzt-sich-durch-die-kapitulation-der-ukraine-selbst-in-angst-und-schrecken\/","url":"https:\/\/now-news.de\/de\/deutschland\/europa-versetzt-sich-durch-die-kapitulation-der-ukraine-selbst-in-angst-und-schrecken\/","name":"Europa versetzt sich durch die &quot;Kapitulation&quot; der Ukraine selbst in Angst und Schrecken - just-now.NEWS Deutschland","isPartOf":{"@id":"https:\/\/now-news.de\/de\/#website"},"primaryImageOfPage":{"@id":"https:\/\/now-news.de\/de\/deutschland\/europa-versetzt-sich-durch-die-kapitulation-der-ukraine-selbst-in-angst-und-schrecken\/#primaryimage"},"image":{"@id":"https:\/\/now-news.de\/de\/deutschland\/europa-versetzt-sich-durch-die-kapitulation-der-ukraine-selbst-in-angst-und-schrecken\/#primaryimage"},"thumbnailUrl":"https:\/\/now-news.de\/de\/wp-content\/uploads\/sites\/3\/2025\/11\/Europa-versetzt-sich-durch-die-quotKapitulationquot-der-Ukraine-selbst-in.jpg","datePublished":"2025-11-22T08:56:35+00:00","dateModified":"2025-11-22T08:56:35+00:00","breadcrumb":{"@id":"https:\/\/now-news.de\/de\/deutschland\/europa-versetzt-sich-durch-die-kapitulation-der-ukraine-selbst-in-angst-und-schrecken\/#breadcrumb"},"inLanguage":"de","potentialAction":[{"@type":"ReadAction","target":["https:\/\/now-news.de\/de\/deutschland\/europa-versetzt-sich-durch-die-kapitulation-der-ukraine-selbst-in-angst-und-schrecken\/"]}]},{"@type":"ImageObject","inLanguage":"de","@id":"https:\/\/now-news.de\/de\/deutschland\/europa-versetzt-sich-durch-die-kapitulation-der-ukraine-selbst-in-angst-und-schrecken\/#primaryimage","url":"https:\/\/now-news.de\/de\/wp-content\/uploads\/sites\/3\/2025\/11\/Europa-versetzt-sich-durch-die-quotKapitulationquot-der-Ukraine-selbst-in.jpg","contentUrl":"https:\/\/now-news.de\/de\/wp-content\/uploads\/sites\/3\/2025\/11\/Europa-versetzt-sich-durch-die-quotKapitulationquot-der-Ukraine-selbst-in.jpg","width":460,"height":259,"caption":"Europa versetzt sich durch die &quot;Kapitulation&quot; der Ukraine selbst in Angst und Schrecken"},{"@type":"BreadcrumbList","@id":"https:\/\/now-news.de\/de\/deutschland\/europa-versetzt-sich-durch-die-kapitulation-der-ukraine-selbst-in-angst-und-schrecken\/#breadcrumb","itemListElement":[{"@type":"ListItem","position":1,"name":"Home","item":"https:\/\/now-news.de\/de\/"},{"@type":"ListItem","position":2,"name":"Europa versetzt sich durch die &quot;Kapitulation&quot; der Ukraine selbst in Angst und Schrecken"}]},{"@type":"WebSite","@id":"https:\/\/now-news.de\/de\/#website","url":"https:\/\/now-news.de\/de\/","name":"just-now.NEWS Deutschland","description":"Das Portal f\u00fcr unzensierte Nachrichten aus der Welt","publisher":{"@id":"https:\/\/now-news.de\/de\/#organization"},"potentialAction":[{"@type":"SearchAction","target":{"@type":"EntryPoint","urlTemplate":"https:\/\/now-news.de\/de\/?s={search_term_string}"},"query-input":"required name=search_term_string"}],"inLanguage":"de"},{"@type":"Organization","@id":"https:\/\/now-news.de\/de\/#organization","name":"Just Now News","url":"https:\/\/now-news.de\/de\/","logo":{"@type":"ImageObject","inLanguage":"de","@id":"https:\/\/now-news.de\/de\/#\/schema\/logo\/image\/","url":"http:\/\/just-now.news\/de\/wp-content\/uploads\/sites\/3\/2022\/04\/logo500x500.jpg","contentUrl":"http:\/\/just-now.news\/de\/wp-content\/uploads\/sites\/3\/2022\/04\/logo500x500.jpg","width":500,"height":500,"caption":"Just Now News"},"image":{"@id":"https:\/\/now-news.de\/de\/#\/schema\/logo\/image\/"},"sameAs":["https:\/\/www.facebook.com\/wirmachenauf","https:\/\/x.com\/WirMachenAuf_de"]},{"@type":"Person","@id":"https:\/\/now-news.de\/de\/#\/schema\/person\/fb534a4e865501d8b3285208df34a9b5","name":"rtnews","image":{"@type":"ImageObject","inLanguage":"de","@id":"https:\/\/now-news.de\/de\/#\/schema\/person\/image\/","url":"https:\/\/secure.gravatar.com\/avatar\/82aafea7d8127119dd649515f56e2117?s=96&d=mm&r=g","contentUrl":"https:\/\/secure.gravatar.com\/avatar\/82aafea7d8127119dd649515f56e2117?s=96&d=mm&r=g","caption":"rtnews"},"url":"https:\/\/now-news.de\/de\/author\/rnews\/"}]}},"_links":{"self":[{"href":"https:\/\/now-news.de\/de\/wp-json\/wp\/v2\/posts\/94459"}],"collection":[{"href":"https:\/\/now-news.de\/de\/wp-json\/wp\/v2\/posts"}],"about":[{"href":"https:\/\/now-news.de\/de\/wp-json\/wp\/v2\/types\/post"}],"author":[{"embeddable":true,"href":"https:\/\/now-news.de\/de\/wp-json\/wp\/v2\/users\/3"}],"replies":[{"embeddable":true,"href":"https:\/\/now-news.de\/de\/wp-json\/wp\/v2\/comments?post=94459"}],"version-history":[{"count":0,"href":"https:\/\/now-news.de\/de\/wp-json\/wp\/v2\/posts\/94459\/revisions"}],"wp:featuredmedia":[{"embeddable":true,"href":"https:\/\/now-news.de\/de\/wp-json\/wp\/v2\/media\/94460"}],"wp:attachment":[{"href":"https:\/\/now-news.de\/de\/wp-json\/wp\/v2\/media?parent=94459"}],"wp:term":[{"taxonomy":"category","embeddable":true,"href":"https:\/\/now-news.de\/de\/wp-json\/wp\/v2\/categories?post=94459"},{"taxonomy":"post_tag","embeddable":true,"href":"https:\/\/now-news.de\/de\/wp-json\/wp\/v2\/tags?post=94459"}],"curies":[{"name":"wp","href":"https:\/\/api.w.org\/{rel}","templated":true}]}}