{"id":94421,"date":"2025-11-21T15:21:32","date_gmt":"2025-11-21T13:21:32","guid":{"rendered":"https:\/\/now-news.de\/de\/deutschland\/ukraine-und-eu-staaten-lehnen-zentrale-punkte-des-us-friedensplans-ab\/"},"modified":"2025-11-21T15:21:32","modified_gmt":"2025-11-21T13:21:32","slug":"ukraine-und-eu-staaten-lehnen-zentrale-punkte-des-us-friedensplans-ab","status":"publish","type":"post","link":"https:\/\/now-news.de\/de\/deutschland\/ukraine-und-eu-staaten-lehnen-zentrale-punkte-des-us-friedensplans-ab\/","title":{"rendered":"Ukraine und EU-Staaten lehnen zentrale Punkte des US-Friedensplans ab"},"content":{"rendered":"<p><img decoding=\"async\" src=\"https:\/\/now-news.de\/de\/wp-content\/uploads\/sites\/3\/2024\/05\/breaking3.jpg\" \/><\/p>\n<div class=\"Text-root Text-type_1 \">\n                Die EU-Staaten haben dem US-Friedensplan eine Absage erteilt: Die derzeitige Kontaktlinie zwischen den Truppen beider Seiten m\u00fcsse Ausgangspunkt einer Verst\u00e4ndigung sein. Zudem m\u00fcsse die Ukraine in der Lage sein, ihre Souver\u00e4nit\u00e4t &#8220;wirkungsvoll&#8221; zu verteidigen. Diese beiden Punkte werden durch den von den USA vorgelegten Friedensplan in Frage gestellt.\n            <\/div>\n<p><\/p>\n<div class=\"Text-root Text-type_5 ArticleView-text ViewText-root \">\n<p>Die wichtigsten europ\u00e4ischen Verb\u00fcndeten Kiews schlossen sich Wolodymyr Selenskyj an und lehnten zentrale Elemente des US-Friedensplan zur Beendigung des Krieges in der Ukraine ab, berichtete Bloomberg am Freitagmittag.<\/p>\n<p>Der deutsche Bundeskanzler Friedrich Merz, Frankreichs Emmanuel Macron und Keir Starmer aus Gro\u00dfbritannien einigten sich am Freitag in einem Telefonat mit Selenskyj darauf, dass die ukrainischen Streitkr\u00e4fte weiterhin in der Lage sein m\u00fcssen, ihre Souver\u00e4nit\u00e4t zu verteidigen, und dass die derzeitige Kontaktlinie der Ausgangspunkt f\u00fcr alle Friedensgespr\u00e4che sein sollte, wie aus einer Erkl\u00e4rung der deutschen Regierung hervorgeht.<\/p>\n<p>Diese beiden Punkte werden durch den von den USA vorgelegten\u00a0Friedensplan in Frage gestellt. Zum einen wird darin verlangt, dass die Regionen Donezk und Luhansk ebenso wie die Halbinsel Krim &#8220;de facto als russisch anerkannt werden&#8221;; zudem soll sich die ukrainische Armee aus dem von ihr kontrollierten Teil der Region Donezk zur\u00fcckziehen, also von der aktuellen Kontaktlinie zur\u00fcckweichen.<\/p>\n<p>Wie die <em>Financial Times<\/em>\u00a0zuvor berichtete, bem\u00fchten sich die europ\u00e4ischen Hauptst\u00e4dte um eine koordinierte Reaktion auf einen Friedensplan der USA und Russlands zur Beendigung des Krieges in der Ukraine. Laut Warnungen von Regierungsvertretern w\u00fcrde dieser Plan eine &#8220;Kapitulation&#8221; Kiews vor den Forderungen Moskaus bedeuten.<\/p>\n<p>Washington dr\u00e4ngt die Ukraine, einen 28-Punkte-Friedensplan zu akzeptieren, der von Beratern des US-Pr\u00e4sidenten Donald Trump und des russischen Pr\u00e4sidenten Wladimir Putin ausgearbeitet worden sein soll. Er enth\u00e4lt weitere wichtige Zugest\u00e4ndnisse an Moskau, darunter das Verbot einer k\u00fcnftigen NATO-Mitgliedschaft der Ukraine.<\/p>\n<p>Der Plan und das Ausma\u00df des Drucks der USA auf die Ukraine\u00a0hatten die europ\u00e4ischen Staats- und Regierungschefs sowie ihre nationalen Sicherheitsteams \u00fcberrascht.\u00a0<\/p>\n<p>Drei hochrangige europ\u00e4ische Beamte sagten, sie seien sich noch immer nicht sicher, ob Trump den Plan vollst\u00e4ndig unterst\u00fctze oder ob es innerhalb seiner Regierung interne Meinungsverschiedenheiten gebe.<\/p>\n<p>Die Bem\u00fchungen der europ\u00e4ischen Staaten, den Vorschlag der USA und Russlands zu verz\u00f6gern oder zu blockieren, wurden im Grunde dadurch erschwert, dass die Staats- und Regierungschefs Frankreichs, Deutschlands, Italiens und Gro\u00dfbritanniens an diesem Wochenende zum G20-Gipfel nach S\u00fcdafrika gereist sind.<\/p>\n<p>Die US-Botschaft in Kiew hatte die europ\u00e4ischen Gesandten in der ukrainischen Hauptstadt zu einer Besprechung \u00fcber den Plan am Freitagnachmittag mit dem US-Heeresminister\u00a0Daniel Driscoll einberufen. Driscoll traf sich am Donnerstag mit dem ukrainischen Pr\u00e4sidenten Wolodymyr Selenskyj, um den Vorschlag vorzustellen.<\/p>\n<p>Die Vereinigten Staaten haben zuvor damit gedroht, den Austausch von Geheimdienstinformationen und Waffenlieferungen an die Ukraine einzustellen, um sie dazu zu bewegen, dem Rahmen eines von den USA vermittelten Friedensabkommens zuzustimmen.<\/p>\n<p><strong>Mehr zum Thema<\/strong> &#8211; <a rel=\"nofollow noopener\" target=\"_blank\" href=\"https:\/\/freedert.online\/international\/262362-ukraine-krieg-kanzleramtschef-nennt-berichte\/\">Erste Reaktionen in Berlin auf US-Friedensplan f\u00fcr Ukraine: &#8220;Verst\u00f6rend&#8221;, &#8220;komplette Kapitulation&#8221;<\/a><\/p>\n<div class=\"EmbedBlock-root EmbedBlock-externalVideo EmbedBlock-rumble\">\n<div class=\"VkEmbed\"><iframe class=\"lazyload\" data-src=\"https:\/\/rumble.com\/embed\/v6zunvu\" frameborder=\"0\" width=\"853\" height=\"480\" allowfullscreen><\/iframe><\/div>\n<\/div>\n<\/div>\n<p><br \/>\n<br \/><a href=\"https:\/\/de.rt.com\/international\/262469-ruestungsaktien-rutschen-ab-eu-bemueht\/\">Source link <\/a><\/p>\n","protected":false},"excerpt":{"rendered":"<p>Die EU-Staaten haben dem US-Friedensplan eine Absage erteilt: Die derzeitige Kontaktlinie zwischen den Truppen beider Seiten m\u00fcsse Ausgangspunkt einer Verst\u00e4ndigung sein. Zudem m\u00fcsse die Ukraine in der Lage sein, ihre Souver\u00e4nit\u00e4t &#8220;wirkungsvoll&#8221; zu verteidigen. Diese beiden Punkte werden durch den von den USA vorgelegten Friedensplan in Frage gestellt. Die wichtigsten europ\u00e4ischen Verb\u00fcndeten Kiews schlossen sich [&hellip;]<\/p>\n","protected":false},"author":3,"featured_media":58637,"comment_status":"open","ping_status":"open","sticky":false,"template":"","format":"standard","meta":{"_yoast_indexnow_last_ping":["1763731875"],"wp_automatic_camp":["217"],"a0cee14a52ffebe99538927cf6aef69a":["Ukraine und EU-Staaten lehnen zentrale Punkte des US-Friedensplans ab"],"original_link":["https:\/\/de.rt.com\/international\/262469-ruestungsaktien-rutschen-ab-eu-bemueht\/"],"_thumbnail_id":["58637"],"jnews_social_counter_last_update":["1777206575"],"_wptgpro_p2tg_sent2tg":["a:1:{i:23737;s:19:\"2025-11-21 15:32:13\";}"]},"categories":[19,23],"tags":[583,35288,19043,7663,127,140,69322,20250],"yoast_head":"<!-- This site is optimized with the Yoast SEO Premium plugin v22.7 (Yoast SEO v22.7) - https:\/\/yoast.com\/wordpress\/plugins\/seo\/ -->\n<title>Ukraine und EU-Staaten lehnen zentrale Punkte des US-Friedensplans ab - just-now.NEWS Deutschland<\/title>\n<meta name=\"robots\" content=\"index, follow, max-snippet:-1, max-image-preview:large, max-video-preview:-1\" \/>\n<link rel=\"canonical\" href=\"https:\/\/now-news.de\/de\/deutschland\/ukraine-und-eu-staaten-lehnen-zentrale-punkte-des-us-friedensplans-ab\/\" \/>\n<meta property=\"og:locale\" content=\"de_DE\" \/>\n<meta property=\"og:type\" content=\"article\" \/>\n<meta property=\"og:title\" content=\"Ukraine und EU-Staaten lehnen zentrale Punkte des US-Friedensplans ab\" \/>\n<meta property=\"og:description\" content=\"Die EU-Staaten haben dem US-Friedensplan eine Absage erteilt: Die derzeitige Kontaktlinie zwischen den Truppen beider Seiten m\u00fcsse Ausgangspunkt einer Verst\u00e4ndigung sein. Zudem m\u00fcsse die Ukraine in der Lage sein, ihre Souver\u00e4nit\u00e4t &#8220;wirkungsvoll&#8221; zu verteidigen. Diese beiden Punkte werden durch den von den USA vorgelegten Friedensplan in Frage gestellt. Die wichtigsten europ\u00e4ischen Verb\u00fcndeten Kiews schlossen sich [&hellip;]\" \/>\n<meta property=\"og:url\" content=\"https:\/\/now-news.de\/de\/deutschland\/ukraine-und-eu-staaten-lehnen-zentrale-punkte-des-us-friedensplans-ab\/\" \/>\n<meta property=\"og:site_name\" content=\"just-now.NEWS Deutschland\" \/>\n<meta property=\"article:publisher\" content=\"https:\/\/www.facebook.com\/wirmachenauf\" \/>\n<meta property=\"article:published_time\" content=\"2025-11-21T13:21:32+00:00\" \/>\n<meta property=\"og:image\" content=\"https:\/\/now-news.de\/de\/wp-content\/uploads\/sites\/3\/2024\/05\/breaking3.jpg\" \/>\n<meta name=\"author\" content=\"rtnews\" \/>\n<meta name=\"twitter:card\" content=\"summary_large_image\" \/>\n<meta name=\"twitter:creator\" content=\"@WirMachenAuf_de\" \/>\n<meta name=\"twitter:site\" content=\"@WirMachenAuf_de\" \/>\n<meta name=\"twitter:label1\" content=\"Verfasst von\" \/>\n\t<meta name=\"twitter:data1\" content=\"rtnews\" \/>\n\t<meta name=\"twitter:label2\" content=\"Gesch\u00e4tzte Lesezeit\" \/>\n\t<meta name=\"twitter:data2\" content=\"2\u00a0Minuten\" \/>\n<script type=\"application\/ld+json\" class=\"yoast-schema-graph\">{\"@context\":\"https:\/\/schema.org\",\"@graph\":[{\"@type\":\"Article\",\"@id\":\"https:\/\/now-news.de\/de\/deutschland\/ukraine-und-eu-staaten-lehnen-zentrale-punkte-des-us-friedensplans-ab\/#article\",\"isPartOf\":{\"@id\":\"https:\/\/now-news.de\/de\/deutschland\/ukraine-und-eu-staaten-lehnen-zentrale-punkte-des-us-friedensplans-ab\/\"},\"author\":{\"name\":\"rtnews\",\"@id\":\"https:\/\/now-news.de\/de\/#\/schema\/person\/fb534a4e865501d8b3285208df34a9b5\"},\"headline\":\"Ukraine und EU-Staaten lehnen zentrale Punkte des US-Friedensplans ab\",\"datePublished\":\"2025-11-21T13:21:32+00:00\",\"dateModified\":\"2025-11-21T13:21:32+00:00\",\"mainEntityOfPage\":{\"@id\":\"https:\/\/now-news.de\/de\/deutschland\/ukraine-und-eu-staaten-lehnen-zentrale-punkte-des-us-friedensplans-ab\/\"},\"wordCount\":505,\"commentCount\":0,\"publisher\":{\"@id\":\"https:\/\/now-news.de\/de\/#organization\"},\"image\":{\"@id\":\"https:\/\/now-news.de\/de\/deutschland\/ukraine-und-eu-staaten-lehnen-zentrale-punkte-des-us-friedensplans-ab\/#primaryimage\"},\"thumbnailUrl\":\"https:\/\/now-news.de\/de\/wp-content\/uploads\/sites\/3\/2024\/05\/China-beginnt-mit-Umzingelungsuebungen-rund-um-Taiwan.jpg\",\"keywords\":[\"des\",\"EUStaaten\",\"lehnen\",\"Punkte\",\"ukraine\",\"und\",\"USFriedensplans\",\"Zentrale\"],\"articleSection\":[\"Deutschland\",\"Russland\"],\"inLanguage\":\"de\",\"potentialAction\":[{\"@type\":\"CommentAction\",\"name\":\"Comment\",\"target\":[\"https:\/\/now-news.de\/de\/deutschland\/ukraine-und-eu-staaten-lehnen-zentrale-punkte-des-us-friedensplans-ab\/#respond\"]}]},{\"@type\":\"WebPage\",\"@id\":\"https:\/\/now-news.de\/de\/deutschland\/ukraine-und-eu-staaten-lehnen-zentrale-punkte-des-us-friedensplans-ab\/\",\"url\":\"https:\/\/now-news.de\/de\/deutschland\/ukraine-und-eu-staaten-lehnen-zentrale-punkte-des-us-friedensplans-ab\/\",\"name\":\"Ukraine und EU-Staaten lehnen zentrale Punkte des US-Friedensplans ab - just-now.NEWS Deutschland\",\"isPartOf\":{\"@id\":\"https:\/\/now-news.de\/de\/#website\"},\"primaryImageOfPage\":{\"@id\":\"https:\/\/now-news.de\/de\/deutschland\/ukraine-und-eu-staaten-lehnen-zentrale-punkte-des-us-friedensplans-ab\/#primaryimage\"},\"image\":{\"@id\":\"https:\/\/now-news.de\/de\/deutschland\/ukraine-und-eu-staaten-lehnen-zentrale-punkte-des-us-friedensplans-ab\/#primaryimage\"},\"thumbnailUrl\":\"https:\/\/now-news.de\/de\/wp-content\/uploads\/sites\/3\/2024\/05\/China-beginnt-mit-Umzingelungsuebungen-rund-um-Taiwan.jpg\",\"datePublished\":\"2025-11-21T13:21:32+00:00\",\"dateModified\":\"2025-11-21T13:21:32+00:00\",\"breadcrumb\":{\"@id\":\"https:\/\/now-news.de\/de\/deutschland\/ukraine-und-eu-staaten-lehnen-zentrale-punkte-des-us-friedensplans-ab\/#breadcrumb\"},\"inLanguage\":\"de\",\"potentialAction\":[{\"@type\":\"ReadAction\",\"target\":[\"https:\/\/now-news.de\/de\/deutschland\/ukraine-und-eu-staaten-lehnen-zentrale-punkte-des-us-friedensplans-ab\/\"]}]},{\"@type\":\"ImageObject\",\"inLanguage\":\"de\",\"@id\":\"https:\/\/now-news.de\/de\/deutschland\/ukraine-und-eu-staaten-lehnen-zentrale-punkte-des-us-friedensplans-ab\/#primaryimage\",\"url\":\"https:\/\/now-news.de\/de\/wp-content\/uploads\/sites\/3\/2024\/05\/China-beginnt-mit-Umzingelungsuebungen-rund-um-Taiwan.jpg\",\"contentUrl\":\"https:\/\/now-news.de\/de\/wp-content\/uploads\/sites\/3\/2024\/05\/China-beginnt-mit-Umzingelungsuebungen-rund-um-Taiwan.jpg\",\"width\":460,\"height\":259,\"caption\":\"China beginnt mit Umzingelungs\u00fcbungen rund um Taiwan\"},{\"@type\":\"BreadcrumbList\",\"@id\":\"https:\/\/now-news.de\/de\/deutschland\/ukraine-und-eu-staaten-lehnen-zentrale-punkte-des-us-friedensplans-ab\/#breadcrumb\",\"itemListElement\":[{\"@type\":\"ListItem\",\"position\":1,\"name\":\"Home\",\"item\":\"https:\/\/now-news.de\/de\/\"},{\"@type\":\"ListItem\",\"position\":2,\"name\":\"Ukraine und EU-Staaten lehnen zentrale Punkte des US-Friedensplans ab\"}]},{\"@type\":\"WebSite\",\"@id\":\"https:\/\/now-news.de\/de\/#website\",\"url\":\"https:\/\/now-news.de\/de\/\",\"name\":\"just-now.NEWS Deutschland\",\"description\":\"Das Portal f\u00fcr unzensierte Nachrichten aus der Welt\",\"publisher\":{\"@id\":\"https:\/\/now-news.de\/de\/#organization\"},\"potentialAction\":[{\"@type\":\"SearchAction\",\"target\":{\"@type\":\"EntryPoint\",\"urlTemplate\":\"https:\/\/now-news.de\/de\/?s={search_term_string}\"},\"query-input\":\"required name=search_term_string\"}],\"inLanguage\":\"de\"},{\"@type\":\"Organization\",\"@id\":\"https:\/\/now-news.de\/de\/#organization\",\"name\":\"Just Now News\",\"url\":\"https:\/\/now-news.de\/de\/\",\"logo\":{\"@type\":\"ImageObject\",\"inLanguage\":\"de\",\"@id\":\"https:\/\/now-news.de\/de\/#\/schema\/logo\/image\/\",\"url\":\"http:\/\/just-now.news\/de\/wp-content\/uploads\/sites\/3\/2022\/04\/logo500x500.jpg\",\"contentUrl\":\"http:\/\/just-now.news\/de\/wp-content\/uploads\/sites\/3\/2022\/04\/logo500x500.jpg\",\"width\":500,\"height\":500,\"caption\":\"Just Now News\"},\"image\":{\"@id\":\"https:\/\/now-news.de\/de\/#\/schema\/logo\/image\/\"},\"sameAs\":[\"https:\/\/www.facebook.com\/wirmachenauf\",\"https:\/\/x.com\/WirMachenAuf_de\"]},{\"@type\":\"Person\",\"@id\":\"https:\/\/now-news.de\/de\/#\/schema\/person\/fb534a4e865501d8b3285208df34a9b5\",\"name\":\"rtnews\",\"image\":{\"@type\":\"ImageObject\",\"inLanguage\":\"de\",\"@id\":\"https:\/\/now-news.de\/de\/#\/schema\/person\/image\/\",\"url\":\"https:\/\/secure.gravatar.com\/avatar\/82aafea7d8127119dd649515f56e2117?s=96&d=mm&r=g\",\"contentUrl\":\"https:\/\/secure.gravatar.com\/avatar\/82aafea7d8127119dd649515f56e2117?s=96&d=mm&r=g\",\"caption\":\"rtnews\"},\"url\":\"https:\/\/now-news.de\/de\/author\/rnews\/\"}]}<\/script>\n<!-- \/ Yoast SEO Premium plugin. -->","yoast_head_json":{"title":"Ukraine und EU-Staaten lehnen zentrale Punkte des US-Friedensplans ab - just-now.NEWS Deutschland","robots":{"index":"index","follow":"follow","max-snippet":"max-snippet:-1","max-image-preview":"max-image-preview:large","max-video-preview":"max-video-preview:-1"},"canonical":"https:\/\/now-news.de\/de\/deutschland\/ukraine-und-eu-staaten-lehnen-zentrale-punkte-des-us-friedensplans-ab\/","og_locale":"de_DE","og_type":"article","og_title":"Ukraine und EU-Staaten lehnen zentrale Punkte des US-Friedensplans ab","og_description":"Die EU-Staaten haben dem US-Friedensplan eine Absage erteilt: Die derzeitige Kontaktlinie zwischen den Truppen beider Seiten m\u00fcsse Ausgangspunkt einer Verst\u00e4ndigung sein. Zudem m\u00fcsse die Ukraine in der Lage sein, ihre Souver\u00e4nit\u00e4t &#8220;wirkungsvoll&#8221; zu verteidigen. Diese beiden Punkte werden durch den von den USA vorgelegten Friedensplan in Frage gestellt. Die wichtigsten europ\u00e4ischen Verb\u00fcndeten Kiews schlossen sich [&hellip;]","og_url":"https:\/\/now-news.de\/de\/deutschland\/ukraine-und-eu-staaten-lehnen-zentrale-punkte-des-us-friedensplans-ab\/","og_site_name":"just-now.NEWS Deutschland","article_publisher":"https:\/\/www.facebook.com\/wirmachenauf","article_published_time":"2025-11-21T13:21:32+00:00","og_image":[{"url":"https:\/\/now-news.de\/de\/wp-content\/uploads\/sites\/3\/2024\/05\/breaking3.jpg"}],"author":"rtnews","twitter_card":"summary_large_image","twitter_creator":"@WirMachenAuf_de","twitter_site":"@WirMachenAuf_de","twitter_misc":{"Verfasst von":"rtnews","Gesch\u00e4tzte Lesezeit":"2\u00a0Minuten"},"schema":{"@context":"https:\/\/schema.org","@graph":[{"@type":"Article","@id":"https:\/\/now-news.de\/de\/deutschland\/ukraine-und-eu-staaten-lehnen-zentrale-punkte-des-us-friedensplans-ab\/#article","isPartOf":{"@id":"https:\/\/now-news.de\/de\/deutschland\/ukraine-und-eu-staaten-lehnen-zentrale-punkte-des-us-friedensplans-ab\/"},"author":{"name":"rtnews","@id":"https:\/\/now-news.de\/de\/#\/schema\/person\/fb534a4e865501d8b3285208df34a9b5"},"headline":"Ukraine und EU-Staaten lehnen zentrale Punkte des US-Friedensplans ab","datePublished":"2025-11-21T13:21:32+00:00","dateModified":"2025-11-21T13:21:32+00:00","mainEntityOfPage":{"@id":"https:\/\/now-news.de\/de\/deutschland\/ukraine-und-eu-staaten-lehnen-zentrale-punkte-des-us-friedensplans-ab\/"},"wordCount":505,"commentCount":0,"publisher":{"@id":"https:\/\/now-news.de\/de\/#organization"},"image":{"@id":"https:\/\/now-news.de\/de\/deutschland\/ukraine-und-eu-staaten-lehnen-zentrale-punkte-des-us-friedensplans-ab\/#primaryimage"},"thumbnailUrl":"https:\/\/now-news.de\/de\/wp-content\/uploads\/sites\/3\/2024\/05\/China-beginnt-mit-Umzingelungsuebungen-rund-um-Taiwan.jpg","keywords":["des","EUStaaten","lehnen","Punkte","ukraine","und","USFriedensplans","Zentrale"],"articleSection":["Deutschland","Russland"],"inLanguage":"de","potentialAction":[{"@type":"CommentAction","name":"Comment","target":["https:\/\/now-news.de\/de\/deutschland\/ukraine-und-eu-staaten-lehnen-zentrale-punkte-des-us-friedensplans-ab\/#respond"]}]},{"@type":"WebPage","@id":"https:\/\/now-news.de\/de\/deutschland\/ukraine-und-eu-staaten-lehnen-zentrale-punkte-des-us-friedensplans-ab\/","url":"https:\/\/now-news.de\/de\/deutschland\/ukraine-und-eu-staaten-lehnen-zentrale-punkte-des-us-friedensplans-ab\/","name":"Ukraine und EU-Staaten lehnen zentrale Punkte des US-Friedensplans ab - just-now.NEWS Deutschland","isPartOf":{"@id":"https:\/\/now-news.de\/de\/#website"},"primaryImageOfPage":{"@id":"https:\/\/now-news.de\/de\/deutschland\/ukraine-und-eu-staaten-lehnen-zentrale-punkte-des-us-friedensplans-ab\/#primaryimage"},"image":{"@id":"https:\/\/now-news.de\/de\/deutschland\/ukraine-und-eu-staaten-lehnen-zentrale-punkte-des-us-friedensplans-ab\/#primaryimage"},"thumbnailUrl":"https:\/\/now-news.de\/de\/wp-content\/uploads\/sites\/3\/2024\/05\/China-beginnt-mit-Umzingelungsuebungen-rund-um-Taiwan.jpg","datePublished":"2025-11-21T13:21:32+00:00","dateModified":"2025-11-21T13:21:32+00:00","breadcrumb":{"@id":"https:\/\/now-news.de\/de\/deutschland\/ukraine-und-eu-staaten-lehnen-zentrale-punkte-des-us-friedensplans-ab\/#breadcrumb"},"inLanguage":"de","potentialAction":[{"@type":"ReadAction","target":["https:\/\/now-news.de\/de\/deutschland\/ukraine-und-eu-staaten-lehnen-zentrale-punkte-des-us-friedensplans-ab\/"]}]},{"@type":"ImageObject","inLanguage":"de","@id":"https:\/\/now-news.de\/de\/deutschland\/ukraine-und-eu-staaten-lehnen-zentrale-punkte-des-us-friedensplans-ab\/#primaryimage","url":"https:\/\/now-news.de\/de\/wp-content\/uploads\/sites\/3\/2024\/05\/China-beginnt-mit-Umzingelungsuebungen-rund-um-Taiwan.jpg","contentUrl":"https:\/\/now-news.de\/de\/wp-content\/uploads\/sites\/3\/2024\/05\/China-beginnt-mit-Umzingelungsuebungen-rund-um-Taiwan.jpg","width":460,"height":259,"caption":"China beginnt mit Umzingelungs\u00fcbungen rund um Taiwan"},{"@type":"BreadcrumbList","@id":"https:\/\/now-news.de\/de\/deutschland\/ukraine-und-eu-staaten-lehnen-zentrale-punkte-des-us-friedensplans-ab\/#breadcrumb","itemListElement":[{"@type":"ListItem","position":1,"name":"Home","item":"https:\/\/now-news.de\/de\/"},{"@type":"ListItem","position":2,"name":"Ukraine und EU-Staaten lehnen zentrale Punkte des US-Friedensplans ab"}]},{"@type":"WebSite","@id":"https:\/\/now-news.de\/de\/#website","url":"https:\/\/now-news.de\/de\/","name":"just-now.NEWS Deutschland","description":"Das Portal f\u00fcr unzensierte Nachrichten aus der Welt","publisher":{"@id":"https:\/\/now-news.de\/de\/#organization"},"potentialAction":[{"@type":"SearchAction","target":{"@type":"EntryPoint","urlTemplate":"https:\/\/now-news.de\/de\/?s={search_term_string}"},"query-input":"required name=search_term_string"}],"inLanguage":"de"},{"@type":"Organization","@id":"https:\/\/now-news.de\/de\/#organization","name":"Just Now News","url":"https:\/\/now-news.de\/de\/","logo":{"@type":"ImageObject","inLanguage":"de","@id":"https:\/\/now-news.de\/de\/#\/schema\/logo\/image\/","url":"http:\/\/just-now.news\/de\/wp-content\/uploads\/sites\/3\/2022\/04\/logo500x500.jpg","contentUrl":"http:\/\/just-now.news\/de\/wp-content\/uploads\/sites\/3\/2022\/04\/logo500x500.jpg","width":500,"height":500,"caption":"Just Now News"},"image":{"@id":"https:\/\/now-news.de\/de\/#\/schema\/logo\/image\/"},"sameAs":["https:\/\/www.facebook.com\/wirmachenauf","https:\/\/x.com\/WirMachenAuf_de"]},{"@type":"Person","@id":"https:\/\/now-news.de\/de\/#\/schema\/person\/fb534a4e865501d8b3285208df34a9b5","name":"rtnews","image":{"@type":"ImageObject","inLanguage":"de","@id":"https:\/\/now-news.de\/de\/#\/schema\/person\/image\/","url":"https:\/\/secure.gravatar.com\/avatar\/82aafea7d8127119dd649515f56e2117?s=96&d=mm&r=g","contentUrl":"https:\/\/secure.gravatar.com\/avatar\/82aafea7d8127119dd649515f56e2117?s=96&d=mm&r=g","caption":"rtnews"},"url":"https:\/\/now-news.de\/de\/author\/rnews\/"}]}},"_links":{"self":[{"href":"https:\/\/now-news.de\/de\/wp-json\/wp\/v2\/posts\/94421"}],"collection":[{"href":"https:\/\/now-news.de\/de\/wp-json\/wp\/v2\/posts"}],"about":[{"href":"https:\/\/now-news.de\/de\/wp-json\/wp\/v2\/types\/post"}],"author":[{"embeddable":true,"href":"https:\/\/now-news.de\/de\/wp-json\/wp\/v2\/users\/3"}],"replies":[{"embeddable":true,"href":"https:\/\/now-news.de\/de\/wp-json\/wp\/v2\/comments?post=94421"}],"version-history":[{"count":0,"href":"https:\/\/now-news.de\/de\/wp-json\/wp\/v2\/posts\/94421\/revisions"}],"wp:featuredmedia":[{"embeddable":true,"href":"https:\/\/now-news.de\/de\/wp-json\/wp\/v2\/media\/58637"}],"wp:attachment":[{"href":"https:\/\/now-news.de\/de\/wp-json\/wp\/v2\/media?parent=94421"}],"wp:term":[{"taxonomy":"category","embeddable":true,"href":"https:\/\/now-news.de\/de\/wp-json\/wp\/v2\/categories?post=94421"},{"taxonomy":"post_tag","embeddable":true,"href":"https:\/\/now-news.de\/de\/wp-json\/wp\/v2\/tags?post=94421"}],"curies":[{"name":"wp","href":"https:\/\/api.w.org\/{rel}","templated":true}]}}