{"id":94409,"date":"2025-11-21T12:42:46","date_gmt":"2025-11-21T10:42:46","guid":{"rendered":"https:\/\/now-news.de\/de\/deutschland\/das-nuernberger-russenlager-selektion-und-hungertod-am-reichsparteitagsgelaende\/"},"modified":"2025-11-21T12:42:46","modified_gmt":"2025-11-21T10:42:46","slug":"das-nuernberger-russenlager-selektion-und-hungertod-am-reichsparteitagsgelaende","status":"publish","type":"post","link":"https:\/\/now-news.de\/de\/deutschland\/das-nuernberger-russenlager-selektion-und-hungertod-am-reichsparteitagsgelaende\/","title":{"rendered":"Das N\u00fcrnberger &quot;Russenlager&quot; \u2013 Selektion und Hungertod am Reichsparteitagsgel\u00e4nde"},"content":{"rendered":"<div class=\"Text-root Text-type_1 \">\n                In N\u00fcrnberg ruhen ca. 3.500 sowjetische Kriegsgefangene. Sie starben an Hunger und K\u00e4lte, wurden erschossen. Heute erinnert in der Stadt, abgesehen von einigen Infos\u00e4ulen, nichts mehr an das einstige &#8220;Russenlager&#8221;.\n            <\/div>\n<p><\/p>\n<div class=\"Text-root Text-type_5 ArticleView-text ViewText-root \">\n<p>Im S\u00fcdosten N\u00fcrnbergs, nicht weit vom Reichsparteitagsgel\u00e4nde entfernt, befindet sich der S\u00fcdfriedhof. Dort <a rel=\"nofollow noopener\" target=\"_blank\" href=\"https:\/\/www.lager-langwasser.de\/gedenken\/\">gedenkt<\/a> die Stadt N\u00fcrnberg der rund 5.000 zwischen 1939 und 1945 verstorbenen ausl\u00e4ndischen Kriegsgefangenen und zivilen Zwangsarbeiter. Die weitaus gr\u00f6\u00dfte Opfergruppe mit 3.500 Toten kam aus der Sowjetunion. Die Opfer sind meist in Massengr\u00e4bern beigesetzt. Die Gefangenen starben an K\u00e4lte, Nahrungsmangel, mangelnder medizinischer Versorgung oder auch infolge von Bombenangriffen. Ihnen zum Gedenken legte die Gesellschaft f\u00fcr <a rel=\"nofollow noopener\" target=\"_blank\" href=\"https:\/\/gdrf.info\/veranstaltungen\/veranstaltungskalender\/\">Deutsch-Russische Freundschaft e. V.<\/a> einen Kranz nieder.<\/p>\n<p>Den meisten heutigen Besuchern des Reichsparteitagsgel\u00e4ndes d\u00fcrfte nicht bewusst sein, dass unweit der nationalsozialistischen Propagandabauten einst tausende Menschen litten und starben. Mit dem Beginn des Zweiten Weltkriegs 1939 wurde aus dem SA-Zeltlager am Bahnhof M\u00e4rzfeld, das eigentlich die Besucher des &#8220;Reichsparteitags des Friedens&#8221; h\u00e4tte <a rel=\"nofollow noopener\" target=\"_blank\" href=\"https:\/\/www.deutschlandfunkkultur.de\/ausstellung-das-reichsparteitagsgelaende-im-krieg-in-100.html\">aufnehmen<\/a> sollen, ein Lager f\u00fcr Kriegsgefangene aus dem Polenfeldzug. Aber auch gefangene Soldaten aus Belgien und Frankreich wurden dort untergebracht, sp\u00e4ter zudem Serben, Italiener,\u00a0US-Amerikaner\u00a0und zivile Zwangsarbeiter.<\/p>\n<figure class=\"RTImage-root\">\n<div class=\"RTImage-image RTImage-original\"><picture class=\"Picture-root Picture-original\"><!--[if IE 9]><video style=\"display: none;\"><![endif]--><source media=\"(-webkit-min-device-pixel-ratio: 2) and (min-resolution: 120dpi)\" data-srcset=\" \nhttps:\/\/now-news.de\/de\/wp-content\/uploads\/sites\/3\/2025\/11\/691f294448fbef0237717cbb.jpg 850w,\n                https:\/\/now-news.de\/de\/wp-content\/uploads\/sites\/3\/2025\/11\/691f294448fbef0237717cbb.jpg 1960w,            \" ><source data-srcset=\" \nhttps:\/\/now-news.de\/de\/wp-content\/uploads\/sites\/3\/2025\/11\/691f294448fbef0237717cbb.jpg 460w,\n              https:\/\/now-news.de\/de\/wp-content\/uploads\/sites\/3\/2025\/11\/691f294448fbef0237717cbb.jpg 980w,\n            \" ><!--[if IE 9]><\/video><![endif]--><img decoding=\"async\" data- src=\"data:image\/png;base64,iVBORw0KGgoAAAANSUhEUgAAABAAAAAJCAQAAACRI2S5AAAAEElEQVR42mNkIAAYRxWAAQAG9gAKqv6+AwAAAABJRU5ErkJggg==\" class=\"Picture-root Picture-original lazyload\" data-src=\"https:\/\/now-news.de\/de\/wp-content\/uploads\/sites\/3\/2025\/11\/691f294448fbef0237717cbb.jpg\" alt=\"\"><\/source><\/source><\/picture><!-- noscript pattern --><noscript><img decoding=\"async\" src=\"https:\/\/now-news.de\/de\/wp-content\/uploads\/sites\/3\/2025\/11\/691f294448fbef0237717cbb.jpg\" alt=\"\"><\/noscript><\/div><figcaption class=\"RTImage-footer\"><span class=\"RTImage-caption\"><span class=\"RTImage-captionItem\">Blick vom s\u00fcdwestlichen Wall des ehemaligen Reichsparteitagsgel\u00e4ndes auf das Zeppelinfeld mit der Zeppelin-Trib\u00fcne im Hintergrund.<\/span><\/span><span class=\"RTImage-source\"><span class=\"RTImage-captionItem\">www.globallookpress.com<\/span><\/span><\/figcaption><\/figure>\n<p>Besonders schlecht wurden sowjetische Kriegsgefangene behandelt. In den Jahren 1941 und 1942 kam es zu einem regelrechten Massensterben. Die hungernden und frierenden Gefangenen aus dem &#8220;Russenlager&#8221; mussten bei Erdarbeiten auf dem zum Reichsparteitagsgel\u00e4nde geh\u00f6renden M\u00e4rzfeld Schwerstarbeit leisten. Auch f\u00fcr die R\u00fcstungsindustrie und bei der Beseitigung von Tr\u00fcmmern nach den Bombardierungen wurden sie eingesetzt. Und immer wieder kam es zu sogenannten Aussonderungen, ein Euphemismus f\u00fcr Selektionen in den Tod. Der \u00fcberlebende Iwan Melnikow <a rel=\"nofollow noopener\" target=\"_blank\" href=\"https:\/\/lager-langwasser.de\/schicksal\/pawel-ermoschenko\">schildert<\/a> eine solche &#8220;Aussonderung&#8221; im N\u00fcrnberger &#8220;Russenlager&#8221;:<\/p>\n<blockquote>\n<p><em>&#8220;Die Gestapo kam, man lie\u00df uns mit dem nackten Oberk\u00f6rper in Dreierreihen antreten und untersuchte unsere H\u00e4nde, Gesicht, Hals und Augen. Wer ihnen verd\u00e4chtig vorkam, der musste seine Hose herunterziehen. Sie suchten Juden und Leute mit intellektuellen Berufen. Es wurden circa 70 Mann ausgew\u00e4hlt und man f\u00fchrte sie ab, ich wei\u00df nicht, wohin.&#8221;<\/em><\/p>\n<\/blockquote>\n<p>Heute wei\u00df man, wohin die &#8220;Ausgesonderten&#8221;\u00a0<a rel=\"nofollow noopener\" target=\"_blank\" href=\"https:\/\/www.zeitgeschichte-dachau.de\/der-ehemalige-ss-schiessplatz-hebertshausen-in-dachau\/\">kamen<\/a>: auf den SS-Schie\u00dfplatz Dachau-Hebertshausen, wo sie von der SS exekutiert wurden \u2013 ein Ort, wo den russischen und wei\u00dfrussischen Landsleuten der Ermordeten heutzutage in kleinlicher H\u00e4me ein w\u00fcrdiges Gedenken <a rel=\"nofollow noopener\" target=\"_blank\" href=\"https:\/\/freedert.online\/inland\/249821-benimmstunde-fuer-opfernachfahren\/\">verwehrt<\/a> wird (<em>RT DE<\/em>\u00a0<a rel=\"nofollow noopener\" target=\"_blank\" href=\"https:\/\/freedert.online\/inland\/246359-gedenken-an-4000-ermordete-rotarmisnen-gedenkstaetteleitung-laesst-kr%C3%A4nze-schaenden\/\">berichtete<\/a>). 2.500 Insassen des N\u00fcrnberger &#8220;Russenlagers&#8221; sollen den Erschie\u00dfungen in Dachau <a rel=\"nofollow noopener\" target=\"_blank\" href=\"https:\/\/www.die-linke-schwabach-roth.de\/geschichte\/massenmord-in-nuernberg-langwasser\/\">zum Opfer gefallen<\/a> sein.<\/p>\n<p>Das Ausma\u00df des Elends wird ausgerechnet in einem Brief eines Bewachers deutlich, den dieser an seine Familie geschickt hat. Der Wachsoldat <a rel=\"nofollow noopener\" target=\"_blank\" href=\"https:\/\/www.briefsammlung.de\/feldpost-zweiter-weltkrieg\/konvolut_skizze.html?action=detail&amp;what=collection&amp;id=155\">Otto Madl<\/a> hatte sogar ein Foto von verzweifelten Gefangenen, die auf einer Wiese nach Nahrung suchen, angefertigt und es mit &#8220;Russen beim Grasfressen&#8221;\u00a0<a rel=\"nofollow noopener\" target=\"_blank\" href=\"https:\/\/www.lager-langwasser.de\/schicksal\/wladimir-poltawskij\">betitelt<\/a>. Sogar Kannibalismus unter den Gefangenen schildert Madl seiner Ehefrau Cilly. &#8220;Ein Bild des Grauens und Schreckens&#8221;, <a rel=\"nofollow noopener\" target=\"_blank\" href=\"https:\/\/briefsammlung.de\/feldpost-zweiter-weltkrieg\/brief.html?action=detail&amp;what=letter&amp;id=1157&amp;le_keyword=Wei%C3%9Frussland\">gesteht<\/a> der Wehrmachtsangeh\u00f6rige in seinem Brief vom 7.12.1941 ganz offen ein. Zwischen Urlaubspl\u00e4nen und (eher pessimistischen) Spekulationen \u00fcber die Kriegsaussichten schreibt Madl:<\/p>\n<blockquote>\n<p><em>&#8220;Die gefangenen Russen fallen nur um, dann sie tot. Die werden ganz nackt auf einen Wagen geworfen und abends werden sie eingegraben.&#8221;<\/em><\/p>\n<\/blockquote>\n<p>Und weiter, nach den Schilderungen des Hungerkannibalismus:<\/p>\n<blockquote>\n<p><em>&#8220;Ich glaube, da herrscht Ruhr und Hungertyphus, sonst k\u00f6nnten nicht so viele sterben, die meisten werden ja erschlagen. Zwei von den Menschenfressern wurden gestern erschossen. Da k\u00f6nnt Ihr Euch nun ein kleines Bild machen, wie es zugeht, hier in diesem sch\u00f6nen Ort.Es sind nur kleine Beispiele, wie es zugeht, wenn die Menschen Hunger haben.&#8221;<\/em><\/p>\n<\/blockquote>\n<p>Bereits in seinem vorherigen Brief vom 2.12.1945 konnte Madl seine Cilly <a rel=\"nofollow noopener\" target=\"_blank\" href=\"https:\/\/briefsammlung.de\/feldpost-zweiter-weltkrieg\/brief.html?action=detail&amp;what=letter&amp;id=1156\">beruhigen<\/a>:<\/p>\n<blockquote>\n<p><em>&#8220;Du brauchst gar keine Sorgen zu haben, dass mir hier was passieren kann, die Russen k\u00f6nnen ja niemand was tun, weil sie zu matt sind.&#8221;<\/em><\/p>\n<\/blockquote>\n<figure class=\"RTImage-root\">\n<div class=\"RTImage-image RTImage-original\"><picture class=\"Picture-root Picture-original\"><!--[if IE 9]><video style=\"display: none;\"><![endif]--><source media=\"(-webkit-min-device-pixel-ratio: 2) and (min-resolution: 120dpi)\" data-srcset=\" \nhttps:\/\/now-news.de\/de\/wp-content\/uploads\/sites\/3\/2025\/11\/691f2e2cb480cc1133142c3d.jpg 850w,\n                https:\/\/now-news.de\/de\/wp-content\/uploads\/sites\/3\/2025\/11\/691f2e2cb480cc1133142c3d.jpg 1960w,            \" ><source data-srcset=\" \nhttps:\/\/now-news.de\/de\/wp-content\/uploads\/sites\/3\/2025\/11\/691f2e2cb480cc1133142c3d.jpg 460w,\n              https:\/\/now-news.de\/de\/wp-content\/uploads\/sites\/3\/2025\/11\/691f2e2cb480cc1133142c3d.jpg 980w,\n            \" ><!--[if IE 9]><\/video><![endif]--><img decoding=\"async\" data- src=\"data:image\/png;base64,iVBORw0KGgoAAAANSUhEUgAAABAAAAAJCAQAAACRI2S5AAAAEElEQVR42mNkIAAYRxWAAQAG9gAKqv6+AwAAAABJRU5ErkJggg==\" class=\"Picture-root Picture-original lazyload\" data-src=\"https:\/\/now-news.de\/de\/wp-content\/uploads\/sites\/3\/2025\/11\/691f2e2cb480cc1133142c3d.jpg\" alt=\"\"><\/source><\/source><\/picture><!-- noscript pattern --><noscript><img decoding=\"async\" src=\"https:\/\/now-news.de\/de\/wp-content\/uploads\/sites\/3\/2025\/11\/691f2e2cb480cc1133142c3d.jpg\" alt=\"\"><\/noscript><\/div>\n<\/figure>\n<p>Trotz der Entkr\u00e4ftung der Gefangenen gab es Widerstand. Der bereits erw\u00e4hnte Iwan Melnikow schildert einen Aufstandsversuch, der allerdings aufgrund von Verrat scheiterte:<\/p>\n<blockquote>\n<p><em>&#8220;Danach brachte man uns in die N\u00e4he von N\u00fcrnberg in gro\u00dfe wei\u00dfe Zelte, circa 700 Personen. Wir wurden schlecht mit Essen versorgt und so fanden sich unter uns einige, die das Kommando \u00fcbernahmen: Sie haben uns in Z\u00fcge aufteilen und einen Aufstand machen wollen, indem wir ein Waffen- und Lebensmittellager beschlagnahmen und uns in die Berge nach Westen durchschlagen.&#8221;<\/em><\/p>\n<\/blockquote>\n<p>Und im Sommer 1944 <a rel=\"nofollow noopener\" target=\"_blank\" href=\"https:\/\/lager-langwasser.de\/schicksal\/rachim-gajnulin-petr-schumichin\">gelang es<\/a> tats\u00e4chlich zwei Rotarmisten mit der Hilfe deutscher Arbeiter zu fliehen und bis zur Befreiung bei Partisanen in den Karpaten <a rel=\"nofollow noopener\" target=\"_blank\" href=\"https:\/\/museenblog-nuernberg.de\/2019\/01\/09\/eine-unwahrscheinliche-geschichte\/\">unterzutauchen<\/a>.<\/p>\n<p>Nach dem Krieg und der Befreiung des Lagers durch die US-Amerikaner am 17. April 1945 ging das Sterben zun\u00e4chst weiter. Besonders unter den sowjetischen Gefangenen grassierte der Typhus. Viele hatten auch sogenannte &#8220;Evakuierungsm\u00e4rsche&#8221; in den S\u00fcden Bayerns mitmachen m\u00fcssen. Die v\u00f6llig entkr\u00e4fteten Gefangenen erlebten die R\u00fcckkehr in die Heimat nicht mehr oder mussten zun\u00e4chst wochenlang medizinisch <a rel=\"nofollow noopener\" target=\"_blank\" href=\"https:\/\/www.lager-langwasser.de\/chronologie\/\">betreut werden<\/a>, bevor sie in die Sowjetunion zur\u00fcckkehren konnten.<\/p>\n<p>Heute erinnert in N\u00fcrnberg (abgesehen von Infos\u00e4ulen und Gedenktafeln) nichts mehr an das einstige &#8220;Russenlager&#8221;. Nach dem Krieg wurden auf dem Lagergel\u00e4nde deutsche Gefangene, haupts\u00e4chlich SS-M\u00e4nner, gefangen gehalten (der Schauplatz der <a rel=\"nofollow noopener\" target=\"_blank\" href=\"https:\/\/www.geschichte-fuer-alle.de\/blog\/die-gruppe-nakam\">Nakam-Aktion<\/a>); sp\u00e4ter lebten dort <a rel=\"nofollow noopener\" target=\"_blank\" href=\"https:\/\/museenblog-nuernberg.de\/2023\/04\/19\/valka-lager-in-der-englischsprachigen-presse\/\">Displaced Persons<\/a> im sogenannten <a rel=\"nofollow noopener\" target=\"_blank\" href=\"https:\/\/museenblog-nuernberg.de\/2022\/06\/08\/erinnerungen-valka-lager\/\">Valka-Lager<\/a>, vor allem Esten und <a rel=\"nofollow noopener\" target=\"_blank\" href=\"https:\/\/dpalbums-lapamuzejs-lv.translate.goog\/index.php?action=displaycat&amp;catid=42&amp;_x_tr_sl=lv&amp;_x_tr_tl=en&amp;_x_tr_hl=de\">Letten<\/a>. Und in den Wirtschaftswunderjahren entstand schlie\u00dflich die heutige Trabantenstadt N\u00fcrnberg-Langwasser. Auch medial ist das Thema wenig aufbereitet worden. W\u00e4hrend die <a rel=\"nofollow noopener\" target=\"_blank\" href=\"https:\/\/www.medienwerkstatt-franken.de\/video\/die-raecher-vergeltung-nuernberg\/\">Nakam-Episode<\/a>\u00a0<a rel=\"nofollow noopener\" target=\"_blank\" href=\"https:\/\/www.ardmediathek.de\/video\/plan-a-was-wuerdest-du-tun\/plan-a-was-wuerdest-du-tun\/br\/Y3JpZDovL2JyLmRlL2Jyb2FkY2FzdC9kNTE0MWZlOS1hMjc3LTRiYTUtOGYzMy1iZGI4NTg1N2ViZmFfb25saW5lYnJvYWRjYXN0\">verfilmt wurde<\/a> und es <a rel=\"nofollow noopener\" target=\"_blank\" href=\"https:\/\/www.ardmediathek.de\/video\/dokus-und-reportagen-im-br\/fluechtlinge-im-nuernberger-valka-lager\/br\/Y3JpZDovL2JyLmRlL3ZpZGVvLzUyMzIxYTFkLTZjODMtNDkzMy1iOGRjLWJkMzUzZDc3MWU0Ng\">Dokumentarfilme<\/a> \u00fcber das <a rel=\"nofollow noopener\" target=\"_blank\" href=\"https:\/\/www.youtube.com\/watch?v=z9lrh8hlWFI\">Valka-Lager<\/a> gibt, fehlt eine entsprechende filmische W\u00fcrdigung beispielsweise des Lagerausbruchs der Sowjetsoldaten.<\/p>\n<p><strong>Mehr zum Thema &#8211;<\/strong>\u00a0<a rel=\"nofollow noopener\" target=\"_blank\" href=\"https:\/\/freedert.online\/meinung\/253888-der-auschwitz-prozess-und-die-kurze-oeffnung-der-brd\/\">Der Auschwitz-Prozess und die kurze \u00d6ffnung der BRD<\/a><\/p>\n<div class=\"EmbedBlock-root EmbedBlock-externalVideo EmbedBlock-rumble\">\n<div class=\"VkEmbed\"><iframe class=\"lazyload\" data-src=\"https:\/\/rumble.com\/embed\/v6zj31q\" frameborder=\"0\" width=\"853\" height=\"480\" allowfullscreen><\/iframe><\/div>\n<\/div>\n<\/div>\n<p><br \/>\n<br \/><a href=\"https:\/\/de.rt.com\/inland\/262357-nuernberger-russenlager-selektion-und-hungertod-reichsparteitagsgelaende\/\">Source link <\/a><\/p>\n","protected":false},"excerpt":{"rendered":"<p>In N\u00fcrnberg ruhen ca. 3.500 sowjetische Kriegsgefangene. Sie starben an Hunger und K\u00e4lte, wurden erschossen. Heute erinnert in der Stadt, abgesehen von einigen Infos\u00e4ulen, nichts mehr an das einstige &#8220;Russenlager&#8221;. Im S\u00fcdosten N\u00fcrnbergs, nicht weit vom Reichsparteitagsgel\u00e4nde entfernt, befindet sich der S\u00fcdfriedhof. Dort gedenkt die Stadt N\u00fcrnberg der rund 5.000 zwischen 1939 und 1945 verstorbenen [&hellip;]<\/p>\n","protected":false},"author":3,"featured_media":94410,"comment_status":"open","ping_status":"open","sticky":false,"template":"","format":"standard","meta":{"_yoast_indexnow_last_ping":["1763722213"],"wp_automatic_camp":["217"],"587ae29e78feb3cb0d09fe39738ae12f":["Das N\u00fcrnberger &quot;Russenlager&quot; \u2013 Selektion und Hungertod am Reichsparteitagsgel\u00e4nde"],"original_link":["https:\/\/de.rt.com\/inland\/262357-nuernberger-russenlager-selektion-und-hungertod-reichsparteitagsgelaende\/"],"_thumbnail_id":["94410"],"jnews_social_counter_last_update":["1777696852"],"_wptgpro_p2tg_sent2tg":["a:1:{i:23737;s:19:\"2025-11-21 12:51:46\";}"]},"categories":[19,23],"tags":[427,53416,31299,69352,69354,69353,140],"yoast_head":"<!-- This site is optimized with the Yoast SEO Premium plugin v22.7 (Yoast SEO v22.7) - https:\/\/yoast.com\/wordpress\/plugins\/seo\/ -->\n<title>Das N\u00fcrnberger &quot;Russenlager&quot; \u2013 Selektion und Hungertod am Reichsparteitagsgel\u00e4nde - just-now.NEWS Deutschland<\/title>\n<meta name=\"robots\" content=\"index, follow, max-snippet:-1, max-image-preview:large, max-video-preview:-1\" \/>\n<link rel=\"canonical\" href=\"https:\/\/now-news.de\/de\/deutschland\/das-nuernberger-russenlager-selektion-und-hungertod-am-reichsparteitagsgelaende\/\" \/>\n<meta property=\"og:locale\" content=\"de_DE\" \/>\n<meta property=\"og:type\" content=\"article\" \/>\n<meta property=\"og:title\" content=\"Das N\u00fcrnberger &quot;Russenlager&quot; \u2013 Selektion und Hungertod am Reichsparteitagsgel\u00e4nde\" \/>\n<meta property=\"og:description\" content=\"In N\u00fcrnberg ruhen ca. 3.500 sowjetische Kriegsgefangene. Sie starben an Hunger und K\u00e4lte, wurden erschossen. Heute erinnert in der Stadt, abgesehen von einigen Infos\u00e4ulen, nichts mehr an das einstige &#8220;Russenlager&#8221;. Im S\u00fcdosten N\u00fcrnbergs, nicht weit vom Reichsparteitagsgel\u00e4nde entfernt, befindet sich der S\u00fcdfriedhof. Dort gedenkt die Stadt N\u00fcrnberg der rund 5.000 zwischen 1939 und 1945 verstorbenen [&hellip;]\" \/>\n<meta property=\"og:url\" content=\"https:\/\/now-news.de\/de\/deutschland\/das-nuernberger-russenlager-selektion-und-hungertod-am-reichsparteitagsgelaende\/\" \/>\n<meta property=\"og:site_name\" content=\"just-now.NEWS Deutschland\" \/>\n<meta property=\"article:publisher\" content=\"https:\/\/www.facebook.com\/wirmachenauf\" \/>\n<meta property=\"article:published_time\" content=\"2025-11-21T10:42:46+00:00\" \/>\n<meta property=\"og:image\" content=\"https:\/\/now-news.de\/de\/wp-content\/uploads\/sites\/3\/2025\/11\/691f294448fbef0237717cbb.jpg\" \/>\n<meta name=\"author\" content=\"rtnews\" \/>\n<meta name=\"twitter:card\" content=\"summary_large_image\" \/>\n<meta name=\"twitter:creator\" content=\"@WirMachenAuf_de\" \/>\n<meta name=\"twitter:site\" content=\"@WirMachenAuf_de\" \/>\n<meta name=\"twitter:label1\" content=\"Verfasst von\" \/>\n\t<meta name=\"twitter:data1\" content=\"rtnews\" \/>\n\t<meta name=\"twitter:label2\" content=\"Gesch\u00e4tzte Lesezeit\" \/>\n\t<meta name=\"twitter:data2\" content=\"5\u00a0Minuten\" \/>\n<script type=\"application\/ld+json\" class=\"yoast-schema-graph\">{\"@context\":\"https:\/\/schema.org\",\"@graph\":[{\"@type\":\"Article\",\"@id\":\"https:\/\/now-news.de\/de\/deutschland\/das-nuernberger-russenlager-selektion-und-hungertod-am-reichsparteitagsgelaende\/#article\",\"isPartOf\":{\"@id\":\"https:\/\/now-news.de\/de\/deutschland\/das-nuernberger-russenlager-selektion-und-hungertod-am-reichsparteitagsgelaende\/\"},\"author\":{\"name\":\"rtnews\",\"@id\":\"https:\/\/now-news.de\/de\/#\/schema\/person\/fb534a4e865501d8b3285208df34a9b5\"},\"headline\":\"Das N\u00fcrnberger &quot;Russenlager&quot; \u2013 Selektion und Hungertod am Reichsparteitagsgel\u00e4nde\",\"datePublished\":\"2025-11-21T10:42:46+00:00\",\"dateModified\":\"2025-11-21T10:42:46+00:00\",\"mainEntityOfPage\":{\"@id\":\"https:\/\/now-news.de\/de\/deutschland\/das-nuernberger-russenlager-selektion-und-hungertod-am-reichsparteitagsgelaende\/\"},\"wordCount\":928,\"commentCount\":0,\"publisher\":{\"@id\":\"https:\/\/now-news.de\/de\/#organization\"},\"image\":{\"@id\":\"https:\/\/now-news.de\/de\/deutschland\/das-nuernberger-russenlager-selektion-und-hungertod-am-reichsparteitagsgelaende\/#primaryimage\"},\"thumbnailUrl\":\"https:\/\/now-news.de\/de\/wp-content\/uploads\/sites\/3\/2025\/11\/Das-Nuernberger-quotRussenlagerquot-\u2013-Selektion-und-Hungertod-am-Reichsparteitagsgelaende.jpg\",\"keywords\":[\"das\",\"Hungertod\",\"N\u00fcrnberger\",\"quotRussenlagerquot\",\"Reichsparteitagsgel\u00e4nde\",\"Selektion\",\"und\"],\"articleSection\":[\"Deutschland\",\"Russland\"],\"inLanguage\":\"de\",\"potentialAction\":[{\"@type\":\"CommentAction\",\"name\":\"Comment\",\"target\":[\"https:\/\/now-news.de\/de\/deutschland\/das-nuernberger-russenlager-selektion-und-hungertod-am-reichsparteitagsgelaende\/#respond\"]}]},{\"@type\":\"WebPage\",\"@id\":\"https:\/\/now-news.de\/de\/deutschland\/das-nuernberger-russenlager-selektion-und-hungertod-am-reichsparteitagsgelaende\/\",\"url\":\"https:\/\/now-news.de\/de\/deutschland\/das-nuernberger-russenlager-selektion-und-hungertod-am-reichsparteitagsgelaende\/\",\"name\":\"Das N\u00fcrnberger &quot;Russenlager&quot; \u2013 Selektion und Hungertod am Reichsparteitagsgel\u00e4nde - just-now.NEWS Deutschland\",\"isPartOf\":{\"@id\":\"https:\/\/now-news.de\/de\/#website\"},\"primaryImageOfPage\":{\"@id\":\"https:\/\/now-news.de\/de\/deutschland\/das-nuernberger-russenlager-selektion-und-hungertod-am-reichsparteitagsgelaende\/#primaryimage\"},\"image\":{\"@id\":\"https:\/\/now-news.de\/de\/deutschland\/das-nuernberger-russenlager-selektion-und-hungertod-am-reichsparteitagsgelaende\/#primaryimage\"},\"thumbnailUrl\":\"https:\/\/now-news.de\/de\/wp-content\/uploads\/sites\/3\/2025\/11\/Das-Nuernberger-quotRussenlagerquot-\u2013-Selektion-und-Hungertod-am-Reichsparteitagsgelaende.jpg\",\"datePublished\":\"2025-11-21T10:42:46+00:00\",\"dateModified\":\"2025-11-21T10:42:46+00:00\",\"breadcrumb\":{\"@id\":\"https:\/\/now-news.de\/de\/deutschland\/das-nuernberger-russenlager-selektion-und-hungertod-am-reichsparteitagsgelaende\/#breadcrumb\"},\"inLanguage\":\"de\",\"potentialAction\":[{\"@type\":\"ReadAction\",\"target\":[\"https:\/\/now-news.de\/de\/deutschland\/das-nuernberger-russenlager-selektion-und-hungertod-am-reichsparteitagsgelaende\/\"]}]},{\"@type\":\"ImageObject\",\"inLanguage\":\"de\",\"@id\":\"https:\/\/now-news.de\/de\/deutschland\/das-nuernberger-russenlager-selektion-und-hungertod-am-reichsparteitagsgelaende\/#primaryimage\",\"url\":\"https:\/\/now-news.de\/de\/wp-content\/uploads\/sites\/3\/2025\/11\/Das-Nuernberger-quotRussenlagerquot-\u2013-Selektion-und-Hungertod-am-Reichsparteitagsgelaende.jpg\",\"contentUrl\":\"https:\/\/now-news.de\/de\/wp-content\/uploads\/sites\/3\/2025\/11\/Das-Nuernberger-quotRussenlagerquot-\u2013-Selektion-und-Hungertod-am-Reichsparteitagsgelaende.jpg\",\"width\":1620,\"height\":1080,\"caption\":\"Das N\u00fcrnberger &quot;Russenlager&quot; \u2013 Selektion und Hungertod am Reichsparteitagsgel\u00e4nde\"},{\"@type\":\"BreadcrumbList\",\"@id\":\"https:\/\/now-news.de\/de\/deutschland\/das-nuernberger-russenlager-selektion-und-hungertod-am-reichsparteitagsgelaende\/#breadcrumb\",\"itemListElement\":[{\"@type\":\"ListItem\",\"position\":1,\"name\":\"Home\",\"item\":\"https:\/\/now-news.de\/de\/\"},{\"@type\":\"ListItem\",\"position\":2,\"name\":\"Das N\u00fcrnberger &quot;Russenlager&quot; \u2013 Selektion und Hungertod am Reichsparteitagsgel\u00e4nde\"}]},{\"@type\":\"WebSite\",\"@id\":\"https:\/\/now-news.de\/de\/#website\",\"url\":\"https:\/\/now-news.de\/de\/\",\"name\":\"just-now.NEWS Deutschland\",\"description\":\"Das Portal f\u00fcr unzensierte Nachrichten aus der Welt\",\"publisher\":{\"@id\":\"https:\/\/now-news.de\/de\/#organization\"},\"potentialAction\":[{\"@type\":\"SearchAction\",\"target\":{\"@type\":\"EntryPoint\",\"urlTemplate\":\"https:\/\/now-news.de\/de\/?s={search_term_string}\"},\"query-input\":\"required name=search_term_string\"}],\"inLanguage\":\"de\"},{\"@type\":\"Organization\",\"@id\":\"https:\/\/now-news.de\/de\/#organization\",\"name\":\"Just Now News\",\"url\":\"https:\/\/now-news.de\/de\/\",\"logo\":{\"@type\":\"ImageObject\",\"inLanguage\":\"de\",\"@id\":\"https:\/\/now-news.de\/de\/#\/schema\/logo\/image\/\",\"url\":\"http:\/\/just-now.news\/de\/wp-content\/uploads\/sites\/3\/2022\/04\/logo500x500.jpg\",\"contentUrl\":\"http:\/\/just-now.news\/de\/wp-content\/uploads\/sites\/3\/2022\/04\/logo500x500.jpg\",\"width\":500,\"height\":500,\"caption\":\"Just Now News\"},\"image\":{\"@id\":\"https:\/\/now-news.de\/de\/#\/schema\/logo\/image\/\"},\"sameAs\":[\"https:\/\/www.facebook.com\/wirmachenauf\",\"https:\/\/x.com\/WirMachenAuf_de\"]},{\"@type\":\"Person\",\"@id\":\"https:\/\/now-news.de\/de\/#\/schema\/person\/fb534a4e865501d8b3285208df34a9b5\",\"name\":\"rtnews\",\"image\":{\"@type\":\"ImageObject\",\"inLanguage\":\"de\",\"@id\":\"https:\/\/now-news.de\/de\/#\/schema\/person\/image\/\",\"url\":\"https:\/\/secure.gravatar.com\/avatar\/82aafea7d8127119dd649515f56e2117?s=96&d=mm&r=g\",\"contentUrl\":\"https:\/\/secure.gravatar.com\/avatar\/82aafea7d8127119dd649515f56e2117?s=96&d=mm&r=g\",\"caption\":\"rtnews\"},\"url\":\"https:\/\/now-news.de\/de\/author\/rnews\/\"}]}<\/script>\n<!-- \/ Yoast SEO Premium plugin. -->","yoast_head_json":{"title":"Das N\u00fcrnberger &quot;Russenlager&quot; \u2013 Selektion und Hungertod am Reichsparteitagsgel\u00e4nde - just-now.NEWS Deutschland","robots":{"index":"index","follow":"follow","max-snippet":"max-snippet:-1","max-image-preview":"max-image-preview:large","max-video-preview":"max-video-preview:-1"},"canonical":"https:\/\/now-news.de\/de\/deutschland\/das-nuernberger-russenlager-selektion-und-hungertod-am-reichsparteitagsgelaende\/","og_locale":"de_DE","og_type":"article","og_title":"Das N\u00fcrnberger &quot;Russenlager&quot; \u2013 Selektion und Hungertod am Reichsparteitagsgel\u00e4nde","og_description":"In N\u00fcrnberg ruhen ca. 3.500 sowjetische Kriegsgefangene. Sie starben an Hunger und K\u00e4lte, wurden erschossen. Heute erinnert in der Stadt, abgesehen von einigen Infos\u00e4ulen, nichts mehr an das einstige &#8220;Russenlager&#8221;. Im S\u00fcdosten N\u00fcrnbergs, nicht weit vom Reichsparteitagsgel\u00e4nde entfernt, befindet sich der S\u00fcdfriedhof. Dort gedenkt die Stadt N\u00fcrnberg der rund 5.000 zwischen 1939 und 1945 verstorbenen [&hellip;]","og_url":"https:\/\/now-news.de\/de\/deutschland\/das-nuernberger-russenlager-selektion-und-hungertod-am-reichsparteitagsgelaende\/","og_site_name":"just-now.NEWS Deutschland","article_publisher":"https:\/\/www.facebook.com\/wirmachenauf","article_published_time":"2025-11-21T10:42:46+00:00","og_image":[{"url":"https:\/\/now-news.de\/de\/wp-content\/uploads\/sites\/3\/2025\/11\/691f294448fbef0237717cbb.jpg"}],"author":"rtnews","twitter_card":"summary_large_image","twitter_creator":"@WirMachenAuf_de","twitter_site":"@WirMachenAuf_de","twitter_misc":{"Verfasst von":"rtnews","Gesch\u00e4tzte Lesezeit":"5\u00a0Minuten"},"schema":{"@context":"https:\/\/schema.org","@graph":[{"@type":"Article","@id":"https:\/\/now-news.de\/de\/deutschland\/das-nuernberger-russenlager-selektion-und-hungertod-am-reichsparteitagsgelaende\/#article","isPartOf":{"@id":"https:\/\/now-news.de\/de\/deutschland\/das-nuernberger-russenlager-selektion-und-hungertod-am-reichsparteitagsgelaende\/"},"author":{"name":"rtnews","@id":"https:\/\/now-news.de\/de\/#\/schema\/person\/fb534a4e865501d8b3285208df34a9b5"},"headline":"Das N\u00fcrnberger &quot;Russenlager&quot; \u2013 Selektion und Hungertod am Reichsparteitagsgel\u00e4nde","datePublished":"2025-11-21T10:42:46+00:00","dateModified":"2025-11-21T10:42:46+00:00","mainEntityOfPage":{"@id":"https:\/\/now-news.de\/de\/deutschland\/das-nuernberger-russenlager-selektion-und-hungertod-am-reichsparteitagsgelaende\/"},"wordCount":928,"commentCount":0,"publisher":{"@id":"https:\/\/now-news.de\/de\/#organization"},"image":{"@id":"https:\/\/now-news.de\/de\/deutschland\/das-nuernberger-russenlager-selektion-und-hungertod-am-reichsparteitagsgelaende\/#primaryimage"},"thumbnailUrl":"https:\/\/now-news.de\/de\/wp-content\/uploads\/sites\/3\/2025\/11\/Das-Nuernberger-quotRussenlagerquot-\u2013-Selektion-und-Hungertod-am-Reichsparteitagsgelaende.jpg","keywords":["das","Hungertod","N\u00fcrnberger","quotRussenlagerquot","Reichsparteitagsgel\u00e4nde","Selektion","und"],"articleSection":["Deutschland","Russland"],"inLanguage":"de","potentialAction":[{"@type":"CommentAction","name":"Comment","target":["https:\/\/now-news.de\/de\/deutschland\/das-nuernberger-russenlager-selektion-und-hungertod-am-reichsparteitagsgelaende\/#respond"]}]},{"@type":"WebPage","@id":"https:\/\/now-news.de\/de\/deutschland\/das-nuernberger-russenlager-selektion-und-hungertod-am-reichsparteitagsgelaende\/","url":"https:\/\/now-news.de\/de\/deutschland\/das-nuernberger-russenlager-selektion-und-hungertod-am-reichsparteitagsgelaende\/","name":"Das N\u00fcrnberger &quot;Russenlager&quot; \u2013 Selektion und Hungertod am Reichsparteitagsgel\u00e4nde - just-now.NEWS Deutschland","isPartOf":{"@id":"https:\/\/now-news.de\/de\/#website"},"primaryImageOfPage":{"@id":"https:\/\/now-news.de\/de\/deutschland\/das-nuernberger-russenlager-selektion-und-hungertod-am-reichsparteitagsgelaende\/#primaryimage"},"image":{"@id":"https:\/\/now-news.de\/de\/deutschland\/das-nuernberger-russenlager-selektion-und-hungertod-am-reichsparteitagsgelaende\/#primaryimage"},"thumbnailUrl":"https:\/\/now-news.de\/de\/wp-content\/uploads\/sites\/3\/2025\/11\/Das-Nuernberger-quotRussenlagerquot-\u2013-Selektion-und-Hungertod-am-Reichsparteitagsgelaende.jpg","datePublished":"2025-11-21T10:42:46+00:00","dateModified":"2025-11-21T10:42:46+00:00","breadcrumb":{"@id":"https:\/\/now-news.de\/de\/deutschland\/das-nuernberger-russenlager-selektion-und-hungertod-am-reichsparteitagsgelaende\/#breadcrumb"},"inLanguage":"de","potentialAction":[{"@type":"ReadAction","target":["https:\/\/now-news.de\/de\/deutschland\/das-nuernberger-russenlager-selektion-und-hungertod-am-reichsparteitagsgelaende\/"]}]},{"@type":"ImageObject","inLanguage":"de","@id":"https:\/\/now-news.de\/de\/deutschland\/das-nuernberger-russenlager-selektion-und-hungertod-am-reichsparteitagsgelaende\/#primaryimage","url":"https:\/\/now-news.de\/de\/wp-content\/uploads\/sites\/3\/2025\/11\/Das-Nuernberger-quotRussenlagerquot-\u2013-Selektion-und-Hungertod-am-Reichsparteitagsgelaende.jpg","contentUrl":"https:\/\/now-news.de\/de\/wp-content\/uploads\/sites\/3\/2025\/11\/Das-Nuernberger-quotRussenlagerquot-\u2013-Selektion-und-Hungertod-am-Reichsparteitagsgelaende.jpg","width":1620,"height":1080,"caption":"Das N\u00fcrnberger &quot;Russenlager&quot; \u2013 Selektion und Hungertod am Reichsparteitagsgel\u00e4nde"},{"@type":"BreadcrumbList","@id":"https:\/\/now-news.de\/de\/deutschland\/das-nuernberger-russenlager-selektion-und-hungertod-am-reichsparteitagsgelaende\/#breadcrumb","itemListElement":[{"@type":"ListItem","position":1,"name":"Home","item":"https:\/\/now-news.de\/de\/"},{"@type":"ListItem","position":2,"name":"Das N\u00fcrnberger &quot;Russenlager&quot; \u2013 Selektion und Hungertod am Reichsparteitagsgel\u00e4nde"}]},{"@type":"WebSite","@id":"https:\/\/now-news.de\/de\/#website","url":"https:\/\/now-news.de\/de\/","name":"just-now.NEWS Deutschland","description":"Das Portal f\u00fcr unzensierte Nachrichten aus der Welt","publisher":{"@id":"https:\/\/now-news.de\/de\/#organization"},"potentialAction":[{"@type":"SearchAction","target":{"@type":"EntryPoint","urlTemplate":"https:\/\/now-news.de\/de\/?s={search_term_string}"},"query-input":"required name=search_term_string"}],"inLanguage":"de"},{"@type":"Organization","@id":"https:\/\/now-news.de\/de\/#organization","name":"Just Now News","url":"https:\/\/now-news.de\/de\/","logo":{"@type":"ImageObject","inLanguage":"de","@id":"https:\/\/now-news.de\/de\/#\/schema\/logo\/image\/","url":"http:\/\/just-now.news\/de\/wp-content\/uploads\/sites\/3\/2022\/04\/logo500x500.jpg","contentUrl":"http:\/\/just-now.news\/de\/wp-content\/uploads\/sites\/3\/2022\/04\/logo500x500.jpg","width":500,"height":500,"caption":"Just Now News"},"image":{"@id":"https:\/\/now-news.de\/de\/#\/schema\/logo\/image\/"},"sameAs":["https:\/\/www.facebook.com\/wirmachenauf","https:\/\/x.com\/WirMachenAuf_de"]},{"@type":"Person","@id":"https:\/\/now-news.de\/de\/#\/schema\/person\/fb534a4e865501d8b3285208df34a9b5","name":"rtnews","image":{"@type":"ImageObject","inLanguage":"de","@id":"https:\/\/now-news.de\/de\/#\/schema\/person\/image\/","url":"https:\/\/secure.gravatar.com\/avatar\/82aafea7d8127119dd649515f56e2117?s=96&d=mm&r=g","contentUrl":"https:\/\/secure.gravatar.com\/avatar\/82aafea7d8127119dd649515f56e2117?s=96&d=mm&r=g","caption":"rtnews"},"url":"https:\/\/now-news.de\/de\/author\/rnews\/"}]}},"_links":{"self":[{"href":"https:\/\/now-news.de\/de\/wp-json\/wp\/v2\/posts\/94409"}],"collection":[{"href":"https:\/\/now-news.de\/de\/wp-json\/wp\/v2\/posts"}],"about":[{"href":"https:\/\/now-news.de\/de\/wp-json\/wp\/v2\/types\/post"}],"author":[{"embeddable":true,"href":"https:\/\/now-news.de\/de\/wp-json\/wp\/v2\/users\/3"}],"replies":[{"embeddable":true,"href":"https:\/\/now-news.de\/de\/wp-json\/wp\/v2\/comments?post=94409"}],"version-history":[{"count":0,"href":"https:\/\/now-news.de\/de\/wp-json\/wp\/v2\/posts\/94409\/revisions"}],"wp:featuredmedia":[{"embeddable":true,"href":"https:\/\/now-news.de\/de\/wp-json\/wp\/v2\/media\/94410"}],"wp:attachment":[{"href":"https:\/\/now-news.de\/de\/wp-json\/wp\/v2\/media?parent=94409"}],"wp:term":[{"taxonomy":"category","embeddable":true,"href":"https:\/\/now-news.de\/de\/wp-json\/wp\/v2\/categories?post=94409"},{"taxonomy":"post_tag","embeddable":true,"href":"https:\/\/now-news.de\/de\/wp-json\/wp\/v2\/tags?post=94409"}],"curies":[{"name":"wp","href":"https:\/\/api.w.org\/{rel}","templated":true}]}}