{"id":94403,"date":"2025-11-21T11:34:39","date_gmt":"2025-11-21T09:34:39","guid":{"rendered":"https:\/\/now-news.de\/de\/deutschland\/usa-nehmen-strafzoelle-auf-waren-aus-brasilien-zurueck\/"},"modified":"2025-11-21T11:34:39","modified_gmt":"2025-11-21T09:34:39","slug":"usa-nehmen-strafzoelle-auf-waren-aus-brasilien-zurueck","status":"publish","type":"post","link":"https:\/\/now-news.de\/de\/deutschland\/usa-nehmen-strafzoelle-auf-waren-aus-brasilien-zurueck\/","title":{"rendered":"USA nehmen Strafz\u00f6lle auf Waren aus Brasilien zur\u00fcck"},"content":{"rendered":"<p><img decoding=\"async\" src=\"https:\/\/now-news.de\/de\/wp-content\/uploads\/sites\/3\/2025\/11\/69202e4048fbef4523271753.jpg\" \/><\/p>\n<div class=\"Text-root Text-type_1 \">\n                USA nehmen die von Pr\u00e4sident Trump gegen Brasilien wegen des strafrechtlichen Vorgehens gegen Ex-Pr\u00e4sident Jair Bolsonaro verh\u00e4ngten Strafz\u00f6lle wieder zur\u00fcck. Trump stand in den USA zuletzt wegen steigender Lebensmittelpreise zunehmend unter Druck.\n            <\/div>\n<p><\/p>\n<div class=\"Text-root Text-type_5 ArticleView-text ViewText-root \">\n<p>Die Trump-Regierung hebt die erst im Sommer verh\u00e4ngten Strafz\u00f6lle auf Lebensmittelimporte aus Brasilien auf. Wie die US-Regierung mitteilte, werden die Importgeb\u00fchren von 40 Prozent auf Rindfleisch, Kaffee und verschiedene Fr\u00fcchte aus Brasilien nicht mehr erhoben. Die Anordnung gilt r\u00fcckwirkend ab dem 13. November. Bereits gezahlte Z\u00f6lle k\u00f6nnen erstattet werden.<\/p>\n<p>Laut dem Wei\u00dfen Haus folgt die Aufhebung der Z\u00f6lle auf Gespr\u00e4che zwischen Trump und Brasiliens Staatschef Luiz In\u00e1cio Lula da Silva. Allerdings\u00a0stand Trump in den USA zuletzt wegen steigender Lebensmittelpreise zunehmend unter Druck.<\/p>\n<p>Brasiliens Pr\u00e4sident Lula begr\u00fc\u00dfte den Schritt der USA und sagte, er sei &#8220;gl\u00fccklich&#8221;. &#8220;Diese Dinge werden geschehen, wenn wir es schaffen, den Respekt der Menschen zu gewinnen&#8221;, sagte er. Brasilien liefert ein Drittel des in den USA konsumierten Kaffees und hat sich in j\u00fcngster Zeit zu einem wichtigen Lieferanten von Rindfleisch entwickelt.<\/p>\n<p>In dem Dekret, das Trump am Donnerstag unterzeichnete, wurden die Ma\u00dfnahmen gegen brasilianische Beh\u00f6rden, die an der Strafverfolgung und Verurteilung des ehemaligen Pr\u00e4sidenten Jair Bolsonaro beteiligt waren, nicht erw\u00e4hnt.\u00a0<\/p>\n<p>Washington hatte im Juli als Reaktion auf die strafrechtliche Verfolgung von Brasiliens ehemaligem Pr\u00e4sidenten Jair Bolsonaro Z\u00f6lle eingef\u00fchrt. Im September wurde Bolsonaro schlie\u00dflich wegen des Versuchs eines Staatsstreichs zu mehr als 27 Jahren Haft verurteilt. Trump hatte das Vorgehen gegen Bolsonaro als politisch motiviert bezeichnet und sich damit klar in die inneren Angelegenheiten Brasiliens eingemischt.<\/p>\n<p><strong>Mehr zum Thema<\/strong> &#8211; <a rel=\"nofollow noopener\" target=\"_blank\" href=\"https:\/\/freedert.online\/amerika\/262264-buergermeister-von-rio-beschimpft-merz\/\">B\u00fcrgermeister von Rio beschimpft Merz als &#8220;Hitlers Bengel&#8221; \u2013 und rudert nach Kritik zur\u00fcck<\/a><\/p>\n<div class=\"EmbedBlock-root EmbedBlock-externalVideo EmbedBlock-rumble\">\n<div class=\"VkEmbed\"><iframe class=\"lazyload\" data-src=\"https:\/\/rumble.com\/embed\/v6zr7fk\" frameborder=\"0\" width=\"853\" height=\"480\" allowfullscreen><\/iframe><\/div>\n<\/div>\n<\/div>\n<p><br \/>\n<br \/><a href=\"https:\/\/de.rt.com\/international\/262444-usa-nehmen-strafzoelle-auf-waren\/\">Source link <\/a><\/p>\n","protected":false},"excerpt":{"rendered":"<p>USA nehmen die von Pr\u00e4sident Trump gegen Brasilien wegen des strafrechtlichen Vorgehens gegen Ex-Pr\u00e4sident Jair Bolsonaro verh\u00e4ngten Strafz\u00f6lle wieder zur\u00fcck. Trump stand in den USA zuletzt wegen steigender Lebensmittelpreise zunehmend unter Druck. Die Trump-Regierung hebt die erst im Sommer verh\u00e4ngten Strafz\u00f6lle auf Lebensmittelimporte aus Brasilien auf. Wie die US-Regierung mitteilte, werden die Importgeb\u00fchren von 40 [&hellip;]<\/p>\n","protected":false},"author":3,"featured_media":94404,"comment_status":"open","ping_status":"open","sticky":false,"template":"","format":"standard","meta":{"_yoast_indexnow_last_ping":["1763718371"],"wp_automatic_camp":["217"],"d94743cfa5c47527d75c49dc063cfbf9":["USA nehmen Strafz\u00f6lle auf Waren aus Brasilien zur\u00fcck"],"original_link":["https:\/\/de.rt.com\/international\/262444-usa-nehmen-strafzoelle-auf-waren\/"],"_thumbnail_id":["94404"],"jnews_social_counter_last_update":["1777606383"],"_wptgpro_p2tg_sent2tg":["a:1:{i:23737;s:19:\"2025-11-21 11:47:13\";}"]},"categories":[19,23],"tags":[133,679,10646,7299,54193,193,6518,3337],"yoast_head":"<!-- This site is optimized with the Yoast SEO Premium plugin v22.7 (Yoast SEO v22.7) - https:\/\/yoast.com\/wordpress\/plugins\/seo\/ -->\n<title>USA nehmen Strafz\u00f6lle auf Waren aus Brasilien zur\u00fcck - just-now.NEWS Deutschland<\/title>\n<meta name=\"robots\" content=\"index, follow, max-snippet:-1, max-image-preview:large, max-video-preview:-1\" \/>\n<link rel=\"canonical\" href=\"https:\/\/now-news.de\/de\/deutschland\/usa-nehmen-strafzoelle-auf-waren-aus-brasilien-zurueck\/\" \/>\n<meta property=\"og:locale\" content=\"de_DE\" \/>\n<meta property=\"og:type\" content=\"article\" \/>\n<meta property=\"og:title\" content=\"USA nehmen Strafz\u00f6lle auf Waren aus Brasilien zur\u00fcck\" \/>\n<meta property=\"og:description\" content=\"USA nehmen die von Pr\u00e4sident Trump gegen Brasilien wegen des strafrechtlichen Vorgehens gegen Ex-Pr\u00e4sident Jair Bolsonaro verh\u00e4ngten Strafz\u00f6lle wieder zur\u00fcck. Trump stand in den USA zuletzt wegen steigender Lebensmittelpreise zunehmend unter Druck. Die Trump-Regierung hebt die erst im Sommer verh\u00e4ngten Strafz\u00f6lle auf Lebensmittelimporte aus Brasilien auf. Wie die US-Regierung mitteilte, werden die Importgeb\u00fchren von 40 [&hellip;]\" \/>\n<meta property=\"og:url\" content=\"https:\/\/now-news.de\/de\/deutschland\/usa-nehmen-strafzoelle-auf-waren-aus-brasilien-zurueck\/\" \/>\n<meta property=\"og:site_name\" content=\"just-now.NEWS Deutschland\" \/>\n<meta property=\"article:publisher\" content=\"https:\/\/www.facebook.com\/wirmachenauf\" \/>\n<meta property=\"article:published_time\" content=\"2025-11-21T09:34:39+00:00\" \/>\n<meta property=\"og:image\" content=\"https:\/\/now-news.de\/de\/wp-content\/uploads\/sites\/3\/2025\/11\/69202e4048fbef4523271753.jpg\" \/>\n<meta name=\"author\" content=\"rtnews\" \/>\n<meta name=\"twitter:card\" content=\"summary_large_image\" \/>\n<meta name=\"twitter:creator\" content=\"@WirMachenAuf_de\" \/>\n<meta name=\"twitter:site\" content=\"@WirMachenAuf_de\" \/>\n<meta name=\"twitter:label1\" content=\"Verfasst von\" \/>\n\t<meta name=\"twitter:data1\" content=\"rtnews\" \/>\n\t<meta name=\"twitter:label2\" content=\"Gesch\u00e4tzte Lesezeit\" \/>\n\t<meta name=\"twitter:data2\" content=\"1\u00a0Minute\" \/>\n<script type=\"application\/ld+json\" class=\"yoast-schema-graph\">{\"@context\":\"https:\/\/schema.org\",\"@graph\":[{\"@type\":\"Article\",\"@id\":\"https:\/\/now-news.de\/de\/deutschland\/usa-nehmen-strafzoelle-auf-waren-aus-brasilien-zurueck\/#article\",\"isPartOf\":{\"@id\":\"https:\/\/now-news.de\/de\/deutschland\/usa-nehmen-strafzoelle-auf-waren-aus-brasilien-zurueck\/\"},\"author\":{\"name\":\"rtnews\",\"@id\":\"https:\/\/now-news.de\/de\/#\/schema\/person\/fb534a4e865501d8b3285208df34a9b5\"},\"headline\":\"USA nehmen Strafz\u00f6lle auf Waren aus Brasilien zur\u00fcck\",\"datePublished\":\"2025-11-21T09:34:39+00:00\",\"dateModified\":\"2025-11-21T09:34:39+00:00\",\"mainEntityOfPage\":{\"@id\":\"https:\/\/now-news.de\/de\/deutschland\/usa-nehmen-strafzoelle-auf-waren-aus-brasilien-zurueck\/\"},\"wordCount\":308,\"commentCount\":0,\"publisher\":{\"@id\":\"https:\/\/now-news.de\/de\/#organization\"},\"image\":{\"@id\":\"https:\/\/now-news.de\/de\/deutschland\/usa-nehmen-strafzoelle-auf-waren-aus-brasilien-zurueck\/#primaryimage\"},\"thumbnailUrl\":\"https:\/\/now-news.de\/de\/wp-content\/uploads\/sites\/3\/2025\/11\/USA-nehmen-Strafzoelle-auf-Waren-aus-Brasilien-zurueck.jpg\",\"keywords\":[\"AUF\",\"aus\",\"Brasilien\",\"nehmen\",\"Strafz\u00f6lle\",\"USA\",\"waren\",\"zur\u00fcck\"],\"articleSection\":[\"Deutschland\",\"Russland\"],\"inLanguage\":\"de\",\"potentialAction\":[{\"@type\":\"CommentAction\",\"name\":\"Comment\",\"target\":[\"https:\/\/now-news.de\/de\/deutschland\/usa-nehmen-strafzoelle-auf-waren-aus-brasilien-zurueck\/#respond\"]}]},{\"@type\":\"WebPage\",\"@id\":\"https:\/\/now-news.de\/de\/deutschland\/usa-nehmen-strafzoelle-auf-waren-aus-brasilien-zurueck\/\",\"url\":\"https:\/\/now-news.de\/de\/deutschland\/usa-nehmen-strafzoelle-auf-waren-aus-brasilien-zurueck\/\",\"name\":\"USA nehmen Strafz\u00f6lle auf Waren aus Brasilien zur\u00fcck - just-now.NEWS Deutschland\",\"isPartOf\":{\"@id\":\"https:\/\/now-news.de\/de\/#website\"},\"primaryImageOfPage\":{\"@id\":\"https:\/\/now-news.de\/de\/deutschland\/usa-nehmen-strafzoelle-auf-waren-aus-brasilien-zurueck\/#primaryimage\"},\"image\":{\"@id\":\"https:\/\/now-news.de\/de\/deutschland\/usa-nehmen-strafzoelle-auf-waren-aus-brasilien-zurueck\/#primaryimage\"},\"thumbnailUrl\":\"https:\/\/now-news.de\/de\/wp-content\/uploads\/sites\/3\/2025\/11\/USA-nehmen-Strafzoelle-auf-Waren-aus-Brasilien-zurueck.jpg\",\"datePublished\":\"2025-11-21T09:34:39+00:00\",\"dateModified\":\"2025-11-21T09:34:39+00:00\",\"breadcrumb\":{\"@id\":\"https:\/\/now-news.de\/de\/deutschland\/usa-nehmen-strafzoelle-auf-waren-aus-brasilien-zurueck\/#breadcrumb\"},\"inLanguage\":\"de\",\"potentialAction\":[{\"@type\":\"ReadAction\",\"target\":[\"https:\/\/now-news.de\/de\/deutschland\/usa-nehmen-strafzoelle-auf-waren-aus-brasilien-zurueck\/\"]}]},{\"@type\":\"ImageObject\",\"inLanguage\":\"de\",\"@id\":\"https:\/\/now-news.de\/de\/deutschland\/usa-nehmen-strafzoelle-auf-waren-aus-brasilien-zurueck\/#primaryimage\",\"url\":\"https:\/\/now-news.de\/de\/wp-content\/uploads\/sites\/3\/2025\/11\/USA-nehmen-Strafzoelle-auf-Waren-aus-Brasilien-zurueck.jpg\",\"contentUrl\":\"https:\/\/now-news.de\/de\/wp-content\/uploads\/sites\/3\/2025\/11\/USA-nehmen-Strafzoelle-auf-Waren-aus-Brasilien-zurueck.jpg\",\"width\":460,\"height\":259,\"caption\":\"USA nehmen Strafz\u00f6lle auf Waren aus Brasilien zur\u00fcck\"},{\"@type\":\"BreadcrumbList\",\"@id\":\"https:\/\/now-news.de\/de\/deutschland\/usa-nehmen-strafzoelle-auf-waren-aus-brasilien-zurueck\/#breadcrumb\",\"itemListElement\":[{\"@type\":\"ListItem\",\"position\":1,\"name\":\"Home\",\"item\":\"https:\/\/now-news.de\/de\/\"},{\"@type\":\"ListItem\",\"position\":2,\"name\":\"USA nehmen Strafz\u00f6lle auf Waren aus Brasilien zur\u00fcck\"}]},{\"@type\":\"WebSite\",\"@id\":\"https:\/\/now-news.de\/de\/#website\",\"url\":\"https:\/\/now-news.de\/de\/\",\"name\":\"just-now.NEWS Deutschland\",\"description\":\"Das Portal f\u00fcr unzensierte Nachrichten aus der Welt\",\"publisher\":{\"@id\":\"https:\/\/now-news.de\/de\/#organization\"},\"potentialAction\":[{\"@type\":\"SearchAction\",\"target\":{\"@type\":\"EntryPoint\",\"urlTemplate\":\"https:\/\/now-news.de\/de\/?s={search_term_string}\"},\"query-input\":\"required name=search_term_string\"}],\"inLanguage\":\"de\"},{\"@type\":\"Organization\",\"@id\":\"https:\/\/now-news.de\/de\/#organization\",\"name\":\"Just Now News\",\"url\":\"https:\/\/now-news.de\/de\/\",\"logo\":{\"@type\":\"ImageObject\",\"inLanguage\":\"de\",\"@id\":\"https:\/\/now-news.de\/de\/#\/schema\/logo\/image\/\",\"url\":\"http:\/\/just-now.news\/de\/wp-content\/uploads\/sites\/3\/2022\/04\/logo500x500.jpg\",\"contentUrl\":\"http:\/\/just-now.news\/de\/wp-content\/uploads\/sites\/3\/2022\/04\/logo500x500.jpg\",\"width\":500,\"height\":500,\"caption\":\"Just Now News\"},\"image\":{\"@id\":\"https:\/\/now-news.de\/de\/#\/schema\/logo\/image\/\"},\"sameAs\":[\"https:\/\/www.facebook.com\/wirmachenauf\",\"https:\/\/x.com\/WirMachenAuf_de\"]},{\"@type\":\"Person\",\"@id\":\"https:\/\/now-news.de\/de\/#\/schema\/person\/fb534a4e865501d8b3285208df34a9b5\",\"name\":\"rtnews\",\"image\":{\"@type\":\"ImageObject\",\"inLanguage\":\"de\",\"@id\":\"https:\/\/now-news.de\/de\/#\/schema\/person\/image\/\",\"url\":\"https:\/\/secure.gravatar.com\/avatar\/82aafea7d8127119dd649515f56e2117?s=96&d=mm&r=g\",\"contentUrl\":\"https:\/\/secure.gravatar.com\/avatar\/82aafea7d8127119dd649515f56e2117?s=96&d=mm&r=g\",\"caption\":\"rtnews\"},\"url\":\"https:\/\/now-news.de\/de\/author\/rnews\/\"}]}<\/script>\n<!-- \/ Yoast SEO Premium plugin. -->","yoast_head_json":{"title":"USA nehmen Strafz\u00f6lle auf Waren aus Brasilien zur\u00fcck - just-now.NEWS Deutschland","robots":{"index":"index","follow":"follow","max-snippet":"max-snippet:-1","max-image-preview":"max-image-preview:large","max-video-preview":"max-video-preview:-1"},"canonical":"https:\/\/now-news.de\/de\/deutschland\/usa-nehmen-strafzoelle-auf-waren-aus-brasilien-zurueck\/","og_locale":"de_DE","og_type":"article","og_title":"USA nehmen Strafz\u00f6lle auf Waren aus Brasilien zur\u00fcck","og_description":"USA nehmen die von Pr\u00e4sident Trump gegen Brasilien wegen des strafrechtlichen Vorgehens gegen Ex-Pr\u00e4sident Jair Bolsonaro verh\u00e4ngten Strafz\u00f6lle wieder zur\u00fcck. Trump stand in den USA zuletzt wegen steigender Lebensmittelpreise zunehmend unter Druck. Die Trump-Regierung hebt die erst im Sommer verh\u00e4ngten Strafz\u00f6lle auf Lebensmittelimporte aus Brasilien auf. Wie die US-Regierung mitteilte, werden die Importgeb\u00fchren von 40 [&hellip;]","og_url":"https:\/\/now-news.de\/de\/deutschland\/usa-nehmen-strafzoelle-auf-waren-aus-brasilien-zurueck\/","og_site_name":"just-now.NEWS Deutschland","article_publisher":"https:\/\/www.facebook.com\/wirmachenauf","article_published_time":"2025-11-21T09:34:39+00:00","og_image":[{"url":"https:\/\/now-news.de\/de\/wp-content\/uploads\/sites\/3\/2025\/11\/69202e4048fbef4523271753.jpg"}],"author":"rtnews","twitter_card":"summary_large_image","twitter_creator":"@WirMachenAuf_de","twitter_site":"@WirMachenAuf_de","twitter_misc":{"Verfasst von":"rtnews","Gesch\u00e4tzte Lesezeit":"1\u00a0Minute"},"schema":{"@context":"https:\/\/schema.org","@graph":[{"@type":"Article","@id":"https:\/\/now-news.de\/de\/deutschland\/usa-nehmen-strafzoelle-auf-waren-aus-brasilien-zurueck\/#article","isPartOf":{"@id":"https:\/\/now-news.de\/de\/deutschland\/usa-nehmen-strafzoelle-auf-waren-aus-brasilien-zurueck\/"},"author":{"name":"rtnews","@id":"https:\/\/now-news.de\/de\/#\/schema\/person\/fb534a4e865501d8b3285208df34a9b5"},"headline":"USA nehmen Strafz\u00f6lle auf Waren aus Brasilien zur\u00fcck","datePublished":"2025-11-21T09:34:39+00:00","dateModified":"2025-11-21T09:34:39+00:00","mainEntityOfPage":{"@id":"https:\/\/now-news.de\/de\/deutschland\/usa-nehmen-strafzoelle-auf-waren-aus-brasilien-zurueck\/"},"wordCount":308,"commentCount":0,"publisher":{"@id":"https:\/\/now-news.de\/de\/#organization"},"image":{"@id":"https:\/\/now-news.de\/de\/deutschland\/usa-nehmen-strafzoelle-auf-waren-aus-brasilien-zurueck\/#primaryimage"},"thumbnailUrl":"https:\/\/now-news.de\/de\/wp-content\/uploads\/sites\/3\/2025\/11\/USA-nehmen-Strafzoelle-auf-Waren-aus-Brasilien-zurueck.jpg","keywords":["AUF","aus","Brasilien","nehmen","Strafz\u00f6lle","USA","waren","zur\u00fcck"],"articleSection":["Deutschland","Russland"],"inLanguage":"de","potentialAction":[{"@type":"CommentAction","name":"Comment","target":["https:\/\/now-news.de\/de\/deutschland\/usa-nehmen-strafzoelle-auf-waren-aus-brasilien-zurueck\/#respond"]}]},{"@type":"WebPage","@id":"https:\/\/now-news.de\/de\/deutschland\/usa-nehmen-strafzoelle-auf-waren-aus-brasilien-zurueck\/","url":"https:\/\/now-news.de\/de\/deutschland\/usa-nehmen-strafzoelle-auf-waren-aus-brasilien-zurueck\/","name":"USA nehmen Strafz\u00f6lle auf Waren aus Brasilien zur\u00fcck - just-now.NEWS Deutschland","isPartOf":{"@id":"https:\/\/now-news.de\/de\/#website"},"primaryImageOfPage":{"@id":"https:\/\/now-news.de\/de\/deutschland\/usa-nehmen-strafzoelle-auf-waren-aus-brasilien-zurueck\/#primaryimage"},"image":{"@id":"https:\/\/now-news.de\/de\/deutschland\/usa-nehmen-strafzoelle-auf-waren-aus-brasilien-zurueck\/#primaryimage"},"thumbnailUrl":"https:\/\/now-news.de\/de\/wp-content\/uploads\/sites\/3\/2025\/11\/USA-nehmen-Strafzoelle-auf-Waren-aus-Brasilien-zurueck.jpg","datePublished":"2025-11-21T09:34:39+00:00","dateModified":"2025-11-21T09:34:39+00:00","breadcrumb":{"@id":"https:\/\/now-news.de\/de\/deutschland\/usa-nehmen-strafzoelle-auf-waren-aus-brasilien-zurueck\/#breadcrumb"},"inLanguage":"de","potentialAction":[{"@type":"ReadAction","target":["https:\/\/now-news.de\/de\/deutschland\/usa-nehmen-strafzoelle-auf-waren-aus-brasilien-zurueck\/"]}]},{"@type":"ImageObject","inLanguage":"de","@id":"https:\/\/now-news.de\/de\/deutschland\/usa-nehmen-strafzoelle-auf-waren-aus-brasilien-zurueck\/#primaryimage","url":"https:\/\/now-news.de\/de\/wp-content\/uploads\/sites\/3\/2025\/11\/USA-nehmen-Strafzoelle-auf-Waren-aus-Brasilien-zurueck.jpg","contentUrl":"https:\/\/now-news.de\/de\/wp-content\/uploads\/sites\/3\/2025\/11\/USA-nehmen-Strafzoelle-auf-Waren-aus-Brasilien-zurueck.jpg","width":460,"height":259,"caption":"USA nehmen Strafz\u00f6lle auf Waren aus Brasilien zur\u00fcck"},{"@type":"BreadcrumbList","@id":"https:\/\/now-news.de\/de\/deutschland\/usa-nehmen-strafzoelle-auf-waren-aus-brasilien-zurueck\/#breadcrumb","itemListElement":[{"@type":"ListItem","position":1,"name":"Home","item":"https:\/\/now-news.de\/de\/"},{"@type":"ListItem","position":2,"name":"USA nehmen Strafz\u00f6lle auf Waren aus Brasilien zur\u00fcck"}]},{"@type":"WebSite","@id":"https:\/\/now-news.de\/de\/#website","url":"https:\/\/now-news.de\/de\/","name":"just-now.NEWS Deutschland","description":"Das Portal f\u00fcr unzensierte Nachrichten aus der Welt","publisher":{"@id":"https:\/\/now-news.de\/de\/#organization"},"potentialAction":[{"@type":"SearchAction","target":{"@type":"EntryPoint","urlTemplate":"https:\/\/now-news.de\/de\/?s={search_term_string}"},"query-input":"required name=search_term_string"}],"inLanguage":"de"},{"@type":"Organization","@id":"https:\/\/now-news.de\/de\/#organization","name":"Just Now News","url":"https:\/\/now-news.de\/de\/","logo":{"@type":"ImageObject","inLanguage":"de","@id":"https:\/\/now-news.de\/de\/#\/schema\/logo\/image\/","url":"http:\/\/just-now.news\/de\/wp-content\/uploads\/sites\/3\/2022\/04\/logo500x500.jpg","contentUrl":"http:\/\/just-now.news\/de\/wp-content\/uploads\/sites\/3\/2022\/04\/logo500x500.jpg","width":500,"height":500,"caption":"Just Now News"},"image":{"@id":"https:\/\/now-news.de\/de\/#\/schema\/logo\/image\/"},"sameAs":["https:\/\/www.facebook.com\/wirmachenauf","https:\/\/x.com\/WirMachenAuf_de"]},{"@type":"Person","@id":"https:\/\/now-news.de\/de\/#\/schema\/person\/fb534a4e865501d8b3285208df34a9b5","name":"rtnews","image":{"@type":"ImageObject","inLanguage":"de","@id":"https:\/\/now-news.de\/de\/#\/schema\/person\/image\/","url":"https:\/\/secure.gravatar.com\/avatar\/82aafea7d8127119dd649515f56e2117?s=96&d=mm&r=g","contentUrl":"https:\/\/secure.gravatar.com\/avatar\/82aafea7d8127119dd649515f56e2117?s=96&d=mm&r=g","caption":"rtnews"},"url":"https:\/\/now-news.de\/de\/author\/rnews\/"}]}},"_links":{"self":[{"href":"https:\/\/now-news.de\/de\/wp-json\/wp\/v2\/posts\/94403"}],"collection":[{"href":"https:\/\/now-news.de\/de\/wp-json\/wp\/v2\/posts"}],"about":[{"href":"https:\/\/now-news.de\/de\/wp-json\/wp\/v2\/types\/post"}],"author":[{"embeddable":true,"href":"https:\/\/now-news.de\/de\/wp-json\/wp\/v2\/users\/3"}],"replies":[{"embeddable":true,"href":"https:\/\/now-news.de\/de\/wp-json\/wp\/v2\/comments?post=94403"}],"version-history":[{"count":0,"href":"https:\/\/now-news.de\/de\/wp-json\/wp\/v2\/posts\/94403\/revisions"}],"wp:featuredmedia":[{"embeddable":true,"href":"https:\/\/now-news.de\/de\/wp-json\/wp\/v2\/media\/94404"}],"wp:attachment":[{"href":"https:\/\/now-news.de\/de\/wp-json\/wp\/v2\/media?parent=94403"}],"wp:term":[{"taxonomy":"category","embeddable":true,"href":"https:\/\/now-news.de\/de\/wp-json\/wp\/v2\/categories?post=94403"},{"taxonomy":"post_tag","embeddable":true,"href":"https:\/\/now-news.de\/de\/wp-json\/wp\/v2\/tags?post=94403"}],"curies":[{"name":"wp","href":"https:\/\/api.w.org\/{rel}","templated":true}]}}