{"id":94265,"date":"2025-11-19T16:13:39","date_gmt":"2025-11-19T14:13:39","guid":{"rendered":"https:\/\/now-news.de\/de\/deutschland\/ezb-warnt-vor-finanz-crash-merz-wiegelt-ab\/"},"modified":"2025-11-19T16:13:39","modified_gmt":"2025-11-19T14:13:39","slug":"ezb-warnt-vor-finanz-crash-merz-wiegelt-ab","status":"publish","type":"post","link":"https:\/\/now-news.de\/de\/deutschland\/ezb-warnt-vor-finanz-crash-merz-wiegelt-ab\/","title":{"rendered":"EZB warnt vor Finanz-Crash \u2013 Merz wiegelt ab"},"content":{"rendered":"<p><img decoding=\"async\" src=\"https:\/\/now-news.de\/de\/wp-content\/uploads\/sites\/3\/2025\/11\/691d972bb480cc0a5f53f37b.jpg\" \/><\/p>\n<div class=\"Text-root Text-type_1 \">\n                Die Risiken f\u00fcr einen gro\u00dfen Finanz-Crash haben sich erh\u00f6ht, warnt die EZB. Internationale Spannungen lassen Extremereignisse an den M\u00e4rkten wahrscheinlicher werden. Bundeskanzler Merz sieht das anders und geht im Interesse seines ehemaligen Arbeitgebers Blackrock zur EZB auf Konfrontationskurs.\n            <\/div>\n<p><\/p>\n<div class=\"Text-root Text-type_5 ArticleView-text ViewText-root \">\n<p>W\u00e4hrend sich die Talfahrt an den B\u00f6rsen heute fortsetzt, \u00fcberrascht die EZB mit einer Warnung. Die Nachricht d\u00fcrfte kaum zur Beruhigung der M\u00e4rkte beitragen. Angesichts internationaler Spannungen seien Extremereignisse wahrscheinlicher geworden, hei\u00dft es aus Frankfurt. Zudem habe sich durch Handelskriege, aber auch durch den Klimawandel das Risiko insgesamt erh\u00f6ht.\u00a0<\/p>\n<p><em>&#8220;Geopolitische Spannungen, eine ver\u00e4nderte Handelspolitik, Klima- und Naturkrisen, der demografische Wandel und technologische Umbr\u00fcche versch\u00e4rfen strukturelle Schwachstellen&#8221;, <\/em><\/p>\n<p>teilte die EZB in Frankfurt mit.<em><\/em><\/p>\n<p>Die EZB k\u00fcndigte daher einen Stresstest f\u00fcr die Banken des Euroraums an, um deren Widerstandsf\u00e4higkeit f\u00fcr den Fall eines umfassenden Zahlungsausfalls zu \u00fcberpr\u00fcfen.<\/p>\n<p>Die EZB signalisiert damit, dass sie nicht an die Stabilit\u00e4t der gegenw\u00e4rtigen Situation glaubt. Vor diesem Hintergrund sind die \u00dcberlegungen der EU-Kommission, das in der EU eingefrorene russische Verm\u00f6gen zu konfiszieren, besonders beunruhigend. Experten sind sich einig, dass dies ein verheerendes Signal an die M\u00e4rkte w\u00e4re, das eine schwere Finanzkrise ausl\u00f6sen k\u00f6nnte. Die EU w\u00fcrde damit signalisieren, dass Einlagen in der EU nicht sicher sind. Zu erwarten w\u00e4re daher eine Flucht der Anleger aus dem Euro.\u00a0<\/p>\n<p>Gleichzeitig deutet sich ein Streit zwischen Deutschland und der EZB an. Bundeskanzler Merz h\u00e4lt die Eigenkapitalanforderungen und Vorschriften der EZB gegen\u00fcber Banken f\u00fcr zu streng. Merz will daher die Vorgaben &#8220;Basel III&#8221; der EZB in Deutschland lax umsetzen. Der ehemalige Blackrock- Vorstandsvorsitzende Merz zielt offenbar darauf ab, so mehr Kapital an die B\u00f6rsen zu bringen. Blackrock w\u00fcrde von niedrigeren Eigenkapitalanforderungen an Banken profitieren, gleichzeitig w\u00fcrde sich dadurch aber das Risiko eines Bankencrashs, der unter Umst\u00e4nden eine neue Finanzkrise ausl\u00f6sen k\u00f6nnte, deutlich erh\u00f6hen.\u00a0<\/p>\n<p>Die Eigenkapitalanforderungen an Banken waren nach der Pleite der Investmentbank Lehman Brothers im Jahr 2008 und dem sich daran anschlie\u00dfenden weltweiten Finanzcrash erh\u00f6ht worden.\u00a0<\/p>\n<p>Vor einer im Westen ausgel\u00f6sten Finanzkrise w\u00e4re Russland aufgrund der Sanktionen weitgehend gesch\u00fctzt. Der russische Finanzmarkt wurde vom westlichen Bankensystem weitgehend abgeschnitten. Risiken f\u00fcr Russland w\u00fcrden sich lediglich aus sinkenden Rohstoffpreisen aufgrund einer weltweiten Rezession ergeben.<\/p>\n<p><strong>Mehr zum Thema<\/strong>\u00a0\u2013 <a rel=\"nofollow noopener\" target=\"_blank\" href=\"https:\/\/freedert.online\/wirtschaft\/262097-bitcoin-stuerzt-unter-90000-dollar\/\">Bitcoin st\u00fcrzt unter 90.000 Dollar \u2013 Kryptomarkt verliert \u00fcber 500 Milliarden Dollar in einer Woche<\/a><\/p>\n<div class=\"EmbedBlock-root EmbedBlock-externalVideo EmbedBlock-rumble\">\n<div class=\"VkEmbed\"><iframe class=\"lazyload\" data-src=\"https:\/\/rumble.com\/embed\/v6zqd30\" frameborder=\"0\" width=\"853\" height=\"480\" allowfullscreen><\/iframe><\/div>\n<\/div>\n<\/div>\n<p><br \/>\n<br \/><a href=\"https:\/\/de.rt.com\/europa\/262226-ezb-warnt-vor-finanz-crash\/\">Source link <\/a><\/p>\n","protected":false},"excerpt":{"rendered":"<p>Die Risiken f\u00fcr einen gro\u00dfen Finanz-Crash haben sich erh\u00f6ht, warnt die EZB. Internationale Spannungen lassen Extremereignisse an den M\u00e4rkten wahrscheinlicher werden. Bundeskanzler Merz sieht das anders und geht im Interesse seines ehemaligen Arbeitgebers Blackrock zur EZB auf Konfrontationskurs. W\u00e4hrend sich die Talfahrt an den B\u00f6rsen heute fortsetzt, \u00fcberrascht die EZB mit einer Warnung. Die Nachricht [&hellip;]<\/p>\n","protected":false},"author":3,"featured_media":94266,"comment_status":"open","ping_status":"open","sticky":false,"template":"","format":"standard","meta":{"_yoast_indexnow_last_ping":["1763562481"],"wp_automatic_camp":["217"],"826531a46c0d2e40f909a694662cf2f9":["EZB warnt vor Finanz-Crash \u2013 Merz wiegelt ab"],"original_link":["https:\/\/de.rt.com\/europa\/262226-ezb-warnt-vor-finanz-crash\/"],"_thumbnail_id":["94266"],"jnews_social_counter_last_update":["1777322309"],"_wptgpro_p2tg_sent2tg":["a:1:{i:23737;s:19:\"2025-11-19 16:29:01\";}"]},"categories":[19,23],"tags":[1082,1095,18728,320,912,69296],"yoast_head":"<!-- This site is optimized with the Yoast SEO Premium plugin v22.7 (Yoast SEO v22.7) - https:\/\/yoast.com\/wordpress\/plugins\/seo\/ -->\n<title>EZB warnt vor Finanz-Crash \u2013 Merz wiegelt ab - just-now.NEWS Deutschland<\/title>\n<meta name=\"robots\" content=\"index, follow, max-snippet:-1, max-image-preview:large, max-video-preview:-1\" \/>\n<link rel=\"canonical\" href=\"https:\/\/now-news.de\/de\/deutschland\/ezb-warnt-vor-finanz-crash-merz-wiegelt-ab\/\" \/>\n<meta property=\"og:locale\" content=\"de_DE\" \/>\n<meta property=\"og:type\" content=\"article\" \/>\n<meta property=\"og:title\" content=\"EZB warnt vor Finanz-Crash \u2013 Merz wiegelt ab\" \/>\n<meta property=\"og:description\" content=\"Die Risiken f\u00fcr einen gro\u00dfen Finanz-Crash haben sich erh\u00f6ht, warnt die EZB. Internationale Spannungen lassen Extremereignisse an den M\u00e4rkten wahrscheinlicher werden. Bundeskanzler Merz sieht das anders und geht im Interesse seines ehemaligen Arbeitgebers Blackrock zur EZB auf Konfrontationskurs. W\u00e4hrend sich die Talfahrt an den B\u00f6rsen heute fortsetzt, \u00fcberrascht die EZB mit einer Warnung. Die Nachricht [&hellip;]\" \/>\n<meta property=\"og:url\" content=\"https:\/\/now-news.de\/de\/deutschland\/ezb-warnt-vor-finanz-crash-merz-wiegelt-ab\/\" \/>\n<meta property=\"og:site_name\" content=\"just-now.NEWS Deutschland\" \/>\n<meta property=\"article:publisher\" content=\"https:\/\/www.facebook.com\/wirmachenauf\" \/>\n<meta property=\"article:published_time\" content=\"2025-11-19T14:13:39+00:00\" \/>\n<meta property=\"og:image\" content=\"https:\/\/now-news.de\/de\/wp-content\/uploads\/sites\/3\/2025\/11\/691d972bb480cc0a5f53f37b.jpg\" \/>\n<meta name=\"author\" content=\"rtnews\" \/>\n<meta name=\"twitter:card\" content=\"summary_large_image\" \/>\n<meta name=\"twitter:creator\" content=\"@WirMachenAuf_de\" \/>\n<meta name=\"twitter:site\" content=\"@WirMachenAuf_de\" \/>\n<meta name=\"twitter:label1\" content=\"Verfasst von\" \/>\n\t<meta name=\"twitter:data1\" content=\"rtnews\" \/>\n\t<meta name=\"twitter:label2\" content=\"Gesch\u00e4tzte Lesezeit\" \/>\n\t<meta name=\"twitter:data2\" content=\"2\u00a0Minuten\" \/>\n<script type=\"application\/ld+json\" class=\"yoast-schema-graph\">{\"@context\":\"https:\/\/schema.org\",\"@graph\":[{\"@type\":\"Article\",\"@id\":\"https:\/\/now-news.de\/de\/deutschland\/ezb-warnt-vor-finanz-crash-merz-wiegelt-ab\/#article\",\"isPartOf\":{\"@id\":\"https:\/\/now-news.de\/de\/deutschland\/ezb-warnt-vor-finanz-crash-merz-wiegelt-ab\/\"},\"author\":{\"name\":\"rtnews\",\"@id\":\"https:\/\/now-news.de\/de\/#\/schema\/person\/fb534a4e865501d8b3285208df34a9b5\"},\"headline\":\"EZB warnt vor Finanz-Crash \u2013 Merz wiegelt ab\",\"datePublished\":\"2025-11-19T14:13:39+00:00\",\"dateModified\":\"2025-11-19T14:13:39+00:00\",\"mainEntityOfPage\":{\"@id\":\"https:\/\/now-news.de\/de\/deutschland\/ezb-warnt-vor-finanz-crash-merz-wiegelt-ab\/\"},\"wordCount\":420,\"commentCount\":0,\"publisher\":{\"@id\":\"https:\/\/now-news.de\/de\/#organization\"},\"image\":{\"@id\":\"https:\/\/now-news.de\/de\/deutschland\/ezb-warnt-vor-finanz-crash-merz-wiegelt-ab\/#primaryimage\"},\"thumbnailUrl\":\"https:\/\/now-news.de\/de\/wp-content\/uploads\/sites\/3\/2025\/11\/EZB-warnt-vor-Finanz-Crash-\u2013-Merz-wiegelt-ab.jpg\",\"keywords\":[\"EZB\",\"finanzcrash\",\"Merz\",\"vor\",\"warnt\",\"wiegelt\"],\"articleSection\":[\"Deutschland\",\"Russland\"],\"inLanguage\":\"de\",\"potentialAction\":[{\"@type\":\"CommentAction\",\"name\":\"Comment\",\"target\":[\"https:\/\/now-news.de\/de\/deutschland\/ezb-warnt-vor-finanz-crash-merz-wiegelt-ab\/#respond\"]}]},{\"@type\":\"WebPage\",\"@id\":\"https:\/\/now-news.de\/de\/deutschland\/ezb-warnt-vor-finanz-crash-merz-wiegelt-ab\/\",\"url\":\"https:\/\/now-news.de\/de\/deutschland\/ezb-warnt-vor-finanz-crash-merz-wiegelt-ab\/\",\"name\":\"EZB warnt vor Finanz-Crash \u2013 Merz wiegelt ab - just-now.NEWS Deutschland\",\"isPartOf\":{\"@id\":\"https:\/\/now-news.de\/de\/#website\"},\"primaryImageOfPage\":{\"@id\":\"https:\/\/now-news.de\/de\/deutschland\/ezb-warnt-vor-finanz-crash-merz-wiegelt-ab\/#primaryimage\"},\"image\":{\"@id\":\"https:\/\/now-news.de\/de\/deutschland\/ezb-warnt-vor-finanz-crash-merz-wiegelt-ab\/#primaryimage\"},\"thumbnailUrl\":\"https:\/\/now-news.de\/de\/wp-content\/uploads\/sites\/3\/2025\/11\/EZB-warnt-vor-Finanz-Crash-\u2013-Merz-wiegelt-ab.jpg\",\"datePublished\":\"2025-11-19T14:13:39+00:00\",\"dateModified\":\"2025-11-19T14:13:39+00:00\",\"breadcrumb\":{\"@id\":\"https:\/\/now-news.de\/de\/deutschland\/ezb-warnt-vor-finanz-crash-merz-wiegelt-ab\/#breadcrumb\"},\"inLanguage\":\"de\",\"potentialAction\":[{\"@type\":\"ReadAction\",\"target\":[\"https:\/\/now-news.de\/de\/deutschland\/ezb-warnt-vor-finanz-crash-merz-wiegelt-ab\/\"]}]},{\"@type\":\"ImageObject\",\"inLanguage\":\"de\",\"@id\":\"https:\/\/now-news.de\/de\/deutschland\/ezb-warnt-vor-finanz-crash-merz-wiegelt-ab\/#primaryimage\",\"url\":\"https:\/\/now-news.de\/de\/wp-content\/uploads\/sites\/3\/2025\/11\/EZB-warnt-vor-Finanz-Crash-\u2013-Merz-wiegelt-ab.jpg\",\"contentUrl\":\"https:\/\/now-news.de\/de\/wp-content\/uploads\/sites\/3\/2025\/11\/EZB-warnt-vor-Finanz-Crash-\u2013-Merz-wiegelt-ab.jpg\",\"width\":460,\"height\":259,\"caption\":\"EZB warnt vor Finanz-Crash \u2013 Merz wiegelt ab\"},{\"@type\":\"BreadcrumbList\",\"@id\":\"https:\/\/now-news.de\/de\/deutschland\/ezb-warnt-vor-finanz-crash-merz-wiegelt-ab\/#breadcrumb\",\"itemListElement\":[{\"@type\":\"ListItem\",\"position\":1,\"name\":\"Home\",\"item\":\"https:\/\/now-news.de\/de\/\"},{\"@type\":\"ListItem\",\"position\":2,\"name\":\"EZB warnt vor Finanz-Crash \u2013 Merz wiegelt ab\"}]},{\"@type\":\"WebSite\",\"@id\":\"https:\/\/now-news.de\/de\/#website\",\"url\":\"https:\/\/now-news.de\/de\/\",\"name\":\"just-now.NEWS Deutschland\",\"description\":\"Das Portal f\u00fcr unzensierte Nachrichten aus der Welt\",\"publisher\":{\"@id\":\"https:\/\/now-news.de\/de\/#organization\"},\"potentialAction\":[{\"@type\":\"SearchAction\",\"target\":{\"@type\":\"EntryPoint\",\"urlTemplate\":\"https:\/\/now-news.de\/de\/?s={search_term_string}\"},\"query-input\":\"required name=search_term_string\"}],\"inLanguage\":\"de\"},{\"@type\":\"Organization\",\"@id\":\"https:\/\/now-news.de\/de\/#organization\",\"name\":\"Just Now News\",\"url\":\"https:\/\/now-news.de\/de\/\",\"logo\":{\"@type\":\"ImageObject\",\"inLanguage\":\"de\",\"@id\":\"https:\/\/now-news.de\/de\/#\/schema\/logo\/image\/\",\"url\":\"http:\/\/just-now.news\/de\/wp-content\/uploads\/sites\/3\/2022\/04\/logo500x500.jpg\",\"contentUrl\":\"http:\/\/just-now.news\/de\/wp-content\/uploads\/sites\/3\/2022\/04\/logo500x500.jpg\",\"width\":500,\"height\":500,\"caption\":\"Just Now News\"},\"image\":{\"@id\":\"https:\/\/now-news.de\/de\/#\/schema\/logo\/image\/\"},\"sameAs\":[\"https:\/\/www.facebook.com\/wirmachenauf\",\"https:\/\/x.com\/WirMachenAuf_de\"]},{\"@type\":\"Person\",\"@id\":\"https:\/\/now-news.de\/de\/#\/schema\/person\/fb534a4e865501d8b3285208df34a9b5\",\"name\":\"rtnews\",\"image\":{\"@type\":\"ImageObject\",\"inLanguage\":\"de\",\"@id\":\"https:\/\/now-news.de\/de\/#\/schema\/person\/image\/\",\"url\":\"https:\/\/secure.gravatar.com\/avatar\/82aafea7d8127119dd649515f56e2117?s=96&d=mm&r=g\",\"contentUrl\":\"https:\/\/secure.gravatar.com\/avatar\/82aafea7d8127119dd649515f56e2117?s=96&d=mm&r=g\",\"caption\":\"rtnews\"},\"url\":\"https:\/\/now-news.de\/de\/author\/rnews\/\"}]}<\/script>\n<!-- \/ Yoast SEO Premium plugin. -->","yoast_head_json":{"title":"EZB warnt vor Finanz-Crash \u2013 Merz wiegelt ab - just-now.NEWS Deutschland","robots":{"index":"index","follow":"follow","max-snippet":"max-snippet:-1","max-image-preview":"max-image-preview:large","max-video-preview":"max-video-preview:-1"},"canonical":"https:\/\/now-news.de\/de\/deutschland\/ezb-warnt-vor-finanz-crash-merz-wiegelt-ab\/","og_locale":"de_DE","og_type":"article","og_title":"EZB warnt vor Finanz-Crash \u2013 Merz wiegelt ab","og_description":"Die Risiken f\u00fcr einen gro\u00dfen Finanz-Crash haben sich erh\u00f6ht, warnt die EZB. Internationale Spannungen lassen Extremereignisse an den M\u00e4rkten wahrscheinlicher werden. Bundeskanzler Merz sieht das anders und geht im Interesse seines ehemaligen Arbeitgebers Blackrock zur EZB auf Konfrontationskurs. W\u00e4hrend sich die Talfahrt an den B\u00f6rsen heute fortsetzt, \u00fcberrascht die EZB mit einer Warnung. Die Nachricht [&hellip;]","og_url":"https:\/\/now-news.de\/de\/deutschland\/ezb-warnt-vor-finanz-crash-merz-wiegelt-ab\/","og_site_name":"just-now.NEWS Deutschland","article_publisher":"https:\/\/www.facebook.com\/wirmachenauf","article_published_time":"2025-11-19T14:13:39+00:00","og_image":[{"url":"https:\/\/now-news.de\/de\/wp-content\/uploads\/sites\/3\/2025\/11\/691d972bb480cc0a5f53f37b.jpg"}],"author":"rtnews","twitter_card":"summary_large_image","twitter_creator":"@WirMachenAuf_de","twitter_site":"@WirMachenAuf_de","twitter_misc":{"Verfasst von":"rtnews","Gesch\u00e4tzte Lesezeit":"2\u00a0Minuten"},"schema":{"@context":"https:\/\/schema.org","@graph":[{"@type":"Article","@id":"https:\/\/now-news.de\/de\/deutschland\/ezb-warnt-vor-finanz-crash-merz-wiegelt-ab\/#article","isPartOf":{"@id":"https:\/\/now-news.de\/de\/deutschland\/ezb-warnt-vor-finanz-crash-merz-wiegelt-ab\/"},"author":{"name":"rtnews","@id":"https:\/\/now-news.de\/de\/#\/schema\/person\/fb534a4e865501d8b3285208df34a9b5"},"headline":"EZB warnt vor Finanz-Crash \u2013 Merz wiegelt ab","datePublished":"2025-11-19T14:13:39+00:00","dateModified":"2025-11-19T14:13:39+00:00","mainEntityOfPage":{"@id":"https:\/\/now-news.de\/de\/deutschland\/ezb-warnt-vor-finanz-crash-merz-wiegelt-ab\/"},"wordCount":420,"commentCount":0,"publisher":{"@id":"https:\/\/now-news.de\/de\/#organization"},"image":{"@id":"https:\/\/now-news.de\/de\/deutschland\/ezb-warnt-vor-finanz-crash-merz-wiegelt-ab\/#primaryimage"},"thumbnailUrl":"https:\/\/now-news.de\/de\/wp-content\/uploads\/sites\/3\/2025\/11\/EZB-warnt-vor-Finanz-Crash-\u2013-Merz-wiegelt-ab.jpg","keywords":["EZB","finanzcrash","Merz","vor","warnt","wiegelt"],"articleSection":["Deutschland","Russland"],"inLanguage":"de","potentialAction":[{"@type":"CommentAction","name":"Comment","target":["https:\/\/now-news.de\/de\/deutschland\/ezb-warnt-vor-finanz-crash-merz-wiegelt-ab\/#respond"]}]},{"@type":"WebPage","@id":"https:\/\/now-news.de\/de\/deutschland\/ezb-warnt-vor-finanz-crash-merz-wiegelt-ab\/","url":"https:\/\/now-news.de\/de\/deutschland\/ezb-warnt-vor-finanz-crash-merz-wiegelt-ab\/","name":"EZB warnt vor Finanz-Crash \u2013 Merz wiegelt ab - just-now.NEWS Deutschland","isPartOf":{"@id":"https:\/\/now-news.de\/de\/#website"},"primaryImageOfPage":{"@id":"https:\/\/now-news.de\/de\/deutschland\/ezb-warnt-vor-finanz-crash-merz-wiegelt-ab\/#primaryimage"},"image":{"@id":"https:\/\/now-news.de\/de\/deutschland\/ezb-warnt-vor-finanz-crash-merz-wiegelt-ab\/#primaryimage"},"thumbnailUrl":"https:\/\/now-news.de\/de\/wp-content\/uploads\/sites\/3\/2025\/11\/EZB-warnt-vor-Finanz-Crash-\u2013-Merz-wiegelt-ab.jpg","datePublished":"2025-11-19T14:13:39+00:00","dateModified":"2025-11-19T14:13:39+00:00","breadcrumb":{"@id":"https:\/\/now-news.de\/de\/deutschland\/ezb-warnt-vor-finanz-crash-merz-wiegelt-ab\/#breadcrumb"},"inLanguage":"de","potentialAction":[{"@type":"ReadAction","target":["https:\/\/now-news.de\/de\/deutschland\/ezb-warnt-vor-finanz-crash-merz-wiegelt-ab\/"]}]},{"@type":"ImageObject","inLanguage":"de","@id":"https:\/\/now-news.de\/de\/deutschland\/ezb-warnt-vor-finanz-crash-merz-wiegelt-ab\/#primaryimage","url":"https:\/\/now-news.de\/de\/wp-content\/uploads\/sites\/3\/2025\/11\/EZB-warnt-vor-Finanz-Crash-\u2013-Merz-wiegelt-ab.jpg","contentUrl":"https:\/\/now-news.de\/de\/wp-content\/uploads\/sites\/3\/2025\/11\/EZB-warnt-vor-Finanz-Crash-\u2013-Merz-wiegelt-ab.jpg","width":460,"height":259,"caption":"EZB warnt vor Finanz-Crash \u2013 Merz wiegelt ab"},{"@type":"BreadcrumbList","@id":"https:\/\/now-news.de\/de\/deutschland\/ezb-warnt-vor-finanz-crash-merz-wiegelt-ab\/#breadcrumb","itemListElement":[{"@type":"ListItem","position":1,"name":"Home","item":"https:\/\/now-news.de\/de\/"},{"@type":"ListItem","position":2,"name":"EZB warnt vor Finanz-Crash \u2013 Merz wiegelt ab"}]},{"@type":"WebSite","@id":"https:\/\/now-news.de\/de\/#website","url":"https:\/\/now-news.de\/de\/","name":"just-now.NEWS Deutschland","description":"Das Portal f\u00fcr unzensierte Nachrichten aus der Welt","publisher":{"@id":"https:\/\/now-news.de\/de\/#organization"},"potentialAction":[{"@type":"SearchAction","target":{"@type":"EntryPoint","urlTemplate":"https:\/\/now-news.de\/de\/?s={search_term_string}"},"query-input":"required name=search_term_string"}],"inLanguage":"de"},{"@type":"Organization","@id":"https:\/\/now-news.de\/de\/#organization","name":"Just Now News","url":"https:\/\/now-news.de\/de\/","logo":{"@type":"ImageObject","inLanguage":"de","@id":"https:\/\/now-news.de\/de\/#\/schema\/logo\/image\/","url":"http:\/\/just-now.news\/de\/wp-content\/uploads\/sites\/3\/2022\/04\/logo500x500.jpg","contentUrl":"http:\/\/just-now.news\/de\/wp-content\/uploads\/sites\/3\/2022\/04\/logo500x500.jpg","width":500,"height":500,"caption":"Just Now News"},"image":{"@id":"https:\/\/now-news.de\/de\/#\/schema\/logo\/image\/"},"sameAs":["https:\/\/www.facebook.com\/wirmachenauf","https:\/\/x.com\/WirMachenAuf_de"]},{"@type":"Person","@id":"https:\/\/now-news.de\/de\/#\/schema\/person\/fb534a4e865501d8b3285208df34a9b5","name":"rtnews","image":{"@type":"ImageObject","inLanguage":"de","@id":"https:\/\/now-news.de\/de\/#\/schema\/person\/image\/","url":"https:\/\/secure.gravatar.com\/avatar\/82aafea7d8127119dd649515f56e2117?s=96&d=mm&r=g","contentUrl":"https:\/\/secure.gravatar.com\/avatar\/82aafea7d8127119dd649515f56e2117?s=96&d=mm&r=g","caption":"rtnews"},"url":"https:\/\/now-news.de\/de\/author\/rnews\/"}]}},"_links":{"self":[{"href":"https:\/\/now-news.de\/de\/wp-json\/wp\/v2\/posts\/94265"}],"collection":[{"href":"https:\/\/now-news.de\/de\/wp-json\/wp\/v2\/posts"}],"about":[{"href":"https:\/\/now-news.de\/de\/wp-json\/wp\/v2\/types\/post"}],"author":[{"embeddable":true,"href":"https:\/\/now-news.de\/de\/wp-json\/wp\/v2\/users\/3"}],"replies":[{"embeddable":true,"href":"https:\/\/now-news.de\/de\/wp-json\/wp\/v2\/comments?post=94265"}],"version-history":[{"count":0,"href":"https:\/\/now-news.de\/de\/wp-json\/wp\/v2\/posts\/94265\/revisions"}],"wp:featuredmedia":[{"embeddable":true,"href":"https:\/\/now-news.de\/de\/wp-json\/wp\/v2\/media\/94266"}],"wp:attachment":[{"href":"https:\/\/now-news.de\/de\/wp-json\/wp\/v2\/media?parent=94265"}],"wp:term":[{"taxonomy":"category","embeddable":true,"href":"https:\/\/now-news.de\/de\/wp-json\/wp\/v2\/categories?post=94265"},{"taxonomy":"post_tag","embeddable":true,"href":"https:\/\/now-news.de\/de\/wp-json\/wp\/v2\/tags?post=94265"}],"curies":[{"name":"wp","href":"https:\/\/api.w.org\/{rel}","templated":true}]}}