{"id":94259,"date":"2025-11-19T15:07:06","date_gmt":"2025-11-19T13:07:06","guid":{"rendered":"https:\/\/now-news.de\/de\/deutschland\/richtungskampf-in-der-linken-jugendverband-fordert-rechte-parteigranden-heraus\/"},"modified":"2025-11-19T15:07:06","modified_gmt":"2025-11-19T13:07:06","slug":"richtungskampf-in-der-linken-jugendverband-fordert-rechte-parteigranden-heraus","status":"publish","type":"post","link":"https:\/\/now-news.de\/de\/deutschland\/richtungskampf-in-der-linken-jugendverband-fordert-rechte-parteigranden-heraus\/","title":{"rendered":"Richtungskampf in der &quot;Linken&quot;: Jugendverband fordert rechte Parteigranden heraus"},"content":{"rendered":"<p><img decoding=\"async\" src=\"https:\/\/now-news.de\/de\/wp-content\/uploads\/sites\/3\/2025\/11\/691b2740b480cc4e8e11746e.jpg\" \/><\/p>\n<div class=\"Text-root Text-type_1 \">\n                Massenhafte Neueintritte haben den Linke-Jugendverband Solid ver\u00e4ndert. Das rechte Pro-Israel-Lager ist zur Minderheit geworden. Nun fordern die neuen Linken die Parteif\u00fchrung heraus, haben einen Kampf um die K\u00f6pfe entfacht. Ist eine neue linke Fundamentalopposition in Sicht?\n            <\/div>\n<p><\/p>\n<div class=\"Text-root Text-type_5 ArticleView-text ViewText-root \">\n<p><em>Von Susan Bonath<\/em><\/p>\n<p>Neue klassenk\u00e4mpferische T\u00f6ne gegen das neoliberale Establishment beim Bundeswahlkampf verhalfen der Linkspartei zu unerwartetem Aufschwung. Viele junge Menschen traten ein, die Partei verdoppelte ihre Mitgliederzahl auf 120.000. Nun fordert ihr Jugendverband Solid, der bundesweit inzwischen \u00fcber 70.000 Mitglieder z\u00e4hlt, das Reformerlager an der Spitze heraus, treibt es mit neuen Beschl\u00fcssen vor sich her. Solid zieht eine bittere Bilanz, will zur\u00fcck zu linken Werten \u2013 und &#8220;nie wieder zu einem V\u00f6lkermord schweigen&#8221;. Das st\u00f6\u00dft der angepassten F\u00fchrung sauer auf, l\u00e4sst Leitmedien toben und die Antisemitismus-Keule z\u00fccken.<\/p>\n<p><strong>Zur\u00fcck zu linken Werten?<\/strong><\/p>\n<p>W\u00e4hrend die Medien\u00a0<a rel=\"nofollow noopener\" target=\"_blank\" href=\"https:\/\/www.linksjugend-solid.de\/beschluesse\/\">vier Beschl\u00fcsse<\/a>, die Solid auf seinem j\u00fcngsten Bundeskongress Anfang November fasste \u2013 etwa f\u00fcr einen konsequenten Friedenskurs und mehr Widerstand gegen R\u00fcstungslieferungen und die neoliberale Verarmungspolitik \u2013 weitgehend ignorierten, bliesen sie das f\u00fcnfte Solid-Dekret zum Thema Israel gewaltig auf. Unter dem Titel &#8220;<a rel=\"nofollow noopener\" target=\"_blank\" href=\"https:\/\/www.linksjugend-solid.de\/beschluss\/nie-wieder-zu-einem-voelkermord-schweigen\/\">Nie wieder zu einem V\u00f6lkermord schweigen<\/a>&#8221;\u00a0reflektiert sich darin der Verband zun\u00e4chst in seltener, schonungsloser Offenheit:<\/p>\n<blockquote>\n<p><em>&#8220;Konfrontiert mit einem V\u00f6lkermord haben wir als linker Jugendverband versagt.&#8221;<\/em><\/p>\n<\/blockquote>\n<p>Versagt habe die Linksjugend unter anderem dabei, &#8220;den kolonialen und rassistischen Charakter des israelischen Staatsprojekts, der sich von seinen Anf\u00e4ngen bis heute in der Eroberung neuer Gebiete und Vertreibung ihrer Einwohner ausdr\u00fcckt, anzuerkennen&#8221;. Man habe auch vers\u00e4umt, die Verbrechen Israels &#8220;vom Apartheidssystem zum Genozid in Gaza&#8221; zu benennen sowie die legitime Forderung der Pal\u00e4stinenser nach Gleichberechtigung anzuerkennen.<\/p>\n<p>Dann analysiert der Jugendverband Israels Verbrechen &#8220;motiviert durch imperiale Interessen&#8221; des Westens. Er konstatiert ein &#8220;historisches Versagen unserer Partei&#8221; und fordert diese auf, zu &#8220;antiimperialistischen und antirassistischen&#8221; Werten zur\u00fcckzufinden. Dazu geh\u00f6re es, &#8220;demokratischen und sozialistischen&#8221; sowie &#8220;antikolonialen&#8221; Widerstand gegen Apartheid und Unterdr\u00fcckung zu unterst\u00fctzen. Wozu die Aufregung, k\u00f6nnte man fragen. Denn damit vertritt Solid \u2013 endlich wieder \u2013 klassisch linke Werte.<\/p>\n<p><strong>Antiintellektuelle Propaganda<\/strong><\/p>\n<p>Mit linken Werten \u2013 gemeint ist der Kampf f\u00fcr die W\u00fcrde und Gleichberechtigung aller Menschen, folglich gegen Krieg, Ausbeutung und Unterdr\u00fcckung \u2013 hat die herrschende Klasse (nicht nur in Deutschland) bekanntlich ein Problem. Ihren Dreck kehrt sie am liebsten unter den Teppich, schwadroniert von &#8220;Gerechtigkeit&#8221; und &#8220;Werten&#8221;, appelliert an Bauchgef\u00fchle und spaltet die Bev\u00f6lkerung, um ihre Schweinereien gegen diese durchzusetzen. So deutlich nun auf ihre Schandtat hinzuweisen, seit \u00fcber zwei Jahren den V\u00f6lkermord in Pal\u00e4stina mit Waffen, Wirtschaftsabkommen und H\u00e4ndesch\u00fctteln zu unterst\u00fctzen, das macht sie rasend.<\/p>\n<p>So \u00fcberschlug sich der b\u00fcrgerliche Medienapparat mit Geschrei \u00fcber vermeintlichen &#8220;linken Antisemitismus&#8221;. Diese Keule zieht noch immer.\u00a0<a rel=\"nofollow noopener\" target=\"_blank\" href=\"https:\/\/www.deutschlandfunk.de\/israels-botschafter-prosor-linker-antisemitismus-gefaehrlicher-als-der-von-rechts-und-von-islamisten-108.html\">\u00d6ffentlich-rechtlich<\/a>\u00a0sowie <a rel=\"nofollow noopener\" target=\"_blank\" href=\"https:\/\/www.zeit.de\/politik\/deutschland\/2025-11\/israels-botschafter-ron-prosor-linker-antisemitismus-groesste-bedrohung\">private<\/a> Leitmedien\u00a0bliesen entsprechende \u00c4u\u00dferungen von Ron Prosor, Botschafter der rechtsextremen israelischen Regierung, zum allgemeinen Talking Point auf. &#8220;Linksjugend bedroht alle, die NICHT Israel hassen&#8221;, dockte Axel Springers <a rel=\"nofollow noopener\" target=\"_blank\" href=\"https:\/\/www.bild.de\/politik\/inland\/skandal-bei-solid-linksjugend-bedroht-alle-die-nicht-israel-hassen-690b184ac629456c30f8aadb\"><em>Bild<\/em><\/a><em>\u00a0<\/em>an die Kampagne an\u00a0und verbreitete Erz\u00e4hlungen, wonach angeblich Delegationen den Kongress aus Angst um ihre Sicherheit vorzeitig verlassen h\u00e4tten.<\/p>\n<p>Es kann nicht oft genug betont werden, dass es &#8220;linken Antisemitismus&#8221; gar nicht gibt. Wer linken Idealen folgend, alle Menschen f\u00fcr gleichwertig h\u00e4lt, grenzt weder Juden noch andere Gruppen aus. Antisemitismus ist auch dann eine rechte Denkweise, wenn selbsternannte Linke ihr verfallen. Die M\u00e4r dient nur ihren Verbreitern\u00a0\u2013 um abzulenken von ihrer eigenen antisozialen und rassistischen Politik. Um zu verschleiern, dass sie Israel nicht aus Liebe zu Juden unterst\u00fctzen, sondern um westlich-imperialistische Interessen in Nahost durchzusetzen. Und: Wer wie sie einen massenmordenden Staat mit allen Juden gleichsetzt, denkt und handelt selbst antisemitisch \u2013 und betreibt stumpfe, antiintellektuelle Propaganda.<\/p>\n<p><strong>&#8220;Antideutsche&#8221; toben<\/strong><\/p>\n<p>Dass rechte Solid-Restbest\u00e4nde w\u00fctend den Kongress verlie\u00dfen, zeigt zun\u00e4chst mal eines: Der Fl\u00fcgel der sogenannten &#8220;Antideutschen&#8221; ist geschrumpft, doch existiert noch. Diese wahnwitzige Str\u00f6mung tauchte erstmals um 1990 auf. Sie f\u00fcrchtete, die Annexion der DDR f\u00fchre unweigerlich in ein &#8220;Viertes Reich&#8221; und verrannte sich grandios in einer stereotypen Fixierung auf Nazideutschland, Israel und USA. Bald breitete sich die Str\u00f6mung mit ihren Doktrinen in der Linke-Vorl\u00e4uferin PDS aus und erklomm F\u00fchrungspositionen.<\/p>\n<p>Im von jeder Analyse befreiten Denken dieser &#8220;Antideutschen&#8221; gelten die USA als Befreiungsmacht vom deutschen Faschismus, ihr Imperialismus gar als antifaschistischer Garant und Israel als ihre angebliche Bastion gegen Antisemitismus. Sie stiefeln stramm der deutschen Staatsr\u00e4son hinterher, sind also deutscher, als ihre Bezeichnung vermuten l\u00e4sst, verteufeln Kapitalismuskritik als &#8220;Antisemitismus&#8221;, verpr\u00fcgeln zuweilen sogar Linke und wittern Faschismus nicht mehr in der deutschen Politik und Bev\u00f6lkerung, sondern im Islam. Viele &#8220;Antideutsche&#8221; fr\u00f6nen heute einem antiarabischen Rassismus, wie man ihn sonst in der b\u00fcrgerlichen &#8220;Mitte&#8221; bis weit nach Rechtsau\u00dfen findet.<\/p>\n<p>Kein Wunder, dass sich manch &#8220;Antideutscher&#8221; bald in Nadelstreifen warf und im b\u00fcrgerlichen Establishment hervorragend Fu\u00df fasste. Sie sitzen heute auf F\u00fchrungsposten verschiedener Parteien, in transatlantischen Redaktionsstuben, vor allem des Axel-Springer-Verlags, und auch im PR-Apparat diverser NGOs, wie der Amadeu-Antonio-Stiftung. Man kann sagen: Sie sind bestens verschmolzen mit dem b\u00fcrgerlichen Staat, auch wenn sich manche zuweilen noch ein wenig &#8220;radikal&#8221; geben.<\/p>\n<p>Die &#8220;antideutschen&#8221; Kader der Linkspartei sind eine besondere Kategorie. Mal pl\u00e4dieren sie f\u00fcr offene Grenzen, mal schieben sie leidenschaftlich Familien ab, wie Bodo Ramelow es als Ministerpr\u00e4sident in Th\u00fcringen tat. Sie klagen ein wenig \u00fcber Alters- und Kinderarmut, und schwimmen dann wie SPD und Gr\u00fcne realpolitisch mit dem Mainstream. Sie klagen \u00fcber Privatisierung und verscherbeln am Ende selbst Wohnungen an Privatiers. Der Linksruck in der Linken hat sie jetzt aufgeschreckt. Sie f\u00fcrchten zurecht um ihre Pfr\u00fcnde. Das ist erfreulich und war vor ein paar Jahren noch nicht abzusehen.<\/p>\n<p><strong>Rechte Anschlussf\u00e4higkeit<\/strong><\/p>\n<p>Wer wie die rechten &#8220;Spitzenlinken&#8221; zugleich f\u00fcr &#8220;links&#8221; gehalten wird und dem b\u00fcrgerlichen Establishment als m\u00f6glicher Koalitionspartner gefallen will, der rudert hin und her, wie man nun sieht. Siebzehn Bundestagsabgeordnete, darunter die selbst ernannten &#8220;Silberlocken&#8221; Gregor Gysi und Bodo Ramelow, verschickten als Reaktion auf den Solid-Beschluss einen &#8220;<a rel=\"nofollow noopener\" target=\"_blank\" href=\"https:\/\/www.berliner-zeitung.de\/news\/kritik-an-linke-jugend-es-ist-etwas-ins-rutschen-gekommen-li.10004457\">Brandbrief<\/a>&#8220;.\u00a0Dieser stehe &#8220;au\u00dferhalb des Konsenses unserer Partei&#8221;, wetterten sie, auch wenn das wahrscheinlich nicht mehr stimmt.<\/p>\n<p>Parteichefin Ines Schwerdtner hatte sich im Sp\u00e4tsommer von der linken Solid-Basis noch dazu treiben lassen, auf der gro\u00dfen Demonstration &#8220;All Eyes on Gaza&#8221; besorgt ins Mikrofon zu rufen: &#8220;Wir stehen hier f\u00fcr die gesamte Partei, weil wir sagen: Wir haben zu lange geschwiegen, ich habe zu lange geschwiegen, es ist ein Genozid!&#8221; Vermutlich wusste sie jedoch, dass die rechten Granden an ihrer Seite sie argw\u00f6hnisch be\u00e4ugen. Nach dem Solid-Kongress, den Medienkampagnen und dem &#8220;Silberlocken&#8221;-Aufschrei war es vorbei mit ihren Kampfesreden.<\/p>\n<p>Der Parteivorstand traf sich zu einer Sondersitzung. Schwerdtner und ihr Ko-Parteichef Jan van Aken beschwichtigten daraufhin \u00f6ffentlich, eine derartig (vermeintlich) &#8220;<a rel=\"nofollow noopener\" target=\"_blank\" href=\"https:\/\/www.die-linke.de\/start\/nachrichten\/detail\/news\/eine-einseitige-perspektive-bringt-niemandem-etwas\/\">einseitige Perspektive<\/a> bringt niemandem etwas&#8221;.\u00a0Der vom Jugendverband verabschiedete Beschluss sei &#8220;nicht mit den Positionen der Linken vereinbar&#8221; und verhindere &#8220;jede Anschlussf\u00e4higkeit&#8221;, wetterten die beiden, ohne zu kl\u00e4ren: anschlussf\u00e4hig an wen? Man ahnt es: an die Parteirechten, die &#8220;Antideutschen&#8221;, das politische Establishment bis hin zur CDU. Immerhin hatten Linkspartei-Politiker sogar Friedrich (BlackRock) Merz zur Kanzlerschaft verholfen.<\/p>\n<p>Nach all den Angriffen durch Medien und ihre eigene Partei rudert auch der Jugendverband zur\u00fcck. In einer weiteren Stellungnahme geht er auf vermeintliche &#8220;Missverst\u00e4ndnisse&#8221; ein und <a rel=\"nofollow noopener\" target=\"_blank\" href=\"https:\/\/www.linksjugend-solid.de\/notification\/statement-zum-a12-vom-xviii-bundeskongress\/\">erkl\u00e4rt langatmig<\/a>, was f\u00fcr Linke kaum erkl\u00e4rungsbed\u00fcrftig sein d\u00fcrfte:<\/p>\n<ul>\n<li>dass Kritik an einem Nationalstaat kein Hass auf Menschen, sondern eine Analyse sei,<\/li>\n<li>dass Linke Kolonialismus und Imperialismus nicht guthei\u00dfen d\u00fcrfen,<\/li>\n<li>dass man die fiese Unterstellung, Hamas-Unterst\u00fctzer zu sein, von sich weise,<\/li>\n<li>und dass sich Solid f\u00fcr die Rechte aller Menschen einsetze, wo immer sie bedroht seien.<\/li>\n<\/ul>\n<p><strong>Kampf um die K\u00f6pfe<\/strong><\/p>\n<p>In der Linken tobt der Kampf um die K\u00f6pfe. Das rechte Pro-Israel-Lager ist verunsichert. Es appelliert an eine &#8220;Geschlossenheit&#8221;, die es nie gab in der Partei. Es sieht seine Felle wegschwimmen, weil es seine Mehrheit im Jugendverband verloren hat. Dabei geht es nicht nur um die Haltung zu Israel, sondern um eine R\u00fcckbesinnung auf eine antikapitalistische und antiimperialistische Opposition, die Solid einfordert: gegen Hochr\u00fcstung, Krieg und Waffenexporte, gegen Sozialabbau und Ausbeutung, gegen Wehrpflicht und &#8220;Klassenjustiz&#8221;. Als echte Fundamentalopposition schwindet der Anschluss ans B\u00fcrgertum und die Aussicht aufs Mitregieren. Kurzum: Der rechte Linke-Fl\u00fcgel bangt um seine lukrativen Posten im Apparat.<\/p>\n<p>Ob die neuen Linken im Jugendverband sich am Ende durchsetzen werden, steht in den Sternen. Es h\u00e4ngt von vielen Faktoren ab, zum Beispiel von der politisch-\u00f6konomischen Bildung der Neumitglieder, um entsprechend analysieren und argumentieren zu k\u00f6nnen. Von ihrer F\u00e4higkeit, sich selbst und damit Mehrheiten gegen den konformistisch-reformistischen Kurs der Parteif\u00fchrung zu organisieren, von ihrer Zielgruppenpolitik auf der Stra\u00dfe und von ihrem Mut, den Bei\u00dfreflexen rechter Parteigranden, hetzerischen Medienkampagnen, staatlichen Repressionen und parlamentarischen Verlockungen zu widerstehen.<\/p>\n<p>Die Zeit f\u00fcr eine echte linke Fundamentalopposition ist \u00fcberf\u00e4llig. Die Entwicklung l\u00e4sst hoffen, aber der Kampf hat gerade begonnen. Zum Nulltarif ist eine solche nicht zu haben.<\/p>\n<p><strong>Mehr zum Thema<\/strong> &#8211;\u00a0<a rel=\"nofollow noopener\" target=\"_blank\" href=\"https:\/\/freedert.online\/meinung\/223196-berliner-linke-und-ihr-lautstarkes\/\">Die Berliner Linke und ihr lautstarkes Schrumpfen <\/a><\/p>\n<\/p>\n<\/div>\n<p><br \/>\n<br \/><a href=\"https:\/\/de.rt.com\/meinung\/261988-richtungskampf-in-linken-jugendverband-fordert\/\">Source link <\/a><\/p>\n","protected":false},"excerpt":{"rendered":"<p>Massenhafte Neueintritte haben den Linke-Jugendverband Solid ver\u00e4ndert. Das rechte Pro-Israel-Lager ist zur Minderheit geworden. Nun fordern die neuen Linken die Parteif\u00fchrung heraus, haben einen Kampf um die K\u00f6pfe entfacht. Ist eine neue linke Fundamentalopposition in Sicht? Von Susan Bonath Neue klassenk\u00e4mpferische T\u00f6ne gegen das neoliberale Establishment beim Bundeswahlkampf verhalfen der Linkspartei zu unerwartetem Aufschwung. Viele [&hellip;]<\/p>\n","protected":false},"author":3,"featured_media":94260,"comment_status":"open","ping_status":"open","sticky":false,"template":"","format":"standard","meta":{"_yoast_indexnow_last_ping":["1763557682"],"wp_automatic_camp":["217"],"f316648f32b3f49fd7c050cb1f4743cc":["Richtungskampf in der &quot;Linken&quot;: Jugendverband fordert rechte Parteigranden heraus"],"original_link":["https:\/\/de.rt.com\/meinung\/261988-richtungskampf-in-linken-jugendverband-fordert\/"],"_thumbnail_id":["94260"],"jnews_social_counter_last_update":["1777133566"],"_wptgpro_p2tg_sent2tg":["a:1:{i:23737;s:19:\"2025-11-19 15:09:06\";}"]},"categories":[19,23],"tags":[82,355,11688,69294,69295,32624,143,69293],"yoast_head":"<!-- This site is optimized with the Yoast SEO Premium plugin v22.7 (Yoast SEO v22.7) - https:\/\/yoast.com\/wordpress\/plugins\/seo\/ -->\n<title>Richtungskampf in der &quot;Linken&quot;: Jugendverband fordert rechte Parteigranden heraus - just-now.NEWS Deutschland<\/title>\n<meta name=\"robots\" content=\"index, follow, max-snippet:-1, max-image-preview:large, max-video-preview:-1\" \/>\n<link rel=\"canonical\" href=\"https:\/\/now-news.de\/de\/deutschland\/richtungskampf-in-der-linken-jugendverband-fordert-rechte-parteigranden-heraus\/\" \/>\n<meta property=\"og:locale\" content=\"de_DE\" \/>\n<meta property=\"og:type\" content=\"article\" \/>\n<meta property=\"og:title\" content=\"Richtungskampf in der &quot;Linken&quot;: Jugendverband fordert rechte Parteigranden heraus\" \/>\n<meta property=\"og:description\" content=\"Massenhafte Neueintritte haben den Linke-Jugendverband Solid ver\u00e4ndert. Das rechte Pro-Israel-Lager ist zur Minderheit geworden. Nun fordern die neuen Linken die Parteif\u00fchrung heraus, haben einen Kampf um die K\u00f6pfe entfacht. Ist eine neue linke Fundamentalopposition in Sicht? Von Susan Bonath Neue klassenk\u00e4mpferische T\u00f6ne gegen das neoliberale Establishment beim Bundeswahlkampf verhalfen der Linkspartei zu unerwartetem Aufschwung. Viele [&hellip;]\" \/>\n<meta property=\"og:url\" content=\"https:\/\/now-news.de\/de\/deutschland\/richtungskampf-in-der-linken-jugendverband-fordert-rechte-parteigranden-heraus\/\" \/>\n<meta property=\"og:site_name\" content=\"just-now.NEWS Deutschland\" \/>\n<meta property=\"article:publisher\" content=\"https:\/\/www.facebook.com\/wirmachenauf\" \/>\n<meta property=\"article:published_time\" content=\"2025-11-19T13:07:06+00:00\" \/>\n<meta property=\"og:image\" content=\"https:\/\/now-news.de\/de\/wp-content\/uploads\/sites\/3\/2025\/11\/691b2740b480cc4e8e11746e.jpg\" \/>\n<meta name=\"author\" content=\"rtnews\" \/>\n<meta name=\"twitter:card\" content=\"summary_large_image\" \/>\n<meta name=\"twitter:creator\" content=\"@WirMachenAuf_de\" \/>\n<meta name=\"twitter:site\" content=\"@WirMachenAuf_de\" \/>\n<meta name=\"twitter:label1\" content=\"Verfasst von\" \/>\n\t<meta name=\"twitter:data1\" content=\"rtnews\" \/>\n\t<meta name=\"twitter:label2\" content=\"Gesch\u00e4tzte Lesezeit\" \/>\n\t<meta name=\"twitter:data2\" content=\"8\u00a0Minuten\" \/>\n<script type=\"application\/ld+json\" class=\"yoast-schema-graph\">{\"@context\":\"https:\/\/schema.org\",\"@graph\":[{\"@type\":\"Article\",\"@id\":\"https:\/\/now-news.de\/de\/deutschland\/richtungskampf-in-der-linken-jugendverband-fordert-rechte-parteigranden-heraus\/#article\",\"isPartOf\":{\"@id\":\"https:\/\/now-news.de\/de\/deutschland\/richtungskampf-in-der-linken-jugendverband-fordert-rechte-parteigranden-heraus\/\"},\"author\":{\"name\":\"rtnews\",\"@id\":\"https:\/\/now-news.de\/de\/#\/schema\/person\/fb534a4e865501d8b3285208df34a9b5\"},\"headline\":\"Richtungskampf in der &quot;Linken&quot;: Jugendverband fordert rechte Parteigranden heraus\",\"datePublished\":\"2025-11-19T13:07:06+00:00\",\"dateModified\":\"2025-11-19T13:07:06+00:00\",\"mainEntityOfPage\":{\"@id\":\"https:\/\/now-news.de\/de\/deutschland\/richtungskampf-in-der-linken-jugendverband-fordert-rechte-parteigranden-heraus\/\"},\"wordCount\":1521,\"commentCount\":0,\"publisher\":{\"@id\":\"https:\/\/now-news.de\/de\/#organization\"},\"image\":{\"@id\":\"https:\/\/now-news.de\/de\/deutschland\/richtungskampf-in-der-linken-jugendverband-fordert-rechte-parteigranden-heraus\/#primaryimage\"},\"thumbnailUrl\":\"https:\/\/now-news.de\/de\/wp-content\/uploads\/sites\/3\/2025\/11\/Richtungskampf-in-der-quotLinkenquot-Jugendverband-fordert-rechte-Parteigranden-heraus.jpg\",\"keywords\":[\"der\",\"fordert\",\"heraus\",\"Jugendverband\",\"Parteigranden\",\"quotlinkenquot\",\"Rechte\",\"Richtungskampf\"],\"articleSection\":[\"Deutschland\",\"Russland\"],\"inLanguage\":\"de\",\"potentialAction\":[{\"@type\":\"CommentAction\",\"name\":\"Comment\",\"target\":[\"https:\/\/now-news.de\/de\/deutschland\/richtungskampf-in-der-linken-jugendverband-fordert-rechte-parteigranden-heraus\/#respond\"]}]},{\"@type\":\"WebPage\",\"@id\":\"https:\/\/now-news.de\/de\/deutschland\/richtungskampf-in-der-linken-jugendverband-fordert-rechte-parteigranden-heraus\/\",\"url\":\"https:\/\/now-news.de\/de\/deutschland\/richtungskampf-in-der-linken-jugendverband-fordert-rechte-parteigranden-heraus\/\",\"name\":\"Richtungskampf in der &quot;Linken&quot;: Jugendverband fordert rechte Parteigranden heraus - just-now.NEWS Deutschland\",\"isPartOf\":{\"@id\":\"https:\/\/now-news.de\/de\/#website\"},\"primaryImageOfPage\":{\"@id\":\"https:\/\/now-news.de\/de\/deutschland\/richtungskampf-in-der-linken-jugendverband-fordert-rechte-parteigranden-heraus\/#primaryimage\"},\"image\":{\"@id\":\"https:\/\/now-news.de\/de\/deutschland\/richtungskampf-in-der-linken-jugendverband-fordert-rechte-parteigranden-heraus\/#primaryimage\"},\"thumbnailUrl\":\"https:\/\/now-news.de\/de\/wp-content\/uploads\/sites\/3\/2025\/11\/Richtungskampf-in-der-quotLinkenquot-Jugendverband-fordert-rechte-Parteigranden-heraus.jpg\",\"datePublished\":\"2025-11-19T13:07:06+00:00\",\"dateModified\":\"2025-11-19T13:07:06+00:00\",\"breadcrumb\":{\"@id\":\"https:\/\/now-news.de\/de\/deutschland\/richtungskampf-in-der-linken-jugendverband-fordert-rechte-parteigranden-heraus\/#breadcrumb\"},\"inLanguage\":\"de\",\"potentialAction\":[{\"@type\":\"ReadAction\",\"target\":[\"https:\/\/now-news.de\/de\/deutschland\/richtungskampf-in-der-linken-jugendverband-fordert-rechte-parteigranden-heraus\/\"]}]},{\"@type\":\"ImageObject\",\"inLanguage\":\"de\",\"@id\":\"https:\/\/now-news.de\/de\/deutschland\/richtungskampf-in-der-linken-jugendverband-fordert-rechte-parteigranden-heraus\/#primaryimage\",\"url\":\"https:\/\/now-news.de\/de\/wp-content\/uploads\/sites\/3\/2025\/11\/Richtungskampf-in-der-quotLinkenquot-Jugendverband-fordert-rechte-Parteigranden-heraus.jpg\",\"contentUrl\":\"https:\/\/now-news.de\/de\/wp-content\/uploads\/sites\/3\/2025\/11\/Richtungskampf-in-der-quotLinkenquot-Jugendverband-fordert-rechte-Parteigranden-heraus.jpg\",\"width\":460,\"height\":259,\"caption\":\"Richtungskampf in der &quot;Linken&quot;: Jugendverband fordert rechte Parteigranden heraus\"},{\"@type\":\"BreadcrumbList\",\"@id\":\"https:\/\/now-news.de\/de\/deutschland\/richtungskampf-in-der-linken-jugendverband-fordert-rechte-parteigranden-heraus\/#breadcrumb\",\"itemListElement\":[{\"@type\":\"ListItem\",\"position\":1,\"name\":\"Home\",\"item\":\"https:\/\/now-news.de\/de\/\"},{\"@type\":\"ListItem\",\"position\":2,\"name\":\"Richtungskampf in der &quot;Linken&quot;: Jugendverband fordert rechte Parteigranden heraus\"}]},{\"@type\":\"WebSite\",\"@id\":\"https:\/\/now-news.de\/de\/#website\",\"url\":\"https:\/\/now-news.de\/de\/\",\"name\":\"just-now.NEWS Deutschland\",\"description\":\"Das Portal f\u00fcr unzensierte Nachrichten aus der Welt\",\"publisher\":{\"@id\":\"https:\/\/now-news.de\/de\/#organization\"},\"potentialAction\":[{\"@type\":\"SearchAction\",\"target\":{\"@type\":\"EntryPoint\",\"urlTemplate\":\"https:\/\/now-news.de\/de\/?s={search_term_string}\"},\"query-input\":\"required name=search_term_string\"}],\"inLanguage\":\"de\"},{\"@type\":\"Organization\",\"@id\":\"https:\/\/now-news.de\/de\/#organization\",\"name\":\"Just Now News\",\"url\":\"https:\/\/now-news.de\/de\/\",\"logo\":{\"@type\":\"ImageObject\",\"inLanguage\":\"de\",\"@id\":\"https:\/\/now-news.de\/de\/#\/schema\/logo\/image\/\",\"url\":\"http:\/\/just-now.news\/de\/wp-content\/uploads\/sites\/3\/2022\/04\/logo500x500.jpg\",\"contentUrl\":\"http:\/\/just-now.news\/de\/wp-content\/uploads\/sites\/3\/2022\/04\/logo500x500.jpg\",\"width\":500,\"height\":500,\"caption\":\"Just Now News\"},\"image\":{\"@id\":\"https:\/\/now-news.de\/de\/#\/schema\/logo\/image\/\"},\"sameAs\":[\"https:\/\/www.facebook.com\/wirmachenauf\",\"https:\/\/x.com\/WirMachenAuf_de\"]},{\"@type\":\"Person\",\"@id\":\"https:\/\/now-news.de\/de\/#\/schema\/person\/fb534a4e865501d8b3285208df34a9b5\",\"name\":\"rtnews\",\"image\":{\"@type\":\"ImageObject\",\"inLanguage\":\"de\",\"@id\":\"https:\/\/now-news.de\/de\/#\/schema\/person\/image\/\",\"url\":\"https:\/\/secure.gravatar.com\/avatar\/82aafea7d8127119dd649515f56e2117?s=96&d=mm&r=g\",\"contentUrl\":\"https:\/\/secure.gravatar.com\/avatar\/82aafea7d8127119dd649515f56e2117?s=96&d=mm&r=g\",\"caption\":\"rtnews\"},\"url\":\"https:\/\/now-news.de\/de\/author\/rnews\/\"}]}<\/script>\n<!-- \/ Yoast SEO Premium plugin. -->","yoast_head_json":{"title":"Richtungskampf in der &quot;Linken&quot;: Jugendverband fordert rechte Parteigranden heraus - just-now.NEWS Deutschland","robots":{"index":"index","follow":"follow","max-snippet":"max-snippet:-1","max-image-preview":"max-image-preview:large","max-video-preview":"max-video-preview:-1"},"canonical":"https:\/\/now-news.de\/de\/deutschland\/richtungskampf-in-der-linken-jugendverband-fordert-rechte-parteigranden-heraus\/","og_locale":"de_DE","og_type":"article","og_title":"Richtungskampf in der &quot;Linken&quot;: Jugendverband fordert rechte Parteigranden heraus","og_description":"Massenhafte Neueintritte haben den Linke-Jugendverband Solid ver\u00e4ndert. Das rechte Pro-Israel-Lager ist zur Minderheit geworden. Nun fordern die neuen Linken die Parteif\u00fchrung heraus, haben einen Kampf um die K\u00f6pfe entfacht. Ist eine neue linke Fundamentalopposition in Sicht? Von Susan Bonath Neue klassenk\u00e4mpferische T\u00f6ne gegen das neoliberale Establishment beim Bundeswahlkampf verhalfen der Linkspartei zu unerwartetem Aufschwung. Viele [&hellip;]","og_url":"https:\/\/now-news.de\/de\/deutschland\/richtungskampf-in-der-linken-jugendverband-fordert-rechte-parteigranden-heraus\/","og_site_name":"just-now.NEWS Deutschland","article_publisher":"https:\/\/www.facebook.com\/wirmachenauf","article_published_time":"2025-11-19T13:07:06+00:00","og_image":[{"url":"https:\/\/now-news.de\/de\/wp-content\/uploads\/sites\/3\/2025\/11\/691b2740b480cc4e8e11746e.jpg"}],"author":"rtnews","twitter_card":"summary_large_image","twitter_creator":"@WirMachenAuf_de","twitter_site":"@WirMachenAuf_de","twitter_misc":{"Verfasst von":"rtnews","Gesch\u00e4tzte Lesezeit":"8\u00a0Minuten"},"schema":{"@context":"https:\/\/schema.org","@graph":[{"@type":"Article","@id":"https:\/\/now-news.de\/de\/deutschland\/richtungskampf-in-der-linken-jugendverband-fordert-rechte-parteigranden-heraus\/#article","isPartOf":{"@id":"https:\/\/now-news.de\/de\/deutschland\/richtungskampf-in-der-linken-jugendverband-fordert-rechte-parteigranden-heraus\/"},"author":{"name":"rtnews","@id":"https:\/\/now-news.de\/de\/#\/schema\/person\/fb534a4e865501d8b3285208df34a9b5"},"headline":"Richtungskampf in der &quot;Linken&quot;: Jugendverband fordert rechte Parteigranden heraus","datePublished":"2025-11-19T13:07:06+00:00","dateModified":"2025-11-19T13:07:06+00:00","mainEntityOfPage":{"@id":"https:\/\/now-news.de\/de\/deutschland\/richtungskampf-in-der-linken-jugendverband-fordert-rechte-parteigranden-heraus\/"},"wordCount":1521,"commentCount":0,"publisher":{"@id":"https:\/\/now-news.de\/de\/#organization"},"image":{"@id":"https:\/\/now-news.de\/de\/deutschland\/richtungskampf-in-der-linken-jugendverband-fordert-rechte-parteigranden-heraus\/#primaryimage"},"thumbnailUrl":"https:\/\/now-news.de\/de\/wp-content\/uploads\/sites\/3\/2025\/11\/Richtungskampf-in-der-quotLinkenquot-Jugendverband-fordert-rechte-Parteigranden-heraus.jpg","keywords":["der","fordert","heraus","Jugendverband","Parteigranden","quotlinkenquot","Rechte","Richtungskampf"],"articleSection":["Deutschland","Russland"],"inLanguage":"de","potentialAction":[{"@type":"CommentAction","name":"Comment","target":["https:\/\/now-news.de\/de\/deutschland\/richtungskampf-in-der-linken-jugendverband-fordert-rechte-parteigranden-heraus\/#respond"]}]},{"@type":"WebPage","@id":"https:\/\/now-news.de\/de\/deutschland\/richtungskampf-in-der-linken-jugendverband-fordert-rechte-parteigranden-heraus\/","url":"https:\/\/now-news.de\/de\/deutschland\/richtungskampf-in-der-linken-jugendverband-fordert-rechte-parteigranden-heraus\/","name":"Richtungskampf in der &quot;Linken&quot;: Jugendverband fordert rechte Parteigranden heraus - just-now.NEWS Deutschland","isPartOf":{"@id":"https:\/\/now-news.de\/de\/#website"},"primaryImageOfPage":{"@id":"https:\/\/now-news.de\/de\/deutschland\/richtungskampf-in-der-linken-jugendverband-fordert-rechte-parteigranden-heraus\/#primaryimage"},"image":{"@id":"https:\/\/now-news.de\/de\/deutschland\/richtungskampf-in-der-linken-jugendverband-fordert-rechte-parteigranden-heraus\/#primaryimage"},"thumbnailUrl":"https:\/\/now-news.de\/de\/wp-content\/uploads\/sites\/3\/2025\/11\/Richtungskampf-in-der-quotLinkenquot-Jugendverband-fordert-rechte-Parteigranden-heraus.jpg","datePublished":"2025-11-19T13:07:06+00:00","dateModified":"2025-11-19T13:07:06+00:00","breadcrumb":{"@id":"https:\/\/now-news.de\/de\/deutschland\/richtungskampf-in-der-linken-jugendverband-fordert-rechte-parteigranden-heraus\/#breadcrumb"},"inLanguage":"de","potentialAction":[{"@type":"ReadAction","target":["https:\/\/now-news.de\/de\/deutschland\/richtungskampf-in-der-linken-jugendverband-fordert-rechte-parteigranden-heraus\/"]}]},{"@type":"ImageObject","inLanguage":"de","@id":"https:\/\/now-news.de\/de\/deutschland\/richtungskampf-in-der-linken-jugendverband-fordert-rechte-parteigranden-heraus\/#primaryimage","url":"https:\/\/now-news.de\/de\/wp-content\/uploads\/sites\/3\/2025\/11\/Richtungskampf-in-der-quotLinkenquot-Jugendverband-fordert-rechte-Parteigranden-heraus.jpg","contentUrl":"https:\/\/now-news.de\/de\/wp-content\/uploads\/sites\/3\/2025\/11\/Richtungskampf-in-der-quotLinkenquot-Jugendverband-fordert-rechte-Parteigranden-heraus.jpg","width":460,"height":259,"caption":"Richtungskampf in der &quot;Linken&quot;: Jugendverband fordert rechte Parteigranden heraus"},{"@type":"BreadcrumbList","@id":"https:\/\/now-news.de\/de\/deutschland\/richtungskampf-in-der-linken-jugendverband-fordert-rechte-parteigranden-heraus\/#breadcrumb","itemListElement":[{"@type":"ListItem","position":1,"name":"Home","item":"https:\/\/now-news.de\/de\/"},{"@type":"ListItem","position":2,"name":"Richtungskampf in der &quot;Linken&quot;: Jugendverband fordert rechte Parteigranden heraus"}]},{"@type":"WebSite","@id":"https:\/\/now-news.de\/de\/#website","url":"https:\/\/now-news.de\/de\/","name":"just-now.NEWS Deutschland","description":"Das Portal f\u00fcr unzensierte Nachrichten aus der Welt","publisher":{"@id":"https:\/\/now-news.de\/de\/#organization"},"potentialAction":[{"@type":"SearchAction","target":{"@type":"EntryPoint","urlTemplate":"https:\/\/now-news.de\/de\/?s={search_term_string}"},"query-input":"required name=search_term_string"}],"inLanguage":"de"},{"@type":"Organization","@id":"https:\/\/now-news.de\/de\/#organization","name":"Just Now News","url":"https:\/\/now-news.de\/de\/","logo":{"@type":"ImageObject","inLanguage":"de","@id":"https:\/\/now-news.de\/de\/#\/schema\/logo\/image\/","url":"http:\/\/just-now.news\/de\/wp-content\/uploads\/sites\/3\/2022\/04\/logo500x500.jpg","contentUrl":"http:\/\/just-now.news\/de\/wp-content\/uploads\/sites\/3\/2022\/04\/logo500x500.jpg","width":500,"height":500,"caption":"Just Now News"},"image":{"@id":"https:\/\/now-news.de\/de\/#\/schema\/logo\/image\/"},"sameAs":["https:\/\/www.facebook.com\/wirmachenauf","https:\/\/x.com\/WirMachenAuf_de"]},{"@type":"Person","@id":"https:\/\/now-news.de\/de\/#\/schema\/person\/fb534a4e865501d8b3285208df34a9b5","name":"rtnews","image":{"@type":"ImageObject","inLanguage":"de","@id":"https:\/\/now-news.de\/de\/#\/schema\/person\/image\/","url":"https:\/\/secure.gravatar.com\/avatar\/82aafea7d8127119dd649515f56e2117?s=96&d=mm&r=g","contentUrl":"https:\/\/secure.gravatar.com\/avatar\/82aafea7d8127119dd649515f56e2117?s=96&d=mm&r=g","caption":"rtnews"},"url":"https:\/\/now-news.de\/de\/author\/rnews\/"}]}},"_links":{"self":[{"href":"https:\/\/now-news.de\/de\/wp-json\/wp\/v2\/posts\/94259"}],"collection":[{"href":"https:\/\/now-news.de\/de\/wp-json\/wp\/v2\/posts"}],"about":[{"href":"https:\/\/now-news.de\/de\/wp-json\/wp\/v2\/types\/post"}],"author":[{"embeddable":true,"href":"https:\/\/now-news.de\/de\/wp-json\/wp\/v2\/users\/3"}],"replies":[{"embeddable":true,"href":"https:\/\/now-news.de\/de\/wp-json\/wp\/v2\/comments?post=94259"}],"version-history":[{"count":0,"href":"https:\/\/now-news.de\/de\/wp-json\/wp\/v2\/posts\/94259\/revisions"}],"wp:featuredmedia":[{"embeddable":true,"href":"https:\/\/now-news.de\/de\/wp-json\/wp\/v2\/media\/94260"}],"wp:attachment":[{"href":"https:\/\/now-news.de\/de\/wp-json\/wp\/v2\/media?parent=94259"}],"wp:term":[{"taxonomy":"category","embeddable":true,"href":"https:\/\/now-news.de\/de\/wp-json\/wp\/v2\/categories?post=94259"},{"taxonomy":"post_tag","embeddable":true,"href":"https:\/\/now-news.de\/de\/wp-json\/wp\/v2\/tags?post=94259"}],"curies":[{"name":"wp","href":"https:\/\/api.w.org\/{rel}","templated":true}]}}