{"id":94257,"date":"2025-11-19T14:28:27","date_gmt":"2025-11-19T12:28:27","guid":{"rendered":"https:\/\/now-news.de\/de\/deutschland\/un-sonderberichterstatterin-deutschland-hat-kein-schuldbewusstsein-gegenueber-voelkermordsopfern\/"},"modified":"2025-11-19T14:28:27","modified_gmt":"2025-11-19T12:28:27","slug":"un-sonderberichterstatterin-deutschland-hat-kein-schuldbewusstsein-gegenueber-voelkermordsopfern","status":"publish","type":"post","link":"https:\/\/now-news.de\/de\/deutschland\/un-sonderberichterstatterin-deutschland-hat-kein-schuldbewusstsein-gegenueber-voelkermordsopfern\/","title":{"rendered":"UN-Sonderberichterstatterin: Deutschland hat kein Schuldbewusstsein gegen\u00fcber V\u00f6lkermordsopfern"},"content":{"rendered":"<p><img decoding=\"async\" src=\"https:\/\/now-news.de\/de\/wp-content\/uploads\/sites\/3\/2025\/11\/691da062b480cc06a8022aec.png\" \/><\/p>\n<div class=\"Text-root Text-type_1 \">\n                Die Bewertung der neuen UN-Resolution und des angeblichen Waffenstillstands in Pal\u00e4stina durch die UN-Sonderberichterstatterin f\u00fcr Pal\u00e4stina, Francesca Albanese, f\u00e4llt nicht gut aus. Laut Albanese verhindere die Resolution die pal\u00e4stinensische Selbstbestimmung und diene der Kontrolle der Pal\u00e4stinenser.\n            <\/div>\n<p><\/p>\n<div class=\"Text-root Text-type_5 ArticleView-text ViewText-root \">\n<p>Die Sonderberichterstatterin der Vereinten Nationen f\u00fcr die besetzten pal\u00e4stinensischen Gebiete, Francesca Albanese, gab am Mittwoch im Europ\u00e4ischen Parlament eine Pressekonferenz zur Situation der Pal\u00e4stinenser. Insbesondere bewertete sie die am Montag vom UN-Sicherheitsrat verabschiedete Resolution zur Umsetzung des Friedensplans. Dabei ging sie mit den EU-Politikern hart ins Gericht.<\/p>\n<p>In ihrer Eingangserkl\u00e4rung warf sie europ\u00e4ischen Politikern und Unternehmern vor, sie w\u00fcrden nicht die geringsten Ma\u00dfnahmen ergreifen, um den V\u00f6lkermord an den Pal\u00e4stinensern zu verhindern. Stattdessen verfolgten sie eigene wirtschaftliche und finanzielle Interessen. Das Verhalten der europ\u00e4ischen Eliten beinhalte koloniale Tendenzen, so Albanese.<\/p>\n<p>Die europ\u00e4ische Bev\u00f6lkerung w\u00fcrde vielerorts gegen den Genozid in Pal\u00e4stina demonstrieren und w\u00fcrde von den europ\u00e4ischen Staatschefs ignoriert. Auch das Europ\u00e4ische Parlament setze sich nicht f\u00fcr die Pal\u00e4stinenser ein \u2013 in einer Situation, in der seitens der israelischen Regierung ganz offen das V\u00f6lkerrecht gebrochen und Menschenrechte verletzt w\u00fcrden. Das Verhalten der EU-Politiker sei zudem durch ausl\u00e4ndischen finanziellen Druck bestimmt, welcher die Politik in der EU von au\u00dfen beeinflusse. Dies widerspr\u00e4che den Grundlagen der europ\u00e4ischen demokratischen Werte.\u00a0\u00a0<\/p>\n<p>Auf die Frage, was die EU zur Unterst\u00fctzung der Pal\u00e4stinenser tun k\u00f6nne, erkl\u00e4rte die Juristin: Am Donnerstag treffe sich der EU-Rat f\u00fcr ausl\u00e4ndische Angelegenheiten in Br\u00fcssel. Auf der Tagesordnung stehe dabei auch die Lage im Nahen Osten. Nach Einrichtung eines sogenannten Waffenstillstandsabkommens, das sich angesichts fortgesetzter Morde an der pal\u00e4stinensischen Bev\u00f6lkerung seit zwei Monaten als Makulatur erweise, solle die EU Sanktionen gegen Israel verh\u00e4ngen. Albanese machte deutlich: &#8220;Der Waffenstillstand bedeutet gar nichts, au\u00dfer dass nun alle denken, dass jetzt alles gut ist.&#8221;<\/p>\n<p>Die am Montag beschlossene Resolution des UN-Sicherheitsrats zur Absicherung des Gaza-Friedensplans von US-Pr\u00e4sident Donald Trump diene nicht den Pal\u00e4stinensern, kritisierte die UN-Sonderberichterstatterin: &#8220;Diese Resolution verhindert das Recht auf Selbstbestimmung des pal\u00e4stinensischen Volkes \u2013 damit wird die Kontrolle \u00fcber Gaza und die Pal\u00e4stinenser installiert.&#8221;<\/p>\n<p>Die EU profitiere insofern von dem sogenannten Friedensplan, weil dieser von den schrecklichen Verbrechen ablenke, die an den Pal\u00e4stinensern ver\u00fcbt w\u00fcrden. Als konkrete Ma\u00dfnahmen, schlug Albanese den EU-Regierungen folgende Punkte vor:\u00a0\u00a0<\/p>\n<ul>\n<li>Keine milit\u00e4rische Unterst\u00fctzung mehr f\u00fcr Israel<\/li>\n<li>Abbruch der Handelsbeziehungen mit Israel<\/li>\n<li>Keine Waffenexporte nach Israel<\/li>\n<li>Keine gemeinsamen Milit\u00e4r\u00fcbungen mit den israelischen Streitkr\u00e4ften<\/li>\n<li>Unternehmer aus EU-Mitgliedsl\u00e4ndern sollten nicht mehr in Israel investieren<\/li>\n<li>Einrichtung eines Wiederaufbaufonds f\u00fcr Gaza\u00a0<\/li>\n<li>Die europ\u00e4ischen B\u00fcrger k\u00f6nnten ebenfalls beitragen, indem sie keine Produkte und Dienstleistungen aus Israel mehr kauften<\/li>\n<\/ul>\n<p>Eine Journalistin erkundigte sich nach der Aussiedlung von Pal\u00e4stinensern nach S\u00fcdafrika. Die UN-Sonderberichterstatterin f\u00fcr Pal\u00e4stina best\u00e4tigte das. Die Umsiedlung nach S\u00fcdafrika w\u00fcrde aber nicht den Pal\u00e4stinensern dienen, sondern Israel bei der Umsetzung der ethnischen S\u00e4uberung helfen. Laut ihres Kenntnisstands w\u00fcssten viele Pal\u00e4stinenser nicht einmal, wohin sie verbracht w\u00fcrden, und bes\u00e4\u00dfen auch keinen Pass.<\/p>\n<p>Schlie\u00dflich wollte ein Journalist noch wissen, wie Francesca Albanese die Rolle Deutschlands in dieser Situation bewerte. Deutschland habe jetzt wieder Waffenexporte nach Israel genehmigt und jegliche Sanktionen gegen Israel ausgesetzt. Offenbar gebe es in Deutschland keinerlei Schuldbewusstsein in Bezug auf die Lage in Pal\u00e4stina. Hinsichtlich der eigenen Vergangenheit sollte sich Deutschland doch heute f\u00fcr ein &#8220;Nie wieder V\u00f6lkermord&#8221; einsetzen. Stattdessen w\u00fcrden in Deutschland die Menschen, die gegen den Genozid an den Pal\u00e4stinensern demonstrierten, von der Polizei zusammengeschlagen.<\/p>\n<p><strong>Mehr zum Thema<\/strong>\u00a0\u2013\u00a0<a rel=\"nofollow noopener\" target=\"_blank\" href=\"https:\/\/dert.online\/der-nahe-osten\/262079-un-beschliesst-einstimmig-stationierung-von\/\">UN-Sicherheitsrat beschlie\u00dft die Stationierung von internationaler Gaza-Stabilisierungstruppe <\/a><\/p>\n<div class=\"EmbedBlock-root EmbedBlock-externalVideo EmbedBlock-rumble\">\n<div class=\"VkEmbed\"><iframe class=\"lazyload\" data-src=\"https:\/\/rumble.com\/embed\/v6zr2bq\" frameborder=\"0\" width=\"853\" height=\"480\" allowfullscreen><\/iframe><\/div>\n<\/div>\n<\/div>\n<p><br \/>\n<br \/><a href=\"https:\/\/de.rt.com\/der-nahe-osten\/262227-un-sonderberichterstatterin-deutschland-hat-kein\/\">Source link <\/a><\/p>\n","protected":false},"excerpt":{"rendered":"<p>Die Bewertung der neuen UN-Resolution und des angeblichen Waffenstillstands in Pal\u00e4stina durch die UN-Sonderberichterstatterin f\u00fcr Pal\u00e4stina, Francesca Albanese, f\u00e4llt nicht gut aus. Laut Albanese verhindere die Resolution die pal\u00e4stinensische Selbstbestimmung und diene der Kontrolle der Pal\u00e4stinenser. Die Sonderberichterstatterin der Vereinten Nationen f\u00fcr die besetzten pal\u00e4stinensischen Gebiete, Francesca Albanese, gab am Mittwoch im Europ\u00e4ischen Parlament eine [&hellip;]<\/p>\n","protected":false},"author":3,"featured_media":94258,"comment_status":"open","ping_status":"open","sticky":false,"template":"","format":"standard","meta":{"_yoast_indexnow_last_ping":["1763555763"],"wp_automatic_camp":["217"],"5667d176754e77eeb8177ceb38fe44e5":["UN-Sonderberichterstatterin: Deutschland hat kein Schuldbewusstsein gegen\u00fcber V\u00f6lkermordsopfern"],"original_link":["https:\/\/de.rt.com\/der-nahe-osten\/262227-un-sonderberichterstatterin-deutschland-hat-kein\/"],"_thumbnail_id":["94258"],"jnews_social_counter_last_update":["1777282677"],"_wptgpro_p2tg_sent2tg":["a:1:{i:23737;s:19:\"2025-11-19 14:37:04\";}"]},"categories":[19,23],"tags":[179,8962,423,2030,69291,46119,69292],"yoast_head":"<!-- This site is optimized with the Yoast SEO Premium plugin v22.7 (Yoast SEO v22.7) - https:\/\/yoast.com\/wordpress\/plugins\/seo\/ -->\n<title>UN-Sonderberichterstatterin: Deutschland hat kein Schuldbewusstsein gegen\u00fcber V\u00f6lkermordsopfern - just-now.NEWS Deutschland<\/title>\n<meta name=\"robots\" content=\"index, follow, max-snippet:-1, max-image-preview:large, max-video-preview:-1\" \/>\n<link rel=\"canonical\" href=\"https:\/\/now-news.de\/de\/deutschland\/un-sonderberichterstatterin-deutschland-hat-kein-schuldbewusstsein-gegenueber-voelkermordsopfern\/\" \/>\n<meta property=\"og:locale\" content=\"de_DE\" \/>\n<meta property=\"og:type\" content=\"article\" \/>\n<meta property=\"og:title\" content=\"UN-Sonderberichterstatterin: Deutschland hat kein Schuldbewusstsein gegen\u00fcber V\u00f6lkermordsopfern\" \/>\n<meta property=\"og:description\" content=\"Die Bewertung der neuen UN-Resolution und des angeblichen Waffenstillstands in Pal\u00e4stina durch die UN-Sonderberichterstatterin f\u00fcr Pal\u00e4stina, Francesca Albanese, f\u00e4llt nicht gut aus. Laut Albanese verhindere die Resolution die pal\u00e4stinensische Selbstbestimmung und diene der Kontrolle der Pal\u00e4stinenser. Die Sonderberichterstatterin der Vereinten Nationen f\u00fcr die besetzten pal\u00e4stinensischen Gebiete, Francesca Albanese, gab am Mittwoch im Europ\u00e4ischen Parlament eine [&hellip;]\" \/>\n<meta property=\"og:url\" content=\"https:\/\/now-news.de\/de\/deutschland\/un-sonderberichterstatterin-deutschland-hat-kein-schuldbewusstsein-gegenueber-voelkermordsopfern\/\" \/>\n<meta property=\"og:site_name\" content=\"just-now.NEWS Deutschland\" \/>\n<meta property=\"article:publisher\" content=\"https:\/\/www.facebook.com\/wirmachenauf\" \/>\n<meta property=\"article:published_time\" content=\"2025-11-19T12:28:27+00:00\" \/>\n<meta property=\"og:image\" content=\"https:\/\/now-news.de\/de\/wp-content\/uploads\/sites\/3\/2025\/11\/691da062b480cc06a8022aec.png\" \/>\n<meta name=\"author\" content=\"rtnews\" \/>\n<meta name=\"twitter:card\" content=\"summary_large_image\" \/>\n<meta name=\"twitter:creator\" content=\"@WirMachenAuf_de\" \/>\n<meta name=\"twitter:site\" content=\"@WirMachenAuf_de\" \/>\n<meta name=\"twitter:label1\" content=\"Verfasst von\" \/>\n\t<meta name=\"twitter:data1\" content=\"rtnews\" \/>\n\t<meta name=\"twitter:label2\" content=\"Gesch\u00e4tzte Lesezeit\" \/>\n\t<meta name=\"twitter:data2\" content=\"3\u00a0Minuten\" \/>\n<script type=\"application\/ld+json\" class=\"yoast-schema-graph\">{\"@context\":\"https:\/\/schema.org\",\"@graph\":[{\"@type\":\"Article\",\"@id\":\"https:\/\/now-news.de\/de\/deutschland\/un-sonderberichterstatterin-deutschland-hat-kein-schuldbewusstsein-gegenueber-voelkermordsopfern\/#article\",\"isPartOf\":{\"@id\":\"https:\/\/now-news.de\/de\/deutschland\/un-sonderberichterstatterin-deutschland-hat-kein-schuldbewusstsein-gegenueber-voelkermordsopfern\/\"},\"author\":{\"name\":\"rtnews\",\"@id\":\"https:\/\/now-news.de\/de\/#\/schema\/person\/fb534a4e865501d8b3285208df34a9b5\"},\"headline\":\"UN-Sonderberichterstatterin: Deutschland hat kein Schuldbewusstsein gegen\u00fcber V\u00f6lkermordsopfern\",\"datePublished\":\"2025-11-19T12:28:27+00:00\",\"dateModified\":\"2025-11-19T12:28:27+00:00\",\"mainEntityOfPage\":{\"@id\":\"https:\/\/now-news.de\/de\/deutschland\/un-sonderberichterstatterin-deutschland-hat-kein-schuldbewusstsein-gegenueber-voelkermordsopfern\/\"},\"wordCount\":642,\"commentCount\":0,\"publisher\":{\"@id\":\"https:\/\/now-news.de\/de\/#organization\"},\"image\":{\"@id\":\"https:\/\/now-news.de\/de\/deutschland\/un-sonderberichterstatterin-deutschland-hat-kein-schuldbewusstsein-gegenueber-voelkermordsopfern\/#primaryimage\"},\"thumbnailUrl\":\"https:\/\/now-news.de\/de\/wp-content\/uploads\/sites\/3\/2025\/11\/UN-Sonderberichterstatterin-Deutschland-hat-kein-Schuldbewusstsein-gegenueber-Voelkermordsopfern.png\",\"keywords\":[\"Deutschland\",\"gegen\u00fcber\",\"hat\",\"Kein\",\"Schuldbewusstsein\",\"UNSonderberichterstatterin\",\"V\u00f6lkermordsopfern\"],\"articleSection\":[\"Deutschland\",\"Russland\"],\"inLanguage\":\"de\",\"potentialAction\":[{\"@type\":\"CommentAction\",\"name\":\"Comment\",\"target\":[\"https:\/\/now-news.de\/de\/deutschland\/un-sonderberichterstatterin-deutschland-hat-kein-schuldbewusstsein-gegenueber-voelkermordsopfern\/#respond\"]}]},{\"@type\":\"WebPage\",\"@id\":\"https:\/\/now-news.de\/de\/deutschland\/un-sonderberichterstatterin-deutschland-hat-kein-schuldbewusstsein-gegenueber-voelkermordsopfern\/\",\"url\":\"https:\/\/now-news.de\/de\/deutschland\/un-sonderberichterstatterin-deutschland-hat-kein-schuldbewusstsein-gegenueber-voelkermordsopfern\/\",\"name\":\"UN-Sonderberichterstatterin: Deutschland hat kein Schuldbewusstsein gegen\u00fcber V\u00f6lkermordsopfern - just-now.NEWS Deutschland\",\"isPartOf\":{\"@id\":\"https:\/\/now-news.de\/de\/#website\"},\"primaryImageOfPage\":{\"@id\":\"https:\/\/now-news.de\/de\/deutschland\/un-sonderberichterstatterin-deutschland-hat-kein-schuldbewusstsein-gegenueber-voelkermordsopfern\/#primaryimage\"},\"image\":{\"@id\":\"https:\/\/now-news.de\/de\/deutschland\/un-sonderberichterstatterin-deutschland-hat-kein-schuldbewusstsein-gegenueber-voelkermordsopfern\/#primaryimage\"},\"thumbnailUrl\":\"https:\/\/now-news.de\/de\/wp-content\/uploads\/sites\/3\/2025\/11\/UN-Sonderberichterstatterin-Deutschland-hat-kein-Schuldbewusstsein-gegenueber-Voelkermordsopfern.png\",\"datePublished\":\"2025-11-19T12:28:27+00:00\",\"dateModified\":\"2025-11-19T12:28:27+00:00\",\"breadcrumb\":{\"@id\":\"https:\/\/now-news.de\/de\/deutschland\/un-sonderberichterstatterin-deutschland-hat-kein-schuldbewusstsein-gegenueber-voelkermordsopfern\/#breadcrumb\"},\"inLanguage\":\"de\",\"potentialAction\":[{\"@type\":\"ReadAction\",\"target\":[\"https:\/\/now-news.de\/de\/deutschland\/un-sonderberichterstatterin-deutschland-hat-kein-schuldbewusstsein-gegenueber-voelkermordsopfern\/\"]}]},{\"@type\":\"ImageObject\",\"inLanguage\":\"de\",\"@id\":\"https:\/\/now-news.de\/de\/deutschland\/un-sonderberichterstatterin-deutschland-hat-kein-schuldbewusstsein-gegenueber-voelkermordsopfern\/#primaryimage\",\"url\":\"https:\/\/now-news.de\/de\/wp-content\/uploads\/sites\/3\/2025\/11\/UN-Sonderberichterstatterin-Deutschland-hat-kein-Schuldbewusstsein-gegenueber-Voelkermordsopfern.png\",\"contentUrl\":\"https:\/\/now-news.de\/de\/wp-content\/uploads\/sites\/3\/2025\/11\/UN-Sonderberichterstatterin-Deutschland-hat-kein-Schuldbewusstsein-gegenueber-Voelkermordsopfern.png\",\"width\":460,\"height\":259,\"caption\":\"UN-Sonderberichterstatterin: Deutschland hat kein Schuldbewusstsein gegen\u00fcber V\u00f6lkermordsopfern\"},{\"@type\":\"BreadcrumbList\",\"@id\":\"https:\/\/now-news.de\/de\/deutschland\/un-sonderberichterstatterin-deutschland-hat-kein-schuldbewusstsein-gegenueber-voelkermordsopfern\/#breadcrumb\",\"itemListElement\":[{\"@type\":\"ListItem\",\"position\":1,\"name\":\"Home\",\"item\":\"https:\/\/now-news.de\/de\/\"},{\"@type\":\"ListItem\",\"position\":2,\"name\":\"UN-Sonderberichterstatterin: Deutschland hat kein Schuldbewusstsein gegen\u00fcber V\u00f6lkermordsopfern\"}]},{\"@type\":\"WebSite\",\"@id\":\"https:\/\/now-news.de\/de\/#website\",\"url\":\"https:\/\/now-news.de\/de\/\",\"name\":\"just-now.NEWS Deutschland\",\"description\":\"Das Portal f\u00fcr unzensierte Nachrichten aus der Welt\",\"publisher\":{\"@id\":\"https:\/\/now-news.de\/de\/#organization\"},\"potentialAction\":[{\"@type\":\"SearchAction\",\"target\":{\"@type\":\"EntryPoint\",\"urlTemplate\":\"https:\/\/now-news.de\/de\/?s={search_term_string}\"},\"query-input\":\"required name=search_term_string\"}],\"inLanguage\":\"de\"},{\"@type\":\"Organization\",\"@id\":\"https:\/\/now-news.de\/de\/#organization\",\"name\":\"Just Now News\",\"url\":\"https:\/\/now-news.de\/de\/\",\"logo\":{\"@type\":\"ImageObject\",\"inLanguage\":\"de\",\"@id\":\"https:\/\/now-news.de\/de\/#\/schema\/logo\/image\/\",\"url\":\"http:\/\/just-now.news\/de\/wp-content\/uploads\/sites\/3\/2022\/04\/logo500x500.jpg\",\"contentUrl\":\"http:\/\/just-now.news\/de\/wp-content\/uploads\/sites\/3\/2022\/04\/logo500x500.jpg\",\"width\":500,\"height\":500,\"caption\":\"Just Now News\"},\"image\":{\"@id\":\"https:\/\/now-news.de\/de\/#\/schema\/logo\/image\/\"},\"sameAs\":[\"https:\/\/www.facebook.com\/wirmachenauf\",\"https:\/\/x.com\/WirMachenAuf_de\"]},{\"@type\":\"Person\",\"@id\":\"https:\/\/now-news.de\/de\/#\/schema\/person\/fb534a4e865501d8b3285208df34a9b5\",\"name\":\"rtnews\",\"image\":{\"@type\":\"ImageObject\",\"inLanguage\":\"de\",\"@id\":\"https:\/\/now-news.de\/de\/#\/schema\/person\/image\/\",\"url\":\"https:\/\/secure.gravatar.com\/avatar\/82aafea7d8127119dd649515f56e2117?s=96&d=mm&r=g\",\"contentUrl\":\"https:\/\/secure.gravatar.com\/avatar\/82aafea7d8127119dd649515f56e2117?s=96&d=mm&r=g\",\"caption\":\"rtnews\"},\"url\":\"https:\/\/now-news.de\/de\/author\/rnews\/\"}]}<\/script>\n<!-- \/ Yoast SEO Premium plugin. -->","yoast_head_json":{"title":"UN-Sonderberichterstatterin: Deutschland hat kein Schuldbewusstsein gegen\u00fcber V\u00f6lkermordsopfern - just-now.NEWS Deutschland","robots":{"index":"index","follow":"follow","max-snippet":"max-snippet:-1","max-image-preview":"max-image-preview:large","max-video-preview":"max-video-preview:-1"},"canonical":"https:\/\/now-news.de\/de\/deutschland\/un-sonderberichterstatterin-deutschland-hat-kein-schuldbewusstsein-gegenueber-voelkermordsopfern\/","og_locale":"de_DE","og_type":"article","og_title":"UN-Sonderberichterstatterin: Deutschland hat kein Schuldbewusstsein gegen\u00fcber V\u00f6lkermordsopfern","og_description":"Die Bewertung der neuen UN-Resolution und des angeblichen Waffenstillstands in Pal\u00e4stina durch die UN-Sonderberichterstatterin f\u00fcr Pal\u00e4stina, Francesca Albanese, f\u00e4llt nicht gut aus. Laut Albanese verhindere die Resolution die pal\u00e4stinensische Selbstbestimmung und diene der Kontrolle der Pal\u00e4stinenser. Die Sonderberichterstatterin der Vereinten Nationen f\u00fcr die besetzten pal\u00e4stinensischen Gebiete, Francesca Albanese, gab am Mittwoch im Europ\u00e4ischen Parlament eine [&hellip;]","og_url":"https:\/\/now-news.de\/de\/deutschland\/un-sonderberichterstatterin-deutschland-hat-kein-schuldbewusstsein-gegenueber-voelkermordsopfern\/","og_site_name":"just-now.NEWS Deutschland","article_publisher":"https:\/\/www.facebook.com\/wirmachenauf","article_published_time":"2025-11-19T12:28:27+00:00","og_image":[{"url":"https:\/\/now-news.de\/de\/wp-content\/uploads\/sites\/3\/2025\/11\/691da062b480cc06a8022aec.png"}],"author":"rtnews","twitter_card":"summary_large_image","twitter_creator":"@WirMachenAuf_de","twitter_site":"@WirMachenAuf_de","twitter_misc":{"Verfasst von":"rtnews","Gesch\u00e4tzte Lesezeit":"3\u00a0Minuten"},"schema":{"@context":"https:\/\/schema.org","@graph":[{"@type":"Article","@id":"https:\/\/now-news.de\/de\/deutschland\/un-sonderberichterstatterin-deutschland-hat-kein-schuldbewusstsein-gegenueber-voelkermordsopfern\/#article","isPartOf":{"@id":"https:\/\/now-news.de\/de\/deutschland\/un-sonderberichterstatterin-deutschland-hat-kein-schuldbewusstsein-gegenueber-voelkermordsopfern\/"},"author":{"name":"rtnews","@id":"https:\/\/now-news.de\/de\/#\/schema\/person\/fb534a4e865501d8b3285208df34a9b5"},"headline":"UN-Sonderberichterstatterin: Deutschland hat kein Schuldbewusstsein gegen\u00fcber V\u00f6lkermordsopfern","datePublished":"2025-11-19T12:28:27+00:00","dateModified":"2025-11-19T12:28:27+00:00","mainEntityOfPage":{"@id":"https:\/\/now-news.de\/de\/deutschland\/un-sonderberichterstatterin-deutschland-hat-kein-schuldbewusstsein-gegenueber-voelkermordsopfern\/"},"wordCount":642,"commentCount":0,"publisher":{"@id":"https:\/\/now-news.de\/de\/#organization"},"image":{"@id":"https:\/\/now-news.de\/de\/deutschland\/un-sonderberichterstatterin-deutschland-hat-kein-schuldbewusstsein-gegenueber-voelkermordsopfern\/#primaryimage"},"thumbnailUrl":"https:\/\/now-news.de\/de\/wp-content\/uploads\/sites\/3\/2025\/11\/UN-Sonderberichterstatterin-Deutschland-hat-kein-Schuldbewusstsein-gegenueber-Voelkermordsopfern.png","keywords":["Deutschland","gegen\u00fcber","hat","Kein","Schuldbewusstsein","UNSonderberichterstatterin","V\u00f6lkermordsopfern"],"articleSection":["Deutschland","Russland"],"inLanguage":"de","potentialAction":[{"@type":"CommentAction","name":"Comment","target":["https:\/\/now-news.de\/de\/deutschland\/un-sonderberichterstatterin-deutschland-hat-kein-schuldbewusstsein-gegenueber-voelkermordsopfern\/#respond"]}]},{"@type":"WebPage","@id":"https:\/\/now-news.de\/de\/deutschland\/un-sonderberichterstatterin-deutschland-hat-kein-schuldbewusstsein-gegenueber-voelkermordsopfern\/","url":"https:\/\/now-news.de\/de\/deutschland\/un-sonderberichterstatterin-deutschland-hat-kein-schuldbewusstsein-gegenueber-voelkermordsopfern\/","name":"UN-Sonderberichterstatterin: Deutschland hat kein Schuldbewusstsein gegen\u00fcber V\u00f6lkermordsopfern - just-now.NEWS Deutschland","isPartOf":{"@id":"https:\/\/now-news.de\/de\/#website"},"primaryImageOfPage":{"@id":"https:\/\/now-news.de\/de\/deutschland\/un-sonderberichterstatterin-deutschland-hat-kein-schuldbewusstsein-gegenueber-voelkermordsopfern\/#primaryimage"},"image":{"@id":"https:\/\/now-news.de\/de\/deutschland\/un-sonderberichterstatterin-deutschland-hat-kein-schuldbewusstsein-gegenueber-voelkermordsopfern\/#primaryimage"},"thumbnailUrl":"https:\/\/now-news.de\/de\/wp-content\/uploads\/sites\/3\/2025\/11\/UN-Sonderberichterstatterin-Deutschland-hat-kein-Schuldbewusstsein-gegenueber-Voelkermordsopfern.png","datePublished":"2025-11-19T12:28:27+00:00","dateModified":"2025-11-19T12:28:27+00:00","breadcrumb":{"@id":"https:\/\/now-news.de\/de\/deutschland\/un-sonderberichterstatterin-deutschland-hat-kein-schuldbewusstsein-gegenueber-voelkermordsopfern\/#breadcrumb"},"inLanguage":"de","potentialAction":[{"@type":"ReadAction","target":["https:\/\/now-news.de\/de\/deutschland\/un-sonderberichterstatterin-deutschland-hat-kein-schuldbewusstsein-gegenueber-voelkermordsopfern\/"]}]},{"@type":"ImageObject","inLanguage":"de","@id":"https:\/\/now-news.de\/de\/deutschland\/un-sonderberichterstatterin-deutschland-hat-kein-schuldbewusstsein-gegenueber-voelkermordsopfern\/#primaryimage","url":"https:\/\/now-news.de\/de\/wp-content\/uploads\/sites\/3\/2025\/11\/UN-Sonderberichterstatterin-Deutschland-hat-kein-Schuldbewusstsein-gegenueber-Voelkermordsopfern.png","contentUrl":"https:\/\/now-news.de\/de\/wp-content\/uploads\/sites\/3\/2025\/11\/UN-Sonderberichterstatterin-Deutschland-hat-kein-Schuldbewusstsein-gegenueber-Voelkermordsopfern.png","width":460,"height":259,"caption":"UN-Sonderberichterstatterin: Deutschland hat kein Schuldbewusstsein gegen\u00fcber V\u00f6lkermordsopfern"},{"@type":"BreadcrumbList","@id":"https:\/\/now-news.de\/de\/deutschland\/un-sonderberichterstatterin-deutschland-hat-kein-schuldbewusstsein-gegenueber-voelkermordsopfern\/#breadcrumb","itemListElement":[{"@type":"ListItem","position":1,"name":"Home","item":"https:\/\/now-news.de\/de\/"},{"@type":"ListItem","position":2,"name":"UN-Sonderberichterstatterin: Deutschland hat kein Schuldbewusstsein gegen\u00fcber V\u00f6lkermordsopfern"}]},{"@type":"WebSite","@id":"https:\/\/now-news.de\/de\/#website","url":"https:\/\/now-news.de\/de\/","name":"just-now.NEWS Deutschland","description":"Das Portal f\u00fcr unzensierte Nachrichten aus der Welt","publisher":{"@id":"https:\/\/now-news.de\/de\/#organization"},"potentialAction":[{"@type":"SearchAction","target":{"@type":"EntryPoint","urlTemplate":"https:\/\/now-news.de\/de\/?s={search_term_string}"},"query-input":"required name=search_term_string"}],"inLanguage":"de"},{"@type":"Organization","@id":"https:\/\/now-news.de\/de\/#organization","name":"Just Now News","url":"https:\/\/now-news.de\/de\/","logo":{"@type":"ImageObject","inLanguage":"de","@id":"https:\/\/now-news.de\/de\/#\/schema\/logo\/image\/","url":"http:\/\/just-now.news\/de\/wp-content\/uploads\/sites\/3\/2022\/04\/logo500x500.jpg","contentUrl":"http:\/\/just-now.news\/de\/wp-content\/uploads\/sites\/3\/2022\/04\/logo500x500.jpg","width":500,"height":500,"caption":"Just Now News"},"image":{"@id":"https:\/\/now-news.de\/de\/#\/schema\/logo\/image\/"},"sameAs":["https:\/\/www.facebook.com\/wirmachenauf","https:\/\/x.com\/WirMachenAuf_de"]},{"@type":"Person","@id":"https:\/\/now-news.de\/de\/#\/schema\/person\/fb534a4e865501d8b3285208df34a9b5","name":"rtnews","image":{"@type":"ImageObject","inLanguage":"de","@id":"https:\/\/now-news.de\/de\/#\/schema\/person\/image\/","url":"https:\/\/secure.gravatar.com\/avatar\/82aafea7d8127119dd649515f56e2117?s=96&d=mm&r=g","contentUrl":"https:\/\/secure.gravatar.com\/avatar\/82aafea7d8127119dd649515f56e2117?s=96&d=mm&r=g","caption":"rtnews"},"url":"https:\/\/now-news.de\/de\/author\/rnews\/"}]}},"_links":{"self":[{"href":"https:\/\/now-news.de\/de\/wp-json\/wp\/v2\/posts\/94257"}],"collection":[{"href":"https:\/\/now-news.de\/de\/wp-json\/wp\/v2\/posts"}],"about":[{"href":"https:\/\/now-news.de\/de\/wp-json\/wp\/v2\/types\/post"}],"author":[{"embeddable":true,"href":"https:\/\/now-news.de\/de\/wp-json\/wp\/v2\/users\/3"}],"replies":[{"embeddable":true,"href":"https:\/\/now-news.de\/de\/wp-json\/wp\/v2\/comments?post=94257"}],"version-history":[{"count":0,"href":"https:\/\/now-news.de\/de\/wp-json\/wp\/v2\/posts\/94257\/revisions"}],"wp:featuredmedia":[{"embeddable":true,"href":"https:\/\/now-news.de\/de\/wp-json\/wp\/v2\/media\/94258"}],"wp:attachment":[{"href":"https:\/\/now-news.de\/de\/wp-json\/wp\/v2\/media?parent=94257"}],"wp:term":[{"taxonomy":"category","embeddable":true,"href":"https:\/\/now-news.de\/de\/wp-json\/wp\/v2\/categories?post=94257"},{"taxonomy":"post_tag","embeddable":true,"href":"https:\/\/now-news.de\/de\/wp-json\/wp\/v2\/tags?post=94257"}],"curies":[{"name":"wp","href":"https:\/\/api.w.org\/{rel}","templated":true}]}}