{"id":94166,"date":"2025-11-18T12:29:43","date_gmt":"2025-11-18T10:29:43","guid":{"rendered":"https:\/\/now-news.de\/de\/deutschland\/nrw-stellvertretende-afd-buergermeisterin-soll-wieder-abgewaehlt-werden\/"},"modified":"2025-11-18T12:29:43","modified_gmt":"2025-11-18T10:29:43","slug":"nrw-stellvertretende-afd-buergermeisterin-soll-wieder-abgewaehlt-werden","status":"publish","type":"post","link":"https:\/\/now-news.de\/de\/deutschland\/nrw-stellvertretende-afd-buergermeisterin-soll-wieder-abgewaehlt-werden\/","title":{"rendered":"NRW: Stellvertretende AfD-B\u00fcrgermeisterin soll wieder abgew\u00e4hlt werden"},"content":{"rendered":"<p><img decoding=\"async\" src=\"https:\/\/now-news.de\/de\/wp-content\/uploads\/sites\/3\/2025\/11\/691c312bb480cc2ad40416a1.JPG\" \/><\/p>\n<div class=\"Text-root Text-type_1 \">\n                F\u00fcr AfD-Parteichefin Alice Weidel war die Wahl von Sabine Reinknecht am 5. November zur dritten stellvertretenden B\u00fcrgermeisterin von Bad Salzuflen ein &#8220;sensationeller Erfolg&#8221;. F\u00fcr die anderen Fraktionen der Stadt ein unverzeihlicher Fauxpas, der nun umgehend in einer Abberufungswahl korrigiert werden soll.\n            <\/div>\n<p><\/p>\n<div class=\"Text-root Text-type_5 ArticleView-text ViewText-root \">\n<p>Die nordrheinwestf\u00e4lische AfD-Politikerin Sabine Reinknecht wurde Anfang November in der Kreisstadt Bad Salzuflen\u00a0zur dritten stellvertretenden B\u00fcrgermeisterin gew\u00e4hlt. Sie erhielt dabei insgesamt 16 Stimmen, drei mehr als die Partei Sitze im Stadtparlament hat.\u00a0Zwei Wochen nach\u00a0der \u00fcberraschenden\u00a0Zustimmung soll die AfD-Politikerin nun schon wieder abgesetzt werden. Alle Fraktionen im Stadtrat au\u00dfer der AfD haben einen gemeinsamen Antrag zur Abwahl Reinknechts eingereicht. Zuvor erfolgte laut dem\u00a0<em>WDR<\/em>\u00a0scharfe Kritik seitens des CDU-B\u00fcrgermeisters, der die Kollegen r\u00fcgte, die durch ihr Abstimmungsverhalten zur Wahl von Reinknecht sorgten.\u00a0<\/p>\n<p>Seit 2015 gilt die Stadt Bad Salzuflen offiziell als &#8220;<a rel=\"nofollow noopener\" target=\"_blank\" href=\"https:\/\/www.staatsbad-salzuflen.de\/uebernachtung-unterkuenfte\/allergikerfreundlicher-urlaub\">allergikerfreundliche<\/a>\u00a0Kommune&#8221;. Mehr als allergisch reagieren aktuell drei Fraktionen im aktuell besetzten Stadtparlament auf das Thema der AfD-Fraktion und die \u00fcberraschende Wahl von\u00a0Sabine Reinknecht zur dritten\u00a0stellvertretenden B\u00fcrgermeisterin am 5. November. Dazu hei\u00dft es erl\u00e4uternd in einem\u00a0<em>WDR<\/em>&#8211;<a rel=\"nofollow noopener\" target=\"_blank\" href=\"https:\/\/www1.wdr.de\/nachrichten\/westfalen-lippe\/antrag-abwahl-stellvertretende-buergermeisterin-bad-salzuflen100.html\">Beitrag<\/a>:<\/p>\n<p><em>&#8220;Als Stellvertreter von\u00a0CDU-B\u00fcrgermeister Dirk Tolkemitt waren eigentlich drei Kandidaten von\u00a0CDU,\u00a0SPD\u00a0und Gr\u00fcnen vorgesehen. Diese Liste erhielt aber nicht ausreichend Stimmen. Die Kandidatin der Gr\u00fcnen fiel raus, stattdessen wurde Reinknecht von der\u00a0AfD\u00a0in das Amt gew\u00e4hlt. Als dritte Stellvertreterin des B\u00fcrgermeisters kann sie somit die Stadt bei repr\u00e4sentativen Terminen nach au\u00dfen vertreten.&#8221;<\/em><\/p>\n<div class=\"EmbedBlock-root EmbedBlock-twitter\">\n<div class=\"TwitterEmbed\">\n<blockquote class=\"twitter-tweet lazyload\" data-twitter=\"twitter-tweet\">\n<p lang=\"de\" dir=\"ltr\">Herzlichen Gl\u00fcckwunsch an Sabine Reinknecht (AfD), die k\u00fcnftig Vize-B\u00fcrgermeisterin von Bad Salzuflen sein wird. Ein sensationeller Erfolg, der einmal mehr beweist, dass sich die Demokratie nicht von Brandmauern aufhalten l\u00e4sst. Ich w\u00fcnsche viel Erfolg &amp; gutes Gelingen im Amt! <a rel=\"nofollow noopener\" target=\"_blank\" href=\"https:\/\/t.co\/RsDZ1XACIS\">pic.twitter.com\/RsDZ1XACIS<\/a><\/p>\n<p>\u2014 Alice Weidel (@Alice_Weidel) <a rel=\"nofollow noopener\" target=\"_blank\" href=\"https:\/\/twitter.com\/Alice_Weidel\/status\/1986405345292345618?ref_src=twsrc%5Etfw\">November 6, 2025<\/a><\/p><\/blockquote>\n<\/div>\n<\/div>\n<p>Anscheinend f\u00fcr die anderen Fraktionen eine unhaltbare Situation. So erkl\u00e4rte\u00a0B\u00fcrgermeister Tolkemitt in einem Interview mit dem\u00a0<em>WDR<\/em>\u00a0kritisierend, dass die sieben Kollegen, die mit ihrem Nein und einer Enthaltung gegen die Kandidatenliste gestimmt haben, &#8220;durch ihr Zutun aktiv\u00a0zur Wahl Reinknechts beigetragen haben, auch wenn sie die AfD nicht gew\u00e4hlt haben&#8221;. Was nun folgt, ist die f\u00fcr morgen angesetzte\u00a0Abberufungswahl\u00a0im Rahmen einer \u00f6ffentlichen Ratssitzung.\u00a0Die beteiligten Ratsmitglieder erkl\u00e4ren in einer Pressemitteilung:<\/p>\n<p><em>&#8220;Unser gemeinsames Ziel ist es, die demokratischen Institutionen zu unterst\u00fctzen, stabile Rahmenbedingungen f\u00fcr die politische Arbeit zu schaffen und das Ansehen unserer Stadt nachhaltig zu sichern.&#8221;<\/em><\/p>\n<p>Die demnach dem Ansehen der Stadt schadende AfD-Fraktion samt betroffener Politikerin\u00a0<a rel=\"nofollow noopener\" target=\"_blank\" href=\"https:\/\/www.facebook.com\/afd.fraktion.salzuflen\">kommentiert<\/a>\u00a0zum Vorgehen der Parteikonkurrenz auf Facebook:<\/p>\n<p><em>&#8220;Die AfD-Fraktion im Rat der Stadt Bad Salzuflen nimmt den eingereichten Abwahlantrag gegen unsere stellvertretende B\u00fcrgermeisterin Sabine Reinknecht mit deutlicher Ersch\u00fctterung zur Kenntnis [\u2026]\u00a0Statt dieses demokratische Votum zu respektieren, versuchen nun mehrere Fraktionen, das Wahlergebnis politisch r\u00fcckg\u00e4ngig zu machen. Damit ignorieren sie nicht nur die demokratische Entscheidung, sondern auch die W\u00e4hlerinnen und W\u00e4hler, die der AfD bei der Kommunalwahl rund 20 Prozent gegeben haben.&#8221;<\/em><\/p>\n<p>Mit dem Vorgang der Abberufungswahl und dem sich abzeichnenden Ergebnis, w\u00fcrden die beteiligten Fraktionen &#8220;jedem f\u00fcnften Bad Salzufler seine legitime Repr\u00e4sentantin im Rathaus nehmen&#8221;. Die AfD-Politiker erkennen in dem Vorgang\u00a0&#8220;einen klaren Bruch mit demokratischer Fairness und parlamentarischer Kultur&#8221;.<\/p>\n<p>F\u00fcr den Antrag auf Abberufung reichte jetzt eine einfache Mehrheit, f\u00fcr die Abwahl selbst ist allerdings eine Zweidrittelmehrheit n\u00f6tig.\u00a0Frank Sommerfeld, Vorsitzender der\u00a0SPD-Ratsfraktion Bad Salzuflen, erkl\u00e4rte auf\u00a0<em>WDR<\/em>-Anfrage, &#8220;er sei optimistisch, dass die Mehrheit zustande kommt&#8221;.\u00a0Zudem w\u00fcrden sich CDU, SPD und Gr\u00fcne gemeinsam daf\u00fcr einsetzen, dass es k\u00fcnftig nur noch zwei Vize-B\u00fcrgermeister geben solle.<\/p>\n<p><strong>Mehr zum Thema &#8211;<\/strong><a rel=\"nofollow noopener\" target=\"_blank\" href=\"https:\/\/freedert.online\/inland\/262050-verband-familienunternehmer-wir-verabschieden-uns\/\">\u00a0Verband der Familienunternehmer: &#8220;Wir verabschieden uns von den Brandmauern&#8221;<\/a><\/p>\n<div class=\"EmbedBlock-root EmbedBlock-externalVideo EmbedBlock-rumble\">\n<div class=\"VkEmbed\"><iframe class=\"lazyload\" data-src=\"https:\/\/rumble.com\/embed\/v6zilqm\" frameborder=\"0\" width=\"853\" height=\"480\" allowfullscreen><\/iframe><\/div>\n<\/div>\n<\/div>\n<p><script async src=\"https:\/\/platform.twitter.com\/widgets.js\" charset=\"utf-8\"><\/script><br \/>\n<br \/><br \/>\n<br \/><a href=\"https:\/\/de.rt.com\/inland\/262089-nordrhein-westfalen-stellvertretende-afd-buergermeisterin\/\">Source link <\/a><\/p>\n","protected":false},"excerpt":{"rendered":"<p>F\u00fcr AfD-Parteichefin Alice Weidel war die Wahl von Sabine Reinknecht am 5. November zur dritten stellvertretenden B\u00fcrgermeisterin von Bad Salzuflen ein &#8220;sensationeller Erfolg&#8221;. F\u00fcr die anderen Fraktionen der Stadt ein unverzeihlicher Fauxpas, der nun umgehend in einer Abberufungswahl korrigiert werden soll. Die nordrheinwestf\u00e4lische AfD-Politikerin Sabine Reinknecht wurde Anfang November in der Kreisstadt Bad Salzuflen\u00a0zur dritten [&hellip;]<\/p>\n","protected":false},"author":3,"featured_media":94167,"comment_status":"open","ping_status":"open","sticky":false,"template":"","format":"standard","meta":{"_yoast_indexnow_last_ping":["1763462267"],"wp_automatic_camp":["217"],"ed2aee941f330987fe5edfd5ea2d051a":["NRW: Stellvertretende AfD-B\u00fcrgermeisterin soll wieder abgew\u00e4hlt werden"],"original_link":["https:\/\/de.rt.com\/inland\/262089-nordrhein-westfalen-stellvertretende-afd-buergermeisterin\/"],"_thumbnail_id":["94167"],"jnews_social_counter_last_update":["1777631255"],"_wptgpro_p2tg_sent2tg":["a:1:{i:23737;s:19:\"2025-11-18 12:38:51\";}"]},"categories":[19,23],"tags":[35441,69250,20122,766,25736,1040,904],"yoast_head":"<!-- This site is optimized with the Yoast SEO Premium plugin v22.7 (Yoast SEO v22.7) - https:\/\/yoast.com\/wordpress\/plugins\/seo\/ -->\n<title>NRW: Stellvertretende AfD-B\u00fcrgermeisterin soll wieder abgew\u00e4hlt werden - just-now.NEWS Deutschland<\/title>\n<meta name=\"robots\" content=\"index, follow, max-snippet:-1, max-image-preview:large, max-video-preview:-1\" \/>\n<link rel=\"canonical\" href=\"https:\/\/now-news.de\/de\/deutschland\/nrw-stellvertretende-afd-buergermeisterin-soll-wieder-abgewaehlt-werden\/\" \/>\n<meta property=\"og:locale\" content=\"de_DE\" \/>\n<meta property=\"og:type\" content=\"article\" \/>\n<meta property=\"og:title\" content=\"NRW: Stellvertretende AfD-B\u00fcrgermeisterin soll wieder abgew\u00e4hlt werden\" \/>\n<meta property=\"og:description\" content=\"F\u00fcr AfD-Parteichefin Alice Weidel war die Wahl von Sabine Reinknecht am 5. November zur dritten stellvertretenden B\u00fcrgermeisterin von Bad Salzuflen ein &#8220;sensationeller Erfolg&#8221;. F\u00fcr die anderen Fraktionen der Stadt ein unverzeihlicher Fauxpas, der nun umgehend in einer Abberufungswahl korrigiert werden soll. Die nordrheinwestf\u00e4lische AfD-Politikerin Sabine Reinknecht wurde Anfang November in der Kreisstadt Bad Salzuflen\u00a0zur dritten [&hellip;]\" \/>\n<meta property=\"og:url\" content=\"https:\/\/now-news.de\/de\/deutschland\/nrw-stellvertretende-afd-buergermeisterin-soll-wieder-abgewaehlt-werden\/\" \/>\n<meta property=\"og:site_name\" content=\"just-now.NEWS Deutschland\" \/>\n<meta property=\"article:publisher\" content=\"https:\/\/www.facebook.com\/wirmachenauf\" \/>\n<meta property=\"article:published_time\" content=\"2025-11-18T10:29:43+00:00\" \/>\n<meta property=\"og:image\" content=\"https:\/\/now-news.de\/de\/wp-content\/uploads\/sites\/3\/2025\/11\/691c312bb480cc2ad40416a1.JPG\" \/>\n<meta name=\"author\" content=\"rtnews\" \/>\n<meta name=\"twitter:card\" content=\"summary_large_image\" \/>\n<meta name=\"twitter:creator\" content=\"@WirMachenAuf_de\" \/>\n<meta name=\"twitter:site\" content=\"@WirMachenAuf_de\" \/>\n<meta name=\"twitter:label1\" content=\"Verfasst von\" \/>\n\t<meta name=\"twitter:data1\" content=\"rtnews\" \/>\n\t<meta name=\"twitter:label2\" content=\"Gesch\u00e4tzte Lesezeit\" \/>\n\t<meta name=\"twitter:data2\" content=\"3\u00a0Minuten\" \/>\n<script type=\"application\/ld+json\" class=\"yoast-schema-graph\">{\"@context\":\"https:\/\/schema.org\",\"@graph\":[{\"@type\":\"Article\",\"@id\":\"https:\/\/now-news.de\/de\/deutschland\/nrw-stellvertretende-afd-buergermeisterin-soll-wieder-abgewaehlt-werden\/#article\",\"isPartOf\":{\"@id\":\"https:\/\/now-news.de\/de\/deutschland\/nrw-stellvertretende-afd-buergermeisterin-soll-wieder-abgewaehlt-werden\/\"},\"author\":{\"name\":\"rtnews\",\"@id\":\"https:\/\/now-news.de\/de\/#\/schema\/person\/fb534a4e865501d8b3285208df34a9b5\"},\"headline\":\"NRW: Stellvertretende AfD-B\u00fcrgermeisterin soll wieder abgew\u00e4hlt werden\",\"datePublished\":\"2025-11-18T10:29:43+00:00\",\"dateModified\":\"2025-11-18T10:29:43+00:00\",\"mainEntityOfPage\":{\"@id\":\"https:\/\/now-news.de\/de\/deutschland\/nrw-stellvertretende-afd-buergermeisterin-soll-wieder-abgewaehlt-werden\/\"},\"wordCount\":624,\"commentCount\":0,\"publisher\":{\"@id\":\"https:\/\/now-news.de\/de\/#organization\"},\"image\":{\"@id\":\"https:\/\/now-news.de\/de\/deutschland\/nrw-stellvertretende-afd-buergermeisterin-soll-wieder-abgewaehlt-werden\/#primaryimage\"},\"thumbnailUrl\":\"https:\/\/now-news.de\/de\/wp-content\/uploads\/sites\/3\/2025\/11\/NRW-Stellvertretende-AfD-Buergermeisterin-soll-wieder-abgewaehlt-werden.JPG\",\"keywords\":[\"abgew\u00e4hlt\",\"AfDB\u00fcrgermeisterin\",\"NRW\",\"soll\",\"stellvertretende\",\"Werden\",\"wieder\"],\"articleSection\":[\"Deutschland\",\"Russland\"],\"inLanguage\":\"de\",\"potentialAction\":[{\"@type\":\"CommentAction\",\"name\":\"Comment\",\"target\":[\"https:\/\/now-news.de\/de\/deutschland\/nrw-stellvertretende-afd-buergermeisterin-soll-wieder-abgewaehlt-werden\/#respond\"]}]},{\"@type\":\"WebPage\",\"@id\":\"https:\/\/now-news.de\/de\/deutschland\/nrw-stellvertretende-afd-buergermeisterin-soll-wieder-abgewaehlt-werden\/\",\"url\":\"https:\/\/now-news.de\/de\/deutschland\/nrw-stellvertretende-afd-buergermeisterin-soll-wieder-abgewaehlt-werden\/\",\"name\":\"NRW: Stellvertretende AfD-B\u00fcrgermeisterin soll wieder abgew\u00e4hlt werden - just-now.NEWS Deutschland\",\"isPartOf\":{\"@id\":\"https:\/\/now-news.de\/de\/#website\"},\"primaryImageOfPage\":{\"@id\":\"https:\/\/now-news.de\/de\/deutschland\/nrw-stellvertretende-afd-buergermeisterin-soll-wieder-abgewaehlt-werden\/#primaryimage\"},\"image\":{\"@id\":\"https:\/\/now-news.de\/de\/deutschland\/nrw-stellvertretende-afd-buergermeisterin-soll-wieder-abgewaehlt-werden\/#primaryimage\"},\"thumbnailUrl\":\"https:\/\/now-news.de\/de\/wp-content\/uploads\/sites\/3\/2025\/11\/NRW-Stellvertretende-AfD-Buergermeisterin-soll-wieder-abgewaehlt-werden.JPG\",\"datePublished\":\"2025-11-18T10:29:43+00:00\",\"dateModified\":\"2025-11-18T10:29:43+00:00\",\"breadcrumb\":{\"@id\":\"https:\/\/now-news.de\/de\/deutschland\/nrw-stellvertretende-afd-buergermeisterin-soll-wieder-abgewaehlt-werden\/#breadcrumb\"},\"inLanguage\":\"de\",\"potentialAction\":[{\"@type\":\"ReadAction\",\"target\":[\"https:\/\/now-news.de\/de\/deutschland\/nrw-stellvertretende-afd-buergermeisterin-soll-wieder-abgewaehlt-werden\/\"]}]},{\"@type\":\"ImageObject\",\"inLanguage\":\"de\",\"@id\":\"https:\/\/now-news.de\/de\/deutschland\/nrw-stellvertretende-afd-buergermeisterin-soll-wieder-abgewaehlt-werden\/#primaryimage\",\"url\":\"https:\/\/now-news.de\/de\/wp-content\/uploads\/sites\/3\/2025\/11\/NRW-Stellvertretende-AfD-Buergermeisterin-soll-wieder-abgewaehlt-werden.JPG\",\"contentUrl\":\"https:\/\/now-news.de\/de\/wp-content\/uploads\/sites\/3\/2025\/11\/NRW-Stellvertretende-AfD-Buergermeisterin-soll-wieder-abgewaehlt-werden.JPG\",\"width\":460,\"height\":259,\"caption\":\"NRW: Stellvertretende AfD-B\u00fcrgermeisterin soll wieder abgew\u00e4hlt werden\"},{\"@type\":\"BreadcrumbList\",\"@id\":\"https:\/\/now-news.de\/de\/deutschland\/nrw-stellvertretende-afd-buergermeisterin-soll-wieder-abgewaehlt-werden\/#breadcrumb\",\"itemListElement\":[{\"@type\":\"ListItem\",\"position\":1,\"name\":\"Home\",\"item\":\"https:\/\/now-news.de\/de\/\"},{\"@type\":\"ListItem\",\"position\":2,\"name\":\"NRW: Stellvertretende AfD-B\u00fcrgermeisterin soll wieder abgew\u00e4hlt werden\"}]},{\"@type\":\"WebSite\",\"@id\":\"https:\/\/now-news.de\/de\/#website\",\"url\":\"https:\/\/now-news.de\/de\/\",\"name\":\"just-now.NEWS Deutschland\",\"description\":\"Das Portal f\u00fcr unzensierte Nachrichten aus der Welt\",\"publisher\":{\"@id\":\"https:\/\/now-news.de\/de\/#organization\"},\"potentialAction\":[{\"@type\":\"SearchAction\",\"target\":{\"@type\":\"EntryPoint\",\"urlTemplate\":\"https:\/\/now-news.de\/de\/?s={search_term_string}\"},\"query-input\":\"required name=search_term_string\"}],\"inLanguage\":\"de\"},{\"@type\":\"Organization\",\"@id\":\"https:\/\/now-news.de\/de\/#organization\",\"name\":\"Just Now News\",\"url\":\"https:\/\/now-news.de\/de\/\",\"logo\":{\"@type\":\"ImageObject\",\"inLanguage\":\"de\",\"@id\":\"https:\/\/now-news.de\/de\/#\/schema\/logo\/image\/\",\"url\":\"http:\/\/just-now.news\/de\/wp-content\/uploads\/sites\/3\/2022\/04\/logo500x500.jpg\",\"contentUrl\":\"http:\/\/just-now.news\/de\/wp-content\/uploads\/sites\/3\/2022\/04\/logo500x500.jpg\",\"width\":500,\"height\":500,\"caption\":\"Just Now News\"},\"image\":{\"@id\":\"https:\/\/now-news.de\/de\/#\/schema\/logo\/image\/\"},\"sameAs\":[\"https:\/\/www.facebook.com\/wirmachenauf\",\"https:\/\/x.com\/WirMachenAuf_de\"]},{\"@type\":\"Person\",\"@id\":\"https:\/\/now-news.de\/de\/#\/schema\/person\/fb534a4e865501d8b3285208df34a9b5\",\"name\":\"rtnews\",\"image\":{\"@type\":\"ImageObject\",\"inLanguage\":\"de\",\"@id\":\"https:\/\/now-news.de\/de\/#\/schema\/person\/image\/\",\"url\":\"https:\/\/secure.gravatar.com\/avatar\/82aafea7d8127119dd649515f56e2117?s=96&d=mm&r=g\",\"contentUrl\":\"https:\/\/secure.gravatar.com\/avatar\/82aafea7d8127119dd649515f56e2117?s=96&d=mm&r=g\",\"caption\":\"rtnews\"},\"url\":\"https:\/\/now-news.de\/de\/author\/rnews\/\"}]}<\/script>\n<!-- \/ Yoast SEO Premium plugin. -->","yoast_head_json":{"title":"NRW: Stellvertretende AfD-B\u00fcrgermeisterin soll wieder abgew\u00e4hlt werden - just-now.NEWS Deutschland","robots":{"index":"index","follow":"follow","max-snippet":"max-snippet:-1","max-image-preview":"max-image-preview:large","max-video-preview":"max-video-preview:-1"},"canonical":"https:\/\/now-news.de\/de\/deutschland\/nrw-stellvertretende-afd-buergermeisterin-soll-wieder-abgewaehlt-werden\/","og_locale":"de_DE","og_type":"article","og_title":"NRW: Stellvertretende AfD-B\u00fcrgermeisterin soll wieder abgew\u00e4hlt werden","og_description":"F\u00fcr AfD-Parteichefin Alice Weidel war die Wahl von Sabine Reinknecht am 5. November zur dritten stellvertretenden B\u00fcrgermeisterin von Bad Salzuflen ein &#8220;sensationeller Erfolg&#8221;. F\u00fcr die anderen Fraktionen der Stadt ein unverzeihlicher Fauxpas, der nun umgehend in einer Abberufungswahl korrigiert werden soll. Die nordrheinwestf\u00e4lische AfD-Politikerin Sabine Reinknecht wurde Anfang November in der Kreisstadt Bad Salzuflen\u00a0zur dritten [&hellip;]","og_url":"https:\/\/now-news.de\/de\/deutschland\/nrw-stellvertretende-afd-buergermeisterin-soll-wieder-abgewaehlt-werden\/","og_site_name":"just-now.NEWS Deutschland","article_publisher":"https:\/\/www.facebook.com\/wirmachenauf","article_published_time":"2025-11-18T10:29:43+00:00","og_image":[{"url":"https:\/\/now-news.de\/de\/wp-content\/uploads\/sites\/3\/2025\/11\/691c312bb480cc2ad40416a1.JPG"}],"author":"rtnews","twitter_card":"summary_large_image","twitter_creator":"@WirMachenAuf_de","twitter_site":"@WirMachenAuf_de","twitter_misc":{"Verfasst von":"rtnews","Gesch\u00e4tzte Lesezeit":"3\u00a0Minuten"},"schema":{"@context":"https:\/\/schema.org","@graph":[{"@type":"Article","@id":"https:\/\/now-news.de\/de\/deutschland\/nrw-stellvertretende-afd-buergermeisterin-soll-wieder-abgewaehlt-werden\/#article","isPartOf":{"@id":"https:\/\/now-news.de\/de\/deutschland\/nrw-stellvertretende-afd-buergermeisterin-soll-wieder-abgewaehlt-werden\/"},"author":{"name":"rtnews","@id":"https:\/\/now-news.de\/de\/#\/schema\/person\/fb534a4e865501d8b3285208df34a9b5"},"headline":"NRW: Stellvertretende AfD-B\u00fcrgermeisterin soll wieder abgew\u00e4hlt werden","datePublished":"2025-11-18T10:29:43+00:00","dateModified":"2025-11-18T10:29:43+00:00","mainEntityOfPage":{"@id":"https:\/\/now-news.de\/de\/deutschland\/nrw-stellvertretende-afd-buergermeisterin-soll-wieder-abgewaehlt-werden\/"},"wordCount":624,"commentCount":0,"publisher":{"@id":"https:\/\/now-news.de\/de\/#organization"},"image":{"@id":"https:\/\/now-news.de\/de\/deutschland\/nrw-stellvertretende-afd-buergermeisterin-soll-wieder-abgewaehlt-werden\/#primaryimage"},"thumbnailUrl":"https:\/\/now-news.de\/de\/wp-content\/uploads\/sites\/3\/2025\/11\/NRW-Stellvertretende-AfD-Buergermeisterin-soll-wieder-abgewaehlt-werden.JPG","keywords":["abgew\u00e4hlt","AfDB\u00fcrgermeisterin","NRW","soll","stellvertretende","Werden","wieder"],"articleSection":["Deutschland","Russland"],"inLanguage":"de","potentialAction":[{"@type":"CommentAction","name":"Comment","target":["https:\/\/now-news.de\/de\/deutschland\/nrw-stellvertretende-afd-buergermeisterin-soll-wieder-abgewaehlt-werden\/#respond"]}]},{"@type":"WebPage","@id":"https:\/\/now-news.de\/de\/deutschland\/nrw-stellvertretende-afd-buergermeisterin-soll-wieder-abgewaehlt-werden\/","url":"https:\/\/now-news.de\/de\/deutschland\/nrw-stellvertretende-afd-buergermeisterin-soll-wieder-abgewaehlt-werden\/","name":"NRW: Stellvertretende AfD-B\u00fcrgermeisterin soll wieder abgew\u00e4hlt werden - just-now.NEWS Deutschland","isPartOf":{"@id":"https:\/\/now-news.de\/de\/#website"},"primaryImageOfPage":{"@id":"https:\/\/now-news.de\/de\/deutschland\/nrw-stellvertretende-afd-buergermeisterin-soll-wieder-abgewaehlt-werden\/#primaryimage"},"image":{"@id":"https:\/\/now-news.de\/de\/deutschland\/nrw-stellvertretende-afd-buergermeisterin-soll-wieder-abgewaehlt-werden\/#primaryimage"},"thumbnailUrl":"https:\/\/now-news.de\/de\/wp-content\/uploads\/sites\/3\/2025\/11\/NRW-Stellvertretende-AfD-Buergermeisterin-soll-wieder-abgewaehlt-werden.JPG","datePublished":"2025-11-18T10:29:43+00:00","dateModified":"2025-11-18T10:29:43+00:00","breadcrumb":{"@id":"https:\/\/now-news.de\/de\/deutschland\/nrw-stellvertretende-afd-buergermeisterin-soll-wieder-abgewaehlt-werden\/#breadcrumb"},"inLanguage":"de","potentialAction":[{"@type":"ReadAction","target":["https:\/\/now-news.de\/de\/deutschland\/nrw-stellvertretende-afd-buergermeisterin-soll-wieder-abgewaehlt-werden\/"]}]},{"@type":"ImageObject","inLanguage":"de","@id":"https:\/\/now-news.de\/de\/deutschland\/nrw-stellvertretende-afd-buergermeisterin-soll-wieder-abgewaehlt-werden\/#primaryimage","url":"https:\/\/now-news.de\/de\/wp-content\/uploads\/sites\/3\/2025\/11\/NRW-Stellvertretende-AfD-Buergermeisterin-soll-wieder-abgewaehlt-werden.JPG","contentUrl":"https:\/\/now-news.de\/de\/wp-content\/uploads\/sites\/3\/2025\/11\/NRW-Stellvertretende-AfD-Buergermeisterin-soll-wieder-abgewaehlt-werden.JPG","width":460,"height":259,"caption":"NRW: Stellvertretende AfD-B\u00fcrgermeisterin soll wieder abgew\u00e4hlt werden"},{"@type":"BreadcrumbList","@id":"https:\/\/now-news.de\/de\/deutschland\/nrw-stellvertretende-afd-buergermeisterin-soll-wieder-abgewaehlt-werden\/#breadcrumb","itemListElement":[{"@type":"ListItem","position":1,"name":"Home","item":"https:\/\/now-news.de\/de\/"},{"@type":"ListItem","position":2,"name":"NRW: Stellvertretende AfD-B\u00fcrgermeisterin soll wieder abgew\u00e4hlt werden"}]},{"@type":"WebSite","@id":"https:\/\/now-news.de\/de\/#website","url":"https:\/\/now-news.de\/de\/","name":"just-now.NEWS Deutschland","description":"Das Portal f\u00fcr unzensierte Nachrichten aus der Welt","publisher":{"@id":"https:\/\/now-news.de\/de\/#organization"},"potentialAction":[{"@type":"SearchAction","target":{"@type":"EntryPoint","urlTemplate":"https:\/\/now-news.de\/de\/?s={search_term_string}"},"query-input":"required name=search_term_string"}],"inLanguage":"de"},{"@type":"Organization","@id":"https:\/\/now-news.de\/de\/#organization","name":"Just Now News","url":"https:\/\/now-news.de\/de\/","logo":{"@type":"ImageObject","inLanguage":"de","@id":"https:\/\/now-news.de\/de\/#\/schema\/logo\/image\/","url":"http:\/\/just-now.news\/de\/wp-content\/uploads\/sites\/3\/2022\/04\/logo500x500.jpg","contentUrl":"http:\/\/just-now.news\/de\/wp-content\/uploads\/sites\/3\/2022\/04\/logo500x500.jpg","width":500,"height":500,"caption":"Just Now News"},"image":{"@id":"https:\/\/now-news.de\/de\/#\/schema\/logo\/image\/"},"sameAs":["https:\/\/www.facebook.com\/wirmachenauf","https:\/\/x.com\/WirMachenAuf_de"]},{"@type":"Person","@id":"https:\/\/now-news.de\/de\/#\/schema\/person\/fb534a4e865501d8b3285208df34a9b5","name":"rtnews","image":{"@type":"ImageObject","inLanguage":"de","@id":"https:\/\/now-news.de\/de\/#\/schema\/person\/image\/","url":"https:\/\/secure.gravatar.com\/avatar\/82aafea7d8127119dd649515f56e2117?s=96&d=mm&r=g","contentUrl":"https:\/\/secure.gravatar.com\/avatar\/82aafea7d8127119dd649515f56e2117?s=96&d=mm&r=g","caption":"rtnews"},"url":"https:\/\/now-news.de\/de\/author\/rnews\/"}]}},"_links":{"self":[{"href":"https:\/\/now-news.de\/de\/wp-json\/wp\/v2\/posts\/94166"}],"collection":[{"href":"https:\/\/now-news.de\/de\/wp-json\/wp\/v2\/posts"}],"about":[{"href":"https:\/\/now-news.de\/de\/wp-json\/wp\/v2\/types\/post"}],"author":[{"embeddable":true,"href":"https:\/\/now-news.de\/de\/wp-json\/wp\/v2\/users\/3"}],"replies":[{"embeddable":true,"href":"https:\/\/now-news.de\/de\/wp-json\/wp\/v2\/comments?post=94166"}],"version-history":[{"count":0,"href":"https:\/\/now-news.de\/de\/wp-json\/wp\/v2\/posts\/94166\/revisions"}],"wp:featuredmedia":[{"embeddable":true,"href":"https:\/\/now-news.de\/de\/wp-json\/wp\/v2\/media\/94167"}],"wp:attachment":[{"href":"https:\/\/now-news.de\/de\/wp-json\/wp\/v2\/media?parent=94166"}],"wp:term":[{"taxonomy":"category","embeddable":true,"href":"https:\/\/now-news.de\/de\/wp-json\/wp\/v2\/categories?post=94166"},{"taxonomy":"post_tag","embeddable":true,"href":"https:\/\/now-news.de\/de\/wp-json\/wp\/v2\/tags?post=94166"}],"curies":[{"name":"wp","href":"https:\/\/api.w.org\/{rel}","templated":true}]}}