{"id":94162,"date":"2025-11-18T10:14:55","date_gmt":"2025-11-18T08:14:55","guid":{"rendered":"https:\/\/now-news.de\/de\/deutschland\/medienbericht-merz-staatsminister-verkauft-abendessen-mit-kabinettsmitgliedern-fuer-80-000-euro\/"},"modified":"2025-11-18T10:14:55","modified_gmt":"2025-11-18T08:14:55","slug":"medienbericht-merz-staatsminister-verkauft-abendessen-mit-kabinettsmitgliedern-fuer-80-000-euro","status":"publish","type":"post","link":"https:\/\/now-news.de\/de\/deutschland\/medienbericht-merz-staatsminister-verkauft-abendessen-mit-kabinettsmitgliedern-fuer-80-000-euro\/","title":{"rendered":"Medienbericht: Merz-Staatsminister verkauft Abendessen mit Kabinettsmitgliedern f\u00fcr 80.000 Euro"},"content":{"rendered":"<div class=\"Text-root Text-type_1 \">\n                Laut einem Apollo-Bericht verkauft die Weimer Media Group auf ihrem Ludwig-Erhard-Gipfel exklusive Abendessen mit &#8220;den Ministern&#8221;, vertrauliche Gespr\u00e4chsm\u00f6glichkeiten und Zugang zur politischen Spitze. Die Gewinne in betr\u00e4chtlicher H\u00f6he flie\u00dfen weiter an Staatsminister Weimer.\n            <\/div>\n<p><\/p>\n<div class=\"Text-root Text-type_5 ArticleView-text ViewText-root \">\n<p>Der\u00a0Ludwig-Erhard-Gipfel wird in den Medien gern als &#8220;Spitzentreffen am Tegernsee&#8221; oder &#8220;das deutsche Davos&#8221; bezeichnet. Erst seit 2014 wird das nach dem ehemaligen\u00a0Wirtschaftsminister und Bundeskanzler\u00a0benannte Diskussionsforum von der\u00a0Weimer Media Group\u00a0ausgerichtet. Den Veranstaltern ist es aber offenbar gelungen, die Konferenz mit Spitzenkr\u00e4ften aus Politik und Wirtschaft als\u00a0Podiumsrednern\u00a0und Teilnehmern\u00a0zu einer der gr\u00f6\u00dften Networking-Plattformen f\u00fcr eben jene Kr\u00e4fte zu etablieren. Eine vermittelnde Rolle kommt dabei dem Unternehmensgr\u00fcnder und Merz-Vertrauten zu.\u00a0<\/p>\n<p>Die Rede ist vom\u00a0Kultur- und Medienstaatsminister im Kanzleramt, Wolfram Weimer, der laut einem <em>Apollo<\/em>&#8211;<em>News<\/em>&#8211;<a rel=\"nofollow noopener\" target=\"_blank\" href=\"https:\/\/apollo-news.net\/abendessen-mit-ministern-fuer-80-000-euro-wolfram-weimers-unternehmen-verkauft-einfluss-auf-politische-entscheidungstraeger\/\">Bericht<\/a> Wirtschaftsvertretern &#8220;Einfluss auf die politischen Entscheidungstr\u00e4ger&#8221; verkauft. So steht es in Verkaufsunterlagen der Weimer Media Group, die\u00a0dem Nachrichtenportal exklusiv vorliegen. Es geht dabei um Gespr\u00e4chskontakte zu Mitgliedern der Bundesregierung \u2013 m\u00f6glicherweise sogar zu Bundeskanzler Friedrich Merz selbst. An seinen Posten kam der parteilose Merz-Duzfreund Weimer nach einer CDU-Empfehlung.\u00a0<\/p>\n<p>F\u00fcr den n\u00e4chsten Ludwig-Erhard-Gipfel im April 2026 sind neben dem bayerischen Ministerpr\u00e4sidenten und der Landtagspr\u00e4sidentin Ilse Aigner vier Mitglieder der Bundesregierung angek\u00fcndigt: Wirtschaftsministerin Katherina Reiche, Landwirtschaftsminister Alois Rainer, Forschungsministerin Dorothee B\u00e4r und Kanzleramtsminister Thorsten Frei. Zu den Stammg\u00e4sten z\u00e4hlte in den vergangenen Jahren Friedrich Merz. Markus S\u00f6der trat als Schirmherr auf und sagte \u00fcber das Gipfeltreffen: &#8220;Es k\u00f6nnte so auf Dauer ein bayerisches Davos werden.&#8221;<\/p>\n<p>Interessierten Unternehmen bietet die Weimer Media Group exklusive Zug\u00e4nge zu diesen Spitzenpolitikern an. In den Verkaufsunterlagen werden als &#8220;Top-Assets&#8221; des Ludwig-Erhard-Gipfels &#8220;Premiumvernetzung in entspannter Atmosph\u00e4re am Tegernsee&#8221; und &#8220;Einfluss auf die politischen Entscheidungstr\u00e4ger&#8221; genannt.<\/p>\n<figure class=\"RTImage-root\">\n<div class=\"RTImage-image RTImage-original\"><picture class=\"Picture-root Picture-original\"><!--[if IE 9]><video style=\"display: none;\"><![endif]--><source media=\"(-webkit-min-device-pixel-ratio: 2) and (min-resolution: 120dpi)\" data-srcset=\" \nhttps:\/\/now-news.de\/de\/wp-content\/uploads\/sites\/3\/2025\/11\/691b94d348fbef51db10551b.JPG 850w,\n                https:\/\/now-news.de\/de\/wp-content\/uploads\/sites\/3\/2025\/11\/691b94d348fbef51db10551b.JPG 1960w,            \" ><source data-srcset=\" \nhttps:\/\/now-news.de\/de\/wp-content\/uploads\/sites\/3\/2025\/11\/691b94d348fbef51db10551b.JPG 460w,\n              https:\/\/now-news.de\/de\/wp-content\/uploads\/sites\/3\/2025\/11\/691b94d348fbef51db10551b.JPG 980w,\n            \" ><!--[if IE 9]><\/video><![endif]--><img decoding=\"async\" data- src=\"data:image\/png;base64,iVBORw0KGgoAAAANSUhEUgAAABAAAAAJCAQAAACRI2S5AAAAEElEQVR42mNkIAAYRxWAAQAG9gAKqv6+AwAAAABJRU5ErkJggg==\" class=\"Picture-root Picture-original lazyload\" data-src=\"https:\/\/now-news.de\/de\/wp-content\/uploads\/sites\/3\/2025\/11\/691b94d348fbef51db10551b.JPG\" alt=\"\"><\/source><\/source><\/picture><!-- noscript pattern --><noscript><img decoding=\"async\" src=\"https:\/\/now-news.de\/de\/wp-content\/uploads\/sites\/3\/2025\/11\/691b94d348fbef51db10551b.JPG\" alt=\"\"><\/noscript><\/div><figcaption class=\"RTImage-footer\"><span class=\"RTImage-caption\"><span class=\"RTImage-captionItem\">Auszug aus dem Wikipedia-Eintrag zu &#8220;Kabinett Merz&#8221;<\/span><\/span><span class=\"RTImage-source\"><\/span><\/figcaption><\/figure>\n<p>Die Kooperationspartner k\u00f6nnen unterschiedliche Pakete buchen, deren Preise nach der H\u00f6he des namensgebenden Berggipfels gestaffelt sind. Das Paket &#8220;Zugspitze&#8221; kostet 40.000 Euro plus Mehrwertsteuer. Es enth\u00e4lt neben &#8220;10 Eintrittskarten zur Konferenz f\u00fcr Gesch\u00e4ftspartner, Kunden und Unternehmensmanager&#8221; sowie Werbeleistungen der in Weimers Verlag erscheinenden Wirtschaftsmedien auch eine &#8220;Rednerpr\u00e4senz auf der Konferenz (Panelteilnahme)&#8221;. Unternehmen k\u00f6nnen sich also einkaufen, um mit Spitzenpolitikern auf einem Panel diskutieren zu k\u00f6nnen.<\/p>\n<p>Bei den beiden h\u00f6herpreisigen Kooperationspaketen &#8220;Matterhorn&#8221; (60.000 Euro netto) und &#8220;Mont Blanc&#8221; (80.000 Euro netto) kommt die &#8220;Teilnahme eines Vorstands\/Gesch\u00e4ftsf\u00fchrers an der exklusiven Executive Night&#8221; hinzu. In einer begleitenden E-Mail, die <em>Apollo News<\/em> vorliegt, wird das Paket\u00a0damit beworben, dass an dem exklusiven Abendessen auch &#8220;die Minister&#8221; teilnehmen. Die E-Mail kam durch die Anfrage eines Interessenten zustande.\u00a0Wer das Spitzenpaket &#8220;Mont Blanc&#8221; bucht, erh\u00e4lt den Verkaufsunterlagen zufolge zudem eine &#8220;Besprechungs-Lounge f\u00fcr vertrauliche Gespr\u00e4che&#8221;.<\/p>\n<p>Wenn man Gl\u00fcck mit der Terminplanung der Regierungsmitglieder hat, k\u00f6nnte beim kommenden Ludwig-Erhard-Gipfel sogar &#8220;die halbe Bundesregierung vor Ort&#8221; sein\u00a0\u2012 wie einem Interessenten zufolge Cheforganisator Matthias Nieswandt in einem Verkaufsgespr\u00e4ch mitteilte \u2012, einschlie\u00dflich des Gipfel-Stammgastes\u00a0Friedrich Merz, der noch als BlackRock-Manager mehrere Male am Forum teilnahm. Wie die Mitgr\u00fcnderin des Medienunternehmens Christiane Goetz-Weimer in einem Interview mit der Regionalzeitung\u00a0<em>Merkur <\/em>sagte,<em>\u00a0<\/em>sei der Ludwig-Erhard-Gipfel die &#8220;Keimzelle der neuen Bundesregierung&#8221;.\u00a0<\/p>\n<p>Mit Wolfram Weimers Wechsel ins Kanzleramt scheint also das Kerngesch\u00e4ft der Weimer Media Group, die Vermarktung von Kontakten zu Spitzenpolitikern, noch besser zu laufen. Um dem Vorwurf von Interessenkonflikten vorzubeugen, gab das Unternehmen allerdings vor Weimers offizieller Ernennung durch Merz bekannt, dass er die Verlagsgruppe &#8220;mit sofortiger Wirkung&#8221; verlasse.\u00a0<\/p>\n<figure class=\"RTImage-root\">\n<div class=\"RTImage-image RTImage-original\"><picture class=\"Picture-root Picture-original\"><!--[if IE 9]><video style=\"display: none;\"><![endif]--><source media=\"(-webkit-min-device-pixel-ratio: 2) and (min-resolution: 120dpi)\" data-srcset=\" \nhttps:\/\/now-news.de\/de\/wp-content\/uploads\/sites\/3\/2025\/11\/691b93deb480cc7bfe6a4321.jpg 850w,\n                https:\/\/now-news.de\/de\/wp-content\/uploads\/sites\/3\/2025\/11\/691b93deb480cc7bfe6a4321.jpg 1960w,            \" ><source data-srcset=\" \nhttps:\/\/now-news.de\/de\/wp-content\/uploads\/sites\/3\/2025\/11\/691b93deb480cc7bfe6a4321.jpg 460w,\n              https:\/\/now-news.de\/de\/wp-content\/uploads\/sites\/3\/2025\/11\/691b93deb480cc7bfe6a4321.jpg 980w,\n            \" ><!--[if IE 9]><\/video><![endif]--><img decoding=\"async\" data- src=\"data:image\/png;base64,iVBORw0KGgoAAAANSUhEUgAAABAAAAAJCAQAAACRI2S5AAAAEElEQVR42mNkIAAYRxWAAQAG9gAKqv6+AwAAAABJRU5ErkJggg==\" class=\"Picture-root Picture-original lazyload\" data-src=\"https:\/\/now-news.de\/de\/wp-content\/uploads\/sites\/3\/2025\/11\/691b93deb480cc7bfe6a4321.jpg\" alt=\"\"><\/source><\/source><\/picture><!-- noscript pattern --><noscript><img decoding=\"async\" src=\"https:\/\/now-news.de\/de\/wp-content\/uploads\/sites\/3\/2025\/11\/691b93deb480cc7bfe6a4321.jpg\" alt=\"\"><\/noscript><\/div><figcaption class=\"RTImage-footer\"><span class=\"RTImage-caption\"><span class=\"RTImage-captionItem\">Ludwig-Erhard-Gipfel 2024: Der Freiheitspreis der Medien wurde an Julia Nawalnaja vergeben. Auf dem Bild (v.l.n.r.): Wolfram Weimer, Ilse Aigner (Pr\u00e4sidentin des Bayerischen Landtags), Julia Nawalnaja, Christiane Goetz-Weimer, Friedrich Merz (damals CDU-Vorsitzender).<\/span><\/span><span class=\"RTImage-source\"><\/span><\/figcaption><\/figure>\n<p>Dass er mit seiner Ehefrau laut aktuellem Handelsregisterauszug nach wie vor der Miteigent\u00fcmer des Unternehmens ist, hat die\u00a0Bundesregierung offensichtlich verheimlicht. <em>Apollo News<\/em> fasst zusammen: &#8220;Gewinne, die die Weimer Media Group mit dem Ludwig-Erhard-Gipfel macht, flie\u00dfen damit direkt in die Taschen des Staatsministers.&#8221; Auf Anfragen des Nachrichtenportals, ob Weimer seine Kabinettskollegen dar\u00fcber informiert habe, antwortete sein Sprecher trotz mehrmaligen Nachhakens nicht.\u00a0<\/p>\n<p><strong>Regime-Change in Russland\u00a0und Ukraine-Unterst\u00fctzung<\/strong><\/p>\n<p>Der Blick <a rel=\"nofollow noopener\" target=\"_blank\" href=\"https:\/\/ludwig-erhard-gipfel.de\/\">ins Programm und in die Teilnehmerliste<\/a> der vorigen Jahre zeigt: In dieser Runde wird auch die aktuelle Anti-Russland-Politik geschmiedet. So wurde der sogenannte Freiheitspreis der Medien im Jahr 2024 an die Witwe des Kreml-Gegners Alexei Nawalny, Julia, verliehen, im Jahr davor an den in den USA lebenden Russland-Gegner Garri Kasparow. Sein Plan ist\u00a0die Zerschlagung\u00a0der Russischen F\u00f6deration in Kleinstaaten. Die Laudatio auf Nawalnaja hielt der Kanzler in spe Friedrich Merz h\u00f6chstpers\u00f6nlich. Sowohl von den Veranstaltern als auch vom Redner selbst wurde Russland in den \u00fcbelsten T\u00f6nen als &#8220;brutale Diktatur&#8221; und &#8220;Putins Despotie&#8221; beschimpft. Im Jahr 2022 ging der Preis des Gipfels an Wladimir Selenskij. Laut Goetz-Weimer treffe sich am Tegernsee die &#8220;b\u00fcrgerliche Mitte&#8221;\u00a0\u2012 nicht eingeladen w\u00fcrden die &#8220;Extremen&#8221;: AfD, BSW und Linke.\u00a0<\/p>\n<p><strong>Mehr zum Thema<\/strong>\u00a0\u2012 <a rel=\"nofollow noopener\" target=\"_blank\" href=\"https:\/\/freedert.online\/kurzclips\/video\/249300-httpsbk-geriwantrtcomvideoclubview685ff3d148fbef76f9679dcd\/\">BlackRock: EU f\u00f6rdert Vorteile und Steuerschlupfl\u00f6cher f\u00fcr Investoren<\/a><\/p>\n<div class=\"EmbedBlock-root EmbedBlock-externalVideo EmbedBlock-rumble\">\n<div class=\"VkEmbed\"><iframe class=\"lazyload\" data-src=\"https:\/\/rumble.com\/embed\/v6hcxwv\" frameborder=\"0\" width=\"853\" height=\"480\" allowfullscreen><\/iframe><\/div>\n<\/div>\n<\/div>\n<p><br \/>\n<br \/><a href=\"https:\/\/de.rt.com\/inland\/262017-medienbericht-merz-staatsminister-verkauft-abendessen-mit-kabinettsmitglieder-fuer-80000-euro\/\">Source link <\/a><\/p>\n","protected":false},"excerpt":{"rendered":"<p>Laut einem Apollo-Bericht verkauft die Weimer Media Group auf ihrem Ludwig-Erhard-Gipfel exklusive Abendessen mit &#8220;den Ministern&#8221;, vertrauliche Gespr\u00e4chsm\u00f6glichkeiten und Zugang zur politischen Spitze. Die Gewinne in betr\u00e4chtlicher H\u00f6he flie\u00dfen weiter an Staatsminister Weimer. Der\u00a0Ludwig-Erhard-Gipfel wird in den Medien gern als &#8220;Spitzentreffen am Tegernsee&#8221; oder &#8220;das deutsche Davos&#8221; bezeichnet. Erst seit 2014 wird das nach dem [&hellip;]<\/p>\n","protected":false},"author":3,"featured_media":94163,"comment_status":"open","ping_status":"open","sticky":false,"template":"","format":"standard","meta":{"_yoast_indexnow_last_ping":["1763454588"],"wp_automatic_camp":["217"],"b60c6706e200c7a2554d677f49a7dc31":["Medienbericht: Merz-Staatsminister verkauft Abendessen mit Kabinettsmitgliedern f\u00fcr 80.000 Euro"],"original_link":["https:\/\/de.rt.com\/inland\/262017-medienbericht-merz-staatsminister-verkauft-abendessen-mit-kabinettsmitglieder-fuer-80000-euro\/"],"_thumbnail_id":["94163"],"jnews_social_counter_last_update":["1777609224"],"_wptgpro_p2tg_sent2tg":["a:1:{i:23737;s:19:\"2025-11-18 10:30:48\";}"]},"categories":[19,23],"tags":[15566,1005,221,69248,869,69247,419,3677],"yoast_head":"<!-- This site is optimized with the Yoast SEO Premium plugin v22.7 (Yoast SEO v22.7) - https:\/\/yoast.com\/wordpress\/plugins\/seo\/ -->\n<title>Medienbericht: Merz-Staatsminister verkauft Abendessen mit Kabinettsmitgliedern f\u00fcr 80.000 Euro - just-now.NEWS Deutschland<\/title>\n<meta name=\"robots\" content=\"index, follow, max-snippet:-1, max-image-preview:large, max-video-preview:-1\" \/>\n<link rel=\"canonical\" href=\"https:\/\/now-news.de\/de\/deutschland\/medienbericht-merz-staatsminister-verkauft-abendessen-mit-kabinettsmitgliedern-fuer-80-000-euro\/\" \/>\n<meta property=\"og:locale\" content=\"de_DE\" \/>\n<meta property=\"og:type\" content=\"article\" \/>\n<meta property=\"og:title\" content=\"Medienbericht: Merz-Staatsminister verkauft Abendessen mit Kabinettsmitgliedern f\u00fcr 80.000 Euro\" \/>\n<meta property=\"og:description\" content=\"Laut einem Apollo-Bericht verkauft die Weimer Media Group auf ihrem Ludwig-Erhard-Gipfel exklusive Abendessen mit &#8220;den Ministern&#8221;, vertrauliche Gespr\u00e4chsm\u00f6glichkeiten und Zugang zur politischen Spitze. Die Gewinne in betr\u00e4chtlicher H\u00f6he flie\u00dfen weiter an Staatsminister Weimer. Der\u00a0Ludwig-Erhard-Gipfel wird in den Medien gern als &#8220;Spitzentreffen am Tegernsee&#8221; oder &#8220;das deutsche Davos&#8221; bezeichnet. Erst seit 2014 wird das nach dem [&hellip;]\" \/>\n<meta property=\"og:url\" content=\"https:\/\/now-news.de\/de\/deutschland\/medienbericht-merz-staatsminister-verkauft-abendessen-mit-kabinettsmitgliedern-fuer-80-000-euro\/\" \/>\n<meta property=\"og:site_name\" content=\"just-now.NEWS Deutschland\" \/>\n<meta property=\"article:publisher\" content=\"https:\/\/www.facebook.com\/wirmachenauf\" \/>\n<meta property=\"article:published_time\" content=\"2025-11-18T08:14:55+00:00\" \/>\n<meta property=\"og:image\" content=\"https:\/\/now-news.de\/de\/wp-content\/uploads\/sites\/3\/2025\/11\/691b94d348fbef51db10551b.JPG\" \/>\n<meta name=\"author\" content=\"rtnews\" \/>\n<meta name=\"twitter:card\" content=\"summary_large_image\" \/>\n<meta name=\"twitter:creator\" content=\"@WirMachenAuf_de\" \/>\n<meta name=\"twitter:site\" content=\"@WirMachenAuf_de\" \/>\n<meta name=\"twitter:label1\" content=\"Verfasst von\" \/>\n\t<meta name=\"twitter:data1\" content=\"rtnews\" \/>\n\t<meta name=\"twitter:label2\" content=\"Gesch\u00e4tzte Lesezeit\" \/>\n\t<meta name=\"twitter:data2\" content=\"4\u00a0Minuten\" \/>\n<script type=\"application\/ld+json\" class=\"yoast-schema-graph\">{\"@context\":\"https:\/\/schema.org\",\"@graph\":[{\"@type\":\"Article\",\"@id\":\"https:\/\/now-news.de\/de\/deutschland\/medienbericht-merz-staatsminister-verkauft-abendessen-mit-kabinettsmitgliedern-fuer-80-000-euro\/#article\",\"isPartOf\":{\"@id\":\"https:\/\/now-news.de\/de\/deutschland\/medienbericht-merz-staatsminister-verkauft-abendessen-mit-kabinettsmitgliedern-fuer-80-000-euro\/\"},\"author\":{\"name\":\"rtnews\",\"@id\":\"https:\/\/now-news.de\/de\/#\/schema\/person\/fb534a4e865501d8b3285208df34a9b5\"},\"headline\":\"Medienbericht: Merz-Staatsminister verkauft Abendessen mit Kabinettsmitgliedern f\u00fcr 80.000 Euro\",\"datePublished\":\"2025-11-18T08:14:55+00:00\",\"dateModified\":\"2025-11-18T08:14:55+00:00\",\"mainEntityOfPage\":{\"@id\":\"https:\/\/now-news.de\/de\/deutschland\/medienbericht-merz-staatsminister-verkauft-abendessen-mit-kabinettsmitgliedern-fuer-80-000-euro\/\"},\"wordCount\":832,\"commentCount\":0,\"publisher\":{\"@id\":\"https:\/\/now-news.de\/de\/#organization\"},\"image\":{\"@id\":\"https:\/\/now-news.de\/de\/deutschland\/medienbericht-merz-staatsminister-verkauft-abendessen-mit-kabinettsmitgliedern-fuer-80-000-euro\/#primaryimage\"},\"thumbnailUrl\":\"https:\/\/now-news.de\/de\/wp-content\/uploads\/sites\/3\/2025\/11\/Medienbericht-Merz-Staatsminister-verkauft-Abendessen-mit-Kabinettsmitgliedern-fuer-80000-Euro.JPG\",\"keywords\":[\"Abendessen\",\"Euro\",\"f\u00fcr\",\"Kabinettsmitgliedern\",\"Medienbericht\",\"MerzStaatsminister\",\"mit\",\"verkauft\"],\"articleSection\":[\"Deutschland\",\"Russland\"],\"inLanguage\":\"de\",\"potentialAction\":[{\"@type\":\"CommentAction\",\"name\":\"Comment\",\"target\":[\"https:\/\/now-news.de\/de\/deutschland\/medienbericht-merz-staatsminister-verkauft-abendessen-mit-kabinettsmitgliedern-fuer-80-000-euro\/#respond\"]}]},{\"@type\":\"WebPage\",\"@id\":\"https:\/\/now-news.de\/de\/deutschland\/medienbericht-merz-staatsminister-verkauft-abendessen-mit-kabinettsmitgliedern-fuer-80-000-euro\/\",\"url\":\"https:\/\/now-news.de\/de\/deutschland\/medienbericht-merz-staatsminister-verkauft-abendessen-mit-kabinettsmitgliedern-fuer-80-000-euro\/\",\"name\":\"Medienbericht: Merz-Staatsminister verkauft Abendessen mit Kabinettsmitgliedern f\u00fcr 80.000 Euro - just-now.NEWS Deutschland\",\"isPartOf\":{\"@id\":\"https:\/\/now-news.de\/de\/#website\"},\"primaryImageOfPage\":{\"@id\":\"https:\/\/now-news.de\/de\/deutschland\/medienbericht-merz-staatsminister-verkauft-abendessen-mit-kabinettsmitgliedern-fuer-80-000-euro\/#primaryimage\"},\"image\":{\"@id\":\"https:\/\/now-news.de\/de\/deutschland\/medienbericht-merz-staatsminister-verkauft-abendessen-mit-kabinettsmitgliedern-fuer-80-000-euro\/#primaryimage\"},\"thumbnailUrl\":\"https:\/\/now-news.de\/de\/wp-content\/uploads\/sites\/3\/2025\/11\/Medienbericht-Merz-Staatsminister-verkauft-Abendessen-mit-Kabinettsmitgliedern-fuer-80000-Euro.JPG\",\"datePublished\":\"2025-11-18T08:14:55+00:00\",\"dateModified\":\"2025-11-18T08:14:55+00:00\",\"breadcrumb\":{\"@id\":\"https:\/\/now-news.de\/de\/deutschland\/medienbericht-merz-staatsminister-verkauft-abendessen-mit-kabinettsmitgliedern-fuer-80-000-euro\/#breadcrumb\"},\"inLanguage\":\"de\",\"potentialAction\":[{\"@type\":\"ReadAction\",\"target\":[\"https:\/\/now-news.de\/de\/deutschland\/medienbericht-merz-staatsminister-verkauft-abendessen-mit-kabinettsmitgliedern-fuer-80-000-euro\/\"]}]},{\"@type\":\"ImageObject\",\"inLanguage\":\"de\",\"@id\":\"https:\/\/now-news.de\/de\/deutschland\/medienbericht-merz-staatsminister-verkauft-abendessen-mit-kabinettsmitgliedern-fuer-80-000-euro\/#primaryimage\",\"url\":\"https:\/\/now-news.de\/de\/wp-content\/uploads\/sites\/3\/2025\/11\/Medienbericht-Merz-Staatsminister-verkauft-Abendessen-mit-Kabinettsmitgliedern-fuer-80000-Euro.JPG\",\"contentUrl\":\"https:\/\/now-news.de\/de\/wp-content\/uploads\/sites\/3\/2025\/11\/Medienbericht-Merz-Staatsminister-verkauft-Abendessen-mit-Kabinettsmitgliedern-fuer-80000-Euro.JPG\",\"width\":1110,\"height\":456,\"caption\":\"Medienbericht: Merz-Staatsminister verkauft Abendessen mit Kabinettsmitgliedern f\u00fcr 80.000 Euro\"},{\"@type\":\"BreadcrumbList\",\"@id\":\"https:\/\/now-news.de\/de\/deutschland\/medienbericht-merz-staatsminister-verkauft-abendessen-mit-kabinettsmitgliedern-fuer-80-000-euro\/#breadcrumb\",\"itemListElement\":[{\"@type\":\"ListItem\",\"position\":1,\"name\":\"Home\",\"item\":\"https:\/\/now-news.de\/de\/\"},{\"@type\":\"ListItem\",\"position\":2,\"name\":\"Medienbericht: Merz-Staatsminister verkauft Abendessen mit Kabinettsmitgliedern f\u00fcr 80.000 Euro\"}]},{\"@type\":\"WebSite\",\"@id\":\"https:\/\/now-news.de\/de\/#website\",\"url\":\"https:\/\/now-news.de\/de\/\",\"name\":\"just-now.NEWS Deutschland\",\"description\":\"Das Portal f\u00fcr unzensierte Nachrichten aus der Welt\",\"publisher\":{\"@id\":\"https:\/\/now-news.de\/de\/#organization\"},\"potentialAction\":[{\"@type\":\"SearchAction\",\"target\":{\"@type\":\"EntryPoint\",\"urlTemplate\":\"https:\/\/now-news.de\/de\/?s={search_term_string}\"},\"query-input\":\"required name=search_term_string\"}],\"inLanguage\":\"de\"},{\"@type\":\"Organization\",\"@id\":\"https:\/\/now-news.de\/de\/#organization\",\"name\":\"Just Now News\",\"url\":\"https:\/\/now-news.de\/de\/\",\"logo\":{\"@type\":\"ImageObject\",\"inLanguage\":\"de\",\"@id\":\"https:\/\/now-news.de\/de\/#\/schema\/logo\/image\/\",\"url\":\"http:\/\/just-now.news\/de\/wp-content\/uploads\/sites\/3\/2022\/04\/logo500x500.jpg\",\"contentUrl\":\"http:\/\/just-now.news\/de\/wp-content\/uploads\/sites\/3\/2022\/04\/logo500x500.jpg\",\"width\":500,\"height\":500,\"caption\":\"Just Now News\"},\"image\":{\"@id\":\"https:\/\/now-news.de\/de\/#\/schema\/logo\/image\/\"},\"sameAs\":[\"https:\/\/www.facebook.com\/wirmachenauf\",\"https:\/\/x.com\/WirMachenAuf_de\"]},{\"@type\":\"Person\",\"@id\":\"https:\/\/now-news.de\/de\/#\/schema\/person\/fb534a4e865501d8b3285208df34a9b5\",\"name\":\"rtnews\",\"image\":{\"@type\":\"ImageObject\",\"inLanguage\":\"de\",\"@id\":\"https:\/\/now-news.de\/de\/#\/schema\/person\/image\/\",\"url\":\"https:\/\/secure.gravatar.com\/avatar\/82aafea7d8127119dd649515f56e2117?s=96&d=mm&r=g\",\"contentUrl\":\"https:\/\/secure.gravatar.com\/avatar\/82aafea7d8127119dd649515f56e2117?s=96&d=mm&r=g\",\"caption\":\"rtnews\"},\"url\":\"https:\/\/now-news.de\/de\/author\/rnews\/\"}]}<\/script>\n<!-- \/ Yoast SEO Premium plugin. -->","yoast_head_json":{"title":"Medienbericht: Merz-Staatsminister verkauft Abendessen mit Kabinettsmitgliedern f\u00fcr 80.000 Euro - just-now.NEWS Deutschland","robots":{"index":"index","follow":"follow","max-snippet":"max-snippet:-1","max-image-preview":"max-image-preview:large","max-video-preview":"max-video-preview:-1"},"canonical":"https:\/\/now-news.de\/de\/deutschland\/medienbericht-merz-staatsminister-verkauft-abendessen-mit-kabinettsmitgliedern-fuer-80-000-euro\/","og_locale":"de_DE","og_type":"article","og_title":"Medienbericht: Merz-Staatsminister verkauft Abendessen mit Kabinettsmitgliedern f\u00fcr 80.000 Euro","og_description":"Laut einem Apollo-Bericht verkauft die Weimer Media Group auf ihrem Ludwig-Erhard-Gipfel exklusive Abendessen mit &#8220;den Ministern&#8221;, vertrauliche Gespr\u00e4chsm\u00f6glichkeiten und Zugang zur politischen Spitze. Die Gewinne in betr\u00e4chtlicher H\u00f6he flie\u00dfen weiter an Staatsminister Weimer. Der\u00a0Ludwig-Erhard-Gipfel wird in den Medien gern als &#8220;Spitzentreffen am Tegernsee&#8221; oder &#8220;das deutsche Davos&#8221; bezeichnet. Erst seit 2014 wird das nach dem [&hellip;]","og_url":"https:\/\/now-news.de\/de\/deutschland\/medienbericht-merz-staatsminister-verkauft-abendessen-mit-kabinettsmitgliedern-fuer-80-000-euro\/","og_site_name":"just-now.NEWS Deutschland","article_publisher":"https:\/\/www.facebook.com\/wirmachenauf","article_published_time":"2025-11-18T08:14:55+00:00","og_image":[{"url":"https:\/\/now-news.de\/de\/wp-content\/uploads\/sites\/3\/2025\/11\/691b94d348fbef51db10551b.JPG"}],"author":"rtnews","twitter_card":"summary_large_image","twitter_creator":"@WirMachenAuf_de","twitter_site":"@WirMachenAuf_de","twitter_misc":{"Verfasst von":"rtnews","Gesch\u00e4tzte Lesezeit":"4\u00a0Minuten"},"schema":{"@context":"https:\/\/schema.org","@graph":[{"@type":"Article","@id":"https:\/\/now-news.de\/de\/deutschland\/medienbericht-merz-staatsminister-verkauft-abendessen-mit-kabinettsmitgliedern-fuer-80-000-euro\/#article","isPartOf":{"@id":"https:\/\/now-news.de\/de\/deutschland\/medienbericht-merz-staatsminister-verkauft-abendessen-mit-kabinettsmitgliedern-fuer-80-000-euro\/"},"author":{"name":"rtnews","@id":"https:\/\/now-news.de\/de\/#\/schema\/person\/fb534a4e865501d8b3285208df34a9b5"},"headline":"Medienbericht: Merz-Staatsminister verkauft Abendessen mit Kabinettsmitgliedern f\u00fcr 80.000 Euro","datePublished":"2025-11-18T08:14:55+00:00","dateModified":"2025-11-18T08:14:55+00:00","mainEntityOfPage":{"@id":"https:\/\/now-news.de\/de\/deutschland\/medienbericht-merz-staatsminister-verkauft-abendessen-mit-kabinettsmitgliedern-fuer-80-000-euro\/"},"wordCount":832,"commentCount":0,"publisher":{"@id":"https:\/\/now-news.de\/de\/#organization"},"image":{"@id":"https:\/\/now-news.de\/de\/deutschland\/medienbericht-merz-staatsminister-verkauft-abendessen-mit-kabinettsmitgliedern-fuer-80-000-euro\/#primaryimage"},"thumbnailUrl":"https:\/\/now-news.de\/de\/wp-content\/uploads\/sites\/3\/2025\/11\/Medienbericht-Merz-Staatsminister-verkauft-Abendessen-mit-Kabinettsmitgliedern-fuer-80000-Euro.JPG","keywords":["Abendessen","Euro","f\u00fcr","Kabinettsmitgliedern","Medienbericht","MerzStaatsminister","mit","verkauft"],"articleSection":["Deutschland","Russland"],"inLanguage":"de","potentialAction":[{"@type":"CommentAction","name":"Comment","target":["https:\/\/now-news.de\/de\/deutschland\/medienbericht-merz-staatsminister-verkauft-abendessen-mit-kabinettsmitgliedern-fuer-80-000-euro\/#respond"]}]},{"@type":"WebPage","@id":"https:\/\/now-news.de\/de\/deutschland\/medienbericht-merz-staatsminister-verkauft-abendessen-mit-kabinettsmitgliedern-fuer-80-000-euro\/","url":"https:\/\/now-news.de\/de\/deutschland\/medienbericht-merz-staatsminister-verkauft-abendessen-mit-kabinettsmitgliedern-fuer-80-000-euro\/","name":"Medienbericht: Merz-Staatsminister verkauft Abendessen mit Kabinettsmitgliedern f\u00fcr 80.000 Euro - just-now.NEWS Deutschland","isPartOf":{"@id":"https:\/\/now-news.de\/de\/#website"},"primaryImageOfPage":{"@id":"https:\/\/now-news.de\/de\/deutschland\/medienbericht-merz-staatsminister-verkauft-abendessen-mit-kabinettsmitgliedern-fuer-80-000-euro\/#primaryimage"},"image":{"@id":"https:\/\/now-news.de\/de\/deutschland\/medienbericht-merz-staatsminister-verkauft-abendessen-mit-kabinettsmitgliedern-fuer-80-000-euro\/#primaryimage"},"thumbnailUrl":"https:\/\/now-news.de\/de\/wp-content\/uploads\/sites\/3\/2025\/11\/Medienbericht-Merz-Staatsminister-verkauft-Abendessen-mit-Kabinettsmitgliedern-fuer-80000-Euro.JPG","datePublished":"2025-11-18T08:14:55+00:00","dateModified":"2025-11-18T08:14:55+00:00","breadcrumb":{"@id":"https:\/\/now-news.de\/de\/deutschland\/medienbericht-merz-staatsminister-verkauft-abendessen-mit-kabinettsmitgliedern-fuer-80-000-euro\/#breadcrumb"},"inLanguage":"de","potentialAction":[{"@type":"ReadAction","target":["https:\/\/now-news.de\/de\/deutschland\/medienbericht-merz-staatsminister-verkauft-abendessen-mit-kabinettsmitgliedern-fuer-80-000-euro\/"]}]},{"@type":"ImageObject","inLanguage":"de","@id":"https:\/\/now-news.de\/de\/deutschland\/medienbericht-merz-staatsminister-verkauft-abendessen-mit-kabinettsmitgliedern-fuer-80-000-euro\/#primaryimage","url":"https:\/\/now-news.de\/de\/wp-content\/uploads\/sites\/3\/2025\/11\/Medienbericht-Merz-Staatsminister-verkauft-Abendessen-mit-Kabinettsmitgliedern-fuer-80000-Euro.JPG","contentUrl":"https:\/\/now-news.de\/de\/wp-content\/uploads\/sites\/3\/2025\/11\/Medienbericht-Merz-Staatsminister-verkauft-Abendessen-mit-Kabinettsmitgliedern-fuer-80000-Euro.JPG","width":1110,"height":456,"caption":"Medienbericht: Merz-Staatsminister verkauft Abendessen mit Kabinettsmitgliedern f\u00fcr 80.000 Euro"},{"@type":"BreadcrumbList","@id":"https:\/\/now-news.de\/de\/deutschland\/medienbericht-merz-staatsminister-verkauft-abendessen-mit-kabinettsmitgliedern-fuer-80-000-euro\/#breadcrumb","itemListElement":[{"@type":"ListItem","position":1,"name":"Home","item":"https:\/\/now-news.de\/de\/"},{"@type":"ListItem","position":2,"name":"Medienbericht: Merz-Staatsminister verkauft Abendessen mit Kabinettsmitgliedern f\u00fcr 80.000 Euro"}]},{"@type":"WebSite","@id":"https:\/\/now-news.de\/de\/#website","url":"https:\/\/now-news.de\/de\/","name":"just-now.NEWS Deutschland","description":"Das Portal f\u00fcr unzensierte Nachrichten aus der Welt","publisher":{"@id":"https:\/\/now-news.de\/de\/#organization"},"potentialAction":[{"@type":"SearchAction","target":{"@type":"EntryPoint","urlTemplate":"https:\/\/now-news.de\/de\/?s={search_term_string}"},"query-input":"required name=search_term_string"}],"inLanguage":"de"},{"@type":"Organization","@id":"https:\/\/now-news.de\/de\/#organization","name":"Just Now News","url":"https:\/\/now-news.de\/de\/","logo":{"@type":"ImageObject","inLanguage":"de","@id":"https:\/\/now-news.de\/de\/#\/schema\/logo\/image\/","url":"http:\/\/just-now.news\/de\/wp-content\/uploads\/sites\/3\/2022\/04\/logo500x500.jpg","contentUrl":"http:\/\/just-now.news\/de\/wp-content\/uploads\/sites\/3\/2022\/04\/logo500x500.jpg","width":500,"height":500,"caption":"Just Now News"},"image":{"@id":"https:\/\/now-news.de\/de\/#\/schema\/logo\/image\/"},"sameAs":["https:\/\/www.facebook.com\/wirmachenauf","https:\/\/x.com\/WirMachenAuf_de"]},{"@type":"Person","@id":"https:\/\/now-news.de\/de\/#\/schema\/person\/fb534a4e865501d8b3285208df34a9b5","name":"rtnews","image":{"@type":"ImageObject","inLanguage":"de","@id":"https:\/\/now-news.de\/de\/#\/schema\/person\/image\/","url":"https:\/\/secure.gravatar.com\/avatar\/82aafea7d8127119dd649515f56e2117?s=96&d=mm&r=g","contentUrl":"https:\/\/secure.gravatar.com\/avatar\/82aafea7d8127119dd649515f56e2117?s=96&d=mm&r=g","caption":"rtnews"},"url":"https:\/\/now-news.de\/de\/author\/rnews\/"}]}},"_links":{"self":[{"href":"https:\/\/now-news.de\/de\/wp-json\/wp\/v2\/posts\/94162"}],"collection":[{"href":"https:\/\/now-news.de\/de\/wp-json\/wp\/v2\/posts"}],"about":[{"href":"https:\/\/now-news.de\/de\/wp-json\/wp\/v2\/types\/post"}],"author":[{"embeddable":true,"href":"https:\/\/now-news.de\/de\/wp-json\/wp\/v2\/users\/3"}],"replies":[{"embeddable":true,"href":"https:\/\/now-news.de\/de\/wp-json\/wp\/v2\/comments?post=94162"}],"version-history":[{"count":0,"href":"https:\/\/now-news.de\/de\/wp-json\/wp\/v2\/posts\/94162\/revisions"}],"wp:featuredmedia":[{"embeddable":true,"href":"https:\/\/now-news.de\/de\/wp-json\/wp\/v2\/media\/94163"}],"wp:attachment":[{"href":"https:\/\/now-news.de\/de\/wp-json\/wp\/v2\/media?parent=94162"}],"wp:term":[{"taxonomy":"category","embeddable":true,"href":"https:\/\/now-news.de\/de\/wp-json\/wp\/v2\/categories?post=94162"},{"taxonomy":"post_tag","embeddable":true,"href":"https:\/\/now-news.de\/de\/wp-json\/wp\/v2\/tags?post=94162"}],"curies":[{"name":"wp","href":"https:\/\/api.w.org\/{rel}","templated":true}]}}