{"id":94152,"date":"2025-11-17T23:06:22","date_gmt":"2025-11-17T21:06:22","guid":{"rendered":"https:\/\/now-news.de\/de\/deutschland\/berliner-feuerwehrchef-fordert-umfassendes-boellerverbot-fuer-berlin\/"},"modified":"2025-11-17T23:06:22","modified_gmt":"2025-11-17T21:06:22","slug":"berliner-feuerwehrchef-fordert-umfassendes-boellerverbot-fuer-berlin","status":"publish","type":"post","link":"https:\/\/now-news.de\/de\/deutschland\/berliner-feuerwehrchef-fordert-umfassendes-boellerverbot-fuer-berlin\/","title":{"rendered":"Berliner Feuerwehrchef fordert umfassendes B\u00f6llerverbot f\u00fcr Berlin"},"content":{"rendered":"<p><img decoding=\"async\" src=\"https:\/\/now-news.de\/de\/wp-content\/uploads\/sites\/3\/2025\/11\/691b4864b480cc79e4323332.jpg\" \/><\/p>\n<div class=\"Text-root Text-type_1 \">\n                Anderthalb Monate vor Silvester hat sich Berlins Landesbranddirektor Karsten Homrighausen erneut f\u00fcr ein allgemeines B\u00f6llerverbot ausgesprochen: Zum Jahreswechsel sollen demnach nur noch &#8220;Profis&#8221; Raketen und Knaller z\u00fcnden d\u00fcrfen.\n            <\/div>\n<p><\/p>\n<div class=\"Text-root Text-type_5 ArticleView-text ViewText-root \">\n<p>Sechs Wochen vor Silvester meldet sich Berlins Landesbranddirektor Karsten Homrighausen mit einem deutlichen Verbots-Appell: Er will private Feuerwerke in der Hauptstadt komplett verbieten, wie die <em>Berliner Zeitung<\/em> am Montag berichtet.\u00a0Homrighausen sagte:<\/p>\n<blockquote>\n<p><em>&#8220;Ich bin der Auffassung, dass Feuerwerk auch an den letzten zwei Tagen des Jahres in sachkundige H\u00e4nde geh\u00f6rt.&#8221;<\/em><\/p>\n<\/blockquote>\n<p>Demnach sollen nur &#8220;Profis&#8221; fortan Raketen z\u00fcnden d\u00fcrfen. Als Vorbild nennt der Feuerwehrchef internationale Metropolen wie New York oder Sydney, wo zentrale Feuerwerke ausreichen, um das neue Jahr zu feiern \u2013 dort drohen privaten Pyro-Fans hohe Geld- oder gar Haftstrafen, wenn sie selbst &#8220;b\u00f6llern&#8221;.<\/p>\n<p>In Deutschland hingegen d\u00fcrfen \u2013 noch \u2013 an Silvester Feuerwerksk\u00f6rper der Kategorie F2 auch von Laien gez\u00fcndet werden \u2013 eine Regelung, die Homrighausen scharf kritisiert. &#8220;Blo\u00df an zwei Tagen des Jahres, da reicht das Alter \u2013 das ist Wahnsinn&#8221;, meint er. Jedes Jahr f\u00fchre der unkontrollierte Umgang mit B\u00f6llern und Raketen zu schweren Unf\u00e4llen und Br\u00e4nden.<\/p>\n<p>Erst zum Jahreswechsel 2024\/2025 sei in Berlin-Sch\u00f6neberg durch eine Kugelbombe gro\u00dfer Schaden entstanden, mehrere H\u00e4user seien besch\u00e4digt worden.\u00a0Um die Situation zu entsch\u00e4rfen, schl\u00e4gt\u00a0Homrighausen zentrale Feuerwerkszonen auf Bezirksebene vor. Dort k\u00f6nnten Pyrotechniker professionelle Shows veranstalten, w\u00e4hrend die Polizei illegale B\u00f6ller und Brands\u00e4tze besser kontrollieren k\u00f6nne.\u00a0F\u00fcr ein umfassendes B\u00f6llerverbot m\u00fcssten allerdings die Bundesl\u00e4nder &#8220;aktiv&#8221; werden. Nur eine \u00d6ffnungsklausel im Sprengstoffrecht w\u00fcrde St\u00e4dten wie Berlin die M\u00f6glichkeit geben, privates Feuerwerk zu verbieten.<\/p>\n<p>In der Hauptstadt machen sich vor allem Mitglieder von Gr\u00fcnen und Linken f\u00fcr ein umfassendes B\u00f6llerverbot stark. Dabei wird stets ignoriert, wer denn gr\u00f6\u00dftenteils diejenigen sind, die sich vor allem in Kreuzberg und Neuk\u00f6lln nicht an die Regeln halten: Laut einer Recherche des Portals <em>Nius<\/em> &#8220;tr\u00fcgen rund 65 Prozent der deutschen Tatverd\u00e4chtigen der Silvesternacht 2024\/25 eindeutig nicht-deutsche Vornamen, die allermeisten seien &#8216;typisch muslimisch&#8217;. Unter den festgenommenen Deutschen befinden sich zudem zumindest einige Mitglieder arabischer Gro\u00dffamilien, die inzwischen die deutsche Staatsb\u00fcrgerschaft besitzen.&#8221; Auf dem Portal ist der Artikel nicht mehr zu finden. Die <em>Junge Freiheit<\/em>\u00a0<a rel=\"nofollow noopener\" target=\"_blank\" href=\"https:\/\/jungefreiheit.de\/politik\/deutschland\/2025\/die-deutschen-silvestertaeter-tragen-auslaendische-namen\/\">schreibt<\/a> allerdings:\u00a0<\/p>\n<blockquote>\n<p><em>&#8220;Der Anteil der Deutschen liegt\u00a0 bei 60,6 Prozent. Doch offenbar haben die meisten davon einen Migrationshintergrund. Das geht aus einer Liste mit den Vornamen der deutschen Festgenommenen hervor. [&#8230;]\u00a0So beginne die alphabetische Aufz\u00e4hlung der deutschen T\u00e4ter mit Abdul Kerim, Abdulhamid, Abdulkadir, Abdul Karim und Abdullah. Acht deutsche Staatsangeh\u00f6rige tragen den Vornamen Ali. Mit zw\u00f6lf Nennungen taucht am h\u00e4ufigsten Mohammed (in verschiedenen Schreibweisen) auf, Yussuf (in verschiedenen Schreibweisen) sechsmal und Hassan dreimal.&#8221;<\/em><\/p>\n<\/blockquote>\n<p><strong>Mehr zum Thema &#8211;\u00a0<\/strong><a rel=\"nofollow noopener\" target=\"_blank\" href=\"https:\/\/freedert.online\/meinung\/158821-statt-ursachenforschung-ueber-krawalle-berlins\/\">Statt Ursachenforschung \u00fcber Krawalle: Berlins linker Kultursenator fordert B\u00f6llerverbot f\u00fcr alle<\/a><\/p>\n<\/p>\n<h2><\/h2>\n<\/p>\n<\/div>\n<p><br \/>\n<br \/><a href=\"https:\/\/de.rt.com\/inland\/262040-wie-bestellt-so-geliefert-berliner\/\">Source link <\/a><\/p>\n","protected":false},"excerpt":{"rendered":"<p>Anderthalb Monate vor Silvester hat sich Berlins Landesbranddirektor Karsten Homrighausen erneut f\u00fcr ein allgemeines B\u00f6llerverbot ausgesprochen: Zum Jahreswechsel sollen demnach nur noch &#8220;Profis&#8221; Raketen und Knaller z\u00fcnden d\u00fcrfen. Sechs Wochen vor Silvester meldet sich Berlins Landesbranddirektor Karsten Homrighausen mit einem deutlichen Verbots-Appell: Er will private Feuerwerke in der Hauptstadt komplett verbieten, wie die Berliner Zeitung [&hellip;]<\/p>\n","protected":false},"author":3,"featured_media":94153,"comment_status":"open","ping_status":"open","sticky":false,"template":"","format":"standard","meta":{"_yoast_indexnow_last_ping":["1763414207"],"wp_automatic_camp":["217"],"1484a93f24b083b3fea685c15fec9ae8":["Berliner Feuerwehrchef fordert umfassendes B\u00f6llerverbot f\u00fcr Berlin"],"original_link":["https:\/\/de.rt.com\/inland\/262040-wie-bestellt-so-geliefert-berliner\/"],"_thumbnail_id":["94153"],"jnews_social_counter_last_update":["1777695239"],"_wptgpro_p2tg_sent2tg":["a:1:{i:23737;s:19:\"2025-11-17 23:17:46\";}"]},"categories":[19,23],"tags":[943,9101,38454,69243,355,221,69244],"yoast_head":"<!-- This site is optimized with the Yoast SEO Premium plugin v22.7 (Yoast SEO v22.7) - https:\/\/yoast.com\/wordpress\/plugins\/seo\/ -->\n<title>Berliner Feuerwehrchef fordert umfassendes B\u00f6llerverbot f\u00fcr Berlin - just-now.NEWS Deutschland<\/title>\n<meta name=\"robots\" content=\"index, follow, max-snippet:-1, max-image-preview:large, max-video-preview:-1\" \/>\n<link rel=\"canonical\" href=\"https:\/\/now-news.de\/de\/deutschland\/berliner-feuerwehrchef-fordert-umfassendes-boellerverbot-fuer-berlin\/\" \/>\n<meta property=\"og:locale\" content=\"de_DE\" \/>\n<meta property=\"og:type\" content=\"article\" \/>\n<meta property=\"og:title\" content=\"Berliner Feuerwehrchef fordert umfassendes B\u00f6llerverbot f\u00fcr Berlin\" \/>\n<meta property=\"og:description\" content=\"Anderthalb Monate vor Silvester hat sich Berlins Landesbranddirektor Karsten Homrighausen erneut f\u00fcr ein allgemeines B\u00f6llerverbot ausgesprochen: Zum Jahreswechsel sollen demnach nur noch &#8220;Profis&#8221; Raketen und Knaller z\u00fcnden d\u00fcrfen. Sechs Wochen vor Silvester meldet sich Berlins Landesbranddirektor Karsten Homrighausen mit einem deutlichen Verbots-Appell: Er will private Feuerwerke in der Hauptstadt komplett verbieten, wie die Berliner Zeitung [&hellip;]\" \/>\n<meta property=\"og:url\" content=\"https:\/\/now-news.de\/de\/deutschland\/berliner-feuerwehrchef-fordert-umfassendes-boellerverbot-fuer-berlin\/\" \/>\n<meta property=\"og:site_name\" content=\"just-now.NEWS Deutschland\" \/>\n<meta property=\"article:publisher\" content=\"https:\/\/www.facebook.com\/wirmachenauf\" \/>\n<meta property=\"article:published_time\" content=\"2025-11-17T21:06:22+00:00\" \/>\n<meta property=\"og:image\" content=\"https:\/\/now-news.de\/de\/wp-content\/uploads\/sites\/3\/2025\/11\/691b4864b480cc79e4323332.jpg\" \/>\n<meta name=\"author\" content=\"rtnews\" \/>\n<meta name=\"twitter:card\" content=\"summary_large_image\" \/>\n<meta name=\"twitter:creator\" content=\"@WirMachenAuf_de\" \/>\n<meta name=\"twitter:site\" content=\"@WirMachenAuf_de\" \/>\n<meta name=\"twitter:label1\" content=\"Verfasst von\" \/>\n\t<meta name=\"twitter:data1\" content=\"rtnews\" \/>\n\t<meta name=\"twitter:label2\" content=\"Gesch\u00e4tzte Lesezeit\" \/>\n\t<meta name=\"twitter:data2\" content=\"2\u00a0Minuten\" \/>\n<script type=\"application\/ld+json\" class=\"yoast-schema-graph\">{\"@context\":\"https:\/\/schema.org\",\"@graph\":[{\"@type\":\"Article\",\"@id\":\"https:\/\/now-news.de\/de\/deutschland\/berliner-feuerwehrchef-fordert-umfassendes-boellerverbot-fuer-berlin\/#article\",\"isPartOf\":{\"@id\":\"https:\/\/now-news.de\/de\/deutschland\/berliner-feuerwehrchef-fordert-umfassendes-boellerverbot-fuer-berlin\/\"},\"author\":{\"name\":\"rtnews\",\"@id\":\"https:\/\/now-news.de\/de\/#\/schema\/person\/fb534a4e865501d8b3285208df34a9b5\"},\"headline\":\"Berliner Feuerwehrchef fordert umfassendes B\u00f6llerverbot f\u00fcr Berlin\",\"datePublished\":\"2025-11-17T21:06:22+00:00\",\"dateModified\":\"2025-11-17T21:06:22+00:00\",\"mainEntityOfPage\":{\"@id\":\"https:\/\/now-news.de\/de\/deutschland\/berliner-feuerwehrchef-fordert-umfassendes-boellerverbot-fuer-berlin\/\"},\"wordCount\":485,\"commentCount\":0,\"publisher\":{\"@id\":\"https:\/\/now-news.de\/de\/#organization\"},\"image\":{\"@id\":\"https:\/\/now-news.de\/de\/deutschland\/berliner-feuerwehrchef-fordert-umfassendes-boellerverbot-fuer-berlin\/#primaryimage\"},\"thumbnailUrl\":\"https:\/\/now-news.de\/de\/wp-content\/uploads\/sites\/3\/2025\/11\/Berliner-Feuerwehrchef-fordert-umfassendes-Boellerverbot-fuer-Berlin.jpg\",\"keywords\":[\"Berlin\",\"Berliner\",\"B\u00f6llerverbot\",\"Feuerwehrchef\",\"fordert\",\"f\u00fcr\",\"umfassendes\"],\"articleSection\":[\"Deutschland\",\"Russland\"],\"inLanguage\":\"de\",\"potentialAction\":[{\"@type\":\"CommentAction\",\"name\":\"Comment\",\"target\":[\"https:\/\/now-news.de\/de\/deutschland\/berliner-feuerwehrchef-fordert-umfassendes-boellerverbot-fuer-berlin\/#respond\"]}]},{\"@type\":\"WebPage\",\"@id\":\"https:\/\/now-news.de\/de\/deutschland\/berliner-feuerwehrchef-fordert-umfassendes-boellerverbot-fuer-berlin\/\",\"url\":\"https:\/\/now-news.de\/de\/deutschland\/berliner-feuerwehrchef-fordert-umfassendes-boellerverbot-fuer-berlin\/\",\"name\":\"Berliner Feuerwehrchef fordert umfassendes B\u00f6llerverbot f\u00fcr Berlin - just-now.NEWS Deutschland\",\"isPartOf\":{\"@id\":\"https:\/\/now-news.de\/de\/#website\"},\"primaryImageOfPage\":{\"@id\":\"https:\/\/now-news.de\/de\/deutschland\/berliner-feuerwehrchef-fordert-umfassendes-boellerverbot-fuer-berlin\/#primaryimage\"},\"image\":{\"@id\":\"https:\/\/now-news.de\/de\/deutschland\/berliner-feuerwehrchef-fordert-umfassendes-boellerverbot-fuer-berlin\/#primaryimage\"},\"thumbnailUrl\":\"https:\/\/now-news.de\/de\/wp-content\/uploads\/sites\/3\/2025\/11\/Berliner-Feuerwehrchef-fordert-umfassendes-Boellerverbot-fuer-Berlin.jpg\",\"datePublished\":\"2025-11-17T21:06:22+00:00\",\"dateModified\":\"2025-11-17T21:06:22+00:00\",\"breadcrumb\":{\"@id\":\"https:\/\/now-news.de\/de\/deutschland\/berliner-feuerwehrchef-fordert-umfassendes-boellerverbot-fuer-berlin\/#breadcrumb\"},\"inLanguage\":\"de\",\"potentialAction\":[{\"@type\":\"ReadAction\",\"target\":[\"https:\/\/now-news.de\/de\/deutschland\/berliner-feuerwehrchef-fordert-umfassendes-boellerverbot-fuer-berlin\/\"]}]},{\"@type\":\"ImageObject\",\"inLanguage\":\"de\",\"@id\":\"https:\/\/now-news.de\/de\/deutschland\/berliner-feuerwehrchef-fordert-umfassendes-boellerverbot-fuer-berlin\/#primaryimage\",\"url\":\"https:\/\/now-news.de\/de\/wp-content\/uploads\/sites\/3\/2025\/11\/Berliner-Feuerwehrchef-fordert-umfassendes-Boellerverbot-fuer-Berlin.jpg\",\"contentUrl\":\"https:\/\/now-news.de\/de\/wp-content\/uploads\/sites\/3\/2025\/11\/Berliner-Feuerwehrchef-fordert-umfassendes-Boellerverbot-fuer-Berlin.jpg\",\"width\":460,\"height\":259,\"caption\":\"Berliner Feuerwehrchef fordert umfassendes B\u00f6llerverbot f\u00fcr Berlin\"},{\"@type\":\"BreadcrumbList\",\"@id\":\"https:\/\/now-news.de\/de\/deutschland\/berliner-feuerwehrchef-fordert-umfassendes-boellerverbot-fuer-berlin\/#breadcrumb\",\"itemListElement\":[{\"@type\":\"ListItem\",\"position\":1,\"name\":\"Home\",\"item\":\"https:\/\/now-news.de\/de\/\"},{\"@type\":\"ListItem\",\"position\":2,\"name\":\"Berliner Feuerwehrchef fordert umfassendes B\u00f6llerverbot f\u00fcr Berlin\"}]},{\"@type\":\"WebSite\",\"@id\":\"https:\/\/now-news.de\/de\/#website\",\"url\":\"https:\/\/now-news.de\/de\/\",\"name\":\"just-now.NEWS Deutschland\",\"description\":\"Das Portal f\u00fcr unzensierte Nachrichten aus der Welt\",\"publisher\":{\"@id\":\"https:\/\/now-news.de\/de\/#organization\"},\"potentialAction\":[{\"@type\":\"SearchAction\",\"target\":{\"@type\":\"EntryPoint\",\"urlTemplate\":\"https:\/\/now-news.de\/de\/?s={search_term_string}\"},\"query-input\":\"required name=search_term_string\"}],\"inLanguage\":\"de\"},{\"@type\":\"Organization\",\"@id\":\"https:\/\/now-news.de\/de\/#organization\",\"name\":\"Just Now News\",\"url\":\"https:\/\/now-news.de\/de\/\",\"logo\":{\"@type\":\"ImageObject\",\"inLanguage\":\"de\",\"@id\":\"https:\/\/now-news.de\/de\/#\/schema\/logo\/image\/\",\"url\":\"http:\/\/just-now.news\/de\/wp-content\/uploads\/sites\/3\/2022\/04\/logo500x500.jpg\",\"contentUrl\":\"http:\/\/just-now.news\/de\/wp-content\/uploads\/sites\/3\/2022\/04\/logo500x500.jpg\",\"width\":500,\"height\":500,\"caption\":\"Just Now News\"},\"image\":{\"@id\":\"https:\/\/now-news.de\/de\/#\/schema\/logo\/image\/\"},\"sameAs\":[\"https:\/\/www.facebook.com\/wirmachenauf\",\"https:\/\/x.com\/WirMachenAuf_de\"]},{\"@type\":\"Person\",\"@id\":\"https:\/\/now-news.de\/de\/#\/schema\/person\/fb534a4e865501d8b3285208df34a9b5\",\"name\":\"rtnews\",\"image\":{\"@type\":\"ImageObject\",\"inLanguage\":\"de\",\"@id\":\"https:\/\/now-news.de\/de\/#\/schema\/person\/image\/\",\"url\":\"https:\/\/secure.gravatar.com\/avatar\/82aafea7d8127119dd649515f56e2117?s=96&d=mm&r=g\",\"contentUrl\":\"https:\/\/secure.gravatar.com\/avatar\/82aafea7d8127119dd649515f56e2117?s=96&d=mm&r=g\",\"caption\":\"rtnews\"},\"url\":\"https:\/\/now-news.de\/de\/author\/rnews\/\"}]}<\/script>\n<!-- \/ Yoast SEO Premium plugin. -->","yoast_head_json":{"title":"Berliner Feuerwehrchef fordert umfassendes B\u00f6llerverbot f\u00fcr Berlin - just-now.NEWS Deutschland","robots":{"index":"index","follow":"follow","max-snippet":"max-snippet:-1","max-image-preview":"max-image-preview:large","max-video-preview":"max-video-preview:-1"},"canonical":"https:\/\/now-news.de\/de\/deutschland\/berliner-feuerwehrchef-fordert-umfassendes-boellerverbot-fuer-berlin\/","og_locale":"de_DE","og_type":"article","og_title":"Berliner Feuerwehrchef fordert umfassendes B\u00f6llerverbot f\u00fcr Berlin","og_description":"Anderthalb Monate vor Silvester hat sich Berlins Landesbranddirektor Karsten Homrighausen erneut f\u00fcr ein allgemeines B\u00f6llerverbot ausgesprochen: Zum Jahreswechsel sollen demnach nur noch &#8220;Profis&#8221; Raketen und Knaller z\u00fcnden d\u00fcrfen. Sechs Wochen vor Silvester meldet sich Berlins Landesbranddirektor Karsten Homrighausen mit einem deutlichen Verbots-Appell: Er will private Feuerwerke in der Hauptstadt komplett verbieten, wie die Berliner Zeitung [&hellip;]","og_url":"https:\/\/now-news.de\/de\/deutschland\/berliner-feuerwehrchef-fordert-umfassendes-boellerverbot-fuer-berlin\/","og_site_name":"just-now.NEWS Deutschland","article_publisher":"https:\/\/www.facebook.com\/wirmachenauf","article_published_time":"2025-11-17T21:06:22+00:00","og_image":[{"url":"https:\/\/now-news.de\/de\/wp-content\/uploads\/sites\/3\/2025\/11\/691b4864b480cc79e4323332.jpg"}],"author":"rtnews","twitter_card":"summary_large_image","twitter_creator":"@WirMachenAuf_de","twitter_site":"@WirMachenAuf_de","twitter_misc":{"Verfasst von":"rtnews","Gesch\u00e4tzte Lesezeit":"2\u00a0Minuten"},"schema":{"@context":"https:\/\/schema.org","@graph":[{"@type":"Article","@id":"https:\/\/now-news.de\/de\/deutschland\/berliner-feuerwehrchef-fordert-umfassendes-boellerverbot-fuer-berlin\/#article","isPartOf":{"@id":"https:\/\/now-news.de\/de\/deutschland\/berliner-feuerwehrchef-fordert-umfassendes-boellerverbot-fuer-berlin\/"},"author":{"name":"rtnews","@id":"https:\/\/now-news.de\/de\/#\/schema\/person\/fb534a4e865501d8b3285208df34a9b5"},"headline":"Berliner Feuerwehrchef fordert umfassendes B\u00f6llerverbot f\u00fcr Berlin","datePublished":"2025-11-17T21:06:22+00:00","dateModified":"2025-11-17T21:06:22+00:00","mainEntityOfPage":{"@id":"https:\/\/now-news.de\/de\/deutschland\/berliner-feuerwehrchef-fordert-umfassendes-boellerverbot-fuer-berlin\/"},"wordCount":485,"commentCount":0,"publisher":{"@id":"https:\/\/now-news.de\/de\/#organization"},"image":{"@id":"https:\/\/now-news.de\/de\/deutschland\/berliner-feuerwehrchef-fordert-umfassendes-boellerverbot-fuer-berlin\/#primaryimage"},"thumbnailUrl":"https:\/\/now-news.de\/de\/wp-content\/uploads\/sites\/3\/2025\/11\/Berliner-Feuerwehrchef-fordert-umfassendes-Boellerverbot-fuer-Berlin.jpg","keywords":["Berlin","Berliner","B\u00f6llerverbot","Feuerwehrchef","fordert","f\u00fcr","umfassendes"],"articleSection":["Deutschland","Russland"],"inLanguage":"de","potentialAction":[{"@type":"CommentAction","name":"Comment","target":["https:\/\/now-news.de\/de\/deutschland\/berliner-feuerwehrchef-fordert-umfassendes-boellerverbot-fuer-berlin\/#respond"]}]},{"@type":"WebPage","@id":"https:\/\/now-news.de\/de\/deutschland\/berliner-feuerwehrchef-fordert-umfassendes-boellerverbot-fuer-berlin\/","url":"https:\/\/now-news.de\/de\/deutschland\/berliner-feuerwehrchef-fordert-umfassendes-boellerverbot-fuer-berlin\/","name":"Berliner Feuerwehrchef fordert umfassendes B\u00f6llerverbot f\u00fcr Berlin - just-now.NEWS Deutschland","isPartOf":{"@id":"https:\/\/now-news.de\/de\/#website"},"primaryImageOfPage":{"@id":"https:\/\/now-news.de\/de\/deutschland\/berliner-feuerwehrchef-fordert-umfassendes-boellerverbot-fuer-berlin\/#primaryimage"},"image":{"@id":"https:\/\/now-news.de\/de\/deutschland\/berliner-feuerwehrchef-fordert-umfassendes-boellerverbot-fuer-berlin\/#primaryimage"},"thumbnailUrl":"https:\/\/now-news.de\/de\/wp-content\/uploads\/sites\/3\/2025\/11\/Berliner-Feuerwehrchef-fordert-umfassendes-Boellerverbot-fuer-Berlin.jpg","datePublished":"2025-11-17T21:06:22+00:00","dateModified":"2025-11-17T21:06:22+00:00","breadcrumb":{"@id":"https:\/\/now-news.de\/de\/deutschland\/berliner-feuerwehrchef-fordert-umfassendes-boellerverbot-fuer-berlin\/#breadcrumb"},"inLanguage":"de","potentialAction":[{"@type":"ReadAction","target":["https:\/\/now-news.de\/de\/deutschland\/berliner-feuerwehrchef-fordert-umfassendes-boellerverbot-fuer-berlin\/"]}]},{"@type":"ImageObject","inLanguage":"de","@id":"https:\/\/now-news.de\/de\/deutschland\/berliner-feuerwehrchef-fordert-umfassendes-boellerverbot-fuer-berlin\/#primaryimage","url":"https:\/\/now-news.de\/de\/wp-content\/uploads\/sites\/3\/2025\/11\/Berliner-Feuerwehrchef-fordert-umfassendes-Boellerverbot-fuer-Berlin.jpg","contentUrl":"https:\/\/now-news.de\/de\/wp-content\/uploads\/sites\/3\/2025\/11\/Berliner-Feuerwehrchef-fordert-umfassendes-Boellerverbot-fuer-Berlin.jpg","width":460,"height":259,"caption":"Berliner Feuerwehrchef fordert umfassendes B\u00f6llerverbot f\u00fcr Berlin"},{"@type":"BreadcrumbList","@id":"https:\/\/now-news.de\/de\/deutschland\/berliner-feuerwehrchef-fordert-umfassendes-boellerverbot-fuer-berlin\/#breadcrumb","itemListElement":[{"@type":"ListItem","position":1,"name":"Home","item":"https:\/\/now-news.de\/de\/"},{"@type":"ListItem","position":2,"name":"Berliner Feuerwehrchef fordert umfassendes B\u00f6llerverbot f\u00fcr Berlin"}]},{"@type":"WebSite","@id":"https:\/\/now-news.de\/de\/#website","url":"https:\/\/now-news.de\/de\/","name":"just-now.NEWS Deutschland","description":"Das Portal f\u00fcr unzensierte Nachrichten aus der Welt","publisher":{"@id":"https:\/\/now-news.de\/de\/#organization"},"potentialAction":[{"@type":"SearchAction","target":{"@type":"EntryPoint","urlTemplate":"https:\/\/now-news.de\/de\/?s={search_term_string}"},"query-input":"required name=search_term_string"}],"inLanguage":"de"},{"@type":"Organization","@id":"https:\/\/now-news.de\/de\/#organization","name":"Just Now News","url":"https:\/\/now-news.de\/de\/","logo":{"@type":"ImageObject","inLanguage":"de","@id":"https:\/\/now-news.de\/de\/#\/schema\/logo\/image\/","url":"http:\/\/just-now.news\/de\/wp-content\/uploads\/sites\/3\/2022\/04\/logo500x500.jpg","contentUrl":"http:\/\/just-now.news\/de\/wp-content\/uploads\/sites\/3\/2022\/04\/logo500x500.jpg","width":500,"height":500,"caption":"Just Now News"},"image":{"@id":"https:\/\/now-news.de\/de\/#\/schema\/logo\/image\/"},"sameAs":["https:\/\/www.facebook.com\/wirmachenauf","https:\/\/x.com\/WirMachenAuf_de"]},{"@type":"Person","@id":"https:\/\/now-news.de\/de\/#\/schema\/person\/fb534a4e865501d8b3285208df34a9b5","name":"rtnews","image":{"@type":"ImageObject","inLanguage":"de","@id":"https:\/\/now-news.de\/de\/#\/schema\/person\/image\/","url":"https:\/\/secure.gravatar.com\/avatar\/82aafea7d8127119dd649515f56e2117?s=96&d=mm&r=g","contentUrl":"https:\/\/secure.gravatar.com\/avatar\/82aafea7d8127119dd649515f56e2117?s=96&d=mm&r=g","caption":"rtnews"},"url":"https:\/\/now-news.de\/de\/author\/rnews\/"}]}},"_links":{"self":[{"href":"https:\/\/now-news.de\/de\/wp-json\/wp\/v2\/posts\/94152"}],"collection":[{"href":"https:\/\/now-news.de\/de\/wp-json\/wp\/v2\/posts"}],"about":[{"href":"https:\/\/now-news.de\/de\/wp-json\/wp\/v2\/types\/post"}],"author":[{"embeddable":true,"href":"https:\/\/now-news.de\/de\/wp-json\/wp\/v2\/users\/3"}],"replies":[{"embeddable":true,"href":"https:\/\/now-news.de\/de\/wp-json\/wp\/v2\/comments?post=94152"}],"version-history":[{"count":0,"href":"https:\/\/now-news.de\/de\/wp-json\/wp\/v2\/posts\/94152\/revisions"}],"wp:featuredmedia":[{"embeddable":true,"href":"https:\/\/now-news.de\/de\/wp-json\/wp\/v2\/media\/94153"}],"wp:attachment":[{"href":"https:\/\/now-news.de\/de\/wp-json\/wp\/v2\/media?parent=94152"}],"wp:term":[{"taxonomy":"category","embeddable":true,"href":"https:\/\/now-news.de\/de\/wp-json\/wp\/v2\/categories?post=94152"},{"taxonomy":"post_tag","embeddable":true,"href":"https:\/\/now-news.de\/de\/wp-json\/wp\/v2\/tags?post=94152"}],"curies":[{"name":"wp","href":"https:\/\/api.w.org\/{rel}","templated":true}]}}