{"id":94138,"date":"2025-11-17T21:18:26","date_gmt":"2025-11-17T19:18:26","guid":{"rendered":"https:\/\/now-news.de\/de\/deutschland\/verband-der-familienunternehmer-wir-verabschieden-uns-von-den-brandmauern\/"},"modified":"2025-11-17T21:18:26","modified_gmt":"2025-11-17T19:18:26","slug":"verband-der-familienunternehmer-wir-verabschieden-uns-von-den-brandmauern","status":"publish","type":"post","link":"https:\/\/now-news.de\/de\/deutschland\/verband-der-familienunternehmer-wir-verabschieden-uns-von-den-brandmauern\/","title":{"rendered":"Verband der Familienunternehmer: &quot;Wir verabschieden uns von den Brandmauern&quot;"},"content":{"rendered":"<p><img decoding=\"async\" src=\"https:\/\/now-news.de\/de\/wp-content\/uploads\/sites\/3\/2025\/11\/691b5f5248fbef5e5a227928.jpg\" \/><\/p>\n<div class=\"Text-root Text-type_1 \">\n                Der Verband der Familienunternehmer erkl\u00e4rt die Brandmauer zur AfD in der Wirtschaft f\u00fcr gescheitert. Gerade in Ostdeutschland k\u00e4me man gar nicht mehr drumherum, sie zu Veranstaltungen einzuladen. Die aktuelle Wirtschafts- und Sozialpolitik der Partei kritisierte Verbandschef Albrecht von der Hagen dennoch evident.\n            <\/div>\n<p><\/p>\n<div class=\"Text-root Text-type_5 ArticleView-text ViewText-root \">\n<p data-external=\"Article.FirstParagraph\">Der Verband der Familienunternehmer hat beim Parlamentarischen Abend in den Gesch\u00e4ftsr\u00e4umen der Deutschen Bank Anfang Oktober erstmals AfD-Vertreter eingeladen. Die Vereinigung sieht nun auch ganz offiziell die bisherige &#8220;Brandmauer&#8221; zur AfD in der Wirtschaft als gescheitert an.\u00a0Hauptgesch\u00e4ftsf\u00fchrer Albrecht von der Hagen sagte gegen\u00fcber dem Magazin <em>The Pioneer:<\/em><\/p>\n<p><em>&#8220;Diese Brandmauer zur AfD \u2013 auch auf Bundesebene, die von den meisten Verb\u00e4nden bislang aufrechterhalten wurde \u2013 hat nichts gebracht.&#8221;<\/em><\/p>\n<p>Er betonte:<\/p>\n<p><em>&#8220;Wir verabschieden uns von den Brandmauern.&#8221;\u00a0<\/em><\/p>\n<p>Leif-Erik Holm, wirtschaftspolitischer Sprecher der AfD-Bundestagsfraktion, beschrieb seinen Besuch als &#8220;intensiv&#8221; im Gespr\u00e4ch, und er erg\u00e4nzte:<\/p>\n<p><em> &#8220;Selbst der Verband der Familienunternehmer, der uns fr\u00fcher ge\u00e4chtet hat, l\u00e4dt uns inzwischen ein.&#8221;<\/em><\/p>\n<p>Parallel \u00fcbte von der Hagen deutliche Kritik am Parteiprogramm der AfD und bezeichnete Teile davon als &#8220;schiere Katastrophe&#8221;. Er konstatierte:<\/p>\n<p><em>&#8220;In den Fachaustausch gehen wir jetzt mit ihnen, um ihnen aufzuzeigen: Mit der Wirtschaftspolitik, die sie bisher in ihrem Programm haben, w\u00fcrden wir alle einen ph\u00e4nomenalen Schiffbruch erleiden.&#8221;<\/em><\/p>\n<p>Besonders kritisch sieht von der Hagen die Sozial- und Familienpolitik: Die AfD setze statt auf Kitas auf die Betreuung von Kindern zu Hause durch M\u00fctter. Das bedeute, &#8220;dass Frauen wieder an den Herd sollen&#8221;. Daraus leitet er ab:<\/p>\n<p><em>&#8220;Die gesamte Philosophie dahinter zielt darauf ab, dass Frauen letztlich aus der Arbeitswelt verdr\u00e4ngt werden.&#8221;<\/em><\/p>\n<p>Dies sei weder f\u00fcr die Gesellschaft finanzierbar noch wirtschaftlich tragbar f\u00fcr Unternehmen. Auch das von der AfD geforderte Rentenniveau von 70 Prozent lehnt von der Hagen ab, da es nach seiner Einsch\u00e4tzung nicht umsetzbar sei.<\/p>\n<p>Grunds\u00e4tzlich kommt man an der Partei allerdings schlichtweg nicht mehr vorbei.\u00a0In Ostdeutschland sei es den Vertretern des Verbandes daher &#8220;schon lange freigestellt&#8221;, die AfD zu Parlamentarischen Abenden einzuladen. Angesichts der St\u00e4rke der Partei in Sachsen und Th\u00fcringen komme man gar nicht umhin, dies zu tun, erg\u00e4nzte von der Hagen. Demnach w\u00fcrde beispielsweise in Sachsen bereits jeder zweite Unternehmer mit der AfD sympathisieren. \u00dcberraschend ist das nicht: Wie kaum ein zweites Bundesland leidet das exportstarke Land der T\u00fcftler und Innovatoren unter den antirussischen Sanktionen und damit verbundenen hohen Energiekosten.<\/p>\n<p><strong>Mehr zum Thema &#8211;<\/strong>\u00a0<a rel=\"nofollow noopener\" target=\"_blank\" href=\"https:\/\/freedert.online\/inland\/261957-ueberschuldung-in-deutschland-russlandsanktionen-als\/\">\u00dcberschuldung in Deutschland: Russlandsanktionen als Motor<\/a><\/p>\n<\/p>\n<\/div>\n<p><br \/>\n<br \/><a href=\"https:\/\/de.rt.com\/inland\/262050-verband-familienunternehmer-wir-verabschieden-uns\/\">Source link <\/a><\/p>\n","protected":false},"excerpt":{"rendered":"<p>Der Verband der Familienunternehmer erkl\u00e4rt die Brandmauer zur AfD in der Wirtschaft f\u00fcr gescheitert. Gerade in Ostdeutschland k\u00e4me man gar nicht mehr drumherum, sie zu Veranstaltungen einzuladen. Die aktuelle Wirtschafts- und Sozialpolitik der Partei kritisierte Verbandschef Albrecht von der Hagen dennoch evident. Der Verband der Familienunternehmer hat beim Parlamentarischen Abend in den Gesch\u00e4ftsr\u00e4umen der Deutschen [&hellip;]<\/p>\n","protected":false},"author":3,"featured_media":94139,"comment_status":"open","ping_status":"open","sticky":false,"template":"","format":"standard","meta":{"_yoast_indexnow_last_ping":["1763407488"],"wp_automatic_camp":["217"],"dc585bd4a94d8bdcc6ac99bb8f7117a2":["Verband der Familienunternehmer: &quot;Wir verabschieden uns von den Brandmauern&quot;"],"original_link":["https:\/\/de.rt.com\/inland\/262050-verband-familienunternehmer-wir-verabschieden-uns\/"],"_thumbnail_id":["94139"],"jnews_social_counter_last_update":["1777405692"],"_wptgpro_p2tg_sent2tg":["a:1:{i:23737;s:19:\"2025-11-17 21:25:46\";}"]},"categories":[19,23],"tags":[69241,48,82,57606,5451,311,17497,35912,50],"yoast_head":"<!-- This site is optimized with the Yoast SEO Premium plugin v22.7 (Yoast SEO v22.7) - https:\/\/yoast.com\/wordpress\/plugins\/seo\/ -->\n<title>Verband der Familienunternehmer: &quot;Wir verabschieden uns von den Brandmauern&quot; - just-now.NEWS Deutschland<\/title>\n<meta name=\"robots\" content=\"index, follow, max-snippet:-1, max-image-preview:large, max-video-preview:-1\" \/>\n<link rel=\"canonical\" href=\"https:\/\/now-news.de\/de\/deutschland\/verband-der-familienunternehmer-wir-verabschieden-uns-von-den-brandmauern\/\" \/>\n<meta property=\"og:locale\" content=\"de_DE\" \/>\n<meta property=\"og:type\" content=\"article\" \/>\n<meta property=\"og:title\" content=\"Verband der Familienunternehmer: &quot;Wir verabschieden uns von den Brandmauern&quot;\" \/>\n<meta property=\"og:description\" content=\"Der Verband der Familienunternehmer erkl\u00e4rt die Brandmauer zur AfD in der Wirtschaft f\u00fcr gescheitert. Gerade in Ostdeutschland k\u00e4me man gar nicht mehr drumherum, sie zu Veranstaltungen einzuladen. Die aktuelle Wirtschafts- und Sozialpolitik der Partei kritisierte Verbandschef Albrecht von der Hagen dennoch evident. Der Verband der Familienunternehmer hat beim Parlamentarischen Abend in den Gesch\u00e4ftsr\u00e4umen der Deutschen [&hellip;]\" \/>\n<meta property=\"og:url\" content=\"https:\/\/now-news.de\/de\/deutschland\/verband-der-familienunternehmer-wir-verabschieden-uns-von-den-brandmauern\/\" \/>\n<meta property=\"og:site_name\" content=\"just-now.NEWS Deutschland\" \/>\n<meta property=\"article:publisher\" content=\"https:\/\/www.facebook.com\/wirmachenauf\" \/>\n<meta property=\"article:published_time\" content=\"2025-11-17T19:18:26+00:00\" \/>\n<meta property=\"og:image\" content=\"https:\/\/now-news.de\/de\/wp-content\/uploads\/sites\/3\/2025\/11\/691b5f5248fbef5e5a227928.jpg\" \/>\n<meta name=\"author\" content=\"rtnews\" \/>\n<meta name=\"twitter:card\" content=\"summary_large_image\" \/>\n<meta name=\"twitter:creator\" content=\"@WirMachenAuf_de\" \/>\n<meta name=\"twitter:site\" content=\"@WirMachenAuf_de\" \/>\n<meta name=\"twitter:label1\" content=\"Verfasst von\" \/>\n\t<meta name=\"twitter:data1\" content=\"rtnews\" \/>\n\t<meta name=\"twitter:label2\" content=\"Gesch\u00e4tzte Lesezeit\" \/>\n\t<meta name=\"twitter:data2\" content=\"2\u00a0Minuten\" \/>\n<script type=\"application\/ld+json\" class=\"yoast-schema-graph\">{\"@context\":\"https:\/\/schema.org\",\"@graph\":[{\"@type\":\"Article\",\"@id\":\"https:\/\/now-news.de\/de\/deutschland\/verband-der-familienunternehmer-wir-verabschieden-uns-von-den-brandmauern\/#article\",\"isPartOf\":{\"@id\":\"https:\/\/now-news.de\/de\/deutschland\/verband-der-familienunternehmer-wir-verabschieden-uns-von-den-brandmauern\/\"},\"author\":{\"name\":\"rtnews\",\"@id\":\"https:\/\/now-news.de\/de\/#\/schema\/person\/fb534a4e865501d8b3285208df34a9b5\"},\"headline\":\"Verband der Familienunternehmer: &quot;Wir verabschieden uns von den Brandmauern&quot;\",\"datePublished\":\"2025-11-17T19:18:26+00:00\",\"dateModified\":\"2025-11-17T19:18:26+00:00\",\"mainEntityOfPage\":{\"@id\":\"https:\/\/now-news.de\/de\/deutschland\/verband-der-familienunternehmer-wir-verabschieden-uns-von-den-brandmauern\/\"},\"wordCount\":421,\"commentCount\":0,\"publisher\":{\"@id\":\"https:\/\/now-news.de\/de\/#organization\"},\"image\":{\"@id\":\"https:\/\/now-news.de\/de\/deutschland\/verband-der-familienunternehmer-wir-verabschieden-uns-von-den-brandmauern\/#primaryimage\"},\"thumbnailUrl\":\"https:\/\/now-news.de\/de\/wp-content\/uploads\/sites\/3\/2025\/11\/Verband-der-Familienunternehmer-quotWir-verabschieden-uns-von-den-Brandmauernquot.jpg\",\"keywords\":[\"Brandmauernquot\",\"den\",\"der\",\"Familienunternehmer\",\"quotWir\",\"uns\",\"verabschieden\",\"Verband\",\"von\"],\"articleSection\":[\"Deutschland\",\"Russland\"],\"inLanguage\":\"de\",\"potentialAction\":[{\"@type\":\"CommentAction\",\"name\":\"Comment\",\"target\":[\"https:\/\/now-news.de\/de\/deutschland\/verband-der-familienunternehmer-wir-verabschieden-uns-von-den-brandmauern\/#respond\"]}]},{\"@type\":\"WebPage\",\"@id\":\"https:\/\/now-news.de\/de\/deutschland\/verband-der-familienunternehmer-wir-verabschieden-uns-von-den-brandmauern\/\",\"url\":\"https:\/\/now-news.de\/de\/deutschland\/verband-der-familienunternehmer-wir-verabschieden-uns-von-den-brandmauern\/\",\"name\":\"Verband der Familienunternehmer: &quot;Wir verabschieden uns von den Brandmauern&quot; - just-now.NEWS Deutschland\",\"isPartOf\":{\"@id\":\"https:\/\/now-news.de\/de\/#website\"},\"primaryImageOfPage\":{\"@id\":\"https:\/\/now-news.de\/de\/deutschland\/verband-der-familienunternehmer-wir-verabschieden-uns-von-den-brandmauern\/#primaryimage\"},\"image\":{\"@id\":\"https:\/\/now-news.de\/de\/deutschland\/verband-der-familienunternehmer-wir-verabschieden-uns-von-den-brandmauern\/#primaryimage\"},\"thumbnailUrl\":\"https:\/\/now-news.de\/de\/wp-content\/uploads\/sites\/3\/2025\/11\/Verband-der-Familienunternehmer-quotWir-verabschieden-uns-von-den-Brandmauernquot.jpg\",\"datePublished\":\"2025-11-17T19:18:26+00:00\",\"dateModified\":\"2025-11-17T19:18:26+00:00\",\"breadcrumb\":{\"@id\":\"https:\/\/now-news.de\/de\/deutschland\/verband-der-familienunternehmer-wir-verabschieden-uns-von-den-brandmauern\/#breadcrumb\"},\"inLanguage\":\"de\",\"potentialAction\":[{\"@type\":\"ReadAction\",\"target\":[\"https:\/\/now-news.de\/de\/deutschland\/verband-der-familienunternehmer-wir-verabschieden-uns-von-den-brandmauern\/\"]}]},{\"@type\":\"ImageObject\",\"inLanguage\":\"de\",\"@id\":\"https:\/\/now-news.de\/de\/deutschland\/verband-der-familienunternehmer-wir-verabschieden-uns-von-den-brandmauern\/#primaryimage\",\"url\":\"https:\/\/now-news.de\/de\/wp-content\/uploads\/sites\/3\/2025\/11\/Verband-der-Familienunternehmer-quotWir-verabschieden-uns-von-den-Brandmauernquot.jpg\",\"contentUrl\":\"https:\/\/now-news.de\/de\/wp-content\/uploads\/sites\/3\/2025\/11\/Verband-der-Familienunternehmer-quotWir-verabschieden-uns-von-den-Brandmauernquot.jpg\",\"width\":460,\"height\":259,\"caption\":\"Verband der Familienunternehmer: &quot;Wir verabschieden uns von den Brandmauern&quot;\"},{\"@type\":\"BreadcrumbList\",\"@id\":\"https:\/\/now-news.de\/de\/deutschland\/verband-der-familienunternehmer-wir-verabschieden-uns-von-den-brandmauern\/#breadcrumb\",\"itemListElement\":[{\"@type\":\"ListItem\",\"position\":1,\"name\":\"Home\",\"item\":\"https:\/\/now-news.de\/de\/\"},{\"@type\":\"ListItem\",\"position\":2,\"name\":\"Verband der Familienunternehmer: &quot;Wir verabschieden uns von den Brandmauern&quot;\"}]},{\"@type\":\"WebSite\",\"@id\":\"https:\/\/now-news.de\/de\/#website\",\"url\":\"https:\/\/now-news.de\/de\/\",\"name\":\"just-now.NEWS Deutschland\",\"description\":\"Das Portal f\u00fcr unzensierte Nachrichten aus der Welt\",\"publisher\":{\"@id\":\"https:\/\/now-news.de\/de\/#organization\"},\"potentialAction\":[{\"@type\":\"SearchAction\",\"target\":{\"@type\":\"EntryPoint\",\"urlTemplate\":\"https:\/\/now-news.de\/de\/?s={search_term_string}\"},\"query-input\":\"required name=search_term_string\"}],\"inLanguage\":\"de\"},{\"@type\":\"Organization\",\"@id\":\"https:\/\/now-news.de\/de\/#organization\",\"name\":\"Just Now News\",\"url\":\"https:\/\/now-news.de\/de\/\",\"logo\":{\"@type\":\"ImageObject\",\"inLanguage\":\"de\",\"@id\":\"https:\/\/now-news.de\/de\/#\/schema\/logo\/image\/\",\"url\":\"http:\/\/just-now.news\/de\/wp-content\/uploads\/sites\/3\/2022\/04\/logo500x500.jpg\",\"contentUrl\":\"http:\/\/just-now.news\/de\/wp-content\/uploads\/sites\/3\/2022\/04\/logo500x500.jpg\",\"width\":500,\"height\":500,\"caption\":\"Just Now News\"},\"image\":{\"@id\":\"https:\/\/now-news.de\/de\/#\/schema\/logo\/image\/\"},\"sameAs\":[\"https:\/\/www.facebook.com\/wirmachenauf\",\"https:\/\/x.com\/WirMachenAuf_de\"]},{\"@type\":\"Person\",\"@id\":\"https:\/\/now-news.de\/de\/#\/schema\/person\/fb534a4e865501d8b3285208df34a9b5\",\"name\":\"rtnews\",\"image\":{\"@type\":\"ImageObject\",\"inLanguage\":\"de\",\"@id\":\"https:\/\/now-news.de\/de\/#\/schema\/person\/image\/\",\"url\":\"https:\/\/secure.gravatar.com\/avatar\/82aafea7d8127119dd649515f56e2117?s=96&d=mm&r=g\",\"contentUrl\":\"https:\/\/secure.gravatar.com\/avatar\/82aafea7d8127119dd649515f56e2117?s=96&d=mm&r=g\",\"caption\":\"rtnews\"},\"url\":\"https:\/\/now-news.de\/de\/author\/rnews\/\"}]}<\/script>\n<!-- \/ Yoast SEO Premium plugin. -->","yoast_head_json":{"title":"Verband der Familienunternehmer: &quot;Wir verabschieden uns von den Brandmauern&quot; - just-now.NEWS Deutschland","robots":{"index":"index","follow":"follow","max-snippet":"max-snippet:-1","max-image-preview":"max-image-preview:large","max-video-preview":"max-video-preview:-1"},"canonical":"https:\/\/now-news.de\/de\/deutschland\/verband-der-familienunternehmer-wir-verabschieden-uns-von-den-brandmauern\/","og_locale":"de_DE","og_type":"article","og_title":"Verband der Familienunternehmer: &quot;Wir verabschieden uns von den Brandmauern&quot;","og_description":"Der Verband der Familienunternehmer erkl\u00e4rt die Brandmauer zur AfD in der Wirtschaft f\u00fcr gescheitert. Gerade in Ostdeutschland k\u00e4me man gar nicht mehr drumherum, sie zu Veranstaltungen einzuladen. Die aktuelle Wirtschafts- und Sozialpolitik der Partei kritisierte Verbandschef Albrecht von der Hagen dennoch evident. Der Verband der Familienunternehmer hat beim Parlamentarischen Abend in den Gesch\u00e4ftsr\u00e4umen der Deutschen [&hellip;]","og_url":"https:\/\/now-news.de\/de\/deutschland\/verband-der-familienunternehmer-wir-verabschieden-uns-von-den-brandmauern\/","og_site_name":"just-now.NEWS Deutschland","article_publisher":"https:\/\/www.facebook.com\/wirmachenauf","article_published_time":"2025-11-17T19:18:26+00:00","og_image":[{"url":"https:\/\/now-news.de\/de\/wp-content\/uploads\/sites\/3\/2025\/11\/691b5f5248fbef5e5a227928.jpg"}],"author":"rtnews","twitter_card":"summary_large_image","twitter_creator":"@WirMachenAuf_de","twitter_site":"@WirMachenAuf_de","twitter_misc":{"Verfasst von":"rtnews","Gesch\u00e4tzte Lesezeit":"2\u00a0Minuten"},"schema":{"@context":"https:\/\/schema.org","@graph":[{"@type":"Article","@id":"https:\/\/now-news.de\/de\/deutschland\/verband-der-familienunternehmer-wir-verabschieden-uns-von-den-brandmauern\/#article","isPartOf":{"@id":"https:\/\/now-news.de\/de\/deutschland\/verband-der-familienunternehmer-wir-verabschieden-uns-von-den-brandmauern\/"},"author":{"name":"rtnews","@id":"https:\/\/now-news.de\/de\/#\/schema\/person\/fb534a4e865501d8b3285208df34a9b5"},"headline":"Verband der Familienunternehmer: &quot;Wir verabschieden uns von den Brandmauern&quot;","datePublished":"2025-11-17T19:18:26+00:00","dateModified":"2025-11-17T19:18:26+00:00","mainEntityOfPage":{"@id":"https:\/\/now-news.de\/de\/deutschland\/verband-der-familienunternehmer-wir-verabschieden-uns-von-den-brandmauern\/"},"wordCount":421,"commentCount":0,"publisher":{"@id":"https:\/\/now-news.de\/de\/#organization"},"image":{"@id":"https:\/\/now-news.de\/de\/deutschland\/verband-der-familienunternehmer-wir-verabschieden-uns-von-den-brandmauern\/#primaryimage"},"thumbnailUrl":"https:\/\/now-news.de\/de\/wp-content\/uploads\/sites\/3\/2025\/11\/Verband-der-Familienunternehmer-quotWir-verabschieden-uns-von-den-Brandmauernquot.jpg","keywords":["Brandmauernquot","den","der","Familienunternehmer","quotWir","uns","verabschieden","Verband","von"],"articleSection":["Deutschland","Russland"],"inLanguage":"de","potentialAction":[{"@type":"CommentAction","name":"Comment","target":["https:\/\/now-news.de\/de\/deutschland\/verband-der-familienunternehmer-wir-verabschieden-uns-von-den-brandmauern\/#respond"]}]},{"@type":"WebPage","@id":"https:\/\/now-news.de\/de\/deutschland\/verband-der-familienunternehmer-wir-verabschieden-uns-von-den-brandmauern\/","url":"https:\/\/now-news.de\/de\/deutschland\/verband-der-familienunternehmer-wir-verabschieden-uns-von-den-brandmauern\/","name":"Verband der Familienunternehmer: &quot;Wir verabschieden uns von den Brandmauern&quot; - just-now.NEWS Deutschland","isPartOf":{"@id":"https:\/\/now-news.de\/de\/#website"},"primaryImageOfPage":{"@id":"https:\/\/now-news.de\/de\/deutschland\/verband-der-familienunternehmer-wir-verabschieden-uns-von-den-brandmauern\/#primaryimage"},"image":{"@id":"https:\/\/now-news.de\/de\/deutschland\/verband-der-familienunternehmer-wir-verabschieden-uns-von-den-brandmauern\/#primaryimage"},"thumbnailUrl":"https:\/\/now-news.de\/de\/wp-content\/uploads\/sites\/3\/2025\/11\/Verband-der-Familienunternehmer-quotWir-verabschieden-uns-von-den-Brandmauernquot.jpg","datePublished":"2025-11-17T19:18:26+00:00","dateModified":"2025-11-17T19:18:26+00:00","breadcrumb":{"@id":"https:\/\/now-news.de\/de\/deutschland\/verband-der-familienunternehmer-wir-verabschieden-uns-von-den-brandmauern\/#breadcrumb"},"inLanguage":"de","potentialAction":[{"@type":"ReadAction","target":["https:\/\/now-news.de\/de\/deutschland\/verband-der-familienunternehmer-wir-verabschieden-uns-von-den-brandmauern\/"]}]},{"@type":"ImageObject","inLanguage":"de","@id":"https:\/\/now-news.de\/de\/deutschland\/verband-der-familienunternehmer-wir-verabschieden-uns-von-den-brandmauern\/#primaryimage","url":"https:\/\/now-news.de\/de\/wp-content\/uploads\/sites\/3\/2025\/11\/Verband-der-Familienunternehmer-quotWir-verabschieden-uns-von-den-Brandmauernquot.jpg","contentUrl":"https:\/\/now-news.de\/de\/wp-content\/uploads\/sites\/3\/2025\/11\/Verband-der-Familienunternehmer-quotWir-verabschieden-uns-von-den-Brandmauernquot.jpg","width":460,"height":259,"caption":"Verband der Familienunternehmer: &quot;Wir verabschieden uns von den Brandmauern&quot;"},{"@type":"BreadcrumbList","@id":"https:\/\/now-news.de\/de\/deutschland\/verband-der-familienunternehmer-wir-verabschieden-uns-von-den-brandmauern\/#breadcrumb","itemListElement":[{"@type":"ListItem","position":1,"name":"Home","item":"https:\/\/now-news.de\/de\/"},{"@type":"ListItem","position":2,"name":"Verband der Familienunternehmer: &quot;Wir verabschieden uns von den Brandmauern&quot;"}]},{"@type":"WebSite","@id":"https:\/\/now-news.de\/de\/#website","url":"https:\/\/now-news.de\/de\/","name":"just-now.NEWS Deutschland","description":"Das Portal f\u00fcr unzensierte Nachrichten aus der Welt","publisher":{"@id":"https:\/\/now-news.de\/de\/#organization"},"potentialAction":[{"@type":"SearchAction","target":{"@type":"EntryPoint","urlTemplate":"https:\/\/now-news.de\/de\/?s={search_term_string}"},"query-input":"required name=search_term_string"}],"inLanguage":"de"},{"@type":"Organization","@id":"https:\/\/now-news.de\/de\/#organization","name":"Just Now News","url":"https:\/\/now-news.de\/de\/","logo":{"@type":"ImageObject","inLanguage":"de","@id":"https:\/\/now-news.de\/de\/#\/schema\/logo\/image\/","url":"http:\/\/just-now.news\/de\/wp-content\/uploads\/sites\/3\/2022\/04\/logo500x500.jpg","contentUrl":"http:\/\/just-now.news\/de\/wp-content\/uploads\/sites\/3\/2022\/04\/logo500x500.jpg","width":500,"height":500,"caption":"Just Now News"},"image":{"@id":"https:\/\/now-news.de\/de\/#\/schema\/logo\/image\/"},"sameAs":["https:\/\/www.facebook.com\/wirmachenauf","https:\/\/x.com\/WirMachenAuf_de"]},{"@type":"Person","@id":"https:\/\/now-news.de\/de\/#\/schema\/person\/fb534a4e865501d8b3285208df34a9b5","name":"rtnews","image":{"@type":"ImageObject","inLanguage":"de","@id":"https:\/\/now-news.de\/de\/#\/schema\/person\/image\/","url":"https:\/\/secure.gravatar.com\/avatar\/82aafea7d8127119dd649515f56e2117?s=96&d=mm&r=g","contentUrl":"https:\/\/secure.gravatar.com\/avatar\/82aafea7d8127119dd649515f56e2117?s=96&d=mm&r=g","caption":"rtnews"},"url":"https:\/\/now-news.de\/de\/author\/rnews\/"}]}},"_links":{"self":[{"href":"https:\/\/now-news.de\/de\/wp-json\/wp\/v2\/posts\/94138"}],"collection":[{"href":"https:\/\/now-news.de\/de\/wp-json\/wp\/v2\/posts"}],"about":[{"href":"https:\/\/now-news.de\/de\/wp-json\/wp\/v2\/types\/post"}],"author":[{"embeddable":true,"href":"https:\/\/now-news.de\/de\/wp-json\/wp\/v2\/users\/3"}],"replies":[{"embeddable":true,"href":"https:\/\/now-news.de\/de\/wp-json\/wp\/v2\/comments?post=94138"}],"version-history":[{"count":0,"href":"https:\/\/now-news.de\/de\/wp-json\/wp\/v2\/posts\/94138\/revisions"}],"wp:featuredmedia":[{"embeddable":true,"href":"https:\/\/now-news.de\/de\/wp-json\/wp\/v2\/media\/94139"}],"wp:attachment":[{"href":"https:\/\/now-news.de\/de\/wp-json\/wp\/v2\/media?parent=94138"}],"wp:term":[{"taxonomy":"category","embeddable":true,"href":"https:\/\/now-news.de\/de\/wp-json\/wp\/v2\/categories?post=94138"},{"taxonomy":"post_tag","embeddable":true,"href":"https:\/\/now-news.de\/de\/wp-json\/wp\/v2\/tags?post=94138"}],"curies":[{"name":"wp","href":"https:\/\/api.w.org\/{rel}","templated":true}]}}