{"id":94106,"date":"2025-11-17T13:04:53","date_gmt":"2025-11-17T11:04:53","guid":{"rendered":"https:\/\/now-news.de\/de\/deutschland\/referendum-ecuadorianer-lehnen-rueckkehr-von-us-stuetzpunkten-ab\/"},"modified":"2025-11-17T13:04:53","modified_gmt":"2025-11-17T11:04:53","slug":"referendum-ecuadorianer-lehnen-rueckkehr-von-us-stuetzpunkten-ab","status":"publish","type":"post","link":"https:\/\/now-news.de\/de\/deutschland\/referendum-ecuadorianer-lehnen-rueckkehr-von-us-stuetzpunkten-ab\/","title":{"rendered":"Referendum: Ecuadorianer lehnen R\u00fcckkehr von US-St\u00fctzpunkten ab"},"content":{"rendered":"<p><img decoding=\"async\" src=\"https:\/\/now-news.de\/de\/wp-content\/uploads\/sites\/3\/2025\/11\/691af6b948fbef5e5a2278bc.jpg\" \/><\/p>\n<div class=\"Text-root Text-type_1 \">\n                Inmitten der wachsenden Spannungen in der Karibik hat Ecuadors Pr\u00e4sident Daniel Noboa die Bev\u00f6lkerung in einem Referendum dar\u00fcber abstimmen lassen, ob sie eine R\u00fcckkehr von US-Milit\u00e4rst\u00fctzpunkten in das Land unterst\u00fctzt. Das Ergebnis fiel eindeutig aus.\n            <\/div>\n<p><\/p>\n<div class=\"Text-root Text-type_5 ArticleView-text ViewText-root \">\n<p>Die W\u00e4hler in Ecuador haben in einem nationalen Referendum am Sonntag einen Vorschlag abgelehnt, US-Milit\u00e4rst\u00fctzpunkte wieder ins Land zu holen.<\/p>\n<p>Nach Ausz\u00e4hlung von rund 95 Prozent der Stimmen zeigt das offizielle Ergebnis, dass 60,58 Prozent gegen die Initiative von Pr\u00e4sident Daniel Noboa gestimmt haben, ausl\u00e4ndischen Truppen im Rahmen der Bek\u00e4mpfung der organisierten Kriminalit\u00e4t und des Drogenhandels den Einsatz in Ecuador zu gestatten.<\/p>\n<p>Noboa erkl\u00e4rte, er akzeptiere das Ergebnis. &#8220;Wir haben die Ecuadorianer befragt, und sie haben sich ge\u00e4u\u00dfert. Wir haben unser Versprechen erf\u00fcllt, sie direkt zu fragen. Wir respektieren den Willen des ecuadorianischen Volkes&#8221;, schrieb er auf X.<\/p>\n<p>US-Truppen waren bis zum Jahr 2009 auf einem Luftwaffenst\u00fctzpunkt in der Hafenstadt Manta stationiert, bis der damalige Pr\u00e4sident Rafael Correa sich weigerte, den Pachtvertrag zu verl\u00e4ngern, und ausl\u00e4ndische St\u00fctzpunkte in Ecuador verbot.<\/p>\n<p>Noboa bot US-Pr\u00e4sident Donald Trump die M\u00f6glichkeit, Truppen im Land zu stationieren, und schlug zu verschiedenen Zeitpunkten Manta, die Stadt Salinas und eine der Inseln des Galapagos-Archipels als m\u00f6gliche Standorte vor. Die Ministerin f\u00fcr Innere Sicherheit der Vereinigten Staaten, Kristi Noem, traf sich im Juli mit Noboa, als sie milit\u00e4rische Einrichtungen in Ecuador besichtigte.<\/p>\n<p>Die Abstimmung erfolgte inmitten der Konzentration\u00a0milit\u00e4rischer Kr\u00e4fte seitens der Vereinigten Staaten\u00a0in der Karibik, wo Trump Angriffe auf mutma\u00dfliche Boote von Drogenkartellen anordnete und die linken Pr\u00e4sidenten Venezuelas und Kolumbiens beschuldigte, &#8220;Drogenterroristen&#8221; zu unterst\u00fctzen.<\/p>\n<p>Gleichzeitig bem\u00fchte sich der US-Pr\u00e4sident um eine St\u00e4rkung der Beziehungen zu konservativen F\u00fchrern in der Region, darunter der salvadorianische Pr\u00e4sident Nayib Bukele, der anbot, aus den USA abgeschobene Migranten in salvadorianischen Gef\u00e4ngnissen unterzubringen.<\/p>\n<p><strong>Mehr zum Thema<\/strong>\u00a0\u2013\u00a0<a rel=\"nofollow noopener\" target=\"_blank\" href=\"https:\/\/freedert.online\/amerika\/261638-rubio-stellt-drogenterrorregime-in-caracas-bedingung\/\">Rubio stellt Caracas\u2019 &#8220;Drogenterrorregime&#8221; Bedingung: Einsatz in Karibik k\u00f6nnte &#8220;morgen&#8221; vorbei sein<\/a><\/p>\n<div class=\"EmbedBlock-root EmbedBlock-externalVideo EmbedBlock-rumble\">\n<div class=\"VkEmbed\"><iframe class=\"lazyload\" data-src=\"https:\/\/rumble.com\/embed\/v6zklci\" frameborder=\"0\" width=\"853\" height=\"480\" allowfullscreen><\/iframe><\/div>\n<\/div>\n<\/div>\n<p><br \/>\n<br \/><a href=\"https:\/\/de.rt.com\/amerika\/261996-referendum-ecuadorianer-lehnen-rueckkehr-von\/\">Source link <\/a><\/p>\n","protected":false},"excerpt":{"rendered":"<p>Inmitten der wachsenden Spannungen in der Karibik hat Ecuadors Pr\u00e4sident Daniel Noboa die Bev\u00f6lkerung in einem Referendum dar\u00fcber abstimmen lassen, ob sie eine R\u00fcckkehr von US-Milit\u00e4rst\u00fctzpunkten in das Land unterst\u00fctzt. Das Ergebnis fiel eindeutig aus. Die W\u00e4hler in Ecuador haben in einem nationalen Referendum am Sonntag einen Vorschlag abgelehnt, US-Milit\u00e4rst\u00fctzpunkte wieder ins Land zu holen. [&hellip;]<\/p>\n","protected":false},"author":3,"featured_media":94107,"comment_status":"open","ping_status":"open","sticky":false,"template":"","format":"standard","meta":{"_yoast_indexnow_last_ping":["1763377667"],"wp_automatic_camp":["217"],"cce4fde93fdd1777798917d33600e83f":["Referendum: Ecuadorianer lehnen R\u00fcckkehr von US-St\u00fctzpunkten ab"],"original_link":["https:\/\/de.rt.com\/amerika\/261996-referendum-ecuadorianer-lehnen-rueckkehr-von\/"],"_thumbnail_id":["94107"],"jnews_social_counter_last_update":["1777241704"],"_wptgpro_p2tg_sent2tg":["a:1:{i:23737;s:19:\"2025-11-17 13:08:47\";}"]},"categories":[19,23],"tags":[69232,19043,544,6364,40281,50],"yoast_head":"<!-- This site is optimized with the Yoast SEO Premium plugin v22.7 (Yoast SEO v22.7) - https:\/\/yoast.com\/wordpress\/plugins\/seo\/ -->\n<title>Referendum: Ecuadorianer lehnen R\u00fcckkehr von US-St\u00fctzpunkten ab - just-now.NEWS Deutschland<\/title>\n<meta name=\"robots\" content=\"index, follow, max-snippet:-1, max-image-preview:large, max-video-preview:-1\" \/>\n<link rel=\"canonical\" href=\"https:\/\/now-news.de\/de\/deutschland\/referendum-ecuadorianer-lehnen-rueckkehr-von-us-stuetzpunkten-ab\/\" \/>\n<meta property=\"og:locale\" content=\"de_DE\" \/>\n<meta property=\"og:type\" content=\"article\" \/>\n<meta property=\"og:title\" content=\"Referendum: Ecuadorianer lehnen R\u00fcckkehr von US-St\u00fctzpunkten ab\" \/>\n<meta property=\"og:description\" content=\"Inmitten der wachsenden Spannungen in der Karibik hat Ecuadors Pr\u00e4sident Daniel Noboa die Bev\u00f6lkerung in einem Referendum dar\u00fcber abstimmen lassen, ob sie eine R\u00fcckkehr von US-Milit\u00e4rst\u00fctzpunkten in das Land unterst\u00fctzt. Das Ergebnis fiel eindeutig aus. Die W\u00e4hler in Ecuador haben in einem nationalen Referendum am Sonntag einen Vorschlag abgelehnt, US-Milit\u00e4rst\u00fctzpunkte wieder ins Land zu holen. [&hellip;]\" \/>\n<meta property=\"og:url\" content=\"https:\/\/now-news.de\/de\/deutschland\/referendum-ecuadorianer-lehnen-rueckkehr-von-us-stuetzpunkten-ab\/\" \/>\n<meta property=\"og:site_name\" content=\"just-now.NEWS Deutschland\" \/>\n<meta property=\"article:publisher\" content=\"https:\/\/www.facebook.com\/wirmachenauf\" \/>\n<meta property=\"article:published_time\" content=\"2025-11-17T11:04:53+00:00\" \/>\n<meta property=\"og:image\" content=\"https:\/\/now-news.de\/de\/wp-content\/uploads\/sites\/3\/2025\/11\/691af6b948fbef5e5a2278bc.jpg\" \/>\n<meta name=\"author\" content=\"rtnews\" \/>\n<meta name=\"twitter:card\" content=\"summary_large_image\" \/>\n<meta name=\"twitter:creator\" content=\"@WirMachenAuf_de\" \/>\n<meta name=\"twitter:site\" content=\"@WirMachenAuf_de\" \/>\n<meta name=\"twitter:label1\" content=\"Verfasst von\" \/>\n\t<meta name=\"twitter:data1\" content=\"rtnews\" \/>\n\t<meta name=\"twitter:label2\" content=\"Gesch\u00e4tzte Lesezeit\" \/>\n\t<meta name=\"twitter:data2\" content=\"2\u00a0Minuten\" \/>\n<script type=\"application\/ld+json\" class=\"yoast-schema-graph\">{\"@context\":\"https:\/\/schema.org\",\"@graph\":[{\"@type\":\"Article\",\"@id\":\"https:\/\/now-news.de\/de\/deutschland\/referendum-ecuadorianer-lehnen-rueckkehr-von-us-stuetzpunkten-ab\/#article\",\"isPartOf\":{\"@id\":\"https:\/\/now-news.de\/de\/deutschland\/referendum-ecuadorianer-lehnen-rueckkehr-von-us-stuetzpunkten-ab\/\"},\"author\":{\"name\":\"rtnews\",\"@id\":\"https:\/\/now-news.de\/de\/#\/schema\/person\/fb534a4e865501d8b3285208df34a9b5\"},\"headline\":\"Referendum: Ecuadorianer lehnen R\u00fcckkehr von US-St\u00fctzpunkten ab\",\"datePublished\":\"2025-11-17T11:04:53+00:00\",\"dateModified\":\"2025-11-17T11:04:53+00:00\",\"mainEntityOfPage\":{\"@id\":\"https:\/\/now-news.de\/de\/deutschland\/referendum-ecuadorianer-lehnen-rueckkehr-von-us-stuetzpunkten-ab\/\"},\"wordCount\":352,\"commentCount\":0,\"publisher\":{\"@id\":\"https:\/\/now-news.de\/de\/#organization\"},\"image\":{\"@id\":\"https:\/\/now-news.de\/de\/deutschland\/referendum-ecuadorianer-lehnen-rueckkehr-von-us-stuetzpunkten-ab\/#primaryimage\"},\"thumbnailUrl\":\"https:\/\/now-news.de\/de\/wp-content\/uploads\/sites\/3\/2025\/11\/Referendum-Ecuadorianer-lehnen-Rueckkehr-von-US-Stuetzpunkten-ab.jpg\",\"keywords\":[\"Ecuadorianer\",\"lehnen\",\"Referendum\",\"R\u00fcckkehr\",\"USSt\u00fctzpunkten\",\"von\"],\"articleSection\":[\"Deutschland\",\"Russland\"],\"inLanguage\":\"de\",\"potentialAction\":[{\"@type\":\"CommentAction\",\"name\":\"Comment\",\"target\":[\"https:\/\/now-news.de\/de\/deutschland\/referendum-ecuadorianer-lehnen-rueckkehr-von-us-stuetzpunkten-ab\/#respond\"]}]},{\"@type\":\"WebPage\",\"@id\":\"https:\/\/now-news.de\/de\/deutschland\/referendum-ecuadorianer-lehnen-rueckkehr-von-us-stuetzpunkten-ab\/\",\"url\":\"https:\/\/now-news.de\/de\/deutschland\/referendum-ecuadorianer-lehnen-rueckkehr-von-us-stuetzpunkten-ab\/\",\"name\":\"Referendum: Ecuadorianer lehnen R\u00fcckkehr von US-St\u00fctzpunkten ab - just-now.NEWS Deutschland\",\"isPartOf\":{\"@id\":\"https:\/\/now-news.de\/de\/#website\"},\"primaryImageOfPage\":{\"@id\":\"https:\/\/now-news.de\/de\/deutschland\/referendum-ecuadorianer-lehnen-rueckkehr-von-us-stuetzpunkten-ab\/#primaryimage\"},\"image\":{\"@id\":\"https:\/\/now-news.de\/de\/deutschland\/referendum-ecuadorianer-lehnen-rueckkehr-von-us-stuetzpunkten-ab\/#primaryimage\"},\"thumbnailUrl\":\"https:\/\/now-news.de\/de\/wp-content\/uploads\/sites\/3\/2025\/11\/Referendum-Ecuadorianer-lehnen-Rueckkehr-von-US-Stuetzpunkten-ab.jpg\",\"datePublished\":\"2025-11-17T11:04:53+00:00\",\"dateModified\":\"2025-11-17T11:04:53+00:00\",\"breadcrumb\":{\"@id\":\"https:\/\/now-news.de\/de\/deutschland\/referendum-ecuadorianer-lehnen-rueckkehr-von-us-stuetzpunkten-ab\/#breadcrumb\"},\"inLanguage\":\"de\",\"potentialAction\":[{\"@type\":\"ReadAction\",\"target\":[\"https:\/\/now-news.de\/de\/deutschland\/referendum-ecuadorianer-lehnen-rueckkehr-von-us-stuetzpunkten-ab\/\"]}]},{\"@type\":\"ImageObject\",\"inLanguage\":\"de\",\"@id\":\"https:\/\/now-news.de\/de\/deutschland\/referendum-ecuadorianer-lehnen-rueckkehr-von-us-stuetzpunkten-ab\/#primaryimage\",\"url\":\"https:\/\/now-news.de\/de\/wp-content\/uploads\/sites\/3\/2025\/11\/Referendum-Ecuadorianer-lehnen-Rueckkehr-von-US-Stuetzpunkten-ab.jpg\",\"contentUrl\":\"https:\/\/now-news.de\/de\/wp-content\/uploads\/sites\/3\/2025\/11\/Referendum-Ecuadorianer-lehnen-Rueckkehr-von-US-Stuetzpunkten-ab.jpg\",\"width\":460,\"height\":259,\"caption\":\"Referendum: Ecuadorianer lehnen R\u00fcckkehr von US-St\u00fctzpunkten ab\"},{\"@type\":\"BreadcrumbList\",\"@id\":\"https:\/\/now-news.de\/de\/deutschland\/referendum-ecuadorianer-lehnen-rueckkehr-von-us-stuetzpunkten-ab\/#breadcrumb\",\"itemListElement\":[{\"@type\":\"ListItem\",\"position\":1,\"name\":\"Home\",\"item\":\"https:\/\/now-news.de\/de\/\"},{\"@type\":\"ListItem\",\"position\":2,\"name\":\"Referendum: Ecuadorianer lehnen R\u00fcckkehr von US-St\u00fctzpunkten ab\"}]},{\"@type\":\"WebSite\",\"@id\":\"https:\/\/now-news.de\/de\/#website\",\"url\":\"https:\/\/now-news.de\/de\/\",\"name\":\"just-now.NEWS Deutschland\",\"description\":\"Das Portal f\u00fcr unzensierte Nachrichten aus der Welt\",\"publisher\":{\"@id\":\"https:\/\/now-news.de\/de\/#organization\"},\"potentialAction\":[{\"@type\":\"SearchAction\",\"target\":{\"@type\":\"EntryPoint\",\"urlTemplate\":\"https:\/\/now-news.de\/de\/?s={search_term_string}\"},\"query-input\":\"required name=search_term_string\"}],\"inLanguage\":\"de\"},{\"@type\":\"Organization\",\"@id\":\"https:\/\/now-news.de\/de\/#organization\",\"name\":\"Just Now News\",\"url\":\"https:\/\/now-news.de\/de\/\",\"logo\":{\"@type\":\"ImageObject\",\"inLanguage\":\"de\",\"@id\":\"https:\/\/now-news.de\/de\/#\/schema\/logo\/image\/\",\"url\":\"http:\/\/just-now.news\/de\/wp-content\/uploads\/sites\/3\/2022\/04\/logo500x500.jpg\",\"contentUrl\":\"http:\/\/just-now.news\/de\/wp-content\/uploads\/sites\/3\/2022\/04\/logo500x500.jpg\",\"width\":500,\"height\":500,\"caption\":\"Just Now News\"},\"image\":{\"@id\":\"https:\/\/now-news.de\/de\/#\/schema\/logo\/image\/\"},\"sameAs\":[\"https:\/\/www.facebook.com\/wirmachenauf\",\"https:\/\/x.com\/WirMachenAuf_de\"]},{\"@type\":\"Person\",\"@id\":\"https:\/\/now-news.de\/de\/#\/schema\/person\/fb534a4e865501d8b3285208df34a9b5\",\"name\":\"rtnews\",\"image\":{\"@type\":\"ImageObject\",\"inLanguage\":\"de\",\"@id\":\"https:\/\/now-news.de\/de\/#\/schema\/person\/image\/\",\"url\":\"https:\/\/secure.gravatar.com\/avatar\/82aafea7d8127119dd649515f56e2117?s=96&d=mm&r=g\",\"contentUrl\":\"https:\/\/secure.gravatar.com\/avatar\/82aafea7d8127119dd649515f56e2117?s=96&d=mm&r=g\",\"caption\":\"rtnews\"},\"url\":\"https:\/\/now-news.de\/de\/author\/rnews\/\"}]}<\/script>\n<!-- \/ Yoast SEO Premium plugin. -->","yoast_head_json":{"title":"Referendum: Ecuadorianer lehnen R\u00fcckkehr von US-St\u00fctzpunkten ab - just-now.NEWS Deutschland","robots":{"index":"index","follow":"follow","max-snippet":"max-snippet:-1","max-image-preview":"max-image-preview:large","max-video-preview":"max-video-preview:-1"},"canonical":"https:\/\/now-news.de\/de\/deutschland\/referendum-ecuadorianer-lehnen-rueckkehr-von-us-stuetzpunkten-ab\/","og_locale":"de_DE","og_type":"article","og_title":"Referendum: Ecuadorianer lehnen R\u00fcckkehr von US-St\u00fctzpunkten ab","og_description":"Inmitten der wachsenden Spannungen in der Karibik hat Ecuadors Pr\u00e4sident Daniel Noboa die Bev\u00f6lkerung in einem Referendum dar\u00fcber abstimmen lassen, ob sie eine R\u00fcckkehr von US-Milit\u00e4rst\u00fctzpunkten in das Land unterst\u00fctzt. Das Ergebnis fiel eindeutig aus. Die W\u00e4hler in Ecuador haben in einem nationalen Referendum am Sonntag einen Vorschlag abgelehnt, US-Milit\u00e4rst\u00fctzpunkte wieder ins Land zu holen. [&hellip;]","og_url":"https:\/\/now-news.de\/de\/deutschland\/referendum-ecuadorianer-lehnen-rueckkehr-von-us-stuetzpunkten-ab\/","og_site_name":"just-now.NEWS Deutschland","article_publisher":"https:\/\/www.facebook.com\/wirmachenauf","article_published_time":"2025-11-17T11:04:53+00:00","og_image":[{"url":"https:\/\/now-news.de\/de\/wp-content\/uploads\/sites\/3\/2025\/11\/691af6b948fbef5e5a2278bc.jpg"}],"author":"rtnews","twitter_card":"summary_large_image","twitter_creator":"@WirMachenAuf_de","twitter_site":"@WirMachenAuf_de","twitter_misc":{"Verfasst von":"rtnews","Gesch\u00e4tzte Lesezeit":"2\u00a0Minuten"},"schema":{"@context":"https:\/\/schema.org","@graph":[{"@type":"Article","@id":"https:\/\/now-news.de\/de\/deutschland\/referendum-ecuadorianer-lehnen-rueckkehr-von-us-stuetzpunkten-ab\/#article","isPartOf":{"@id":"https:\/\/now-news.de\/de\/deutschland\/referendum-ecuadorianer-lehnen-rueckkehr-von-us-stuetzpunkten-ab\/"},"author":{"name":"rtnews","@id":"https:\/\/now-news.de\/de\/#\/schema\/person\/fb534a4e865501d8b3285208df34a9b5"},"headline":"Referendum: Ecuadorianer lehnen R\u00fcckkehr von US-St\u00fctzpunkten ab","datePublished":"2025-11-17T11:04:53+00:00","dateModified":"2025-11-17T11:04:53+00:00","mainEntityOfPage":{"@id":"https:\/\/now-news.de\/de\/deutschland\/referendum-ecuadorianer-lehnen-rueckkehr-von-us-stuetzpunkten-ab\/"},"wordCount":352,"commentCount":0,"publisher":{"@id":"https:\/\/now-news.de\/de\/#organization"},"image":{"@id":"https:\/\/now-news.de\/de\/deutschland\/referendum-ecuadorianer-lehnen-rueckkehr-von-us-stuetzpunkten-ab\/#primaryimage"},"thumbnailUrl":"https:\/\/now-news.de\/de\/wp-content\/uploads\/sites\/3\/2025\/11\/Referendum-Ecuadorianer-lehnen-Rueckkehr-von-US-Stuetzpunkten-ab.jpg","keywords":["Ecuadorianer","lehnen","Referendum","R\u00fcckkehr","USSt\u00fctzpunkten","von"],"articleSection":["Deutschland","Russland"],"inLanguage":"de","potentialAction":[{"@type":"CommentAction","name":"Comment","target":["https:\/\/now-news.de\/de\/deutschland\/referendum-ecuadorianer-lehnen-rueckkehr-von-us-stuetzpunkten-ab\/#respond"]}]},{"@type":"WebPage","@id":"https:\/\/now-news.de\/de\/deutschland\/referendum-ecuadorianer-lehnen-rueckkehr-von-us-stuetzpunkten-ab\/","url":"https:\/\/now-news.de\/de\/deutschland\/referendum-ecuadorianer-lehnen-rueckkehr-von-us-stuetzpunkten-ab\/","name":"Referendum: Ecuadorianer lehnen R\u00fcckkehr von US-St\u00fctzpunkten ab - just-now.NEWS Deutschland","isPartOf":{"@id":"https:\/\/now-news.de\/de\/#website"},"primaryImageOfPage":{"@id":"https:\/\/now-news.de\/de\/deutschland\/referendum-ecuadorianer-lehnen-rueckkehr-von-us-stuetzpunkten-ab\/#primaryimage"},"image":{"@id":"https:\/\/now-news.de\/de\/deutschland\/referendum-ecuadorianer-lehnen-rueckkehr-von-us-stuetzpunkten-ab\/#primaryimage"},"thumbnailUrl":"https:\/\/now-news.de\/de\/wp-content\/uploads\/sites\/3\/2025\/11\/Referendum-Ecuadorianer-lehnen-Rueckkehr-von-US-Stuetzpunkten-ab.jpg","datePublished":"2025-11-17T11:04:53+00:00","dateModified":"2025-11-17T11:04:53+00:00","breadcrumb":{"@id":"https:\/\/now-news.de\/de\/deutschland\/referendum-ecuadorianer-lehnen-rueckkehr-von-us-stuetzpunkten-ab\/#breadcrumb"},"inLanguage":"de","potentialAction":[{"@type":"ReadAction","target":["https:\/\/now-news.de\/de\/deutschland\/referendum-ecuadorianer-lehnen-rueckkehr-von-us-stuetzpunkten-ab\/"]}]},{"@type":"ImageObject","inLanguage":"de","@id":"https:\/\/now-news.de\/de\/deutschland\/referendum-ecuadorianer-lehnen-rueckkehr-von-us-stuetzpunkten-ab\/#primaryimage","url":"https:\/\/now-news.de\/de\/wp-content\/uploads\/sites\/3\/2025\/11\/Referendum-Ecuadorianer-lehnen-Rueckkehr-von-US-Stuetzpunkten-ab.jpg","contentUrl":"https:\/\/now-news.de\/de\/wp-content\/uploads\/sites\/3\/2025\/11\/Referendum-Ecuadorianer-lehnen-Rueckkehr-von-US-Stuetzpunkten-ab.jpg","width":460,"height":259,"caption":"Referendum: Ecuadorianer lehnen R\u00fcckkehr von US-St\u00fctzpunkten ab"},{"@type":"BreadcrumbList","@id":"https:\/\/now-news.de\/de\/deutschland\/referendum-ecuadorianer-lehnen-rueckkehr-von-us-stuetzpunkten-ab\/#breadcrumb","itemListElement":[{"@type":"ListItem","position":1,"name":"Home","item":"https:\/\/now-news.de\/de\/"},{"@type":"ListItem","position":2,"name":"Referendum: Ecuadorianer lehnen R\u00fcckkehr von US-St\u00fctzpunkten ab"}]},{"@type":"WebSite","@id":"https:\/\/now-news.de\/de\/#website","url":"https:\/\/now-news.de\/de\/","name":"just-now.NEWS Deutschland","description":"Das Portal f\u00fcr unzensierte Nachrichten aus der Welt","publisher":{"@id":"https:\/\/now-news.de\/de\/#organization"},"potentialAction":[{"@type":"SearchAction","target":{"@type":"EntryPoint","urlTemplate":"https:\/\/now-news.de\/de\/?s={search_term_string}"},"query-input":"required name=search_term_string"}],"inLanguage":"de"},{"@type":"Organization","@id":"https:\/\/now-news.de\/de\/#organization","name":"Just Now News","url":"https:\/\/now-news.de\/de\/","logo":{"@type":"ImageObject","inLanguage":"de","@id":"https:\/\/now-news.de\/de\/#\/schema\/logo\/image\/","url":"http:\/\/just-now.news\/de\/wp-content\/uploads\/sites\/3\/2022\/04\/logo500x500.jpg","contentUrl":"http:\/\/just-now.news\/de\/wp-content\/uploads\/sites\/3\/2022\/04\/logo500x500.jpg","width":500,"height":500,"caption":"Just Now News"},"image":{"@id":"https:\/\/now-news.de\/de\/#\/schema\/logo\/image\/"},"sameAs":["https:\/\/www.facebook.com\/wirmachenauf","https:\/\/x.com\/WirMachenAuf_de"]},{"@type":"Person","@id":"https:\/\/now-news.de\/de\/#\/schema\/person\/fb534a4e865501d8b3285208df34a9b5","name":"rtnews","image":{"@type":"ImageObject","inLanguage":"de","@id":"https:\/\/now-news.de\/de\/#\/schema\/person\/image\/","url":"https:\/\/secure.gravatar.com\/avatar\/82aafea7d8127119dd649515f56e2117?s=96&d=mm&r=g","contentUrl":"https:\/\/secure.gravatar.com\/avatar\/82aafea7d8127119dd649515f56e2117?s=96&d=mm&r=g","caption":"rtnews"},"url":"https:\/\/now-news.de\/de\/author\/rnews\/"}]}},"_links":{"self":[{"href":"https:\/\/now-news.de\/de\/wp-json\/wp\/v2\/posts\/94106"}],"collection":[{"href":"https:\/\/now-news.de\/de\/wp-json\/wp\/v2\/posts"}],"about":[{"href":"https:\/\/now-news.de\/de\/wp-json\/wp\/v2\/types\/post"}],"author":[{"embeddable":true,"href":"https:\/\/now-news.de\/de\/wp-json\/wp\/v2\/users\/3"}],"replies":[{"embeddable":true,"href":"https:\/\/now-news.de\/de\/wp-json\/wp\/v2\/comments?post=94106"}],"version-history":[{"count":0,"href":"https:\/\/now-news.de\/de\/wp-json\/wp\/v2\/posts\/94106\/revisions"}],"wp:featuredmedia":[{"embeddable":true,"href":"https:\/\/now-news.de\/de\/wp-json\/wp\/v2\/media\/94107"}],"wp:attachment":[{"href":"https:\/\/now-news.de\/de\/wp-json\/wp\/v2\/media?parent=94106"}],"wp:term":[{"taxonomy":"category","embeddable":true,"href":"https:\/\/now-news.de\/de\/wp-json\/wp\/v2\/categories?post=94106"},{"taxonomy":"post_tag","embeddable":true,"href":"https:\/\/now-news.de\/de\/wp-json\/wp\/v2\/tags?post=94106"}],"curies":[{"name":"wp","href":"https:\/\/api.w.org\/{rel}","templated":true}]}}