{"id":93972,"date":"2025-11-15T08:30:00","date_gmt":"2025-11-15T06:30:00","guid":{"rendered":"https:\/\/now-news.de\/de\/deutschland\/die-evangelische-kirche-wird-kriegstuechtig\/"},"modified":"2025-11-15T08:30:00","modified_gmt":"2025-11-15T06:30:00","slug":"die-evangelische-kirche-wird-kriegstuechtig","status":"publish","type":"post","link":"https:\/\/now-news.de\/de\/deutschland\/die-evangelische-kirche-wird-kriegstuechtig\/","title":{"rendered":"Die Evangelische Kirche wird kriegst\u00fcchtig"},"content":{"rendered":"<p><img decoding=\"async\" src=\"https:\/\/now-news.de\/de\/wp-content\/uploads\/sites\/3\/2025\/11\/6913781348fbef4b68509b95.jpg\" \/><\/p>\n<div class=\"Text-root Text-type_1 \">\n                Das hat etwas von NATO-Sonntagspostille, was die Evangelische Kirche Deutschlands da als &#8220;Denkschrift&#8221; auf den Tisch gelegt hat. So nah ist das dem, was sonst als Propaganda zu h\u00f6ren ist, ganz ohne Z\u00f6gern, ohne Zweifel, ohne Einwand.\n            <\/div>\n<p><\/p>\n<div class=\"Text-root Text-type_5 ArticleView-text ViewText-root \">\n<p><em>Von Dagmar Henn<\/em><\/p>\n<p>Diese <a rel=\"nofollow noopener\" target=\"_blank\" href=\"https:\/\/www.ekd.de\/friedensdenkschrift-2025-91393.htm\">Denkschrift<\/a> der Evangelischen Kirche Deutschlands ist schwer zu lesen. Weil sie so schmerzhaft fremd ist.<\/p>\n<p>Zu Beginn sollte ich vielleicht sagen, dass ich schon lange kein Mitglied dieses Vereins mehr bin; mit 15 bin ich ausgetreten. Daran wird sich auch nichts mehr \u00e4ndern; auch wenn das religi\u00f6se Vertrauen, das etwa meinen Vater pr\u00e4gte, bei mir manchmal einen gewissen Neid ausl\u00f6st, fehlt mir der Zugang dazu. Tagungen im evangelischen Umfeld waren aber etwas, mit dem ich aufgewachsen bin, von etwas experimentelleren Gottesdiensten bis zu Debatten \u00fcber den Krefelder Appell; stark gepr\u00e4gt von der bekennenden Kirche, nicht vom staatstreuen Protestantismus der deutschen Christen.<\/p>\n<p>Das mag durchaus ein Weg gewesen sein, gewissen Auseinandersetzungen aus dem Weg zu gehen, aber die Generation meiner Eltern war zu jung, um pers\u00f6nlich Schuld auf sich geladen zu haben. Mein Vater w\u00fcnschte sich f\u00fcr seine Beerdigung Bonhoeffers &#8220;Von guten M\u00e4chten wunderbar geborgen&#8221;, und dieses <a rel=\"nofollow noopener\" target=\"_blank\" href=\"https:\/\/www.youtube.com\/watch?v=3C8v9icR6yA&amp;list=RD3C8v9icR6yA&amp;start_radio=1\">Lied<\/a> scheint mir eine passende Zusammenfassung dessen, was ich als seinen Glauben wahrgenommen habe.<\/p>\n<p>Diese Umgebung, auch die Friedenssehnsucht, die es gab, die Bem\u00fchungen, politische Fragen aufzuwerfen, wie um Eurozentrismus und neokoloniale Abh\u00e4ngigkeiten, die Vorstellung einer Notwendigkeit von Vers\u00f6hnung, die vorherrschte, als es um die Stationierung der amerikanischen Pershing-Raketen ging, das war zwar nicht meine Heimat, aber so etwas wie ein Haus, in dem man oft zu Besuch ist, in dem Menschen und M\u00f6belst\u00fccke vertraut sind, ein Ort, an dem man dennoch nicht fremd ist.<\/p>\n<p>Dieses Haus steht nicht mehr, und das Geb\u00e4ude, das nun diese Stelle einnimmt, ist so fremd wie seine Bewohner. Das, was die heutige EKD unter dem Titel &#8220;Welt in Unordnung &#8211; Gerechter Friede im Blick&#8221; ver\u00f6ffentlicht hat, klingt an vielen Stellen so, als stamme die Vorlage direkt aus dem NATO-Hauptquartier. Da ist nichts mehr von Dialog oder Verst\u00e4ndigung, bestenfalls noch eingesprenkelt als Lippendienst, aber eine entsetzlich eingeengte Sicht, in der genau all die Dinge klar zu sein scheinen, die damals anzuzweifeln als n\u00f6tig erachtet wurde.<\/p>\n<p>Ja, zwischen dieser Erinnerung und dieser Kirche von heute ist einiges geschehen. Unter anderem ist da diese ganze &#8220;oppositionelle&#8221; DDR-Kirche, aus der eine Reihe blindw\u00fctiger Antikommunisten und Kriegsfreunde stammen, wie eine Kathrin G\u00f6ring-Eckart. Oder die andere Gestalt, die f\u00fcr mich irgendwie f\u00fcr dieses Gebilde steht, bei dem ich mich heute frage, ob es nicht mehr Agentenzentrale als Kirche war, Angela Merkel. Die Bundeskanzlerin, die die Minsker Abkommen vorangetrieben hat, um, nach eigener Aussage, Zeit f\u00fcr die Aufr\u00fcstung der Ukraine zu gewinnen.<\/p>\n<p>Eine Handlung, mit der sie den Frieden verraten hat. Wie h\u00e4tte diese damalige Umgebung darauf reagiert? Wenn man die Minsker Abkommen liest, passen sie zu all dem, was damals, vor mehr als vierzig Jahren, viele Mitglieder einer EKD erwartet h\u00e4tten; sie boten n\u00e4mlich eine Perspektive auf genau das, was angeblich nach diesem neuen Papier so wichtig ist, einen gerechten Frieden. Und genau das war nur T\u00e4uschung und Verrat. Ich habe genug Sonntage meiner Kindheit in Predigten abgesessen, dass ich ohne Z\u00f6gern behaupten kann, das m\u00fcsse als schwere S\u00fcnde gesehen werden.<\/p>\n<p>Aber das taucht nicht auf; nein, schon in der Einleitung wird klargestellt, dass die herrschende Macht auf allen Ebenen, von der Bundesregierung \u00fcber die EU bis zur NATO, nicht in Frage gestellt, sondern fast bedingungslos gest\u00fctzt wird.<\/p>\n<p>&#8220;Die Welt ist in Unordnung: Der v\u00f6lkerrechtswidrige russische Angriffskrieg gegen die Ukraine geht ins vierte Jahr. Seit dem Terrorakt der Hamas auf Israel am 7. Oktober 2023 versch\u00e4rft sich die Situation im Nahen Osten immer weiter \u2013 mit grausamen humanit\u00e4ren Folgen.&#8221;<\/p>\n<p>Das gruselt beim Lesen, auch wenn die Verlogenheit bezogen auf den Nahen Osten sich in den Vordergrund dr\u00e4ngt. Denn die &#8220;grausamen humanit\u00e4ren Folgen&#8221; sind keine unabwendbare Konsequenz des Handelns der Hamas am 7. Oktober, das, auch wenn das bei der EKD nicht mehr bekannt scheint, v\u00f6lkerrechtlich legitim war, sondern ein von der israelischen Regierung durchgef\u00fchrter Genozid. Weiter hinten ist dann die Rede davon, der &#8220;brutale Terrorakt und die Geiselnahme israelischer Zivilisten&#8221; habe &#8220;wegen der besonderen Verantwortung Deutschlands gegen\u00fcber Israel die Pr\u00e4senz des Krieges noch mehr in die Mitte der Gesellschaft ger\u00fcckt&#8221;. Ja, da fehlt jedes Feingef\u00fchl, jedes Z\u00f6gern. An anderer Stelle wird aus dem alten Testament zitiert, als h\u00e4tte nicht die Berufung der israelischen Regierung auf Vernichtungsfantasien daraus (&#8220;Amalek&#8221;) wieder in Erinnerung geworfen, dass der Vers\u00f6hnungsanspruch des Neuen Testaments sich doch etwas davon unterscheidet.<\/p>\n<p>Was Russland und die Ukraine betrifft, ist nichts mehr \u00fcbrig von dem Bestreben, sich auch mit der Sowjetunion auszus\u00f6hnen, das es Anfang der 1980er gab. Zugegeben, diese Osterweiterung hat nicht nur Menschen mit einer Ideologie hereingesp\u00fclt, die aus der Adenauerzeit zu stammen schienen; sie hat auch das Gewicht zwischen Lutheranern und Calvinisten ver\u00e4ndert; letztere haben seitdem eine deutliche \u00dcbermacht. Und Calvinismus ist genau jene eigenartige Form von Religion, in der der Reiche immer der Gute ist; rundum kompatibel mit Neoliberalismus.<\/p>\n<p>Auf jeden Fall findet sich heute ein Bekenntnis zum System, etwas, das damals so nicht zu finden war: es k\u00f6nnten &#8220;die F\u00f6rderung von Freiheit und der friedensf\u00f6rdernde Umgang mit Pluralit\u00e4t wohl nur in Staaten mit einer liberalen, rechtsstaatlichen, auf Grund- und Menschenrechten aufbauenden Ordnung verwirklicht werden.&#8221; Ja, sogar vor der \u00dcbernahme von Floskeln wie der &#8220;internationalen regelbasierten Ordnung&#8221;, die &#8220;unter Druck&#8221; stehe, wird nicht zur\u00fcckgeschreckt.<\/p>\n<p>Wie Findlinge stehen ab und zu ein paar Zeilen \u00fcber den globalen S\u00fcden dazwischen, weit entfernt von solidem Grund, weil man ja, wollte man ernsthaft einen gerechteren Umgang mit eben diesem, f\u00fcr die BRICS sein m\u00fcsste und nicht f\u00fcr die NATO, deren Hauptfunktion die Aufrechterhaltung einer globalen Ordnung ist, in der der S\u00fcden unten bleibt. Nicht nur auf der Karte, sondern auch wirtschaftlich und politisch. Aber man kann schon ahnen &#8211; auch das wird sich \u00e4ndern. Sp\u00e4testens dann, wenn bei der EKD ankommt, dass eben dieser globale S\u00fcden nicht auf Seiten der NATO und der &#8220;regelbasierten Ordnung&#8221; steht.<\/p>\n<p>Der Dreh- und Angelpunkt der ganzen Denkschrift ist aber die Sicht auf Russland. Der Grund daf\u00fcr, die alten Positionen endg\u00fcltig zu tilgen. &#8220;So ringen z. B. auch die Kirchen in Schweden und Finnland, den j\u00fcngsten NATO-Mitgliedsstaaten, vor dem Hintergrund einer als akut wahrgenommenen konkreten Bedrohungslage durch die geografische N\u00e4he zu Russland aktuell innerkirchlich um eine theologisch-ethisch verantwortbare Haltung zum Thema Frieden.&#8221;<\/p>\n<p>Und man muss sich fragen, auf welche Informationsquellen man sich bei der Erarbeitung dieses Papiers bezogen hat. Nur auf die deutschen Leitmedien? &#8220;Eine besondere Z\u00e4sur bildete die Besatzung der Krim durch russische Soldaten ohne Hoheitsabzeichen 2014 mit dem sich anschlie\u00dfenden Scheinreferendum. Externe Angreifer arbeiteten mit internen Kr\u00e4ften zusammen, wodurch die Grenze zwischen Angreifer und Angegriffenen verschwamm.&#8221;<\/p>\n<p>Es gibt deutsche lutheranische Gemeinden auf der Krim, die h\u00e4tte die EKD mal fragen k\u00f6nnen, wie sie die damaligen Ereignisse sehen. Die h\u00e4tten vermutlich von dem \u00dcberfall bei Korsun erz\u00e4hlt, eine Woche vor dem Maidan-Putsch, als Anti-Maidan-Demonstranten, die auf dem R\u00fcckweg auf die Krim waren, angehalten, aus den Bussen gezogen und dann durch die Nacht gejagt wurden. Zuvor durften sie auf Glasscherben kniend die ukrainische Hymne singen. Das gibt es auf Video, ebenso wie das Abfackeln der Busse. Es gab mehrere Tote und Schwerverletzte. Die T\u00e4ter kamen aus den Reihen des Rechten Sektors und von Klitschkos Udar-Partei. Oder sie h\u00e4tten daran erinnert, dass der Chef des Rechten Sektors am Tag nach dem Putsch einen Sturm auf die Krim ank\u00fcndigte. Aber alles an diesem Text zeigt, dass die EKD davon gar nichts wissen will.<\/p>\n<p>So, wie schlie\u00dflich auch das zutiefst unmoralische Verhalten der mecklenburger Pfarrerstochter kein Thema ist. Oder die NATO, die nur als Kraft des Guten auftaucht. Das l\u00f6st dieses eigenartige Zeitgef\u00fchl aus, dass dieser Ort Anfang der 1980er zwar technisch in der Vergangenheit liegt, das, was man hier zu lesen bekommt, aber noch einige Jahrzehnte fr\u00fcher verortet ist; die Frage ist nur, ob bei Adenauer oder noch fr\u00fcher.<\/p>\n<p>&#8220;Aufgezwungene Verhandlungen sind kein Weg zum Gerechten Frieden. Verhandlungen, die lediglich dazu dienen, die Ergebnisse milit\u00e4rischer Kriegsf\u00fchrung abzusichern, sind abzulehnen.&#8221;<\/p>\n<p>Ein interessanter Satz aus einer Gruppe von Deutschen. Klingt das nur irgendwie so wie ein Wunsch, die Ergebnisse des zweiten Weltkriegs zur\u00fcckzudrehen, oder ist das auch so gemeint? Die gesamte deutsche Nachkriegsordnung, in beiden deutschen Staaten, war das &#8220;Ergebnis milit\u00e4rischer Kriegsf\u00fchrung&#8221;. Soll damit ernsthaft gesagt werden, man h\u00e4tte doch bitte die Hitlerei weitermachen lassen sollen?<\/p>\n<p>Tatsache ist, gro\u00dfe Teile der evangelischen Kirche &#8211; und weitaus st\u00e4rker die evangelische als die katholische &#8211; waren der Naziherrschaft gegen\u00fcber sehr aufgeschlossen. Und es blieb nicht dabei, es gab auch aktive Mitwirkung, selbst an den gr\u00f6\u00dften Verbrechen &#8211; die Mehrzahl der protestantischen Bist\u00fcmer \u00fcbergab die Daten j\u00fcdischer Konvertiten 1938 an die Staatsmacht, nachdem sie auf eigene Kosten aus den Kirchenb\u00fcchern herausgesucht worden waren. Bei den Katholiken lag die Zahl der Verweigerer h\u00f6her. Diejenigen, deren Vorfahren das das Leben rettete, wissen oft bis heute nichts von ihrem Gl\u00fcck.<\/p>\n<p>Zur Bekennenden Kirche geh\u00f6rte nur ein kleiner Teil. Daneben gab es noch einzelne widerst\u00e4ndige Gestalten, wie die Geschwister Scholl, aber die dominanten &#8220;deutschen Christen&#8221; machten alles mit. So begr\u00fc\u00dfte die damalige Leitung der EKD den \u00dcberfall auf die Sowjetunion:<\/p>\n<p>&#8220;Der Geistliche Vertrauensrat der Deutschen Evangelischen Kirche versichert Ihnen, mein F\u00fchrer, in diesen hinrei\u00dfend bewegten Stunden aufs Neue die unwandelbare Treue und Einsatzbereitschaft der gesamten evangelischen Christenheit des Reiches. Sie haben, mein F\u00fchrer, die bolschewistische Gefahr im eigenen Land gebannt und rufen nun unser Volk und die V\u00f6lker Europas zum entscheidenden Waffengange gegen den Todfeind aller Ordnung und aller abendl\u00e4ndisch-christlichen Kultur auf.&#8221;<\/p>\n<p>Bei den Protestanten, unter denen ich aufgewachsen bin, war die Scham \u00fcber diese Haltung und ihre Folgen noch pr\u00e4sent. Das sollte nie wieder geschehen. Kein Ruf zum Krieg, und gro\u00dfe Vorsicht gegen\u00fcber allem Milit\u00e4rischen. Vorbei. Vielleicht der gr\u00f6\u00dfte Umschwung in dem Papier ist dieser (und damals war Kriegsdienstverweigerung in der BRD bei den Jungen in diesem Umfeld die Norm):<\/p>\n<p>&#8220;Vor diesem Hintergrund eines an Recht und Ethik gebundenen Dienstes in den Streitkr\u00e4ften ist der Einsch\u00e4tzung zu widersprechen, dass der Dienst ohne Waffe das deutlichere Zeichen des Christseins darstelle. Diese in der Situation einer Armee als Instrument einer Diktatur getroffene und darum sehr verst\u00e4ndliche Feststellung, die in der Handreichung &#8220;Zum Friedensdienst der Kirche&#8221; 1965 formuliert wurde, ist unter den Bedingungen des liberalen Rechtsstaats der Bundesrepublik und den Herausforderungen der Gegenwart nicht mehr aufrechtzuerhalten.&#8221;<\/p>\n<p>Ja. &#8220;Evangelische Friedensethik verkn\u00fcpft den Vorrang der Friedenst\u00fcchtigkeit mit der Notwendigkeit der Verteidigungsf\u00e4higkeit&#8221;, hei\u00dft es heute, und weil die USA sich nicht mehr so engagieren, m\u00fcsse &#8220;Deutschland in enger Abstimmung mit den Staaten der Europ\u00e4ischen Union und der NATO in die sicherheitspolitische, aber auch in die wirtschaftliche Widerstandsf\u00e4higkeit investieren.&#8221;. Klar hie\u00dfe das, an anderer Stelle einsparen zu m\u00fcssen, aber das m\u00fcsse nun einmal sein.<\/p>\n<p>Das Lied \u00fcber die hybride Kriegsf\u00fchrung wird selbstverst\u00e4ndlich auch gesungen, weshalb es gelte &#8220;die friedensgef\u00e4hrdende Nutzung des digitalen Raums einzuhegen&#8221;, durch den schlie\u00dflich Desinformation und Spaltung betrieben w\u00fcrden. Immerhin f\u00fcrchte man selbst, &#8220;vermehrt zum Ziel hybrider Kriegsf\u00fchrung&#8221; zu werden. Wegen der &#8220;Wahrheitssuche&#8221; und der &#8220;moralischen Autorit\u00e4t&#8221;.<\/p>\n<p>So im Gleichtakt mit der herrschenden Politik war diese Kirche schon lange nicht mehr. Auf den insgesamt 146 Seiten findet sich nicht einmal eine Forderung nach Verhandlungen, oder auch nur ein Wunsch nach einer vers\u00f6hnlichen Haltung. Wo sind all die Tr\u00e4ger der lila Halst\u00fccher auf dem Kirchentag 1981 hin? Zur Kriegst\u00fcchtigkeit konvertiert?<\/p>\n<p>Es ist nicht anders als sonst in der Politik. Die Konsequenzen aus dem Nazikrieg sind sch\u00f6n in ein K\u00e4stchen gepackt und werden abgehakt und abgelegt, unter dem Stichpunkt &#8220;Verantwortung gegen\u00fcber Israel&#8221;, und damit ist dann auch gut. Die Pal\u00e4stinenser haben nun mal Pech gehabt, so ins Mahlwerk der deutschen &#8220;Verantwortung&#8221; zu geraten. Aber irgendwo muss sie ja hin, denn Richtung Osten geht das nicht, da steht ja der b\u00f6se Russe&#8230;<\/p>\n<p>Wie auch immer, in diesem Haus jedenfalls will ich nicht einmal mehr zu Gast sein.<\/p>\n<p><strong>Mehr zum Thema<\/strong> &#8211;\u00a0<a rel=\"nofollow noopener\" target=\"_blank\" href=\"https:\/\/freedert.online\/inland\/261295-afd-keine-unterstuetzung-gewaehren-ekd\/\">&#8220;AfD keine Unterst\u00fctzung gew\u00e4hren&#8221; \u2013 EKD-Ratsvorsitzende sympathisiert mit Parteiverbot<\/a><\/p>\n<\/div>\n<p><br \/>\n<br \/><a href=\"https:\/\/de.rt.com\/meinung\/261474-die-evangelische-kirche-wird-kriegstuechtig\/\">Source link <\/a><\/p>\n","protected":false},"excerpt":{"rendered":"<p>Das hat etwas von NATO-Sonntagspostille, was die Evangelische Kirche Deutschlands da als &#8220;Denkschrift&#8221; auf den Tisch gelegt hat. So nah ist das dem, was sonst als Propaganda zu h\u00f6ren ist, ganz ohne Z\u00f6gern, ohne Zweifel, ohne Einwand. Von Dagmar Henn Diese Denkschrift der Evangelischen Kirche Deutschlands ist schwer zu lesen. Weil sie so schmerzhaft fremd [&hellip;]<\/p>\n","protected":false},"author":3,"featured_media":93973,"comment_status":"open","ping_status":"open","sticky":false,"template":"","format":"standard","meta":{"_yoast_indexnow_last_ping":["1763188968"],"wp_automatic_camp":["217"],"1af6b44ccf9b2d5d9f4e4dd24409343f":["Die Evangelische Kirche wird kriegst\u00fcchtig"],"original_link":["https:\/\/de.rt.com\/meinung\/261474-die-evangelische-kirche-wird-kriegstuechtig\/"],"_thumbnail_id":["93973"],"jnews_social_counter_last_update":["1777128399"],"_wptgpro_p2tg_sent2tg":["a:1:{i:23737;s:19:\"2025-11-15 08:43:50\";}"]},"categories":[19,23],"tags":[45,60401,910,50229,374],"yoast_head":"<!-- This site is optimized with the Yoast SEO Premium plugin v22.7 (Yoast SEO v22.7) - https:\/\/yoast.com\/wordpress\/plugins\/seo\/ -->\n<title>Die Evangelische Kirche wird kriegst\u00fcchtig - just-now.NEWS Deutschland<\/title>\n<meta name=\"robots\" content=\"index, follow, max-snippet:-1, max-image-preview:large, max-video-preview:-1\" \/>\n<link rel=\"canonical\" href=\"https:\/\/now-news.de\/de\/deutschland\/die-evangelische-kirche-wird-kriegstuechtig\/\" \/>\n<meta property=\"og:locale\" content=\"de_DE\" \/>\n<meta property=\"og:type\" content=\"article\" \/>\n<meta property=\"og:title\" content=\"Die Evangelische Kirche wird kriegst\u00fcchtig\" \/>\n<meta property=\"og:description\" content=\"Das hat etwas von NATO-Sonntagspostille, was die Evangelische Kirche Deutschlands da als &#8220;Denkschrift&#8221; auf den Tisch gelegt hat. So nah ist das dem, was sonst als Propaganda zu h\u00f6ren ist, ganz ohne Z\u00f6gern, ohne Zweifel, ohne Einwand. Von Dagmar Henn Diese Denkschrift der Evangelischen Kirche Deutschlands ist schwer zu lesen. Weil sie so schmerzhaft fremd [&hellip;]\" \/>\n<meta property=\"og:url\" content=\"https:\/\/now-news.de\/de\/deutschland\/die-evangelische-kirche-wird-kriegstuechtig\/\" \/>\n<meta property=\"og:site_name\" content=\"just-now.NEWS Deutschland\" \/>\n<meta property=\"article:publisher\" content=\"https:\/\/www.facebook.com\/wirmachenauf\" \/>\n<meta property=\"article:published_time\" content=\"2025-11-15T06:30:00+00:00\" \/>\n<meta property=\"og:image\" content=\"https:\/\/now-news.de\/de\/wp-content\/uploads\/sites\/3\/2025\/11\/6913781348fbef4b68509b95.jpg\" \/>\n<meta name=\"author\" content=\"rtnews\" \/>\n<meta name=\"twitter:card\" content=\"summary_large_image\" \/>\n<meta name=\"twitter:creator\" content=\"@WirMachenAuf_de\" \/>\n<meta name=\"twitter:site\" content=\"@WirMachenAuf_de\" \/>\n<meta name=\"twitter:label1\" content=\"Verfasst von\" \/>\n\t<meta name=\"twitter:data1\" content=\"rtnews\" \/>\n\t<meta name=\"twitter:label2\" content=\"Gesch\u00e4tzte Lesezeit\" \/>\n\t<meta name=\"twitter:data2\" content=\"10\u00a0Minuten\" \/>\n<script type=\"application\/ld+json\" class=\"yoast-schema-graph\">{\"@context\":\"https:\/\/schema.org\",\"@graph\":[{\"@type\":\"Article\",\"@id\":\"https:\/\/now-news.de\/de\/deutschland\/die-evangelische-kirche-wird-kriegstuechtig\/#article\",\"isPartOf\":{\"@id\":\"https:\/\/now-news.de\/de\/deutschland\/die-evangelische-kirche-wird-kriegstuechtig\/\"},\"author\":{\"name\":\"rtnews\",\"@id\":\"https:\/\/now-news.de\/de\/#\/schema\/person\/fb534a4e865501d8b3285208df34a9b5\"},\"headline\":\"Die Evangelische Kirche wird kriegst\u00fcchtig\",\"datePublished\":\"2025-11-15T06:30:00+00:00\",\"dateModified\":\"2025-11-15T06:30:00+00:00\",\"mainEntityOfPage\":{\"@id\":\"https:\/\/now-news.de\/de\/deutschland\/die-evangelische-kirche-wird-kriegstuechtig\/\"},\"wordCount\":2095,\"commentCount\":0,\"publisher\":{\"@id\":\"https:\/\/now-news.de\/de\/#organization\"},\"image\":{\"@id\":\"https:\/\/now-news.de\/de\/deutschland\/die-evangelische-kirche-wird-kriegstuechtig\/#primaryimage\"},\"thumbnailUrl\":\"https:\/\/now-news.de\/de\/wp-content\/uploads\/sites\/3\/2025\/11\/Die-Evangelische-Kirche-wird-kriegstuechtig.jpg\",\"keywords\":[\"die\",\"Evangelische\",\"Kirche\",\"kriegst\u00fcchtig\",\"wird\"],\"articleSection\":[\"Deutschland\",\"Russland\"],\"inLanguage\":\"de\",\"potentialAction\":[{\"@type\":\"CommentAction\",\"name\":\"Comment\",\"target\":[\"https:\/\/now-news.de\/de\/deutschland\/die-evangelische-kirche-wird-kriegstuechtig\/#respond\"]}]},{\"@type\":\"WebPage\",\"@id\":\"https:\/\/now-news.de\/de\/deutschland\/die-evangelische-kirche-wird-kriegstuechtig\/\",\"url\":\"https:\/\/now-news.de\/de\/deutschland\/die-evangelische-kirche-wird-kriegstuechtig\/\",\"name\":\"Die Evangelische Kirche wird kriegst\u00fcchtig - just-now.NEWS Deutschland\",\"isPartOf\":{\"@id\":\"https:\/\/now-news.de\/de\/#website\"},\"primaryImageOfPage\":{\"@id\":\"https:\/\/now-news.de\/de\/deutschland\/die-evangelische-kirche-wird-kriegstuechtig\/#primaryimage\"},\"image\":{\"@id\":\"https:\/\/now-news.de\/de\/deutschland\/die-evangelische-kirche-wird-kriegstuechtig\/#primaryimage\"},\"thumbnailUrl\":\"https:\/\/now-news.de\/de\/wp-content\/uploads\/sites\/3\/2025\/11\/Die-Evangelische-Kirche-wird-kriegstuechtig.jpg\",\"datePublished\":\"2025-11-15T06:30:00+00:00\",\"dateModified\":\"2025-11-15T06:30:00+00:00\",\"breadcrumb\":{\"@id\":\"https:\/\/now-news.de\/de\/deutschland\/die-evangelische-kirche-wird-kriegstuechtig\/#breadcrumb\"},\"inLanguage\":\"de\",\"potentialAction\":[{\"@type\":\"ReadAction\",\"target\":[\"https:\/\/now-news.de\/de\/deutschland\/die-evangelische-kirche-wird-kriegstuechtig\/\"]}]},{\"@type\":\"ImageObject\",\"inLanguage\":\"de\",\"@id\":\"https:\/\/now-news.de\/de\/deutschland\/die-evangelische-kirche-wird-kriegstuechtig\/#primaryimage\",\"url\":\"https:\/\/now-news.de\/de\/wp-content\/uploads\/sites\/3\/2025\/11\/Die-Evangelische-Kirche-wird-kriegstuechtig.jpg\",\"contentUrl\":\"https:\/\/now-news.de\/de\/wp-content\/uploads\/sites\/3\/2025\/11\/Die-Evangelische-Kirche-wird-kriegstuechtig.jpg\",\"width\":460,\"height\":259,\"caption\":\"Die Evangelische Kirche wird kriegst\u00fcchtig\"},{\"@type\":\"BreadcrumbList\",\"@id\":\"https:\/\/now-news.de\/de\/deutschland\/die-evangelische-kirche-wird-kriegstuechtig\/#breadcrumb\",\"itemListElement\":[{\"@type\":\"ListItem\",\"position\":1,\"name\":\"Home\",\"item\":\"https:\/\/now-news.de\/de\/\"},{\"@type\":\"ListItem\",\"position\":2,\"name\":\"Die Evangelische Kirche wird kriegst\u00fcchtig\"}]},{\"@type\":\"WebSite\",\"@id\":\"https:\/\/now-news.de\/de\/#website\",\"url\":\"https:\/\/now-news.de\/de\/\",\"name\":\"just-now.NEWS Deutschland\",\"description\":\"Das Portal f\u00fcr unzensierte Nachrichten aus der Welt\",\"publisher\":{\"@id\":\"https:\/\/now-news.de\/de\/#organization\"},\"potentialAction\":[{\"@type\":\"SearchAction\",\"target\":{\"@type\":\"EntryPoint\",\"urlTemplate\":\"https:\/\/now-news.de\/de\/?s={search_term_string}\"},\"query-input\":\"required name=search_term_string\"}],\"inLanguage\":\"de\"},{\"@type\":\"Organization\",\"@id\":\"https:\/\/now-news.de\/de\/#organization\",\"name\":\"Just Now News\",\"url\":\"https:\/\/now-news.de\/de\/\",\"logo\":{\"@type\":\"ImageObject\",\"inLanguage\":\"de\",\"@id\":\"https:\/\/now-news.de\/de\/#\/schema\/logo\/image\/\",\"url\":\"http:\/\/just-now.news\/de\/wp-content\/uploads\/sites\/3\/2022\/04\/logo500x500.jpg\",\"contentUrl\":\"http:\/\/just-now.news\/de\/wp-content\/uploads\/sites\/3\/2022\/04\/logo500x500.jpg\",\"width\":500,\"height\":500,\"caption\":\"Just Now News\"},\"image\":{\"@id\":\"https:\/\/now-news.de\/de\/#\/schema\/logo\/image\/\"},\"sameAs\":[\"https:\/\/www.facebook.com\/wirmachenauf\",\"https:\/\/x.com\/WirMachenAuf_de\"]},{\"@type\":\"Person\",\"@id\":\"https:\/\/now-news.de\/de\/#\/schema\/person\/fb534a4e865501d8b3285208df34a9b5\",\"name\":\"rtnews\",\"image\":{\"@type\":\"ImageObject\",\"inLanguage\":\"de\",\"@id\":\"https:\/\/now-news.de\/de\/#\/schema\/person\/image\/\",\"url\":\"https:\/\/secure.gravatar.com\/avatar\/82aafea7d8127119dd649515f56e2117?s=96&d=mm&r=g\",\"contentUrl\":\"https:\/\/secure.gravatar.com\/avatar\/82aafea7d8127119dd649515f56e2117?s=96&d=mm&r=g\",\"caption\":\"rtnews\"},\"url\":\"https:\/\/now-news.de\/de\/author\/rnews\/\"}]}<\/script>\n<!-- \/ Yoast SEO Premium plugin. -->","yoast_head_json":{"title":"Die Evangelische Kirche wird kriegst\u00fcchtig - just-now.NEWS Deutschland","robots":{"index":"index","follow":"follow","max-snippet":"max-snippet:-1","max-image-preview":"max-image-preview:large","max-video-preview":"max-video-preview:-1"},"canonical":"https:\/\/now-news.de\/de\/deutschland\/die-evangelische-kirche-wird-kriegstuechtig\/","og_locale":"de_DE","og_type":"article","og_title":"Die Evangelische Kirche wird kriegst\u00fcchtig","og_description":"Das hat etwas von NATO-Sonntagspostille, was die Evangelische Kirche Deutschlands da als &#8220;Denkschrift&#8221; auf den Tisch gelegt hat. So nah ist das dem, was sonst als Propaganda zu h\u00f6ren ist, ganz ohne Z\u00f6gern, ohne Zweifel, ohne Einwand. Von Dagmar Henn Diese Denkschrift der Evangelischen Kirche Deutschlands ist schwer zu lesen. Weil sie so schmerzhaft fremd [&hellip;]","og_url":"https:\/\/now-news.de\/de\/deutschland\/die-evangelische-kirche-wird-kriegstuechtig\/","og_site_name":"just-now.NEWS Deutschland","article_publisher":"https:\/\/www.facebook.com\/wirmachenauf","article_published_time":"2025-11-15T06:30:00+00:00","og_image":[{"url":"https:\/\/now-news.de\/de\/wp-content\/uploads\/sites\/3\/2025\/11\/6913781348fbef4b68509b95.jpg"}],"author":"rtnews","twitter_card":"summary_large_image","twitter_creator":"@WirMachenAuf_de","twitter_site":"@WirMachenAuf_de","twitter_misc":{"Verfasst von":"rtnews","Gesch\u00e4tzte Lesezeit":"10\u00a0Minuten"},"schema":{"@context":"https:\/\/schema.org","@graph":[{"@type":"Article","@id":"https:\/\/now-news.de\/de\/deutschland\/die-evangelische-kirche-wird-kriegstuechtig\/#article","isPartOf":{"@id":"https:\/\/now-news.de\/de\/deutschland\/die-evangelische-kirche-wird-kriegstuechtig\/"},"author":{"name":"rtnews","@id":"https:\/\/now-news.de\/de\/#\/schema\/person\/fb534a4e865501d8b3285208df34a9b5"},"headline":"Die Evangelische Kirche wird kriegst\u00fcchtig","datePublished":"2025-11-15T06:30:00+00:00","dateModified":"2025-11-15T06:30:00+00:00","mainEntityOfPage":{"@id":"https:\/\/now-news.de\/de\/deutschland\/die-evangelische-kirche-wird-kriegstuechtig\/"},"wordCount":2095,"commentCount":0,"publisher":{"@id":"https:\/\/now-news.de\/de\/#organization"},"image":{"@id":"https:\/\/now-news.de\/de\/deutschland\/die-evangelische-kirche-wird-kriegstuechtig\/#primaryimage"},"thumbnailUrl":"https:\/\/now-news.de\/de\/wp-content\/uploads\/sites\/3\/2025\/11\/Die-Evangelische-Kirche-wird-kriegstuechtig.jpg","keywords":["die","Evangelische","Kirche","kriegst\u00fcchtig","wird"],"articleSection":["Deutschland","Russland"],"inLanguage":"de","potentialAction":[{"@type":"CommentAction","name":"Comment","target":["https:\/\/now-news.de\/de\/deutschland\/die-evangelische-kirche-wird-kriegstuechtig\/#respond"]}]},{"@type":"WebPage","@id":"https:\/\/now-news.de\/de\/deutschland\/die-evangelische-kirche-wird-kriegstuechtig\/","url":"https:\/\/now-news.de\/de\/deutschland\/die-evangelische-kirche-wird-kriegstuechtig\/","name":"Die Evangelische Kirche wird kriegst\u00fcchtig - just-now.NEWS Deutschland","isPartOf":{"@id":"https:\/\/now-news.de\/de\/#website"},"primaryImageOfPage":{"@id":"https:\/\/now-news.de\/de\/deutschland\/die-evangelische-kirche-wird-kriegstuechtig\/#primaryimage"},"image":{"@id":"https:\/\/now-news.de\/de\/deutschland\/die-evangelische-kirche-wird-kriegstuechtig\/#primaryimage"},"thumbnailUrl":"https:\/\/now-news.de\/de\/wp-content\/uploads\/sites\/3\/2025\/11\/Die-Evangelische-Kirche-wird-kriegstuechtig.jpg","datePublished":"2025-11-15T06:30:00+00:00","dateModified":"2025-11-15T06:30:00+00:00","breadcrumb":{"@id":"https:\/\/now-news.de\/de\/deutschland\/die-evangelische-kirche-wird-kriegstuechtig\/#breadcrumb"},"inLanguage":"de","potentialAction":[{"@type":"ReadAction","target":["https:\/\/now-news.de\/de\/deutschland\/die-evangelische-kirche-wird-kriegstuechtig\/"]}]},{"@type":"ImageObject","inLanguage":"de","@id":"https:\/\/now-news.de\/de\/deutschland\/die-evangelische-kirche-wird-kriegstuechtig\/#primaryimage","url":"https:\/\/now-news.de\/de\/wp-content\/uploads\/sites\/3\/2025\/11\/Die-Evangelische-Kirche-wird-kriegstuechtig.jpg","contentUrl":"https:\/\/now-news.de\/de\/wp-content\/uploads\/sites\/3\/2025\/11\/Die-Evangelische-Kirche-wird-kriegstuechtig.jpg","width":460,"height":259,"caption":"Die Evangelische Kirche wird kriegst\u00fcchtig"},{"@type":"BreadcrumbList","@id":"https:\/\/now-news.de\/de\/deutschland\/die-evangelische-kirche-wird-kriegstuechtig\/#breadcrumb","itemListElement":[{"@type":"ListItem","position":1,"name":"Home","item":"https:\/\/now-news.de\/de\/"},{"@type":"ListItem","position":2,"name":"Die Evangelische Kirche wird kriegst\u00fcchtig"}]},{"@type":"WebSite","@id":"https:\/\/now-news.de\/de\/#website","url":"https:\/\/now-news.de\/de\/","name":"just-now.NEWS Deutschland","description":"Das Portal f\u00fcr unzensierte Nachrichten aus der Welt","publisher":{"@id":"https:\/\/now-news.de\/de\/#organization"},"potentialAction":[{"@type":"SearchAction","target":{"@type":"EntryPoint","urlTemplate":"https:\/\/now-news.de\/de\/?s={search_term_string}"},"query-input":"required name=search_term_string"}],"inLanguage":"de"},{"@type":"Organization","@id":"https:\/\/now-news.de\/de\/#organization","name":"Just Now News","url":"https:\/\/now-news.de\/de\/","logo":{"@type":"ImageObject","inLanguage":"de","@id":"https:\/\/now-news.de\/de\/#\/schema\/logo\/image\/","url":"http:\/\/just-now.news\/de\/wp-content\/uploads\/sites\/3\/2022\/04\/logo500x500.jpg","contentUrl":"http:\/\/just-now.news\/de\/wp-content\/uploads\/sites\/3\/2022\/04\/logo500x500.jpg","width":500,"height":500,"caption":"Just Now News"},"image":{"@id":"https:\/\/now-news.de\/de\/#\/schema\/logo\/image\/"},"sameAs":["https:\/\/www.facebook.com\/wirmachenauf","https:\/\/x.com\/WirMachenAuf_de"]},{"@type":"Person","@id":"https:\/\/now-news.de\/de\/#\/schema\/person\/fb534a4e865501d8b3285208df34a9b5","name":"rtnews","image":{"@type":"ImageObject","inLanguage":"de","@id":"https:\/\/now-news.de\/de\/#\/schema\/person\/image\/","url":"https:\/\/secure.gravatar.com\/avatar\/82aafea7d8127119dd649515f56e2117?s=96&d=mm&r=g","contentUrl":"https:\/\/secure.gravatar.com\/avatar\/82aafea7d8127119dd649515f56e2117?s=96&d=mm&r=g","caption":"rtnews"},"url":"https:\/\/now-news.de\/de\/author\/rnews\/"}]}},"_links":{"self":[{"href":"https:\/\/now-news.de\/de\/wp-json\/wp\/v2\/posts\/93972"}],"collection":[{"href":"https:\/\/now-news.de\/de\/wp-json\/wp\/v2\/posts"}],"about":[{"href":"https:\/\/now-news.de\/de\/wp-json\/wp\/v2\/types\/post"}],"author":[{"embeddable":true,"href":"https:\/\/now-news.de\/de\/wp-json\/wp\/v2\/users\/3"}],"replies":[{"embeddable":true,"href":"https:\/\/now-news.de\/de\/wp-json\/wp\/v2\/comments?post=93972"}],"version-history":[{"count":0,"href":"https:\/\/now-news.de\/de\/wp-json\/wp\/v2\/posts\/93972\/revisions"}],"wp:featuredmedia":[{"embeddable":true,"href":"https:\/\/now-news.de\/de\/wp-json\/wp\/v2\/media\/93973"}],"wp:attachment":[{"href":"https:\/\/now-news.de\/de\/wp-json\/wp\/v2\/media?parent=93972"}],"wp:term":[{"taxonomy":"category","embeddable":true,"href":"https:\/\/now-news.de\/de\/wp-json\/wp\/v2\/categories?post=93972"},{"taxonomy":"post_tag","embeddable":true,"href":"https:\/\/now-news.de\/de\/wp-json\/wp\/v2\/tags?post=93972"}],"curies":[{"name":"wp","href":"https:\/\/api.w.org\/{rel}","templated":true}]}}