{"id":93940,"date":"2025-11-14T15:34:34","date_gmt":"2025-11-14T13:34:34","guid":{"rendered":"https:\/\/now-news.de\/de\/deutschland\/cdu-abgeordnete-praesentieren-im-bundestag-verstaendnis-fuer-afd-kontokuendigungen\/"},"modified":"2025-11-14T15:34:34","modified_gmt":"2025-11-14T13:34:34","slug":"cdu-abgeordnete-praesentieren-im-bundestag-verstaendnis-fuer-afd-kontokuendigungen","status":"publish","type":"post","link":"https:\/\/now-news.de\/de\/deutschland\/cdu-abgeordnete-praesentieren-im-bundestag-verstaendnis-fuer-afd-kontokuendigungen\/","title":{"rendered":"CDU-Abgeordnete pr\u00e4sentieren im Bundestag &quot;Verst\u00e4ndnis f\u00fcr AfD-Kontok\u00fcndigungen&quot;"},"content":{"rendered":"<p><img decoding=\"async\" src=\"https:\/\/now-news.de\/de\/wp-content\/uploads\/sites\/3\/2025\/11\/69170cb9b480cc2c7e77e288.JPG\" \/><\/p>\n<div class=\"Text-root Text-type_1 \">\n                Die AfD-Bundestagsfraktion beantragte eine Debatte zum Thema des Ph\u00e4nomens politisch motiviertem &#8220;De-Bankings&#8221;, der K\u00fcndigung von Bankkonten ohne offizielle Angabe von Gr\u00fcnden. Ein Abgeordneter der CDU erkl\u00e4rte nachdr\u00fccklich, unter Applaus der Fraktionskollegen, dass &#8220;wir absolut Verst\u00e4ndnis daf\u00fcr haben&#8221;.\n            <\/div>\n<p><\/p>\n<div class=\"Text-root Text-type_5 ArticleView-text ViewText-root \">\n<p>Bundestagsabgeordnete der Partei Alternative f\u00fcr Deutschland (AfD) beantragten f\u00fcr den gestrigen Sitzungstag die gesonderte Debatte zum Thema &#8220;De-Banking&#8221;. So lautete der Antrag: &#8220;Politisch motivierte\u00a0Kontenk\u00fcndigung\u00a0durch Banken verbieten&#8221;. Ausschlaggebend daf\u00fcr waren j\u00fcngste Ereignisse in Nordrhein-Westfalen, wo gleich drei AfD-Kreisverb\u00e4nden parallel langj\u00e4hrige Kontovertr\u00e4ge gek\u00fcndigt wurden. In der am sp\u00e4ten Abend erfolgten Debatte gab es dabei keinerlei Solidarit\u00e4t seitens der politischen Konkurrenz. Explizit die CDU konnte in den offensichtlichen St\u00f6raktionen f\u00fcr die t\u00e4gliche Parteiarbeit keinerlei Negatives erkennen, da &#8220;die Fraktion verstehe, wenn man nicht eine Partei unterst\u00fctzen wolle, die vom Bev\u00f6lkerungsaustausch schwadroniere&#8221;.<\/p>\n<p>Die aktuell bei Umfragen seit Monaten f\u00fchrende und demnach beliebteste Oppositionspartei wird nicht nur von der politischen Konkurrenz hart attackiert, man denke an das drohende Parteiverbotsverfahren, sondern auch im Alltagsgesch\u00e4ft wie hier von ihren eigenen kontof\u00fchrenden Banken. So best\u00e4tigte nach Medienanfrage die Verbundvolksbank OWL, dass &#8220;vor Kurzem die Gesch\u00e4ftsbeziehungen mit den AfD-Kreisverb\u00e4nden in Minden-L\u00fcbbecke, Bielefeld und Paderborn beendet&#8221; wurden.\u00a0<\/p>\n<p>Die AfD-Bundestagsfraktion erkl\u00e4rt dazu in ihrem vierseitigen Antrag<em>\u00a0<\/em>(<a rel=\"nofollow noopener\" target=\"_blank\" href=\"https:\/\/dserver.bundestag.de\/btd\/21\/027\/2102712.pdf\">Drucksache 21\/2712<\/a>), gezeichnet von den beiden Parteivorsitzenden Alice Weidel und Tino Chrupalla:<\/p>\n<p><em>&#8220;In Deutschland, der EU und den USA sind Regierungskritiker, alternative Medien und Oppositionsparteien und -politiker von sachlich unbegr\u00fcndeten, aber politisch motivierten Kontok\u00fcndigungen oder Ablehnungen von Kontoer\u00f6ffnungen betroffen.&#8221;<\/em><\/p>\n<p>Bezogen auf die Situation in Deutschland lautet unter anderem eine AfD-Forderung:<\/p>\n<p><em>&#8220;[&#8230;] in Abstimmung mit den Landesregierungen f\u00fcr Sparkassen als Anstalten des \u00f6ffentlichen Rechts verbindliche Rechtsnormen zu schaffen, die den gesetzlichen Versorgungsauftrag der Sparkassen pr\u00e4zisieren und die Gew\u00e4hrleistung des Zugangs zu grundlegenden Bankdienstleistungen verbindlich regeln und das Neutralit\u00e4tsgebot gegen\u00fcber politischen Parteien klar definieren und daran binden [&#8230;]&#8221;<\/em><\/p>\n<p>Eine weitere Initiative \u2013 &#8220;konkrete legislative Vorschl\u00e4ge&#8221; \u2013 soll &#8220;den berechtigten Zugang zu grundlegenden Bank- und Zahlungsdienstleistungen nach dem Zahlungskontengesetz (ZKG)&#8221; sicherstellen.<\/p>\n<p>Die nun diesbez\u00fcgliche gestrige rund 25-min\u00fctige Debatte begann laut vorgegebener Sitzungsplanung um 20.00 Uhr abends. Die Bundestagswebseite <a rel=\"nofollow noopener\" target=\"_blank\" href=\"https:\/\/www.bundestag.de\/dokumente\/textarchiv\/2025\/kw46-de-kontenkuendigung-1123174\">informiert<\/a> zu dem Tagesordnungspunkt:<\/p>\n<p><em>&#8220;Die Fraktion begr\u00fcndet ihren Antrag damit, dass in zahlreichen F\u00e4lle Konten von Oppositionspolitikern, regierungskritischen Medien oder Vereinen ohne sachliche Grundlage gek\u00fcndigt oder gar nicht erst er\u00f6ffnet worden seien. Die Regierung wird aufgefordert, etwas gegen dieses &#8216;Debanking&#8217; zu unternehmen, um B\u00fcrgern, legalen Unternehmen und Parteien einen &#8216;diskriminierungsfreien Zugang zu Bankdienstleistungen zu gew\u00e4hrleisten&#8217;.&#8221;\u00a0\u00a0<\/em><\/p>\n<p>Der AfD-Abgeordnete\u00a0Kay Gottschalk erkl\u00e4rte als erster Redner:<\/p>\n<p><em>&#8220;Ich h\u00e4tte mir vor 20 Jahren jedenfalls nicht vorstellen k\u00f6nnen, meine Damen und Herren, was an opportunistischem Verhalten in unserem Lande mittlerweile bis in die h\u00f6chsten Bankabteilungen anzutreffen ist. Aber das muss wohl in den Genen unserer Nation oder zumindest bei der sogenannten demokratischen Mitte liegen. Insofern ist dieses dauernde Postulieren von &#8216;Nie wieder!&#8217; f\u00fcr mich zwiesp\u00e4ltig und, wenn ich Sie so betrachte, l\u00e4cherlich. Die Nazis h\u00e4tten es nicht besser gemacht [&#8230;]&#8221;<\/em><\/p>\n<p>Bundestagsvizepr\u00e4sidentin Andrea Lindholz monierte laut <a rel=\"nofollow noopener\" target=\"_blank\" href=\"https:\/\/dserver.bundestag.de\/btp\/21\/21040.pdf\">Plenarprotokoll<\/a>\u00a0&#8220;gr\u00f6lende Zwischenrufe, wie ich sie gerade von der rechten Seite vernommen habe&#8221;. Der Zwischenruf des Gr\u00fcnen-Abgeordneten\u00a0Tarek Al-Wazir konnte demnach nicht protokolliert werden. Weiter hei\u00dft es w\u00f6rtlich:<\/p>\n<p><em>&#8220;Herr Kollege Gottschalk, ich erteile Ihnen jetzt einen Ordnungsruf f\u00fcr die Verwendung des Wortes &#8216;pfui&#8217;.\u00a0Denn das ist unparlamentarisches Verhalten. Und ich erteile Ihnen einen zweiten Ordnungsruf daf\u00fcr, dass Sie vorhin eine Gleichsetzung mit dem Nationalsozialismus vorgenommen haben.&#8221;<\/em><\/p>\n<p>F\u00fcr die CDU-Fraktion sprach dann der Abgeordnete <a rel=\"nofollow noopener\" target=\"_blank\" href=\"https:\/\/www.carsten-brodesser.de\/\">Carsten Brodesser<\/a>. Er erkl\u00e4rte, dass f\u00fcr ihn &#8220;aus juristischer Sicht der Antrag der AfD verst\u00e4ndlich&#8221; sei. Es &#8220;dr\u00e4nge&#8221; sich ihm jedoch neben\u00a0der juristischen Behandlung eine &#8220;viel wichtigere Betrachtung auf, n\u00e4mlich eine moralische&#8221;. Weiter hei\u00dft es im Protokoll, hier gelistet in w\u00f6rtlichen Zitatabs\u00e4tzen:<\/p>\n<ul>\n<li><em>Liebe Vertreter der AfD, die Vorbehalte von verantwortlichen Mitarbeitern [von Bankunternehmen] gegen\u00fcber der AfD sind moralisch mehr als verst\u00e4ndlich. Ich und meine Fraktion k\u00f6nnen gut nachvollziehen, dass man sich nicht zum Erf\u00fcllungsgehilfen einer gesichert rechtsextremen Partei machen m\u00f6chte.<\/em><\/li>\n<li><em>Wir haben absolut Verst\u00e4ndnis daf\u00fcr, dass man einer Partei ein Konto verweigert, deren Ehrenvorsitzender die Zeit der NS-Diktatur als &#8216;Vogelschiss der Geschichte&#8217; bezeichnet.<\/em><\/li>\n<li><em>Und wir wundern uns nicht, wenn Banken Ihnen eine Gesch\u00e4ftsverbindung verweigern, wenn Sie die Menschen in unserem Land in B\u00fcrger erster und in B\u00fcrger minderer Klasse einordnen und \u00fcber Remigration sprechen.<\/em><\/li>\n<li><em>Und wir haben gr\u00f6\u00dftes Verst\u00e4ndnis daf\u00fcr, dass man Ihnen die Konten k\u00fcndigt, weil Vertreter Ihrer Partei das Andenken an die ermordeten Juden in Europa mit F\u00fc\u00dfen treten, wenn sie das Denkmal in Berlin als &#8216;<a rel=\"nofollow noopener\" target=\"_blank\" href=\"https:\/\/www.zentralratderjuden.de\/presseerklaerungen\/das-andenken-an-die-ermordeten-wird-mit-fuessen-getreten\/\">Denkmal der Schande<\/a>&#8216; bezeichnen.<\/em><\/li>\n<\/ul>\n<div class=\"EmbedBlock-root EmbedBlock-twitter\">\n<div class=\"TwitterEmbed\">\n<blockquote class=\"twitter-tweet lazyload\" data-twitter=\"twitter-tweet\" data-media-max-width=\"560\">\n<p lang=\"de\" dir=\"ltr\">Unfassbar &gt;&gt;&gt;So reagiert die CDU auf den AfD-Antrag \u201ePolitisch motivierte Kontenk\u00fcndigung durch Banken verbieten\u201c: <a rel=\"nofollow noopener\" target=\"_blank\" href=\"https:\/\/t.co\/txzvS56PgH\">pic.twitter.com\/txzvS56PgH<\/a><\/p>\n<p>\u2014 _horizont_ (@hori_____zont) <a rel=\"nofollow noopener\" target=\"_blank\" href=\"https:\/\/twitter.com\/hori_____zont\/status\/1989072043284091215?ref_src=twsrc%5Etfw\">November 13, 2025<\/a><\/p><\/blockquote>\n<\/div>\n<\/div>\n<p>Laut Sitzungsprotokoll erfolgte Beifall aus den Reihen der CDU, der Gr\u00fcnen\u00a0sowie bei Abgeordneten der Linken. Die AfD-Fraktion\u00a0sollte daher &#8220;ihr Verhalten in der Rolle des Opfers \u00fcberdenken&#8221;.\u00a0<\/p>\n<p>Der Antrag wurde final als &#8220;Vorschlag interfraktionell an die in der Tagesordnung aufgef\u00fchrten Aussch\u00fcsse&#8221; \u00fcbertragen.<\/p>\n<p><strong>Mehr zum Thema \u2013<\/strong>\u00a0<a rel=\"nofollow noopener\" target=\"_blank\" href=\"https:\/\/freedert.online\/inland\/261652-causa-de-banking-afd-kreisverband\/\">&#8220;AfD keine Unterst\u00fctzung gew\u00e4hren&#8221; \u2013 EKD-Ratsvorsitzende sympathisiert mit Parteiverbot<\/a><\/p>\n<\/p>\n<div class=\"EmbedBlock-root EmbedBlock-externalVideo EmbedBlock-rumble\">\n<div class=\"VkEmbed\"><iframe class=\"lazyload\" data-src=\"https:\/\/rumble.com\/embed\/v6zf67g\" frameborder=\"0\" width=\"853\" height=\"480\" allowfullscreen><\/iframe><\/div>\n<\/div>\n<\/div>\n<p><script async src=\"https:\/\/platform.twitter.com\/widgets.js\" charset=\"utf-8\"><\/script><br \/>\n<br \/><br \/>\n<br \/><a href=\"https:\/\/de.rt.com\/inland\/261757-cdu-abgeordnete-praesentieren-im-bundestag\/\">Source link <\/a><\/p>\n","protected":false},"excerpt":{"rendered":"<p>Die AfD-Bundestagsfraktion beantragte eine Debatte zum Thema des Ph\u00e4nomens politisch motiviertem &#8220;De-Bankings&#8221;, der K\u00fcndigung von Bankkonten ohne offizielle Angabe von Gr\u00fcnden. Ein Abgeordneter der CDU erkl\u00e4rte nachdr\u00fccklich, unter Applaus der Fraktionskollegen, dass &#8220;wir absolut Verst\u00e4ndnis daf\u00fcr haben&#8221;. Bundestagsabgeordnete der Partei Alternative f\u00fcr Deutschland (AfD) beantragten f\u00fcr den gestrigen Sitzungstag die gesonderte Debatte zum Thema &#8220;De-Banking&#8221;. [&hellip;]<\/p>\n","protected":false},"author":3,"featured_media":93941,"comment_status":"open","ping_status":"open","sticky":false,"template":"","format":"standard","meta":{"_yoast_indexnow_last_ping":["1763127291"],"wp_automatic_camp":["217"],"b4ade7401644ae004a1100766a47f6e5":["CDU-Abgeordnete pr\u00e4sentieren im Bundestag &quot;Verst\u00e4ndnis f\u00fcr AfD-Kontok\u00fcndigungen&quot;"],"original_link":["https:\/\/de.rt.com\/inland\/261757-cdu-abgeordnete-praesentieren-im-bundestag\/"],"_thumbnail_id":["93941"],"jnews_social_counter_last_update":["1777181512"],"_wptgpro_p2tg_sent2tg":["a:1:{i:23737;s:19:\"2025-11-14 15:35:58\";}"]},"categories":[19,23],"tags":[69178,2105,56938,221,49288,69177],"yoast_head":"<!-- This site is optimized with the Yoast SEO Premium plugin v22.7 (Yoast SEO v22.7) - https:\/\/yoast.com\/wordpress\/plugins\/seo\/ -->\n<title>CDU-Abgeordnete pr\u00e4sentieren im Bundestag &quot;Verst\u00e4ndnis f\u00fcr AfD-Kontok\u00fcndigungen&quot; - just-now.NEWS Deutschland<\/title>\n<meta name=\"robots\" content=\"index, follow, max-snippet:-1, max-image-preview:large, max-video-preview:-1\" \/>\n<link rel=\"canonical\" href=\"https:\/\/now-news.de\/de\/deutschland\/cdu-abgeordnete-praesentieren-im-bundestag-verstaendnis-fuer-afd-kontokuendigungen\/\" \/>\n<meta property=\"og:locale\" content=\"de_DE\" \/>\n<meta property=\"og:type\" content=\"article\" \/>\n<meta property=\"og:title\" content=\"CDU-Abgeordnete pr\u00e4sentieren im Bundestag &quot;Verst\u00e4ndnis f\u00fcr AfD-Kontok\u00fcndigungen&quot;\" \/>\n<meta property=\"og:description\" content=\"Die AfD-Bundestagsfraktion beantragte eine Debatte zum Thema des Ph\u00e4nomens politisch motiviertem &#8220;De-Bankings&#8221;, der K\u00fcndigung von Bankkonten ohne offizielle Angabe von Gr\u00fcnden. Ein Abgeordneter der CDU erkl\u00e4rte nachdr\u00fccklich, unter Applaus der Fraktionskollegen, dass &#8220;wir absolut Verst\u00e4ndnis daf\u00fcr haben&#8221;. Bundestagsabgeordnete der Partei Alternative f\u00fcr Deutschland (AfD) beantragten f\u00fcr den gestrigen Sitzungstag die gesonderte Debatte zum Thema &#8220;De-Banking&#8221;. [&hellip;]\" \/>\n<meta property=\"og:url\" content=\"https:\/\/now-news.de\/de\/deutschland\/cdu-abgeordnete-praesentieren-im-bundestag-verstaendnis-fuer-afd-kontokuendigungen\/\" \/>\n<meta property=\"og:site_name\" content=\"just-now.NEWS Deutschland\" \/>\n<meta property=\"article:publisher\" content=\"https:\/\/www.facebook.com\/wirmachenauf\" \/>\n<meta property=\"article:published_time\" content=\"2025-11-14T13:34:34+00:00\" \/>\n<meta property=\"og:image\" content=\"https:\/\/now-news.de\/de\/wp-content\/uploads\/sites\/3\/2025\/11\/69170cb9b480cc2c7e77e288.JPG\" \/>\n<meta name=\"author\" content=\"rtnews\" \/>\n<meta name=\"twitter:card\" content=\"summary_large_image\" \/>\n<meta name=\"twitter:creator\" content=\"@WirMachenAuf_de\" \/>\n<meta name=\"twitter:site\" content=\"@WirMachenAuf_de\" \/>\n<meta name=\"twitter:label1\" content=\"Verfasst von\" \/>\n\t<meta name=\"twitter:data1\" content=\"rtnews\" \/>\n\t<meta name=\"twitter:label2\" content=\"Gesch\u00e4tzte Lesezeit\" \/>\n\t<meta name=\"twitter:data2\" content=\"4\u00a0Minuten\" \/>\n<script type=\"application\/ld+json\" class=\"yoast-schema-graph\">{\"@context\":\"https:\/\/schema.org\",\"@graph\":[{\"@type\":\"Article\",\"@id\":\"https:\/\/now-news.de\/de\/deutschland\/cdu-abgeordnete-praesentieren-im-bundestag-verstaendnis-fuer-afd-kontokuendigungen\/#article\",\"isPartOf\":{\"@id\":\"https:\/\/now-news.de\/de\/deutschland\/cdu-abgeordnete-praesentieren-im-bundestag-verstaendnis-fuer-afd-kontokuendigungen\/\"},\"author\":{\"name\":\"rtnews\",\"@id\":\"https:\/\/now-news.de\/de\/#\/schema\/person\/fb534a4e865501d8b3285208df34a9b5\"},\"headline\":\"CDU-Abgeordnete pr\u00e4sentieren im Bundestag &quot;Verst\u00e4ndnis f\u00fcr AfD-Kontok\u00fcndigungen&quot;\",\"datePublished\":\"2025-11-14T13:34:34+00:00\",\"dateModified\":\"2025-11-14T13:34:34+00:00\",\"mainEntityOfPage\":{\"@id\":\"https:\/\/now-news.de\/de\/deutschland\/cdu-abgeordnete-praesentieren-im-bundestag-verstaendnis-fuer-afd-kontokuendigungen\/\"},\"wordCount\":896,\"commentCount\":0,\"publisher\":{\"@id\":\"https:\/\/now-news.de\/de\/#organization\"},\"image\":{\"@id\":\"https:\/\/now-news.de\/de\/deutschland\/cdu-abgeordnete-praesentieren-im-bundestag-verstaendnis-fuer-afd-kontokuendigungen\/#primaryimage\"},\"thumbnailUrl\":\"https:\/\/now-news.de\/de\/wp-content\/uploads\/sites\/3\/2025\/11\/CDU-Abgeordnete-praesentieren-im-Bundestag-quotVerstaendnis-fuer-AfD-Kontokuendigungenquot.JPG\",\"keywords\":[\"AfDKontok\u00fcndigungenquot\",\"Bundestag\",\"CDUAbgeordnete\",\"f\u00fcr\",\"pr\u00e4sentieren\",\"quotVerst\u00e4ndnis\"],\"articleSection\":[\"Deutschland\",\"Russland\"],\"inLanguage\":\"de\",\"potentialAction\":[{\"@type\":\"CommentAction\",\"name\":\"Comment\",\"target\":[\"https:\/\/now-news.de\/de\/deutschland\/cdu-abgeordnete-praesentieren-im-bundestag-verstaendnis-fuer-afd-kontokuendigungen\/#respond\"]}]},{\"@type\":\"WebPage\",\"@id\":\"https:\/\/now-news.de\/de\/deutschland\/cdu-abgeordnete-praesentieren-im-bundestag-verstaendnis-fuer-afd-kontokuendigungen\/\",\"url\":\"https:\/\/now-news.de\/de\/deutschland\/cdu-abgeordnete-praesentieren-im-bundestag-verstaendnis-fuer-afd-kontokuendigungen\/\",\"name\":\"CDU-Abgeordnete pr\u00e4sentieren im Bundestag &quot;Verst\u00e4ndnis f\u00fcr AfD-Kontok\u00fcndigungen&quot; - just-now.NEWS Deutschland\",\"isPartOf\":{\"@id\":\"https:\/\/now-news.de\/de\/#website\"},\"primaryImageOfPage\":{\"@id\":\"https:\/\/now-news.de\/de\/deutschland\/cdu-abgeordnete-praesentieren-im-bundestag-verstaendnis-fuer-afd-kontokuendigungen\/#primaryimage\"},\"image\":{\"@id\":\"https:\/\/now-news.de\/de\/deutschland\/cdu-abgeordnete-praesentieren-im-bundestag-verstaendnis-fuer-afd-kontokuendigungen\/#primaryimage\"},\"thumbnailUrl\":\"https:\/\/now-news.de\/de\/wp-content\/uploads\/sites\/3\/2025\/11\/CDU-Abgeordnete-praesentieren-im-Bundestag-quotVerstaendnis-fuer-AfD-Kontokuendigungenquot.JPG\",\"datePublished\":\"2025-11-14T13:34:34+00:00\",\"dateModified\":\"2025-11-14T13:34:34+00:00\",\"breadcrumb\":{\"@id\":\"https:\/\/now-news.de\/de\/deutschland\/cdu-abgeordnete-praesentieren-im-bundestag-verstaendnis-fuer-afd-kontokuendigungen\/#breadcrumb\"},\"inLanguage\":\"de\",\"potentialAction\":[{\"@type\":\"ReadAction\",\"target\":[\"https:\/\/now-news.de\/de\/deutschland\/cdu-abgeordnete-praesentieren-im-bundestag-verstaendnis-fuer-afd-kontokuendigungen\/\"]}]},{\"@type\":\"ImageObject\",\"inLanguage\":\"de\",\"@id\":\"https:\/\/now-news.de\/de\/deutschland\/cdu-abgeordnete-praesentieren-im-bundestag-verstaendnis-fuer-afd-kontokuendigungen\/#primaryimage\",\"url\":\"https:\/\/now-news.de\/de\/wp-content\/uploads\/sites\/3\/2025\/11\/CDU-Abgeordnete-praesentieren-im-Bundestag-quotVerstaendnis-fuer-AfD-Kontokuendigungenquot.JPG\",\"contentUrl\":\"https:\/\/now-news.de\/de\/wp-content\/uploads\/sites\/3\/2025\/11\/CDU-Abgeordnete-praesentieren-im-Bundestag-quotVerstaendnis-fuer-AfD-Kontokuendigungenquot.JPG\",\"width\":460,\"height\":259,\"caption\":\"CDU-Abgeordnete pr\u00e4sentieren im Bundestag &quot;Verst\u00e4ndnis f\u00fcr AfD-Kontok\u00fcndigungen&quot;\"},{\"@type\":\"BreadcrumbList\",\"@id\":\"https:\/\/now-news.de\/de\/deutschland\/cdu-abgeordnete-praesentieren-im-bundestag-verstaendnis-fuer-afd-kontokuendigungen\/#breadcrumb\",\"itemListElement\":[{\"@type\":\"ListItem\",\"position\":1,\"name\":\"Home\",\"item\":\"https:\/\/now-news.de\/de\/\"},{\"@type\":\"ListItem\",\"position\":2,\"name\":\"CDU-Abgeordnete pr\u00e4sentieren im Bundestag &quot;Verst\u00e4ndnis f\u00fcr AfD-Kontok\u00fcndigungen&quot;\"}]},{\"@type\":\"WebSite\",\"@id\":\"https:\/\/now-news.de\/de\/#website\",\"url\":\"https:\/\/now-news.de\/de\/\",\"name\":\"just-now.NEWS Deutschland\",\"description\":\"Das Portal f\u00fcr unzensierte Nachrichten aus der Welt\",\"publisher\":{\"@id\":\"https:\/\/now-news.de\/de\/#organization\"},\"potentialAction\":[{\"@type\":\"SearchAction\",\"target\":{\"@type\":\"EntryPoint\",\"urlTemplate\":\"https:\/\/now-news.de\/de\/?s={search_term_string}\"},\"query-input\":\"required name=search_term_string\"}],\"inLanguage\":\"de\"},{\"@type\":\"Organization\",\"@id\":\"https:\/\/now-news.de\/de\/#organization\",\"name\":\"Just Now News\",\"url\":\"https:\/\/now-news.de\/de\/\",\"logo\":{\"@type\":\"ImageObject\",\"inLanguage\":\"de\",\"@id\":\"https:\/\/now-news.de\/de\/#\/schema\/logo\/image\/\",\"url\":\"http:\/\/just-now.news\/de\/wp-content\/uploads\/sites\/3\/2022\/04\/logo500x500.jpg\",\"contentUrl\":\"http:\/\/just-now.news\/de\/wp-content\/uploads\/sites\/3\/2022\/04\/logo500x500.jpg\",\"width\":500,\"height\":500,\"caption\":\"Just Now News\"},\"image\":{\"@id\":\"https:\/\/now-news.de\/de\/#\/schema\/logo\/image\/\"},\"sameAs\":[\"https:\/\/www.facebook.com\/wirmachenauf\",\"https:\/\/x.com\/WirMachenAuf_de\"]},{\"@type\":\"Person\",\"@id\":\"https:\/\/now-news.de\/de\/#\/schema\/person\/fb534a4e865501d8b3285208df34a9b5\",\"name\":\"rtnews\",\"image\":{\"@type\":\"ImageObject\",\"inLanguage\":\"de\",\"@id\":\"https:\/\/now-news.de\/de\/#\/schema\/person\/image\/\",\"url\":\"https:\/\/secure.gravatar.com\/avatar\/82aafea7d8127119dd649515f56e2117?s=96&d=mm&r=g\",\"contentUrl\":\"https:\/\/secure.gravatar.com\/avatar\/82aafea7d8127119dd649515f56e2117?s=96&d=mm&r=g\",\"caption\":\"rtnews\"},\"url\":\"https:\/\/now-news.de\/de\/author\/rnews\/\"}]}<\/script>\n<!-- \/ Yoast SEO Premium plugin. -->","yoast_head_json":{"title":"CDU-Abgeordnete pr\u00e4sentieren im Bundestag &quot;Verst\u00e4ndnis f\u00fcr AfD-Kontok\u00fcndigungen&quot; - just-now.NEWS Deutschland","robots":{"index":"index","follow":"follow","max-snippet":"max-snippet:-1","max-image-preview":"max-image-preview:large","max-video-preview":"max-video-preview:-1"},"canonical":"https:\/\/now-news.de\/de\/deutschland\/cdu-abgeordnete-praesentieren-im-bundestag-verstaendnis-fuer-afd-kontokuendigungen\/","og_locale":"de_DE","og_type":"article","og_title":"CDU-Abgeordnete pr\u00e4sentieren im Bundestag &quot;Verst\u00e4ndnis f\u00fcr AfD-Kontok\u00fcndigungen&quot;","og_description":"Die AfD-Bundestagsfraktion beantragte eine Debatte zum Thema des Ph\u00e4nomens politisch motiviertem &#8220;De-Bankings&#8221;, der K\u00fcndigung von Bankkonten ohne offizielle Angabe von Gr\u00fcnden. Ein Abgeordneter der CDU erkl\u00e4rte nachdr\u00fccklich, unter Applaus der Fraktionskollegen, dass &#8220;wir absolut Verst\u00e4ndnis daf\u00fcr haben&#8221;. Bundestagsabgeordnete der Partei Alternative f\u00fcr Deutschland (AfD) beantragten f\u00fcr den gestrigen Sitzungstag die gesonderte Debatte zum Thema &#8220;De-Banking&#8221;. [&hellip;]","og_url":"https:\/\/now-news.de\/de\/deutschland\/cdu-abgeordnete-praesentieren-im-bundestag-verstaendnis-fuer-afd-kontokuendigungen\/","og_site_name":"just-now.NEWS Deutschland","article_publisher":"https:\/\/www.facebook.com\/wirmachenauf","article_published_time":"2025-11-14T13:34:34+00:00","og_image":[{"url":"https:\/\/now-news.de\/de\/wp-content\/uploads\/sites\/3\/2025\/11\/69170cb9b480cc2c7e77e288.JPG"}],"author":"rtnews","twitter_card":"summary_large_image","twitter_creator":"@WirMachenAuf_de","twitter_site":"@WirMachenAuf_de","twitter_misc":{"Verfasst von":"rtnews","Gesch\u00e4tzte Lesezeit":"4\u00a0Minuten"},"schema":{"@context":"https:\/\/schema.org","@graph":[{"@type":"Article","@id":"https:\/\/now-news.de\/de\/deutschland\/cdu-abgeordnete-praesentieren-im-bundestag-verstaendnis-fuer-afd-kontokuendigungen\/#article","isPartOf":{"@id":"https:\/\/now-news.de\/de\/deutschland\/cdu-abgeordnete-praesentieren-im-bundestag-verstaendnis-fuer-afd-kontokuendigungen\/"},"author":{"name":"rtnews","@id":"https:\/\/now-news.de\/de\/#\/schema\/person\/fb534a4e865501d8b3285208df34a9b5"},"headline":"CDU-Abgeordnete pr\u00e4sentieren im Bundestag &quot;Verst\u00e4ndnis f\u00fcr AfD-Kontok\u00fcndigungen&quot;","datePublished":"2025-11-14T13:34:34+00:00","dateModified":"2025-11-14T13:34:34+00:00","mainEntityOfPage":{"@id":"https:\/\/now-news.de\/de\/deutschland\/cdu-abgeordnete-praesentieren-im-bundestag-verstaendnis-fuer-afd-kontokuendigungen\/"},"wordCount":896,"commentCount":0,"publisher":{"@id":"https:\/\/now-news.de\/de\/#organization"},"image":{"@id":"https:\/\/now-news.de\/de\/deutschland\/cdu-abgeordnete-praesentieren-im-bundestag-verstaendnis-fuer-afd-kontokuendigungen\/#primaryimage"},"thumbnailUrl":"https:\/\/now-news.de\/de\/wp-content\/uploads\/sites\/3\/2025\/11\/CDU-Abgeordnete-praesentieren-im-Bundestag-quotVerstaendnis-fuer-AfD-Kontokuendigungenquot.JPG","keywords":["AfDKontok\u00fcndigungenquot","Bundestag","CDUAbgeordnete","f\u00fcr","pr\u00e4sentieren","quotVerst\u00e4ndnis"],"articleSection":["Deutschland","Russland"],"inLanguage":"de","potentialAction":[{"@type":"CommentAction","name":"Comment","target":["https:\/\/now-news.de\/de\/deutschland\/cdu-abgeordnete-praesentieren-im-bundestag-verstaendnis-fuer-afd-kontokuendigungen\/#respond"]}]},{"@type":"WebPage","@id":"https:\/\/now-news.de\/de\/deutschland\/cdu-abgeordnete-praesentieren-im-bundestag-verstaendnis-fuer-afd-kontokuendigungen\/","url":"https:\/\/now-news.de\/de\/deutschland\/cdu-abgeordnete-praesentieren-im-bundestag-verstaendnis-fuer-afd-kontokuendigungen\/","name":"CDU-Abgeordnete pr\u00e4sentieren im Bundestag &quot;Verst\u00e4ndnis f\u00fcr AfD-Kontok\u00fcndigungen&quot; - just-now.NEWS Deutschland","isPartOf":{"@id":"https:\/\/now-news.de\/de\/#website"},"primaryImageOfPage":{"@id":"https:\/\/now-news.de\/de\/deutschland\/cdu-abgeordnete-praesentieren-im-bundestag-verstaendnis-fuer-afd-kontokuendigungen\/#primaryimage"},"image":{"@id":"https:\/\/now-news.de\/de\/deutschland\/cdu-abgeordnete-praesentieren-im-bundestag-verstaendnis-fuer-afd-kontokuendigungen\/#primaryimage"},"thumbnailUrl":"https:\/\/now-news.de\/de\/wp-content\/uploads\/sites\/3\/2025\/11\/CDU-Abgeordnete-praesentieren-im-Bundestag-quotVerstaendnis-fuer-AfD-Kontokuendigungenquot.JPG","datePublished":"2025-11-14T13:34:34+00:00","dateModified":"2025-11-14T13:34:34+00:00","breadcrumb":{"@id":"https:\/\/now-news.de\/de\/deutschland\/cdu-abgeordnete-praesentieren-im-bundestag-verstaendnis-fuer-afd-kontokuendigungen\/#breadcrumb"},"inLanguage":"de","potentialAction":[{"@type":"ReadAction","target":["https:\/\/now-news.de\/de\/deutschland\/cdu-abgeordnete-praesentieren-im-bundestag-verstaendnis-fuer-afd-kontokuendigungen\/"]}]},{"@type":"ImageObject","inLanguage":"de","@id":"https:\/\/now-news.de\/de\/deutschland\/cdu-abgeordnete-praesentieren-im-bundestag-verstaendnis-fuer-afd-kontokuendigungen\/#primaryimage","url":"https:\/\/now-news.de\/de\/wp-content\/uploads\/sites\/3\/2025\/11\/CDU-Abgeordnete-praesentieren-im-Bundestag-quotVerstaendnis-fuer-AfD-Kontokuendigungenquot.JPG","contentUrl":"https:\/\/now-news.de\/de\/wp-content\/uploads\/sites\/3\/2025\/11\/CDU-Abgeordnete-praesentieren-im-Bundestag-quotVerstaendnis-fuer-AfD-Kontokuendigungenquot.JPG","width":460,"height":259,"caption":"CDU-Abgeordnete pr\u00e4sentieren im Bundestag &quot;Verst\u00e4ndnis f\u00fcr AfD-Kontok\u00fcndigungen&quot;"},{"@type":"BreadcrumbList","@id":"https:\/\/now-news.de\/de\/deutschland\/cdu-abgeordnete-praesentieren-im-bundestag-verstaendnis-fuer-afd-kontokuendigungen\/#breadcrumb","itemListElement":[{"@type":"ListItem","position":1,"name":"Home","item":"https:\/\/now-news.de\/de\/"},{"@type":"ListItem","position":2,"name":"CDU-Abgeordnete pr\u00e4sentieren im Bundestag &quot;Verst\u00e4ndnis f\u00fcr AfD-Kontok\u00fcndigungen&quot;"}]},{"@type":"WebSite","@id":"https:\/\/now-news.de\/de\/#website","url":"https:\/\/now-news.de\/de\/","name":"just-now.NEWS Deutschland","description":"Das Portal f\u00fcr unzensierte Nachrichten aus der Welt","publisher":{"@id":"https:\/\/now-news.de\/de\/#organization"},"potentialAction":[{"@type":"SearchAction","target":{"@type":"EntryPoint","urlTemplate":"https:\/\/now-news.de\/de\/?s={search_term_string}"},"query-input":"required name=search_term_string"}],"inLanguage":"de"},{"@type":"Organization","@id":"https:\/\/now-news.de\/de\/#organization","name":"Just Now News","url":"https:\/\/now-news.de\/de\/","logo":{"@type":"ImageObject","inLanguage":"de","@id":"https:\/\/now-news.de\/de\/#\/schema\/logo\/image\/","url":"http:\/\/just-now.news\/de\/wp-content\/uploads\/sites\/3\/2022\/04\/logo500x500.jpg","contentUrl":"http:\/\/just-now.news\/de\/wp-content\/uploads\/sites\/3\/2022\/04\/logo500x500.jpg","width":500,"height":500,"caption":"Just Now News"},"image":{"@id":"https:\/\/now-news.de\/de\/#\/schema\/logo\/image\/"},"sameAs":["https:\/\/www.facebook.com\/wirmachenauf","https:\/\/x.com\/WirMachenAuf_de"]},{"@type":"Person","@id":"https:\/\/now-news.de\/de\/#\/schema\/person\/fb534a4e865501d8b3285208df34a9b5","name":"rtnews","image":{"@type":"ImageObject","inLanguage":"de","@id":"https:\/\/now-news.de\/de\/#\/schema\/person\/image\/","url":"https:\/\/secure.gravatar.com\/avatar\/82aafea7d8127119dd649515f56e2117?s=96&d=mm&r=g","contentUrl":"https:\/\/secure.gravatar.com\/avatar\/82aafea7d8127119dd649515f56e2117?s=96&d=mm&r=g","caption":"rtnews"},"url":"https:\/\/now-news.de\/de\/author\/rnews\/"}]}},"_links":{"self":[{"href":"https:\/\/now-news.de\/de\/wp-json\/wp\/v2\/posts\/93940"}],"collection":[{"href":"https:\/\/now-news.de\/de\/wp-json\/wp\/v2\/posts"}],"about":[{"href":"https:\/\/now-news.de\/de\/wp-json\/wp\/v2\/types\/post"}],"author":[{"embeddable":true,"href":"https:\/\/now-news.de\/de\/wp-json\/wp\/v2\/users\/3"}],"replies":[{"embeddable":true,"href":"https:\/\/now-news.de\/de\/wp-json\/wp\/v2\/comments?post=93940"}],"version-history":[{"count":0,"href":"https:\/\/now-news.de\/de\/wp-json\/wp\/v2\/posts\/93940\/revisions"}],"wp:featuredmedia":[{"embeddable":true,"href":"https:\/\/now-news.de\/de\/wp-json\/wp\/v2\/media\/93941"}],"wp:attachment":[{"href":"https:\/\/now-news.de\/de\/wp-json\/wp\/v2\/media?parent=93940"}],"wp:term":[{"taxonomy":"category","embeddable":true,"href":"https:\/\/now-news.de\/de\/wp-json\/wp\/v2\/categories?post=93940"},{"taxonomy":"post_tag","embeddable":true,"href":"https:\/\/now-news.de\/de\/wp-json\/wp\/v2\/tags?post=93940"}],"curies":[{"name":"wp","href":"https:\/\/api.w.org\/{rel}","templated":true}]}}