{"id":93930,"date":"2025-11-14T12:53:32","date_gmt":"2025-11-14T10:53:32","guid":{"rendered":"https:\/\/now-news.de\/de\/deutschland\/italien-ermittelt-gegen-kriegstouristen-im-bosnienkrieg\/"},"modified":"2025-11-14T12:53:32","modified_gmt":"2025-11-14T10:53:32","slug":"italien-ermittelt-gegen-kriegstouristen-im-bosnienkrieg","status":"publish","type":"post","link":"https:\/\/now-news.de\/de\/deutschland\/italien-ermittelt-gegen-kriegstouristen-im-bosnienkrieg\/","title":{"rendered":"Italien ermittelt gegen &quot;Kriegstouristen&quot; im Bosnienkrieg"},"content":{"rendered":"<p><img decoding=\"async\" src=\"https:\/\/now-news.de\/de\/wp-content\/uploads\/sites\/3\/2025\/11\/691700e848fbef1b731ee811.jpg\" \/><\/p>\n<div class=\"Text-root Text-type_1 \">\n                Italienische Ermittler pr\u00fcfen Vorw\u00fcrfe gegen &#8220;Wochenend-Scharfsch\u00fctzen&#8221; im Bosnienkrieg. Ausl\u00e4nder sollen w\u00e4hrend der Belagerung Sarajevos hohe Summen gezahlt haben, um auf Zivilisten zu schie\u00dfen. Die Ermittlungen k\u00f6nnten erstmals europ\u00e4ische B\u00fcrger f\u00fcr derartige Kriegsverbrechen vor Gericht bringen.\n            <\/div>\n<p><\/p>\n<div class=\"Text-root Text-type_5 ArticleView-text ViewText-root \">\n<p data-start=\"156\" data-end=\"484\">Mehr als drei Jahrzehnte nach der Belagerung Sarajevos hat die italienische Justiz Ermittlungen gegen mutma\u00dfliche &#8220;Kriegstouristen&#8221; aufgenommen. Dabei handelt es sich um Ausl\u00e4nder, die w\u00e4hrend des Bosnienkriegs zwischen 1992 und 1995 offenbar daf\u00fcr bezahlt haben, bei sogenannten &#8220;Sarajevo-Safaris&#8221; auf Zivilisten zu schie\u00dfen.<\/p>\n<p data-start=\"486\" data-end=\"1045\">Ausgangspunkt der Ermittlungen ist die Arbeit des italienischen Journalisten Ezio Gavazzeni, der der Staatsanwaltschaft in Mailand umfangreiche Zeugenaussagen und Dokumente \u00fcbergeben hat. Gavazzeni zufolge handelte es sich bei den Sch\u00fctzen um wohlhabende oder einflussreiche Personen, darunter Italiener, die \u00fcber Triest in die von serbischen Truppen umzingelte Stadt reisten. Vor Ort wurden sie von Angeh\u00f6rigen der bosnisch-serbischen Armee zu strategisch gelegenen H\u00fcgeln gebracht, von wo aus sie auf Zivilisten, darunter auch Frauen und Kinder, schossen.<\/p>\n<p data-start=\"1047\" data-end=\"1297\">Die H\u00f6he der Zahlungen f\u00fcr ein solches &#8220;Wochenend-Abenteuer&#8221; soll Gavazzeni zufolge umgerechnet 80.000 bis 100.000 Euro betragen haben. Dabei handelte es sich offenbar um eine makabre Form des Vergn\u00fcgens: T\u00f6ten war laut Zeugenaussagen Ziel und Belohnung zugleich.<\/p>\n<p data-start=\"1299\" data-end=\"1648\">Bisher laufen die Ermittlungen gegen Unbekannt, die italienische Justiz k\u00f6nnte jedoch bald konkrete Verd\u00e4chtige identifizieren. Sollte es zu Anklagen kommen, drohen den T\u00e4tern lebenslange Haftstrafen, da Mord aus niedrigen Beweggr\u00fcnden nach italienischem Recht entsprechend geahndet wird. Auch die Verj\u00e4hrung greift bei so schweren Delikten nicht.<\/p>\n<p data-start=\"1650\" data-end=\"1959\">Unterst\u00fctzt werden die Ermittlungen durch Zeugenaussagen ehemaliger bosnischer Geheimdienstmitarbeiter sowie Recherchen des Dokumentarfilms &#8220;Sarajevo Safari&#8221; von 2022. Dieser beleuchtet die Existenz ausl\u00e4ndischer Scharfsch\u00fctzen, die w\u00e4hrend der Belagerung aktiv an Menschensafaris teilgenommen haben sollen.<\/p>\n<p data-start=\"1961\" data-end=\"2359\">Die Ermittlungen k\u00f6nnten die ersten gerichtlichen Schritte gegen europ\u00e4ische Staatsb\u00fcrger markieren, die au\u00dferhalb regul\u00e4rer milit\u00e4rischer Strukturen und mit Wissen einer Kriegspartei an Kriegsverbrechen beteiligt waren.\u00a0<\/p>\n<p data-start=\"1961\" data-end=\"2359\"><strong>Mehr zum Thema<\/strong>\u00a0<strong>\u2013<\/strong>\u00a0<a rel=\"nofollow noopener\" target=\"_blank\" href=\"https:\/\/freedert.online\/meinung\/176310-wer-saegt-an-narrativen-maidan\/\">Wer s\u00e4gt an den Narrativen des Maidan? Sieg vor dem EuGH f\u00fcr einen Weggef\u00e4hrten<\/a><a rel=\"nofollow noopener\" target=\"_blank\" href=\"https:\/\/freedert.online\/meinung\/176310-wer-saegt-an-narrativen-maidan\/\">\u00a0von Janukowitsch<\/a><\/p>\n<div class=\"EmbedBlock-root EmbedBlock-externalVideo EmbedBlock-rumble\">\n<div class=\"VkEmbed\"><iframe class=\"lazyload\" data-src=\"https:\/\/rumble.com\/embed\/v6w38ic\" frameborder=\"0\" width=\"853\" height=\"480\" allowfullscreen><\/iframe><\/div>\n<\/div>\n<\/div>\n<p><br \/>\n<br \/><a href=\"https:\/\/de.rt.com\/europa\/261749-italien-ermittelt-gegen-kriegstouristen-im\/\">Source link <\/a><\/p>\n","protected":false},"excerpt":{"rendered":"<p>Italienische Ermittler pr\u00fcfen Vorw\u00fcrfe gegen &#8220;Wochenend-Scharfsch\u00fctzen&#8221; im Bosnienkrieg. Ausl\u00e4nder sollen w\u00e4hrend der Belagerung Sarajevos hohe Summen gezahlt haben, um auf Zivilisten zu schie\u00dfen. Die Ermittlungen k\u00f6nnten erstmals europ\u00e4ische B\u00fcrger f\u00fcr derartige Kriegsverbrechen vor Gericht bringen. Mehr als drei Jahrzehnte nach der Belagerung Sarajevos hat die italienische Justiz Ermittlungen gegen mutma\u00dfliche &#8220;Kriegstouristen&#8221; aufgenommen. Dabei handelt es [&hellip;]<\/p>\n","protected":false},"author":3,"featured_media":93931,"comment_status":"open","ping_status":"open","sticky":false,"template":"","format":"standard","meta":{"_yoast_indexnow_last_ping":["1763117687"],"wp_automatic_camp":["217"],"14d6a4034bd6ad30a9f25a570a6419a5":["Italien ermittelt gegen &quot;Kriegstouristen&quot; im Bosnienkrieg"],"original_link":["https:\/\/de.rt.com\/europa\/261749-italien-ermittelt-gegen-kriegstouristen-im\/"],"_thumbnail_id":["93931"],"jnews_social_counter_last_update":["1777691954"],"_wptgpro_p2tg_sent2tg":["a:1:{i:23737;s:19:\"2025-11-14 12:55:46\";}"]},"categories":[19,23],"tags":[69175,19038,278,43,69174],"yoast_head":"<!-- This site is optimized with the Yoast SEO Premium plugin v22.7 (Yoast SEO v22.7) - https:\/\/yoast.com\/wordpress\/plugins\/seo\/ -->\n<title>Italien ermittelt gegen &quot;Kriegstouristen&quot; im Bosnienkrieg - just-now.NEWS Deutschland<\/title>\n<meta name=\"robots\" content=\"index, follow, max-snippet:-1, max-image-preview:large, max-video-preview:-1\" \/>\n<link rel=\"canonical\" href=\"https:\/\/now-news.de\/de\/deutschland\/italien-ermittelt-gegen-kriegstouristen-im-bosnienkrieg\/\" \/>\n<meta property=\"og:locale\" content=\"de_DE\" \/>\n<meta property=\"og:type\" content=\"article\" \/>\n<meta property=\"og:title\" content=\"Italien ermittelt gegen &quot;Kriegstouristen&quot; im Bosnienkrieg\" \/>\n<meta property=\"og:description\" content=\"Italienische Ermittler pr\u00fcfen Vorw\u00fcrfe gegen &#8220;Wochenend-Scharfsch\u00fctzen&#8221; im Bosnienkrieg. Ausl\u00e4nder sollen w\u00e4hrend der Belagerung Sarajevos hohe Summen gezahlt haben, um auf Zivilisten zu schie\u00dfen. Die Ermittlungen k\u00f6nnten erstmals europ\u00e4ische B\u00fcrger f\u00fcr derartige Kriegsverbrechen vor Gericht bringen. Mehr als drei Jahrzehnte nach der Belagerung Sarajevos hat die italienische Justiz Ermittlungen gegen mutma\u00dfliche &#8220;Kriegstouristen&#8221; aufgenommen. Dabei handelt es [&hellip;]\" \/>\n<meta property=\"og:url\" content=\"https:\/\/now-news.de\/de\/deutschland\/italien-ermittelt-gegen-kriegstouristen-im-bosnienkrieg\/\" \/>\n<meta property=\"og:site_name\" content=\"just-now.NEWS Deutschland\" \/>\n<meta property=\"article:publisher\" content=\"https:\/\/www.facebook.com\/wirmachenauf\" \/>\n<meta property=\"article:published_time\" content=\"2025-11-14T10:53:32+00:00\" \/>\n<meta property=\"og:image\" content=\"https:\/\/now-news.de\/de\/wp-content\/uploads\/sites\/3\/2025\/11\/691700e848fbef1b731ee811.jpg\" \/>\n<meta name=\"author\" content=\"rtnews\" \/>\n<meta name=\"twitter:card\" content=\"summary_large_image\" \/>\n<meta name=\"twitter:creator\" content=\"@WirMachenAuf_de\" \/>\n<meta name=\"twitter:site\" content=\"@WirMachenAuf_de\" \/>\n<meta name=\"twitter:label1\" content=\"Verfasst von\" \/>\n\t<meta name=\"twitter:data1\" content=\"rtnews\" \/>\n\t<meta name=\"twitter:label2\" content=\"Gesch\u00e4tzte Lesezeit\" \/>\n\t<meta name=\"twitter:data2\" content=\"2\u00a0Minuten\" \/>\n<script type=\"application\/ld+json\" class=\"yoast-schema-graph\">{\"@context\":\"https:\/\/schema.org\",\"@graph\":[{\"@type\":\"Article\",\"@id\":\"https:\/\/now-news.de\/de\/deutschland\/italien-ermittelt-gegen-kriegstouristen-im-bosnienkrieg\/#article\",\"isPartOf\":{\"@id\":\"https:\/\/now-news.de\/de\/deutschland\/italien-ermittelt-gegen-kriegstouristen-im-bosnienkrieg\/\"},\"author\":{\"name\":\"rtnews\",\"@id\":\"https:\/\/now-news.de\/de\/#\/schema\/person\/fb534a4e865501d8b3285208df34a9b5\"},\"headline\":\"Italien ermittelt gegen &quot;Kriegstouristen&quot; im Bosnienkrieg\",\"datePublished\":\"2025-11-14T10:53:32+00:00\",\"dateModified\":\"2025-11-14T10:53:32+00:00\",\"mainEntityOfPage\":{\"@id\":\"https:\/\/now-news.de\/de\/deutschland\/italien-ermittelt-gegen-kriegstouristen-im-bosnienkrieg\/\"},\"wordCount\":356,\"commentCount\":0,\"publisher\":{\"@id\":\"https:\/\/now-news.de\/de\/#organization\"},\"image\":{\"@id\":\"https:\/\/now-news.de\/de\/deutschland\/italien-ermittelt-gegen-kriegstouristen-im-bosnienkrieg\/#primaryimage\"},\"thumbnailUrl\":\"https:\/\/now-news.de\/de\/wp-content\/uploads\/sites\/3\/2025\/11\/Italien-ermittelt-gegen-quotKriegstouristenquot-im-Bosnienkrieg.jpg\",\"keywords\":[\"Bosnienkrieg\",\"ermittelt\",\"gegen\",\"Italien\",\"quotKriegstouristenquot\"],\"articleSection\":[\"Deutschland\",\"Russland\"],\"inLanguage\":\"de\",\"potentialAction\":[{\"@type\":\"CommentAction\",\"name\":\"Comment\",\"target\":[\"https:\/\/now-news.de\/de\/deutschland\/italien-ermittelt-gegen-kriegstouristen-im-bosnienkrieg\/#respond\"]}]},{\"@type\":\"WebPage\",\"@id\":\"https:\/\/now-news.de\/de\/deutschland\/italien-ermittelt-gegen-kriegstouristen-im-bosnienkrieg\/\",\"url\":\"https:\/\/now-news.de\/de\/deutschland\/italien-ermittelt-gegen-kriegstouristen-im-bosnienkrieg\/\",\"name\":\"Italien ermittelt gegen &quot;Kriegstouristen&quot; im Bosnienkrieg - just-now.NEWS Deutschland\",\"isPartOf\":{\"@id\":\"https:\/\/now-news.de\/de\/#website\"},\"primaryImageOfPage\":{\"@id\":\"https:\/\/now-news.de\/de\/deutschland\/italien-ermittelt-gegen-kriegstouristen-im-bosnienkrieg\/#primaryimage\"},\"image\":{\"@id\":\"https:\/\/now-news.de\/de\/deutschland\/italien-ermittelt-gegen-kriegstouristen-im-bosnienkrieg\/#primaryimage\"},\"thumbnailUrl\":\"https:\/\/now-news.de\/de\/wp-content\/uploads\/sites\/3\/2025\/11\/Italien-ermittelt-gegen-quotKriegstouristenquot-im-Bosnienkrieg.jpg\",\"datePublished\":\"2025-11-14T10:53:32+00:00\",\"dateModified\":\"2025-11-14T10:53:32+00:00\",\"breadcrumb\":{\"@id\":\"https:\/\/now-news.de\/de\/deutschland\/italien-ermittelt-gegen-kriegstouristen-im-bosnienkrieg\/#breadcrumb\"},\"inLanguage\":\"de\",\"potentialAction\":[{\"@type\":\"ReadAction\",\"target\":[\"https:\/\/now-news.de\/de\/deutschland\/italien-ermittelt-gegen-kriegstouristen-im-bosnienkrieg\/\"]}]},{\"@type\":\"ImageObject\",\"inLanguage\":\"de\",\"@id\":\"https:\/\/now-news.de\/de\/deutschland\/italien-ermittelt-gegen-kriegstouristen-im-bosnienkrieg\/#primaryimage\",\"url\":\"https:\/\/now-news.de\/de\/wp-content\/uploads\/sites\/3\/2025\/11\/Italien-ermittelt-gegen-quotKriegstouristenquot-im-Bosnienkrieg.jpg\",\"contentUrl\":\"https:\/\/now-news.de\/de\/wp-content\/uploads\/sites\/3\/2025\/11\/Italien-ermittelt-gegen-quotKriegstouristenquot-im-Bosnienkrieg.jpg\",\"width\":460,\"height\":259,\"caption\":\"Italien ermittelt gegen &quot;Kriegstouristen&quot; im Bosnienkrieg\"},{\"@type\":\"BreadcrumbList\",\"@id\":\"https:\/\/now-news.de\/de\/deutschland\/italien-ermittelt-gegen-kriegstouristen-im-bosnienkrieg\/#breadcrumb\",\"itemListElement\":[{\"@type\":\"ListItem\",\"position\":1,\"name\":\"Home\",\"item\":\"https:\/\/now-news.de\/de\/\"},{\"@type\":\"ListItem\",\"position\":2,\"name\":\"Italien ermittelt gegen &quot;Kriegstouristen&quot; im Bosnienkrieg\"}]},{\"@type\":\"WebSite\",\"@id\":\"https:\/\/now-news.de\/de\/#website\",\"url\":\"https:\/\/now-news.de\/de\/\",\"name\":\"just-now.NEWS Deutschland\",\"description\":\"Das Portal f\u00fcr unzensierte Nachrichten aus der Welt\",\"publisher\":{\"@id\":\"https:\/\/now-news.de\/de\/#organization\"},\"potentialAction\":[{\"@type\":\"SearchAction\",\"target\":{\"@type\":\"EntryPoint\",\"urlTemplate\":\"https:\/\/now-news.de\/de\/?s={search_term_string}\"},\"query-input\":\"required name=search_term_string\"}],\"inLanguage\":\"de\"},{\"@type\":\"Organization\",\"@id\":\"https:\/\/now-news.de\/de\/#organization\",\"name\":\"Just Now News\",\"url\":\"https:\/\/now-news.de\/de\/\",\"logo\":{\"@type\":\"ImageObject\",\"inLanguage\":\"de\",\"@id\":\"https:\/\/now-news.de\/de\/#\/schema\/logo\/image\/\",\"url\":\"http:\/\/just-now.news\/de\/wp-content\/uploads\/sites\/3\/2022\/04\/logo500x500.jpg\",\"contentUrl\":\"http:\/\/just-now.news\/de\/wp-content\/uploads\/sites\/3\/2022\/04\/logo500x500.jpg\",\"width\":500,\"height\":500,\"caption\":\"Just Now News\"},\"image\":{\"@id\":\"https:\/\/now-news.de\/de\/#\/schema\/logo\/image\/\"},\"sameAs\":[\"https:\/\/www.facebook.com\/wirmachenauf\",\"https:\/\/x.com\/WirMachenAuf_de\"]},{\"@type\":\"Person\",\"@id\":\"https:\/\/now-news.de\/de\/#\/schema\/person\/fb534a4e865501d8b3285208df34a9b5\",\"name\":\"rtnews\",\"image\":{\"@type\":\"ImageObject\",\"inLanguage\":\"de\",\"@id\":\"https:\/\/now-news.de\/de\/#\/schema\/person\/image\/\",\"url\":\"https:\/\/secure.gravatar.com\/avatar\/82aafea7d8127119dd649515f56e2117?s=96&d=mm&r=g\",\"contentUrl\":\"https:\/\/secure.gravatar.com\/avatar\/82aafea7d8127119dd649515f56e2117?s=96&d=mm&r=g\",\"caption\":\"rtnews\"},\"url\":\"https:\/\/now-news.de\/de\/author\/rnews\/\"}]}<\/script>\n<!-- \/ Yoast SEO Premium plugin. -->","yoast_head_json":{"title":"Italien ermittelt gegen &quot;Kriegstouristen&quot; im Bosnienkrieg - just-now.NEWS Deutschland","robots":{"index":"index","follow":"follow","max-snippet":"max-snippet:-1","max-image-preview":"max-image-preview:large","max-video-preview":"max-video-preview:-1"},"canonical":"https:\/\/now-news.de\/de\/deutschland\/italien-ermittelt-gegen-kriegstouristen-im-bosnienkrieg\/","og_locale":"de_DE","og_type":"article","og_title":"Italien ermittelt gegen &quot;Kriegstouristen&quot; im Bosnienkrieg","og_description":"Italienische Ermittler pr\u00fcfen Vorw\u00fcrfe gegen &#8220;Wochenend-Scharfsch\u00fctzen&#8221; im Bosnienkrieg. Ausl\u00e4nder sollen w\u00e4hrend der Belagerung Sarajevos hohe Summen gezahlt haben, um auf Zivilisten zu schie\u00dfen. Die Ermittlungen k\u00f6nnten erstmals europ\u00e4ische B\u00fcrger f\u00fcr derartige Kriegsverbrechen vor Gericht bringen. Mehr als drei Jahrzehnte nach der Belagerung Sarajevos hat die italienische Justiz Ermittlungen gegen mutma\u00dfliche &#8220;Kriegstouristen&#8221; aufgenommen. Dabei handelt es [&hellip;]","og_url":"https:\/\/now-news.de\/de\/deutschland\/italien-ermittelt-gegen-kriegstouristen-im-bosnienkrieg\/","og_site_name":"just-now.NEWS Deutschland","article_publisher":"https:\/\/www.facebook.com\/wirmachenauf","article_published_time":"2025-11-14T10:53:32+00:00","og_image":[{"url":"https:\/\/now-news.de\/de\/wp-content\/uploads\/sites\/3\/2025\/11\/691700e848fbef1b731ee811.jpg"}],"author":"rtnews","twitter_card":"summary_large_image","twitter_creator":"@WirMachenAuf_de","twitter_site":"@WirMachenAuf_de","twitter_misc":{"Verfasst von":"rtnews","Gesch\u00e4tzte Lesezeit":"2\u00a0Minuten"},"schema":{"@context":"https:\/\/schema.org","@graph":[{"@type":"Article","@id":"https:\/\/now-news.de\/de\/deutschland\/italien-ermittelt-gegen-kriegstouristen-im-bosnienkrieg\/#article","isPartOf":{"@id":"https:\/\/now-news.de\/de\/deutschland\/italien-ermittelt-gegen-kriegstouristen-im-bosnienkrieg\/"},"author":{"name":"rtnews","@id":"https:\/\/now-news.de\/de\/#\/schema\/person\/fb534a4e865501d8b3285208df34a9b5"},"headline":"Italien ermittelt gegen &quot;Kriegstouristen&quot; im Bosnienkrieg","datePublished":"2025-11-14T10:53:32+00:00","dateModified":"2025-11-14T10:53:32+00:00","mainEntityOfPage":{"@id":"https:\/\/now-news.de\/de\/deutschland\/italien-ermittelt-gegen-kriegstouristen-im-bosnienkrieg\/"},"wordCount":356,"commentCount":0,"publisher":{"@id":"https:\/\/now-news.de\/de\/#organization"},"image":{"@id":"https:\/\/now-news.de\/de\/deutschland\/italien-ermittelt-gegen-kriegstouristen-im-bosnienkrieg\/#primaryimage"},"thumbnailUrl":"https:\/\/now-news.de\/de\/wp-content\/uploads\/sites\/3\/2025\/11\/Italien-ermittelt-gegen-quotKriegstouristenquot-im-Bosnienkrieg.jpg","keywords":["Bosnienkrieg","ermittelt","gegen","Italien","quotKriegstouristenquot"],"articleSection":["Deutschland","Russland"],"inLanguage":"de","potentialAction":[{"@type":"CommentAction","name":"Comment","target":["https:\/\/now-news.de\/de\/deutschland\/italien-ermittelt-gegen-kriegstouristen-im-bosnienkrieg\/#respond"]}]},{"@type":"WebPage","@id":"https:\/\/now-news.de\/de\/deutschland\/italien-ermittelt-gegen-kriegstouristen-im-bosnienkrieg\/","url":"https:\/\/now-news.de\/de\/deutschland\/italien-ermittelt-gegen-kriegstouristen-im-bosnienkrieg\/","name":"Italien ermittelt gegen &quot;Kriegstouristen&quot; im Bosnienkrieg - just-now.NEWS Deutschland","isPartOf":{"@id":"https:\/\/now-news.de\/de\/#website"},"primaryImageOfPage":{"@id":"https:\/\/now-news.de\/de\/deutschland\/italien-ermittelt-gegen-kriegstouristen-im-bosnienkrieg\/#primaryimage"},"image":{"@id":"https:\/\/now-news.de\/de\/deutschland\/italien-ermittelt-gegen-kriegstouristen-im-bosnienkrieg\/#primaryimage"},"thumbnailUrl":"https:\/\/now-news.de\/de\/wp-content\/uploads\/sites\/3\/2025\/11\/Italien-ermittelt-gegen-quotKriegstouristenquot-im-Bosnienkrieg.jpg","datePublished":"2025-11-14T10:53:32+00:00","dateModified":"2025-11-14T10:53:32+00:00","breadcrumb":{"@id":"https:\/\/now-news.de\/de\/deutschland\/italien-ermittelt-gegen-kriegstouristen-im-bosnienkrieg\/#breadcrumb"},"inLanguage":"de","potentialAction":[{"@type":"ReadAction","target":["https:\/\/now-news.de\/de\/deutschland\/italien-ermittelt-gegen-kriegstouristen-im-bosnienkrieg\/"]}]},{"@type":"ImageObject","inLanguage":"de","@id":"https:\/\/now-news.de\/de\/deutschland\/italien-ermittelt-gegen-kriegstouristen-im-bosnienkrieg\/#primaryimage","url":"https:\/\/now-news.de\/de\/wp-content\/uploads\/sites\/3\/2025\/11\/Italien-ermittelt-gegen-quotKriegstouristenquot-im-Bosnienkrieg.jpg","contentUrl":"https:\/\/now-news.de\/de\/wp-content\/uploads\/sites\/3\/2025\/11\/Italien-ermittelt-gegen-quotKriegstouristenquot-im-Bosnienkrieg.jpg","width":460,"height":259,"caption":"Italien ermittelt gegen &quot;Kriegstouristen&quot; im Bosnienkrieg"},{"@type":"BreadcrumbList","@id":"https:\/\/now-news.de\/de\/deutschland\/italien-ermittelt-gegen-kriegstouristen-im-bosnienkrieg\/#breadcrumb","itemListElement":[{"@type":"ListItem","position":1,"name":"Home","item":"https:\/\/now-news.de\/de\/"},{"@type":"ListItem","position":2,"name":"Italien ermittelt gegen &quot;Kriegstouristen&quot; im Bosnienkrieg"}]},{"@type":"WebSite","@id":"https:\/\/now-news.de\/de\/#website","url":"https:\/\/now-news.de\/de\/","name":"just-now.NEWS Deutschland","description":"Das Portal f\u00fcr unzensierte Nachrichten aus der Welt","publisher":{"@id":"https:\/\/now-news.de\/de\/#organization"},"potentialAction":[{"@type":"SearchAction","target":{"@type":"EntryPoint","urlTemplate":"https:\/\/now-news.de\/de\/?s={search_term_string}"},"query-input":"required name=search_term_string"}],"inLanguage":"de"},{"@type":"Organization","@id":"https:\/\/now-news.de\/de\/#organization","name":"Just Now News","url":"https:\/\/now-news.de\/de\/","logo":{"@type":"ImageObject","inLanguage":"de","@id":"https:\/\/now-news.de\/de\/#\/schema\/logo\/image\/","url":"http:\/\/just-now.news\/de\/wp-content\/uploads\/sites\/3\/2022\/04\/logo500x500.jpg","contentUrl":"http:\/\/just-now.news\/de\/wp-content\/uploads\/sites\/3\/2022\/04\/logo500x500.jpg","width":500,"height":500,"caption":"Just Now News"},"image":{"@id":"https:\/\/now-news.de\/de\/#\/schema\/logo\/image\/"},"sameAs":["https:\/\/www.facebook.com\/wirmachenauf","https:\/\/x.com\/WirMachenAuf_de"]},{"@type":"Person","@id":"https:\/\/now-news.de\/de\/#\/schema\/person\/fb534a4e865501d8b3285208df34a9b5","name":"rtnews","image":{"@type":"ImageObject","inLanguage":"de","@id":"https:\/\/now-news.de\/de\/#\/schema\/person\/image\/","url":"https:\/\/secure.gravatar.com\/avatar\/82aafea7d8127119dd649515f56e2117?s=96&d=mm&r=g","contentUrl":"https:\/\/secure.gravatar.com\/avatar\/82aafea7d8127119dd649515f56e2117?s=96&d=mm&r=g","caption":"rtnews"},"url":"https:\/\/now-news.de\/de\/author\/rnews\/"}]}},"_links":{"self":[{"href":"https:\/\/now-news.de\/de\/wp-json\/wp\/v2\/posts\/93930"}],"collection":[{"href":"https:\/\/now-news.de\/de\/wp-json\/wp\/v2\/posts"}],"about":[{"href":"https:\/\/now-news.de\/de\/wp-json\/wp\/v2\/types\/post"}],"author":[{"embeddable":true,"href":"https:\/\/now-news.de\/de\/wp-json\/wp\/v2\/users\/3"}],"replies":[{"embeddable":true,"href":"https:\/\/now-news.de\/de\/wp-json\/wp\/v2\/comments?post=93930"}],"version-history":[{"count":0,"href":"https:\/\/now-news.de\/de\/wp-json\/wp\/v2\/posts\/93930\/revisions"}],"wp:featuredmedia":[{"embeddable":true,"href":"https:\/\/now-news.de\/de\/wp-json\/wp\/v2\/media\/93931"}],"wp:attachment":[{"href":"https:\/\/now-news.de\/de\/wp-json\/wp\/v2\/media?parent=93930"}],"wp:term":[{"taxonomy":"category","embeddable":true,"href":"https:\/\/now-news.de\/de\/wp-json\/wp\/v2\/categories?post=93930"},{"taxonomy":"post_tag","embeddable":true,"href":"https:\/\/now-news.de\/de\/wp-json\/wp\/v2\/tags?post=93930"}],"curies":[{"name":"wp","href":"https:\/\/api.w.org\/{rel}","templated":true}]}}