{"id":93896,"date":"2025-11-13T21:17:37","date_gmt":"2025-11-13T19:17:37","guid":{"rendered":"https:\/\/now-news.de\/de\/deutschland\/hammerbande-in-usa-zur-terror-organisation-erklaert\/"},"modified":"2025-11-13T21:17:37","modified_gmt":"2025-11-13T19:17:37","slug":"hammerbande-in-usa-zur-terror-organisation-erklaert","status":"publish","type":"post","link":"https:\/\/now-news.de\/de\/deutschland\/hammerbande-in-usa-zur-terror-organisation-erklaert\/","title":{"rendered":"&quot;Hammerbande&quot; in USA zur Terror-Organisation erkl\u00e4rt"},"content":{"rendered":"<p><img decoding=\"async\" src=\"https:\/\/now-news.de\/de\/wp-content\/uploads\/sites\/3\/2025\/11\/6916205ab480cc7f77402f68.jpg\" \/><\/p>\n<div class=\"Text-root Text-type_1 \">\n                Nicht alles, was sich Antifa nennt, aber vier spezifische Gruppen hat sich nun das US-Au\u00dfenministerium herausgegriffen und sie zu terroristischen Organisationen im Ausland erkl\u00e4rt. Noch ist unklar, welche Auswirkungen das haben wird.\n            <\/div>\n<p><\/p>\n<div class=\"Text-root Text-type_5 ArticleView-text ViewText-root \">\n<p>Das US-Au\u00dfenministerium hat heute mehrere europ\u00e4ische Gruppen, die zur Antifa z\u00e4hlen, zu terroristischen Organisationen erkl\u00e4rt. Dabei handelt es sich um die italienische Anarchistengruppe Internationale Revolution\u00e4re Front, die im Verlauf der letzten 20 Jahre Brief- und andere Bomben eingesetzt haben soll und mutma\u00dflich in einen Mord verwickelt war; zwei griechische Gruppen, die Bewaffnete Proletarische Solidarit\u00e4t und die Revolution\u00e4re Klassenselbstverteidigung, die zuletzt einen Bombenanschlag auf die Zentrale der griechischen Eisenbahn ver\u00fcbten (den sie &#8220;dem pal\u00e4stinensischen Volk und seinem heroischen Widerstand&#8221; widmeten) und die deutsche Antifa Ost, besser bekannt als &#8220;Hammerbande&#8221;.<\/p>\n<p>Diese letzte Gruppe wurde vor kurzem bereits von Ungarn zur terroristischen Organisation erkl\u00e4rt. Zwei ihrer Mitglieder stehen dort vor Gericht. Eines davon, Simeon T., der sich inzwischen Maja nennt, erhielt in den letzten Monaten Unterst\u00fctzungserkl\u00e4rungen auch von deutschen Politikern, und Au\u00dfenminister Joachim Wadephul hat k\u00fcrzlich seine Besorgnis um sein Wohlergehen ge\u00e4u\u00dfert. Der junge Mann wird beschuldigt, in Budapest 2023 an einem brutalen \u00dcberfall beteiligt gewesen zu sein, bei dem er einem vermeintlichen Rechtsradikalen mit einem Hammer auf den Kopf schlug.<\/p>\n<p>F\u00fcr die vier Gruppen d\u00fcrfte diese Bewertung unmittelbar keine Folgen haben, au\u00dfer sie bes\u00e4\u00dfen Verm\u00f6gensgegenst\u00e4nde in den USA oder Mitglieder beabsichtigten, in die USA zu reisen. Allerdings d\u00fcrfte sich die deutsche Debatte um Gestalten wie Simeon &#8220;Maja&#8221; T. damit noch weiter polarisieren. Und wom\u00f6glich haben auch die Unterst\u00fctzungserkl\u00e4rungen wie jene von Katrin G\u00f6ring-Eckardt oder Martin Schirdewan Auswirkungen auf deren zuk\u00fcnftige Reisen in die USA.<\/p>\n<p><strong>Mehr zum Thema<\/strong>\u00a0\u2012 <a rel=\"nofollow noopener\" target=\"_blank\" href=\"https:\/\/freedert.online\/meinung\/249633-ob-simeon-oder-maja-auf\/\">Ob Simeon oder Maja \u2013 auf jeden Fall ein falscher Held<\/a><\/p>\n<\/p>\n<\/div>\n<p><br \/>\n<br \/><a href=\"https:\/\/de.rt.com\/international\/261714-hammerbande-wurde-in-usa-zur\/\">Source link <\/a><\/p>\n","protected":false},"excerpt":{"rendered":"<p>Nicht alles, was sich Antifa nennt, aber vier spezifische Gruppen hat sich nun das US-Au\u00dfenministerium herausgegriffen und sie zu terroristischen Organisationen im Ausland erkl\u00e4rt. Noch ist unklar, welche Auswirkungen das haben wird. Das US-Au\u00dfenministerium hat heute mehrere europ\u00e4ische Gruppen, die zur Antifa z\u00e4hlen, zu terroristischen Organisationen erkl\u00e4rt. Dabei handelt es sich um die italienische Anarchistengruppe [&hellip;]<\/p>\n","protected":false},"author":3,"featured_media":93897,"comment_status":"open","ping_status":"open","sticky":false,"template":"","format":"standard","meta":{"_yoast_indexnow_last_ping":["1763061767"],"wp_automatic_camp":["217"],"b0d0e5e40ee86f9f12fca5e39a18f43e":["&quot;Hammerbande&quot; in USA zur Terror-Organisation erkl\u00e4rt"],"original_link":["https:\/\/de.rt.com\/international\/261714-hammerbande-wurde-in-usa-zur\/"],"_thumbnail_id":["93897"],"jnews_social_counter_last_update":["1777423993"],"_wptgpro_p2tg_sent2tg":["a:1:{i:23737;s:19:\"2025-11-13 21:23:52\";}"]},"categories":[19,23],"tags":[1030,60109,5014,193,581],"yoast_head":"<!-- This site is optimized with the Yoast SEO Premium plugin v22.7 (Yoast SEO v22.7) - https:\/\/yoast.com\/wordpress\/plugins\/seo\/ -->\n<title>&quot;Hammerbande&quot; in USA zur Terror-Organisation erkl\u00e4rt - just-now.NEWS Deutschland<\/title>\n<meta name=\"robots\" content=\"index, follow, max-snippet:-1, max-image-preview:large, max-video-preview:-1\" \/>\n<link rel=\"canonical\" href=\"https:\/\/now-news.de\/de\/deutschland\/hammerbande-in-usa-zur-terror-organisation-erklaert\/\" \/>\n<meta property=\"og:locale\" content=\"de_DE\" \/>\n<meta property=\"og:type\" content=\"article\" \/>\n<meta property=\"og:title\" content=\"&quot;Hammerbande&quot; in USA zur Terror-Organisation erkl\u00e4rt\" \/>\n<meta property=\"og:description\" content=\"Nicht alles, was sich Antifa nennt, aber vier spezifische Gruppen hat sich nun das US-Au\u00dfenministerium herausgegriffen und sie zu terroristischen Organisationen im Ausland erkl\u00e4rt. Noch ist unklar, welche Auswirkungen das haben wird. Das US-Au\u00dfenministerium hat heute mehrere europ\u00e4ische Gruppen, die zur Antifa z\u00e4hlen, zu terroristischen Organisationen erkl\u00e4rt. Dabei handelt es sich um die italienische Anarchistengruppe [&hellip;]\" \/>\n<meta property=\"og:url\" content=\"https:\/\/now-news.de\/de\/deutschland\/hammerbande-in-usa-zur-terror-organisation-erklaert\/\" \/>\n<meta property=\"og:site_name\" content=\"just-now.NEWS Deutschland\" \/>\n<meta property=\"article:publisher\" content=\"https:\/\/www.facebook.com\/wirmachenauf\" \/>\n<meta property=\"article:published_time\" content=\"2025-11-13T19:17:37+00:00\" \/>\n<meta property=\"og:image\" content=\"https:\/\/now-news.de\/de\/wp-content\/uploads\/sites\/3\/2025\/11\/6916205ab480cc7f77402f68.jpg\" \/>\n<meta name=\"author\" content=\"rtnews\" \/>\n<meta name=\"twitter:card\" content=\"summary_large_image\" \/>\n<meta name=\"twitter:creator\" content=\"@WirMachenAuf_de\" \/>\n<meta name=\"twitter:site\" content=\"@WirMachenAuf_de\" \/>\n<meta name=\"twitter:label1\" content=\"Verfasst von\" \/>\n\t<meta name=\"twitter:data1\" content=\"rtnews\" \/>\n\t<meta name=\"twitter:label2\" content=\"Gesch\u00e4tzte Lesezeit\" \/>\n\t<meta name=\"twitter:data2\" content=\"2\u00a0Minuten\" \/>\n<script type=\"application\/ld+json\" class=\"yoast-schema-graph\">{\"@context\":\"https:\/\/schema.org\",\"@graph\":[{\"@type\":\"Article\",\"@id\":\"https:\/\/now-news.de\/de\/deutschland\/hammerbande-in-usa-zur-terror-organisation-erklaert\/#article\",\"isPartOf\":{\"@id\":\"https:\/\/now-news.de\/de\/deutschland\/hammerbande-in-usa-zur-terror-organisation-erklaert\/\"},\"author\":{\"name\":\"rtnews\",\"@id\":\"https:\/\/now-news.de\/de\/#\/schema\/person\/fb534a4e865501d8b3285208df34a9b5\"},\"headline\":\"&quot;Hammerbande&quot; in USA zur Terror-Organisation erkl\u00e4rt\",\"datePublished\":\"2025-11-13T19:17:37+00:00\",\"dateModified\":\"2025-11-13T19:17:37+00:00\",\"mainEntityOfPage\":{\"@id\":\"https:\/\/now-news.de\/de\/deutschland\/hammerbande-in-usa-zur-terror-organisation-erklaert\/\"},\"wordCount\":318,\"commentCount\":0,\"publisher\":{\"@id\":\"https:\/\/now-news.de\/de\/#organization\"},\"image\":{\"@id\":\"https:\/\/now-news.de\/de\/deutschland\/hammerbande-in-usa-zur-terror-organisation-erklaert\/#primaryimage\"},\"thumbnailUrl\":\"https:\/\/now-news.de\/de\/wp-content\/uploads\/sites\/3\/2025\/11\/quotHammerbandequot-in-USA-zur-Terror-Organisation-erklaert.jpg\",\"keywords\":[\"erkl\u00e4rt\",\"quotHammerbandequot\",\"Terrororganisation\",\"USA\",\"zur\"],\"articleSection\":[\"Deutschland\",\"Russland\"],\"inLanguage\":\"de\",\"potentialAction\":[{\"@type\":\"CommentAction\",\"name\":\"Comment\",\"target\":[\"https:\/\/now-news.de\/de\/deutschland\/hammerbande-in-usa-zur-terror-organisation-erklaert\/#respond\"]}]},{\"@type\":\"WebPage\",\"@id\":\"https:\/\/now-news.de\/de\/deutschland\/hammerbande-in-usa-zur-terror-organisation-erklaert\/\",\"url\":\"https:\/\/now-news.de\/de\/deutschland\/hammerbande-in-usa-zur-terror-organisation-erklaert\/\",\"name\":\"&quot;Hammerbande&quot; in USA zur Terror-Organisation erkl\u00e4rt - just-now.NEWS Deutschland\",\"isPartOf\":{\"@id\":\"https:\/\/now-news.de\/de\/#website\"},\"primaryImageOfPage\":{\"@id\":\"https:\/\/now-news.de\/de\/deutschland\/hammerbande-in-usa-zur-terror-organisation-erklaert\/#primaryimage\"},\"image\":{\"@id\":\"https:\/\/now-news.de\/de\/deutschland\/hammerbande-in-usa-zur-terror-organisation-erklaert\/#primaryimage\"},\"thumbnailUrl\":\"https:\/\/now-news.de\/de\/wp-content\/uploads\/sites\/3\/2025\/11\/quotHammerbandequot-in-USA-zur-Terror-Organisation-erklaert.jpg\",\"datePublished\":\"2025-11-13T19:17:37+00:00\",\"dateModified\":\"2025-11-13T19:17:37+00:00\",\"breadcrumb\":{\"@id\":\"https:\/\/now-news.de\/de\/deutschland\/hammerbande-in-usa-zur-terror-organisation-erklaert\/#breadcrumb\"},\"inLanguage\":\"de\",\"potentialAction\":[{\"@type\":\"ReadAction\",\"target\":[\"https:\/\/now-news.de\/de\/deutschland\/hammerbande-in-usa-zur-terror-organisation-erklaert\/\"]}]},{\"@type\":\"ImageObject\",\"inLanguage\":\"de\",\"@id\":\"https:\/\/now-news.de\/de\/deutschland\/hammerbande-in-usa-zur-terror-organisation-erklaert\/#primaryimage\",\"url\":\"https:\/\/now-news.de\/de\/wp-content\/uploads\/sites\/3\/2025\/11\/quotHammerbandequot-in-USA-zur-Terror-Organisation-erklaert.jpg\",\"contentUrl\":\"https:\/\/now-news.de\/de\/wp-content\/uploads\/sites\/3\/2025\/11\/quotHammerbandequot-in-USA-zur-Terror-Organisation-erklaert.jpg\",\"width\":460,\"height\":259,\"caption\":\"&quot;Hammerbande&quot; in USA zur Terror-Organisation erkl\u00e4rt\"},{\"@type\":\"BreadcrumbList\",\"@id\":\"https:\/\/now-news.de\/de\/deutschland\/hammerbande-in-usa-zur-terror-organisation-erklaert\/#breadcrumb\",\"itemListElement\":[{\"@type\":\"ListItem\",\"position\":1,\"name\":\"Home\",\"item\":\"https:\/\/now-news.de\/de\/\"},{\"@type\":\"ListItem\",\"position\":2,\"name\":\"&quot;Hammerbande&quot; in USA zur Terror-Organisation erkl\u00e4rt\"}]},{\"@type\":\"WebSite\",\"@id\":\"https:\/\/now-news.de\/de\/#website\",\"url\":\"https:\/\/now-news.de\/de\/\",\"name\":\"just-now.NEWS Deutschland\",\"description\":\"Das Portal f\u00fcr unzensierte Nachrichten aus der Welt\",\"publisher\":{\"@id\":\"https:\/\/now-news.de\/de\/#organization\"},\"potentialAction\":[{\"@type\":\"SearchAction\",\"target\":{\"@type\":\"EntryPoint\",\"urlTemplate\":\"https:\/\/now-news.de\/de\/?s={search_term_string}\"},\"query-input\":\"required name=search_term_string\"}],\"inLanguage\":\"de\"},{\"@type\":\"Organization\",\"@id\":\"https:\/\/now-news.de\/de\/#organization\",\"name\":\"Just Now News\",\"url\":\"https:\/\/now-news.de\/de\/\",\"logo\":{\"@type\":\"ImageObject\",\"inLanguage\":\"de\",\"@id\":\"https:\/\/now-news.de\/de\/#\/schema\/logo\/image\/\",\"url\":\"http:\/\/just-now.news\/de\/wp-content\/uploads\/sites\/3\/2022\/04\/logo500x500.jpg\",\"contentUrl\":\"http:\/\/just-now.news\/de\/wp-content\/uploads\/sites\/3\/2022\/04\/logo500x500.jpg\",\"width\":500,\"height\":500,\"caption\":\"Just Now News\"},\"image\":{\"@id\":\"https:\/\/now-news.de\/de\/#\/schema\/logo\/image\/\"},\"sameAs\":[\"https:\/\/www.facebook.com\/wirmachenauf\",\"https:\/\/x.com\/WirMachenAuf_de\"]},{\"@type\":\"Person\",\"@id\":\"https:\/\/now-news.de\/de\/#\/schema\/person\/fb534a4e865501d8b3285208df34a9b5\",\"name\":\"rtnews\",\"image\":{\"@type\":\"ImageObject\",\"inLanguage\":\"de\",\"@id\":\"https:\/\/now-news.de\/de\/#\/schema\/person\/image\/\",\"url\":\"https:\/\/secure.gravatar.com\/avatar\/82aafea7d8127119dd649515f56e2117?s=96&d=mm&r=g\",\"contentUrl\":\"https:\/\/secure.gravatar.com\/avatar\/82aafea7d8127119dd649515f56e2117?s=96&d=mm&r=g\",\"caption\":\"rtnews\"},\"url\":\"https:\/\/now-news.de\/de\/author\/rnews\/\"}]}<\/script>\n<!-- \/ Yoast SEO Premium plugin. -->","yoast_head_json":{"title":"&quot;Hammerbande&quot; in USA zur Terror-Organisation erkl\u00e4rt - just-now.NEWS Deutschland","robots":{"index":"index","follow":"follow","max-snippet":"max-snippet:-1","max-image-preview":"max-image-preview:large","max-video-preview":"max-video-preview:-1"},"canonical":"https:\/\/now-news.de\/de\/deutschland\/hammerbande-in-usa-zur-terror-organisation-erklaert\/","og_locale":"de_DE","og_type":"article","og_title":"&quot;Hammerbande&quot; in USA zur Terror-Organisation erkl\u00e4rt","og_description":"Nicht alles, was sich Antifa nennt, aber vier spezifische Gruppen hat sich nun das US-Au\u00dfenministerium herausgegriffen und sie zu terroristischen Organisationen im Ausland erkl\u00e4rt. Noch ist unklar, welche Auswirkungen das haben wird. Das US-Au\u00dfenministerium hat heute mehrere europ\u00e4ische Gruppen, die zur Antifa z\u00e4hlen, zu terroristischen Organisationen erkl\u00e4rt. Dabei handelt es sich um die italienische Anarchistengruppe [&hellip;]","og_url":"https:\/\/now-news.de\/de\/deutschland\/hammerbande-in-usa-zur-terror-organisation-erklaert\/","og_site_name":"just-now.NEWS Deutschland","article_publisher":"https:\/\/www.facebook.com\/wirmachenauf","article_published_time":"2025-11-13T19:17:37+00:00","og_image":[{"url":"https:\/\/now-news.de\/de\/wp-content\/uploads\/sites\/3\/2025\/11\/6916205ab480cc7f77402f68.jpg"}],"author":"rtnews","twitter_card":"summary_large_image","twitter_creator":"@WirMachenAuf_de","twitter_site":"@WirMachenAuf_de","twitter_misc":{"Verfasst von":"rtnews","Gesch\u00e4tzte Lesezeit":"2\u00a0Minuten"},"schema":{"@context":"https:\/\/schema.org","@graph":[{"@type":"Article","@id":"https:\/\/now-news.de\/de\/deutschland\/hammerbande-in-usa-zur-terror-organisation-erklaert\/#article","isPartOf":{"@id":"https:\/\/now-news.de\/de\/deutschland\/hammerbande-in-usa-zur-terror-organisation-erklaert\/"},"author":{"name":"rtnews","@id":"https:\/\/now-news.de\/de\/#\/schema\/person\/fb534a4e865501d8b3285208df34a9b5"},"headline":"&quot;Hammerbande&quot; in USA zur Terror-Organisation erkl\u00e4rt","datePublished":"2025-11-13T19:17:37+00:00","dateModified":"2025-11-13T19:17:37+00:00","mainEntityOfPage":{"@id":"https:\/\/now-news.de\/de\/deutschland\/hammerbande-in-usa-zur-terror-organisation-erklaert\/"},"wordCount":318,"commentCount":0,"publisher":{"@id":"https:\/\/now-news.de\/de\/#organization"},"image":{"@id":"https:\/\/now-news.de\/de\/deutschland\/hammerbande-in-usa-zur-terror-organisation-erklaert\/#primaryimage"},"thumbnailUrl":"https:\/\/now-news.de\/de\/wp-content\/uploads\/sites\/3\/2025\/11\/quotHammerbandequot-in-USA-zur-Terror-Organisation-erklaert.jpg","keywords":["erkl\u00e4rt","quotHammerbandequot","Terrororganisation","USA","zur"],"articleSection":["Deutschland","Russland"],"inLanguage":"de","potentialAction":[{"@type":"CommentAction","name":"Comment","target":["https:\/\/now-news.de\/de\/deutschland\/hammerbande-in-usa-zur-terror-organisation-erklaert\/#respond"]}]},{"@type":"WebPage","@id":"https:\/\/now-news.de\/de\/deutschland\/hammerbande-in-usa-zur-terror-organisation-erklaert\/","url":"https:\/\/now-news.de\/de\/deutschland\/hammerbande-in-usa-zur-terror-organisation-erklaert\/","name":"&quot;Hammerbande&quot; in USA zur Terror-Organisation erkl\u00e4rt - just-now.NEWS Deutschland","isPartOf":{"@id":"https:\/\/now-news.de\/de\/#website"},"primaryImageOfPage":{"@id":"https:\/\/now-news.de\/de\/deutschland\/hammerbande-in-usa-zur-terror-organisation-erklaert\/#primaryimage"},"image":{"@id":"https:\/\/now-news.de\/de\/deutschland\/hammerbande-in-usa-zur-terror-organisation-erklaert\/#primaryimage"},"thumbnailUrl":"https:\/\/now-news.de\/de\/wp-content\/uploads\/sites\/3\/2025\/11\/quotHammerbandequot-in-USA-zur-Terror-Organisation-erklaert.jpg","datePublished":"2025-11-13T19:17:37+00:00","dateModified":"2025-11-13T19:17:37+00:00","breadcrumb":{"@id":"https:\/\/now-news.de\/de\/deutschland\/hammerbande-in-usa-zur-terror-organisation-erklaert\/#breadcrumb"},"inLanguage":"de","potentialAction":[{"@type":"ReadAction","target":["https:\/\/now-news.de\/de\/deutschland\/hammerbande-in-usa-zur-terror-organisation-erklaert\/"]}]},{"@type":"ImageObject","inLanguage":"de","@id":"https:\/\/now-news.de\/de\/deutschland\/hammerbande-in-usa-zur-terror-organisation-erklaert\/#primaryimage","url":"https:\/\/now-news.de\/de\/wp-content\/uploads\/sites\/3\/2025\/11\/quotHammerbandequot-in-USA-zur-Terror-Organisation-erklaert.jpg","contentUrl":"https:\/\/now-news.de\/de\/wp-content\/uploads\/sites\/3\/2025\/11\/quotHammerbandequot-in-USA-zur-Terror-Organisation-erklaert.jpg","width":460,"height":259,"caption":"&quot;Hammerbande&quot; in USA zur Terror-Organisation erkl\u00e4rt"},{"@type":"BreadcrumbList","@id":"https:\/\/now-news.de\/de\/deutschland\/hammerbande-in-usa-zur-terror-organisation-erklaert\/#breadcrumb","itemListElement":[{"@type":"ListItem","position":1,"name":"Home","item":"https:\/\/now-news.de\/de\/"},{"@type":"ListItem","position":2,"name":"&quot;Hammerbande&quot; in USA zur Terror-Organisation erkl\u00e4rt"}]},{"@type":"WebSite","@id":"https:\/\/now-news.de\/de\/#website","url":"https:\/\/now-news.de\/de\/","name":"just-now.NEWS Deutschland","description":"Das Portal f\u00fcr unzensierte Nachrichten aus der Welt","publisher":{"@id":"https:\/\/now-news.de\/de\/#organization"},"potentialAction":[{"@type":"SearchAction","target":{"@type":"EntryPoint","urlTemplate":"https:\/\/now-news.de\/de\/?s={search_term_string}"},"query-input":"required name=search_term_string"}],"inLanguage":"de"},{"@type":"Organization","@id":"https:\/\/now-news.de\/de\/#organization","name":"Just Now News","url":"https:\/\/now-news.de\/de\/","logo":{"@type":"ImageObject","inLanguage":"de","@id":"https:\/\/now-news.de\/de\/#\/schema\/logo\/image\/","url":"http:\/\/just-now.news\/de\/wp-content\/uploads\/sites\/3\/2022\/04\/logo500x500.jpg","contentUrl":"http:\/\/just-now.news\/de\/wp-content\/uploads\/sites\/3\/2022\/04\/logo500x500.jpg","width":500,"height":500,"caption":"Just Now News"},"image":{"@id":"https:\/\/now-news.de\/de\/#\/schema\/logo\/image\/"},"sameAs":["https:\/\/www.facebook.com\/wirmachenauf","https:\/\/x.com\/WirMachenAuf_de"]},{"@type":"Person","@id":"https:\/\/now-news.de\/de\/#\/schema\/person\/fb534a4e865501d8b3285208df34a9b5","name":"rtnews","image":{"@type":"ImageObject","inLanguage":"de","@id":"https:\/\/now-news.de\/de\/#\/schema\/person\/image\/","url":"https:\/\/secure.gravatar.com\/avatar\/82aafea7d8127119dd649515f56e2117?s=96&d=mm&r=g","contentUrl":"https:\/\/secure.gravatar.com\/avatar\/82aafea7d8127119dd649515f56e2117?s=96&d=mm&r=g","caption":"rtnews"},"url":"https:\/\/now-news.de\/de\/author\/rnews\/"}]}},"_links":{"self":[{"href":"https:\/\/now-news.de\/de\/wp-json\/wp\/v2\/posts\/93896"}],"collection":[{"href":"https:\/\/now-news.de\/de\/wp-json\/wp\/v2\/posts"}],"about":[{"href":"https:\/\/now-news.de\/de\/wp-json\/wp\/v2\/types\/post"}],"author":[{"embeddable":true,"href":"https:\/\/now-news.de\/de\/wp-json\/wp\/v2\/users\/3"}],"replies":[{"embeddable":true,"href":"https:\/\/now-news.de\/de\/wp-json\/wp\/v2\/comments?post=93896"}],"version-history":[{"count":0,"href":"https:\/\/now-news.de\/de\/wp-json\/wp\/v2\/posts\/93896\/revisions"}],"wp:featuredmedia":[{"embeddable":true,"href":"https:\/\/now-news.de\/de\/wp-json\/wp\/v2\/media\/93897"}],"wp:attachment":[{"href":"https:\/\/now-news.de\/de\/wp-json\/wp\/v2\/media?parent=93896"}],"wp:term":[{"taxonomy":"category","embeddable":true,"href":"https:\/\/now-news.de\/de\/wp-json\/wp\/v2\/categories?post=93896"},{"taxonomy":"post_tag","embeddable":true,"href":"https:\/\/now-news.de\/de\/wp-json\/wp\/v2\/tags?post=93896"}],"curies":[{"name":"wp","href":"https:\/\/api.w.org\/{rel}","templated":true}]}}