{"id":93858,"date":"2025-11-13T15:21:12","date_gmt":"2025-11-13T13:21:12","guid":{"rendered":"https:\/\/now-news.de\/de\/deutschland\/trump-will-rechtliche-immunitaet-der-us-militaerangehoerigen-bei-bombenangriffen-in-der-karibik\/"},"modified":"2025-11-13T15:21:12","modified_gmt":"2025-11-13T13:21:12","slug":"trump-will-rechtliche-immunitaet-der-us-militaerangehoerigen-bei-bombenangriffen-in-der-karibik","status":"publish","type":"post","link":"https:\/\/now-news.de\/de\/deutschland\/trump-will-rechtliche-immunitaet-der-us-militaerangehoerigen-bei-bombenangriffen-in-der-karibik\/","title":{"rendered":"Trump will rechtliche Immunit\u00e4t der US-Milit\u00e4rangeh\u00f6rigen bei Bombenangriffen in der Karibik"},"content":{"rendered":"<p><img decoding=\"async\" src=\"https:\/\/now-news.de\/de\/wp-content\/uploads\/sites\/3\/2025\/11\/6915d04f48fbef60563c5b1d.jpg\" \/><\/p>\n<div class=\"Text-root Text-type_1 \">\n                Die Trump-Regierung hat ein Rechtsgutachten verfasst, dem zufolge US-Milit\u00e4rangeh\u00f6rige, die an Milit\u00e4rschl\u00e4gen in der Karibik beteiligt sind, Immunit\u00e4t vor Strafverfolgung genie\u00dfen. Gro\u00dfbritannien teilt angesichts der umstrittenen Operation der US-Armee keine Geheimdienstinformationen mehr mit den USA.\n            <\/div>\n<p><\/p>\n<div class=\"Text-root Text-type_5 ArticleView-text ViewText-root \">\n<p>Die Regierung von US-Pr\u00e4sident Donald Trump hat ein Rechtsgutachten verfasst, wonach US-Milit\u00e4rangeh\u00f6rige, die an Milit\u00e4rschl\u00e4gen vor der K\u00fcste Lateinamerikas beteiligt sind, Immunit\u00e4t vor Strafverfolgung genie\u00dfen, berichteten die <em>Washington Post<\/em> und die Nachrichtenagentur <em>Reuters<\/em>.<\/p>\n<p>Das Rechtsberatungsb\u00fcro des Justizministeriums habe dem Wei\u00dfen Haus das Gutachten zur Frage der strafrechtlichen Verantwortlichkeit f\u00fcr die Angriffe auf zivile Schiffe in der Karibik vorgelegt, berichteten die Medien am Mittwoch unter Berufung auf mehrere mit der Angelegenheit vertraute Quellen.<\/p>\n<p>Seit ihrem Beginn im September stehen die Angriffe auf angebliche Drogenh\u00e4ndler unter intensiver Beobachtung von Demokraten, Rechtsexperten und sogar einigen Republikanern.<\/p>\n<p>Das US-Milit\u00e4r hat mindestens 19 Angriffe auf Boote durchgef\u00fchrt, die angeblich Drogen in der Karibik und im Pazifik transportierten. Dabei wurden mindestens 76 Menschen get\u00f6tet.<\/p>\n<p>Das Wei\u00dfe Haus behauptet, die Angriffe seien Teil eines &#8220;nicht-internationalen bewaffneten Konflikts&#8221; gegen &#8220;Drogenterroristen&#8221; und &#8220;unrechtm\u00e4\u00dfige Kombattanten&#8221; mit Verbindungen zu Nicol\u00e1s Maduro in Venezuela. Die Trump-Regierung hat jedoch keine Beweise daf\u00fcr vorgelegt, dass die Boote tats\u00e4chlich Drogen transportierten.<\/p>\n<p>Die Regierung des ehemaligen US-Pr\u00e4sidenten George W. Bush pr\u00e4gte den Begriff &#8220;unrechtm\u00e4\u00dfiger Kombattant&#8221;, um bestimmten Feinden der USA den Schutz durch die Genfer Konvention zu verweigern. Der in der Konvention nicht erw\u00e4hnte Begriff ist im V\u00f6lkerrecht umstritten und wurde von vielen Menschenrechtsaktivisten und Rechtsexperten abgelehnt.<\/p>\n<p>Wie <em>CNN<\/em> am Dienstag berichtete, hat Gro\u00dfbritannien die Weitergabe von Geheimdienstinformationen \u00fcber Drogenhandelsoperationen an die USA eingestellt, obwohl London und Washington ansonsten enge Beziehungen im Bereich Geheimdienst und Verteidigung unterhalten.<\/p>\n<p>Der franz\u00f6sische Au\u00dfenminister Jean-Noel Barrot erkl\u00e4rte bei einem Ministertreffen der G7 in Kanada, dass die Luftangriffe gegen das V\u00f6lkerrecht verstie\u00dfen.<\/p>\n<p>US-Au\u00dfenminister Marco Rubio wies die Kritik jedoch zur\u00fcck. Gegen\u00fcber Reportern erkl\u00e4rte er, dass keines der G7-Mitglieder das Thema w\u00e4hrend des zweit\u00e4gigen Gipfels angesprochen habe, wie <em>Reuters<\/em> berichtete.<\/p>\n<p><strong>Mehr zum Thema<\/strong>\u00a0<strong>\u2013<\/strong>\u00a0<a rel=\"nofollow noopener\" target=\"_blank\" href=\"https:\/\/freedert.online\/amerika\/261509-venezuela-bereitet-sich-im-falle\/\">Im Falle eines US-Angriffs: Venezuela bereitet sich auf einen Guerillakrieg vor<\/a><\/p>\n<div class=\"EmbedBlock-root EmbedBlock-externalVideo EmbedBlock-rumble\">\n<div class=\"VkEmbed\"><iframe class=\"lazyload\" data-src=\"https:\/\/rumble.com\/embed\/v6yxr6o\" frameborder=\"0\" width=\"853\" height=\"480\" allowfullscreen><\/iframe><\/div>\n<\/div>\n<\/div>\n<p><br \/>\n<br \/><a href=\"https:\/\/de.rt.com\/amerika\/261663-trump-will-rechtliche-immunitaet-us\/\">Source link <\/a><\/p>\n","protected":false},"excerpt":{"rendered":"<p>Die Trump-Regierung hat ein Rechtsgutachten verfasst, dem zufolge US-Milit\u00e4rangeh\u00f6rige, die an Milit\u00e4rschl\u00e4gen in der Karibik beteiligt sind, Immunit\u00e4t vor Strafverfolgung genie\u00dfen. Gro\u00dfbritannien teilt angesichts der umstrittenen Operation der US-Armee keine Geheimdienstinformationen mehr mit den USA. Die Regierung von US-Pr\u00e4sident Donald Trump hat ein Rechtsgutachten verfasst, wonach US-Milit\u00e4rangeh\u00f6rige, die an Milit\u00e4rschl\u00e4gen vor der K\u00fcste Lateinamerikas beteiligt [&hellip;]<\/p>\n","protected":false},"author":3,"featured_media":93859,"comment_status":"open","ping_status":"open","sticky":false,"template":"","format":"standard","meta":{"_yoast_indexnow_last_ping":["1763040585"],"wp_automatic_camp":["217"],"677c7083e0f662d732d4fa12f7d88251":["Trump will rechtliche Immunit\u00e4t der US-Milit\u00e4rangeh\u00f6rigen bei Bombenangriffen in der Karibik"],"original_link":["https:\/\/de.rt.com\/amerika\/261663-trump-will-rechtliche-immunitaet-us\/"],"_thumbnail_id":["93859"],"jnews_social_counter_last_update":["1777255217"],"_wptgpro_p2tg_sent2tg":["a:1:{i:23737;s:19:\"2025-11-13 15:30:45\";}"]},"categories":[19,23],"tags":[363,69143,82,21028,18710,5344,1639,38291],"yoast_head":"<!-- This site is optimized with the Yoast SEO Premium plugin v22.7 (Yoast SEO v22.7) - https:\/\/yoast.com\/wordpress\/plugins\/seo\/ -->\n<title>Trump will rechtliche Immunit\u00e4t der US-Milit\u00e4rangeh\u00f6rigen bei Bombenangriffen in der Karibik - just-now.NEWS Deutschland<\/title>\n<meta name=\"robots\" content=\"index, follow, max-snippet:-1, max-image-preview:large, max-video-preview:-1\" \/>\n<link rel=\"canonical\" href=\"https:\/\/now-news.de\/de\/deutschland\/trump-will-rechtliche-immunitaet-der-us-militaerangehoerigen-bei-bombenangriffen-in-der-karibik\/\" \/>\n<meta property=\"og:locale\" content=\"de_DE\" \/>\n<meta property=\"og:type\" content=\"article\" \/>\n<meta property=\"og:title\" content=\"Trump will rechtliche Immunit\u00e4t der US-Milit\u00e4rangeh\u00f6rigen bei Bombenangriffen in der Karibik\" \/>\n<meta property=\"og:description\" content=\"Die Trump-Regierung hat ein Rechtsgutachten verfasst, dem zufolge US-Milit\u00e4rangeh\u00f6rige, die an Milit\u00e4rschl\u00e4gen in der Karibik beteiligt sind, Immunit\u00e4t vor Strafverfolgung genie\u00dfen. Gro\u00dfbritannien teilt angesichts der umstrittenen Operation der US-Armee keine Geheimdienstinformationen mehr mit den USA. Die Regierung von US-Pr\u00e4sident Donald Trump hat ein Rechtsgutachten verfasst, wonach US-Milit\u00e4rangeh\u00f6rige, die an Milit\u00e4rschl\u00e4gen vor der K\u00fcste Lateinamerikas beteiligt [&hellip;]\" \/>\n<meta property=\"og:url\" content=\"https:\/\/now-news.de\/de\/deutschland\/trump-will-rechtliche-immunitaet-der-us-militaerangehoerigen-bei-bombenangriffen-in-der-karibik\/\" \/>\n<meta property=\"og:site_name\" content=\"just-now.NEWS Deutschland\" \/>\n<meta property=\"article:publisher\" content=\"https:\/\/www.facebook.com\/wirmachenauf\" \/>\n<meta property=\"article:published_time\" content=\"2025-11-13T13:21:12+00:00\" \/>\n<meta property=\"og:image\" content=\"https:\/\/now-news.de\/de\/wp-content\/uploads\/sites\/3\/2025\/11\/6915d04f48fbef60563c5b1d.jpg\" \/>\n<meta name=\"author\" content=\"rtnews\" \/>\n<meta name=\"twitter:card\" content=\"summary_large_image\" \/>\n<meta name=\"twitter:creator\" content=\"@WirMachenAuf_de\" \/>\n<meta name=\"twitter:site\" content=\"@WirMachenAuf_de\" \/>\n<meta name=\"twitter:label1\" content=\"Verfasst von\" \/>\n\t<meta name=\"twitter:data1\" content=\"rtnews\" \/>\n\t<meta name=\"twitter:label2\" content=\"Gesch\u00e4tzte Lesezeit\" \/>\n\t<meta name=\"twitter:data2\" content=\"2\u00a0Minuten\" \/>\n<script type=\"application\/ld+json\" class=\"yoast-schema-graph\">{\"@context\":\"https:\/\/schema.org\",\"@graph\":[{\"@type\":\"Article\",\"@id\":\"https:\/\/now-news.de\/de\/deutschland\/trump-will-rechtliche-immunitaet-der-us-militaerangehoerigen-bei-bombenangriffen-in-der-karibik\/#article\",\"isPartOf\":{\"@id\":\"https:\/\/now-news.de\/de\/deutschland\/trump-will-rechtliche-immunitaet-der-us-militaerangehoerigen-bei-bombenangriffen-in-der-karibik\/\"},\"author\":{\"name\":\"rtnews\",\"@id\":\"https:\/\/now-news.de\/de\/#\/schema\/person\/fb534a4e865501d8b3285208df34a9b5\"},\"headline\":\"Trump will rechtliche Immunit\u00e4t der US-Milit\u00e4rangeh\u00f6rigen bei Bombenangriffen in der Karibik\",\"datePublished\":\"2025-11-13T13:21:12+00:00\",\"dateModified\":\"2025-11-13T13:21:12+00:00\",\"mainEntityOfPage\":{\"@id\":\"https:\/\/now-news.de\/de\/deutschland\/trump-will-rechtliche-immunitaet-der-us-militaerangehoerigen-bei-bombenangriffen-in-der-karibik\/\"},\"wordCount\":387,\"commentCount\":0,\"publisher\":{\"@id\":\"https:\/\/now-news.de\/de\/#organization\"},\"image\":{\"@id\":\"https:\/\/now-news.de\/de\/deutschland\/trump-will-rechtliche-immunitaet-der-us-militaerangehoerigen-bei-bombenangriffen-in-der-karibik\/#primaryimage\"},\"thumbnailUrl\":\"https:\/\/now-news.de\/de\/wp-content\/uploads\/sites\/3\/2025\/11\/Trump-will-rechtliche-Immunitaet-der-US-Militaerangehoerigen-bei-Bombenangriffen-in-der.jpg\",\"keywords\":[\"bei\",\"Bombenangriffen\",\"der\",\"Immunit\u00e4t\",\"Karibik\",\"rechtliche\",\"trump\",\"USMilit\u00e4rangeh\u00f6rigen\"],\"articleSection\":[\"Deutschland\",\"Russland\"],\"inLanguage\":\"de\",\"potentialAction\":[{\"@type\":\"CommentAction\",\"name\":\"Comment\",\"target\":[\"https:\/\/now-news.de\/de\/deutschland\/trump-will-rechtliche-immunitaet-der-us-militaerangehoerigen-bei-bombenangriffen-in-der-karibik\/#respond\"]}]},{\"@type\":\"WebPage\",\"@id\":\"https:\/\/now-news.de\/de\/deutschland\/trump-will-rechtliche-immunitaet-der-us-militaerangehoerigen-bei-bombenangriffen-in-der-karibik\/\",\"url\":\"https:\/\/now-news.de\/de\/deutschland\/trump-will-rechtliche-immunitaet-der-us-militaerangehoerigen-bei-bombenangriffen-in-der-karibik\/\",\"name\":\"Trump will rechtliche Immunit\u00e4t der US-Milit\u00e4rangeh\u00f6rigen bei Bombenangriffen in der Karibik - just-now.NEWS Deutschland\",\"isPartOf\":{\"@id\":\"https:\/\/now-news.de\/de\/#website\"},\"primaryImageOfPage\":{\"@id\":\"https:\/\/now-news.de\/de\/deutschland\/trump-will-rechtliche-immunitaet-der-us-militaerangehoerigen-bei-bombenangriffen-in-der-karibik\/#primaryimage\"},\"image\":{\"@id\":\"https:\/\/now-news.de\/de\/deutschland\/trump-will-rechtliche-immunitaet-der-us-militaerangehoerigen-bei-bombenangriffen-in-der-karibik\/#primaryimage\"},\"thumbnailUrl\":\"https:\/\/now-news.de\/de\/wp-content\/uploads\/sites\/3\/2025\/11\/Trump-will-rechtliche-Immunitaet-der-US-Militaerangehoerigen-bei-Bombenangriffen-in-der.jpg\",\"datePublished\":\"2025-11-13T13:21:12+00:00\",\"dateModified\":\"2025-11-13T13:21:12+00:00\",\"breadcrumb\":{\"@id\":\"https:\/\/now-news.de\/de\/deutschland\/trump-will-rechtliche-immunitaet-der-us-militaerangehoerigen-bei-bombenangriffen-in-der-karibik\/#breadcrumb\"},\"inLanguage\":\"de\",\"potentialAction\":[{\"@type\":\"ReadAction\",\"target\":[\"https:\/\/now-news.de\/de\/deutschland\/trump-will-rechtliche-immunitaet-der-us-militaerangehoerigen-bei-bombenangriffen-in-der-karibik\/\"]}]},{\"@type\":\"ImageObject\",\"inLanguage\":\"de\",\"@id\":\"https:\/\/now-news.de\/de\/deutschland\/trump-will-rechtliche-immunitaet-der-us-militaerangehoerigen-bei-bombenangriffen-in-der-karibik\/#primaryimage\",\"url\":\"https:\/\/now-news.de\/de\/wp-content\/uploads\/sites\/3\/2025\/11\/Trump-will-rechtliche-Immunitaet-der-US-Militaerangehoerigen-bei-Bombenangriffen-in-der.jpg\",\"contentUrl\":\"https:\/\/now-news.de\/de\/wp-content\/uploads\/sites\/3\/2025\/11\/Trump-will-rechtliche-Immunitaet-der-US-Militaerangehoerigen-bei-Bombenangriffen-in-der.jpg\",\"width\":460,\"height\":259,\"caption\":\"Trump will rechtliche Immunit\u00e4t der US-Milit\u00e4rangeh\u00f6rigen bei Bombenangriffen in der Karibik\"},{\"@type\":\"BreadcrumbList\",\"@id\":\"https:\/\/now-news.de\/de\/deutschland\/trump-will-rechtliche-immunitaet-der-us-militaerangehoerigen-bei-bombenangriffen-in-der-karibik\/#breadcrumb\",\"itemListElement\":[{\"@type\":\"ListItem\",\"position\":1,\"name\":\"Home\",\"item\":\"https:\/\/now-news.de\/de\/\"},{\"@type\":\"ListItem\",\"position\":2,\"name\":\"Trump will rechtliche Immunit\u00e4t der US-Milit\u00e4rangeh\u00f6rigen bei Bombenangriffen in der Karibik\"}]},{\"@type\":\"WebSite\",\"@id\":\"https:\/\/now-news.de\/de\/#website\",\"url\":\"https:\/\/now-news.de\/de\/\",\"name\":\"just-now.NEWS Deutschland\",\"description\":\"Das Portal f\u00fcr unzensierte Nachrichten aus der Welt\",\"publisher\":{\"@id\":\"https:\/\/now-news.de\/de\/#organization\"},\"potentialAction\":[{\"@type\":\"SearchAction\",\"target\":{\"@type\":\"EntryPoint\",\"urlTemplate\":\"https:\/\/now-news.de\/de\/?s={search_term_string}\"},\"query-input\":\"required name=search_term_string\"}],\"inLanguage\":\"de\"},{\"@type\":\"Organization\",\"@id\":\"https:\/\/now-news.de\/de\/#organization\",\"name\":\"Just Now News\",\"url\":\"https:\/\/now-news.de\/de\/\",\"logo\":{\"@type\":\"ImageObject\",\"inLanguage\":\"de\",\"@id\":\"https:\/\/now-news.de\/de\/#\/schema\/logo\/image\/\",\"url\":\"http:\/\/just-now.news\/de\/wp-content\/uploads\/sites\/3\/2022\/04\/logo500x500.jpg\",\"contentUrl\":\"http:\/\/just-now.news\/de\/wp-content\/uploads\/sites\/3\/2022\/04\/logo500x500.jpg\",\"width\":500,\"height\":500,\"caption\":\"Just Now News\"},\"image\":{\"@id\":\"https:\/\/now-news.de\/de\/#\/schema\/logo\/image\/\"},\"sameAs\":[\"https:\/\/www.facebook.com\/wirmachenauf\",\"https:\/\/x.com\/WirMachenAuf_de\"]},{\"@type\":\"Person\",\"@id\":\"https:\/\/now-news.de\/de\/#\/schema\/person\/fb534a4e865501d8b3285208df34a9b5\",\"name\":\"rtnews\",\"image\":{\"@type\":\"ImageObject\",\"inLanguage\":\"de\",\"@id\":\"https:\/\/now-news.de\/de\/#\/schema\/person\/image\/\",\"url\":\"https:\/\/secure.gravatar.com\/avatar\/82aafea7d8127119dd649515f56e2117?s=96&d=mm&r=g\",\"contentUrl\":\"https:\/\/secure.gravatar.com\/avatar\/82aafea7d8127119dd649515f56e2117?s=96&d=mm&r=g\",\"caption\":\"rtnews\"},\"url\":\"https:\/\/now-news.de\/de\/author\/rnews\/\"}]}<\/script>\n<!-- \/ Yoast SEO Premium plugin. -->","yoast_head_json":{"title":"Trump will rechtliche Immunit\u00e4t der US-Milit\u00e4rangeh\u00f6rigen bei Bombenangriffen in der Karibik - just-now.NEWS Deutschland","robots":{"index":"index","follow":"follow","max-snippet":"max-snippet:-1","max-image-preview":"max-image-preview:large","max-video-preview":"max-video-preview:-1"},"canonical":"https:\/\/now-news.de\/de\/deutschland\/trump-will-rechtliche-immunitaet-der-us-militaerangehoerigen-bei-bombenangriffen-in-der-karibik\/","og_locale":"de_DE","og_type":"article","og_title":"Trump will rechtliche Immunit\u00e4t der US-Milit\u00e4rangeh\u00f6rigen bei Bombenangriffen in der Karibik","og_description":"Die Trump-Regierung hat ein Rechtsgutachten verfasst, dem zufolge US-Milit\u00e4rangeh\u00f6rige, die an Milit\u00e4rschl\u00e4gen in der Karibik beteiligt sind, Immunit\u00e4t vor Strafverfolgung genie\u00dfen. Gro\u00dfbritannien teilt angesichts der umstrittenen Operation der US-Armee keine Geheimdienstinformationen mehr mit den USA. Die Regierung von US-Pr\u00e4sident Donald Trump hat ein Rechtsgutachten verfasst, wonach US-Milit\u00e4rangeh\u00f6rige, die an Milit\u00e4rschl\u00e4gen vor der K\u00fcste Lateinamerikas beteiligt [&hellip;]","og_url":"https:\/\/now-news.de\/de\/deutschland\/trump-will-rechtliche-immunitaet-der-us-militaerangehoerigen-bei-bombenangriffen-in-der-karibik\/","og_site_name":"just-now.NEWS Deutschland","article_publisher":"https:\/\/www.facebook.com\/wirmachenauf","article_published_time":"2025-11-13T13:21:12+00:00","og_image":[{"url":"https:\/\/now-news.de\/de\/wp-content\/uploads\/sites\/3\/2025\/11\/6915d04f48fbef60563c5b1d.jpg"}],"author":"rtnews","twitter_card":"summary_large_image","twitter_creator":"@WirMachenAuf_de","twitter_site":"@WirMachenAuf_de","twitter_misc":{"Verfasst von":"rtnews","Gesch\u00e4tzte Lesezeit":"2\u00a0Minuten"},"schema":{"@context":"https:\/\/schema.org","@graph":[{"@type":"Article","@id":"https:\/\/now-news.de\/de\/deutschland\/trump-will-rechtliche-immunitaet-der-us-militaerangehoerigen-bei-bombenangriffen-in-der-karibik\/#article","isPartOf":{"@id":"https:\/\/now-news.de\/de\/deutschland\/trump-will-rechtliche-immunitaet-der-us-militaerangehoerigen-bei-bombenangriffen-in-der-karibik\/"},"author":{"name":"rtnews","@id":"https:\/\/now-news.de\/de\/#\/schema\/person\/fb534a4e865501d8b3285208df34a9b5"},"headline":"Trump will rechtliche Immunit\u00e4t der US-Milit\u00e4rangeh\u00f6rigen bei Bombenangriffen in der Karibik","datePublished":"2025-11-13T13:21:12+00:00","dateModified":"2025-11-13T13:21:12+00:00","mainEntityOfPage":{"@id":"https:\/\/now-news.de\/de\/deutschland\/trump-will-rechtliche-immunitaet-der-us-militaerangehoerigen-bei-bombenangriffen-in-der-karibik\/"},"wordCount":387,"commentCount":0,"publisher":{"@id":"https:\/\/now-news.de\/de\/#organization"},"image":{"@id":"https:\/\/now-news.de\/de\/deutschland\/trump-will-rechtliche-immunitaet-der-us-militaerangehoerigen-bei-bombenangriffen-in-der-karibik\/#primaryimage"},"thumbnailUrl":"https:\/\/now-news.de\/de\/wp-content\/uploads\/sites\/3\/2025\/11\/Trump-will-rechtliche-Immunitaet-der-US-Militaerangehoerigen-bei-Bombenangriffen-in-der.jpg","keywords":["bei","Bombenangriffen","der","Immunit\u00e4t","Karibik","rechtliche","trump","USMilit\u00e4rangeh\u00f6rigen"],"articleSection":["Deutschland","Russland"],"inLanguage":"de","potentialAction":[{"@type":"CommentAction","name":"Comment","target":["https:\/\/now-news.de\/de\/deutschland\/trump-will-rechtliche-immunitaet-der-us-militaerangehoerigen-bei-bombenangriffen-in-der-karibik\/#respond"]}]},{"@type":"WebPage","@id":"https:\/\/now-news.de\/de\/deutschland\/trump-will-rechtliche-immunitaet-der-us-militaerangehoerigen-bei-bombenangriffen-in-der-karibik\/","url":"https:\/\/now-news.de\/de\/deutschland\/trump-will-rechtliche-immunitaet-der-us-militaerangehoerigen-bei-bombenangriffen-in-der-karibik\/","name":"Trump will rechtliche Immunit\u00e4t der US-Milit\u00e4rangeh\u00f6rigen bei Bombenangriffen in der Karibik - just-now.NEWS Deutschland","isPartOf":{"@id":"https:\/\/now-news.de\/de\/#website"},"primaryImageOfPage":{"@id":"https:\/\/now-news.de\/de\/deutschland\/trump-will-rechtliche-immunitaet-der-us-militaerangehoerigen-bei-bombenangriffen-in-der-karibik\/#primaryimage"},"image":{"@id":"https:\/\/now-news.de\/de\/deutschland\/trump-will-rechtliche-immunitaet-der-us-militaerangehoerigen-bei-bombenangriffen-in-der-karibik\/#primaryimage"},"thumbnailUrl":"https:\/\/now-news.de\/de\/wp-content\/uploads\/sites\/3\/2025\/11\/Trump-will-rechtliche-Immunitaet-der-US-Militaerangehoerigen-bei-Bombenangriffen-in-der.jpg","datePublished":"2025-11-13T13:21:12+00:00","dateModified":"2025-11-13T13:21:12+00:00","breadcrumb":{"@id":"https:\/\/now-news.de\/de\/deutschland\/trump-will-rechtliche-immunitaet-der-us-militaerangehoerigen-bei-bombenangriffen-in-der-karibik\/#breadcrumb"},"inLanguage":"de","potentialAction":[{"@type":"ReadAction","target":["https:\/\/now-news.de\/de\/deutschland\/trump-will-rechtliche-immunitaet-der-us-militaerangehoerigen-bei-bombenangriffen-in-der-karibik\/"]}]},{"@type":"ImageObject","inLanguage":"de","@id":"https:\/\/now-news.de\/de\/deutschland\/trump-will-rechtliche-immunitaet-der-us-militaerangehoerigen-bei-bombenangriffen-in-der-karibik\/#primaryimage","url":"https:\/\/now-news.de\/de\/wp-content\/uploads\/sites\/3\/2025\/11\/Trump-will-rechtliche-Immunitaet-der-US-Militaerangehoerigen-bei-Bombenangriffen-in-der.jpg","contentUrl":"https:\/\/now-news.de\/de\/wp-content\/uploads\/sites\/3\/2025\/11\/Trump-will-rechtliche-Immunitaet-der-US-Militaerangehoerigen-bei-Bombenangriffen-in-der.jpg","width":460,"height":259,"caption":"Trump will rechtliche Immunit\u00e4t der US-Milit\u00e4rangeh\u00f6rigen bei Bombenangriffen in der Karibik"},{"@type":"BreadcrumbList","@id":"https:\/\/now-news.de\/de\/deutschland\/trump-will-rechtliche-immunitaet-der-us-militaerangehoerigen-bei-bombenangriffen-in-der-karibik\/#breadcrumb","itemListElement":[{"@type":"ListItem","position":1,"name":"Home","item":"https:\/\/now-news.de\/de\/"},{"@type":"ListItem","position":2,"name":"Trump will rechtliche Immunit\u00e4t der US-Milit\u00e4rangeh\u00f6rigen bei Bombenangriffen in der Karibik"}]},{"@type":"WebSite","@id":"https:\/\/now-news.de\/de\/#website","url":"https:\/\/now-news.de\/de\/","name":"just-now.NEWS Deutschland","description":"Das Portal f\u00fcr unzensierte Nachrichten aus der Welt","publisher":{"@id":"https:\/\/now-news.de\/de\/#organization"},"potentialAction":[{"@type":"SearchAction","target":{"@type":"EntryPoint","urlTemplate":"https:\/\/now-news.de\/de\/?s={search_term_string}"},"query-input":"required name=search_term_string"}],"inLanguage":"de"},{"@type":"Organization","@id":"https:\/\/now-news.de\/de\/#organization","name":"Just Now News","url":"https:\/\/now-news.de\/de\/","logo":{"@type":"ImageObject","inLanguage":"de","@id":"https:\/\/now-news.de\/de\/#\/schema\/logo\/image\/","url":"http:\/\/just-now.news\/de\/wp-content\/uploads\/sites\/3\/2022\/04\/logo500x500.jpg","contentUrl":"http:\/\/just-now.news\/de\/wp-content\/uploads\/sites\/3\/2022\/04\/logo500x500.jpg","width":500,"height":500,"caption":"Just Now News"},"image":{"@id":"https:\/\/now-news.de\/de\/#\/schema\/logo\/image\/"},"sameAs":["https:\/\/www.facebook.com\/wirmachenauf","https:\/\/x.com\/WirMachenAuf_de"]},{"@type":"Person","@id":"https:\/\/now-news.de\/de\/#\/schema\/person\/fb534a4e865501d8b3285208df34a9b5","name":"rtnews","image":{"@type":"ImageObject","inLanguage":"de","@id":"https:\/\/now-news.de\/de\/#\/schema\/person\/image\/","url":"https:\/\/secure.gravatar.com\/avatar\/82aafea7d8127119dd649515f56e2117?s=96&d=mm&r=g","contentUrl":"https:\/\/secure.gravatar.com\/avatar\/82aafea7d8127119dd649515f56e2117?s=96&d=mm&r=g","caption":"rtnews"},"url":"https:\/\/now-news.de\/de\/author\/rnews\/"}]}},"_links":{"self":[{"href":"https:\/\/now-news.de\/de\/wp-json\/wp\/v2\/posts\/93858"}],"collection":[{"href":"https:\/\/now-news.de\/de\/wp-json\/wp\/v2\/posts"}],"about":[{"href":"https:\/\/now-news.de\/de\/wp-json\/wp\/v2\/types\/post"}],"author":[{"embeddable":true,"href":"https:\/\/now-news.de\/de\/wp-json\/wp\/v2\/users\/3"}],"replies":[{"embeddable":true,"href":"https:\/\/now-news.de\/de\/wp-json\/wp\/v2\/comments?post=93858"}],"version-history":[{"count":0,"href":"https:\/\/now-news.de\/de\/wp-json\/wp\/v2\/posts\/93858\/revisions"}],"wp:featuredmedia":[{"embeddable":true,"href":"https:\/\/now-news.de\/de\/wp-json\/wp\/v2\/media\/93859"}],"wp:attachment":[{"href":"https:\/\/now-news.de\/de\/wp-json\/wp\/v2\/media?parent=93858"}],"wp:term":[{"taxonomy":"category","embeddable":true,"href":"https:\/\/now-news.de\/de\/wp-json\/wp\/v2\/categories?post=93858"},{"taxonomy":"post_tag","embeddable":true,"href":"https:\/\/now-news.de\/de\/wp-json\/wp\/v2\/tags?post=93858"}],"curies":[{"name":"wp","href":"https:\/\/api.w.org\/{rel}","templated":true}]}}