{"id":93854,"date":"2025-11-13T14:34:26","date_gmt":"2025-11-13T12:34:26","guid":{"rendered":"https:\/\/now-news.de\/de\/deutschland\/wehrdienst-registrierungspflicht-musterungspflicht-allgemeine-wehrpflicht-als-optionen\/"},"modified":"2025-11-13T14:34:26","modified_gmt":"2025-11-13T12:34:26","slug":"wehrdienst-registrierungspflicht-musterungspflicht-allgemeine-wehrpflicht-als-optionen","status":"publish","type":"post","link":"https:\/\/now-news.de\/de\/deutschland\/wehrdienst-registrierungspflicht-musterungspflicht-allgemeine-wehrpflicht-als-optionen\/","title":{"rendered":"Wehrdienst: Registrierungspflicht, Musterungspflicht, allgemeine Wehrpflicht als Optionen"},"content":{"rendered":"<p><img decoding=\"async\" src=\"https:\/\/now-news.de\/de\/wp-content\/uploads\/sites\/3\/2025\/11\/6915c163b480cc7e047959b4.jpg\" \/><\/p>\n<div class=\"Text-root Text-type_1 \">\n                In einer Pressekonferenz stellten die Fraktionsspitzen von Union und SPD das neue Wehrdienstgesetz vor. Sollte man mit die angestrebte Zahl an Rekruten mit Freiwilligen nicht erreichen, wird in einer weiteren Debatte \u00fcber ein Losverfahren oder die allgemeine Wehrpflicht entschieden.\n            <\/div>\n<p><\/p>\n<div class=\"Text-root Text-type_5 ArticleView-text ViewText-root \">\n<p>Am Mittwochabend haben sich die Fraktionsspitzen von Union und SPD auf ein neues mehrstufiges Modell f\u00fcr die Einf\u00fchrung der Wehrdienst geeinigt. Am Donnerstagmorgen teilten die Fraktionschefs sowie Bundesverteidigungsminister Pistorius in einer <a rel=\"nofollow noopener\" target=\"_blank\" href=\"https:\/\/www.youtube.com\/watch?v=WNqIjBXYlkk\">Pressekonferenz<\/a> Einzelheiten mit. Das neue Wehrdienstgesetz tritt am 1. Januar 2026 in Kraft.<\/p>\n<p>Auch der <em>Deutschlandfunk<\/em>\u00a0<a rel=\"nofollow noopener\" target=\"_blank\" href=\"https:\/\/www.deutschlandfunk.de\/musterung-soll-zur-pflicht-werden-100.html\">fasste Details<\/a> des neuen Wehrdienstgesetzes zusammen. Demnach erhalten ab dem 1. Januar 2026 alle 18-j\u00e4hrigen M\u00e4nner und Frauen einen Fragebogen zur Eignungs- und Motivationsermittlung f\u00fcr den Wehrdienst. Den Frauen bleibt es dabei freigestellt, ob sie den Fragebogen ausf\u00fcllen, M\u00e4nner sind dazu verpflichtet. Au\u00dferdem m\u00fcssen sich alle M\u00e4nner der Jahrg\u00e4nge ab 2008 unabh\u00e4ngig von ihrer Motivation einer Musterung unterziehen.<\/p>\n<p>Anschlie\u00dfend werde jeweils abgewartet, wie viele M\u00e4nner eines Jahrgangs sich freiwillig f\u00fcr den Dienst in der Bundeswehr meldeten. Sollte die Zahl der Freiwilligen nicht ausreichen, um in dem jeweiligen Jahr auf einen in der Pressekonferenz nicht n\u00e4her definierten Truppenzuwachs zu kommen, werde im Bundestag eine weitere Entscheidung getroffen. Als eine Option k\u00f6nne dann ein Losverfahren unter den wehrf\u00e4hig Gemusterten eingef\u00fchrt werden, als andere Option eine allgemeine Wehrpflicht.<\/p>\n<p>Es habe wom\u00f6glich Symbolkraft, dass die Wiedereinf\u00fchrung der Wehrpflicht genau 70 Jahre nach der Gr\u00fcndung der Bundeswehr stattfinde, freute sich der CDU\/CSU-Fraktionsvorsitzende Jens Spahn auf der Pressekonferenz. Spahn betonte die erfolgreiche Kooperation zwischen den Koalitionspartnern SPD, CDU und CSU in diesem Prozess. Besonders w\u00fcrdigte er, dass mit der Zusendung des Fragebogens an alle 18-J\u00e4hrigen in vielen Familien wieder eine Diskussion stattfinden werde, warum wir den Wehrdienst br\u00e4uchten. Schlie\u00dflich wolle man m\u00f6glichst &#8220;viele Menschen f\u00fcr den Dienst am Vaterland begeistern&#8221;.<\/p>\n<p>Sollte es nicht gen\u00fcgend Freiwillige geben, so greife immer noch Plan B, erkl\u00e4rte der SPD-Fraktionsvorsitzende Matthias Miersch vor der Presse. Dabei werde der Bundestag neue Beschl\u00fcsse fassen, um die angestrebte Zahl von Soldaten in der Bundeswehr auf jeden Fall zu erreichen. Zur Option st\u00fcnden ein Losverfahren unter den Gemusterten oder die Einf\u00fchrung einer allgemeinen Wehrpflicht. Die allgemeine Wehrpflicht sei ja auch bereits vom deutschen Bundespr\u00e4sidenten Frank-Walter Steinmeier am Vortag auf der Bundeswehr-Jubil\u00e4umsfeier bef\u00fcrwortet worden, erinnerte Miersch.<\/p>\n<p>Den CSU-Landesgruppenvorsitzenden und stellvertretenden CDU\/CSU-Fraktionsvorsitzen Alexander Hoffmann freute es auch ganz besonders, dass zuk\u00fcnftig wieder an deutschen Esstischen \u00fcber die Bundeswehr und ihre Qualit\u00e4t gesprochen werde. Die Gespr\u00e4che in den Familien stelle er sich so vor: &#8220;S\u00f6hne werden mit V\u00e4tern und Gro\u00dfv\u00e4tern \u00fcber ihre Erfahrungen bei der Bundeswehr reden.&#8221;\u2026&#8221;Das ist ein unsch\u00e4tzbarer Wert, die Truppe in der Mitte der Gesellschaft.&#8221;<\/p>\n<p>Boris Pistorius sei sehr zuversichtlich, dass alles wie vorgesehen gelingen werde. Schlie\u00dflich habe man schon in anderen L\u00e4ndern gesehen, dass das Prinzip Freiwilligkeit verbunden mit Attraktivit\u00e4t funktioniere, erkl\u00e4rte der Bundesverteidigungsminister auf der Pressekonferenz.\u00a0<\/p>\n<p>Der <em>Deutschlandfunk<\/em> f\u00fchrte aus, warum die Bundeswehr wachsen m\u00fcsse: &#8220;Wegen der Bedrohung durch Russland und der deswegen ver\u00e4nderten NATO-Planungen soll die Bundeswehr um rund 80.000 auf 260.000 M\u00e4nner und Frauen in der stehenden Truppe wachsen. Zudem soll es 200.000 Reservisten geben, deren Zahl vor allem mit dem neuen Wehrdienst gesteigert werden soll.&#8221;<\/p>\n<p><strong>Mehr zum Thema<\/strong>\u00a0<strong>\u2013<\/strong>\u00a0<a rel=\"nofollow noopener\" target=\"_blank\" href=\"https:\/\/dert.online\/meinung\/261597-70-jahre-bundeswehr-diesmal-ist\/\">70 Jahre Bundeswehr: Diesmal ist es die Farce<\/a><\/p>\n<div class=\"EmbedBlock-root EmbedBlock-externalVideo EmbedBlock-rumble\">\n<div class=\"VkEmbed\"><iframe class=\"lazyload\" data-src=\"https:\/\/rumble.com\/embed\/v6zgdso\" frameborder=\"0\" width=\"853\" height=\"480\" allowfullscreen><\/iframe><\/div>\n<\/div>\n<\/div>\n<p><br \/>\n<br \/><a href=\"https:\/\/de.rt.com\/inland\/261654-wehrdienst-einfuehrung-registrierungspflicht-musterungspflicht-allgemeine\/\">Source link <\/a><\/p>\n","protected":false},"excerpt":{"rendered":"<p>In einer Pressekonferenz stellten die Fraktionsspitzen von Union und SPD das neue Wehrdienstgesetz vor. Sollte man mit die angestrebte Zahl an Rekruten mit Freiwilligen nicht erreichen, wird in einer weiteren Debatte \u00fcber ein Losverfahren oder die allgemeine Wehrpflicht entschieden. Am Mittwochabend haben sich die Fraktionsspitzen von Union und SPD auf ein neues mehrstufiges Modell f\u00fcr [&hellip;]<\/p>\n","protected":false},"author":3,"featured_media":93855,"comment_status":"open","ping_status":"open","sticky":false,"template":"","format":"standard","meta":{"_yoast_indexnow_last_ping":["1763037704"],"wp_automatic_camp":["217"],"951ce428d2ae0df593a87075467660e5":["Wehrdienst: Registrierungspflicht, Musterungspflicht, allgemeine Wehrpflicht als Optionen"],"original_link":["https:\/\/de.rt.com\/inland\/261654-wehrdienst-einfuehrung-registrierungspflicht-musterungspflicht-allgemeine\/"],"_thumbnail_id":["93855"],"jnews_social_counter_last_update":["1777262504"],"_wptgpro_p2tg_sent2tg":["a:1:{i:23737;s:19:\"2025-11-13 14:42:49\";}"]},"categories":[19,23],"tags":[42822,273,69140,3779,41963,20271,31451],"yoast_head":"<!-- This site is optimized with the Yoast SEO Premium plugin v22.7 (Yoast SEO v22.7) - https:\/\/yoast.com\/wordpress\/plugins\/seo\/ -->\n<title>Wehrdienst: Registrierungspflicht, Musterungspflicht, allgemeine Wehrpflicht als Optionen - just-now.NEWS Deutschland<\/title>\n<meta name=\"robots\" content=\"index, follow, max-snippet:-1, max-image-preview:large, max-video-preview:-1\" \/>\n<link rel=\"canonical\" href=\"https:\/\/now-news.de\/de\/deutschland\/wehrdienst-registrierungspflicht-musterungspflicht-allgemeine-wehrpflicht-als-optionen\/\" \/>\n<meta property=\"og:locale\" content=\"de_DE\" \/>\n<meta property=\"og:type\" content=\"article\" \/>\n<meta property=\"og:title\" content=\"Wehrdienst: Registrierungspflicht, Musterungspflicht, allgemeine Wehrpflicht als Optionen\" \/>\n<meta property=\"og:description\" content=\"In einer Pressekonferenz stellten die Fraktionsspitzen von Union und SPD das neue Wehrdienstgesetz vor. Sollte man mit die angestrebte Zahl an Rekruten mit Freiwilligen nicht erreichen, wird in einer weiteren Debatte \u00fcber ein Losverfahren oder die allgemeine Wehrpflicht entschieden. Am Mittwochabend haben sich die Fraktionsspitzen von Union und SPD auf ein neues mehrstufiges Modell f\u00fcr [&hellip;]\" \/>\n<meta property=\"og:url\" content=\"https:\/\/now-news.de\/de\/deutschland\/wehrdienst-registrierungspflicht-musterungspflicht-allgemeine-wehrpflicht-als-optionen\/\" \/>\n<meta property=\"og:site_name\" content=\"just-now.NEWS Deutschland\" \/>\n<meta property=\"article:publisher\" content=\"https:\/\/www.facebook.com\/wirmachenauf\" \/>\n<meta property=\"article:published_time\" content=\"2025-11-13T12:34:26+00:00\" \/>\n<meta property=\"og:image\" content=\"https:\/\/now-news.de\/de\/wp-content\/uploads\/sites\/3\/2025\/11\/6915c163b480cc7e047959b4.jpg\" \/>\n<meta name=\"author\" content=\"rtnews\" \/>\n<meta name=\"twitter:card\" content=\"summary_large_image\" \/>\n<meta name=\"twitter:creator\" content=\"@WirMachenAuf_de\" \/>\n<meta name=\"twitter:site\" content=\"@WirMachenAuf_de\" \/>\n<meta name=\"twitter:label1\" content=\"Verfasst von\" \/>\n\t<meta name=\"twitter:data1\" content=\"rtnews\" \/>\n\t<meta name=\"twitter:label2\" content=\"Gesch\u00e4tzte Lesezeit\" \/>\n\t<meta name=\"twitter:data2\" content=\"3\u00a0Minuten\" \/>\n<script type=\"application\/ld+json\" class=\"yoast-schema-graph\">{\"@context\":\"https:\/\/schema.org\",\"@graph\":[{\"@type\":\"Article\",\"@id\":\"https:\/\/now-news.de\/de\/deutschland\/wehrdienst-registrierungspflicht-musterungspflicht-allgemeine-wehrpflicht-als-optionen\/#article\",\"isPartOf\":{\"@id\":\"https:\/\/now-news.de\/de\/deutschland\/wehrdienst-registrierungspflicht-musterungspflicht-allgemeine-wehrpflicht-als-optionen\/\"},\"author\":{\"name\":\"rtnews\",\"@id\":\"https:\/\/now-news.de\/de\/#\/schema\/person\/fb534a4e865501d8b3285208df34a9b5\"},\"headline\":\"Wehrdienst: Registrierungspflicht, Musterungspflicht, allgemeine Wehrpflicht als Optionen\",\"datePublished\":\"2025-11-13T12:34:26+00:00\",\"dateModified\":\"2025-11-13T12:34:26+00:00\",\"mainEntityOfPage\":{\"@id\":\"https:\/\/now-news.de\/de\/deutschland\/wehrdienst-registrierungspflicht-musterungspflicht-allgemeine-wehrpflicht-als-optionen\/\"},\"wordCount\":577,\"commentCount\":0,\"publisher\":{\"@id\":\"https:\/\/now-news.de\/de\/#organization\"},\"image\":{\"@id\":\"https:\/\/now-news.de\/de\/deutschland\/wehrdienst-registrierungspflicht-musterungspflicht-allgemeine-wehrpflicht-als-optionen\/#primaryimage\"},\"thumbnailUrl\":\"https:\/\/now-news.de\/de\/wp-content\/uploads\/sites\/3\/2025\/11\/Wehrdienst-Registrierungspflicht-Musterungspflicht-allgemeine-Wehrpflicht-als-Optionen.jpg\",\"keywords\":[\"allgemeine\",\"als\",\"Musterungspflicht\",\"Optionen\",\"Registrierungspflicht\",\"Wehrdienst\",\"Wehrpflicht\"],\"articleSection\":[\"Deutschland\",\"Russland\"],\"inLanguage\":\"de\",\"potentialAction\":[{\"@type\":\"CommentAction\",\"name\":\"Comment\",\"target\":[\"https:\/\/now-news.de\/de\/deutschland\/wehrdienst-registrierungspflicht-musterungspflicht-allgemeine-wehrpflicht-als-optionen\/#respond\"]}]},{\"@type\":\"WebPage\",\"@id\":\"https:\/\/now-news.de\/de\/deutschland\/wehrdienst-registrierungspflicht-musterungspflicht-allgemeine-wehrpflicht-als-optionen\/\",\"url\":\"https:\/\/now-news.de\/de\/deutschland\/wehrdienst-registrierungspflicht-musterungspflicht-allgemeine-wehrpflicht-als-optionen\/\",\"name\":\"Wehrdienst: Registrierungspflicht, Musterungspflicht, allgemeine Wehrpflicht als Optionen - just-now.NEWS Deutschland\",\"isPartOf\":{\"@id\":\"https:\/\/now-news.de\/de\/#website\"},\"primaryImageOfPage\":{\"@id\":\"https:\/\/now-news.de\/de\/deutschland\/wehrdienst-registrierungspflicht-musterungspflicht-allgemeine-wehrpflicht-als-optionen\/#primaryimage\"},\"image\":{\"@id\":\"https:\/\/now-news.de\/de\/deutschland\/wehrdienst-registrierungspflicht-musterungspflicht-allgemeine-wehrpflicht-als-optionen\/#primaryimage\"},\"thumbnailUrl\":\"https:\/\/now-news.de\/de\/wp-content\/uploads\/sites\/3\/2025\/11\/Wehrdienst-Registrierungspflicht-Musterungspflicht-allgemeine-Wehrpflicht-als-Optionen.jpg\",\"datePublished\":\"2025-11-13T12:34:26+00:00\",\"dateModified\":\"2025-11-13T12:34:26+00:00\",\"breadcrumb\":{\"@id\":\"https:\/\/now-news.de\/de\/deutschland\/wehrdienst-registrierungspflicht-musterungspflicht-allgemeine-wehrpflicht-als-optionen\/#breadcrumb\"},\"inLanguage\":\"de\",\"potentialAction\":[{\"@type\":\"ReadAction\",\"target\":[\"https:\/\/now-news.de\/de\/deutschland\/wehrdienst-registrierungspflicht-musterungspflicht-allgemeine-wehrpflicht-als-optionen\/\"]}]},{\"@type\":\"ImageObject\",\"inLanguage\":\"de\",\"@id\":\"https:\/\/now-news.de\/de\/deutschland\/wehrdienst-registrierungspflicht-musterungspflicht-allgemeine-wehrpflicht-als-optionen\/#primaryimage\",\"url\":\"https:\/\/now-news.de\/de\/wp-content\/uploads\/sites\/3\/2025\/11\/Wehrdienst-Registrierungspflicht-Musterungspflicht-allgemeine-Wehrpflicht-als-Optionen.jpg\",\"contentUrl\":\"https:\/\/now-news.de\/de\/wp-content\/uploads\/sites\/3\/2025\/11\/Wehrdienst-Registrierungspflicht-Musterungspflicht-allgemeine-Wehrpflicht-als-Optionen.jpg\",\"width\":460,\"height\":259,\"caption\":\"Wehrdienst: Registrierungspflicht, Musterungspflicht, allgemeine Wehrpflicht als Optionen\"},{\"@type\":\"BreadcrumbList\",\"@id\":\"https:\/\/now-news.de\/de\/deutschland\/wehrdienst-registrierungspflicht-musterungspflicht-allgemeine-wehrpflicht-als-optionen\/#breadcrumb\",\"itemListElement\":[{\"@type\":\"ListItem\",\"position\":1,\"name\":\"Home\",\"item\":\"https:\/\/now-news.de\/de\/\"},{\"@type\":\"ListItem\",\"position\":2,\"name\":\"Wehrdienst: Registrierungspflicht, Musterungspflicht, allgemeine Wehrpflicht als Optionen\"}]},{\"@type\":\"WebSite\",\"@id\":\"https:\/\/now-news.de\/de\/#website\",\"url\":\"https:\/\/now-news.de\/de\/\",\"name\":\"just-now.NEWS Deutschland\",\"description\":\"Das Portal f\u00fcr unzensierte Nachrichten aus der Welt\",\"publisher\":{\"@id\":\"https:\/\/now-news.de\/de\/#organization\"},\"potentialAction\":[{\"@type\":\"SearchAction\",\"target\":{\"@type\":\"EntryPoint\",\"urlTemplate\":\"https:\/\/now-news.de\/de\/?s={search_term_string}\"},\"query-input\":\"required name=search_term_string\"}],\"inLanguage\":\"de\"},{\"@type\":\"Organization\",\"@id\":\"https:\/\/now-news.de\/de\/#organization\",\"name\":\"Just Now News\",\"url\":\"https:\/\/now-news.de\/de\/\",\"logo\":{\"@type\":\"ImageObject\",\"inLanguage\":\"de\",\"@id\":\"https:\/\/now-news.de\/de\/#\/schema\/logo\/image\/\",\"url\":\"http:\/\/just-now.news\/de\/wp-content\/uploads\/sites\/3\/2022\/04\/logo500x500.jpg\",\"contentUrl\":\"http:\/\/just-now.news\/de\/wp-content\/uploads\/sites\/3\/2022\/04\/logo500x500.jpg\",\"width\":500,\"height\":500,\"caption\":\"Just Now News\"},\"image\":{\"@id\":\"https:\/\/now-news.de\/de\/#\/schema\/logo\/image\/\"},\"sameAs\":[\"https:\/\/www.facebook.com\/wirmachenauf\",\"https:\/\/x.com\/WirMachenAuf_de\"]},{\"@type\":\"Person\",\"@id\":\"https:\/\/now-news.de\/de\/#\/schema\/person\/fb534a4e865501d8b3285208df34a9b5\",\"name\":\"rtnews\",\"image\":{\"@type\":\"ImageObject\",\"inLanguage\":\"de\",\"@id\":\"https:\/\/now-news.de\/de\/#\/schema\/person\/image\/\",\"url\":\"https:\/\/secure.gravatar.com\/avatar\/82aafea7d8127119dd649515f56e2117?s=96&d=mm&r=g\",\"contentUrl\":\"https:\/\/secure.gravatar.com\/avatar\/82aafea7d8127119dd649515f56e2117?s=96&d=mm&r=g\",\"caption\":\"rtnews\"},\"url\":\"https:\/\/now-news.de\/de\/author\/rnews\/\"}]}<\/script>\n<!-- \/ Yoast SEO Premium plugin. -->","yoast_head_json":{"title":"Wehrdienst: Registrierungspflicht, Musterungspflicht, allgemeine Wehrpflicht als Optionen - just-now.NEWS Deutschland","robots":{"index":"index","follow":"follow","max-snippet":"max-snippet:-1","max-image-preview":"max-image-preview:large","max-video-preview":"max-video-preview:-1"},"canonical":"https:\/\/now-news.de\/de\/deutschland\/wehrdienst-registrierungspflicht-musterungspflicht-allgemeine-wehrpflicht-als-optionen\/","og_locale":"de_DE","og_type":"article","og_title":"Wehrdienst: Registrierungspflicht, Musterungspflicht, allgemeine Wehrpflicht als Optionen","og_description":"In einer Pressekonferenz stellten die Fraktionsspitzen von Union und SPD das neue Wehrdienstgesetz vor. Sollte man mit die angestrebte Zahl an Rekruten mit Freiwilligen nicht erreichen, wird in einer weiteren Debatte \u00fcber ein Losverfahren oder die allgemeine Wehrpflicht entschieden. Am Mittwochabend haben sich die Fraktionsspitzen von Union und SPD auf ein neues mehrstufiges Modell f\u00fcr [&hellip;]","og_url":"https:\/\/now-news.de\/de\/deutschland\/wehrdienst-registrierungspflicht-musterungspflicht-allgemeine-wehrpflicht-als-optionen\/","og_site_name":"just-now.NEWS Deutschland","article_publisher":"https:\/\/www.facebook.com\/wirmachenauf","article_published_time":"2025-11-13T12:34:26+00:00","og_image":[{"url":"https:\/\/now-news.de\/de\/wp-content\/uploads\/sites\/3\/2025\/11\/6915c163b480cc7e047959b4.jpg"}],"author":"rtnews","twitter_card":"summary_large_image","twitter_creator":"@WirMachenAuf_de","twitter_site":"@WirMachenAuf_de","twitter_misc":{"Verfasst von":"rtnews","Gesch\u00e4tzte Lesezeit":"3\u00a0Minuten"},"schema":{"@context":"https:\/\/schema.org","@graph":[{"@type":"Article","@id":"https:\/\/now-news.de\/de\/deutschland\/wehrdienst-registrierungspflicht-musterungspflicht-allgemeine-wehrpflicht-als-optionen\/#article","isPartOf":{"@id":"https:\/\/now-news.de\/de\/deutschland\/wehrdienst-registrierungspflicht-musterungspflicht-allgemeine-wehrpflicht-als-optionen\/"},"author":{"name":"rtnews","@id":"https:\/\/now-news.de\/de\/#\/schema\/person\/fb534a4e865501d8b3285208df34a9b5"},"headline":"Wehrdienst: Registrierungspflicht, Musterungspflicht, allgemeine Wehrpflicht als Optionen","datePublished":"2025-11-13T12:34:26+00:00","dateModified":"2025-11-13T12:34:26+00:00","mainEntityOfPage":{"@id":"https:\/\/now-news.de\/de\/deutschland\/wehrdienst-registrierungspflicht-musterungspflicht-allgemeine-wehrpflicht-als-optionen\/"},"wordCount":577,"commentCount":0,"publisher":{"@id":"https:\/\/now-news.de\/de\/#organization"},"image":{"@id":"https:\/\/now-news.de\/de\/deutschland\/wehrdienst-registrierungspflicht-musterungspflicht-allgemeine-wehrpflicht-als-optionen\/#primaryimage"},"thumbnailUrl":"https:\/\/now-news.de\/de\/wp-content\/uploads\/sites\/3\/2025\/11\/Wehrdienst-Registrierungspflicht-Musterungspflicht-allgemeine-Wehrpflicht-als-Optionen.jpg","keywords":["allgemeine","als","Musterungspflicht","Optionen","Registrierungspflicht","Wehrdienst","Wehrpflicht"],"articleSection":["Deutschland","Russland"],"inLanguage":"de","potentialAction":[{"@type":"CommentAction","name":"Comment","target":["https:\/\/now-news.de\/de\/deutschland\/wehrdienst-registrierungspflicht-musterungspflicht-allgemeine-wehrpflicht-als-optionen\/#respond"]}]},{"@type":"WebPage","@id":"https:\/\/now-news.de\/de\/deutschland\/wehrdienst-registrierungspflicht-musterungspflicht-allgemeine-wehrpflicht-als-optionen\/","url":"https:\/\/now-news.de\/de\/deutschland\/wehrdienst-registrierungspflicht-musterungspflicht-allgemeine-wehrpflicht-als-optionen\/","name":"Wehrdienst: Registrierungspflicht, Musterungspflicht, allgemeine Wehrpflicht als Optionen - just-now.NEWS Deutschland","isPartOf":{"@id":"https:\/\/now-news.de\/de\/#website"},"primaryImageOfPage":{"@id":"https:\/\/now-news.de\/de\/deutschland\/wehrdienst-registrierungspflicht-musterungspflicht-allgemeine-wehrpflicht-als-optionen\/#primaryimage"},"image":{"@id":"https:\/\/now-news.de\/de\/deutschland\/wehrdienst-registrierungspflicht-musterungspflicht-allgemeine-wehrpflicht-als-optionen\/#primaryimage"},"thumbnailUrl":"https:\/\/now-news.de\/de\/wp-content\/uploads\/sites\/3\/2025\/11\/Wehrdienst-Registrierungspflicht-Musterungspflicht-allgemeine-Wehrpflicht-als-Optionen.jpg","datePublished":"2025-11-13T12:34:26+00:00","dateModified":"2025-11-13T12:34:26+00:00","breadcrumb":{"@id":"https:\/\/now-news.de\/de\/deutschland\/wehrdienst-registrierungspflicht-musterungspflicht-allgemeine-wehrpflicht-als-optionen\/#breadcrumb"},"inLanguage":"de","potentialAction":[{"@type":"ReadAction","target":["https:\/\/now-news.de\/de\/deutschland\/wehrdienst-registrierungspflicht-musterungspflicht-allgemeine-wehrpflicht-als-optionen\/"]}]},{"@type":"ImageObject","inLanguage":"de","@id":"https:\/\/now-news.de\/de\/deutschland\/wehrdienst-registrierungspflicht-musterungspflicht-allgemeine-wehrpflicht-als-optionen\/#primaryimage","url":"https:\/\/now-news.de\/de\/wp-content\/uploads\/sites\/3\/2025\/11\/Wehrdienst-Registrierungspflicht-Musterungspflicht-allgemeine-Wehrpflicht-als-Optionen.jpg","contentUrl":"https:\/\/now-news.de\/de\/wp-content\/uploads\/sites\/3\/2025\/11\/Wehrdienst-Registrierungspflicht-Musterungspflicht-allgemeine-Wehrpflicht-als-Optionen.jpg","width":460,"height":259,"caption":"Wehrdienst: Registrierungspflicht, Musterungspflicht, allgemeine Wehrpflicht als Optionen"},{"@type":"BreadcrumbList","@id":"https:\/\/now-news.de\/de\/deutschland\/wehrdienst-registrierungspflicht-musterungspflicht-allgemeine-wehrpflicht-als-optionen\/#breadcrumb","itemListElement":[{"@type":"ListItem","position":1,"name":"Home","item":"https:\/\/now-news.de\/de\/"},{"@type":"ListItem","position":2,"name":"Wehrdienst: Registrierungspflicht, Musterungspflicht, allgemeine Wehrpflicht als Optionen"}]},{"@type":"WebSite","@id":"https:\/\/now-news.de\/de\/#website","url":"https:\/\/now-news.de\/de\/","name":"just-now.NEWS Deutschland","description":"Das Portal f\u00fcr unzensierte Nachrichten aus der Welt","publisher":{"@id":"https:\/\/now-news.de\/de\/#organization"},"potentialAction":[{"@type":"SearchAction","target":{"@type":"EntryPoint","urlTemplate":"https:\/\/now-news.de\/de\/?s={search_term_string}"},"query-input":"required name=search_term_string"}],"inLanguage":"de"},{"@type":"Organization","@id":"https:\/\/now-news.de\/de\/#organization","name":"Just Now News","url":"https:\/\/now-news.de\/de\/","logo":{"@type":"ImageObject","inLanguage":"de","@id":"https:\/\/now-news.de\/de\/#\/schema\/logo\/image\/","url":"http:\/\/just-now.news\/de\/wp-content\/uploads\/sites\/3\/2022\/04\/logo500x500.jpg","contentUrl":"http:\/\/just-now.news\/de\/wp-content\/uploads\/sites\/3\/2022\/04\/logo500x500.jpg","width":500,"height":500,"caption":"Just Now News"},"image":{"@id":"https:\/\/now-news.de\/de\/#\/schema\/logo\/image\/"},"sameAs":["https:\/\/www.facebook.com\/wirmachenauf","https:\/\/x.com\/WirMachenAuf_de"]},{"@type":"Person","@id":"https:\/\/now-news.de\/de\/#\/schema\/person\/fb534a4e865501d8b3285208df34a9b5","name":"rtnews","image":{"@type":"ImageObject","inLanguage":"de","@id":"https:\/\/now-news.de\/de\/#\/schema\/person\/image\/","url":"https:\/\/secure.gravatar.com\/avatar\/82aafea7d8127119dd649515f56e2117?s=96&d=mm&r=g","contentUrl":"https:\/\/secure.gravatar.com\/avatar\/82aafea7d8127119dd649515f56e2117?s=96&d=mm&r=g","caption":"rtnews"},"url":"https:\/\/now-news.de\/de\/author\/rnews\/"}]}},"_links":{"self":[{"href":"https:\/\/now-news.de\/de\/wp-json\/wp\/v2\/posts\/93854"}],"collection":[{"href":"https:\/\/now-news.de\/de\/wp-json\/wp\/v2\/posts"}],"about":[{"href":"https:\/\/now-news.de\/de\/wp-json\/wp\/v2\/types\/post"}],"author":[{"embeddable":true,"href":"https:\/\/now-news.de\/de\/wp-json\/wp\/v2\/users\/3"}],"replies":[{"embeddable":true,"href":"https:\/\/now-news.de\/de\/wp-json\/wp\/v2\/comments?post=93854"}],"version-history":[{"count":0,"href":"https:\/\/now-news.de\/de\/wp-json\/wp\/v2\/posts\/93854\/revisions"}],"wp:featuredmedia":[{"embeddable":true,"href":"https:\/\/now-news.de\/de\/wp-json\/wp\/v2\/media\/93855"}],"wp:attachment":[{"href":"https:\/\/now-news.de\/de\/wp-json\/wp\/v2\/media?parent=93854"}],"wp:term":[{"taxonomy":"category","embeddable":true,"href":"https:\/\/now-news.de\/de\/wp-json\/wp\/v2\/categories?post=93854"},{"taxonomy":"post_tag","embeddable":true,"href":"https:\/\/now-news.de\/de\/wp-json\/wp\/v2\/tags?post=93854"}],"curies":[{"name":"wp","href":"https:\/\/api.w.org\/{rel}","templated":true}]}}