{"id":93840,"date":"2025-11-13T07:30:00","date_gmt":"2025-11-13T05:30:00","guid":{"rendered":"https:\/\/now-news.de\/de\/deutschland\/zu-teure-senioren-junge-union-und-unternehmerlobby-sagen-rentnern-den-kampf-an\/"},"modified":"2025-11-13T07:30:00","modified_gmt":"2025-11-13T05:30:00","slug":"zu-teure-senioren-junge-union-und-unternehmerlobby-sagen-rentnern-den-kampf-an","status":"publish","type":"post","link":"https:\/\/now-news.de\/de\/deutschland\/zu-teure-senioren-junge-union-und-unternehmerlobby-sagen-rentnern-den-kampf-an\/","title":{"rendered":"Zu teure Senioren? Junge Union und Unternehmerlobby sagen Rentnern den Kampf an"},"content":{"rendered":"<p><img decoding=\"async\" src=\"https:\/\/now-news.de\/de\/wp-content\/uploads\/sites\/3\/2025\/11\/69130cda48fbef11c9476875.jpg\" \/><\/p>\n<div class=\"Text-root Text-type_1 \">\n                Ein Gesetzentwurf der Bundesregierung sieht vor, das mickrige deutsche Rentenniveau f\u00fcr sechs weitere Jahre durch Steuermittel zu sichern und Gerechtigkeitsl\u00fccken f\u00fcr M\u00fctter zu schlie\u00dfen. Die Altersarmut reduziert das kaum. Die Kapitallobby und junge Unionspolitiker wollen das verhindern.\n            <\/div>\n<p><\/p>\n<div class=\"Text-root Text-type_5 ArticleView-text ViewText-root \">\n<p><em>Von Susan Bonath<\/em><\/p>\n<p>Der Bundestag diskutiert mal wieder \u00fcber die Alterssicherung. Ein Gesetzentwurf der Regierung sieht vor, die M\u00fctterrente gerechter zu gestalten und sogenannte Haltelinien sechs Jahre zu verl\u00e4ngern, um das Rentenniveau nicht weiter in den Keller rutschen zu lassen. Doch selbst ein paar Jahre Status-quo-Erhalt sind einigen Unionsmitgliedern noch zu viel: Die &#8220;Junge Gruppe&#8221; \u2013 18 Nachwuchsabgeordnete der CDU und CSU \u2013 will den Entwurf blockieren und bl\u00e4st zum Kampf &#8220;Jung gegen Alt&#8221;.<\/p>\n<p><strong>Hungerrenten<\/strong><\/p>\n<p>Vorab: In den letzten 35 Jahren hatten gew\u00f6hnliche Rentner mit gravierenden K\u00fcrzungen zu k\u00e4mpfen, unter anderem durch die Erh\u00f6hung des Eintrittsalters von 65 auf 67 Jahre. Seit 1990 sank das Rentenniveau von 55 auf derzeit 48 Prozent vom vorherigen Bruttolohn. Zuvor hatte es zeitweise sogar bei fast 60 Prozent <a rel=\"nofollow noopener\" target=\"_blank\" href=\"https:\/\/www.vermoegenszentrum.de\/wissen\/rentenniveau#hoehe\">gelegen<\/a>.\u00a0Dass Senioren heute nicht noch weniger bekommen, falls sie 45 Jahre durchgearbeitet und eingezahlt haben, ist minimalen staatlichen Eingriffen, der sogenannten &#8220;Haltelinie&#8221;, in die zuvor vorangetriebenen &#8220;Reformen&#8221; zu verdanken.<\/p>\n<p>Den Anstieg der Altersarmut konnte diese &#8220;Haltelinie&#8221; bestenfalls verlangsamen, aber nicht aufhalten. Vergangenes Jahr stockten 740.000 Senioren und \u00fcber 520.000 j\u00fcngere Erwerbsunf\u00e4hige ihre mageren Altersbez\u00fcge mit Grundsicherung auf \u2013 etwa doppelt so viele wie 2006, Tendenz rasch <a rel=\"nofollow noopener\" target=\"_blank\" href=\"https:\/\/www.destatis.de\/DE\/Presse\/Pressemitteilungen\/2025\/03\/PD25_121_228.html\">steigend<\/a>.\u00a0Wobei von weitaus mehr Bed\u00fcrftigen auszugehen ist, die ihre Anspr\u00fcche aus Scham oder \u00dcberforderung nicht geltend machen.<\/p>\n<p>Vergangenes Jahr erhielt jeder f\u00fcnfte Rentner mit 45 Erwerbsjahren weniger als 1.200 Euro brutto <a rel=\"nofollow noopener\" target=\"_blank\" href=\"https:\/\/www.tagesschau.de\/wirtschaft\/rente-deutschland-unter-1200-euro-jeder-fuenfte-100.html\">monatlich<\/a>.\u00a0Derzeit br\u00e4uchte man einen Stundenlohn von 17,27 Euro, um mit durchgehender Vollzeitarbeit \u00fcber diesen langen Zeitraum im Alter diese Summe \u00fcberhaupt zu <a rel=\"nofollow noopener\" target=\"_blank\" href=\"https:\/\/taz.de\/BSW-Anfrage-zu-Renten\/!6059247\/\">erreichen<\/a>.\u00a0Netto w\u00e4ren das in etwa 1.050 Euro \u2013 immer noch zu wenig f\u00fcr viele Alleinstehende, um bei den heutigen Lebenshaltungskosten \u00fcber die Runden zu kommen.<\/p>\n<p>Hinzu kommt, dass die Arbeitsverh\u00e4ltnisse prek\u00e4rer werden. Viele haben heute nicht mehr das Gl\u00fcck, durchgehend bei entsprechendem Gehalt besch\u00e4ftigt zu sein \u2013 mit Ausnahme vielleicht von Beamten, aber diese zahlen in die gesetzliche Rentenversicherung nichts ein. Arbeitslosigkeit und notgedrungene Umschulungen hinterlassen L\u00fccken in der Rentenbeitragsbiografie. Und selbst wer immer wieder gleich was Neues findet, aber zeitlebens im Niedriglohnsektor, zuletzt f\u00fcr Mindestlohn geackert hat, bek\u00e4me heute nach 45 Jahren mit der Rente etwa 920 Euro netto ausgezahlt \u2013 eine Summe, die man mancherorts f\u00fcr eine Einraumwohnung zahlt.<\/p>\n<p><strong>Status quo verl\u00e4ngern<\/strong><\/p>\n<p>Der diskutierte <a rel=\"nofollow noopener\" target=\"_blank\" href=\"https:\/\/www.bundestag.de\/ausschuesse\/a11_arbeit_soziales\/anhoerungen\/1119130-1119130\">Gesetzentwurf<\/a>\u00a0sieht nun vor, das Rentenniveau bis 2031 bei 48 Prozent zu halten. \u00dcberdies sollen f\u00fcr Erziehungszeiten f\u00fcr vor und nach 1992 geborene Kinder gleicherma\u00dfen drei Jahre auf die Altersbez\u00fcge angerechnet werden. Bisher sind M\u00fctter von \u00e4lterem Nachwuchs hier benachteiligt, ihnen werden nur 30 Erziehungsmonate angerechnet. Diese sogenannte M\u00fctterrente hatte der Gesetzgeber 2014 eingef\u00fchrt.<\/p>\n<p>Es geht also keineswegs um Wohltaten f\u00fcr Rentner, sondern um einen f\u00fcr wenige Jahre befristeten Erhalt des Status quo der Rentenh\u00f6he und das Schlie\u00dfen der Gerechtigkeitsl\u00fccke f\u00fcr M\u00fctter. Apropos Kinder: Immer gern verschwiegen wird, dass das Kapital durchaus selbst Interesse daran hat, dass sich die ben\u00f6tigte Arbeitskraft in Form von Nachwuchs reproduziert. Nur aufkommen wollen die Profiteure daf\u00fcr nicht. Mit Blick auf die Politik k\u00f6nnte man das im Kreuzfeuer stehende Vorhaben auch so qualifizieren: Die Mehrheit der Regierungspolitiker will offenbar die Zahl verarmender Senioren, die man schon heute oft beim Flaschensammeln sieht, nicht ganz so drastisch explodieren lassen.<\/p>\n<p><strong>Die Beitragsl\u00fcge<\/strong><\/p>\n<p>Der seit langem vor allem im Interesse gro\u00dfer Unternehmen agierende Deutsche Gewerkschaftsbund (DGB) begr\u00fc\u00dft die geplante wirkungsarme Bremse in seiner Stellungnahme und schwenkt dazu mal kurz seine sozialdemokratische &#8220;Flagge&#8221;: Das Rentenniveau m\u00fcsse aber zus\u00e4tzlich &#8220;dauerhaft auf 50 Prozent angehoben werden.&#8221; Es sei im internationalen Vergleich in Deutschland n\u00e4mlich unterdurchschnittlich. Das liege auch an dem &#8220;niedrigen Beitragssatz&#8221; von 18,6 Prozent, der zur H\u00e4lfte vom Bruttolohn des Besch\u00e4ftigten abgezogen wird und den zur anderen H\u00e4lfte das Unternehmen obendrauf packt.<\/p>\n<p>Es stimmt, dass in anderen europ\u00e4ischen L\u00e4ndern mehr Geld pro Besch\u00e4ftigtem in die Sozialkassen flie\u00dft. Im Unterschied zu Deutschland sind die Beitragss\u00e4tze dort aber anders aufgeteilt: Der Arbeitnehmer zahlt im Schnitt nur ein Viertel des Gesamtbetrags, den Rest muss der Arbeitgeber tragen. Somit bleibt die Brutto-Netto-Diskrepanz in vielen EU-L\u00e4ndern viel geringer als in der BRD.<\/p>\n<p><strong>L\u00f6hne dr\u00fccken mit Sozialabgaben<\/strong><\/p>\n<p>In Italien beispielsweise gehen f\u00fcr \u00e4ltere Besch\u00e4ftigte rund 43 Prozent vom Brutto f\u00fcr die gesamte Sozialversicherung, einschlie\u00dflich Krankenkasse, drauf. Vom Arbeitslohn flie\u00dfen davon aber nur gut zehn Prozent ab, den Rest finanziert das Unternehmen. In Spanien zahlen Arbeitnehmer sogar nur 6,4 Prozent selbst, etwa 32 Prozent vom Brutto kommen vom Arbeitgeber hinzu. In Frankreich ist es \u00e4hnlich: Dort liegt der Beitrag f\u00fcr die Rente je nach Alter bei rund 25 Prozent, f\u00fcr die Krankenversicherung bei 14 Prozent. Der Angestellte selbst zahlt allerdings insgesamt nur etwa neun Prozent, drei Viertel tr\u00e4gt der Betrieb.<\/p>\n<p>Kurz gesagt: In Deutschland betr\u00e4gt die H\u00f6he der Beitr\u00e4ge f\u00fcr Renten-, Kranken- und Pflegeversicherung inklusive Zusatzbeitrag zusammengenommen bei etwa 34,5 Prozent. In den genannten Nachbarstaaten hingegen sind diese Abgaben mit gut 38 bis 43 Prozent vom Brutto deutlich h\u00f6her. Doch w\u00e4hrend dort die Arbeitnehmer nur rund ein Viertel davon tragen, beharrt die deutsche Politik auf dem H\u00e4lfte-H\u00e4lfte-Prinzip.<\/p>\n<p>Dass Besch\u00e4ftigte in Deutschland weniger Netto vom Brutto haben als in anderen EU-Staaten, liegt also nicht an \u00fcberbordenden Sozialbeitr\u00e4gen, wie es gerne suggeriert wird, sondern daran, dass die Arbeitgeberanteile in der BRD viel niedriger sind. So minimiert man die Arbeitskosten der Konzerne \u2013 und dr\u00fcckt durch hohe Abgaben die Nettol\u00f6hne der Besch\u00e4ftigten.<\/p>\n<p><strong>Militarisierung statt Alterssicherung<\/strong><\/p>\n<p>Der gr\u00f6\u00dfte Kapitalverband Deutschlands, die Bundesvereinigung der Deutschen Arbeitgeberverb\u00e4nde (BDA), stemmt sich wie erwartet dagegen, seinem &#8220;Humankapital&#8221; ein ausk\u00f6mmliches Leben zu bescheren, erst recht im Alter, wenn es nicht mehr f\u00fcr die Kapitalverwertung taugt. Rund 200 Milliarden Euro werde der Erhalt des (kl\u00e4glichen) gegenw\u00e4rtigen Rentenniveaus innerhalb von 15 Jahren zus\u00e4tzlich verschlingen, klagt er. Das sind gut 13 Milliarden Euro pro Jahr \u2013 das h\u00f6rt sich schon ganz anders an.<\/p>\n<p>Abgesehen davon, dass man das Geld durch eine h\u00f6here Beteiligung der Unternehmen komplett sparen k\u00f6nnte: Bedenkt man die zus\u00e4tzlichen, schuldenfinanzierten, aber letztlich auf den Schultern der Arbeiter lastenden Sonderverm\u00f6gen f\u00fcrs Milit\u00e4r und entsprechende Infrastruktur, die 2022 und 2025 in einer Gesamth\u00f6he von 600 Milliarden Euro beschlossen wurden, dazu die Verdoppelung der Milit\u00e4rausgaben auf rund 90 Milliarden Euro pro Jahr, wird klar, wo hier die Priorit\u00e4ten liegen: F\u00fcr die Profitmaximierung einiger weniger, und sei es durch Krieg, scheut die Politik keine Kosten. Rentner haben diese Lobby nicht.<\/p>\n<p><strong>N\u00fctzlichkeitsdenken<\/strong><\/p>\n<p>Selbst wenn das Gesetz demn\u00e4chst beschlossen w\u00fcrde, bef\u00fcrchtet der Sozialverband VdK einen weiteren Absturz des Rentenniveaus und eine Explosion der Altersarmut, sobald die aktuelle &#8220;Bremse&#8221; 2032 ausl\u00e4uft. Dann k\u00f6nnte die Rente 2040 nur noch 46 Prozent vom Brutto betragen, warnt er in seiner Stellungnahme.<\/p>\n<p>Ob das Gesetz tats\u00e4chlich durchgeht, steht aber noch nicht fest. Ein kleiner Zusammenschluss von Nachwuchsabgeordneten innerhalb der Unionsfraktion, die sogenannte &#8220;Junge Gruppe&#8221;, ist dagegen in die Schlacht gezogen. Deren &#8220;Chef&#8221;, der 30-j\u00e4hrige CDU-Karrierist Pascal Reddig, <a rel=\"nofollow noopener\" target=\"_blank\" href=\"https:\/\/www.merkur.de\/wirtschaft\/renten-zoff-eskaliert-politiker-der-merz-regierung-mit-neuer-variante-des-enkeltricks-zr-94030484.html\">wetterte<\/a>, der Gesetzentwurf zur Sicherung des Status quo treibe die Sozialausgaben in die H\u00f6he, dies &#8220;zulasten der n\u00e4chsten Generation&#8221;.\u00a0<\/p>\n<p>Das N\u00fctzlichkeitsdenken der neoliberalen Marktlogik l\u00e4sst gr\u00fc\u00dfen: Wer f\u00fcr die Profitmaximierung nicht mehr taugt, kann &#8220;weg&#8221;, salopp gesagt, ob arbeitslos, krank oder alt\u00a0\u2013 egal. Bundeskanzler Merz hat sich bei seiner erbosten Jugendorganisation, der &#8220;Jungen Union&#8221;, wegen der &#8220;Differenzen&#8221; bereits als Redner angek\u00fcndigt. Mal sehen, ob er einknicken \u2013 und die SPD ihm folgen wird. So oder so werden immer mehr verarmte Senioren zum neuen deutschen Stadtbild geh\u00f6ren \u2013 ganz ohne Zutun irgendeines Migranten.<\/p>\n<p><strong>Mehr zum Thema<\/strong>\u00a0\u2013 <a rel=\"nofollow noopener\" target=\"_blank\" href=\"https:\/\/freedert.online\/inland\/260679-rente-ist-nicht-mehr-sicher\/\">Rente nicht mehr sicher: Bundesbankchef Nagel fordert l\u00e4ngere Lebensarbeitszeit<\/a><\/p>\n<div class=\"EmbedBlock-root EmbedBlock-externalVideo EmbedBlock-rumble\">\n<div class=\"VkEmbed\"><iframe class=\"lazyload\" data-src=\"https:\/\/rumble.com\/embed\/v6z6stu\" frameborder=\"0\" width=\"853\" height=\"480\" allowfullscreen><\/iframe><\/div>\n<\/div>\n<\/div>\n<p><br \/>\n<br \/><a href=\"https:\/\/de.rt.com\/meinung\/261365-zu-teure-senioren-junge-union\/\">Source link <\/a><\/p>\n","protected":false},"excerpt":{"rendered":"<p>Ein Gesetzentwurf der Bundesregierung sieht vor, das mickrige deutsche Rentenniveau f\u00fcr sechs weitere Jahre durch Steuermittel zu sichern und Gerechtigkeitsl\u00fccken f\u00fcr M\u00fctter zu schlie\u00dfen. Die Altersarmut reduziert das kaum. Die Kapitallobby und junge Unionspolitiker wollen das verhindern. Von Susan Bonath Der Bundestag diskutiert mal wieder \u00fcber die Alterssicherung. Ein Gesetzentwurf der Regierung sieht vor, die [&hellip;]<\/p>\n","protected":false},"author":3,"featured_media":93841,"comment_status":"open","ping_status":"open","sticky":false,"template":"","format":"standard","meta":{"_yoast_indexnow_last_ping":["1763012558"],"wp_automatic_camp":["217"],"10e8a2196c7877ef89d292905f3739d3":["Zu teure Senioren? Junge Union und Unternehmerlobby sagen Rentnern den Kampf an"],"original_link":["https:\/\/de.rt.com\/meinung\/261365-zu-teure-senioren-junge-union\/"],"_thumbnail_id":["93841"],"jnews_social_counter_last_update":["1777622573"],"_wptgpro_p2tg_sent2tg":["a:1:{i:23737;s:19:\"2025-11-13 07:43:38\";}"]},"categories":[19,23],"tags":[48,25595,5522,65550,3278,21908,1778,140,6716,69130],"yoast_head":"<!-- This site is optimized with the Yoast SEO Premium plugin v22.7 (Yoast SEO v22.7) - https:\/\/yoast.com\/wordpress\/plugins\/seo\/ -->\n<title>Zu teure Senioren? Junge Union und Unternehmerlobby sagen Rentnern den Kampf an - just-now.NEWS Deutschland<\/title>\n<meta name=\"robots\" content=\"index, follow, max-snippet:-1, max-image-preview:large, max-video-preview:-1\" \/>\n<link rel=\"canonical\" href=\"https:\/\/now-news.de\/de\/deutschland\/zu-teure-senioren-junge-union-und-unternehmerlobby-sagen-rentnern-den-kampf-an\/\" \/>\n<meta property=\"og:locale\" content=\"de_DE\" \/>\n<meta property=\"og:type\" content=\"article\" \/>\n<meta property=\"og:title\" content=\"Zu teure Senioren? Junge Union und Unternehmerlobby sagen Rentnern den Kampf an\" \/>\n<meta property=\"og:description\" content=\"Ein Gesetzentwurf der Bundesregierung sieht vor, das mickrige deutsche Rentenniveau f\u00fcr sechs weitere Jahre durch Steuermittel zu sichern und Gerechtigkeitsl\u00fccken f\u00fcr M\u00fctter zu schlie\u00dfen. Die Altersarmut reduziert das kaum. Die Kapitallobby und junge Unionspolitiker wollen das verhindern. Von Susan Bonath Der Bundestag diskutiert mal wieder \u00fcber die Alterssicherung. Ein Gesetzentwurf der Regierung sieht vor, die [&hellip;]\" \/>\n<meta property=\"og:url\" content=\"https:\/\/now-news.de\/de\/deutschland\/zu-teure-senioren-junge-union-und-unternehmerlobby-sagen-rentnern-den-kampf-an\/\" \/>\n<meta property=\"og:site_name\" content=\"just-now.NEWS Deutschland\" \/>\n<meta property=\"article:publisher\" content=\"https:\/\/www.facebook.com\/wirmachenauf\" \/>\n<meta property=\"article:published_time\" content=\"2025-11-13T05:30:00+00:00\" \/>\n<meta property=\"og:image\" content=\"https:\/\/now-news.de\/de\/wp-content\/uploads\/sites\/3\/2025\/11\/69130cda48fbef11c9476875.jpg\" \/>\n<meta name=\"author\" content=\"rtnews\" \/>\n<meta name=\"twitter:card\" content=\"summary_large_image\" \/>\n<meta name=\"twitter:creator\" content=\"@WirMachenAuf_de\" \/>\n<meta name=\"twitter:site\" content=\"@WirMachenAuf_de\" \/>\n<meta name=\"twitter:label1\" content=\"Verfasst von\" \/>\n\t<meta name=\"twitter:data1\" content=\"rtnews\" \/>\n\t<meta name=\"twitter:label2\" content=\"Gesch\u00e4tzte Lesezeit\" \/>\n\t<meta name=\"twitter:data2\" content=\"6\u00a0Minuten\" \/>\n<script type=\"application\/ld+json\" class=\"yoast-schema-graph\">{\"@context\":\"https:\/\/schema.org\",\"@graph\":[{\"@type\":\"Article\",\"@id\":\"https:\/\/now-news.de\/de\/deutschland\/zu-teure-senioren-junge-union-und-unternehmerlobby-sagen-rentnern-den-kampf-an\/#article\",\"isPartOf\":{\"@id\":\"https:\/\/now-news.de\/de\/deutschland\/zu-teure-senioren-junge-union-und-unternehmerlobby-sagen-rentnern-den-kampf-an\/\"},\"author\":{\"name\":\"rtnews\",\"@id\":\"https:\/\/now-news.de\/de\/#\/schema\/person\/fb534a4e865501d8b3285208df34a9b5\"},\"headline\":\"Zu teure Senioren? Junge Union und Unternehmerlobby sagen Rentnern den Kampf an\",\"datePublished\":\"2025-11-13T05:30:00+00:00\",\"dateModified\":\"2025-11-13T05:30:00+00:00\",\"mainEntityOfPage\":{\"@id\":\"https:\/\/now-news.de\/de\/deutschland\/zu-teure-senioren-junge-union-und-unternehmerlobby-sagen-rentnern-den-kampf-an\/\"},\"wordCount\":1315,\"commentCount\":0,\"publisher\":{\"@id\":\"https:\/\/now-news.de\/de\/#organization\"},\"image\":{\"@id\":\"https:\/\/now-news.de\/de\/deutschland\/zu-teure-senioren-junge-union-und-unternehmerlobby-sagen-rentnern-den-kampf-an\/#primaryimage\"},\"thumbnailUrl\":\"https:\/\/now-news.de\/de\/wp-content\/uploads\/sites\/3\/2025\/11\/Zu-teure-Senioren-Junge-Union-und-Unternehmerlobby-sagen-Rentnern-den.jpg\",\"keywords\":[\"den\",\"Junge\",\"Kampf\",\"Rentnern\",\"sagen\",\"Senioren\",\"teure\",\"und\",\"Union\",\"Unternehmerlobby\"],\"articleSection\":[\"Deutschland\",\"Russland\"],\"inLanguage\":\"de\",\"potentialAction\":[{\"@type\":\"CommentAction\",\"name\":\"Comment\",\"target\":[\"https:\/\/now-news.de\/de\/deutschland\/zu-teure-senioren-junge-union-und-unternehmerlobby-sagen-rentnern-den-kampf-an\/#respond\"]}]},{\"@type\":\"WebPage\",\"@id\":\"https:\/\/now-news.de\/de\/deutschland\/zu-teure-senioren-junge-union-und-unternehmerlobby-sagen-rentnern-den-kampf-an\/\",\"url\":\"https:\/\/now-news.de\/de\/deutschland\/zu-teure-senioren-junge-union-und-unternehmerlobby-sagen-rentnern-den-kampf-an\/\",\"name\":\"Zu teure Senioren? Junge Union und Unternehmerlobby sagen Rentnern den Kampf an - just-now.NEWS Deutschland\",\"isPartOf\":{\"@id\":\"https:\/\/now-news.de\/de\/#website\"},\"primaryImageOfPage\":{\"@id\":\"https:\/\/now-news.de\/de\/deutschland\/zu-teure-senioren-junge-union-und-unternehmerlobby-sagen-rentnern-den-kampf-an\/#primaryimage\"},\"image\":{\"@id\":\"https:\/\/now-news.de\/de\/deutschland\/zu-teure-senioren-junge-union-und-unternehmerlobby-sagen-rentnern-den-kampf-an\/#primaryimage\"},\"thumbnailUrl\":\"https:\/\/now-news.de\/de\/wp-content\/uploads\/sites\/3\/2025\/11\/Zu-teure-Senioren-Junge-Union-und-Unternehmerlobby-sagen-Rentnern-den.jpg\",\"datePublished\":\"2025-11-13T05:30:00+00:00\",\"dateModified\":\"2025-11-13T05:30:00+00:00\",\"breadcrumb\":{\"@id\":\"https:\/\/now-news.de\/de\/deutschland\/zu-teure-senioren-junge-union-und-unternehmerlobby-sagen-rentnern-den-kampf-an\/#breadcrumb\"},\"inLanguage\":\"de\",\"potentialAction\":[{\"@type\":\"ReadAction\",\"target\":[\"https:\/\/now-news.de\/de\/deutschland\/zu-teure-senioren-junge-union-und-unternehmerlobby-sagen-rentnern-den-kampf-an\/\"]}]},{\"@type\":\"ImageObject\",\"inLanguage\":\"de\",\"@id\":\"https:\/\/now-news.de\/de\/deutschland\/zu-teure-senioren-junge-union-und-unternehmerlobby-sagen-rentnern-den-kampf-an\/#primaryimage\",\"url\":\"https:\/\/now-news.de\/de\/wp-content\/uploads\/sites\/3\/2025\/11\/Zu-teure-Senioren-Junge-Union-und-Unternehmerlobby-sagen-Rentnern-den.jpg\",\"contentUrl\":\"https:\/\/now-news.de\/de\/wp-content\/uploads\/sites\/3\/2025\/11\/Zu-teure-Senioren-Junge-Union-und-Unternehmerlobby-sagen-Rentnern-den.jpg\",\"width\":460,\"height\":259,\"caption\":\"Zu teure Senioren? Junge Union und Unternehmerlobby sagen Rentnern den Kampf an\"},{\"@type\":\"BreadcrumbList\",\"@id\":\"https:\/\/now-news.de\/de\/deutschland\/zu-teure-senioren-junge-union-und-unternehmerlobby-sagen-rentnern-den-kampf-an\/#breadcrumb\",\"itemListElement\":[{\"@type\":\"ListItem\",\"position\":1,\"name\":\"Home\",\"item\":\"https:\/\/now-news.de\/de\/\"},{\"@type\":\"ListItem\",\"position\":2,\"name\":\"Zu teure Senioren? Junge Union und Unternehmerlobby sagen Rentnern den Kampf an\"}]},{\"@type\":\"WebSite\",\"@id\":\"https:\/\/now-news.de\/de\/#website\",\"url\":\"https:\/\/now-news.de\/de\/\",\"name\":\"just-now.NEWS Deutschland\",\"description\":\"Das Portal f\u00fcr unzensierte Nachrichten aus der Welt\",\"publisher\":{\"@id\":\"https:\/\/now-news.de\/de\/#organization\"},\"potentialAction\":[{\"@type\":\"SearchAction\",\"target\":{\"@type\":\"EntryPoint\",\"urlTemplate\":\"https:\/\/now-news.de\/de\/?s={search_term_string}\"},\"query-input\":\"required name=search_term_string\"}],\"inLanguage\":\"de\"},{\"@type\":\"Organization\",\"@id\":\"https:\/\/now-news.de\/de\/#organization\",\"name\":\"Just Now News\",\"url\":\"https:\/\/now-news.de\/de\/\",\"logo\":{\"@type\":\"ImageObject\",\"inLanguage\":\"de\",\"@id\":\"https:\/\/now-news.de\/de\/#\/schema\/logo\/image\/\",\"url\":\"http:\/\/just-now.news\/de\/wp-content\/uploads\/sites\/3\/2022\/04\/logo500x500.jpg\",\"contentUrl\":\"http:\/\/just-now.news\/de\/wp-content\/uploads\/sites\/3\/2022\/04\/logo500x500.jpg\",\"width\":500,\"height\":500,\"caption\":\"Just Now News\"},\"image\":{\"@id\":\"https:\/\/now-news.de\/de\/#\/schema\/logo\/image\/\"},\"sameAs\":[\"https:\/\/www.facebook.com\/wirmachenauf\",\"https:\/\/x.com\/WirMachenAuf_de\"]},{\"@type\":\"Person\",\"@id\":\"https:\/\/now-news.de\/de\/#\/schema\/person\/fb534a4e865501d8b3285208df34a9b5\",\"name\":\"rtnews\",\"image\":{\"@type\":\"ImageObject\",\"inLanguage\":\"de\",\"@id\":\"https:\/\/now-news.de\/de\/#\/schema\/person\/image\/\",\"url\":\"https:\/\/secure.gravatar.com\/avatar\/82aafea7d8127119dd649515f56e2117?s=96&d=mm&r=g\",\"contentUrl\":\"https:\/\/secure.gravatar.com\/avatar\/82aafea7d8127119dd649515f56e2117?s=96&d=mm&r=g\",\"caption\":\"rtnews\"},\"url\":\"https:\/\/now-news.de\/de\/author\/rnews\/\"}]}<\/script>\n<!-- \/ Yoast SEO Premium plugin. -->","yoast_head_json":{"title":"Zu teure Senioren? Junge Union und Unternehmerlobby sagen Rentnern den Kampf an - just-now.NEWS Deutschland","robots":{"index":"index","follow":"follow","max-snippet":"max-snippet:-1","max-image-preview":"max-image-preview:large","max-video-preview":"max-video-preview:-1"},"canonical":"https:\/\/now-news.de\/de\/deutschland\/zu-teure-senioren-junge-union-und-unternehmerlobby-sagen-rentnern-den-kampf-an\/","og_locale":"de_DE","og_type":"article","og_title":"Zu teure Senioren? Junge Union und Unternehmerlobby sagen Rentnern den Kampf an","og_description":"Ein Gesetzentwurf der Bundesregierung sieht vor, das mickrige deutsche Rentenniveau f\u00fcr sechs weitere Jahre durch Steuermittel zu sichern und Gerechtigkeitsl\u00fccken f\u00fcr M\u00fctter zu schlie\u00dfen. Die Altersarmut reduziert das kaum. Die Kapitallobby und junge Unionspolitiker wollen das verhindern. Von Susan Bonath Der Bundestag diskutiert mal wieder \u00fcber die Alterssicherung. Ein Gesetzentwurf der Regierung sieht vor, die [&hellip;]","og_url":"https:\/\/now-news.de\/de\/deutschland\/zu-teure-senioren-junge-union-und-unternehmerlobby-sagen-rentnern-den-kampf-an\/","og_site_name":"just-now.NEWS Deutschland","article_publisher":"https:\/\/www.facebook.com\/wirmachenauf","article_published_time":"2025-11-13T05:30:00+00:00","og_image":[{"url":"https:\/\/now-news.de\/de\/wp-content\/uploads\/sites\/3\/2025\/11\/69130cda48fbef11c9476875.jpg"}],"author":"rtnews","twitter_card":"summary_large_image","twitter_creator":"@WirMachenAuf_de","twitter_site":"@WirMachenAuf_de","twitter_misc":{"Verfasst von":"rtnews","Gesch\u00e4tzte Lesezeit":"6\u00a0Minuten"},"schema":{"@context":"https:\/\/schema.org","@graph":[{"@type":"Article","@id":"https:\/\/now-news.de\/de\/deutschland\/zu-teure-senioren-junge-union-und-unternehmerlobby-sagen-rentnern-den-kampf-an\/#article","isPartOf":{"@id":"https:\/\/now-news.de\/de\/deutschland\/zu-teure-senioren-junge-union-und-unternehmerlobby-sagen-rentnern-den-kampf-an\/"},"author":{"name":"rtnews","@id":"https:\/\/now-news.de\/de\/#\/schema\/person\/fb534a4e865501d8b3285208df34a9b5"},"headline":"Zu teure Senioren? Junge Union und Unternehmerlobby sagen Rentnern den Kampf an","datePublished":"2025-11-13T05:30:00+00:00","dateModified":"2025-11-13T05:30:00+00:00","mainEntityOfPage":{"@id":"https:\/\/now-news.de\/de\/deutschland\/zu-teure-senioren-junge-union-und-unternehmerlobby-sagen-rentnern-den-kampf-an\/"},"wordCount":1315,"commentCount":0,"publisher":{"@id":"https:\/\/now-news.de\/de\/#organization"},"image":{"@id":"https:\/\/now-news.de\/de\/deutschland\/zu-teure-senioren-junge-union-und-unternehmerlobby-sagen-rentnern-den-kampf-an\/#primaryimage"},"thumbnailUrl":"https:\/\/now-news.de\/de\/wp-content\/uploads\/sites\/3\/2025\/11\/Zu-teure-Senioren-Junge-Union-und-Unternehmerlobby-sagen-Rentnern-den.jpg","keywords":["den","Junge","Kampf","Rentnern","sagen","Senioren","teure","und","Union","Unternehmerlobby"],"articleSection":["Deutschland","Russland"],"inLanguage":"de","potentialAction":[{"@type":"CommentAction","name":"Comment","target":["https:\/\/now-news.de\/de\/deutschland\/zu-teure-senioren-junge-union-und-unternehmerlobby-sagen-rentnern-den-kampf-an\/#respond"]}]},{"@type":"WebPage","@id":"https:\/\/now-news.de\/de\/deutschland\/zu-teure-senioren-junge-union-und-unternehmerlobby-sagen-rentnern-den-kampf-an\/","url":"https:\/\/now-news.de\/de\/deutschland\/zu-teure-senioren-junge-union-und-unternehmerlobby-sagen-rentnern-den-kampf-an\/","name":"Zu teure Senioren? Junge Union und Unternehmerlobby sagen Rentnern den Kampf an - just-now.NEWS Deutschland","isPartOf":{"@id":"https:\/\/now-news.de\/de\/#website"},"primaryImageOfPage":{"@id":"https:\/\/now-news.de\/de\/deutschland\/zu-teure-senioren-junge-union-und-unternehmerlobby-sagen-rentnern-den-kampf-an\/#primaryimage"},"image":{"@id":"https:\/\/now-news.de\/de\/deutschland\/zu-teure-senioren-junge-union-und-unternehmerlobby-sagen-rentnern-den-kampf-an\/#primaryimage"},"thumbnailUrl":"https:\/\/now-news.de\/de\/wp-content\/uploads\/sites\/3\/2025\/11\/Zu-teure-Senioren-Junge-Union-und-Unternehmerlobby-sagen-Rentnern-den.jpg","datePublished":"2025-11-13T05:30:00+00:00","dateModified":"2025-11-13T05:30:00+00:00","breadcrumb":{"@id":"https:\/\/now-news.de\/de\/deutschland\/zu-teure-senioren-junge-union-und-unternehmerlobby-sagen-rentnern-den-kampf-an\/#breadcrumb"},"inLanguage":"de","potentialAction":[{"@type":"ReadAction","target":["https:\/\/now-news.de\/de\/deutschland\/zu-teure-senioren-junge-union-und-unternehmerlobby-sagen-rentnern-den-kampf-an\/"]}]},{"@type":"ImageObject","inLanguage":"de","@id":"https:\/\/now-news.de\/de\/deutschland\/zu-teure-senioren-junge-union-und-unternehmerlobby-sagen-rentnern-den-kampf-an\/#primaryimage","url":"https:\/\/now-news.de\/de\/wp-content\/uploads\/sites\/3\/2025\/11\/Zu-teure-Senioren-Junge-Union-und-Unternehmerlobby-sagen-Rentnern-den.jpg","contentUrl":"https:\/\/now-news.de\/de\/wp-content\/uploads\/sites\/3\/2025\/11\/Zu-teure-Senioren-Junge-Union-und-Unternehmerlobby-sagen-Rentnern-den.jpg","width":460,"height":259,"caption":"Zu teure Senioren? Junge Union und Unternehmerlobby sagen Rentnern den Kampf an"},{"@type":"BreadcrumbList","@id":"https:\/\/now-news.de\/de\/deutschland\/zu-teure-senioren-junge-union-und-unternehmerlobby-sagen-rentnern-den-kampf-an\/#breadcrumb","itemListElement":[{"@type":"ListItem","position":1,"name":"Home","item":"https:\/\/now-news.de\/de\/"},{"@type":"ListItem","position":2,"name":"Zu teure Senioren? Junge Union und Unternehmerlobby sagen Rentnern den Kampf an"}]},{"@type":"WebSite","@id":"https:\/\/now-news.de\/de\/#website","url":"https:\/\/now-news.de\/de\/","name":"just-now.NEWS Deutschland","description":"Das Portal f\u00fcr unzensierte Nachrichten aus der Welt","publisher":{"@id":"https:\/\/now-news.de\/de\/#organization"},"potentialAction":[{"@type":"SearchAction","target":{"@type":"EntryPoint","urlTemplate":"https:\/\/now-news.de\/de\/?s={search_term_string}"},"query-input":"required name=search_term_string"}],"inLanguage":"de"},{"@type":"Organization","@id":"https:\/\/now-news.de\/de\/#organization","name":"Just Now News","url":"https:\/\/now-news.de\/de\/","logo":{"@type":"ImageObject","inLanguage":"de","@id":"https:\/\/now-news.de\/de\/#\/schema\/logo\/image\/","url":"http:\/\/just-now.news\/de\/wp-content\/uploads\/sites\/3\/2022\/04\/logo500x500.jpg","contentUrl":"http:\/\/just-now.news\/de\/wp-content\/uploads\/sites\/3\/2022\/04\/logo500x500.jpg","width":500,"height":500,"caption":"Just Now News"},"image":{"@id":"https:\/\/now-news.de\/de\/#\/schema\/logo\/image\/"},"sameAs":["https:\/\/www.facebook.com\/wirmachenauf","https:\/\/x.com\/WirMachenAuf_de"]},{"@type":"Person","@id":"https:\/\/now-news.de\/de\/#\/schema\/person\/fb534a4e865501d8b3285208df34a9b5","name":"rtnews","image":{"@type":"ImageObject","inLanguage":"de","@id":"https:\/\/now-news.de\/de\/#\/schema\/person\/image\/","url":"https:\/\/secure.gravatar.com\/avatar\/82aafea7d8127119dd649515f56e2117?s=96&d=mm&r=g","contentUrl":"https:\/\/secure.gravatar.com\/avatar\/82aafea7d8127119dd649515f56e2117?s=96&d=mm&r=g","caption":"rtnews"},"url":"https:\/\/now-news.de\/de\/author\/rnews\/"}]}},"_links":{"self":[{"href":"https:\/\/now-news.de\/de\/wp-json\/wp\/v2\/posts\/93840"}],"collection":[{"href":"https:\/\/now-news.de\/de\/wp-json\/wp\/v2\/posts"}],"about":[{"href":"https:\/\/now-news.de\/de\/wp-json\/wp\/v2\/types\/post"}],"author":[{"embeddable":true,"href":"https:\/\/now-news.de\/de\/wp-json\/wp\/v2\/users\/3"}],"replies":[{"embeddable":true,"href":"https:\/\/now-news.de\/de\/wp-json\/wp\/v2\/comments?post=93840"}],"version-history":[{"count":0,"href":"https:\/\/now-news.de\/de\/wp-json\/wp\/v2\/posts\/93840\/revisions"}],"wp:featuredmedia":[{"embeddable":true,"href":"https:\/\/now-news.de\/de\/wp-json\/wp\/v2\/media\/93841"}],"wp:attachment":[{"href":"https:\/\/now-news.de\/de\/wp-json\/wp\/v2\/media?parent=93840"}],"wp:term":[{"taxonomy":"category","embeddable":true,"href":"https:\/\/now-news.de\/de\/wp-json\/wp\/v2\/categories?post=93840"},{"taxonomy":"post_tag","embeddable":true,"href":"https:\/\/now-news.de\/de\/wp-json\/wp\/v2\/tags?post=93840"}],"curies":[{"name":"wp","href":"https:\/\/api.w.org\/{rel}","templated":true}]}}