{"id":93808,"date":"2025-11-12T20:54:49","date_gmt":"2025-11-12T18:54:49","guid":{"rendered":"https:\/\/now-news.de\/de\/deutschland\/sandersdorf-brehna-statt-new-york-lindner-wird-vize-chef-bei-gebrauchtwagenhaendler\/"},"modified":"2025-11-12T20:54:49","modified_gmt":"2025-11-12T18:54:49","slug":"sandersdorf-brehna-statt-new-york-lindner-wird-vize-chef-bei-gebrauchtwagenhaendler","status":"publish","type":"post","link":"https:\/\/now-news.de\/de\/deutschland\/sandersdorf-brehna-statt-new-york-lindner-wird-vize-chef-bei-gebrauchtwagenhaendler\/","title":{"rendered":"&quot;Sandersdorf-Brehna statt New York&quot; \u2013 Lindner wird Vize-Chef bei Gebrauchtwagenh\u00e4ndler"},"content":{"rendered":"<p><img decoding=\"async\" src=\"https:\/\/now-news.de\/de\/wp-content\/uploads\/sites\/3\/2025\/11\/6914ace848fbef128d2d4e09.jpg\" \/><\/p>\n<div class=\"Text-root Text-type_1 \">\n                Der fr\u00fchere FDP-Chef und Finanzminister Christian Lindner hat endlich einen neuen Job: bei einem Autoh\u00e4ndler. Auf Facebook wirbt der Ex-Politiker damit, es sei seine Mission, die Mobilit\u00e4t bezahlbar zu machen. Lindner gibt sich tugendhaft: Er habe auf verlockende Angebote bei Hedgefonds in New York verzichtet.\n            <\/div>\n<p><\/p>\n<div class=\"Text-root Text-type_5 ArticleView-text ViewText-root \">\n<p>Der Ex-Finanzminister der Ampel-Regierung, Christian Lindner, sorgte am Dienstag mit einer Nachricht f\u00fcr Aufsehen. Wie er auf Facebook <a rel=\"nofollow noopener\" target=\"_blank\" href=\"https:\/\/www.facebook.com\/photo\/?fbid=1419413499553187&amp;set=a.848930483268161\">mitteilte<\/a>, wird er nun nach einer l\u00e4ngeren Orientierungsphase bei einem Autoh\u00e4ndler als stellvertretender Vorstandsvorsitzender einsteigen. Laut Presseinformationen setzt sein neuer Arbeitgeber, die Firma Autoland AG, vor allem auf starke Rabatte und Gebrauchtwagen. Autos m\u00fcssen bezahlbar bleiben, wirbt der Ex-FDP-Chef f\u00fcr seinen neuen Job.\u00a0<\/p>\n<p>Vor genau einem Jahr, am 6. November 2024, wurde Lindner von Kanzler Olaf Scholz aus seinem Amt als Finanzminister entlassen. Nun will er bei &#8220;Deutschlands gr\u00f6\u00dftem Autodiscounter&#8221;, wie Autoland f\u00fcr sich wirbt, seine pers\u00f6nliche Leidenschaft zum Beruf machen. Es ist bekannt, dass Lindner privat gern Porsche f\u00e4hrt. Das Autofahren sei f\u00fcr ihn kein Privileg, sondern eine Frage von Freiheit, wie er auf Facebook schreibt. Lindner betont, dass er seinen Standort in Sachsen-Anhalt einem in New York\u00a0vorgezogen habe, und gibt sich auch sonst volksnah.\u00a0\u00a0<\/p>\n<blockquote>\n<p><em>&#8220;Deshalb darf das Auto nicht zum Luxusgut f\u00fcr wenige werden, sondern muss f\u00fcr viele Menschen bezahlbar bleiben. Das ist die Mission von Autoland und meine. Es gilt also: Auto statt Hedgefonds, Sandersdorf-Brehna statt New York.&#8221;<\/em><\/p>\n<\/blockquote>\n<p>Ab Januar wird Lindner stellvertretender Vorstandsvorsitzender, teilte das Unternehmen mit. Er soll die Bereiche Marketing, Vertrieb und Digitalisierung verantworten. Er wolle dort arbeiten, wo das Herz der deutschen Wirtschaft schlage, so Lindner.\u00a0<\/p>\n<p>Autoland AG ist nach eigenen Angaben der gr\u00f6\u00dfte markenunabh\u00e4ngige Automobilhandelskonzern Deutschlands. Die Firma besch\u00e4ftigt rund 1.500 Mitarbeiter an \u00fcber 30 Standorten. Die Firmenzentrale liegt in Sandersdorf-Brehna in Sachsen-Anhalt. Verkauft werden Gebraucht- und Jahreswagen, aber auch Neufahrzeuge der gro\u00dfen Volumenhersteller, darunter VW, Skoda, Hyundai, Ford oder Opel. Auch Autos der chinesischen Marken BYD und Lynk &amp; Co vertreibt der H\u00e4ndler. Auf der Webseite wird mit Rabatten von bis zu 40 Prozent geworben.<\/p>\n<p>&#8220;Christian Lindner ist einer der profiliertesten Verfechter der individuellen Mobilit\u00e4t&#8221;, sagte Firmengr\u00fcnder Wilfried Wilhelm Anclam laut Mitteilung. &#8220;Mit ihm steigern wir die Bekanntheit und Reputation unseres Unternehmens in h\u00f6chstem Ma\u00dfe.&#8221;<\/p>\n<p>Lindner teilte weiter mit: &#8220;Neben meinem beruflichen Schwerpunkt bei der Autoland AG engagiere ich mich noch als Aufsichtsrat und Advisor f\u00fcr Unternehmen und Stiftungen, deren Menschen, Themen und Visionen mich inspirieren.&#8221; Details dazu nannte er nicht. J\u00fcngst berief die globale CEO-Beratung Teneo ihn zum Senior Advisor. Teneo teilte mit, dass er Unternehmen in den USA, in Europa und in Deutschland in strategischen Fragen beraten soll.<\/p>\n<p>Das Bundeskabinett hatte bereits im Oktober \u00fcber Genehmigungen befunden, die wegen Lindners Karenzzeit n\u00f6tig waren. So zieht der 46-J\u00e4hrige unter anderem als unabh\u00e4ngiges Mitglied in das Shareholder-Board des digitalen Personaldienstleisters Stepstone Group ein, einer gemeinsamen Beteiligung des Private-Equity-Fonds KKR und der Axel Springer SE (zu der auch <em>WELT<\/em> geh\u00f6rt). Aus Lindners Umfeld war bekanntgeworden, dass er Genehmigungen f\u00fcr dieses und weitere Mandate beantragt hatte.<\/p>\n<p>Als Karenzzeit f\u00fcr Politiker gilt eine gesetzlich geregelte Frist, in der ein Wechsel aus dem Amt in die Privatwirtschaft bestimmten Regeln unterliegt, um Interessenkonflikte zu vermeiden. Nach dem deutschen Karenzzeitgesetz m\u00fcssen Mitglieder der Bundesregierung und Parlamentarische Staatssekret\u00e4re innerhalb von 18 Monaten nach ihrem Ausscheiden ihre zuk\u00fcnftige Erwerbst\u00e4tigkeit anzeigen. Die Bundesregierung kann die T\u00e4tigkeit dann untersagen oder einschr\u00e4nken.\u00a0<\/p>\n<p><strong>Mehr zum Thema<\/strong>\u00a0\u2012 <a rel=\"nofollow noopener\" target=\"_blank\" href=\"https:\/\/freedert.online\/inland\/225028-ampel-bricht-zusammen-scholz-entlaesst\/\">Ampel bricht zusammen: Scholz entl\u00e4sst Lindner<\/a><\/p>\n<div class=\"EmbedBlock-root EmbedBlock-externalVideo EmbedBlock-vk\">\n<div class=\"VkEmbed\"><iframe class=\"lazyload\" data-src=\"https:\/\/vk.com\/video_ext.php?oid=-134310637&amp;id=456273667\" frameborder=\"0\" width=\"853\" height=\"480\" allowfullscreen><\/iframe><\/div>\n<\/div>\n<\/div>\n<p><br \/>\n<br \/><a href=\"https:\/\/de.rt.com\/inland\/261511-sandersdorf-brehna-statt-new-york-lindner-wird-vize-chef-bei-einem-gebrauchtwagenhaendler\/\">Source link <\/a><\/p>\n","protected":false},"excerpt":{"rendered":"<p>Der fr\u00fchere FDP-Chef und Finanzminister Christian Lindner hat endlich einen neuen Job: bei einem Autoh\u00e4ndler. Auf Facebook wirbt der Ex-Politiker damit, es sei seine Mission, die Mobilit\u00e4t bezahlbar zu machen. Lindner gibt sich tugendhaft: Er habe auf verlockende Angebote bei Hedgefonds in New York verzichtet. Der Ex-Finanzminister der Ampel-Regierung, Christian Lindner, sorgte am Dienstag mit [&hellip;]<\/p>\n","protected":false},"author":3,"featured_media":93809,"comment_status":"open","ping_status":"open","sticky":false,"template":"","format":"standard","meta":{"_yoast_indexnow_last_ping":["1762974096"],"wp_automatic_camp":["217"],"a8e9ddaebb454499dc089bbcda02be20":["&quot;Sandersdorf-Brehna statt New York&quot; \u2013 Lindner wird Vize-Chef bei Gebrauchtwagenh\u00e4ndler"],"original_link":["https:\/\/de.rt.com\/inland\/261511-sandersdorf-brehna-statt-new-york-lindner-wird-vize-chef-bei-einem-gebrauchtwagenhaendler\/"],"_thumbnail_id":["93809"],"jnews_social_counter_last_update":["1777323124"],"_wptgpro_p2tg_sent2tg":["a:1:{i:23737;s:19:\"2025-11-12 21:02:39\";}"]},"categories":[19,23],"tags":[363,69117,20788,69115,6396,43674,374,69116],"yoast_head":"<!-- This site is optimized with the Yoast SEO Premium plugin v22.7 (Yoast SEO v22.7) - https:\/\/yoast.com\/wordpress\/plugins\/seo\/ -->\n<title>&quot;Sandersdorf-Brehna statt New York&quot; \u2013 Lindner wird Vize-Chef bei Gebrauchtwagenh\u00e4ndler - just-now.NEWS Deutschland<\/title>\n<meta name=\"robots\" content=\"index, follow, max-snippet:-1, max-image-preview:large, max-video-preview:-1\" \/>\n<link rel=\"canonical\" href=\"https:\/\/now-news.de\/de\/deutschland\/sandersdorf-brehna-statt-new-york-lindner-wird-vize-chef-bei-gebrauchtwagenhaendler\/\" \/>\n<meta property=\"og:locale\" content=\"de_DE\" \/>\n<meta property=\"og:type\" content=\"article\" \/>\n<meta property=\"og:title\" content=\"&quot;Sandersdorf-Brehna statt New York&quot; \u2013 Lindner wird Vize-Chef bei Gebrauchtwagenh\u00e4ndler\" \/>\n<meta property=\"og:description\" content=\"Der fr\u00fchere FDP-Chef und Finanzminister Christian Lindner hat endlich einen neuen Job: bei einem Autoh\u00e4ndler. Auf Facebook wirbt der Ex-Politiker damit, es sei seine Mission, die Mobilit\u00e4t bezahlbar zu machen. Lindner gibt sich tugendhaft: Er habe auf verlockende Angebote bei Hedgefonds in New York verzichtet. Der Ex-Finanzminister der Ampel-Regierung, Christian Lindner, sorgte am Dienstag mit [&hellip;]\" \/>\n<meta property=\"og:url\" content=\"https:\/\/now-news.de\/de\/deutschland\/sandersdorf-brehna-statt-new-york-lindner-wird-vize-chef-bei-gebrauchtwagenhaendler\/\" \/>\n<meta property=\"og:site_name\" content=\"just-now.NEWS Deutschland\" \/>\n<meta property=\"article:publisher\" content=\"https:\/\/www.facebook.com\/wirmachenauf\" \/>\n<meta property=\"article:published_time\" content=\"2025-11-12T18:54:49+00:00\" \/>\n<meta property=\"og:image\" content=\"https:\/\/now-news.de\/de\/wp-content\/uploads\/sites\/3\/2025\/11\/6914ace848fbef128d2d4e09.jpg\" \/>\n<meta name=\"author\" content=\"rtnews\" \/>\n<meta name=\"twitter:card\" content=\"summary_large_image\" \/>\n<meta name=\"twitter:creator\" content=\"@WirMachenAuf_de\" \/>\n<meta name=\"twitter:site\" content=\"@WirMachenAuf_de\" \/>\n<meta name=\"twitter:label1\" content=\"Verfasst von\" \/>\n\t<meta name=\"twitter:data1\" content=\"rtnews\" \/>\n\t<meta name=\"twitter:label2\" content=\"Gesch\u00e4tzte Lesezeit\" \/>\n\t<meta name=\"twitter:data2\" content=\"3\u00a0Minuten\" \/>\n<script type=\"application\/ld+json\" class=\"yoast-schema-graph\">{\"@context\":\"https:\/\/schema.org\",\"@graph\":[{\"@type\":\"Article\",\"@id\":\"https:\/\/now-news.de\/de\/deutschland\/sandersdorf-brehna-statt-new-york-lindner-wird-vize-chef-bei-gebrauchtwagenhaendler\/#article\",\"isPartOf\":{\"@id\":\"https:\/\/now-news.de\/de\/deutschland\/sandersdorf-brehna-statt-new-york-lindner-wird-vize-chef-bei-gebrauchtwagenhaendler\/\"},\"author\":{\"name\":\"rtnews\",\"@id\":\"https:\/\/now-news.de\/de\/#\/schema\/person\/fb534a4e865501d8b3285208df34a9b5\"},\"headline\":\"&quot;Sandersdorf-Brehna statt New York&quot; \u2013 Lindner wird Vize-Chef bei Gebrauchtwagenh\u00e4ndler\",\"datePublished\":\"2025-11-12T18:54:49+00:00\",\"dateModified\":\"2025-11-12T18:54:49+00:00\",\"mainEntityOfPage\":{\"@id\":\"https:\/\/now-news.de\/de\/deutschland\/sandersdorf-brehna-statt-new-york-lindner-wird-vize-chef-bei-gebrauchtwagenhaendler\/\"},\"wordCount\":601,\"commentCount\":0,\"publisher\":{\"@id\":\"https:\/\/now-news.de\/de\/#organization\"},\"image\":{\"@id\":\"https:\/\/now-news.de\/de\/deutschland\/sandersdorf-brehna-statt-new-york-lindner-wird-vize-chef-bei-gebrauchtwagenhaendler\/#primaryimage\"},\"thumbnailUrl\":\"https:\/\/now-news.de\/de\/wp-content\/uploads\/sites\/3\/2025\/11\/quotSandersdorf-Brehna-statt-New-Yorkquot-\u2013-Lindner-wird-Vize-Chef-bei-Gebrauchtwagenhaendler.jpg\",\"keywords\":[\"bei\",\"Gebrauchtwagenh\u00e4ndler\",\"Lindner\",\"quotSandersdorfBrehna\",\"Statt\",\"Vizechef\",\"wird\",\"Yorkquot\"],\"articleSection\":[\"Deutschland\",\"Russland\"],\"inLanguage\":\"de\",\"potentialAction\":[{\"@type\":\"CommentAction\",\"name\":\"Comment\",\"target\":[\"https:\/\/now-news.de\/de\/deutschland\/sandersdorf-brehna-statt-new-york-lindner-wird-vize-chef-bei-gebrauchtwagenhaendler\/#respond\"]}]},{\"@type\":\"WebPage\",\"@id\":\"https:\/\/now-news.de\/de\/deutschland\/sandersdorf-brehna-statt-new-york-lindner-wird-vize-chef-bei-gebrauchtwagenhaendler\/\",\"url\":\"https:\/\/now-news.de\/de\/deutschland\/sandersdorf-brehna-statt-new-york-lindner-wird-vize-chef-bei-gebrauchtwagenhaendler\/\",\"name\":\"&quot;Sandersdorf-Brehna statt New York&quot; \u2013 Lindner wird Vize-Chef bei Gebrauchtwagenh\u00e4ndler - just-now.NEWS Deutschland\",\"isPartOf\":{\"@id\":\"https:\/\/now-news.de\/de\/#website\"},\"primaryImageOfPage\":{\"@id\":\"https:\/\/now-news.de\/de\/deutschland\/sandersdorf-brehna-statt-new-york-lindner-wird-vize-chef-bei-gebrauchtwagenhaendler\/#primaryimage\"},\"image\":{\"@id\":\"https:\/\/now-news.de\/de\/deutschland\/sandersdorf-brehna-statt-new-york-lindner-wird-vize-chef-bei-gebrauchtwagenhaendler\/#primaryimage\"},\"thumbnailUrl\":\"https:\/\/now-news.de\/de\/wp-content\/uploads\/sites\/3\/2025\/11\/quotSandersdorf-Brehna-statt-New-Yorkquot-\u2013-Lindner-wird-Vize-Chef-bei-Gebrauchtwagenhaendler.jpg\",\"datePublished\":\"2025-11-12T18:54:49+00:00\",\"dateModified\":\"2025-11-12T18:54:49+00:00\",\"breadcrumb\":{\"@id\":\"https:\/\/now-news.de\/de\/deutschland\/sandersdorf-brehna-statt-new-york-lindner-wird-vize-chef-bei-gebrauchtwagenhaendler\/#breadcrumb\"},\"inLanguage\":\"de\",\"potentialAction\":[{\"@type\":\"ReadAction\",\"target\":[\"https:\/\/now-news.de\/de\/deutschland\/sandersdorf-brehna-statt-new-york-lindner-wird-vize-chef-bei-gebrauchtwagenhaendler\/\"]}]},{\"@type\":\"ImageObject\",\"inLanguage\":\"de\",\"@id\":\"https:\/\/now-news.de\/de\/deutschland\/sandersdorf-brehna-statt-new-york-lindner-wird-vize-chef-bei-gebrauchtwagenhaendler\/#primaryimage\",\"url\":\"https:\/\/now-news.de\/de\/wp-content\/uploads\/sites\/3\/2025\/11\/quotSandersdorf-Brehna-statt-New-Yorkquot-\u2013-Lindner-wird-Vize-Chef-bei-Gebrauchtwagenhaendler.jpg\",\"contentUrl\":\"https:\/\/now-news.de\/de\/wp-content\/uploads\/sites\/3\/2025\/11\/quotSandersdorf-Brehna-statt-New-Yorkquot-\u2013-Lindner-wird-Vize-Chef-bei-Gebrauchtwagenhaendler.jpg\",\"width\":460,\"height\":259,\"caption\":\"&quot;Sandersdorf-Brehna statt New York&quot; \u2013 Lindner wird Vize-Chef bei Gebrauchtwagenh\u00e4ndler\"},{\"@type\":\"BreadcrumbList\",\"@id\":\"https:\/\/now-news.de\/de\/deutschland\/sandersdorf-brehna-statt-new-york-lindner-wird-vize-chef-bei-gebrauchtwagenhaendler\/#breadcrumb\",\"itemListElement\":[{\"@type\":\"ListItem\",\"position\":1,\"name\":\"Home\",\"item\":\"https:\/\/now-news.de\/de\/\"},{\"@type\":\"ListItem\",\"position\":2,\"name\":\"&quot;Sandersdorf-Brehna statt New York&quot; \u2013 Lindner wird Vize-Chef bei Gebrauchtwagenh\u00e4ndler\"}]},{\"@type\":\"WebSite\",\"@id\":\"https:\/\/now-news.de\/de\/#website\",\"url\":\"https:\/\/now-news.de\/de\/\",\"name\":\"just-now.NEWS Deutschland\",\"description\":\"Das Portal f\u00fcr unzensierte Nachrichten aus der Welt\",\"publisher\":{\"@id\":\"https:\/\/now-news.de\/de\/#organization\"},\"potentialAction\":[{\"@type\":\"SearchAction\",\"target\":{\"@type\":\"EntryPoint\",\"urlTemplate\":\"https:\/\/now-news.de\/de\/?s={search_term_string}\"},\"query-input\":\"required name=search_term_string\"}],\"inLanguage\":\"de\"},{\"@type\":\"Organization\",\"@id\":\"https:\/\/now-news.de\/de\/#organization\",\"name\":\"Just Now News\",\"url\":\"https:\/\/now-news.de\/de\/\",\"logo\":{\"@type\":\"ImageObject\",\"inLanguage\":\"de\",\"@id\":\"https:\/\/now-news.de\/de\/#\/schema\/logo\/image\/\",\"url\":\"http:\/\/just-now.news\/de\/wp-content\/uploads\/sites\/3\/2022\/04\/logo500x500.jpg\",\"contentUrl\":\"http:\/\/just-now.news\/de\/wp-content\/uploads\/sites\/3\/2022\/04\/logo500x500.jpg\",\"width\":500,\"height\":500,\"caption\":\"Just Now News\"},\"image\":{\"@id\":\"https:\/\/now-news.de\/de\/#\/schema\/logo\/image\/\"},\"sameAs\":[\"https:\/\/www.facebook.com\/wirmachenauf\",\"https:\/\/x.com\/WirMachenAuf_de\"]},{\"@type\":\"Person\",\"@id\":\"https:\/\/now-news.de\/de\/#\/schema\/person\/fb534a4e865501d8b3285208df34a9b5\",\"name\":\"rtnews\",\"image\":{\"@type\":\"ImageObject\",\"inLanguage\":\"de\",\"@id\":\"https:\/\/now-news.de\/de\/#\/schema\/person\/image\/\",\"url\":\"https:\/\/secure.gravatar.com\/avatar\/82aafea7d8127119dd649515f56e2117?s=96&d=mm&r=g\",\"contentUrl\":\"https:\/\/secure.gravatar.com\/avatar\/82aafea7d8127119dd649515f56e2117?s=96&d=mm&r=g\",\"caption\":\"rtnews\"},\"url\":\"https:\/\/now-news.de\/de\/author\/rnews\/\"}]}<\/script>\n<!-- \/ Yoast SEO Premium plugin. -->","yoast_head_json":{"title":"&quot;Sandersdorf-Brehna statt New York&quot; \u2013 Lindner wird Vize-Chef bei Gebrauchtwagenh\u00e4ndler - just-now.NEWS Deutschland","robots":{"index":"index","follow":"follow","max-snippet":"max-snippet:-1","max-image-preview":"max-image-preview:large","max-video-preview":"max-video-preview:-1"},"canonical":"https:\/\/now-news.de\/de\/deutschland\/sandersdorf-brehna-statt-new-york-lindner-wird-vize-chef-bei-gebrauchtwagenhaendler\/","og_locale":"de_DE","og_type":"article","og_title":"&quot;Sandersdorf-Brehna statt New York&quot; \u2013 Lindner wird Vize-Chef bei Gebrauchtwagenh\u00e4ndler","og_description":"Der fr\u00fchere FDP-Chef und Finanzminister Christian Lindner hat endlich einen neuen Job: bei einem Autoh\u00e4ndler. Auf Facebook wirbt der Ex-Politiker damit, es sei seine Mission, die Mobilit\u00e4t bezahlbar zu machen. Lindner gibt sich tugendhaft: Er habe auf verlockende Angebote bei Hedgefonds in New York verzichtet. Der Ex-Finanzminister der Ampel-Regierung, Christian Lindner, sorgte am Dienstag mit [&hellip;]","og_url":"https:\/\/now-news.de\/de\/deutschland\/sandersdorf-brehna-statt-new-york-lindner-wird-vize-chef-bei-gebrauchtwagenhaendler\/","og_site_name":"just-now.NEWS Deutschland","article_publisher":"https:\/\/www.facebook.com\/wirmachenauf","article_published_time":"2025-11-12T18:54:49+00:00","og_image":[{"url":"https:\/\/now-news.de\/de\/wp-content\/uploads\/sites\/3\/2025\/11\/6914ace848fbef128d2d4e09.jpg"}],"author":"rtnews","twitter_card":"summary_large_image","twitter_creator":"@WirMachenAuf_de","twitter_site":"@WirMachenAuf_de","twitter_misc":{"Verfasst von":"rtnews","Gesch\u00e4tzte Lesezeit":"3\u00a0Minuten"},"schema":{"@context":"https:\/\/schema.org","@graph":[{"@type":"Article","@id":"https:\/\/now-news.de\/de\/deutschland\/sandersdorf-brehna-statt-new-york-lindner-wird-vize-chef-bei-gebrauchtwagenhaendler\/#article","isPartOf":{"@id":"https:\/\/now-news.de\/de\/deutschland\/sandersdorf-brehna-statt-new-york-lindner-wird-vize-chef-bei-gebrauchtwagenhaendler\/"},"author":{"name":"rtnews","@id":"https:\/\/now-news.de\/de\/#\/schema\/person\/fb534a4e865501d8b3285208df34a9b5"},"headline":"&quot;Sandersdorf-Brehna statt New York&quot; \u2013 Lindner wird Vize-Chef bei Gebrauchtwagenh\u00e4ndler","datePublished":"2025-11-12T18:54:49+00:00","dateModified":"2025-11-12T18:54:49+00:00","mainEntityOfPage":{"@id":"https:\/\/now-news.de\/de\/deutschland\/sandersdorf-brehna-statt-new-york-lindner-wird-vize-chef-bei-gebrauchtwagenhaendler\/"},"wordCount":601,"commentCount":0,"publisher":{"@id":"https:\/\/now-news.de\/de\/#organization"},"image":{"@id":"https:\/\/now-news.de\/de\/deutschland\/sandersdorf-brehna-statt-new-york-lindner-wird-vize-chef-bei-gebrauchtwagenhaendler\/#primaryimage"},"thumbnailUrl":"https:\/\/now-news.de\/de\/wp-content\/uploads\/sites\/3\/2025\/11\/quotSandersdorf-Brehna-statt-New-Yorkquot-\u2013-Lindner-wird-Vize-Chef-bei-Gebrauchtwagenhaendler.jpg","keywords":["bei","Gebrauchtwagenh\u00e4ndler","Lindner","quotSandersdorfBrehna","Statt","Vizechef","wird","Yorkquot"],"articleSection":["Deutschland","Russland"],"inLanguage":"de","potentialAction":[{"@type":"CommentAction","name":"Comment","target":["https:\/\/now-news.de\/de\/deutschland\/sandersdorf-brehna-statt-new-york-lindner-wird-vize-chef-bei-gebrauchtwagenhaendler\/#respond"]}]},{"@type":"WebPage","@id":"https:\/\/now-news.de\/de\/deutschland\/sandersdorf-brehna-statt-new-york-lindner-wird-vize-chef-bei-gebrauchtwagenhaendler\/","url":"https:\/\/now-news.de\/de\/deutschland\/sandersdorf-brehna-statt-new-york-lindner-wird-vize-chef-bei-gebrauchtwagenhaendler\/","name":"&quot;Sandersdorf-Brehna statt New York&quot; \u2013 Lindner wird Vize-Chef bei Gebrauchtwagenh\u00e4ndler - just-now.NEWS Deutschland","isPartOf":{"@id":"https:\/\/now-news.de\/de\/#website"},"primaryImageOfPage":{"@id":"https:\/\/now-news.de\/de\/deutschland\/sandersdorf-brehna-statt-new-york-lindner-wird-vize-chef-bei-gebrauchtwagenhaendler\/#primaryimage"},"image":{"@id":"https:\/\/now-news.de\/de\/deutschland\/sandersdorf-brehna-statt-new-york-lindner-wird-vize-chef-bei-gebrauchtwagenhaendler\/#primaryimage"},"thumbnailUrl":"https:\/\/now-news.de\/de\/wp-content\/uploads\/sites\/3\/2025\/11\/quotSandersdorf-Brehna-statt-New-Yorkquot-\u2013-Lindner-wird-Vize-Chef-bei-Gebrauchtwagenhaendler.jpg","datePublished":"2025-11-12T18:54:49+00:00","dateModified":"2025-11-12T18:54:49+00:00","breadcrumb":{"@id":"https:\/\/now-news.de\/de\/deutschland\/sandersdorf-brehna-statt-new-york-lindner-wird-vize-chef-bei-gebrauchtwagenhaendler\/#breadcrumb"},"inLanguage":"de","potentialAction":[{"@type":"ReadAction","target":["https:\/\/now-news.de\/de\/deutschland\/sandersdorf-brehna-statt-new-york-lindner-wird-vize-chef-bei-gebrauchtwagenhaendler\/"]}]},{"@type":"ImageObject","inLanguage":"de","@id":"https:\/\/now-news.de\/de\/deutschland\/sandersdorf-brehna-statt-new-york-lindner-wird-vize-chef-bei-gebrauchtwagenhaendler\/#primaryimage","url":"https:\/\/now-news.de\/de\/wp-content\/uploads\/sites\/3\/2025\/11\/quotSandersdorf-Brehna-statt-New-Yorkquot-\u2013-Lindner-wird-Vize-Chef-bei-Gebrauchtwagenhaendler.jpg","contentUrl":"https:\/\/now-news.de\/de\/wp-content\/uploads\/sites\/3\/2025\/11\/quotSandersdorf-Brehna-statt-New-Yorkquot-\u2013-Lindner-wird-Vize-Chef-bei-Gebrauchtwagenhaendler.jpg","width":460,"height":259,"caption":"&quot;Sandersdorf-Brehna statt New York&quot; \u2013 Lindner wird Vize-Chef bei Gebrauchtwagenh\u00e4ndler"},{"@type":"BreadcrumbList","@id":"https:\/\/now-news.de\/de\/deutschland\/sandersdorf-brehna-statt-new-york-lindner-wird-vize-chef-bei-gebrauchtwagenhaendler\/#breadcrumb","itemListElement":[{"@type":"ListItem","position":1,"name":"Home","item":"https:\/\/now-news.de\/de\/"},{"@type":"ListItem","position":2,"name":"&quot;Sandersdorf-Brehna statt New York&quot; \u2013 Lindner wird Vize-Chef bei Gebrauchtwagenh\u00e4ndler"}]},{"@type":"WebSite","@id":"https:\/\/now-news.de\/de\/#website","url":"https:\/\/now-news.de\/de\/","name":"just-now.NEWS Deutschland","description":"Das Portal f\u00fcr unzensierte Nachrichten aus der Welt","publisher":{"@id":"https:\/\/now-news.de\/de\/#organization"},"potentialAction":[{"@type":"SearchAction","target":{"@type":"EntryPoint","urlTemplate":"https:\/\/now-news.de\/de\/?s={search_term_string}"},"query-input":"required name=search_term_string"}],"inLanguage":"de"},{"@type":"Organization","@id":"https:\/\/now-news.de\/de\/#organization","name":"Just Now News","url":"https:\/\/now-news.de\/de\/","logo":{"@type":"ImageObject","inLanguage":"de","@id":"https:\/\/now-news.de\/de\/#\/schema\/logo\/image\/","url":"http:\/\/just-now.news\/de\/wp-content\/uploads\/sites\/3\/2022\/04\/logo500x500.jpg","contentUrl":"http:\/\/just-now.news\/de\/wp-content\/uploads\/sites\/3\/2022\/04\/logo500x500.jpg","width":500,"height":500,"caption":"Just Now News"},"image":{"@id":"https:\/\/now-news.de\/de\/#\/schema\/logo\/image\/"},"sameAs":["https:\/\/www.facebook.com\/wirmachenauf","https:\/\/x.com\/WirMachenAuf_de"]},{"@type":"Person","@id":"https:\/\/now-news.de\/de\/#\/schema\/person\/fb534a4e865501d8b3285208df34a9b5","name":"rtnews","image":{"@type":"ImageObject","inLanguage":"de","@id":"https:\/\/now-news.de\/de\/#\/schema\/person\/image\/","url":"https:\/\/secure.gravatar.com\/avatar\/82aafea7d8127119dd649515f56e2117?s=96&d=mm&r=g","contentUrl":"https:\/\/secure.gravatar.com\/avatar\/82aafea7d8127119dd649515f56e2117?s=96&d=mm&r=g","caption":"rtnews"},"url":"https:\/\/now-news.de\/de\/author\/rnews\/"}]}},"_links":{"self":[{"href":"https:\/\/now-news.de\/de\/wp-json\/wp\/v2\/posts\/93808"}],"collection":[{"href":"https:\/\/now-news.de\/de\/wp-json\/wp\/v2\/posts"}],"about":[{"href":"https:\/\/now-news.de\/de\/wp-json\/wp\/v2\/types\/post"}],"author":[{"embeddable":true,"href":"https:\/\/now-news.de\/de\/wp-json\/wp\/v2\/users\/3"}],"replies":[{"embeddable":true,"href":"https:\/\/now-news.de\/de\/wp-json\/wp\/v2\/comments?post=93808"}],"version-history":[{"count":0,"href":"https:\/\/now-news.de\/de\/wp-json\/wp\/v2\/posts\/93808\/revisions"}],"wp:featuredmedia":[{"embeddable":true,"href":"https:\/\/now-news.de\/de\/wp-json\/wp\/v2\/media\/93809"}],"wp:attachment":[{"href":"https:\/\/now-news.de\/de\/wp-json\/wp\/v2\/media?parent=93808"}],"wp:term":[{"taxonomy":"category","embeddable":true,"href":"https:\/\/now-news.de\/de\/wp-json\/wp\/v2\/categories?post=93808"},{"taxonomy":"post_tag","embeddable":true,"href":"https:\/\/now-news.de\/de\/wp-json\/wp\/v2\/tags?post=93808"}],"curies":[{"name":"wp","href":"https:\/\/api.w.org\/{rel}","templated":true}]}}