{"id":93802,"date":"2025-11-12T20:06:52","date_gmt":"2025-11-12T18:06:52","guid":{"rendered":"https:\/\/now-news.de\/de\/deutschland\/70-jahre-bundeswehr-diesmal-ist-es-die-farce\/"},"modified":"2025-11-12T20:06:52","modified_gmt":"2025-11-12T18:06:52","slug":"70-jahre-bundeswehr-diesmal-ist-es-die-farce","status":"publish","type":"post","link":"https:\/\/now-news.de\/de\/deutschland\/70-jahre-bundeswehr-diesmal-ist-es-die-farce\/","title":{"rendered":"70 Jahre Bundeswehr: Diesmal ist es die Farce"},"content":{"rendered":"<p><img decoding=\"async\" src=\"https:\/\/now-news.de\/de\/wp-content\/uploads\/sites\/3\/2025\/11\/6914bd85b480cc23b8731f54.jpg\" \/><\/p>\n<div class=\"Text-root Text-type_1 \">\n                Eines traf bei diesem Jubil\u00e4um der Bundeswehr gewiss zu: Form und Inhalt stimmten \u00fcberein. Zugegeben, ganz so schlimm wie die US-Parade war es nicht, aber letzten Endes muss man festhalten, dass man sich diese Armee mit diesen Zielen auch nicht besser w\u00fcnscht.\n            <\/div>\n<p><\/p>\n<div class=\"Text-root Text-type_5 ArticleView-text ViewText-root \">\n<p><em>Von Dagmar Henn<\/em><\/p>\n<p>Es ist ein winziges Detail, das beim Bundeswehrgel\u00f6bnis, das das <em>ZDF<\/em> live \u00fcbertragen hat, Gruseln ausl\u00f6st: die \u00c4rmelb\u00e4nder, die sich auf manchen Uniformen finden. Die gebrochene Schrift, die immer wieder einmal aufblitzt, &#8220;Wachbataillon&#8221; beispielsweise.<\/p>\n<p>W\u00e4re das so, w\u00e4re nicht diese Kriegstreiberei? Vielleicht, vielleicht nicht. Die \u00c4rmelb\u00e4nder der NVA jedenfalls waren nicht nur <a rel=\"nofollow noopener\" target=\"_blank\" href=\"https:\/\/www.dhm.de\/archiv\/ausstellungen\/lebensstationen\/3_119-122.htm\">grau<\/a> statt schwarz, sondern auch mit einer serifenlosen Schrift bestickt. Es ist auch nicht so, dass der Auftritt der Bundeswehr in irgendeiner Weise be\u00e4ngstigend wirkte \u2012 es erinnerte eher daran, dass am Vortag, am\u00a011. November, traditionell in bestimmten Gegenden Deutschlands der Karneval beginnt. Selbst der Generalinspekteur spart wohl am Schneider, und selbst auf den <a rel=\"nofollow noopener\" target=\"_blank\" href=\"https:\/\/www.youtube.com\/watch?v=1zGosOBL4Xo&amp;t=2045s\">Aufnahmen<\/a> von Paraden der DDR-Betriebskampfgruppen sieht man eine bessere Marschordnung.<\/p>\n<p>So viel zum \u00c4sthetischen. Ansonsten gab es eine Rede von Bundespr\u00e4sident Frank-Walter Steinmeier, die die Geschichte um die Entstehung der Bundeswehr auf bekannte Weise zurechtbog:<\/p>\n<p>&#8220;Die Debatten waren hitzig, die Proteste lautstark: Viele Menschen sorgten sich, eine Wiederbewaffnung k\u00f6nne die noch junge Demokratie destabilisieren oder eine Wiedervereinigung mit der von den Sowjets besetzten DDR in weite Ferne r\u00fccken lassen. Aber am Ende sollten sich die, die skeptisch waren, die starke Zweifel an der Wiederbewaffnung hatten, nicht durchsetzen.&#8221;<\/p>\n<p>Es war die erste gro\u00dfe politische Auseinandersetzung in der noch jungen Bundesrepublik, und sie wurde unter Einsatz aller denkbaren Mittel gef\u00fchrt. Man k\u00f6nnte fast sagen, es war die Phase, die der heutigen Gegenwart am meisten \u00e4hnelt \u2012 mit Organisations- und Parteiverboten, Verboten von Zeitungen, unz\u00e4hligen Strafverfahren, oft wegen Lappalien. Und dennoch f\u00fchrte selbst die SPD noch 1954 eine Volksbefragung gegen den NATO-Beitritt durch, der (eigenartigerweise) der Gr\u00fcndung der Bundeswehr vorausging.<\/p>\n<p>Nein, das Datum ist eigentlich falsch. Denn der Vorlauf beginnt bereits viel fr\u00fcher. Schon 1950 stand in den USA der Plan fest, das abgetrennte Westdeutschland wieder mit einer Armee zu versehen. Mit dem klaren Hintergedanken, im Falle einer Konfrontation mit der Sowjetunion nicht US-Truppen, sondern deutsche an die Front zu schicken. Am Anfang der Remilitarisierung ist\u00a0also die Bundesrepublik f\u00fcr genau die Rolle vorgesehen, die heute die Ukraine erf\u00fcllt. Der damalige Bundeskanzler der BRD, Konrad Adenauer, wie auch der SPD-Chef Schumacher stimmen dem sogleich zu. Die Bev\u00f6lkerung ahnt zu diesem Zeitpunkt noch nichts von ihrem Gl\u00fcck. Aber der britische <em>Daily Express<\/em> berichtete im Juni 1951:<\/p>\n<p>&#8220;Der deutsche Generalstab, die erbarmungslose Maschine, die hundert Jahre lang europ\u00e4ische Kriege plante, ist zur\u00fcck.&#8221;<\/p>\n<p>Bereits im Jahr 1950 wurde das Amt Blank gegr\u00fcndet, in dem sich in Bonn eine ganze Reihe ehemaliger Nazioffiziere (viele davon Kriegsverbrecher) versammelten, um die n\u00e4chste deutsche Armee zu planen. Noch 1965 hie\u00df es im &#8220;<a rel=\"nofollow noopener\" target=\"_blank\" href=\"http:\/\/www.kpd-ml.org\/doc\/partei\/braunbuch.pdf\">Braunbuch<\/a>&#8220;, das die Karrieren von Nazis in der Bundesrepublik darstellte: &#8220;Von den gegenw\u00e4rtig 189 Generalen und Admiralen der Bundeswehr sind \u00fcber die H\u00e4lfte ehemalige Generalstabsoffiziere der Hitlerwehrmacht; auch die \u00fcbrigen waren ohne Ausnahme Offiziere der faschistischen Wehrmacht. Alle Generale der Bundeswehr waren direkt oder indirekt an der Vorbereitung und Durchf\u00fchrung von Aggressionen beteiligt. Unter den heutigen Generalen und Admiralen der Bundeswehr befindet sich kein einziger, der gegen den Hitlerstaat gek\u00e4mpft hat.&#8221;<\/p>\n<p>Und dieses Ergebnis war keineswegs von der Bev\u00f6lkerung so gew\u00fcnscht. So <a rel=\"nofollow noopener\" target=\"_blank\" href=\"https:\/\/dn720002.ca.archive.org\/0\/items\/wirsindwiederwer0000unse\/wirsindwiederwer0000unse.pdf\">fasste<\/a> der Schriftsteller Bernt Engelmann in seinem Buch &#8220;Wir sind wieder wer&#8221; die wirkliche Stimmung zusammen:<\/p>\n<p>&#8220;Die gro\u00dfe Mehrheit der Westdeutschen und fast die Gesamtheit der politisch Interessierten wollten von einer Wiederbewaffnung absolut nichts wissen. Auch vertraten insgesamt 77 Prozent der Bundesb\u00fcrger in dieser Frage den Standpunkt der sozialdemokratischen Opposition, dass \u00fcber die Aufstellung einer Bundeswehr weder die Bonner Regierung noch der Bundestag und schon gar nicht die Besatzungsm\u00e4chte entscheiden d\u00fcrften, sondern nur eine Volksabstimmung, und \u00fcber deren Ausgang war kein Zweifel m\u00f6glich: Zu Beginn der f\u00fcnfziger Jahre w\u00e4re f\u00fcr eine Remilitarisierung in der Bundesrepublik keine Mehrheit zu gewinnen gewesen, ganz gleich, wie man sie den Bundesb\u00fcrgern schmackhaft zu machen versucht h\u00e4tte.&#8221;<\/p>\n<p>\u00dcbrigens, so Engelmann, h\u00e4tten die Besatzungsm\u00e4chte erst am 16. Dezember 1949 ein Gesetz <a rel=\"nofollow noopener\" target=\"_blank\" href=\"https:\/\/portal.dnb.de\/bookviewer\/view\/1026625904#page\/72\/mode\/1up\">erlassen<\/a>, das &#8220;jeden Deutschen mit lebenslangem Zuchthaus bedrohte, der es unternahm, f\u00fcr eine Wiederaufr\u00fcstung Deutschlands auch nur zu werben&#8221;.<\/p>\n<p>Die Politik der Westalliierten hatte also zwei Ebenen \u2012 gegen\u00fcber der \u00d6ffentlichkeit wurde zu diesem Zeitpunkt noch gegen den Militarismus vorgegangen; auch die Konzerne sollten noch entflochten werden. Hinter verschlossenen T\u00fcren hingegen agierten die US-Amerikaner und die Briten bereits v\u00f6llig anders. Die deutsche Bev\u00f6lkerung wurde dar\u00fcber im Unklaren gelassen.<\/p>\n<p>Wohlgemerkt, diese organisatorischen Vorbereitungen durch das Personal der Hitlerarmee begannen zu einem Zeitpunkt, als offiziell noch die Bestimmungen galten, die die Besch\u00e4ftigung von Nazis in Beh\u00f6rden untersagten \u2012 erst im Jahr darauf, 1951, kam dann Adenauers offizielle Wende und der Artikel 131 des Grundgesetzes, der sie alle wieder in Amt und W\u00fcrden brachte.<\/p>\n<p>Die Gener\u00e4le hatten durchaus auch Forderungen\u00a0hinsichtlich dieser neuen Armee: Sie wollten &#8220;eine planm\u00e4\u00dfige Erziehung des Volks und besonders der Jugend zur &#8216;Wehrbereitschaft&#8217; [&#8230;] sowie vom operativen Standpunkt aus &#8216;eine Verteidigung m\u00f6glichst weit \u00f6stlich und eine offensive Kampff\u00fchrung'&#8221;.\u00a0Da ist sie schon zu h\u00f6ren, die &#8220;Vorw\u00e4rtsverteidigung&#8221; der NATO, faktisch Angriffsplanung, die den ganzen Kalten Krieg \u00fcber die Strategie vorgab.<\/p>\n<p>Engelmanns Beschreibung stellt sehr \u00fcberzeugend dar, was f\u00fcr eine Armee da gew\u00fcnscht wurde und dann entstand: &#8220;Zwischen den offiziellen Feindbildern von einst und denen des Jahres 1950 gab es nur einen deutlichen Unterschied: Es war nicht mehr, wie fr\u00fcher, von der &#8216;j\u00fcdisch-bolschewistischen Weltgefahr&#8217; die Rede, die es r\u00fccksichtslos abzuwehren galt. [&#8230;] Es war nur noch von der &#8216;bolschewistischen Gefahr&#8217; die Rede, der durch &#8216;Vorw\u00e4rtsverteidigung&#8217; offensiv zu begegnen w\u00e4re&#8221;. Nun, die Begriffe sind wandelbar, die Richtung bleibt gleich&#8230;<\/p>\n<p>\u00dcbrigens auch die Techniken. Wie gesagt, diese Beschreibung von Engelmann ist \u00fcberaus erhellend. &#8220;Die von Staatssekret\u00e4r Otto Lenz gesteuerte Regierungspropaganda verbreitete Angst vor &#8216;den Russen&#8217; und diffamierte die Kampagne gegen die Wiederaufr\u00fcstung als &#8216;prokommunistisch&#8217; und &#8216;von Moskau gesteuert&#8217;. Die Organisation einer breiten Unterschriftensammlung wurde von Bundesinnenminister Dr. Robert Lehr als &#8216;Angriff auf die verfassungsm\u00e4\u00dfige Ordnung&#8217; kurzerhand verboten, wiederum mit dem Hinweis auf &#8216;kommunistische Drahtzieher&#8217;, obwohl zu den Initiatoren auch Lehrs Amtsvorg\u00e4nger Dr. Gustav Heinemann und zahlreiche andere angesehene Pers\u00f6nlichkeiten z\u00e4hlten, die zweifellos keine Kommunisten waren.&#8221;<\/p>\n<p>Um die Bewegung gegen die Wiederbewaffnung zu brechen, wurde ein neues Delikt ins Strafrecht eingef\u00fchrt, die &#8220;Staatsgef\u00e4hrdung&#8221;. &#8220;Nach Angaben des Bundesjustizministeriums wurden bis 1955 insgesamt 35.189 Ermittlungsverfahren wegen Staatsgef\u00e4hrdung allein gegen Jugendliche eingeleitet. 6.429 von ihnen kamen in Untersuchungshaft und wurden in 425 Strafprozessen zu insgesamt mehr als tausend Jahren Gef\u00e4ngnis verurteilt&#8221;. Die SPD war \u00fcbrigens rechtzeitig zuvor umgefallen, pl\u00f6tzlich f\u00fcr die Wiederbewaffnung und stimmte auch f\u00fcr dieses neue Gesetz.<\/p>\n<p>Ja, diese Verfahren liefen, w\u00e4hrend es sich Kriegsverbrecher und Massenm\u00f6rder wieder auf den Amtssesseln bequem machten und keinerlei Strafverfolgung mehr f\u00fcrchten mussten.<\/p>\n<p>&#8220;Am Ende sollten sich die, die skeptisch waren, die starke Zweifel an der Wiederbewaffnung hatten, nicht durchsetzen.&#8221;<\/p>\n<p>Es gibt diesen alten Satz von Marx: &#8220;Hegel bemerkt irgendwo, dass alle gro\u00dfen weltgeschichtlichen Tatsachen und Personen sich sozusagen zweimal ereignen. Er hat vergessen hinzuzuf\u00fcgen: das eine Mal als Trag\u00f6die, das andere Mal als Farce.&#8221;<\/p>\n<p>Die ganze Rhetorik rund um die Wiederbewaffnung, auch das aggressive Vorgehen gegen jeden Widerspruch, erinnert sehr an das heutige Deutschland, wirkt fast wie die Blaupause. Aber die Truppe, die da heute durch das <em>ZDF<\/em> stapfte, erinnert bestenfalls an die s\u00e4chsische Armee vor dem Ersten Weltkrieg, wie sie Ludwig Renn in &#8220;Adel im Untergang&#8221; beschrieb. Jeder Schritt sieht aus, als fehlte irgendetwas. Daf\u00fcr wurde beflissen darauf geachtet, genug Frauen, Schwarze und Asiaten in der Truppe zu zeigen. Wenn Verteidigungsminister Pistorius schon von der &#8220;Bundeswehr der Vielfalt&#8221; redet.<\/p>\n<p>Der sich \u00fcbrigens \u00e4hnlich wie Steinmeier um die wahre Geschichte der Wiederbewaffnung herumschummelt. &#8220;Wir d\u00fcrfen nicht vergessen, die Bundeswehr wurde geschaffen, als die Wiederbewaffnung Deutschlands alles andere als popul\u00e4r war.&#8221;<\/p>\n<p>Nein, diese Armee wurde gegen die Bev\u00f6lkerung geschaffen, und auch, sehr zur Freude Konrad Adenauers, gegen die deutsche Einheit. Die Bundeswehr wurde geschaffen, damit Deutsche gegen Deutsche k\u00e4mpfen, denn das erste Schlachtfeld der &#8220;Vorw\u00e4rtsverteidigung&#8221; w\u00e4re die DDR gewesen. Sie hat keine Demokratie verteidigt; um sie entstehen zu lassen, wurde das, was es in der Bundesrepublik an Demokratie gab, auf Jahre hinaus vergiftet.<\/p>\n<p>Und heute? Nach der Beteiligung an der Bombardierung Belgrads, an der Besetzung Afghanistans? Nachdem die andere milit\u00e4rische Tradition, die es auch gab in Deutschland, die von jenen gepr\u00e4gt wurde, die gegen die Hitlerwehrmacht gek\u00e4mpft hatten, ausgel\u00f6scht wurde? Heute, wo wieder die jetzt nicht einmal mehr bolschewistische Bedrohung durch die Russen beschworen wird und abermals jede Abweichung &#8220;von Moskau gesteuert&#8221; ist?<\/p>\n<p>Findet man sich wieder an einem altbekannten Punkt, nur dass dieser letzte Aufguss einer deutschen Armee an den Uniformmantel von Generalinspekteur Carsten Breuer erinnert, dem man so sehr einen Schneider w\u00fcnschen w\u00fcrde. Bei aller ernstgemeinten Leidenschaft f\u00fcr Verfolgung und Kriegstreiberei \u2012 es bleibt eben doch die Farce.<\/p>\n<p><strong>Mehr zum Thema<\/strong>\u00a0\u2012 <a rel=\"nofollow noopener\" target=\"_blank\" href=\"https:\/\/freedert.online\/international\/261518-politico-frankreich-besorgt-ueber-deutschlands-rasante-wiederbewaffnung\/\">Politico: Frankreich besorgt \u00fcber Deutschlands rasante Wiederbewaffnung <\/a><\/p>\n<\/div>\n<p><br \/>\n<br \/><a href=\"https:\/\/de.rt.com\/meinung\/261597-70-jahre-bundeswehr-diesmal-ist\/\">Source link <\/a><\/p>\n","protected":false},"excerpt":{"rendered":"<p>Eines traf bei diesem Jubil\u00e4um der Bundeswehr gewiss zu: Form und Inhalt stimmten \u00fcberein. Zugegeben, ganz so schlimm wie die US-Parade war es nicht, aber letzten Endes muss man festhalten, dass man sich diese Armee mit diesen Zielen auch nicht besser w\u00fcnscht. Von Dagmar Henn Es ist ein winziges Detail, das beim Bundeswehrgel\u00f6bnis, das das [&hellip;]<\/p>\n","protected":false},"author":3,"featured_media":93803,"comment_status":"open","ping_status":"open","sticky":false,"template":"","format":"standard","meta":{"_yoast_indexnow_last_ping":["1762971095"],"wp_automatic_camp":["217"],"9770e9fa32bf239c9e448a81bc42ef82":["70 Jahre Bundeswehr: Diesmal ist es die Farce"],"original_link":["https:\/\/de.rt.com\/meinung\/261597-70-jahre-bundeswehr-diesmal-ist\/"],"_thumbnail_id":["93803"],"jnews_social_counter_last_update":["1777095490"],"_wptgpro_p2tg_sent2tg":["a:1:{i:23737;s:19:\"2025-11-12 20:12:43\";}"]},"categories":[19,23],"tags":[12292,45,20558,27494,414,7530],"yoast_head":"<!-- This site is optimized with the Yoast SEO Premium plugin v22.7 (Yoast SEO v22.7) - https:\/\/yoast.com\/wordpress\/plugins\/seo\/ -->\n<title>70 Jahre Bundeswehr: Diesmal ist es die Farce - just-now.NEWS Deutschland<\/title>\n<meta name=\"robots\" content=\"index, follow, max-snippet:-1, max-image-preview:large, max-video-preview:-1\" \/>\n<link rel=\"canonical\" href=\"https:\/\/now-news.de\/de\/deutschland\/70-jahre-bundeswehr-diesmal-ist-es-die-farce\/\" \/>\n<meta property=\"og:locale\" content=\"de_DE\" \/>\n<meta property=\"og:type\" content=\"article\" \/>\n<meta property=\"og:title\" content=\"70 Jahre Bundeswehr: Diesmal ist es die Farce\" \/>\n<meta property=\"og:description\" content=\"Eines traf bei diesem Jubil\u00e4um der Bundeswehr gewiss zu: Form und Inhalt stimmten \u00fcberein. Zugegeben, ganz so schlimm wie die US-Parade war es nicht, aber letzten Endes muss man festhalten, dass man sich diese Armee mit diesen Zielen auch nicht besser w\u00fcnscht. Von Dagmar Henn Es ist ein winziges Detail, das beim Bundeswehrgel\u00f6bnis, das das [&hellip;]\" \/>\n<meta property=\"og:url\" content=\"https:\/\/now-news.de\/de\/deutschland\/70-jahre-bundeswehr-diesmal-ist-es-die-farce\/\" \/>\n<meta property=\"og:site_name\" content=\"just-now.NEWS Deutschland\" \/>\n<meta property=\"article:publisher\" content=\"https:\/\/www.facebook.com\/wirmachenauf\" \/>\n<meta property=\"article:published_time\" content=\"2025-11-12T18:06:52+00:00\" \/>\n<meta property=\"og:image\" content=\"https:\/\/now-news.de\/de\/wp-content\/uploads\/sites\/3\/2025\/11\/6914bd85b480cc23b8731f54.jpg\" \/>\n<meta name=\"author\" content=\"rtnews\" \/>\n<meta name=\"twitter:card\" content=\"summary_large_image\" \/>\n<meta name=\"twitter:creator\" content=\"@WirMachenAuf_de\" \/>\n<meta name=\"twitter:site\" content=\"@WirMachenAuf_de\" \/>\n<meta name=\"twitter:label1\" content=\"Verfasst von\" \/>\n\t<meta name=\"twitter:data1\" content=\"rtnews\" \/>\n\t<meta name=\"twitter:label2\" content=\"Gesch\u00e4tzte Lesezeit\" \/>\n\t<meta name=\"twitter:data2\" content=\"8\u00a0Minuten\" \/>\n<script type=\"application\/ld+json\" class=\"yoast-schema-graph\">{\"@context\":\"https:\/\/schema.org\",\"@graph\":[{\"@type\":\"Article\",\"@id\":\"https:\/\/now-news.de\/de\/deutschland\/70-jahre-bundeswehr-diesmal-ist-es-die-farce\/#article\",\"isPartOf\":{\"@id\":\"https:\/\/now-news.de\/de\/deutschland\/70-jahre-bundeswehr-diesmal-ist-es-die-farce\/\"},\"author\":{\"name\":\"rtnews\",\"@id\":\"https:\/\/now-news.de\/de\/#\/schema\/person\/fb534a4e865501d8b3285208df34a9b5\"},\"headline\":\"70 Jahre Bundeswehr: Diesmal ist es die Farce\",\"datePublished\":\"2025-11-12T18:06:52+00:00\",\"dateModified\":\"2025-11-12T18:06:52+00:00\",\"mainEntityOfPage\":{\"@id\":\"https:\/\/now-news.de\/de\/deutschland\/70-jahre-bundeswehr-diesmal-ist-es-die-farce\/\"},\"wordCount\":1540,\"commentCount\":0,\"publisher\":{\"@id\":\"https:\/\/now-news.de\/de\/#organization\"},\"image\":{\"@id\":\"https:\/\/now-news.de\/de\/deutschland\/70-jahre-bundeswehr-diesmal-ist-es-die-farce\/#primaryimage\"},\"thumbnailUrl\":\"https:\/\/now-news.de\/de\/wp-content\/uploads\/sites\/3\/2025\/11\/70-Jahre-Bundeswehr-Diesmal-ist-es-die-Farce.jpg\",\"keywords\":[\"Bundeswehr\",\"die\",\"diesmal\",\"Farce\",\"ist\",\"Jahre\"],\"articleSection\":[\"Deutschland\",\"Russland\"],\"inLanguage\":\"de\",\"potentialAction\":[{\"@type\":\"CommentAction\",\"name\":\"Comment\",\"target\":[\"https:\/\/now-news.de\/de\/deutschland\/70-jahre-bundeswehr-diesmal-ist-es-die-farce\/#respond\"]}]},{\"@type\":\"WebPage\",\"@id\":\"https:\/\/now-news.de\/de\/deutschland\/70-jahre-bundeswehr-diesmal-ist-es-die-farce\/\",\"url\":\"https:\/\/now-news.de\/de\/deutschland\/70-jahre-bundeswehr-diesmal-ist-es-die-farce\/\",\"name\":\"70 Jahre Bundeswehr: Diesmal ist es die Farce - just-now.NEWS Deutschland\",\"isPartOf\":{\"@id\":\"https:\/\/now-news.de\/de\/#website\"},\"primaryImageOfPage\":{\"@id\":\"https:\/\/now-news.de\/de\/deutschland\/70-jahre-bundeswehr-diesmal-ist-es-die-farce\/#primaryimage\"},\"image\":{\"@id\":\"https:\/\/now-news.de\/de\/deutschland\/70-jahre-bundeswehr-diesmal-ist-es-die-farce\/#primaryimage\"},\"thumbnailUrl\":\"https:\/\/now-news.de\/de\/wp-content\/uploads\/sites\/3\/2025\/11\/70-Jahre-Bundeswehr-Diesmal-ist-es-die-Farce.jpg\",\"datePublished\":\"2025-11-12T18:06:52+00:00\",\"dateModified\":\"2025-11-12T18:06:52+00:00\",\"breadcrumb\":{\"@id\":\"https:\/\/now-news.de\/de\/deutschland\/70-jahre-bundeswehr-diesmal-ist-es-die-farce\/#breadcrumb\"},\"inLanguage\":\"de\",\"potentialAction\":[{\"@type\":\"ReadAction\",\"target\":[\"https:\/\/now-news.de\/de\/deutschland\/70-jahre-bundeswehr-diesmal-ist-es-die-farce\/\"]}]},{\"@type\":\"ImageObject\",\"inLanguage\":\"de\",\"@id\":\"https:\/\/now-news.de\/de\/deutschland\/70-jahre-bundeswehr-diesmal-ist-es-die-farce\/#primaryimage\",\"url\":\"https:\/\/now-news.de\/de\/wp-content\/uploads\/sites\/3\/2025\/11\/70-Jahre-Bundeswehr-Diesmal-ist-es-die-Farce.jpg\",\"contentUrl\":\"https:\/\/now-news.de\/de\/wp-content\/uploads\/sites\/3\/2025\/11\/70-Jahre-Bundeswehr-Diesmal-ist-es-die-Farce.jpg\",\"width\":460,\"height\":259,\"caption\":\"70 Jahre Bundeswehr: Diesmal ist es die Farce\"},{\"@type\":\"BreadcrumbList\",\"@id\":\"https:\/\/now-news.de\/de\/deutschland\/70-jahre-bundeswehr-diesmal-ist-es-die-farce\/#breadcrumb\",\"itemListElement\":[{\"@type\":\"ListItem\",\"position\":1,\"name\":\"Home\",\"item\":\"https:\/\/now-news.de\/de\/\"},{\"@type\":\"ListItem\",\"position\":2,\"name\":\"70 Jahre Bundeswehr: Diesmal ist es die Farce\"}]},{\"@type\":\"WebSite\",\"@id\":\"https:\/\/now-news.de\/de\/#website\",\"url\":\"https:\/\/now-news.de\/de\/\",\"name\":\"just-now.NEWS Deutschland\",\"description\":\"Das Portal f\u00fcr unzensierte Nachrichten aus der Welt\",\"publisher\":{\"@id\":\"https:\/\/now-news.de\/de\/#organization\"},\"potentialAction\":[{\"@type\":\"SearchAction\",\"target\":{\"@type\":\"EntryPoint\",\"urlTemplate\":\"https:\/\/now-news.de\/de\/?s={search_term_string}\"},\"query-input\":\"required name=search_term_string\"}],\"inLanguage\":\"de\"},{\"@type\":\"Organization\",\"@id\":\"https:\/\/now-news.de\/de\/#organization\",\"name\":\"Just Now News\",\"url\":\"https:\/\/now-news.de\/de\/\",\"logo\":{\"@type\":\"ImageObject\",\"inLanguage\":\"de\",\"@id\":\"https:\/\/now-news.de\/de\/#\/schema\/logo\/image\/\",\"url\":\"http:\/\/just-now.news\/de\/wp-content\/uploads\/sites\/3\/2022\/04\/logo500x500.jpg\",\"contentUrl\":\"http:\/\/just-now.news\/de\/wp-content\/uploads\/sites\/3\/2022\/04\/logo500x500.jpg\",\"width\":500,\"height\":500,\"caption\":\"Just Now News\"},\"image\":{\"@id\":\"https:\/\/now-news.de\/de\/#\/schema\/logo\/image\/\"},\"sameAs\":[\"https:\/\/www.facebook.com\/wirmachenauf\",\"https:\/\/x.com\/WirMachenAuf_de\"]},{\"@type\":\"Person\",\"@id\":\"https:\/\/now-news.de\/de\/#\/schema\/person\/fb534a4e865501d8b3285208df34a9b5\",\"name\":\"rtnews\",\"image\":{\"@type\":\"ImageObject\",\"inLanguage\":\"de\",\"@id\":\"https:\/\/now-news.de\/de\/#\/schema\/person\/image\/\",\"url\":\"https:\/\/secure.gravatar.com\/avatar\/82aafea7d8127119dd649515f56e2117?s=96&d=mm&r=g\",\"contentUrl\":\"https:\/\/secure.gravatar.com\/avatar\/82aafea7d8127119dd649515f56e2117?s=96&d=mm&r=g\",\"caption\":\"rtnews\"},\"url\":\"https:\/\/now-news.de\/de\/author\/rnews\/\"}]}<\/script>\n<!-- \/ Yoast SEO Premium plugin. -->","yoast_head_json":{"title":"70 Jahre Bundeswehr: Diesmal ist es die Farce - just-now.NEWS Deutschland","robots":{"index":"index","follow":"follow","max-snippet":"max-snippet:-1","max-image-preview":"max-image-preview:large","max-video-preview":"max-video-preview:-1"},"canonical":"https:\/\/now-news.de\/de\/deutschland\/70-jahre-bundeswehr-diesmal-ist-es-die-farce\/","og_locale":"de_DE","og_type":"article","og_title":"70 Jahre Bundeswehr: Diesmal ist es die Farce","og_description":"Eines traf bei diesem Jubil\u00e4um der Bundeswehr gewiss zu: Form und Inhalt stimmten \u00fcberein. Zugegeben, ganz so schlimm wie die US-Parade war es nicht, aber letzten Endes muss man festhalten, dass man sich diese Armee mit diesen Zielen auch nicht besser w\u00fcnscht. Von Dagmar Henn Es ist ein winziges Detail, das beim Bundeswehrgel\u00f6bnis, das das [&hellip;]","og_url":"https:\/\/now-news.de\/de\/deutschland\/70-jahre-bundeswehr-diesmal-ist-es-die-farce\/","og_site_name":"just-now.NEWS Deutschland","article_publisher":"https:\/\/www.facebook.com\/wirmachenauf","article_published_time":"2025-11-12T18:06:52+00:00","og_image":[{"url":"https:\/\/now-news.de\/de\/wp-content\/uploads\/sites\/3\/2025\/11\/6914bd85b480cc23b8731f54.jpg"}],"author":"rtnews","twitter_card":"summary_large_image","twitter_creator":"@WirMachenAuf_de","twitter_site":"@WirMachenAuf_de","twitter_misc":{"Verfasst von":"rtnews","Gesch\u00e4tzte Lesezeit":"8\u00a0Minuten"},"schema":{"@context":"https:\/\/schema.org","@graph":[{"@type":"Article","@id":"https:\/\/now-news.de\/de\/deutschland\/70-jahre-bundeswehr-diesmal-ist-es-die-farce\/#article","isPartOf":{"@id":"https:\/\/now-news.de\/de\/deutschland\/70-jahre-bundeswehr-diesmal-ist-es-die-farce\/"},"author":{"name":"rtnews","@id":"https:\/\/now-news.de\/de\/#\/schema\/person\/fb534a4e865501d8b3285208df34a9b5"},"headline":"70 Jahre Bundeswehr: Diesmal ist es die Farce","datePublished":"2025-11-12T18:06:52+00:00","dateModified":"2025-11-12T18:06:52+00:00","mainEntityOfPage":{"@id":"https:\/\/now-news.de\/de\/deutschland\/70-jahre-bundeswehr-diesmal-ist-es-die-farce\/"},"wordCount":1540,"commentCount":0,"publisher":{"@id":"https:\/\/now-news.de\/de\/#organization"},"image":{"@id":"https:\/\/now-news.de\/de\/deutschland\/70-jahre-bundeswehr-diesmal-ist-es-die-farce\/#primaryimage"},"thumbnailUrl":"https:\/\/now-news.de\/de\/wp-content\/uploads\/sites\/3\/2025\/11\/70-Jahre-Bundeswehr-Diesmal-ist-es-die-Farce.jpg","keywords":["Bundeswehr","die","diesmal","Farce","ist","Jahre"],"articleSection":["Deutschland","Russland"],"inLanguage":"de","potentialAction":[{"@type":"CommentAction","name":"Comment","target":["https:\/\/now-news.de\/de\/deutschland\/70-jahre-bundeswehr-diesmal-ist-es-die-farce\/#respond"]}]},{"@type":"WebPage","@id":"https:\/\/now-news.de\/de\/deutschland\/70-jahre-bundeswehr-diesmal-ist-es-die-farce\/","url":"https:\/\/now-news.de\/de\/deutschland\/70-jahre-bundeswehr-diesmal-ist-es-die-farce\/","name":"70 Jahre Bundeswehr: Diesmal ist es die Farce - just-now.NEWS Deutschland","isPartOf":{"@id":"https:\/\/now-news.de\/de\/#website"},"primaryImageOfPage":{"@id":"https:\/\/now-news.de\/de\/deutschland\/70-jahre-bundeswehr-diesmal-ist-es-die-farce\/#primaryimage"},"image":{"@id":"https:\/\/now-news.de\/de\/deutschland\/70-jahre-bundeswehr-diesmal-ist-es-die-farce\/#primaryimage"},"thumbnailUrl":"https:\/\/now-news.de\/de\/wp-content\/uploads\/sites\/3\/2025\/11\/70-Jahre-Bundeswehr-Diesmal-ist-es-die-Farce.jpg","datePublished":"2025-11-12T18:06:52+00:00","dateModified":"2025-11-12T18:06:52+00:00","breadcrumb":{"@id":"https:\/\/now-news.de\/de\/deutschland\/70-jahre-bundeswehr-diesmal-ist-es-die-farce\/#breadcrumb"},"inLanguage":"de","potentialAction":[{"@type":"ReadAction","target":["https:\/\/now-news.de\/de\/deutschland\/70-jahre-bundeswehr-diesmal-ist-es-die-farce\/"]}]},{"@type":"ImageObject","inLanguage":"de","@id":"https:\/\/now-news.de\/de\/deutschland\/70-jahre-bundeswehr-diesmal-ist-es-die-farce\/#primaryimage","url":"https:\/\/now-news.de\/de\/wp-content\/uploads\/sites\/3\/2025\/11\/70-Jahre-Bundeswehr-Diesmal-ist-es-die-Farce.jpg","contentUrl":"https:\/\/now-news.de\/de\/wp-content\/uploads\/sites\/3\/2025\/11\/70-Jahre-Bundeswehr-Diesmal-ist-es-die-Farce.jpg","width":460,"height":259,"caption":"70 Jahre Bundeswehr: Diesmal ist es die Farce"},{"@type":"BreadcrumbList","@id":"https:\/\/now-news.de\/de\/deutschland\/70-jahre-bundeswehr-diesmal-ist-es-die-farce\/#breadcrumb","itemListElement":[{"@type":"ListItem","position":1,"name":"Home","item":"https:\/\/now-news.de\/de\/"},{"@type":"ListItem","position":2,"name":"70 Jahre Bundeswehr: Diesmal ist es die Farce"}]},{"@type":"WebSite","@id":"https:\/\/now-news.de\/de\/#website","url":"https:\/\/now-news.de\/de\/","name":"just-now.NEWS Deutschland","description":"Das Portal f\u00fcr unzensierte Nachrichten aus der Welt","publisher":{"@id":"https:\/\/now-news.de\/de\/#organization"},"potentialAction":[{"@type":"SearchAction","target":{"@type":"EntryPoint","urlTemplate":"https:\/\/now-news.de\/de\/?s={search_term_string}"},"query-input":"required name=search_term_string"}],"inLanguage":"de"},{"@type":"Organization","@id":"https:\/\/now-news.de\/de\/#organization","name":"Just Now News","url":"https:\/\/now-news.de\/de\/","logo":{"@type":"ImageObject","inLanguage":"de","@id":"https:\/\/now-news.de\/de\/#\/schema\/logo\/image\/","url":"http:\/\/just-now.news\/de\/wp-content\/uploads\/sites\/3\/2022\/04\/logo500x500.jpg","contentUrl":"http:\/\/just-now.news\/de\/wp-content\/uploads\/sites\/3\/2022\/04\/logo500x500.jpg","width":500,"height":500,"caption":"Just Now News"},"image":{"@id":"https:\/\/now-news.de\/de\/#\/schema\/logo\/image\/"},"sameAs":["https:\/\/www.facebook.com\/wirmachenauf","https:\/\/x.com\/WirMachenAuf_de"]},{"@type":"Person","@id":"https:\/\/now-news.de\/de\/#\/schema\/person\/fb534a4e865501d8b3285208df34a9b5","name":"rtnews","image":{"@type":"ImageObject","inLanguage":"de","@id":"https:\/\/now-news.de\/de\/#\/schema\/person\/image\/","url":"https:\/\/secure.gravatar.com\/avatar\/82aafea7d8127119dd649515f56e2117?s=96&d=mm&r=g","contentUrl":"https:\/\/secure.gravatar.com\/avatar\/82aafea7d8127119dd649515f56e2117?s=96&d=mm&r=g","caption":"rtnews"},"url":"https:\/\/now-news.de\/de\/author\/rnews\/"}]}},"_links":{"self":[{"href":"https:\/\/now-news.de\/de\/wp-json\/wp\/v2\/posts\/93802"}],"collection":[{"href":"https:\/\/now-news.de\/de\/wp-json\/wp\/v2\/posts"}],"about":[{"href":"https:\/\/now-news.de\/de\/wp-json\/wp\/v2\/types\/post"}],"author":[{"embeddable":true,"href":"https:\/\/now-news.de\/de\/wp-json\/wp\/v2\/users\/3"}],"replies":[{"embeddable":true,"href":"https:\/\/now-news.de\/de\/wp-json\/wp\/v2\/comments?post=93802"}],"version-history":[{"count":0,"href":"https:\/\/now-news.de\/de\/wp-json\/wp\/v2\/posts\/93802\/revisions"}],"wp:featuredmedia":[{"embeddable":true,"href":"https:\/\/now-news.de\/de\/wp-json\/wp\/v2\/media\/93803"}],"wp:attachment":[{"href":"https:\/\/now-news.de\/de\/wp-json\/wp\/v2\/media?parent=93802"}],"wp:term":[{"taxonomy":"category","embeddable":true,"href":"https:\/\/now-news.de\/de\/wp-json\/wp\/v2\/categories?post=93802"},{"taxonomy":"post_tag","embeddable":true,"href":"https:\/\/now-news.de\/de\/wp-json\/wp\/v2\/tags?post=93802"}],"curies":[{"name":"wp","href":"https:\/\/api.w.org\/{rel}","templated":true}]}}