{"id":93776,"date":"2025-11-12T15:07:19","date_gmt":"2025-11-12T13:07:19","guid":{"rendered":"https:\/\/now-news.de\/de\/deutschland\/islamabad-nach-dem-anschlag-pakistan-befindet-sich-im-kriegszustand\/"},"modified":"2025-11-12T15:07:19","modified_gmt":"2025-11-12T13:07:19","slug":"islamabad-nach-dem-anschlag-pakistan-befindet-sich-im-kriegszustand","status":"publish","type":"post","link":"https:\/\/now-news.de\/de\/deutschland\/islamabad-nach-dem-anschlag-pakistan-befindet-sich-im-kriegszustand\/","title":{"rendered":"Islamabad nach dem Anschlag: Pakistan befindet sich im &quot;Kriegszustand&quot;"},"content":{"rendered":"<p><img decoding=\"async\" src=\"https:\/\/now-news.de\/de\/wp-content\/uploads\/sites\/3\/2025\/11\/69147a4748fbef128d2d4dc6.jpg\" \/><\/p>\n<div class=\"Text-root Text-type_1 \">\n                In Pakistan nimmt die Gewalt zu, unter anderem durch die pakistanischen Taliban-Milizen. Nun ist auch die Hauptstadt Islamabad von einem Anschlag betroffen. Der pakistanische Verteidigungsminister spricht von einem &#8220;Kriegszustand&#8221;.\n            <\/div>\n<p><\/p>\n<div class=\"Text-root Text-type_5 ArticleView-text ViewText-root \">\n<p>Bei\u00a0dem j\u00fcngsten Selbstmordanschlag der pakistanischen Taliban (TTP) in Islamabad sind mindestens zw\u00f6lf Menschen ums Leben gekommen. Der Verteidigungsminister des Landes erkl\u00e4rte, die Welle t\u00f6dlicher Terroranschl\u00e4ge habe das Land in einen &#8220;Kriegszustand&#8221; versetzt.<\/p>\n<p>Die Explosion ereignete sich am Dienstag vor dem Bezirksgericht in der Hauptstadt und wurde von mehreren Ministern als Selbstmordanschlag best\u00e4tigt. In diesem Bereich halten sich normalerweise viele Anw\u00e4lte und Prozessbeteiligte auf, die an Gerichtsverhandlungen teilnehmen.<\/p>\n<p>Innenminister Mohsin Naqvi sagte, bei dem Anschlag seien zw\u00f6lf Menschen get\u00f6tet und 27 verletzt worden. Naqvi erkl\u00e4rte, der Attent\u00e4ter habe versucht, &#8220;das Gerichtsgeb\u00e4ude zu betreten, dies jedoch nicht geschafft und stattdessen ein Polizeifahrzeug ins Visier genommen&#8221;.<\/p>\n<p>Die pakistanischen Taliban, auch Tehreek-e-Taliban Pakistan genannt, bekannten sich zu dem Anschlag. In einer Stellungnahme erkl\u00e4rte die TTP: &#8220;Richter, Anw\u00e4lte und Beamte, die Urteile nach den unislamischen Gesetzen Pakistans gef\u00e4llt haben, waren das Ziel.&#8221; Die TTP drohte mit weiteren Anschl\u00e4gen, bis in dem mehrheitlich muslimischen Land die islamische Scharia eingef\u00fchrt werde.<\/p>\n<p>Pakistan sieht sich mit einer t\u00f6dlichen und destabilisierenden Zunahme von Angriffen durch TTP-K\u00e4mpfer konfrontiert, die das Land in die schlimmste Sicherheitskrise seit mehr als einem Jahrzehnt gest\u00fcrzt haben.<\/p>\n<p>Allein in diesem Jahr haben TTP-K\u00e4mpfer mehr als 600 Angriffe in Pakistan ver\u00fcbt \u2013 vor allem in der Region Khyber Pakhtunkhwa, die an Afghanistan grenzt \u2013 und dabei Hunderte Menschen get\u00f6tet. Der Selbstmordanschlag vom Dienstag war jedoch der schwerste Anschlag auf Islamabad seit Jahren.<\/p>\n<p>Die pakistanische Regierung hat die afghanischen Taliban beschuldigt, TTP-K\u00e4mpfern einen sicheren Hafen und bewaffnete Unterst\u00fctzung zu gew\u00e4hren, was Kabul jedoch bestreitet.<\/p>\n<p>Im vergangenen Monat f\u00fchrten diese Anschuldigungen zu t\u00f6dlichen Zusammenst\u00f6\u00dfen entlang der pakistanisch-afghanischen Grenze, bei denen Dutzende Menschen ums Leben kamen. Die beiden L\u00e4nder befinden sich weiterhin in fragilen Waffenstillstandsverhandlungen, in denen bislang keine Einigung \u00fcber den Umgang mit grenz\u00fcberschreitendem Terrorismus erzielt werden konnte.<\/p>\n<p>Versch\u00e4rft werden die Spannungen durch die diplomatische Ann\u00e4herung der Taliban an Pakistans Erzfeind Indien. Pakistan sieht in der Ann\u00e4herung die Gefahr, mit einer Art Zweifrontenkrieg konfrontiert zu werden. Das Land bezichtigt Indien, von Afghanistan aus pakistanische Terrorgruppen zu unterst\u00fctzen.<\/p>\n<p><strong>Mehr zum Thema<\/strong>\u00a0\u2013\u00a0<a rel=\"nofollow noopener\" target=\"_blank\" href=\"https:\/\/freedert.online\/asien\/261417-inzwischen-13-tote-durch-autoexplosion-in-delhi\/\">Inzwischen 13 Tote durch Autoexplosion in Neu-Delhi: Ermittler vermuten Terroranschlag<\/a><\/p>\n<div class=\"EmbedBlock-root EmbedBlock-externalVideo EmbedBlock-rumble\">\n<div class=\"VkEmbed\"><iframe class=\"lazyload\" data-src=\"https:\/\/rumble.com\/embed\/v6y76e4\" frameborder=\"0\" width=\"853\" height=\"480\" allowfullscreen><\/iframe><\/div>\n<\/div>\n<\/div>\n<p><br \/>\n<br \/><a href=\"https:\/\/de.rt.com\/asien\/261530-islamabad-nach-anschlag-pakistan-befindet\/\">Source link <\/a><\/p>\n","protected":false},"excerpt":{"rendered":"<p>In Pakistan nimmt die Gewalt zu, unter anderem durch die pakistanischen Taliban-Milizen. Nun ist auch die Hauptstadt Islamabad von einem Anschlag betroffen. Der pakistanische Verteidigungsminister spricht von einem &#8220;Kriegszustand&#8221;. Bei\u00a0dem j\u00fcngsten Selbstmordanschlag der pakistanischen Taliban (TTP) in Islamabad sind mindestens zw\u00f6lf Menschen ums Leben gekommen. Der Verteidigungsminister des Landes erkl\u00e4rte, die Welle t\u00f6dlicher Terroranschl\u00e4ge habe [&hellip;]<\/p>\n","protected":false},"author":3,"featured_media":93777,"comment_status":"open","ping_status":"open","sticky":false,"template":"","format":"standard","meta":{"_yoast_indexnow_last_ping":["1762954776"],"wp_automatic_camp":["217"],"0311f45138638224ba3a25fa8500fdab":["Islamabad nach dem Anschlag: Pakistan befindet sich im &quot;Kriegszustand&quot;"],"original_link":["https:\/\/de.rt.com\/asien\/261530-islamabad-nach-anschlag-pakistan-befindet\/"],"_thumbnail_id":["93777"],"jnews_social_counter_last_update":["1777318845"],"_wptgpro_p2tg_sent2tg":["a:1:{i:23737;s:19:\"2025-11-12 15:40:37\";}"]},"categories":[19,23],"tags":[6315,20633,134,17424,979,1787,69094,434],"yoast_head":"<!-- This site is optimized with the Yoast SEO Premium plugin v22.7 (Yoast SEO v22.7) - https:\/\/yoast.com\/wordpress\/plugins\/seo\/ -->\n<title>Islamabad nach dem Anschlag: Pakistan befindet sich im &quot;Kriegszustand&quot; - just-now.NEWS Deutschland<\/title>\n<meta name=\"robots\" content=\"index, follow, max-snippet:-1, max-image-preview:large, max-video-preview:-1\" \/>\n<link rel=\"canonical\" href=\"https:\/\/now-news.de\/de\/deutschland\/islamabad-nach-dem-anschlag-pakistan-befindet-sich-im-kriegszustand\/\" \/>\n<meta property=\"og:locale\" content=\"de_DE\" \/>\n<meta property=\"og:type\" content=\"article\" \/>\n<meta property=\"og:title\" content=\"Islamabad nach dem Anschlag: Pakistan befindet sich im &quot;Kriegszustand&quot;\" \/>\n<meta property=\"og:description\" content=\"In Pakistan nimmt die Gewalt zu, unter anderem durch die pakistanischen Taliban-Milizen. Nun ist auch die Hauptstadt Islamabad von einem Anschlag betroffen. Der pakistanische Verteidigungsminister spricht von einem &#8220;Kriegszustand&#8221;. Bei\u00a0dem j\u00fcngsten Selbstmordanschlag der pakistanischen Taliban (TTP) in Islamabad sind mindestens zw\u00f6lf Menschen ums Leben gekommen. Der Verteidigungsminister des Landes erkl\u00e4rte, die Welle t\u00f6dlicher Terroranschl\u00e4ge habe [&hellip;]\" \/>\n<meta property=\"og:url\" content=\"https:\/\/now-news.de\/de\/deutschland\/islamabad-nach-dem-anschlag-pakistan-befindet-sich-im-kriegszustand\/\" \/>\n<meta property=\"og:site_name\" content=\"just-now.NEWS Deutschland\" \/>\n<meta property=\"article:publisher\" content=\"https:\/\/www.facebook.com\/wirmachenauf\" \/>\n<meta property=\"article:published_time\" content=\"2025-11-12T13:07:19+00:00\" \/>\n<meta property=\"og:image\" content=\"https:\/\/now-news.de\/de\/wp-content\/uploads\/sites\/3\/2025\/11\/69147a4748fbef128d2d4dc6.jpg\" \/>\n<meta name=\"author\" content=\"rtnews\" \/>\n<meta name=\"twitter:card\" content=\"summary_large_image\" \/>\n<meta name=\"twitter:creator\" content=\"@WirMachenAuf_de\" \/>\n<meta name=\"twitter:site\" content=\"@WirMachenAuf_de\" \/>\n<meta name=\"twitter:label1\" content=\"Verfasst von\" \/>\n\t<meta name=\"twitter:data1\" content=\"rtnews\" \/>\n\t<meta name=\"twitter:label2\" content=\"Gesch\u00e4tzte Lesezeit\" \/>\n\t<meta name=\"twitter:data2\" content=\"2\u00a0Minuten\" \/>\n<script type=\"application\/ld+json\" class=\"yoast-schema-graph\">{\"@context\":\"https:\/\/schema.org\",\"@graph\":[{\"@type\":\"Article\",\"@id\":\"https:\/\/now-news.de\/de\/deutschland\/islamabad-nach-dem-anschlag-pakistan-befindet-sich-im-kriegszustand\/#article\",\"isPartOf\":{\"@id\":\"https:\/\/now-news.de\/de\/deutschland\/islamabad-nach-dem-anschlag-pakistan-befindet-sich-im-kriegszustand\/\"},\"author\":{\"name\":\"rtnews\",\"@id\":\"https:\/\/now-news.de\/de\/#\/schema\/person\/fb534a4e865501d8b3285208df34a9b5\"},\"headline\":\"Islamabad nach dem Anschlag: Pakistan befindet sich im &quot;Kriegszustand&quot;\",\"datePublished\":\"2025-11-12T13:07:19+00:00\",\"dateModified\":\"2025-11-12T13:07:19+00:00\",\"mainEntityOfPage\":{\"@id\":\"https:\/\/now-news.de\/de\/deutschland\/islamabad-nach-dem-anschlag-pakistan-befindet-sich-im-kriegszustand\/\"},\"wordCount\":416,\"commentCount\":0,\"publisher\":{\"@id\":\"https:\/\/now-news.de\/de\/#organization\"},\"image\":{\"@id\":\"https:\/\/now-news.de\/de\/deutschland\/islamabad-nach-dem-anschlag-pakistan-befindet-sich-im-kriegszustand\/#primaryimage\"},\"thumbnailUrl\":\"https:\/\/now-news.de\/de\/wp-content\/uploads\/sites\/3\/2025\/11\/Islamabad-nach-dem-Anschlag-Pakistan-befindet-sich-im-quotKriegszustandquot.jpg\",\"keywords\":[\"Anschlag\",\"Befindet\",\"DEM\",\"Islamabad\",\"nach\",\"Pakistan\",\"quotKriegszustandquot\",\"sich\"],\"articleSection\":[\"Deutschland\",\"Russland\"],\"inLanguage\":\"de\",\"potentialAction\":[{\"@type\":\"CommentAction\",\"name\":\"Comment\",\"target\":[\"https:\/\/now-news.de\/de\/deutschland\/islamabad-nach-dem-anschlag-pakistan-befindet-sich-im-kriegszustand\/#respond\"]}]},{\"@type\":\"WebPage\",\"@id\":\"https:\/\/now-news.de\/de\/deutschland\/islamabad-nach-dem-anschlag-pakistan-befindet-sich-im-kriegszustand\/\",\"url\":\"https:\/\/now-news.de\/de\/deutschland\/islamabad-nach-dem-anschlag-pakistan-befindet-sich-im-kriegszustand\/\",\"name\":\"Islamabad nach dem Anschlag: Pakistan befindet sich im &quot;Kriegszustand&quot; - just-now.NEWS Deutschland\",\"isPartOf\":{\"@id\":\"https:\/\/now-news.de\/de\/#website\"},\"primaryImageOfPage\":{\"@id\":\"https:\/\/now-news.de\/de\/deutschland\/islamabad-nach-dem-anschlag-pakistan-befindet-sich-im-kriegszustand\/#primaryimage\"},\"image\":{\"@id\":\"https:\/\/now-news.de\/de\/deutschland\/islamabad-nach-dem-anschlag-pakistan-befindet-sich-im-kriegszustand\/#primaryimage\"},\"thumbnailUrl\":\"https:\/\/now-news.de\/de\/wp-content\/uploads\/sites\/3\/2025\/11\/Islamabad-nach-dem-Anschlag-Pakistan-befindet-sich-im-quotKriegszustandquot.jpg\",\"datePublished\":\"2025-11-12T13:07:19+00:00\",\"dateModified\":\"2025-11-12T13:07:19+00:00\",\"breadcrumb\":{\"@id\":\"https:\/\/now-news.de\/de\/deutschland\/islamabad-nach-dem-anschlag-pakistan-befindet-sich-im-kriegszustand\/#breadcrumb\"},\"inLanguage\":\"de\",\"potentialAction\":[{\"@type\":\"ReadAction\",\"target\":[\"https:\/\/now-news.de\/de\/deutschland\/islamabad-nach-dem-anschlag-pakistan-befindet-sich-im-kriegszustand\/\"]}]},{\"@type\":\"ImageObject\",\"inLanguage\":\"de\",\"@id\":\"https:\/\/now-news.de\/de\/deutschland\/islamabad-nach-dem-anschlag-pakistan-befindet-sich-im-kriegszustand\/#primaryimage\",\"url\":\"https:\/\/now-news.de\/de\/wp-content\/uploads\/sites\/3\/2025\/11\/Islamabad-nach-dem-Anschlag-Pakistan-befindet-sich-im-quotKriegszustandquot.jpg\",\"contentUrl\":\"https:\/\/now-news.de\/de\/wp-content\/uploads\/sites\/3\/2025\/11\/Islamabad-nach-dem-Anschlag-Pakistan-befindet-sich-im-quotKriegszustandquot.jpg\",\"width\":460,\"height\":259,\"caption\":\"Islamabad nach dem Anschlag: Pakistan befindet sich im &quot;Kriegszustand&quot;\"},{\"@type\":\"BreadcrumbList\",\"@id\":\"https:\/\/now-news.de\/de\/deutschland\/islamabad-nach-dem-anschlag-pakistan-befindet-sich-im-kriegszustand\/#breadcrumb\",\"itemListElement\":[{\"@type\":\"ListItem\",\"position\":1,\"name\":\"Home\",\"item\":\"https:\/\/now-news.de\/de\/\"},{\"@type\":\"ListItem\",\"position\":2,\"name\":\"Islamabad nach dem Anschlag: Pakistan befindet sich im &quot;Kriegszustand&quot;\"}]},{\"@type\":\"WebSite\",\"@id\":\"https:\/\/now-news.de\/de\/#website\",\"url\":\"https:\/\/now-news.de\/de\/\",\"name\":\"just-now.NEWS Deutschland\",\"description\":\"Das Portal f\u00fcr unzensierte Nachrichten aus der Welt\",\"publisher\":{\"@id\":\"https:\/\/now-news.de\/de\/#organization\"},\"potentialAction\":[{\"@type\":\"SearchAction\",\"target\":{\"@type\":\"EntryPoint\",\"urlTemplate\":\"https:\/\/now-news.de\/de\/?s={search_term_string}\"},\"query-input\":\"required name=search_term_string\"}],\"inLanguage\":\"de\"},{\"@type\":\"Organization\",\"@id\":\"https:\/\/now-news.de\/de\/#organization\",\"name\":\"Just Now News\",\"url\":\"https:\/\/now-news.de\/de\/\",\"logo\":{\"@type\":\"ImageObject\",\"inLanguage\":\"de\",\"@id\":\"https:\/\/now-news.de\/de\/#\/schema\/logo\/image\/\",\"url\":\"http:\/\/just-now.news\/de\/wp-content\/uploads\/sites\/3\/2022\/04\/logo500x500.jpg\",\"contentUrl\":\"http:\/\/just-now.news\/de\/wp-content\/uploads\/sites\/3\/2022\/04\/logo500x500.jpg\",\"width\":500,\"height\":500,\"caption\":\"Just Now News\"},\"image\":{\"@id\":\"https:\/\/now-news.de\/de\/#\/schema\/logo\/image\/\"},\"sameAs\":[\"https:\/\/www.facebook.com\/wirmachenauf\",\"https:\/\/x.com\/WirMachenAuf_de\"]},{\"@type\":\"Person\",\"@id\":\"https:\/\/now-news.de\/de\/#\/schema\/person\/fb534a4e865501d8b3285208df34a9b5\",\"name\":\"rtnews\",\"image\":{\"@type\":\"ImageObject\",\"inLanguage\":\"de\",\"@id\":\"https:\/\/now-news.de\/de\/#\/schema\/person\/image\/\",\"url\":\"https:\/\/secure.gravatar.com\/avatar\/82aafea7d8127119dd649515f56e2117?s=96&d=mm&r=g\",\"contentUrl\":\"https:\/\/secure.gravatar.com\/avatar\/82aafea7d8127119dd649515f56e2117?s=96&d=mm&r=g\",\"caption\":\"rtnews\"},\"url\":\"https:\/\/now-news.de\/de\/author\/rnews\/\"}]}<\/script>\n<!-- \/ Yoast SEO Premium plugin. -->","yoast_head_json":{"title":"Islamabad nach dem Anschlag: Pakistan befindet sich im &quot;Kriegszustand&quot; - just-now.NEWS Deutschland","robots":{"index":"index","follow":"follow","max-snippet":"max-snippet:-1","max-image-preview":"max-image-preview:large","max-video-preview":"max-video-preview:-1"},"canonical":"https:\/\/now-news.de\/de\/deutschland\/islamabad-nach-dem-anschlag-pakistan-befindet-sich-im-kriegszustand\/","og_locale":"de_DE","og_type":"article","og_title":"Islamabad nach dem Anschlag: Pakistan befindet sich im &quot;Kriegszustand&quot;","og_description":"In Pakistan nimmt die Gewalt zu, unter anderem durch die pakistanischen Taliban-Milizen. Nun ist auch die Hauptstadt Islamabad von einem Anschlag betroffen. Der pakistanische Verteidigungsminister spricht von einem &#8220;Kriegszustand&#8221;. Bei\u00a0dem j\u00fcngsten Selbstmordanschlag der pakistanischen Taliban (TTP) in Islamabad sind mindestens zw\u00f6lf Menschen ums Leben gekommen. Der Verteidigungsminister des Landes erkl\u00e4rte, die Welle t\u00f6dlicher Terroranschl\u00e4ge habe [&hellip;]","og_url":"https:\/\/now-news.de\/de\/deutschland\/islamabad-nach-dem-anschlag-pakistan-befindet-sich-im-kriegszustand\/","og_site_name":"just-now.NEWS Deutschland","article_publisher":"https:\/\/www.facebook.com\/wirmachenauf","article_published_time":"2025-11-12T13:07:19+00:00","og_image":[{"url":"https:\/\/now-news.de\/de\/wp-content\/uploads\/sites\/3\/2025\/11\/69147a4748fbef128d2d4dc6.jpg"}],"author":"rtnews","twitter_card":"summary_large_image","twitter_creator":"@WirMachenAuf_de","twitter_site":"@WirMachenAuf_de","twitter_misc":{"Verfasst von":"rtnews","Gesch\u00e4tzte Lesezeit":"2\u00a0Minuten"},"schema":{"@context":"https:\/\/schema.org","@graph":[{"@type":"Article","@id":"https:\/\/now-news.de\/de\/deutschland\/islamabad-nach-dem-anschlag-pakistan-befindet-sich-im-kriegszustand\/#article","isPartOf":{"@id":"https:\/\/now-news.de\/de\/deutschland\/islamabad-nach-dem-anschlag-pakistan-befindet-sich-im-kriegszustand\/"},"author":{"name":"rtnews","@id":"https:\/\/now-news.de\/de\/#\/schema\/person\/fb534a4e865501d8b3285208df34a9b5"},"headline":"Islamabad nach dem Anschlag: Pakistan befindet sich im &quot;Kriegszustand&quot;","datePublished":"2025-11-12T13:07:19+00:00","dateModified":"2025-11-12T13:07:19+00:00","mainEntityOfPage":{"@id":"https:\/\/now-news.de\/de\/deutschland\/islamabad-nach-dem-anschlag-pakistan-befindet-sich-im-kriegszustand\/"},"wordCount":416,"commentCount":0,"publisher":{"@id":"https:\/\/now-news.de\/de\/#organization"},"image":{"@id":"https:\/\/now-news.de\/de\/deutschland\/islamabad-nach-dem-anschlag-pakistan-befindet-sich-im-kriegszustand\/#primaryimage"},"thumbnailUrl":"https:\/\/now-news.de\/de\/wp-content\/uploads\/sites\/3\/2025\/11\/Islamabad-nach-dem-Anschlag-Pakistan-befindet-sich-im-quotKriegszustandquot.jpg","keywords":["Anschlag","Befindet","DEM","Islamabad","nach","Pakistan","quotKriegszustandquot","sich"],"articleSection":["Deutschland","Russland"],"inLanguage":"de","potentialAction":[{"@type":"CommentAction","name":"Comment","target":["https:\/\/now-news.de\/de\/deutschland\/islamabad-nach-dem-anschlag-pakistan-befindet-sich-im-kriegszustand\/#respond"]}]},{"@type":"WebPage","@id":"https:\/\/now-news.de\/de\/deutschland\/islamabad-nach-dem-anschlag-pakistan-befindet-sich-im-kriegszustand\/","url":"https:\/\/now-news.de\/de\/deutschland\/islamabad-nach-dem-anschlag-pakistan-befindet-sich-im-kriegszustand\/","name":"Islamabad nach dem Anschlag: Pakistan befindet sich im &quot;Kriegszustand&quot; - just-now.NEWS Deutschland","isPartOf":{"@id":"https:\/\/now-news.de\/de\/#website"},"primaryImageOfPage":{"@id":"https:\/\/now-news.de\/de\/deutschland\/islamabad-nach-dem-anschlag-pakistan-befindet-sich-im-kriegszustand\/#primaryimage"},"image":{"@id":"https:\/\/now-news.de\/de\/deutschland\/islamabad-nach-dem-anschlag-pakistan-befindet-sich-im-kriegszustand\/#primaryimage"},"thumbnailUrl":"https:\/\/now-news.de\/de\/wp-content\/uploads\/sites\/3\/2025\/11\/Islamabad-nach-dem-Anschlag-Pakistan-befindet-sich-im-quotKriegszustandquot.jpg","datePublished":"2025-11-12T13:07:19+00:00","dateModified":"2025-11-12T13:07:19+00:00","breadcrumb":{"@id":"https:\/\/now-news.de\/de\/deutschland\/islamabad-nach-dem-anschlag-pakistan-befindet-sich-im-kriegszustand\/#breadcrumb"},"inLanguage":"de","potentialAction":[{"@type":"ReadAction","target":["https:\/\/now-news.de\/de\/deutschland\/islamabad-nach-dem-anschlag-pakistan-befindet-sich-im-kriegszustand\/"]}]},{"@type":"ImageObject","inLanguage":"de","@id":"https:\/\/now-news.de\/de\/deutschland\/islamabad-nach-dem-anschlag-pakistan-befindet-sich-im-kriegszustand\/#primaryimage","url":"https:\/\/now-news.de\/de\/wp-content\/uploads\/sites\/3\/2025\/11\/Islamabad-nach-dem-Anschlag-Pakistan-befindet-sich-im-quotKriegszustandquot.jpg","contentUrl":"https:\/\/now-news.de\/de\/wp-content\/uploads\/sites\/3\/2025\/11\/Islamabad-nach-dem-Anschlag-Pakistan-befindet-sich-im-quotKriegszustandquot.jpg","width":460,"height":259,"caption":"Islamabad nach dem Anschlag: Pakistan befindet sich im &quot;Kriegszustand&quot;"},{"@type":"BreadcrumbList","@id":"https:\/\/now-news.de\/de\/deutschland\/islamabad-nach-dem-anschlag-pakistan-befindet-sich-im-kriegszustand\/#breadcrumb","itemListElement":[{"@type":"ListItem","position":1,"name":"Home","item":"https:\/\/now-news.de\/de\/"},{"@type":"ListItem","position":2,"name":"Islamabad nach dem Anschlag: Pakistan befindet sich im &quot;Kriegszustand&quot;"}]},{"@type":"WebSite","@id":"https:\/\/now-news.de\/de\/#website","url":"https:\/\/now-news.de\/de\/","name":"just-now.NEWS Deutschland","description":"Das Portal f\u00fcr unzensierte Nachrichten aus der Welt","publisher":{"@id":"https:\/\/now-news.de\/de\/#organization"},"potentialAction":[{"@type":"SearchAction","target":{"@type":"EntryPoint","urlTemplate":"https:\/\/now-news.de\/de\/?s={search_term_string}"},"query-input":"required name=search_term_string"}],"inLanguage":"de"},{"@type":"Organization","@id":"https:\/\/now-news.de\/de\/#organization","name":"Just Now News","url":"https:\/\/now-news.de\/de\/","logo":{"@type":"ImageObject","inLanguage":"de","@id":"https:\/\/now-news.de\/de\/#\/schema\/logo\/image\/","url":"http:\/\/just-now.news\/de\/wp-content\/uploads\/sites\/3\/2022\/04\/logo500x500.jpg","contentUrl":"http:\/\/just-now.news\/de\/wp-content\/uploads\/sites\/3\/2022\/04\/logo500x500.jpg","width":500,"height":500,"caption":"Just Now News"},"image":{"@id":"https:\/\/now-news.de\/de\/#\/schema\/logo\/image\/"},"sameAs":["https:\/\/www.facebook.com\/wirmachenauf","https:\/\/x.com\/WirMachenAuf_de"]},{"@type":"Person","@id":"https:\/\/now-news.de\/de\/#\/schema\/person\/fb534a4e865501d8b3285208df34a9b5","name":"rtnews","image":{"@type":"ImageObject","inLanguage":"de","@id":"https:\/\/now-news.de\/de\/#\/schema\/person\/image\/","url":"https:\/\/secure.gravatar.com\/avatar\/82aafea7d8127119dd649515f56e2117?s=96&d=mm&r=g","contentUrl":"https:\/\/secure.gravatar.com\/avatar\/82aafea7d8127119dd649515f56e2117?s=96&d=mm&r=g","caption":"rtnews"},"url":"https:\/\/now-news.de\/de\/author\/rnews\/"}]}},"_links":{"self":[{"href":"https:\/\/now-news.de\/de\/wp-json\/wp\/v2\/posts\/93776"}],"collection":[{"href":"https:\/\/now-news.de\/de\/wp-json\/wp\/v2\/posts"}],"about":[{"href":"https:\/\/now-news.de\/de\/wp-json\/wp\/v2\/types\/post"}],"author":[{"embeddable":true,"href":"https:\/\/now-news.de\/de\/wp-json\/wp\/v2\/users\/3"}],"replies":[{"embeddable":true,"href":"https:\/\/now-news.de\/de\/wp-json\/wp\/v2\/comments?post=93776"}],"version-history":[{"count":0,"href":"https:\/\/now-news.de\/de\/wp-json\/wp\/v2\/posts\/93776\/revisions"}],"wp:featuredmedia":[{"embeddable":true,"href":"https:\/\/now-news.de\/de\/wp-json\/wp\/v2\/media\/93777"}],"wp:attachment":[{"href":"https:\/\/now-news.de\/de\/wp-json\/wp\/v2\/media?parent=93776"}],"wp:term":[{"taxonomy":"category","embeddable":true,"href":"https:\/\/now-news.de\/de\/wp-json\/wp\/v2\/categories?post=93776"},{"taxonomy":"post_tag","embeddable":true,"href":"https:\/\/now-news.de\/de\/wp-json\/wp\/v2\/tags?post=93776"}],"curies":[{"name":"wp","href":"https:\/\/api.w.org\/{rel}","templated":true}]}}