{"id":93766,"date":"2025-11-12T12:06:55","date_gmt":"2025-11-12T10:06:55","guid":{"rendered":"https:\/\/now-news.de\/de\/deutschland\/syriens-machthaber-in-washington-vom-us-gefangenenlager-ins-weisse-haus\/"},"modified":"2025-11-12T12:06:55","modified_gmt":"2025-11-12T10:06:55","slug":"syriens-machthaber-in-washington-vom-us-gefangenenlager-ins-weisse-haus","status":"publish","type":"post","link":"https:\/\/now-news.de\/de\/deutschland\/syriens-machthaber-in-washington-vom-us-gefangenenlager-ins-weisse-haus\/","title":{"rendered":"Syriens Machthaber in Washington: Vom US-Gefangenenlager ins Wei\u00dfe Haus"},"content":{"rendered":"<p><img decoding=\"async\" src=\"https:\/\/now-news.de\/de\/wp-content\/uploads\/sites\/3\/2025\/11\/6914433e48fbef53411c9382.jpg\" \/><\/p>\n<div class=\"Text-root Text-type_1 \">\n                Die USA und die Golfstaaten setzen sich f\u00fcr die R\u00fcckkehr einer sunnitischen Herrschaft in Syrien ein, um den Einfluss Irans in der Levante zur\u00fcckzudr\u00e4ngen. Durch die Aussetzung der Sanktionen gegen Syrien will Trump den syrischen Machthaber auf die Linie der US-Politik bringen.\n            <\/div>\n<p><\/p>\n<div class=\"Text-root Text-type_5 ArticleView-text ViewText-root \">\n<p><em>Eine Analyse des RT-Teams<\/em><\/p>\n<p>Der selbst ernannte syrische Pr\u00e4sident Ahmed al-Scharaa besuchte am Montag Washington, wo er im Wei\u00dfen Haus Gespr\u00e4che mit US-Pr\u00e4sident Donald Trump f\u00fchrte und sich mit hochrangigen Vertretern des Internationalen W\u00e4hrungsfonds (IWF) traf.<\/p>\n<p>W\u00e4hrend seiner Reise erreichte der syrische Machthaber eine weitere Verl\u00e4ngerung der Aussetzung der Anfang des Jahres gem\u00e4\u00df dem Caesar Act verh\u00e4ngten US-Sanktionen.\u00a0Zudem trat er mit seinem Land Washingtons &#8220;Anti-IS&#8221;-Koalition in Syrien formell bei.<\/p>\n<p>Syriens Au\u00dfenpolitik orientiert sich seit der Macht\u00fcbernahme der Islamisten gen Westen. Ahmed al-Scharaa war der erste &#8220;Pr\u00e4sident Syriens&#8221; seit der Unabh\u00e4ngigkeit des Landes im Jahr 1946, der zu einem Staatsbesuch nach Washington eingeladen wurde. Der Besuch wurde schon\u00a0im Vorfeld\u00a0als &#8220;historisch&#8221; bezeichnet.<\/p>\n<p>Noch vor einem Jahr galt al-Scharaa in den USA\u00a0als gesuchter Terrorist.\u00a0Er ist ein fr\u00fcherer Dschihadistenf\u00fchrer. Er sa\u00df im &#8220;Camp Bucca&#8221; ein, einem Gefangenenlager, in dem w\u00e4hrend der US-Besatzung des Iraks gef\u00e4hrliche Islamisten gefangen gehalten wurden. Seine Islamistenallianz Hayat Tahrir al-Scham, unter deren F\u00fchrung Baschar al-Assad gest\u00fcrzt wurde, ist aus einem syrischen Al-Qaida-Ableger hervorgegangen.<\/p>\n<p>Noch kurz vor al-Scharaas Besuch im Wei\u00dfen Haus lie\u00df Washington den selbst ernannten Pr\u00e4sidenten von einer Liste streichen, auf der die US-Regierung mit Sanktionen belegte Terroristen auff\u00fchrt. Ein von den USA ausgesetztes Kopfgeld in H\u00f6he von zehn Millionen US-Dollar auf al-Scharaa wurde bereits kurz nach dem Sturz Assads aufgehoben.\u00a0<\/p>\n<p>In einem Interview mit <em>Fox News<\/em> erkl\u00e4rte der syrische Pr\u00e4sident, seine Zeit bei Al-Qaida und seiner Vorg\u00e4ngerorganisation im Irak geh\u00f6re der Vergangenheit an und sei mit Trump &#8220;nicht besprochen&#8221; worden.<\/p>\n<p>Die US-Regierung unter Trump treibt derzeit die Aufhebung der Sanktionen gegen Syrien voran. Ein Teil der Sanktionen wurde bereits per Erlass des US-Pr\u00e4sidenten au\u00dfer Kraft gesetzt. \u00dcber die vollst\u00e4ndige Aufhebung der US-Sanktionen k\u00f6nnen jedoch nicht Trump und die US-Regierung allein entscheiden, sondern nur der US-Kongress. Insofern konnte al-Scharaa lediglich eine Aussetzung der Sanktionen f\u00fcr ein Jahr erreichen.<\/p>\n<p>Die westlichen Sanktionen, insbesondere die von Washington verh\u00e4ngten, haben die syrische Wirtschaft in den vergangenen 14 Jahren stark gesch\u00e4digt. Seit Beginn des von den USA und der T\u00fcrkei unterst\u00fctzten\u00a0B\u00fcrgerkriegs\u00a0im Jahr 2011 hat sich die Situation immer weiter verschlechtert. Sie behinderten die internationalen Bem\u00fchungen, dem Land humanit\u00e4re Hilfe zukommen zu lassen, und hatten verheerende Auswirkungen auf das t\u00e4gliche Leben der syrischen Bev\u00f6lkerung.<\/p>\n<p>Seit dem Machtwechsel in Syrien hegt das Trump-Team die Hoffnung, das Land ins Lager der &#8220;Abraham-Abkommen&#8221; hin\u00fcberziehen zu k\u00f6nnen \u2013 also jener L\u00e4nder, die Frieden mit Israel geschlossen haben. Trumps Sondergesandter Thomas Barrack erkl\u00e4rte k\u00fcrzlich am Rande des IISS Manama Dialogue, einer gro\u00dfen regionalen Sicherheitskonferenz, Syrien stehe kurz davor, ein Sicherheitsabkommen mit Israel zu unterzeichnen. Die Abmachung h\u00e4tte einen gemeinsamen Nenner: die Eind\u00e4mmung des iranischen Einflusses in der Levante.\u00a0<\/p>\n<p>Saudi-Arabien und die \u00fcbrigen Golfstaaten, mit denen sowohl Trumps Familie als auch sein Sondergesandter Steve Witkoff finanziell eng verbunden sind, wollen auf jeden Fall al-Scharaa als Machthaber in Syrien etablieren. Denn sie beharren auf die R\u00fcckkehr einer sunnitischen Herrschaft in Syrien, um den Einfluss Irans zur\u00fcckzudr\u00e4ngen und den massenhaften Schmuggel der am Persischen Golf weitverbreiteten Aufputschdroge Captagon aus Syrien zu unterbinden. Daf\u00fcr ist ein halbwegs stabiler Staat Syrien notwendig.\u00a0Schlie\u00dflich liegt al-Scharaas Position, Iran und seine Proxy-Milizen nach jahrelanger Machtpr\u00e4senz zum Schutz des s\u00e4kularen Staates unter Assad fortan aus Syrien fernhalten zu wollen, exakt auf Linie mit Washingtons und Tel Avivs sowie Riads Politik.<\/p>\n<p>Hinzu kommt, laut einem Bericht der Nachrichtenagentur\u00a0<em>Reuters<\/em>, der sich auf westliche und syrische Regierungsquellen beruft, dass sich die USA im Zuge der Ann\u00e4herung an Damaskus den Aufbau einer milit\u00e4rischen Pr\u00e4senz auf einem Luftwaffenst\u00fctzpunkt in der N\u00e4he der syrischen Hauptstadt vorbereiten. Damit wollen die US-Amerikaner den Einfluss Irans und Russlands in Syrien massiv einschr\u00e4nken und eine Sicherheitszone f\u00fcr Israel in der Levante einrichten.\u00a0<\/p>\n<p><strong>Mehr zum Thema<\/strong>\u00a0\u2013\u00a0<a rel=\"nofollow noopener\" target=\"_blank\" href=\"https:\/\/freedert.online\/der-nahe-osten\/256915-us-gesandter-syrien-und-israel\/\">US-Gesandter: Syrien und Israel kurz vor Abkommen \u00fcber Deeskalation<\/a><\/p>\n<div class=\"EmbedBlock-root EmbedBlock-externalVideo EmbedBlock-rumble\">\n<div class=\"VkEmbed\"><iframe class=\"lazyload\" data-src=\"https:\/\/rumble.com\/embed\/v6zbeyc\" frameborder=\"0\" width=\"853\" height=\"480\" allowfullscreen><\/iframe><\/div>\n<\/div>\n<\/div>\n<p><br \/>\n<br \/><a href=\"https:\/\/de.rt.com\/der-nahe-osten\/261502-syriens-machthaber-in-washington-vom\/\">Source link <\/a><\/p>\n","protected":false},"excerpt":{"rendered":"<p>Die USA und die Golfstaaten setzen sich f\u00fcr die R\u00fcckkehr einer sunnitischen Herrschaft in Syrien ein, um den Einfluss Irans in der Levante zur\u00fcckzudr\u00e4ngen. Durch die Aussetzung der Sanktionen gegen Syrien will Trump den syrischen Machthaber auf die Linie der US-Politik bringen. Eine Analyse des RT-Teams Der selbst ernannte syrische Pr\u00e4sident Ahmed al-Scharaa besuchte am [&hellip;]<\/p>\n","protected":false},"author":3,"featured_media":93767,"comment_status":"open","ping_status":"open","sticky":false,"template":"","format":"standard","meta":{"_yoast_indexnow_last_ping":["1762942229"],"wp_automatic_camp":["217"],"7431a08705e7e1e8ce5cdb38cf94d9f1":["Syriens Machthaber in Washington: Vom US-Gefangenenlager ins Wei\u00dfe Haus"],"original_link":["https:\/\/de.rt.com\/der-nahe-osten\/261502-syriens-machthaber-in-washington-vom\/"],"_thumbnail_id":["93767"],"jnews_social_counter_last_update":["1777172080"],"_wptgpro_p2tg_sent2tg":["a:1:{i:23737;s:19:\"2025-11-12 12:11:29\";}"]},"categories":[19,23],"tags":[3356,1678,57967,19660,69087,1010,1039,3683],"yoast_head":"<!-- This site is optimized with the Yoast SEO Premium plugin v22.7 (Yoast SEO v22.7) - https:\/\/yoast.com\/wordpress\/plugins\/seo\/ -->\n<title>Syriens Machthaber in Washington: Vom US-Gefangenenlager ins Wei\u00dfe Haus - just-now.NEWS Deutschland<\/title>\n<meta name=\"robots\" content=\"index, follow, max-snippet:-1, max-image-preview:large, max-video-preview:-1\" \/>\n<link rel=\"canonical\" href=\"https:\/\/now-news.de\/de\/deutschland\/syriens-machthaber-in-washington-vom-us-gefangenenlager-ins-weisse-haus\/\" \/>\n<meta property=\"og:locale\" content=\"de_DE\" \/>\n<meta property=\"og:type\" content=\"article\" \/>\n<meta property=\"og:title\" content=\"Syriens Machthaber in Washington: Vom US-Gefangenenlager ins Wei\u00dfe Haus\" \/>\n<meta property=\"og:description\" content=\"Die USA und die Golfstaaten setzen sich f\u00fcr die R\u00fcckkehr einer sunnitischen Herrschaft in Syrien ein, um den Einfluss Irans in der Levante zur\u00fcckzudr\u00e4ngen. Durch die Aussetzung der Sanktionen gegen Syrien will Trump den syrischen Machthaber auf die Linie der US-Politik bringen. Eine Analyse des RT-Teams Der selbst ernannte syrische Pr\u00e4sident Ahmed al-Scharaa besuchte am [&hellip;]\" \/>\n<meta property=\"og:url\" content=\"https:\/\/now-news.de\/de\/deutschland\/syriens-machthaber-in-washington-vom-us-gefangenenlager-ins-weisse-haus\/\" \/>\n<meta property=\"og:site_name\" content=\"just-now.NEWS Deutschland\" \/>\n<meta property=\"article:publisher\" content=\"https:\/\/www.facebook.com\/wirmachenauf\" \/>\n<meta property=\"article:published_time\" content=\"2025-11-12T10:06:55+00:00\" \/>\n<meta property=\"og:image\" content=\"https:\/\/now-news.de\/de\/wp-content\/uploads\/sites\/3\/2025\/11\/6914433e48fbef53411c9382.jpg\" \/>\n<meta name=\"author\" content=\"rtnews\" \/>\n<meta name=\"twitter:card\" content=\"summary_large_image\" \/>\n<meta name=\"twitter:creator\" content=\"@WirMachenAuf_de\" \/>\n<meta name=\"twitter:site\" content=\"@WirMachenAuf_de\" \/>\n<meta name=\"twitter:label1\" content=\"Verfasst von\" \/>\n\t<meta name=\"twitter:data1\" content=\"rtnews\" \/>\n\t<meta name=\"twitter:label2\" content=\"Gesch\u00e4tzte Lesezeit\" \/>\n\t<meta name=\"twitter:data2\" content=\"4\u00a0Minuten\" \/>\n<script type=\"application\/ld+json\" class=\"yoast-schema-graph\">{\"@context\":\"https:\/\/schema.org\",\"@graph\":[{\"@type\":\"Article\",\"@id\":\"https:\/\/now-news.de\/de\/deutschland\/syriens-machthaber-in-washington-vom-us-gefangenenlager-ins-weisse-haus\/#article\",\"isPartOf\":{\"@id\":\"https:\/\/now-news.de\/de\/deutschland\/syriens-machthaber-in-washington-vom-us-gefangenenlager-ins-weisse-haus\/\"},\"author\":{\"name\":\"rtnews\",\"@id\":\"https:\/\/now-news.de\/de\/#\/schema\/person\/fb534a4e865501d8b3285208df34a9b5\"},\"headline\":\"Syriens Machthaber in Washington: Vom US-Gefangenenlager ins Wei\u00dfe Haus\",\"datePublished\":\"2025-11-12T10:06:55+00:00\",\"dateModified\":\"2025-11-12T10:06:55+00:00\",\"mainEntityOfPage\":{\"@id\":\"https:\/\/now-news.de\/de\/deutschland\/syriens-machthaber-in-washington-vom-us-gefangenenlager-ins-weisse-haus\/\"},\"wordCount\":734,\"commentCount\":0,\"publisher\":{\"@id\":\"https:\/\/now-news.de\/de\/#organization\"},\"image\":{\"@id\":\"https:\/\/now-news.de\/de\/deutschland\/syriens-machthaber-in-washington-vom-us-gefangenenlager-ins-weisse-haus\/#primaryimage\"},\"thumbnailUrl\":\"https:\/\/now-news.de\/de\/wp-content\/uploads\/sites\/3\/2025\/11\/Syriens-Machthaber-in-Washington-Vom-US-Gefangenenlager-ins-Weisse-Haus.jpg\",\"keywords\":[\"Haus\",\"ins\",\"Machthaber\",\"Syriens\",\"USGefangenenlager\",\"vom\",\"Washington\",\"Wei\u00dfe\"],\"articleSection\":[\"Deutschland\",\"Russland\"],\"inLanguage\":\"de\",\"potentialAction\":[{\"@type\":\"CommentAction\",\"name\":\"Comment\",\"target\":[\"https:\/\/now-news.de\/de\/deutschland\/syriens-machthaber-in-washington-vom-us-gefangenenlager-ins-weisse-haus\/#respond\"]}]},{\"@type\":\"WebPage\",\"@id\":\"https:\/\/now-news.de\/de\/deutschland\/syriens-machthaber-in-washington-vom-us-gefangenenlager-ins-weisse-haus\/\",\"url\":\"https:\/\/now-news.de\/de\/deutschland\/syriens-machthaber-in-washington-vom-us-gefangenenlager-ins-weisse-haus\/\",\"name\":\"Syriens Machthaber in Washington: Vom US-Gefangenenlager ins Wei\u00dfe Haus - just-now.NEWS Deutschland\",\"isPartOf\":{\"@id\":\"https:\/\/now-news.de\/de\/#website\"},\"primaryImageOfPage\":{\"@id\":\"https:\/\/now-news.de\/de\/deutschland\/syriens-machthaber-in-washington-vom-us-gefangenenlager-ins-weisse-haus\/#primaryimage\"},\"image\":{\"@id\":\"https:\/\/now-news.de\/de\/deutschland\/syriens-machthaber-in-washington-vom-us-gefangenenlager-ins-weisse-haus\/#primaryimage\"},\"thumbnailUrl\":\"https:\/\/now-news.de\/de\/wp-content\/uploads\/sites\/3\/2025\/11\/Syriens-Machthaber-in-Washington-Vom-US-Gefangenenlager-ins-Weisse-Haus.jpg\",\"datePublished\":\"2025-11-12T10:06:55+00:00\",\"dateModified\":\"2025-11-12T10:06:55+00:00\",\"breadcrumb\":{\"@id\":\"https:\/\/now-news.de\/de\/deutschland\/syriens-machthaber-in-washington-vom-us-gefangenenlager-ins-weisse-haus\/#breadcrumb\"},\"inLanguage\":\"de\",\"potentialAction\":[{\"@type\":\"ReadAction\",\"target\":[\"https:\/\/now-news.de\/de\/deutschland\/syriens-machthaber-in-washington-vom-us-gefangenenlager-ins-weisse-haus\/\"]}]},{\"@type\":\"ImageObject\",\"inLanguage\":\"de\",\"@id\":\"https:\/\/now-news.de\/de\/deutschland\/syriens-machthaber-in-washington-vom-us-gefangenenlager-ins-weisse-haus\/#primaryimage\",\"url\":\"https:\/\/now-news.de\/de\/wp-content\/uploads\/sites\/3\/2025\/11\/Syriens-Machthaber-in-Washington-Vom-US-Gefangenenlager-ins-Weisse-Haus.jpg\",\"contentUrl\":\"https:\/\/now-news.de\/de\/wp-content\/uploads\/sites\/3\/2025\/11\/Syriens-Machthaber-in-Washington-Vom-US-Gefangenenlager-ins-Weisse-Haus.jpg\",\"width\":460,\"height\":259,\"caption\":\"Syriens Machthaber in Washington: Vom US-Gefangenenlager ins Wei\u00dfe Haus\"},{\"@type\":\"BreadcrumbList\",\"@id\":\"https:\/\/now-news.de\/de\/deutschland\/syriens-machthaber-in-washington-vom-us-gefangenenlager-ins-weisse-haus\/#breadcrumb\",\"itemListElement\":[{\"@type\":\"ListItem\",\"position\":1,\"name\":\"Home\",\"item\":\"https:\/\/now-news.de\/de\/\"},{\"@type\":\"ListItem\",\"position\":2,\"name\":\"Syriens Machthaber in Washington: Vom US-Gefangenenlager ins Wei\u00dfe Haus\"}]},{\"@type\":\"WebSite\",\"@id\":\"https:\/\/now-news.de\/de\/#website\",\"url\":\"https:\/\/now-news.de\/de\/\",\"name\":\"just-now.NEWS Deutschland\",\"description\":\"Das Portal f\u00fcr unzensierte Nachrichten aus der Welt\",\"publisher\":{\"@id\":\"https:\/\/now-news.de\/de\/#organization\"},\"potentialAction\":[{\"@type\":\"SearchAction\",\"target\":{\"@type\":\"EntryPoint\",\"urlTemplate\":\"https:\/\/now-news.de\/de\/?s={search_term_string}\"},\"query-input\":\"required name=search_term_string\"}],\"inLanguage\":\"de\"},{\"@type\":\"Organization\",\"@id\":\"https:\/\/now-news.de\/de\/#organization\",\"name\":\"Just Now News\",\"url\":\"https:\/\/now-news.de\/de\/\",\"logo\":{\"@type\":\"ImageObject\",\"inLanguage\":\"de\",\"@id\":\"https:\/\/now-news.de\/de\/#\/schema\/logo\/image\/\",\"url\":\"http:\/\/just-now.news\/de\/wp-content\/uploads\/sites\/3\/2022\/04\/logo500x500.jpg\",\"contentUrl\":\"http:\/\/just-now.news\/de\/wp-content\/uploads\/sites\/3\/2022\/04\/logo500x500.jpg\",\"width\":500,\"height\":500,\"caption\":\"Just Now News\"},\"image\":{\"@id\":\"https:\/\/now-news.de\/de\/#\/schema\/logo\/image\/\"},\"sameAs\":[\"https:\/\/www.facebook.com\/wirmachenauf\",\"https:\/\/x.com\/WirMachenAuf_de\"]},{\"@type\":\"Person\",\"@id\":\"https:\/\/now-news.de\/de\/#\/schema\/person\/fb534a4e865501d8b3285208df34a9b5\",\"name\":\"rtnews\",\"image\":{\"@type\":\"ImageObject\",\"inLanguage\":\"de\",\"@id\":\"https:\/\/now-news.de\/de\/#\/schema\/person\/image\/\",\"url\":\"https:\/\/secure.gravatar.com\/avatar\/82aafea7d8127119dd649515f56e2117?s=96&d=mm&r=g\",\"contentUrl\":\"https:\/\/secure.gravatar.com\/avatar\/82aafea7d8127119dd649515f56e2117?s=96&d=mm&r=g\",\"caption\":\"rtnews\"},\"url\":\"https:\/\/now-news.de\/de\/author\/rnews\/\"}]}<\/script>\n<!-- \/ Yoast SEO Premium plugin. -->","yoast_head_json":{"title":"Syriens Machthaber in Washington: Vom US-Gefangenenlager ins Wei\u00dfe Haus - just-now.NEWS Deutschland","robots":{"index":"index","follow":"follow","max-snippet":"max-snippet:-1","max-image-preview":"max-image-preview:large","max-video-preview":"max-video-preview:-1"},"canonical":"https:\/\/now-news.de\/de\/deutschland\/syriens-machthaber-in-washington-vom-us-gefangenenlager-ins-weisse-haus\/","og_locale":"de_DE","og_type":"article","og_title":"Syriens Machthaber in Washington: Vom US-Gefangenenlager ins Wei\u00dfe Haus","og_description":"Die USA und die Golfstaaten setzen sich f\u00fcr die R\u00fcckkehr einer sunnitischen Herrschaft in Syrien ein, um den Einfluss Irans in der Levante zur\u00fcckzudr\u00e4ngen. Durch die Aussetzung der Sanktionen gegen Syrien will Trump den syrischen Machthaber auf die Linie der US-Politik bringen. Eine Analyse des RT-Teams Der selbst ernannte syrische Pr\u00e4sident Ahmed al-Scharaa besuchte am [&hellip;]","og_url":"https:\/\/now-news.de\/de\/deutschland\/syriens-machthaber-in-washington-vom-us-gefangenenlager-ins-weisse-haus\/","og_site_name":"just-now.NEWS Deutschland","article_publisher":"https:\/\/www.facebook.com\/wirmachenauf","article_published_time":"2025-11-12T10:06:55+00:00","og_image":[{"url":"https:\/\/now-news.de\/de\/wp-content\/uploads\/sites\/3\/2025\/11\/6914433e48fbef53411c9382.jpg"}],"author":"rtnews","twitter_card":"summary_large_image","twitter_creator":"@WirMachenAuf_de","twitter_site":"@WirMachenAuf_de","twitter_misc":{"Verfasst von":"rtnews","Gesch\u00e4tzte Lesezeit":"4\u00a0Minuten"},"schema":{"@context":"https:\/\/schema.org","@graph":[{"@type":"Article","@id":"https:\/\/now-news.de\/de\/deutschland\/syriens-machthaber-in-washington-vom-us-gefangenenlager-ins-weisse-haus\/#article","isPartOf":{"@id":"https:\/\/now-news.de\/de\/deutschland\/syriens-machthaber-in-washington-vom-us-gefangenenlager-ins-weisse-haus\/"},"author":{"name":"rtnews","@id":"https:\/\/now-news.de\/de\/#\/schema\/person\/fb534a4e865501d8b3285208df34a9b5"},"headline":"Syriens Machthaber in Washington: Vom US-Gefangenenlager ins Wei\u00dfe Haus","datePublished":"2025-11-12T10:06:55+00:00","dateModified":"2025-11-12T10:06:55+00:00","mainEntityOfPage":{"@id":"https:\/\/now-news.de\/de\/deutschland\/syriens-machthaber-in-washington-vom-us-gefangenenlager-ins-weisse-haus\/"},"wordCount":734,"commentCount":0,"publisher":{"@id":"https:\/\/now-news.de\/de\/#organization"},"image":{"@id":"https:\/\/now-news.de\/de\/deutschland\/syriens-machthaber-in-washington-vom-us-gefangenenlager-ins-weisse-haus\/#primaryimage"},"thumbnailUrl":"https:\/\/now-news.de\/de\/wp-content\/uploads\/sites\/3\/2025\/11\/Syriens-Machthaber-in-Washington-Vom-US-Gefangenenlager-ins-Weisse-Haus.jpg","keywords":["Haus","ins","Machthaber","Syriens","USGefangenenlager","vom","Washington","Wei\u00dfe"],"articleSection":["Deutschland","Russland"],"inLanguage":"de","potentialAction":[{"@type":"CommentAction","name":"Comment","target":["https:\/\/now-news.de\/de\/deutschland\/syriens-machthaber-in-washington-vom-us-gefangenenlager-ins-weisse-haus\/#respond"]}]},{"@type":"WebPage","@id":"https:\/\/now-news.de\/de\/deutschland\/syriens-machthaber-in-washington-vom-us-gefangenenlager-ins-weisse-haus\/","url":"https:\/\/now-news.de\/de\/deutschland\/syriens-machthaber-in-washington-vom-us-gefangenenlager-ins-weisse-haus\/","name":"Syriens Machthaber in Washington: Vom US-Gefangenenlager ins Wei\u00dfe Haus - just-now.NEWS Deutschland","isPartOf":{"@id":"https:\/\/now-news.de\/de\/#website"},"primaryImageOfPage":{"@id":"https:\/\/now-news.de\/de\/deutschland\/syriens-machthaber-in-washington-vom-us-gefangenenlager-ins-weisse-haus\/#primaryimage"},"image":{"@id":"https:\/\/now-news.de\/de\/deutschland\/syriens-machthaber-in-washington-vom-us-gefangenenlager-ins-weisse-haus\/#primaryimage"},"thumbnailUrl":"https:\/\/now-news.de\/de\/wp-content\/uploads\/sites\/3\/2025\/11\/Syriens-Machthaber-in-Washington-Vom-US-Gefangenenlager-ins-Weisse-Haus.jpg","datePublished":"2025-11-12T10:06:55+00:00","dateModified":"2025-11-12T10:06:55+00:00","breadcrumb":{"@id":"https:\/\/now-news.de\/de\/deutschland\/syriens-machthaber-in-washington-vom-us-gefangenenlager-ins-weisse-haus\/#breadcrumb"},"inLanguage":"de","potentialAction":[{"@type":"ReadAction","target":["https:\/\/now-news.de\/de\/deutschland\/syriens-machthaber-in-washington-vom-us-gefangenenlager-ins-weisse-haus\/"]}]},{"@type":"ImageObject","inLanguage":"de","@id":"https:\/\/now-news.de\/de\/deutschland\/syriens-machthaber-in-washington-vom-us-gefangenenlager-ins-weisse-haus\/#primaryimage","url":"https:\/\/now-news.de\/de\/wp-content\/uploads\/sites\/3\/2025\/11\/Syriens-Machthaber-in-Washington-Vom-US-Gefangenenlager-ins-Weisse-Haus.jpg","contentUrl":"https:\/\/now-news.de\/de\/wp-content\/uploads\/sites\/3\/2025\/11\/Syriens-Machthaber-in-Washington-Vom-US-Gefangenenlager-ins-Weisse-Haus.jpg","width":460,"height":259,"caption":"Syriens Machthaber in Washington: Vom US-Gefangenenlager ins Wei\u00dfe Haus"},{"@type":"BreadcrumbList","@id":"https:\/\/now-news.de\/de\/deutschland\/syriens-machthaber-in-washington-vom-us-gefangenenlager-ins-weisse-haus\/#breadcrumb","itemListElement":[{"@type":"ListItem","position":1,"name":"Home","item":"https:\/\/now-news.de\/de\/"},{"@type":"ListItem","position":2,"name":"Syriens Machthaber in Washington: Vom US-Gefangenenlager ins Wei\u00dfe Haus"}]},{"@type":"WebSite","@id":"https:\/\/now-news.de\/de\/#website","url":"https:\/\/now-news.de\/de\/","name":"just-now.NEWS Deutschland","description":"Das Portal f\u00fcr unzensierte Nachrichten aus der Welt","publisher":{"@id":"https:\/\/now-news.de\/de\/#organization"},"potentialAction":[{"@type":"SearchAction","target":{"@type":"EntryPoint","urlTemplate":"https:\/\/now-news.de\/de\/?s={search_term_string}"},"query-input":"required name=search_term_string"}],"inLanguage":"de"},{"@type":"Organization","@id":"https:\/\/now-news.de\/de\/#organization","name":"Just Now News","url":"https:\/\/now-news.de\/de\/","logo":{"@type":"ImageObject","inLanguage":"de","@id":"https:\/\/now-news.de\/de\/#\/schema\/logo\/image\/","url":"http:\/\/just-now.news\/de\/wp-content\/uploads\/sites\/3\/2022\/04\/logo500x500.jpg","contentUrl":"http:\/\/just-now.news\/de\/wp-content\/uploads\/sites\/3\/2022\/04\/logo500x500.jpg","width":500,"height":500,"caption":"Just Now News"},"image":{"@id":"https:\/\/now-news.de\/de\/#\/schema\/logo\/image\/"},"sameAs":["https:\/\/www.facebook.com\/wirmachenauf","https:\/\/x.com\/WirMachenAuf_de"]},{"@type":"Person","@id":"https:\/\/now-news.de\/de\/#\/schema\/person\/fb534a4e865501d8b3285208df34a9b5","name":"rtnews","image":{"@type":"ImageObject","inLanguage":"de","@id":"https:\/\/now-news.de\/de\/#\/schema\/person\/image\/","url":"https:\/\/secure.gravatar.com\/avatar\/82aafea7d8127119dd649515f56e2117?s=96&d=mm&r=g","contentUrl":"https:\/\/secure.gravatar.com\/avatar\/82aafea7d8127119dd649515f56e2117?s=96&d=mm&r=g","caption":"rtnews"},"url":"https:\/\/now-news.de\/de\/author\/rnews\/"}]}},"_links":{"self":[{"href":"https:\/\/now-news.de\/de\/wp-json\/wp\/v2\/posts\/93766"}],"collection":[{"href":"https:\/\/now-news.de\/de\/wp-json\/wp\/v2\/posts"}],"about":[{"href":"https:\/\/now-news.de\/de\/wp-json\/wp\/v2\/types\/post"}],"author":[{"embeddable":true,"href":"https:\/\/now-news.de\/de\/wp-json\/wp\/v2\/users\/3"}],"replies":[{"embeddable":true,"href":"https:\/\/now-news.de\/de\/wp-json\/wp\/v2\/comments?post=93766"}],"version-history":[{"count":0,"href":"https:\/\/now-news.de\/de\/wp-json\/wp\/v2\/posts\/93766\/revisions"}],"wp:featuredmedia":[{"embeddable":true,"href":"https:\/\/now-news.de\/de\/wp-json\/wp\/v2\/media\/93767"}],"wp:attachment":[{"href":"https:\/\/now-news.de\/de\/wp-json\/wp\/v2\/media?parent=93766"}],"wp:term":[{"taxonomy":"category","embeddable":true,"href":"https:\/\/now-news.de\/de\/wp-json\/wp\/v2\/categories?post=93766"},{"taxonomy":"post_tag","embeddable":true,"href":"https:\/\/now-news.de\/de\/wp-json\/wp\/v2\/tags?post=93766"}],"curies":[{"name":"wp","href":"https:\/\/api.w.org\/{rel}","templated":true}]}}