{"id":93689,"date":"2025-11-11T10:52:14","date_gmt":"2025-11-11T08:52:14","guid":{"rendered":"https:\/\/now-news.de\/de\/deutschland\/al-scharaa-ich-habe-nichts-mit-den-anschlaegen-vom-11-september-zu-tun\/"},"modified":"2025-11-11T10:52:14","modified_gmt":"2025-11-11T08:52:14","slug":"al-scharaa-ich-habe-nichts-mit-den-anschlaegen-vom-11-september-zu-tun","status":"publish","type":"post","link":"https:\/\/now-news.de\/de\/deutschland\/al-scharaa-ich-habe-nichts-mit-den-anschlaegen-vom-11-september-zu-tun\/","title":{"rendered":"Al-Scharaa: &quot;Ich habe nichts mit den Anschl\u00e4gen vom 11. September zu tun&quot;"},"content":{"rendered":"<p><img decoding=\"async\" src=\"https:\/\/now-news.de\/de\/wp-content\/uploads\/sites\/3\/2025\/11\/6912e372b480cc20e42b4b1a.JPG\" \/><\/p>\n<div class=\"Text-root Text-type_1 \">\n                \u00dcbergangspr\u00e4sident Ahmed al-Scharaa wurde gestern als erster syrischer Staatschef seit 1946 im Wei\u00dfen Haus in Washington empfangen. Im Interview mit dem Sender Fox News erl\u00e4uterte er seine fr\u00fcheren Verbindungen zur Terrororganisation al-Qaida und distanzierte sich von den Anschl\u00e4gen vom 11. September.\n            <\/div>\n<p><\/p>\n<div class=\"Text-root Text-type_5 ArticleView-text ViewText-root \">\n<p>Syriens \u00dcbergangspr\u00e4sident Ahmed al-Scharaa\u00a0spielte bei seinem ersten Besuch in den USA seine fr\u00fchere Zugeh\u00f6rigkeit zu al-Qaida herunter.\u00a0Am 10. November traf al-Scharaa in Washington ein anl\u00e4sslich\u00a0eines\u00a0Treffens mit US-Pr\u00e4sident Donald Trump.\u00a0Den Zuschauern des Senders <em>Fox News<\/em> erkl\u00e4rte der einst meistgesuchte Terrorist der USA seine Vergangenheit als F\u00fchrer der Terrorgruppierung Haiat Tahrir asch-Scham (HTS), vormals al-Nusra-Front, und spielte dabei seine fr\u00fcheren Verbindungen zu al-Qaida herunter. Zugleich distanzierte er sich von den Anschl\u00e4gen auf das World Trade Center vom 11. September 2001.<\/p>\n<p>Der aktuelle syrische \u00dcbergangspr\u00e4sident, der\u00a0zuvor die HTS anf\u00fchrte \u2013 eine al-Qaida-nahe islamistische Gruppierung, die als Koalition von Anti-Regierungskr\u00e4ften im Dezember 2024 Damaskus einnahm, um den langj\u00e4hrigen Pr\u00e4sidenten Syriens, Baschar al-Assad, zu st\u00fcrzen \u2013, versuchte damit, sein Bild neu zu zeichnen. Als Anf\u00fchrer der HTS war auf seinen Kopf ein Kopfgeld von 10 Millionen US-Dollar ausgesetzt.<\/p>\n<p>Al-Scharaa wurde in der letzten Woche vor seinem Trip zur Klimakonferenz COP30 und dem Oval-Office-Termin in Washington von der Liste der &#8220;globalen Terroristen&#8221; des US-Au\u00dfenministeriums gestrichen.\u00a0Er traf sich gestern in Washington mit US-Pr\u00e4sident Donald Trump, nachdem auch die UN in der Vorwoche\u00a0&#8220;terrorbezogene Sanktionen&#8221; gegen den syrischen Pr\u00e4sidenten und\u00a0Innenminister Anas Khattab aufgehoben\u00a0hatte.<\/p>\n<p>Auf dem Tagesplan stand\u00a0nach\u00a0dem Treffen mit dem US-Pr\u00e4sidenten ein f\u00fcr die US-B\u00fcrger kl\u00e4rendes Interview mit dem Sender <em>Fox News<\/em>. Al-Scharaa erl\u00e4uterte in dem Interview seine fr\u00fchere Zugeh\u00f6rigkeit zu den Dschihadisten, um diese Realit\u00e4t als &#8220;eine Angelegenheit der Vergangenheit&#8221; zu erkl\u00e4ren. Auf die Frage der Moderatorin, ob er die Anschl\u00e4ge in Verbindung mit al-Qaida vom 11. September bereue, bestritt er jegliche Beteiligung. Der Sender k\u00fcndigte das Gespr\u00e4ch mit folgender <a rel=\"nofollow noopener\" target=\"_blank\" href=\"https:\/\/www.foxnews.com\/video\/6384925030112\">Information<\/a> an:<\/p>\n<p><em>&#8220;Der syrische Pr\u00e4sident Ahmed al-Scharaa erkl\u00e4rt in &#8216;Special Report&#8217;, warum sein Land ein &#8216;geopolitischer Verb\u00fcndeter&#8217; der USA ist, spricht \u00fcber seine fr\u00fcheren Verbindungen zu al-Qaida und vieles mehr.&#8221;<\/em><\/p>\n<p>Angesprochen auf\u00a0seine Verbindung zur Terrororganisation al-Qaida, erkl\u00e4rte al-Scharaa w\u00f6rtlich:<\/p>\n<p><em>&#8220;Ich war erst 19 Jahre alt. Ich war noch sehr jung. Ich hatte damals keinerlei Entscheidungsgewalt. Ich habe damit nichts zu tun. Al-Qaida war zu diesem Zeitpunkt in meiner Region nicht pr\u00e4sent.&#8221;<\/em><\/p>\n<p>Er erg\u00e4nzte in seinen Ausf\u00fchrungen, dass er &#8220;die falsche Person&#8221; sei, um mit den Flugzeugentf\u00fchrungen in Verbindung gebracht zu werden, bezogen auf die New Yorker Ereignisse am 11. September 2001, bei denen\u00a0rund\u00a03.000 Amerikaner ums Leben kamen und die im Anschluss auch den direkten Weg f\u00fcr die US-Invasionen in Afghanistan und im Irak ebneten. Al-Scharaa sagte:<\/p>\n<p><em>&#8220;Wir trauern um jeden Zivilisten, der get\u00f6tet wurde.&#8221;<\/em><\/p>\n<p>Syriens\u00a0Informationsminister, Hamza al-Mustafa, kommunizierte parallel auf der Plattform X, dass die syrische \u00dcbergangsregierung erst k\u00fcrzlich eine politische Kooperationsvereinbarung mit der internationalen Koalition zur Bek\u00e4mpfung des IS (Islamischer Staat, auch: ISIS) unterzeichnet habe &#8220;und damit seine Rolle als Partner im Kampf gegen den Terrorismus und zur Unterst\u00fctzung der regionalen Stabilit\u00e4t bekr\u00e4ftigt&#8221;.<\/p>\n<p>Syrische Regierungsvertreter streben demnach eine Neubewertung der Sanktionen des sogenannten &#8220;Caesar Act&#8221; an, des wichtigsten US-Gesetzes, das nach wie vor die Handelsbeziehungen mit Damaskus einschr\u00e4nkt. Hochrangige Regierungsbeamte <a rel=\"nofollow noopener\" target=\"_blank\" href=\"https:\/\/www.foxnews.com\/world\/trump-host-syrian-president-historic-white-house-meeting-amid-push-regional-peace?msockid=2115563c7fa86d070bb0455c7e7d6c7b\">erkl\u00e4rten<\/a>\u00a0gegen\u00fcber <em>Fox News Digital<\/em>:<\/p>\n<p><em>&#8220;Die US-Regierung erl\u00e4sst eine 180-t\u00e4gige Aussetzung des Caesar Act und fordert den Kongress nachdr\u00fccklich auf, das Gesetz dauerhaft aufzuheben, um das Wirtschaftswachstum anzukurbeln. Die Trump-Regierung unterst\u00fctzt die vollst\u00e4ndige Aufhebung des Caesar Act. Dies steht im Einklang mit der Ank\u00fcndigung des Pr\u00e4sidenten, die Sanktionen aufzuheben. Die Aufhebung ist entscheidend, damit US-Unternehmen und regionale Staaten in Syrien t\u00e4tig werden k\u00f6nnen.&#8221;<\/em><\/p>\n<p>Obwohl al-Scharaa nach der Macht\u00fcbernahme in Damaskus versprochen hat, das vom B\u00fcrgerkrieg zerr\u00fcttete Syrien als einen inklusiven Staat wiederaufzubauen,\u00a0wird seine Herrschaft weiterhin von sporadischer sektiererischer Gewalt gegen drusische, alawitische und christliche Gemeinschaften \u00fcberschattet.<\/p>\n<p>In dem Interview mit <em>Fox News<\/em>\u00a0erl\u00e4uterte der hofierte Machthaber, Syrien und die USA m\u00fcssten ihre Bem\u00fchungen gegen die Terrororganisation Islamischer Staat intensiv koordinieren. Er \u00e4u\u00dferte auch die Hoffnung, dass Trump bei den Verhandlungen mit Israel helfen k\u00f6nne, das 2024 seine Besetzung des S\u00fcdwestens Syriens ausgeweitet hatte.<\/p>\n<p><strong>Mehr zum Thema \u2012<\/strong>\u00a0<a rel=\"nofollow noopener\" target=\"_blank\" href=\"https:\/\/freedert.online\/der-nahe-osten\/261235-usa-nun-richtiger-zeitpunkt-um\/\">USA: Nun richtiger Zeitpunkt, um iranische Finanzierung der Hisbollah zu stoppen<\/a><\/p>\n<div class=\"EmbedBlock-root EmbedBlock-externalVideo EmbedBlock-rumble\">\n<div class=\"VkEmbed\"><iframe class=\"lazyload\" data-src=\"https:\/\/rumble.com\/embed\/v6z9erw\" frameborder=\"0\" width=\"853\" height=\"480\" allowfullscreen><\/iframe><\/div>\n<\/div>\n<\/div>\n<p><br \/>\n<br \/><a href=\"https:\/\/de.rt.com\/nordamerika\/261385-ich-war-erst-19-al\/\">Source link <\/a><\/p>\n","protected":false},"excerpt":{"rendered":"<p>\u00dcbergangspr\u00e4sident Ahmed al-Scharaa wurde gestern als erster syrischer Staatschef seit 1946 im Wei\u00dfen Haus in Washington empfangen. Im Interview mit dem Sender Fox News erl\u00e4uterte er seine fr\u00fcheren Verbindungen zur Terrororganisation al-Qaida und distanzierte sich von den Anschl\u00e4gen vom 11. September. Syriens \u00dcbergangspr\u00e4sident Ahmed al-Scharaa\u00a0spielte bei seinem ersten Besuch in den USA seine fr\u00fchere Zugeh\u00f6rigkeit [&hellip;]<\/p>\n","protected":false},"author":3,"featured_media":93690,"comment_status":"open","ping_status":"open","sticky":false,"template":"","format":"standard","meta":{"_yoast_indexnow_last_ping":["1762851631"],"wp_automatic_camp":["217"],"c9a7454995cf4fd268d8b56d7addc830":["Al-Scharaa: &quot;Ich habe nichts mit den Anschl\u00e4gen vom 11. September zu tun&quot;"],"original_link":["https:\/\/de.rt.com\/nordamerika\/261385-ich-war-erst-19-al\/"],"_thumbnail_id":["93690"],"jnews_social_counter_last_update":["1777000436"],"_wptgpro_p2tg_sent2tg":["a:1:{i:23737;s:19:\"2025-11-11 11:01:32\";}"]},"categories":[19,23],"tags":[68868,3234,48,9899,419,3095,7155,15790,37568,1010],"yoast_head":"<!-- This site is optimized with the Yoast SEO Premium plugin v22.7 (Yoast SEO v22.7) - https:\/\/yoast.com\/wordpress\/plugins\/seo\/ -->\n<title>Al-Scharaa: &quot;Ich habe nichts mit den Anschl\u00e4gen vom 11. September zu tun&quot; - just-now.NEWS Deutschland<\/title>\n<meta name=\"robots\" content=\"index, follow, max-snippet:-1, max-image-preview:large, max-video-preview:-1\" \/>\n<link rel=\"canonical\" href=\"https:\/\/now-news.de\/de\/deutschland\/al-scharaa-ich-habe-nichts-mit-den-anschlaegen-vom-11-september-zu-tun\/\" \/>\n<meta property=\"og:locale\" content=\"de_DE\" \/>\n<meta property=\"og:type\" content=\"article\" \/>\n<meta property=\"og:title\" content=\"Al-Scharaa: &quot;Ich habe nichts mit den Anschl\u00e4gen vom 11. September zu tun&quot;\" \/>\n<meta property=\"og:description\" content=\"\u00dcbergangspr\u00e4sident Ahmed al-Scharaa wurde gestern als erster syrischer Staatschef seit 1946 im Wei\u00dfen Haus in Washington empfangen. Im Interview mit dem Sender Fox News erl\u00e4uterte er seine fr\u00fcheren Verbindungen zur Terrororganisation al-Qaida und distanzierte sich von den Anschl\u00e4gen vom 11. September. Syriens \u00dcbergangspr\u00e4sident Ahmed al-Scharaa\u00a0spielte bei seinem ersten Besuch in den USA seine fr\u00fchere Zugeh\u00f6rigkeit [&hellip;]\" \/>\n<meta property=\"og:url\" content=\"https:\/\/now-news.de\/de\/deutschland\/al-scharaa-ich-habe-nichts-mit-den-anschlaegen-vom-11-september-zu-tun\/\" \/>\n<meta property=\"og:site_name\" content=\"just-now.NEWS Deutschland\" \/>\n<meta property=\"article:publisher\" content=\"https:\/\/www.facebook.com\/wirmachenauf\" \/>\n<meta property=\"article:published_time\" content=\"2025-11-11T08:52:14+00:00\" \/>\n<meta property=\"og:image\" content=\"https:\/\/now-news.de\/de\/wp-content\/uploads\/sites\/3\/2025\/11\/6912e372b480cc20e42b4b1a.JPG\" \/>\n<meta name=\"author\" content=\"rtnews\" \/>\n<meta name=\"twitter:card\" content=\"summary_large_image\" \/>\n<meta name=\"twitter:creator\" content=\"@WirMachenAuf_de\" \/>\n<meta name=\"twitter:site\" content=\"@WirMachenAuf_de\" \/>\n<meta name=\"twitter:label1\" content=\"Verfasst von\" \/>\n\t<meta name=\"twitter:data1\" content=\"rtnews\" \/>\n\t<meta name=\"twitter:label2\" content=\"Gesch\u00e4tzte Lesezeit\" \/>\n\t<meta name=\"twitter:data2\" content=\"4\u00a0Minuten\" \/>\n<script type=\"application\/ld+json\" class=\"yoast-schema-graph\">{\"@context\":\"https:\/\/schema.org\",\"@graph\":[{\"@type\":\"Article\",\"@id\":\"https:\/\/now-news.de\/de\/deutschland\/al-scharaa-ich-habe-nichts-mit-den-anschlaegen-vom-11-september-zu-tun\/#article\",\"isPartOf\":{\"@id\":\"https:\/\/now-news.de\/de\/deutschland\/al-scharaa-ich-habe-nichts-mit-den-anschlaegen-vom-11-september-zu-tun\/\"},\"author\":{\"name\":\"rtnews\",\"@id\":\"https:\/\/now-news.de\/de\/#\/schema\/person\/fb534a4e865501d8b3285208df34a9b5\"},\"headline\":\"Al-Scharaa: &quot;Ich habe nichts mit den Anschl\u00e4gen vom 11. September zu tun&quot;\",\"datePublished\":\"2025-11-11T08:52:14+00:00\",\"dateModified\":\"2025-11-11T08:52:14+00:00\",\"mainEntityOfPage\":{\"@id\":\"https:\/\/now-news.de\/de\/deutschland\/al-scharaa-ich-habe-nichts-mit-den-anschlaegen-vom-11-september-zu-tun\/\"},\"wordCount\":754,\"commentCount\":0,\"publisher\":{\"@id\":\"https:\/\/now-news.de\/de\/#organization\"},\"image\":{\"@id\":\"https:\/\/now-news.de\/de\/deutschland\/al-scharaa-ich-habe-nichts-mit-den-anschlaegen-vom-11-september-zu-tun\/#primaryimage\"},\"thumbnailUrl\":\"https:\/\/now-news.de\/de\/wp-content\/uploads\/sites\/3\/2025\/11\/Al-Scharaa-quotIch-habe-nichts-mit-den-Anschlaegen-vom-11-September.JPG\",\"keywords\":[\"alScharaa\",\"Anschl\u00e4gen\",\"den\",\"habe\",\"mit\",\"Nichts\",\"quotIch\",\"September\",\"tunquot\",\"vom\"],\"articleSection\":[\"Deutschland\",\"Russland\"],\"inLanguage\":\"de\",\"potentialAction\":[{\"@type\":\"CommentAction\",\"name\":\"Comment\",\"target\":[\"https:\/\/now-news.de\/de\/deutschland\/al-scharaa-ich-habe-nichts-mit-den-anschlaegen-vom-11-september-zu-tun\/#respond\"]}]},{\"@type\":\"WebPage\",\"@id\":\"https:\/\/now-news.de\/de\/deutschland\/al-scharaa-ich-habe-nichts-mit-den-anschlaegen-vom-11-september-zu-tun\/\",\"url\":\"https:\/\/now-news.de\/de\/deutschland\/al-scharaa-ich-habe-nichts-mit-den-anschlaegen-vom-11-september-zu-tun\/\",\"name\":\"Al-Scharaa: &quot;Ich habe nichts mit den Anschl\u00e4gen vom 11. September zu tun&quot; - just-now.NEWS Deutschland\",\"isPartOf\":{\"@id\":\"https:\/\/now-news.de\/de\/#website\"},\"primaryImageOfPage\":{\"@id\":\"https:\/\/now-news.de\/de\/deutschland\/al-scharaa-ich-habe-nichts-mit-den-anschlaegen-vom-11-september-zu-tun\/#primaryimage\"},\"image\":{\"@id\":\"https:\/\/now-news.de\/de\/deutschland\/al-scharaa-ich-habe-nichts-mit-den-anschlaegen-vom-11-september-zu-tun\/#primaryimage\"},\"thumbnailUrl\":\"https:\/\/now-news.de\/de\/wp-content\/uploads\/sites\/3\/2025\/11\/Al-Scharaa-quotIch-habe-nichts-mit-den-Anschlaegen-vom-11-September.JPG\",\"datePublished\":\"2025-11-11T08:52:14+00:00\",\"dateModified\":\"2025-11-11T08:52:14+00:00\",\"breadcrumb\":{\"@id\":\"https:\/\/now-news.de\/de\/deutschland\/al-scharaa-ich-habe-nichts-mit-den-anschlaegen-vom-11-september-zu-tun\/#breadcrumb\"},\"inLanguage\":\"de\",\"potentialAction\":[{\"@type\":\"ReadAction\",\"target\":[\"https:\/\/now-news.de\/de\/deutschland\/al-scharaa-ich-habe-nichts-mit-den-anschlaegen-vom-11-september-zu-tun\/\"]}]},{\"@type\":\"ImageObject\",\"inLanguage\":\"de\",\"@id\":\"https:\/\/now-news.de\/de\/deutschland\/al-scharaa-ich-habe-nichts-mit-den-anschlaegen-vom-11-september-zu-tun\/#primaryimage\",\"url\":\"https:\/\/now-news.de\/de\/wp-content\/uploads\/sites\/3\/2025\/11\/Al-Scharaa-quotIch-habe-nichts-mit-den-Anschlaegen-vom-11-September.JPG\",\"contentUrl\":\"https:\/\/now-news.de\/de\/wp-content\/uploads\/sites\/3\/2025\/11\/Al-Scharaa-quotIch-habe-nichts-mit-den-Anschlaegen-vom-11-September.JPG\",\"width\":460,\"height\":259,\"caption\":\"Al-Scharaa: &quot;Ich habe nichts mit den Anschl\u00e4gen vom 11. September zu tun&quot;\"},{\"@type\":\"BreadcrumbList\",\"@id\":\"https:\/\/now-news.de\/de\/deutschland\/al-scharaa-ich-habe-nichts-mit-den-anschlaegen-vom-11-september-zu-tun\/#breadcrumb\",\"itemListElement\":[{\"@type\":\"ListItem\",\"position\":1,\"name\":\"Home\",\"item\":\"https:\/\/now-news.de\/de\/\"},{\"@type\":\"ListItem\",\"position\":2,\"name\":\"Al-Scharaa: &quot;Ich habe nichts mit den Anschl\u00e4gen vom 11. September zu tun&quot;\"}]},{\"@type\":\"WebSite\",\"@id\":\"https:\/\/now-news.de\/de\/#website\",\"url\":\"https:\/\/now-news.de\/de\/\",\"name\":\"just-now.NEWS Deutschland\",\"description\":\"Das Portal f\u00fcr unzensierte Nachrichten aus der Welt\",\"publisher\":{\"@id\":\"https:\/\/now-news.de\/de\/#organization\"},\"potentialAction\":[{\"@type\":\"SearchAction\",\"target\":{\"@type\":\"EntryPoint\",\"urlTemplate\":\"https:\/\/now-news.de\/de\/?s={search_term_string}\"},\"query-input\":\"required name=search_term_string\"}],\"inLanguage\":\"de\"},{\"@type\":\"Organization\",\"@id\":\"https:\/\/now-news.de\/de\/#organization\",\"name\":\"Just Now News\",\"url\":\"https:\/\/now-news.de\/de\/\",\"logo\":{\"@type\":\"ImageObject\",\"inLanguage\":\"de\",\"@id\":\"https:\/\/now-news.de\/de\/#\/schema\/logo\/image\/\",\"url\":\"http:\/\/just-now.news\/de\/wp-content\/uploads\/sites\/3\/2022\/04\/logo500x500.jpg\",\"contentUrl\":\"http:\/\/just-now.news\/de\/wp-content\/uploads\/sites\/3\/2022\/04\/logo500x500.jpg\",\"width\":500,\"height\":500,\"caption\":\"Just Now News\"},\"image\":{\"@id\":\"https:\/\/now-news.de\/de\/#\/schema\/logo\/image\/\"},\"sameAs\":[\"https:\/\/www.facebook.com\/wirmachenauf\",\"https:\/\/x.com\/WirMachenAuf_de\"]},{\"@type\":\"Person\",\"@id\":\"https:\/\/now-news.de\/de\/#\/schema\/person\/fb534a4e865501d8b3285208df34a9b5\",\"name\":\"rtnews\",\"image\":{\"@type\":\"ImageObject\",\"inLanguage\":\"de\",\"@id\":\"https:\/\/now-news.de\/de\/#\/schema\/person\/image\/\",\"url\":\"https:\/\/secure.gravatar.com\/avatar\/82aafea7d8127119dd649515f56e2117?s=96&d=mm&r=g\",\"contentUrl\":\"https:\/\/secure.gravatar.com\/avatar\/82aafea7d8127119dd649515f56e2117?s=96&d=mm&r=g\",\"caption\":\"rtnews\"},\"url\":\"https:\/\/now-news.de\/de\/author\/rnews\/\"}]}<\/script>\n<!-- \/ Yoast SEO Premium plugin. -->","yoast_head_json":{"title":"Al-Scharaa: &quot;Ich habe nichts mit den Anschl\u00e4gen vom 11. September zu tun&quot; - just-now.NEWS Deutschland","robots":{"index":"index","follow":"follow","max-snippet":"max-snippet:-1","max-image-preview":"max-image-preview:large","max-video-preview":"max-video-preview:-1"},"canonical":"https:\/\/now-news.de\/de\/deutschland\/al-scharaa-ich-habe-nichts-mit-den-anschlaegen-vom-11-september-zu-tun\/","og_locale":"de_DE","og_type":"article","og_title":"Al-Scharaa: &quot;Ich habe nichts mit den Anschl\u00e4gen vom 11. September zu tun&quot;","og_description":"\u00dcbergangspr\u00e4sident Ahmed al-Scharaa wurde gestern als erster syrischer Staatschef seit 1946 im Wei\u00dfen Haus in Washington empfangen. Im Interview mit dem Sender Fox News erl\u00e4uterte er seine fr\u00fcheren Verbindungen zur Terrororganisation al-Qaida und distanzierte sich von den Anschl\u00e4gen vom 11. September. Syriens \u00dcbergangspr\u00e4sident Ahmed al-Scharaa\u00a0spielte bei seinem ersten Besuch in den USA seine fr\u00fchere Zugeh\u00f6rigkeit [&hellip;]","og_url":"https:\/\/now-news.de\/de\/deutschland\/al-scharaa-ich-habe-nichts-mit-den-anschlaegen-vom-11-september-zu-tun\/","og_site_name":"just-now.NEWS Deutschland","article_publisher":"https:\/\/www.facebook.com\/wirmachenauf","article_published_time":"2025-11-11T08:52:14+00:00","og_image":[{"url":"https:\/\/now-news.de\/de\/wp-content\/uploads\/sites\/3\/2025\/11\/6912e372b480cc20e42b4b1a.JPG"}],"author":"rtnews","twitter_card":"summary_large_image","twitter_creator":"@WirMachenAuf_de","twitter_site":"@WirMachenAuf_de","twitter_misc":{"Verfasst von":"rtnews","Gesch\u00e4tzte Lesezeit":"4\u00a0Minuten"},"schema":{"@context":"https:\/\/schema.org","@graph":[{"@type":"Article","@id":"https:\/\/now-news.de\/de\/deutschland\/al-scharaa-ich-habe-nichts-mit-den-anschlaegen-vom-11-september-zu-tun\/#article","isPartOf":{"@id":"https:\/\/now-news.de\/de\/deutschland\/al-scharaa-ich-habe-nichts-mit-den-anschlaegen-vom-11-september-zu-tun\/"},"author":{"name":"rtnews","@id":"https:\/\/now-news.de\/de\/#\/schema\/person\/fb534a4e865501d8b3285208df34a9b5"},"headline":"Al-Scharaa: &quot;Ich habe nichts mit den Anschl\u00e4gen vom 11. September zu tun&quot;","datePublished":"2025-11-11T08:52:14+00:00","dateModified":"2025-11-11T08:52:14+00:00","mainEntityOfPage":{"@id":"https:\/\/now-news.de\/de\/deutschland\/al-scharaa-ich-habe-nichts-mit-den-anschlaegen-vom-11-september-zu-tun\/"},"wordCount":754,"commentCount":0,"publisher":{"@id":"https:\/\/now-news.de\/de\/#organization"},"image":{"@id":"https:\/\/now-news.de\/de\/deutschland\/al-scharaa-ich-habe-nichts-mit-den-anschlaegen-vom-11-september-zu-tun\/#primaryimage"},"thumbnailUrl":"https:\/\/now-news.de\/de\/wp-content\/uploads\/sites\/3\/2025\/11\/Al-Scharaa-quotIch-habe-nichts-mit-den-Anschlaegen-vom-11-September.JPG","keywords":["alScharaa","Anschl\u00e4gen","den","habe","mit","Nichts","quotIch","September","tunquot","vom"],"articleSection":["Deutschland","Russland"],"inLanguage":"de","potentialAction":[{"@type":"CommentAction","name":"Comment","target":["https:\/\/now-news.de\/de\/deutschland\/al-scharaa-ich-habe-nichts-mit-den-anschlaegen-vom-11-september-zu-tun\/#respond"]}]},{"@type":"WebPage","@id":"https:\/\/now-news.de\/de\/deutschland\/al-scharaa-ich-habe-nichts-mit-den-anschlaegen-vom-11-september-zu-tun\/","url":"https:\/\/now-news.de\/de\/deutschland\/al-scharaa-ich-habe-nichts-mit-den-anschlaegen-vom-11-september-zu-tun\/","name":"Al-Scharaa: &quot;Ich habe nichts mit den Anschl\u00e4gen vom 11. September zu tun&quot; - just-now.NEWS Deutschland","isPartOf":{"@id":"https:\/\/now-news.de\/de\/#website"},"primaryImageOfPage":{"@id":"https:\/\/now-news.de\/de\/deutschland\/al-scharaa-ich-habe-nichts-mit-den-anschlaegen-vom-11-september-zu-tun\/#primaryimage"},"image":{"@id":"https:\/\/now-news.de\/de\/deutschland\/al-scharaa-ich-habe-nichts-mit-den-anschlaegen-vom-11-september-zu-tun\/#primaryimage"},"thumbnailUrl":"https:\/\/now-news.de\/de\/wp-content\/uploads\/sites\/3\/2025\/11\/Al-Scharaa-quotIch-habe-nichts-mit-den-Anschlaegen-vom-11-September.JPG","datePublished":"2025-11-11T08:52:14+00:00","dateModified":"2025-11-11T08:52:14+00:00","breadcrumb":{"@id":"https:\/\/now-news.de\/de\/deutschland\/al-scharaa-ich-habe-nichts-mit-den-anschlaegen-vom-11-september-zu-tun\/#breadcrumb"},"inLanguage":"de","potentialAction":[{"@type":"ReadAction","target":["https:\/\/now-news.de\/de\/deutschland\/al-scharaa-ich-habe-nichts-mit-den-anschlaegen-vom-11-september-zu-tun\/"]}]},{"@type":"ImageObject","inLanguage":"de","@id":"https:\/\/now-news.de\/de\/deutschland\/al-scharaa-ich-habe-nichts-mit-den-anschlaegen-vom-11-september-zu-tun\/#primaryimage","url":"https:\/\/now-news.de\/de\/wp-content\/uploads\/sites\/3\/2025\/11\/Al-Scharaa-quotIch-habe-nichts-mit-den-Anschlaegen-vom-11-September.JPG","contentUrl":"https:\/\/now-news.de\/de\/wp-content\/uploads\/sites\/3\/2025\/11\/Al-Scharaa-quotIch-habe-nichts-mit-den-Anschlaegen-vom-11-September.JPG","width":460,"height":259,"caption":"Al-Scharaa: &quot;Ich habe nichts mit den Anschl\u00e4gen vom 11. September zu tun&quot;"},{"@type":"BreadcrumbList","@id":"https:\/\/now-news.de\/de\/deutschland\/al-scharaa-ich-habe-nichts-mit-den-anschlaegen-vom-11-september-zu-tun\/#breadcrumb","itemListElement":[{"@type":"ListItem","position":1,"name":"Home","item":"https:\/\/now-news.de\/de\/"},{"@type":"ListItem","position":2,"name":"Al-Scharaa: &quot;Ich habe nichts mit den Anschl\u00e4gen vom 11. September zu tun&quot;"}]},{"@type":"WebSite","@id":"https:\/\/now-news.de\/de\/#website","url":"https:\/\/now-news.de\/de\/","name":"just-now.NEWS Deutschland","description":"Das Portal f\u00fcr unzensierte Nachrichten aus der Welt","publisher":{"@id":"https:\/\/now-news.de\/de\/#organization"},"potentialAction":[{"@type":"SearchAction","target":{"@type":"EntryPoint","urlTemplate":"https:\/\/now-news.de\/de\/?s={search_term_string}"},"query-input":"required name=search_term_string"}],"inLanguage":"de"},{"@type":"Organization","@id":"https:\/\/now-news.de\/de\/#organization","name":"Just Now News","url":"https:\/\/now-news.de\/de\/","logo":{"@type":"ImageObject","inLanguage":"de","@id":"https:\/\/now-news.de\/de\/#\/schema\/logo\/image\/","url":"http:\/\/just-now.news\/de\/wp-content\/uploads\/sites\/3\/2022\/04\/logo500x500.jpg","contentUrl":"http:\/\/just-now.news\/de\/wp-content\/uploads\/sites\/3\/2022\/04\/logo500x500.jpg","width":500,"height":500,"caption":"Just Now News"},"image":{"@id":"https:\/\/now-news.de\/de\/#\/schema\/logo\/image\/"},"sameAs":["https:\/\/www.facebook.com\/wirmachenauf","https:\/\/x.com\/WirMachenAuf_de"]},{"@type":"Person","@id":"https:\/\/now-news.de\/de\/#\/schema\/person\/fb534a4e865501d8b3285208df34a9b5","name":"rtnews","image":{"@type":"ImageObject","inLanguage":"de","@id":"https:\/\/now-news.de\/de\/#\/schema\/person\/image\/","url":"https:\/\/secure.gravatar.com\/avatar\/82aafea7d8127119dd649515f56e2117?s=96&d=mm&r=g","contentUrl":"https:\/\/secure.gravatar.com\/avatar\/82aafea7d8127119dd649515f56e2117?s=96&d=mm&r=g","caption":"rtnews"},"url":"https:\/\/now-news.de\/de\/author\/rnews\/"}]}},"_links":{"self":[{"href":"https:\/\/now-news.de\/de\/wp-json\/wp\/v2\/posts\/93689"}],"collection":[{"href":"https:\/\/now-news.de\/de\/wp-json\/wp\/v2\/posts"}],"about":[{"href":"https:\/\/now-news.de\/de\/wp-json\/wp\/v2\/types\/post"}],"author":[{"embeddable":true,"href":"https:\/\/now-news.de\/de\/wp-json\/wp\/v2\/users\/3"}],"replies":[{"embeddable":true,"href":"https:\/\/now-news.de\/de\/wp-json\/wp\/v2\/comments?post=93689"}],"version-history":[{"count":0,"href":"https:\/\/now-news.de\/de\/wp-json\/wp\/v2\/posts\/93689\/revisions"}],"wp:featuredmedia":[{"embeddable":true,"href":"https:\/\/now-news.de\/de\/wp-json\/wp\/v2\/media\/93690"}],"wp:attachment":[{"href":"https:\/\/now-news.de\/de\/wp-json\/wp\/v2\/media?parent=93689"}],"wp:term":[{"taxonomy":"category","embeddable":true,"href":"https:\/\/now-news.de\/de\/wp-json\/wp\/v2\/categories?post=93689"},{"taxonomy":"post_tag","embeddable":true,"href":"https:\/\/now-news.de\/de\/wp-json\/wp\/v2\/tags?post=93689"}],"curies":[{"name":"wp","href":"https:\/\/api.w.org\/{rel}","templated":true}]}}