{"id":93525,"date":"2025-11-08T15:30:08","date_gmt":"2025-11-08T13:30:08","guid":{"rendered":"https:\/\/now-news.de\/de\/deutschland\/erneut-probleme-mit-regierungsflieger-wadephul-muss-suedamerika-reise-mit-linienflug-starten\/"},"modified":"2025-11-08T15:30:08","modified_gmt":"2025-11-08T13:30:08","slug":"erneut-probleme-mit-regierungsflieger-wadephul-muss-suedamerika-reise-mit-linienflug-starten","status":"publish","type":"post","link":"https:\/\/now-news.de\/de\/deutschland\/erneut-probleme-mit-regierungsflieger-wadephul-muss-suedamerika-reise-mit-linienflug-starten\/","title":{"rendered":"Erneut Probleme mit Regierungsflieger: Wadephul muss S\u00fcdamerika-Reise mit Linienflug starten"},"content":{"rendered":"<p><img decoding=\"async\" src=\"https:\/\/now-news.de\/de\/wp-content\/uploads\/sites\/3\/2025\/11\/690f32c6b480cc35e535df04.jpg\" \/><\/p>\n<div class=\"Text-root Text-type_1 \">\n                Am Samstagmittag sollte Bundesau\u00dfenminister Johann Wadephul (CDU) mit einem Airbus A350 der Luftwaffe zum EU-Lateinamerika-Gipfel aufbrechen. Doch nun musste er einen Linienflug nehmen. Grund daf\u00fcr sei ein technischer Defekt am Regierungsflieger, hie\u00df es aus dem Ausw\u00e4rtigen Amt.\n            <\/div>\n<p><\/p>\n<div class=\"Text-root Text-type_5 ArticleView-text ViewText-root \">\n<p>Au\u00dfenminister Johann Wadephul (62) sollte am Samstagmittag zum EU-Lateinamerika-Gipfel nach Kolumbien reisen. Doch statt wie geplant mit dem Regierungsflugzeug zu fliegen, musste er den Flug mit einer Linienmaschine antreten.\u00a0Der f\u00fcr den Flug von Hamburg aus vorgesehene Airbus A350 der Bundeswehr-Flugbereitschaft sei wegen eines technischen Defekts nicht verf\u00fcgbar, teilte das Ausw\u00e4rtige Amt mit.<\/p>\n<p>Bei dem Treffen in Santa Marta am Karibischen Meer im Norden Kolumbiens soll Wadephul Kanzler Friedrich Merz vertreten. Vizeregierungssprecher Sebastian Hille hatte zur Begr\u00fcndung darauf verwiesen, dass viele s\u00fcdamerikanische Staaten bei dem Gipfel nicht durch ihre Staats- und Regierungschefs vertreten seien.<\/p>\n<p>Am Sonntag will Wadephul von Kolumbien aus nach Bolivien weiterreisen, berichten Medien. An diesem Samstag wird dort der neue christdemokratische Pr\u00e4sident Rodrigo Paz sein Amt antreten. Am Dienstag und Mittwoch kommender Woche sei geplant, dass der Bundesau\u00dfenminister in der kanadischen Provinz Ontario an einem Treffen der G7-Au\u00dfenminister teilnimmt.<\/p>\n<p>Auch Wadephuls Vorg\u00e4ngerin Annalena Baerbock (B\u00fcndnis 90\/Die Gr\u00fcnen) hatte \u00f6fter Probleme mit dem Regierungsflieger. Das spektakul\u00e4rste Beispiel war eine geplante Reise der damaligen Au\u00dfenministerin nach Australien, Neuseeland und Fidschi im August 2023.<\/p>\n<p>Baerbock musste den Flug abbrechen, nachdem sich bei einem Tankstopp in Abu Dhabi (VAE) bei einem Airbus A340 der Bundeswehr-Flugbereitschaft die Landeklappen nach dem Start nicht hatten einklappen lassen.<\/p>\n<p>Bei einem weiteren Versuch trat derselbe Fehler erneut auf, sodass die Au\u00dfenministerin die Reise abbrach und mit einer Linienmaschine nach Deutschland zur\u00fcckkehrte. Sie holte den Besuch sp\u00e4ter nach.<\/p>\n<p><strong>Mehr zum Thema<\/strong>\u00a0\u2012 <a rel=\"nofollow noopener\" target=\"_blank\" href=\"https:\/\/freedert.online\/inland\/177808-notlandung-regierungsflieger-mit-aussenministerin-baerbock\/\">Notlandung: Regierungsflieger mit Au\u00dfenministerin Baerbock bl\u00e4st 80 Tonnen Kerosin in den Himmel<\/a><\/p>\n<div class=\"EmbedBlock-root EmbedBlock-externalVideo EmbedBlock-rumble\">\n<div class=\"VkEmbed\"><iframe class=\"lazyload\" data-src=\"https:\/\/rumble.com\/embed\/v6z7yta\" frameborder=\"0\" width=\"853\" height=\"480\" allowfullscreen><\/iframe><\/div>\n<\/div>\n<\/div>\n<p><br \/>\n<br \/><a href=\"https:\/\/de.rt.com\/international\/261175-wadephul-muss-suedamerika-reise-mit\/\">Source link <\/a><\/p>\n","protected":false},"excerpt":{"rendered":"<p>Am Samstagmittag sollte Bundesau\u00dfenminister Johann Wadephul (CDU) mit einem Airbus A350 der Luftwaffe zum EU-Lateinamerika-Gipfel aufbrechen. Doch nun musste er einen Linienflug nehmen. Grund daf\u00fcr sei ein technischer Defekt am Regierungsflieger, hie\u00df es aus dem Ausw\u00e4rtigen Amt. Au\u00dfenminister Johann Wadephul (62) sollte am Samstagmittag zum EU-Lateinamerika-Gipfel nach Kolumbien reisen. Doch statt wie geplant mit dem [&hellip;]<\/p>\n","protected":false},"author":3,"featured_media":93526,"comment_status":"open","ping_status":"open","sticky":false,"template":"","format":"standard","meta":{"_yoast_indexnow_last_ping":["1762608922"],"wp_automatic_camp":["217"],"a44e8b16ad5b2ec3e9094da31dfaf264":["Erneut Probleme mit Regierungsflieger: Wadephul muss S\u00fcdamerika-Reise mit Linienflug starten"],"original_link":["https:\/\/de.rt.com\/international\/261175-wadephul-muss-suedamerika-reise-mit\/"],"_thumbnail_id":["93526"],"jnews_social_counter_last_update":["1777268397"],"_wptgpro_p2tg_sent2tg":["a:1:{i:23737;s:19:\"2025-11-08 15:36:22\";}"]},"categories":[19,23],"tags":[781,68910,419,534,7754,47724,20845,68989,64588],"yoast_head":"<!-- This site is optimized with the Yoast SEO Premium plugin v22.7 (Yoast SEO v22.7) - https:\/\/yoast.com\/wordpress\/plugins\/seo\/ -->\n<title>Erneut Probleme mit Regierungsflieger: Wadephul muss S\u00fcdamerika-Reise mit Linienflug starten - just-now.NEWS Deutschland<\/title>\n<meta name=\"robots\" content=\"index, follow, max-snippet:-1, max-image-preview:large, max-video-preview:-1\" \/>\n<link rel=\"canonical\" href=\"https:\/\/now-news.de\/de\/deutschland\/erneut-probleme-mit-regierungsflieger-wadephul-muss-suedamerika-reise-mit-linienflug-starten\/\" \/>\n<meta property=\"og:locale\" content=\"de_DE\" \/>\n<meta property=\"og:type\" content=\"article\" \/>\n<meta property=\"og:title\" content=\"Erneut Probleme mit Regierungsflieger: Wadephul muss S\u00fcdamerika-Reise mit Linienflug starten\" \/>\n<meta property=\"og:description\" content=\"Am Samstagmittag sollte Bundesau\u00dfenminister Johann Wadephul (CDU) mit einem Airbus A350 der Luftwaffe zum EU-Lateinamerika-Gipfel aufbrechen. Doch nun musste er einen Linienflug nehmen. Grund daf\u00fcr sei ein technischer Defekt am Regierungsflieger, hie\u00df es aus dem Ausw\u00e4rtigen Amt. Au\u00dfenminister Johann Wadephul (62) sollte am Samstagmittag zum EU-Lateinamerika-Gipfel nach Kolumbien reisen. Doch statt wie geplant mit dem [&hellip;]\" \/>\n<meta property=\"og:url\" content=\"https:\/\/now-news.de\/de\/deutschland\/erneut-probleme-mit-regierungsflieger-wadephul-muss-suedamerika-reise-mit-linienflug-starten\/\" \/>\n<meta property=\"og:site_name\" content=\"just-now.NEWS Deutschland\" \/>\n<meta property=\"article:publisher\" content=\"https:\/\/www.facebook.com\/wirmachenauf\" \/>\n<meta property=\"article:published_time\" content=\"2025-11-08T13:30:08+00:00\" \/>\n<meta property=\"og:image\" content=\"https:\/\/now-news.de\/de\/wp-content\/uploads\/sites\/3\/2025\/11\/690f32c6b480cc35e535df04.jpg\" \/>\n<meta name=\"author\" content=\"rtnews\" \/>\n<meta name=\"twitter:card\" content=\"summary_large_image\" \/>\n<meta name=\"twitter:creator\" content=\"@WirMachenAuf_de\" \/>\n<meta name=\"twitter:site\" content=\"@WirMachenAuf_de\" \/>\n<meta name=\"twitter:label1\" content=\"Verfasst von\" \/>\n\t<meta name=\"twitter:data1\" content=\"rtnews\" \/>\n\t<meta name=\"twitter:label2\" content=\"Gesch\u00e4tzte Lesezeit\" \/>\n\t<meta name=\"twitter:data2\" content=\"2\u00a0Minuten\" \/>\n<script type=\"application\/ld+json\" class=\"yoast-schema-graph\">{\"@context\":\"https:\/\/schema.org\",\"@graph\":[{\"@type\":\"Article\",\"@id\":\"https:\/\/now-news.de\/de\/deutschland\/erneut-probleme-mit-regierungsflieger-wadephul-muss-suedamerika-reise-mit-linienflug-starten\/#article\",\"isPartOf\":{\"@id\":\"https:\/\/now-news.de\/de\/deutschland\/erneut-probleme-mit-regierungsflieger-wadephul-muss-suedamerika-reise-mit-linienflug-starten\/\"},\"author\":{\"name\":\"rtnews\",\"@id\":\"https:\/\/now-news.de\/de\/#\/schema\/person\/fb534a4e865501d8b3285208df34a9b5\"},\"headline\":\"Erneut Probleme mit Regierungsflieger: Wadephul muss S\u00fcdamerika-Reise mit Linienflug starten\",\"datePublished\":\"2025-11-08T13:30:08+00:00\",\"dateModified\":\"2025-11-08T13:30:08+00:00\",\"mainEntityOfPage\":{\"@id\":\"https:\/\/now-news.de\/de\/deutschland\/erneut-probleme-mit-regierungsflieger-wadephul-muss-suedamerika-reise-mit-linienflug-starten\/\"},\"wordCount\":317,\"commentCount\":0,\"publisher\":{\"@id\":\"https:\/\/now-news.de\/de\/#organization\"},\"image\":{\"@id\":\"https:\/\/now-news.de\/de\/deutschland\/erneut-probleme-mit-regierungsflieger-wadephul-muss-suedamerika-reise-mit-linienflug-starten\/#primaryimage\"},\"thumbnailUrl\":\"https:\/\/now-news.de\/de\/wp-content\/uploads\/sites\/3\/2025\/11\/Erneut-Probleme-mit-Regierungsflieger-Wadephul-muss-Suedamerika-Reise-mit-Linienflug-starten.jpg\",\"keywords\":[\"erneut\",\"Linienflug\",\"mit\",\"muss\",\"Probleme\",\"Regierungsflieger\",\"starten\",\"S\u00fcdamerikaReise\",\"Wadephul\"],\"articleSection\":[\"Deutschland\",\"Russland\"],\"inLanguage\":\"de\",\"potentialAction\":[{\"@type\":\"CommentAction\",\"name\":\"Comment\",\"target\":[\"https:\/\/now-news.de\/de\/deutschland\/erneut-probleme-mit-regierungsflieger-wadephul-muss-suedamerika-reise-mit-linienflug-starten\/#respond\"]}]},{\"@type\":\"WebPage\",\"@id\":\"https:\/\/now-news.de\/de\/deutschland\/erneut-probleme-mit-regierungsflieger-wadephul-muss-suedamerika-reise-mit-linienflug-starten\/\",\"url\":\"https:\/\/now-news.de\/de\/deutschland\/erneut-probleme-mit-regierungsflieger-wadephul-muss-suedamerika-reise-mit-linienflug-starten\/\",\"name\":\"Erneut Probleme mit Regierungsflieger: Wadephul muss S\u00fcdamerika-Reise mit Linienflug starten - just-now.NEWS Deutschland\",\"isPartOf\":{\"@id\":\"https:\/\/now-news.de\/de\/#website\"},\"primaryImageOfPage\":{\"@id\":\"https:\/\/now-news.de\/de\/deutschland\/erneut-probleme-mit-regierungsflieger-wadephul-muss-suedamerika-reise-mit-linienflug-starten\/#primaryimage\"},\"image\":{\"@id\":\"https:\/\/now-news.de\/de\/deutschland\/erneut-probleme-mit-regierungsflieger-wadephul-muss-suedamerika-reise-mit-linienflug-starten\/#primaryimage\"},\"thumbnailUrl\":\"https:\/\/now-news.de\/de\/wp-content\/uploads\/sites\/3\/2025\/11\/Erneut-Probleme-mit-Regierungsflieger-Wadephul-muss-Suedamerika-Reise-mit-Linienflug-starten.jpg\",\"datePublished\":\"2025-11-08T13:30:08+00:00\",\"dateModified\":\"2025-11-08T13:30:08+00:00\",\"breadcrumb\":{\"@id\":\"https:\/\/now-news.de\/de\/deutschland\/erneut-probleme-mit-regierungsflieger-wadephul-muss-suedamerika-reise-mit-linienflug-starten\/#breadcrumb\"},\"inLanguage\":\"de\",\"potentialAction\":[{\"@type\":\"ReadAction\",\"target\":[\"https:\/\/now-news.de\/de\/deutschland\/erneut-probleme-mit-regierungsflieger-wadephul-muss-suedamerika-reise-mit-linienflug-starten\/\"]}]},{\"@type\":\"ImageObject\",\"inLanguage\":\"de\",\"@id\":\"https:\/\/now-news.de\/de\/deutschland\/erneut-probleme-mit-regierungsflieger-wadephul-muss-suedamerika-reise-mit-linienflug-starten\/#primaryimage\",\"url\":\"https:\/\/now-news.de\/de\/wp-content\/uploads\/sites\/3\/2025\/11\/Erneut-Probleme-mit-Regierungsflieger-Wadephul-muss-Suedamerika-Reise-mit-Linienflug-starten.jpg\",\"contentUrl\":\"https:\/\/now-news.de\/de\/wp-content\/uploads\/sites\/3\/2025\/11\/Erneut-Probleme-mit-Regierungsflieger-Wadephul-muss-Suedamerika-Reise-mit-Linienflug-starten.jpg\",\"width\":460,\"height\":259,\"caption\":\"Erneut Probleme mit Regierungsflieger: Wadephul muss S\u00fcdamerika-Reise mit Linienflug starten\"},{\"@type\":\"BreadcrumbList\",\"@id\":\"https:\/\/now-news.de\/de\/deutschland\/erneut-probleme-mit-regierungsflieger-wadephul-muss-suedamerika-reise-mit-linienflug-starten\/#breadcrumb\",\"itemListElement\":[{\"@type\":\"ListItem\",\"position\":1,\"name\":\"Home\",\"item\":\"https:\/\/now-news.de\/de\/\"},{\"@type\":\"ListItem\",\"position\":2,\"name\":\"Erneut Probleme mit Regierungsflieger: Wadephul muss S\u00fcdamerika-Reise mit Linienflug starten\"}]},{\"@type\":\"WebSite\",\"@id\":\"https:\/\/now-news.de\/de\/#website\",\"url\":\"https:\/\/now-news.de\/de\/\",\"name\":\"just-now.NEWS Deutschland\",\"description\":\"Das Portal f\u00fcr unzensierte Nachrichten aus der Welt\",\"publisher\":{\"@id\":\"https:\/\/now-news.de\/de\/#organization\"},\"potentialAction\":[{\"@type\":\"SearchAction\",\"target\":{\"@type\":\"EntryPoint\",\"urlTemplate\":\"https:\/\/now-news.de\/de\/?s={search_term_string}\"},\"query-input\":\"required name=search_term_string\"}],\"inLanguage\":\"de\"},{\"@type\":\"Organization\",\"@id\":\"https:\/\/now-news.de\/de\/#organization\",\"name\":\"Just Now News\",\"url\":\"https:\/\/now-news.de\/de\/\",\"logo\":{\"@type\":\"ImageObject\",\"inLanguage\":\"de\",\"@id\":\"https:\/\/now-news.de\/de\/#\/schema\/logo\/image\/\",\"url\":\"http:\/\/just-now.news\/de\/wp-content\/uploads\/sites\/3\/2022\/04\/logo500x500.jpg\",\"contentUrl\":\"http:\/\/just-now.news\/de\/wp-content\/uploads\/sites\/3\/2022\/04\/logo500x500.jpg\",\"width\":500,\"height\":500,\"caption\":\"Just Now News\"},\"image\":{\"@id\":\"https:\/\/now-news.de\/de\/#\/schema\/logo\/image\/\"},\"sameAs\":[\"https:\/\/www.facebook.com\/wirmachenauf\",\"https:\/\/x.com\/WirMachenAuf_de\"]},{\"@type\":\"Person\",\"@id\":\"https:\/\/now-news.de\/de\/#\/schema\/person\/fb534a4e865501d8b3285208df34a9b5\",\"name\":\"rtnews\",\"image\":{\"@type\":\"ImageObject\",\"inLanguage\":\"de\",\"@id\":\"https:\/\/now-news.de\/de\/#\/schema\/person\/image\/\",\"url\":\"https:\/\/secure.gravatar.com\/avatar\/82aafea7d8127119dd649515f56e2117?s=96&d=mm&r=g\",\"contentUrl\":\"https:\/\/secure.gravatar.com\/avatar\/82aafea7d8127119dd649515f56e2117?s=96&d=mm&r=g\",\"caption\":\"rtnews\"},\"url\":\"https:\/\/now-news.de\/de\/author\/rnews\/\"}]}<\/script>\n<!-- \/ Yoast SEO Premium plugin. -->","yoast_head_json":{"title":"Erneut Probleme mit Regierungsflieger: Wadephul muss S\u00fcdamerika-Reise mit Linienflug starten - just-now.NEWS Deutschland","robots":{"index":"index","follow":"follow","max-snippet":"max-snippet:-1","max-image-preview":"max-image-preview:large","max-video-preview":"max-video-preview:-1"},"canonical":"https:\/\/now-news.de\/de\/deutschland\/erneut-probleme-mit-regierungsflieger-wadephul-muss-suedamerika-reise-mit-linienflug-starten\/","og_locale":"de_DE","og_type":"article","og_title":"Erneut Probleme mit Regierungsflieger: Wadephul muss S\u00fcdamerika-Reise mit Linienflug starten","og_description":"Am Samstagmittag sollte Bundesau\u00dfenminister Johann Wadephul (CDU) mit einem Airbus A350 der Luftwaffe zum EU-Lateinamerika-Gipfel aufbrechen. Doch nun musste er einen Linienflug nehmen. Grund daf\u00fcr sei ein technischer Defekt am Regierungsflieger, hie\u00df es aus dem Ausw\u00e4rtigen Amt. Au\u00dfenminister Johann Wadephul (62) sollte am Samstagmittag zum EU-Lateinamerika-Gipfel nach Kolumbien reisen. Doch statt wie geplant mit dem [&hellip;]","og_url":"https:\/\/now-news.de\/de\/deutschland\/erneut-probleme-mit-regierungsflieger-wadephul-muss-suedamerika-reise-mit-linienflug-starten\/","og_site_name":"just-now.NEWS Deutschland","article_publisher":"https:\/\/www.facebook.com\/wirmachenauf","article_published_time":"2025-11-08T13:30:08+00:00","og_image":[{"url":"https:\/\/now-news.de\/de\/wp-content\/uploads\/sites\/3\/2025\/11\/690f32c6b480cc35e535df04.jpg"}],"author":"rtnews","twitter_card":"summary_large_image","twitter_creator":"@WirMachenAuf_de","twitter_site":"@WirMachenAuf_de","twitter_misc":{"Verfasst von":"rtnews","Gesch\u00e4tzte Lesezeit":"2\u00a0Minuten"},"schema":{"@context":"https:\/\/schema.org","@graph":[{"@type":"Article","@id":"https:\/\/now-news.de\/de\/deutschland\/erneut-probleme-mit-regierungsflieger-wadephul-muss-suedamerika-reise-mit-linienflug-starten\/#article","isPartOf":{"@id":"https:\/\/now-news.de\/de\/deutschland\/erneut-probleme-mit-regierungsflieger-wadephul-muss-suedamerika-reise-mit-linienflug-starten\/"},"author":{"name":"rtnews","@id":"https:\/\/now-news.de\/de\/#\/schema\/person\/fb534a4e865501d8b3285208df34a9b5"},"headline":"Erneut Probleme mit Regierungsflieger: Wadephul muss S\u00fcdamerika-Reise mit Linienflug starten","datePublished":"2025-11-08T13:30:08+00:00","dateModified":"2025-11-08T13:30:08+00:00","mainEntityOfPage":{"@id":"https:\/\/now-news.de\/de\/deutschland\/erneut-probleme-mit-regierungsflieger-wadephul-muss-suedamerika-reise-mit-linienflug-starten\/"},"wordCount":317,"commentCount":0,"publisher":{"@id":"https:\/\/now-news.de\/de\/#organization"},"image":{"@id":"https:\/\/now-news.de\/de\/deutschland\/erneut-probleme-mit-regierungsflieger-wadephul-muss-suedamerika-reise-mit-linienflug-starten\/#primaryimage"},"thumbnailUrl":"https:\/\/now-news.de\/de\/wp-content\/uploads\/sites\/3\/2025\/11\/Erneut-Probleme-mit-Regierungsflieger-Wadephul-muss-Suedamerika-Reise-mit-Linienflug-starten.jpg","keywords":["erneut","Linienflug","mit","muss","Probleme","Regierungsflieger","starten","S\u00fcdamerikaReise","Wadephul"],"articleSection":["Deutschland","Russland"],"inLanguage":"de","potentialAction":[{"@type":"CommentAction","name":"Comment","target":["https:\/\/now-news.de\/de\/deutschland\/erneut-probleme-mit-regierungsflieger-wadephul-muss-suedamerika-reise-mit-linienflug-starten\/#respond"]}]},{"@type":"WebPage","@id":"https:\/\/now-news.de\/de\/deutschland\/erneut-probleme-mit-regierungsflieger-wadephul-muss-suedamerika-reise-mit-linienflug-starten\/","url":"https:\/\/now-news.de\/de\/deutschland\/erneut-probleme-mit-regierungsflieger-wadephul-muss-suedamerika-reise-mit-linienflug-starten\/","name":"Erneut Probleme mit Regierungsflieger: Wadephul muss S\u00fcdamerika-Reise mit Linienflug starten - just-now.NEWS Deutschland","isPartOf":{"@id":"https:\/\/now-news.de\/de\/#website"},"primaryImageOfPage":{"@id":"https:\/\/now-news.de\/de\/deutschland\/erneut-probleme-mit-regierungsflieger-wadephul-muss-suedamerika-reise-mit-linienflug-starten\/#primaryimage"},"image":{"@id":"https:\/\/now-news.de\/de\/deutschland\/erneut-probleme-mit-regierungsflieger-wadephul-muss-suedamerika-reise-mit-linienflug-starten\/#primaryimage"},"thumbnailUrl":"https:\/\/now-news.de\/de\/wp-content\/uploads\/sites\/3\/2025\/11\/Erneut-Probleme-mit-Regierungsflieger-Wadephul-muss-Suedamerika-Reise-mit-Linienflug-starten.jpg","datePublished":"2025-11-08T13:30:08+00:00","dateModified":"2025-11-08T13:30:08+00:00","breadcrumb":{"@id":"https:\/\/now-news.de\/de\/deutschland\/erneut-probleme-mit-regierungsflieger-wadephul-muss-suedamerika-reise-mit-linienflug-starten\/#breadcrumb"},"inLanguage":"de","potentialAction":[{"@type":"ReadAction","target":["https:\/\/now-news.de\/de\/deutschland\/erneut-probleme-mit-regierungsflieger-wadephul-muss-suedamerika-reise-mit-linienflug-starten\/"]}]},{"@type":"ImageObject","inLanguage":"de","@id":"https:\/\/now-news.de\/de\/deutschland\/erneut-probleme-mit-regierungsflieger-wadephul-muss-suedamerika-reise-mit-linienflug-starten\/#primaryimage","url":"https:\/\/now-news.de\/de\/wp-content\/uploads\/sites\/3\/2025\/11\/Erneut-Probleme-mit-Regierungsflieger-Wadephul-muss-Suedamerika-Reise-mit-Linienflug-starten.jpg","contentUrl":"https:\/\/now-news.de\/de\/wp-content\/uploads\/sites\/3\/2025\/11\/Erneut-Probleme-mit-Regierungsflieger-Wadephul-muss-Suedamerika-Reise-mit-Linienflug-starten.jpg","width":460,"height":259,"caption":"Erneut Probleme mit Regierungsflieger: Wadephul muss S\u00fcdamerika-Reise mit Linienflug starten"},{"@type":"BreadcrumbList","@id":"https:\/\/now-news.de\/de\/deutschland\/erneut-probleme-mit-regierungsflieger-wadephul-muss-suedamerika-reise-mit-linienflug-starten\/#breadcrumb","itemListElement":[{"@type":"ListItem","position":1,"name":"Home","item":"https:\/\/now-news.de\/de\/"},{"@type":"ListItem","position":2,"name":"Erneut Probleme mit Regierungsflieger: Wadephul muss S\u00fcdamerika-Reise mit Linienflug starten"}]},{"@type":"WebSite","@id":"https:\/\/now-news.de\/de\/#website","url":"https:\/\/now-news.de\/de\/","name":"just-now.NEWS Deutschland","description":"Das Portal f\u00fcr unzensierte Nachrichten aus der Welt","publisher":{"@id":"https:\/\/now-news.de\/de\/#organization"},"potentialAction":[{"@type":"SearchAction","target":{"@type":"EntryPoint","urlTemplate":"https:\/\/now-news.de\/de\/?s={search_term_string}"},"query-input":"required name=search_term_string"}],"inLanguage":"de"},{"@type":"Organization","@id":"https:\/\/now-news.de\/de\/#organization","name":"Just Now News","url":"https:\/\/now-news.de\/de\/","logo":{"@type":"ImageObject","inLanguage":"de","@id":"https:\/\/now-news.de\/de\/#\/schema\/logo\/image\/","url":"http:\/\/just-now.news\/de\/wp-content\/uploads\/sites\/3\/2022\/04\/logo500x500.jpg","contentUrl":"http:\/\/just-now.news\/de\/wp-content\/uploads\/sites\/3\/2022\/04\/logo500x500.jpg","width":500,"height":500,"caption":"Just Now News"},"image":{"@id":"https:\/\/now-news.de\/de\/#\/schema\/logo\/image\/"},"sameAs":["https:\/\/www.facebook.com\/wirmachenauf","https:\/\/x.com\/WirMachenAuf_de"]},{"@type":"Person","@id":"https:\/\/now-news.de\/de\/#\/schema\/person\/fb534a4e865501d8b3285208df34a9b5","name":"rtnews","image":{"@type":"ImageObject","inLanguage":"de","@id":"https:\/\/now-news.de\/de\/#\/schema\/person\/image\/","url":"https:\/\/secure.gravatar.com\/avatar\/82aafea7d8127119dd649515f56e2117?s=96&d=mm&r=g","contentUrl":"https:\/\/secure.gravatar.com\/avatar\/82aafea7d8127119dd649515f56e2117?s=96&d=mm&r=g","caption":"rtnews"},"url":"https:\/\/now-news.de\/de\/author\/rnews\/"}]}},"_links":{"self":[{"href":"https:\/\/now-news.de\/de\/wp-json\/wp\/v2\/posts\/93525"}],"collection":[{"href":"https:\/\/now-news.de\/de\/wp-json\/wp\/v2\/posts"}],"about":[{"href":"https:\/\/now-news.de\/de\/wp-json\/wp\/v2\/types\/post"}],"author":[{"embeddable":true,"href":"https:\/\/now-news.de\/de\/wp-json\/wp\/v2\/users\/3"}],"replies":[{"embeddable":true,"href":"https:\/\/now-news.de\/de\/wp-json\/wp\/v2\/comments?post=93525"}],"version-history":[{"count":0,"href":"https:\/\/now-news.de\/de\/wp-json\/wp\/v2\/posts\/93525\/revisions"}],"wp:featuredmedia":[{"embeddable":true,"href":"https:\/\/now-news.de\/de\/wp-json\/wp\/v2\/media\/93526"}],"wp:attachment":[{"href":"https:\/\/now-news.de\/de\/wp-json\/wp\/v2\/media?parent=93525"}],"wp:term":[{"taxonomy":"category","embeddable":true,"href":"https:\/\/now-news.de\/de\/wp-json\/wp\/v2\/categories?post=93525"},{"taxonomy":"post_tag","embeddable":true,"href":"https:\/\/now-news.de\/de\/wp-json\/wp\/v2\/tags?post=93525"}],"curies":[{"name":"wp","href":"https:\/\/api.w.org\/{rel}","templated":true}]}}