{"id":93501,"date":"2025-11-07T22:21:00","date_gmt":"2025-11-07T20:21:00","guid":{"rendered":"https:\/\/now-news.de\/de\/deutschland\/usbekistan-praesident-mirsijojew-laedt-trump-ein-und-nennt-ihn-praesident-des-friedens\/"},"modified":"2025-11-07T22:21:00","modified_gmt":"2025-11-07T20:21:00","slug":"usbekistan-praesident-mirsijojew-laedt-trump-ein-und-nennt-ihn-praesident-des-friedens","status":"publish","type":"post","link":"https:\/\/now-news.de\/de\/deutschland\/usbekistan-praesident-mirsijojew-laedt-trump-ein-und-nennt-ihn-praesident-des-friedens\/","title":{"rendered":"Usbekistan: Pr\u00e4sident Mirsijojew l\u00e4dt Trump ein und nennt ihn &quot;Pr\u00e4sident des Friedens&quot;"},"content":{"rendered":"<p><img decoding=\"async\" src=\"https:\/\/now-news.de\/de\/wp-content\/uploads\/sites\/3\/2025\/11\/690e0d2548fbef5ad6030a78.jpg\" \/><\/p>\n<div class=\"Text-root Text-type_1 \">\n                Der Pr\u00e4sident Usbekistans lud seinen US-Kollegen zu einem Besuch in sein Land ein. Schawkat Mirsijojew sagte dabei, dass Donald Trump in Usbekistan als &#8220;Pr\u00e4sident des Friedens&#8221; bezeichnet werde, weil er &#8220;acht Kriege beendet&#8221; habe.\n            <\/div>\n<p><\/p>\n<div class=\"Text-root Text-type_5 ArticleView-text ViewText-root \">\n<p>Der Pr\u00e4sident Usbekistans, Schawkat Mirsijojew, hat seinen US-Kollegen Donald Trump im Rahmen der Verhandlungen im C5+1-Format nach Usbekistan eingeladen. Er sagte:<strong><\/strong><\/p>\n<blockquote>\n<p><em>&#8220;In Usbekistan nennen wir Sie den &#8216;Pr\u00e4sidenten des Friedens&#8217;. Sie haben viel erreicht. Sie haben acht Kriege beendet.&#8221;<\/em><\/p>\n<\/blockquote>\n<p>Mirsijojew versprach au\u00dferdem, dass Usbekistan in den n\u00e4chsten 13\u00a0Jahren rund 135\u00a0Milliarden Dollar in Schl\u00fcsselbranchen der USA investieren werde.<\/p>\n<p>Trump sagte, dass Usbekistan in den n\u00e4chsten drei Jahren fast 35\u00a0Milliarden Dollar und in den n\u00e4chsten zehn Jahren mehr als 100\u00a0Milliarden Dollar in Schl\u00fcsselbranchen der US-Wirtschaft investieren werde. Dazu geh\u00f6ren unter anderem der Bergbau, die Luftfahrt, die Herstellung von Automobilteilen, die Infrastruktur, die Landwirtschaft, die Energie- und Chemieindustrie, die Informationstechnologie und andere.<\/p>\n<p>Der Gipfel der zentralasiatischen L\u00e4nder und der USA im Format C5+1 fand am 6.\u00a0November statt. Das Format C5+1 (f\u00fcnf zentralasiatische L\u00e4nder plus die USA) wurde 2015 als regionale diplomatische Plattform auf Regierungsebene gegr\u00fcndet.<\/p>\n<p>Die russischen Medien wiesen darauf hin, dass die Pr\u00e4sidenten Usbekistans und Turkmenistans mit Trump auf Russisch sprachen. Die Pr\u00e4sidenten Kirgisistans und Tadschikistans sprachen in ihren Landessprachen, nur der kasachische Pr\u00e4sident Kassym-Schomart Tokajew verwendete Englisch.<\/p>\n<p><strong>Mehr zum Thema \u2013\u00a0<\/strong><a rel=\"nofollow noopener\" target=\"_blank\" href=\"https:\/\/freedert.online\/meinung\/260510-antiimperialistische-multipolaritaet\/\">Antiimperialistische Multipolarit\u00e4t<\/a><\/p>\n<\/div>\n<p><br \/>\n<br \/><a href=\"https:\/\/de.rt.com\/international\/261096-mirsijojew-laedt-trump-nach-usbekistan-ein\/\">Source link <\/a><\/p>\n","protected":false},"excerpt":{"rendered":"<p>Der Pr\u00e4sident Usbekistans lud seinen US-Kollegen zu einem Besuch in sein Land ein. Schawkat Mirsijojew sagte dabei, dass Donald Trump in Usbekistan als &#8220;Pr\u00e4sident des Friedens&#8221; bezeichnet werde, weil er &#8220;acht Kriege beendet&#8221; habe. Der Pr\u00e4sident Usbekistans, Schawkat Mirsijojew, hat seinen US-Kollegen Donald Trump im Rahmen der Verhandlungen im C5+1-Format nach Usbekistan eingeladen. Er sagte: [&hellip;]<\/p>\n","protected":false},"author":3,"featured_media":93502,"comment_status":"open","ping_status":"open","sticky":false,"template":"","format":"standard","meta":{"_yoast_indexnow_last_ping":["1762547360"],"wp_automatic_camp":["217"],"0af75773fd52a455ebf9361818870753":["Usbekistan: Pr\u00e4sident Mirsijojew l\u00e4dt Trump ein und nennt ihn &quot;Pr\u00e4sident des Friedens&quot;"],"original_link":["https:\/\/de.rt.com\/international\/261096-mirsijojew-laedt-trump-nach-usbekistan-ein\/"],"_thumbnail_id":["93502"],"jnews_social_counter_last_update":["1777267588"],"_wptgpro_p2tg_sent2tg":["a:1:{i:23737;s:19:\"2025-11-07 22:30:19\";}"]},"categories":[19,23],"tags":[583,357,39947,6582,19885,46579,6986,3464,68980,1639,140,26796],"yoast_head":"<!-- This site is optimized with the Yoast SEO Premium plugin v22.7 (Yoast SEO v22.7) - https:\/\/yoast.com\/wordpress\/plugins\/seo\/ -->\n<title>Usbekistan: Pr\u00e4sident Mirsijojew l\u00e4dt Trump ein und nennt ihn &quot;Pr\u00e4sident des Friedens&quot; - just-now.NEWS Deutschland<\/title>\n<meta name=\"robots\" content=\"index, follow, max-snippet:-1, max-image-preview:large, max-video-preview:-1\" \/>\n<link rel=\"canonical\" href=\"https:\/\/now-news.de\/de\/deutschland\/usbekistan-praesident-mirsijojew-laedt-trump-ein-und-nennt-ihn-praesident-des-friedens\/\" \/>\n<meta property=\"og:locale\" content=\"de_DE\" \/>\n<meta property=\"og:type\" content=\"article\" \/>\n<meta property=\"og:title\" content=\"Usbekistan: Pr\u00e4sident Mirsijojew l\u00e4dt Trump ein und nennt ihn &quot;Pr\u00e4sident des Friedens&quot;\" \/>\n<meta property=\"og:description\" content=\"Der Pr\u00e4sident Usbekistans lud seinen US-Kollegen zu einem Besuch in sein Land ein. Schawkat Mirsijojew sagte dabei, dass Donald Trump in Usbekistan als &#8220;Pr\u00e4sident des Friedens&#8221; bezeichnet werde, weil er &#8220;acht Kriege beendet&#8221; habe. Der Pr\u00e4sident Usbekistans, Schawkat Mirsijojew, hat seinen US-Kollegen Donald Trump im Rahmen der Verhandlungen im C5+1-Format nach Usbekistan eingeladen. Er sagte: [&hellip;]\" \/>\n<meta property=\"og:url\" content=\"https:\/\/now-news.de\/de\/deutschland\/usbekistan-praesident-mirsijojew-laedt-trump-ein-und-nennt-ihn-praesident-des-friedens\/\" \/>\n<meta property=\"og:site_name\" content=\"just-now.NEWS Deutschland\" \/>\n<meta property=\"article:publisher\" content=\"https:\/\/www.facebook.com\/wirmachenauf\" \/>\n<meta property=\"article:published_time\" content=\"2025-11-07T20:21:00+00:00\" \/>\n<meta property=\"og:image\" content=\"https:\/\/now-news.de\/de\/wp-content\/uploads\/sites\/3\/2025\/11\/690e0d2548fbef5ad6030a78.jpg\" \/>\n<meta name=\"author\" content=\"rtnews\" \/>\n<meta name=\"twitter:card\" content=\"summary_large_image\" \/>\n<meta name=\"twitter:creator\" content=\"@WirMachenAuf_de\" \/>\n<meta name=\"twitter:site\" content=\"@WirMachenAuf_de\" \/>\n<meta name=\"twitter:label1\" content=\"Verfasst von\" \/>\n\t<meta name=\"twitter:data1\" content=\"rtnews\" \/>\n\t<meta name=\"twitter:label2\" content=\"Gesch\u00e4tzte Lesezeit\" \/>\n\t<meta name=\"twitter:data2\" content=\"1\u00a0Minute\" \/>\n<script type=\"application\/ld+json\" class=\"yoast-schema-graph\">{\"@context\":\"https:\/\/schema.org\",\"@graph\":[{\"@type\":\"Article\",\"@id\":\"https:\/\/now-news.de\/de\/deutschland\/usbekistan-praesident-mirsijojew-laedt-trump-ein-und-nennt-ihn-praesident-des-friedens\/#article\",\"isPartOf\":{\"@id\":\"https:\/\/now-news.de\/de\/deutschland\/usbekistan-praesident-mirsijojew-laedt-trump-ein-und-nennt-ihn-praesident-des-friedens\/\"},\"author\":{\"name\":\"rtnews\",\"@id\":\"https:\/\/now-news.de\/de\/#\/schema\/person\/fb534a4e865501d8b3285208df34a9b5\"},\"headline\":\"Usbekistan: Pr\u00e4sident Mirsijojew l\u00e4dt Trump ein und nennt ihn &quot;Pr\u00e4sident des Friedens&quot;\",\"datePublished\":\"2025-11-07T20:21:00+00:00\",\"dateModified\":\"2025-11-07T20:21:00+00:00\",\"mainEntityOfPage\":{\"@id\":\"https:\/\/now-news.de\/de\/deutschland\/usbekistan-praesident-mirsijojew-laedt-trump-ein-und-nennt-ihn-praesident-des-friedens\/\"},\"wordCount\":254,\"commentCount\":0,\"publisher\":{\"@id\":\"https:\/\/now-news.de\/de\/#organization\"},\"image\":{\"@id\":\"https:\/\/now-news.de\/de\/deutschland\/usbekistan-praesident-mirsijojew-laedt-trump-ein-und-nennt-ihn-praesident-des-friedens\/#primaryimage\"},\"thumbnailUrl\":\"https:\/\/now-news.de\/de\/wp-content\/uploads\/sites\/3\/2025\/11\/Usbekistan-Praesident-Mirsijojew-laedt-Trump-ein-und-nennt-ihn-quotPraesident.jpg\",\"keywords\":[\"des\",\"ein\",\"Friedensquot\",\"ihn\",\"l\u00e4dt\",\"Mirsijojew\",\"nennt\",\"Pr\u00e4sident\",\"quotPr\u00e4sident\",\"trump\",\"und\",\"Usbekistan\"],\"articleSection\":[\"Deutschland\",\"Russland\"],\"inLanguage\":\"de\",\"potentialAction\":[{\"@type\":\"CommentAction\",\"name\":\"Comment\",\"target\":[\"https:\/\/now-news.de\/de\/deutschland\/usbekistan-praesident-mirsijojew-laedt-trump-ein-und-nennt-ihn-praesident-des-friedens\/#respond\"]}]},{\"@type\":\"WebPage\",\"@id\":\"https:\/\/now-news.de\/de\/deutschland\/usbekistan-praesident-mirsijojew-laedt-trump-ein-und-nennt-ihn-praesident-des-friedens\/\",\"url\":\"https:\/\/now-news.de\/de\/deutschland\/usbekistan-praesident-mirsijojew-laedt-trump-ein-und-nennt-ihn-praesident-des-friedens\/\",\"name\":\"Usbekistan: Pr\u00e4sident Mirsijojew l\u00e4dt Trump ein und nennt ihn &quot;Pr\u00e4sident des Friedens&quot; - just-now.NEWS Deutschland\",\"isPartOf\":{\"@id\":\"https:\/\/now-news.de\/de\/#website\"},\"primaryImageOfPage\":{\"@id\":\"https:\/\/now-news.de\/de\/deutschland\/usbekistan-praesident-mirsijojew-laedt-trump-ein-und-nennt-ihn-praesident-des-friedens\/#primaryimage\"},\"image\":{\"@id\":\"https:\/\/now-news.de\/de\/deutschland\/usbekistan-praesident-mirsijojew-laedt-trump-ein-und-nennt-ihn-praesident-des-friedens\/#primaryimage\"},\"thumbnailUrl\":\"https:\/\/now-news.de\/de\/wp-content\/uploads\/sites\/3\/2025\/11\/Usbekistan-Praesident-Mirsijojew-laedt-Trump-ein-und-nennt-ihn-quotPraesident.jpg\",\"datePublished\":\"2025-11-07T20:21:00+00:00\",\"dateModified\":\"2025-11-07T20:21:00+00:00\",\"breadcrumb\":{\"@id\":\"https:\/\/now-news.de\/de\/deutschland\/usbekistan-praesident-mirsijojew-laedt-trump-ein-und-nennt-ihn-praesident-des-friedens\/#breadcrumb\"},\"inLanguage\":\"de\",\"potentialAction\":[{\"@type\":\"ReadAction\",\"target\":[\"https:\/\/now-news.de\/de\/deutschland\/usbekistan-praesident-mirsijojew-laedt-trump-ein-und-nennt-ihn-praesident-des-friedens\/\"]}]},{\"@type\":\"ImageObject\",\"inLanguage\":\"de\",\"@id\":\"https:\/\/now-news.de\/de\/deutschland\/usbekistan-praesident-mirsijojew-laedt-trump-ein-und-nennt-ihn-praesident-des-friedens\/#primaryimage\",\"url\":\"https:\/\/now-news.de\/de\/wp-content\/uploads\/sites\/3\/2025\/11\/Usbekistan-Praesident-Mirsijojew-laedt-Trump-ein-und-nennt-ihn-quotPraesident.jpg\",\"contentUrl\":\"https:\/\/now-news.de\/de\/wp-content\/uploads\/sites\/3\/2025\/11\/Usbekistan-Praesident-Mirsijojew-laedt-Trump-ein-und-nennt-ihn-quotPraesident.jpg\",\"width\":460,\"height\":259,\"caption\":\"Usbekistan: Pr\u00e4sident Mirsijojew l\u00e4dt Trump ein und nennt ihn &quot;Pr\u00e4sident des Friedens&quot;\"},{\"@type\":\"BreadcrumbList\",\"@id\":\"https:\/\/now-news.de\/de\/deutschland\/usbekistan-praesident-mirsijojew-laedt-trump-ein-und-nennt-ihn-praesident-des-friedens\/#breadcrumb\",\"itemListElement\":[{\"@type\":\"ListItem\",\"position\":1,\"name\":\"Home\",\"item\":\"https:\/\/now-news.de\/de\/\"},{\"@type\":\"ListItem\",\"position\":2,\"name\":\"Usbekistan: Pr\u00e4sident Mirsijojew l\u00e4dt Trump ein und nennt ihn &quot;Pr\u00e4sident des Friedens&quot;\"}]},{\"@type\":\"WebSite\",\"@id\":\"https:\/\/now-news.de\/de\/#website\",\"url\":\"https:\/\/now-news.de\/de\/\",\"name\":\"just-now.NEWS Deutschland\",\"description\":\"Das Portal f\u00fcr unzensierte Nachrichten aus der Welt\",\"publisher\":{\"@id\":\"https:\/\/now-news.de\/de\/#organization\"},\"potentialAction\":[{\"@type\":\"SearchAction\",\"target\":{\"@type\":\"EntryPoint\",\"urlTemplate\":\"https:\/\/now-news.de\/de\/?s={search_term_string}\"},\"query-input\":\"required name=search_term_string\"}],\"inLanguage\":\"de\"},{\"@type\":\"Organization\",\"@id\":\"https:\/\/now-news.de\/de\/#organization\",\"name\":\"Just Now News\",\"url\":\"https:\/\/now-news.de\/de\/\",\"logo\":{\"@type\":\"ImageObject\",\"inLanguage\":\"de\",\"@id\":\"https:\/\/now-news.de\/de\/#\/schema\/logo\/image\/\",\"url\":\"http:\/\/just-now.news\/de\/wp-content\/uploads\/sites\/3\/2022\/04\/logo500x500.jpg\",\"contentUrl\":\"http:\/\/just-now.news\/de\/wp-content\/uploads\/sites\/3\/2022\/04\/logo500x500.jpg\",\"width\":500,\"height\":500,\"caption\":\"Just Now News\"},\"image\":{\"@id\":\"https:\/\/now-news.de\/de\/#\/schema\/logo\/image\/\"},\"sameAs\":[\"https:\/\/www.facebook.com\/wirmachenauf\",\"https:\/\/x.com\/WirMachenAuf_de\"]},{\"@type\":\"Person\",\"@id\":\"https:\/\/now-news.de\/de\/#\/schema\/person\/fb534a4e865501d8b3285208df34a9b5\",\"name\":\"rtnews\",\"image\":{\"@type\":\"ImageObject\",\"inLanguage\":\"de\",\"@id\":\"https:\/\/now-news.de\/de\/#\/schema\/person\/image\/\",\"url\":\"https:\/\/secure.gravatar.com\/avatar\/82aafea7d8127119dd649515f56e2117?s=96&d=mm&r=g\",\"contentUrl\":\"https:\/\/secure.gravatar.com\/avatar\/82aafea7d8127119dd649515f56e2117?s=96&d=mm&r=g\",\"caption\":\"rtnews\"},\"url\":\"https:\/\/now-news.de\/de\/author\/rnews\/\"}]}<\/script>\n<!-- \/ Yoast SEO Premium plugin. -->","yoast_head_json":{"title":"Usbekistan: Pr\u00e4sident Mirsijojew l\u00e4dt Trump ein und nennt ihn &quot;Pr\u00e4sident des Friedens&quot; - just-now.NEWS Deutschland","robots":{"index":"index","follow":"follow","max-snippet":"max-snippet:-1","max-image-preview":"max-image-preview:large","max-video-preview":"max-video-preview:-1"},"canonical":"https:\/\/now-news.de\/de\/deutschland\/usbekistan-praesident-mirsijojew-laedt-trump-ein-und-nennt-ihn-praesident-des-friedens\/","og_locale":"de_DE","og_type":"article","og_title":"Usbekistan: Pr\u00e4sident Mirsijojew l\u00e4dt Trump ein und nennt ihn &quot;Pr\u00e4sident des Friedens&quot;","og_description":"Der Pr\u00e4sident Usbekistans lud seinen US-Kollegen zu einem Besuch in sein Land ein. Schawkat Mirsijojew sagte dabei, dass Donald Trump in Usbekistan als &#8220;Pr\u00e4sident des Friedens&#8221; bezeichnet werde, weil er &#8220;acht Kriege beendet&#8221; habe. Der Pr\u00e4sident Usbekistans, Schawkat Mirsijojew, hat seinen US-Kollegen Donald Trump im Rahmen der Verhandlungen im C5+1-Format nach Usbekistan eingeladen. Er sagte: [&hellip;]","og_url":"https:\/\/now-news.de\/de\/deutschland\/usbekistan-praesident-mirsijojew-laedt-trump-ein-und-nennt-ihn-praesident-des-friedens\/","og_site_name":"just-now.NEWS Deutschland","article_publisher":"https:\/\/www.facebook.com\/wirmachenauf","article_published_time":"2025-11-07T20:21:00+00:00","og_image":[{"url":"https:\/\/now-news.de\/de\/wp-content\/uploads\/sites\/3\/2025\/11\/690e0d2548fbef5ad6030a78.jpg"}],"author":"rtnews","twitter_card":"summary_large_image","twitter_creator":"@WirMachenAuf_de","twitter_site":"@WirMachenAuf_de","twitter_misc":{"Verfasst von":"rtnews","Gesch\u00e4tzte Lesezeit":"1\u00a0Minute"},"schema":{"@context":"https:\/\/schema.org","@graph":[{"@type":"Article","@id":"https:\/\/now-news.de\/de\/deutschland\/usbekistan-praesident-mirsijojew-laedt-trump-ein-und-nennt-ihn-praesident-des-friedens\/#article","isPartOf":{"@id":"https:\/\/now-news.de\/de\/deutschland\/usbekistan-praesident-mirsijojew-laedt-trump-ein-und-nennt-ihn-praesident-des-friedens\/"},"author":{"name":"rtnews","@id":"https:\/\/now-news.de\/de\/#\/schema\/person\/fb534a4e865501d8b3285208df34a9b5"},"headline":"Usbekistan: Pr\u00e4sident Mirsijojew l\u00e4dt Trump ein und nennt ihn &quot;Pr\u00e4sident des Friedens&quot;","datePublished":"2025-11-07T20:21:00+00:00","dateModified":"2025-11-07T20:21:00+00:00","mainEntityOfPage":{"@id":"https:\/\/now-news.de\/de\/deutschland\/usbekistan-praesident-mirsijojew-laedt-trump-ein-und-nennt-ihn-praesident-des-friedens\/"},"wordCount":254,"commentCount":0,"publisher":{"@id":"https:\/\/now-news.de\/de\/#organization"},"image":{"@id":"https:\/\/now-news.de\/de\/deutschland\/usbekistan-praesident-mirsijojew-laedt-trump-ein-und-nennt-ihn-praesident-des-friedens\/#primaryimage"},"thumbnailUrl":"https:\/\/now-news.de\/de\/wp-content\/uploads\/sites\/3\/2025\/11\/Usbekistan-Praesident-Mirsijojew-laedt-Trump-ein-und-nennt-ihn-quotPraesident.jpg","keywords":["des","ein","Friedensquot","ihn","l\u00e4dt","Mirsijojew","nennt","Pr\u00e4sident","quotPr\u00e4sident","trump","und","Usbekistan"],"articleSection":["Deutschland","Russland"],"inLanguage":"de","potentialAction":[{"@type":"CommentAction","name":"Comment","target":["https:\/\/now-news.de\/de\/deutschland\/usbekistan-praesident-mirsijojew-laedt-trump-ein-und-nennt-ihn-praesident-des-friedens\/#respond"]}]},{"@type":"WebPage","@id":"https:\/\/now-news.de\/de\/deutschland\/usbekistan-praesident-mirsijojew-laedt-trump-ein-und-nennt-ihn-praesident-des-friedens\/","url":"https:\/\/now-news.de\/de\/deutschland\/usbekistan-praesident-mirsijojew-laedt-trump-ein-und-nennt-ihn-praesident-des-friedens\/","name":"Usbekistan: Pr\u00e4sident Mirsijojew l\u00e4dt Trump ein und nennt ihn &quot;Pr\u00e4sident des Friedens&quot; - just-now.NEWS Deutschland","isPartOf":{"@id":"https:\/\/now-news.de\/de\/#website"},"primaryImageOfPage":{"@id":"https:\/\/now-news.de\/de\/deutschland\/usbekistan-praesident-mirsijojew-laedt-trump-ein-und-nennt-ihn-praesident-des-friedens\/#primaryimage"},"image":{"@id":"https:\/\/now-news.de\/de\/deutschland\/usbekistan-praesident-mirsijojew-laedt-trump-ein-und-nennt-ihn-praesident-des-friedens\/#primaryimage"},"thumbnailUrl":"https:\/\/now-news.de\/de\/wp-content\/uploads\/sites\/3\/2025\/11\/Usbekistan-Praesident-Mirsijojew-laedt-Trump-ein-und-nennt-ihn-quotPraesident.jpg","datePublished":"2025-11-07T20:21:00+00:00","dateModified":"2025-11-07T20:21:00+00:00","breadcrumb":{"@id":"https:\/\/now-news.de\/de\/deutschland\/usbekistan-praesident-mirsijojew-laedt-trump-ein-und-nennt-ihn-praesident-des-friedens\/#breadcrumb"},"inLanguage":"de","potentialAction":[{"@type":"ReadAction","target":["https:\/\/now-news.de\/de\/deutschland\/usbekistan-praesident-mirsijojew-laedt-trump-ein-und-nennt-ihn-praesident-des-friedens\/"]}]},{"@type":"ImageObject","inLanguage":"de","@id":"https:\/\/now-news.de\/de\/deutschland\/usbekistan-praesident-mirsijojew-laedt-trump-ein-und-nennt-ihn-praesident-des-friedens\/#primaryimage","url":"https:\/\/now-news.de\/de\/wp-content\/uploads\/sites\/3\/2025\/11\/Usbekistan-Praesident-Mirsijojew-laedt-Trump-ein-und-nennt-ihn-quotPraesident.jpg","contentUrl":"https:\/\/now-news.de\/de\/wp-content\/uploads\/sites\/3\/2025\/11\/Usbekistan-Praesident-Mirsijojew-laedt-Trump-ein-und-nennt-ihn-quotPraesident.jpg","width":460,"height":259,"caption":"Usbekistan: Pr\u00e4sident Mirsijojew l\u00e4dt Trump ein und nennt ihn &quot;Pr\u00e4sident des Friedens&quot;"},{"@type":"BreadcrumbList","@id":"https:\/\/now-news.de\/de\/deutschland\/usbekistan-praesident-mirsijojew-laedt-trump-ein-und-nennt-ihn-praesident-des-friedens\/#breadcrumb","itemListElement":[{"@type":"ListItem","position":1,"name":"Home","item":"https:\/\/now-news.de\/de\/"},{"@type":"ListItem","position":2,"name":"Usbekistan: Pr\u00e4sident Mirsijojew l\u00e4dt Trump ein und nennt ihn &quot;Pr\u00e4sident des Friedens&quot;"}]},{"@type":"WebSite","@id":"https:\/\/now-news.de\/de\/#website","url":"https:\/\/now-news.de\/de\/","name":"just-now.NEWS Deutschland","description":"Das Portal f\u00fcr unzensierte Nachrichten aus der Welt","publisher":{"@id":"https:\/\/now-news.de\/de\/#organization"},"potentialAction":[{"@type":"SearchAction","target":{"@type":"EntryPoint","urlTemplate":"https:\/\/now-news.de\/de\/?s={search_term_string}"},"query-input":"required name=search_term_string"}],"inLanguage":"de"},{"@type":"Organization","@id":"https:\/\/now-news.de\/de\/#organization","name":"Just Now News","url":"https:\/\/now-news.de\/de\/","logo":{"@type":"ImageObject","inLanguage":"de","@id":"https:\/\/now-news.de\/de\/#\/schema\/logo\/image\/","url":"http:\/\/just-now.news\/de\/wp-content\/uploads\/sites\/3\/2022\/04\/logo500x500.jpg","contentUrl":"http:\/\/just-now.news\/de\/wp-content\/uploads\/sites\/3\/2022\/04\/logo500x500.jpg","width":500,"height":500,"caption":"Just Now News"},"image":{"@id":"https:\/\/now-news.de\/de\/#\/schema\/logo\/image\/"},"sameAs":["https:\/\/www.facebook.com\/wirmachenauf","https:\/\/x.com\/WirMachenAuf_de"]},{"@type":"Person","@id":"https:\/\/now-news.de\/de\/#\/schema\/person\/fb534a4e865501d8b3285208df34a9b5","name":"rtnews","image":{"@type":"ImageObject","inLanguage":"de","@id":"https:\/\/now-news.de\/de\/#\/schema\/person\/image\/","url":"https:\/\/secure.gravatar.com\/avatar\/82aafea7d8127119dd649515f56e2117?s=96&d=mm&r=g","contentUrl":"https:\/\/secure.gravatar.com\/avatar\/82aafea7d8127119dd649515f56e2117?s=96&d=mm&r=g","caption":"rtnews"},"url":"https:\/\/now-news.de\/de\/author\/rnews\/"}]}},"_links":{"self":[{"href":"https:\/\/now-news.de\/de\/wp-json\/wp\/v2\/posts\/93501"}],"collection":[{"href":"https:\/\/now-news.de\/de\/wp-json\/wp\/v2\/posts"}],"about":[{"href":"https:\/\/now-news.de\/de\/wp-json\/wp\/v2\/types\/post"}],"author":[{"embeddable":true,"href":"https:\/\/now-news.de\/de\/wp-json\/wp\/v2\/users\/3"}],"replies":[{"embeddable":true,"href":"https:\/\/now-news.de\/de\/wp-json\/wp\/v2\/comments?post=93501"}],"version-history":[{"count":0,"href":"https:\/\/now-news.de\/de\/wp-json\/wp\/v2\/posts\/93501\/revisions"}],"wp:featuredmedia":[{"embeddable":true,"href":"https:\/\/now-news.de\/de\/wp-json\/wp\/v2\/media\/93502"}],"wp:attachment":[{"href":"https:\/\/now-news.de\/de\/wp-json\/wp\/v2\/media?parent=93501"}],"wp:term":[{"taxonomy":"category","embeddable":true,"href":"https:\/\/now-news.de\/de\/wp-json\/wp\/v2\/categories?post=93501"},{"taxonomy":"post_tag","embeddable":true,"href":"https:\/\/now-news.de\/de\/wp-json\/wp\/v2\/tags?post=93501"}],"curies":[{"name":"wp","href":"https:\/\/api.w.org\/{rel}","templated":true}]}}