{"id":93475,"date":"2025-11-07T14:37:41","date_gmt":"2025-11-07T12:37:41","guid":{"rendered":"https:\/\/now-news.de\/de\/deutschland\/protest-gegen-einladung-ins-kanzleramt-kurdische-gemeinde-stellt-strafanzeige-gegen-al-scharaa\/"},"modified":"2025-11-07T14:37:41","modified_gmt":"2025-11-07T12:37:41","slug":"protest-gegen-einladung-ins-kanzleramt-kurdische-gemeinde-stellt-strafanzeige-gegen-al-scharaa","status":"publish","type":"post","link":"https:\/\/now-news.de\/de\/deutschland\/protest-gegen-einladung-ins-kanzleramt-kurdische-gemeinde-stellt-strafanzeige-gegen-al-scharaa\/","title":{"rendered":"Protest gegen Einladung ins Kanzleramt: Kurdische Gemeinde stellt Strafanzeige gegen al-Scharaa"},"content":{"rendered":"<p><img decoding=\"async\" src=\"https:\/\/now-news.de\/de\/wp-content\/uploads\/sites\/3\/2025\/11\/690dd31ab480cc4f1302f519.jpg\" \/><\/p>\n<div class=\"Text-root Text-type_1 \">\n                Die Kurdische Gemeinde Deutschland (KGD) hat Strafanzeige gegen den syrischen \u00dcbergangspr\u00e4sidenten Ahmed al-Scharaa beim Generalbundesanwalt in Karlsruhe gestellt. Der Protest richtet sich auch gegen den bevorstehenden Besuch al-Scharaas im Kanzleramt.\n            <\/div>\n<p><\/p>\n<div class=\"Text-root Text-type_5 ArticleView-text ViewText-root \">\n<p>Auf der Plattform X teilte die KGD am Donnerstag mit, sie habe gegen den &#8220;Dschihadistenf\u00fchrer Ahmed Al-Shara&#8221; (&#8220;Abu Muhammad al-Jolani&#8221;) wegen V\u00f6lkermordes und schwerster Kriegsverbrechen die Einleitung eines Ermittlungsverfahrens nach dem V\u00f6lkerstrafgesetzbuch beantragt. Des Weiteren warf die kurdische Organisation al-Scharaa Verbrechen gegen die Menschlichkeit und Zugeh\u00f6rigkeit zu einer Terrororganisation vor. Ihr zufolge gilt der auch unter dem Namen al-Dscholani bekannte islamistische Politiker &#8220;als einer der Mitveranwortlichen f\u00fcr den V\u00f6lkermord an den Jesidinnen und Jesiden&#8221; im Jahr 2014. Er sei auch f\u00fcr weitere ethnisch-religi\u00f6se Verbrechen in Syrien verantwortlich. Die Anzeige ist durch Mehmet Tanriverdi, den stellvertretenden Vorsitzenden der KGD,\u00a0<a rel=\"nofollow noopener\" target=\"_blank\" href=\"https:\/\/x.com\/KGDOnline\/status\/1986398991215411243\">erfolgt<\/a>.<\/p>\n<p>Erst am Dienstag war bekannt geworden, dass Bundeskanzler Friedrich Merz al-Scharaa nach Deutschland eingeladen hat, um mit ihm \u00fcber die R\u00fcckf\u00fchrung syrischer Fl\u00fcchtlinge zu sprechen (<em>RT DE<\/em>\u00a0<a rel=\"nofollow noopener\" target=\"_blank\" href=\"https:\/\/freedert.online\/inland\/260741-merz-kontert-wadephul-und-laedt\/\">berichtete<\/a>). Dieser Einladung <a rel=\"nofollow noopener\" target=\"_blank\" href=\"https:\/\/freedert.online\/der-nahe-osten\/260455-wadephul-syrische-migranten-koennen-wegen\/\">vorausgegangen<\/a> war Ende Oktober ein Besuch des deutschen Au\u00dfenministers Johann Wadephul (CDU) in Damaskus. Die Begegnung verlief herzlich, wie die Wochenzeitung <em>Junge Freiheit<\/em>\u00a0<a rel=\"nofollow noopener\" target=\"_blank\" href=\"https:\/\/jungefreiheit.de\/politik\/deutschland\/2025\/strafanzeige-wegen-voelkermordes-gegen-syriens-praesidenten\/\">feststellte<\/a>. Bei ihrem Besuch im Januar 2025 dagegen hatte Machthaber al-Scharaa der damaligen Au\u00dfenministerin Annalena Baerbock noch den Handschlag <a rel=\"nofollow noopener\" target=\"_blank\" href=\"https:\/\/freedert.online\/kurzclips\/video\/231815-damaskus-baerbock-schuettelt-sich-selbst\/\">verweigert<\/a>.<\/p>\n<p>Gegen die Einladung al-Scharaas ins Kanzleramt legt nun die Interessenvertretung der Kurden in Deutschland Protest ein. Sie sei inakzeptabel und werfe &#8220;schwerwiegende menschenrechtliche und politische Fragen auf&#8221;, <a rel=\"nofollow noopener\" target=\"_blank\" href=\"https:\/\/x.com\/KGDOnline\/status\/1986061334413287749\">hei\u00dft es<\/a> auf X. Ahmed al-Scharaa besitze keinerlei demokratische Legitimation, er k\u00f6nne nicht als Staatspr\u00e4sident Syriens betrachtet werden. Die Bundesregierung d\u00fcrfe keinesfalls &#8220;einen ehemaligen Dschihadisten und Kriegsverbrecher&#8221; durch einen Empfang im Bundeskanzleramt legitimieren.<\/p>\n<p>Die KGB wirft al-Scharaa vor, in Syrien f\u00fcr &#8220;gezielte Morde, Verschleppungen und die systematische Zerst\u00f6rung von D\u00f6rfern&#8221; verantwortlich zu sein. Insbesondere religi\u00f6se Minderheiten und marginalisierte Gemeinschaften lasse er mittels seiner Milizen bek\u00e4mpfen. Unter seinen Opfern seien auch Frauen und Kinder. Dass al-Scharaa mittlerweile einen Anzug trage, \u00e4ndere nichts an den &#8220;blutigen H\u00e4nden&#8221; des syrischen Islamistenf\u00fchrers. Er geh\u00f6re &#8220;vor ein Strafgericht, nicht auf den roten Teppich&#8221;.<\/p>\n<div class=\"EmbedBlock-root EmbedBlock-twitter\">\n<div class=\"TwitterEmbed\">\n<blockquote class=\"twitter-tweet lazyload\" data-twitter=\"twitter-tweet\">\n<p lang=\"de\" dir=\"ltr\">Die Einladung des syrischen \u00dcbergangspr\u00e4sidenten Al-Scharaa nach Berlin ist inakzeptabel und wirft schwerwiegende menschenrechtliche und politische Fragen auf. Al-Scharaa ist nachweislich verantwortlich f\u00fcr gezielte Morde, Verschleppungen und die systematische Zerst\u00f6rung von\u2026 <a rel=\"nofollow noopener\" target=\"_blank\" href=\"https:\/\/t.co\/FVkuTZBEzj\">pic.twitter.com\/FVkuTZBEzj<\/a><\/p>\n<p>\u2014 Kurdische Gemeinde Deutschland \u2600 (@KGDOnline) <a rel=\"nofollow noopener\" target=\"_blank\" href=\"https:\/\/twitter.com\/KGDOnline\/status\/1986061334413287749?ref_src=twsrc%5Etfw\">November 5, 2025<\/a><\/p><\/blockquote>\n<\/div>\n<\/div>\n<p>Die Kurden-Vertretung fordert die Bundesregierung dementsprechend dazu auf, die Einladung sofort zur\u00fcckzuziehen. Anstelle diplomatischer Gesten seien ein Ermittlungsverfahren und ein Internationaler Haftbefehl gegen al-Scharaa angebracht. Sollte al-Scharaa nach Deutschland einreisen, m\u00fcsse er sofort festgenommen werden.<\/p>\n<p>In einer Pressemitteilung <a rel=\"nofollow noopener\" target=\"_blank\" href=\"https:\/\/kurdische-gemeinde.de\/kurdische-gemeinde-deutschland-stellt-strafanzeige-gegen-dschihadistenfuehrer-ahmed-al-shara-abu-muhammad-al-jolani-wegen-voelkermordes-und-schwerster-kriegsverbrechen\/\">teilte<\/a> der Anzeigensteller Mehmet Tanriverdi des Weiteren mit, dass er die Anzeige auch im Namen zahlreicher Betroffener eingereicht habe, die durch dschihadistische Milizen Angeh\u00f6rige verloren h\u00e4tten. Ahmed al-Scharaa sei nicht nur f\u00fcr islamistische Untaten in Syrien, sondern auch im Irak verantwortlich. Nach Einsch\u00e4tzung der UN und weiterer internationaler Organisationen m\u00fcsse er als eine der F\u00fchrungspers\u00f6nlichkeiten des Islamischen Staats w\u00e4hrend des V\u00f6lkermords an den Jesiden gelten. V\u00f6lkermord d\u00fcrfe niemals folgenlos bleiben. Man erwarte von der Bundesregierung ein entsprechendes Signal. Deutschland habe &#8220;mit dem Weltrechtsprinzip die M\u00f6glichkeit \u2013 und die Pflicht \u2013 solche T\u00e4ter strafrechtlich zu verfolgen, unabh\u00e4ngig davon, wo die Verbrechen begangen wurden&#8221;, so Tanriverdi weiter.<\/p>\n<p>Von einer Stellungnahme des Ausw\u00e4rtigen Amtes oder von Bundeskanzler Friedrich Merz zu den Vorhaltungen der Kurdischen Gemeinde Deutschlands ist nichts bekannt. Die letzte Pressemitteilung des Ausw\u00e4rtigen Amtes zu Syrien ist vom 4. November. Darin <a rel=\"nofollow noopener\" target=\"_blank\" href=\"https:\/\/www.bundesregierung.de\/breg-de\/aktuelles\/unterstuetzung-syrien-2325592\">hei\u00dft es<\/a>, die Bundesregierung unterst\u00fctze den \u00dcbergangsprozess in Syrien weiter. Die Menschenrechte, insbesondere die Rechte von Frauen, m\u00fcssten gewahrt werden.<\/p>\n<p>In M\u00e4rz kam es in der K\u00fcstenregion Latakia zu einem Massaker an der alewitischen Minderheit. An den Morden waren dschihadistische Milizen beteiligt, die im Dienst der neuen Regierung in Damaskus als Sicherheitskr\u00e4fte stehen. Nach <a rel=\"nofollow noopener\" target=\"_blank\" href=\"https:\/\/freedert.online\/der-nahe-osten\/249479-reuters-recherche-syrische-streitkraefte-neuen\/\">Angaben<\/a> von <em>Reuters<\/em> wurden innerhalb weniger Wochen etwa 1.500 wehrlose Zivilisten get\u00f6tet, darunter Frauen und Kinder. In manchen F\u00e4llen wurden ganze Familien ausgel\u00f6scht. Der Interimspr\u00e4sident al-Scharaa rief nach Beginn der Pogrome zur Einheit des Landes auf und versprach Aufkl\u00e4rung der Verbrechen. Internationale Reaktionen auf die in vielen Videos dokumentierten Massaker blieben aus. Bis heute werden aus Syrien gegelm\u00e4\u00dfig Morde an Vertretern religi\u00f6ser Minderheiten <a rel=\"nofollow noopener\" target=\"_blank\" href=\"https:\/\/t.me\/Oleg_Blokhin\/74324\">gemeldet<\/a>.\u00a0<\/p>\n<p><strong>Mehr zum Thema<\/strong>\u00a0<strong>\u2013<\/strong>\u00a0<a rel=\"nofollow noopener\" target=\"_blank\" href=\"https:\/\/freedert.online\/der-nahe-osten\/239366-nach-massaker-in-latakia-fliehen\/\">Nach dem Massaker in Latakia fliehen Tausende Syrer in den Libanon<\/a><\/p>\n<div class=\"EmbedBlock-root EmbedBlock-externalVideo EmbedBlock-rumble\">\n<div class=\"VkEmbed\"><iframe class=\"lazyload\" data-src=\"https:\/\/rumble.com\/embed\/v6skx3x\" frameborder=\"0\" width=\"853\" height=\"480\" allowfullscreen><\/iframe><\/div>\n<\/div>\n<\/div>\n<p><script async src=\"https:\/\/platform.twitter.com\/widgets.js\" charset=\"utf-8\"><\/script><br \/>\n<br \/><br \/>\n<br \/><a href=\"https:\/\/de.rt.com\/international\/261051-protest-gegen-einladung-ins-kanzleramt-kurdische-gemeinde-stellt-strafanzeige-gegen-al-scharaa\/\">Source link <\/a><\/p>\n","protected":false},"excerpt":{"rendered":"<p>Die Kurdische Gemeinde Deutschland (KGD) hat Strafanzeige gegen den syrischen \u00dcbergangspr\u00e4sidenten Ahmed al-Scharaa beim Generalbundesanwalt in Karlsruhe gestellt. Der Protest richtet sich auch gegen den bevorstehenden Besuch al-Scharaas im Kanzleramt. Auf der Plattform X teilte die KGD am Donnerstag mit, sie habe gegen den &#8220;Dschihadistenf\u00fchrer Ahmed Al-Shara&#8221; (&#8220;Abu Muhammad al-Jolani&#8221;) wegen V\u00f6lkermordes und schwerster Kriegsverbrechen [&hellip;]<\/p>\n","protected":false},"author":3,"featured_media":93476,"comment_status":"open","ping_status":"open","sticky":false,"template":"","format":"standard","meta":{"_yoast_indexnow_last_ping":["1762519455"],"wp_automatic_camp":["217"],"ac9cd78fc56b4cc3382f3f4d963728ab":["Protest gegen Einladung ins Kanzleramt: Kurdische Gemeinde stellt Strafanzeige gegen al-Scharaa"],"original_link":["https:\/\/de.rt.com\/international\/261051-protest-gegen-einladung-ins-kanzleramt-kurdische-gemeinde-stellt-strafanzeige-gegen-al-scharaa\/"],"_thumbnail_id":["93476"],"jnews_social_counter_last_update":["1777612610"],"_wptgpro_p2tg_sent2tg":["a:1:{i:23737;s:19:\"2025-11-07 14:45:23\";}"]},"categories":[19,23],"tags":[68868,23458,278,2645,1678,28541,1899,3823,15979,31789],"yoast_head":"<!-- This site is optimized with the Yoast SEO Premium plugin v22.7 (Yoast SEO v22.7) - https:\/\/yoast.com\/wordpress\/plugins\/seo\/ -->\n<title>Protest gegen Einladung ins Kanzleramt: Kurdische Gemeinde stellt Strafanzeige gegen al-Scharaa - just-now.NEWS Deutschland<\/title>\n<meta name=\"robots\" content=\"index, follow, max-snippet:-1, max-image-preview:large, max-video-preview:-1\" \/>\n<link rel=\"canonical\" href=\"https:\/\/now-news.de\/de\/deutschland\/protest-gegen-einladung-ins-kanzleramt-kurdische-gemeinde-stellt-strafanzeige-gegen-al-scharaa\/\" \/>\n<meta property=\"og:locale\" content=\"de_DE\" \/>\n<meta property=\"og:type\" content=\"article\" \/>\n<meta property=\"og:title\" content=\"Protest gegen Einladung ins Kanzleramt: Kurdische Gemeinde stellt Strafanzeige gegen al-Scharaa\" \/>\n<meta property=\"og:description\" content=\"Die Kurdische Gemeinde Deutschland (KGD) hat Strafanzeige gegen den syrischen \u00dcbergangspr\u00e4sidenten Ahmed al-Scharaa beim Generalbundesanwalt in Karlsruhe gestellt. Der Protest richtet sich auch gegen den bevorstehenden Besuch al-Scharaas im Kanzleramt. Auf der Plattform X teilte die KGD am Donnerstag mit, sie habe gegen den &#8220;Dschihadistenf\u00fchrer Ahmed Al-Shara&#8221; (&#8220;Abu Muhammad al-Jolani&#8221;) wegen V\u00f6lkermordes und schwerster Kriegsverbrechen [&hellip;]\" \/>\n<meta property=\"og:url\" content=\"https:\/\/now-news.de\/de\/deutschland\/protest-gegen-einladung-ins-kanzleramt-kurdische-gemeinde-stellt-strafanzeige-gegen-al-scharaa\/\" \/>\n<meta property=\"og:site_name\" content=\"just-now.NEWS Deutschland\" \/>\n<meta property=\"article:publisher\" content=\"https:\/\/www.facebook.com\/wirmachenauf\" \/>\n<meta property=\"article:published_time\" content=\"2025-11-07T12:37:41+00:00\" \/>\n<meta property=\"og:image\" content=\"https:\/\/now-news.de\/de\/wp-content\/uploads\/sites\/3\/2025\/11\/690dd31ab480cc4f1302f519.jpg\" \/>\n<meta name=\"author\" content=\"rtnews\" \/>\n<meta name=\"twitter:card\" content=\"summary_large_image\" \/>\n<meta name=\"twitter:creator\" content=\"@WirMachenAuf_de\" \/>\n<meta name=\"twitter:site\" content=\"@WirMachenAuf_de\" \/>\n<meta name=\"twitter:label1\" content=\"Verfasst von\" \/>\n\t<meta name=\"twitter:data1\" content=\"rtnews\" \/>\n\t<meta name=\"twitter:label2\" content=\"Gesch\u00e4tzte Lesezeit\" \/>\n\t<meta name=\"twitter:data2\" content=\"4\u00a0Minuten\" \/>\n<script type=\"application\/ld+json\" class=\"yoast-schema-graph\">{\"@context\":\"https:\/\/schema.org\",\"@graph\":[{\"@type\":\"Article\",\"@id\":\"https:\/\/now-news.de\/de\/deutschland\/protest-gegen-einladung-ins-kanzleramt-kurdische-gemeinde-stellt-strafanzeige-gegen-al-scharaa\/#article\",\"isPartOf\":{\"@id\":\"https:\/\/now-news.de\/de\/deutschland\/protest-gegen-einladung-ins-kanzleramt-kurdische-gemeinde-stellt-strafanzeige-gegen-al-scharaa\/\"},\"author\":{\"name\":\"rtnews\",\"@id\":\"https:\/\/now-news.de\/de\/#\/schema\/person\/fb534a4e865501d8b3285208df34a9b5\"},\"headline\":\"Protest gegen Einladung ins Kanzleramt: Kurdische Gemeinde stellt Strafanzeige gegen al-Scharaa\",\"datePublished\":\"2025-11-07T12:37:41+00:00\",\"dateModified\":\"2025-11-07T12:37:41+00:00\",\"mainEntityOfPage\":{\"@id\":\"https:\/\/now-news.de\/de\/deutschland\/protest-gegen-einladung-ins-kanzleramt-kurdische-gemeinde-stellt-strafanzeige-gegen-al-scharaa\/\"},\"wordCount\":744,\"commentCount\":0,\"publisher\":{\"@id\":\"https:\/\/now-news.de\/de\/#organization\"},\"image\":{\"@id\":\"https:\/\/now-news.de\/de\/deutschland\/protest-gegen-einladung-ins-kanzleramt-kurdische-gemeinde-stellt-strafanzeige-gegen-al-scharaa\/#primaryimage\"},\"thumbnailUrl\":\"https:\/\/now-news.de\/de\/wp-content\/uploads\/sites\/3\/2025\/11\/Protest-gegen-Einladung-ins-Kanzleramt-Kurdische-Gemeinde-stellt-Strafanzeige-gegen.jpg\",\"keywords\":[\"alScharaa\",\"Einladung\",\"gegen\",\"gemeinde\",\"ins\",\"Kanzleramt\",\"kurdische\",\"Protest\",\"stellt\",\"Strafanzeige\"],\"articleSection\":[\"Deutschland\",\"Russland\"],\"inLanguage\":\"de\",\"potentialAction\":[{\"@type\":\"CommentAction\",\"name\":\"Comment\",\"target\":[\"https:\/\/now-news.de\/de\/deutschland\/protest-gegen-einladung-ins-kanzleramt-kurdische-gemeinde-stellt-strafanzeige-gegen-al-scharaa\/#respond\"]}]},{\"@type\":\"WebPage\",\"@id\":\"https:\/\/now-news.de\/de\/deutschland\/protest-gegen-einladung-ins-kanzleramt-kurdische-gemeinde-stellt-strafanzeige-gegen-al-scharaa\/\",\"url\":\"https:\/\/now-news.de\/de\/deutschland\/protest-gegen-einladung-ins-kanzleramt-kurdische-gemeinde-stellt-strafanzeige-gegen-al-scharaa\/\",\"name\":\"Protest gegen Einladung ins Kanzleramt: Kurdische Gemeinde stellt Strafanzeige gegen al-Scharaa - just-now.NEWS Deutschland\",\"isPartOf\":{\"@id\":\"https:\/\/now-news.de\/de\/#website\"},\"primaryImageOfPage\":{\"@id\":\"https:\/\/now-news.de\/de\/deutschland\/protest-gegen-einladung-ins-kanzleramt-kurdische-gemeinde-stellt-strafanzeige-gegen-al-scharaa\/#primaryimage\"},\"image\":{\"@id\":\"https:\/\/now-news.de\/de\/deutschland\/protest-gegen-einladung-ins-kanzleramt-kurdische-gemeinde-stellt-strafanzeige-gegen-al-scharaa\/#primaryimage\"},\"thumbnailUrl\":\"https:\/\/now-news.de\/de\/wp-content\/uploads\/sites\/3\/2025\/11\/Protest-gegen-Einladung-ins-Kanzleramt-Kurdische-Gemeinde-stellt-Strafanzeige-gegen.jpg\",\"datePublished\":\"2025-11-07T12:37:41+00:00\",\"dateModified\":\"2025-11-07T12:37:41+00:00\",\"breadcrumb\":{\"@id\":\"https:\/\/now-news.de\/de\/deutschland\/protest-gegen-einladung-ins-kanzleramt-kurdische-gemeinde-stellt-strafanzeige-gegen-al-scharaa\/#breadcrumb\"},\"inLanguage\":\"de\",\"potentialAction\":[{\"@type\":\"ReadAction\",\"target\":[\"https:\/\/now-news.de\/de\/deutschland\/protest-gegen-einladung-ins-kanzleramt-kurdische-gemeinde-stellt-strafanzeige-gegen-al-scharaa\/\"]}]},{\"@type\":\"ImageObject\",\"inLanguage\":\"de\",\"@id\":\"https:\/\/now-news.de\/de\/deutschland\/protest-gegen-einladung-ins-kanzleramt-kurdische-gemeinde-stellt-strafanzeige-gegen-al-scharaa\/#primaryimage\",\"url\":\"https:\/\/now-news.de\/de\/wp-content\/uploads\/sites\/3\/2025\/11\/Protest-gegen-Einladung-ins-Kanzleramt-Kurdische-Gemeinde-stellt-Strafanzeige-gegen.jpg\",\"contentUrl\":\"https:\/\/now-news.de\/de\/wp-content\/uploads\/sites\/3\/2025\/11\/Protest-gegen-Einladung-ins-Kanzleramt-Kurdische-Gemeinde-stellt-Strafanzeige-gegen.jpg\",\"width\":460,\"height\":259,\"caption\":\"Protest gegen Einladung ins Kanzleramt: Kurdische Gemeinde stellt Strafanzeige gegen al-Scharaa\"},{\"@type\":\"BreadcrumbList\",\"@id\":\"https:\/\/now-news.de\/de\/deutschland\/protest-gegen-einladung-ins-kanzleramt-kurdische-gemeinde-stellt-strafanzeige-gegen-al-scharaa\/#breadcrumb\",\"itemListElement\":[{\"@type\":\"ListItem\",\"position\":1,\"name\":\"Home\",\"item\":\"https:\/\/now-news.de\/de\/\"},{\"@type\":\"ListItem\",\"position\":2,\"name\":\"Protest gegen Einladung ins Kanzleramt: Kurdische Gemeinde stellt Strafanzeige gegen al-Scharaa\"}]},{\"@type\":\"WebSite\",\"@id\":\"https:\/\/now-news.de\/de\/#website\",\"url\":\"https:\/\/now-news.de\/de\/\",\"name\":\"just-now.NEWS Deutschland\",\"description\":\"Das Portal f\u00fcr unzensierte Nachrichten aus der Welt\",\"publisher\":{\"@id\":\"https:\/\/now-news.de\/de\/#organization\"},\"potentialAction\":[{\"@type\":\"SearchAction\",\"target\":{\"@type\":\"EntryPoint\",\"urlTemplate\":\"https:\/\/now-news.de\/de\/?s={search_term_string}\"},\"query-input\":\"required name=search_term_string\"}],\"inLanguage\":\"de\"},{\"@type\":\"Organization\",\"@id\":\"https:\/\/now-news.de\/de\/#organization\",\"name\":\"Just Now News\",\"url\":\"https:\/\/now-news.de\/de\/\",\"logo\":{\"@type\":\"ImageObject\",\"inLanguage\":\"de\",\"@id\":\"https:\/\/now-news.de\/de\/#\/schema\/logo\/image\/\",\"url\":\"http:\/\/just-now.news\/de\/wp-content\/uploads\/sites\/3\/2022\/04\/logo500x500.jpg\",\"contentUrl\":\"http:\/\/just-now.news\/de\/wp-content\/uploads\/sites\/3\/2022\/04\/logo500x500.jpg\",\"width\":500,\"height\":500,\"caption\":\"Just Now News\"},\"image\":{\"@id\":\"https:\/\/now-news.de\/de\/#\/schema\/logo\/image\/\"},\"sameAs\":[\"https:\/\/www.facebook.com\/wirmachenauf\",\"https:\/\/x.com\/WirMachenAuf_de\"]},{\"@type\":\"Person\",\"@id\":\"https:\/\/now-news.de\/de\/#\/schema\/person\/fb534a4e865501d8b3285208df34a9b5\",\"name\":\"rtnews\",\"image\":{\"@type\":\"ImageObject\",\"inLanguage\":\"de\",\"@id\":\"https:\/\/now-news.de\/de\/#\/schema\/person\/image\/\",\"url\":\"https:\/\/secure.gravatar.com\/avatar\/82aafea7d8127119dd649515f56e2117?s=96&d=mm&r=g\",\"contentUrl\":\"https:\/\/secure.gravatar.com\/avatar\/82aafea7d8127119dd649515f56e2117?s=96&d=mm&r=g\",\"caption\":\"rtnews\"},\"url\":\"https:\/\/now-news.de\/de\/author\/rnews\/\"}]}<\/script>\n<!-- \/ Yoast SEO Premium plugin. -->","yoast_head_json":{"title":"Protest gegen Einladung ins Kanzleramt: Kurdische Gemeinde stellt Strafanzeige gegen al-Scharaa - just-now.NEWS Deutschland","robots":{"index":"index","follow":"follow","max-snippet":"max-snippet:-1","max-image-preview":"max-image-preview:large","max-video-preview":"max-video-preview:-1"},"canonical":"https:\/\/now-news.de\/de\/deutschland\/protest-gegen-einladung-ins-kanzleramt-kurdische-gemeinde-stellt-strafanzeige-gegen-al-scharaa\/","og_locale":"de_DE","og_type":"article","og_title":"Protest gegen Einladung ins Kanzleramt: Kurdische Gemeinde stellt Strafanzeige gegen al-Scharaa","og_description":"Die Kurdische Gemeinde Deutschland (KGD) hat Strafanzeige gegen den syrischen \u00dcbergangspr\u00e4sidenten Ahmed al-Scharaa beim Generalbundesanwalt in Karlsruhe gestellt. Der Protest richtet sich auch gegen den bevorstehenden Besuch al-Scharaas im Kanzleramt. Auf der Plattform X teilte die KGD am Donnerstag mit, sie habe gegen den &#8220;Dschihadistenf\u00fchrer Ahmed Al-Shara&#8221; (&#8220;Abu Muhammad al-Jolani&#8221;) wegen V\u00f6lkermordes und schwerster Kriegsverbrechen [&hellip;]","og_url":"https:\/\/now-news.de\/de\/deutschland\/protest-gegen-einladung-ins-kanzleramt-kurdische-gemeinde-stellt-strafanzeige-gegen-al-scharaa\/","og_site_name":"just-now.NEWS Deutschland","article_publisher":"https:\/\/www.facebook.com\/wirmachenauf","article_published_time":"2025-11-07T12:37:41+00:00","og_image":[{"url":"https:\/\/now-news.de\/de\/wp-content\/uploads\/sites\/3\/2025\/11\/690dd31ab480cc4f1302f519.jpg"}],"author":"rtnews","twitter_card":"summary_large_image","twitter_creator":"@WirMachenAuf_de","twitter_site":"@WirMachenAuf_de","twitter_misc":{"Verfasst von":"rtnews","Gesch\u00e4tzte Lesezeit":"4\u00a0Minuten"},"schema":{"@context":"https:\/\/schema.org","@graph":[{"@type":"Article","@id":"https:\/\/now-news.de\/de\/deutschland\/protest-gegen-einladung-ins-kanzleramt-kurdische-gemeinde-stellt-strafanzeige-gegen-al-scharaa\/#article","isPartOf":{"@id":"https:\/\/now-news.de\/de\/deutschland\/protest-gegen-einladung-ins-kanzleramt-kurdische-gemeinde-stellt-strafanzeige-gegen-al-scharaa\/"},"author":{"name":"rtnews","@id":"https:\/\/now-news.de\/de\/#\/schema\/person\/fb534a4e865501d8b3285208df34a9b5"},"headline":"Protest gegen Einladung ins Kanzleramt: Kurdische Gemeinde stellt Strafanzeige gegen al-Scharaa","datePublished":"2025-11-07T12:37:41+00:00","dateModified":"2025-11-07T12:37:41+00:00","mainEntityOfPage":{"@id":"https:\/\/now-news.de\/de\/deutschland\/protest-gegen-einladung-ins-kanzleramt-kurdische-gemeinde-stellt-strafanzeige-gegen-al-scharaa\/"},"wordCount":744,"commentCount":0,"publisher":{"@id":"https:\/\/now-news.de\/de\/#organization"},"image":{"@id":"https:\/\/now-news.de\/de\/deutschland\/protest-gegen-einladung-ins-kanzleramt-kurdische-gemeinde-stellt-strafanzeige-gegen-al-scharaa\/#primaryimage"},"thumbnailUrl":"https:\/\/now-news.de\/de\/wp-content\/uploads\/sites\/3\/2025\/11\/Protest-gegen-Einladung-ins-Kanzleramt-Kurdische-Gemeinde-stellt-Strafanzeige-gegen.jpg","keywords":["alScharaa","Einladung","gegen","gemeinde","ins","Kanzleramt","kurdische","Protest","stellt","Strafanzeige"],"articleSection":["Deutschland","Russland"],"inLanguage":"de","potentialAction":[{"@type":"CommentAction","name":"Comment","target":["https:\/\/now-news.de\/de\/deutschland\/protest-gegen-einladung-ins-kanzleramt-kurdische-gemeinde-stellt-strafanzeige-gegen-al-scharaa\/#respond"]}]},{"@type":"WebPage","@id":"https:\/\/now-news.de\/de\/deutschland\/protest-gegen-einladung-ins-kanzleramt-kurdische-gemeinde-stellt-strafanzeige-gegen-al-scharaa\/","url":"https:\/\/now-news.de\/de\/deutschland\/protest-gegen-einladung-ins-kanzleramt-kurdische-gemeinde-stellt-strafanzeige-gegen-al-scharaa\/","name":"Protest gegen Einladung ins Kanzleramt: Kurdische Gemeinde stellt Strafanzeige gegen al-Scharaa - just-now.NEWS Deutschland","isPartOf":{"@id":"https:\/\/now-news.de\/de\/#website"},"primaryImageOfPage":{"@id":"https:\/\/now-news.de\/de\/deutschland\/protest-gegen-einladung-ins-kanzleramt-kurdische-gemeinde-stellt-strafanzeige-gegen-al-scharaa\/#primaryimage"},"image":{"@id":"https:\/\/now-news.de\/de\/deutschland\/protest-gegen-einladung-ins-kanzleramt-kurdische-gemeinde-stellt-strafanzeige-gegen-al-scharaa\/#primaryimage"},"thumbnailUrl":"https:\/\/now-news.de\/de\/wp-content\/uploads\/sites\/3\/2025\/11\/Protest-gegen-Einladung-ins-Kanzleramt-Kurdische-Gemeinde-stellt-Strafanzeige-gegen.jpg","datePublished":"2025-11-07T12:37:41+00:00","dateModified":"2025-11-07T12:37:41+00:00","breadcrumb":{"@id":"https:\/\/now-news.de\/de\/deutschland\/protest-gegen-einladung-ins-kanzleramt-kurdische-gemeinde-stellt-strafanzeige-gegen-al-scharaa\/#breadcrumb"},"inLanguage":"de","potentialAction":[{"@type":"ReadAction","target":["https:\/\/now-news.de\/de\/deutschland\/protest-gegen-einladung-ins-kanzleramt-kurdische-gemeinde-stellt-strafanzeige-gegen-al-scharaa\/"]}]},{"@type":"ImageObject","inLanguage":"de","@id":"https:\/\/now-news.de\/de\/deutschland\/protest-gegen-einladung-ins-kanzleramt-kurdische-gemeinde-stellt-strafanzeige-gegen-al-scharaa\/#primaryimage","url":"https:\/\/now-news.de\/de\/wp-content\/uploads\/sites\/3\/2025\/11\/Protest-gegen-Einladung-ins-Kanzleramt-Kurdische-Gemeinde-stellt-Strafanzeige-gegen.jpg","contentUrl":"https:\/\/now-news.de\/de\/wp-content\/uploads\/sites\/3\/2025\/11\/Protest-gegen-Einladung-ins-Kanzleramt-Kurdische-Gemeinde-stellt-Strafanzeige-gegen.jpg","width":460,"height":259,"caption":"Protest gegen Einladung ins Kanzleramt: Kurdische Gemeinde stellt Strafanzeige gegen al-Scharaa"},{"@type":"BreadcrumbList","@id":"https:\/\/now-news.de\/de\/deutschland\/protest-gegen-einladung-ins-kanzleramt-kurdische-gemeinde-stellt-strafanzeige-gegen-al-scharaa\/#breadcrumb","itemListElement":[{"@type":"ListItem","position":1,"name":"Home","item":"https:\/\/now-news.de\/de\/"},{"@type":"ListItem","position":2,"name":"Protest gegen Einladung ins Kanzleramt: Kurdische Gemeinde stellt Strafanzeige gegen al-Scharaa"}]},{"@type":"WebSite","@id":"https:\/\/now-news.de\/de\/#website","url":"https:\/\/now-news.de\/de\/","name":"just-now.NEWS Deutschland","description":"Das Portal f\u00fcr unzensierte Nachrichten aus der Welt","publisher":{"@id":"https:\/\/now-news.de\/de\/#organization"},"potentialAction":[{"@type":"SearchAction","target":{"@type":"EntryPoint","urlTemplate":"https:\/\/now-news.de\/de\/?s={search_term_string}"},"query-input":"required name=search_term_string"}],"inLanguage":"de"},{"@type":"Organization","@id":"https:\/\/now-news.de\/de\/#organization","name":"Just Now News","url":"https:\/\/now-news.de\/de\/","logo":{"@type":"ImageObject","inLanguage":"de","@id":"https:\/\/now-news.de\/de\/#\/schema\/logo\/image\/","url":"http:\/\/just-now.news\/de\/wp-content\/uploads\/sites\/3\/2022\/04\/logo500x500.jpg","contentUrl":"http:\/\/just-now.news\/de\/wp-content\/uploads\/sites\/3\/2022\/04\/logo500x500.jpg","width":500,"height":500,"caption":"Just Now News"},"image":{"@id":"https:\/\/now-news.de\/de\/#\/schema\/logo\/image\/"},"sameAs":["https:\/\/www.facebook.com\/wirmachenauf","https:\/\/x.com\/WirMachenAuf_de"]},{"@type":"Person","@id":"https:\/\/now-news.de\/de\/#\/schema\/person\/fb534a4e865501d8b3285208df34a9b5","name":"rtnews","image":{"@type":"ImageObject","inLanguage":"de","@id":"https:\/\/now-news.de\/de\/#\/schema\/person\/image\/","url":"https:\/\/secure.gravatar.com\/avatar\/82aafea7d8127119dd649515f56e2117?s=96&d=mm&r=g","contentUrl":"https:\/\/secure.gravatar.com\/avatar\/82aafea7d8127119dd649515f56e2117?s=96&d=mm&r=g","caption":"rtnews"},"url":"https:\/\/now-news.de\/de\/author\/rnews\/"}]}},"_links":{"self":[{"href":"https:\/\/now-news.de\/de\/wp-json\/wp\/v2\/posts\/93475"}],"collection":[{"href":"https:\/\/now-news.de\/de\/wp-json\/wp\/v2\/posts"}],"about":[{"href":"https:\/\/now-news.de\/de\/wp-json\/wp\/v2\/types\/post"}],"author":[{"embeddable":true,"href":"https:\/\/now-news.de\/de\/wp-json\/wp\/v2\/users\/3"}],"replies":[{"embeddable":true,"href":"https:\/\/now-news.de\/de\/wp-json\/wp\/v2\/comments?post=93475"}],"version-history":[{"count":0,"href":"https:\/\/now-news.de\/de\/wp-json\/wp\/v2\/posts\/93475\/revisions"}],"wp:featuredmedia":[{"embeddable":true,"href":"https:\/\/now-news.de\/de\/wp-json\/wp\/v2\/media\/93476"}],"wp:attachment":[{"href":"https:\/\/now-news.de\/de\/wp-json\/wp\/v2\/media?parent=93475"}],"wp:term":[{"taxonomy":"category","embeddable":true,"href":"https:\/\/now-news.de\/de\/wp-json\/wp\/v2\/categories?post=93475"},{"taxonomy":"post_tag","embeddable":true,"href":"https:\/\/now-news.de\/de\/wp-json\/wp\/v2\/tags?post=93475"}],"curies":[{"name":"wp","href":"https:\/\/api.w.org\/{rel}","templated":true}]}}