{"id":93467,"date":"2025-11-07T12:51:11","date_gmt":"2025-11-07T10:51:11","guid":{"rendered":"https:\/\/now-news.de\/de\/deutschland\/schrille-spionage-debatte-im-kriegsfall-geht-es-der-afd-an-den-kragen\/"},"modified":"2025-11-07T12:51:11","modified_gmt":"2025-11-07T10:51:11","slug":"schrille-spionage-debatte-im-kriegsfall-geht-es-der-afd-an-den-kragen","status":"publish","type":"post","link":"https:\/\/now-news.de\/de\/deutschland\/schrille-spionage-debatte-im-kriegsfall-geht-es-der-afd-an-den-kragen\/","title":{"rendered":"Schrille Spionage-Debatte: Im Kriegsfall geht es der AfD an den Kragen"},"content":{"rendered":"<p><img decoding=\"async\" src=\"https:\/\/now-news.de\/de\/wp-content\/uploads\/sites\/3\/2025\/11\/690dcf16b480cc25465e7796.jpg\" \/><\/p>\n<div class=\"Text-root Text-type_1 \">\n                Die Altparteien glauben endlich, ein Heilmittel f\u00fcr den nahezu unaufhaltsamen Aufstieg der Alternative f\u00fcr Deutschland gefunden zu haben. Es ist der Vorwurf der Konspiration mit dem russischen Landesfeind.\n            <\/div>\n<p><\/p>\n<div class=\"Text-root Text-type_5 ArticleView-text ViewText-root \">\n<p><em>Von Astrid Sigena und Wladislaw Sankin<\/em><\/p>\n<p>Wenn man am Mittwoch die von den Fraktionen der Regierungsparteien anberaumte Debatte verfolgt hat, h\u00e4tte man meinen k\u00f6nnen, Deutschland befinde sich schon im Krieg mit Russland. &#8220;Auswirkungen des Verh\u00e4ltnisses der AfD zu Russland auf Deutschlands Sicherheitsinteressen\u00a0\u2013 Kein Patriotismus, sondern m\u00f6gliche Gef\u00e4hrdung unserer Sicherheit&#8221; lautete der sperrige Titel. Angeblich gef\u00e4hrdet die AfD durch ihre Russland-Kontakte die deutsche Sicherheit.<\/p>\n<p>Die Gr\u00fcnen wollten in der AfD schon das &#8220;trojanische Pferd&#8221; des Kreml erkennen\u00a0\u2013 versteckt im Inneren des h\u00f6lzernen Pferdes waren die Griechen dereinst in die Festung Troja eingedrungen. Von einer &#8220;russlandtreuen Schl\u00e4ferzelle&#8221; in den Reihen der Rechtskonservativen war vonseiten der CDU die Rede, womit die AfD in die N\u00e4he des Terrorismus ger\u00fcckt wurde (<em>RT\u00a0DE <\/em><a rel=\"nofollow noopener\" target=\"_blank\" href=\"https:\/\/freedert.online\/inland\/260956-russlandtreue-schlaeferzelle-bundestag-debattierte-verhaeltnis\/\">berichtete<\/a>). Besonders alarmierend: Auch die Linke, vertreten durch den Redner Jan K\u00f6stering, <a rel=\"nofollow noopener\" target=\"_blank\" href=\"https:\/\/www.bundestag.de\/dokumente\/textarchiv\/2025\/kw45-de-aktuelle-stunde-russland-1121274\">machte<\/a> bei der Spionage-Hysterie gegen die AfD mit. Sowohl Gr\u00fcne als auch Linke <a rel=\"nofollow noopener\" target=\"_blank\" href=\"https:\/\/www.zdfheute.de\/politik\/deutschland\/afd-russland-spionage-anfragen-bundestag-debatte-100.html\">warben<\/a> f\u00fcr einen Verbotsantrag.<\/p>\n<p>Die AfD-Redner reagierten angesichts der Massivit\u00e4t der Vorw\u00fcrfe verschreckt und meist defensiv. Sie <a rel=\"nofollow noopener\" target=\"_blank\" href=\"https:\/\/freedert.online\/kurzclips\/video\/260973-moskau-moskau-moskau-bundestag-debattiert\/\">verwiesen<\/a> darauf, dass sie l\u00e4ngst verhaftet sein m\u00fcssten, wenn wirklich etwas an den Vorw\u00fcrfen dran w\u00e4re. Au\u00dferdem h\u00e4tte auch die CDU \u00e4hnlich lautende Anfragen zu sicherheitsrelevanten Themen gestellt. Es klang wie das Pfeifen im Walde\u00a0\u2013 denn die Haftbefehle gegen deutsche Oppositionelle d\u00fcrften schnell beantragt und ausgestellt sein, wenn es erst einmal zu Kampfhandlungen gekommen ist; das\u00a0ist zumindest zu bef\u00fcrchten. Die entsprechende Einordnung der AfD als Landesverr\u00e4ter und &#8220;Alternative f\u00fcr Russland&#8221; ist jedenfalls bereits vorhanden.<\/p>\n<p>Andere AfD-Abgeordnete wiesen darauf hin, dass auch Politiker anderer Parteien, insbesondere der SPD, Kontakt mit Russland gepflegt h\u00e4tten\u00a0\u2013 womit sie das Narrativ, wer sich mit Russen treffe, sei kontaminiert, nur noch verst\u00e4rkten. Stephan Brandner pochte sogar darauf, dass es kein einziges Foto eines AfD-Politikers mit dem russischen Pr\u00e4sidenten Wladimir Putin gebe.<\/p>\n<p>Trotz aller gelegentlichen Forschheit merkte man die Angst in den Reihen der AfD. Nicht, weil in der Fraktion tats\u00e4chlich gewiefte Putin-Parteig\u00e4nger und Kreml-Spione s\u00e4\u00dfen, die nun als ertappte S\u00fcnder ihr Schuldbewusstsein nicht verbergen k\u00f6nnten. Tats\u00e4chlich f\u00e4llt es schwer, angesichts der absurden Vorstellung, die AfD bek\u00e4me zu befolgende Anordnungen und Finanzmittel aus Moskau, die Fassung zu bewahren.<\/p>\n<p>Und dennoch muss man diese Vorw\u00fcrfe ernst nehmen, denn sie haben ganz konkrete Folgen: In der Aktuellen Stunde wurde auch erw\u00e4hnt, dass der als russlandfreundlich stigmatisierte Bundestagsabgeordnete Petr Bystron schon die 26. Hausdurchsuchung durchgemacht hat. Zuletzt wegen fadenscheiniger Vorw\u00fcrfe einer Geldannahme mit Russland-Bezug.<\/p>\n<p>Momentan vergeht kaum eine Sitzungswoche, in der nicht einem AfD-Abgeordneten die Immunit\u00e4t aberkannt worden w\u00e4re. Diese Woche war der Bayer Raimond Scheirich dran. Die anschlie\u00dfende Durchsuchung seines B\u00fcros steht wohl in Zusammenhang mit Untreue-Vorw\u00fcrfen, die auch seinen Parteikollegen Andreas Jurca <a rel=\"nofollow noopener\" target=\"_blank\" href=\"https:\/\/www.augsburger-allgemeine.de\/augsburg\/ermittlungen-bundestag-genehmigt-durchsuchungen-bei-afd-abgeordnetem-112734040\">betreffen<\/a> \u2013\u00a0einen AfD-Landtagsabgeordneten und\u00a0\u2013 oh Wunder!\u00a0\u2013 Russland-Fahrer. Jurca hatte im M\u00e4rz vergangenen Jahres die russischen Pr\u00e4sidentschaftswahlen als Demokratie-Experte in Wladiwostok <a rel=\"nofollow noopener\" target=\"_blank\" href=\"https:\/\/freedert.online\/inland\/198768-medienbericht-afd-abgeordnete-wollen-als\/\">begleitet<\/a>.<\/p>\n<p>Dass die AfD selbst mittlerweile diese Vielzahl an Durchsuchungen als abgekartetes Spiel und Repressionsmittel begreift, zeigt sich daran, dass sie im Fall Scheirich der Aufhebung der Immunit\u00e4t <a rel=\"nofollow noopener\" target=\"_blank\" href=\"https:\/\/www.augsburger-allgemeine.de\/augsburg\/ermittlungen-bundestag-genehmigt-durchsuchungen-bei-afd-abgeordnetem-112734040\">nicht zugestimmt hat<\/a>, wie es normalerweise der Fall ist. In den Berliner B\u00fcros der AfD-Abgeordneten geht offenbar die Angst um, man k\u00f6nnte der N\u00e4chste sein. Und dass es irgendwann nicht bei Durchsuchungen von Wohnungen und B\u00fcros bleiben wird. Noch viele weitere Repressionsvarianten sind m\u00f6glich. Das Schicksal der Hamburger AfD-Abgeordneten <a rel=\"nofollow noopener\" target=\"_blank\" href=\"https:\/\/www.youtube.com\/watch?v=SRVtqu8HqQk&amp;t=2277s\">Olga Petersen<\/a>, die mittlerweile zusammen mit ihren Kindern Zuflucht im russischen Exil gefunden hat, haben sicher viele im Hinterkopf.<\/p>\n<p>Angesichts der Rede Gr\u00fcnen-Politikerin Irene Mihalic hatte sich Martin Reichardt, AfD-Abgeordneter aus Sachsen-Anhalt,\u00a0&#8220;von der Hetze her&#8221; an McCarthy-Zeiten <a rel=\"nofollow noopener\" target=\"_blank\" href=\"https:\/\/www.youtube.com\/watch?v=5bF5_Kskmtk\">erinnert gef\u00fchlt<\/a> (Minute 24). Mihalics Parteikollege Omid Nouripour, der als Bundestagsvizepr\u00e4sident die Bundestagssitzung w\u00e4hrend der Aktuellen Stunde leitete, warnte daraufhin schon mal vorsorglich vor &#8220;historischen Vergleichen zu Diktaturen auch der deutschen Geschichte&#8221;. Das war vermutlich auch besser so, denn die historische Einordnung des derzeitigen Umgangs mit der verbliebenen Opposition kann nur wenig schmeichelhaft f\u00fcr die Zust\u00e4nde in der gegenw\u00e4rtigen BRD ausfallen.<\/p>\n<p>Es ist kein Zufall, dass diese Spionagevorw\u00fcrfe jetzt \u00fcberhandnehmen. Zum einen versch\u00e4rfen sich die Spannungen mit Russland immer mehr. Die Merz-Regierung hat den russlandfeindlichen Kurs ihrer Vorg\u00e4ngerregierung noch einmal getoppt und ist voll auf Konfrontationskurs. Zum anderen sieht man offenbar im deutschen Politestablishment durch die Stigmatisierung jeglichen AfD-Kontakts mit Russland eine der wenigen verbliebenen M\u00f6glichkeiten, der verhassten Partei endlich beizukommen, nachdem andere Ma\u00dfnahmen wie die Beobachtung durch den Verfassungsschutz sich als relativ stumpfes Schwert erwiesen haben.<\/p>\n<p>Diese Bek\u00e4mpfungsmethode wird auch relativ offen in der deutschen Medienlandschaft kommuniziert. Der Vorwurf der Spionage mit Russland, insbesondere vonseiten der Union, sei &#8220;nicht so dumm&#8221;, egal ob man ihn unbewusst oder absichtlich gegen die AfD platziere, <a rel=\"nofollow noopener\" target=\"_blank\" href=\"https:\/\/www.welt.de\/politik\/video68ff1581c008edcf0c8548e3\/cdu-auf-konfrontationskurs-das-ist-nicht-so-dumm-man-zielt-auch-auf-interne-kaempfe-innerhalb-der-afd.html\">erl\u00e4uterte<\/a> Gerrit Seebald Ende Oktober in einem Interview mit der <em>Welt<\/em>. Man k\u00f6nne damit auf Richtungsk\u00e4mpfe innerhalb der AfD abzielen (ab Minute 4.30). Wenn man es schaffe, den Burgfrieden innerhalb der AfD zu brechen, k\u00f6nne man dieser Partei Schwierigkeiten bereiten. Auch Barbara Kostolnik vom <em>Bayerischen Rundfunk<\/em>\u00a0<a rel=\"nofollow noopener\" target=\"_blank\" href=\"https:\/\/www.br.de\/nachrichten\/deutschland-welt\/angriff-auf-die-afd-koalition-plant-haertere-gangart,V1hhZP9\">glaubt<\/a>, in den Spionagevorw\u00fcrfen gegen die AfD die Strategie einer &#8220;h\u00e4rteren Gangart&#8221; erkennen zu k\u00f6nnen (kritisiert allerdings, dass man sich innerhalb der Koalition immer noch nicht \u00fcber ein Parteienverbot einig ist).<\/p>\n<p>Die Aktuelle Stunde im Bundestag war daher nur der (bisherige) Gipfelpunkt einer ganzen Schmutzkampagne. Zuvor bereits war eine geplante Russlandreise noch unbestimmten Datums dem AfD-Abgeordneten Markus Frohnmaier unter anderem von der SPD als &#8220;Vaterlandsverrat&#8221;\u00a0<a rel=\"nofollow noopener\" target=\"_blank\" href=\"https:\/\/freedert.online\/inland\/258662-frohnmaiers-reise-nach-russland-spd\/\">angekreidet<\/a> worden. Und der Th\u00fcringer SPD-Innenminister Georg Maier\u00a0<a rel=\"nofollow noopener\" target=\"_blank\" href=\"https:\/\/freedert.online\/inland\/259658-handlanger-putins-spd-innenminister-thueringens\/\">sah<\/a> in den h\u00e4ufigen Anfragen zu brisanten, sicherheitsrelevanten Themen das Wirken der AfD-Fraktion &#8220;als verl\u00e4ngerter Arm und Handlanger Putins&#8221;\u00a0\u2013 ein schwerer Vorwurf, auf den die Landes-AfD mit einer Anzeige wegen Falschverd\u00e4chtigung und Verleumdung <a rel=\"nofollow noopener\" target=\"_blank\" href=\"https:\/\/freedert.online\/inland\/259808-afd-weist-spionage-vorwurf-zurueck-strafanzrige-gegen-spd-landesinnenminister\/\">reagierte<\/a>.<\/p>\n<p>Dies sind nur einige Beispiele aus den vergangenen Wochen. Offenbar sind die Machthaber der Ansicht, die AfD nur noch besiegen zu k\u00f6nnen, indem man durch Vorw\u00fcrfe und Repression internen Streit entfacht. Die Partei ist in das letzte, schwierigste Stadium gelangt, das die AfD auf ihrem angestrebten Weg zu einer Regierungsverantwortung durchstehen muss. Die Frage ist: Wird ihr das \u00dcberleben gelingen, ohne auf ihre Prinzipien zu verzichten?<\/p>\n<p>Angesichts der hysterischen Spionagevorw\u00fcrfe und der repressiven Ma\u00dfnahmen ist es der AfD hoch anzurechnen, dass sie weiterhin Kontakt mit Russland pflegt, wenn auch gebremst durch die Angst vor Anfeindungen in der Presse und dem Druck der Russophoben in den eigenen Reihen, die derzeit Oberwasser zu haben glauben. Kommende Woche wollen <a rel=\"nofollow noopener\" target=\"_blank\" href=\"https:\/\/www.t-online.de\/nachrichten\/deutschland\/innenpolitik\/id_100986708\/afd-auf-russlandreise-kreml-organisiert-widerstand-gegen-merz.html\">Medienberichten zufolge<\/a> gleich vier hochrangige AfD-Politiker zu einer Konferenz nach Russland fahren, dem BRICS-EUROPE-Forum in Sotschi.<\/p>\n<p>Es soll sich dabei um die Bundestagsabgeordneten Rainer Rothfu\u00df und Steffen Kotr\u00e9 sowie um den s\u00e4chsischen AfD-Landeschef J\u00f6rg Urban und den EU-Abgeordneten Hans Neuhoff handeln (Letzterer hatte sich erst k\u00fcrzlich im EU-Parlament gegen die Enteignung russischer Geldanlagen <a rel=\"nofollow noopener\" target=\"_blank\" href=\"https:\/\/x.com\/dr_neuhoff\/status\/1985291170377830572\">ausgesprochen<\/a>). Rothfu\u00df hatte die geplante Reise in einem Facebook-Post <a rel=\"nofollow noopener\" target=\"_blank\" href=\"https:\/\/www.facebook.com\/Dr.Rainer.Rothfuss\/posts\/pfbid0qJFBkPnhymUzcReLKgViMfiSLEpgTHtKst7pFUmbHrLwdQ2nQoYAkuqL5BMTCaBSl?rdid=ZtbmBoxMx6zwPkd9#\">best\u00e4tigt<\/a>.<\/p>\n<p>Zun\u00e4chst hie\u00df es, die AfD-Abgeordneten w\u00fcrden in Sotschi unter anderem auch mit dem russischen Ex-Pr\u00e4sidenten Dmitri Medwedew sprechen. Wie \u00e4ngstlich man in der AfD mittlerweile aber ist, zeigt sich daran, dass die Bundestagsfraktion\u00a0\u2013 so ihr Au\u00dfenpolitischer Sprecher Markus Frohnmaier gegen\u00fcber der Nachrichtenagentur <em>dpa\u00a0<\/em>\u2013 den Russlandfahrern das Treffen mit Medwedew <a rel=\"nofollow noopener\" target=\"_blank\" href=\"https:\/\/www.rnz.de\/politik\/nachrichten_artikel,-Russland-Reise-AfD-pfeift-Politiker-zurueck-Kein-Treffen-mit-Medwedew-_arid,1691383.html\">verboten hat<\/a>. Die Bedenken hatten wohl zuletzt \u00fcberwogen, angesichts von Schlagzeilen wie der\u00a0der\u00a0<em><a rel=\"nofollow noopener\" target=\"_blank\" href=\"https:\/\/www.bild.de\/politik\/inland\/fraktion-verbietet-direktes-treffen-afd-abgeordnete-pilgern-zu-medwedew-690c8d150580923d09989448\">Bild<\/a><\/em>: &#8220;AfD-Abgeordnete pilgern zu Putins Ober-Hetzer&#8221;. Ganz offensichtlich hat man in der AfD noch keine geeignete Offensivstrategie gegen die russophobe Spionagekampagne des politmedialen Mainstreams gefunden.<\/p>\n<p>Ohnehin soll die Co-Fraktionsvorsitzende Alice Weidel nicht begeistert von der Reise nach Sotschi gewesen sein und sich &#8220;Bademantel-Videos&#8221;\u00a0<a rel=\"nofollow noopener\" target=\"_blank\" href=\"https:\/\/www.tagesschau.de\/inland\/innenpolitik\/afd-russland-reisen-100.html\">verbeten haben<\/a>. Zur Erinnerung: Bei seinem letzten Russland-Aufenthalt hatte Rothfu\u00df ein TikTok-Video im Bademantel <a rel=\"nofollow noopener\" target=\"_blank\" href=\"https:\/\/www.t-online.de\/nachrichten\/deutschland\/innenpolitik\/id_100544360\/afd-russland-reisen-von-krah-und-co-das-sagt-alice-weidel.html\">aufgenommen<\/a>, in dem er <a rel=\"nofollow noopener\" target=\"_blank\" href=\"https:\/\/www.tiktok.com\/@dr.rainer.rothfuss\/video\/7438343032077946144?embed_source=121374463%2C121468991%2C121439635%2C121749182%2C121433650%2C121404358%2C121497414%2C121477481%2C121351166%2C121811500%2C121896267%2C121860360%2C121487028%2C121331973%2C120811592%2C120810756%2C121885509%3Bnull%3Bembed_fullscreen&amp;refer=embed&amp;referer_url=www.t-online.de%2Fnachrichten%2Fdeutschland%2Finnenpolitik%2Fid_100544360%2Fafd-russland-reisen-von-krah-und-co-das-sagt-alice-weidel.html&amp;referer_video_id=7438343032077946144\">geschildert hatte<\/a>, wie gut es sich in Russland leben l\u00e4sst. Immerhin: Die Fraktion hat die Reise dann doch genehmigt. Man wolle die Gespr\u00e4chskan\u00e4le nach Russland offen halten, hei\u00dft es.<\/p>\n<p>Generell orientiert sich die AfD jedoch mehr und mehr transatlantisch, was ihr nach dem Machtwechsel in den USA von Joe Biden zu Donald Trump leichter f\u00e4llt denn je. Erst k\u00fcrzlich war der Au\u00dfenpolitische Sprecher der AfD-Fraktion Frohnmaier nach Washington gereist. Und am Mittwochabend war der US-amerikanische Politstratege und Trump-Berater Alex Bruesewitz bei der AfD-Fraktion im Marie-Elisabeth-L\u00fcders-Haus <a rel=\"nofollow noopener\" target=\"_blank\" href=\"https:\/\/afdbundestag.de\/veranstaltung\/der-globale-kampf-um-wahrheit\/\">zu Gast<\/a>, eine Ehre, die man bei der AfD entsprechend medial <a rel=\"nofollow noopener\" target=\"_blank\" href=\"https:\/\/x.com\/ronaldglaeser\/status\/1986078992995135570\">feierte<\/a>. Ein Jungpolitiker aus der AfD-Fraktion <a rel=\"nofollow noopener\" target=\"_blank\" href=\"https:\/\/x.com\/maxkneller\/status\/1986140848975909233\">sah<\/a> den hohen Besuch aus den USA denn auch auch als Argument gegen den Vorwurf einer allzu gro\u00dfe Russland-N\u00e4he.<\/p>\n<p>Offenbar hofft man in der AfD, als Proteg\u00e9 Trumps und J.\u00a0D. Vance&#8217; vor einem Parteiverbot gefeit zu sein. Ob die Trump-Administration die BRD unter Friedrich Merz allerdings wirklich sanktionieren w\u00fcrde, sollte die AfD verboten werden, bleibt fraglich. Das wird auch vielen ranghohen AfD-Politikern bewusst sein. So manch einer d\u00fcrfte denn auch die USA vielmehr als Ziel eines kommenden Exils betrachten, sollten sich die politischen Verh\u00e4ltnisse in Deutschland weiter verschlimmern.<\/p>\n<p>So <a rel=\"nofollow noopener\" target=\"_blank\" href=\"https:\/\/x.com\/benedikt_kaiser\/status\/1983493058730549248\">schrieb<\/a> der Bundestagsabgeordnete Maximilian Krah auf X angesichts einer erhofften Asylgew\u00e4hrung f\u00fcr die Influencerin Naomi Seibt in den USA von einem Ausweg, ja von &#8220;eine(r) Befreiung f\u00fcr jeden von uns&#8221;. Der neurechte Publizist Benedikt Kaiser w\u00fcnschte daraufhin nur trocken: &#8220;Gute Reise!&#8221; Offenbar h\u00e4lt nicht jeder aus dem Umfeld der AfD das US-amerikanische Exil f\u00fcr eine Option.<\/p>\n<p>Noch allerdings ist es nicht so weit. Noch ist die AfD am K\u00e4mpfen um Frieden und Rechtsstaatlichkeit und nutzt ihre Optionen, soweit es ihr als Oppositionspartei m\u00f6glich ist. Es bleibt zu hoffen, dass sich die AfD durch die Drohungen der bellizistischen Parteien nicht einsch\u00fcchtern l\u00e4sst. Als einzig verbliebene wirkliche Opposition im Bundestag obliegt ihr eine schwere Verantwortung. Es w\u00e4re fatal, wenn sie dieser historischen Aufgabe nicht gerecht w\u00fcrde. Nur durch die Anprangerung und die Offenlegung der konfrontativen Regierungspolitik gegen\u00fcber Russland\u00a0\u2013 und sei es durch Anfragen, die bis ins kleinste Detail gehen\u00a0\u2013 l\u00e4sst sich noch Widerstand gegen die scheinbare Unvermeidlichkeit eines Krieges erwecken.<\/p>\n<p><strong>Mehr zum Thema<\/strong> &#8211; <a rel=\"nofollow noopener\" target=\"_blank\" href=\"https:\/\/freedert.online\/inland\/260819-wichtiges-urteil-fuer-meinungsfreiheit-aktivistin-durfte-symbole-ukrainischer-nazis-zeige\/\">Urteil f\u00fcr die Meinungsfreiheit: Friedensaktivistin durfte Symbole ukrainischer Nazis zeigen<\/a><\/p>\n<div class=\"EmbedBlock-root EmbedBlock-externalVideo EmbedBlock-rumble\">\n<div class=\"VkEmbed\"><iframe class=\"lazyload\" data-src=\"https:\/\/rumble.com\/embed\/v6z4hca\" frameborder=\"0\" width=\"853\" height=\"480\" allowfullscreen><\/iframe><\/div>\n<\/div>\n<\/div>\n<p><br \/>\n<br \/><a href=\"https:\/\/de.rt.com\/meinung\/261004-schrille-spionage-debatte-im-kriegsfall-geht-es-der-afd-an-den-kragen\/\">Source link <\/a><\/p>\n","protected":false},"excerpt":{"rendered":"<p>Die Altparteien glauben endlich, ein Heilmittel f\u00fcr den nahezu unaufhaltsamen Aufstieg der Alternative f\u00fcr Deutschland gefunden zu haben. Es ist der Vorwurf der Konspiration mit dem russischen Landesfeind. Von Astrid Sigena und Wladislaw Sankin Wenn man am Mittwoch die von den Fraktionen der Regierungsparteien anberaumte Debatte verfolgt hat, h\u00e4tte man meinen k\u00f6nnen, Deutschland befinde sich [&hellip;]<\/p>\n","protected":false},"author":3,"featured_media":93468,"comment_status":"open","ping_status":"open","sticky":false,"template":"","format":"standard","meta":{"_yoast_indexnow_last_ping":["1762512736"],"wp_automatic_camp":["217"],"4b78e79ca48c3c1eb584e02f3e53ea91":["Schrille Spionage-Debatte: Im Kriegsfall geht es der AfD an den Kragen"],"original_link":["https:\/\/de.rt.com\/meinung\/261004-schrille-spionage-debatte-im-kriegsfall-geht-es-der-afd-an-den-kragen\/"],"_thumbnail_id":["93468"],"jnews_social_counter_last_update":["1777336235"],"_wptgpro_p2tg_sent2tg":["a:1:{i:23737;s:19:\"2025-11-07 12:53:35\";}"]},"categories":[19,23],"tags":[3815,48,82,1673,35202,40583,68966,68967],"yoast_head":"<!-- This site is optimized with the Yoast SEO Premium plugin v22.7 (Yoast SEO v22.7) - https:\/\/yoast.com\/wordpress\/plugins\/seo\/ -->\n<title>Schrille Spionage-Debatte: Im Kriegsfall geht es der AfD an den Kragen - just-now.NEWS Deutschland<\/title>\n<meta name=\"robots\" content=\"index, follow, max-snippet:-1, max-image-preview:large, max-video-preview:-1\" \/>\n<link rel=\"canonical\" href=\"https:\/\/now-news.de\/de\/deutschland\/schrille-spionage-debatte-im-kriegsfall-geht-es-der-afd-an-den-kragen\/\" \/>\n<meta property=\"og:locale\" content=\"de_DE\" \/>\n<meta property=\"og:type\" content=\"article\" \/>\n<meta property=\"og:title\" content=\"Schrille Spionage-Debatte: Im Kriegsfall geht es der AfD an den Kragen\" \/>\n<meta property=\"og:description\" content=\"Die Altparteien glauben endlich, ein Heilmittel f\u00fcr den nahezu unaufhaltsamen Aufstieg der Alternative f\u00fcr Deutschland gefunden zu haben. Es ist der Vorwurf der Konspiration mit dem russischen Landesfeind. Von Astrid Sigena und Wladislaw Sankin Wenn man am Mittwoch die von den Fraktionen der Regierungsparteien anberaumte Debatte verfolgt hat, h\u00e4tte man meinen k\u00f6nnen, Deutschland befinde sich [&hellip;]\" \/>\n<meta property=\"og:url\" content=\"https:\/\/now-news.de\/de\/deutschland\/schrille-spionage-debatte-im-kriegsfall-geht-es-der-afd-an-den-kragen\/\" \/>\n<meta property=\"og:site_name\" content=\"just-now.NEWS Deutschland\" \/>\n<meta property=\"article:publisher\" content=\"https:\/\/www.facebook.com\/wirmachenauf\" \/>\n<meta property=\"article:published_time\" content=\"2025-11-07T10:51:11+00:00\" \/>\n<meta property=\"og:image\" content=\"https:\/\/now-news.de\/de\/wp-content\/uploads\/sites\/3\/2025\/11\/690dcf16b480cc25465e7796.jpg\" \/>\n<meta name=\"author\" content=\"rtnews\" \/>\n<meta name=\"twitter:card\" content=\"summary_large_image\" \/>\n<meta name=\"twitter:creator\" content=\"@WirMachenAuf_de\" \/>\n<meta name=\"twitter:site\" content=\"@WirMachenAuf_de\" \/>\n<meta name=\"twitter:label1\" content=\"Verfasst von\" \/>\n\t<meta name=\"twitter:data1\" content=\"rtnews\" \/>\n\t<meta name=\"twitter:label2\" content=\"Gesch\u00e4tzte Lesezeit\" \/>\n\t<meta name=\"twitter:data2\" content=\"9\u00a0Minuten\" \/>\n<script type=\"application\/ld+json\" class=\"yoast-schema-graph\">{\"@context\":\"https:\/\/schema.org\",\"@graph\":[{\"@type\":\"Article\",\"@id\":\"https:\/\/now-news.de\/de\/deutschland\/schrille-spionage-debatte-im-kriegsfall-geht-es-der-afd-an-den-kragen\/#article\",\"isPartOf\":{\"@id\":\"https:\/\/now-news.de\/de\/deutschland\/schrille-spionage-debatte-im-kriegsfall-geht-es-der-afd-an-den-kragen\/\"},\"author\":{\"name\":\"rtnews\",\"@id\":\"https:\/\/now-news.de\/de\/#\/schema\/person\/fb534a4e865501d8b3285208df34a9b5\"},\"headline\":\"Schrille Spionage-Debatte: Im Kriegsfall geht es der AfD an den Kragen\",\"datePublished\":\"2025-11-07T10:51:11+00:00\",\"dateModified\":\"2025-11-07T10:51:11+00:00\",\"mainEntityOfPage\":{\"@id\":\"https:\/\/now-news.de\/de\/deutschland\/schrille-spionage-debatte-im-kriegsfall-geht-es-der-afd-an-den-kragen\/\"},\"wordCount\":1713,\"commentCount\":0,\"publisher\":{\"@id\":\"https:\/\/now-news.de\/de\/#organization\"},\"image\":{\"@id\":\"https:\/\/now-news.de\/de\/deutschland\/schrille-spionage-debatte-im-kriegsfall-geht-es-der-afd-an-den-kragen\/#primaryimage\"},\"thumbnailUrl\":\"https:\/\/now-news.de\/de\/wp-content\/uploads\/sites\/3\/2025\/11\/Schrille-Spionage-Debatte-Im-Kriegsfall-geht-es-der-AfD-an-den.jpg\",\"keywords\":[\"AfD\",\"den\",\"der\",\"Geht\",\"Kragen\",\"Kriegsfall\",\"Schrille\",\"SpionageDebatte\"],\"articleSection\":[\"Deutschland\",\"Russland\"],\"inLanguage\":\"de\",\"potentialAction\":[{\"@type\":\"CommentAction\",\"name\":\"Comment\",\"target\":[\"https:\/\/now-news.de\/de\/deutschland\/schrille-spionage-debatte-im-kriegsfall-geht-es-der-afd-an-den-kragen\/#respond\"]}]},{\"@type\":\"WebPage\",\"@id\":\"https:\/\/now-news.de\/de\/deutschland\/schrille-spionage-debatte-im-kriegsfall-geht-es-der-afd-an-den-kragen\/\",\"url\":\"https:\/\/now-news.de\/de\/deutschland\/schrille-spionage-debatte-im-kriegsfall-geht-es-der-afd-an-den-kragen\/\",\"name\":\"Schrille Spionage-Debatte: Im Kriegsfall geht es der AfD an den Kragen - just-now.NEWS Deutschland\",\"isPartOf\":{\"@id\":\"https:\/\/now-news.de\/de\/#website\"},\"primaryImageOfPage\":{\"@id\":\"https:\/\/now-news.de\/de\/deutschland\/schrille-spionage-debatte-im-kriegsfall-geht-es-der-afd-an-den-kragen\/#primaryimage\"},\"image\":{\"@id\":\"https:\/\/now-news.de\/de\/deutschland\/schrille-spionage-debatte-im-kriegsfall-geht-es-der-afd-an-den-kragen\/#primaryimage\"},\"thumbnailUrl\":\"https:\/\/now-news.de\/de\/wp-content\/uploads\/sites\/3\/2025\/11\/Schrille-Spionage-Debatte-Im-Kriegsfall-geht-es-der-AfD-an-den.jpg\",\"datePublished\":\"2025-11-07T10:51:11+00:00\",\"dateModified\":\"2025-11-07T10:51:11+00:00\",\"breadcrumb\":{\"@id\":\"https:\/\/now-news.de\/de\/deutschland\/schrille-spionage-debatte-im-kriegsfall-geht-es-der-afd-an-den-kragen\/#breadcrumb\"},\"inLanguage\":\"de\",\"potentialAction\":[{\"@type\":\"ReadAction\",\"target\":[\"https:\/\/now-news.de\/de\/deutschland\/schrille-spionage-debatte-im-kriegsfall-geht-es-der-afd-an-den-kragen\/\"]}]},{\"@type\":\"ImageObject\",\"inLanguage\":\"de\",\"@id\":\"https:\/\/now-news.de\/de\/deutschland\/schrille-spionage-debatte-im-kriegsfall-geht-es-der-afd-an-den-kragen\/#primaryimage\",\"url\":\"https:\/\/now-news.de\/de\/wp-content\/uploads\/sites\/3\/2025\/11\/Schrille-Spionage-Debatte-Im-Kriegsfall-geht-es-der-AfD-an-den.jpg\",\"contentUrl\":\"https:\/\/now-news.de\/de\/wp-content\/uploads\/sites\/3\/2025\/11\/Schrille-Spionage-Debatte-Im-Kriegsfall-geht-es-der-AfD-an-den.jpg\",\"width\":460,\"height\":259,\"caption\":\"Schrille Spionage-Debatte: Im Kriegsfall geht es der AfD an den Kragen\"},{\"@type\":\"BreadcrumbList\",\"@id\":\"https:\/\/now-news.de\/de\/deutschland\/schrille-spionage-debatte-im-kriegsfall-geht-es-der-afd-an-den-kragen\/#breadcrumb\",\"itemListElement\":[{\"@type\":\"ListItem\",\"position\":1,\"name\":\"Home\",\"item\":\"https:\/\/now-news.de\/de\/\"},{\"@type\":\"ListItem\",\"position\":2,\"name\":\"Schrille Spionage-Debatte: Im Kriegsfall geht es der AfD an den Kragen\"}]},{\"@type\":\"WebSite\",\"@id\":\"https:\/\/now-news.de\/de\/#website\",\"url\":\"https:\/\/now-news.de\/de\/\",\"name\":\"just-now.NEWS Deutschland\",\"description\":\"Das Portal f\u00fcr unzensierte Nachrichten aus der Welt\",\"publisher\":{\"@id\":\"https:\/\/now-news.de\/de\/#organization\"},\"potentialAction\":[{\"@type\":\"SearchAction\",\"target\":{\"@type\":\"EntryPoint\",\"urlTemplate\":\"https:\/\/now-news.de\/de\/?s={search_term_string}\"},\"query-input\":\"required name=search_term_string\"}],\"inLanguage\":\"de\"},{\"@type\":\"Organization\",\"@id\":\"https:\/\/now-news.de\/de\/#organization\",\"name\":\"Just Now News\",\"url\":\"https:\/\/now-news.de\/de\/\",\"logo\":{\"@type\":\"ImageObject\",\"inLanguage\":\"de\",\"@id\":\"https:\/\/now-news.de\/de\/#\/schema\/logo\/image\/\",\"url\":\"http:\/\/just-now.news\/de\/wp-content\/uploads\/sites\/3\/2022\/04\/logo500x500.jpg\",\"contentUrl\":\"http:\/\/just-now.news\/de\/wp-content\/uploads\/sites\/3\/2022\/04\/logo500x500.jpg\",\"width\":500,\"height\":500,\"caption\":\"Just Now News\"},\"image\":{\"@id\":\"https:\/\/now-news.de\/de\/#\/schema\/logo\/image\/\"},\"sameAs\":[\"https:\/\/www.facebook.com\/wirmachenauf\",\"https:\/\/x.com\/WirMachenAuf_de\"]},{\"@type\":\"Person\",\"@id\":\"https:\/\/now-news.de\/de\/#\/schema\/person\/fb534a4e865501d8b3285208df34a9b5\",\"name\":\"rtnews\",\"image\":{\"@type\":\"ImageObject\",\"inLanguage\":\"de\",\"@id\":\"https:\/\/now-news.de\/de\/#\/schema\/person\/image\/\",\"url\":\"https:\/\/secure.gravatar.com\/avatar\/82aafea7d8127119dd649515f56e2117?s=96&d=mm&r=g\",\"contentUrl\":\"https:\/\/secure.gravatar.com\/avatar\/82aafea7d8127119dd649515f56e2117?s=96&d=mm&r=g\",\"caption\":\"rtnews\"},\"url\":\"https:\/\/now-news.de\/de\/author\/rnews\/\"}]}<\/script>\n<!-- \/ Yoast SEO Premium plugin. -->","yoast_head_json":{"title":"Schrille Spionage-Debatte: Im Kriegsfall geht es der AfD an den Kragen - just-now.NEWS Deutschland","robots":{"index":"index","follow":"follow","max-snippet":"max-snippet:-1","max-image-preview":"max-image-preview:large","max-video-preview":"max-video-preview:-1"},"canonical":"https:\/\/now-news.de\/de\/deutschland\/schrille-spionage-debatte-im-kriegsfall-geht-es-der-afd-an-den-kragen\/","og_locale":"de_DE","og_type":"article","og_title":"Schrille Spionage-Debatte: Im Kriegsfall geht es der AfD an den Kragen","og_description":"Die Altparteien glauben endlich, ein Heilmittel f\u00fcr den nahezu unaufhaltsamen Aufstieg der Alternative f\u00fcr Deutschland gefunden zu haben. Es ist der Vorwurf der Konspiration mit dem russischen Landesfeind. Von Astrid Sigena und Wladislaw Sankin Wenn man am Mittwoch die von den Fraktionen der Regierungsparteien anberaumte Debatte verfolgt hat, h\u00e4tte man meinen k\u00f6nnen, Deutschland befinde sich [&hellip;]","og_url":"https:\/\/now-news.de\/de\/deutschland\/schrille-spionage-debatte-im-kriegsfall-geht-es-der-afd-an-den-kragen\/","og_site_name":"just-now.NEWS Deutschland","article_publisher":"https:\/\/www.facebook.com\/wirmachenauf","article_published_time":"2025-11-07T10:51:11+00:00","og_image":[{"url":"https:\/\/now-news.de\/de\/wp-content\/uploads\/sites\/3\/2025\/11\/690dcf16b480cc25465e7796.jpg"}],"author":"rtnews","twitter_card":"summary_large_image","twitter_creator":"@WirMachenAuf_de","twitter_site":"@WirMachenAuf_de","twitter_misc":{"Verfasst von":"rtnews","Gesch\u00e4tzte Lesezeit":"9\u00a0Minuten"},"schema":{"@context":"https:\/\/schema.org","@graph":[{"@type":"Article","@id":"https:\/\/now-news.de\/de\/deutschland\/schrille-spionage-debatte-im-kriegsfall-geht-es-der-afd-an-den-kragen\/#article","isPartOf":{"@id":"https:\/\/now-news.de\/de\/deutschland\/schrille-spionage-debatte-im-kriegsfall-geht-es-der-afd-an-den-kragen\/"},"author":{"name":"rtnews","@id":"https:\/\/now-news.de\/de\/#\/schema\/person\/fb534a4e865501d8b3285208df34a9b5"},"headline":"Schrille Spionage-Debatte: Im Kriegsfall geht es der AfD an den Kragen","datePublished":"2025-11-07T10:51:11+00:00","dateModified":"2025-11-07T10:51:11+00:00","mainEntityOfPage":{"@id":"https:\/\/now-news.de\/de\/deutschland\/schrille-spionage-debatte-im-kriegsfall-geht-es-der-afd-an-den-kragen\/"},"wordCount":1713,"commentCount":0,"publisher":{"@id":"https:\/\/now-news.de\/de\/#organization"},"image":{"@id":"https:\/\/now-news.de\/de\/deutschland\/schrille-spionage-debatte-im-kriegsfall-geht-es-der-afd-an-den-kragen\/#primaryimage"},"thumbnailUrl":"https:\/\/now-news.de\/de\/wp-content\/uploads\/sites\/3\/2025\/11\/Schrille-Spionage-Debatte-Im-Kriegsfall-geht-es-der-AfD-an-den.jpg","keywords":["AfD","den","der","Geht","Kragen","Kriegsfall","Schrille","SpionageDebatte"],"articleSection":["Deutschland","Russland"],"inLanguage":"de","potentialAction":[{"@type":"CommentAction","name":"Comment","target":["https:\/\/now-news.de\/de\/deutschland\/schrille-spionage-debatte-im-kriegsfall-geht-es-der-afd-an-den-kragen\/#respond"]}]},{"@type":"WebPage","@id":"https:\/\/now-news.de\/de\/deutschland\/schrille-spionage-debatte-im-kriegsfall-geht-es-der-afd-an-den-kragen\/","url":"https:\/\/now-news.de\/de\/deutschland\/schrille-spionage-debatte-im-kriegsfall-geht-es-der-afd-an-den-kragen\/","name":"Schrille Spionage-Debatte: Im Kriegsfall geht es der AfD an den Kragen - just-now.NEWS Deutschland","isPartOf":{"@id":"https:\/\/now-news.de\/de\/#website"},"primaryImageOfPage":{"@id":"https:\/\/now-news.de\/de\/deutschland\/schrille-spionage-debatte-im-kriegsfall-geht-es-der-afd-an-den-kragen\/#primaryimage"},"image":{"@id":"https:\/\/now-news.de\/de\/deutschland\/schrille-spionage-debatte-im-kriegsfall-geht-es-der-afd-an-den-kragen\/#primaryimage"},"thumbnailUrl":"https:\/\/now-news.de\/de\/wp-content\/uploads\/sites\/3\/2025\/11\/Schrille-Spionage-Debatte-Im-Kriegsfall-geht-es-der-AfD-an-den.jpg","datePublished":"2025-11-07T10:51:11+00:00","dateModified":"2025-11-07T10:51:11+00:00","breadcrumb":{"@id":"https:\/\/now-news.de\/de\/deutschland\/schrille-spionage-debatte-im-kriegsfall-geht-es-der-afd-an-den-kragen\/#breadcrumb"},"inLanguage":"de","potentialAction":[{"@type":"ReadAction","target":["https:\/\/now-news.de\/de\/deutschland\/schrille-spionage-debatte-im-kriegsfall-geht-es-der-afd-an-den-kragen\/"]}]},{"@type":"ImageObject","inLanguage":"de","@id":"https:\/\/now-news.de\/de\/deutschland\/schrille-spionage-debatte-im-kriegsfall-geht-es-der-afd-an-den-kragen\/#primaryimage","url":"https:\/\/now-news.de\/de\/wp-content\/uploads\/sites\/3\/2025\/11\/Schrille-Spionage-Debatte-Im-Kriegsfall-geht-es-der-AfD-an-den.jpg","contentUrl":"https:\/\/now-news.de\/de\/wp-content\/uploads\/sites\/3\/2025\/11\/Schrille-Spionage-Debatte-Im-Kriegsfall-geht-es-der-AfD-an-den.jpg","width":460,"height":259,"caption":"Schrille Spionage-Debatte: Im Kriegsfall geht es der AfD an den Kragen"},{"@type":"BreadcrumbList","@id":"https:\/\/now-news.de\/de\/deutschland\/schrille-spionage-debatte-im-kriegsfall-geht-es-der-afd-an-den-kragen\/#breadcrumb","itemListElement":[{"@type":"ListItem","position":1,"name":"Home","item":"https:\/\/now-news.de\/de\/"},{"@type":"ListItem","position":2,"name":"Schrille Spionage-Debatte: Im Kriegsfall geht es der AfD an den Kragen"}]},{"@type":"WebSite","@id":"https:\/\/now-news.de\/de\/#website","url":"https:\/\/now-news.de\/de\/","name":"just-now.NEWS Deutschland","description":"Das Portal f\u00fcr unzensierte Nachrichten aus der Welt","publisher":{"@id":"https:\/\/now-news.de\/de\/#organization"},"potentialAction":[{"@type":"SearchAction","target":{"@type":"EntryPoint","urlTemplate":"https:\/\/now-news.de\/de\/?s={search_term_string}"},"query-input":"required name=search_term_string"}],"inLanguage":"de"},{"@type":"Organization","@id":"https:\/\/now-news.de\/de\/#organization","name":"Just Now News","url":"https:\/\/now-news.de\/de\/","logo":{"@type":"ImageObject","inLanguage":"de","@id":"https:\/\/now-news.de\/de\/#\/schema\/logo\/image\/","url":"http:\/\/just-now.news\/de\/wp-content\/uploads\/sites\/3\/2022\/04\/logo500x500.jpg","contentUrl":"http:\/\/just-now.news\/de\/wp-content\/uploads\/sites\/3\/2022\/04\/logo500x500.jpg","width":500,"height":500,"caption":"Just Now News"},"image":{"@id":"https:\/\/now-news.de\/de\/#\/schema\/logo\/image\/"},"sameAs":["https:\/\/www.facebook.com\/wirmachenauf","https:\/\/x.com\/WirMachenAuf_de"]},{"@type":"Person","@id":"https:\/\/now-news.de\/de\/#\/schema\/person\/fb534a4e865501d8b3285208df34a9b5","name":"rtnews","image":{"@type":"ImageObject","inLanguage":"de","@id":"https:\/\/now-news.de\/de\/#\/schema\/person\/image\/","url":"https:\/\/secure.gravatar.com\/avatar\/82aafea7d8127119dd649515f56e2117?s=96&d=mm&r=g","contentUrl":"https:\/\/secure.gravatar.com\/avatar\/82aafea7d8127119dd649515f56e2117?s=96&d=mm&r=g","caption":"rtnews"},"url":"https:\/\/now-news.de\/de\/author\/rnews\/"}]}},"_links":{"self":[{"href":"https:\/\/now-news.de\/de\/wp-json\/wp\/v2\/posts\/93467"}],"collection":[{"href":"https:\/\/now-news.de\/de\/wp-json\/wp\/v2\/posts"}],"about":[{"href":"https:\/\/now-news.de\/de\/wp-json\/wp\/v2\/types\/post"}],"author":[{"embeddable":true,"href":"https:\/\/now-news.de\/de\/wp-json\/wp\/v2\/users\/3"}],"replies":[{"embeddable":true,"href":"https:\/\/now-news.de\/de\/wp-json\/wp\/v2\/comments?post=93467"}],"version-history":[{"count":0,"href":"https:\/\/now-news.de\/de\/wp-json\/wp\/v2\/posts\/93467\/revisions"}],"wp:featuredmedia":[{"embeddable":true,"href":"https:\/\/now-news.de\/de\/wp-json\/wp\/v2\/media\/93468"}],"wp:attachment":[{"href":"https:\/\/now-news.de\/de\/wp-json\/wp\/v2\/media?parent=93467"}],"wp:term":[{"taxonomy":"category","embeddable":true,"href":"https:\/\/now-news.de\/de\/wp-json\/wp\/v2\/categories?post=93467"},{"taxonomy":"post_tag","embeddable":true,"href":"https:\/\/now-news.de\/de\/wp-json\/wp\/v2\/tags?post=93467"}],"curies":[{"name":"wp","href":"https:\/\/api.w.org\/{rel}","templated":true}]}}