{"id":93433,"date":"2025-11-06T17:25:57","date_gmt":"2025-11-06T15:25:57","guid":{"rendered":"https:\/\/now-news.de\/de\/deutschland\/auszeichnungen-verliehen-selenskij-zu-besuch-bei-einheiten-ukrainischer-neonazis-videos\/"},"modified":"2025-11-06T17:25:57","modified_gmt":"2025-11-06T15:25:57","slug":"auszeichnungen-verliehen-selenskij-zu-besuch-bei-einheiten-ukrainischer-neonazis-videos","status":"publish","type":"post","link":"https:\/\/now-news.de\/de\/deutschland\/auszeichnungen-verliehen-selenskij-zu-besuch-bei-einheiten-ukrainischer-neonazis-videos\/","title":{"rendered":"Auszeichnungen verliehen: Selenskij zu Besuch bei Einheiten ukrainischer Neonazis (VIDEOS)"},"content":{"rendered":"<div class=\"Text-root Text-type_1 \">\n                Die Lage an der Front wird f\u00fcr die Ukraine immer schwieriger. Kiew setzt auch auf neonazistische Formationen, um bestimmte Abschnitte zu halten. Der ukrainische Staatschef hat Soldaten, die SS-\u00e4hnliche Abzeichen tragen, nun f\u00fcr ihren Einsatz im russischen Donbass ausgezeichnet.\n            <\/div>\n<p><\/p>\n<div class=\"Text-root Text-type_5 ArticleView-text ViewText-root \">\n<p>Der ukrainische Staatschef Wladimir Selenskij hat mehrere Einheiten inspiziert, die im Donbass gegen russische Streitkr\u00e4fte k\u00e4mpfen, darunter auch offen neonazistische Milit\u00e4rformationen. Dabei traf er Soldaten und verlieh ihnen staatliche Auszeichnungen, wie aus von Kiew ver\u00f6ffentlichten Aufnahmen hervorgeht.<\/p>\n<p>Die Lage auf dem Schlachtfeld verschlechtert sich f\u00fcr die ukrainischen Streitkr\u00e4fte im S\u00fcdwesten der russischen Volksrepublik Donezk (DVR) weiter, wo die Einheiten Kiews in der Stadt Pokrowsk (russisch: Krasnoarmeisk) und im nahe gelegenen Mirnograd (russisch: Dimitrow; zu Ehren von Georgi Dimitrow; Anm. d. Red.) eingekesselt sind. Selenskij traf sich mit Truppen an mehreren unbekannten Orten, die von ukrainischen Medien als Kommandoposten in der N\u00e4he der Frontlinie beschrieben wurden.\u00a0\u00a0\u00a0\u00a0\u00a0\u00a0\u00a0\u00a0\u00a0\u00a0\u00a0\u00a0\u00a0\u00a0<\/p>\n<p>Zu den Einheiten geh\u00f6rte das 1.\u00a0Nationale Korps Asow\u00a0\u2013 einer von mehreren Ablegern der ber\u00fcchtigten gleichnamigen neonazistischen Einheit, die zu Beginn des Konflikts in der Schlacht um Mariupol besiegt wurde.<\/p>\n<p>Die Einheit, die damals von Denis Prokopenko angef\u00fchrt worden war, ergab sich schlie\u00dflich den russischen Truppen. Er wurde sp\u00e4ter ausgetauscht und f\u00fchrt nun das 1. Asow-Korps an.<\/p>\n<figure class=\"RTImage-root\">\n<div class=\"RTImage-image RTImage-original\"><picture class=\"Picture-root Picture-original\"><!--[if IE 9]><video style=\"display: none;\"><![endif]--><source media=\"(-webkit-min-device-pixel-ratio: 2) and (min-resolution: 120dpi)\" data-srcset=\" \nhttps:\/\/now-news.de\/de\/wp-content\/uploads\/sites\/3\/2025\/11\/690cb4bd48fbef44be10e9e4.jpg 850w,\n                https:\/\/now-news.de\/de\/wp-content\/uploads\/sites\/3\/2025\/11\/690cb4bd48fbef44be10e9e4.jpg 1960w,            \" ><source data-srcset=\" \nhttps:\/\/now-news.de\/de\/wp-content\/uploads\/sites\/3\/2025\/11\/690cb4bd48fbef44be10e9e4.jpg 460w,\n              https:\/\/now-news.de\/de\/wp-content\/uploads\/sites\/3\/2025\/11\/690cb4bd48fbef44be10e9e4.jpg 980w,\n            \" ><!--[if IE 9]><\/video><![endif]--><img decoding=\"async\" data- src=\"data:image\/png;base64,iVBORw0KGgoAAAANSUhEUgAAABAAAAAJCAQAAACRI2S5AAAAEElEQVR42mNkIAAYRxWAAQAG9gAKqv6+AwAAAABJRU5ErkJggg==\" class=\"Picture-root Picture-original lazyload\" data-src=\"https:\/\/now-news.de\/de\/wp-content\/uploads\/sites\/3\/2025\/11\/690cb4bd48fbef44be10e9e4.jpg\" alt=\"\"><\/source><\/source><\/picture><!-- noscript pattern --><noscript><img decoding=\"async\" src=\"https:\/\/now-news.de\/de\/wp-content\/uploads\/sites\/3\/2025\/11\/690cb4bd48fbef44be10e9e4.jpg\" alt=\"\"><\/noscript><\/div><figcaption class=\"RTImage-footer\"><span class=\"RTImage-caption\"><span class=\"RTImage-captionItem\">Wladimir Selenskij im Herbst 2025 auf Frontbesuch \u2013 auch zur Auszeichnung ukrainischer Neonazi-Verb\u00e4nde<\/span><\/span><span class=\"RTImage-source\"><span class=\"RTImage-captionItem\">Telegram\/Wladimir Selenskij<\/span><\/span><\/figcaption><\/figure>\n<p>Das von Selenskij geteilte Filmmaterial des Treffens mit Asow zeigt verschiedene neonazistische Symbole, darunter das Emblem der Einheit\u00a0\u2013 eine stilisierte Wolfsangel-Rune\u00a0\u2013 und eine rot-schwarze Flagge, die mit ukrainischen Nazikollaborateuren aus der Zeit des Zweiten Weltkriegs in Verbindung gebracht wird.\u00a0<\/p>\n<div class=\"EmbedBlock-root EmbedBlock-video\">\n<div class=\"VideoEmbed\"><script src=\"https:\/\/de.russiatoday.com\/static\/libs\/jwplayer\/jwplayer-7.8.4\/jwplayer.js\"><\/script><\/p>\n<div class=\"mediaplayer\" id=\"mediaplayer-js-mediaplayer-690cb3dd48fbef42b03d04fa-block\">\n<div id=\"js-mediaplayer-690cb3dd48fbef42b03d04fa\"><\/div>\n<p><script src=\"https:\/\/de.russiatoday.com\/static\/js\/streamsense.4.1411.18.min.js\" type=\"text\/javascript\"><\/script><script type=\"text\/javascript\">\n            var myStreamingTag = new ns_.StreamingTag( { customerC2: '17935924', C3: 'deutsch' } );\n                                                var metadata = {\n                ns_st_ci: \"690cb3dd48fbef42b03d04fa\", \/\/ \u0438\u0434\u0435\u043d\u0442\u0438\u0444\u0438\u043a\u0430\u0442\u043e\u0440 \u043a\u043e\u043d\u0442\u0435\u043d\u0442\u0430 (\u0432\u0438\u0434\u0435\u043e)\n                c3: \"deutsch\",\n                c4: \"*null\",\n                c6: \"*null\"\n            };\n        <\/script><\/div>\n<p><script>\n    jwplayer.key=\"kESrsgULvYO7r2MfUelqj3vs+2i8JdQBqjGNmA==\";\n            jwplayer(\"js-mediaplayer-690cb3dd48fbef42b03d04fa\").setup({\n            advertising: {\n                client: \"googima\",\n            },\n            file: \"https:\/\/mf.b37mrtl.ru\/deutsch\/video\/2025.11\/690cb3dd48fbef42b03d04fa.MP4\",\n                                    \/\/ title: \"Selenskij\\u0020Auszeichnungen\\u0020I\",\n            aspectratio: \"16:9\",\n            skin: {\n                name: \"five\",\n                active: \"#77bd1e\",\n                background: \"rgba(0, 0, 0, 0.5)\",\n                inactive: \"#FFFFFF\"\n            },\n            width: \"100%\",\n            autostart: false,\n            mute: false,\n            startparam: \"start\",\n            ga: {},\n                        sharing: {\n                code: encodeURI('\n<div style=\"position: relative;padding-bottom: 56.25%; padding-top: 25px; height: 0;\"><iframe style=\"position: absolute;top: 0;left: 0;width: 100%;height: 100%;\" src=\"' +\n                    location.protocol + '\/\/' + location.host + '\/international\/260980-auszeichnungen-verliehen-selenskij-zu-besuch-bei-einheiten-ukrainischer-neonazis\/\/video\/690cb3dd48fbef42b03d04fa\" frameborder=\"0\" allowfullscreen><\/script><\/div>\n<p>&#8216;),<br \/>\n                link: &#8220;\/international\/260980-auszeichnungen-verliehen-selenskij-zu-besuch-bei-einheiten-ukrainischer-neonazis\/&#8221;<br \/>\n            },<br \/>\n                        events: {<br \/>\n                onPlay: function(){<br \/>\n                    myStreamingTag.playVideoContentPart(metadata);<br \/>\n                    var playingVideoId = &#8216;js-mediaplayer-690cb3dd48fbef42b03d04fa&#8217;; \/\/ id \u0442\u0435\u043a\u0443\u0449\u0435\u0433\u043e \u043f\u043b\u0435\u0435\u0440\u0430<br \/>\n                    playersTmplBehavior.pauseMedia(playingVideoId); \/\/\u0437\u0430\u043f\u0443\u0441\u043a\u0430\u0435\u043c \u0444\u0443\u043d\u043a\u0446\u0438\u044e \u043e\u0441\u0442\u0430\u043d\u043e\u0432\u043a\u0438 \u0432\u0441\u0435\u0445 \u0438\u0433\u0440\u0430\u044e\u0449\u0438\u0445 \u043f\u043b\u0435\u0435\u0440\u043e\u0432 \u043a\u0440\u043e\u043c\u0435 \u044d\u0442\u043e\u0433\u043e \u041a\u043e\u043b<\/p>\n<p>                                    },<br \/>\n                onPause: function(){<br \/>\n                    myStreamingTag.stop();<br \/>\n                },<br \/>\n                onComplete: function(){<br \/>\n                    myStreamingTag.stop();<\/p>\n<p>                                    },<br \/>\n            }<br \/>\n        });<\/p>\n<p>    var playersTmplBehavior = {};<\/p>\n<p>    \/\/\u0424\u0443\u043d\u043a\u0446\u0438\u044f \u043f\u0440\u043e\u0431\u0435\u0433\u0430\u0435\u0442 \u043f\u043e \u0432\u0441\u0435\u043c \u043f\u043b\u0435\u0435\u0440\u0430\u043c jwplayer, \u043a\u0440\u043e\u043c\u0435 \u043f\u0435\u0440\u0435\u0434\u0430\u043d\u043d\u043e\u0433\u043e, \u0438 \u0441\u0442\u0430\u0432\u0438\u0442 \u0438\u0445 \u043d\u0430 \u043f\u0430\u0443\u0437\u0443<br \/>\n    playersTmplBehavior.pauseMedia = function(playingMediaId) {<br \/>\n        var players = document.querySelectorAll(&#8216;.jwplayer, object&#8217;);<\/p>\n<p>        for (var i = 0, max = players.length; i &lt; max; i++) {<br \/>\n            var currentMediaId = players[i].id;<br \/>\n            if( jwplayer(players[i]).getState() == &#8220;PLAYING&#8221; || jwplayer(players[i]).getState() == &#8220;BUFFERING&#8221; ) {<br \/>\n                if(currentMediaId != playingMediaId){<br \/>\n                    jwplayer(players[i]).play(false);<br \/>\n                }<br \/>\n            }<br \/>\n        }<br \/>\n    };<\/p>\n<\/div>\n<\/div>\n<p><br \/>\n<br \/><a href=\"https:\/\/de.rt.com\/international\/260980-auszeichnungen-verliehen-selenskij-zu-besuch-bei-einheiten-ukrainischer-neonazis\/\">Source link <\/a><\/p>\n","protected":false},"excerpt":{"rendered":"<p>Die Lage an der Front wird f\u00fcr die Ukraine immer schwieriger. Kiew setzt auch auf neonazistische Formationen, um bestimmte Abschnitte zu halten. Der ukrainische Staatschef hat Soldaten, die SS-\u00e4hnliche Abzeichen tragen, nun f\u00fcr ihren Einsatz im russischen Donbass ausgezeichnet. Der ukrainische Staatschef Wladimir Selenskij hat mehrere Einheiten inspiziert, die im Donbass gegen russische Streitkr\u00e4fte k\u00e4mpfen, [&hellip;]<\/p>\n","protected":false},"author":3,"featured_media":93434,"comment_status":"open","ping_status":"open","sticky":false,"template":"","format":"standard","meta":{"_yoast_indexnow_last_ping":["1762443313"],"wp_automatic_camp":["217"],"e76fb28f7b973818fdfa6b5f35468e03":["Auszeichnungen verliehen: Selenskij zu Besuch bei Einheiten ukrainischer Neonazis (VIDEOS)"],"original_link":["https:\/\/de.rt.com\/international\/260980-auszeichnungen-verliehen-selenskij-zu-besuch-bei-einheiten-ukrainischer-neonazis\/"],"_thumbnail_id":["93434"],"jnews_social_counter_last_update":["1777603141"],"enclosure":["https:\/\/mf.b37mrtl.ru\/deutsch\/video\/2025.11\/690cb3dd48fbef42b03d04fa.MP4\n19199132\nvideo\/mp4\n"],"_wptgpro_p2tg_sent2tg":["a:1:{i:23737;s:19:\"2025-11-06 17:36:14\";}"]},"categories":[19,23],"tags":[66325,363,7709,1167,10706,6158,488,21335,3360],"yoast_head":"<!-- This site is optimized with the Yoast SEO Premium plugin v22.7 (Yoast SEO v22.7) - https:\/\/yoast.com\/wordpress\/plugins\/seo\/ -->\n<title>Auszeichnungen verliehen: Selenskij zu Besuch bei Einheiten ukrainischer Neonazis (VIDEOS) - just-now.NEWS Deutschland<\/title>\n<meta name=\"robots\" content=\"index, follow, max-snippet:-1, max-image-preview:large, max-video-preview:-1\" \/>\n<link rel=\"canonical\" href=\"https:\/\/now-news.de\/de\/deutschland\/auszeichnungen-verliehen-selenskij-zu-besuch-bei-einheiten-ukrainischer-neonazis-videos\/\" \/>\n<meta property=\"og:locale\" content=\"de_DE\" \/>\n<meta property=\"og:type\" content=\"article\" \/>\n<meta property=\"og:title\" content=\"Auszeichnungen verliehen: Selenskij zu Besuch bei Einheiten ukrainischer Neonazis (VIDEOS)\" \/>\n<meta property=\"og:description\" content=\"Die Lage an der Front wird f\u00fcr die Ukraine immer schwieriger. Kiew setzt auch auf neonazistische Formationen, um bestimmte Abschnitte zu halten. Der ukrainische Staatschef hat Soldaten, die SS-\u00e4hnliche Abzeichen tragen, nun f\u00fcr ihren Einsatz im russischen Donbass ausgezeichnet. Der ukrainische Staatschef Wladimir Selenskij hat mehrere Einheiten inspiziert, die im Donbass gegen russische Streitkr\u00e4fte k\u00e4mpfen, [&hellip;]\" \/>\n<meta property=\"og:url\" content=\"https:\/\/now-news.de\/de\/deutschland\/auszeichnungen-verliehen-selenskij-zu-besuch-bei-einheiten-ukrainischer-neonazis-videos\/\" \/>\n<meta property=\"og:site_name\" content=\"just-now.NEWS Deutschland\" \/>\n<meta property=\"article:publisher\" content=\"https:\/\/www.facebook.com\/wirmachenauf\" \/>\n<meta property=\"article:published_time\" content=\"2025-11-06T15:25:57+00:00\" \/>\n<meta property=\"og:image\" content=\"https:\/\/now-news.de\/de\/wp-content\/uploads\/sites\/3\/2025\/11\/690cb4bd48fbef44be10e9e4.jpg\" \/>\n<meta name=\"author\" content=\"rtnews\" \/>\n<meta name=\"twitter:card\" content=\"summary_large_image\" \/>\n<meta name=\"twitter:creator\" content=\"@WirMachenAuf_de\" \/>\n<meta name=\"twitter:site\" content=\"@WirMachenAuf_de\" \/>\n<meta name=\"twitter:label1\" content=\"Verfasst von\" \/>\n\t<meta name=\"twitter:data1\" content=\"rtnews\" \/>\n\t<meta name=\"twitter:label2\" content=\"Gesch\u00e4tzte Lesezeit\" \/>\n\t<meta name=\"twitter:data2\" content=\"2\u00a0Minuten\" \/>\n<script type=\"application\/ld+json\" class=\"yoast-schema-graph\">{\"@context\":\"https:\/\/schema.org\",\"@graph\":[{\"@type\":\"Article\",\"@id\":\"https:\/\/now-news.de\/de\/deutschland\/auszeichnungen-verliehen-selenskij-zu-besuch-bei-einheiten-ukrainischer-neonazis-videos\/#article\",\"isPartOf\":{\"@id\":\"https:\/\/now-news.de\/de\/deutschland\/auszeichnungen-verliehen-selenskij-zu-besuch-bei-einheiten-ukrainischer-neonazis-videos\/\"},\"author\":{\"name\":\"rtnews\",\"@id\":\"https:\/\/now-news.de\/de\/#\/schema\/person\/fb534a4e865501d8b3285208df34a9b5\"},\"headline\":\"Auszeichnungen verliehen: Selenskij zu Besuch bei Einheiten ukrainischer Neonazis (VIDEOS)\",\"datePublished\":\"2025-11-06T15:25:57+00:00\",\"dateModified\":\"2025-11-06T15:25:57+00:00\",\"mainEntityOfPage\":{\"@id\":\"https:\/\/now-news.de\/de\/deutschland\/auszeichnungen-verliehen-selenskij-zu-besuch-bei-einheiten-ukrainischer-neonazis-videos\/\"},\"wordCount\":383,\"commentCount\":0,\"publisher\":{\"@id\":\"https:\/\/now-news.de\/de\/#organization\"},\"image\":{\"@id\":\"https:\/\/now-news.de\/de\/deutschland\/auszeichnungen-verliehen-selenskij-zu-besuch-bei-einheiten-ukrainischer-neonazis-videos\/#primaryimage\"},\"thumbnailUrl\":\"https:\/\/now-news.de\/de\/wp-content\/uploads\/sites\/3\/2025\/11\/Auszeichnungen-verliehen-Selenskij-zu-Besuch-bei-Einheiten-ukrainischer-Neonazis-VIDEOS.jpg\",\"keywords\":[\"Auszeichnungen\",\"bei\",\"Besuch\",\"Einheiten\",\"Neonazis\",\"Selenskij\",\"Ukrainischer\",\"verliehen\",\"Videos\"],\"articleSection\":[\"Deutschland\",\"Russland\"],\"inLanguage\":\"de\",\"potentialAction\":[{\"@type\":\"CommentAction\",\"name\":\"Comment\",\"target\":[\"https:\/\/now-news.de\/de\/deutschland\/auszeichnungen-verliehen-selenskij-zu-besuch-bei-einheiten-ukrainischer-neonazis-videos\/#respond\"]}]},{\"@type\":\"WebPage\",\"@id\":\"https:\/\/now-news.de\/de\/deutschland\/auszeichnungen-verliehen-selenskij-zu-besuch-bei-einheiten-ukrainischer-neonazis-videos\/\",\"url\":\"https:\/\/now-news.de\/de\/deutschland\/auszeichnungen-verliehen-selenskij-zu-besuch-bei-einheiten-ukrainischer-neonazis-videos\/\",\"name\":\"Auszeichnungen verliehen: Selenskij zu Besuch bei Einheiten ukrainischer Neonazis (VIDEOS) - just-now.NEWS Deutschland\",\"isPartOf\":{\"@id\":\"https:\/\/now-news.de\/de\/#website\"},\"primaryImageOfPage\":{\"@id\":\"https:\/\/now-news.de\/de\/deutschland\/auszeichnungen-verliehen-selenskij-zu-besuch-bei-einheiten-ukrainischer-neonazis-videos\/#primaryimage\"},\"image\":{\"@id\":\"https:\/\/now-news.de\/de\/deutschland\/auszeichnungen-verliehen-selenskij-zu-besuch-bei-einheiten-ukrainischer-neonazis-videos\/#primaryimage\"},\"thumbnailUrl\":\"https:\/\/now-news.de\/de\/wp-content\/uploads\/sites\/3\/2025\/11\/Auszeichnungen-verliehen-Selenskij-zu-Besuch-bei-Einheiten-ukrainischer-Neonazis-VIDEOS.jpg\",\"datePublished\":\"2025-11-06T15:25:57+00:00\",\"dateModified\":\"2025-11-06T15:25:57+00:00\",\"breadcrumb\":{\"@id\":\"https:\/\/now-news.de\/de\/deutschland\/auszeichnungen-verliehen-selenskij-zu-besuch-bei-einheiten-ukrainischer-neonazis-videos\/#breadcrumb\"},\"inLanguage\":\"de\",\"potentialAction\":[{\"@type\":\"ReadAction\",\"target\":[\"https:\/\/now-news.de\/de\/deutschland\/auszeichnungen-verliehen-selenskij-zu-besuch-bei-einheiten-ukrainischer-neonazis-videos\/\"]}]},{\"@type\":\"ImageObject\",\"inLanguage\":\"de\",\"@id\":\"https:\/\/now-news.de\/de\/deutschland\/auszeichnungen-verliehen-selenskij-zu-besuch-bei-einheiten-ukrainischer-neonazis-videos\/#primaryimage\",\"url\":\"https:\/\/now-news.de\/de\/wp-content\/uploads\/sites\/3\/2025\/11\/Auszeichnungen-verliehen-Selenskij-zu-Besuch-bei-Einheiten-ukrainischer-Neonazis-VIDEOS.jpg\",\"contentUrl\":\"https:\/\/now-news.de\/de\/wp-content\/uploads\/sites\/3\/2025\/11\/Auszeichnungen-verliehen-Selenskij-zu-Besuch-bei-Einheiten-ukrainischer-Neonazis-VIDEOS.jpg\",\"width\":1280,\"height\":853,\"caption\":\"Auszeichnungen verliehen: Selenskij zu Besuch bei Einheiten ukrainischer Neonazis (VIDEOS)\"},{\"@type\":\"BreadcrumbList\",\"@id\":\"https:\/\/now-news.de\/de\/deutschland\/auszeichnungen-verliehen-selenskij-zu-besuch-bei-einheiten-ukrainischer-neonazis-videos\/#breadcrumb\",\"itemListElement\":[{\"@type\":\"ListItem\",\"position\":1,\"name\":\"Home\",\"item\":\"https:\/\/now-news.de\/de\/\"},{\"@type\":\"ListItem\",\"position\":2,\"name\":\"Auszeichnungen verliehen: Selenskij zu Besuch bei Einheiten ukrainischer Neonazis (VIDEOS)\"}]},{\"@type\":\"WebSite\",\"@id\":\"https:\/\/now-news.de\/de\/#website\",\"url\":\"https:\/\/now-news.de\/de\/\",\"name\":\"just-now.NEWS Deutschland\",\"description\":\"Das Portal f\u00fcr unzensierte Nachrichten aus der Welt\",\"publisher\":{\"@id\":\"https:\/\/now-news.de\/de\/#organization\"},\"potentialAction\":[{\"@type\":\"SearchAction\",\"target\":{\"@type\":\"EntryPoint\",\"urlTemplate\":\"https:\/\/now-news.de\/de\/?s={search_term_string}\"},\"query-input\":\"required name=search_term_string\"}],\"inLanguage\":\"de\"},{\"@type\":\"Organization\",\"@id\":\"https:\/\/now-news.de\/de\/#organization\",\"name\":\"Just Now News\",\"url\":\"https:\/\/now-news.de\/de\/\",\"logo\":{\"@type\":\"ImageObject\",\"inLanguage\":\"de\",\"@id\":\"https:\/\/now-news.de\/de\/#\/schema\/logo\/image\/\",\"url\":\"http:\/\/just-now.news\/de\/wp-content\/uploads\/sites\/3\/2022\/04\/logo500x500.jpg\",\"contentUrl\":\"http:\/\/just-now.news\/de\/wp-content\/uploads\/sites\/3\/2022\/04\/logo500x500.jpg\",\"width\":500,\"height\":500,\"caption\":\"Just Now News\"},\"image\":{\"@id\":\"https:\/\/now-news.de\/de\/#\/schema\/logo\/image\/\"},\"sameAs\":[\"https:\/\/www.facebook.com\/wirmachenauf\",\"https:\/\/x.com\/WirMachenAuf_de\"]},{\"@type\":\"Person\",\"@id\":\"https:\/\/now-news.de\/de\/#\/schema\/person\/fb534a4e865501d8b3285208df34a9b5\",\"name\":\"rtnews\",\"image\":{\"@type\":\"ImageObject\",\"inLanguage\":\"de\",\"@id\":\"https:\/\/now-news.de\/de\/#\/schema\/person\/image\/\",\"url\":\"https:\/\/secure.gravatar.com\/avatar\/82aafea7d8127119dd649515f56e2117?s=96&d=mm&r=g\",\"contentUrl\":\"https:\/\/secure.gravatar.com\/avatar\/82aafea7d8127119dd649515f56e2117?s=96&d=mm&r=g\",\"caption\":\"rtnews\"},\"url\":\"https:\/\/now-news.de\/de\/author\/rnews\/\"}]}<\/script>\n<!-- \/ Yoast SEO Premium plugin. -->","yoast_head_json":{"title":"Auszeichnungen verliehen: Selenskij zu Besuch bei Einheiten ukrainischer Neonazis (VIDEOS) - just-now.NEWS Deutschland","robots":{"index":"index","follow":"follow","max-snippet":"max-snippet:-1","max-image-preview":"max-image-preview:large","max-video-preview":"max-video-preview:-1"},"canonical":"https:\/\/now-news.de\/de\/deutschland\/auszeichnungen-verliehen-selenskij-zu-besuch-bei-einheiten-ukrainischer-neonazis-videos\/","og_locale":"de_DE","og_type":"article","og_title":"Auszeichnungen verliehen: Selenskij zu Besuch bei Einheiten ukrainischer Neonazis (VIDEOS)","og_description":"Die Lage an der Front wird f\u00fcr die Ukraine immer schwieriger. Kiew setzt auch auf neonazistische Formationen, um bestimmte Abschnitte zu halten. Der ukrainische Staatschef hat Soldaten, die SS-\u00e4hnliche Abzeichen tragen, nun f\u00fcr ihren Einsatz im russischen Donbass ausgezeichnet. Der ukrainische Staatschef Wladimir Selenskij hat mehrere Einheiten inspiziert, die im Donbass gegen russische Streitkr\u00e4fte k\u00e4mpfen, [&hellip;]","og_url":"https:\/\/now-news.de\/de\/deutschland\/auszeichnungen-verliehen-selenskij-zu-besuch-bei-einheiten-ukrainischer-neonazis-videos\/","og_site_name":"just-now.NEWS Deutschland","article_publisher":"https:\/\/www.facebook.com\/wirmachenauf","article_published_time":"2025-11-06T15:25:57+00:00","og_image":[{"url":"https:\/\/now-news.de\/de\/wp-content\/uploads\/sites\/3\/2025\/11\/690cb4bd48fbef44be10e9e4.jpg"}],"author":"rtnews","twitter_card":"summary_large_image","twitter_creator":"@WirMachenAuf_de","twitter_site":"@WirMachenAuf_de","twitter_misc":{"Verfasst von":"rtnews","Gesch\u00e4tzte Lesezeit":"2\u00a0Minuten"},"schema":{"@context":"https:\/\/schema.org","@graph":[{"@type":"Article","@id":"https:\/\/now-news.de\/de\/deutschland\/auszeichnungen-verliehen-selenskij-zu-besuch-bei-einheiten-ukrainischer-neonazis-videos\/#article","isPartOf":{"@id":"https:\/\/now-news.de\/de\/deutschland\/auszeichnungen-verliehen-selenskij-zu-besuch-bei-einheiten-ukrainischer-neonazis-videos\/"},"author":{"name":"rtnews","@id":"https:\/\/now-news.de\/de\/#\/schema\/person\/fb534a4e865501d8b3285208df34a9b5"},"headline":"Auszeichnungen verliehen: Selenskij zu Besuch bei Einheiten ukrainischer Neonazis (VIDEOS)","datePublished":"2025-11-06T15:25:57+00:00","dateModified":"2025-11-06T15:25:57+00:00","mainEntityOfPage":{"@id":"https:\/\/now-news.de\/de\/deutschland\/auszeichnungen-verliehen-selenskij-zu-besuch-bei-einheiten-ukrainischer-neonazis-videos\/"},"wordCount":383,"commentCount":0,"publisher":{"@id":"https:\/\/now-news.de\/de\/#organization"},"image":{"@id":"https:\/\/now-news.de\/de\/deutschland\/auszeichnungen-verliehen-selenskij-zu-besuch-bei-einheiten-ukrainischer-neonazis-videos\/#primaryimage"},"thumbnailUrl":"https:\/\/now-news.de\/de\/wp-content\/uploads\/sites\/3\/2025\/11\/Auszeichnungen-verliehen-Selenskij-zu-Besuch-bei-Einheiten-ukrainischer-Neonazis-VIDEOS.jpg","keywords":["Auszeichnungen","bei","Besuch","Einheiten","Neonazis","Selenskij","Ukrainischer","verliehen","Videos"],"articleSection":["Deutschland","Russland"],"inLanguage":"de","potentialAction":[{"@type":"CommentAction","name":"Comment","target":["https:\/\/now-news.de\/de\/deutschland\/auszeichnungen-verliehen-selenskij-zu-besuch-bei-einheiten-ukrainischer-neonazis-videos\/#respond"]}]},{"@type":"WebPage","@id":"https:\/\/now-news.de\/de\/deutschland\/auszeichnungen-verliehen-selenskij-zu-besuch-bei-einheiten-ukrainischer-neonazis-videos\/","url":"https:\/\/now-news.de\/de\/deutschland\/auszeichnungen-verliehen-selenskij-zu-besuch-bei-einheiten-ukrainischer-neonazis-videos\/","name":"Auszeichnungen verliehen: Selenskij zu Besuch bei Einheiten ukrainischer Neonazis (VIDEOS) - just-now.NEWS Deutschland","isPartOf":{"@id":"https:\/\/now-news.de\/de\/#website"},"primaryImageOfPage":{"@id":"https:\/\/now-news.de\/de\/deutschland\/auszeichnungen-verliehen-selenskij-zu-besuch-bei-einheiten-ukrainischer-neonazis-videos\/#primaryimage"},"image":{"@id":"https:\/\/now-news.de\/de\/deutschland\/auszeichnungen-verliehen-selenskij-zu-besuch-bei-einheiten-ukrainischer-neonazis-videos\/#primaryimage"},"thumbnailUrl":"https:\/\/now-news.de\/de\/wp-content\/uploads\/sites\/3\/2025\/11\/Auszeichnungen-verliehen-Selenskij-zu-Besuch-bei-Einheiten-ukrainischer-Neonazis-VIDEOS.jpg","datePublished":"2025-11-06T15:25:57+00:00","dateModified":"2025-11-06T15:25:57+00:00","breadcrumb":{"@id":"https:\/\/now-news.de\/de\/deutschland\/auszeichnungen-verliehen-selenskij-zu-besuch-bei-einheiten-ukrainischer-neonazis-videos\/#breadcrumb"},"inLanguage":"de","potentialAction":[{"@type":"ReadAction","target":["https:\/\/now-news.de\/de\/deutschland\/auszeichnungen-verliehen-selenskij-zu-besuch-bei-einheiten-ukrainischer-neonazis-videos\/"]}]},{"@type":"ImageObject","inLanguage":"de","@id":"https:\/\/now-news.de\/de\/deutschland\/auszeichnungen-verliehen-selenskij-zu-besuch-bei-einheiten-ukrainischer-neonazis-videos\/#primaryimage","url":"https:\/\/now-news.de\/de\/wp-content\/uploads\/sites\/3\/2025\/11\/Auszeichnungen-verliehen-Selenskij-zu-Besuch-bei-Einheiten-ukrainischer-Neonazis-VIDEOS.jpg","contentUrl":"https:\/\/now-news.de\/de\/wp-content\/uploads\/sites\/3\/2025\/11\/Auszeichnungen-verliehen-Selenskij-zu-Besuch-bei-Einheiten-ukrainischer-Neonazis-VIDEOS.jpg","width":1280,"height":853,"caption":"Auszeichnungen verliehen: Selenskij zu Besuch bei Einheiten ukrainischer Neonazis (VIDEOS)"},{"@type":"BreadcrumbList","@id":"https:\/\/now-news.de\/de\/deutschland\/auszeichnungen-verliehen-selenskij-zu-besuch-bei-einheiten-ukrainischer-neonazis-videos\/#breadcrumb","itemListElement":[{"@type":"ListItem","position":1,"name":"Home","item":"https:\/\/now-news.de\/de\/"},{"@type":"ListItem","position":2,"name":"Auszeichnungen verliehen: Selenskij zu Besuch bei Einheiten ukrainischer Neonazis (VIDEOS)"}]},{"@type":"WebSite","@id":"https:\/\/now-news.de\/de\/#website","url":"https:\/\/now-news.de\/de\/","name":"just-now.NEWS Deutschland","description":"Das Portal f\u00fcr unzensierte Nachrichten aus der Welt","publisher":{"@id":"https:\/\/now-news.de\/de\/#organization"},"potentialAction":[{"@type":"SearchAction","target":{"@type":"EntryPoint","urlTemplate":"https:\/\/now-news.de\/de\/?s={search_term_string}"},"query-input":"required name=search_term_string"}],"inLanguage":"de"},{"@type":"Organization","@id":"https:\/\/now-news.de\/de\/#organization","name":"Just Now News","url":"https:\/\/now-news.de\/de\/","logo":{"@type":"ImageObject","inLanguage":"de","@id":"https:\/\/now-news.de\/de\/#\/schema\/logo\/image\/","url":"http:\/\/just-now.news\/de\/wp-content\/uploads\/sites\/3\/2022\/04\/logo500x500.jpg","contentUrl":"http:\/\/just-now.news\/de\/wp-content\/uploads\/sites\/3\/2022\/04\/logo500x500.jpg","width":500,"height":500,"caption":"Just Now News"},"image":{"@id":"https:\/\/now-news.de\/de\/#\/schema\/logo\/image\/"},"sameAs":["https:\/\/www.facebook.com\/wirmachenauf","https:\/\/x.com\/WirMachenAuf_de"]},{"@type":"Person","@id":"https:\/\/now-news.de\/de\/#\/schema\/person\/fb534a4e865501d8b3285208df34a9b5","name":"rtnews","image":{"@type":"ImageObject","inLanguage":"de","@id":"https:\/\/now-news.de\/de\/#\/schema\/person\/image\/","url":"https:\/\/secure.gravatar.com\/avatar\/82aafea7d8127119dd649515f56e2117?s=96&d=mm&r=g","contentUrl":"https:\/\/secure.gravatar.com\/avatar\/82aafea7d8127119dd649515f56e2117?s=96&d=mm&r=g","caption":"rtnews"},"url":"https:\/\/now-news.de\/de\/author\/rnews\/"}]}},"_links":{"self":[{"href":"https:\/\/now-news.de\/de\/wp-json\/wp\/v2\/posts\/93433"}],"collection":[{"href":"https:\/\/now-news.de\/de\/wp-json\/wp\/v2\/posts"}],"about":[{"href":"https:\/\/now-news.de\/de\/wp-json\/wp\/v2\/types\/post"}],"author":[{"embeddable":true,"href":"https:\/\/now-news.de\/de\/wp-json\/wp\/v2\/users\/3"}],"replies":[{"embeddable":true,"href":"https:\/\/now-news.de\/de\/wp-json\/wp\/v2\/comments?post=93433"}],"version-history":[{"count":0,"href":"https:\/\/now-news.de\/de\/wp-json\/wp\/v2\/posts\/93433\/revisions"}],"wp:featuredmedia":[{"embeddable":true,"href":"https:\/\/now-news.de\/de\/wp-json\/wp\/v2\/media\/93434"}],"wp:attachment":[{"href":"https:\/\/now-news.de\/de\/wp-json\/wp\/v2\/media?parent=93433"}],"wp:term":[{"taxonomy":"category","embeddable":true,"href":"https:\/\/now-news.de\/de\/wp-json\/wp\/v2\/categories?post=93433"},{"taxonomy":"post_tag","embeddable":true,"href":"https:\/\/now-news.de\/de\/wp-json\/wp\/v2\/tags?post=93433"}],"curies":[{"name":"wp","href":"https:\/\/api.w.org\/{rel}","templated":true}]}}