{"id":93409,"date":"2025-11-06T10:39:28","date_gmt":"2025-11-06T08:39:28","guid":{"rendered":"https:\/\/now-news.de\/de\/deutschland\/nato-erhaelt-westfaelischen-friedenspreis-2026\/"},"modified":"2025-11-06T10:39:28","modified_gmt":"2025-11-06T08:39:28","slug":"nato-erhaelt-westfaelischen-friedenspreis-2026","status":"publish","type":"post","link":"https:\/\/now-news.de\/de\/deutschland\/nato-erhaelt-westfaelischen-friedenspreis-2026\/","title":{"rendered":"NATO erh\u00e4lt Westf\u00e4lischen Friedenspreis 2026"},"content":{"rendered":"<p><img decoding=\"async\" src=\"https:\/\/now-news.de\/de\/wp-content\/uploads\/sites\/3\/2025\/11\/690c4a27b480cc4905313f25.jpg\" \/><\/p>\n<div class=\"Text-root Text-type_1 \">\n                Eine Jury aus Politik und Wirtschaft, federf\u00fchrend dabei Bundespr\u00e4sident Frank-Walter Steinmeier, ehrt das NATO-Milit\u00e4rb\u00fcndnis mit dem Westf\u00e4lischen Friedenspreis 2026. Das &#8220;Verteidigungsb\u00fcndnis&#8221; stehe laut Begr\u00fcndung f\u00fcr eine &#8220;regelbasierte Sicherheitsarchitektur, die Konflikte eind\u00e4mmt&#8221; und &#8220;Eskalationen vorbeugt&#8221;.\n            <\/div>\n<p><\/p>\n<div class=\"Text-root Text-type_5 ArticleView-text ViewText-root \">\n<p>Die &#8220;Wirtschaftliche Gesellschaft\u00a0f\u00fcr Westfalen und Lippe (WWL)&#8221; hat sich in Absprache mit der zugeh\u00f6rigen Jury,\u00a0der &#8220;Pers\u00f6nlichkeiten&#8221;\u00a0aus Politik und Wirtschaft angeh\u00f6ren, entschieden, den diesj\u00e4hrigen\u00a0Westf\u00e4lischen Friedenspreis an das &#8220;Verteidigungsb\u00fcndnis NATO&#8221; zu vergeben. Die Ehrung wird alle zwei Jahre verliehen. In <a rel=\"nofollow noopener\" target=\"_blank\" href=\"https:\/\/www.wirtschaftliche-gesellschaft.de\/internationaler-preis-des-westfaelischen-friedens\/jury\">der Jury<\/a> und dem zugeh\u00f6rigen Gremium sitzen neben dem Bundespr\u00e4sidenten auch der Transatlantiker und Ex-Minister Sigmar Gabriel, Gr\u00fcnen-Politiker Cem \u00d6zdemir und Bundeskanzler Friedrich Merz. Laut Mitteilung\u00a0w\u00fcrdigt die\u00a0WWL\u00a0mit der Preisvergabe &#8220;die kontinuierliche Friedensarbeit der NATO&#8221;.<\/p>\n<p>Die WWL vergibt den Preis seit 1998 an Pers\u00f6nlichkeiten und Organisationen, &#8220;die sich um den Frieden in Europa verdient gemacht haben&#8221;. In der Jury beraten sich laut Webseite &#8220;hochrangige Vertreterinnen und Vertreter aus Politik und Wirtschaft&#8221; alle zwei Jahre zur Vergabe des Preises und zur Auswahl der Friedenspreistr\u00e4ger. Die Ehrung ist mit 100.000 Euro dotiert, wird aber mit einem zweiten Preistr\u00e4ger geteilt. In diesem Jahr handelt es sich hierbei um die &#8220;Jugendorganisation <a rel=\"nofollow noopener\" target=\"_blank\" href=\"https:\/\/www.sociomovens.de\/wp-content\/uploads\/SocioMovens-Taetigkeitsbericht-2023-Din-A5-12S-27-03-2024.pdf\">socioMovens<\/a>&#8220;,\u00a0eine kirchennahe Organisation, die in Mittel- und Osteuropa aktiv ist und dort &#8220;soziales Engagement von Jugendlichen, europ\u00e4ische Verst\u00e4ndigung und werteorientierte Jugendkultur f\u00f6rdert&#8221;.<\/p>\n<p>In der WWL-Pressemitteilung hei\u00dft es zu den Gr\u00fcnden des diesj\u00e4hrigen Preistr\u00e4gers:<\/p>\n<p><em>&#8220;Die NATO steht seit mehr als sieben Jahrzehnten als B\u00fcndnis f\u00fcr eine regelbasierte Sicherheitsarchitektur, die Konflikte eind\u00e4mmt, Eskalation vorbeugt und Zusammenarbeit st\u00e4rkt.\u00a0Die Erweiterung um Finnland und Schweden st\u00e4rkte die Stabilit\u00e4t Europas und folgte dem Prinzip freiwilliger Partnerschaft souver\u00e4ner Staaten.&#8221;<\/em><\/p>\n<p>Die WWL will mit dem Preis jedoch nicht nur die NATO ehren, sondern explizit auch deren Generalsekret\u00e4r Mark Rutte. Er\u00a0sei &#8220;eine F\u00fchrungspers\u00f6nlichkeit, die in Zeiten geopolitischer Spannungen Pragmatismus, Geschlossenheit und Ma\u00df verk\u00f6rpert&#8221;, begr\u00fcndete die WWL ihre Entscheidung.\u00a0Die NATO habe unter Rutte, der das Amt seit Oktober 2024 innehat, &#8220;den Kurs der Geschlossenheit fortgesetzt und neue Akzente in der europ\u00e4ischen Sicherheitsarchitektur gesetzt&#8221;.\u00a0<\/p>\n<p>W\u00f6rtlich hei\u00dft es dann zu einem weiteren Entscheidungsgrund:<\/p>\n<p><em>&#8220;Verantwortungsvolle Unterst\u00fctzung der Ukraine: Die NATO koordiniert Hilfe im Rahmen des V\u00f6lkerrechts \u2013 solidarisch, aber ohne selbst Konfliktpartei zu werden.&#8221;<\/em><\/p>\n<p>WWL-Vorsitzender\u00a0Reinhard Zinkann wird vom <em>WDR<\/em> mit den Worten zitiert:<\/p>\n<p><em>&#8220;Nur gemeinsam mit unseren Verb\u00fcndeten k\u00f6nnen wir in Europa Frieden erm\u00f6glichen.&#8221;<\/em><\/p>\n<p>Der Politikwissenschaftler Professor Johannes Varwick kommentierte auf X zur Mitteilung:<\/p>\n<p><em>&#8220;Dass die NATO den Preis des Westf\u00e4lischen Friedens 2026 bekommt ist nach dem Friedenspreis f\u00fcr Schl\u00f6gel und Applebaum ein weiterer Tiefpunkt politischer Kultur. What\u2019s next? Rheinmetall?&#8221;<\/em><\/p>\n<div class=\"EmbedBlock-root EmbedBlock-twitter\">\n<div class=\"TwitterEmbed\">\n<blockquote class=\"twitter-tweet lazyload\" data-twitter=\"twitter-tweet\">\n<p lang=\"de\" dir=\"ltr\">Dass die NATO den Preis des Westf\u00e4lischen Friedens 2026 bekommt ist nach dem Friedenspreis f\u00fcr Schl\u00f6gel und Applebaum ein weiterer Tiefpunkt politischer Kultur. What\u2019s next? Rheinmetall?<\/p>\n<p>\u2014 Johannes Varwick (@JohannesVarwick) <a rel=\"nofollow noopener\" target=\"_blank\" href=\"https:\/\/twitter.com\/JohannesVarwick\/status\/1986195603378880824?ref_src=twsrc%5Etfw\">November 5, 2025<\/a><\/p><\/blockquote>\n<\/div>\n<\/div>\n<p>Zu den bisherigen Preistr\u00e4gern z\u00e4hlen unter anderem V\u00e1clav Havel, Helmut Kohl, Kofi Annan und zuletzt im Jahr 2025 Emmanuel Macron und Margot Friedl\u00e4nder.\u00a0Die Wirtschaftliche Gesellschaft f\u00fcr Westfalen und Lippe\u00a0k\u00fcndigt\u00a0in einer undatierten Mitteilung f\u00fcr die Preisverleihung im kommenden Jahr &#8220;eine gro\u00dfe Feier im Rathaus des Westf\u00e4lischen Friedens in\u00a0M\u00fcnster&#8221; an.<\/p>\n<p><strong>Mehr zum Thema \u2012<\/strong>\u00a0<a rel=\"nofollow noopener\" target=\"_blank\" href=\"https:\/\/freedert.online\/europa\/259928-fackelzeremoniell-in-waeldern-litauens-generalinspekteur-freuding-stimmt-soldaten-auf-sieg-ein\/\">Fackelzeremoniell in Litauens W\u00e4ldern: Generalinspekteur Freuding stimmt Soldaten auf &#8220;Sieg&#8221; ein<\/a><\/p>\n<div class=\"EmbedBlock-root EmbedBlock-externalVideo EmbedBlock-rumble\">\n<div class=\"VkEmbed\"><iframe class=\"lazyload\" data-src=\"https:\/\/rumble.com\/embed\/v6z2y3s\" frameborder=\"0\" width=\"853\" height=\"480\" allowfullscreen><\/iframe><\/div>\n<\/div>\n<\/div>\n<p><script async src=\"https:\/\/platform.twitter.com\/widgets.js\" charset=\"utf-8\"><\/script><br \/>\n<br \/><br \/>\n<br \/><a href=\"https:\/\/de.rt.com\/inland\/260935-nato-erhaelt-westfaelischen-friedenspreis-2026\/\">Source link <\/a><\/p>\n","protected":false},"excerpt":{"rendered":"<p>Eine Jury aus Politik und Wirtschaft, federf\u00fchrend dabei Bundespr\u00e4sident Frank-Walter Steinmeier, ehrt das NATO-Milit\u00e4rb\u00fcndnis mit dem Westf\u00e4lischen Friedenspreis 2026. Das &#8220;Verteidigungsb\u00fcndnis&#8221; stehe laut Begr\u00fcndung f\u00fcr eine &#8220;regelbasierte Sicherheitsarchitektur, die Konflikte eind\u00e4mmt&#8221; und &#8220;Eskalationen vorbeugt&#8221;. Die &#8220;Wirtschaftliche Gesellschaft\u00a0f\u00fcr Westfalen und Lippe (WWL)&#8221; hat sich in Absprache mit der zugeh\u00f6rigen Jury,\u00a0der &#8220;Pers\u00f6nlichkeiten&#8221;\u00a0aus Politik und Wirtschaft angeh\u00f6ren, entschieden, [&hellip;]<\/p>\n","protected":false},"author":3,"featured_media":93410,"comment_status":"open","ping_status":"open","sticky":false,"template":"","format":"standard","meta":{"_yoast_indexnow_last_ping":["1762419315"],"wp_automatic_camp":["217"],"905007e7bb558a1efde20c35edfdb9be":["NATO erh\u00e4lt Westf\u00e4lischen Friedenspreis 2026"],"original_link":["https:\/\/de.rt.com\/inland\/260935-nato-erhaelt-westfaelischen-friedenspreis-2026\/"],"_thumbnail_id":["93410"],"jnews_social_counter_last_update":["1777327922"],"_wptgpro_p2tg_sent2tg":["a:1:{i:23737;s:19:\"2025-11-06 10:56:16\";}"]},"categories":[19,23],"tags":[822,45795,2697,68941],"yoast_head":"<!-- This site is optimized with the Yoast SEO Premium plugin v22.7 (Yoast SEO v22.7) - https:\/\/yoast.com\/wordpress\/plugins\/seo\/ -->\n<title>NATO erh\u00e4lt Westf\u00e4lischen Friedenspreis 2026 - just-now.NEWS Deutschland<\/title>\n<meta name=\"robots\" content=\"index, follow, max-snippet:-1, max-image-preview:large, max-video-preview:-1\" \/>\n<link rel=\"canonical\" href=\"https:\/\/now-news.de\/de\/deutschland\/nato-erhaelt-westfaelischen-friedenspreis-2026\/\" \/>\n<meta property=\"og:locale\" content=\"de_DE\" \/>\n<meta property=\"og:type\" content=\"article\" \/>\n<meta property=\"og:title\" content=\"NATO erh\u00e4lt Westf\u00e4lischen Friedenspreis 2026\" \/>\n<meta property=\"og:description\" content=\"Eine Jury aus Politik und Wirtschaft, federf\u00fchrend dabei Bundespr\u00e4sident Frank-Walter Steinmeier, ehrt das NATO-Milit\u00e4rb\u00fcndnis mit dem Westf\u00e4lischen Friedenspreis 2026. Das &#8220;Verteidigungsb\u00fcndnis&#8221; stehe laut Begr\u00fcndung f\u00fcr eine &#8220;regelbasierte Sicherheitsarchitektur, die Konflikte eind\u00e4mmt&#8221; und &#8220;Eskalationen vorbeugt&#8221;. Die &#8220;Wirtschaftliche Gesellschaft\u00a0f\u00fcr Westfalen und Lippe (WWL)&#8221; hat sich in Absprache mit der zugeh\u00f6rigen Jury,\u00a0der &#8220;Pers\u00f6nlichkeiten&#8221;\u00a0aus Politik und Wirtschaft angeh\u00f6ren, entschieden, [&hellip;]\" \/>\n<meta property=\"og:url\" content=\"https:\/\/now-news.de\/de\/deutschland\/nato-erhaelt-westfaelischen-friedenspreis-2026\/\" \/>\n<meta property=\"og:site_name\" content=\"just-now.NEWS Deutschland\" \/>\n<meta property=\"article:publisher\" content=\"https:\/\/www.facebook.com\/wirmachenauf\" \/>\n<meta property=\"article:published_time\" content=\"2025-11-06T08:39:28+00:00\" \/>\n<meta property=\"og:image\" content=\"https:\/\/now-news.de\/de\/wp-content\/uploads\/sites\/3\/2025\/11\/690c4a27b480cc4905313f25.jpg\" \/>\n<meta name=\"author\" content=\"rtnews\" \/>\n<meta name=\"twitter:card\" content=\"summary_large_image\" \/>\n<meta name=\"twitter:creator\" content=\"@WirMachenAuf_de\" \/>\n<meta name=\"twitter:site\" content=\"@WirMachenAuf_de\" \/>\n<meta name=\"twitter:label1\" content=\"Verfasst von\" \/>\n\t<meta name=\"twitter:data1\" content=\"rtnews\" \/>\n\t<meta name=\"twitter:label2\" content=\"Gesch\u00e4tzte Lesezeit\" \/>\n\t<meta name=\"twitter:data2\" content=\"3\u00a0Minuten\" \/>\n<script type=\"application\/ld+json\" class=\"yoast-schema-graph\">{\"@context\":\"https:\/\/schema.org\",\"@graph\":[{\"@type\":\"Article\",\"@id\":\"https:\/\/now-news.de\/de\/deutschland\/nato-erhaelt-westfaelischen-friedenspreis-2026\/#article\",\"isPartOf\":{\"@id\":\"https:\/\/now-news.de\/de\/deutschland\/nato-erhaelt-westfaelischen-friedenspreis-2026\/\"},\"author\":{\"name\":\"rtnews\",\"@id\":\"https:\/\/now-news.de\/de\/#\/schema\/person\/fb534a4e865501d8b3285208df34a9b5\"},\"headline\":\"NATO erh\u00e4lt Westf\u00e4lischen Friedenspreis 2026\",\"datePublished\":\"2025-11-06T08:39:28+00:00\",\"dateModified\":\"2025-11-06T08:39:28+00:00\",\"mainEntityOfPage\":{\"@id\":\"https:\/\/now-news.de\/de\/deutschland\/nato-erhaelt-westfaelischen-friedenspreis-2026\/\"},\"wordCount\":573,\"commentCount\":0,\"publisher\":{\"@id\":\"https:\/\/now-news.de\/de\/#organization\"},\"image\":{\"@id\":\"https:\/\/now-news.de\/de\/deutschland\/nato-erhaelt-westfaelischen-friedenspreis-2026\/#primaryimage\"},\"thumbnailUrl\":\"https:\/\/now-news.de\/de\/wp-content\/uploads\/sites\/3\/2025\/11\/NATO-erhaelt-Westfaelischen-Friedenspreis-2026.jpg\",\"keywords\":[\"erh\u00e4lt\",\"Friedenspreis\",\"nato\",\"Westf\u00e4lischen\"],\"articleSection\":[\"Deutschland\",\"Russland\"],\"inLanguage\":\"de\",\"potentialAction\":[{\"@type\":\"CommentAction\",\"name\":\"Comment\",\"target\":[\"https:\/\/now-news.de\/de\/deutschland\/nato-erhaelt-westfaelischen-friedenspreis-2026\/#respond\"]}]},{\"@type\":\"WebPage\",\"@id\":\"https:\/\/now-news.de\/de\/deutschland\/nato-erhaelt-westfaelischen-friedenspreis-2026\/\",\"url\":\"https:\/\/now-news.de\/de\/deutschland\/nato-erhaelt-westfaelischen-friedenspreis-2026\/\",\"name\":\"NATO erh\u00e4lt Westf\u00e4lischen Friedenspreis 2026 - just-now.NEWS Deutschland\",\"isPartOf\":{\"@id\":\"https:\/\/now-news.de\/de\/#website\"},\"primaryImageOfPage\":{\"@id\":\"https:\/\/now-news.de\/de\/deutschland\/nato-erhaelt-westfaelischen-friedenspreis-2026\/#primaryimage\"},\"image\":{\"@id\":\"https:\/\/now-news.de\/de\/deutschland\/nato-erhaelt-westfaelischen-friedenspreis-2026\/#primaryimage\"},\"thumbnailUrl\":\"https:\/\/now-news.de\/de\/wp-content\/uploads\/sites\/3\/2025\/11\/NATO-erhaelt-Westfaelischen-Friedenspreis-2026.jpg\",\"datePublished\":\"2025-11-06T08:39:28+00:00\",\"dateModified\":\"2025-11-06T08:39:28+00:00\",\"breadcrumb\":{\"@id\":\"https:\/\/now-news.de\/de\/deutschland\/nato-erhaelt-westfaelischen-friedenspreis-2026\/#breadcrumb\"},\"inLanguage\":\"de\",\"potentialAction\":[{\"@type\":\"ReadAction\",\"target\":[\"https:\/\/now-news.de\/de\/deutschland\/nato-erhaelt-westfaelischen-friedenspreis-2026\/\"]}]},{\"@type\":\"ImageObject\",\"inLanguage\":\"de\",\"@id\":\"https:\/\/now-news.de\/de\/deutschland\/nato-erhaelt-westfaelischen-friedenspreis-2026\/#primaryimage\",\"url\":\"https:\/\/now-news.de\/de\/wp-content\/uploads\/sites\/3\/2025\/11\/NATO-erhaelt-Westfaelischen-Friedenspreis-2026.jpg\",\"contentUrl\":\"https:\/\/now-news.de\/de\/wp-content\/uploads\/sites\/3\/2025\/11\/NATO-erhaelt-Westfaelischen-Friedenspreis-2026.jpg\",\"width\":460,\"height\":259,\"caption\":\"NATO erh\u00e4lt Westf\u00e4lischen Friedenspreis 2026\"},{\"@type\":\"BreadcrumbList\",\"@id\":\"https:\/\/now-news.de\/de\/deutschland\/nato-erhaelt-westfaelischen-friedenspreis-2026\/#breadcrumb\",\"itemListElement\":[{\"@type\":\"ListItem\",\"position\":1,\"name\":\"Home\",\"item\":\"https:\/\/now-news.de\/de\/\"},{\"@type\":\"ListItem\",\"position\":2,\"name\":\"NATO erh\u00e4lt Westf\u00e4lischen Friedenspreis 2026\"}]},{\"@type\":\"WebSite\",\"@id\":\"https:\/\/now-news.de\/de\/#website\",\"url\":\"https:\/\/now-news.de\/de\/\",\"name\":\"just-now.NEWS Deutschland\",\"description\":\"Das Portal f\u00fcr unzensierte Nachrichten aus der Welt\",\"publisher\":{\"@id\":\"https:\/\/now-news.de\/de\/#organization\"},\"potentialAction\":[{\"@type\":\"SearchAction\",\"target\":{\"@type\":\"EntryPoint\",\"urlTemplate\":\"https:\/\/now-news.de\/de\/?s={search_term_string}\"},\"query-input\":\"required name=search_term_string\"}],\"inLanguage\":\"de\"},{\"@type\":\"Organization\",\"@id\":\"https:\/\/now-news.de\/de\/#organization\",\"name\":\"Just Now News\",\"url\":\"https:\/\/now-news.de\/de\/\",\"logo\":{\"@type\":\"ImageObject\",\"inLanguage\":\"de\",\"@id\":\"https:\/\/now-news.de\/de\/#\/schema\/logo\/image\/\",\"url\":\"http:\/\/just-now.news\/de\/wp-content\/uploads\/sites\/3\/2022\/04\/logo500x500.jpg\",\"contentUrl\":\"http:\/\/just-now.news\/de\/wp-content\/uploads\/sites\/3\/2022\/04\/logo500x500.jpg\",\"width\":500,\"height\":500,\"caption\":\"Just Now News\"},\"image\":{\"@id\":\"https:\/\/now-news.de\/de\/#\/schema\/logo\/image\/\"},\"sameAs\":[\"https:\/\/www.facebook.com\/wirmachenauf\",\"https:\/\/x.com\/WirMachenAuf_de\"]},{\"@type\":\"Person\",\"@id\":\"https:\/\/now-news.de\/de\/#\/schema\/person\/fb534a4e865501d8b3285208df34a9b5\",\"name\":\"rtnews\",\"image\":{\"@type\":\"ImageObject\",\"inLanguage\":\"de\",\"@id\":\"https:\/\/now-news.de\/de\/#\/schema\/person\/image\/\",\"url\":\"https:\/\/secure.gravatar.com\/avatar\/82aafea7d8127119dd649515f56e2117?s=96&d=mm&r=g\",\"contentUrl\":\"https:\/\/secure.gravatar.com\/avatar\/82aafea7d8127119dd649515f56e2117?s=96&d=mm&r=g\",\"caption\":\"rtnews\"},\"url\":\"https:\/\/now-news.de\/de\/author\/rnews\/\"}]}<\/script>\n<!-- \/ Yoast SEO Premium plugin. -->","yoast_head_json":{"title":"NATO erh\u00e4lt Westf\u00e4lischen Friedenspreis 2026 - just-now.NEWS Deutschland","robots":{"index":"index","follow":"follow","max-snippet":"max-snippet:-1","max-image-preview":"max-image-preview:large","max-video-preview":"max-video-preview:-1"},"canonical":"https:\/\/now-news.de\/de\/deutschland\/nato-erhaelt-westfaelischen-friedenspreis-2026\/","og_locale":"de_DE","og_type":"article","og_title":"NATO erh\u00e4lt Westf\u00e4lischen Friedenspreis 2026","og_description":"Eine Jury aus Politik und Wirtschaft, federf\u00fchrend dabei Bundespr\u00e4sident Frank-Walter Steinmeier, ehrt das NATO-Milit\u00e4rb\u00fcndnis mit dem Westf\u00e4lischen Friedenspreis 2026. Das &#8220;Verteidigungsb\u00fcndnis&#8221; stehe laut Begr\u00fcndung f\u00fcr eine &#8220;regelbasierte Sicherheitsarchitektur, die Konflikte eind\u00e4mmt&#8221; und &#8220;Eskalationen vorbeugt&#8221;. Die &#8220;Wirtschaftliche Gesellschaft\u00a0f\u00fcr Westfalen und Lippe (WWL)&#8221; hat sich in Absprache mit der zugeh\u00f6rigen Jury,\u00a0der &#8220;Pers\u00f6nlichkeiten&#8221;\u00a0aus Politik und Wirtschaft angeh\u00f6ren, entschieden, [&hellip;]","og_url":"https:\/\/now-news.de\/de\/deutschland\/nato-erhaelt-westfaelischen-friedenspreis-2026\/","og_site_name":"just-now.NEWS Deutschland","article_publisher":"https:\/\/www.facebook.com\/wirmachenauf","article_published_time":"2025-11-06T08:39:28+00:00","og_image":[{"url":"https:\/\/now-news.de\/de\/wp-content\/uploads\/sites\/3\/2025\/11\/690c4a27b480cc4905313f25.jpg"}],"author":"rtnews","twitter_card":"summary_large_image","twitter_creator":"@WirMachenAuf_de","twitter_site":"@WirMachenAuf_de","twitter_misc":{"Verfasst von":"rtnews","Gesch\u00e4tzte Lesezeit":"3\u00a0Minuten"},"schema":{"@context":"https:\/\/schema.org","@graph":[{"@type":"Article","@id":"https:\/\/now-news.de\/de\/deutschland\/nato-erhaelt-westfaelischen-friedenspreis-2026\/#article","isPartOf":{"@id":"https:\/\/now-news.de\/de\/deutschland\/nato-erhaelt-westfaelischen-friedenspreis-2026\/"},"author":{"name":"rtnews","@id":"https:\/\/now-news.de\/de\/#\/schema\/person\/fb534a4e865501d8b3285208df34a9b5"},"headline":"NATO erh\u00e4lt Westf\u00e4lischen Friedenspreis 2026","datePublished":"2025-11-06T08:39:28+00:00","dateModified":"2025-11-06T08:39:28+00:00","mainEntityOfPage":{"@id":"https:\/\/now-news.de\/de\/deutschland\/nato-erhaelt-westfaelischen-friedenspreis-2026\/"},"wordCount":573,"commentCount":0,"publisher":{"@id":"https:\/\/now-news.de\/de\/#organization"},"image":{"@id":"https:\/\/now-news.de\/de\/deutschland\/nato-erhaelt-westfaelischen-friedenspreis-2026\/#primaryimage"},"thumbnailUrl":"https:\/\/now-news.de\/de\/wp-content\/uploads\/sites\/3\/2025\/11\/NATO-erhaelt-Westfaelischen-Friedenspreis-2026.jpg","keywords":["erh\u00e4lt","Friedenspreis","nato","Westf\u00e4lischen"],"articleSection":["Deutschland","Russland"],"inLanguage":"de","potentialAction":[{"@type":"CommentAction","name":"Comment","target":["https:\/\/now-news.de\/de\/deutschland\/nato-erhaelt-westfaelischen-friedenspreis-2026\/#respond"]}]},{"@type":"WebPage","@id":"https:\/\/now-news.de\/de\/deutschland\/nato-erhaelt-westfaelischen-friedenspreis-2026\/","url":"https:\/\/now-news.de\/de\/deutschland\/nato-erhaelt-westfaelischen-friedenspreis-2026\/","name":"NATO erh\u00e4lt Westf\u00e4lischen Friedenspreis 2026 - just-now.NEWS Deutschland","isPartOf":{"@id":"https:\/\/now-news.de\/de\/#website"},"primaryImageOfPage":{"@id":"https:\/\/now-news.de\/de\/deutschland\/nato-erhaelt-westfaelischen-friedenspreis-2026\/#primaryimage"},"image":{"@id":"https:\/\/now-news.de\/de\/deutschland\/nato-erhaelt-westfaelischen-friedenspreis-2026\/#primaryimage"},"thumbnailUrl":"https:\/\/now-news.de\/de\/wp-content\/uploads\/sites\/3\/2025\/11\/NATO-erhaelt-Westfaelischen-Friedenspreis-2026.jpg","datePublished":"2025-11-06T08:39:28+00:00","dateModified":"2025-11-06T08:39:28+00:00","breadcrumb":{"@id":"https:\/\/now-news.de\/de\/deutschland\/nato-erhaelt-westfaelischen-friedenspreis-2026\/#breadcrumb"},"inLanguage":"de","potentialAction":[{"@type":"ReadAction","target":["https:\/\/now-news.de\/de\/deutschland\/nato-erhaelt-westfaelischen-friedenspreis-2026\/"]}]},{"@type":"ImageObject","inLanguage":"de","@id":"https:\/\/now-news.de\/de\/deutschland\/nato-erhaelt-westfaelischen-friedenspreis-2026\/#primaryimage","url":"https:\/\/now-news.de\/de\/wp-content\/uploads\/sites\/3\/2025\/11\/NATO-erhaelt-Westfaelischen-Friedenspreis-2026.jpg","contentUrl":"https:\/\/now-news.de\/de\/wp-content\/uploads\/sites\/3\/2025\/11\/NATO-erhaelt-Westfaelischen-Friedenspreis-2026.jpg","width":460,"height":259,"caption":"NATO erh\u00e4lt Westf\u00e4lischen Friedenspreis 2026"},{"@type":"BreadcrumbList","@id":"https:\/\/now-news.de\/de\/deutschland\/nato-erhaelt-westfaelischen-friedenspreis-2026\/#breadcrumb","itemListElement":[{"@type":"ListItem","position":1,"name":"Home","item":"https:\/\/now-news.de\/de\/"},{"@type":"ListItem","position":2,"name":"NATO erh\u00e4lt Westf\u00e4lischen Friedenspreis 2026"}]},{"@type":"WebSite","@id":"https:\/\/now-news.de\/de\/#website","url":"https:\/\/now-news.de\/de\/","name":"just-now.NEWS Deutschland","description":"Das Portal f\u00fcr unzensierte Nachrichten aus der Welt","publisher":{"@id":"https:\/\/now-news.de\/de\/#organization"},"potentialAction":[{"@type":"SearchAction","target":{"@type":"EntryPoint","urlTemplate":"https:\/\/now-news.de\/de\/?s={search_term_string}"},"query-input":"required name=search_term_string"}],"inLanguage":"de"},{"@type":"Organization","@id":"https:\/\/now-news.de\/de\/#organization","name":"Just Now News","url":"https:\/\/now-news.de\/de\/","logo":{"@type":"ImageObject","inLanguage":"de","@id":"https:\/\/now-news.de\/de\/#\/schema\/logo\/image\/","url":"http:\/\/just-now.news\/de\/wp-content\/uploads\/sites\/3\/2022\/04\/logo500x500.jpg","contentUrl":"http:\/\/just-now.news\/de\/wp-content\/uploads\/sites\/3\/2022\/04\/logo500x500.jpg","width":500,"height":500,"caption":"Just Now News"},"image":{"@id":"https:\/\/now-news.de\/de\/#\/schema\/logo\/image\/"},"sameAs":["https:\/\/www.facebook.com\/wirmachenauf","https:\/\/x.com\/WirMachenAuf_de"]},{"@type":"Person","@id":"https:\/\/now-news.de\/de\/#\/schema\/person\/fb534a4e865501d8b3285208df34a9b5","name":"rtnews","image":{"@type":"ImageObject","inLanguage":"de","@id":"https:\/\/now-news.de\/de\/#\/schema\/person\/image\/","url":"https:\/\/secure.gravatar.com\/avatar\/82aafea7d8127119dd649515f56e2117?s=96&d=mm&r=g","contentUrl":"https:\/\/secure.gravatar.com\/avatar\/82aafea7d8127119dd649515f56e2117?s=96&d=mm&r=g","caption":"rtnews"},"url":"https:\/\/now-news.de\/de\/author\/rnews\/"}]}},"_links":{"self":[{"href":"https:\/\/now-news.de\/de\/wp-json\/wp\/v2\/posts\/93409"}],"collection":[{"href":"https:\/\/now-news.de\/de\/wp-json\/wp\/v2\/posts"}],"about":[{"href":"https:\/\/now-news.de\/de\/wp-json\/wp\/v2\/types\/post"}],"author":[{"embeddable":true,"href":"https:\/\/now-news.de\/de\/wp-json\/wp\/v2\/users\/3"}],"replies":[{"embeddable":true,"href":"https:\/\/now-news.de\/de\/wp-json\/wp\/v2\/comments?post=93409"}],"version-history":[{"count":0,"href":"https:\/\/now-news.de\/de\/wp-json\/wp\/v2\/posts\/93409\/revisions"}],"wp:featuredmedia":[{"embeddable":true,"href":"https:\/\/now-news.de\/de\/wp-json\/wp\/v2\/media\/93410"}],"wp:attachment":[{"href":"https:\/\/now-news.de\/de\/wp-json\/wp\/v2\/media?parent=93409"}],"wp:term":[{"taxonomy":"category","embeddable":true,"href":"https:\/\/now-news.de\/de\/wp-json\/wp\/v2\/categories?post=93409"},{"taxonomy":"post_tag","embeddable":true,"href":"https:\/\/now-news.de\/de\/wp-json\/wp\/v2\/tags?post=93409"}],"curies":[{"name":"wp","href":"https:\/\/api.w.org\/{rel}","templated":true}]}}