{"id":93403,"date":"2025-11-05T21:49:18","date_gmt":"2025-11-05T19:49:18","guid":{"rendered":"https:\/\/now-news.de\/de\/deutschland\/neue-freihandelszone-zwischen-eu-und-ukraine-in-kraft-drei-eu-mitglieder-wehren-sich\/"},"modified":"2025-11-05T21:49:18","modified_gmt":"2025-11-05T19:49:18","slug":"neue-freihandelszone-zwischen-eu-und-ukraine-in-kraft-drei-eu-mitglieder-wehren-sich","status":"publish","type":"post","link":"https:\/\/now-news.de\/de\/deutschland\/neue-freihandelszone-zwischen-eu-und-ukraine-in-kraft-drei-eu-mitglieder-wehren-sich\/","title":{"rendered":"Neue Freihandelszone zwischen EU und Ukraine in Kraft \u2013 drei EU-Mitglieder wehren sich"},"content":{"rendered":"<p><img decoding=\"async\" src=\"https:\/\/now-news.de\/de\/wp-content\/uploads\/sites\/3\/2025\/11\/690b3fea48fbef7a2726643d.jpg\" \/><\/p>\n<div class=\"Text-root Text-type_1 \">\n                Das neue EU-Freihandelsabkommen mit der Ukraine soll die Wirtschaft stabilisieren. Mit der Zeit w\u00fcrden landwirtschaftliche EU-Standards in der Ukraine eingef\u00fchrt, die dort aktuell noch nicht gelten. Drei Mitgliedsl\u00e4nder halten ihre Importverbote trotzdem aufrecht: Polen, Ungarn und die Slowakei.\n            <\/div>\n<p><\/p>\n<div class=\"Text-root Text-type_5 ArticleView-text ViewText-root \">\n<p>Scheinbar hat es die \u00d6ffentlichkeit nicht gro\u00df interessiert: In der vergangenen Woche ist ein Freihandelsabkommen zwischen der EU und der Ukraine in Kraft getreten, \u00fcber das kaum berichtet wurde. Stattdessen r\u00fcckten eine <a rel=\"nofollow noopener\" target=\"_blank\" href=\"https:\/\/dert.online\/meinung\/260050-tiervernichtungsmaschinerie-maerchen-von-pcr-vogelgrippepandemie\/\">Vogelgrippe<\/a> und ein <a rel=\"nofollow noopener\" target=\"_blank\" href=\"https:\/\/dert.online\/amerika\/260169-hurrikan-sturm-melissa-jamaikaner-verweigern\/\">&#8220;Jahrhundertorkan&#8221;<\/a> auf Jamaika in den Fokus. Zur Bannung der Vogelgrippe wurden vor ein paar Tagen Tausende Nutztiere gekeult.<\/p>\n<p>Da passt es wom\u00f6glich gut, dass die Ukraine zeitnah ihr Gefl\u00fcgel ohne Handelshemmnisse oder Z\u00f6lle auf den europ\u00e4ischen Markt bringen kann. Gleichzeitig ist das am Donnerstag in Kraft getretene <a rel=\"nofollow noopener\" target=\"_blank\" href=\"https:\/\/ec.europa.eu\/commission\/presscorner\/detail\/de\/ip_25_2543\">DCFTA-Handelsabkommen<\/a> ein weiterer Schritt in Richtung EU-Mitgliedschaft der Ukraine.<\/p>\n<p>Das Freihandelsabkommen soll angeblich &#8220;langfristig wirtschaftliche Sicherheit und stabile Handelsbeziehungen f\u00fcr beide Parteien f\u00f6rdern&#8221;. Doch laut einem <a rel=\"nofollow noopener\" target=\"_blank\" href=\"https:\/\/tkp.at\/2025\/11\/03\/handelsabkommen-kommission-und-ukraine-gegen-eu-mitglieder\/\">Bericht<\/a> des \u00f6sterreichischen <em>tkp<\/em> vom Montag bedeute der Handelsvertrag das Gegenteil von &#8220;wirtschaftlicher Sicherheit.<em>&#8221;\u00a0<\/em>So sieht man das auch in Ungarn, Polen und der Slowakei.<em><\/em><em><\/em><\/p>\n<p>In den drei Mitgliedsl\u00e4ndern gibt es Importverbote f\u00fcr ukrainische Lebensmittel, die sie auch nach Inkrafttreten des Freihandelsabkommens nicht aufgeben wollen. Somit brechen die drei EU\u2011Mitgliedstaaten EU-Recht. Der Streit zwischen ihnen und Br\u00fcssel eskaliere, w\u00e4hrend die Ukraine gleichzeitig mit Gegensanktionen drohe, so das <em>tkp<\/em>-Nachrichtenportal. In dieser Situation habe sich die EU-Kommission auf die Seite der Ukraine und nicht auf die Seite der drei Mitgliedsl\u00e4nder Polen, Ungarn und Slowakei gestellt.<\/p>\n<p>Das sei beachtlich, &#8220;denn die Beh\u00f6rde sollte eigentlich im Namen der Mitgliedsl\u00e4nder handeln, stattdessen schl\u00e4gt sie sich auf die Seite der Ukraine und gegen die eigenen Mitglieder&#8221;. Zun\u00e4chst wolle die Kommission die Mitglieder mit Gespr\u00e4chen \u00fcberzeugen. Sollten alle \u00dcberzeugungsma\u00dfnahmen nicht fruchten, drohen Geldstrafen.<\/p>\n<p>In ihrer <a rel=\"nofollow noopener\" target=\"_blank\" href=\"https:\/\/ec.europa.eu\/commission\/presscorner\/detail\/de\/ip_25_2543\">Pressemitteilung<\/a> lobte die EU die neue Freihandelszone mit der Ukraine. Sie f\u00fchre angeblich zu einer f\u00fcr beide Seiten vorteilhaften Handelsbeziehung. Zudem trage das DCFTA-Freihandelsabkommen schrittweise zur Integration der Ukraine in den EU-Binnenmarkt bei. Au\u00dferdem werde man mit der Zeit die EU-Standards der landwirtschaftlichen Produktion auch in der Ukraine einf\u00fchren. Auf der EU-Webseite hie\u00df es dazu:\u00a0<\/p>\n<p><em>&#8220;Ab heute profitieren die EU und die Ukraine mit dem Inkrafttreten der vertieften und umfassenden Freihandelszone (DCFTA) EU-Ukraine von einem verbesserten, stabilen, fairen und dauerhaften Handelsrahmen. Die Erweiterung der DCFTA f\u00fchrt zu einer zus\u00e4tzlichen, f\u00fcr beide Seiten vorteilhaften Handelsliberalisierung, wobei der Sensibilit\u00e4t bestimmter Agrarsektoren in der EU in vollem Umfang Rechnung getragen wird. Hier zeigt sich sehr konkret das unersch\u00fctterliche Engagement der EU zur Unterst\u00fctzung der Ukraine. Zugleich werden die Importe sensibler landwirtschaftlicher Erzeugnisse in die EU im Vergleich zu den im Rahmen der <a rel=\"nofollow noopener\" target=\"_blank\" href=\"https:\/\/ec.europa.eu\/commission\/presscorner\/detail\/de\/IP_24_2529\">autonomen Handelsma\u00dfnahmen<\/a> festgelegten Mengen begrenzt, eine solide neue Schutzklausel verankert und die Angleichung der ukrainischen und der EU-Produktionsstandards vorgesehen.&#8221;<\/em><\/p>\n<p>In der Presseerkl\u00e4rung wird ausdr\u00fccklich darauf hingewiesen, dass mit dem neuen Abkommen die &#8220;sensiblen Belange der Interessentr\u00e4ger in der EU-Landwirtschaft&#8221; gesch\u00fctzt w\u00fcrden, &#8220;indem unterschiedliche Marktzugangsniveaus f\u00fcr bestimmte Erzeugnisse sorgf\u00e4ltig justiert werden&#8221;. Bei den &#8220;sensibelsten Erzeugnissen wie Zucker, Gefl\u00fcgel, Eier, Weizen, Mais und Honig&#8221; habe man die zul\u00e4ssigen Importmengen sogar nur wenig erh\u00f6ht. Schlie\u00dflich w\u00fcrde die Ukraine zur weltweiten Ern\u00e4hrungssicherheit beitragen, so die EU-Pressemitteilung. Ungarn, Polen und die Slowakei sehen ihre heimische Produktion dennoch bedroht und wollen sich wehren.<\/p>\n<p><strong>Mehr zum Thema\u00a0<\/strong>\u2013<strong>\u00a0<\/strong><a rel=\"nofollow noopener\" target=\"_blank\" href=\"https:\/\/dert.online\/europa\/260557-slowakei-wird-idee-antiukrainischen-blocks\/\">Slowakei <\/a><a rel=\"nofollow noopener\" target=\"_blank\" href=\"https:\/\/dert.online\/europa\/260557-slowakei-wird-idee-antiukrainischen-blocks\/\">wird Idee eines antiukrainischen Blocks mit Ungarn und Tschechien unterst\u00fctzen<\/a><\/p>\n<div class=\"EmbedBlock-root EmbedBlock-externalVideo EmbedBlock-rumble\">\n<div class=\"VkEmbed\"><iframe class=\"lazyload\" data-src=\"https:\/\/rumble.com\/embed\/v6z1b8o\" frameborder=\"0\" width=\"853\" height=\"480\" allowfullscreen><\/iframe><\/div>\n<\/div>\n<p>\u00a0<\/p>\n<p>\u00a0<\/p>\n<\/div>\n<p><br \/>\n<br \/><a href=\"https:\/\/de.rt.com\/europa\/260864-neue-freihandelszone-zwischen-eu-und\/\">Source link <\/a><\/p>\n","protected":false},"excerpt":{"rendered":"<p>Das neue EU-Freihandelsabkommen mit der Ukraine soll die Wirtschaft stabilisieren. Mit der Zeit w\u00fcrden landwirtschaftliche EU-Standards in der Ukraine eingef\u00fchrt, die dort aktuell noch nicht gelten. Drei Mitgliedsl\u00e4nder halten ihre Importverbote trotzdem aufrecht: Polen, Ungarn und die Slowakei. Scheinbar hat es die \u00d6ffentlichkeit nicht gro\u00df interessiert: In der vergangenen Woche ist ein Freihandelsabkommen zwischen der [&hellip;]<\/p>\n","protected":false},"author":3,"featured_media":93404,"comment_status":"open","ping_status":"open","sticky":false,"template":"","format":"standard","meta":{"_yoast_indexnow_last_ping":["1762377787"],"wp_automatic_camp":["217"],"42ce1b42361c90007892826aba465084":["Neue Freihandelszone zwischen EU und Ukraine in Kraft \u2013 drei EU-Mitglieder wehren sich"],"original_link":["https:\/\/de.rt.com\/europa\/260864-neue-freihandelszone-zwischen-eu-und\/"],"_thumbnail_id":["93404"],"jnews_social_counter_last_update":["1777304812"],"_wptgpro_p2tg_sent2tg":["a:1:{i:23737;s:19:\"2025-11-05 23:24:11\";}"]},"categories":[19,23],"tags":[3836,57555,68940,13722,1227,434,127,140,23146,436],"yoast_head":"<!-- This site is optimized with the Yoast SEO Premium plugin v22.7 (Yoast SEO v22.7) - https:\/\/yoast.com\/wordpress\/plugins\/seo\/ -->\n<title>Neue Freihandelszone zwischen EU und Ukraine in Kraft \u2013 drei EU-Mitglieder wehren sich - just-now.NEWS Deutschland<\/title>\n<meta name=\"robots\" content=\"index, follow, max-snippet:-1, max-image-preview:large, max-video-preview:-1\" \/>\n<link rel=\"canonical\" href=\"https:\/\/now-news.de\/de\/deutschland\/neue-freihandelszone-zwischen-eu-und-ukraine-in-kraft-drei-eu-mitglieder-wehren-sich\/\" \/>\n<meta property=\"og:locale\" content=\"de_DE\" \/>\n<meta property=\"og:type\" content=\"article\" \/>\n<meta property=\"og:title\" content=\"Neue Freihandelszone zwischen EU und Ukraine in Kraft \u2013 drei EU-Mitglieder wehren sich\" \/>\n<meta property=\"og:description\" content=\"Das neue EU-Freihandelsabkommen mit der Ukraine soll die Wirtschaft stabilisieren. Mit der Zeit w\u00fcrden landwirtschaftliche EU-Standards in der Ukraine eingef\u00fchrt, die dort aktuell noch nicht gelten. Drei Mitgliedsl\u00e4nder halten ihre Importverbote trotzdem aufrecht: Polen, Ungarn und die Slowakei. Scheinbar hat es die \u00d6ffentlichkeit nicht gro\u00df interessiert: In der vergangenen Woche ist ein Freihandelsabkommen zwischen der [&hellip;]\" \/>\n<meta property=\"og:url\" content=\"https:\/\/now-news.de\/de\/deutschland\/neue-freihandelszone-zwischen-eu-und-ukraine-in-kraft-drei-eu-mitglieder-wehren-sich\/\" \/>\n<meta property=\"og:site_name\" content=\"just-now.NEWS Deutschland\" \/>\n<meta property=\"article:publisher\" content=\"https:\/\/www.facebook.com\/wirmachenauf\" \/>\n<meta property=\"article:published_time\" content=\"2025-11-05T19:49:18+00:00\" \/>\n<meta property=\"og:image\" content=\"https:\/\/now-news.de\/de\/wp-content\/uploads\/sites\/3\/2025\/11\/690b3fea48fbef7a2726643d.jpg\" \/>\n<meta name=\"author\" content=\"rtnews\" \/>\n<meta name=\"twitter:card\" content=\"summary_large_image\" \/>\n<meta name=\"twitter:creator\" content=\"@WirMachenAuf_de\" \/>\n<meta name=\"twitter:site\" content=\"@WirMachenAuf_de\" \/>\n<meta name=\"twitter:label1\" content=\"Verfasst von\" \/>\n\t<meta name=\"twitter:data1\" content=\"rtnews\" \/>\n\t<meta name=\"twitter:label2\" content=\"Gesch\u00e4tzte Lesezeit\" \/>\n\t<meta name=\"twitter:data2\" content=\"3\u00a0Minuten\" \/>\n<script type=\"application\/ld+json\" class=\"yoast-schema-graph\">{\"@context\":\"https:\/\/schema.org\",\"@graph\":[{\"@type\":\"Article\",\"@id\":\"https:\/\/now-news.de\/de\/deutschland\/neue-freihandelszone-zwischen-eu-und-ukraine-in-kraft-drei-eu-mitglieder-wehren-sich\/#article\",\"isPartOf\":{\"@id\":\"https:\/\/now-news.de\/de\/deutschland\/neue-freihandelszone-zwischen-eu-und-ukraine-in-kraft-drei-eu-mitglieder-wehren-sich\/\"},\"author\":{\"name\":\"rtnews\",\"@id\":\"https:\/\/now-news.de\/de\/#\/schema\/person\/fb534a4e865501d8b3285208df34a9b5\"},\"headline\":\"Neue Freihandelszone zwischen EU und Ukraine in Kraft \u2013 drei EU-Mitglieder wehren sich\",\"datePublished\":\"2025-11-05T19:49:18+00:00\",\"dateModified\":\"2025-11-05T19:49:18+00:00\",\"mainEntityOfPage\":{\"@id\":\"https:\/\/now-news.de\/de\/deutschland\/neue-freihandelszone-zwischen-eu-und-ukraine-in-kraft-drei-eu-mitglieder-wehren-sich\/\"},\"wordCount\":596,\"commentCount\":0,\"publisher\":{\"@id\":\"https:\/\/now-news.de\/de\/#organization\"},\"image\":{\"@id\":\"https:\/\/now-news.de\/de\/deutschland\/neue-freihandelszone-zwischen-eu-und-ukraine-in-kraft-drei-eu-mitglieder-wehren-sich\/#primaryimage\"},\"thumbnailUrl\":\"https:\/\/now-news.de\/de\/wp-content\/uploads\/sites\/3\/2025\/11\/Neue-Freihandelszone-zwischen-EU-und-Ukraine-in-Kraft-\u2013-drei.jpg\",\"keywords\":[\"drei\",\"EUMitglieder\",\"Freihandelszone\",\"Kraft\",\"NEUE\",\"sich\",\"ukraine\",\"und\",\"wehren\",\"zwischen\"],\"articleSection\":[\"Deutschland\",\"Russland\"],\"inLanguage\":\"de\",\"potentialAction\":[{\"@type\":\"CommentAction\",\"name\":\"Comment\",\"target\":[\"https:\/\/now-news.de\/de\/deutschland\/neue-freihandelszone-zwischen-eu-und-ukraine-in-kraft-drei-eu-mitglieder-wehren-sich\/#respond\"]}]},{\"@type\":\"WebPage\",\"@id\":\"https:\/\/now-news.de\/de\/deutschland\/neue-freihandelszone-zwischen-eu-und-ukraine-in-kraft-drei-eu-mitglieder-wehren-sich\/\",\"url\":\"https:\/\/now-news.de\/de\/deutschland\/neue-freihandelszone-zwischen-eu-und-ukraine-in-kraft-drei-eu-mitglieder-wehren-sich\/\",\"name\":\"Neue Freihandelszone zwischen EU und Ukraine in Kraft \u2013 drei EU-Mitglieder wehren sich - just-now.NEWS Deutschland\",\"isPartOf\":{\"@id\":\"https:\/\/now-news.de\/de\/#website\"},\"primaryImageOfPage\":{\"@id\":\"https:\/\/now-news.de\/de\/deutschland\/neue-freihandelszone-zwischen-eu-und-ukraine-in-kraft-drei-eu-mitglieder-wehren-sich\/#primaryimage\"},\"image\":{\"@id\":\"https:\/\/now-news.de\/de\/deutschland\/neue-freihandelszone-zwischen-eu-und-ukraine-in-kraft-drei-eu-mitglieder-wehren-sich\/#primaryimage\"},\"thumbnailUrl\":\"https:\/\/now-news.de\/de\/wp-content\/uploads\/sites\/3\/2025\/11\/Neue-Freihandelszone-zwischen-EU-und-Ukraine-in-Kraft-\u2013-drei.jpg\",\"datePublished\":\"2025-11-05T19:49:18+00:00\",\"dateModified\":\"2025-11-05T19:49:18+00:00\",\"breadcrumb\":{\"@id\":\"https:\/\/now-news.de\/de\/deutschland\/neue-freihandelszone-zwischen-eu-und-ukraine-in-kraft-drei-eu-mitglieder-wehren-sich\/#breadcrumb\"},\"inLanguage\":\"de\",\"potentialAction\":[{\"@type\":\"ReadAction\",\"target\":[\"https:\/\/now-news.de\/de\/deutschland\/neue-freihandelszone-zwischen-eu-und-ukraine-in-kraft-drei-eu-mitglieder-wehren-sich\/\"]}]},{\"@type\":\"ImageObject\",\"inLanguage\":\"de\",\"@id\":\"https:\/\/now-news.de\/de\/deutschland\/neue-freihandelszone-zwischen-eu-und-ukraine-in-kraft-drei-eu-mitglieder-wehren-sich\/#primaryimage\",\"url\":\"https:\/\/now-news.de\/de\/wp-content\/uploads\/sites\/3\/2025\/11\/Neue-Freihandelszone-zwischen-EU-und-Ukraine-in-Kraft-\u2013-drei.jpg\",\"contentUrl\":\"https:\/\/now-news.de\/de\/wp-content\/uploads\/sites\/3\/2025\/11\/Neue-Freihandelszone-zwischen-EU-und-Ukraine-in-Kraft-\u2013-drei.jpg\",\"width\":460,\"height\":259,\"caption\":\"Neue Freihandelszone zwischen EU und Ukraine in Kraft \u2013 drei EU-Mitglieder wehren sich\"},{\"@type\":\"BreadcrumbList\",\"@id\":\"https:\/\/now-news.de\/de\/deutschland\/neue-freihandelszone-zwischen-eu-und-ukraine-in-kraft-drei-eu-mitglieder-wehren-sich\/#breadcrumb\",\"itemListElement\":[{\"@type\":\"ListItem\",\"position\":1,\"name\":\"Home\",\"item\":\"https:\/\/now-news.de\/de\/\"},{\"@type\":\"ListItem\",\"position\":2,\"name\":\"Neue Freihandelszone zwischen EU und Ukraine in Kraft \u2013 drei EU-Mitglieder wehren sich\"}]},{\"@type\":\"WebSite\",\"@id\":\"https:\/\/now-news.de\/de\/#website\",\"url\":\"https:\/\/now-news.de\/de\/\",\"name\":\"just-now.NEWS Deutschland\",\"description\":\"Das Portal f\u00fcr unzensierte Nachrichten aus der Welt\",\"publisher\":{\"@id\":\"https:\/\/now-news.de\/de\/#organization\"},\"potentialAction\":[{\"@type\":\"SearchAction\",\"target\":{\"@type\":\"EntryPoint\",\"urlTemplate\":\"https:\/\/now-news.de\/de\/?s={search_term_string}\"},\"query-input\":\"required name=search_term_string\"}],\"inLanguage\":\"de\"},{\"@type\":\"Organization\",\"@id\":\"https:\/\/now-news.de\/de\/#organization\",\"name\":\"Just Now News\",\"url\":\"https:\/\/now-news.de\/de\/\",\"logo\":{\"@type\":\"ImageObject\",\"inLanguage\":\"de\",\"@id\":\"https:\/\/now-news.de\/de\/#\/schema\/logo\/image\/\",\"url\":\"http:\/\/just-now.news\/de\/wp-content\/uploads\/sites\/3\/2022\/04\/logo500x500.jpg\",\"contentUrl\":\"http:\/\/just-now.news\/de\/wp-content\/uploads\/sites\/3\/2022\/04\/logo500x500.jpg\",\"width\":500,\"height\":500,\"caption\":\"Just Now News\"},\"image\":{\"@id\":\"https:\/\/now-news.de\/de\/#\/schema\/logo\/image\/\"},\"sameAs\":[\"https:\/\/www.facebook.com\/wirmachenauf\",\"https:\/\/x.com\/WirMachenAuf_de\"]},{\"@type\":\"Person\",\"@id\":\"https:\/\/now-news.de\/de\/#\/schema\/person\/fb534a4e865501d8b3285208df34a9b5\",\"name\":\"rtnews\",\"image\":{\"@type\":\"ImageObject\",\"inLanguage\":\"de\",\"@id\":\"https:\/\/now-news.de\/de\/#\/schema\/person\/image\/\",\"url\":\"https:\/\/secure.gravatar.com\/avatar\/82aafea7d8127119dd649515f56e2117?s=96&d=mm&r=g\",\"contentUrl\":\"https:\/\/secure.gravatar.com\/avatar\/82aafea7d8127119dd649515f56e2117?s=96&d=mm&r=g\",\"caption\":\"rtnews\"},\"url\":\"https:\/\/now-news.de\/de\/author\/rnews\/\"}]}<\/script>\n<!-- \/ Yoast SEO Premium plugin. -->","yoast_head_json":{"title":"Neue Freihandelszone zwischen EU und Ukraine in Kraft \u2013 drei EU-Mitglieder wehren sich - just-now.NEWS Deutschland","robots":{"index":"index","follow":"follow","max-snippet":"max-snippet:-1","max-image-preview":"max-image-preview:large","max-video-preview":"max-video-preview:-1"},"canonical":"https:\/\/now-news.de\/de\/deutschland\/neue-freihandelszone-zwischen-eu-und-ukraine-in-kraft-drei-eu-mitglieder-wehren-sich\/","og_locale":"de_DE","og_type":"article","og_title":"Neue Freihandelszone zwischen EU und Ukraine in Kraft \u2013 drei EU-Mitglieder wehren sich","og_description":"Das neue EU-Freihandelsabkommen mit der Ukraine soll die Wirtschaft stabilisieren. Mit der Zeit w\u00fcrden landwirtschaftliche EU-Standards in der Ukraine eingef\u00fchrt, die dort aktuell noch nicht gelten. Drei Mitgliedsl\u00e4nder halten ihre Importverbote trotzdem aufrecht: Polen, Ungarn und die Slowakei. Scheinbar hat es die \u00d6ffentlichkeit nicht gro\u00df interessiert: In der vergangenen Woche ist ein Freihandelsabkommen zwischen der [&hellip;]","og_url":"https:\/\/now-news.de\/de\/deutschland\/neue-freihandelszone-zwischen-eu-und-ukraine-in-kraft-drei-eu-mitglieder-wehren-sich\/","og_site_name":"just-now.NEWS Deutschland","article_publisher":"https:\/\/www.facebook.com\/wirmachenauf","article_published_time":"2025-11-05T19:49:18+00:00","og_image":[{"url":"https:\/\/now-news.de\/de\/wp-content\/uploads\/sites\/3\/2025\/11\/690b3fea48fbef7a2726643d.jpg"}],"author":"rtnews","twitter_card":"summary_large_image","twitter_creator":"@WirMachenAuf_de","twitter_site":"@WirMachenAuf_de","twitter_misc":{"Verfasst von":"rtnews","Gesch\u00e4tzte Lesezeit":"3\u00a0Minuten"},"schema":{"@context":"https:\/\/schema.org","@graph":[{"@type":"Article","@id":"https:\/\/now-news.de\/de\/deutschland\/neue-freihandelszone-zwischen-eu-und-ukraine-in-kraft-drei-eu-mitglieder-wehren-sich\/#article","isPartOf":{"@id":"https:\/\/now-news.de\/de\/deutschland\/neue-freihandelszone-zwischen-eu-und-ukraine-in-kraft-drei-eu-mitglieder-wehren-sich\/"},"author":{"name":"rtnews","@id":"https:\/\/now-news.de\/de\/#\/schema\/person\/fb534a4e865501d8b3285208df34a9b5"},"headline":"Neue Freihandelszone zwischen EU und Ukraine in Kraft \u2013 drei EU-Mitglieder wehren sich","datePublished":"2025-11-05T19:49:18+00:00","dateModified":"2025-11-05T19:49:18+00:00","mainEntityOfPage":{"@id":"https:\/\/now-news.de\/de\/deutschland\/neue-freihandelszone-zwischen-eu-und-ukraine-in-kraft-drei-eu-mitglieder-wehren-sich\/"},"wordCount":596,"commentCount":0,"publisher":{"@id":"https:\/\/now-news.de\/de\/#organization"},"image":{"@id":"https:\/\/now-news.de\/de\/deutschland\/neue-freihandelszone-zwischen-eu-und-ukraine-in-kraft-drei-eu-mitglieder-wehren-sich\/#primaryimage"},"thumbnailUrl":"https:\/\/now-news.de\/de\/wp-content\/uploads\/sites\/3\/2025\/11\/Neue-Freihandelszone-zwischen-EU-und-Ukraine-in-Kraft-\u2013-drei.jpg","keywords":["drei","EUMitglieder","Freihandelszone","Kraft","NEUE","sich","ukraine","und","wehren","zwischen"],"articleSection":["Deutschland","Russland"],"inLanguage":"de","potentialAction":[{"@type":"CommentAction","name":"Comment","target":["https:\/\/now-news.de\/de\/deutschland\/neue-freihandelszone-zwischen-eu-und-ukraine-in-kraft-drei-eu-mitglieder-wehren-sich\/#respond"]}]},{"@type":"WebPage","@id":"https:\/\/now-news.de\/de\/deutschland\/neue-freihandelszone-zwischen-eu-und-ukraine-in-kraft-drei-eu-mitglieder-wehren-sich\/","url":"https:\/\/now-news.de\/de\/deutschland\/neue-freihandelszone-zwischen-eu-und-ukraine-in-kraft-drei-eu-mitglieder-wehren-sich\/","name":"Neue Freihandelszone zwischen EU und Ukraine in Kraft \u2013 drei EU-Mitglieder wehren sich - just-now.NEWS Deutschland","isPartOf":{"@id":"https:\/\/now-news.de\/de\/#website"},"primaryImageOfPage":{"@id":"https:\/\/now-news.de\/de\/deutschland\/neue-freihandelszone-zwischen-eu-und-ukraine-in-kraft-drei-eu-mitglieder-wehren-sich\/#primaryimage"},"image":{"@id":"https:\/\/now-news.de\/de\/deutschland\/neue-freihandelszone-zwischen-eu-und-ukraine-in-kraft-drei-eu-mitglieder-wehren-sich\/#primaryimage"},"thumbnailUrl":"https:\/\/now-news.de\/de\/wp-content\/uploads\/sites\/3\/2025\/11\/Neue-Freihandelszone-zwischen-EU-und-Ukraine-in-Kraft-\u2013-drei.jpg","datePublished":"2025-11-05T19:49:18+00:00","dateModified":"2025-11-05T19:49:18+00:00","breadcrumb":{"@id":"https:\/\/now-news.de\/de\/deutschland\/neue-freihandelszone-zwischen-eu-und-ukraine-in-kraft-drei-eu-mitglieder-wehren-sich\/#breadcrumb"},"inLanguage":"de","potentialAction":[{"@type":"ReadAction","target":["https:\/\/now-news.de\/de\/deutschland\/neue-freihandelszone-zwischen-eu-und-ukraine-in-kraft-drei-eu-mitglieder-wehren-sich\/"]}]},{"@type":"ImageObject","inLanguage":"de","@id":"https:\/\/now-news.de\/de\/deutschland\/neue-freihandelszone-zwischen-eu-und-ukraine-in-kraft-drei-eu-mitglieder-wehren-sich\/#primaryimage","url":"https:\/\/now-news.de\/de\/wp-content\/uploads\/sites\/3\/2025\/11\/Neue-Freihandelszone-zwischen-EU-und-Ukraine-in-Kraft-\u2013-drei.jpg","contentUrl":"https:\/\/now-news.de\/de\/wp-content\/uploads\/sites\/3\/2025\/11\/Neue-Freihandelszone-zwischen-EU-und-Ukraine-in-Kraft-\u2013-drei.jpg","width":460,"height":259,"caption":"Neue Freihandelszone zwischen EU und Ukraine in Kraft \u2013 drei EU-Mitglieder wehren sich"},{"@type":"BreadcrumbList","@id":"https:\/\/now-news.de\/de\/deutschland\/neue-freihandelszone-zwischen-eu-und-ukraine-in-kraft-drei-eu-mitglieder-wehren-sich\/#breadcrumb","itemListElement":[{"@type":"ListItem","position":1,"name":"Home","item":"https:\/\/now-news.de\/de\/"},{"@type":"ListItem","position":2,"name":"Neue Freihandelszone zwischen EU und Ukraine in Kraft \u2013 drei EU-Mitglieder wehren sich"}]},{"@type":"WebSite","@id":"https:\/\/now-news.de\/de\/#website","url":"https:\/\/now-news.de\/de\/","name":"just-now.NEWS Deutschland","description":"Das Portal f\u00fcr unzensierte Nachrichten aus der Welt","publisher":{"@id":"https:\/\/now-news.de\/de\/#organization"},"potentialAction":[{"@type":"SearchAction","target":{"@type":"EntryPoint","urlTemplate":"https:\/\/now-news.de\/de\/?s={search_term_string}"},"query-input":"required name=search_term_string"}],"inLanguage":"de"},{"@type":"Organization","@id":"https:\/\/now-news.de\/de\/#organization","name":"Just Now News","url":"https:\/\/now-news.de\/de\/","logo":{"@type":"ImageObject","inLanguage":"de","@id":"https:\/\/now-news.de\/de\/#\/schema\/logo\/image\/","url":"http:\/\/just-now.news\/de\/wp-content\/uploads\/sites\/3\/2022\/04\/logo500x500.jpg","contentUrl":"http:\/\/just-now.news\/de\/wp-content\/uploads\/sites\/3\/2022\/04\/logo500x500.jpg","width":500,"height":500,"caption":"Just Now News"},"image":{"@id":"https:\/\/now-news.de\/de\/#\/schema\/logo\/image\/"},"sameAs":["https:\/\/www.facebook.com\/wirmachenauf","https:\/\/x.com\/WirMachenAuf_de"]},{"@type":"Person","@id":"https:\/\/now-news.de\/de\/#\/schema\/person\/fb534a4e865501d8b3285208df34a9b5","name":"rtnews","image":{"@type":"ImageObject","inLanguage":"de","@id":"https:\/\/now-news.de\/de\/#\/schema\/person\/image\/","url":"https:\/\/secure.gravatar.com\/avatar\/82aafea7d8127119dd649515f56e2117?s=96&d=mm&r=g","contentUrl":"https:\/\/secure.gravatar.com\/avatar\/82aafea7d8127119dd649515f56e2117?s=96&d=mm&r=g","caption":"rtnews"},"url":"https:\/\/now-news.de\/de\/author\/rnews\/"}]}},"_links":{"self":[{"href":"https:\/\/now-news.de\/de\/wp-json\/wp\/v2\/posts\/93403"}],"collection":[{"href":"https:\/\/now-news.de\/de\/wp-json\/wp\/v2\/posts"}],"about":[{"href":"https:\/\/now-news.de\/de\/wp-json\/wp\/v2\/types\/post"}],"author":[{"embeddable":true,"href":"https:\/\/now-news.de\/de\/wp-json\/wp\/v2\/users\/3"}],"replies":[{"embeddable":true,"href":"https:\/\/now-news.de\/de\/wp-json\/wp\/v2\/comments?post=93403"}],"version-history":[{"count":0,"href":"https:\/\/now-news.de\/de\/wp-json\/wp\/v2\/posts\/93403\/revisions"}],"wp:featuredmedia":[{"embeddable":true,"href":"https:\/\/now-news.de\/de\/wp-json\/wp\/v2\/media\/93404"}],"wp:attachment":[{"href":"https:\/\/now-news.de\/de\/wp-json\/wp\/v2\/media?parent=93403"}],"wp:term":[{"taxonomy":"category","embeddable":true,"href":"https:\/\/now-news.de\/de\/wp-json\/wp\/v2\/categories?post=93403"},{"taxonomy":"post_tag","embeddable":true,"href":"https:\/\/now-news.de\/de\/wp-json\/wp\/v2\/tags?post=93403"}],"curies":[{"name":"wp","href":"https:\/\/api.w.org\/{rel}","templated":true}]}}