{"id":93350,"date":"2025-11-04T23:24:57","date_gmt":"2025-11-04T21:24:57","guid":{"rendered":"https:\/\/now-news.de\/de\/deutschland\/nordkorea-im-visier-pentagon-chef-lobt-suedkoreas-plaene-zur-erhoehung-der-militaerausgaben\/"},"modified":"2025-11-04T23:24:57","modified_gmt":"2025-11-04T21:24:57","slug":"nordkorea-im-visier-pentagon-chef-lobt-suedkoreas-plaene-zur-erhoehung-der-militaerausgaben","status":"publish","type":"post","link":"https:\/\/now-news.de\/de\/deutschland\/nordkorea-im-visier-pentagon-chef-lobt-suedkoreas-plaene-zur-erhoehung-der-militaerausgaben\/","title":{"rendered":"Nordkorea im Visier: Pentagon-Chef lobt S\u00fcdkoreas Pl\u00e4ne zur Erh\u00f6hung der Milit\u00e4rausgaben"},"content":{"rendered":"<p><img decoding=\"async\" src=\"https:\/\/now-news.de\/de\/wp-content\/uploads\/sites\/3\/2025\/11\/6909f03b48fbef2bef32c958.jpg\" \/><\/p>\n<div class=\"Text-root Text-type_1 \">\n                In einer Rede vor dem Parlament hat der s\u00fcdkoreanische Pr\u00e4sident die Abgeordneten aufgefordert, einer Erh\u00f6hung der Verteidigungsausgaben um 8,2 Prozent im n\u00e4chsten Jahr zuzustimmen. Laut US-Verteidigungsminister Pete Hegseth diene das B\u00fcndnis zwischen S\u00fcdkorea und den USA in erster Linie dazu, m\u00f6glichen Provokationen Nordkoreas zu begegnen.\n            <\/div>\n<p><\/p>\n<div class=\"Text-root Text-type_5 ArticleView-text ViewText-root \">\n<p>US-Verteidigungsminister Pete Hegseth lobte am Dienstag S\u00fcdkoreas Pl\u00e4ne zur Erh\u00f6hung seiner Milit\u00e4rausgaben. Er erkl\u00e4rte, der asiatische Verb\u00fcndete werde eine gr\u00f6\u00dfere Rolle bei der Verteidigung gegen &#8220;nordkoreanische Aggressionen&#8221; \u00fcbernehmen, da sich die Verb\u00fcndeten auf &#8220;regionale Notf\u00e4lle&#8221; vorbereiten m\u00fcssten.<\/p>\n<p>Die Modernisierung der jahrzehntelangen Allianz zwischen den USA und S\u00fcdkorea ist ein hei\u00dfes Thema zwischen den beiden L\u00e4ndern. Offensichtlich wollen die USA, dass S\u00fcdkorea seine konventionellen Verteidigungskapazit\u00e4ten ausbaut, damit sich Washington st\u00e4rker auf China konzentrieren kann.<\/p>\n<p>Nach den j\u00e4hrlichen Sicherheitsgespr\u00e4chen mit dem s\u00fcdkoreanischen Verteidigungsminister Ahn Gyu-back in Seoul sagte Hegseth gegen\u00fcber Reportern, er sei &#8220;sehr ermutigt&#8221; durch die Zusage Seouls, die Verteidigungsausgaben zu erh\u00f6hen und mehr in die eigenen milit\u00e4rischen F\u00e4higkeiten zu investieren. Er sagte, beide Seiten seien sich einig, dass diese Investitionen die F\u00e4higkeit S\u00fcdkoreas st\u00e4rken w\u00fcrden, eine konventionelle Abschreckung gegen\u00fcber Nordkorea zu gew\u00e4hrleisten.<\/p>\n<p>In einer Rede vor dem Parlament am Dienstag forderte der s\u00fcdkoreanische Pr\u00e4sident Lee Jae-myung die Abgeordneten auf, einer Erh\u00f6hung der Verteidigungsausgaben um 8,2\u00a0Prozent im n\u00e4chsten Jahr zuzustimmen. Dies w\u00fcrde seiner Meinung nach dazu beitragen, die Waffensysteme des s\u00fcdkoreanischen Milit\u00e4rs zu modernisieren und dessen Abh\u00e4ngigkeit von den Vereinigten Staaten zu verringern.<\/p>\n<p>Hegseth sagte, das B\u00fcndnis zwischen S\u00fcdkorea und den USA diene in erster Linie dazu, m\u00f6glichen Provokationen Nordkoreas zu begegnen, man m\u00fcsse aber auch andere regionale Bedrohungen im Blick behalten.<\/p>\n<p>&#8220;Zweifellos w\u00fcrden wir Flexibilit\u00e4t f\u00fcr regionale Notf\u00e4lle in Betracht ziehen, aber wir konzentrieren uns darauf, unseren Verb\u00fcndeten hier zur Seite zu stehen und sicherzustellen, dass die Bedrohung durch die DVRK keine Bedrohung f\u00fcr die Republik Korea darstellt, und wir werden sicherlich weiterhin wie bisher die nukleare Abschreckung ausweiten&#8221;, sagte er.<\/p>\n<p>In den letzten Jahren haben die USA und S\u00fcdkorea dar\u00fcber diskutiert, wie US-Atomwaffen und s\u00fcdkoreanische konventionelle Waffen in verschiedenen Notf\u00e4llen integriert werden k\u00f6nnen. S\u00fcdkorea verf\u00fcgt \u00fcber keine Atomwaffen und steht unter der Sicherheitsgarantie der USA, dem sogenannten &#8220;nuklearen Schutzschild&#8221;.<\/p>\n<p>Ahn wies Spekulationen zur\u00fcck, S\u00fcdkorea k\u00f6nnte letztendlich ein eigenes Atomwaffenprogramm anstreben oder auf die Wiederstationierung von taktischen US-Waffen dr\u00e4ngen, die in den 1990er-Jahren aus S\u00fcdkorea abgezogen wurden. Er betonte, dass Seoul weiterhin dem Atomwaffensperrvertrag verpflichtet sei.<\/p>\n<p><strong>Mehr zum Thema<\/strong>\u00a0\u2013\u00a0<a rel=\"nofollow noopener\" target=\"_blank\" href=\"https:\/\/freedert.online\/amerika\/260700-karibik-ist-neue-front-niedergangs\/\">Die Karibik ist die neue Front des Niedergangs der USA<\/a><\/p>\n<div class=\"EmbedBlock-root EmbedBlock-externalVideo EmbedBlock-rumble\">\n<div class=\"VkEmbed\"><iframe class=\"lazyload\" data-src=\"https:\/\/rumble.com\/embed\/v6y5c2i\" frameborder=\"0\" width=\"853\" height=\"480\" allowfullscreen><\/iframe><\/div>\n<\/div>\n<\/div>\n<p><br \/>\n<br \/><a href=\"https:\/\/de.rt.com\/international\/260768-nordkorea-im-visier-pentagon-chef\/\">Source link <\/a><\/p>\n","protected":false},"excerpt":{"rendered":"<p>In einer Rede vor dem Parlament hat der s\u00fcdkoreanische Pr\u00e4sident die Abgeordneten aufgefordert, einer Erh\u00f6hung der Verteidigungsausgaben um 8,2 Prozent im n\u00e4chsten Jahr zuzustimmen. Laut US-Verteidigungsminister Pete Hegseth diene das B\u00fcndnis zwischen S\u00fcdkorea und den USA in erster Linie dazu, m\u00f6glichen Provokationen Nordkoreas zu begegnen. US-Verteidigungsminister Pete Hegseth lobte am Dienstag S\u00fcdkoreas Pl\u00e4ne zur Erh\u00f6hung [&hellip;]<\/p>\n","protected":false},"author":3,"featured_media":93351,"comment_status":"open","ping_status":"open","sticky":false,"template":"","format":"standard","meta":{"_yoast_indexnow_last_ping":["1762291985"],"wp_automatic_camp":["217"],"4b51b287bc49f42dd6de7ab1029e5631":["Nordkorea im Visier: Pentagon-Chef lobt S\u00fcdkoreas Pl\u00e4ne zur Erh\u00f6hung der Milit\u00e4rausgaben"],"original_link":["https:\/\/de.rt.com\/international\/260768-nordkorea-im-visier-pentagon-chef\/"],"_thumbnail_id":["93351"],"jnews_social_counter_last_update":["1776924962"],"_wptgpro_p2tg_sent2tg":["a:1:{i:23737;s:19:\"2025-11-04 23:34:06\";}"]},"categories":[19,23],"tags":[82,18641,6305,10292,10407,25699,5349,7777,3523,581],"yoast_head":"<!-- This site is optimized with the Yoast SEO Premium plugin v22.7 (Yoast SEO v22.7) - https:\/\/yoast.com\/wordpress\/plugins\/seo\/ -->\n<title>Nordkorea im Visier: Pentagon-Chef lobt S\u00fcdkoreas Pl\u00e4ne zur Erh\u00f6hung der Milit\u00e4rausgaben - just-now.NEWS Deutschland<\/title>\n<meta name=\"robots\" content=\"index, follow, max-snippet:-1, max-image-preview:large, max-video-preview:-1\" \/>\n<link rel=\"canonical\" href=\"https:\/\/now-news.de\/de\/deutschland\/nordkorea-im-visier-pentagon-chef-lobt-suedkoreas-plaene-zur-erhoehung-der-militaerausgaben\/\" \/>\n<meta property=\"og:locale\" content=\"de_DE\" \/>\n<meta property=\"og:type\" content=\"article\" \/>\n<meta property=\"og:title\" content=\"Nordkorea im Visier: Pentagon-Chef lobt S\u00fcdkoreas Pl\u00e4ne zur Erh\u00f6hung der Milit\u00e4rausgaben\" \/>\n<meta property=\"og:description\" content=\"In einer Rede vor dem Parlament hat der s\u00fcdkoreanische Pr\u00e4sident die Abgeordneten aufgefordert, einer Erh\u00f6hung der Verteidigungsausgaben um 8,2 Prozent im n\u00e4chsten Jahr zuzustimmen. Laut US-Verteidigungsminister Pete Hegseth diene das B\u00fcndnis zwischen S\u00fcdkorea und den USA in erster Linie dazu, m\u00f6glichen Provokationen Nordkoreas zu begegnen. US-Verteidigungsminister Pete Hegseth lobte am Dienstag S\u00fcdkoreas Pl\u00e4ne zur Erh\u00f6hung [&hellip;]\" \/>\n<meta property=\"og:url\" content=\"https:\/\/now-news.de\/de\/deutschland\/nordkorea-im-visier-pentagon-chef-lobt-suedkoreas-plaene-zur-erhoehung-der-militaerausgaben\/\" \/>\n<meta property=\"og:site_name\" content=\"just-now.NEWS Deutschland\" \/>\n<meta property=\"article:publisher\" content=\"https:\/\/www.facebook.com\/wirmachenauf\" \/>\n<meta property=\"article:published_time\" content=\"2025-11-04T21:24:57+00:00\" \/>\n<meta property=\"og:image\" content=\"https:\/\/now-news.de\/de\/wp-content\/uploads\/sites\/3\/2025\/11\/6909f03b48fbef2bef32c958.jpg\" \/>\n<meta name=\"author\" content=\"rtnews\" \/>\n<meta name=\"twitter:card\" content=\"summary_large_image\" \/>\n<meta name=\"twitter:creator\" content=\"@WirMachenAuf_de\" \/>\n<meta name=\"twitter:site\" content=\"@WirMachenAuf_de\" \/>\n<meta name=\"twitter:label1\" content=\"Verfasst von\" \/>\n\t<meta name=\"twitter:data1\" content=\"rtnews\" \/>\n\t<meta name=\"twitter:label2\" content=\"Gesch\u00e4tzte Lesezeit\" \/>\n\t<meta name=\"twitter:data2\" content=\"2\u00a0Minuten\" \/>\n<script type=\"application\/ld+json\" class=\"yoast-schema-graph\">{\"@context\":\"https:\/\/schema.org\",\"@graph\":[{\"@type\":\"Article\",\"@id\":\"https:\/\/now-news.de\/de\/deutschland\/nordkorea-im-visier-pentagon-chef-lobt-suedkoreas-plaene-zur-erhoehung-der-militaerausgaben\/#article\",\"isPartOf\":{\"@id\":\"https:\/\/now-news.de\/de\/deutschland\/nordkorea-im-visier-pentagon-chef-lobt-suedkoreas-plaene-zur-erhoehung-der-militaerausgaben\/\"},\"author\":{\"name\":\"rtnews\",\"@id\":\"https:\/\/now-news.de\/de\/#\/schema\/person\/fb534a4e865501d8b3285208df34a9b5\"},\"headline\":\"Nordkorea im Visier: Pentagon-Chef lobt S\u00fcdkoreas Pl\u00e4ne zur Erh\u00f6hung der Milit\u00e4rausgaben\",\"datePublished\":\"2025-11-04T21:24:57+00:00\",\"dateModified\":\"2025-11-04T21:24:57+00:00\",\"mainEntityOfPage\":{\"@id\":\"https:\/\/now-news.de\/de\/deutschland\/nordkorea-im-visier-pentagon-chef-lobt-suedkoreas-plaene-zur-erhoehung-der-militaerausgaben\/\"},\"wordCount\":477,\"commentCount\":0,\"publisher\":{\"@id\":\"https:\/\/now-news.de\/de\/#organization\"},\"image\":{\"@id\":\"https:\/\/now-news.de\/de\/deutschland\/nordkorea-im-visier-pentagon-chef-lobt-suedkoreas-plaene-zur-erhoehung-der-militaerausgaben\/#primaryimage\"},\"thumbnailUrl\":\"https:\/\/now-news.de\/de\/wp-content\/uploads\/sites\/3\/2025\/11\/Nordkorea-im-Visier-Pentagon-Chef-lobt-Suedkoreas-Plaene-zur-Erhoehung-der.jpg\",\"keywords\":[\"der\",\"Erh\u00f6hung\",\"lobt\",\"Milit\u00e4rausgaben\",\"Nordkorea\",\"PentagonChef\",\"Pl\u00e4ne\",\"S\u00fcdkoreas\",\"Visier\",\"zur\"],\"articleSection\":[\"Deutschland\",\"Russland\"],\"inLanguage\":\"de\",\"potentialAction\":[{\"@type\":\"CommentAction\",\"name\":\"Comment\",\"target\":[\"https:\/\/now-news.de\/de\/deutschland\/nordkorea-im-visier-pentagon-chef-lobt-suedkoreas-plaene-zur-erhoehung-der-militaerausgaben\/#respond\"]}]},{\"@type\":\"WebPage\",\"@id\":\"https:\/\/now-news.de\/de\/deutschland\/nordkorea-im-visier-pentagon-chef-lobt-suedkoreas-plaene-zur-erhoehung-der-militaerausgaben\/\",\"url\":\"https:\/\/now-news.de\/de\/deutschland\/nordkorea-im-visier-pentagon-chef-lobt-suedkoreas-plaene-zur-erhoehung-der-militaerausgaben\/\",\"name\":\"Nordkorea im Visier: Pentagon-Chef lobt S\u00fcdkoreas Pl\u00e4ne zur Erh\u00f6hung der Milit\u00e4rausgaben - just-now.NEWS Deutschland\",\"isPartOf\":{\"@id\":\"https:\/\/now-news.de\/de\/#website\"},\"primaryImageOfPage\":{\"@id\":\"https:\/\/now-news.de\/de\/deutschland\/nordkorea-im-visier-pentagon-chef-lobt-suedkoreas-plaene-zur-erhoehung-der-militaerausgaben\/#primaryimage\"},\"image\":{\"@id\":\"https:\/\/now-news.de\/de\/deutschland\/nordkorea-im-visier-pentagon-chef-lobt-suedkoreas-plaene-zur-erhoehung-der-militaerausgaben\/#primaryimage\"},\"thumbnailUrl\":\"https:\/\/now-news.de\/de\/wp-content\/uploads\/sites\/3\/2025\/11\/Nordkorea-im-Visier-Pentagon-Chef-lobt-Suedkoreas-Plaene-zur-Erhoehung-der.jpg\",\"datePublished\":\"2025-11-04T21:24:57+00:00\",\"dateModified\":\"2025-11-04T21:24:57+00:00\",\"breadcrumb\":{\"@id\":\"https:\/\/now-news.de\/de\/deutschland\/nordkorea-im-visier-pentagon-chef-lobt-suedkoreas-plaene-zur-erhoehung-der-militaerausgaben\/#breadcrumb\"},\"inLanguage\":\"de\",\"potentialAction\":[{\"@type\":\"ReadAction\",\"target\":[\"https:\/\/now-news.de\/de\/deutschland\/nordkorea-im-visier-pentagon-chef-lobt-suedkoreas-plaene-zur-erhoehung-der-militaerausgaben\/\"]}]},{\"@type\":\"ImageObject\",\"inLanguage\":\"de\",\"@id\":\"https:\/\/now-news.de\/de\/deutschland\/nordkorea-im-visier-pentagon-chef-lobt-suedkoreas-plaene-zur-erhoehung-der-militaerausgaben\/#primaryimage\",\"url\":\"https:\/\/now-news.de\/de\/wp-content\/uploads\/sites\/3\/2025\/11\/Nordkorea-im-Visier-Pentagon-Chef-lobt-Suedkoreas-Plaene-zur-Erhoehung-der.jpg\",\"contentUrl\":\"https:\/\/now-news.de\/de\/wp-content\/uploads\/sites\/3\/2025\/11\/Nordkorea-im-Visier-Pentagon-Chef-lobt-Suedkoreas-Plaene-zur-Erhoehung-der.jpg\",\"width\":460,\"height\":259,\"caption\":\"Nordkorea im Visier: Pentagon-Chef lobt S\u00fcdkoreas Pl\u00e4ne zur Erh\u00f6hung der Milit\u00e4rausgaben\"},{\"@type\":\"BreadcrumbList\",\"@id\":\"https:\/\/now-news.de\/de\/deutschland\/nordkorea-im-visier-pentagon-chef-lobt-suedkoreas-plaene-zur-erhoehung-der-militaerausgaben\/#breadcrumb\",\"itemListElement\":[{\"@type\":\"ListItem\",\"position\":1,\"name\":\"Home\",\"item\":\"https:\/\/now-news.de\/de\/\"},{\"@type\":\"ListItem\",\"position\":2,\"name\":\"Nordkorea im Visier: Pentagon-Chef lobt S\u00fcdkoreas Pl\u00e4ne zur Erh\u00f6hung der Milit\u00e4rausgaben\"}]},{\"@type\":\"WebSite\",\"@id\":\"https:\/\/now-news.de\/de\/#website\",\"url\":\"https:\/\/now-news.de\/de\/\",\"name\":\"just-now.NEWS Deutschland\",\"description\":\"Das Portal f\u00fcr unzensierte Nachrichten aus der Welt\",\"publisher\":{\"@id\":\"https:\/\/now-news.de\/de\/#organization\"},\"potentialAction\":[{\"@type\":\"SearchAction\",\"target\":{\"@type\":\"EntryPoint\",\"urlTemplate\":\"https:\/\/now-news.de\/de\/?s={search_term_string}\"},\"query-input\":\"required name=search_term_string\"}],\"inLanguage\":\"de\"},{\"@type\":\"Organization\",\"@id\":\"https:\/\/now-news.de\/de\/#organization\",\"name\":\"Just Now News\",\"url\":\"https:\/\/now-news.de\/de\/\",\"logo\":{\"@type\":\"ImageObject\",\"inLanguage\":\"de\",\"@id\":\"https:\/\/now-news.de\/de\/#\/schema\/logo\/image\/\",\"url\":\"http:\/\/just-now.news\/de\/wp-content\/uploads\/sites\/3\/2022\/04\/logo500x500.jpg\",\"contentUrl\":\"http:\/\/just-now.news\/de\/wp-content\/uploads\/sites\/3\/2022\/04\/logo500x500.jpg\",\"width\":500,\"height\":500,\"caption\":\"Just Now News\"},\"image\":{\"@id\":\"https:\/\/now-news.de\/de\/#\/schema\/logo\/image\/\"},\"sameAs\":[\"https:\/\/www.facebook.com\/wirmachenauf\",\"https:\/\/x.com\/WirMachenAuf_de\"]},{\"@type\":\"Person\",\"@id\":\"https:\/\/now-news.de\/de\/#\/schema\/person\/fb534a4e865501d8b3285208df34a9b5\",\"name\":\"rtnews\",\"image\":{\"@type\":\"ImageObject\",\"inLanguage\":\"de\",\"@id\":\"https:\/\/now-news.de\/de\/#\/schema\/person\/image\/\",\"url\":\"https:\/\/secure.gravatar.com\/avatar\/82aafea7d8127119dd649515f56e2117?s=96&d=mm&r=g\",\"contentUrl\":\"https:\/\/secure.gravatar.com\/avatar\/82aafea7d8127119dd649515f56e2117?s=96&d=mm&r=g\",\"caption\":\"rtnews\"},\"url\":\"https:\/\/now-news.de\/de\/author\/rnews\/\"}]}<\/script>\n<!-- \/ Yoast SEO Premium plugin. -->","yoast_head_json":{"title":"Nordkorea im Visier: Pentagon-Chef lobt S\u00fcdkoreas Pl\u00e4ne zur Erh\u00f6hung der Milit\u00e4rausgaben - just-now.NEWS Deutschland","robots":{"index":"index","follow":"follow","max-snippet":"max-snippet:-1","max-image-preview":"max-image-preview:large","max-video-preview":"max-video-preview:-1"},"canonical":"https:\/\/now-news.de\/de\/deutschland\/nordkorea-im-visier-pentagon-chef-lobt-suedkoreas-plaene-zur-erhoehung-der-militaerausgaben\/","og_locale":"de_DE","og_type":"article","og_title":"Nordkorea im Visier: Pentagon-Chef lobt S\u00fcdkoreas Pl\u00e4ne zur Erh\u00f6hung der Milit\u00e4rausgaben","og_description":"In einer Rede vor dem Parlament hat der s\u00fcdkoreanische Pr\u00e4sident die Abgeordneten aufgefordert, einer Erh\u00f6hung der Verteidigungsausgaben um 8,2 Prozent im n\u00e4chsten Jahr zuzustimmen. Laut US-Verteidigungsminister Pete Hegseth diene das B\u00fcndnis zwischen S\u00fcdkorea und den USA in erster Linie dazu, m\u00f6glichen Provokationen Nordkoreas zu begegnen. US-Verteidigungsminister Pete Hegseth lobte am Dienstag S\u00fcdkoreas Pl\u00e4ne zur Erh\u00f6hung [&hellip;]","og_url":"https:\/\/now-news.de\/de\/deutschland\/nordkorea-im-visier-pentagon-chef-lobt-suedkoreas-plaene-zur-erhoehung-der-militaerausgaben\/","og_site_name":"just-now.NEWS Deutschland","article_publisher":"https:\/\/www.facebook.com\/wirmachenauf","article_published_time":"2025-11-04T21:24:57+00:00","og_image":[{"url":"https:\/\/now-news.de\/de\/wp-content\/uploads\/sites\/3\/2025\/11\/6909f03b48fbef2bef32c958.jpg"}],"author":"rtnews","twitter_card":"summary_large_image","twitter_creator":"@WirMachenAuf_de","twitter_site":"@WirMachenAuf_de","twitter_misc":{"Verfasst von":"rtnews","Gesch\u00e4tzte Lesezeit":"2\u00a0Minuten"},"schema":{"@context":"https:\/\/schema.org","@graph":[{"@type":"Article","@id":"https:\/\/now-news.de\/de\/deutschland\/nordkorea-im-visier-pentagon-chef-lobt-suedkoreas-plaene-zur-erhoehung-der-militaerausgaben\/#article","isPartOf":{"@id":"https:\/\/now-news.de\/de\/deutschland\/nordkorea-im-visier-pentagon-chef-lobt-suedkoreas-plaene-zur-erhoehung-der-militaerausgaben\/"},"author":{"name":"rtnews","@id":"https:\/\/now-news.de\/de\/#\/schema\/person\/fb534a4e865501d8b3285208df34a9b5"},"headline":"Nordkorea im Visier: Pentagon-Chef lobt S\u00fcdkoreas Pl\u00e4ne zur Erh\u00f6hung der Milit\u00e4rausgaben","datePublished":"2025-11-04T21:24:57+00:00","dateModified":"2025-11-04T21:24:57+00:00","mainEntityOfPage":{"@id":"https:\/\/now-news.de\/de\/deutschland\/nordkorea-im-visier-pentagon-chef-lobt-suedkoreas-plaene-zur-erhoehung-der-militaerausgaben\/"},"wordCount":477,"commentCount":0,"publisher":{"@id":"https:\/\/now-news.de\/de\/#organization"},"image":{"@id":"https:\/\/now-news.de\/de\/deutschland\/nordkorea-im-visier-pentagon-chef-lobt-suedkoreas-plaene-zur-erhoehung-der-militaerausgaben\/#primaryimage"},"thumbnailUrl":"https:\/\/now-news.de\/de\/wp-content\/uploads\/sites\/3\/2025\/11\/Nordkorea-im-Visier-Pentagon-Chef-lobt-Suedkoreas-Plaene-zur-Erhoehung-der.jpg","keywords":["der","Erh\u00f6hung","lobt","Milit\u00e4rausgaben","Nordkorea","PentagonChef","Pl\u00e4ne","S\u00fcdkoreas","Visier","zur"],"articleSection":["Deutschland","Russland"],"inLanguage":"de","potentialAction":[{"@type":"CommentAction","name":"Comment","target":["https:\/\/now-news.de\/de\/deutschland\/nordkorea-im-visier-pentagon-chef-lobt-suedkoreas-plaene-zur-erhoehung-der-militaerausgaben\/#respond"]}]},{"@type":"WebPage","@id":"https:\/\/now-news.de\/de\/deutschland\/nordkorea-im-visier-pentagon-chef-lobt-suedkoreas-plaene-zur-erhoehung-der-militaerausgaben\/","url":"https:\/\/now-news.de\/de\/deutschland\/nordkorea-im-visier-pentagon-chef-lobt-suedkoreas-plaene-zur-erhoehung-der-militaerausgaben\/","name":"Nordkorea im Visier: Pentagon-Chef lobt S\u00fcdkoreas Pl\u00e4ne zur Erh\u00f6hung der Milit\u00e4rausgaben - just-now.NEWS Deutschland","isPartOf":{"@id":"https:\/\/now-news.de\/de\/#website"},"primaryImageOfPage":{"@id":"https:\/\/now-news.de\/de\/deutschland\/nordkorea-im-visier-pentagon-chef-lobt-suedkoreas-plaene-zur-erhoehung-der-militaerausgaben\/#primaryimage"},"image":{"@id":"https:\/\/now-news.de\/de\/deutschland\/nordkorea-im-visier-pentagon-chef-lobt-suedkoreas-plaene-zur-erhoehung-der-militaerausgaben\/#primaryimage"},"thumbnailUrl":"https:\/\/now-news.de\/de\/wp-content\/uploads\/sites\/3\/2025\/11\/Nordkorea-im-Visier-Pentagon-Chef-lobt-Suedkoreas-Plaene-zur-Erhoehung-der.jpg","datePublished":"2025-11-04T21:24:57+00:00","dateModified":"2025-11-04T21:24:57+00:00","breadcrumb":{"@id":"https:\/\/now-news.de\/de\/deutschland\/nordkorea-im-visier-pentagon-chef-lobt-suedkoreas-plaene-zur-erhoehung-der-militaerausgaben\/#breadcrumb"},"inLanguage":"de","potentialAction":[{"@type":"ReadAction","target":["https:\/\/now-news.de\/de\/deutschland\/nordkorea-im-visier-pentagon-chef-lobt-suedkoreas-plaene-zur-erhoehung-der-militaerausgaben\/"]}]},{"@type":"ImageObject","inLanguage":"de","@id":"https:\/\/now-news.de\/de\/deutschland\/nordkorea-im-visier-pentagon-chef-lobt-suedkoreas-plaene-zur-erhoehung-der-militaerausgaben\/#primaryimage","url":"https:\/\/now-news.de\/de\/wp-content\/uploads\/sites\/3\/2025\/11\/Nordkorea-im-Visier-Pentagon-Chef-lobt-Suedkoreas-Plaene-zur-Erhoehung-der.jpg","contentUrl":"https:\/\/now-news.de\/de\/wp-content\/uploads\/sites\/3\/2025\/11\/Nordkorea-im-Visier-Pentagon-Chef-lobt-Suedkoreas-Plaene-zur-Erhoehung-der.jpg","width":460,"height":259,"caption":"Nordkorea im Visier: Pentagon-Chef lobt S\u00fcdkoreas Pl\u00e4ne zur Erh\u00f6hung der Milit\u00e4rausgaben"},{"@type":"BreadcrumbList","@id":"https:\/\/now-news.de\/de\/deutschland\/nordkorea-im-visier-pentagon-chef-lobt-suedkoreas-plaene-zur-erhoehung-der-militaerausgaben\/#breadcrumb","itemListElement":[{"@type":"ListItem","position":1,"name":"Home","item":"https:\/\/now-news.de\/de\/"},{"@type":"ListItem","position":2,"name":"Nordkorea im Visier: Pentagon-Chef lobt S\u00fcdkoreas Pl\u00e4ne zur Erh\u00f6hung der Milit\u00e4rausgaben"}]},{"@type":"WebSite","@id":"https:\/\/now-news.de\/de\/#website","url":"https:\/\/now-news.de\/de\/","name":"just-now.NEWS Deutschland","description":"Das Portal f\u00fcr unzensierte Nachrichten aus der Welt","publisher":{"@id":"https:\/\/now-news.de\/de\/#organization"},"potentialAction":[{"@type":"SearchAction","target":{"@type":"EntryPoint","urlTemplate":"https:\/\/now-news.de\/de\/?s={search_term_string}"},"query-input":"required name=search_term_string"}],"inLanguage":"de"},{"@type":"Organization","@id":"https:\/\/now-news.de\/de\/#organization","name":"Just Now News","url":"https:\/\/now-news.de\/de\/","logo":{"@type":"ImageObject","inLanguage":"de","@id":"https:\/\/now-news.de\/de\/#\/schema\/logo\/image\/","url":"http:\/\/just-now.news\/de\/wp-content\/uploads\/sites\/3\/2022\/04\/logo500x500.jpg","contentUrl":"http:\/\/just-now.news\/de\/wp-content\/uploads\/sites\/3\/2022\/04\/logo500x500.jpg","width":500,"height":500,"caption":"Just Now News"},"image":{"@id":"https:\/\/now-news.de\/de\/#\/schema\/logo\/image\/"},"sameAs":["https:\/\/www.facebook.com\/wirmachenauf","https:\/\/x.com\/WirMachenAuf_de"]},{"@type":"Person","@id":"https:\/\/now-news.de\/de\/#\/schema\/person\/fb534a4e865501d8b3285208df34a9b5","name":"rtnews","image":{"@type":"ImageObject","inLanguage":"de","@id":"https:\/\/now-news.de\/de\/#\/schema\/person\/image\/","url":"https:\/\/secure.gravatar.com\/avatar\/82aafea7d8127119dd649515f56e2117?s=96&d=mm&r=g","contentUrl":"https:\/\/secure.gravatar.com\/avatar\/82aafea7d8127119dd649515f56e2117?s=96&d=mm&r=g","caption":"rtnews"},"url":"https:\/\/now-news.de\/de\/author\/rnews\/"}]}},"_links":{"self":[{"href":"https:\/\/now-news.de\/de\/wp-json\/wp\/v2\/posts\/93350"}],"collection":[{"href":"https:\/\/now-news.de\/de\/wp-json\/wp\/v2\/posts"}],"about":[{"href":"https:\/\/now-news.de\/de\/wp-json\/wp\/v2\/types\/post"}],"author":[{"embeddable":true,"href":"https:\/\/now-news.de\/de\/wp-json\/wp\/v2\/users\/3"}],"replies":[{"embeddable":true,"href":"https:\/\/now-news.de\/de\/wp-json\/wp\/v2\/comments?post=93350"}],"version-history":[{"count":0,"href":"https:\/\/now-news.de\/de\/wp-json\/wp\/v2\/posts\/93350\/revisions"}],"wp:featuredmedia":[{"embeddable":true,"href":"https:\/\/now-news.de\/de\/wp-json\/wp\/v2\/media\/93351"}],"wp:attachment":[{"href":"https:\/\/now-news.de\/de\/wp-json\/wp\/v2\/media?parent=93350"}],"wp:term":[{"taxonomy":"category","embeddable":true,"href":"https:\/\/now-news.de\/de\/wp-json\/wp\/v2\/categories?post=93350"},{"taxonomy":"post_tag","embeddable":true,"href":"https:\/\/now-news.de\/de\/wp-json\/wp\/v2\/tags?post=93350"}],"curies":[{"name":"wp","href":"https:\/\/api.w.org\/{rel}","templated":true}]}}