{"id":93340,"date":"2025-11-04T21:14:10","date_gmt":"2025-11-04T19:14:10","guid":{"rendered":"https:\/\/now-news.de\/de\/deutschland\/vier-jahre-danach-triage-regelung-des-infektionsschutzgesetzes-unvereinbar-mit-grundgesetz\/"},"modified":"2025-11-04T21:14:10","modified_gmt":"2025-11-04T19:14:10","slug":"vier-jahre-danach-triage-regelung-des-infektionsschutzgesetzes-unvereinbar-mit-grundgesetz","status":"publish","type":"post","link":"https:\/\/now-news.de\/de\/deutschland\/vier-jahre-danach-triage-regelung-des-infektionsschutzgesetzes-unvereinbar-mit-grundgesetz\/","title":{"rendered":"Vier Jahre danach: Triage-Regelung des Infektionsschutzgesetzes unvereinbar mit Grundgesetz"},"content":{"rendered":"<p><img decoding=\"async\" src=\"https:\/\/now-news.de\/de\/wp-content\/uploads\/sites\/3\/2025\/11\/6909c1fc48fbef1f6e3f4a81.JPG\" \/><\/p>\n<div class=\"Text-root Text-type_1 \">\n                In welcher Reihenfolge sollen \u00c4rzte Patienten behandeln, wenn die Intensivbetten in einer Notlage knapp werden? So lautete der eingeforderte Pr\u00fcfauftrag an die Richter des Bundesverfassungsgerichts. Aufgearbeitet wurden die Triage-Regelungen des Infektionsschutzgesetzes aus dem Dezember 2021.\n            <\/div>\n<p><\/p>\n<div class=\"Text-root Text-type_5 ArticleView-text ViewText-root \">\n<p><em>Von Bernhard Loyen<\/em><\/p>\n<p>Geltende Triage-Regelungen des Infektionsschutzgesetzes &#8220;sind mit dem Grundgesetz unvereinbar und nichtig&#8221;, so der j\u00fcngste Beschluss der Richter des Ersten Senats des Bundesverfassungsgerichts (<a rel=\"nofollow noopener\" target=\"_blank\" href=\"https:\/\/www.bundesverfassungsgericht.de\/SharedDocs\/Entscheidungen\/DE\/2025\/09\/rs20250923_1bvr228423.html?nn=68080\">1 BvR 2284\/23, 1 BvR 2285\/23<\/a>) zu den &#8220;Triage-Regelungen des Gesetzes zur Verh\u00fctung und Bek\u00e4mpfung von Infektionskrankheiten beim Menschen (Infektionsschutzgesetz \u2212\u00a0IfSG)&#8221;. Geklagt hatten Fach\u00e4rzte aus dem Bereich der Notfall- und Intensivmedizin. Die aktuell g\u00fcltigen und nun neu bewerteten Vorgaben stammen aus dem Zeitraum der IfSG-Neuerungen vom 16.\u00a0Dezember 2021.\u00a0Mit der Neuregelung von <a rel=\"nofollow noopener\" target=\"_blank\" href=\"https:\/\/www.gesetze-im-internet.de\/ifsg\/__5c.html\">\u00a7 5c IfSG<\/a> hatte der Gesetzgeber erstmals ein Verfahren sowie ein Priorisierungskriterium und\u00a0weitere Kriterien im Falle einer Triage geregelt.<\/p>\n<p>&#8220;Corona-Pandemie: Ohne Lockdown <a rel=\"nofollow noopener\" target=\"_blank\" href=\"https:\/\/www.zeit.de\/arbeit\/2021-04\/intensivstationen-corona-pandemie-jens-spahn-rki-warnung-ueberlastung\">droht Triage<\/a>&#8220;, so eine exemplarische <em>Zeit<\/em>-\u00dcberschrift aus dem Dezember 2021, dem Zeitpunkt der zweiten Hochphase einer gesellschaftspolitischen Hysterie in der willk\u00fcrlich deklarierten Corona-Krise seitens der Politik und zuarbeitenden Medien.<\/p>\n<p>Das Wort Triage stammt vom franz\u00f6sischen Verb &#8220;trier&#8221;, das &#8220;sortieren&#8221; oder &#8220;aussuchen&#8221; bedeutet. Es beschreibt die belastende\u00a0Situation, in der \u00c4rzte entscheiden m\u00fcssen, welcher Patient lebenserhaltend weiterbetreut wird und welcher nicht. Im\u00a0Jahr 2021 intensivierte sich die diesbez\u00fcgliche Diskussion, angesichts der Situation &#8220;vieler schwerstkranker Corona-Patienten in\u00a0den Krankenh\u00e4usern&#8221; und der vermeintlich nicht ausreichenden Anzahl von Intensivbetten in Deutschland.<\/p>\n<p>R\u00fcckblickend erkl\u00e4rt die aktuelle Pressemitteilung des Bundesverfassungsgerichts (BVerfG) vom 4. November:<\/p>\n<p><em>&#8220;Mit der Neuregelung von \u00a7\u00a05c\u00a0IfSG\u00a0hat der Gesetzgeber erstmals ein Verfahren sowie ein (positives) Priorisierungskriterium und zahlreiche nicht anzuwendende Kriterien im Falle einer\u00a0Triage\u00a0geregelt. Er hat damit auf den Beschluss des Bundesverfassungsgerichts vom 16.\u00a0Dezember 2021 reagiert. Der Erste Senat hatte darin festgestellt, dass der Gesetzgeber\u00a0Art.\u00a03\u00a0Abs.\u00a03 Satz\u00a02 Grundgesetz (GG) verletzt habe, weil er es unterlassen habe, Vorkehrungen zu treffen, damit niemand wegen einer Behinderung bei der Zuteilung \u00fcberlebenswichtiger, nicht f\u00fcr alle zur Verf\u00fcgung stehender intensivmedizinischer Ressourcen benachteiligt werde. Das Gericht hatte den Gesetzgeber verpflichtet, <a rel=\"nofollow noopener\" target=\"_blank\" href=\"https:\/\/www.bundesverfassungsgericht.de\/SharedDocs\/Pressemitteilungen\/DE\/2021\/bvg21-109.html?nn=68080\">unverz\u00fcglich geeignete Vorkehrungen<\/a> zu treffen.&#8221;<\/em><\/p>\n<p>Dazu <a rel=\"nofollow noopener\" target=\"_blank\" href=\"https:\/\/www.bundestag.de\/dokumente\/textarchiv\/2022\/kw45-de-infektionsschutzgesetz-917438\">hei\u00dft es<\/a> auf der Webseite des Deutschen Bundestags vor drei Jahren, unter federf\u00fchrender Forderungshaltung\u00a0des\u00a0damaligen Gesundheitsministers Karl Lauterbach:<\/p>\n<p><em>&#8220;Mit der Mehrheit beinahe aller Stimmen aus den Reihen der Koalitionsfraktionen\u00a0hat der Bundestag\u00a0am\u00a0Donnerstag, 10. November\u00a02022,\u00a0das\u00a0Infektionsschutzgesetz\u00a0(IfSG)\u00a0angepasst, um der sogenannten <a rel=\"nofollow noopener\" target=\"_blank\" href=\"https:\/\/www.lto.de\/recht\/nachrichten\/n\/bverfg-1bvr1541-20-entscheidung-triage-corona-regelung-gesetzgeber\">&#8216;Triage-Entscheidung&#8217; <\/a>des Bundesverfassungsgerichts Rechnung zu tragen.&#8221;<\/em><\/p>\n<p>Zum abgeschlossenen Verfahren samt verk\u00fcndetem Beschluss hei\u00dft es nun, dass sich die Beschwerdef\u00fchrer gegen die erfolgten &#8220;Regelungen des \u00a7\u00a05c\u00a0IfSG wenden&#8221; und diese &#8220;r\u00fcgen&#8221;, da sich die Mediziner &#8220;in ihrer Berufsfreiheit verletzt&#8221; sehen.\u00a0Es geht dabei um eine Klage, die bereits Ende 2023 von 18 Intensiv- und Notfallmedizinern eingereicht worden war und vom \u00c4rzteverband Marburger Bund unterst\u00fctzt wurde.\u00a0<\/p>\n<p>Im Beschluss\u00a0wird dazu weiter <a rel=\"nofollow noopener\" target=\"_blank\" href=\"https:\/\/www.bundesverfassungsgericht.de\/SharedDocs\/Entscheidungen\/DE\/2025\/09\/rs20250923_1bvr228423.html?nn=68080\">erl\u00e4utert<\/a>:<\/p>\n<p><em>&#8220;Bis zum Inkrafttreten des neuen \u00a7\u00a05c IfSG hatte es keine ausdr\u00fccklichen gesetzlichen Regelungen mit Entscheidungskriterien oder -verfahren f\u00fcr eine Triage-Situation gegeben, weder f\u00fcr den Fall einer pandemiebedingten \u00dcberlastung des Gesundheitssystems noch f\u00fcr Gro\u00dfschadensereignisse oder den notfallmedizinischen Regelbetrieb.&#8221;<\/em><\/p>\n<p>Bereits im Dezember 2020 schaffte es das &#8220;Triage-Thema&#8221; bis in die <em>ZDF<\/em>-Plauderrunde von Markus Lanz. Dazu hei\u00dft es in einem <a rel=\"nofollow noopener\" target=\"_blank\" href=\"https:\/\/www.prisma.de\/news\/Markus-Lanz-Experten-diskutieren-ueber-Triage-und-ethische-Fragen,27825338\">Artikel<\/a>:<\/p>\n<p><em>&#8220;In der ZDF-Talkshow mit Markus Lanz wurde [&#8230;] \u00fcber die Triage diskutiert. W\u00fcrden sich die Menschen strenger an die Corona-Regeln halten, wenn mehr junge Erkrankte an COVID-19 sterben w\u00fcrden?&#8221;\u00a0<\/em><\/p>\n<p>Im April 2021 erkl\u00e4rte dann der unantastbare Karl Lauterbach noch als &#8220;SPD-Gesundheitsexperte&#8221; zum Thema:<\/p>\n<p><em>&#8220;Auch Macrons Versuch, einen weiteren harten Lockdown zu verhindern, ist gescheitert. In Paris startet die Triage, eine menschliche Trag\u00f6die. Wir haben in dieser Woche noch die Chance, das durch ein gutes Gesetz abzuwenden&#8230;&#8221;<\/em><\/p>\n<div class=\"EmbedBlock-root EmbedBlock-twitter\">\n<div class=\"TwitterEmbed\">\n<blockquote class=\"twitter-tweet lazyload\" data-twitter=\"twitter-tweet\">\n<p lang=\"de\" dir=\"ltr\">(1) Auch Macrons Versuch, einen weiteren harten Lockdown zu verhindern, ist gescheitert. In Paris startet die Triage, eine menschliche Trag\u00f6die. Wir haben in dieser Woche noch die Chance, das durch ein gutes Gesetz abzuwenden. Massnahmen sind klar, aber: <a rel=\"nofollow noopener\" target=\"_blank\" href=\"https:\/\/t.co\/5ZEsvD0bEy\">https:\/\/t.co\/5ZEsvD0bEy<\/a><\/p>\n<p>\u2014 Prof. Karl Lauterbach (@Karl_Lauterbach) <a rel=\"nofollow noopener\" target=\"_blank\" href=\"https:\/\/twitter.com\/Karl_Lauterbach\/status\/1381213483308568584?ref_src=twsrc%5Etfw\">April 11, 2021<\/a><\/p><\/blockquote>\n<\/div>\n<\/div>\n<p>Der Berliner\u00a0<em>Tagesspiegel<\/em>\u00a0<a rel=\"nofollow noopener\" target=\"_blank\" href=\"https:\/\/www.tagesspiegel.de\/politik\/widerspricht-wichtigen-prinzipien-der-medizin-4285447.html\">berichtete<\/a> am 29. Oktober 2021 zur damaligen\u00a0Haltung\u00a0der kontrovers wahrgenommenen Ex-Ethikrat-Vorsitzenden Alena Buyx (von 2020 bis 2024) und der generellen Stimmungslage im Land:<\/p>\n<p><em>&#8220;Aus Sicht der Vorsitzenden des Deutschen Ethikrates kann es keine Triage f\u00fcr Ungeimpfte geben. Staatliches 2G aber k\u00f6nnte &#8216;sinnvoll und wichtig sein&#8217;, so Buyx.&#8221;\u00a0<\/em><\/p>\n<p>Die dabei geltenden Beschl\u00fcsse aus diesem Zeitraum h\u00e4tten laut aktueller BVerfG-Ansicht in die\u00a0Berufsfreiheit der \u00c4rzte eingegriffen, die \u2012 im Rahmen therapeutischer Verantwortung \u2012 auch deren Entscheidung \u00fcber das &#8220;Ob&#8221; und &#8220;Wie&#8221; einer Heilbehandlung sch\u00fctze. Dieser Eingriff sei jedoch &#8220;verfassungsrechtlich nicht gerechtfertigt&#8221;. Die nun erfolgte\u00a0Aktualisierung der Gesetzeslage vom 23. September 2025 erkl\u00e4rt:<\/p>\n<p><em>&#8220;Mit heute ver\u00f6ffentlichtem Beschluss hat der Erste Senat des Bundesverfassungsgerichts die\u00a0Triage-Regelungen des Gesetzes zur Verh\u00fctung und Bek\u00e4mpfung von Infektionskrankheiten beim Menschen (Infektionsschutzgesetz \u2212\u00a0IfSG) wegen fehlender Bundeskompetenz f\u00fcr die konkreten Regelungen f\u00fcr nichtig erkl\u00e4rt [&#8230;] Die Verfassungsbeschwerden haben Erfolg [&#8230;] Es besteht keine Gesetzgebungskompetenz des Bundes f\u00fcr die angegriffenen Regelungen des \u00a7\u00a05c\u00a0IfSG.&#8221;<\/em><\/p>\n<p>Wenig \u00fcberraschend hat sich der vormalige verantwortliche BMG-Chef Lauterbach auf X zum Beschluss des\u00a0Bundesverfassungsgerichts noch nicht ge\u00e4u\u00dfert. Die <em>ARD-Tagesschau<\/em> erkl\u00e4rt, dass\u00a0nun\u00a0die Bundesl\u00e4nder gefordert w\u00e4ren, &#8220;die nach Auffassung des Verfassungsgerichts die Verantwortung f\u00fcr Regelungen dieser Art tragen m\u00fcssen&#8221; und daher verpflichtet sind, eigene Landesregelungen zur Triage auf den Weg zu bringen.<\/p>\n<p>Der\u00a0BVerfG-Beschluss belegt damit eine weitere Korrektur des willk\u00fcrlich manipulativen Ausnahmenzustands namens &#8220;Corona-Krise&#8221;, im Rahmen einer weiterhin schleppenden Aufarbeitung dreier dunkler Jahre.\u00a0<\/p>\n<p>Das Portal <em>Multipolar<\/em> pr\u00e4sentiert ebenfalls am 4. November einen <a rel=\"nofollow noopener\" target=\"_blank\" href=\"https:\/\/multipolar-magazin.de\/artikel\/das-ist-nicht-hinnehmbar\">erkenntnisreichen neuen Beleg<\/a> f\u00fcr den zur\u00fcckliegenden Irrsinn unter dem Titel: &#8220;Das ist nicht hinnehmbar&#8221;.\u00a0<\/p>\n<p>Zwei deutsche Forscher haben laut dem Artikelinterview &#8220;auf der Grundlage amtlicher Daten erstmals nachgewiesen, dass in der Corona-Zeit nur jeder siebte positive PCR-Test tats\u00e4chlich mit einer Corona-Infektion einherging&#8221;.<\/p>\n<p>Die Corona-Aufarbeitung nimmt damit gerade erhofften neuen Schwung auf.<\/p>\n<p><strong>Mehr zum Thema \u2012<\/strong>\u00a0<a rel=\"nofollow noopener\" target=\"_blank\" href=\"https:\/\/freedert.online\/inland\/259937-halbzeit-petition-fordert-amnestie-fuer-opfer-staatlichen-corona-zwangs\/\">Halbzeit: Petition fordert Amnestie f\u00fcr Opfer staatlichen Corona-Zwangs \u2013 Frist endet im November<\/a><\/p>\n<div class=\"EmbedBlock-root EmbedBlock-externalVideo EmbedBlock-rumble\">\n<div class=\"VkEmbed\"><iframe class=\"lazyload\" data-src=\"https:\/\/rumble.com\/embed\/v6z11gi\" frameborder=\"0\" width=\"853\" height=\"480\" allowfullscreen><\/iframe><\/div>\n<\/div>\n<\/div>\n<p><script async src=\"https:\/\/platform.twitter.com\/widgets.js\" charset=\"utf-8\"><\/script><br \/>\n<br \/><br \/>\n<br \/><a href=\"https:\/\/de.rt.com\/inland\/260753-vier-jahre-danach-triage-regelung\/\">Source link <\/a><\/p>\n","protected":false},"excerpt":{"rendered":"<p>In welcher Reihenfolge sollen \u00c4rzte Patienten behandeln, wenn die Intensivbetten in einer Notlage knapp werden? So lautete der eingeforderte Pr\u00fcfauftrag an die Richter des Bundesverfassungsgerichts. Aufgearbeitet wurden die Triage-Regelungen des Infektionsschutzgesetzes aus dem Dezember 2021. Von Bernhard Loyen Geltende Triage-Regelungen des Infektionsschutzgesetzes &#8220;sind mit dem Grundgesetz unvereinbar und nichtig&#8221;, so der j\u00fcngste Beschluss der Richter [&hellip;]<\/p>\n","protected":false},"author":3,"featured_media":93341,"comment_status":"open","ping_status":"open","sticky":false,"template":"","format":"standard","meta":{"_yoast_indexnow_last_ping":["1762284317"],"wp_automatic_camp":["217"],"e4c71d822e5abecafc108b84867aa652":["Vier Jahre danach: Triage-Regelung des Infektionsschutzgesetzes unvereinbar mit Grundgesetz"],"original_link":["https:\/\/de.rt.com\/inland\/260753-vier-jahre-danach-triage-regelung\/"],"_thumbnail_id":["93341"],"jnews_social_counter_last_update":["1777182412"],"_wptgpro_p2tg_sent2tg":["a:1:{i:23737;s:19:\"2025-11-04 21:26:27\";}"]},"categories":[19,23],"tags":[23295,583,39746,68918,7530,419,68917,19883,3232],"yoast_head":"<!-- This site is optimized with the Yoast SEO Premium plugin v22.7 (Yoast SEO v22.7) - https:\/\/yoast.com\/wordpress\/plugins\/seo\/ -->\n<title>Vier Jahre danach: Triage-Regelung des Infektionsschutzgesetzes unvereinbar mit Grundgesetz - just-now.NEWS Deutschland<\/title>\n<meta name=\"robots\" content=\"index, follow, max-snippet:-1, max-image-preview:large, max-video-preview:-1\" \/>\n<link rel=\"canonical\" href=\"https:\/\/now-news.de\/de\/deutschland\/vier-jahre-danach-triage-regelung-des-infektionsschutzgesetzes-unvereinbar-mit-grundgesetz\/\" \/>\n<meta property=\"og:locale\" content=\"de_DE\" \/>\n<meta property=\"og:type\" content=\"article\" \/>\n<meta property=\"og:title\" content=\"Vier Jahre danach: Triage-Regelung des Infektionsschutzgesetzes unvereinbar mit Grundgesetz\" \/>\n<meta property=\"og:description\" content=\"In welcher Reihenfolge sollen \u00c4rzte Patienten behandeln, wenn die Intensivbetten in einer Notlage knapp werden? So lautete der eingeforderte Pr\u00fcfauftrag an die Richter des Bundesverfassungsgerichts. Aufgearbeitet wurden die Triage-Regelungen des Infektionsschutzgesetzes aus dem Dezember 2021. Von Bernhard Loyen Geltende Triage-Regelungen des Infektionsschutzgesetzes &#8220;sind mit dem Grundgesetz unvereinbar und nichtig&#8221;, so der j\u00fcngste Beschluss der Richter [&hellip;]\" \/>\n<meta property=\"og:url\" content=\"https:\/\/now-news.de\/de\/deutschland\/vier-jahre-danach-triage-regelung-des-infektionsschutzgesetzes-unvereinbar-mit-grundgesetz\/\" \/>\n<meta property=\"og:site_name\" content=\"just-now.NEWS Deutschland\" \/>\n<meta property=\"article:publisher\" content=\"https:\/\/www.facebook.com\/wirmachenauf\" \/>\n<meta property=\"article:published_time\" content=\"2025-11-04T19:14:10+00:00\" \/>\n<meta property=\"og:image\" content=\"https:\/\/now-news.de\/de\/wp-content\/uploads\/sites\/3\/2025\/11\/6909c1fc48fbef1f6e3f4a81.JPG\" \/>\n<meta name=\"author\" content=\"rtnews\" \/>\n<meta name=\"twitter:card\" content=\"summary_large_image\" \/>\n<meta name=\"twitter:creator\" content=\"@WirMachenAuf_de\" \/>\n<meta name=\"twitter:site\" content=\"@WirMachenAuf_de\" \/>\n<meta name=\"twitter:label1\" content=\"Verfasst von\" \/>\n\t<meta name=\"twitter:data1\" content=\"rtnews\" \/>\n\t<meta name=\"twitter:label2\" content=\"Gesch\u00e4tzte Lesezeit\" \/>\n\t<meta name=\"twitter:data2\" content=\"5\u00a0Minuten\" \/>\n<script type=\"application\/ld+json\" class=\"yoast-schema-graph\">{\"@context\":\"https:\/\/schema.org\",\"@graph\":[{\"@type\":\"Article\",\"@id\":\"https:\/\/now-news.de\/de\/deutschland\/vier-jahre-danach-triage-regelung-des-infektionsschutzgesetzes-unvereinbar-mit-grundgesetz\/#article\",\"isPartOf\":{\"@id\":\"https:\/\/now-news.de\/de\/deutschland\/vier-jahre-danach-triage-regelung-des-infektionsschutzgesetzes-unvereinbar-mit-grundgesetz\/\"},\"author\":{\"name\":\"rtnews\",\"@id\":\"https:\/\/now-news.de\/de\/#\/schema\/person\/fb534a4e865501d8b3285208df34a9b5\"},\"headline\":\"Vier Jahre danach: Triage-Regelung des Infektionsschutzgesetzes unvereinbar mit Grundgesetz\",\"datePublished\":\"2025-11-04T19:14:10+00:00\",\"dateModified\":\"2025-11-04T19:14:10+00:00\",\"mainEntityOfPage\":{\"@id\":\"https:\/\/now-news.de\/de\/deutschland\/vier-jahre-danach-triage-regelung-des-infektionsschutzgesetzes-unvereinbar-mit-grundgesetz\/\"},\"wordCount\":975,\"commentCount\":0,\"publisher\":{\"@id\":\"https:\/\/now-news.de\/de\/#organization\"},\"image\":{\"@id\":\"https:\/\/now-news.de\/de\/deutschland\/vier-jahre-danach-triage-regelung-des-infektionsschutzgesetzes-unvereinbar-mit-grundgesetz\/#primaryimage\"},\"thumbnailUrl\":\"https:\/\/now-news.de\/de\/wp-content\/uploads\/sites\/3\/2025\/11\/Vier-Jahre-danach-Triage-Regelung-des-Infektionsschutzgesetzes-unvereinbar-mit-Grundgesetz.JPG\",\"keywords\":[\"danach\",\"des\",\"Grundgesetz\",\"Infektionsschutzgesetzes\",\"Jahre\",\"mit\",\"TriageRegelung\",\"unvereinbar\",\"vier\"],\"articleSection\":[\"Deutschland\",\"Russland\"],\"inLanguage\":\"de\",\"potentialAction\":[{\"@type\":\"CommentAction\",\"name\":\"Comment\",\"target\":[\"https:\/\/now-news.de\/de\/deutschland\/vier-jahre-danach-triage-regelung-des-infektionsschutzgesetzes-unvereinbar-mit-grundgesetz\/#respond\"]}]},{\"@type\":\"WebPage\",\"@id\":\"https:\/\/now-news.de\/de\/deutschland\/vier-jahre-danach-triage-regelung-des-infektionsschutzgesetzes-unvereinbar-mit-grundgesetz\/\",\"url\":\"https:\/\/now-news.de\/de\/deutschland\/vier-jahre-danach-triage-regelung-des-infektionsschutzgesetzes-unvereinbar-mit-grundgesetz\/\",\"name\":\"Vier Jahre danach: Triage-Regelung des Infektionsschutzgesetzes unvereinbar mit Grundgesetz - just-now.NEWS Deutschland\",\"isPartOf\":{\"@id\":\"https:\/\/now-news.de\/de\/#website\"},\"primaryImageOfPage\":{\"@id\":\"https:\/\/now-news.de\/de\/deutschland\/vier-jahre-danach-triage-regelung-des-infektionsschutzgesetzes-unvereinbar-mit-grundgesetz\/#primaryimage\"},\"image\":{\"@id\":\"https:\/\/now-news.de\/de\/deutschland\/vier-jahre-danach-triage-regelung-des-infektionsschutzgesetzes-unvereinbar-mit-grundgesetz\/#primaryimage\"},\"thumbnailUrl\":\"https:\/\/now-news.de\/de\/wp-content\/uploads\/sites\/3\/2025\/11\/Vier-Jahre-danach-Triage-Regelung-des-Infektionsschutzgesetzes-unvereinbar-mit-Grundgesetz.JPG\",\"datePublished\":\"2025-11-04T19:14:10+00:00\",\"dateModified\":\"2025-11-04T19:14:10+00:00\",\"breadcrumb\":{\"@id\":\"https:\/\/now-news.de\/de\/deutschland\/vier-jahre-danach-triage-regelung-des-infektionsschutzgesetzes-unvereinbar-mit-grundgesetz\/#breadcrumb\"},\"inLanguage\":\"de\",\"potentialAction\":[{\"@type\":\"ReadAction\",\"target\":[\"https:\/\/now-news.de\/de\/deutschland\/vier-jahre-danach-triage-regelung-des-infektionsschutzgesetzes-unvereinbar-mit-grundgesetz\/\"]}]},{\"@type\":\"ImageObject\",\"inLanguage\":\"de\",\"@id\":\"https:\/\/now-news.de\/de\/deutschland\/vier-jahre-danach-triage-regelung-des-infektionsschutzgesetzes-unvereinbar-mit-grundgesetz\/#primaryimage\",\"url\":\"https:\/\/now-news.de\/de\/wp-content\/uploads\/sites\/3\/2025\/11\/Vier-Jahre-danach-Triage-Regelung-des-Infektionsschutzgesetzes-unvereinbar-mit-Grundgesetz.JPG\",\"contentUrl\":\"https:\/\/now-news.de\/de\/wp-content\/uploads\/sites\/3\/2025\/11\/Vier-Jahre-danach-Triage-Regelung-des-Infektionsschutzgesetzes-unvereinbar-mit-Grundgesetz.JPG\",\"width\":460,\"height\":259,\"caption\":\"Vier Jahre danach: Triage-Regelung des Infektionsschutzgesetzes unvereinbar mit Grundgesetz\"},{\"@type\":\"BreadcrumbList\",\"@id\":\"https:\/\/now-news.de\/de\/deutschland\/vier-jahre-danach-triage-regelung-des-infektionsschutzgesetzes-unvereinbar-mit-grundgesetz\/#breadcrumb\",\"itemListElement\":[{\"@type\":\"ListItem\",\"position\":1,\"name\":\"Home\",\"item\":\"https:\/\/now-news.de\/de\/\"},{\"@type\":\"ListItem\",\"position\":2,\"name\":\"Vier Jahre danach: Triage-Regelung des Infektionsschutzgesetzes unvereinbar mit Grundgesetz\"}]},{\"@type\":\"WebSite\",\"@id\":\"https:\/\/now-news.de\/de\/#website\",\"url\":\"https:\/\/now-news.de\/de\/\",\"name\":\"just-now.NEWS Deutschland\",\"description\":\"Das Portal f\u00fcr unzensierte Nachrichten aus der Welt\",\"publisher\":{\"@id\":\"https:\/\/now-news.de\/de\/#organization\"},\"potentialAction\":[{\"@type\":\"SearchAction\",\"target\":{\"@type\":\"EntryPoint\",\"urlTemplate\":\"https:\/\/now-news.de\/de\/?s={search_term_string}\"},\"query-input\":\"required name=search_term_string\"}],\"inLanguage\":\"de\"},{\"@type\":\"Organization\",\"@id\":\"https:\/\/now-news.de\/de\/#organization\",\"name\":\"Just Now News\",\"url\":\"https:\/\/now-news.de\/de\/\",\"logo\":{\"@type\":\"ImageObject\",\"inLanguage\":\"de\",\"@id\":\"https:\/\/now-news.de\/de\/#\/schema\/logo\/image\/\",\"url\":\"http:\/\/just-now.news\/de\/wp-content\/uploads\/sites\/3\/2022\/04\/logo500x500.jpg\",\"contentUrl\":\"http:\/\/just-now.news\/de\/wp-content\/uploads\/sites\/3\/2022\/04\/logo500x500.jpg\",\"width\":500,\"height\":500,\"caption\":\"Just Now News\"},\"image\":{\"@id\":\"https:\/\/now-news.de\/de\/#\/schema\/logo\/image\/\"},\"sameAs\":[\"https:\/\/www.facebook.com\/wirmachenauf\",\"https:\/\/x.com\/WirMachenAuf_de\"]},{\"@type\":\"Person\",\"@id\":\"https:\/\/now-news.de\/de\/#\/schema\/person\/fb534a4e865501d8b3285208df34a9b5\",\"name\":\"rtnews\",\"image\":{\"@type\":\"ImageObject\",\"inLanguage\":\"de\",\"@id\":\"https:\/\/now-news.de\/de\/#\/schema\/person\/image\/\",\"url\":\"https:\/\/secure.gravatar.com\/avatar\/82aafea7d8127119dd649515f56e2117?s=96&d=mm&r=g\",\"contentUrl\":\"https:\/\/secure.gravatar.com\/avatar\/82aafea7d8127119dd649515f56e2117?s=96&d=mm&r=g\",\"caption\":\"rtnews\"},\"url\":\"https:\/\/now-news.de\/de\/author\/rnews\/\"}]}<\/script>\n<!-- \/ Yoast SEO Premium plugin. -->","yoast_head_json":{"title":"Vier Jahre danach: Triage-Regelung des Infektionsschutzgesetzes unvereinbar mit Grundgesetz - just-now.NEWS Deutschland","robots":{"index":"index","follow":"follow","max-snippet":"max-snippet:-1","max-image-preview":"max-image-preview:large","max-video-preview":"max-video-preview:-1"},"canonical":"https:\/\/now-news.de\/de\/deutschland\/vier-jahre-danach-triage-regelung-des-infektionsschutzgesetzes-unvereinbar-mit-grundgesetz\/","og_locale":"de_DE","og_type":"article","og_title":"Vier Jahre danach: Triage-Regelung des Infektionsschutzgesetzes unvereinbar mit Grundgesetz","og_description":"In welcher Reihenfolge sollen \u00c4rzte Patienten behandeln, wenn die Intensivbetten in einer Notlage knapp werden? So lautete der eingeforderte Pr\u00fcfauftrag an die Richter des Bundesverfassungsgerichts. Aufgearbeitet wurden die Triage-Regelungen des Infektionsschutzgesetzes aus dem Dezember 2021. Von Bernhard Loyen Geltende Triage-Regelungen des Infektionsschutzgesetzes &#8220;sind mit dem Grundgesetz unvereinbar und nichtig&#8221;, so der j\u00fcngste Beschluss der Richter [&hellip;]","og_url":"https:\/\/now-news.de\/de\/deutschland\/vier-jahre-danach-triage-regelung-des-infektionsschutzgesetzes-unvereinbar-mit-grundgesetz\/","og_site_name":"just-now.NEWS Deutschland","article_publisher":"https:\/\/www.facebook.com\/wirmachenauf","article_published_time":"2025-11-04T19:14:10+00:00","og_image":[{"url":"https:\/\/now-news.de\/de\/wp-content\/uploads\/sites\/3\/2025\/11\/6909c1fc48fbef1f6e3f4a81.JPG"}],"author":"rtnews","twitter_card":"summary_large_image","twitter_creator":"@WirMachenAuf_de","twitter_site":"@WirMachenAuf_de","twitter_misc":{"Verfasst von":"rtnews","Gesch\u00e4tzte Lesezeit":"5\u00a0Minuten"},"schema":{"@context":"https:\/\/schema.org","@graph":[{"@type":"Article","@id":"https:\/\/now-news.de\/de\/deutschland\/vier-jahre-danach-triage-regelung-des-infektionsschutzgesetzes-unvereinbar-mit-grundgesetz\/#article","isPartOf":{"@id":"https:\/\/now-news.de\/de\/deutschland\/vier-jahre-danach-triage-regelung-des-infektionsschutzgesetzes-unvereinbar-mit-grundgesetz\/"},"author":{"name":"rtnews","@id":"https:\/\/now-news.de\/de\/#\/schema\/person\/fb534a4e865501d8b3285208df34a9b5"},"headline":"Vier Jahre danach: Triage-Regelung des Infektionsschutzgesetzes unvereinbar mit Grundgesetz","datePublished":"2025-11-04T19:14:10+00:00","dateModified":"2025-11-04T19:14:10+00:00","mainEntityOfPage":{"@id":"https:\/\/now-news.de\/de\/deutschland\/vier-jahre-danach-triage-regelung-des-infektionsschutzgesetzes-unvereinbar-mit-grundgesetz\/"},"wordCount":975,"commentCount":0,"publisher":{"@id":"https:\/\/now-news.de\/de\/#organization"},"image":{"@id":"https:\/\/now-news.de\/de\/deutschland\/vier-jahre-danach-triage-regelung-des-infektionsschutzgesetzes-unvereinbar-mit-grundgesetz\/#primaryimage"},"thumbnailUrl":"https:\/\/now-news.de\/de\/wp-content\/uploads\/sites\/3\/2025\/11\/Vier-Jahre-danach-Triage-Regelung-des-Infektionsschutzgesetzes-unvereinbar-mit-Grundgesetz.JPG","keywords":["danach","des","Grundgesetz","Infektionsschutzgesetzes","Jahre","mit","TriageRegelung","unvereinbar","vier"],"articleSection":["Deutschland","Russland"],"inLanguage":"de","potentialAction":[{"@type":"CommentAction","name":"Comment","target":["https:\/\/now-news.de\/de\/deutschland\/vier-jahre-danach-triage-regelung-des-infektionsschutzgesetzes-unvereinbar-mit-grundgesetz\/#respond"]}]},{"@type":"WebPage","@id":"https:\/\/now-news.de\/de\/deutschland\/vier-jahre-danach-triage-regelung-des-infektionsschutzgesetzes-unvereinbar-mit-grundgesetz\/","url":"https:\/\/now-news.de\/de\/deutschland\/vier-jahre-danach-triage-regelung-des-infektionsschutzgesetzes-unvereinbar-mit-grundgesetz\/","name":"Vier Jahre danach: Triage-Regelung des Infektionsschutzgesetzes unvereinbar mit Grundgesetz - just-now.NEWS Deutschland","isPartOf":{"@id":"https:\/\/now-news.de\/de\/#website"},"primaryImageOfPage":{"@id":"https:\/\/now-news.de\/de\/deutschland\/vier-jahre-danach-triage-regelung-des-infektionsschutzgesetzes-unvereinbar-mit-grundgesetz\/#primaryimage"},"image":{"@id":"https:\/\/now-news.de\/de\/deutschland\/vier-jahre-danach-triage-regelung-des-infektionsschutzgesetzes-unvereinbar-mit-grundgesetz\/#primaryimage"},"thumbnailUrl":"https:\/\/now-news.de\/de\/wp-content\/uploads\/sites\/3\/2025\/11\/Vier-Jahre-danach-Triage-Regelung-des-Infektionsschutzgesetzes-unvereinbar-mit-Grundgesetz.JPG","datePublished":"2025-11-04T19:14:10+00:00","dateModified":"2025-11-04T19:14:10+00:00","breadcrumb":{"@id":"https:\/\/now-news.de\/de\/deutschland\/vier-jahre-danach-triage-regelung-des-infektionsschutzgesetzes-unvereinbar-mit-grundgesetz\/#breadcrumb"},"inLanguage":"de","potentialAction":[{"@type":"ReadAction","target":["https:\/\/now-news.de\/de\/deutschland\/vier-jahre-danach-triage-regelung-des-infektionsschutzgesetzes-unvereinbar-mit-grundgesetz\/"]}]},{"@type":"ImageObject","inLanguage":"de","@id":"https:\/\/now-news.de\/de\/deutschland\/vier-jahre-danach-triage-regelung-des-infektionsschutzgesetzes-unvereinbar-mit-grundgesetz\/#primaryimage","url":"https:\/\/now-news.de\/de\/wp-content\/uploads\/sites\/3\/2025\/11\/Vier-Jahre-danach-Triage-Regelung-des-Infektionsschutzgesetzes-unvereinbar-mit-Grundgesetz.JPG","contentUrl":"https:\/\/now-news.de\/de\/wp-content\/uploads\/sites\/3\/2025\/11\/Vier-Jahre-danach-Triage-Regelung-des-Infektionsschutzgesetzes-unvereinbar-mit-Grundgesetz.JPG","width":460,"height":259,"caption":"Vier Jahre danach: Triage-Regelung des Infektionsschutzgesetzes unvereinbar mit Grundgesetz"},{"@type":"BreadcrumbList","@id":"https:\/\/now-news.de\/de\/deutschland\/vier-jahre-danach-triage-regelung-des-infektionsschutzgesetzes-unvereinbar-mit-grundgesetz\/#breadcrumb","itemListElement":[{"@type":"ListItem","position":1,"name":"Home","item":"https:\/\/now-news.de\/de\/"},{"@type":"ListItem","position":2,"name":"Vier Jahre danach: Triage-Regelung des Infektionsschutzgesetzes unvereinbar mit Grundgesetz"}]},{"@type":"WebSite","@id":"https:\/\/now-news.de\/de\/#website","url":"https:\/\/now-news.de\/de\/","name":"just-now.NEWS Deutschland","description":"Das Portal f\u00fcr unzensierte Nachrichten aus der Welt","publisher":{"@id":"https:\/\/now-news.de\/de\/#organization"},"potentialAction":[{"@type":"SearchAction","target":{"@type":"EntryPoint","urlTemplate":"https:\/\/now-news.de\/de\/?s={search_term_string}"},"query-input":"required name=search_term_string"}],"inLanguage":"de"},{"@type":"Organization","@id":"https:\/\/now-news.de\/de\/#organization","name":"Just Now News","url":"https:\/\/now-news.de\/de\/","logo":{"@type":"ImageObject","inLanguage":"de","@id":"https:\/\/now-news.de\/de\/#\/schema\/logo\/image\/","url":"http:\/\/just-now.news\/de\/wp-content\/uploads\/sites\/3\/2022\/04\/logo500x500.jpg","contentUrl":"http:\/\/just-now.news\/de\/wp-content\/uploads\/sites\/3\/2022\/04\/logo500x500.jpg","width":500,"height":500,"caption":"Just Now News"},"image":{"@id":"https:\/\/now-news.de\/de\/#\/schema\/logo\/image\/"},"sameAs":["https:\/\/www.facebook.com\/wirmachenauf","https:\/\/x.com\/WirMachenAuf_de"]},{"@type":"Person","@id":"https:\/\/now-news.de\/de\/#\/schema\/person\/fb534a4e865501d8b3285208df34a9b5","name":"rtnews","image":{"@type":"ImageObject","inLanguage":"de","@id":"https:\/\/now-news.de\/de\/#\/schema\/person\/image\/","url":"https:\/\/secure.gravatar.com\/avatar\/82aafea7d8127119dd649515f56e2117?s=96&d=mm&r=g","contentUrl":"https:\/\/secure.gravatar.com\/avatar\/82aafea7d8127119dd649515f56e2117?s=96&d=mm&r=g","caption":"rtnews"},"url":"https:\/\/now-news.de\/de\/author\/rnews\/"}]}},"_links":{"self":[{"href":"https:\/\/now-news.de\/de\/wp-json\/wp\/v2\/posts\/93340"}],"collection":[{"href":"https:\/\/now-news.de\/de\/wp-json\/wp\/v2\/posts"}],"about":[{"href":"https:\/\/now-news.de\/de\/wp-json\/wp\/v2\/types\/post"}],"author":[{"embeddable":true,"href":"https:\/\/now-news.de\/de\/wp-json\/wp\/v2\/users\/3"}],"replies":[{"embeddable":true,"href":"https:\/\/now-news.de\/de\/wp-json\/wp\/v2\/comments?post=93340"}],"version-history":[{"count":0,"href":"https:\/\/now-news.de\/de\/wp-json\/wp\/v2\/posts\/93340\/revisions"}],"wp:featuredmedia":[{"embeddable":true,"href":"https:\/\/now-news.de\/de\/wp-json\/wp\/v2\/media\/93341"}],"wp:attachment":[{"href":"https:\/\/now-news.de\/de\/wp-json\/wp\/v2\/media?parent=93340"}],"wp:term":[{"taxonomy":"category","embeddable":true,"href":"https:\/\/now-news.de\/de\/wp-json\/wp\/v2\/categories?post=93340"},{"taxonomy":"post_tag","embeddable":true,"href":"https:\/\/now-news.de\/de\/wp-json\/wp\/v2\/tags?post=93340"}],"curies":[{"name":"wp","href":"https:\/\/api.w.org\/{rel}","templated":true}]}}