{"id":93336,"date":"2025-11-04T20:24:15","date_gmt":"2025-11-04T18:24:15","guid":{"rendered":"https:\/\/now-news.de\/de\/deutschland\/medien-bundesregierung-soll-2024-igh-aussage-mit-israel-abgestimmt-haben\/"},"modified":"2025-11-04T20:24:15","modified_gmt":"2025-11-04T18:24:15","slug":"medien-bundesregierung-soll-2024-igh-aussage-mit-israel-abgestimmt-haben","status":"publish","type":"post","link":"https:\/\/now-news.de\/de\/deutschland\/medien-bundesregierung-soll-2024-igh-aussage-mit-israel-abgestimmt-haben\/","title":{"rendered":"Medien: Bundesregierung soll 2024 IGH-Aussage mit Israel abgestimmt haben"},"content":{"rendered":"<p><img decoding=\"async\" src=\"https:\/\/now-news.de\/de\/wp-content\/uploads\/sites\/3\/2025\/11\/6909e0e4b480cc0aa96d59dd.jpg\" \/><\/p>\n<div class=\"Text-root Text-type_1 \">\n                Nicaragua hat im Vorjahr Deutschland vor dem Internationalen Gerichtshof vorgeworfen, durch Waffenlieferungen Israels Genozid im Gazastreifen zu unterst\u00fctzen. Medien berichten nun \u00fcber Absprachen zwischen Tel Aviv und Berlin. So soll in Teilen &#8220;im Einvernehmen&#8221; entschieden worden sein, was im IGH-Verfahren offengelegt wird.\n            <\/div>\n<p><\/p>\n<div class=\"Text-root Text-type_5 ArticleView-text ViewText-root \">\n<p>Der Internationale Gerichtshof in Den Haag (IGH) lehnte es am 30. April 2024 ab, vorl\u00e4ufige Ma\u00dfnahmen gegen Deutschland wegen der milit\u00e4rischen Unterst\u00fctzung Israels im eskalierenden Gaza-Krieg zu erlassen (<em>RT DE<\/em>\u00a0<a rel=\"nofollow noopener\" target=\"_blank\" href=\"https:\/\/freedert.online\/international\/204332-igh-keine-vorlaeufigen-massnahmen-gegen\/\">berichtete<\/a>). Nicaragua hatte zuvor dem politischen Berlin vorgeworfen, unter anderem durch andauernde Waffenlieferungen an Israel &#8220;Beihilfe zum V\u00f6lkermord&#8221; an den Pal\u00e4stinensern zu leisten. Das Boulevardmagazin <em>Stern<\/em> und das US-Nachrichtenportal <em>Drop Site News<\/em> berichten in einer kooperativen <a rel=\"nofollow noopener\" target=\"_blank\" href=\"https:\/\/www.stern.de\/politik\/deutschland\/waffen-fuer-israel--hat-die-regierung-nur-die-halbe-wahrheit-gesagt--36171758.html\">Recherche<\/a>, dass die damalige Ampelregierung wom\u00f6glich\u00a0ihre IGH-Aussage mit der Netanjahu-Administration abgestimmt habe, &#8220;wie aus internen Dokumenten des Bundesverteidigungsministeriums <a rel=\"nofollow noopener\" target=\"_blank\" href=\"https:\/\/www.dropsitenews.com\/p\/exclusive-germany-coordinated-icj-testimony-israel-arms-genocide\">hervorgeht<\/a>&#8220;.\u00a0<\/p>\n<p>In der deutschen Politik gilt seit Jahrzehnten die nicht in Gesetzen\u00a0formulierte &#8220;Staatsr\u00e4son&#8221;, dies als allgemeing\u00fcltiges politisches Konzept gegen\u00fcber Israel, was wiederum regelm\u00e4\u00dfig zur Begr\u00fcndung au\u00dfenpolitischer Entscheidungen argumentativ herangezogen wird. Das politische Berlin ist nachweislich einer der treuesten Verb\u00fcndeten Israels und nach den Vereinigten Staaten zweitgr\u00f6\u00dfter Waffenexporteur Richtung Tel Aviv.<\/p>\n<p>Die Ex-Ampelregierung musste sich im Vorjahr vor dem IGH, dem h\u00f6chsten Gericht der Vereinten Nationen, verantworten, nachdem Nicaragua eine Klage eingereicht hatte. Erinnernd fasst der <em>DSN<\/em>-Artikel zusammen:<\/p>\n<p><em>&#8220;Deutschland erkl\u00e4rte, dass im Jahr 2023 keine Kriegswaffen der Bundeswehr an Israel geliefert worden seien. Die offiziellen Dokumente, die im Rahmen einer Klage unter Berufung auf das Recht auf Information nach deutschem Presserecht vorgelegt wurden, werfen Fragen hinsichtlich der Vollst\u00e4ndigkeit dieser Aussagen vor dem IGH auf.&#8221;\u00a0<\/em><\/p>\n<p>Am 2. Juni dieses Jahres <a rel=\"nofollow noopener\" target=\"_blank\" href=\"https:\/\/www.bundestag.de\/presse\/hib\/kurzmeldungen-1082536\">hei\u00dft es<\/a> themenbezogen auf der Webseite des Deutschen Bundestags:<\/p>\n<p><em>&#8220;Im Zeitraum vom 7. Oktober 2023 bis zum 13. Mai 2025 sind Einzelausfuhrgenehmigungen f\u00fcr die endg\u00fcltige Ausfuhr von R\u00fcstungsg\u00fctern nach Israel im Gesamtwert von 485.103.796 Euro erteilt worden.&#8221;<\/em><\/p>\n<p>Bezugnehmend auf die Realit\u00e4t von rund 500 Millionen Euro milit\u00e4rischer Unterst\u00fctzung im Gaza-Krieg wird in dem\u00a0<em>Stern<\/em>-Artikel berichtet:<\/p>\n<p><em>&#8220;W\u00e4hrend kommerzielle Exportgenehmigungen von R\u00fcstungsg\u00fctern in den Zust\u00e4ndigkeitsbereich des Wirtschaftsministeriums fallen, unterstehen direkte Lieferungen aus den Best\u00e4nden der Bundeswehr \u2013 sogenannte L\u00e4nderabgaben \u2013 dem Verteidigungsministerium.&#8221;<\/em><\/p>\n<p>Bei der IGH-Anh\u00f6rung im Vorjahr, nach der Kritik seitens des Vertreters aus Nicaragua zur &#8220;mutma\u00dflichen Lieferung von 10.000 Schuss 120-Millimeter-Pr\u00e4zisionsmunition f\u00fcr israelische Panzer aus Bundeswehrbest\u00e4nden&#8221;, erkl\u00e4rte demnach eine deutsche Vertreterin vor Gericht, dass diese angesprochene Lieferung &#8220;noch gepr\u00fcft werde&#8221; und demnach &#8220;keine Genehmigung erteilt wurde&#8221;. Weiter erkl\u00e4rte die ungenannte Prozessbeteiligte w\u00f6rtlich:<\/p>\n<p><em>&#8220;Die einzigen Gegenst\u00e4nde, die die deutsche Bundeswehr an Israel liefert, sind medizinische Hilfsg\u00fcter und Helme.&#8221;<\/em><\/p>\n<p>Den beiden Redaktionen liegt diesbez\u00fcglicher Aussagen eine\u00a0Stellungnahme des Verteidigungsministeriums an das Verwaltungsgericht K\u00f6ln\u00a0vom 29. Januar 2025 vor, dies in Verbindung mit Inhalten aus dem &#8220;halbj\u00e4hrlich vom Wirtschaftsministerium erstellten &#8216;R\u00fcstungsexportbericht'&#8221;. Dazu hei\u00dft es beim <em>Stern<\/em>:<\/p>\n<p><em>&#8220;Eine Entscheidung des Verwaltungsgerichts K\u00f6ln vom 26. Mai 2025 best\u00e4tigt [\u2026], dass die Aussage Deutschlands, es seien nur &#8216;Sanit\u00e4tsmaterial und Helme&#8217; aus Bundeswehrbest\u00e4nden geliefert worden, &#8216;nach Angaben der Antragsgegnerin [des Bundesverteidigungsministeriums] im Einvernehmen mit dem Staat Israel&#8217; erfolgte.&#8221;<\/em><\/p>\n<p><em>Der DSN<\/em>-Artikel erg\u00e4nzt zudem:<\/p>\n<p><em>&#8220;In einem weiteren Schreiben desselben Ministeriums vom 15. Januar 2025 hei\u00dft es, dass die in der Klage angeforderten &#8216;differenzierten Informationen zu Exporten der Bundeswehr im Verfahren vor dem IGH nicht offengelegt wurden&#8217;.&#8221;<\/em><\/p>\n<p>Ein weiteres Schreiben des Verteidigungsministeriums vom 23. Juli 2025 bezieht sich demnach auf &#8220;eine &#8216;Vertraulichkeitsvereinbarung&#8217; mit Israel&#8221;.<\/p>\n<p>Angaben zu L\u00e4nderabgaben an Israel, so das Verteidigungsministerium, k\u00f6nnten dabei aus &#8220;Gr\u00fcnden der vertraglich vereinbarten Vertraulichkeit&#8221; nicht offenbart werden. Die Offenlegung solcher Informationen k\u00f6nne &#8220;das Vertrauen zwischen Deutschland und Israel erheblich beeintr\u00e4chtigen&#8221;.<\/p>\n<p>Das &#8220;Europ\u00e4ische Zentrum f\u00fcr Verfassungs- und Menschenrechte (ECCHR)&#8221; \u00e4u\u00dferte sich demnach besorgt \u00fcber das nachweisliche Vorgehen Berlins. Dazu hei\u00dft es:<\/p>\n<p><em>&#8220;Wenn die deutsche Regierung erkl\u00e4rt, dass &#8216;Informationen \u00fcber Lieferungen der Bundeswehr nur in Absprache mit Israel an den IGH weitergegeben wurden&#8217;, so das ECCHR in einer Stellungnahme gegen\u00fcber Drop Site und Stern, scheint es &#8216;m\u00f6glich, dass die genannten G\u00fcter letztlich nicht die einzigen waren, die verschickt wurden, sondern nur die einzigen, die offengelegt wurden&#8217;.&#8221;\u00a0<\/em><\/p>\n<p>F\u00fcr Matthias Goldmann, Professor f\u00fcr Internationales Recht an der EBS Universit\u00e4t f\u00fcr Wirtschaft und Recht, w\u00e4re dies laut den Artikeln ein &#8220;politischer Skandal&#8221; und &#8220;ein Affront gegen ein internationales Gericht&#8221;. Goldmann erkl\u00e4rte in einem Antwortschreiben:<\/p>\n<p><em>&#8220;Sollte Deutschland vor dem IGH tats\u00e4chlich &#8216;unvollst\u00e4ndige oder falsche Angaben gemacht haben&#8217;, w\u00fcrde dies &#8216;die deutschen Doppelstandards in aller Deutlichkeit offenbaren und damit die Glaubw\u00fcrdigkeit Deutschlands und den Einsatz f\u00fcr die regelbasierte Weltordnung infrage stellen\u2018.&#8221;<\/em><\/p>\n<p>Das Ausw\u00e4rtige Amt lehnte auf Anfrage der beiden Redaktionen eine Stellungnahme zu den in Den Haag gemachten Angaben ab.<\/p>\n<p><strong>Mehr zum Thema <\/strong><em>\u2013<\/em>\u00a0<a rel=\"nofollow noopener\" target=\"_blank\" href=\"https:\/\/freedert.online\/international\/257681-laesst-rheinmetall-drohnen-in-gaza\/\">R\u00fcstungskooperation: L\u00e4sst Rheinmetall Drohnen in Gaza testen?<\/a><\/p>\n<div class=\"EmbedBlock-root EmbedBlock-externalVideo EmbedBlock-rumble\">\n<div class=\"VkEmbed\"><iframe class=\"lazyload\" data-src=\"https:\/\/rumble.com\/embed\/v6w7s2a\" frameborder=\"0\" width=\"853\" height=\"480\" allowfullscreen><\/iframe><\/div>\n<\/div>\n<\/div>\n<p><br \/>\n<br \/><a href=\"https:\/\/de.rt.com\/inland\/260767-medien-hat-bundesregierung-2024-vor\/\">Source link <\/a><\/p>\n","protected":false},"excerpt":{"rendered":"<p>Nicaragua hat im Vorjahr Deutschland vor dem Internationalen Gerichtshof vorgeworfen, durch Waffenlieferungen Israels Genozid im Gazastreifen zu unterst\u00fctzen. Medien berichten nun \u00fcber Absprachen zwischen Tel Aviv und Berlin. So soll in Teilen &#8220;im Einvernehmen&#8221; entschieden worden sein, was im IGH-Verfahren offengelegt wird. Der Internationale Gerichtshof in Den Haag (IGH) lehnte es am 30. April 2024 [&hellip;]<\/p>\n","protected":false},"author":3,"featured_media":93337,"comment_status":"open","ping_status":"open","sticky":false,"template":"","format":"standard","meta":{"_yoast_indexnow_last_ping":["1762281370"],"wp_automatic_camp":["217"],"1b4c3c3e575d591ede5de50c4051326a":["Medien: Bundesregierung soll 2024 IGH-Aussage mit Israel abgestimmt haben"],"original_link":["https:\/\/de.rt.com\/inland\/260767-medien-hat-bundesregierung-2024-vor\/"],"_thumbnail_id":["93337"],"jnews_social_counter_last_update":["1777102107"],"_wptgpro_p2tg_sent2tg":["a:1:{i:23737;s:19:\"2025-11-04 20:37:17\";}"]},"categories":[19,23],"tags":[62727,3807,771,68916,432,580,419,766],"yoast_head":"<!-- This site is optimized with the Yoast SEO Premium plugin v22.7 (Yoast SEO v22.7) - https:\/\/yoast.com\/wordpress\/plugins\/seo\/ -->\n<title>Medien: Bundesregierung soll 2024 IGH-Aussage mit Israel abgestimmt haben - just-now.NEWS Deutschland<\/title>\n<meta name=\"robots\" content=\"index, follow, max-snippet:-1, max-image-preview:large, max-video-preview:-1\" \/>\n<link rel=\"canonical\" href=\"https:\/\/now-news.de\/de\/deutschland\/medien-bundesregierung-soll-2024-igh-aussage-mit-israel-abgestimmt-haben\/\" \/>\n<meta property=\"og:locale\" content=\"de_DE\" \/>\n<meta property=\"og:type\" content=\"article\" \/>\n<meta property=\"og:title\" content=\"Medien: Bundesregierung soll 2024 IGH-Aussage mit Israel abgestimmt haben\" \/>\n<meta property=\"og:description\" content=\"Nicaragua hat im Vorjahr Deutschland vor dem Internationalen Gerichtshof vorgeworfen, durch Waffenlieferungen Israels Genozid im Gazastreifen zu unterst\u00fctzen. Medien berichten nun \u00fcber Absprachen zwischen Tel Aviv und Berlin. So soll in Teilen &#8220;im Einvernehmen&#8221; entschieden worden sein, was im IGH-Verfahren offengelegt wird. Der Internationale Gerichtshof in Den Haag (IGH) lehnte es am 30. April 2024 [&hellip;]\" \/>\n<meta property=\"og:url\" content=\"https:\/\/now-news.de\/de\/deutschland\/medien-bundesregierung-soll-2024-igh-aussage-mit-israel-abgestimmt-haben\/\" \/>\n<meta property=\"og:site_name\" content=\"just-now.NEWS Deutschland\" \/>\n<meta property=\"article:publisher\" content=\"https:\/\/www.facebook.com\/wirmachenauf\" \/>\n<meta property=\"article:published_time\" content=\"2025-11-04T18:24:15+00:00\" \/>\n<meta property=\"og:image\" content=\"https:\/\/now-news.de\/de\/wp-content\/uploads\/sites\/3\/2025\/11\/6909e0e4b480cc0aa96d59dd.jpg\" \/>\n<meta name=\"author\" content=\"rtnews\" \/>\n<meta name=\"twitter:card\" content=\"summary_large_image\" \/>\n<meta name=\"twitter:creator\" content=\"@WirMachenAuf_de\" \/>\n<meta name=\"twitter:site\" content=\"@WirMachenAuf_de\" \/>\n<meta name=\"twitter:label1\" content=\"Verfasst von\" \/>\n\t<meta name=\"twitter:data1\" content=\"rtnews\" \/>\n\t<meta name=\"twitter:label2\" content=\"Gesch\u00e4tzte Lesezeit\" \/>\n\t<meta name=\"twitter:data2\" content=\"4\u00a0Minuten\" \/>\n<script type=\"application\/ld+json\" class=\"yoast-schema-graph\">{\"@context\":\"https:\/\/schema.org\",\"@graph\":[{\"@type\":\"Article\",\"@id\":\"https:\/\/now-news.de\/de\/deutschland\/medien-bundesregierung-soll-2024-igh-aussage-mit-israel-abgestimmt-haben\/#article\",\"isPartOf\":{\"@id\":\"https:\/\/now-news.de\/de\/deutschland\/medien-bundesregierung-soll-2024-igh-aussage-mit-israel-abgestimmt-haben\/\"},\"author\":{\"name\":\"rtnews\",\"@id\":\"https:\/\/now-news.de\/de\/#\/schema\/person\/fb534a4e865501d8b3285208df34a9b5\"},\"headline\":\"Medien: Bundesregierung soll 2024 IGH-Aussage mit Israel abgestimmt haben\",\"datePublished\":\"2025-11-04T18:24:15+00:00\",\"dateModified\":\"2025-11-04T18:24:15+00:00\",\"mainEntityOfPage\":{\"@id\":\"https:\/\/now-news.de\/de\/deutschland\/medien-bundesregierung-soll-2024-igh-aussage-mit-israel-abgestimmt-haben\/\"},\"wordCount\":805,\"commentCount\":0,\"publisher\":{\"@id\":\"https:\/\/now-news.de\/de\/#organization\"},\"image\":{\"@id\":\"https:\/\/now-news.de\/de\/deutschland\/medien-bundesregierung-soll-2024-igh-aussage-mit-israel-abgestimmt-haben\/#primaryimage\"},\"thumbnailUrl\":\"https:\/\/now-news.de\/de\/wp-content\/uploads\/sites\/3\/2025\/11\/Medien-Bundesregierung-soll-2024-IGH-Aussage-mit-Israel-abgestimmt-haben.jpg\",\"keywords\":[\"abgestimmt\",\"Bundesregierung\",\"haben\",\"IGHAussage\",\"Israel\",\"Medien\",\"mit\",\"soll\"],\"articleSection\":[\"Deutschland\",\"Russland\"],\"inLanguage\":\"de\",\"potentialAction\":[{\"@type\":\"CommentAction\",\"name\":\"Comment\",\"target\":[\"https:\/\/now-news.de\/de\/deutschland\/medien-bundesregierung-soll-2024-igh-aussage-mit-israel-abgestimmt-haben\/#respond\"]}]},{\"@type\":\"WebPage\",\"@id\":\"https:\/\/now-news.de\/de\/deutschland\/medien-bundesregierung-soll-2024-igh-aussage-mit-israel-abgestimmt-haben\/\",\"url\":\"https:\/\/now-news.de\/de\/deutschland\/medien-bundesregierung-soll-2024-igh-aussage-mit-israel-abgestimmt-haben\/\",\"name\":\"Medien: Bundesregierung soll 2024 IGH-Aussage mit Israel abgestimmt haben - just-now.NEWS Deutschland\",\"isPartOf\":{\"@id\":\"https:\/\/now-news.de\/de\/#website\"},\"primaryImageOfPage\":{\"@id\":\"https:\/\/now-news.de\/de\/deutschland\/medien-bundesregierung-soll-2024-igh-aussage-mit-israel-abgestimmt-haben\/#primaryimage\"},\"image\":{\"@id\":\"https:\/\/now-news.de\/de\/deutschland\/medien-bundesregierung-soll-2024-igh-aussage-mit-israel-abgestimmt-haben\/#primaryimage\"},\"thumbnailUrl\":\"https:\/\/now-news.de\/de\/wp-content\/uploads\/sites\/3\/2025\/11\/Medien-Bundesregierung-soll-2024-IGH-Aussage-mit-Israel-abgestimmt-haben.jpg\",\"datePublished\":\"2025-11-04T18:24:15+00:00\",\"dateModified\":\"2025-11-04T18:24:15+00:00\",\"breadcrumb\":{\"@id\":\"https:\/\/now-news.de\/de\/deutschland\/medien-bundesregierung-soll-2024-igh-aussage-mit-israel-abgestimmt-haben\/#breadcrumb\"},\"inLanguage\":\"de\",\"potentialAction\":[{\"@type\":\"ReadAction\",\"target\":[\"https:\/\/now-news.de\/de\/deutschland\/medien-bundesregierung-soll-2024-igh-aussage-mit-israel-abgestimmt-haben\/\"]}]},{\"@type\":\"ImageObject\",\"inLanguage\":\"de\",\"@id\":\"https:\/\/now-news.de\/de\/deutschland\/medien-bundesregierung-soll-2024-igh-aussage-mit-israel-abgestimmt-haben\/#primaryimage\",\"url\":\"https:\/\/now-news.de\/de\/wp-content\/uploads\/sites\/3\/2025\/11\/Medien-Bundesregierung-soll-2024-IGH-Aussage-mit-Israel-abgestimmt-haben.jpg\",\"contentUrl\":\"https:\/\/now-news.de\/de\/wp-content\/uploads\/sites\/3\/2025\/11\/Medien-Bundesregierung-soll-2024-IGH-Aussage-mit-Israel-abgestimmt-haben.jpg\",\"width\":460,\"height\":259,\"caption\":\"Medien: Bundesregierung soll 2024 IGH-Aussage mit Israel abgestimmt haben\"},{\"@type\":\"BreadcrumbList\",\"@id\":\"https:\/\/now-news.de\/de\/deutschland\/medien-bundesregierung-soll-2024-igh-aussage-mit-israel-abgestimmt-haben\/#breadcrumb\",\"itemListElement\":[{\"@type\":\"ListItem\",\"position\":1,\"name\":\"Home\",\"item\":\"https:\/\/now-news.de\/de\/\"},{\"@type\":\"ListItem\",\"position\":2,\"name\":\"Medien: Bundesregierung soll 2024 IGH-Aussage mit Israel abgestimmt haben\"}]},{\"@type\":\"WebSite\",\"@id\":\"https:\/\/now-news.de\/de\/#website\",\"url\":\"https:\/\/now-news.de\/de\/\",\"name\":\"just-now.NEWS Deutschland\",\"description\":\"Das Portal f\u00fcr unzensierte Nachrichten aus der Welt\",\"publisher\":{\"@id\":\"https:\/\/now-news.de\/de\/#organization\"},\"potentialAction\":[{\"@type\":\"SearchAction\",\"target\":{\"@type\":\"EntryPoint\",\"urlTemplate\":\"https:\/\/now-news.de\/de\/?s={search_term_string}\"},\"query-input\":\"required name=search_term_string\"}],\"inLanguage\":\"de\"},{\"@type\":\"Organization\",\"@id\":\"https:\/\/now-news.de\/de\/#organization\",\"name\":\"Just Now News\",\"url\":\"https:\/\/now-news.de\/de\/\",\"logo\":{\"@type\":\"ImageObject\",\"inLanguage\":\"de\",\"@id\":\"https:\/\/now-news.de\/de\/#\/schema\/logo\/image\/\",\"url\":\"http:\/\/just-now.news\/de\/wp-content\/uploads\/sites\/3\/2022\/04\/logo500x500.jpg\",\"contentUrl\":\"http:\/\/just-now.news\/de\/wp-content\/uploads\/sites\/3\/2022\/04\/logo500x500.jpg\",\"width\":500,\"height\":500,\"caption\":\"Just Now News\"},\"image\":{\"@id\":\"https:\/\/now-news.de\/de\/#\/schema\/logo\/image\/\"},\"sameAs\":[\"https:\/\/www.facebook.com\/wirmachenauf\",\"https:\/\/x.com\/WirMachenAuf_de\"]},{\"@type\":\"Person\",\"@id\":\"https:\/\/now-news.de\/de\/#\/schema\/person\/fb534a4e865501d8b3285208df34a9b5\",\"name\":\"rtnews\",\"image\":{\"@type\":\"ImageObject\",\"inLanguage\":\"de\",\"@id\":\"https:\/\/now-news.de\/de\/#\/schema\/person\/image\/\",\"url\":\"https:\/\/secure.gravatar.com\/avatar\/82aafea7d8127119dd649515f56e2117?s=96&d=mm&r=g\",\"contentUrl\":\"https:\/\/secure.gravatar.com\/avatar\/82aafea7d8127119dd649515f56e2117?s=96&d=mm&r=g\",\"caption\":\"rtnews\"},\"url\":\"https:\/\/now-news.de\/de\/author\/rnews\/\"}]}<\/script>\n<!-- \/ Yoast SEO Premium plugin. -->","yoast_head_json":{"title":"Medien: Bundesregierung soll 2024 IGH-Aussage mit Israel abgestimmt haben - just-now.NEWS Deutschland","robots":{"index":"index","follow":"follow","max-snippet":"max-snippet:-1","max-image-preview":"max-image-preview:large","max-video-preview":"max-video-preview:-1"},"canonical":"https:\/\/now-news.de\/de\/deutschland\/medien-bundesregierung-soll-2024-igh-aussage-mit-israel-abgestimmt-haben\/","og_locale":"de_DE","og_type":"article","og_title":"Medien: Bundesregierung soll 2024 IGH-Aussage mit Israel abgestimmt haben","og_description":"Nicaragua hat im Vorjahr Deutschland vor dem Internationalen Gerichtshof vorgeworfen, durch Waffenlieferungen Israels Genozid im Gazastreifen zu unterst\u00fctzen. Medien berichten nun \u00fcber Absprachen zwischen Tel Aviv und Berlin. So soll in Teilen &#8220;im Einvernehmen&#8221; entschieden worden sein, was im IGH-Verfahren offengelegt wird. Der Internationale Gerichtshof in Den Haag (IGH) lehnte es am 30. April 2024 [&hellip;]","og_url":"https:\/\/now-news.de\/de\/deutschland\/medien-bundesregierung-soll-2024-igh-aussage-mit-israel-abgestimmt-haben\/","og_site_name":"just-now.NEWS Deutschland","article_publisher":"https:\/\/www.facebook.com\/wirmachenauf","article_published_time":"2025-11-04T18:24:15+00:00","og_image":[{"url":"https:\/\/now-news.de\/de\/wp-content\/uploads\/sites\/3\/2025\/11\/6909e0e4b480cc0aa96d59dd.jpg"}],"author":"rtnews","twitter_card":"summary_large_image","twitter_creator":"@WirMachenAuf_de","twitter_site":"@WirMachenAuf_de","twitter_misc":{"Verfasst von":"rtnews","Gesch\u00e4tzte Lesezeit":"4\u00a0Minuten"},"schema":{"@context":"https:\/\/schema.org","@graph":[{"@type":"Article","@id":"https:\/\/now-news.de\/de\/deutschland\/medien-bundesregierung-soll-2024-igh-aussage-mit-israel-abgestimmt-haben\/#article","isPartOf":{"@id":"https:\/\/now-news.de\/de\/deutschland\/medien-bundesregierung-soll-2024-igh-aussage-mit-israel-abgestimmt-haben\/"},"author":{"name":"rtnews","@id":"https:\/\/now-news.de\/de\/#\/schema\/person\/fb534a4e865501d8b3285208df34a9b5"},"headline":"Medien: Bundesregierung soll 2024 IGH-Aussage mit Israel abgestimmt haben","datePublished":"2025-11-04T18:24:15+00:00","dateModified":"2025-11-04T18:24:15+00:00","mainEntityOfPage":{"@id":"https:\/\/now-news.de\/de\/deutschland\/medien-bundesregierung-soll-2024-igh-aussage-mit-israel-abgestimmt-haben\/"},"wordCount":805,"commentCount":0,"publisher":{"@id":"https:\/\/now-news.de\/de\/#organization"},"image":{"@id":"https:\/\/now-news.de\/de\/deutschland\/medien-bundesregierung-soll-2024-igh-aussage-mit-israel-abgestimmt-haben\/#primaryimage"},"thumbnailUrl":"https:\/\/now-news.de\/de\/wp-content\/uploads\/sites\/3\/2025\/11\/Medien-Bundesregierung-soll-2024-IGH-Aussage-mit-Israel-abgestimmt-haben.jpg","keywords":["abgestimmt","Bundesregierung","haben","IGHAussage","Israel","Medien","mit","soll"],"articleSection":["Deutschland","Russland"],"inLanguage":"de","potentialAction":[{"@type":"CommentAction","name":"Comment","target":["https:\/\/now-news.de\/de\/deutschland\/medien-bundesregierung-soll-2024-igh-aussage-mit-israel-abgestimmt-haben\/#respond"]}]},{"@type":"WebPage","@id":"https:\/\/now-news.de\/de\/deutschland\/medien-bundesregierung-soll-2024-igh-aussage-mit-israel-abgestimmt-haben\/","url":"https:\/\/now-news.de\/de\/deutschland\/medien-bundesregierung-soll-2024-igh-aussage-mit-israel-abgestimmt-haben\/","name":"Medien: Bundesregierung soll 2024 IGH-Aussage mit Israel abgestimmt haben - just-now.NEWS Deutschland","isPartOf":{"@id":"https:\/\/now-news.de\/de\/#website"},"primaryImageOfPage":{"@id":"https:\/\/now-news.de\/de\/deutschland\/medien-bundesregierung-soll-2024-igh-aussage-mit-israel-abgestimmt-haben\/#primaryimage"},"image":{"@id":"https:\/\/now-news.de\/de\/deutschland\/medien-bundesregierung-soll-2024-igh-aussage-mit-israel-abgestimmt-haben\/#primaryimage"},"thumbnailUrl":"https:\/\/now-news.de\/de\/wp-content\/uploads\/sites\/3\/2025\/11\/Medien-Bundesregierung-soll-2024-IGH-Aussage-mit-Israel-abgestimmt-haben.jpg","datePublished":"2025-11-04T18:24:15+00:00","dateModified":"2025-11-04T18:24:15+00:00","breadcrumb":{"@id":"https:\/\/now-news.de\/de\/deutschland\/medien-bundesregierung-soll-2024-igh-aussage-mit-israel-abgestimmt-haben\/#breadcrumb"},"inLanguage":"de","potentialAction":[{"@type":"ReadAction","target":["https:\/\/now-news.de\/de\/deutschland\/medien-bundesregierung-soll-2024-igh-aussage-mit-israel-abgestimmt-haben\/"]}]},{"@type":"ImageObject","inLanguage":"de","@id":"https:\/\/now-news.de\/de\/deutschland\/medien-bundesregierung-soll-2024-igh-aussage-mit-israel-abgestimmt-haben\/#primaryimage","url":"https:\/\/now-news.de\/de\/wp-content\/uploads\/sites\/3\/2025\/11\/Medien-Bundesregierung-soll-2024-IGH-Aussage-mit-Israel-abgestimmt-haben.jpg","contentUrl":"https:\/\/now-news.de\/de\/wp-content\/uploads\/sites\/3\/2025\/11\/Medien-Bundesregierung-soll-2024-IGH-Aussage-mit-Israel-abgestimmt-haben.jpg","width":460,"height":259,"caption":"Medien: Bundesregierung soll 2024 IGH-Aussage mit Israel abgestimmt haben"},{"@type":"BreadcrumbList","@id":"https:\/\/now-news.de\/de\/deutschland\/medien-bundesregierung-soll-2024-igh-aussage-mit-israel-abgestimmt-haben\/#breadcrumb","itemListElement":[{"@type":"ListItem","position":1,"name":"Home","item":"https:\/\/now-news.de\/de\/"},{"@type":"ListItem","position":2,"name":"Medien: Bundesregierung soll 2024 IGH-Aussage mit Israel abgestimmt haben"}]},{"@type":"WebSite","@id":"https:\/\/now-news.de\/de\/#website","url":"https:\/\/now-news.de\/de\/","name":"just-now.NEWS Deutschland","description":"Das Portal f\u00fcr unzensierte Nachrichten aus der Welt","publisher":{"@id":"https:\/\/now-news.de\/de\/#organization"},"potentialAction":[{"@type":"SearchAction","target":{"@type":"EntryPoint","urlTemplate":"https:\/\/now-news.de\/de\/?s={search_term_string}"},"query-input":"required name=search_term_string"}],"inLanguage":"de"},{"@type":"Organization","@id":"https:\/\/now-news.de\/de\/#organization","name":"Just Now News","url":"https:\/\/now-news.de\/de\/","logo":{"@type":"ImageObject","inLanguage":"de","@id":"https:\/\/now-news.de\/de\/#\/schema\/logo\/image\/","url":"http:\/\/just-now.news\/de\/wp-content\/uploads\/sites\/3\/2022\/04\/logo500x500.jpg","contentUrl":"http:\/\/just-now.news\/de\/wp-content\/uploads\/sites\/3\/2022\/04\/logo500x500.jpg","width":500,"height":500,"caption":"Just Now News"},"image":{"@id":"https:\/\/now-news.de\/de\/#\/schema\/logo\/image\/"},"sameAs":["https:\/\/www.facebook.com\/wirmachenauf","https:\/\/x.com\/WirMachenAuf_de"]},{"@type":"Person","@id":"https:\/\/now-news.de\/de\/#\/schema\/person\/fb534a4e865501d8b3285208df34a9b5","name":"rtnews","image":{"@type":"ImageObject","inLanguage":"de","@id":"https:\/\/now-news.de\/de\/#\/schema\/person\/image\/","url":"https:\/\/secure.gravatar.com\/avatar\/82aafea7d8127119dd649515f56e2117?s=96&d=mm&r=g","contentUrl":"https:\/\/secure.gravatar.com\/avatar\/82aafea7d8127119dd649515f56e2117?s=96&d=mm&r=g","caption":"rtnews"},"url":"https:\/\/now-news.de\/de\/author\/rnews\/"}]}},"_links":{"self":[{"href":"https:\/\/now-news.de\/de\/wp-json\/wp\/v2\/posts\/93336"}],"collection":[{"href":"https:\/\/now-news.de\/de\/wp-json\/wp\/v2\/posts"}],"about":[{"href":"https:\/\/now-news.de\/de\/wp-json\/wp\/v2\/types\/post"}],"author":[{"embeddable":true,"href":"https:\/\/now-news.de\/de\/wp-json\/wp\/v2\/users\/3"}],"replies":[{"embeddable":true,"href":"https:\/\/now-news.de\/de\/wp-json\/wp\/v2\/comments?post=93336"}],"version-history":[{"count":0,"href":"https:\/\/now-news.de\/de\/wp-json\/wp\/v2\/posts\/93336\/revisions"}],"wp:featuredmedia":[{"embeddable":true,"href":"https:\/\/now-news.de\/de\/wp-json\/wp\/v2\/media\/93337"}],"wp:attachment":[{"href":"https:\/\/now-news.de\/de\/wp-json\/wp\/v2\/media?parent=93336"}],"wp:term":[{"taxonomy":"category","embeddable":true,"href":"https:\/\/now-news.de\/de\/wp-json\/wp\/v2\/categories?post=93336"},{"taxonomy":"post_tag","embeddable":true,"href":"https:\/\/now-news.de\/de\/wp-json\/wp\/v2\/tags?post=93336"}],"curies":[{"name":"wp","href":"https:\/\/api.w.org\/{rel}","templated":true}]}}