{"id":93324,"date":"2025-11-04T13:24:07","date_gmt":"2025-11-04T11:24:07","guid":{"rendered":"https:\/\/now-news.de\/de\/deutschland\/wieder-per-linienflug-afghanische-ortskraefte-sind-nach-hannover-unterwegs\/"},"modified":"2025-11-04T13:24:07","modified_gmt":"2025-11-04T11:24:07","slug":"wieder-per-linienflug-afghanische-ortskraefte-sind-nach-hannover-unterwegs","status":"publish","type":"post","link":"https:\/\/now-news.de\/de\/deutschland\/wieder-per-linienflug-afghanische-ortskraefte-sind-nach-hannover-unterwegs\/","title":{"rendered":"Wieder per Linienflug: Afghanische &quot;Ortskr\u00e4fte&quot; sind nach Hannover unterwegs"},"content":{"rendered":"<p><img decoding=\"async\" src=\"https:\/\/now-news.de\/de\/wp-content\/uploads\/sites\/3\/2025\/11\/6909e03fb480cc378c208764.jpg\" \/><\/p>\n<div class=\"Text-root Text-type_1 \">\n                Manche Dinge \u00e4ndern sich: W\u00e4hrend die Ampelkoalition noch Flugzeuge charterte, um Menschen aus Afghanistan nach Deutschland zu bringen, kommen afghanische Fl\u00fcchtlinge nun per Linienflug. Bereits das vierte Mal ist eine Maschine nach Hannover unterwegs.\n            <\/div>\n<p><\/p>\n<div class=\"Text-root Text-type_5 ArticleView-text ViewText-root \">\n<p>Aus der pakistanischen Hauptstadt Islamabad meldete <em>dpa<\/em>, ein Linienflug sei nach Istanbul mit den Afghanen an Bord gestartet, die eine Aufnahmezusage aus Deutschland haben und nach dem Zwischenstopp in der T\u00fcrkei nach Hannover gebracht werden sollen.<\/p>\n<p><strong>Klagen gegen Deutschland<\/strong><\/p>\n<p>Von Niedersachsen aus werde die Verteilung auf die Bundesl\u00e4nder erfolgen, so der <em>Deutschlandfunk<\/em>. Zwar hatte die neue Bundesregierung unter Kanzler Merz im Mai das Aufnahmeprogramm f\u00fcr besonders gef\u00e4hrdete Personen aus Afghanistan beendet. Doch dass weiterhin Afghanen nach Deutschland kommen, h\u00e4ngt auch damit zusammen, dass teilweise von den Betroffenen erfolgreich Klagen in\u00a0der Bundesrepublik angestrengt wurden, um ihre Einreise zu erzwingen.<\/p>\n<p>Vonseiten des Bundesinnenministeriums wird stets unterstrichen, alle Menschen mit einer Aufnahmezusage m\u00fcssten vor der Einreise ein Verfahren durchlaufen, das auch Sicherheits- und Dokumenten\u00fcberpr\u00fcfungen beinhalte.<\/p>\n<div class=\"EmbedBlock-root EmbedBlock-twitter\">\n<div class=\"TwitterEmbed\">\n<blockquote class=\"twitter-tweet lazyload\" data-twitter=\"twitter-tweet\">\n<p lang=\"de\" dir=\"ltr\">Zum vierten Mal seit dem Regierungswechsel: Einige der knapp 1.900 Afghanen mit Aufnahmezusage, die in Pakistan warten, um nach Deutschland auszureisen, kommen heute in Hannover an.<a rel=\"nofollow noopener\" target=\"_blank\" href=\"https:\/\/t.co\/qhHcqtTspP\">https:\/\/t.co\/qhHcqtTspP<\/a><a rel=\"nofollow noopener\" target=\"_blank\" href=\"https:\/\/t.co\/vFYlgLegH5\">pic.twitter.com\/vFYlgLegH5<\/a><\/p>\n<p>\u2014 NIUS (@niusde_) <a rel=\"nofollow noopener\" target=\"_blank\" href=\"https:\/\/twitter.com\/niusde_\/status\/1985586599812362721?ref_src=twsrc%5Etfw\">November 4, 2025<\/a><\/p><\/blockquote>\n<\/div>\n<\/div>\n<p>Am vergangenen Freitag war ein Flugzeug mit 14 Afghanen an Bord in Hannover angekommen. Die zwei afghanischen Familien hatten \u00fcber mehrere Instanzen vor deutschen Gerichten ihre Aufnahme erfolgreich eingeklagt.<\/p>\n<p>Insgesamt warten noch rund 1.900 Afghanen in Pakistan auf ihre Ausreise nach Deutschland. Viele von ihnen warten seit Monaten und teilweise Jahren auf ein deutsches Visum. Die Nichtregierungsorganisation &#8220;Kabul Luftbr\u00fccke&#8221; unterst\u00fctze, wie es hei\u00dft, &#8220;einige&#8221; Afghanen dabei, ihre Klagen erfolgreich zu betreiben, so der <em>NDR<\/em>.<\/p>\n<p><strong>Hoffnungen auf bessere Zukunft<\/strong><\/p>\n<p>Wie die <em>Welt<\/em> berichtet, sei in der aktuellen Gruppe auch eine ehemalige Schulleiterin aus Kabul, die mehr als ein halbes Jahr auf ihre Ausreise nach Deutschland habe warten m\u00fcssen. Die Frau habe den Wunsch ge\u00e4u\u00dfert, ihre Tochter m\u00f6ge in Deutschland Bildung erhalten.<\/p>\n<p>Die Zeitung berichtet au\u00dferdem von einem afghanischen Journalisten, der zusammen mit seiner Frau und dem kleinen Sohn nach Hannover unterwegs ist. Einerseits blicke er mit Hoffnung auf das Leben in Deutschland, andererseits m\u00fcssten weitere Verwandte vorerst in Islamabad ausharren.<\/p>\n<p><strong>Unterschiedliche Aufnahmeverfahren<\/strong><\/p>\n<p>Das fr\u00fchere Aufnahmeprogramm der Bundesregierung richtete sich an besonders gef\u00e4hrdete Afghanen. Dazu z\u00e4hlten die sogenannten Ortskr\u00e4fte, die mit den deutschen Besatzungstruppen zusammengearbeitet hatten, sowie deren Angeh\u00f6rige. Die Bundeswehr wurde im Zuge des US-amerikanischen &#8220;Globalen Krieges gegen den Terror&#8221; 20 Jahre \u2013 von 2001 bis 2021 \u2013 in Afghanistan eingesetzt. Berlin hatte dar\u00fcber hinaus auch afghanischen Rechtsanw\u00e4lten oder Journalisten eine Aufnahme in Aussicht gestellt, wenn diese nach R\u00fcckkehr der Taliban eine Verfolgung zu f\u00fcrchten hatten.<\/p>\n<p>Unter denjenigen Afghanen, die derzeit auf eine Aufnahme in Deutschland hoffen, seien gegenw\u00e4rtig noch rund 220 Personen, die als ehemalige afghanische Ortskr\u00e4fte gelten.<\/p>\n<p>Hinzu k\u00e4men ungef\u00e4hr 60 Staatsangeh\u00f6rige Afghanistans, die auf einer &#8220;Menschenrechtsliste&#8221; gef\u00fchrt w\u00fcrden, so die <em>Welt<\/em>. Au\u00dferdem bef\u00e4nden sich rund 600 Afghanen im sogenannten &#8220;\u00dcberbr\u00fcckungsprogramm&#8221;. Die gr\u00f6\u00dfte Gruppe der auf eine Einreise nach Deutschland wartenden Afghanen bilden rund 1.000 Personen, die noch im Bundesaufnahmeprogramm gelistet sind. Die Springer-Zeitung zitiert abschlie\u00dfend einen Satz aus dem Koalitionsvertrag der schwarz-roten Bundesregierung:<\/p>\n<blockquote>\n<p><em>&#8220;Wir werden freiwillige Bundesaufnahmeprogramme so weit wie m\u00f6glich beenden (zum Beispiel Afghanistan) und keine neuen Programme auflegen.&#8221;<\/em><\/p>\n<\/blockquote>\n<p><strong>Mehr zum Thema &#8211;<\/strong>\u00a0<a rel=\"nofollow noopener\" target=\"_blank\" href=\"https:\/\/freedert.online\/inland\/256982-47-afghanen-nach-klage-in-deutschland-gelandet\/\">Aufnahme von &#8220;Ortskr\u00e4ften&#8221;: Weitere 28 Afghanen in Deutschland angekommen<\/a><\/p>\n<div class=\"EmbedBlock-root EmbedBlock-externalVideo EmbedBlock-rumble\">\n<div class=\"VkEmbed\"><iframe class=\"lazyload\" data-src=\"https:\/\/rumble.com\/embed\/v6yzc4k\" frameborder=\"0\" width=\"853\" height=\"480\" allowfullscreen><\/iframe><\/div>\n<\/div>\n<\/div>\n<p><script async src=\"https:\/\/platform.twitter.com\/widgets.js\" charset=\"utf-8\"><\/script><br \/>\n<br \/><br \/>\n<br \/><a href=\"https:\/\/de.rt.com\/inland\/260763-wieder-per-linienflug-afghanische-ortskraefte\/\">Source link <\/a><\/p>\n","protected":false},"excerpt":{"rendered":"<p>Manche Dinge \u00e4ndern sich: W\u00e4hrend die Ampelkoalition noch Flugzeuge charterte, um Menschen aus Afghanistan nach Deutschland zu bringen, kommen afghanische Fl\u00fcchtlinge nun per Linienflug. Bereits das vierte Mal ist eine Maschine nach Hannover unterwegs. Aus der pakistanischen Hauptstadt Islamabad meldete dpa, ein Linienflug sei nach Istanbul mit den Afghanen an Bord gestartet, die eine Aufnahmezusage [&hellip;]<\/p>\n","protected":false},"author":3,"featured_media":93325,"comment_status":"open","ping_status":"open","sticky":false,"template":"","format":"standard","meta":{"_yoast_indexnow_last_ping":["1762256284"],"wp_automatic_camp":["217"],"6a2e3bd4142ecb72987e37be034552b6":["Wieder per Linienflug: Afghanische &quot;Ortskr\u00e4fte&quot; sind nach Hannover unterwegs"],"original_link":["https:\/\/de.rt.com\/inland\/260763-wieder-per-linienflug-afghanische-ortskraefte\/"],"_thumbnail_id":["93325"],"jnews_social_counter_last_update":["1777210177"],"_wptgpro_p2tg_sent2tg":["a:1:{i:23737;s:19:\"2025-11-04 13:39:23\";}"]},"categories":[19,23],"tags":[10622,162,68910,979,61456,1046,27266,904],"yoast_head":"<!-- This site is optimized with the Yoast SEO Premium plugin v22.7 (Yoast SEO v22.7) - https:\/\/yoast.com\/wordpress\/plugins\/seo\/ -->\n<title>Wieder per Linienflug: Afghanische &quot;Ortskr\u00e4fte&quot; sind nach Hannover unterwegs - just-now.NEWS Deutschland<\/title>\n<meta name=\"robots\" content=\"index, follow, max-snippet:-1, max-image-preview:large, max-video-preview:-1\" \/>\n<link rel=\"canonical\" href=\"https:\/\/now-news.de\/de\/deutschland\/wieder-per-linienflug-afghanische-ortskraefte-sind-nach-hannover-unterwegs\/\" \/>\n<meta property=\"og:locale\" content=\"de_DE\" \/>\n<meta property=\"og:type\" content=\"article\" \/>\n<meta property=\"og:title\" content=\"Wieder per Linienflug: Afghanische &quot;Ortskr\u00e4fte&quot; sind nach Hannover unterwegs\" \/>\n<meta property=\"og:description\" content=\"Manche Dinge \u00e4ndern sich: W\u00e4hrend die Ampelkoalition noch Flugzeuge charterte, um Menschen aus Afghanistan nach Deutschland zu bringen, kommen afghanische Fl\u00fcchtlinge nun per Linienflug. Bereits das vierte Mal ist eine Maschine nach Hannover unterwegs. Aus der pakistanischen Hauptstadt Islamabad meldete dpa, ein Linienflug sei nach Istanbul mit den Afghanen an Bord gestartet, die eine Aufnahmezusage [&hellip;]\" \/>\n<meta property=\"og:url\" content=\"https:\/\/now-news.de\/de\/deutschland\/wieder-per-linienflug-afghanische-ortskraefte-sind-nach-hannover-unterwegs\/\" \/>\n<meta property=\"og:site_name\" content=\"just-now.NEWS Deutschland\" \/>\n<meta property=\"article:publisher\" content=\"https:\/\/www.facebook.com\/wirmachenauf\" \/>\n<meta property=\"article:published_time\" content=\"2025-11-04T11:24:07+00:00\" \/>\n<meta property=\"og:image\" content=\"https:\/\/now-news.de\/de\/wp-content\/uploads\/sites\/3\/2025\/11\/6909e03fb480cc378c208764.jpg\" \/>\n<meta name=\"author\" content=\"rtnews\" \/>\n<meta name=\"twitter:card\" content=\"summary_large_image\" \/>\n<meta name=\"twitter:creator\" content=\"@WirMachenAuf_de\" \/>\n<meta name=\"twitter:site\" content=\"@WirMachenAuf_de\" \/>\n<meta name=\"twitter:label1\" content=\"Verfasst von\" \/>\n\t<meta name=\"twitter:data1\" content=\"rtnews\" \/>\n\t<meta name=\"twitter:label2\" content=\"Gesch\u00e4tzte Lesezeit\" \/>\n\t<meta name=\"twitter:data2\" content=\"3\u00a0Minuten\" \/>\n<script type=\"application\/ld+json\" class=\"yoast-schema-graph\">{\"@context\":\"https:\/\/schema.org\",\"@graph\":[{\"@type\":\"Article\",\"@id\":\"https:\/\/now-news.de\/de\/deutschland\/wieder-per-linienflug-afghanische-ortskraefte-sind-nach-hannover-unterwegs\/#article\",\"isPartOf\":{\"@id\":\"https:\/\/now-news.de\/de\/deutschland\/wieder-per-linienflug-afghanische-ortskraefte-sind-nach-hannover-unterwegs\/\"},\"author\":{\"name\":\"rtnews\",\"@id\":\"https:\/\/now-news.de\/de\/#\/schema\/person\/fb534a4e865501d8b3285208df34a9b5\"},\"headline\":\"Wieder per Linienflug: Afghanische &quot;Ortskr\u00e4fte&quot; sind nach Hannover unterwegs\",\"datePublished\":\"2025-11-04T11:24:07+00:00\",\"dateModified\":\"2025-11-04T11:24:07+00:00\",\"mainEntityOfPage\":{\"@id\":\"https:\/\/now-news.de\/de\/deutschland\/wieder-per-linienflug-afghanische-ortskraefte-sind-nach-hannover-unterwegs\/\"},\"wordCount\":583,\"commentCount\":0,\"publisher\":{\"@id\":\"https:\/\/now-news.de\/de\/#organization\"},\"image\":{\"@id\":\"https:\/\/now-news.de\/de\/deutschland\/wieder-per-linienflug-afghanische-ortskraefte-sind-nach-hannover-unterwegs\/#primaryimage\"},\"thumbnailUrl\":\"https:\/\/now-news.de\/de\/wp-content\/uploads\/sites\/3\/2025\/11\/Wieder-per-Linienflug-Afghanische-quotOrtskraeftequot-sind-nach-Hannover-unterwegs.jpg\",\"keywords\":[\"Afghanische\",\"Hannover\",\"Linienflug\",\"nach\",\"quotOrtskr\u00e4ftequot\",\"sind\",\"unterwegs\",\"wieder\"],\"articleSection\":[\"Deutschland\",\"Russland\"],\"inLanguage\":\"de\",\"potentialAction\":[{\"@type\":\"CommentAction\",\"name\":\"Comment\",\"target\":[\"https:\/\/now-news.de\/de\/deutschland\/wieder-per-linienflug-afghanische-ortskraefte-sind-nach-hannover-unterwegs\/#respond\"]}]},{\"@type\":\"WebPage\",\"@id\":\"https:\/\/now-news.de\/de\/deutschland\/wieder-per-linienflug-afghanische-ortskraefte-sind-nach-hannover-unterwegs\/\",\"url\":\"https:\/\/now-news.de\/de\/deutschland\/wieder-per-linienflug-afghanische-ortskraefte-sind-nach-hannover-unterwegs\/\",\"name\":\"Wieder per Linienflug: Afghanische &quot;Ortskr\u00e4fte&quot; sind nach Hannover unterwegs - just-now.NEWS Deutschland\",\"isPartOf\":{\"@id\":\"https:\/\/now-news.de\/de\/#website\"},\"primaryImageOfPage\":{\"@id\":\"https:\/\/now-news.de\/de\/deutschland\/wieder-per-linienflug-afghanische-ortskraefte-sind-nach-hannover-unterwegs\/#primaryimage\"},\"image\":{\"@id\":\"https:\/\/now-news.de\/de\/deutschland\/wieder-per-linienflug-afghanische-ortskraefte-sind-nach-hannover-unterwegs\/#primaryimage\"},\"thumbnailUrl\":\"https:\/\/now-news.de\/de\/wp-content\/uploads\/sites\/3\/2025\/11\/Wieder-per-Linienflug-Afghanische-quotOrtskraeftequot-sind-nach-Hannover-unterwegs.jpg\",\"datePublished\":\"2025-11-04T11:24:07+00:00\",\"dateModified\":\"2025-11-04T11:24:07+00:00\",\"breadcrumb\":{\"@id\":\"https:\/\/now-news.de\/de\/deutschland\/wieder-per-linienflug-afghanische-ortskraefte-sind-nach-hannover-unterwegs\/#breadcrumb\"},\"inLanguage\":\"de\",\"potentialAction\":[{\"@type\":\"ReadAction\",\"target\":[\"https:\/\/now-news.de\/de\/deutschland\/wieder-per-linienflug-afghanische-ortskraefte-sind-nach-hannover-unterwegs\/\"]}]},{\"@type\":\"ImageObject\",\"inLanguage\":\"de\",\"@id\":\"https:\/\/now-news.de\/de\/deutschland\/wieder-per-linienflug-afghanische-ortskraefte-sind-nach-hannover-unterwegs\/#primaryimage\",\"url\":\"https:\/\/now-news.de\/de\/wp-content\/uploads\/sites\/3\/2025\/11\/Wieder-per-Linienflug-Afghanische-quotOrtskraeftequot-sind-nach-Hannover-unterwegs.jpg\",\"contentUrl\":\"https:\/\/now-news.de\/de\/wp-content\/uploads\/sites\/3\/2025\/11\/Wieder-per-Linienflug-Afghanische-quotOrtskraeftequot-sind-nach-Hannover-unterwegs.jpg\",\"width\":460,\"height\":259,\"caption\":\"Wieder per Linienflug: Afghanische &quot;Ortskr\u00e4fte&quot; sind nach Hannover unterwegs\"},{\"@type\":\"BreadcrumbList\",\"@id\":\"https:\/\/now-news.de\/de\/deutschland\/wieder-per-linienflug-afghanische-ortskraefte-sind-nach-hannover-unterwegs\/#breadcrumb\",\"itemListElement\":[{\"@type\":\"ListItem\",\"position\":1,\"name\":\"Home\",\"item\":\"https:\/\/now-news.de\/de\/\"},{\"@type\":\"ListItem\",\"position\":2,\"name\":\"Wieder per Linienflug: Afghanische &quot;Ortskr\u00e4fte&quot; sind nach Hannover unterwegs\"}]},{\"@type\":\"WebSite\",\"@id\":\"https:\/\/now-news.de\/de\/#website\",\"url\":\"https:\/\/now-news.de\/de\/\",\"name\":\"just-now.NEWS Deutschland\",\"description\":\"Das Portal f\u00fcr unzensierte Nachrichten aus der Welt\",\"publisher\":{\"@id\":\"https:\/\/now-news.de\/de\/#organization\"},\"potentialAction\":[{\"@type\":\"SearchAction\",\"target\":{\"@type\":\"EntryPoint\",\"urlTemplate\":\"https:\/\/now-news.de\/de\/?s={search_term_string}\"},\"query-input\":\"required name=search_term_string\"}],\"inLanguage\":\"de\"},{\"@type\":\"Organization\",\"@id\":\"https:\/\/now-news.de\/de\/#organization\",\"name\":\"Just Now News\",\"url\":\"https:\/\/now-news.de\/de\/\",\"logo\":{\"@type\":\"ImageObject\",\"inLanguage\":\"de\",\"@id\":\"https:\/\/now-news.de\/de\/#\/schema\/logo\/image\/\",\"url\":\"http:\/\/just-now.news\/de\/wp-content\/uploads\/sites\/3\/2022\/04\/logo500x500.jpg\",\"contentUrl\":\"http:\/\/just-now.news\/de\/wp-content\/uploads\/sites\/3\/2022\/04\/logo500x500.jpg\",\"width\":500,\"height\":500,\"caption\":\"Just Now News\"},\"image\":{\"@id\":\"https:\/\/now-news.de\/de\/#\/schema\/logo\/image\/\"},\"sameAs\":[\"https:\/\/www.facebook.com\/wirmachenauf\",\"https:\/\/x.com\/WirMachenAuf_de\"]},{\"@type\":\"Person\",\"@id\":\"https:\/\/now-news.de\/de\/#\/schema\/person\/fb534a4e865501d8b3285208df34a9b5\",\"name\":\"rtnews\",\"image\":{\"@type\":\"ImageObject\",\"inLanguage\":\"de\",\"@id\":\"https:\/\/now-news.de\/de\/#\/schema\/person\/image\/\",\"url\":\"https:\/\/secure.gravatar.com\/avatar\/82aafea7d8127119dd649515f56e2117?s=96&d=mm&r=g\",\"contentUrl\":\"https:\/\/secure.gravatar.com\/avatar\/82aafea7d8127119dd649515f56e2117?s=96&d=mm&r=g\",\"caption\":\"rtnews\"},\"url\":\"https:\/\/now-news.de\/de\/author\/rnews\/\"}]}<\/script>\n<!-- \/ Yoast SEO Premium plugin. -->","yoast_head_json":{"title":"Wieder per Linienflug: Afghanische &quot;Ortskr\u00e4fte&quot; sind nach Hannover unterwegs - just-now.NEWS Deutschland","robots":{"index":"index","follow":"follow","max-snippet":"max-snippet:-1","max-image-preview":"max-image-preview:large","max-video-preview":"max-video-preview:-1"},"canonical":"https:\/\/now-news.de\/de\/deutschland\/wieder-per-linienflug-afghanische-ortskraefte-sind-nach-hannover-unterwegs\/","og_locale":"de_DE","og_type":"article","og_title":"Wieder per Linienflug: Afghanische &quot;Ortskr\u00e4fte&quot; sind nach Hannover unterwegs","og_description":"Manche Dinge \u00e4ndern sich: W\u00e4hrend die Ampelkoalition noch Flugzeuge charterte, um Menschen aus Afghanistan nach Deutschland zu bringen, kommen afghanische Fl\u00fcchtlinge nun per Linienflug. Bereits das vierte Mal ist eine Maschine nach Hannover unterwegs. Aus der pakistanischen Hauptstadt Islamabad meldete dpa, ein Linienflug sei nach Istanbul mit den Afghanen an Bord gestartet, die eine Aufnahmezusage [&hellip;]","og_url":"https:\/\/now-news.de\/de\/deutschland\/wieder-per-linienflug-afghanische-ortskraefte-sind-nach-hannover-unterwegs\/","og_site_name":"just-now.NEWS Deutschland","article_publisher":"https:\/\/www.facebook.com\/wirmachenauf","article_published_time":"2025-11-04T11:24:07+00:00","og_image":[{"url":"https:\/\/now-news.de\/de\/wp-content\/uploads\/sites\/3\/2025\/11\/6909e03fb480cc378c208764.jpg"}],"author":"rtnews","twitter_card":"summary_large_image","twitter_creator":"@WirMachenAuf_de","twitter_site":"@WirMachenAuf_de","twitter_misc":{"Verfasst von":"rtnews","Gesch\u00e4tzte Lesezeit":"3\u00a0Minuten"},"schema":{"@context":"https:\/\/schema.org","@graph":[{"@type":"Article","@id":"https:\/\/now-news.de\/de\/deutschland\/wieder-per-linienflug-afghanische-ortskraefte-sind-nach-hannover-unterwegs\/#article","isPartOf":{"@id":"https:\/\/now-news.de\/de\/deutschland\/wieder-per-linienflug-afghanische-ortskraefte-sind-nach-hannover-unterwegs\/"},"author":{"name":"rtnews","@id":"https:\/\/now-news.de\/de\/#\/schema\/person\/fb534a4e865501d8b3285208df34a9b5"},"headline":"Wieder per Linienflug: Afghanische &quot;Ortskr\u00e4fte&quot; sind nach Hannover unterwegs","datePublished":"2025-11-04T11:24:07+00:00","dateModified":"2025-11-04T11:24:07+00:00","mainEntityOfPage":{"@id":"https:\/\/now-news.de\/de\/deutschland\/wieder-per-linienflug-afghanische-ortskraefte-sind-nach-hannover-unterwegs\/"},"wordCount":583,"commentCount":0,"publisher":{"@id":"https:\/\/now-news.de\/de\/#organization"},"image":{"@id":"https:\/\/now-news.de\/de\/deutschland\/wieder-per-linienflug-afghanische-ortskraefte-sind-nach-hannover-unterwegs\/#primaryimage"},"thumbnailUrl":"https:\/\/now-news.de\/de\/wp-content\/uploads\/sites\/3\/2025\/11\/Wieder-per-Linienflug-Afghanische-quotOrtskraeftequot-sind-nach-Hannover-unterwegs.jpg","keywords":["Afghanische","Hannover","Linienflug","nach","quotOrtskr\u00e4ftequot","sind","unterwegs","wieder"],"articleSection":["Deutschland","Russland"],"inLanguage":"de","potentialAction":[{"@type":"CommentAction","name":"Comment","target":["https:\/\/now-news.de\/de\/deutschland\/wieder-per-linienflug-afghanische-ortskraefte-sind-nach-hannover-unterwegs\/#respond"]}]},{"@type":"WebPage","@id":"https:\/\/now-news.de\/de\/deutschland\/wieder-per-linienflug-afghanische-ortskraefte-sind-nach-hannover-unterwegs\/","url":"https:\/\/now-news.de\/de\/deutschland\/wieder-per-linienflug-afghanische-ortskraefte-sind-nach-hannover-unterwegs\/","name":"Wieder per Linienflug: Afghanische &quot;Ortskr\u00e4fte&quot; sind nach Hannover unterwegs - just-now.NEWS Deutschland","isPartOf":{"@id":"https:\/\/now-news.de\/de\/#website"},"primaryImageOfPage":{"@id":"https:\/\/now-news.de\/de\/deutschland\/wieder-per-linienflug-afghanische-ortskraefte-sind-nach-hannover-unterwegs\/#primaryimage"},"image":{"@id":"https:\/\/now-news.de\/de\/deutschland\/wieder-per-linienflug-afghanische-ortskraefte-sind-nach-hannover-unterwegs\/#primaryimage"},"thumbnailUrl":"https:\/\/now-news.de\/de\/wp-content\/uploads\/sites\/3\/2025\/11\/Wieder-per-Linienflug-Afghanische-quotOrtskraeftequot-sind-nach-Hannover-unterwegs.jpg","datePublished":"2025-11-04T11:24:07+00:00","dateModified":"2025-11-04T11:24:07+00:00","breadcrumb":{"@id":"https:\/\/now-news.de\/de\/deutschland\/wieder-per-linienflug-afghanische-ortskraefte-sind-nach-hannover-unterwegs\/#breadcrumb"},"inLanguage":"de","potentialAction":[{"@type":"ReadAction","target":["https:\/\/now-news.de\/de\/deutschland\/wieder-per-linienflug-afghanische-ortskraefte-sind-nach-hannover-unterwegs\/"]}]},{"@type":"ImageObject","inLanguage":"de","@id":"https:\/\/now-news.de\/de\/deutschland\/wieder-per-linienflug-afghanische-ortskraefte-sind-nach-hannover-unterwegs\/#primaryimage","url":"https:\/\/now-news.de\/de\/wp-content\/uploads\/sites\/3\/2025\/11\/Wieder-per-Linienflug-Afghanische-quotOrtskraeftequot-sind-nach-Hannover-unterwegs.jpg","contentUrl":"https:\/\/now-news.de\/de\/wp-content\/uploads\/sites\/3\/2025\/11\/Wieder-per-Linienflug-Afghanische-quotOrtskraeftequot-sind-nach-Hannover-unterwegs.jpg","width":460,"height":259,"caption":"Wieder per Linienflug: Afghanische &quot;Ortskr\u00e4fte&quot; sind nach Hannover unterwegs"},{"@type":"BreadcrumbList","@id":"https:\/\/now-news.de\/de\/deutschland\/wieder-per-linienflug-afghanische-ortskraefte-sind-nach-hannover-unterwegs\/#breadcrumb","itemListElement":[{"@type":"ListItem","position":1,"name":"Home","item":"https:\/\/now-news.de\/de\/"},{"@type":"ListItem","position":2,"name":"Wieder per Linienflug: Afghanische &quot;Ortskr\u00e4fte&quot; sind nach Hannover unterwegs"}]},{"@type":"WebSite","@id":"https:\/\/now-news.de\/de\/#website","url":"https:\/\/now-news.de\/de\/","name":"just-now.NEWS Deutschland","description":"Das Portal f\u00fcr unzensierte Nachrichten aus der Welt","publisher":{"@id":"https:\/\/now-news.de\/de\/#organization"},"potentialAction":[{"@type":"SearchAction","target":{"@type":"EntryPoint","urlTemplate":"https:\/\/now-news.de\/de\/?s={search_term_string}"},"query-input":"required name=search_term_string"}],"inLanguage":"de"},{"@type":"Organization","@id":"https:\/\/now-news.de\/de\/#organization","name":"Just Now News","url":"https:\/\/now-news.de\/de\/","logo":{"@type":"ImageObject","inLanguage":"de","@id":"https:\/\/now-news.de\/de\/#\/schema\/logo\/image\/","url":"http:\/\/just-now.news\/de\/wp-content\/uploads\/sites\/3\/2022\/04\/logo500x500.jpg","contentUrl":"http:\/\/just-now.news\/de\/wp-content\/uploads\/sites\/3\/2022\/04\/logo500x500.jpg","width":500,"height":500,"caption":"Just Now News"},"image":{"@id":"https:\/\/now-news.de\/de\/#\/schema\/logo\/image\/"},"sameAs":["https:\/\/www.facebook.com\/wirmachenauf","https:\/\/x.com\/WirMachenAuf_de"]},{"@type":"Person","@id":"https:\/\/now-news.de\/de\/#\/schema\/person\/fb534a4e865501d8b3285208df34a9b5","name":"rtnews","image":{"@type":"ImageObject","inLanguage":"de","@id":"https:\/\/now-news.de\/de\/#\/schema\/person\/image\/","url":"https:\/\/secure.gravatar.com\/avatar\/82aafea7d8127119dd649515f56e2117?s=96&d=mm&r=g","contentUrl":"https:\/\/secure.gravatar.com\/avatar\/82aafea7d8127119dd649515f56e2117?s=96&d=mm&r=g","caption":"rtnews"},"url":"https:\/\/now-news.de\/de\/author\/rnews\/"}]}},"_links":{"self":[{"href":"https:\/\/now-news.de\/de\/wp-json\/wp\/v2\/posts\/93324"}],"collection":[{"href":"https:\/\/now-news.de\/de\/wp-json\/wp\/v2\/posts"}],"about":[{"href":"https:\/\/now-news.de\/de\/wp-json\/wp\/v2\/types\/post"}],"author":[{"embeddable":true,"href":"https:\/\/now-news.de\/de\/wp-json\/wp\/v2\/users\/3"}],"replies":[{"embeddable":true,"href":"https:\/\/now-news.de\/de\/wp-json\/wp\/v2\/comments?post=93324"}],"version-history":[{"count":0,"href":"https:\/\/now-news.de\/de\/wp-json\/wp\/v2\/posts\/93324\/revisions"}],"wp:featuredmedia":[{"embeddable":true,"href":"https:\/\/now-news.de\/de\/wp-json\/wp\/v2\/media\/93325"}],"wp:attachment":[{"href":"https:\/\/now-news.de\/de\/wp-json\/wp\/v2\/media?parent=93324"}],"wp:term":[{"taxonomy":"category","embeddable":true,"href":"https:\/\/now-news.de\/de\/wp-json\/wp\/v2\/categories?post=93324"},{"taxonomy":"post_tag","embeddable":true,"href":"https:\/\/now-news.de\/de\/wp-json\/wp\/v2\/tags?post=93324"}],"curies":[{"name":"wp","href":"https:\/\/api.w.org\/{rel}","templated":true}]}}