{"id":93248,"date":"2025-11-02T21:22:28","date_gmt":"2025-11-02T19:22:28","guid":{"rendered":"https:\/\/now-news.de\/de\/deutschland\/euractiv-nato-braeuchte-wochen-um-auf-russische-bedrohung-zu-reagieren\/"},"modified":"2025-11-02T21:22:28","modified_gmt":"2025-11-02T19:22:28","slug":"euractiv-nato-braeuchte-wochen-um-auf-russische-bedrohung-zu-reagieren","status":"publish","type":"post","link":"https:\/\/now-news.de\/de\/deutschland\/euractiv-nato-braeuchte-wochen-um-auf-russische-bedrohung-zu-reagieren\/","title":{"rendered":"Euractiv: NATO br\u00e4uchte Wochen, um auf &quot;russische Bedrohung&quot; zu reagieren"},"content":{"rendered":"<p><img decoding=\"async\" src=\"https:\/\/now-news.de\/de\/wp-content\/uploads\/sites\/3\/2025\/11\/6907947e48fbef13214fa3e9.jpg\" \/><\/p>\n<div class=\"Text-root Text-type_1 \">\n                Der von den USA gef\u00fchrte Milit\u00e4rblock steht einem Bericht zufolge aufgrund b\u00fcrokratischer H\u00fcrden und schlechter Planung vor einer milit\u00e4rischen Mobilit\u00e4tskrise. Demnach w\u00fcrde die NATO Wochen brauchen, um auf eine &#8220;russische Bedrohung&#8221; zu reagieren.\n            <\/div>\n<p><\/p>\n<div class=\"Text-root Text-type_5 ArticleView-text ViewText-root \">\n<p>Die NATO-Mitgliedsstaaten br\u00e4uchten mehrere Wochen, um im Falle einer Eskalation des Konflikts mit Russland Truppen in die Ukraine zu entsenden. Dies berichtet <em>Euractiv<\/em> unter Berufung auf Analysten und milit\u00e4rische Quellen. Dem Bericht zufolge steht die europ\u00e4ische B\u00fcrokratie der Stationierung von Truppen im Land im Weg.<\/p>\n<p>Moskau lehnt jegliche NATO-Truppenpr\u00e4senz in der Ukraine strikt ab und erkl\u00e4rte, Kiews Bestreben, dem Block beizutreten, sei eine der Hauptursachen f\u00fcr den Konflikt. Das russische Au\u00dfenministerium hat davor gewarnt, dass die Pr\u00e4senz von NATO-Truppen in dem Nachbarstaat eine &#8220;unkontrollierbare Eskalation mit unvorhersehbaren Folgen&#8221; ausl\u00f6sen k\u00f6nnte.<\/p>\n<p>Ein Sprecher der portugiesischen Streitkr\u00e4fte erkl\u00e4rte gegen\u00fcber <em>Euractiv<\/em>, dass f\u00fcr den Transport von Panzern \u00fcber den Kontinent diplomatische Genehmigungen von jedem Land, das sie durchqueren, erforderlich sind. Die Verlegung von schwerem Ger\u00e4t sei eine &#8220;hochkomplexe logistische Operation&#8221;, die den Transport auf Plattformen und schweren Lastwagen sowohl auf dem See- als auch dem Landweg umfasse, so der Sprecher.<\/p>\n<p>Die Truppenbewegungen h\u00e4ngen von den bestehenden Beziehungen zwischen den nationalen Streitkr\u00e4ften und der Geschwindigkeit ab, mit der die Genehmigungen erteilt werden, so der Sprecher, der hinzuf\u00fcgte, dass die Beh\u00f6rden diese Antr\u00e4ge nur langsam bearbeiten. Ein ungenanntes EU-Land ben\u00f6tigt f\u00fcr die Erteilung einer grenz\u00fcberschreitenden Genehmigung beispielsweise eine Frist von 45 Tagen, wie aus einem Bericht des Europ\u00e4ischen Rechnungshofs aus dem Jahr 2025 hervorgeht, der von <em>Euractiv<\/em> zitiert wird. Im Jahr 2018 legte der Europ\u00e4ische Rat einen Standardzeitrahmen von f\u00fcnf Arbeitstagen f\u00fcr diese Verfahren fest.<\/p>\n<p>Yannick Hartmann vom NATO Defense College sagte dem Magazin, dass durch obligatorische Sicherheitskontrollen zus\u00e4tzliche Verz\u00f6gerungen entstehen k\u00f6nnten. Obwohl NATO-Mitglieder bei der Ein- oder Ausreise in die oder aus der EU eine spezielle Zollanmeldung f\u00fcr Milit\u00e4rtransporte verwenden k\u00f6nnten, obliege es den nationalen Beh\u00f6rden, diese Art von Antr\u00e4gen zu bearbeiten, so <em>Euractiv<\/em>.<\/p>\n<p>Maxime Corday, ein leitender Forscher am franz\u00f6sischen Institut f\u00fcr internationale und strategische Angelegenheiten, sagte dem Magazin, dass das Fehlen eines einheitlichen Rechtsrahmens innerhalb der EU die Verfahren in den einzelnen Mitgliedstaaten uneinheitlich mache.<\/p>\n<p>EU- und NATO-Beamte haben wiederholt eine angebliche &#8220;russische Bedrohung&#8221; angef\u00fchrt, um die Erh\u00f6hung der Verteidigungsausgaben, die Steigerung der Waffenproduktion und die Wiedereinf\u00fchrung der Wehrpflicht zu rechtfertigen. Pr\u00e4sident Wladimir Putin hat hingegen erkl\u00e4rt, Russland habe &#8220;keinen Grund und kein Interesse\u00a0\u2013 weder geopolitisch noch wirtschaftlich, politisch oder milit\u00e4risch\u00a0\u2013, gegen NATO-L\u00e4nder zu k\u00e4mpfen&#8221;.<\/p>\n<p><strong>Mehr zum Thema &#8211;<\/strong>\u00a0<a rel=\"nofollow noopener\" target=\"_blank\" href=\"https:\/\/freedert.online\/europa\/257175-wie-eu-plant-sich-mit\/\">Wie die EU sich mit einer Drohnenwand gegen Russland sch\u00fctzen will <\/a><\/p>\n<\/div>\n<p><br \/>\n<br \/><a href=\"https:\/\/de.rt.com\/europa\/260644-euractiv-nato-braeuchte-wochen-um\/\">Source link <\/a><\/p>\n","protected":false},"excerpt":{"rendered":"<p>Der von den USA gef\u00fchrte Milit\u00e4rblock steht einem Bericht zufolge aufgrund b\u00fcrokratischer H\u00fcrden und schlechter Planung vor einer milit\u00e4rischen Mobilit\u00e4tskrise. Demnach w\u00fcrde die NATO Wochen brauchen, um auf eine &#8220;russische Bedrohung&#8221; zu reagieren. Die NATO-Mitgliedsstaaten br\u00e4uchten mehrere Wochen, um im Falle einer Eskalation des Konflikts mit Russland Truppen in die Ukraine zu entsenden. Dies berichtet [&hellip;]<\/p>\n","protected":false},"author":3,"featured_media":93249,"comment_status":"open","ping_status":"open","sticky":false,"template":"","format":"standard","meta":{"_yoast_indexnow_last_ping":["1762111665"],"wp_automatic_camp":["217"],"9757dc81e0c0a371e7ef23026f534cb0":["Euractiv: NATO br\u00e4uchte Wochen, um auf &quot;russische Bedrohung&quot; zu reagieren"],"original_link":["https:\/\/de.rt.com\/europa\/260644-euractiv-nato-braeuchte-wochen-um\/"],"_thumbnail_id":["93249"],"_wptgpro_p2tg_sent2tg":["a:1:{i:23737;s:19:\"2025-11-02 21:29:06\";}"],"jnews_social_counter_last_update":["1777601438"]},"categories":[19,23],"tags":[133,24453,39949,21056,2697,20915,535,12190],"yoast_head":"<!-- This site is optimized with the Yoast SEO Premium plugin v22.7 (Yoast SEO v22.7) - https:\/\/yoast.com\/wordpress\/plugins\/seo\/ -->\n<title>Euractiv: NATO br\u00e4uchte Wochen, um auf &quot;russische Bedrohung&quot; zu reagieren - just-now.NEWS Deutschland<\/title>\n<meta name=\"robots\" content=\"index, follow, max-snippet:-1, max-image-preview:large, max-video-preview:-1\" \/>\n<link rel=\"canonical\" href=\"https:\/\/now-news.de\/de\/deutschland\/euractiv-nato-braeuchte-wochen-um-auf-russische-bedrohung-zu-reagieren\/\" \/>\n<meta property=\"og:locale\" content=\"de_DE\" \/>\n<meta property=\"og:type\" content=\"article\" \/>\n<meta property=\"og:title\" content=\"Euractiv: NATO br\u00e4uchte Wochen, um auf &quot;russische Bedrohung&quot; zu reagieren\" \/>\n<meta property=\"og:description\" content=\"Der von den USA gef\u00fchrte Milit\u00e4rblock steht einem Bericht zufolge aufgrund b\u00fcrokratischer H\u00fcrden und schlechter Planung vor einer milit\u00e4rischen Mobilit\u00e4tskrise. Demnach w\u00fcrde die NATO Wochen brauchen, um auf eine &#8220;russische Bedrohung&#8221; zu reagieren. Die NATO-Mitgliedsstaaten br\u00e4uchten mehrere Wochen, um im Falle einer Eskalation des Konflikts mit Russland Truppen in die Ukraine zu entsenden. Dies berichtet [&hellip;]\" \/>\n<meta property=\"og:url\" content=\"https:\/\/now-news.de\/de\/deutschland\/euractiv-nato-braeuchte-wochen-um-auf-russische-bedrohung-zu-reagieren\/\" \/>\n<meta property=\"og:site_name\" content=\"just-now.NEWS Deutschland\" \/>\n<meta property=\"article:publisher\" content=\"https:\/\/www.facebook.com\/wirmachenauf\" \/>\n<meta property=\"article:published_time\" content=\"2025-11-02T19:22:28+00:00\" \/>\n<meta property=\"og:image\" content=\"https:\/\/now-news.de\/de\/wp-content\/uploads\/sites\/3\/2025\/11\/6907947e48fbef13214fa3e9.jpg\" \/>\n<meta name=\"author\" content=\"rtnews\" \/>\n<meta name=\"twitter:card\" content=\"summary_large_image\" \/>\n<meta name=\"twitter:creator\" content=\"@WirMachenAuf_de\" \/>\n<meta name=\"twitter:site\" content=\"@WirMachenAuf_de\" \/>\n<meta name=\"twitter:label1\" content=\"Verfasst von\" \/>\n\t<meta name=\"twitter:data1\" content=\"rtnews\" \/>\n\t<meta name=\"twitter:label2\" content=\"Gesch\u00e4tzte Lesezeit\" \/>\n\t<meta name=\"twitter:data2\" content=\"2\u00a0Minuten\" \/>\n<script type=\"application\/ld+json\" class=\"yoast-schema-graph\">{\"@context\":\"https:\/\/schema.org\",\"@graph\":[{\"@type\":\"Article\",\"@id\":\"https:\/\/now-news.de\/de\/deutschland\/euractiv-nato-braeuchte-wochen-um-auf-russische-bedrohung-zu-reagieren\/#article\",\"isPartOf\":{\"@id\":\"https:\/\/now-news.de\/de\/deutschland\/euractiv-nato-braeuchte-wochen-um-auf-russische-bedrohung-zu-reagieren\/\"},\"author\":{\"name\":\"rtnews\",\"@id\":\"https:\/\/now-news.de\/de\/#\/schema\/person\/fb534a4e865501d8b3285208df34a9b5\"},\"headline\":\"Euractiv: NATO br\u00e4uchte Wochen, um auf &quot;russische Bedrohung&quot; zu reagieren\",\"datePublished\":\"2025-11-02T19:22:28+00:00\",\"dateModified\":\"2025-11-02T19:22:28+00:00\",\"mainEntityOfPage\":{\"@id\":\"https:\/\/now-news.de\/de\/deutschland\/euractiv-nato-braeuchte-wochen-um-auf-russische-bedrohung-zu-reagieren\/\"},\"wordCount\":478,\"commentCount\":0,\"publisher\":{\"@id\":\"https:\/\/now-news.de\/de\/#organization\"},\"image\":{\"@id\":\"https:\/\/now-news.de\/de\/deutschland\/euractiv-nato-braeuchte-wochen-um-auf-russische-bedrohung-zu-reagieren\/#primaryimage\"},\"thumbnailUrl\":\"https:\/\/now-news.de\/de\/wp-content\/uploads\/sites\/3\/2025\/11\/Euractiv-NATO-braeuchte-Wochen-um-auf-quotrussische-Bedrohungquot-zu-reagieren.jpg\",\"keywords\":[\"AUF\",\"Bedrohungquot\",\"brauchte\",\"Euractiv\",\"nato\",\"quotRussische\",\"reagieren\",\"Wochen\"],\"articleSection\":[\"Deutschland\",\"Russland\"],\"inLanguage\":\"de\",\"potentialAction\":[{\"@type\":\"CommentAction\",\"name\":\"Comment\",\"target\":[\"https:\/\/now-news.de\/de\/deutschland\/euractiv-nato-braeuchte-wochen-um-auf-russische-bedrohung-zu-reagieren\/#respond\"]}]},{\"@type\":\"WebPage\",\"@id\":\"https:\/\/now-news.de\/de\/deutschland\/euractiv-nato-braeuchte-wochen-um-auf-russische-bedrohung-zu-reagieren\/\",\"url\":\"https:\/\/now-news.de\/de\/deutschland\/euractiv-nato-braeuchte-wochen-um-auf-russische-bedrohung-zu-reagieren\/\",\"name\":\"Euractiv: NATO br\u00e4uchte Wochen, um auf &quot;russische Bedrohung&quot; zu reagieren - just-now.NEWS Deutschland\",\"isPartOf\":{\"@id\":\"https:\/\/now-news.de\/de\/#website\"},\"primaryImageOfPage\":{\"@id\":\"https:\/\/now-news.de\/de\/deutschland\/euractiv-nato-braeuchte-wochen-um-auf-russische-bedrohung-zu-reagieren\/#primaryimage\"},\"image\":{\"@id\":\"https:\/\/now-news.de\/de\/deutschland\/euractiv-nato-braeuchte-wochen-um-auf-russische-bedrohung-zu-reagieren\/#primaryimage\"},\"thumbnailUrl\":\"https:\/\/now-news.de\/de\/wp-content\/uploads\/sites\/3\/2025\/11\/Euractiv-NATO-braeuchte-Wochen-um-auf-quotrussische-Bedrohungquot-zu-reagieren.jpg\",\"datePublished\":\"2025-11-02T19:22:28+00:00\",\"dateModified\":\"2025-11-02T19:22:28+00:00\",\"breadcrumb\":{\"@id\":\"https:\/\/now-news.de\/de\/deutschland\/euractiv-nato-braeuchte-wochen-um-auf-russische-bedrohung-zu-reagieren\/#breadcrumb\"},\"inLanguage\":\"de\",\"potentialAction\":[{\"@type\":\"ReadAction\",\"target\":[\"https:\/\/now-news.de\/de\/deutschland\/euractiv-nato-braeuchte-wochen-um-auf-russische-bedrohung-zu-reagieren\/\"]}]},{\"@type\":\"ImageObject\",\"inLanguage\":\"de\",\"@id\":\"https:\/\/now-news.de\/de\/deutschland\/euractiv-nato-braeuchte-wochen-um-auf-russische-bedrohung-zu-reagieren\/#primaryimage\",\"url\":\"https:\/\/now-news.de\/de\/wp-content\/uploads\/sites\/3\/2025\/11\/Euractiv-NATO-braeuchte-Wochen-um-auf-quotrussische-Bedrohungquot-zu-reagieren.jpg\",\"contentUrl\":\"https:\/\/now-news.de\/de\/wp-content\/uploads\/sites\/3\/2025\/11\/Euractiv-NATO-braeuchte-Wochen-um-auf-quotrussische-Bedrohungquot-zu-reagieren.jpg\",\"width\":460,\"height\":259,\"caption\":\"Euractiv: NATO br\u00e4uchte Wochen, um auf &quot;russische Bedrohung&quot; zu reagieren\"},{\"@type\":\"BreadcrumbList\",\"@id\":\"https:\/\/now-news.de\/de\/deutschland\/euractiv-nato-braeuchte-wochen-um-auf-russische-bedrohung-zu-reagieren\/#breadcrumb\",\"itemListElement\":[{\"@type\":\"ListItem\",\"position\":1,\"name\":\"Home\",\"item\":\"https:\/\/now-news.de\/de\/\"},{\"@type\":\"ListItem\",\"position\":2,\"name\":\"Euractiv: NATO br\u00e4uchte Wochen, um auf &quot;russische Bedrohung&quot; zu reagieren\"}]},{\"@type\":\"WebSite\",\"@id\":\"https:\/\/now-news.de\/de\/#website\",\"url\":\"https:\/\/now-news.de\/de\/\",\"name\":\"just-now.NEWS Deutschland\",\"description\":\"Das Portal f\u00fcr unzensierte Nachrichten aus der Welt\",\"publisher\":{\"@id\":\"https:\/\/now-news.de\/de\/#organization\"},\"potentialAction\":[{\"@type\":\"SearchAction\",\"target\":{\"@type\":\"EntryPoint\",\"urlTemplate\":\"https:\/\/now-news.de\/de\/?s={search_term_string}\"},\"query-input\":\"required name=search_term_string\"}],\"inLanguage\":\"de\"},{\"@type\":\"Organization\",\"@id\":\"https:\/\/now-news.de\/de\/#organization\",\"name\":\"Just Now News\",\"url\":\"https:\/\/now-news.de\/de\/\",\"logo\":{\"@type\":\"ImageObject\",\"inLanguage\":\"de\",\"@id\":\"https:\/\/now-news.de\/de\/#\/schema\/logo\/image\/\",\"url\":\"http:\/\/just-now.news\/de\/wp-content\/uploads\/sites\/3\/2022\/04\/logo500x500.jpg\",\"contentUrl\":\"http:\/\/just-now.news\/de\/wp-content\/uploads\/sites\/3\/2022\/04\/logo500x500.jpg\",\"width\":500,\"height\":500,\"caption\":\"Just Now News\"},\"image\":{\"@id\":\"https:\/\/now-news.de\/de\/#\/schema\/logo\/image\/\"},\"sameAs\":[\"https:\/\/www.facebook.com\/wirmachenauf\",\"https:\/\/x.com\/WirMachenAuf_de\"]},{\"@type\":\"Person\",\"@id\":\"https:\/\/now-news.de\/de\/#\/schema\/person\/fb534a4e865501d8b3285208df34a9b5\",\"name\":\"rtnews\",\"image\":{\"@type\":\"ImageObject\",\"inLanguage\":\"de\",\"@id\":\"https:\/\/now-news.de\/de\/#\/schema\/person\/image\/\",\"url\":\"https:\/\/secure.gravatar.com\/avatar\/82aafea7d8127119dd649515f56e2117?s=96&d=mm&r=g\",\"contentUrl\":\"https:\/\/secure.gravatar.com\/avatar\/82aafea7d8127119dd649515f56e2117?s=96&d=mm&r=g\",\"caption\":\"rtnews\"},\"url\":\"https:\/\/now-news.de\/de\/author\/rnews\/\"}]}<\/script>\n<!-- \/ Yoast SEO Premium plugin. -->","yoast_head_json":{"title":"Euractiv: NATO br\u00e4uchte Wochen, um auf &quot;russische Bedrohung&quot; zu reagieren - just-now.NEWS Deutschland","robots":{"index":"index","follow":"follow","max-snippet":"max-snippet:-1","max-image-preview":"max-image-preview:large","max-video-preview":"max-video-preview:-1"},"canonical":"https:\/\/now-news.de\/de\/deutschland\/euractiv-nato-braeuchte-wochen-um-auf-russische-bedrohung-zu-reagieren\/","og_locale":"de_DE","og_type":"article","og_title":"Euractiv: NATO br\u00e4uchte Wochen, um auf &quot;russische Bedrohung&quot; zu reagieren","og_description":"Der von den USA gef\u00fchrte Milit\u00e4rblock steht einem Bericht zufolge aufgrund b\u00fcrokratischer H\u00fcrden und schlechter Planung vor einer milit\u00e4rischen Mobilit\u00e4tskrise. Demnach w\u00fcrde die NATO Wochen brauchen, um auf eine &#8220;russische Bedrohung&#8221; zu reagieren. Die NATO-Mitgliedsstaaten br\u00e4uchten mehrere Wochen, um im Falle einer Eskalation des Konflikts mit Russland Truppen in die Ukraine zu entsenden. Dies berichtet [&hellip;]","og_url":"https:\/\/now-news.de\/de\/deutschland\/euractiv-nato-braeuchte-wochen-um-auf-russische-bedrohung-zu-reagieren\/","og_site_name":"just-now.NEWS Deutschland","article_publisher":"https:\/\/www.facebook.com\/wirmachenauf","article_published_time":"2025-11-02T19:22:28+00:00","og_image":[{"url":"https:\/\/now-news.de\/de\/wp-content\/uploads\/sites\/3\/2025\/11\/6907947e48fbef13214fa3e9.jpg"}],"author":"rtnews","twitter_card":"summary_large_image","twitter_creator":"@WirMachenAuf_de","twitter_site":"@WirMachenAuf_de","twitter_misc":{"Verfasst von":"rtnews","Gesch\u00e4tzte Lesezeit":"2\u00a0Minuten"},"schema":{"@context":"https:\/\/schema.org","@graph":[{"@type":"Article","@id":"https:\/\/now-news.de\/de\/deutschland\/euractiv-nato-braeuchte-wochen-um-auf-russische-bedrohung-zu-reagieren\/#article","isPartOf":{"@id":"https:\/\/now-news.de\/de\/deutschland\/euractiv-nato-braeuchte-wochen-um-auf-russische-bedrohung-zu-reagieren\/"},"author":{"name":"rtnews","@id":"https:\/\/now-news.de\/de\/#\/schema\/person\/fb534a4e865501d8b3285208df34a9b5"},"headline":"Euractiv: NATO br\u00e4uchte Wochen, um auf &quot;russische Bedrohung&quot; zu reagieren","datePublished":"2025-11-02T19:22:28+00:00","dateModified":"2025-11-02T19:22:28+00:00","mainEntityOfPage":{"@id":"https:\/\/now-news.de\/de\/deutschland\/euractiv-nato-braeuchte-wochen-um-auf-russische-bedrohung-zu-reagieren\/"},"wordCount":478,"commentCount":0,"publisher":{"@id":"https:\/\/now-news.de\/de\/#organization"},"image":{"@id":"https:\/\/now-news.de\/de\/deutschland\/euractiv-nato-braeuchte-wochen-um-auf-russische-bedrohung-zu-reagieren\/#primaryimage"},"thumbnailUrl":"https:\/\/now-news.de\/de\/wp-content\/uploads\/sites\/3\/2025\/11\/Euractiv-NATO-braeuchte-Wochen-um-auf-quotrussische-Bedrohungquot-zu-reagieren.jpg","keywords":["AUF","Bedrohungquot","brauchte","Euractiv","nato","quotRussische","reagieren","Wochen"],"articleSection":["Deutschland","Russland"],"inLanguage":"de","potentialAction":[{"@type":"CommentAction","name":"Comment","target":["https:\/\/now-news.de\/de\/deutschland\/euractiv-nato-braeuchte-wochen-um-auf-russische-bedrohung-zu-reagieren\/#respond"]}]},{"@type":"WebPage","@id":"https:\/\/now-news.de\/de\/deutschland\/euractiv-nato-braeuchte-wochen-um-auf-russische-bedrohung-zu-reagieren\/","url":"https:\/\/now-news.de\/de\/deutschland\/euractiv-nato-braeuchte-wochen-um-auf-russische-bedrohung-zu-reagieren\/","name":"Euractiv: NATO br\u00e4uchte Wochen, um auf &quot;russische Bedrohung&quot; zu reagieren - just-now.NEWS Deutschland","isPartOf":{"@id":"https:\/\/now-news.de\/de\/#website"},"primaryImageOfPage":{"@id":"https:\/\/now-news.de\/de\/deutschland\/euractiv-nato-braeuchte-wochen-um-auf-russische-bedrohung-zu-reagieren\/#primaryimage"},"image":{"@id":"https:\/\/now-news.de\/de\/deutschland\/euractiv-nato-braeuchte-wochen-um-auf-russische-bedrohung-zu-reagieren\/#primaryimage"},"thumbnailUrl":"https:\/\/now-news.de\/de\/wp-content\/uploads\/sites\/3\/2025\/11\/Euractiv-NATO-braeuchte-Wochen-um-auf-quotrussische-Bedrohungquot-zu-reagieren.jpg","datePublished":"2025-11-02T19:22:28+00:00","dateModified":"2025-11-02T19:22:28+00:00","breadcrumb":{"@id":"https:\/\/now-news.de\/de\/deutschland\/euractiv-nato-braeuchte-wochen-um-auf-russische-bedrohung-zu-reagieren\/#breadcrumb"},"inLanguage":"de","potentialAction":[{"@type":"ReadAction","target":["https:\/\/now-news.de\/de\/deutschland\/euractiv-nato-braeuchte-wochen-um-auf-russische-bedrohung-zu-reagieren\/"]}]},{"@type":"ImageObject","inLanguage":"de","@id":"https:\/\/now-news.de\/de\/deutschland\/euractiv-nato-braeuchte-wochen-um-auf-russische-bedrohung-zu-reagieren\/#primaryimage","url":"https:\/\/now-news.de\/de\/wp-content\/uploads\/sites\/3\/2025\/11\/Euractiv-NATO-braeuchte-Wochen-um-auf-quotrussische-Bedrohungquot-zu-reagieren.jpg","contentUrl":"https:\/\/now-news.de\/de\/wp-content\/uploads\/sites\/3\/2025\/11\/Euractiv-NATO-braeuchte-Wochen-um-auf-quotrussische-Bedrohungquot-zu-reagieren.jpg","width":460,"height":259,"caption":"Euractiv: NATO br\u00e4uchte Wochen, um auf &quot;russische Bedrohung&quot; zu reagieren"},{"@type":"BreadcrumbList","@id":"https:\/\/now-news.de\/de\/deutschland\/euractiv-nato-braeuchte-wochen-um-auf-russische-bedrohung-zu-reagieren\/#breadcrumb","itemListElement":[{"@type":"ListItem","position":1,"name":"Home","item":"https:\/\/now-news.de\/de\/"},{"@type":"ListItem","position":2,"name":"Euractiv: NATO br\u00e4uchte Wochen, um auf &quot;russische Bedrohung&quot; zu reagieren"}]},{"@type":"WebSite","@id":"https:\/\/now-news.de\/de\/#website","url":"https:\/\/now-news.de\/de\/","name":"just-now.NEWS Deutschland","description":"Das Portal f\u00fcr unzensierte Nachrichten aus der Welt","publisher":{"@id":"https:\/\/now-news.de\/de\/#organization"},"potentialAction":[{"@type":"SearchAction","target":{"@type":"EntryPoint","urlTemplate":"https:\/\/now-news.de\/de\/?s={search_term_string}"},"query-input":"required name=search_term_string"}],"inLanguage":"de"},{"@type":"Organization","@id":"https:\/\/now-news.de\/de\/#organization","name":"Just Now News","url":"https:\/\/now-news.de\/de\/","logo":{"@type":"ImageObject","inLanguage":"de","@id":"https:\/\/now-news.de\/de\/#\/schema\/logo\/image\/","url":"http:\/\/just-now.news\/de\/wp-content\/uploads\/sites\/3\/2022\/04\/logo500x500.jpg","contentUrl":"http:\/\/just-now.news\/de\/wp-content\/uploads\/sites\/3\/2022\/04\/logo500x500.jpg","width":500,"height":500,"caption":"Just Now News"},"image":{"@id":"https:\/\/now-news.de\/de\/#\/schema\/logo\/image\/"},"sameAs":["https:\/\/www.facebook.com\/wirmachenauf","https:\/\/x.com\/WirMachenAuf_de"]},{"@type":"Person","@id":"https:\/\/now-news.de\/de\/#\/schema\/person\/fb534a4e865501d8b3285208df34a9b5","name":"rtnews","image":{"@type":"ImageObject","inLanguage":"de","@id":"https:\/\/now-news.de\/de\/#\/schema\/person\/image\/","url":"https:\/\/secure.gravatar.com\/avatar\/82aafea7d8127119dd649515f56e2117?s=96&d=mm&r=g","contentUrl":"https:\/\/secure.gravatar.com\/avatar\/82aafea7d8127119dd649515f56e2117?s=96&d=mm&r=g","caption":"rtnews"},"url":"https:\/\/now-news.de\/de\/author\/rnews\/"}]}},"_links":{"self":[{"href":"https:\/\/now-news.de\/de\/wp-json\/wp\/v2\/posts\/93248"}],"collection":[{"href":"https:\/\/now-news.de\/de\/wp-json\/wp\/v2\/posts"}],"about":[{"href":"https:\/\/now-news.de\/de\/wp-json\/wp\/v2\/types\/post"}],"author":[{"embeddable":true,"href":"https:\/\/now-news.de\/de\/wp-json\/wp\/v2\/users\/3"}],"replies":[{"embeddable":true,"href":"https:\/\/now-news.de\/de\/wp-json\/wp\/v2\/comments?post=93248"}],"version-history":[{"count":0,"href":"https:\/\/now-news.de\/de\/wp-json\/wp\/v2\/posts\/93248\/revisions"}],"wp:featuredmedia":[{"embeddable":true,"href":"https:\/\/now-news.de\/de\/wp-json\/wp\/v2\/media\/93249"}],"wp:attachment":[{"href":"https:\/\/now-news.de\/de\/wp-json\/wp\/v2\/media?parent=93248"}],"wp:term":[{"taxonomy":"category","embeddable":true,"href":"https:\/\/now-news.de\/de\/wp-json\/wp\/v2\/categories?post=93248"},{"taxonomy":"post_tag","embeddable":true,"href":"https:\/\/now-news.de\/de\/wp-json\/wp\/v2\/tags?post=93248"}],"curies":[{"name":"wp","href":"https:\/\/api.w.org\/{rel}","templated":true}]}}