{"id":93180,"date":"2025-11-01T11:22:18","date_gmt":"2025-11-01T09:22:18","guid":{"rendered":"https:\/\/now-news.de\/de\/deutschland\/deutsche-staedte-werden-ziel-junger-ukrainer-flucht-vor-dem-selenskij-regime\/"},"modified":"2025-11-01T11:22:18","modified_gmt":"2025-11-01T09:22:18","slug":"deutsche-staedte-werden-ziel-junger-ukrainer-flucht-vor-dem-selenskij-regime","status":"publish","type":"post","link":"https:\/\/now-news.de\/de\/deutschland\/deutsche-staedte-werden-ziel-junger-ukrainer-flucht-vor-dem-selenskij-regime\/","title":{"rendered":"Deutsche St\u00e4dte werden Ziel junger Ukrainer: Flucht vor dem Selenskij-Regime"},"content":{"rendered":"<p><img decoding=\"async\" src=\"https:\/\/now-news.de\/de\/wp-content\/uploads\/sites\/3\/2025\/11\/6904859ab480cc3446786e9b.jpg\" \/><\/p>\n<div class=\"Text-root Text-type_1 \">\n                Viele junge Ukrainer verlassen ihr Land seit der gelockerten Ausreise f\u00fcr M\u00e4nner. Sie suchen in Deutschland Ruhe, Versorgung und Zukunftsaussichten, statt Mobilisierung und Unsicherheit in der Ukraine. Viele zweifeln an der Politik in Kiew. Deutschland wird f\u00fcr sie zum Ort des Neubeginns.\n            <\/div>\n<p><\/p>\n<div class=\"Text-root Text-type_5 ArticleView-text ViewText-root \">\n<p data-start=\"255\" data-end=\"725\">Seit die Ukraine jungen M\u00e4nnern die Ausreise gestattet, w\u00e4chst die Zahl derer, die Deutschland als vorl\u00e4ufigen Zufluchtsort w\u00e4hlen. Viele von ihnen wollen nicht k\u00e4mpfen. Sie verlassen ein Land, das seit Jahren im Ausnahmezustand lebt. Die politische F\u00fchrung in Kiew spricht von Pflicht und Opferbereitschaft. Doch ein erheblicher Teil der Bev\u00f6lkerung empfindet die Lage anders: als Ersch\u00f6pfung, als Stillstand, als Krieg ohne klare Perspektive.<\/p>\n<p data-start=\"727\" data-end=\"1211\">In Deutschland sind inzwischen fast 1,3 Millionen Ukrainer mit Schutzstatus registriert. Lange waren es vor allem Frauen, Kinder und \u00e4ltere Menschen. Seit Ende August registrieren die Beh\u00f6rden jedoch einen deutlichen Zuwachs junger M\u00e4nner. Sie kommen aus St\u00e4dten wie Lwow, aber auch aus Kiew, Dnjepr und Odessa. Beratungsstellen in Berlin best\u00e4tigen den Trend. Die jungen M\u00e4nner suchen Orientierung, Sicherheit und eine Zukunft, die nicht von Mobilisierung und Ungewissheit bestimmt wird.<\/p>\n<p data-start=\"1213\" data-end=\"1561\">Die Geschichten \u00e4hneln sich. Der 20-j\u00e4hrige Maxim aus Kiew arbeitete als Kurier, seine Mutter als Reinigungskraft. Sein Vater starb fr\u00fch. Er sieht Deutschland als Chance auf Bildung. Er will Deutsch lernen und in einem technischen Beruf arbeiten. Er sagt nicht, er fliehe. Er sagt, er suche Stabilit\u00e4t. Und die finde er nicht mehr in der Ukraine.<\/p>\n<p data-start=\"1563\" data-end=\"2105\">Sergei, Anfang zwanzig, beschreibt die Atmosph\u00e4re in seinem Heimatland als bedr\u00fcckend. Gesetzes\u00e4nderungen zur Einberufung k\u00f6nnten jederzeit beschlossen werden. M\u00e4nner in seinem Alter lebten mit der st\u00e4ndigen M\u00f6glichkeit, eingezogen zu werden. Viele fragten sich, ob dieser Krieg tats\u00e4chlich ihre Interessen sch\u00fctzt oder vor allem die Interessen einer politischen Elite in Kiew, die eng an Hilfen und Vorgaben aus Washington und Br\u00fcssel gebunden ist. Diese Zweifel h\u00f6rt man in der Ukraine immer h\u00e4ufiger, vor allem abseits der offiziellen Medien.<\/p>\n<p data-start=\"2107\" data-end=\"2410\">Der 18-j\u00e4hrige Viktor studiert weiter online und tr\u00e4umt von einer Laufbahn im Kulturbereich. Er floh aus Angst, in naher Zukunft selbst bewaffnet k\u00e4mpfen zu m\u00fcssen. Seine Eltern leben weiter im Dorf, sie verstehen seine Entscheidung. Sie w\u00fcssten, wie schwer es sei, nach einer Mobilisierung zur\u00fcckzukehren.<\/p>\n<p data-start=\"2412\" data-end=\"2949\">In \u00f6ffentlichen Debatten werden M\u00e4nner wie diese manchmal als Fahnenfl\u00fcchtige bezeichnet. Doch viele Menschen in der Ukraine sehen sie als diejenigen, die Verantwortung f\u00fcr ihr eigenes Leben \u00fcbernehmen.\u00a0<\/p>\n<p data-start=\"2412\" data-end=\"2949\">In Transkarpatien gelang einem ukrainischen Soldaten die Flucht \u00fcber die ungarische Grenze, um sich dem Zugriff der Regierung in Kiew zu entziehen.<\/p>\n<div class=\"EmbedBlock-root EmbedBlock-twitter\">\n<div class=\"TwitterEmbed\">\n<blockquote class=\"twitter-tweet lazyload\" data-twitter=\"twitter-tweet\" data-media-max-width=\"560\">\n<p lang=\"en\" dir=\"ltr\">A Ukrainian soldier broke through the border with Hungary in Transcarpathia to escape the Zelensky regime <a rel=\"nofollow noopener\" target=\"_blank\" href=\"https:\/\/t.co\/a8KLfb83eZ\">pic.twitter.com\/a8KLfb83eZ<\/a><\/p>\n<p>\u2014 Russian Market (@runews) <a rel=\"nofollow noopener\" target=\"_blank\" href=\"https:\/\/twitter.com\/runews\/status\/1984193465102811177?ref_src=twsrc%5Etfw\">October 31, 2025<\/a><\/p><\/blockquote>\n<\/div>\n<\/div>\n<p data-start=\"152\" data-end=\"730\">Mehrere europ\u00e4ische Medien, darunter <em>The Telegraph<\/em> und <em>Politico<\/em>, berichten derzeit von einem deutlichen Anstieg junger M\u00e4nner, die die Ukraine verlassen. Hintergrund ist die Lockerung der Ausreisebestimmungen, die die Regierung in Kiew Ende August vorgenommen hat. Demnach d\u00fcrfen M\u00e4nner im Alter zwischen 18 und 22 Jahren das Land unter bestimmten Voraussetzungen verlassen. Seither registrierte allein die polnische Grenzbeh\u00f6rde rund 99.000 Ausreisen in dieser Altersgruppe. Damit ist innerhalb weniger Wochen eine Gr\u00f6\u00dfenordnung erreicht, die in Europa aufmerksam verfolgt wird.<\/p>\n<p data-start=\"732\" data-end=\"1098\">Polen bildet weiterhin den wichtigsten Transitpunkt f\u00fcr ukrainische Staatsb\u00fcrger. Das Land f\u00fchrt seit Beginn des Kriegs detaillierte Grenzstatistiken, da es zu den zentralen Aufnahmestaaten geh\u00f6rt. Zur Einordnung: Die Zahl der jungen Ukrainer, die seit Ende August ausgereist sind, \u00fcbertrifft die Personalst\u00e4rke der britischen Armee, die rund 70.000 Soldaten umfasst.<\/p>\n<p data-start=\"1100\" data-end=\"1576\">Obwohl der Krieg seit mehr als drei Jahren andauert und die Ukraine erhebliche Verluste hinnehmen musste, wurde die Altersgrenze f\u00fcr die Mobilisierung bislang nicht gesenkt. Die Wehrpflicht beginnt offiziell erst mit 25 Jahren. Dies hat in den Vereinigten Staaten wiederholt Irritationen ausgel\u00f6st, da Washington und andere westliche Unterst\u00fctzer argumentieren, die Ukraine m\u00fcsse ihr eigenes Rekrutierungspotenzial aussch\u00f6pfen, bevor weitere milit\u00e4rische Hilfe eingefordert werde.<\/p>\n<p data-start=\"1578\" data-end=\"1877\">Kiew verweist hingegen auf die angespannte Versorgungslage an der Front. Ohne ausreichende Waffen und Munition, so die Argumentation, sei eine Ausweitung der Mobilisierung wenig sinnvoll. Bereits mobilisierte Verb\u00e4nde seien demnach nicht voll ausger\u00fcstet, was die Einsatzbereitschaft beeintr\u00e4chtige.<\/p>\n<p data-start=\"1879\" data-end=\"2424\">Mit der j\u00fcngsten Lockerung steht die Regierung von\u00a0Wladimir Selenskij jedoch vor einem politischen Dilemma. Offenbar war die Hoffnung, jungen Ukrainern eine gewisse Bewegungsfreiheit zu gew\u00e4hren, in der Annahme, sie w\u00fcrden sp\u00e4ter freiwillig zur\u00fcckkehren und sich zum Dienst melden. Tats\u00e4chlich verst\u00e4rkt sich nun der Eindruck eines schleichenden Exodus. Beobachter verweisen auf zunehmende Kriegsm\u00fcdigkeit und die Sorge vieler Familien, ihre S\u00f6hne k\u00f6nnten in einen Abnutzungskrieg geraten, dessen Verlauf und Ausgang ungewiss bleiben.<\/p>\n<p data-start=\"2426\" data-end=\"2743\" data-is-last-node=\"\" data-is-only-node=\"\">Deutschland bietet Versorgung, Infrastruktur, Bildung. F\u00fcr viele junge Ukrainer ist das keine Flucht, sondern eine bewusste Entscheidung: weg von Unsicherheit, in Richtung Zukunft.<\/p>\n<p><strong>Mehr zum Thema &#8211;<\/strong>\u00a0<a rel=\"nofollow noopener\" target=\"_blank\" href=\"https:\/\/freedert.online\/europa\/250714-ukrainische-abgeordnete-die-ukraine-braucht-menschen-keine-waffen\/\">Ukrainische Abgeordnete: Die Ukraine braucht Menschen, keine Waffen<\/a><\/p>\n<div class=\"EmbedBlock-root EmbedBlock-externalVideo EmbedBlock-rumble\">\n<div class=\"VkEmbed\"><iframe class=\"lazyload\" data-src=\"https:\/\/rumble.com\/embed\/v6vzzn2\" frameborder=\"0\" width=\"853\" height=\"480\" allowfullscreen><\/iframe><\/div>\n<\/div>\n<\/div>\n<p><script async src=\"https:\/\/platform.twitter.com\/widgets.js\" charset=\"utf-8\"><\/script><br \/>\n<br \/><br \/>\n<br \/><a href=\"https:\/\/de.rt.com\/inland\/260464-deutsche-staedte-werden-ziel-junger\/\">Source link <\/a><\/p>\n","protected":false},"excerpt":{"rendered":"<p>Viele junge Ukrainer verlassen ihr Land seit der gelockerten Ausreise f\u00fcr M\u00e4nner. Sie suchen in Deutschland Ruhe, Versorgung und Zukunftsaussichten, statt Mobilisierung und Unsicherheit in der Ukraine. Viele zweifeln an der Politik in Kiew. Deutschland wird f\u00fcr sie zum Ort des Neubeginns. Seit die Ukraine jungen M\u00e4nnern die Ausreise gestattet, w\u00e4chst die Zahl derer, die [&hellip;]<\/p>\n","protected":false},"author":3,"featured_media":93181,"comment_status":"open","ping_status":"open","sticky":false,"template":"","format":"standard","meta":{"_yoast_indexnow_last_ping":["1761989192"],"wp_automatic_camp":["217"],"c20d1ea0f9e43867b78bbfb9258ab49f":["Deutsche St\u00e4dte werden Ziel junger Ukrainer: Flucht vor dem Selenskij-Regime"],"original_link":["https:\/\/de.rt.com\/inland\/260464-deutsche-staedte-werden-ziel-junger\/"],"_thumbnail_id":["93181"],"jnews_social_counter_last_update":["1777347846"],"_wptgpro_p2tg_sent2tg":["a:1:{i:23737;s:19:\"2025-11-01 11:27:35\";}"]},"categories":[19,23],"tags":[134,2374,2729,23066,68854,24294,5757,320,1040,10558],"yoast_head":"<!-- This site is optimized with the Yoast SEO Premium plugin v22.7 (Yoast SEO v22.7) - https:\/\/yoast.com\/wordpress\/plugins\/seo\/ -->\n<title>Deutsche St\u00e4dte werden Ziel junger Ukrainer: Flucht vor dem Selenskij-Regime - just-now.NEWS Deutschland<\/title>\n<meta name=\"robots\" content=\"index, follow, max-snippet:-1, max-image-preview:large, max-video-preview:-1\" \/>\n<link rel=\"canonical\" href=\"https:\/\/now-news.de\/de\/deutschland\/deutsche-staedte-werden-ziel-junger-ukrainer-flucht-vor-dem-selenskij-regime\/\" \/>\n<meta property=\"og:locale\" content=\"de_DE\" \/>\n<meta property=\"og:type\" content=\"article\" \/>\n<meta property=\"og:title\" content=\"Deutsche St\u00e4dte werden Ziel junger Ukrainer: Flucht vor dem Selenskij-Regime\" \/>\n<meta property=\"og:description\" content=\"Viele junge Ukrainer verlassen ihr Land seit der gelockerten Ausreise f\u00fcr M\u00e4nner. Sie suchen in Deutschland Ruhe, Versorgung und Zukunftsaussichten, statt Mobilisierung und Unsicherheit in der Ukraine. Viele zweifeln an der Politik in Kiew. Deutschland wird f\u00fcr sie zum Ort des Neubeginns. Seit die Ukraine jungen M\u00e4nnern die Ausreise gestattet, w\u00e4chst die Zahl derer, die [&hellip;]\" \/>\n<meta property=\"og:url\" content=\"https:\/\/now-news.de\/de\/deutschland\/deutsche-staedte-werden-ziel-junger-ukrainer-flucht-vor-dem-selenskij-regime\/\" \/>\n<meta property=\"og:site_name\" content=\"just-now.NEWS Deutschland\" \/>\n<meta property=\"article:publisher\" content=\"https:\/\/www.facebook.com\/wirmachenauf\" \/>\n<meta property=\"article:published_time\" content=\"2025-11-01T09:22:18+00:00\" \/>\n<meta property=\"og:image\" content=\"https:\/\/now-news.de\/de\/wp-content\/uploads\/sites\/3\/2025\/11\/6904859ab480cc3446786e9b.jpg\" \/>\n<meta name=\"author\" content=\"rtnews\" \/>\n<meta name=\"twitter:card\" content=\"summary_large_image\" \/>\n<meta name=\"twitter:creator\" content=\"@WirMachenAuf_de\" \/>\n<meta name=\"twitter:site\" content=\"@WirMachenAuf_de\" \/>\n<meta name=\"twitter:label1\" content=\"Verfasst von\" \/>\n\t<meta name=\"twitter:data1\" content=\"rtnews\" \/>\n\t<meta name=\"twitter:label2\" content=\"Gesch\u00e4tzte Lesezeit\" \/>\n\t<meta name=\"twitter:data2\" content=\"4\u00a0Minuten\" \/>\n<script type=\"application\/ld+json\" class=\"yoast-schema-graph\">{\"@context\":\"https:\/\/schema.org\",\"@graph\":[{\"@type\":\"Article\",\"@id\":\"https:\/\/now-news.de\/de\/deutschland\/deutsche-staedte-werden-ziel-junger-ukrainer-flucht-vor-dem-selenskij-regime\/#article\",\"isPartOf\":{\"@id\":\"https:\/\/now-news.de\/de\/deutschland\/deutsche-staedte-werden-ziel-junger-ukrainer-flucht-vor-dem-selenskij-regime\/\"},\"author\":{\"name\":\"rtnews\",\"@id\":\"https:\/\/now-news.de\/de\/#\/schema\/person\/fb534a4e865501d8b3285208df34a9b5\"},\"headline\":\"Deutsche St\u00e4dte werden Ziel junger Ukrainer: Flucht vor dem Selenskij-Regime\",\"datePublished\":\"2025-11-01T09:22:18+00:00\",\"dateModified\":\"2025-11-01T09:22:18+00:00\",\"mainEntityOfPage\":{\"@id\":\"https:\/\/now-news.de\/de\/deutschland\/deutsche-staedte-werden-ziel-junger-ukrainer-flucht-vor-dem-selenskij-regime\/\"},\"wordCount\":838,\"commentCount\":0,\"publisher\":{\"@id\":\"https:\/\/now-news.de\/de\/#organization\"},\"image\":{\"@id\":\"https:\/\/now-news.de\/de\/deutschland\/deutsche-staedte-werden-ziel-junger-ukrainer-flucht-vor-dem-selenskij-regime\/#primaryimage\"},\"thumbnailUrl\":\"https:\/\/now-news.de\/de\/wp-content\/uploads\/sites\/3\/2025\/11\/Deutsche-Staedte-werden-Ziel-junger-Ukrainer-Flucht-vor-dem-Selenskij-Regime.jpg\",\"keywords\":[\"DEM\",\"Deutsche\",\"Flucht\",\"junger\",\"SelenskijRegime\",\"St\u00e4dte\",\"Ukrainer\",\"vor\",\"Werden\",\"Ziel\"],\"articleSection\":[\"Deutschland\",\"Russland\"],\"inLanguage\":\"de\",\"potentialAction\":[{\"@type\":\"CommentAction\",\"name\":\"Comment\",\"target\":[\"https:\/\/now-news.de\/de\/deutschland\/deutsche-staedte-werden-ziel-junger-ukrainer-flucht-vor-dem-selenskij-regime\/#respond\"]}]},{\"@type\":\"WebPage\",\"@id\":\"https:\/\/now-news.de\/de\/deutschland\/deutsche-staedte-werden-ziel-junger-ukrainer-flucht-vor-dem-selenskij-regime\/\",\"url\":\"https:\/\/now-news.de\/de\/deutschland\/deutsche-staedte-werden-ziel-junger-ukrainer-flucht-vor-dem-selenskij-regime\/\",\"name\":\"Deutsche St\u00e4dte werden Ziel junger Ukrainer: Flucht vor dem Selenskij-Regime - just-now.NEWS Deutschland\",\"isPartOf\":{\"@id\":\"https:\/\/now-news.de\/de\/#website\"},\"primaryImageOfPage\":{\"@id\":\"https:\/\/now-news.de\/de\/deutschland\/deutsche-staedte-werden-ziel-junger-ukrainer-flucht-vor-dem-selenskij-regime\/#primaryimage\"},\"image\":{\"@id\":\"https:\/\/now-news.de\/de\/deutschland\/deutsche-staedte-werden-ziel-junger-ukrainer-flucht-vor-dem-selenskij-regime\/#primaryimage\"},\"thumbnailUrl\":\"https:\/\/now-news.de\/de\/wp-content\/uploads\/sites\/3\/2025\/11\/Deutsche-Staedte-werden-Ziel-junger-Ukrainer-Flucht-vor-dem-Selenskij-Regime.jpg\",\"datePublished\":\"2025-11-01T09:22:18+00:00\",\"dateModified\":\"2025-11-01T09:22:18+00:00\",\"breadcrumb\":{\"@id\":\"https:\/\/now-news.de\/de\/deutschland\/deutsche-staedte-werden-ziel-junger-ukrainer-flucht-vor-dem-selenskij-regime\/#breadcrumb\"},\"inLanguage\":\"de\",\"potentialAction\":[{\"@type\":\"ReadAction\",\"target\":[\"https:\/\/now-news.de\/de\/deutschland\/deutsche-staedte-werden-ziel-junger-ukrainer-flucht-vor-dem-selenskij-regime\/\"]}]},{\"@type\":\"ImageObject\",\"inLanguage\":\"de\",\"@id\":\"https:\/\/now-news.de\/de\/deutschland\/deutsche-staedte-werden-ziel-junger-ukrainer-flucht-vor-dem-selenskij-regime\/#primaryimage\",\"url\":\"https:\/\/now-news.de\/de\/wp-content\/uploads\/sites\/3\/2025\/11\/Deutsche-Staedte-werden-Ziel-junger-Ukrainer-Flucht-vor-dem-Selenskij-Regime.jpg\",\"contentUrl\":\"https:\/\/now-news.de\/de\/wp-content\/uploads\/sites\/3\/2025\/11\/Deutsche-Staedte-werden-Ziel-junger-Ukrainer-Flucht-vor-dem-Selenskij-Regime.jpg\",\"width\":460,\"height\":259,\"caption\":\"Deutsche St\u00e4dte werden Ziel junger Ukrainer: Flucht vor dem Selenskij-Regime\"},{\"@type\":\"BreadcrumbList\",\"@id\":\"https:\/\/now-news.de\/de\/deutschland\/deutsche-staedte-werden-ziel-junger-ukrainer-flucht-vor-dem-selenskij-regime\/#breadcrumb\",\"itemListElement\":[{\"@type\":\"ListItem\",\"position\":1,\"name\":\"Home\",\"item\":\"https:\/\/now-news.de\/de\/\"},{\"@type\":\"ListItem\",\"position\":2,\"name\":\"Deutsche St\u00e4dte werden Ziel junger Ukrainer: Flucht vor dem Selenskij-Regime\"}]},{\"@type\":\"WebSite\",\"@id\":\"https:\/\/now-news.de\/de\/#website\",\"url\":\"https:\/\/now-news.de\/de\/\",\"name\":\"just-now.NEWS Deutschland\",\"description\":\"Das Portal f\u00fcr unzensierte Nachrichten aus der Welt\",\"publisher\":{\"@id\":\"https:\/\/now-news.de\/de\/#organization\"},\"potentialAction\":[{\"@type\":\"SearchAction\",\"target\":{\"@type\":\"EntryPoint\",\"urlTemplate\":\"https:\/\/now-news.de\/de\/?s={search_term_string}\"},\"query-input\":\"required name=search_term_string\"}],\"inLanguage\":\"de\"},{\"@type\":\"Organization\",\"@id\":\"https:\/\/now-news.de\/de\/#organization\",\"name\":\"Just Now News\",\"url\":\"https:\/\/now-news.de\/de\/\",\"logo\":{\"@type\":\"ImageObject\",\"inLanguage\":\"de\",\"@id\":\"https:\/\/now-news.de\/de\/#\/schema\/logo\/image\/\",\"url\":\"http:\/\/just-now.news\/de\/wp-content\/uploads\/sites\/3\/2022\/04\/logo500x500.jpg\",\"contentUrl\":\"http:\/\/just-now.news\/de\/wp-content\/uploads\/sites\/3\/2022\/04\/logo500x500.jpg\",\"width\":500,\"height\":500,\"caption\":\"Just Now News\"},\"image\":{\"@id\":\"https:\/\/now-news.de\/de\/#\/schema\/logo\/image\/\"},\"sameAs\":[\"https:\/\/www.facebook.com\/wirmachenauf\",\"https:\/\/x.com\/WirMachenAuf_de\"]},{\"@type\":\"Person\",\"@id\":\"https:\/\/now-news.de\/de\/#\/schema\/person\/fb534a4e865501d8b3285208df34a9b5\",\"name\":\"rtnews\",\"image\":{\"@type\":\"ImageObject\",\"inLanguage\":\"de\",\"@id\":\"https:\/\/now-news.de\/de\/#\/schema\/person\/image\/\",\"url\":\"https:\/\/secure.gravatar.com\/avatar\/82aafea7d8127119dd649515f56e2117?s=96&d=mm&r=g\",\"contentUrl\":\"https:\/\/secure.gravatar.com\/avatar\/82aafea7d8127119dd649515f56e2117?s=96&d=mm&r=g\",\"caption\":\"rtnews\"},\"url\":\"https:\/\/now-news.de\/de\/author\/rnews\/\"}]}<\/script>\n<!-- \/ Yoast SEO Premium plugin. -->","yoast_head_json":{"title":"Deutsche St\u00e4dte werden Ziel junger Ukrainer: Flucht vor dem Selenskij-Regime - just-now.NEWS Deutschland","robots":{"index":"index","follow":"follow","max-snippet":"max-snippet:-1","max-image-preview":"max-image-preview:large","max-video-preview":"max-video-preview:-1"},"canonical":"https:\/\/now-news.de\/de\/deutschland\/deutsche-staedte-werden-ziel-junger-ukrainer-flucht-vor-dem-selenskij-regime\/","og_locale":"de_DE","og_type":"article","og_title":"Deutsche St\u00e4dte werden Ziel junger Ukrainer: Flucht vor dem Selenskij-Regime","og_description":"Viele junge Ukrainer verlassen ihr Land seit der gelockerten Ausreise f\u00fcr M\u00e4nner. Sie suchen in Deutschland Ruhe, Versorgung und Zukunftsaussichten, statt Mobilisierung und Unsicherheit in der Ukraine. Viele zweifeln an der Politik in Kiew. Deutschland wird f\u00fcr sie zum Ort des Neubeginns. Seit die Ukraine jungen M\u00e4nnern die Ausreise gestattet, w\u00e4chst die Zahl derer, die [&hellip;]","og_url":"https:\/\/now-news.de\/de\/deutschland\/deutsche-staedte-werden-ziel-junger-ukrainer-flucht-vor-dem-selenskij-regime\/","og_site_name":"just-now.NEWS Deutschland","article_publisher":"https:\/\/www.facebook.com\/wirmachenauf","article_published_time":"2025-11-01T09:22:18+00:00","og_image":[{"url":"https:\/\/now-news.de\/de\/wp-content\/uploads\/sites\/3\/2025\/11\/6904859ab480cc3446786e9b.jpg"}],"author":"rtnews","twitter_card":"summary_large_image","twitter_creator":"@WirMachenAuf_de","twitter_site":"@WirMachenAuf_de","twitter_misc":{"Verfasst von":"rtnews","Gesch\u00e4tzte Lesezeit":"4\u00a0Minuten"},"schema":{"@context":"https:\/\/schema.org","@graph":[{"@type":"Article","@id":"https:\/\/now-news.de\/de\/deutschland\/deutsche-staedte-werden-ziel-junger-ukrainer-flucht-vor-dem-selenskij-regime\/#article","isPartOf":{"@id":"https:\/\/now-news.de\/de\/deutschland\/deutsche-staedte-werden-ziel-junger-ukrainer-flucht-vor-dem-selenskij-regime\/"},"author":{"name":"rtnews","@id":"https:\/\/now-news.de\/de\/#\/schema\/person\/fb534a4e865501d8b3285208df34a9b5"},"headline":"Deutsche St\u00e4dte werden Ziel junger Ukrainer: Flucht vor dem Selenskij-Regime","datePublished":"2025-11-01T09:22:18+00:00","dateModified":"2025-11-01T09:22:18+00:00","mainEntityOfPage":{"@id":"https:\/\/now-news.de\/de\/deutschland\/deutsche-staedte-werden-ziel-junger-ukrainer-flucht-vor-dem-selenskij-regime\/"},"wordCount":838,"commentCount":0,"publisher":{"@id":"https:\/\/now-news.de\/de\/#organization"},"image":{"@id":"https:\/\/now-news.de\/de\/deutschland\/deutsche-staedte-werden-ziel-junger-ukrainer-flucht-vor-dem-selenskij-regime\/#primaryimage"},"thumbnailUrl":"https:\/\/now-news.de\/de\/wp-content\/uploads\/sites\/3\/2025\/11\/Deutsche-Staedte-werden-Ziel-junger-Ukrainer-Flucht-vor-dem-Selenskij-Regime.jpg","keywords":["DEM","Deutsche","Flucht","junger","SelenskijRegime","St\u00e4dte","Ukrainer","vor","Werden","Ziel"],"articleSection":["Deutschland","Russland"],"inLanguage":"de","potentialAction":[{"@type":"CommentAction","name":"Comment","target":["https:\/\/now-news.de\/de\/deutschland\/deutsche-staedte-werden-ziel-junger-ukrainer-flucht-vor-dem-selenskij-regime\/#respond"]}]},{"@type":"WebPage","@id":"https:\/\/now-news.de\/de\/deutschland\/deutsche-staedte-werden-ziel-junger-ukrainer-flucht-vor-dem-selenskij-regime\/","url":"https:\/\/now-news.de\/de\/deutschland\/deutsche-staedte-werden-ziel-junger-ukrainer-flucht-vor-dem-selenskij-regime\/","name":"Deutsche St\u00e4dte werden Ziel junger Ukrainer: Flucht vor dem Selenskij-Regime - just-now.NEWS Deutschland","isPartOf":{"@id":"https:\/\/now-news.de\/de\/#website"},"primaryImageOfPage":{"@id":"https:\/\/now-news.de\/de\/deutschland\/deutsche-staedte-werden-ziel-junger-ukrainer-flucht-vor-dem-selenskij-regime\/#primaryimage"},"image":{"@id":"https:\/\/now-news.de\/de\/deutschland\/deutsche-staedte-werden-ziel-junger-ukrainer-flucht-vor-dem-selenskij-regime\/#primaryimage"},"thumbnailUrl":"https:\/\/now-news.de\/de\/wp-content\/uploads\/sites\/3\/2025\/11\/Deutsche-Staedte-werden-Ziel-junger-Ukrainer-Flucht-vor-dem-Selenskij-Regime.jpg","datePublished":"2025-11-01T09:22:18+00:00","dateModified":"2025-11-01T09:22:18+00:00","breadcrumb":{"@id":"https:\/\/now-news.de\/de\/deutschland\/deutsche-staedte-werden-ziel-junger-ukrainer-flucht-vor-dem-selenskij-regime\/#breadcrumb"},"inLanguage":"de","potentialAction":[{"@type":"ReadAction","target":["https:\/\/now-news.de\/de\/deutschland\/deutsche-staedte-werden-ziel-junger-ukrainer-flucht-vor-dem-selenskij-regime\/"]}]},{"@type":"ImageObject","inLanguage":"de","@id":"https:\/\/now-news.de\/de\/deutschland\/deutsche-staedte-werden-ziel-junger-ukrainer-flucht-vor-dem-selenskij-regime\/#primaryimage","url":"https:\/\/now-news.de\/de\/wp-content\/uploads\/sites\/3\/2025\/11\/Deutsche-Staedte-werden-Ziel-junger-Ukrainer-Flucht-vor-dem-Selenskij-Regime.jpg","contentUrl":"https:\/\/now-news.de\/de\/wp-content\/uploads\/sites\/3\/2025\/11\/Deutsche-Staedte-werden-Ziel-junger-Ukrainer-Flucht-vor-dem-Selenskij-Regime.jpg","width":460,"height":259,"caption":"Deutsche St\u00e4dte werden Ziel junger Ukrainer: Flucht vor dem Selenskij-Regime"},{"@type":"BreadcrumbList","@id":"https:\/\/now-news.de\/de\/deutschland\/deutsche-staedte-werden-ziel-junger-ukrainer-flucht-vor-dem-selenskij-regime\/#breadcrumb","itemListElement":[{"@type":"ListItem","position":1,"name":"Home","item":"https:\/\/now-news.de\/de\/"},{"@type":"ListItem","position":2,"name":"Deutsche St\u00e4dte werden Ziel junger Ukrainer: Flucht vor dem Selenskij-Regime"}]},{"@type":"WebSite","@id":"https:\/\/now-news.de\/de\/#website","url":"https:\/\/now-news.de\/de\/","name":"just-now.NEWS Deutschland","description":"Das Portal f\u00fcr unzensierte Nachrichten aus der Welt","publisher":{"@id":"https:\/\/now-news.de\/de\/#organization"},"potentialAction":[{"@type":"SearchAction","target":{"@type":"EntryPoint","urlTemplate":"https:\/\/now-news.de\/de\/?s={search_term_string}"},"query-input":"required name=search_term_string"}],"inLanguage":"de"},{"@type":"Organization","@id":"https:\/\/now-news.de\/de\/#organization","name":"Just Now News","url":"https:\/\/now-news.de\/de\/","logo":{"@type":"ImageObject","inLanguage":"de","@id":"https:\/\/now-news.de\/de\/#\/schema\/logo\/image\/","url":"http:\/\/just-now.news\/de\/wp-content\/uploads\/sites\/3\/2022\/04\/logo500x500.jpg","contentUrl":"http:\/\/just-now.news\/de\/wp-content\/uploads\/sites\/3\/2022\/04\/logo500x500.jpg","width":500,"height":500,"caption":"Just Now News"},"image":{"@id":"https:\/\/now-news.de\/de\/#\/schema\/logo\/image\/"},"sameAs":["https:\/\/www.facebook.com\/wirmachenauf","https:\/\/x.com\/WirMachenAuf_de"]},{"@type":"Person","@id":"https:\/\/now-news.de\/de\/#\/schema\/person\/fb534a4e865501d8b3285208df34a9b5","name":"rtnews","image":{"@type":"ImageObject","inLanguage":"de","@id":"https:\/\/now-news.de\/de\/#\/schema\/person\/image\/","url":"https:\/\/secure.gravatar.com\/avatar\/82aafea7d8127119dd649515f56e2117?s=96&d=mm&r=g","contentUrl":"https:\/\/secure.gravatar.com\/avatar\/82aafea7d8127119dd649515f56e2117?s=96&d=mm&r=g","caption":"rtnews"},"url":"https:\/\/now-news.de\/de\/author\/rnews\/"}]}},"_links":{"self":[{"href":"https:\/\/now-news.de\/de\/wp-json\/wp\/v2\/posts\/93180"}],"collection":[{"href":"https:\/\/now-news.de\/de\/wp-json\/wp\/v2\/posts"}],"about":[{"href":"https:\/\/now-news.de\/de\/wp-json\/wp\/v2\/types\/post"}],"author":[{"embeddable":true,"href":"https:\/\/now-news.de\/de\/wp-json\/wp\/v2\/users\/3"}],"replies":[{"embeddable":true,"href":"https:\/\/now-news.de\/de\/wp-json\/wp\/v2\/comments?post=93180"}],"version-history":[{"count":0,"href":"https:\/\/now-news.de\/de\/wp-json\/wp\/v2\/posts\/93180\/revisions"}],"wp:featuredmedia":[{"embeddable":true,"href":"https:\/\/now-news.de\/de\/wp-json\/wp\/v2\/media\/93181"}],"wp:attachment":[{"href":"https:\/\/now-news.de\/de\/wp-json\/wp\/v2\/media?parent=93180"}],"wp:term":[{"taxonomy":"category","embeddable":true,"href":"https:\/\/now-news.de\/de\/wp-json\/wp\/v2\/categories?post=93180"},{"taxonomy":"post_tag","embeddable":true,"href":"https:\/\/now-news.de\/de\/wp-json\/wp\/v2\/tags?post=93180"}],"curies":[{"name":"wp","href":"https:\/\/api.w.org\/{rel}","templated":true}]}}