{"id":93142,"date":"2025-10-31T14:04:24","date_gmt":"2025-10-31T12:04:24","guid":{"rendered":"https:\/\/now-news.de\/de\/deutschland\/apple-stuerzt-in-china-ab-der-anfang-vom-ende-der-iphone-aera\/"},"modified":"2025-10-31T14:04:24","modified_gmt":"2025-10-31T12:04:24","slug":"apple-stuerzt-in-china-ab-der-anfang-vom-ende-der-iphone-aera","status":"publish","type":"post","link":"https:\/\/now-news.de\/de\/deutschland\/apple-stuerzt-in-china-ab-der-anfang-vom-ende-der-iphone-aera\/","title":{"rendered":"Apple st\u00fcrzt in China ab: Der Anfang vom Ende der iPhone-\u00c4ra"},"content":{"rendered":"<p><img decoding=\"async\" src=\"https:\/\/now-news.de\/de\/wp-content\/uploads\/sites\/3\/2025\/10\/69042fa6b480cc05a95802ef.jpg\" \/><\/p>\n<div class=\"Text-root Text-type_1 \">\n                Apple verliert in China an Bedeutung. Die Ums\u00e4tze sinken, w\u00e4hrend Huawei und andere heimische Marken technologisch und kulturell an Boden gewinnen. Die Wahrnehmung, Apple sei im Bereich KI ins Hintertreffen geraten, versch\u00e4rft die Lage. Der einst wichtigste Wachstumsmarkt droht Apple dauerhaft zu entgleiten.\n            <\/div>\n<p><\/p>\n<div class=\"Text-root Text-type_5 ArticleView-text ViewText-root \">\n<p data-start=\"63\" data-end=\"314\">Apple meldet solide Zahlen und verspricht ein starkes Weihnachtsquartal. Doch hinter den beruhigenden Formulierungen steht ein Problem, das sich nicht mehr verdr\u00e4ngen l\u00e4sst. In China verliert Apple an Strahlkraft \u2013 und das trifft den Konzern ins Mark.<\/p>\n<p data-start=\"316\" data-end=\"620\">Apple erlebt in China eine leichte Abk\u00fchlung. Die Erl\u00f6se im wichtigsten Auslandsmarkt sanken von 15 auf 14,5 Milliarden US-Dollar. Eine scheinbar kleine Abweichung mit deutlicher Signalwirkung. \u00dcber lange Zeit galt das iPhone als Eintrittskarte in eine moderne, erfolgreiche Lebenswelt. Heute hat diese Bedeutung an Kraft verloren.<\/p>\n<p data-start=\"316\" data-end=\"620\">Viele Verbraucher greifen vermehrt zu Herstellern wie Huawei und Xiaomi. Huawei hat sich nach harten Jahren neu aufgestellt und gilt nun als Symbol selbstbewusster Eigenst\u00e4ndigkeit. Ein Huawei zu kaufen, ist f\u00fcr viele K\u00e4ufer Ausdruck von technischer Souver\u00e4nit\u00e4t und nationaler Identit\u00e4t. Apple hingegen wirkt zunehmend wie ein Luxusartikel aus einer vergangenen \u00c4ra.<\/p>\n<p data-start=\"992\" data-end=\"1224\">Zus\u00e4tzlich belasten h\u00f6here Einfuhrabgaben das Gesch\u00e4ft. Allein in diesem Quartal fielen 1,4 Milliarden US-Dollar an zus\u00e4tzlichen Kosten an. F\u00fcr ein Unternehmen, das auf reibungslose Abl\u00e4ufe angewiesen ist, ist das ein direkter D\u00e4mpfer.<\/p>\n<p data-start=\"1226\" data-end=\"1551\">Schwerer wiegt jedoch der Eindruck, Apple habe den Anschluss bei k\u00fcnstlicher Intelligenz verloren. W\u00e4hrend Samsung, Google und Microsoft mit neuen Funktionen und mutigen Konzepten punkten, wartet man bei Apple weiter auf Versprechen, die sp\u00e4ter eingel\u00f6st werden sollen. Die \u00fcberarbeitete Siri-Fassung wurde erneut verschoben.<\/p>\n<p data-start=\"1553\" data-end=\"1647\">Genau in China ist das fatal. Dort entscheidet die Geschwindigkeit, nicht der Ruf von gestern.<\/p>\n<p data-start=\"1649\" data-end=\"1867\">Die iPhone-17-Reihe mag in den USA noch gut laufen. Doch Chinas Wahrnehmung ist entscheidend f\u00fcr Apples Status in der Welt. Wenn dort das iPhone nicht mehr als Leitger\u00e4t gesehen wird, verliert Apple global an Richtung.<\/p>\n<p data-start=\"1869\" data-end=\"1996\">Die Lage wirkt nicht kurzfristig. Sie hat Struktur. Und sie k\u00f6nnte bestimmen, wie Apple in den kommenden Jahren definiert wird.<\/p>\n<p data-start=\"330\" data-end=\"802\">Konzernchef Tim Cook bem\u00fcht sich um eine Position, die sowohl Washington als auch Peking zufriedenstellen soll. In Peking sprach er laut Regierungsangaben \u00fcber zus\u00e4tzliche Investitionen in China. Das Industrieministerium formulierte die Erwartung, Apple m\u00f6ge sich st\u00e4rker in den chinesischen Markt einbringen, den industriellen Aufbruch des Landes aktiv begleiten sowie gemeinsam mit lokalen Firmen neue Impulse setzen. Konkrete Zahlen fehlen bislang. Apple \u00e4u\u00dferte sich nicht.<\/p>\n<p data-start=\"804\" data-end=\"1226\">Der Konzern ist in China tief verankert. Absatz, Produktion, Zuliefernetz \u2013 alles l\u00e4uft seit Jahren \u00fcber das Land. Parallel baut Apple Fertigungsstrukturen in Indien aus, um die Abh\u00e4ngigkeit von chinesischen Standorten zu reduzieren. Cooks Reise f\u00e4llt in eine Phase zunehmender Konkurrenz zwischen den USA und China. Pr\u00e4sident Donald Trump fordert US-Konzerne auf, mehr Kapazit\u00e4ten in die Vereinigten Staaten zu verlagern.<\/p>\n<p data-start=\"1228\" data-end=\"1663\">Apple k\u00fcndigte bereits umfangreiche Investitionen in amerikanische Standorte an. Zugleich kursieren Berichte \u00fcber Pl\u00e4ne, iPhones f\u00fcr den US-Markt k\u00fcnftig in Indien zu fertigen. Indien pr\u00e4sentiert sich als kommende Werkbank Asiens mit junger Bev\u00f6lkerung sowie attraktiven Kostenstrukturen, steht jedoch vor infrastrukturellen H\u00fcrden, die den Ausbau verz\u00f6gern k\u00f6nnten.<\/p>\n<p data-start=\"1665\" data-end=\"1910\" data-is-last-node=\"\" data-is-only-node=\"\">Eine Neuordnung dieser Lieferarchitektur h\u00e4tte Wirkung auf die gesamte Weltwirtschaft. Weitere Unternehmen k\u00f6nnten ihre Abh\u00e4ngigkeit von China neu bewerten. Eine leise, aber weitreichende Verschiebung industrieller Schwerpunkte zeichnet sich ab.<\/p>\n<p data-start=\"1998\" data-end=\"2090\">Wenn China Apple nicht mehr braucht, dann wird auch der Rest der Welt irgendwann nachziehen.<\/p>\n<p data-start=\"1998\" data-end=\"2090\"><strong>Mehr zum Thema \u2012<\/strong>\u00a0<a rel=\"nofollow noopener\" target=\"_blank\" href=\"https:\/\/freedert.online\/russland\/258474-putin-russland-wird-bald-eine-neue-waffe-enthuellen\/\">Putin: Russland wird bald eine neue Waffe enth\u00fcllen<\/a><\/p>\n<div class=\"EmbedBlock-root EmbedBlock-externalVideo EmbedBlock-rumble\">\n<div class=\"VkEmbed\"><iframe class=\"lazyload\" data-src=\"https:\/\/rumble.com\/embed\/v4nf1vf\" frameborder=\"0\" width=\"853\" height=\"480\" allowfullscreen><\/iframe><\/div>\n<\/div>\n<\/div>\n<p><br \/>\n<br \/><a href=\"https:\/\/de.rt.com\/wirtschaft\/260439-apple-stuerzt-in-china-anfang\/\">Source link <\/a><\/p>\n","protected":false},"excerpt":{"rendered":"<p>Apple verliert in China an Bedeutung. Die Ums\u00e4tze sinken, w\u00e4hrend Huawei und andere heimische Marken technologisch und kulturell an Boden gewinnen. Die Wahrnehmung, Apple sei im Bereich KI ins Hintertreffen geraten, versch\u00e4rft die Lage. Der einst wichtigste Wachstumsmarkt droht Apple dauerhaft zu entgleiten. Apple meldet solide Zahlen und verspricht ein starkes Weihnachtsquartal. Doch hinter den [&hellip;]<\/p>\n","protected":false},"author":3,"featured_media":93143,"comment_status":"open","ping_status":"open","sticky":false,"template":"","format":"standard","meta":{"_yoast_indexnow_last_ping":["1761913109"],"wp_automatic_camp":["217"],"8f994916497867e16f79b55fc3bf45c7":["Apple st\u00fcrzt in China ab: Der Anfang vom Ende der iPhone-\u00c4ra"],"original_link":["https:\/\/de.rt.com\/wirtschaft\/260439-apple-stuerzt-in-china-anfang\/"],"_thumbnail_id":["93143"],"jnews_social_counter_last_update":["1776708480"],"_wptgpro_p2tg_sent2tg":["a:1:{i:23737;s:19:\"2025-10-31 14:19:31\";}"]},"categories":[19,23],"tags":[17657,10398,192,82,5375,68834,24847,1010],"yoast_head":"<!-- This site is optimized with the Yoast SEO Premium plugin v22.7 (Yoast SEO v22.7) - https:\/\/yoast.com\/wordpress\/plugins\/seo\/ -->\n<title>Apple st\u00fcrzt in China ab: Der Anfang vom Ende der iPhone-\u00c4ra - just-now.NEWS Deutschland<\/title>\n<meta name=\"robots\" content=\"index, follow, max-snippet:-1, max-image-preview:large, max-video-preview:-1\" \/>\n<link rel=\"canonical\" href=\"https:\/\/now-news.de\/de\/deutschland\/apple-stuerzt-in-china-ab-der-anfang-vom-ende-der-iphone-aera\/\" \/>\n<meta property=\"og:locale\" content=\"de_DE\" \/>\n<meta property=\"og:type\" content=\"article\" \/>\n<meta property=\"og:title\" content=\"Apple st\u00fcrzt in China ab: Der Anfang vom Ende der iPhone-\u00c4ra\" \/>\n<meta property=\"og:description\" content=\"Apple verliert in China an Bedeutung. Die Ums\u00e4tze sinken, w\u00e4hrend Huawei und andere heimische Marken technologisch und kulturell an Boden gewinnen. Die Wahrnehmung, Apple sei im Bereich KI ins Hintertreffen geraten, versch\u00e4rft die Lage. Der einst wichtigste Wachstumsmarkt droht Apple dauerhaft zu entgleiten. Apple meldet solide Zahlen und verspricht ein starkes Weihnachtsquartal. Doch hinter den [&hellip;]\" \/>\n<meta property=\"og:url\" content=\"https:\/\/now-news.de\/de\/deutschland\/apple-stuerzt-in-china-ab-der-anfang-vom-ende-der-iphone-aera\/\" \/>\n<meta property=\"og:site_name\" content=\"just-now.NEWS Deutschland\" \/>\n<meta property=\"article:publisher\" content=\"https:\/\/www.facebook.com\/wirmachenauf\" \/>\n<meta property=\"article:published_time\" content=\"2025-10-31T12:04:24+00:00\" \/>\n<meta property=\"og:image\" content=\"https:\/\/now-news.de\/de\/wp-content\/uploads\/sites\/3\/2025\/10\/69042fa6b480cc05a95802ef.jpg\" \/>\n<meta name=\"author\" content=\"rtnews\" \/>\n<meta name=\"twitter:card\" content=\"summary_large_image\" \/>\n<meta name=\"twitter:creator\" content=\"@WirMachenAuf_de\" \/>\n<meta name=\"twitter:site\" content=\"@WirMachenAuf_de\" \/>\n<meta name=\"twitter:label1\" content=\"Verfasst von\" \/>\n\t<meta name=\"twitter:data1\" content=\"rtnews\" \/>\n\t<meta name=\"twitter:label2\" content=\"Gesch\u00e4tzte Lesezeit\" \/>\n\t<meta name=\"twitter:data2\" content=\"3\u00a0Minuten\" \/>\n<script type=\"application\/ld+json\" class=\"yoast-schema-graph\">{\"@context\":\"https:\/\/schema.org\",\"@graph\":[{\"@type\":\"Article\",\"@id\":\"https:\/\/now-news.de\/de\/deutschland\/apple-stuerzt-in-china-ab-der-anfang-vom-ende-der-iphone-aera\/#article\",\"isPartOf\":{\"@id\":\"https:\/\/now-news.de\/de\/deutschland\/apple-stuerzt-in-china-ab-der-anfang-vom-ende-der-iphone-aera\/\"},\"author\":{\"name\":\"rtnews\",\"@id\":\"https:\/\/now-news.de\/de\/#\/schema\/person\/fb534a4e865501d8b3285208df34a9b5\"},\"headline\":\"Apple st\u00fcrzt in China ab: Der Anfang vom Ende der iPhone-\u00c4ra\",\"datePublished\":\"2025-10-31T12:04:24+00:00\",\"dateModified\":\"2025-10-31T12:04:24+00:00\",\"mainEntityOfPage\":{\"@id\":\"https:\/\/now-news.de\/de\/deutschland\/apple-stuerzt-in-china-ab-der-anfang-vom-ende-der-iphone-aera\/\"},\"wordCount\":609,\"commentCount\":0,\"publisher\":{\"@id\":\"https:\/\/now-news.de\/de\/#organization\"},\"image\":{\"@id\":\"https:\/\/now-news.de\/de\/deutschland\/apple-stuerzt-in-china-ab-der-anfang-vom-ende-der-iphone-aera\/#primaryimage\"},\"thumbnailUrl\":\"https:\/\/now-news.de\/de\/wp-content\/uploads\/sites\/3\/2025\/10\/Apple-stuerzt-in-China-ab-Der-Anfang-vom-Ende-der.jpg\",\"keywords\":[\"Anfang\",\"Apple\",\"China\",\"der\",\"Ende\",\"iPhone\u00c4ra\",\"st\u00fcrzt\",\"vom\"],\"articleSection\":[\"Deutschland\",\"Russland\"],\"inLanguage\":\"de\",\"potentialAction\":[{\"@type\":\"CommentAction\",\"name\":\"Comment\",\"target\":[\"https:\/\/now-news.de\/de\/deutschland\/apple-stuerzt-in-china-ab-der-anfang-vom-ende-der-iphone-aera\/#respond\"]}]},{\"@type\":\"WebPage\",\"@id\":\"https:\/\/now-news.de\/de\/deutschland\/apple-stuerzt-in-china-ab-der-anfang-vom-ende-der-iphone-aera\/\",\"url\":\"https:\/\/now-news.de\/de\/deutschland\/apple-stuerzt-in-china-ab-der-anfang-vom-ende-der-iphone-aera\/\",\"name\":\"Apple st\u00fcrzt in China ab: Der Anfang vom Ende der iPhone-\u00c4ra - just-now.NEWS Deutschland\",\"isPartOf\":{\"@id\":\"https:\/\/now-news.de\/de\/#website\"},\"primaryImageOfPage\":{\"@id\":\"https:\/\/now-news.de\/de\/deutschland\/apple-stuerzt-in-china-ab-der-anfang-vom-ende-der-iphone-aera\/#primaryimage\"},\"image\":{\"@id\":\"https:\/\/now-news.de\/de\/deutschland\/apple-stuerzt-in-china-ab-der-anfang-vom-ende-der-iphone-aera\/#primaryimage\"},\"thumbnailUrl\":\"https:\/\/now-news.de\/de\/wp-content\/uploads\/sites\/3\/2025\/10\/Apple-stuerzt-in-China-ab-Der-Anfang-vom-Ende-der.jpg\",\"datePublished\":\"2025-10-31T12:04:24+00:00\",\"dateModified\":\"2025-10-31T12:04:24+00:00\",\"breadcrumb\":{\"@id\":\"https:\/\/now-news.de\/de\/deutschland\/apple-stuerzt-in-china-ab-der-anfang-vom-ende-der-iphone-aera\/#breadcrumb\"},\"inLanguage\":\"de\",\"potentialAction\":[{\"@type\":\"ReadAction\",\"target\":[\"https:\/\/now-news.de\/de\/deutschland\/apple-stuerzt-in-china-ab-der-anfang-vom-ende-der-iphone-aera\/\"]}]},{\"@type\":\"ImageObject\",\"inLanguage\":\"de\",\"@id\":\"https:\/\/now-news.de\/de\/deutschland\/apple-stuerzt-in-china-ab-der-anfang-vom-ende-der-iphone-aera\/#primaryimage\",\"url\":\"https:\/\/now-news.de\/de\/wp-content\/uploads\/sites\/3\/2025\/10\/Apple-stuerzt-in-China-ab-Der-Anfang-vom-Ende-der.jpg\",\"contentUrl\":\"https:\/\/now-news.de\/de\/wp-content\/uploads\/sites\/3\/2025\/10\/Apple-stuerzt-in-China-ab-Der-Anfang-vom-Ende-der.jpg\",\"width\":460,\"height\":259,\"caption\":\"Apple st\u00fcrzt in China ab: Der Anfang vom Ende der iPhone-\u00c4ra\"},{\"@type\":\"BreadcrumbList\",\"@id\":\"https:\/\/now-news.de\/de\/deutschland\/apple-stuerzt-in-china-ab-der-anfang-vom-ende-der-iphone-aera\/#breadcrumb\",\"itemListElement\":[{\"@type\":\"ListItem\",\"position\":1,\"name\":\"Home\",\"item\":\"https:\/\/now-news.de\/de\/\"},{\"@type\":\"ListItem\",\"position\":2,\"name\":\"Apple st\u00fcrzt in China ab: Der Anfang vom Ende der iPhone-\u00c4ra\"}]},{\"@type\":\"WebSite\",\"@id\":\"https:\/\/now-news.de\/de\/#website\",\"url\":\"https:\/\/now-news.de\/de\/\",\"name\":\"just-now.NEWS Deutschland\",\"description\":\"Das Portal f\u00fcr unzensierte Nachrichten aus der Welt\",\"publisher\":{\"@id\":\"https:\/\/now-news.de\/de\/#organization\"},\"potentialAction\":[{\"@type\":\"SearchAction\",\"target\":{\"@type\":\"EntryPoint\",\"urlTemplate\":\"https:\/\/now-news.de\/de\/?s={search_term_string}\"},\"query-input\":\"required name=search_term_string\"}],\"inLanguage\":\"de\"},{\"@type\":\"Organization\",\"@id\":\"https:\/\/now-news.de\/de\/#organization\",\"name\":\"Just Now News\",\"url\":\"https:\/\/now-news.de\/de\/\",\"logo\":{\"@type\":\"ImageObject\",\"inLanguage\":\"de\",\"@id\":\"https:\/\/now-news.de\/de\/#\/schema\/logo\/image\/\",\"url\":\"http:\/\/just-now.news\/de\/wp-content\/uploads\/sites\/3\/2022\/04\/logo500x500.jpg\",\"contentUrl\":\"http:\/\/just-now.news\/de\/wp-content\/uploads\/sites\/3\/2022\/04\/logo500x500.jpg\",\"width\":500,\"height\":500,\"caption\":\"Just Now News\"},\"image\":{\"@id\":\"https:\/\/now-news.de\/de\/#\/schema\/logo\/image\/\"},\"sameAs\":[\"https:\/\/www.facebook.com\/wirmachenauf\",\"https:\/\/x.com\/WirMachenAuf_de\"]},{\"@type\":\"Person\",\"@id\":\"https:\/\/now-news.de\/de\/#\/schema\/person\/fb534a4e865501d8b3285208df34a9b5\",\"name\":\"rtnews\",\"image\":{\"@type\":\"ImageObject\",\"inLanguage\":\"de\",\"@id\":\"https:\/\/now-news.de\/de\/#\/schema\/person\/image\/\",\"url\":\"https:\/\/secure.gravatar.com\/avatar\/82aafea7d8127119dd649515f56e2117?s=96&d=mm&r=g\",\"contentUrl\":\"https:\/\/secure.gravatar.com\/avatar\/82aafea7d8127119dd649515f56e2117?s=96&d=mm&r=g\",\"caption\":\"rtnews\"},\"url\":\"https:\/\/now-news.de\/de\/author\/rnews\/\"}]}<\/script>\n<!-- \/ Yoast SEO Premium plugin. -->","yoast_head_json":{"title":"Apple st\u00fcrzt in China ab: Der Anfang vom Ende der iPhone-\u00c4ra - just-now.NEWS Deutschland","robots":{"index":"index","follow":"follow","max-snippet":"max-snippet:-1","max-image-preview":"max-image-preview:large","max-video-preview":"max-video-preview:-1"},"canonical":"https:\/\/now-news.de\/de\/deutschland\/apple-stuerzt-in-china-ab-der-anfang-vom-ende-der-iphone-aera\/","og_locale":"de_DE","og_type":"article","og_title":"Apple st\u00fcrzt in China ab: Der Anfang vom Ende der iPhone-\u00c4ra","og_description":"Apple verliert in China an Bedeutung. Die Ums\u00e4tze sinken, w\u00e4hrend Huawei und andere heimische Marken technologisch und kulturell an Boden gewinnen. Die Wahrnehmung, Apple sei im Bereich KI ins Hintertreffen geraten, versch\u00e4rft die Lage. Der einst wichtigste Wachstumsmarkt droht Apple dauerhaft zu entgleiten. Apple meldet solide Zahlen und verspricht ein starkes Weihnachtsquartal. Doch hinter den [&hellip;]","og_url":"https:\/\/now-news.de\/de\/deutschland\/apple-stuerzt-in-china-ab-der-anfang-vom-ende-der-iphone-aera\/","og_site_name":"just-now.NEWS Deutschland","article_publisher":"https:\/\/www.facebook.com\/wirmachenauf","article_published_time":"2025-10-31T12:04:24+00:00","og_image":[{"url":"https:\/\/now-news.de\/de\/wp-content\/uploads\/sites\/3\/2025\/10\/69042fa6b480cc05a95802ef.jpg"}],"author":"rtnews","twitter_card":"summary_large_image","twitter_creator":"@WirMachenAuf_de","twitter_site":"@WirMachenAuf_de","twitter_misc":{"Verfasst von":"rtnews","Gesch\u00e4tzte Lesezeit":"3\u00a0Minuten"},"schema":{"@context":"https:\/\/schema.org","@graph":[{"@type":"Article","@id":"https:\/\/now-news.de\/de\/deutschland\/apple-stuerzt-in-china-ab-der-anfang-vom-ende-der-iphone-aera\/#article","isPartOf":{"@id":"https:\/\/now-news.de\/de\/deutschland\/apple-stuerzt-in-china-ab-der-anfang-vom-ende-der-iphone-aera\/"},"author":{"name":"rtnews","@id":"https:\/\/now-news.de\/de\/#\/schema\/person\/fb534a4e865501d8b3285208df34a9b5"},"headline":"Apple st\u00fcrzt in China ab: Der Anfang vom Ende der iPhone-\u00c4ra","datePublished":"2025-10-31T12:04:24+00:00","dateModified":"2025-10-31T12:04:24+00:00","mainEntityOfPage":{"@id":"https:\/\/now-news.de\/de\/deutschland\/apple-stuerzt-in-china-ab-der-anfang-vom-ende-der-iphone-aera\/"},"wordCount":609,"commentCount":0,"publisher":{"@id":"https:\/\/now-news.de\/de\/#organization"},"image":{"@id":"https:\/\/now-news.de\/de\/deutschland\/apple-stuerzt-in-china-ab-der-anfang-vom-ende-der-iphone-aera\/#primaryimage"},"thumbnailUrl":"https:\/\/now-news.de\/de\/wp-content\/uploads\/sites\/3\/2025\/10\/Apple-stuerzt-in-China-ab-Der-Anfang-vom-Ende-der.jpg","keywords":["Anfang","Apple","China","der","Ende","iPhone\u00c4ra","st\u00fcrzt","vom"],"articleSection":["Deutschland","Russland"],"inLanguage":"de","potentialAction":[{"@type":"CommentAction","name":"Comment","target":["https:\/\/now-news.de\/de\/deutschland\/apple-stuerzt-in-china-ab-der-anfang-vom-ende-der-iphone-aera\/#respond"]}]},{"@type":"WebPage","@id":"https:\/\/now-news.de\/de\/deutschland\/apple-stuerzt-in-china-ab-der-anfang-vom-ende-der-iphone-aera\/","url":"https:\/\/now-news.de\/de\/deutschland\/apple-stuerzt-in-china-ab-der-anfang-vom-ende-der-iphone-aera\/","name":"Apple st\u00fcrzt in China ab: Der Anfang vom Ende der iPhone-\u00c4ra - just-now.NEWS Deutschland","isPartOf":{"@id":"https:\/\/now-news.de\/de\/#website"},"primaryImageOfPage":{"@id":"https:\/\/now-news.de\/de\/deutschland\/apple-stuerzt-in-china-ab-der-anfang-vom-ende-der-iphone-aera\/#primaryimage"},"image":{"@id":"https:\/\/now-news.de\/de\/deutschland\/apple-stuerzt-in-china-ab-der-anfang-vom-ende-der-iphone-aera\/#primaryimage"},"thumbnailUrl":"https:\/\/now-news.de\/de\/wp-content\/uploads\/sites\/3\/2025\/10\/Apple-stuerzt-in-China-ab-Der-Anfang-vom-Ende-der.jpg","datePublished":"2025-10-31T12:04:24+00:00","dateModified":"2025-10-31T12:04:24+00:00","breadcrumb":{"@id":"https:\/\/now-news.de\/de\/deutschland\/apple-stuerzt-in-china-ab-der-anfang-vom-ende-der-iphone-aera\/#breadcrumb"},"inLanguage":"de","potentialAction":[{"@type":"ReadAction","target":["https:\/\/now-news.de\/de\/deutschland\/apple-stuerzt-in-china-ab-der-anfang-vom-ende-der-iphone-aera\/"]}]},{"@type":"ImageObject","inLanguage":"de","@id":"https:\/\/now-news.de\/de\/deutschland\/apple-stuerzt-in-china-ab-der-anfang-vom-ende-der-iphone-aera\/#primaryimage","url":"https:\/\/now-news.de\/de\/wp-content\/uploads\/sites\/3\/2025\/10\/Apple-stuerzt-in-China-ab-Der-Anfang-vom-Ende-der.jpg","contentUrl":"https:\/\/now-news.de\/de\/wp-content\/uploads\/sites\/3\/2025\/10\/Apple-stuerzt-in-China-ab-Der-Anfang-vom-Ende-der.jpg","width":460,"height":259,"caption":"Apple st\u00fcrzt in China ab: Der Anfang vom Ende der iPhone-\u00c4ra"},{"@type":"BreadcrumbList","@id":"https:\/\/now-news.de\/de\/deutschland\/apple-stuerzt-in-china-ab-der-anfang-vom-ende-der-iphone-aera\/#breadcrumb","itemListElement":[{"@type":"ListItem","position":1,"name":"Home","item":"https:\/\/now-news.de\/de\/"},{"@type":"ListItem","position":2,"name":"Apple st\u00fcrzt in China ab: Der Anfang vom Ende der iPhone-\u00c4ra"}]},{"@type":"WebSite","@id":"https:\/\/now-news.de\/de\/#website","url":"https:\/\/now-news.de\/de\/","name":"just-now.NEWS Deutschland","description":"Das Portal f\u00fcr unzensierte Nachrichten aus der Welt","publisher":{"@id":"https:\/\/now-news.de\/de\/#organization"},"potentialAction":[{"@type":"SearchAction","target":{"@type":"EntryPoint","urlTemplate":"https:\/\/now-news.de\/de\/?s={search_term_string}"},"query-input":"required name=search_term_string"}],"inLanguage":"de"},{"@type":"Organization","@id":"https:\/\/now-news.de\/de\/#organization","name":"Just Now News","url":"https:\/\/now-news.de\/de\/","logo":{"@type":"ImageObject","inLanguage":"de","@id":"https:\/\/now-news.de\/de\/#\/schema\/logo\/image\/","url":"http:\/\/just-now.news\/de\/wp-content\/uploads\/sites\/3\/2022\/04\/logo500x500.jpg","contentUrl":"http:\/\/just-now.news\/de\/wp-content\/uploads\/sites\/3\/2022\/04\/logo500x500.jpg","width":500,"height":500,"caption":"Just Now News"},"image":{"@id":"https:\/\/now-news.de\/de\/#\/schema\/logo\/image\/"},"sameAs":["https:\/\/www.facebook.com\/wirmachenauf","https:\/\/x.com\/WirMachenAuf_de"]},{"@type":"Person","@id":"https:\/\/now-news.de\/de\/#\/schema\/person\/fb534a4e865501d8b3285208df34a9b5","name":"rtnews","image":{"@type":"ImageObject","inLanguage":"de","@id":"https:\/\/now-news.de\/de\/#\/schema\/person\/image\/","url":"https:\/\/secure.gravatar.com\/avatar\/82aafea7d8127119dd649515f56e2117?s=96&d=mm&r=g","contentUrl":"https:\/\/secure.gravatar.com\/avatar\/82aafea7d8127119dd649515f56e2117?s=96&d=mm&r=g","caption":"rtnews"},"url":"https:\/\/now-news.de\/de\/author\/rnews\/"}]}},"_links":{"self":[{"href":"https:\/\/now-news.de\/de\/wp-json\/wp\/v2\/posts\/93142"}],"collection":[{"href":"https:\/\/now-news.de\/de\/wp-json\/wp\/v2\/posts"}],"about":[{"href":"https:\/\/now-news.de\/de\/wp-json\/wp\/v2\/types\/post"}],"author":[{"embeddable":true,"href":"https:\/\/now-news.de\/de\/wp-json\/wp\/v2\/users\/3"}],"replies":[{"embeddable":true,"href":"https:\/\/now-news.de\/de\/wp-json\/wp\/v2\/comments?post=93142"}],"version-history":[{"count":0,"href":"https:\/\/now-news.de\/de\/wp-json\/wp\/v2\/posts\/93142\/revisions"}],"wp:featuredmedia":[{"embeddable":true,"href":"https:\/\/now-news.de\/de\/wp-json\/wp\/v2\/media\/93143"}],"wp:attachment":[{"href":"https:\/\/now-news.de\/de\/wp-json\/wp\/v2\/media?parent=93142"}],"wp:term":[{"taxonomy":"category","embeddable":true,"href":"https:\/\/now-news.de\/de\/wp-json\/wp\/v2\/categories?post=93142"},{"taxonomy":"post_tag","embeddable":true,"href":"https:\/\/now-news.de\/de\/wp-json\/wp\/v2\/tags?post=93142"}],"curies":[{"name":"wp","href":"https:\/\/api.w.org\/{rel}","templated":true}]}}