{"id":93114,"date":"2025-10-30T22:02:44","date_gmt":"2025-10-30T20:02:44","guid":{"rendered":"https:\/\/now-news.de\/de\/deutschland\/atombehoerde-bewegungen-in-der-naehe-einer-anlage-zur-lagerung-angereicherten-urans-in-iran\/"},"modified":"2025-10-30T22:02:44","modified_gmt":"2025-10-30T20:02:44","slug":"atombehoerde-bewegungen-in-der-naehe-einer-anlage-zur-lagerung-angereicherten-urans-in-iran","status":"publish","type":"post","link":"https:\/\/now-news.de\/de\/deutschland\/atombehoerde-bewegungen-in-der-naehe-einer-anlage-zur-lagerung-angereicherten-urans-in-iran\/","title":{"rendered":"Atombeh\u00f6rde: Bewegungen in der N\u00e4he einer Anlage zur Lagerung angereicherten Urans in Iran"},"content":{"rendered":"<p><img decoding=\"async\" src=\"https:\/\/now-news.de\/de\/wp-content\/uploads\/sites\/3\/2025\/10\/69036630b480cc54703b71bd.jpg\" \/><\/p>\n<div class=\"Text-root Text-type_1 \">\n                Laut Informationen der Internationalen Atomenergie (IAEA) verf\u00fcgt Iran \u00fcber 400 Kilogramm hochangereichertes Uran mit einer Reinheit von 60 Prozent. Der Gro\u00dfteil des verschwundenen Urans soll sich weiterhin in den von den USA angegriffenen Nuklearanlagen befinden.\n            <\/div>\n<p><\/p>\n<div class=\"Text-root Text-type_5 ArticleView-text ViewText-root \">\n<p>Iran scheint derzeit kein Uran anzureichern, doch wurden k\u00fcrzlich erneute Aktivit\u00e4ten in den Nuklearanlagen des Landes festgestellt, wie der Chef der UN-Atomaufsichtsbeh\u00f6rde, Rafael Grossi, am Mittwoch gegen\u00fcber der Nachrichtenagentur <em>Associated Press<\/em> erkl\u00e4rte.<\/p>\n<p>Grossi, der Generaldirektor der Internationalen Atomenergieorganisation (IAEA), sagte, dass seine Inspektoren keinen vollst\u00e4ndigen Zugang zu den Anlagen h\u00e4tten. \u00dcber Satelliten h\u00e4tten sie jedoch keine Aktivit\u00e4ten feststellen k\u00f6nnen, die darauf hindeuten w\u00fcrden, dass Iran seine Produktion von angereichertem Uran \u00fcber das Niveau hinaus beschleunigt habe, das vor dem zw\u00f6lft\u00e4gigen Krieg mit Israel im Juni erreicht worden sei.<\/p>\n<p>&#8220;Das auf 60 Prozent angereicherte Kernmaterial befindet sich jedoch immer noch in Iran&#8221;, sagte Grossi in einem Interview im UN-Hauptquartier in New York. &#8220;Und das ist einer der Punkte, \u00fcber die wir diskutieren, weil wir dorthin zur\u00fcckkehren und best\u00e4tigen m\u00fcssen, dass das Material noch vorhanden ist und nicht f\u00fcr andere Zwecke abgezweigt wird.&#8221; Er f\u00fcgte hinzu: &#8220;Das ist sehr, sehr wichtig.&#8221;<\/p>\n<p>Grossi sagte jedoch, dass Inspektoren Bewegungen rund um die Standorte beobachtet h\u00e4tten, an denen die Lagerbest\u00e4nde gelagert sind. Ohne zus\u00e4tzlichen Zugang sei die UNO auf Satellitenbilder angewiesen, die nur begrenzt aussagekr\u00e4ftig seien, sagte er.<\/p>\n<p>Dieser Vorrat k\u00f6nne es Iran erm\u00f6glichen, bis zu zehn Atombomben zu bauen, sollte er sich entscheiden, sein Programm zu militarisieren, warnte Grossi. Er f\u00fcgte jedoch hinzu, dass dies nicht bedeute, dass Iran bereits \u00fcber eine solche Waffe verf\u00fcgt.<\/p>\n<p>Iran beharrt seit Langem darauf, dass sein Programm friedlicher Natur sei. Die Atomenergiebeh\u00f6rde der Vereinten Nationen und westliche Staaten behaupten jedoch, dass Teheran bis 2003 ein organisiertes Atomwaffenprogramm hatte. Die iranische Vertretung bei den Vereinten Nationen reagierte nicht sofort auf eine Bitte um Stellungnahme.<\/p>\n<p>Vergangenen Monat unterzeichneten Iran und die IAEA in Kairo ein Abkommen, um den Weg f\u00fcr die Wiederaufnahme der Zusammenarbeit, einschlie\u00dflich der Inspektionen der iranischen Nuklearanlagen, zu ebnen. Dieses wurde jedoch noch nicht umgesetzt. Das Abkommen kam zustande, nachdem iranische Beamte jegliche Zusammenarbeit mit der IAEO ausgesetzt hatten \u2013 im Zuge des Krieges mit Israel, in dem die USA mehrere iranische Nuklearstandorte angegriffen hatten.<\/p>\n<p>Laut Informationen der IAEA verf\u00fcgt Iran \u00fcber 400 Kilogramm hochangereichertes Uran mit einer Reinheit von 60 Prozent. Der Gro\u00dfteil des verschwundenen Urans soll weiterhin in den von den USA angegriffenen Nuklearanlagen in Isfahan und Fordo sowie teilweise auch in Natanz gelagert sein. Iran hat sich bisher nicht bereit erkl\u00e4rt, sein hochangereichertes Uran abzugeben.<\/p>\n<p><strong>Mehr zum Thema<\/strong>\u00a0\u2013\u00a0<a rel=\"nofollow noopener\" target=\"_blank\" href=\"https:\/\/freedert.online\/international\/259422-traeum-weiter-khamenei-widerspricht-donald\/\">&#8220;Tr\u00e4um weiter!&#8221; \u2013 Chamenei widerspricht Donald Trump auf X<\/a><\/p>\n<div class=\"EmbedBlock-root EmbedBlock-externalVideo EmbedBlock-rumble\">\n<div class=\"VkEmbed\"><iframe class=\"lazyload\" data-src=\"https:\/\/rumble.com\/embed\/v6y2o3a\" frameborder=\"0\" width=\"853\" height=\"480\" allowfullscreen><\/iframe><\/div>\n<\/div>\n<\/div>\n<p><br \/>\n<br \/><a href=\"https:\/\/de.rt.com\/der-nahe-osten\/260390-atombehoerde-bewegungen-in-naehe-anlage\/\">Source link <\/a><\/p>\n","protected":false},"excerpt":{"rendered":"<p>Laut Informationen der Internationalen Atomenergie (IAEA) verf\u00fcgt Iran \u00fcber 400 Kilogramm hochangereichertes Uran mit einer Reinheit von 60 Prozent. Der Gro\u00dfteil des verschwundenen Urans soll sich weiterhin in den von den USA angegriffenen Nuklearanlagen befinden. Iran scheint derzeit kein Uran anzureichern, doch wurden k\u00fcrzlich erneute Aktivit\u00e4ten in den Nuklearanlagen des Landes festgestellt, wie der Chef [&hellip;]<\/p>\n","protected":false},"author":3,"featured_media":93115,"comment_status":"open","ping_status":"open","sticky":false,"template":"","format":"standard","meta":{"_yoast_indexnow_last_ping":["1761855271"],"wp_automatic_camp":["217"],"d2a24e510035a989e5245980a3255b9b":["Atombeh\u00f6rde: Bewegungen in der N\u00e4he einer Anlage zur Lagerung angereicherten Urans in Iran"],"original_link":["https:\/\/de.rt.com\/der-nahe-osten\/260390-atombehoerde-bewegungen-in-naehe-anlage\/"],"_thumbnail_id":["93115"],"jnews_social_counter_last_update":["1777409869"],"_wptgpro_p2tg_sent2tg":["a:1:{i:23737;s:19:\"2025-10-30 22:15:31\";}"]},"categories":[19,23],"tags":[66256,23767,51967,23760,82,212,1786,29396,1817,66257,581],"yoast_head":"<!-- This site is optimized with the Yoast SEO Premium plugin v22.7 (Yoast SEO v22.7) - https:\/\/yoast.com\/wordpress\/plugins\/seo\/ -->\n<title>Atombeh\u00f6rde: Bewegungen in der N\u00e4he einer Anlage zur Lagerung angereicherten Urans in Iran - just-now.NEWS Deutschland<\/title>\n<meta name=\"robots\" content=\"index, follow, max-snippet:-1, max-image-preview:large, max-video-preview:-1\" \/>\n<link rel=\"canonical\" href=\"https:\/\/now-news.de\/de\/deutschland\/atombehoerde-bewegungen-in-der-naehe-einer-anlage-zur-lagerung-angereicherten-urans-in-iran\/\" \/>\n<meta property=\"og:locale\" content=\"de_DE\" \/>\n<meta property=\"og:type\" content=\"article\" \/>\n<meta property=\"og:title\" content=\"Atombeh\u00f6rde: Bewegungen in der N\u00e4he einer Anlage zur Lagerung angereicherten Urans in Iran\" \/>\n<meta property=\"og:description\" content=\"Laut Informationen der Internationalen Atomenergie (IAEA) verf\u00fcgt Iran \u00fcber 400 Kilogramm hochangereichertes Uran mit einer Reinheit von 60 Prozent. Der Gro\u00dfteil des verschwundenen Urans soll sich weiterhin in den von den USA angegriffenen Nuklearanlagen befinden. Iran scheint derzeit kein Uran anzureichern, doch wurden k\u00fcrzlich erneute Aktivit\u00e4ten in den Nuklearanlagen des Landes festgestellt, wie der Chef [&hellip;]\" \/>\n<meta property=\"og:url\" content=\"https:\/\/now-news.de\/de\/deutschland\/atombehoerde-bewegungen-in-der-naehe-einer-anlage-zur-lagerung-angereicherten-urans-in-iran\/\" \/>\n<meta property=\"og:site_name\" content=\"just-now.NEWS Deutschland\" \/>\n<meta property=\"article:publisher\" content=\"https:\/\/www.facebook.com\/wirmachenauf\" \/>\n<meta property=\"article:published_time\" content=\"2025-10-30T20:02:44+00:00\" \/>\n<meta property=\"og:image\" content=\"https:\/\/now-news.de\/de\/wp-content\/uploads\/sites\/3\/2025\/10\/69036630b480cc54703b71bd.jpg\" \/>\n<meta name=\"author\" content=\"rtnews\" \/>\n<meta name=\"twitter:card\" content=\"summary_large_image\" \/>\n<meta name=\"twitter:creator\" content=\"@WirMachenAuf_de\" \/>\n<meta name=\"twitter:site\" content=\"@WirMachenAuf_de\" \/>\n<meta name=\"twitter:label1\" content=\"Verfasst von\" \/>\n\t<meta name=\"twitter:data1\" content=\"rtnews\" \/>\n\t<meta name=\"twitter:label2\" content=\"Gesch\u00e4tzte Lesezeit\" \/>\n\t<meta name=\"twitter:data2\" content=\"2\u00a0Minuten\" \/>\n<script type=\"application\/ld+json\" class=\"yoast-schema-graph\">{\"@context\":\"https:\/\/schema.org\",\"@graph\":[{\"@type\":\"Article\",\"@id\":\"https:\/\/now-news.de\/de\/deutschland\/atombehoerde-bewegungen-in-der-naehe-einer-anlage-zur-lagerung-angereicherten-urans-in-iran\/#article\",\"isPartOf\":{\"@id\":\"https:\/\/now-news.de\/de\/deutschland\/atombehoerde-bewegungen-in-der-naehe-einer-anlage-zur-lagerung-angereicherten-urans-in-iran\/\"},\"author\":{\"name\":\"rtnews\",\"@id\":\"https:\/\/now-news.de\/de\/#\/schema\/person\/fb534a4e865501d8b3285208df34a9b5\"},\"headline\":\"Atombeh\u00f6rde: Bewegungen in der N\u00e4he einer Anlage zur Lagerung angereicherten Urans in Iran\",\"datePublished\":\"2025-10-30T20:02:44+00:00\",\"dateModified\":\"2025-10-30T20:02:44+00:00\",\"mainEntityOfPage\":{\"@id\":\"https:\/\/now-news.de\/de\/deutschland\/atombehoerde-bewegungen-in-der-naehe-einer-anlage-zur-lagerung-angereicherten-urans-in-iran\/\"},\"wordCount\":473,\"commentCount\":0,\"publisher\":{\"@id\":\"https:\/\/now-news.de\/de\/#organization\"},\"image\":{\"@id\":\"https:\/\/now-news.de\/de\/deutschland\/atombehoerde-bewegungen-in-der-naehe-einer-anlage-zur-lagerung-angereicherten-urans-in-iran\/#primaryimage\"},\"thumbnailUrl\":\"https:\/\/now-news.de\/de\/wp-content\/uploads\/sites\/3\/2025\/10\/Atombehoerde-Bewegungen-in-der-Naehe-einer-Anlage-zur-Lagerung-angereicherten.jpg\",\"keywords\":[\"angereicherten\",\"Anlage\",\"Atombeh\u00f6rde\",\"Bewegungen\",\"der\",\"einer\",\"Iran\",\"Lagerung\",\"nahe\",\"Urans\",\"zur\"],\"articleSection\":[\"Deutschland\",\"Russland\"],\"inLanguage\":\"de\",\"potentialAction\":[{\"@type\":\"CommentAction\",\"name\":\"Comment\",\"target\":[\"https:\/\/now-news.de\/de\/deutschland\/atombehoerde-bewegungen-in-der-naehe-einer-anlage-zur-lagerung-angereicherten-urans-in-iran\/#respond\"]}]},{\"@type\":\"WebPage\",\"@id\":\"https:\/\/now-news.de\/de\/deutschland\/atombehoerde-bewegungen-in-der-naehe-einer-anlage-zur-lagerung-angereicherten-urans-in-iran\/\",\"url\":\"https:\/\/now-news.de\/de\/deutschland\/atombehoerde-bewegungen-in-der-naehe-einer-anlage-zur-lagerung-angereicherten-urans-in-iran\/\",\"name\":\"Atombeh\u00f6rde: Bewegungen in der N\u00e4he einer Anlage zur Lagerung angereicherten Urans in Iran - just-now.NEWS Deutschland\",\"isPartOf\":{\"@id\":\"https:\/\/now-news.de\/de\/#website\"},\"primaryImageOfPage\":{\"@id\":\"https:\/\/now-news.de\/de\/deutschland\/atombehoerde-bewegungen-in-der-naehe-einer-anlage-zur-lagerung-angereicherten-urans-in-iran\/#primaryimage\"},\"image\":{\"@id\":\"https:\/\/now-news.de\/de\/deutschland\/atombehoerde-bewegungen-in-der-naehe-einer-anlage-zur-lagerung-angereicherten-urans-in-iran\/#primaryimage\"},\"thumbnailUrl\":\"https:\/\/now-news.de\/de\/wp-content\/uploads\/sites\/3\/2025\/10\/Atombehoerde-Bewegungen-in-der-Naehe-einer-Anlage-zur-Lagerung-angereicherten.jpg\",\"datePublished\":\"2025-10-30T20:02:44+00:00\",\"dateModified\":\"2025-10-30T20:02:44+00:00\",\"breadcrumb\":{\"@id\":\"https:\/\/now-news.de\/de\/deutschland\/atombehoerde-bewegungen-in-der-naehe-einer-anlage-zur-lagerung-angereicherten-urans-in-iran\/#breadcrumb\"},\"inLanguage\":\"de\",\"potentialAction\":[{\"@type\":\"ReadAction\",\"target\":[\"https:\/\/now-news.de\/de\/deutschland\/atombehoerde-bewegungen-in-der-naehe-einer-anlage-zur-lagerung-angereicherten-urans-in-iran\/\"]}]},{\"@type\":\"ImageObject\",\"inLanguage\":\"de\",\"@id\":\"https:\/\/now-news.de\/de\/deutschland\/atombehoerde-bewegungen-in-der-naehe-einer-anlage-zur-lagerung-angereicherten-urans-in-iran\/#primaryimage\",\"url\":\"https:\/\/now-news.de\/de\/wp-content\/uploads\/sites\/3\/2025\/10\/Atombehoerde-Bewegungen-in-der-Naehe-einer-Anlage-zur-Lagerung-angereicherten.jpg\",\"contentUrl\":\"https:\/\/now-news.de\/de\/wp-content\/uploads\/sites\/3\/2025\/10\/Atombehoerde-Bewegungen-in-der-Naehe-einer-Anlage-zur-Lagerung-angereicherten.jpg\",\"width\":460,\"height\":259,\"caption\":\"Atombeh\u00f6rde: Bewegungen in der N\u00e4he einer Anlage zur Lagerung angereicherten Urans in Iran\"},{\"@type\":\"BreadcrumbList\",\"@id\":\"https:\/\/now-news.de\/de\/deutschland\/atombehoerde-bewegungen-in-der-naehe-einer-anlage-zur-lagerung-angereicherten-urans-in-iran\/#breadcrumb\",\"itemListElement\":[{\"@type\":\"ListItem\",\"position\":1,\"name\":\"Home\",\"item\":\"https:\/\/now-news.de\/de\/\"},{\"@type\":\"ListItem\",\"position\":2,\"name\":\"Atombeh\u00f6rde: Bewegungen in der N\u00e4he einer Anlage zur Lagerung angereicherten Urans in Iran\"}]},{\"@type\":\"WebSite\",\"@id\":\"https:\/\/now-news.de\/de\/#website\",\"url\":\"https:\/\/now-news.de\/de\/\",\"name\":\"just-now.NEWS Deutschland\",\"description\":\"Das Portal f\u00fcr unzensierte Nachrichten aus der Welt\",\"publisher\":{\"@id\":\"https:\/\/now-news.de\/de\/#organization\"},\"potentialAction\":[{\"@type\":\"SearchAction\",\"target\":{\"@type\":\"EntryPoint\",\"urlTemplate\":\"https:\/\/now-news.de\/de\/?s={search_term_string}\"},\"query-input\":\"required name=search_term_string\"}],\"inLanguage\":\"de\"},{\"@type\":\"Organization\",\"@id\":\"https:\/\/now-news.de\/de\/#organization\",\"name\":\"Just Now News\",\"url\":\"https:\/\/now-news.de\/de\/\",\"logo\":{\"@type\":\"ImageObject\",\"inLanguage\":\"de\",\"@id\":\"https:\/\/now-news.de\/de\/#\/schema\/logo\/image\/\",\"url\":\"http:\/\/just-now.news\/de\/wp-content\/uploads\/sites\/3\/2022\/04\/logo500x500.jpg\",\"contentUrl\":\"http:\/\/just-now.news\/de\/wp-content\/uploads\/sites\/3\/2022\/04\/logo500x500.jpg\",\"width\":500,\"height\":500,\"caption\":\"Just Now News\"},\"image\":{\"@id\":\"https:\/\/now-news.de\/de\/#\/schema\/logo\/image\/\"},\"sameAs\":[\"https:\/\/www.facebook.com\/wirmachenauf\",\"https:\/\/x.com\/WirMachenAuf_de\"]},{\"@type\":\"Person\",\"@id\":\"https:\/\/now-news.de\/de\/#\/schema\/person\/fb534a4e865501d8b3285208df34a9b5\",\"name\":\"rtnews\",\"image\":{\"@type\":\"ImageObject\",\"inLanguage\":\"de\",\"@id\":\"https:\/\/now-news.de\/de\/#\/schema\/person\/image\/\",\"url\":\"https:\/\/secure.gravatar.com\/avatar\/82aafea7d8127119dd649515f56e2117?s=96&d=mm&r=g\",\"contentUrl\":\"https:\/\/secure.gravatar.com\/avatar\/82aafea7d8127119dd649515f56e2117?s=96&d=mm&r=g\",\"caption\":\"rtnews\"},\"url\":\"https:\/\/now-news.de\/de\/author\/rnews\/\"}]}<\/script>\n<!-- \/ Yoast SEO Premium plugin. -->","yoast_head_json":{"title":"Atombeh\u00f6rde: Bewegungen in der N\u00e4he einer Anlage zur Lagerung angereicherten Urans in Iran - just-now.NEWS Deutschland","robots":{"index":"index","follow":"follow","max-snippet":"max-snippet:-1","max-image-preview":"max-image-preview:large","max-video-preview":"max-video-preview:-1"},"canonical":"https:\/\/now-news.de\/de\/deutschland\/atombehoerde-bewegungen-in-der-naehe-einer-anlage-zur-lagerung-angereicherten-urans-in-iran\/","og_locale":"de_DE","og_type":"article","og_title":"Atombeh\u00f6rde: Bewegungen in der N\u00e4he einer Anlage zur Lagerung angereicherten Urans in Iran","og_description":"Laut Informationen der Internationalen Atomenergie (IAEA) verf\u00fcgt Iran \u00fcber 400 Kilogramm hochangereichertes Uran mit einer Reinheit von 60 Prozent. Der Gro\u00dfteil des verschwundenen Urans soll sich weiterhin in den von den USA angegriffenen Nuklearanlagen befinden. Iran scheint derzeit kein Uran anzureichern, doch wurden k\u00fcrzlich erneute Aktivit\u00e4ten in den Nuklearanlagen des Landes festgestellt, wie der Chef [&hellip;]","og_url":"https:\/\/now-news.de\/de\/deutschland\/atombehoerde-bewegungen-in-der-naehe-einer-anlage-zur-lagerung-angereicherten-urans-in-iran\/","og_site_name":"just-now.NEWS Deutschland","article_publisher":"https:\/\/www.facebook.com\/wirmachenauf","article_published_time":"2025-10-30T20:02:44+00:00","og_image":[{"url":"https:\/\/now-news.de\/de\/wp-content\/uploads\/sites\/3\/2025\/10\/69036630b480cc54703b71bd.jpg"}],"author":"rtnews","twitter_card":"summary_large_image","twitter_creator":"@WirMachenAuf_de","twitter_site":"@WirMachenAuf_de","twitter_misc":{"Verfasst von":"rtnews","Gesch\u00e4tzte Lesezeit":"2\u00a0Minuten"},"schema":{"@context":"https:\/\/schema.org","@graph":[{"@type":"Article","@id":"https:\/\/now-news.de\/de\/deutschland\/atombehoerde-bewegungen-in-der-naehe-einer-anlage-zur-lagerung-angereicherten-urans-in-iran\/#article","isPartOf":{"@id":"https:\/\/now-news.de\/de\/deutschland\/atombehoerde-bewegungen-in-der-naehe-einer-anlage-zur-lagerung-angereicherten-urans-in-iran\/"},"author":{"name":"rtnews","@id":"https:\/\/now-news.de\/de\/#\/schema\/person\/fb534a4e865501d8b3285208df34a9b5"},"headline":"Atombeh\u00f6rde: Bewegungen in der N\u00e4he einer Anlage zur Lagerung angereicherten Urans in Iran","datePublished":"2025-10-30T20:02:44+00:00","dateModified":"2025-10-30T20:02:44+00:00","mainEntityOfPage":{"@id":"https:\/\/now-news.de\/de\/deutschland\/atombehoerde-bewegungen-in-der-naehe-einer-anlage-zur-lagerung-angereicherten-urans-in-iran\/"},"wordCount":473,"commentCount":0,"publisher":{"@id":"https:\/\/now-news.de\/de\/#organization"},"image":{"@id":"https:\/\/now-news.de\/de\/deutschland\/atombehoerde-bewegungen-in-der-naehe-einer-anlage-zur-lagerung-angereicherten-urans-in-iran\/#primaryimage"},"thumbnailUrl":"https:\/\/now-news.de\/de\/wp-content\/uploads\/sites\/3\/2025\/10\/Atombehoerde-Bewegungen-in-der-Naehe-einer-Anlage-zur-Lagerung-angereicherten.jpg","keywords":["angereicherten","Anlage","Atombeh\u00f6rde","Bewegungen","der","einer","Iran","Lagerung","nahe","Urans","zur"],"articleSection":["Deutschland","Russland"],"inLanguage":"de","potentialAction":[{"@type":"CommentAction","name":"Comment","target":["https:\/\/now-news.de\/de\/deutschland\/atombehoerde-bewegungen-in-der-naehe-einer-anlage-zur-lagerung-angereicherten-urans-in-iran\/#respond"]}]},{"@type":"WebPage","@id":"https:\/\/now-news.de\/de\/deutschland\/atombehoerde-bewegungen-in-der-naehe-einer-anlage-zur-lagerung-angereicherten-urans-in-iran\/","url":"https:\/\/now-news.de\/de\/deutschland\/atombehoerde-bewegungen-in-der-naehe-einer-anlage-zur-lagerung-angereicherten-urans-in-iran\/","name":"Atombeh\u00f6rde: Bewegungen in der N\u00e4he einer Anlage zur Lagerung angereicherten Urans in Iran - just-now.NEWS Deutschland","isPartOf":{"@id":"https:\/\/now-news.de\/de\/#website"},"primaryImageOfPage":{"@id":"https:\/\/now-news.de\/de\/deutschland\/atombehoerde-bewegungen-in-der-naehe-einer-anlage-zur-lagerung-angereicherten-urans-in-iran\/#primaryimage"},"image":{"@id":"https:\/\/now-news.de\/de\/deutschland\/atombehoerde-bewegungen-in-der-naehe-einer-anlage-zur-lagerung-angereicherten-urans-in-iran\/#primaryimage"},"thumbnailUrl":"https:\/\/now-news.de\/de\/wp-content\/uploads\/sites\/3\/2025\/10\/Atombehoerde-Bewegungen-in-der-Naehe-einer-Anlage-zur-Lagerung-angereicherten.jpg","datePublished":"2025-10-30T20:02:44+00:00","dateModified":"2025-10-30T20:02:44+00:00","breadcrumb":{"@id":"https:\/\/now-news.de\/de\/deutschland\/atombehoerde-bewegungen-in-der-naehe-einer-anlage-zur-lagerung-angereicherten-urans-in-iran\/#breadcrumb"},"inLanguage":"de","potentialAction":[{"@type":"ReadAction","target":["https:\/\/now-news.de\/de\/deutschland\/atombehoerde-bewegungen-in-der-naehe-einer-anlage-zur-lagerung-angereicherten-urans-in-iran\/"]}]},{"@type":"ImageObject","inLanguage":"de","@id":"https:\/\/now-news.de\/de\/deutschland\/atombehoerde-bewegungen-in-der-naehe-einer-anlage-zur-lagerung-angereicherten-urans-in-iran\/#primaryimage","url":"https:\/\/now-news.de\/de\/wp-content\/uploads\/sites\/3\/2025\/10\/Atombehoerde-Bewegungen-in-der-Naehe-einer-Anlage-zur-Lagerung-angereicherten.jpg","contentUrl":"https:\/\/now-news.de\/de\/wp-content\/uploads\/sites\/3\/2025\/10\/Atombehoerde-Bewegungen-in-der-Naehe-einer-Anlage-zur-Lagerung-angereicherten.jpg","width":460,"height":259,"caption":"Atombeh\u00f6rde: Bewegungen in der N\u00e4he einer Anlage zur Lagerung angereicherten Urans in Iran"},{"@type":"BreadcrumbList","@id":"https:\/\/now-news.de\/de\/deutschland\/atombehoerde-bewegungen-in-der-naehe-einer-anlage-zur-lagerung-angereicherten-urans-in-iran\/#breadcrumb","itemListElement":[{"@type":"ListItem","position":1,"name":"Home","item":"https:\/\/now-news.de\/de\/"},{"@type":"ListItem","position":2,"name":"Atombeh\u00f6rde: Bewegungen in der N\u00e4he einer Anlage zur Lagerung angereicherten Urans in Iran"}]},{"@type":"WebSite","@id":"https:\/\/now-news.de\/de\/#website","url":"https:\/\/now-news.de\/de\/","name":"just-now.NEWS Deutschland","description":"Das Portal f\u00fcr unzensierte Nachrichten aus der Welt","publisher":{"@id":"https:\/\/now-news.de\/de\/#organization"},"potentialAction":[{"@type":"SearchAction","target":{"@type":"EntryPoint","urlTemplate":"https:\/\/now-news.de\/de\/?s={search_term_string}"},"query-input":"required name=search_term_string"}],"inLanguage":"de"},{"@type":"Organization","@id":"https:\/\/now-news.de\/de\/#organization","name":"Just Now News","url":"https:\/\/now-news.de\/de\/","logo":{"@type":"ImageObject","inLanguage":"de","@id":"https:\/\/now-news.de\/de\/#\/schema\/logo\/image\/","url":"http:\/\/just-now.news\/de\/wp-content\/uploads\/sites\/3\/2022\/04\/logo500x500.jpg","contentUrl":"http:\/\/just-now.news\/de\/wp-content\/uploads\/sites\/3\/2022\/04\/logo500x500.jpg","width":500,"height":500,"caption":"Just Now News"},"image":{"@id":"https:\/\/now-news.de\/de\/#\/schema\/logo\/image\/"},"sameAs":["https:\/\/www.facebook.com\/wirmachenauf","https:\/\/x.com\/WirMachenAuf_de"]},{"@type":"Person","@id":"https:\/\/now-news.de\/de\/#\/schema\/person\/fb534a4e865501d8b3285208df34a9b5","name":"rtnews","image":{"@type":"ImageObject","inLanguage":"de","@id":"https:\/\/now-news.de\/de\/#\/schema\/person\/image\/","url":"https:\/\/secure.gravatar.com\/avatar\/82aafea7d8127119dd649515f56e2117?s=96&d=mm&r=g","contentUrl":"https:\/\/secure.gravatar.com\/avatar\/82aafea7d8127119dd649515f56e2117?s=96&d=mm&r=g","caption":"rtnews"},"url":"https:\/\/now-news.de\/de\/author\/rnews\/"}]}},"_links":{"self":[{"href":"https:\/\/now-news.de\/de\/wp-json\/wp\/v2\/posts\/93114"}],"collection":[{"href":"https:\/\/now-news.de\/de\/wp-json\/wp\/v2\/posts"}],"about":[{"href":"https:\/\/now-news.de\/de\/wp-json\/wp\/v2\/types\/post"}],"author":[{"embeddable":true,"href":"https:\/\/now-news.de\/de\/wp-json\/wp\/v2\/users\/3"}],"replies":[{"embeddable":true,"href":"https:\/\/now-news.de\/de\/wp-json\/wp\/v2\/comments?post=93114"}],"version-history":[{"count":0,"href":"https:\/\/now-news.de\/de\/wp-json\/wp\/v2\/posts\/93114\/revisions"}],"wp:featuredmedia":[{"embeddable":true,"href":"https:\/\/now-news.de\/de\/wp-json\/wp\/v2\/media\/93115"}],"wp:attachment":[{"href":"https:\/\/now-news.de\/de\/wp-json\/wp\/v2\/media?parent=93114"}],"wp:term":[{"taxonomy":"category","embeddable":true,"href":"https:\/\/now-news.de\/de\/wp-json\/wp\/v2\/categories?post=93114"},{"taxonomy":"post_tag","embeddable":true,"href":"https:\/\/now-news.de\/de\/wp-json\/wp\/v2\/tags?post=93114"}],"curies":[{"name":"wp","href":"https:\/\/api.w.org\/{rel}","templated":true}]}}