{"id":93110,"date":"2025-10-30T21:30:32","date_gmt":"2025-10-30T19:30:32","guid":{"rendered":"https:\/\/now-news.de\/de\/deutschland\/causa-jurassica-parka-%e2%80%92-der-dragqueen-paedophilie-skandal-aus-der-hauptstadt\/"},"modified":"2025-10-30T21:30:32","modified_gmt":"2025-10-30T19:30:32","slug":"causa-jurassica-parka-%e2%80%92-der-dragqueen-paedophilie-skandal-aus-der-hauptstadt","status":"publish","type":"post","link":"https:\/\/now-news.de\/de\/deutschland\/causa-jurassica-parka-%e2%80%92-der-dragqueen-paedophilie-skandal-aus-der-hauptstadt\/","title":{"rendered":"Causa Jurassica Parka \u2012 Der &quot;Dragqueen&quot;-P\u00e4dophilie-Skandal aus der Hauptstadt"},"content":{"rendered":"<p><img decoding=\"async\" src=\"https:\/\/now-news.de\/de\/wp-content\/uploads\/sites\/3\/2025\/10\/69033d90b480cc5289407bd4.JPG\" \/><\/p>\n<div class=\"Text-root Text-type_1 \">\n                Ein Artikel in einem Szenemagazin der Berliner &#8220;Queer-Community&#8221; sorgt f\u00fcr Irritationen, Entsetzen, Emp\u00f6rung bis hin zu einem politischen Skandal. Ein 46-j\u00e4hriger Mann, medial bekannt als &#8220;Dragqueen Jurassica Parka&#8221;, entpuppt sich als vorbestrafter P\u00e4dophiler. \u00d6RR-Medien, Politik und prominente Weggef\u00e4hrten schweigen.\n            <\/div>\n<p><\/p>\n<div class=\"Text-root Text-type_5 ArticleView-text ViewText-root \">\n<p><em>Eine Analyse des RT-Teams<\/em><\/p>\n<p>Der sich kontinuierlich aufbauende P\u00e4dophilie-Skandal in der &#8220;bunten, diversen Hauptstadt&#8221;, so CDU-B\u00fcrgermeister Kai Wegner bewerbend, besch\u00e4ftigt nicht nur die Medien und die Gesellschaft, sondern mit jedem Tag mehr auch\u00a0das Regierungsviertel. Am 23. Oktober konnten Leser in dem &#8220;Szenemagazin&#8221; Siegess\u00e4ule erfahren, dass einer der schillerndsten Protagonisten der &#8220;Drag-Szene&#8221;, Mario O. aka Jurassica Parka, ein vorbestrafter P\u00e4dophiler ist. Einen Tag sp\u00e4ter startete\u00a0das reichweitenstarke Reichelt-Projekt <em>Nius <\/em>eine andauernde<em>\u00a0<\/em>Artikelserie zur Causa, die die engen Kontakte von O. bis ins Regierungsviertel beleuchten und aufdecken. Eine Woche nach Bekanntwerden des Skandals pr\u00e4sentiert das <em>Manager Magazin, <\/em>zur<em> Spiegel<\/em>-Gruppe <a rel=\"nofollow noopener\" target=\"_blank\" href=\"https:\/\/gruppe.spiegel.de\/medien-und-marken\/marken\/harvard-business-manager\">geh\u00f6rend<\/a>, unbeeindruckt ein wohlwollendes Portr\u00e4t des vorbestraften Mannes.<\/p>\n<p>Ausgangspunkt der\u00a0Causa Jurassica Parka ist ein <a rel=\"nofollow noopener\" target=\"_blank\" href=\"https:\/\/www.siegessaeule.de\/magazin\/ermittlungen-gegen-jurassica-parka-bereits-2023-wegen-kinderpornographie-rechtskraeftig-verurteilt\/\">Artikel<\/a> im <em>Siegess\u00e4ule<\/em>-Magazin. Der Artikel kl\u00e4rt zur unbekannten Seite des Mario O. auf:<\/p>\n<p><em>&#8220;Die Berliner Dragqueen Jurassica Parka steht im Zentrum eines Verdachtsfalls wegen Besitzes und Verbreitung kinderpornografischen Materials. Nach exklusiven Informationen von SIEGESS\u00c4ULE wurde die K\u00fcnstlerin bereits 2023 in einem \u00e4hnlichen Fall verurteilt. Die lokale LGBTIQ*-Community und Spielst\u00e4tten ziehen erste Konsequenzen.&#8221;\u00a0<\/em><\/p>\n<p>O. wurde wegen &#8220;Verbreitung kinderpornografischer Schriften&#8221; zu einer Geldstrafe von 160 Tagess\u00e4tzen zu je 70 Euro verurteilt, dabei beschuldigt &#8220;am 24.11.2021 Dateien mit kinderpornografischem Inhalt in einem sozialen Netzwerk hochgeladen bzw. verbreitet zu haben&#8221;.<\/p>\n<p>Einen Tag sp\u00e4ter\u00a0beginnt das Portal <em>Nius\u00a0<\/em>eine Artikelserie zur Causa, um am 24. Oktober in einem mit reichhaltigen Archivbildern best\u00fcckten <a rel=\"nofollow noopener\" target=\"_blank\" href=\"https:\/\/www.nius.de\/politik\/news\/warum-wusste-niemand-mario-o-verurteilter-kinderporno-straftaeter\/6a68be24-c8a5-4e13-aa7b-9818aa9bd9c3\">Beitrag<\/a> festzustellen:<\/p>\n<p><em>&#8220;Alle sa\u00dfen sie bei ihm auf dem Sofa: von Jan B\u00f6hmermann \u00fcber Heidi Reichinnek bis Ricarda Lang. Mit allen arbeitete er zusammen: Familienministerium, NGOs. \u00dcberall war er zu Gast: ZDF bis\u00a0rbb. Nun kam heraus: Schon seit 2023 ist Mario O., auch bekannt unter dem Travestie-Namen &#8216;Jurassica Parka&#8217;, wegen der Verbreitung kinderpornografischer Schriften verurteilt.\u00a0Wie kann es sein, dass der linke Politik-, Medien- und Kulturbetrieb davon nichts wusste? Warum verlangten Veranstalter von &#8216;Kinderlesestunden&#8217; mit ihm kein polizeiliches F\u00fchrungszeugnis?&#8221;<\/em><\/p>\n<p>&#8220;Kinderlesestunden&#8221; bezieht sich hierbei auf die senatsgef\u00f6rderte &#8220;Sonderveranstaltung <a rel=\"nofollow noopener\" target=\"_blank\" href=\"https:\/\/www.bgbm.org\/de\/queens-flowers-2025-0\">Queens &amp; Flowers<\/a>\u00a02025&#8243; im Botanischen Garten. Die anvisierte &#8220;Zielgruppe&#8221;\u00a0sind &#8220;Erwachsene, Familien &amp; Kinder&#8221;. O. war dabei als geladene &#8220;Dragqueen&#8221; im Vorjahr vor Ort.\u00a0Der Berliner Senat f\u00f6rdert die Veranstaltung mit 40.000 Euro Steuergeld. Die <em>Nius<\/em>-Redaktion <a rel=\"nofollow noopener\" target=\"_blank\" href=\"https:\/\/www.nius.de\/gesellschaft\/news\/berlins-queerbeauftragter-pantisano-ueber-drag-show-fuer-kinder-da-ist-nichts-sexuelles-dabei-das-ist-alles-in-eurem-kopf\/bf372558-aefd-4038-a690-71eb08b1444b\">versuchte<\/a> dabei in diesem Jahr von vor Ort zu berichten, wurde jedoch daran gehindert. Der anwesende &#8220;Queerbeauftragte&#8221; Berlins, Alfonso Pantisano (SPD), Bruder des Linken-<a rel=\"nofollow noopener\" target=\"_blank\" href=\"https:\/\/www.bundestag.de\/abgeordnete\/biografien\/P\/pantisano_luigi-1046476\">Bundestagsabgeordneten<\/a> Luigi Pantisano, emp\u00f6rte sich zu Fragen \u00fcber &#8220;Drag-Shows f\u00fcr Kinder&#8221; mit der Feststellung:<\/p>\n<p><em>&#8220;Da ist nichts Sexuelles dabei, das ist alles in eurem Kopf&#8221;<\/em>\u00a0<\/p>\n<p>Die <em>Nius<\/em>-Mitarbeiter erhielten final gegen\u00fcber den <em>rbb<\/em>-Kollegen keine Erlaubnis f\u00fcr Dreharbeiten. Der Skandal wurde anf\u00e4nglich rein \u00fcber die sozialen und alternativen Medien beleuchtet. Am 29. Oktober hei\u00dft es dann bei der <em>Berliner Zeitung <\/em>(Bezahlschranke):<\/p>\n<p><em>&#8220;Kinderpornografie &#8211; Erstes Missbrauchs-Urteil gegen Dragqueen schon vor Jahren: Wie der Fall Jurassica Parka Berlins Politik in Erkl\u00e4rungsnot bringt. Mario O. trat als Dragqueen Jurassica Parka mit Kai Wegner und Franziska Giffey auf. Jetzt kommt heraus, dass der K\u00fcnstler bereits 2023 wegen des Verbreitens von Kinderpornografie verurteilt wurde. Wie kann das sein?&#8221;<\/em><\/p>\n<p>Am selben Tag hei\u00dft es in einem <em>FAZ<\/em>-Artikel (Bezahlschranke):<\/p>\n<p><em>&#8220;Vorw\u00fcrfe gegen Dragqueen wegen Verbreitung von Kinderpornografie.\u00a0Gegen die Dragqueen Jurassica Parka l\u00e4uft ein Ermittlungsverfahren. Kulturinstitutionen beenden Kooperationen, das ZDF nimmt eine Folge mit Jan B\u00f6hmermann offline.&#8221;<\/em><\/p>\n<p>Diese Information bezieht sich auf das B\u00f6hmermann-Format &#8220;B\u00f6hmi bruzzelt&#8221;, in dem Mario O. zu Gast war. Eine aussagekr\u00e4ftige Beitragssequenz, auch zum Thema &#8220;B\u00fccher vorlesen&#8221;, aus der gel\u00f6schten Ausgabe findet sich auf X:<\/p>\n<div class=\"EmbedBlock-root EmbedBlock-twitter\">\n<div class=\"TwitterEmbed\">\n<blockquote class=\"twitter-tweet lazyload\" data-twitter=\"twitter-tweet\" data-media-max-width=\"560\">\n<p lang=\"de\" dir=\"ltr\">Von der ZDF Seite gel\u00f6scht, hier das Video von Jan B\u00f6hmermann mit Jurassica Parka archiviert. <a rel=\"nofollow noopener\" target=\"_blank\" href=\"https:\/\/twitter.com\/hashtag\/OerrBlog?src=hash&amp;ref_src=twsrc%5Etfw\">#OerrBlog<\/a><a rel=\"nofollow noopener\" target=\"_blank\" href=\"https:\/\/t.co\/bUgFvSTeMx\">pic.twitter.com\/bUgFvSTeMx<\/a><\/p>\n<p>\u2014 \u00d6RR Blog. (@OERRBlog) <a rel=\"nofollow noopener\" target=\"_blank\" href=\"https:\/\/twitter.com\/OERRBlog\/status\/1983278718182457400?ref_src=twsrc%5Etfw\">October 28, 2025<\/a><\/p><\/blockquote>\n<\/div>\n<\/div>\n<p>Die Rundfunkanstalt antwortete der <em>FAZ<\/em>-Redaktion auf Fragen zur Person Mario O.:<\/p>\n<p><em>&#8220;Dem ZDF waren die Vorw\u00fcrfe zum Zeitpunkt der Produktion und Ausstrahlung nicht bekannt.&#8221;<\/em><\/p>\n<p>Das jetzt bekannt gewordene Urteil sei erst gefallen, &#8220;nachdem die Sendung im Juni aufgezeichnet und im August 2023 ausgestrahlt worden war&#8221;. Bis zum 28. Oktober 2025 konnte die Folge noch in der <em>ZDF<\/em>-Mediathek und auf YouTube angesehen werden. Beide Beitr\u00e4ge wurde dann gel\u00f6scht.\u00a0<\/p>\n<p><em>Der Spiegel<\/em> entscheidet sich ebenfalls am 29. Oktober zur Berichterstattung, um einleitend vorab zu kommentieren (Bezahlschranke):<\/p>\n<p><em>&#8220;Verdacht auf Verbreitung von Kinderpornografie:\u00a0Was \u00fcber die Vorw\u00fcrfe gegen eine Berliner Dragqueen bekannt ist &#8230; schon einmal wurde sie deshalb verurteilt. Rechte Kommentatoren nutzen das f\u00fcr queerfeindliche Propaganda.&#8221;<\/em><\/p>\n<p>Das &#8220;queerfeindliche&#8221; Portal <em>Nius<\/em> konnte mittlerweile recherchieren, dass Mario O. auf Steuerzahlerkosten in das ferne Japan reisen durfte. Unterst\u00fctzt, nicht kontrolliert und protegiert vom Ausw\u00e4rtigen Amt. Dazu hei\u00dft es in einem erneut mit Beweisbildern best\u00fcckten <a rel=\"nofollow noopener\" target=\"_blank\" href=\"https:\/\/www.nius.de\/politik\/news\/auswaertige-amt-6000-euro-kinderporno-tokio\/fece7e9d-013f-4350-8e86-f6ae17ddf853\">Beitrag<\/a>:<\/p>\n<p><em>&#8220;Ausw\u00e4rtiges Amt zahlte 6.000 Euro, um verurteilten Kinderporno-Straft\u00e4ter nach Tokio zu fliegen, damit er auf &#8216;Rainbow Pride&#8217; Jugendliche schminkt.&#8221;<\/em><\/p>\n<p>Zu den nachweislichen Realit\u00e4ten hei\u00dft es weiter:<\/p>\n<p><em>&#8220;Zusammen mit Mitarbeitern der Deutschen Botschaft nahm O. als &#8216;Jurassica Parka&#8217; an der Parade der &#8216;Pride&#8217; teil. O. und die Mitarbeiter liefen im Block der Europ\u00e4ischen Union. Der Botschafter der EU in Japan, Jean-Eric Paquet, machte ein Video mit O.&#8221;<\/em><\/p>\n<p>Neben dem Ausw\u00e4rtigen Amt hatte O. nachweislich auch\u00a0direkten Kontakt in das\u00a0Bundesfamilienministerium zu Zeiten der Ampel. Nun hei\u00dft es aus dem BMBFSFJ:<\/p>\n<p><em>&#8220;Das BMBFSFJ wurde durch Medienberichte darauf aufmerksam, dass Mario O., alias &#8220;Jurassica Parka\u201c, vorbestraft ist wegen Besitz\/Verbreitung von kinderpornografischem Material. Kinder und Jugendliche m\u00fcssen sicher sein vor sexualisierter Gewalt.&#8221;<\/em><\/p>\n<div class=\"EmbedBlock-root EmbedBlock-twitter\">\n<div class=\"TwitterEmbed\">\n<blockquote class=\"twitter-tweet lazyload\" data-twitter=\"twitter-tweet\">\n<p lang=\"zxx\" dir=\"ltr\"><a rel=\"nofollow noopener\" target=\"_blank\" href=\"https:\/\/t.co\/LXSHVoI5En\">pic.twitter.com\/LXSHVoI5En<\/a><\/p>\n<p>\u2014 Argo Nerd (@argonerd) <a rel=\"nofollow noopener\" target=\"_blank\" href=\"https:\/\/twitter.com\/argonerd\/status\/1983162674474299625?ref_src=twsrc%5Etfw\">October 28, 2025<\/a><\/p><\/blockquote>\n<\/div>\n<\/div>\n<p>Das Ministerium h\u00e4tte in der vergangenen Wahlperiode &#8220;mit O. am CSD 2024 in den sozialen Netzwerken zusammengearbeitet&#8221;, so die <a rel=\"nofollow noopener\" target=\"_blank\" href=\"https:\/\/x.com\/BMBFSFJ\/status\/1982824492209725823?ref_src=twsrc%5Etfw%7Ctwcamp%5Etweetembed%7Ctwterm%5E1982824492209725823%7Ctwgr%5E188d121a2bd715f43abab9e4be260b97747d7b0a%7Ctwcon%5Es1_&amp;ref_url=https%3A%2F%2Fwww.bz-berlin.de%2Fberlin%2Fkinderpornografie-dragqueen-parka\">X-Information<\/a>. Von dieser Zusammenarbeit mit O. w\u00fcrde sich nun das BMBFSFJ w\u00f6rtlich &#8220;entschieden distanzieren, ein entsprechendes Video wurde auf allen Kan\u00e4len gel\u00f6scht&#8221;.<\/p>\n<p>&#8220;Prominente&#8221; Freunde aus der ersten Liga von Film, Funk und Fernsehen haben sich bis dato noch nicht zu der Causa \u00f6ffentlich ge\u00e4u\u00dfert. Eine Stellungnahme oder Kommentierung zur Causa seitens der aktuellen &#8220;<a rel=\"nofollow noopener\" target=\"_blank\" href=\"https:\/\/www.spd-fraktion-sachsen.de\/queerbeauftragte\/\">Queerbeauftragten<\/a>&#8221; Sophie Koch (SPD) in der Gro\u00dfen Koalition steht noch aus. Am 16. Juli hie\u00df es in einer <a rel=\"nofollow noopener\" target=\"_blank\" href=\"https:\/\/berliner-lokalnachrichten.de\/kultur\/variet\/benefizgala-gemeinsam-bunt-im-theater-des-westens\/44222\/\">Meldung<\/a> der <em>Berliner Lokalnachrichten<\/em>:<\/p>\n<p><em>&#8220;Am Abend des 14. Juli 2025 fand unter der Schirmherrschaft von Peter Plate und Ulf Leo Sommer, der k\u00fcnstlerischen Leitung des Theaters des Westens, Katrin L\u00fcck, Gleichstellungsbeauftragte des Bezirksamts Charlottenburg-Wilmersdorf, sowie Dr. Barbara Slowik Meisel, Polizeipr\u00e4sidentin von Berlin, eine Benefizveranstaltung im Zeichen von Vielfalt, Solidarit\u00e4t und gesellschaftlichem Zusammenhalt statt.&#8221;<\/em><\/p>\n<p>Das Programm wurde unter anderem von &#8220;Jurassica Parka moderiert&#8221;.<\/p>\n<p>In einer aktuellen Stellungnahme auf Instagram am 23. Oktober, inzwischen auf Privat gestellt, erkl\u00e4rt sich O. zu den Dynamiken, ohne auf die Verurteilung aus dem Jahr 2023 einzugehen. Er spricht von &#8220;Alkoholsucht&#8221; und einer &#8220;Zeit voller Abst\u00fcrze&#8221;. Er habe &#8220;zeitweise komplett die Kontrolle verloren&#8221;, um dann zu erkl\u00e4ren: &#8220;Es gibt ein Ermittlungsverfahren wegen eines mutma\u00dflichen Onlinevergehens.&#8221; Weitere Details nannte er nicht.<\/p>\n<p>In der aktuellen November-Ausgabe des <em>Manager-Magazins<\/em> findet sich ein wohlwollendes Interview mit O. und seinem &#8220;Dragqueen-Dasein&#8221;. Der Online-Artikel wurde mittlerweile offline genommen. So hei\u00dft es:<\/p>\n<p><em>&#8220;Identit\u00e4t: Wenn sie (sic) als Dragqueen auftritt, zeigt Jurassica Park ganz neue Facetten ihrer Pers\u00f6nlichkeit. Im Interview erkl\u00e4rt sie, was ihre Verwandlung f\u00fcr sie bedeutet.&#8221;<\/em><\/p>\n<div class=\"EmbedBlock-root EmbedBlock-twitter\">\n<div class=\"TwitterEmbed\">\n<blockquote class=\"twitter-tweet lazyload\" data-twitter=\"twitter-tweet\">\n<p lang=\"de\" dir=\"ltr\">\u2066<a rel=\"nofollow noopener\" target=\"_blank\" href=\"https:\/\/twitter.com\/harvard_biz?ref_src=twsrc%5Etfw\">@harvard_biz<\/a>\u2069 ist das Euer Ernst, dass ihr Jurassica Parka in der aktuellen Ausgabe promotet? Ist der Verdacht der Kinderpornographie auch schon bei Euch angekommen? <a rel=\"nofollow noopener\" target=\"_blank\" href=\"https:\/\/t.co\/gyQ1xkWSOl\">pic.twitter.com\/gyQ1xkWSOl<\/a><\/p>\n<p>\u2014 Ingo Weber (@IngoW) <a rel=\"nofollow noopener\" target=\"_blank\" href=\"https:\/\/twitter.com\/IngoW\/status\/1983553590565220813?ref_src=twsrc%5Etfw\">October 29, 2025<\/a><\/p><\/blockquote>\n<\/div>\n<\/div>\n<p>O. <a rel=\"nofollow noopener\" target=\"_blank\" href=\"https:\/\/www.queer.de\/detail.php?article_id=55614\">verlor<\/a> mittlerweile alle laufenden Vertr\u00e4ge zu regelm\u00e4\u00dfigen Auftritten und Verpflichtungen. Institutionen, Veranstalter und queere Wegbegleiter distanzieren sich mit dem Verweis auf &#8220;Werte der Weltoffenheit, Diversit\u00e4t, Toleranz und Menschenfreundlichkeit&#8221;, dies als rechtfertigende &#8220;Grundhaltungen, die einer solchen Tat diametral entgegenstehen&#8221;.<\/p>\n<p><strong>Mehr zum Thema\u00a0<\/strong>\u2013<strong>\u00a0<\/strong><a rel=\"nofollow noopener\" target=\"_blank\" href=\"https:\/\/freedert.online\/meinung\/257158-warum-hofiert-berliner-senat-viel\/\">Warum hofiert der Berliner Senat den viel kritisierten ZDF-Clown Jan B\u00f6hmermann?<\/a><\/p>\n<div class=\"EmbedBlock-root EmbedBlock-externalVideo EmbedBlock-rumble\">\n<div class=\"VkEmbed\"><iframe class=\"lazyload\" data-src=\"https:\/\/rumble.com\/embed\/v6xw0sc\" frameborder=\"0\" width=\"853\" height=\"480\" allowfullscreen><\/iframe><\/div>\n<\/div>\n<\/div>\n<p><script async src=\"https:\/\/platform.twitter.com\/widgets.js\" charset=\"utf-8\"><\/script><br \/>\n<br \/><br \/>\n<br \/><a href=\"https:\/\/de.rt.com\/inland\/260361-causa-jurassica-parka-dragqueen-skandal\/\">Source link <\/a><\/p>\n","protected":false},"excerpt":{"rendered":"<p>Ein Artikel in einem Szenemagazin der Berliner &#8220;Queer-Community&#8221; sorgt f\u00fcr Irritationen, Entsetzen, Emp\u00f6rung bis hin zu einem politischen Skandal. Ein 46-j\u00e4hriger Mann, medial bekannt als &#8220;Dragqueen Jurassica Parka&#8221;, entpuppt sich als vorbestrafter P\u00e4dophiler. \u00d6RR-Medien, Politik und prominente Weggef\u00e4hrten schweigen. Eine Analyse des RT-Teams Der sich kontinuierlich aufbauende P\u00e4dophilie-Skandal in der &#8220;bunten, diversen Hauptstadt&#8221;, so CDU-B\u00fcrgermeister [&hellip;]<\/p>\n","protected":false},"author":3,"featured_media":93111,"comment_status":"open","ping_status":"open","sticky":false,"template":"","format":"standard","meta":{"_yoast_indexnow_last_ping":["1761853350"],"wp_automatic_camp":["217"],"67e554430f39afc549d7a910e4c64175":["Causa Jurassica Parka \u2012 Der &quot;Dragqueen&quot;-P\u00e4dophilie-Skandal aus der Hauptstadt"],"original_link":["https:\/\/de.rt.com\/inland\/260361-causa-jurassica-parka-dragqueen-skandal\/"],"_thumbnail_id":["93111"],"jnews_social_counter_last_update":["1777486596"],"_wptgpro_p2tg_sent2tg":["a:1:{i:23737;s:19:\"2025-10-30 21:43:49\";}"]},"categories":[19,23],"tags":[679,30383,82,19693,68818,68819,68820],"yoast_head":"<!-- This site is optimized with the Yoast SEO Premium plugin v22.7 (Yoast SEO v22.7) - https:\/\/yoast.com\/wordpress\/plugins\/seo\/ -->\n<title>Causa Jurassica Parka \u2012 Der &quot;Dragqueen&quot;-P\u00e4dophilie-Skandal aus der Hauptstadt - just-now.NEWS Deutschland<\/title>\n<meta name=\"robots\" content=\"index, follow, max-snippet:-1, max-image-preview:large, max-video-preview:-1\" \/>\n<link rel=\"canonical\" href=\"https:\/\/now-news.de\/de\/deutschland\/causa-jurassica-parka-\u2012-der-dragqueen-paedophilie-skandal-aus-der-hauptstadt\/\" \/>\n<meta property=\"og:locale\" content=\"de_DE\" \/>\n<meta property=\"og:type\" content=\"article\" \/>\n<meta property=\"og:title\" content=\"Causa Jurassica Parka \u2012 Der &quot;Dragqueen&quot;-P\u00e4dophilie-Skandal aus der Hauptstadt\" \/>\n<meta property=\"og:description\" content=\"Ein Artikel in einem Szenemagazin der Berliner &#8220;Queer-Community&#8221; sorgt f\u00fcr Irritationen, Entsetzen, Emp\u00f6rung bis hin zu einem politischen Skandal. Ein 46-j\u00e4hriger Mann, medial bekannt als &#8220;Dragqueen Jurassica Parka&#8221;, entpuppt sich als vorbestrafter P\u00e4dophiler. \u00d6RR-Medien, Politik und prominente Weggef\u00e4hrten schweigen. Eine Analyse des RT-Teams Der sich kontinuierlich aufbauende P\u00e4dophilie-Skandal in der &#8220;bunten, diversen Hauptstadt&#8221;, so CDU-B\u00fcrgermeister [&hellip;]\" \/>\n<meta property=\"og:url\" content=\"https:\/\/now-news.de\/de\/deutschland\/causa-jurassica-parka-\u2012-der-dragqueen-paedophilie-skandal-aus-der-hauptstadt\/\" \/>\n<meta property=\"og:site_name\" content=\"just-now.NEWS Deutschland\" \/>\n<meta property=\"article:publisher\" content=\"https:\/\/www.facebook.com\/wirmachenauf\" \/>\n<meta property=\"article:published_time\" content=\"2025-10-30T19:30:32+00:00\" \/>\n<meta property=\"og:image\" content=\"https:\/\/now-news.de\/de\/wp-content\/uploads\/sites\/3\/2025\/10\/69033d90b480cc5289407bd4.JPG\" \/>\n<meta name=\"author\" content=\"rtnews\" \/>\n<meta name=\"twitter:card\" content=\"summary_large_image\" \/>\n<meta name=\"twitter:creator\" content=\"@WirMachenAuf_de\" \/>\n<meta name=\"twitter:site\" content=\"@WirMachenAuf_de\" \/>\n<meta name=\"twitter:label1\" content=\"Verfasst von\" \/>\n\t<meta name=\"twitter:data1\" content=\"rtnews\" \/>\n\t<meta name=\"twitter:label2\" content=\"Gesch\u00e4tzte Lesezeit\" \/>\n\t<meta name=\"twitter:data2\" content=\"7\u00a0Minuten\" \/>\n<script type=\"application\/ld+json\" class=\"yoast-schema-graph\">{\"@context\":\"https:\/\/schema.org\",\"@graph\":[{\"@type\":\"Article\",\"@id\":\"https:\/\/now-news.de\/de\/deutschland\/causa-jurassica-parka-%e2%80%92-der-dragqueen-paedophilie-skandal-aus-der-hauptstadt\/#article\",\"isPartOf\":{\"@id\":\"https:\/\/now-news.de\/de\/deutschland\/causa-jurassica-parka-%e2%80%92-der-dragqueen-paedophilie-skandal-aus-der-hauptstadt\/\"},\"author\":{\"name\":\"rtnews\",\"@id\":\"https:\/\/now-news.de\/de\/#\/schema\/person\/fb534a4e865501d8b3285208df34a9b5\"},\"headline\":\"Causa Jurassica Parka \u2012 Der &quot;Dragqueen&quot;-P\u00e4dophilie-Skandal aus der Hauptstadt\",\"datePublished\":\"2025-10-30T19:30:32+00:00\",\"dateModified\":\"2025-10-30T19:30:32+00:00\",\"mainEntityOfPage\":{\"@id\":\"https:\/\/now-news.de\/de\/deutschland\/causa-jurassica-parka-%e2%80%92-der-dragqueen-paedophilie-skandal-aus-der-hauptstadt\/\"},\"wordCount\":1317,\"commentCount\":0,\"publisher\":{\"@id\":\"https:\/\/now-news.de\/de\/#organization\"},\"image\":{\"@id\":\"https:\/\/now-news.de\/de\/deutschland\/causa-jurassica-parka-%e2%80%92-der-dragqueen-paedophilie-skandal-aus-der-hauptstadt\/#primaryimage\"},\"thumbnailUrl\":\"https:\/\/now-news.de\/de\/wp-content\/uploads\/sites\/3\/2025\/10\/Causa-Jurassica-Parka-\u2012-Der-quotDragqueenquot-Paedophilie-Skandal-aus-der-Hauptstadt.JPG\",\"keywords\":[\"aus\",\"Causa\",\"der\",\"Hauptstadt\",\"Jurassica\",\"Parka\",\"quotDragqueenquotP\u00e4dophilieSkandal\"],\"articleSection\":[\"Deutschland\",\"Russland\"],\"inLanguage\":\"de\",\"potentialAction\":[{\"@type\":\"CommentAction\",\"name\":\"Comment\",\"target\":[\"https:\/\/now-news.de\/de\/deutschland\/causa-jurassica-parka-%e2%80%92-der-dragqueen-paedophilie-skandal-aus-der-hauptstadt\/#respond\"]}]},{\"@type\":\"WebPage\",\"@id\":\"https:\/\/now-news.de\/de\/deutschland\/causa-jurassica-parka-%e2%80%92-der-dragqueen-paedophilie-skandal-aus-der-hauptstadt\/\",\"url\":\"https:\/\/now-news.de\/de\/deutschland\/causa-jurassica-parka-%e2%80%92-der-dragqueen-paedophilie-skandal-aus-der-hauptstadt\/\",\"name\":\"Causa Jurassica Parka \u2012 Der &quot;Dragqueen&quot;-P\u00e4dophilie-Skandal aus der Hauptstadt - just-now.NEWS Deutschland\",\"isPartOf\":{\"@id\":\"https:\/\/now-news.de\/de\/#website\"},\"primaryImageOfPage\":{\"@id\":\"https:\/\/now-news.de\/de\/deutschland\/causa-jurassica-parka-%e2%80%92-der-dragqueen-paedophilie-skandal-aus-der-hauptstadt\/#primaryimage\"},\"image\":{\"@id\":\"https:\/\/now-news.de\/de\/deutschland\/causa-jurassica-parka-%e2%80%92-der-dragqueen-paedophilie-skandal-aus-der-hauptstadt\/#primaryimage\"},\"thumbnailUrl\":\"https:\/\/now-news.de\/de\/wp-content\/uploads\/sites\/3\/2025\/10\/Causa-Jurassica-Parka-\u2012-Der-quotDragqueenquot-Paedophilie-Skandal-aus-der-Hauptstadt.JPG\",\"datePublished\":\"2025-10-30T19:30:32+00:00\",\"dateModified\":\"2025-10-30T19:30:32+00:00\",\"breadcrumb\":{\"@id\":\"https:\/\/now-news.de\/de\/deutschland\/causa-jurassica-parka-%e2%80%92-der-dragqueen-paedophilie-skandal-aus-der-hauptstadt\/#breadcrumb\"},\"inLanguage\":\"de\",\"potentialAction\":[{\"@type\":\"ReadAction\",\"target\":[\"https:\/\/now-news.de\/de\/deutschland\/causa-jurassica-parka-%e2%80%92-der-dragqueen-paedophilie-skandal-aus-der-hauptstadt\/\"]}]},{\"@type\":\"ImageObject\",\"inLanguage\":\"de\",\"@id\":\"https:\/\/now-news.de\/de\/deutschland\/causa-jurassica-parka-%e2%80%92-der-dragqueen-paedophilie-skandal-aus-der-hauptstadt\/#primaryimage\",\"url\":\"https:\/\/now-news.de\/de\/wp-content\/uploads\/sites\/3\/2025\/10\/Causa-Jurassica-Parka-\u2012-Der-quotDragqueenquot-Paedophilie-Skandal-aus-der-Hauptstadt.JPG\",\"contentUrl\":\"https:\/\/now-news.de\/de\/wp-content\/uploads\/sites\/3\/2025\/10\/Causa-Jurassica-Parka-\u2012-Der-quotDragqueenquot-Paedophilie-Skandal-aus-der-Hauptstadt.JPG\",\"width\":460,\"height\":259,\"caption\":\"Causa Jurassica Parka \u2012 Der &quot;Dragqueen&quot;-P\u00e4dophilie-Skandal aus der Hauptstadt\"},{\"@type\":\"BreadcrumbList\",\"@id\":\"https:\/\/now-news.de\/de\/deutschland\/causa-jurassica-parka-%e2%80%92-der-dragqueen-paedophilie-skandal-aus-der-hauptstadt\/#breadcrumb\",\"itemListElement\":[{\"@type\":\"ListItem\",\"position\":1,\"name\":\"Home\",\"item\":\"https:\/\/now-news.de\/de\/\"},{\"@type\":\"ListItem\",\"position\":2,\"name\":\"Causa Jurassica Parka \u2012 Der &quot;Dragqueen&quot;-P\u00e4dophilie-Skandal aus der Hauptstadt\"}]},{\"@type\":\"WebSite\",\"@id\":\"https:\/\/now-news.de\/de\/#website\",\"url\":\"https:\/\/now-news.de\/de\/\",\"name\":\"just-now.NEWS Deutschland\",\"description\":\"Das Portal f\u00fcr unzensierte Nachrichten aus der Welt\",\"publisher\":{\"@id\":\"https:\/\/now-news.de\/de\/#organization\"},\"potentialAction\":[{\"@type\":\"SearchAction\",\"target\":{\"@type\":\"EntryPoint\",\"urlTemplate\":\"https:\/\/now-news.de\/de\/?s={search_term_string}\"},\"query-input\":\"required name=search_term_string\"}],\"inLanguage\":\"de\"},{\"@type\":\"Organization\",\"@id\":\"https:\/\/now-news.de\/de\/#organization\",\"name\":\"Just Now News\",\"url\":\"https:\/\/now-news.de\/de\/\",\"logo\":{\"@type\":\"ImageObject\",\"inLanguage\":\"de\",\"@id\":\"https:\/\/now-news.de\/de\/#\/schema\/logo\/image\/\",\"url\":\"http:\/\/just-now.news\/de\/wp-content\/uploads\/sites\/3\/2022\/04\/logo500x500.jpg\",\"contentUrl\":\"http:\/\/just-now.news\/de\/wp-content\/uploads\/sites\/3\/2022\/04\/logo500x500.jpg\",\"width\":500,\"height\":500,\"caption\":\"Just Now News\"},\"image\":{\"@id\":\"https:\/\/now-news.de\/de\/#\/schema\/logo\/image\/\"},\"sameAs\":[\"https:\/\/www.facebook.com\/wirmachenauf\",\"https:\/\/x.com\/WirMachenAuf_de\"]},{\"@type\":\"Person\",\"@id\":\"https:\/\/now-news.de\/de\/#\/schema\/person\/fb534a4e865501d8b3285208df34a9b5\",\"name\":\"rtnews\",\"image\":{\"@type\":\"ImageObject\",\"inLanguage\":\"de\",\"@id\":\"https:\/\/now-news.de\/de\/#\/schema\/person\/image\/\",\"url\":\"https:\/\/secure.gravatar.com\/avatar\/82aafea7d8127119dd649515f56e2117?s=96&d=mm&r=g\",\"contentUrl\":\"https:\/\/secure.gravatar.com\/avatar\/82aafea7d8127119dd649515f56e2117?s=96&d=mm&r=g\",\"caption\":\"rtnews\"},\"url\":\"https:\/\/now-news.de\/de\/author\/rnews\/\"}]}<\/script>\n<!-- \/ Yoast SEO Premium plugin. -->","yoast_head_json":{"title":"Causa Jurassica Parka \u2012 Der &quot;Dragqueen&quot;-P\u00e4dophilie-Skandal aus der Hauptstadt - just-now.NEWS Deutschland","robots":{"index":"index","follow":"follow","max-snippet":"max-snippet:-1","max-image-preview":"max-image-preview:large","max-video-preview":"max-video-preview:-1"},"canonical":"https:\/\/now-news.de\/de\/deutschland\/causa-jurassica-parka-\u2012-der-dragqueen-paedophilie-skandal-aus-der-hauptstadt\/","og_locale":"de_DE","og_type":"article","og_title":"Causa Jurassica Parka \u2012 Der &quot;Dragqueen&quot;-P\u00e4dophilie-Skandal aus der Hauptstadt","og_description":"Ein Artikel in einem Szenemagazin der Berliner &#8220;Queer-Community&#8221; sorgt f\u00fcr Irritationen, Entsetzen, Emp\u00f6rung bis hin zu einem politischen Skandal. Ein 46-j\u00e4hriger Mann, medial bekannt als &#8220;Dragqueen Jurassica Parka&#8221;, entpuppt sich als vorbestrafter P\u00e4dophiler. \u00d6RR-Medien, Politik und prominente Weggef\u00e4hrten schweigen. Eine Analyse des RT-Teams Der sich kontinuierlich aufbauende P\u00e4dophilie-Skandal in der &#8220;bunten, diversen Hauptstadt&#8221;, so CDU-B\u00fcrgermeister [&hellip;]","og_url":"https:\/\/now-news.de\/de\/deutschland\/causa-jurassica-parka-\u2012-der-dragqueen-paedophilie-skandal-aus-der-hauptstadt\/","og_site_name":"just-now.NEWS Deutschland","article_publisher":"https:\/\/www.facebook.com\/wirmachenauf","article_published_time":"2025-10-30T19:30:32+00:00","og_image":[{"url":"https:\/\/now-news.de\/de\/wp-content\/uploads\/sites\/3\/2025\/10\/69033d90b480cc5289407bd4.JPG"}],"author":"rtnews","twitter_card":"summary_large_image","twitter_creator":"@WirMachenAuf_de","twitter_site":"@WirMachenAuf_de","twitter_misc":{"Verfasst von":"rtnews","Gesch\u00e4tzte Lesezeit":"7\u00a0Minuten"},"schema":{"@context":"https:\/\/schema.org","@graph":[{"@type":"Article","@id":"https:\/\/now-news.de\/de\/deutschland\/causa-jurassica-parka-%e2%80%92-der-dragqueen-paedophilie-skandal-aus-der-hauptstadt\/#article","isPartOf":{"@id":"https:\/\/now-news.de\/de\/deutschland\/causa-jurassica-parka-%e2%80%92-der-dragqueen-paedophilie-skandal-aus-der-hauptstadt\/"},"author":{"name":"rtnews","@id":"https:\/\/now-news.de\/de\/#\/schema\/person\/fb534a4e865501d8b3285208df34a9b5"},"headline":"Causa Jurassica Parka \u2012 Der &quot;Dragqueen&quot;-P\u00e4dophilie-Skandal aus der Hauptstadt","datePublished":"2025-10-30T19:30:32+00:00","dateModified":"2025-10-30T19:30:32+00:00","mainEntityOfPage":{"@id":"https:\/\/now-news.de\/de\/deutschland\/causa-jurassica-parka-%e2%80%92-der-dragqueen-paedophilie-skandal-aus-der-hauptstadt\/"},"wordCount":1317,"commentCount":0,"publisher":{"@id":"https:\/\/now-news.de\/de\/#organization"},"image":{"@id":"https:\/\/now-news.de\/de\/deutschland\/causa-jurassica-parka-%e2%80%92-der-dragqueen-paedophilie-skandal-aus-der-hauptstadt\/#primaryimage"},"thumbnailUrl":"https:\/\/now-news.de\/de\/wp-content\/uploads\/sites\/3\/2025\/10\/Causa-Jurassica-Parka-\u2012-Der-quotDragqueenquot-Paedophilie-Skandal-aus-der-Hauptstadt.JPG","keywords":["aus","Causa","der","Hauptstadt","Jurassica","Parka","quotDragqueenquotP\u00e4dophilieSkandal"],"articleSection":["Deutschland","Russland"],"inLanguage":"de","potentialAction":[{"@type":"CommentAction","name":"Comment","target":["https:\/\/now-news.de\/de\/deutschland\/causa-jurassica-parka-%e2%80%92-der-dragqueen-paedophilie-skandal-aus-der-hauptstadt\/#respond"]}]},{"@type":"WebPage","@id":"https:\/\/now-news.de\/de\/deutschland\/causa-jurassica-parka-%e2%80%92-der-dragqueen-paedophilie-skandal-aus-der-hauptstadt\/","url":"https:\/\/now-news.de\/de\/deutschland\/causa-jurassica-parka-%e2%80%92-der-dragqueen-paedophilie-skandal-aus-der-hauptstadt\/","name":"Causa Jurassica Parka \u2012 Der &quot;Dragqueen&quot;-P\u00e4dophilie-Skandal aus der Hauptstadt - just-now.NEWS Deutschland","isPartOf":{"@id":"https:\/\/now-news.de\/de\/#website"},"primaryImageOfPage":{"@id":"https:\/\/now-news.de\/de\/deutschland\/causa-jurassica-parka-%e2%80%92-der-dragqueen-paedophilie-skandal-aus-der-hauptstadt\/#primaryimage"},"image":{"@id":"https:\/\/now-news.de\/de\/deutschland\/causa-jurassica-parka-%e2%80%92-der-dragqueen-paedophilie-skandal-aus-der-hauptstadt\/#primaryimage"},"thumbnailUrl":"https:\/\/now-news.de\/de\/wp-content\/uploads\/sites\/3\/2025\/10\/Causa-Jurassica-Parka-\u2012-Der-quotDragqueenquot-Paedophilie-Skandal-aus-der-Hauptstadt.JPG","datePublished":"2025-10-30T19:30:32+00:00","dateModified":"2025-10-30T19:30:32+00:00","breadcrumb":{"@id":"https:\/\/now-news.de\/de\/deutschland\/causa-jurassica-parka-%e2%80%92-der-dragqueen-paedophilie-skandal-aus-der-hauptstadt\/#breadcrumb"},"inLanguage":"de","potentialAction":[{"@type":"ReadAction","target":["https:\/\/now-news.de\/de\/deutschland\/causa-jurassica-parka-%e2%80%92-der-dragqueen-paedophilie-skandal-aus-der-hauptstadt\/"]}]},{"@type":"ImageObject","inLanguage":"de","@id":"https:\/\/now-news.de\/de\/deutschland\/causa-jurassica-parka-%e2%80%92-der-dragqueen-paedophilie-skandal-aus-der-hauptstadt\/#primaryimage","url":"https:\/\/now-news.de\/de\/wp-content\/uploads\/sites\/3\/2025\/10\/Causa-Jurassica-Parka-\u2012-Der-quotDragqueenquot-Paedophilie-Skandal-aus-der-Hauptstadt.JPG","contentUrl":"https:\/\/now-news.de\/de\/wp-content\/uploads\/sites\/3\/2025\/10\/Causa-Jurassica-Parka-\u2012-Der-quotDragqueenquot-Paedophilie-Skandal-aus-der-Hauptstadt.JPG","width":460,"height":259,"caption":"Causa Jurassica Parka \u2012 Der &quot;Dragqueen&quot;-P\u00e4dophilie-Skandal aus der Hauptstadt"},{"@type":"BreadcrumbList","@id":"https:\/\/now-news.de\/de\/deutschland\/causa-jurassica-parka-%e2%80%92-der-dragqueen-paedophilie-skandal-aus-der-hauptstadt\/#breadcrumb","itemListElement":[{"@type":"ListItem","position":1,"name":"Home","item":"https:\/\/now-news.de\/de\/"},{"@type":"ListItem","position":2,"name":"Causa Jurassica Parka \u2012 Der &quot;Dragqueen&quot;-P\u00e4dophilie-Skandal aus der Hauptstadt"}]},{"@type":"WebSite","@id":"https:\/\/now-news.de\/de\/#website","url":"https:\/\/now-news.de\/de\/","name":"just-now.NEWS Deutschland","description":"Das Portal f\u00fcr unzensierte Nachrichten aus der Welt","publisher":{"@id":"https:\/\/now-news.de\/de\/#organization"},"potentialAction":[{"@type":"SearchAction","target":{"@type":"EntryPoint","urlTemplate":"https:\/\/now-news.de\/de\/?s={search_term_string}"},"query-input":"required name=search_term_string"}],"inLanguage":"de"},{"@type":"Organization","@id":"https:\/\/now-news.de\/de\/#organization","name":"Just Now News","url":"https:\/\/now-news.de\/de\/","logo":{"@type":"ImageObject","inLanguage":"de","@id":"https:\/\/now-news.de\/de\/#\/schema\/logo\/image\/","url":"http:\/\/just-now.news\/de\/wp-content\/uploads\/sites\/3\/2022\/04\/logo500x500.jpg","contentUrl":"http:\/\/just-now.news\/de\/wp-content\/uploads\/sites\/3\/2022\/04\/logo500x500.jpg","width":500,"height":500,"caption":"Just Now News"},"image":{"@id":"https:\/\/now-news.de\/de\/#\/schema\/logo\/image\/"},"sameAs":["https:\/\/www.facebook.com\/wirmachenauf","https:\/\/x.com\/WirMachenAuf_de"]},{"@type":"Person","@id":"https:\/\/now-news.de\/de\/#\/schema\/person\/fb534a4e865501d8b3285208df34a9b5","name":"rtnews","image":{"@type":"ImageObject","inLanguage":"de","@id":"https:\/\/now-news.de\/de\/#\/schema\/person\/image\/","url":"https:\/\/secure.gravatar.com\/avatar\/82aafea7d8127119dd649515f56e2117?s=96&d=mm&r=g","contentUrl":"https:\/\/secure.gravatar.com\/avatar\/82aafea7d8127119dd649515f56e2117?s=96&d=mm&r=g","caption":"rtnews"},"url":"https:\/\/now-news.de\/de\/author\/rnews\/"}]}},"_links":{"self":[{"href":"https:\/\/now-news.de\/de\/wp-json\/wp\/v2\/posts\/93110"}],"collection":[{"href":"https:\/\/now-news.de\/de\/wp-json\/wp\/v2\/posts"}],"about":[{"href":"https:\/\/now-news.de\/de\/wp-json\/wp\/v2\/types\/post"}],"author":[{"embeddable":true,"href":"https:\/\/now-news.de\/de\/wp-json\/wp\/v2\/users\/3"}],"replies":[{"embeddable":true,"href":"https:\/\/now-news.de\/de\/wp-json\/wp\/v2\/comments?post=93110"}],"version-history":[{"count":0,"href":"https:\/\/now-news.de\/de\/wp-json\/wp\/v2\/posts\/93110\/revisions"}],"wp:featuredmedia":[{"embeddable":true,"href":"https:\/\/now-news.de\/de\/wp-json\/wp\/v2\/media\/93111"}],"wp:attachment":[{"href":"https:\/\/now-news.de\/de\/wp-json\/wp\/v2\/media?parent=93110"}],"wp:term":[{"taxonomy":"category","embeddable":true,"href":"https:\/\/now-news.de\/de\/wp-json\/wp\/v2\/categories?post=93110"},{"taxonomy":"post_tag","embeddable":true,"href":"https:\/\/now-news.de\/de\/wp-json\/wp\/v2\/tags?post=93110"}],"curies":[{"name":"wp","href":"https:\/\/api.w.org\/{rel}","templated":true}]}}