{"id":93108,"date":"2025-10-30T21:11:24","date_gmt":"2025-10-30T19:11:24","guid":{"rendered":"https:\/\/now-news.de\/de\/deutschland\/orban-angriff-von-aussen-koennte-ursache-fuer-explosion-in-ungarischer-raffinerie-sein\/"},"modified":"2025-10-30T21:11:24","modified_gmt":"2025-10-30T19:11:24","slug":"orban-angriff-von-aussen-koennte-ursache-fuer-explosion-in-ungarischer-raffinerie-sein","status":"publish","type":"post","link":"https:\/\/now-news.de\/de\/deutschland\/orban-angriff-von-aussen-koennte-ursache-fuer-explosion-in-ungarischer-raffinerie-sein\/","title":{"rendered":"Orb\u00e1n: &quot;Angriff von au\u00dfen&quot; k\u00f6nnte Ursache f\u00fcr Explosion in ungarischer Raffinerie sein"},"content":{"rendered":"<p><img decoding=\"async\" src=\"https:\/\/now-news.de\/de\/wp-content\/uploads\/sites\/3\/2025\/10\/69036b58b480cc51965ace2f.jpg\" \/><\/p>\n<div class=\"Text-root Text-type_1 \">\n                Die Explosion in Ungarns wichtigster \u00d6lraffinerie k\u00f6nnte auf einen \u00e4u\u00dferen Angriff zur\u00fcckgehen, so Ministerpr\u00e4sident Viktor Orb\u00e1n. Er dr\u00fcckte seine Hoffnung aus, dass der Vorfall nichts mit dem von Warschau bekundeten Wunsch zu tun hat, Ungarns Energieinfrastruktur mit Anschl\u00e4gen ins Visier zu nehmen.\n            <\/div>\n<p><\/p>\n<div class=\"Text-root Text-type_5 ArticleView-text ViewText-root \">\n<p>Ein &#8220;Angriff von au\u00dfen&#8221; k\u00f6nnte die Ursache f\u00fcr eine Explosion in Ungarns gr\u00f6\u00dfter \u00d6lraffinerie in der vergangenen Woche gewesen sein, sagte Ministerpr\u00e4sident Viktor Orb\u00e1n am Donnerstag.<\/p>\n<p>In einem\u00a0<em>Facebook<\/em>-Beitrag zitierte Orb\u00e1n\u00a0einen Bericht, den er von den Ermittlern zu der Explosion und dem Brand in der Anlage in Szazhalombatta erhalten hatte, und erkl\u00e4rte, die Untersuchungen seien noch nicht abgeschlossen.<\/p>\n<p>&#8220;Wir wissen noch nicht, ob es sich um einen Unfall, eine Fehlfunktion oder einen externen Angriff handelt&#8221;, sagte Orb\u00e1n\u00a0und merkte an, dass &#8220;die Raffinerie in Sazhalombatta eine der f\u00fcnf wichtigsten strategischen Industrieanlagen in Ungarn ist&#8221;.<\/p>\n<p>&#8220;Der polnische Au\u00dfenminister hatte den Ukrainern geraten, die Druschba-\u00d6lpipeline zu sprengen. Hoffen wir, dass dies nicht der Fall ist&#8221;, f\u00fcgte der Ministerpr\u00e4sident hinzu.<\/p>\n<p>Die Anlage in Szazhalombatta, auch bekannt als Donau-Raffinerie, wurde gebaut, um Roh\u00f6l zu verarbeiten, das \u00fcber die Druschba-Pipeline aus Russland geliefert wird. Der polnische Au\u00dfenminister Radoslaw Sikorski \u00e4u\u00dferte\u00a0<a rel=\"nofollow noopener\" target=\"_blank\" href=\"https:\/\/freedert.online\/europa\/259662-polen-droht-ungarn-mit-sprengung\/\">letzte Woche<\/a>\u00a0in einem Online-Streit mit seinem ungarischen Amtskollegen P\u00e9ter Szijj\u00e1rt\u00f3 die Hoffnung, dass die \u00d6lleitung zerst\u00f6rt wird.<\/p>\n<p>Orb\u00e1n erkl\u00e4rte in seinem Update, dass seine Regierung mit dem Eigent\u00fcmer der Raffinerie, der MOL Group, verhandelt, um die Benzinpreise einzud\u00e4mmen, die nach dem Vorfall sprunghaft angestiegen sind.<\/p>\n<p>Der ungarische Staatschef ist seit Langem ein Kritiker der Reaktion der Europ\u00e4ischen Union auf den Ukraine-Konflikt, insbesondere der Sanktionen gegen Russland, die seiner Meinung nach den Mitgliedern des Blocks erheblichen Schaden zugef\u00fcgt haben. Budapest besteht darauf, dass russische Energie f\u00fcr das wirtschaftliche Wohlergehen Ungarns von entscheidender Bedeutung ist, und hat Br\u00fcssel vorgeworfen, seine Bedenken zu ignorieren, darunter auch die Angriffe Kiews auf die Druschba-Pipeline.<\/p>\n<p>Die Explosion in Sazhalombatta fiel mit einem \u00e4hnlichen Vorfall in einer mit Druschba verbundenen \u00d6lf\u00f6rderanlage in Ploiesti im S\u00fcden Rum\u00e4niens zusammen. Beide Explosionen ereigneten sich, kurz nachdem die EU\u00a0<a rel=\"nofollow noopener\" target=\"_blank\" href=\"https:\/\/freedert.online\/wirtschaft\/259533-die-europaeische-union-hat-sich-selbst-zu-einer-grossen-energiekrise-verurteilt\/\">beschlossen hatte<\/a>, zum Ende des Jahres 2027 komplett auf den Bezug von \u00d6l und Gas aus Russland zu verzichten.<\/p>\n<p><strong>Mehr zum Thema<\/strong> &#8211; <a rel=\"nofollow noopener\" target=\"_blank\" href=\"https:\/\/freedert.online\/meinung\/259521-dummheit-in-gesetz-gegossen-eu\/\">Dummheit in Gesetz gegossen: EU verbietet den Bezug von russischem \u00d6l und Gas<\/a><\/p>\n<div class=\"EmbedBlock-root EmbedBlock-externalVideo EmbedBlock-rumble\">\n<div class=\"VkEmbed\"><iframe class=\"lazyload\" data-src=\"https:\/\/rumble.com\/embed\/v6yeg56\" frameborder=\"0\" width=\"853\" height=\"480\" allowfullscreen><\/iframe><\/div>\n<\/div>\n<\/div>\n<p><br \/>\n<br \/><a href=\"https:\/\/de.rt.com\/europa\/260386-orban-angriff-von-aussen-koennte\/\">Source link <\/a><\/p>\n","protected":false},"excerpt":{"rendered":"<p>Die Explosion in Ungarns wichtigster \u00d6lraffinerie k\u00f6nnte auf einen \u00e4u\u00dferen Angriff zur\u00fcckgehen, so Ministerpr\u00e4sident Viktor Orb\u00e1n. Er dr\u00fcckte seine Hoffnung aus, dass der Vorfall nichts mit dem von Warschau bekundeten Wunsch zu tun hat, Ungarns Energieinfrastruktur mit Anschl\u00e4gen ins Visier zu nehmen. Ein &#8220;Angriff von au\u00dfen&#8221; k\u00f6nnte die Ursache f\u00fcr eine Explosion in Ungarns gr\u00f6\u00dfter [&hellip;]<\/p>\n","protected":false},"author":3,"featured_media":93109,"comment_status":"open","ping_status":"open","sticky":false,"template":"","format":"standard","meta":{"_yoast_indexnow_last_ping":["1761852388"],"wp_automatic_camp":["217"],"23804510aded2921bc552fac603cdc3e":["Orb\u00e1n: &quot;Angriff von au\u00dfen&quot; k\u00f6nnte Ursache f\u00fcr Explosion in ungarischer Raffinerie sein"],"original_link":["https:\/\/de.rt.com\/europa\/260386-orban-angriff-von-aussen-koennte\/"],"_thumbnail_id":["93109"],"jnews_social_counter_last_update":["1777230363"],"_wptgpro_p2tg_sent2tg":["a:1:{i:23737;s:19:\"2025-10-30 21:27:29\";}"]},"categories":[19,23],"tags":[32702,1894,221,970,6397,54659,19947,3950,19643,710,50],"yoast_head":"<!-- This site is optimized with the Yoast SEO Premium plugin v22.7 (Yoast SEO v22.7) - https:\/\/yoast.com\/wordpress\/plugins\/seo\/ -->\n<title>Orb\u00e1n: &quot;Angriff von au\u00dfen&quot; k\u00f6nnte Ursache f\u00fcr Explosion in ungarischer Raffinerie sein - just-now.NEWS Deutschland<\/title>\n<meta name=\"robots\" content=\"index, follow, max-snippet:-1, max-image-preview:large, max-video-preview:-1\" \/>\n<link rel=\"canonical\" href=\"https:\/\/now-news.de\/de\/deutschland\/orban-angriff-von-aussen-koennte-ursache-fuer-explosion-in-ungarischer-raffinerie-sein\/\" \/>\n<meta property=\"og:locale\" content=\"de_DE\" \/>\n<meta property=\"og:type\" content=\"article\" \/>\n<meta property=\"og:title\" content=\"Orb\u00e1n: &quot;Angriff von au\u00dfen&quot; k\u00f6nnte Ursache f\u00fcr Explosion in ungarischer Raffinerie sein\" \/>\n<meta property=\"og:description\" content=\"Die Explosion in Ungarns wichtigster \u00d6lraffinerie k\u00f6nnte auf einen \u00e4u\u00dferen Angriff zur\u00fcckgehen, so Ministerpr\u00e4sident Viktor Orb\u00e1n. Er dr\u00fcckte seine Hoffnung aus, dass der Vorfall nichts mit dem von Warschau bekundeten Wunsch zu tun hat, Ungarns Energieinfrastruktur mit Anschl\u00e4gen ins Visier zu nehmen. Ein &#8220;Angriff von au\u00dfen&#8221; k\u00f6nnte die Ursache f\u00fcr eine Explosion in Ungarns gr\u00f6\u00dfter [&hellip;]\" \/>\n<meta property=\"og:url\" content=\"https:\/\/now-news.de\/de\/deutschland\/orban-angriff-von-aussen-koennte-ursache-fuer-explosion-in-ungarischer-raffinerie-sein\/\" \/>\n<meta property=\"og:site_name\" content=\"just-now.NEWS Deutschland\" \/>\n<meta property=\"article:publisher\" content=\"https:\/\/www.facebook.com\/wirmachenauf\" \/>\n<meta property=\"article:published_time\" content=\"2025-10-30T19:11:24+00:00\" \/>\n<meta property=\"og:image\" content=\"https:\/\/now-news.de\/de\/wp-content\/uploads\/sites\/3\/2025\/10\/69036b58b480cc51965ace2f.jpg\" \/>\n<meta name=\"author\" content=\"rtnews\" \/>\n<meta name=\"twitter:card\" content=\"summary_large_image\" \/>\n<meta name=\"twitter:creator\" content=\"@WirMachenAuf_de\" \/>\n<meta name=\"twitter:site\" content=\"@WirMachenAuf_de\" \/>\n<meta name=\"twitter:label1\" content=\"Verfasst von\" \/>\n\t<meta name=\"twitter:data1\" content=\"rtnews\" \/>\n\t<meta name=\"twitter:label2\" content=\"Gesch\u00e4tzte Lesezeit\" \/>\n\t<meta name=\"twitter:data2\" content=\"2\u00a0Minuten\" \/>\n<script type=\"application\/ld+json\" class=\"yoast-schema-graph\">{\"@context\":\"https:\/\/schema.org\",\"@graph\":[{\"@type\":\"Article\",\"@id\":\"https:\/\/now-news.de\/de\/deutschland\/orban-angriff-von-aussen-koennte-ursache-fuer-explosion-in-ungarischer-raffinerie-sein\/#article\",\"isPartOf\":{\"@id\":\"https:\/\/now-news.de\/de\/deutschland\/orban-angriff-von-aussen-koennte-ursache-fuer-explosion-in-ungarischer-raffinerie-sein\/\"},\"author\":{\"name\":\"rtnews\",\"@id\":\"https:\/\/now-news.de\/de\/#\/schema\/person\/fb534a4e865501d8b3285208df34a9b5\"},\"headline\":\"Orb\u00e1n: &quot;Angriff von au\u00dfen&quot; k\u00f6nnte Ursache f\u00fcr Explosion in ungarischer Raffinerie sein\",\"datePublished\":\"2025-10-30T19:11:24+00:00\",\"dateModified\":\"2025-10-30T19:11:24+00:00\",\"mainEntityOfPage\":{\"@id\":\"https:\/\/now-news.de\/de\/deutschland\/orban-angriff-von-aussen-koennte-ursache-fuer-explosion-in-ungarischer-raffinerie-sein\/\"},\"wordCount\":421,\"commentCount\":0,\"publisher\":{\"@id\":\"https:\/\/now-news.de\/de\/#organization\"},\"image\":{\"@id\":\"https:\/\/now-news.de\/de\/deutschland\/orban-angriff-von-aussen-koennte-ursache-fuer-explosion-in-ungarischer-raffinerie-sein\/#primaryimage\"},\"thumbnailUrl\":\"https:\/\/now-news.de\/de\/wp-content\/uploads\/sites\/3\/2025\/10\/Orban-quotAngriff-von-aussenquot-koennte-Ursache-fuer-Explosion-in-ungarischer.jpg\",\"keywords\":[\"au\u00dfenquot\",\"Explosion\",\"f\u00fcr\",\"K\u00f6nnte\",\"Orb\u00e1n\",\"quotAngriff\",\"Raffinerie\",\"sein\",\"Ungarischer\",\"Ursache\",\"von\"],\"articleSection\":[\"Deutschland\",\"Russland\"],\"inLanguage\":\"de\",\"potentialAction\":[{\"@type\":\"CommentAction\",\"name\":\"Comment\",\"target\":[\"https:\/\/now-news.de\/de\/deutschland\/orban-angriff-von-aussen-koennte-ursache-fuer-explosion-in-ungarischer-raffinerie-sein\/#respond\"]}]},{\"@type\":\"WebPage\",\"@id\":\"https:\/\/now-news.de\/de\/deutschland\/orban-angriff-von-aussen-koennte-ursache-fuer-explosion-in-ungarischer-raffinerie-sein\/\",\"url\":\"https:\/\/now-news.de\/de\/deutschland\/orban-angriff-von-aussen-koennte-ursache-fuer-explosion-in-ungarischer-raffinerie-sein\/\",\"name\":\"Orb\u00e1n: &quot;Angriff von au\u00dfen&quot; k\u00f6nnte Ursache f\u00fcr Explosion in ungarischer Raffinerie sein - just-now.NEWS Deutschland\",\"isPartOf\":{\"@id\":\"https:\/\/now-news.de\/de\/#website\"},\"primaryImageOfPage\":{\"@id\":\"https:\/\/now-news.de\/de\/deutschland\/orban-angriff-von-aussen-koennte-ursache-fuer-explosion-in-ungarischer-raffinerie-sein\/#primaryimage\"},\"image\":{\"@id\":\"https:\/\/now-news.de\/de\/deutschland\/orban-angriff-von-aussen-koennte-ursache-fuer-explosion-in-ungarischer-raffinerie-sein\/#primaryimage\"},\"thumbnailUrl\":\"https:\/\/now-news.de\/de\/wp-content\/uploads\/sites\/3\/2025\/10\/Orban-quotAngriff-von-aussenquot-koennte-Ursache-fuer-Explosion-in-ungarischer.jpg\",\"datePublished\":\"2025-10-30T19:11:24+00:00\",\"dateModified\":\"2025-10-30T19:11:24+00:00\",\"breadcrumb\":{\"@id\":\"https:\/\/now-news.de\/de\/deutschland\/orban-angriff-von-aussen-koennte-ursache-fuer-explosion-in-ungarischer-raffinerie-sein\/#breadcrumb\"},\"inLanguage\":\"de\",\"potentialAction\":[{\"@type\":\"ReadAction\",\"target\":[\"https:\/\/now-news.de\/de\/deutschland\/orban-angriff-von-aussen-koennte-ursache-fuer-explosion-in-ungarischer-raffinerie-sein\/\"]}]},{\"@type\":\"ImageObject\",\"inLanguage\":\"de\",\"@id\":\"https:\/\/now-news.de\/de\/deutschland\/orban-angriff-von-aussen-koennte-ursache-fuer-explosion-in-ungarischer-raffinerie-sein\/#primaryimage\",\"url\":\"https:\/\/now-news.de\/de\/wp-content\/uploads\/sites\/3\/2025\/10\/Orban-quotAngriff-von-aussenquot-koennte-Ursache-fuer-Explosion-in-ungarischer.jpg\",\"contentUrl\":\"https:\/\/now-news.de\/de\/wp-content\/uploads\/sites\/3\/2025\/10\/Orban-quotAngriff-von-aussenquot-koennte-Ursache-fuer-Explosion-in-ungarischer.jpg\",\"width\":460,\"height\":259,\"caption\":\"Orb\u00e1n: &quot;Angriff von au\u00dfen&quot; k\u00f6nnte Ursache f\u00fcr Explosion in ungarischer Raffinerie sein\"},{\"@type\":\"BreadcrumbList\",\"@id\":\"https:\/\/now-news.de\/de\/deutschland\/orban-angriff-von-aussen-koennte-ursache-fuer-explosion-in-ungarischer-raffinerie-sein\/#breadcrumb\",\"itemListElement\":[{\"@type\":\"ListItem\",\"position\":1,\"name\":\"Home\",\"item\":\"https:\/\/now-news.de\/de\/\"},{\"@type\":\"ListItem\",\"position\":2,\"name\":\"Orb\u00e1n: &quot;Angriff von au\u00dfen&quot; k\u00f6nnte Ursache f\u00fcr Explosion in ungarischer Raffinerie sein\"}]},{\"@type\":\"WebSite\",\"@id\":\"https:\/\/now-news.de\/de\/#website\",\"url\":\"https:\/\/now-news.de\/de\/\",\"name\":\"just-now.NEWS Deutschland\",\"description\":\"Das Portal f\u00fcr unzensierte Nachrichten aus der Welt\",\"publisher\":{\"@id\":\"https:\/\/now-news.de\/de\/#organization\"},\"potentialAction\":[{\"@type\":\"SearchAction\",\"target\":{\"@type\":\"EntryPoint\",\"urlTemplate\":\"https:\/\/now-news.de\/de\/?s={search_term_string}\"},\"query-input\":\"required name=search_term_string\"}],\"inLanguage\":\"de\"},{\"@type\":\"Organization\",\"@id\":\"https:\/\/now-news.de\/de\/#organization\",\"name\":\"Just Now News\",\"url\":\"https:\/\/now-news.de\/de\/\",\"logo\":{\"@type\":\"ImageObject\",\"inLanguage\":\"de\",\"@id\":\"https:\/\/now-news.de\/de\/#\/schema\/logo\/image\/\",\"url\":\"http:\/\/just-now.news\/de\/wp-content\/uploads\/sites\/3\/2022\/04\/logo500x500.jpg\",\"contentUrl\":\"http:\/\/just-now.news\/de\/wp-content\/uploads\/sites\/3\/2022\/04\/logo500x500.jpg\",\"width\":500,\"height\":500,\"caption\":\"Just Now News\"},\"image\":{\"@id\":\"https:\/\/now-news.de\/de\/#\/schema\/logo\/image\/\"},\"sameAs\":[\"https:\/\/www.facebook.com\/wirmachenauf\",\"https:\/\/x.com\/WirMachenAuf_de\"]},{\"@type\":\"Person\",\"@id\":\"https:\/\/now-news.de\/de\/#\/schema\/person\/fb534a4e865501d8b3285208df34a9b5\",\"name\":\"rtnews\",\"image\":{\"@type\":\"ImageObject\",\"inLanguage\":\"de\",\"@id\":\"https:\/\/now-news.de\/de\/#\/schema\/person\/image\/\",\"url\":\"https:\/\/secure.gravatar.com\/avatar\/82aafea7d8127119dd649515f56e2117?s=96&d=mm&r=g\",\"contentUrl\":\"https:\/\/secure.gravatar.com\/avatar\/82aafea7d8127119dd649515f56e2117?s=96&d=mm&r=g\",\"caption\":\"rtnews\"},\"url\":\"https:\/\/now-news.de\/de\/author\/rnews\/\"}]}<\/script>\n<!-- \/ Yoast SEO Premium plugin. -->","yoast_head_json":{"title":"Orb\u00e1n: &quot;Angriff von au\u00dfen&quot; k\u00f6nnte Ursache f\u00fcr Explosion in ungarischer Raffinerie sein - just-now.NEWS Deutschland","robots":{"index":"index","follow":"follow","max-snippet":"max-snippet:-1","max-image-preview":"max-image-preview:large","max-video-preview":"max-video-preview:-1"},"canonical":"https:\/\/now-news.de\/de\/deutschland\/orban-angriff-von-aussen-koennte-ursache-fuer-explosion-in-ungarischer-raffinerie-sein\/","og_locale":"de_DE","og_type":"article","og_title":"Orb\u00e1n: &quot;Angriff von au\u00dfen&quot; k\u00f6nnte Ursache f\u00fcr Explosion in ungarischer Raffinerie sein","og_description":"Die Explosion in Ungarns wichtigster \u00d6lraffinerie k\u00f6nnte auf einen \u00e4u\u00dferen Angriff zur\u00fcckgehen, so Ministerpr\u00e4sident Viktor Orb\u00e1n. Er dr\u00fcckte seine Hoffnung aus, dass der Vorfall nichts mit dem von Warschau bekundeten Wunsch zu tun hat, Ungarns Energieinfrastruktur mit Anschl\u00e4gen ins Visier zu nehmen. Ein &#8220;Angriff von au\u00dfen&#8221; k\u00f6nnte die Ursache f\u00fcr eine Explosion in Ungarns gr\u00f6\u00dfter [&hellip;]","og_url":"https:\/\/now-news.de\/de\/deutschland\/orban-angriff-von-aussen-koennte-ursache-fuer-explosion-in-ungarischer-raffinerie-sein\/","og_site_name":"just-now.NEWS Deutschland","article_publisher":"https:\/\/www.facebook.com\/wirmachenauf","article_published_time":"2025-10-30T19:11:24+00:00","og_image":[{"url":"https:\/\/now-news.de\/de\/wp-content\/uploads\/sites\/3\/2025\/10\/69036b58b480cc51965ace2f.jpg"}],"author":"rtnews","twitter_card":"summary_large_image","twitter_creator":"@WirMachenAuf_de","twitter_site":"@WirMachenAuf_de","twitter_misc":{"Verfasst von":"rtnews","Gesch\u00e4tzte Lesezeit":"2\u00a0Minuten"},"schema":{"@context":"https:\/\/schema.org","@graph":[{"@type":"Article","@id":"https:\/\/now-news.de\/de\/deutschland\/orban-angriff-von-aussen-koennte-ursache-fuer-explosion-in-ungarischer-raffinerie-sein\/#article","isPartOf":{"@id":"https:\/\/now-news.de\/de\/deutschland\/orban-angriff-von-aussen-koennte-ursache-fuer-explosion-in-ungarischer-raffinerie-sein\/"},"author":{"name":"rtnews","@id":"https:\/\/now-news.de\/de\/#\/schema\/person\/fb534a4e865501d8b3285208df34a9b5"},"headline":"Orb\u00e1n: &quot;Angriff von au\u00dfen&quot; k\u00f6nnte Ursache f\u00fcr Explosion in ungarischer Raffinerie sein","datePublished":"2025-10-30T19:11:24+00:00","dateModified":"2025-10-30T19:11:24+00:00","mainEntityOfPage":{"@id":"https:\/\/now-news.de\/de\/deutschland\/orban-angriff-von-aussen-koennte-ursache-fuer-explosion-in-ungarischer-raffinerie-sein\/"},"wordCount":421,"commentCount":0,"publisher":{"@id":"https:\/\/now-news.de\/de\/#organization"},"image":{"@id":"https:\/\/now-news.de\/de\/deutschland\/orban-angriff-von-aussen-koennte-ursache-fuer-explosion-in-ungarischer-raffinerie-sein\/#primaryimage"},"thumbnailUrl":"https:\/\/now-news.de\/de\/wp-content\/uploads\/sites\/3\/2025\/10\/Orban-quotAngriff-von-aussenquot-koennte-Ursache-fuer-Explosion-in-ungarischer.jpg","keywords":["au\u00dfenquot","Explosion","f\u00fcr","K\u00f6nnte","Orb\u00e1n","quotAngriff","Raffinerie","sein","Ungarischer","Ursache","von"],"articleSection":["Deutschland","Russland"],"inLanguage":"de","potentialAction":[{"@type":"CommentAction","name":"Comment","target":["https:\/\/now-news.de\/de\/deutschland\/orban-angriff-von-aussen-koennte-ursache-fuer-explosion-in-ungarischer-raffinerie-sein\/#respond"]}]},{"@type":"WebPage","@id":"https:\/\/now-news.de\/de\/deutschland\/orban-angriff-von-aussen-koennte-ursache-fuer-explosion-in-ungarischer-raffinerie-sein\/","url":"https:\/\/now-news.de\/de\/deutschland\/orban-angriff-von-aussen-koennte-ursache-fuer-explosion-in-ungarischer-raffinerie-sein\/","name":"Orb\u00e1n: &quot;Angriff von au\u00dfen&quot; k\u00f6nnte Ursache f\u00fcr Explosion in ungarischer Raffinerie sein - just-now.NEWS Deutschland","isPartOf":{"@id":"https:\/\/now-news.de\/de\/#website"},"primaryImageOfPage":{"@id":"https:\/\/now-news.de\/de\/deutschland\/orban-angriff-von-aussen-koennte-ursache-fuer-explosion-in-ungarischer-raffinerie-sein\/#primaryimage"},"image":{"@id":"https:\/\/now-news.de\/de\/deutschland\/orban-angriff-von-aussen-koennte-ursache-fuer-explosion-in-ungarischer-raffinerie-sein\/#primaryimage"},"thumbnailUrl":"https:\/\/now-news.de\/de\/wp-content\/uploads\/sites\/3\/2025\/10\/Orban-quotAngriff-von-aussenquot-koennte-Ursache-fuer-Explosion-in-ungarischer.jpg","datePublished":"2025-10-30T19:11:24+00:00","dateModified":"2025-10-30T19:11:24+00:00","breadcrumb":{"@id":"https:\/\/now-news.de\/de\/deutschland\/orban-angriff-von-aussen-koennte-ursache-fuer-explosion-in-ungarischer-raffinerie-sein\/#breadcrumb"},"inLanguage":"de","potentialAction":[{"@type":"ReadAction","target":["https:\/\/now-news.de\/de\/deutschland\/orban-angriff-von-aussen-koennte-ursache-fuer-explosion-in-ungarischer-raffinerie-sein\/"]}]},{"@type":"ImageObject","inLanguage":"de","@id":"https:\/\/now-news.de\/de\/deutschland\/orban-angriff-von-aussen-koennte-ursache-fuer-explosion-in-ungarischer-raffinerie-sein\/#primaryimage","url":"https:\/\/now-news.de\/de\/wp-content\/uploads\/sites\/3\/2025\/10\/Orban-quotAngriff-von-aussenquot-koennte-Ursache-fuer-Explosion-in-ungarischer.jpg","contentUrl":"https:\/\/now-news.de\/de\/wp-content\/uploads\/sites\/3\/2025\/10\/Orban-quotAngriff-von-aussenquot-koennte-Ursache-fuer-Explosion-in-ungarischer.jpg","width":460,"height":259,"caption":"Orb\u00e1n: &quot;Angriff von au\u00dfen&quot; k\u00f6nnte Ursache f\u00fcr Explosion in ungarischer Raffinerie sein"},{"@type":"BreadcrumbList","@id":"https:\/\/now-news.de\/de\/deutschland\/orban-angriff-von-aussen-koennte-ursache-fuer-explosion-in-ungarischer-raffinerie-sein\/#breadcrumb","itemListElement":[{"@type":"ListItem","position":1,"name":"Home","item":"https:\/\/now-news.de\/de\/"},{"@type":"ListItem","position":2,"name":"Orb\u00e1n: &quot;Angriff von au\u00dfen&quot; k\u00f6nnte Ursache f\u00fcr Explosion in ungarischer Raffinerie sein"}]},{"@type":"WebSite","@id":"https:\/\/now-news.de\/de\/#website","url":"https:\/\/now-news.de\/de\/","name":"just-now.NEWS Deutschland","description":"Das Portal f\u00fcr unzensierte Nachrichten aus der Welt","publisher":{"@id":"https:\/\/now-news.de\/de\/#organization"},"potentialAction":[{"@type":"SearchAction","target":{"@type":"EntryPoint","urlTemplate":"https:\/\/now-news.de\/de\/?s={search_term_string}"},"query-input":"required name=search_term_string"}],"inLanguage":"de"},{"@type":"Organization","@id":"https:\/\/now-news.de\/de\/#organization","name":"Just Now News","url":"https:\/\/now-news.de\/de\/","logo":{"@type":"ImageObject","inLanguage":"de","@id":"https:\/\/now-news.de\/de\/#\/schema\/logo\/image\/","url":"http:\/\/just-now.news\/de\/wp-content\/uploads\/sites\/3\/2022\/04\/logo500x500.jpg","contentUrl":"http:\/\/just-now.news\/de\/wp-content\/uploads\/sites\/3\/2022\/04\/logo500x500.jpg","width":500,"height":500,"caption":"Just Now News"},"image":{"@id":"https:\/\/now-news.de\/de\/#\/schema\/logo\/image\/"},"sameAs":["https:\/\/www.facebook.com\/wirmachenauf","https:\/\/x.com\/WirMachenAuf_de"]},{"@type":"Person","@id":"https:\/\/now-news.de\/de\/#\/schema\/person\/fb534a4e865501d8b3285208df34a9b5","name":"rtnews","image":{"@type":"ImageObject","inLanguage":"de","@id":"https:\/\/now-news.de\/de\/#\/schema\/person\/image\/","url":"https:\/\/secure.gravatar.com\/avatar\/82aafea7d8127119dd649515f56e2117?s=96&d=mm&r=g","contentUrl":"https:\/\/secure.gravatar.com\/avatar\/82aafea7d8127119dd649515f56e2117?s=96&d=mm&r=g","caption":"rtnews"},"url":"https:\/\/now-news.de\/de\/author\/rnews\/"}]}},"_links":{"self":[{"href":"https:\/\/now-news.de\/de\/wp-json\/wp\/v2\/posts\/93108"}],"collection":[{"href":"https:\/\/now-news.de\/de\/wp-json\/wp\/v2\/posts"}],"about":[{"href":"https:\/\/now-news.de\/de\/wp-json\/wp\/v2\/types\/post"}],"author":[{"embeddable":true,"href":"https:\/\/now-news.de\/de\/wp-json\/wp\/v2\/users\/3"}],"replies":[{"embeddable":true,"href":"https:\/\/now-news.de\/de\/wp-json\/wp\/v2\/comments?post=93108"}],"version-history":[{"count":0,"href":"https:\/\/now-news.de\/de\/wp-json\/wp\/v2\/posts\/93108\/revisions"}],"wp:featuredmedia":[{"embeddable":true,"href":"https:\/\/now-news.de\/de\/wp-json\/wp\/v2\/media\/93109"}],"wp:attachment":[{"href":"https:\/\/now-news.de\/de\/wp-json\/wp\/v2\/media?parent=93108"}],"wp:term":[{"taxonomy":"category","embeddable":true,"href":"https:\/\/now-news.de\/de\/wp-json\/wp\/v2\/categories?post=93108"},{"taxonomy":"post_tag","embeddable":true,"href":"https:\/\/now-news.de\/de\/wp-json\/wp\/v2\/tags?post=93108"}],"curies":[{"name":"wp","href":"https:\/\/api.w.org\/{rel}","templated":true}]}}