{"id":93060,"date":"2025-10-29T21:51:43","date_gmt":"2025-10-29T19:51:43","guid":{"rendered":"https:\/\/now-news.de\/de\/deutschland\/ungarn-tschechien-slowakei-dreier-allianz-gegen-bruesseler-kriegstreiberei\/"},"modified":"2025-10-29T21:51:43","modified_gmt":"2025-10-29T19:51:43","slug":"ungarn-tschechien-slowakei-dreier-allianz-gegen-bruesseler-kriegstreiberei","status":"publish","type":"post","link":"https:\/\/now-news.de\/de\/deutschland\/ungarn-tschechien-slowakei-dreier-allianz-gegen-bruesseler-kriegstreiberei\/","title":{"rendered":"Ungarn, Tschechien, Slowakei \u2013 Dreier-Allianz gegen Br\u00fcsseler Kriegstreiberei"},"content":{"rendered":"<p><img decoding=\"async\" src=\"https:\/\/now-news.de\/de\/wp-content\/uploads\/sites\/3\/2025\/10\/6902334248fbef785200de02.jpg\" \/><\/p>\n<div class=\"Text-root Text-type_1 \">\n                Nach dem Sieg von Andrej Babis in Tschechien bekam die Fraktion der Gegner der Ukraine-Politik der EU Zulauf. Ungarn bem\u00fcht sich, die Kr\u00e4fte zu b\u00fcndeln. Das Konzept hat Aussichten auf Erfolg, zumal auch in anderen EU-L\u00e4ndern Wahlsiege von Gegnern der EU-Ukraine-Politik m\u00f6glich sind.\n            <\/div>\n<p><\/p>\n<div class=\"Text-root Text-type_5 ArticleView-text ViewText-root \">\n<p>Das gr\u00f6\u00dfte Hindernis auf dem Weg zu einer Friedensl\u00f6sung im Ukraine-Konflikt ist neben Wladimir Selenskij die EU. Die EU setzt auf eine Verl\u00e4ngerung des Krieges\u00a0und besteht weiter darauf, Russland einseitig die Bedingungen f\u00fcr einen Friedensschluss diktieren zu k\u00f6nnen, ohne auf russische Interessen R\u00fccksicht nehmen zu m\u00fcssen. Das bedeutet, die EU h\u00e4lt an ihrem Ziel fest, Russland durch die Aufr\u00fcstung und finanzielle Unterst\u00fctzung der Ukraine zur Kapitulation zu zwingen. Das ist wenig realistisch.\u00a0<\/p>\n<p>Gegen die aggressive Politik aus Br\u00fcssel formiert sich jedoch Widerstand. Neben Ungarn und der Slowakei geht nun auch Tschechien in Opposition zur Ukraine-Politik aus Br\u00fcssel. Bei den Parlamentswahlen in Tschechien Anfang Oktober erzielte die Partei ANO von Andrej Babis die Mehrheit. Babis wurde mit der Regierungsbildung beauftragt. Im Wahlkampf versprach Babis, Tschechiens Waffenlieferungen an die Ukraine einzustellen.<\/p>\n<p>Ungarn strebt an, eine Allianz der drei L\u00e4nder zu bilden.\u00a0Es beabsichtigt in diesem Zusammenhang, die Position der drei L\u00e4nder im Vorfeld von Treffen auf EU-Ebene zu koordinieren, sagte ein hochrangiger Berater von Viktor Orban dem Magazin <em>Politico<\/em>. Diese Allianz k\u00f6nnte die Bem\u00fchungen der EU, die Ukraine finanziell und milit\u00e4risch zu unterst\u00fctzen, um so den Krieg zu verl\u00e4ngern, erheblich behindern, schreibt <em>Politico<\/em>.\u00a0<\/p>\n<p>Abzusehen ist, dass mittelfristig weitere L\u00e4nder zu der Anti-Kriegs-Allianz hinzusto\u00dfen k\u00f6nnten. Sowohl die AfD als auch der rechtskonservative franz\u00f6sische Rassemblement National (RN) stellen sich gegen die Unterst\u00fctzungspolitik der EU gegen\u00fcber der Ukraine. Auch in Polen, das eigentlich eine antirussische Politik vertritt, mehrt sich der Widerstand gegen die Br\u00fcsseler Politik.\u00a0<\/p>\n<p>Grunds\u00e4tzlich deuten viele Indikatoren darauf hin, dass sich die EU mit der Unterst\u00fctzung der Ukraine \u00fcbernommen hat. Sollte die EU ihren Plan wahr machen und die Ukraine als Mitglied aufnehmen, droht ein finanzielles Ausbluten der EU und ihrer Mitgliedstaaten. Bisherige Empf\u00e4ngerl\u00e4nder werden dann zu Netto-Zahlern. Dadurch werden die Fliehkr\u00e4fte, welche die EU auseinandertreiben, noch einmal zunehmen.\u00a0<\/p>\n<p><strong>Mehr zum Thema<\/strong>\u00a0\u2013 <a rel=\"nofollow noopener\" target=\"_blank\" href=\"https:\/\/freedert.online\/international\/260222-lawrow-russland-ist-bereit-nato-und-eu-sicherheitsgarantien-zu-geben\/\">Lawrow: Russland ist bereit, NATO und EU Sicherheitsgarantien zu geben<\/a><\/p>\n<div class=\"EmbedBlock-root EmbedBlock-externalVideo EmbedBlock-rumble\">\n<div class=\"VkEmbed\"><iframe class=\"lazyload\" data-src=\"https:\/\/rumble.com\/embed\/v6yhtp4\" frameborder=\"0\" width=\"853\" height=\"480\" allowfullscreen><\/iframe><\/div>\n<\/div>\n<\/div>\n<p><br \/>\n<br \/><a href=\"https:\/\/de.rt.com\/europa\/260276-ungarn-tschechien-slowakei-dreier-allianz\/\">Source link <\/a><\/p>\n","protected":false},"excerpt":{"rendered":"<p>Nach dem Sieg von Andrej Babis in Tschechien bekam die Fraktion der Gegner der Ukraine-Politik der EU Zulauf. Ungarn bem\u00fcht sich, die Kr\u00e4fte zu b\u00fcndeln. Das Konzept hat Aussichten auf Erfolg, zumal auch in anderen EU-L\u00e4ndern Wahlsiege von Gegnern der EU-Ukraine-Politik m\u00f6glich sind. Das gr\u00f6\u00dfte Hindernis auf dem Weg zu einer Friedensl\u00f6sung im Ukraine-Konflikt ist [&hellip;]<\/p>\n","protected":false},"author":3,"featured_media":93061,"comment_status":"open","ping_status":"open","sticky":false,"template":"","format":"standard","meta":{"_yoast_indexnow_last_ping":["1761774268"],"wp_automatic_camp":["217"],"006d3ef198a4ab1f1db24abd8dd5cc52":["Ungarn, Tschechien, Slowakei \u2013 Dreier-Allianz gegen Br\u00fcsseler Kriegstreiberei"],"original_link":["https:\/\/de.rt.com\/europa\/260276-ungarn-tschechien-slowakei-dreier-allianz\/"],"_thumbnail_id":["93061"],"jnews_social_counter_last_update":["1777371962"],"_wptgpro_p2tg_sent2tg":["a:1:{i:23737;s:19:\"2025-10-29 23:45:28\";}"]},"categories":[19,23],"tags":[38906,68794,278,31370,41775,32609,11664],"yoast_head":"<!-- This site is optimized with the Yoast SEO Premium plugin v22.7 (Yoast SEO v22.7) - https:\/\/yoast.com\/wordpress\/plugins\/seo\/ -->\n<title>Ungarn, Tschechien, Slowakei \u2013 Dreier-Allianz gegen Br\u00fcsseler Kriegstreiberei - just-now.NEWS Deutschland<\/title>\n<meta name=\"robots\" content=\"index, follow, max-snippet:-1, max-image-preview:large, max-video-preview:-1\" \/>\n<link rel=\"canonical\" href=\"https:\/\/now-news.de\/de\/deutschland\/ungarn-tschechien-slowakei-dreier-allianz-gegen-bruesseler-kriegstreiberei\/\" \/>\n<meta property=\"og:locale\" content=\"de_DE\" \/>\n<meta property=\"og:type\" content=\"article\" \/>\n<meta property=\"og:title\" content=\"Ungarn, Tschechien, Slowakei \u2013 Dreier-Allianz gegen Br\u00fcsseler Kriegstreiberei\" \/>\n<meta property=\"og:description\" content=\"Nach dem Sieg von Andrej Babis in Tschechien bekam die Fraktion der Gegner der Ukraine-Politik der EU Zulauf. Ungarn bem\u00fcht sich, die Kr\u00e4fte zu b\u00fcndeln. Das Konzept hat Aussichten auf Erfolg, zumal auch in anderen EU-L\u00e4ndern Wahlsiege von Gegnern der EU-Ukraine-Politik m\u00f6glich sind. Das gr\u00f6\u00dfte Hindernis auf dem Weg zu einer Friedensl\u00f6sung im Ukraine-Konflikt ist [&hellip;]\" \/>\n<meta property=\"og:url\" content=\"https:\/\/now-news.de\/de\/deutschland\/ungarn-tschechien-slowakei-dreier-allianz-gegen-bruesseler-kriegstreiberei\/\" \/>\n<meta property=\"og:site_name\" content=\"just-now.NEWS Deutschland\" \/>\n<meta property=\"article:publisher\" content=\"https:\/\/www.facebook.com\/wirmachenauf\" \/>\n<meta property=\"article:published_time\" content=\"2025-10-29T19:51:43+00:00\" \/>\n<meta property=\"og:image\" content=\"https:\/\/now-news.de\/de\/wp-content\/uploads\/sites\/3\/2025\/10\/6902334248fbef785200de02.jpg\" \/>\n<meta name=\"author\" content=\"rtnews\" \/>\n<meta name=\"twitter:card\" content=\"summary_large_image\" \/>\n<meta name=\"twitter:creator\" content=\"@WirMachenAuf_de\" \/>\n<meta name=\"twitter:site\" content=\"@WirMachenAuf_de\" \/>\n<meta name=\"twitter:label1\" content=\"Verfasst von\" \/>\n\t<meta name=\"twitter:data1\" content=\"rtnews\" \/>\n\t<meta name=\"twitter:label2\" content=\"Gesch\u00e4tzte Lesezeit\" \/>\n\t<meta name=\"twitter:data2\" content=\"2\u00a0Minuten\" \/>\n<script type=\"application\/ld+json\" class=\"yoast-schema-graph\">{\"@context\":\"https:\/\/schema.org\",\"@graph\":[{\"@type\":\"Article\",\"@id\":\"https:\/\/now-news.de\/de\/deutschland\/ungarn-tschechien-slowakei-dreier-allianz-gegen-bruesseler-kriegstreiberei\/#article\",\"isPartOf\":{\"@id\":\"https:\/\/now-news.de\/de\/deutschland\/ungarn-tschechien-slowakei-dreier-allianz-gegen-bruesseler-kriegstreiberei\/\"},\"author\":{\"name\":\"rtnews\",\"@id\":\"https:\/\/now-news.de\/de\/#\/schema\/person\/fb534a4e865501d8b3285208df34a9b5\"},\"headline\":\"Ungarn, Tschechien, Slowakei \u2013 Dreier-Allianz gegen Br\u00fcsseler Kriegstreiberei\",\"datePublished\":\"2025-10-29T19:51:43+00:00\",\"dateModified\":\"2025-10-29T19:51:43+00:00\",\"mainEntityOfPage\":{\"@id\":\"https:\/\/now-news.de\/de\/deutschland\/ungarn-tschechien-slowakei-dreier-allianz-gegen-bruesseler-kriegstreiberei\/\"},\"wordCount\":400,\"commentCount\":0,\"publisher\":{\"@id\":\"https:\/\/now-news.de\/de\/#organization\"},\"image\":{\"@id\":\"https:\/\/now-news.de\/de\/deutschland\/ungarn-tschechien-slowakei-dreier-allianz-gegen-bruesseler-kriegstreiberei\/#primaryimage\"},\"thumbnailUrl\":\"https:\/\/now-news.de\/de\/wp-content\/uploads\/sites\/3\/2025\/10\/Ungarn-Tschechien-Slowakei-\u2013-Dreier-Allianz-gegen-Bruesseler-Kriegstreiberei.jpg\",\"keywords\":[\"Br\u00fcsseler\",\"DreierAllianz\",\"gegen\",\"Kriegstreiberei\",\"Slowakei\",\"Tschechien\",\"Ungarn\"],\"articleSection\":[\"Deutschland\",\"Russland\"],\"inLanguage\":\"de\",\"potentialAction\":[{\"@type\":\"CommentAction\",\"name\":\"Comment\",\"target\":[\"https:\/\/now-news.de\/de\/deutschland\/ungarn-tschechien-slowakei-dreier-allianz-gegen-bruesseler-kriegstreiberei\/#respond\"]}]},{\"@type\":\"WebPage\",\"@id\":\"https:\/\/now-news.de\/de\/deutschland\/ungarn-tschechien-slowakei-dreier-allianz-gegen-bruesseler-kriegstreiberei\/\",\"url\":\"https:\/\/now-news.de\/de\/deutschland\/ungarn-tschechien-slowakei-dreier-allianz-gegen-bruesseler-kriegstreiberei\/\",\"name\":\"Ungarn, Tschechien, Slowakei \u2013 Dreier-Allianz gegen Br\u00fcsseler Kriegstreiberei - just-now.NEWS Deutschland\",\"isPartOf\":{\"@id\":\"https:\/\/now-news.de\/de\/#website\"},\"primaryImageOfPage\":{\"@id\":\"https:\/\/now-news.de\/de\/deutschland\/ungarn-tschechien-slowakei-dreier-allianz-gegen-bruesseler-kriegstreiberei\/#primaryimage\"},\"image\":{\"@id\":\"https:\/\/now-news.de\/de\/deutschland\/ungarn-tschechien-slowakei-dreier-allianz-gegen-bruesseler-kriegstreiberei\/#primaryimage\"},\"thumbnailUrl\":\"https:\/\/now-news.de\/de\/wp-content\/uploads\/sites\/3\/2025\/10\/Ungarn-Tschechien-Slowakei-\u2013-Dreier-Allianz-gegen-Bruesseler-Kriegstreiberei.jpg\",\"datePublished\":\"2025-10-29T19:51:43+00:00\",\"dateModified\":\"2025-10-29T19:51:43+00:00\",\"breadcrumb\":{\"@id\":\"https:\/\/now-news.de\/de\/deutschland\/ungarn-tschechien-slowakei-dreier-allianz-gegen-bruesseler-kriegstreiberei\/#breadcrumb\"},\"inLanguage\":\"de\",\"potentialAction\":[{\"@type\":\"ReadAction\",\"target\":[\"https:\/\/now-news.de\/de\/deutschland\/ungarn-tschechien-slowakei-dreier-allianz-gegen-bruesseler-kriegstreiberei\/\"]}]},{\"@type\":\"ImageObject\",\"inLanguage\":\"de\",\"@id\":\"https:\/\/now-news.de\/de\/deutschland\/ungarn-tschechien-slowakei-dreier-allianz-gegen-bruesseler-kriegstreiberei\/#primaryimage\",\"url\":\"https:\/\/now-news.de\/de\/wp-content\/uploads\/sites\/3\/2025\/10\/Ungarn-Tschechien-Slowakei-\u2013-Dreier-Allianz-gegen-Bruesseler-Kriegstreiberei.jpg\",\"contentUrl\":\"https:\/\/now-news.de\/de\/wp-content\/uploads\/sites\/3\/2025\/10\/Ungarn-Tschechien-Slowakei-\u2013-Dreier-Allianz-gegen-Bruesseler-Kriegstreiberei.jpg\",\"width\":460,\"height\":259,\"caption\":\"Ungarn, Tschechien, Slowakei \u2013 Dreier-Allianz gegen Br\u00fcsseler Kriegstreiberei\"},{\"@type\":\"BreadcrumbList\",\"@id\":\"https:\/\/now-news.de\/de\/deutschland\/ungarn-tschechien-slowakei-dreier-allianz-gegen-bruesseler-kriegstreiberei\/#breadcrumb\",\"itemListElement\":[{\"@type\":\"ListItem\",\"position\":1,\"name\":\"Home\",\"item\":\"https:\/\/now-news.de\/de\/\"},{\"@type\":\"ListItem\",\"position\":2,\"name\":\"Ungarn, Tschechien, Slowakei \u2013 Dreier-Allianz gegen Br\u00fcsseler Kriegstreiberei\"}]},{\"@type\":\"WebSite\",\"@id\":\"https:\/\/now-news.de\/de\/#website\",\"url\":\"https:\/\/now-news.de\/de\/\",\"name\":\"just-now.NEWS Deutschland\",\"description\":\"Das Portal f\u00fcr unzensierte Nachrichten aus der Welt\",\"publisher\":{\"@id\":\"https:\/\/now-news.de\/de\/#organization\"},\"potentialAction\":[{\"@type\":\"SearchAction\",\"target\":{\"@type\":\"EntryPoint\",\"urlTemplate\":\"https:\/\/now-news.de\/de\/?s={search_term_string}\"},\"query-input\":\"required name=search_term_string\"}],\"inLanguage\":\"de\"},{\"@type\":\"Organization\",\"@id\":\"https:\/\/now-news.de\/de\/#organization\",\"name\":\"Just Now News\",\"url\":\"https:\/\/now-news.de\/de\/\",\"logo\":{\"@type\":\"ImageObject\",\"inLanguage\":\"de\",\"@id\":\"https:\/\/now-news.de\/de\/#\/schema\/logo\/image\/\",\"url\":\"http:\/\/just-now.news\/de\/wp-content\/uploads\/sites\/3\/2022\/04\/logo500x500.jpg\",\"contentUrl\":\"http:\/\/just-now.news\/de\/wp-content\/uploads\/sites\/3\/2022\/04\/logo500x500.jpg\",\"width\":500,\"height\":500,\"caption\":\"Just Now News\"},\"image\":{\"@id\":\"https:\/\/now-news.de\/de\/#\/schema\/logo\/image\/\"},\"sameAs\":[\"https:\/\/www.facebook.com\/wirmachenauf\",\"https:\/\/x.com\/WirMachenAuf_de\"]},{\"@type\":\"Person\",\"@id\":\"https:\/\/now-news.de\/de\/#\/schema\/person\/fb534a4e865501d8b3285208df34a9b5\",\"name\":\"rtnews\",\"image\":{\"@type\":\"ImageObject\",\"inLanguage\":\"de\",\"@id\":\"https:\/\/now-news.de\/de\/#\/schema\/person\/image\/\",\"url\":\"https:\/\/secure.gravatar.com\/avatar\/82aafea7d8127119dd649515f56e2117?s=96&d=mm&r=g\",\"contentUrl\":\"https:\/\/secure.gravatar.com\/avatar\/82aafea7d8127119dd649515f56e2117?s=96&d=mm&r=g\",\"caption\":\"rtnews\"},\"url\":\"https:\/\/now-news.de\/de\/author\/rnews\/\"}]}<\/script>\n<!-- \/ Yoast SEO Premium plugin. -->","yoast_head_json":{"title":"Ungarn, Tschechien, Slowakei \u2013 Dreier-Allianz gegen Br\u00fcsseler Kriegstreiberei - just-now.NEWS Deutschland","robots":{"index":"index","follow":"follow","max-snippet":"max-snippet:-1","max-image-preview":"max-image-preview:large","max-video-preview":"max-video-preview:-1"},"canonical":"https:\/\/now-news.de\/de\/deutschland\/ungarn-tschechien-slowakei-dreier-allianz-gegen-bruesseler-kriegstreiberei\/","og_locale":"de_DE","og_type":"article","og_title":"Ungarn, Tschechien, Slowakei \u2013 Dreier-Allianz gegen Br\u00fcsseler Kriegstreiberei","og_description":"Nach dem Sieg von Andrej Babis in Tschechien bekam die Fraktion der Gegner der Ukraine-Politik der EU Zulauf. Ungarn bem\u00fcht sich, die Kr\u00e4fte zu b\u00fcndeln. Das Konzept hat Aussichten auf Erfolg, zumal auch in anderen EU-L\u00e4ndern Wahlsiege von Gegnern der EU-Ukraine-Politik m\u00f6glich sind. Das gr\u00f6\u00dfte Hindernis auf dem Weg zu einer Friedensl\u00f6sung im Ukraine-Konflikt ist [&hellip;]","og_url":"https:\/\/now-news.de\/de\/deutschland\/ungarn-tschechien-slowakei-dreier-allianz-gegen-bruesseler-kriegstreiberei\/","og_site_name":"just-now.NEWS Deutschland","article_publisher":"https:\/\/www.facebook.com\/wirmachenauf","article_published_time":"2025-10-29T19:51:43+00:00","og_image":[{"url":"https:\/\/now-news.de\/de\/wp-content\/uploads\/sites\/3\/2025\/10\/6902334248fbef785200de02.jpg"}],"author":"rtnews","twitter_card":"summary_large_image","twitter_creator":"@WirMachenAuf_de","twitter_site":"@WirMachenAuf_de","twitter_misc":{"Verfasst von":"rtnews","Gesch\u00e4tzte Lesezeit":"2\u00a0Minuten"},"schema":{"@context":"https:\/\/schema.org","@graph":[{"@type":"Article","@id":"https:\/\/now-news.de\/de\/deutschland\/ungarn-tschechien-slowakei-dreier-allianz-gegen-bruesseler-kriegstreiberei\/#article","isPartOf":{"@id":"https:\/\/now-news.de\/de\/deutschland\/ungarn-tschechien-slowakei-dreier-allianz-gegen-bruesseler-kriegstreiberei\/"},"author":{"name":"rtnews","@id":"https:\/\/now-news.de\/de\/#\/schema\/person\/fb534a4e865501d8b3285208df34a9b5"},"headline":"Ungarn, Tschechien, Slowakei \u2013 Dreier-Allianz gegen Br\u00fcsseler Kriegstreiberei","datePublished":"2025-10-29T19:51:43+00:00","dateModified":"2025-10-29T19:51:43+00:00","mainEntityOfPage":{"@id":"https:\/\/now-news.de\/de\/deutschland\/ungarn-tschechien-slowakei-dreier-allianz-gegen-bruesseler-kriegstreiberei\/"},"wordCount":400,"commentCount":0,"publisher":{"@id":"https:\/\/now-news.de\/de\/#organization"},"image":{"@id":"https:\/\/now-news.de\/de\/deutschland\/ungarn-tschechien-slowakei-dreier-allianz-gegen-bruesseler-kriegstreiberei\/#primaryimage"},"thumbnailUrl":"https:\/\/now-news.de\/de\/wp-content\/uploads\/sites\/3\/2025\/10\/Ungarn-Tschechien-Slowakei-\u2013-Dreier-Allianz-gegen-Bruesseler-Kriegstreiberei.jpg","keywords":["Br\u00fcsseler","DreierAllianz","gegen","Kriegstreiberei","Slowakei","Tschechien","Ungarn"],"articleSection":["Deutschland","Russland"],"inLanguage":"de","potentialAction":[{"@type":"CommentAction","name":"Comment","target":["https:\/\/now-news.de\/de\/deutschland\/ungarn-tschechien-slowakei-dreier-allianz-gegen-bruesseler-kriegstreiberei\/#respond"]}]},{"@type":"WebPage","@id":"https:\/\/now-news.de\/de\/deutschland\/ungarn-tschechien-slowakei-dreier-allianz-gegen-bruesseler-kriegstreiberei\/","url":"https:\/\/now-news.de\/de\/deutschland\/ungarn-tschechien-slowakei-dreier-allianz-gegen-bruesseler-kriegstreiberei\/","name":"Ungarn, Tschechien, Slowakei \u2013 Dreier-Allianz gegen Br\u00fcsseler Kriegstreiberei - just-now.NEWS Deutschland","isPartOf":{"@id":"https:\/\/now-news.de\/de\/#website"},"primaryImageOfPage":{"@id":"https:\/\/now-news.de\/de\/deutschland\/ungarn-tschechien-slowakei-dreier-allianz-gegen-bruesseler-kriegstreiberei\/#primaryimage"},"image":{"@id":"https:\/\/now-news.de\/de\/deutschland\/ungarn-tschechien-slowakei-dreier-allianz-gegen-bruesseler-kriegstreiberei\/#primaryimage"},"thumbnailUrl":"https:\/\/now-news.de\/de\/wp-content\/uploads\/sites\/3\/2025\/10\/Ungarn-Tschechien-Slowakei-\u2013-Dreier-Allianz-gegen-Bruesseler-Kriegstreiberei.jpg","datePublished":"2025-10-29T19:51:43+00:00","dateModified":"2025-10-29T19:51:43+00:00","breadcrumb":{"@id":"https:\/\/now-news.de\/de\/deutschland\/ungarn-tschechien-slowakei-dreier-allianz-gegen-bruesseler-kriegstreiberei\/#breadcrumb"},"inLanguage":"de","potentialAction":[{"@type":"ReadAction","target":["https:\/\/now-news.de\/de\/deutschland\/ungarn-tschechien-slowakei-dreier-allianz-gegen-bruesseler-kriegstreiberei\/"]}]},{"@type":"ImageObject","inLanguage":"de","@id":"https:\/\/now-news.de\/de\/deutschland\/ungarn-tschechien-slowakei-dreier-allianz-gegen-bruesseler-kriegstreiberei\/#primaryimage","url":"https:\/\/now-news.de\/de\/wp-content\/uploads\/sites\/3\/2025\/10\/Ungarn-Tschechien-Slowakei-\u2013-Dreier-Allianz-gegen-Bruesseler-Kriegstreiberei.jpg","contentUrl":"https:\/\/now-news.de\/de\/wp-content\/uploads\/sites\/3\/2025\/10\/Ungarn-Tschechien-Slowakei-\u2013-Dreier-Allianz-gegen-Bruesseler-Kriegstreiberei.jpg","width":460,"height":259,"caption":"Ungarn, Tschechien, Slowakei \u2013 Dreier-Allianz gegen Br\u00fcsseler Kriegstreiberei"},{"@type":"BreadcrumbList","@id":"https:\/\/now-news.de\/de\/deutschland\/ungarn-tschechien-slowakei-dreier-allianz-gegen-bruesseler-kriegstreiberei\/#breadcrumb","itemListElement":[{"@type":"ListItem","position":1,"name":"Home","item":"https:\/\/now-news.de\/de\/"},{"@type":"ListItem","position":2,"name":"Ungarn, Tschechien, Slowakei \u2013 Dreier-Allianz gegen Br\u00fcsseler Kriegstreiberei"}]},{"@type":"WebSite","@id":"https:\/\/now-news.de\/de\/#website","url":"https:\/\/now-news.de\/de\/","name":"just-now.NEWS Deutschland","description":"Das Portal f\u00fcr unzensierte Nachrichten aus der Welt","publisher":{"@id":"https:\/\/now-news.de\/de\/#organization"},"potentialAction":[{"@type":"SearchAction","target":{"@type":"EntryPoint","urlTemplate":"https:\/\/now-news.de\/de\/?s={search_term_string}"},"query-input":"required name=search_term_string"}],"inLanguage":"de"},{"@type":"Organization","@id":"https:\/\/now-news.de\/de\/#organization","name":"Just Now News","url":"https:\/\/now-news.de\/de\/","logo":{"@type":"ImageObject","inLanguage":"de","@id":"https:\/\/now-news.de\/de\/#\/schema\/logo\/image\/","url":"http:\/\/just-now.news\/de\/wp-content\/uploads\/sites\/3\/2022\/04\/logo500x500.jpg","contentUrl":"http:\/\/just-now.news\/de\/wp-content\/uploads\/sites\/3\/2022\/04\/logo500x500.jpg","width":500,"height":500,"caption":"Just Now News"},"image":{"@id":"https:\/\/now-news.de\/de\/#\/schema\/logo\/image\/"},"sameAs":["https:\/\/www.facebook.com\/wirmachenauf","https:\/\/x.com\/WirMachenAuf_de"]},{"@type":"Person","@id":"https:\/\/now-news.de\/de\/#\/schema\/person\/fb534a4e865501d8b3285208df34a9b5","name":"rtnews","image":{"@type":"ImageObject","inLanguage":"de","@id":"https:\/\/now-news.de\/de\/#\/schema\/person\/image\/","url":"https:\/\/secure.gravatar.com\/avatar\/82aafea7d8127119dd649515f56e2117?s=96&d=mm&r=g","contentUrl":"https:\/\/secure.gravatar.com\/avatar\/82aafea7d8127119dd649515f56e2117?s=96&d=mm&r=g","caption":"rtnews"},"url":"https:\/\/now-news.de\/de\/author\/rnews\/"}]}},"_links":{"self":[{"href":"https:\/\/now-news.de\/de\/wp-json\/wp\/v2\/posts\/93060"}],"collection":[{"href":"https:\/\/now-news.de\/de\/wp-json\/wp\/v2\/posts"}],"about":[{"href":"https:\/\/now-news.de\/de\/wp-json\/wp\/v2\/types\/post"}],"author":[{"embeddable":true,"href":"https:\/\/now-news.de\/de\/wp-json\/wp\/v2\/users\/3"}],"replies":[{"embeddable":true,"href":"https:\/\/now-news.de\/de\/wp-json\/wp\/v2\/comments?post=93060"}],"version-history":[{"count":0,"href":"https:\/\/now-news.de\/de\/wp-json\/wp\/v2\/posts\/93060\/revisions"}],"wp:featuredmedia":[{"embeddable":true,"href":"https:\/\/now-news.de\/de\/wp-json\/wp\/v2\/media\/93061"}],"wp:attachment":[{"href":"https:\/\/now-news.de\/de\/wp-json\/wp\/v2\/media?parent=93060"}],"wp:term":[{"taxonomy":"category","embeddable":true,"href":"https:\/\/now-news.de\/de\/wp-json\/wp\/v2\/categories?post=93060"},{"taxonomy":"post_tag","embeddable":true,"href":"https:\/\/now-news.de\/de\/wp-json\/wp\/v2\/tags?post=93060"}],"curies":[{"name":"wp","href":"https:\/\/api.w.org\/{rel}","templated":true}]}}