{"id":92982,"date":"2025-10-28T17:49:23","date_gmt":"2025-10-28T15:49:23","guid":{"rendered":"https:\/\/now-news.de\/de\/deutschland\/jahrhundert-hurrikan-melissa-jamaikaner-verweigern-evakuierungen-wegen-schlechter-erfahrungen\/"},"modified":"2025-10-28T17:49:23","modified_gmt":"2025-10-28T15:49:23","slug":"jahrhundert-hurrikan-melissa-jamaikaner-verweigern-evakuierungen-wegen-schlechter-erfahrungen","status":"publish","type":"post","link":"https:\/\/now-news.de\/de\/deutschland\/jahrhundert-hurrikan-melissa-jamaikaner-verweigern-evakuierungen-wegen-schlechter-erfahrungen\/","title":{"rendered":"Jahrhundert-Hurrikan Melissa: Jamaikaner verweigern Evakuierungen wegen &quot;schlechter Erfahrungen&quot;"},"content":{"rendered":"<p><img decoding=\"async\" src=\"https:\/\/now-news.de\/de\/wp-content\/uploads\/sites\/3\/2025\/10\/6900d9b8b480cc475c10e557.jpg\" \/><\/p>\n<div class=\"Text-root Text-type_1 \">\n                Melissa sei der schlimmste Sturm, der je gemessen wurde, oder der je in diesem Jahr gemessen wurde, oder der je auf Jamaika getroffen sei. Die Berichterstattung ist sich nur in einem einig: Die Jamaikaner sind bedroht. Aber viele wollen sich gar nicht evakuieren lassen und bleiben lieber in ihren H\u00e4usern.\n            <\/div>\n<p><\/p>\n<div class=\"Text-root Text-type_5 ArticleView-text ViewText-root \">\n<p>Die Medien warnen vor einem Katastrophen-Hurrikan in der Karibik. <em>Reuters<\/em>\u00a0bewertet das Ereignis als\u00a0<a rel=\"nofollow noopener\" target=\"_blank\" href=\"https:\/\/www.reuters.com\/sustainability\/climate-energy\/wmo-says-hurricane-melissa-will-be-jamaicas-worst-storm-this-century-2025-10-28\/\">schlimmsten Sturm des Jahrhunderts<\/a>, w\u00e4hrend es f\u00fcr die <em>BBC<\/em> der <a rel=\"nofollow noopener\" target=\"_blank\" href=\"https:\/\/www.bbc.com\/news\/live\/cvgvexdjp1xt\">st\u00e4rkste Sturm dieses Jahres ist<\/a>. Und der <em>WDR<\/em> wei\u00df immerhin noch <a rel=\"nofollow noopener\" target=\"_blank\" href=\"https:\/\/www1.wdr.de\/nachrichten\/hurrikan-melissa-erreicht-jamaika-100.html\">zu berichten<\/a>, dass es sich um den st\u00e4rksten, Sturm handele, den man je auf Jamaika gemessen habe.<\/p>\n<p>Die angek\u00fcndigte gro\u00dfe Katastrophe wird seit Tagen medial begleitet und mit Livetickern auf den neuesten Stand gebracht. Heute trifft Hurrikan &#8220;Melissa&#8221; auf die karibische Insel Jamaika. Der Sturm wird als sogenannter Kategorie 5 Hurrikan eingeordnet und soll B\u00f6en von rund 300 Kilometern pro Stunde mit sich bringen. Seit dem Wochenende kl\u00e4rte auch <em>n-tv\u00a0<\/em>\u00fcber die zu erwartende Katastrophe auf.\u00a0<\/p>\n<p>Am fr\u00fchen Dienstagnachmittag\u00a0<a rel=\"nofollow noopener\" target=\"_blank\" href=\"https:\/\/www.n-tv.de\/panorama\/Rekord-Hurrikan-Melissa-trifft-Jamaika-mit-voller-Wucht-article26124896.html\">berichtete<\/a>\u00a0der Sender, dass die ersten Ausl\u00e4ufer des Sturms, die sich \u00fcber hunderte von Kilometern erstreckten, mittlerweile auf die Insel tr\u00e4fen. Allm\u00e4hlich w\u00fcrde sich der Sturm dort intensivieren und auch die Hauptstadt Kingston nicht verschonen.\u00a0Die gef\u00e4hrlichsten Windgeschwindigkeiten spielten sich im Wolkenkranz um das Auge des Sturms ab. Die bisher gemessenen Windspitzen von bis zu 315 Kilometern pro Stunde machten &#8220;Melissa&#8221; in der Karibik zum st\u00e4rksten Sturm seit Beginn der Wetteraufzeichnungen, so <em>n-tv<\/em>.<\/p>\n<p>Neben den hohen Windgeschwindigkeiten w\u00fcrden in den n\u00e4chsten 24 Stunden auch sintflutartige Regenf\u00e4lle erwartet, die mehrere Stunden andauern k\u00f6nnten. Der Sender\u00a0prognostizierte f\u00fcr die Region zwischen 500 und 800 Litern innerhalb von 24 Stunden. An der K\u00fcste drohten Wellen bis zu 4 Metern H\u00f6he und \u00dcberflutungen. Man rechne mit katastrophalen Folgen.<\/p>\n<p>Da sich &#8220;Melissa&#8221; relativ langsam auf Jamaika zubewege,\u00a0<a rel=\"nofollow noopener\" target=\"_blank\" href=\"https:\/\/www1.wdr.de\/nachrichten\/hurrikan-melissa-erreicht-jamaika-100.html\">schreibt<\/a> der <em>WDR<\/em>, rechne man auch damit, dass er lange \u00fcber dem Land bleiben und umso mehr Schaden anrichten k\u00f6nne.\u00a0Bereits im Vorfeld, als nur erste Ausl\u00e4ufer die Insel erreichten, meldeten die Beh\u00f6rden Erdrutsche, umgeknickte B\u00e4ume und Stromausf\u00e4lle. Einen durchziehenden Hurrikan der h\u00f6chsten Kategorie 5 k\u00f6nne kein sich auf seinem Weg befindendes Bauwerk unbeschadet \u00fcberstehen. So warnte der jamaikanische Premierminister Andrew Holness, der dieses Amt seit 2016 innehat, die ans\u00e4ssigen Bewohner.\u00a0<\/p>\n<p>Dem <em>WDR-<\/em>Bericht zufolge habe der Sturm, schon bevor er die jamaikanische K\u00fcste mit voller Wucht erreicht habe, mehrere Todesopfer in der Karibik verursacht: drei in Haiti, eines in der benachbarten Dominikanischen Republik und drei auf Jamaika.\u00a0Seit der vergangenen Nacht w\u00fcrden sich viele Bewohner sowohl in Notunterk\u00fcnften als auch in ihren H\u00e4usern verschanzen und dort ausharren, bis die Gefahr vor\u00fcber sei.<\/p>\n<p>Zuvor wurden die Inselbev\u00f6lkerung vom US-Hurrikan-Zentrum (NHC) vor &#8220;katastrophalen \u00dcberschwemmungen&#8221; gewarnt und dazu aufgerufen, sich in Sicherheit zu bringen bzw. ihre Wohnst\u00e4tten zu verlassen. Die Evakuierungsanweisung h\u00e4tten die meisten Bewohner aber ignoriert. Die meisten Familien seien in den hochwassergef\u00e4hrdeten Orten geblieben. Sie seien nicht den von der Regierung angeordneten Evakuierungen gefolgt, berichtete Colin Bogle, ein Berater der Hilfsorganisation Mercy Corps in der N\u00e4he von Jamaikas Hauptstadt Kingston.<\/p>\n<\/p>\n<p>Der <em>WDR<\/em> zitierte dazu die Aussage von Roy Brown aus der Hafenstadt Port Royal: &#8220;Ich gehe nicht weg&#8221;, erkl\u00e4rte dieser und verwies auf schlechte Erfahrungen mit den staatlichen Hurrikan-Schutzunterk\u00fcnften in der Vergangenheit. Entsprechend habe sich auch die Fischerin Jennifer Ramdial ge\u00e4u\u00dfert: &#8220;Ich will einfach nicht weg.&#8221; Offenbar kann man eine Bev\u00f6lkerung trotz Katastrophenank\u00fcndigung nicht in jedem Fall dazu bewegen, ihre H\u00e4user zu verlassen.\u00a0<\/p>\n<p>Der Sturm sei mittlerweile auf Jamaika eingetroffen,\u00a0<a rel=\"nofollow noopener\" target=\"_blank\" href=\"https:\/\/www.bbc.com\/news\/live\/cvgvexdjp1xt\">meldet <\/a>die <em>BBC<\/em> um 15:24 Uhr. Die normale Stromversorgung sei bereits zusammen gebrochen. Daf\u00fcr liefen nun Generatoren.\u00a0In einer Kurzmeldung zitiert die <em>BBC<\/em> Beobachtungen von zwei Menschen auf Jamaika:\u00a0Eine Britin habe dem britischen Medium berichtet: &#8220;Es gibt dieses seltsame Dr\u00f6hnen \u2026 als w\u00fcrde etwas kommen&#8221;, und ein Jamaikaner sagte: &#8220;Die Winde sind so stark, dass man nicht stehen bleiben kann.&#8221;<\/p>\n<p>Im Gegensatz zu seiner offiziellen Unabh\u00e4ngigkeit im Jahr 1962 untersteht Jamaika formell dem Staatsoberhaupt K\u00f6nig Charles III. aus Gro\u00dfbritannien. Der britische K\u00f6nig hat dort einen Stellvertreter als Generalgouverneur ernannt, der die zum britischen Commonwealth geh\u00f6rige Insel regiert.<\/p>\n<p><strong>Mehr zum Thema &#8211;<\/strong>\u00a0<a rel=\"nofollow noopener\" target=\"_blank\" href=\"https:\/\/dert.online\/international\/225348-russland-laesst-kuba-nicht-im-stich\/\">Russland l\u00e4sst Kuba nicht im Stich: Millionenhilfe nach Hurrikanen und Investitionen in Tourismus<\/a>\u00a0<\/p>\n<div class=\"EmbedBlock-root EmbedBlock-externalVideo EmbedBlock-rumble\">\n<div class=\"VkEmbed\"><iframe class=\"lazyload\" data-src=\"https:\/\/rumble.com\/embed\/v5qn2t5\" frameborder=\"0\" width=\"853\" height=\"480\" allowfullscreen><\/iframe><\/div>\n<\/div>\n<\/div>\n<p><br \/>\n<br \/><a href=\"https:\/\/de.rt.com\/amerika\/260169-hurrikan-sturm-melissa-jamaikaner-verweigern\/\">Source link <\/a><\/p>\n","protected":false},"excerpt":{"rendered":"<p>Melissa sei der schlimmste Sturm, der je gemessen wurde, oder der je in diesem Jahr gemessen wurde, oder der je auf Jamaika getroffen sei. Die Berichterstattung ist sich nur in einem einig: Die Jamaikaner sind bedroht. Aber viele wollen sich gar nicht evakuieren lassen und bleiben lieber in ihren H\u00e4usern. Die Medien warnen vor einem [&hellip;]<\/p>\n","protected":false},"author":3,"featured_media":92983,"comment_status":"open","ping_status":"open","sticky":false,"template":"","format":"standard","meta":{"_yoast_indexnow_last_ping":["1761668125"],"wp_automatic_camp":["217"],"8d53f1652453ca7228c3d89c1b0f7c81":["Jahrhundert-Hurrikan Melissa: Jamaikaner verweigern Evakuierungen wegen &quot;schlechter Erfahrungen&quot;"],"original_link":["https:\/\/de.rt.com\/amerika\/260169-hurrikan-sturm-melissa-jamaikaner-verweigern\/"],"_thumbnail_id":["92983"],"jnews_social_counter_last_update":["1777462734"],"_wptgpro_p2tg_sent2tg":["a:1:{i:23737;s:19:\"2025-10-28 18:16:36\";}"]},"categories":[19,23],"tags":[68760,57366,68758,68759,4677,32665,20272,145],"yoast_head":"<!-- This site is optimized with the Yoast SEO Premium plugin v22.7 (Yoast SEO v22.7) - https:\/\/yoast.com\/wordpress\/plugins\/seo\/ -->\n<title>Jahrhundert-Hurrikan Melissa: Jamaikaner verweigern Evakuierungen wegen &quot;schlechter Erfahrungen&quot; - just-now.NEWS Deutschland<\/title>\n<meta name=\"robots\" content=\"index, follow, max-snippet:-1, max-image-preview:large, max-video-preview:-1\" \/>\n<link rel=\"canonical\" href=\"https:\/\/now-news.de\/de\/deutschland\/jahrhundert-hurrikan-melissa-jamaikaner-verweigern-evakuierungen-wegen-schlechter-erfahrungen\/\" \/>\n<meta property=\"og:locale\" content=\"de_DE\" \/>\n<meta property=\"og:type\" content=\"article\" \/>\n<meta property=\"og:title\" content=\"Jahrhundert-Hurrikan Melissa: Jamaikaner verweigern Evakuierungen wegen &quot;schlechter Erfahrungen&quot;\" \/>\n<meta property=\"og:description\" content=\"Melissa sei der schlimmste Sturm, der je gemessen wurde, oder der je in diesem Jahr gemessen wurde, oder der je auf Jamaika getroffen sei. Die Berichterstattung ist sich nur in einem einig: Die Jamaikaner sind bedroht. Aber viele wollen sich gar nicht evakuieren lassen und bleiben lieber in ihren H\u00e4usern. Die Medien warnen vor einem [&hellip;]\" \/>\n<meta property=\"og:url\" content=\"https:\/\/now-news.de\/de\/deutschland\/jahrhundert-hurrikan-melissa-jamaikaner-verweigern-evakuierungen-wegen-schlechter-erfahrungen\/\" \/>\n<meta property=\"og:site_name\" content=\"just-now.NEWS Deutschland\" \/>\n<meta property=\"article:publisher\" content=\"https:\/\/www.facebook.com\/wirmachenauf\" \/>\n<meta property=\"article:published_time\" content=\"2025-10-28T15:49:23+00:00\" \/>\n<meta property=\"og:image\" content=\"https:\/\/now-news.de\/de\/wp-content\/uploads\/sites\/3\/2025\/10\/6900d9b8b480cc475c10e557.jpg\" \/>\n<meta name=\"author\" content=\"rtnews\" \/>\n<meta name=\"twitter:card\" content=\"summary_large_image\" \/>\n<meta name=\"twitter:creator\" content=\"@WirMachenAuf_de\" \/>\n<meta name=\"twitter:site\" content=\"@WirMachenAuf_de\" \/>\n<meta name=\"twitter:label1\" content=\"Verfasst von\" \/>\n\t<meta name=\"twitter:data1\" content=\"rtnews\" \/>\n\t<meta name=\"twitter:label2\" content=\"Gesch\u00e4tzte Lesezeit\" \/>\n\t<meta name=\"twitter:data2\" content=\"4\u00a0Minuten\" \/>\n<script type=\"application\/ld+json\" class=\"yoast-schema-graph\">{\"@context\":\"https:\/\/schema.org\",\"@graph\":[{\"@type\":\"Article\",\"@id\":\"https:\/\/now-news.de\/de\/deutschland\/jahrhundert-hurrikan-melissa-jamaikaner-verweigern-evakuierungen-wegen-schlechter-erfahrungen\/#article\",\"isPartOf\":{\"@id\":\"https:\/\/now-news.de\/de\/deutschland\/jahrhundert-hurrikan-melissa-jamaikaner-verweigern-evakuierungen-wegen-schlechter-erfahrungen\/\"},\"author\":{\"name\":\"rtnews\",\"@id\":\"https:\/\/now-news.de\/de\/#\/schema\/person\/fb534a4e865501d8b3285208df34a9b5\"},\"headline\":\"Jahrhundert-Hurrikan Melissa: Jamaikaner verweigern Evakuierungen wegen &quot;schlechter Erfahrungen&quot;\",\"datePublished\":\"2025-10-28T15:49:23+00:00\",\"dateModified\":\"2025-10-28T15:49:23+00:00\",\"mainEntityOfPage\":{\"@id\":\"https:\/\/now-news.de\/de\/deutschland\/jahrhundert-hurrikan-melissa-jamaikaner-verweigern-evakuierungen-wegen-schlechter-erfahrungen\/\"},\"wordCount\":737,\"commentCount\":0,\"publisher\":{\"@id\":\"https:\/\/now-news.de\/de\/#organization\"},\"image\":{\"@id\":\"https:\/\/now-news.de\/de\/deutschland\/jahrhundert-hurrikan-melissa-jamaikaner-verweigern-evakuierungen-wegen-schlechter-erfahrungen\/#primaryimage\"},\"thumbnailUrl\":\"https:\/\/now-news.de\/de\/wp-content\/uploads\/sites\/3\/2025\/10\/Jahrhundert-Hurrikan-Melissa-Jamaikaner-verweigern-Evakuierungen-wegen-quotschlechter-Erfahrungenquot.jpg\",\"keywords\":[\"Erfahrungenquot\",\"Evakuierungen\",\"JahrhundertHurrikan\",\"Jamaikaner\",\"Melissa\",\"quotSchlechter\",\"verweigern\",\"wegen\"],\"articleSection\":[\"Deutschland\",\"Russland\"],\"inLanguage\":\"de\",\"potentialAction\":[{\"@type\":\"CommentAction\",\"name\":\"Comment\",\"target\":[\"https:\/\/now-news.de\/de\/deutschland\/jahrhundert-hurrikan-melissa-jamaikaner-verweigern-evakuierungen-wegen-schlechter-erfahrungen\/#respond\"]}]},{\"@type\":\"WebPage\",\"@id\":\"https:\/\/now-news.de\/de\/deutschland\/jahrhundert-hurrikan-melissa-jamaikaner-verweigern-evakuierungen-wegen-schlechter-erfahrungen\/\",\"url\":\"https:\/\/now-news.de\/de\/deutschland\/jahrhundert-hurrikan-melissa-jamaikaner-verweigern-evakuierungen-wegen-schlechter-erfahrungen\/\",\"name\":\"Jahrhundert-Hurrikan Melissa: Jamaikaner verweigern Evakuierungen wegen &quot;schlechter Erfahrungen&quot; - just-now.NEWS Deutschland\",\"isPartOf\":{\"@id\":\"https:\/\/now-news.de\/de\/#website\"},\"primaryImageOfPage\":{\"@id\":\"https:\/\/now-news.de\/de\/deutschland\/jahrhundert-hurrikan-melissa-jamaikaner-verweigern-evakuierungen-wegen-schlechter-erfahrungen\/#primaryimage\"},\"image\":{\"@id\":\"https:\/\/now-news.de\/de\/deutschland\/jahrhundert-hurrikan-melissa-jamaikaner-verweigern-evakuierungen-wegen-schlechter-erfahrungen\/#primaryimage\"},\"thumbnailUrl\":\"https:\/\/now-news.de\/de\/wp-content\/uploads\/sites\/3\/2025\/10\/Jahrhundert-Hurrikan-Melissa-Jamaikaner-verweigern-Evakuierungen-wegen-quotschlechter-Erfahrungenquot.jpg\",\"datePublished\":\"2025-10-28T15:49:23+00:00\",\"dateModified\":\"2025-10-28T15:49:23+00:00\",\"breadcrumb\":{\"@id\":\"https:\/\/now-news.de\/de\/deutschland\/jahrhundert-hurrikan-melissa-jamaikaner-verweigern-evakuierungen-wegen-schlechter-erfahrungen\/#breadcrumb\"},\"inLanguage\":\"de\",\"potentialAction\":[{\"@type\":\"ReadAction\",\"target\":[\"https:\/\/now-news.de\/de\/deutschland\/jahrhundert-hurrikan-melissa-jamaikaner-verweigern-evakuierungen-wegen-schlechter-erfahrungen\/\"]}]},{\"@type\":\"ImageObject\",\"inLanguage\":\"de\",\"@id\":\"https:\/\/now-news.de\/de\/deutschland\/jahrhundert-hurrikan-melissa-jamaikaner-verweigern-evakuierungen-wegen-schlechter-erfahrungen\/#primaryimage\",\"url\":\"https:\/\/now-news.de\/de\/wp-content\/uploads\/sites\/3\/2025\/10\/Jahrhundert-Hurrikan-Melissa-Jamaikaner-verweigern-Evakuierungen-wegen-quotschlechter-Erfahrungenquot.jpg\",\"contentUrl\":\"https:\/\/now-news.de\/de\/wp-content\/uploads\/sites\/3\/2025\/10\/Jahrhundert-Hurrikan-Melissa-Jamaikaner-verweigern-Evakuierungen-wegen-quotschlechter-Erfahrungenquot.jpg\",\"width\":460,\"height\":259,\"caption\":\"Jahrhundert-Hurrikan Melissa: Jamaikaner verweigern Evakuierungen wegen &quot;schlechter Erfahrungen&quot;\"},{\"@type\":\"BreadcrumbList\",\"@id\":\"https:\/\/now-news.de\/de\/deutschland\/jahrhundert-hurrikan-melissa-jamaikaner-verweigern-evakuierungen-wegen-schlechter-erfahrungen\/#breadcrumb\",\"itemListElement\":[{\"@type\":\"ListItem\",\"position\":1,\"name\":\"Home\",\"item\":\"https:\/\/now-news.de\/de\/\"},{\"@type\":\"ListItem\",\"position\":2,\"name\":\"Jahrhundert-Hurrikan Melissa: Jamaikaner verweigern Evakuierungen wegen &quot;schlechter Erfahrungen&quot;\"}]},{\"@type\":\"WebSite\",\"@id\":\"https:\/\/now-news.de\/de\/#website\",\"url\":\"https:\/\/now-news.de\/de\/\",\"name\":\"just-now.NEWS Deutschland\",\"description\":\"Das Portal f\u00fcr unzensierte Nachrichten aus der Welt\",\"publisher\":{\"@id\":\"https:\/\/now-news.de\/de\/#organization\"},\"potentialAction\":[{\"@type\":\"SearchAction\",\"target\":{\"@type\":\"EntryPoint\",\"urlTemplate\":\"https:\/\/now-news.de\/de\/?s={search_term_string}\"},\"query-input\":\"required name=search_term_string\"}],\"inLanguage\":\"de\"},{\"@type\":\"Organization\",\"@id\":\"https:\/\/now-news.de\/de\/#organization\",\"name\":\"Just Now News\",\"url\":\"https:\/\/now-news.de\/de\/\",\"logo\":{\"@type\":\"ImageObject\",\"inLanguage\":\"de\",\"@id\":\"https:\/\/now-news.de\/de\/#\/schema\/logo\/image\/\",\"url\":\"http:\/\/just-now.news\/de\/wp-content\/uploads\/sites\/3\/2022\/04\/logo500x500.jpg\",\"contentUrl\":\"http:\/\/just-now.news\/de\/wp-content\/uploads\/sites\/3\/2022\/04\/logo500x500.jpg\",\"width\":500,\"height\":500,\"caption\":\"Just Now News\"},\"image\":{\"@id\":\"https:\/\/now-news.de\/de\/#\/schema\/logo\/image\/\"},\"sameAs\":[\"https:\/\/www.facebook.com\/wirmachenauf\",\"https:\/\/x.com\/WirMachenAuf_de\"]},{\"@type\":\"Person\",\"@id\":\"https:\/\/now-news.de\/de\/#\/schema\/person\/fb534a4e865501d8b3285208df34a9b5\",\"name\":\"rtnews\",\"image\":{\"@type\":\"ImageObject\",\"inLanguage\":\"de\",\"@id\":\"https:\/\/now-news.de\/de\/#\/schema\/person\/image\/\",\"url\":\"https:\/\/secure.gravatar.com\/avatar\/82aafea7d8127119dd649515f56e2117?s=96&d=mm&r=g\",\"contentUrl\":\"https:\/\/secure.gravatar.com\/avatar\/82aafea7d8127119dd649515f56e2117?s=96&d=mm&r=g\",\"caption\":\"rtnews\"},\"url\":\"https:\/\/now-news.de\/de\/author\/rnews\/\"}]}<\/script>\n<!-- \/ Yoast SEO Premium plugin. -->","yoast_head_json":{"title":"Jahrhundert-Hurrikan Melissa: Jamaikaner verweigern Evakuierungen wegen &quot;schlechter Erfahrungen&quot; - just-now.NEWS Deutschland","robots":{"index":"index","follow":"follow","max-snippet":"max-snippet:-1","max-image-preview":"max-image-preview:large","max-video-preview":"max-video-preview:-1"},"canonical":"https:\/\/now-news.de\/de\/deutschland\/jahrhundert-hurrikan-melissa-jamaikaner-verweigern-evakuierungen-wegen-schlechter-erfahrungen\/","og_locale":"de_DE","og_type":"article","og_title":"Jahrhundert-Hurrikan Melissa: Jamaikaner verweigern Evakuierungen wegen &quot;schlechter Erfahrungen&quot;","og_description":"Melissa sei der schlimmste Sturm, der je gemessen wurde, oder der je in diesem Jahr gemessen wurde, oder der je auf Jamaika getroffen sei. Die Berichterstattung ist sich nur in einem einig: Die Jamaikaner sind bedroht. Aber viele wollen sich gar nicht evakuieren lassen und bleiben lieber in ihren H\u00e4usern. Die Medien warnen vor einem [&hellip;]","og_url":"https:\/\/now-news.de\/de\/deutschland\/jahrhundert-hurrikan-melissa-jamaikaner-verweigern-evakuierungen-wegen-schlechter-erfahrungen\/","og_site_name":"just-now.NEWS Deutschland","article_publisher":"https:\/\/www.facebook.com\/wirmachenauf","article_published_time":"2025-10-28T15:49:23+00:00","og_image":[{"url":"https:\/\/now-news.de\/de\/wp-content\/uploads\/sites\/3\/2025\/10\/6900d9b8b480cc475c10e557.jpg"}],"author":"rtnews","twitter_card":"summary_large_image","twitter_creator":"@WirMachenAuf_de","twitter_site":"@WirMachenAuf_de","twitter_misc":{"Verfasst von":"rtnews","Gesch\u00e4tzte Lesezeit":"4\u00a0Minuten"},"schema":{"@context":"https:\/\/schema.org","@graph":[{"@type":"Article","@id":"https:\/\/now-news.de\/de\/deutschland\/jahrhundert-hurrikan-melissa-jamaikaner-verweigern-evakuierungen-wegen-schlechter-erfahrungen\/#article","isPartOf":{"@id":"https:\/\/now-news.de\/de\/deutschland\/jahrhundert-hurrikan-melissa-jamaikaner-verweigern-evakuierungen-wegen-schlechter-erfahrungen\/"},"author":{"name":"rtnews","@id":"https:\/\/now-news.de\/de\/#\/schema\/person\/fb534a4e865501d8b3285208df34a9b5"},"headline":"Jahrhundert-Hurrikan Melissa: Jamaikaner verweigern Evakuierungen wegen &quot;schlechter Erfahrungen&quot;","datePublished":"2025-10-28T15:49:23+00:00","dateModified":"2025-10-28T15:49:23+00:00","mainEntityOfPage":{"@id":"https:\/\/now-news.de\/de\/deutschland\/jahrhundert-hurrikan-melissa-jamaikaner-verweigern-evakuierungen-wegen-schlechter-erfahrungen\/"},"wordCount":737,"commentCount":0,"publisher":{"@id":"https:\/\/now-news.de\/de\/#organization"},"image":{"@id":"https:\/\/now-news.de\/de\/deutschland\/jahrhundert-hurrikan-melissa-jamaikaner-verweigern-evakuierungen-wegen-schlechter-erfahrungen\/#primaryimage"},"thumbnailUrl":"https:\/\/now-news.de\/de\/wp-content\/uploads\/sites\/3\/2025\/10\/Jahrhundert-Hurrikan-Melissa-Jamaikaner-verweigern-Evakuierungen-wegen-quotschlechter-Erfahrungenquot.jpg","keywords":["Erfahrungenquot","Evakuierungen","JahrhundertHurrikan","Jamaikaner","Melissa","quotSchlechter","verweigern","wegen"],"articleSection":["Deutschland","Russland"],"inLanguage":"de","potentialAction":[{"@type":"CommentAction","name":"Comment","target":["https:\/\/now-news.de\/de\/deutschland\/jahrhundert-hurrikan-melissa-jamaikaner-verweigern-evakuierungen-wegen-schlechter-erfahrungen\/#respond"]}]},{"@type":"WebPage","@id":"https:\/\/now-news.de\/de\/deutschland\/jahrhundert-hurrikan-melissa-jamaikaner-verweigern-evakuierungen-wegen-schlechter-erfahrungen\/","url":"https:\/\/now-news.de\/de\/deutschland\/jahrhundert-hurrikan-melissa-jamaikaner-verweigern-evakuierungen-wegen-schlechter-erfahrungen\/","name":"Jahrhundert-Hurrikan Melissa: Jamaikaner verweigern Evakuierungen wegen &quot;schlechter Erfahrungen&quot; - just-now.NEWS Deutschland","isPartOf":{"@id":"https:\/\/now-news.de\/de\/#website"},"primaryImageOfPage":{"@id":"https:\/\/now-news.de\/de\/deutschland\/jahrhundert-hurrikan-melissa-jamaikaner-verweigern-evakuierungen-wegen-schlechter-erfahrungen\/#primaryimage"},"image":{"@id":"https:\/\/now-news.de\/de\/deutschland\/jahrhundert-hurrikan-melissa-jamaikaner-verweigern-evakuierungen-wegen-schlechter-erfahrungen\/#primaryimage"},"thumbnailUrl":"https:\/\/now-news.de\/de\/wp-content\/uploads\/sites\/3\/2025\/10\/Jahrhundert-Hurrikan-Melissa-Jamaikaner-verweigern-Evakuierungen-wegen-quotschlechter-Erfahrungenquot.jpg","datePublished":"2025-10-28T15:49:23+00:00","dateModified":"2025-10-28T15:49:23+00:00","breadcrumb":{"@id":"https:\/\/now-news.de\/de\/deutschland\/jahrhundert-hurrikan-melissa-jamaikaner-verweigern-evakuierungen-wegen-schlechter-erfahrungen\/#breadcrumb"},"inLanguage":"de","potentialAction":[{"@type":"ReadAction","target":["https:\/\/now-news.de\/de\/deutschland\/jahrhundert-hurrikan-melissa-jamaikaner-verweigern-evakuierungen-wegen-schlechter-erfahrungen\/"]}]},{"@type":"ImageObject","inLanguage":"de","@id":"https:\/\/now-news.de\/de\/deutschland\/jahrhundert-hurrikan-melissa-jamaikaner-verweigern-evakuierungen-wegen-schlechter-erfahrungen\/#primaryimage","url":"https:\/\/now-news.de\/de\/wp-content\/uploads\/sites\/3\/2025\/10\/Jahrhundert-Hurrikan-Melissa-Jamaikaner-verweigern-Evakuierungen-wegen-quotschlechter-Erfahrungenquot.jpg","contentUrl":"https:\/\/now-news.de\/de\/wp-content\/uploads\/sites\/3\/2025\/10\/Jahrhundert-Hurrikan-Melissa-Jamaikaner-verweigern-Evakuierungen-wegen-quotschlechter-Erfahrungenquot.jpg","width":460,"height":259,"caption":"Jahrhundert-Hurrikan Melissa: Jamaikaner verweigern Evakuierungen wegen &quot;schlechter Erfahrungen&quot;"},{"@type":"BreadcrumbList","@id":"https:\/\/now-news.de\/de\/deutschland\/jahrhundert-hurrikan-melissa-jamaikaner-verweigern-evakuierungen-wegen-schlechter-erfahrungen\/#breadcrumb","itemListElement":[{"@type":"ListItem","position":1,"name":"Home","item":"https:\/\/now-news.de\/de\/"},{"@type":"ListItem","position":2,"name":"Jahrhundert-Hurrikan Melissa: Jamaikaner verweigern Evakuierungen wegen &quot;schlechter Erfahrungen&quot;"}]},{"@type":"WebSite","@id":"https:\/\/now-news.de\/de\/#website","url":"https:\/\/now-news.de\/de\/","name":"just-now.NEWS Deutschland","description":"Das Portal f\u00fcr unzensierte Nachrichten aus der Welt","publisher":{"@id":"https:\/\/now-news.de\/de\/#organization"},"potentialAction":[{"@type":"SearchAction","target":{"@type":"EntryPoint","urlTemplate":"https:\/\/now-news.de\/de\/?s={search_term_string}"},"query-input":"required name=search_term_string"}],"inLanguage":"de"},{"@type":"Organization","@id":"https:\/\/now-news.de\/de\/#organization","name":"Just Now News","url":"https:\/\/now-news.de\/de\/","logo":{"@type":"ImageObject","inLanguage":"de","@id":"https:\/\/now-news.de\/de\/#\/schema\/logo\/image\/","url":"http:\/\/just-now.news\/de\/wp-content\/uploads\/sites\/3\/2022\/04\/logo500x500.jpg","contentUrl":"http:\/\/just-now.news\/de\/wp-content\/uploads\/sites\/3\/2022\/04\/logo500x500.jpg","width":500,"height":500,"caption":"Just Now News"},"image":{"@id":"https:\/\/now-news.de\/de\/#\/schema\/logo\/image\/"},"sameAs":["https:\/\/www.facebook.com\/wirmachenauf","https:\/\/x.com\/WirMachenAuf_de"]},{"@type":"Person","@id":"https:\/\/now-news.de\/de\/#\/schema\/person\/fb534a4e865501d8b3285208df34a9b5","name":"rtnews","image":{"@type":"ImageObject","inLanguage":"de","@id":"https:\/\/now-news.de\/de\/#\/schema\/person\/image\/","url":"https:\/\/secure.gravatar.com\/avatar\/82aafea7d8127119dd649515f56e2117?s=96&d=mm&r=g","contentUrl":"https:\/\/secure.gravatar.com\/avatar\/82aafea7d8127119dd649515f56e2117?s=96&d=mm&r=g","caption":"rtnews"},"url":"https:\/\/now-news.de\/de\/author\/rnews\/"}]}},"_links":{"self":[{"href":"https:\/\/now-news.de\/de\/wp-json\/wp\/v2\/posts\/92982"}],"collection":[{"href":"https:\/\/now-news.de\/de\/wp-json\/wp\/v2\/posts"}],"about":[{"href":"https:\/\/now-news.de\/de\/wp-json\/wp\/v2\/types\/post"}],"author":[{"embeddable":true,"href":"https:\/\/now-news.de\/de\/wp-json\/wp\/v2\/users\/3"}],"replies":[{"embeddable":true,"href":"https:\/\/now-news.de\/de\/wp-json\/wp\/v2\/comments?post=92982"}],"version-history":[{"count":0,"href":"https:\/\/now-news.de\/de\/wp-json\/wp\/v2\/posts\/92982\/revisions"}],"wp:featuredmedia":[{"embeddable":true,"href":"https:\/\/now-news.de\/de\/wp-json\/wp\/v2\/media\/92983"}],"wp:attachment":[{"href":"https:\/\/now-news.de\/de\/wp-json\/wp\/v2\/media?parent=92982"}],"wp:term":[{"taxonomy":"category","embeddable":true,"href":"https:\/\/now-news.de\/de\/wp-json\/wp\/v2\/categories?post=92982"},{"taxonomy":"post_tag","embeddable":true,"href":"https:\/\/now-news.de\/de\/wp-json\/wp\/v2\/tags?post=92982"}],"curies":[{"name":"wp","href":"https:\/\/api.w.org\/{rel}","templated":true}]}}