{"id":92980,"date":"2025-10-28T17:57:51","date_gmt":"2025-10-28T15:57:51","guid":{"rendered":"https:\/\/now-news.de\/de\/deutschland\/lukaschenko-nennt-den-grund-fuer-stationierung-von-oreschnik-in-weissrussland\/"},"modified":"2025-10-28T17:57:51","modified_gmt":"2025-10-28T15:57:51","slug":"lukaschenko-nennt-den-grund-fuer-stationierung-von-oreschnik-in-weissrussland","status":"publish","type":"post","link":"https:\/\/now-news.de\/de\/deutschland\/lukaschenko-nennt-den-grund-fuer-stationierung-von-oreschnik-in-weissrussland\/","title":{"rendered":"Lukaschenko nennt den Grund f\u00fcr Stationierung von Oreschnik in Wei\u00dfrussland"},"content":{"rendered":"<p><img decoding=\"async\" src=\"https:\/\/now-news.de\/de\/wp-content\/uploads\/sites\/3\/2025\/10\/6900aa6fb480cc1f310a44b7.jpg\" \/><\/p>\n<div class=\"Text-root Text-type_1 \">\n                Der wei\u00dfrussische Pr\u00e4sident Lukaschenko h\u00e4lt die Stationierung der russischen Mittelstreckenrakete Oreschnik in der Republik nicht f\u00fcr einen aggressiven Schritt. Er betont, dass diese Sicherheitsma\u00dfnahme ausschlie\u00dflich die Reaktion auf die angespannte Lage sei.\n            <\/div>\n<p><\/p>\n<div class=\"Text-root Text-type_5 ArticleView-text ViewText-root \">\n<p>Die Stationierung der russischen ballistischen Mittelstreckenrakete Oreschnik auf Wei\u00dfrusslands Staatsgebiet sei eine Gegenma\u00dfnahme und Reaktion auf die angespannte Lage in der Region.\u00a0Dies erkl\u00e4rte der wei\u00dfrussische Pr\u00e4sident Alexander Lukaschenko\u00a0bei der 3. Minsker Internationalen Konferenz zur eurasischen Sicherheit, <a rel=\"nofollow noopener\" target=\"_blank\" href=\"https:\/\/www.rbc.ru\/rbcfreenews\/69007d559a7947e983a14e5f?from=newsfeed\">berichtet<\/a> die Zeitung <em>RBC<\/em>. &#8220;Die Stationierung dieser Waffen in Wei\u00dfrussland ist nichts anderes als eine Reaktion auf die Eskalation der Lage in der Region und die modernen Bedrohungen. Wir bedrohen niemanden und gew\u00e4hrleisten nur unsere Sicherheit. Dar\u00fcber hinaus sind wir offen f\u00fcr einen konstruktiven Dialog und gegenseitige Schritte zur Entspannung&#8221;, sagte Lukaschenko.<\/p>\n<blockquote>\n<p><em>&#8220;Die europ\u00e4ischen L\u00e4nder haben\u00a0die Absicht bekundet, Mittelstreckenraketenkomplexe auf ihrem Territorium zu stationieren, und das sind sehr gef\u00e4hrliche Waffen, bei denen es auf jede Minute ankommt. Deshalb ist Oreschnik eine Gegenma\u00dfnahme.&#8221;<\/em><\/p>\n<\/blockquote>\n<p>Ihm zufolge h\u00e4tten weder Moskau noch Minsk trotz wiederholten Vorw\u00fcrfen die\u00a0Absicht, Polen, das Baltikum\u00a0oder den Suwa\u0142ki-Korridor unter ihre Kontrolle zu bringen. &#8220;Wir brauchen diese Eskalation nicht, wir brauchen weder Warschau noch sonst was&#8221;, betonte der wei\u00dfrussische Staatschef.<\/p>\n<p>Der Politiker wies auch darauf hin, dass der Westen seine Verteidigungsausgaben erh\u00f6he und f\u00fcgte hinzu, dass &#8220;wir uns jeden Tag auf den Krieg vorbereiten, damit es keinen gibt.&#8221; Er erinnerte an das im Jahr 2024 zwischen Russland und Wei\u00dfrussland unterzeichnete Abkommen \u00fcber Sicherheitsgarantien im Rahmen des Unionsstaates, das auch den m\u00f6glichen Einsatz von Atomwaffen vorsieht, jedoch ausschlie\u00dflich zu Verteidigungszwecken.<\/p>\n<p>Im Dezember 2024 hatte sich Lukaschenko an den russischen Staatschef Wladimir Putin mit der Bitte gewendet, moderne russische Waffensysteme, darunter auch Oreschnik, auf dem Territorium der Republik zu stationieren. Der wei\u00dfrussische Pr\u00e4sident <a rel=\"nofollow noopener\" target=\"_blank\" href=\"https:\/\/belta.by\/president\/view\/lukashenko-poprosil-putina-razmestit-kompleks-oreshnik-v-belarusi-680949-2024\/\">hielt damals\u00a0fest<\/a>, dass Minsk die Lage in Westeuropa, insbesondere in der N\u00e4he der wei\u00dfrussischen Grenzen zu Polen und Litauen, sehr beunruhige.\u00a0<\/p>\n<p>Er wies darauf hin, dass in unmittelbarer N\u00e4he der Grenze Truppen aus Polen und Litauen stationiert seien und dass sich dort NATO-Streitkr\u00e4fte aus anderen Staaten, darunter auch aus Deutschland, versammelten.\u00a0&#8220;Das hei\u00dft, die Lage ist sehr angespannt. Polen gibt enorme Ressourcen f\u00fcr die Bewaffnung seiner Armee aus. Wenn sie, wie sie sagen, in Frieden mit uns leben wollen, warum geben sie dann Milliarden von Dollar f\u00fcr Waffen aus?&#8221;, so Lukaschenko.<strong><br \/><\/strong><\/p>\n<p>Im Sommer erkl\u00e4rte der wei\u00dfrussische Staatschef, dass die Oreschnik bis Ende 2025 auf dem Territorium von Wei\u00dfrussland stationiert werde. Vergangene Woche sprach er in Moskau \u00fcber die Fortschritte bei der Stationierung\u00a0der Oreschnik-Raketen. &#8220;Sie sind schon auf dem Weg. Alles ist in Ordnung&#8221;, betonte der Politiker.<\/p>\n<p><strong>Mehr zum Thema &#8211;<\/strong>\u00a0<a rel=\"nofollow noopener\" target=\"_blank\" href=\"https:\/\/freedert.online\/russland\/256306-sapad-2025-moskau-und-minsk\/\">Sapad-2025: Moskau und Minsk geben dem Westen Grund zum Nachdenken<\/a><\/p>\n<div class=\"EmbedBlock-root EmbedBlock-externalVideo EmbedBlock-rumble\">\n<div class=\"VkEmbed\"><iframe class=\"lazyload\" data-src=\"https:\/\/rumble.com\/embed\/v6xbc6c\" frameborder=\"0\" width=\"853\" height=\"480\" allowfullscreen><\/iframe><\/div>\n<\/div>\n<\/div>\n<p><br \/>\n<br \/><a href=\"https:\/\/de.rt.com\/europa\/260139-lukaschenko-nennt-grund-fuer-stationierung\/\">Source link <\/a><\/p>\n","protected":false},"excerpt":{"rendered":"<p>Der wei\u00dfrussische Pr\u00e4sident Lukaschenko h\u00e4lt die Stationierung der russischen Mittelstreckenrakete Oreschnik in der Republik nicht f\u00fcr einen aggressiven Schritt. Er betont, dass diese Sicherheitsma\u00dfnahme ausschlie\u00dflich die Reaktion auf die angespannte Lage sei. Die Stationierung der russischen ballistischen Mittelstreckenrakete Oreschnik auf Wei\u00dfrusslands Staatsgebiet sei eine Gegenma\u00dfnahme und Reaktion auf die angespannte Lage in der Region.\u00a0Dies erkl\u00e4rte [&hellip;]<\/p>\n","protected":false},"author":3,"featured_media":92981,"comment_status":"open","ping_status":"open","sticky":false,"template":"","format":"standard","meta":{"_yoast_indexnow_last_ping":["1761667190"],"wp_automatic_camp":["217"],"d95ef4ef6924548f2729a6208818b945":["Lukaschenko nennt den Grund f\u00fcr Stationierung von Oreschnik in Wei\u00dfrussland"],"original_link":["https:\/\/de.rt.com\/europa\/260139-lukaschenko-nennt-grund-fuer-stationierung\/"],"_thumbnail_id":["92981"],"jnews_social_counter_last_update":["1788235961"],"_wptgpro_p2tg_sent2tg":["a:1:{i:23737;s:19:\"2025-10-28 18:01:09\";}"]},"categories":[19,23],"tags":[48,221,9044,21453,6986,60458,30549,50,18575],"class_list":["post-92980","post","type-post","status-publish","format-standard","has-post-thumbnail","hentry","category-deutschland","category-russland","tag-den","tag-fuer","tag-grund","tag-lukaschenko","tag-nennt","tag-oreschnik","tag-stationierung","tag-von","tag-weissrussland"],"yoast_head":"<!-- This site is optimized with the Yoast SEO Premium plugin v22.7 (Yoast SEO v28.2) - https:\/\/yoast.com\/product\/yoast-seo-premium-wordpress\/ -->\n<title>Lukaschenko nennt den Grund f\u00fcr Stationierung von Oreschnik in Wei\u00dfrussland - just-now.NEWS Deutschland<\/title>\n<meta name=\"robots\" content=\"index, follow, max-snippet:-1, max-image-preview:large, max-video-preview:-1\" \/>\n<link rel=\"canonical\" href=\"https:\/\/now-news.de\/de\/deutschland\/lukaschenko-nennt-den-grund-fuer-stationierung-von-oreschnik-in-weissrussland\/\" \/>\n<meta property=\"og:locale\" content=\"de_DE\" \/>\n<meta property=\"og:type\" content=\"article\" \/>\n<meta property=\"og:title\" content=\"Lukaschenko nennt den Grund f\u00fcr Stationierung von Oreschnik in Wei\u00dfrussland\" \/>\n<meta property=\"og:description\" content=\"Der wei\u00dfrussische Pr\u00e4sident Lukaschenko h\u00e4lt die Stationierung der russischen Mittelstreckenrakete Oreschnik in der Republik nicht f\u00fcr einen aggressiven Schritt. Er betont, dass diese Sicherheitsma\u00dfnahme ausschlie\u00dflich die Reaktion auf die angespannte Lage sei. Die Stationierung der russischen ballistischen Mittelstreckenrakete Oreschnik auf Wei\u00dfrusslands Staatsgebiet sei eine Gegenma\u00dfnahme und Reaktion auf die angespannte Lage in der Region.\u00a0Dies erkl\u00e4rte [&hellip;]\" \/>\n<meta property=\"og:url\" content=\"https:\/\/now-news.de\/de\/deutschland\/lukaschenko-nennt-den-grund-fuer-stationierung-von-oreschnik-in-weissrussland\/\" \/>\n<meta property=\"og:site_name\" content=\"just-now.NEWS Deutschland\" \/>\n<meta property=\"article:publisher\" content=\"https:\/\/www.facebook.com\/wirmachenauf\" \/>\n<meta property=\"article:published_time\" content=\"2025-10-28T15:57:51+00:00\" \/>\n<meta property=\"og:image\" content=\"https:\/\/now-news.de\/de\/wp-content\/uploads\/sites\/3\/2025\/10\/6900aa6fb480cc1f310a44b7.jpg\" \/>\n<meta name=\"author\" content=\"rtnews\" \/>\n<meta name=\"twitter:card\" content=\"summary_large_image\" \/>\n<meta name=\"twitter:creator\" content=\"@WirMachenAuf_de\" \/>\n<meta name=\"twitter:site\" content=\"@WirMachenAuf_de\" \/>\n<meta name=\"twitter:label1\" content=\"Verfasst von\" \/>\n\t<meta name=\"twitter:data1\" content=\"rtnews\" \/>\n\t<meta name=\"twitter:label2\" content=\"Gesch\u00e4tzte Lesezeit\" \/>\n\t<meta name=\"twitter:data2\" content=\"2\u00a0Minuten\" \/>\n<script type=\"application\/ld+json\" class=\"yoast-schema-graph\">{\"@context\":\"https:\\\/\\\/schema.org\",\"@graph\":[{\"@type\":\"Article\",\"@id\":\"https:\\\/\\\/now-news.de\\\/de\\\/deutschland\\\/lukaschenko-nennt-den-grund-fuer-stationierung-von-oreschnik-in-weissrussland\\\/#article\",\"isPartOf\":{\"@id\":\"https:\\\/\\\/now-news.de\\\/de\\\/deutschland\\\/lukaschenko-nennt-den-grund-fuer-stationierung-von-oreschnik-in-weissrussland\\\/\"},\"author\":{\"name\":\"rtnews\",\"@id\":\"https:\\\/\\\/now-news.de\\\/de\\\/#\\\/schema\\\/person\\\/fb534a4e865501d8b3285208df34a9b5\"},\"headline\":\"Lukaschenko nennt den Grund f\u00fcr Stationierung von Oreschnik in Wei\u00dfrussland\",\"datePublished\":\"2025-10-28T15:57:51+00:00\",\"mainEntityOfPage\":{\"@id\":\"https:\\\/\\\/now-news.de\\\/de\\\/deutschland\\\/lukaschenko-nennt-den-grund-fuer-stationierung-von-oreschnik-in-weissrussland\\\/\"},\"wordCount\":486,\"commentCount\":0,\"publisher\":{\"@id\":\"https:\\\/\\\/now-news.de\\\/de\\\/#organization\"},\"image\":{\"@id\":\"https:\\\/\\\/now-news.de\\\/de\\\/deutschland\\\/lukaschenko-nennt-den-grund-fuer-stationierung-von-oreschnik-in-weissrussland\\\/#primaryimage\"},\"thumbnailUrl\":\"https:\\\/\\\/now-news.de\\\/de\\\/wp-content\\\/uploads\\\/sites\\\/3\\\/2025\\\/10\\\/Lukaschenko-nennt-den-Grund-fuer-Stationierung-von-Oreschnik-in-Weissrussland.jpg\",\"keywords\":[\"den\",\"f\u00fcr\",\"Grund\",\"Lukaschenko\",\"nennt\",\"Oreschnik\",\"Stationierung\",\"von\",\"Wei\u00dfrussland\"],\"articleSection\":[\"Deutschland\",\"Russland\"],\"inLanguage\":\"de\",\"potentialAction\":[{\"@type\":\"CommentAction\",\"name\":\"Comment\",\"target\":[\"https:\\\/\\\/now-news.de\\\/de\\\/deutschland\\\/lukaschenko-nennt-den-grund-fuer-stationierung-von-oreschnik-in-weissrussland\\\/#respond\"]}]},{\"@type\":\"WebPage\",\"@id\":\"https:\\\/\\\/now-news.de\\\/de\\\/deutschland\\\/lukaschenko-nennt-den-grund-fuer-stationierung-von-oreschnik-in-weissrussland\\\/\",\"url\":\"https:\\\/\\\/now-news.de\\\/de\\\/deutschland\\\/lukaschenko-nennt-den-grund-fuer-stationierung-von-oreschnik-in-weissrussland\\\/\",\"name\":\"Lukaschenko nennt den Grund f\u00fcr Stationierung von Oreschnik in Wei\u00dfrussland - just-now.NEWS Deutschland\",\"isPartOf\":{\"@id\":\"https:\\\/\\\/now-news.de\\\/de\\\/#website\"},\"primaryImageOfPage\":{\"@id\":\"https:\\\/\\\/now-news.de\\\/de\\\/deutschland\\\/lukaschenko-nennt-den-grund-fuer-stationierung-von-oreschnik-in-weissrussland\\\/#primaryimage\"},\"image\":{\"@id\":\"https:\\\/\\\/now-news.de\\\/de\\\/deutschland\\\/lukaschenko-nennt-den-grund-fuer-stationierung-von-oreschnik-in-weissrussland\\\/#primaryimage\"},\"thumbnailUrl\":\"https:\\\/\\\/now-news.de\\\/de\\\/wp-content\\\/uploads\\\/sites\\\/3\\\/2025\\\/10\\\/Lukaschenko-nennt-den-Grund-fuer-Stationierung-von-Oreschnik-in-Weissrussland.jpg\",\"datePublished\":\"2025-10-28T15:57:51+00:00\",\"breadcrumb\":{\"@id\":\"https:\\\/\\\/now-news.de\\\/de\\\/deutschland\\\/lukaschenko-nennt-den-grund-fuer-stationierung-von-oreschnik-in-weissrussland\\\/#breadcrumb\"},\"inLanguage\":\"de\",\"potentialAction\":[{\"@type\":\"ReadAction\",\"target\":[\"https:\\\/\\\/now-news.de\\\/de\\\/deutschland\\\/lukaschenko-nennt-den-grund-fuer-stationierung-von-oreschnik-in-weissrussland\\\/\"]}]},{\"@type\":\"ImageObject\",\"inLanguage\":\"de\",\"@id\":\"https:\\\/\\\/now-news.de\\\/de\\\/deutschland\\\/lukaschenko-nennt-den-grund-fuer-stationierung-von-oreschnik-in-weissrussland\\\/#primaryimage\",\"url\":\"https:\\\/\\\/now-news.de\\\/de\\\/wp-content\\\/uploads\\\/sites\\\/3\\\/2025\\\/10\\\/Lukaschenko-nennt-den-Grund-fuer-Stationierung-von-Oreschnik-in-Weissrussland.jpg\",\"contentUrl\":\"https:\\\/\\\/now-news.de\\\/de\\\/wp-content\\\/uploads\\\/sites\\\/3\\\/2025\\\/10\\\/Lukaschenko-nennt-den-Grund-fuer-Stationierung-von-Oreschnik-in-Weissrussland.jpg\",\"width\":460,\"height\":259,\"caption\":\"Lukaschenko nennt den Grund f\u00fcr Stationierung von Oreschnik in Wei\u00dfrussland\"},{\"@type\":\"BreadcrumbList\",\"@id\":\"https:\\\/\\\/now-news.de\\\/de\\\/deutschland\\\/lukaschenko-nennt-den-grund-fuer-stationierung-von-oreschnik-in-weissrussland\\\/#breadcrumb\",\"itemListElement\":[{\"@type\":\"ListItem\",\"position\":1,\"name\":\"Home\",\"item\":\"https:\\\/\\\/now-news.de\\\/de\\\/\"},{\"@type\":\"ListItem\",\"position\":2,\"name\":\"Lukaschenko nennt den Grund f\u00fcr Stationierung von Oreschnik in Wei\u00dfrussland\"}]},{\"@type\":\"WebSite\",\"@id\":\"https:\\\/\\\/now-news.de\\\/de\\\/#website\",\"url\":\"https:\\\/\\\/now-news.de\\\/de\\\/\",\"name\":\"just-now.NEWS Deutschland\",\"description\":\"Das Portal f\u00fcr unzensierte Nachrichten aus der Welt\",\"publisher\":{\"@id\":\"https:\\\/\\\/now-news.de\\\/de\\\/#organization\"},\"potentialAction\":[{\"@type\":\"SearchAction\",\"target\":{\"@type\":\"EntryPoint\",\"urlTemplate\":\"https:\\\/\\\/now-news.de\\\/de\\\/?s={search_term_string}\"},\"query-input\":{\"@type\":\"PropertyValueSpecification\",\"valueRequired\":true,\"valueName\":\"search_term_string\"}}],\"inLanguage\":\"de\"},{\"@type\":\"Organization\",\"@id\":\"https:\\\/\\\/now-news.de\\\/de\\\/#organization\",\"name\":\"Just Now News\",\"url\":\"https:\\\/\\\/now-news.de\\\/de\\\/\",\"logo\":{\"@type\":\"ImageObject\",\"inLanguage\":\"de\",\"@id\":\"https:\\\/\\\/now-news.de\\\/de\\\/#\\\/schema\\\/logo\\\/image\\\/\",\"url\":\"http:\\\/\\\/just-now.news\\\/de\\\/wp-content\\\/uploads\\\/sites\\\/3\\\/2022\\\/04\\\/logo500x500.jpg\",\"contentUrl\":\"http:\\\/\\\/just-now.news\\\/de\\\/wp-content\\\/uploads\\\/sites\\\/3\\\/2022\\\/04\\\/logo500x500.jpg\",\"width\":500,\"height\":500,\"caption\":\"Just Now News\"},\"image\":{\"@id\":\"https:\\\/\\\/now-news.de\\\/de\\\/#\\\/schema\\\/logo\\\/image\\\/\"},\"sameAs\":[\"https:\\\/\\\/www.facebook.com\\\/wirmachenauf\",\"https:\\\/\\\/x.com\\\/WirMachenAuf_de\"]},{\"@type\":\"Person\",\"@id\":\"https:\\\/\\\/now-news.de\\\/de\\\/#\\\/schema\\\/person\\\/fb534a4e865501d8b3285208df34a9b5\",\"name\":\"rtnews\",\"image\":{\"@type\":\"ImageObject\",\"inLanguage\":\"de\",\"@id\":\"https:\\\/\\\/secure.gravatar.com\\\/avatar\\\/358fe31b3ab5769fea05376e1953329834cd9912cf9daf607e2af3076a1b982b?s=96&d=mm&r=g\",\"url\":\"https:\\\/\\\/secure.gravatar.com\\\/avatar\\\/358fe31b3ab5769fea05376e1953329834cd9912cf9daf607e2af3076a1b982b?s=96&d=mm&r=g\",\"contentUrl\":\"https:\\\/\\\/secure.gravatar.com\\\/avatar\\\/358fe31b3ab5769fea05376e1953329834cd9912cf9daf607e2af3076a1b982b?s=96&d=mm&r=g\",\"caption\":\"rtnews\"},\"url\":\"https:\\\/\\\/now-news.de\\\/de\\\/author\\\/rnews\\\/\"}]}<\/script>\n<!-- \/ Yoast SEO Premium plugin. -->","yoast_head_json":{"title":"Lukaschenko nennt den Grund f\u00fcr Stationierung von Oreschnik in Wei\u00dfrussland - just-now.NEWS Deutschland","robots":{"index":"index","follow":"follow","max-snippet":"max-snippet:-1","max-image-preview":"max-image-preview:large","max-video-preview":"max-video-preview:-1"},"canonical":"https:\/\/now-news.de\/de\/deutschland\/lukaschenko-nennt-den-grund-fuer-stationierung-von-oreschnik-in-weissrussland\/","og_locale":"de_DE","og_type":"article","og_title":"Lukaschenko nennt den Grund f\u00fcr Stationierung von Oreschnik in Wei\u00dfrussland","og_description":"Der wei\u00dfrussische Pr\u00e4sident Lukaschenko h\u00e4lt die Stationierung der russischen Mittelstreckenrakete Oreschnik in der Republik nicht f\u00fcr einen aggressiven Schritt. Er betont, dass diese Sicherheitsma\u00dfnahme ausschlie\u00dflich die Reaktion auf die angespannte Lage sei. Die Stationierung der russischen ballistischen Mittelstreckenrakete Oreschnik auf Wei\u00dfrusslands Staatsgebiet sei eine Gegenma\u00dfnahme und Reaktion auf die angespannte Lage in der Region.\u00a0Dies erkl\u00e4rte [&hellip;]","og_url":"https:\/\/now-news.de\/de\/deutschland\/lukaschenko-nennt-den-grund-fuer-stationierung-von-oreschnik-in-weissrussland\/","og_site_name":"just-now.NEWS Deutschland","article_publisher":"https:\/\/www.facebook.com\/wirmachenauf","article_published_time":"2025-10-28T15:57:51+00:00","og_image":[{"url":"https:\/\/now-news.de\/de\/wp-content\/uploads\/sites\/3\/2025\/10\/6900aa6fb480cc1f310a44b7.jpg","type":"","width":"","height":""}],"author":"rtnews","twitter_card":"summary_large_image","twitter_creator":"@WirMachenAuf_de","twitter_site":"@WirMachenAuf_de","twitter_misc":{"Verfasst von":"rtnews","Gesch\u00e4tzte Lesezeit":"2\u00a0Minuten"},"schema":{"@context":"https:\/\/schema.org","@graph":[{"@type":"Article","@id":"https:\/\/now-news.de\/de\/deutschland\/lukaschenko-nennt-den-grund-fuer-stationierung-von-oreschnik-in-weissrussland\/#article","isPartOf":{"@id":"https:\/\/now-news.de\/de\/deutschland\/lukaschenko-nennt-den-grund-fuer-stationierung-von-oreschnik-in-weissrussland\/"},"author":{"name":"rtnews","@id":"https:\/\/now-news.de\/de\/#\/schema\/person\/fb534a4e865501d8b3285208df34a9b5"},"headline":"Lukaschenko nennt den Grund f\u00fcr Stationierung von Oreschnik in Wei\u00dfrussland","datePublished":"2025-10-28T15:57:51+00:00","mainEntityOfPage":{"@id":"https:\/\/now-news.de\/de\/deutschland\/lukaschenko-nennt-den-grund-fuer-stationierung-von-oreschnik-in-weissrussland\/"},"wordCount":486,"commentCount":0,"publisher":{"@id":"https:\/\/now-news.de\/de\/#organization"},"image":{"@id":"https:\/\/now-news.de\/de\/deutschland\/lukaschenko-nennt-den-grund-fuer-stationierung-von-oreschnik-in-weissrussland\/#primaryimage"},"thumbnailUrl":"https:\/\/now-news.de\/de\/wp-content\/uploads\/sites\/3\/2025\/10\/Lukaschenko-nennt-den-Grund-fuer-Stationierung-von-Oreschnik-in-Weissrussland.jpg","keywords":["den","f\u00fcr","Grund","Lukaschenko","nennt","Oreschnik","Stationierung","von","Wei\u00dfrussland"],"articleSection":["Deutschland","Russland"],"inLanguage":"de","potentialAction":[{"@type":"CommentAction","name":"Comment","target":["https:\/\/now-news.de\/de\/deutschland\/lukaschenko-nennt-den-grund-fuer-stationierung-von-oreschnik-in-weissrussland\/#respond"]}]},{"@type":"WebPage","@id":"https:\/\/now-news.de\/de\/deutschland\/lukaschenko-nennt-den-grund-fuer-stationierung-von-oreschnik-in-weissrussland\/","url":"https:\/\/now-news.de\/de\/deutschland\/lukaschenko-nennt-den-grund-fuer-stationierung-von-oreschnik-in-weissrussland\/","name":"Lukaschenko nennt den Grund f\u00fcr Stationierung von Oreschnik in Wei\u00dfrussland - just-now.NEWS Deutschland","isPartOf":{"@id":"https:\/\/now-news.de\/de\/#website"},"primaryImageOfPage":{"@id":"https:\/\/now-news.de\/de\/deutschland\/lukaschenko-nennt-den-grund-fuer-stationierung-von-oreschnik-in-weissrussland\/#primaryimage"},"image":{"@id":"https:\/\/now-news.de\/de\/deutschland\/lukaschenko-nennt-den-grund-fuer-stationierung-von-oreschnik-in-weissrussland\/#primaryimage"},"thumbnailUrl":"https:\/\/now-news.de\/de\/wp-content\/uploads\/sites\/3\/2025\/10\/Lukaschenko-nennt-den-Grund-fuer-Stationierung-von-Oreschnik-in-Weissrussland.jpg","datePublished":"2025-10-28T15:57:51+00:00","breadcrumb":{"@id":"https:\/\/now-news.de\/de\/deutschland\/lukaschenko-nennt-den-grund-fuer-stationierung-von-oreschnik-in-weissrussland\/#breadcrumb"},"inLanguage":"de","potentialAction":[{"@type":"ReadAction","target":["https:\/\/now-news.de\/de\/deutschland\/lukaschenko-nennt-den-grund-fuer-stationierung-von-oreschnik-in-weissrussland\/"]}]},{"@type":"ImageObject","inLanguage":"de","@id":"https:\/\/now-news.de\/de\/deutschland\/lukaschenko-nennt-den-grund-fuer-stationierung-von-oreschnik-in-weissrussland\/#primaryimage","url":"https:\/\/now-news.de\/de\/wp-content\/uploads\/sites\/3\/2025\/10\/Lukaschenko-nennt-den-Grund-fuer-Stationierung-von-Oreschnik-in-Weissrussland.jpg","contentUrl":"https:\/\/now-news.de\/de\/wp-content\/uploads\/sites\/3\/2025\/10\/Lukaschenko-nennt-den-Grund-fuer-Stationierung-von-Oreschnik-in-Weissrussland.jpg","width":460,"height":259,"caption":"Lukaschenko nennt den Grund f\u00fcr Stationierung von Oreschnik in Wei\u00dfrussland"},{"@type":"BreadcrumbList","@id":"https:\/\/now-news.de\/de\/deutschland\/lukaschenko-nennt-den-grund-fuer-stationierung-von-oreschnik-in-weissrussland\/#breadcrumb","itemListElement":[{"@type":"ListItem","position":1,"name":"Home","item":"https:\/\/now-news.de\/de\/"},{"@type":"ListItem","position":2,"name":"Lukaschenko nennt den Grund f\u00fcr Stationierung von Oreschnik in Wei\u00dfrussland"}]},{"@type":"WebSite","@id":"https:\/\/now-news.de\/de\/#website","url":"https:\/\/now-news.de\/de\/","name":"just-now.NEWS Deutschland","description":"Das Portal f\u00fcr unzensierte Nachrichten aus der Welt","publisher":{"@id":"https:\/\/now-news.de\/de\/#organization"},"potentialAction":[{"@type":"SearchAction","target":{"@type":"EntryPoint","urlTemplate":"https:\/\/now-news.de\/de\/?s={search_term_string}"},"query-input":{"@type":"PropertyValueSpecification","valueRequired":true,"valueName":"search_term_string"}}],"inLanguage":"de"},{"@type":"Organization","@id":"https:\/\/now-news.de\/de\/#organization","name":"Just Now News","url":"https:\/\/now-news.de\/de\/","logo":{"@type":"ImageObject","inLanguage":"de","@id":"https:\/\/now-news.de\/de\/#\/schema\/logo\/image\/","url":"http:\/\/just-now.news\/de\/wp-content\/uploads\/sites\/3\/2022\/04\/logo500x500.jpg","contentUrl":"http:\/\/just-now.news\/de\/wp-content\/uploads\/sites\/3\/2022\/04\/logo500x500.jpg","width":500,"height":500,"caption":"Just Now News"},"image":{"@id":"https:\/\/now-news.de\/de\/#\/schema\/logo\/image\/"},"sameAs":["https:\/\/www.facebook.com\/wirmachenauf","https:\/\/x.com\/WirMachenAuf_de"]},{"@type":"Person","@id":"https:\/\/now-news.de\/de\/#\/schema\/person\/fb534a4e865501d8b3285208df34a9b5","name":"rtnews","image":{"@type":"ImageObject","inLanguage":"de","@id":"https:\/\/secure.gravatar.com\/avatar\/358fe31b3ab5769fea05376e1953329834cd9912cf9daf607e2af3076a1b982b?s=96&d=mm&r=g","url":"https:\/\/secure.gravatar.com\/avatar\/358fe31b3ab5769fea05376e1953329834cd9912cf9daf607e2af3076a1b982b?s=96&d=mm&r=g","contentUrl":"https:\/\/secure.gravatar.com\/avatar\/358fe31b3ab5769fea05376e1953329834cd9912cf9daf607e2af3076a1b982b?s=96&d=mm&r=g","caption":"rtnews"},"url":"https:\/\/now-news.de\/de\/author\/rnews\/"}]}},"_links":{"self":[{"href":"https:\/\/now-news.de\/de\/wp-json\/wp\/v2\/posts\/92980","targetHints":{"allow":["GET"]}}],"collection":[{"href":"https:\/\/now-news.de\/de\/wp-json\/wp\/v2\/posts"}],"about":[{"href":"https:\/\/now-news.de\/de\/wp-json\/wp\/v2\/types\/post"}],"author":[{"embeddable":true,"href":"https:\/\/now-news.de\/de\/wp-json\/wp\/v2\/users\/3"}],"replies":[{"embeddable":true,"href":"https:\/\/now-news.de\/de\/wp-json\/wp\/v2\/comments?post=92980"}],"version-history":[{"count":0,"href":"https:\/\/now-news.de\/de\/wp-json\/wp\/v2\/posts\/92980\/revisions"}],"wp:featuredmedia":[{"embeddable":true,"href":"https:\/\/now-news.de\/de\/wp-json\/wp\/v2\/media\/92981"}],"wp:attachment":[{"href":"https:\/\/now-news.de\/de\/wp-json\/wp\/v2\/media?parent=92980"}],"wp:term":[{"taxonomy":"category","embeddable":true,"href":"https:\/\/now-news.de\/de\/wp-json\/wp\/v2\/categories?post=92980"},{"taxonomy":"post_tag","embeddable":true,"href":"https:\/\/now-news.de\/de\/wp-json\/wp\/v2\/tags?post=92980"}],"curies":[{"name":"wp","href":"https:\/\/api.w.org\/{rel}","templated":true}]}}