{"id":92976,"date":"2025-10-28T17:17:21","date_gmt":"2025-10-28T15:17:21","guid":{"rendered":"https:\/\/now-news.de\/de\/deutschland\/selenskij-fordert-von-eu-finanzielle-unterstuetzung-fuer-naechste-zwei-bis-drei-jahre\/"},"modified":"2025-10-28T17:17:21","modified_gmt":"2025-10-28T15:17:21","slug":"selenskij-fordert-von-eu-finanzielle-unterstuetzung-fuer-naechste-zwei-bis-drei-jahre","status":"publish","type":"post","link":"https:\/\/now-news.de\/de\/deutschland\/selenskij-fordert-von-eu-finanzielle-unterstuetzung-fuer-naechste-zwei-bis-drei-jahre\/","title":{"rendered":"Selenskij fordert von EU finanzielle Unterst\u00fctzung f\u00fcr n\u00e4chste &quot;zwei bis drei Jahre&quot;"},"content":{"rendered":"<p><img decoding=\"async\" src=\"https:\/\/now-news.de\/de\/wp-content\/uploads\/sites\/3\/2025\/10\/6900c62b48fbef32ef72c55e.jpg\" \/><\/p>\n<div class=\"Text-root Text-type_1 \">\n                Wladimir Selenskij pl\u00e4diert f\u00fcr finanzielle Hilfe f\u00fcr weitere &#8220;zwei bis drei Jahre&#8221;. Es geht um das EU-Programm zur Gew\u00e4hrung finanzieller Unterst\u00fctzung f\u00fcr die Ukraine aus eingefrorenen russischen Verm\u00f6genswerten. Kremlsprecher Dmitri Peskow sagt, dass Europa einen &#8220;Kunden&#8221; wie Kiew lange Zeit unterst\u00fctzen m\u00fcsse.\n            <\/div>\n<p><\/p>\n<div class=\"Text-root Text-type_5 ArticleView-text ViewText-root \">\n<p>Der ukrainische Pr\u00e4sident Wladimir Selenskij hat von seinen europ\u00e4ischen Verb\u00fcndeten weitere stabile finanzielle Unterst\u00fctzung f\u00fcr die n\u00e4chsten &#8220;zwei bis drei Jahre&#8221; gefordert.\u00a0Dabei bezog sich der Politiker auf den Vorschlag der EU-Kommission, die eingefrorenen russischen Verm\u00f6genswerte schrittweise freizugeben, um die Bed\u00fcrfnisse der Ukraine zu finanzieren. &#8220;Ich habe dies allen europ\u00e4ischen Staats- und Regierungschefs erneut deutlich gemacht. Ich habe ihnen gesagt, dass wir nicht jahrzehntelang k\u00e4mpfen werden, aber dass sie zeigen m\u00fcssen, dass sie in der Lage sind, der Ukraine f\u00fcr einige Zeit stabile finanzielle Unterst\u00fctzung zu gew\u00e4hren&#8221;, <a rel=\"nofollow noopener\" target=\"_blank\" href=\"https:\/\/www.france24.com\/en\/europe\/20251028-zelensky-appeals-for-stable-european-financial-support-for-another-two-or-three-years\">erkl\u00e4rte<\/a> Selenskij am Dienstag. &#8220;Und deshalb haben sie dieses Programm im Sinn\u00a0\u2013 f\u00fcr zwei bis drei Jahre.&#8221;<\/p>\n<p>In der Europ\u00e4ischen Union wird derzeit \u00fcber die m\u00f6gliche Gew\u00e4hrung eines neuen &#8220;Reparationskredits&#8221; an die Ukraine diskutiert.\u00a0Kiew k\u00f6nnte innerhalb der n\u00e4chsten zwei bis drei Jahre bis zu 140\u00a0Milliarden Euro aus den eingefrorenen Verm\u00f6genswerten Russlands erhalten. Moskau\u00a0hat wiederholt erkl\u00e4rt, dass Ma\u00dfnahmen in Bezug auf russische Verm\u00f6genswerte als Diebstahl betrachtet werden. Selenskij f\u00fcgte\u00a0hinzu:<\/p>\n<blockquote>\n<p><em>&#8220;Sollte der Krieg in einem Monat enden, werden wir dieses Geld f\u00fcr den Wiederaufbau ausgeben. Sollte er nicht in einem Monat enden, sondern sp\u00e4ter, dann werden wir es f\u00fcr Waffen ausgeben. Wir haben einfach keine andere Wahl.&#8221;<\/em><\/p>\n<\/blockquote>\n<p>Der Kreml hat die \u00c4u\u00dferungen von Selenskij bereits kommentiert.\u00a0Der Pressesprecher des russischen Pr\u00e4sidenten, Dmitri Peskow, sagte am Dienstag, dass die Europ\u00e4er &#8220;einen solchen Kunden wie die Ukraine lange Zeit unterst\u00fctzen&#8221; m\u00fcssten. Peskow w\u00f6rtlich:<\/p>\n<blockquote>\n<p><em>&#8220;Das Kiewer Regime wei\u00df, wie man weltweit um Geld betteln kann. Und es kann das Geld so ausgeben, dass man sp\u00e4ter keine Spuren davon findet. Ich denke, dass sie diese Praxis nat\u00fcrlich fortsetzen werden.&#8221;\u00a0<\/em><\/p>\n<\/blockquote>\n<p>Peskow wies darauf hin, dass es nicht zwei bis drei Jahre dauern werde.\u00a0&#8220;Und hier m\u00fcssen sich die Europ\u00e4er darauf vorbereiten, dass sie, wenn sie ihre Beziehungen zum Kiewer Regime so wie heute fortsetzen, immer l\u00e4nger und immer mehr Geld ausgeben m\u00fcssen&#8221;, betonte Peskow.<\/p>\n<p>Im September hatte\u00a0<em>Politico<\/em> unter Berufung auf eigene Quellen <a rel=\"nofollow noopener\" target=\"_blank\" href=\"https:\/\/www.politico.eu\/article\/hungary-viktor-orban-russian-assets-sanctions-war-in-ukraine\/\">geschrieben<\/a>, dass Br\u00fcssel eine M\u00f6glichkeit erw\u00e4ge, russische Verm\u00f6genswerte in H\u00f6he von 140\u00a0Milliarden Euro zugunsten der Ukraine zu beschlagnahmen und ein ungarisches Veto zu umgehen.<\/p>\n<p>Um den Beschluss zu fassen, sind die Stimmen aller 27 EU-Mitgliederstaaten erforderlich. Die EU-Kommission glaubt, dass es eine rechtliche M\u00f6glichkeit gibt, Ungarn aus dem Entscheidungsprozess auszuschlie\u00dfen.<\/p>\n<p><strong>Mehr zum Thema \u2013 <\/strong><a rel=\"nofollow noopener\" target=\"_blank\" href=\"https:\/\/freedert.online\/europa\/260065-streit-um-russische-vermoegenswerte-blockiert\/\">Streit um russische Verm\u00f6genswerte blockiert Br\u00fcsseler Finanzplan<\/a><\/p>\n<div class=\"EmbedBlock-root EmbedBlock-externalVideo EmbedBlock-rumble\">\n<div class=\"VkEmbed\"><iframe class=\"lazyload\" data-src=\"https:\/\/rumble.com\/embed\/v6ycxta\" frameborder=\"0\" width=\"853\" height=\"480\" allowfullscreen><\/iframe><\/div>\n<\/div>\n<\/div>\n<p><br \/>\n<br \/><a href=\"https:\/\/de.rt.com\/europa\/260158-selenskij-fordert-von-eu-finanzielle-unterstuetzung-fuer-naechste-zwei-bis-drei-jahre\/\">Source link <\/a><\/p>\n","protected":false},"excerpt":{"rendered":"<p>Wladimir Selenskij pl\u00e4diert f\u00fcr finanzielle Hilfe f\u00fcr weitere &#8220;zwei bis drei Jahre&#8221;. Es geht um das EU-Programm zur Gew\u00e4hrung finanzieller Unterst\u00fctzung f\u00fcr die Ukraine aus eingefrorenen russischen Verm\u00f6genswerten. Kremlsprecher Dmitri Peskow sagt, dass Europa einen &#8220;Kunden&#8221; wie Kiew lange Zeit unterst\u00fctzen m\u00fcsse. Der ukrainische Pr\u00e4sident Wladimir Selenskij hat von seinen europ\u00e4ischen Verb\u00fcndeten weitere stabile finanzielle [&hellip;]<\/p>\n","protected":false},"author":3,"featured_media":92977,"comment_status":"open","ping_status":"open","sticky":false,"template":"","format":"standard","meta":{"_yoast_indexnow_last_ping":["1761665185"],"wp_automatic_camp":["217"],"7561b812d027a662596b9945e86bbbd8":["Selenskij fordert von EU finanzielle Unterst\u00fctzung f\u00fcr n\u00e4chste &quot;zwei bis drei Jahre&quot;"],"original_link":["https:\/\/de.rt.com\/europa\/260158-selenskij-fordert-von-eu-finanzielle-unterstuetzung-fuer-naechste-zwei-bis-drei-jahre\/"],"_thumbnail_id":["92977"],"jnews_social_counter_last_update":["1777618792"],"_wptgpro_p2tg_sent2tg":["a:1:{i:23737;s:19:\"2025-10-28 17:27:31\";}"]},"categories":[19,23],"tags":[843,3836,24494,355,221,46562,5590,32250,6158,962,50],"yoast_head":"<!-- This site is optimized with the Yoast SEO Premium plugin v22.7 (Yoast SEO v22.7) - https:\/\/yoast.com\/wordpress\/plugins\/seo\/ -->\n<title>Selenskij fordert von EU finanzielle Unterst\u00fctzung f\u00fcr n\u00e4chste &quot;zwei bis drei Jahre&quot; - just-now.NEWS Deutschland<\/title>\n<meta name=\"robots\" content=\"index, follow, max-snippet:-1, max-image-preview:large, max-video-preview:-1\" \/>\n<link rel=\"canonical\" href=\"https:\/\/now-news.de\/de\/deutschland\/selenskij-fordert-von-eu-finanzielle-unterstuetzung-fuer-naechste-zwei-bis-drei-jahre\/\" \/>\n<meta property=\"og:locale\" content=\"de_DE\" \/>\n<meta property=\"og:type\" content=\"article\" \/>\n<meta property=\"og:title\" content=\"Selenskij fordert von EU finanzielle Unterst\u00fctzung f\u00fcr n\u00e4chste &quot;zwei bis drei Jahre&quot;\" \/>\n<meta property=\"og:description\" content=\"Wladimir Selenskij pl\u00e4diert f\u00fcr finanzielle Hilfe f\u00fcr weitere &#8220;zwei bis drei Jahre&#8221;. Es geht um das EU-Programm zur Gew\u00e4hrung finanzieller Unterst\u00fctzung f\u00fcr die Ukraine aus eingefrorenen russischen Verm\u00f6genswerten. Kremlsprecher Dmitri Peskow sagt, dass Europa einen &#8220;Kunden&#8221; wie Kiew lange Zeit unterst\u00fctzen m\u00fcsse. Der ukrainische Pr\u00e4sident Wladimir Selenskij hat von seinen europ\u00e4ischen Verb\u00fcndeten weitere stabile finanzielle [&hellip;]\" \/>\n<meta property=\"og:url\" content=\"https:\/\/now-news.de\/de\/deutschland\/selenskij-fordert-von-eu-finanzielle-unterstuetzung-fuer-naechste-zwei-bis-drei-jahre\/\" \/>\n<meta property=\"og:site_name\" content=\"just-now.NEWS Deutschland\" \/>\n<meta property=\"article:publisher\" content=\"https:\/\/www.facebook.com\/wirmachenauf\" \/>\n<meta property=\"article:published_time\" content=\"2025-10-28T15:17:21+00:00\" \/>\n<meta property=\"og:image\" content=\"https:\/\/now-news.de\/de\/wp-content\/uploads\/sites\/3\/2025\/10\/6900c62b48fbef32ef72c55e.jpg\" \/>\n<meta name=\"author\" content=\"rtnews\" \/>\n<meta name=\"twitter:card\" content=\"summary_large_image\" \/>\n<meta name=\"twitter:creator\" content=\"@WirMachenAuf_de\" \/>\n<meta name=\"twitter:site\" content=\"@WirMachenAuf_de\" \/>\n<meta name=\"twitter:label1\" content=\"Verfasst von\" \/>\n\t<meta name=\"twitter:data1\" content=\"rtnews\" \/>\n\t<meta name=\"twitter:label2\" content=\"Gesch\u00e4tzte Lesezeit\" \/>\n\t<meta name=\"twitter:data2\" content=\"2\u00a0Minuten\" \/>\n<script type=\"application\/ld+json\" class=\"yoast-schema-graph\">{\"@context\":\"https:\/\/schema.org\",\"@graph\":[{\"@type\":\"Article\",\"@id\":\"https:\/\/now-news.de\/de\/deutschland\/selenskij-fordert-von-eu-finanzielle-unterstuetzung-fuer-naechste-zwei-bis-drei-jahre\/#article\",\"isPartOf\":{\"@id\":\"https:\/\/now-news.de\/de\/deutschland\/selenskij-fordert-von-eu-finanzielle-unterstuetzung-fuer-naechste-zwei-bis-drei-jahre\/\"},\"author\":{\"name\":\"rtnews\",\"@id\":\"https:\/\/now-news.de\/de\/#\/schema\/person\/fb534a4e865501d8b3285208df34a9b5\"},\"headline\":\"Selenskij fordert von EU finanzielle Unterst\u00fctzung f\u00fcr n\u00e4chste &quot;zwei bis drei Jahre&quot;\",\"datePublished\":\"2025-10-28T15:17:21+00:00\",\"dateModified\":\"2025-10-28T15:17:21+00:00\",\"mainEntityOfPage\":{\"@id\":\"https:\/\/now-news.de\/de\/deutschland\/selenskij-fordert-von-eu-finanzielle-unterstuetzung-fuer-naechste-zwei-bis-drei-jahre\/\"},\"wordCount\":496,\"commentCount\":0,\"publisher\":{\"@id\":\"https:\/\/now-news.de\/de\/#organization\"},\"image\":{\"@id\":\"https:\/\/now-news.de\/de\/deutschland\/selenskij-fordert-von-eu-finanzielle-unterstuetzung-fuer-naechste-zwei-bis-drei-jahre\/#primaryimage\"},\"thumbnailUrl\":\"https:\/\/now-news.de\/de\/wp-content\/uploads\/sites\/3\/2025\/10\/Selenskij-fordert-von-EU-finanzielle-Unterstuetzung-fuer-naechste-quotzwei-bis.jpg\",\"keywords\":[\"bis\",\"drei\",\"finanzielle\",\"fordert\",\"f\u00fcr\",\"Jahrequot\",\"n\u00e4chste\",\"quotZwei\",\"Selenskij\",\"Unterst\u00fctzung\",\"von\"],\"articleSection\":[\"Deutschland\",\"Russland\"],\"inLanguage\":\"de\",\"potentialAction\":[{\"@type\":\"CommentAction\",\"name\":\"Comment\",\"target\":[\"https:\/\/now-news.de\/de\/deutschland\/selenskij-fordert-von-eu-finanzielle-unterstuetzung-fuer-naechste-zwei-bis-drei-jahre\/#respond\"]}]},{\"@type\":\"WebPage\",\"@id\":\"https:\/\/now-news.de\/de\/deutschland\/selenskij-fordert-von-eu-finanzielle-unterstuetzung-fuer-naechste-zwei-bis-drei-jahre\/\",\"url\":\"https:\/\/now-news.de\/de\/deutschland\/selenskij-fordert-von-eu-finanzielle-unterstuetzung-fuer-naechste-zwei-bis-drei-jahre\/\",\"name\":\"Selenskij fordert von EU finanzielle Unterst\u00fctzung f\u00fcr n\u00e4chste &quot;zwei bis drei Jahre&quot; - just-now.NEWS Deutschland\",\"isPartOf\":{\"@id\":\"https:\/\/now-news.de\/de\/#website\"},\"primaryImageOfPage\":{\"@id\":\"https:\/\/now-news.de\/de\/deutschland\/selenskij-fordert-von-eu-finanzielle-unterstuetzung-fuer-naechste-zwei-bis-drei-jahre\/#primaryimage\"},\"image\":{\"@id\":\"https:\/\/now-news.de\/de\/deutschland\/selenskij-fordert-von-eu-finanzielle-unterstuetzung-fuer-naechste-zwei-bis-drei-jahre\/#primaryimage\"},\"thumbnailUrl\":\"https:\/\/now-news.de\/de\/wp-content\/uploads\/sites\/3\/2025\/10\/Selenskij-fordert-von-EU-finanzielle-Unterstuetzung-fuer-naechste-quotzwei-bis.jpg\",\"datePublished\":\"2025-10-28T15:17:21+00:00\",\"dateModified\":\"2025-10-28T15:17:21+00:00\",\"breadcrumb\":{\"@id\":\"https:\/\/now-news.de\/de\/deutschland\/selenskij-fordert-von-eu-finanzielle-unterstuetzung-fuer-naechste-zwei-bis-drei-jahre\/#breadcrumb\"},\"inLanguage\":\"de\",\"potentialAction\":[{\"@type\":\"ReadAction\",\"target\":[\"https:\/\/now-news.de\/de\/deutschland\/selenskij-fordert-von-eu-finanzielle-unterstuetzung-fuer-naechste-zwei-bis-drei-jahre\/\"]}]},{\"@type\":\"ImageObject\",\"inLanguage\":\"de\",\"@id\":\"https:\/\/now-news.de\/de\/deutschland\/selenskij-fordert-von-eu-finanzielle-unterstuetzung-fuer-naechste-zwei-bis-drei-jahre\/#primaryimage\",\"url\":\"https:\/\/now-news.de\/de\/wp-content\/uploads\/sites\/3\/2025\/10\/Selenskij-fordert-von-EU-finanzielle-Unterstuetzung-fuer-naechste-quotzwei-bis.jpg\",\"contentUrl\":\"https:\/\/now-news.de\/de\/wp-content\/uploads\/sites\/3\/2025\/10\/Selenskij-fordert-von-EU-finanzielle-Unterstuetzung-fuer-naechste-quotzwei-bis.jpg\",\"width\":460,\"height\":259,\"caption\":\"Selenskij fordert von EU finanzielle Unterst\u00fctzung f\u00fcr n\u00e4chste &quot;zwei bis drei Jahre&quot;\"},{\"@type\":\"BreadcrumbList\",\"@id\":\"https:\/\/now-news.de\/de\/deutschland\/selenskij-fordert-von-eu-finanzielle-unterstuetzung-fuer-naechste-zwei-bis-drei-jahre\/#breadcrumb\",\"itemListElement\":[{\"@type\":\"ListItem\",\"position\":1,\"name\":\"Home\",\"item\":\"https:\/\/now-news.de\/de\/\"},{\"@type\":\"ListItem\",\"position\":2,\"name\":\"Selenskij fordert von EU finanzielle Unterst\u00fctzung f\u00fcr n\u00e4chste &quot;zwei bis drei Jahre&quot;\"}]},{\"@type\":\"WebSite\",\"@id\":\"https:\/\/now-news.de\/de\/#website\",\"url\":\"https:\/\/now-news.de\/de\/\",\"name\":\"just-now.NEWS Deutschland\",\"description\":\"Das Portal f\u00fcr unzensierte Nachrichten aus der Welt\",\"publisher\":{\"@id\":\"https:\/\/now-news.de\/de\/#organization\"},\"potentialAction\":[{\"@type\":\"SearchAction\",\"target\":{\"@type\":\"EntryPoint\",\"urlTemplate\":\"https:\/\/now-news.de\/de\/?s={search_term_string}\"},\"query-input\":\"required name=search_term_string\"}],\"inLanguage\":\"de\"},{\"@type\":\"Organization\",\"@id\":\"https:\/\/now-news.de\/de\/#organization\",\"name\":\"Just Now News\",\"url\":\"https:\/\/now-news.de\/de\/\",\"logo\":{\"@type\":\"ImageObject\",\"inLanguage\":\"de\",\"@id\":\"https:\/\/now-news.de\/de\/#\/schema\/logo\/image\/\",\"url\":\"http:\/\/just-now.news\/de\/wp-content\/uploads\/sites\/3\/2022\/04\/logo500x500.jpg\",\"contentUrl\":\"http:\/\/just-now.news\/de\/wp-content\/uploads\/sites\/3\/2022\/04\/logo500x500.jpg\",\"width\":500,\"height\":500,\"caption\":\"Just Now News\"},\"image\":{\"@id\":\"https:\/\/now-news.de\/de\/#\/schema\/logo\/image\/\"},\"sameAs\":[\"https:\/\/www.facebook.com\/wirmachenauf\",\"https:\/\/x.com\/WirMachenAuf_de\"]},{\"@type\":\"Person\",\"@id\":\"https:\/\/now-news.de\/de\/#\/schema\/person\/fb534a4e865501d8b3285208df34a9b5\",\"name\":\"rtnews\",\"image\":{\"@type\":\"ImageObject\",\"inLanguage\":\"de\",\"@id\":\"https:\/\/now-news.de\/de\/#\/schema\/person\/image\/\",\"url\":\"https:\/\/secure.gravatar.com\/avatar\/82aafea7d8127119dd649515f56e2117?s=96&d=mm&r=g\",\"contentUrl\":\"https:\/\/secure.gravatar.com\/avatar\/82aafea7d8127119dd649515f56e2117?s=96&d=mm&r=g\",\"caption\":\"rtnews\"},\"url\":\"https:\/\/now-news.de\/de\/author\/rnews\/\"}]}<\/script>\n<!-- \/ Yoast SEO Premium plugin. -->","yoast_head_json":{"title":"Selenskij fordert von EU finanzielle Unterst\u00fctzung f\u00fcr n\u00e4chste &quot;zwei bis drei Jahre&quot; - just-now.NEWS Deutschland","robots":{"index":"index","follow":"follow","max-snippet":"max-snippet:-1","max-image-preview":"max-image-preview:large","max-video-preview":"max-video-preview:-1"},"canonical":"https:\/\/now-news.de\/de\/deutschland\/selenskij-fordert-von-eu-finanzielle-unterstuetzung-fuer-naechste-zwei-bis-drei-jahre\/","og_locale":"de_DE","og_type":"article","og_title":"Selenskij fordert von EU finanzielle Unterst\u00fctzung f\u00fcr n\u00e4chste &quot;zwei bis drei Jahre&quot;","og_description":"Wladimir Selenskij pl\u00e4diert f\u00fcr finanzielle Hilfe f\u00fcr weitere &#8220;zwei bis drei Jahre&#8221;. Es geht um das EU-Programm zur Gew\u00e4hrung finanzieller Unterst\u00fctzung f\u00fcr die Ukraine aus eingefrorenen russischen Verm\u00f6genswerten. Kremlsprecher Dmitri Peskow sagt, dass Europa einen &#8220;Kunden&#8221; wie Kiew lange Zeit unterst\u00fctzen m\u00fcsse. Der ukrainische Pr\u00e4sident Wladimir Selenskij hat von seinen europ\u00e4ischen Verb\u00fcndeten weitere stabile finanzielle [&hellip;]","og_url":"https:\/\/now-news.de\/de\/deutschland\/selenskij-fordert-von-eu-finanzielle-unterstuetzung-fuer-naechste-zwei-bis-drei-jahre\/","og_site_name":"just-now.NEWS Deutschland","article_publisher":"https:\/\/www.facebook.com\/wirmachenauf","article_published_time":"2025-10-28T15:17:21+00:00","og_image":[{"url":"https:\/\/now-news.de\/de\/wp-content\/uploads\/sites\/3\/2025\/10\/6900c62b48fbef32ef72c55e.jpg"}],"author":"rtnews","twitter_card":"summary_large_image","twitter_creator":"@WirMachenAuf_de","twitter_site":"@WirMachenAuf_de","twitter_misc":{"Verfasst von":"rtnews","Gesch\u00e4tzte Lesezeit":"2\u00a0Minuten"},"schema":{"@context":"https:\/\/schema.org","@graph":[{"@type":"Article","@id":"https:\/\/now-news.de\/de\/deutschland\/selenskij-fordert-von-eu-finanzielle-unterstuetzung-fuer-naechste-zwei-bis-drei-jahre\/#article","isPartOf":{"@id":"https:\/\/now-news.de\/de\/deutschland\/selenskij-fordert-von-eu-finanzielle-unterstuetzung-fuer-naechste-zwei-bis-drei-jahre\/"},"author":{"name":"rtnews","@id":"https:\/\/now-news.de\/de\/#\/schema\/person\/fb534a4e865501d8b3285208df34a9b5"},"headline":"Selenskij fordert von EU finanzielle Unterst\u00fctzung f\u00fcr n\u00e4chste &quot;zwei bis drei Jahre&quot;","datePublished":"2025-10-28T15:17:21+00:00","dateModified":"2025-10-28T15:17:21+00:00","mainEntityOfPage":{"@id":"https:\/\/now-news.de\/de\/deutschland\/selenskij-fordert-von-eu-finanzielle-unterstuetzung-fuer-naechste-zwei-bis-drei-jahre\/"},"wordCount":496,"commentCount":0,"publisher":{"@id":"https:\/\/now-news.de\/de\/#organization"},"image":{"@id":"https:\/\/now-news.de\/de\/deutschland\/selenskij-fordert-von-eu-finanzielle-unterstuetzung-fuer-naechste-zwei-bis-drei-jahre\/#primaryimage"},"thumbnailUrl":"https:\/\/now-news.de\/de\/wp-content\/uploads\/sites\/3\/2025\/10\/Selenskij-fordert-von-EU-finanzielle-Unterstuetzung-fuer-naechste-quotzwei-bis.jpg","keywords":["bis","drei","finanzielle","fordert","f\u00fcr","Jahrequot","n\u00e4chste","quotZwei","Selenskij","Unterst\u00fctzung","von"],"articleSection":["Deutschland","Russland"],"inLanguage":"de","potentialAction":[{"@type":"CommentAction","name":"Comment","target":["https:\/\/now-news.de\/de\/deutschland\/selenskij-fordert-von-eu-finanzielle-unterstuetzung-fuer-naechste-zwei-bis-drei-jahre\/#respond"]}]},{"@type":"WebPage","@id":"https:\/\/now-news.de\/de\/deutschland\/selenskij-fordert-von-eu-finanzielle-unterstuetzung-fuer-naechste-zwei-bis-drei-jahre\/","url":"https:\/\/now-news.de\/de\/deutschland\/selenskij-fordert-von-eu-finanzielle-unterstuetzung-fuer-naechste-zwei-bis-drei-jahre\/","name":"Selenskij fordert von EU finanzielle Unterst\u00fctzung f\u00fcr n\u00e4chste &quot;zwei bis drei Jahre&quot; - just-now.NEWS Deutschland","isPartOf":{"@id":"https:\/\/now-news.de\/de\/#website"},"primaryImageOfPage":{"@id":"https:\/\/now-news.de\/de\/deutschland\/selenskij-fordert-von-eu-finanzielle-unterstuetzung-fuer-naechste-zwei-bis-drei-jahre\/#primaryimage"},"image":{"@id":"https:\/\/now-news.de\/de\/deutschland\/selenskij-fordert-von-eu-finanzielle-unterstuetzung-fuer-naechste-zwei-bis-drei-jahre\/#primaryimage"},"thumbnailUrl":"https:\/\/now-news.de\/de\/wp-content\/uploads\/sites\/3\/2025\/10\/Selenskij-fordert-von-EU-finanzielle-Unterstuetzung-fuer-naechste-quotzwei-bis.jpg","datePublished":"2025-10-28T15:17:21+00:00","dateModified":"2025-10-28T15:17:21+00:00","breadcrumb":{"@id":"https:\/\/now-news.de\/de\/deutschland\/selenskij-fordert-von-eu-finanzielle-unterstuetzung-fuer-naechste-zwei-bis-drei-jahre\/#breadcrumb"},"inLanguage":"de","potentialAction":[{"@type":"ReadAction","target":["https:\/\/now-news.de\/de\/deutschland\/selenskij-fordert-von-eu-finanzielle-unterstuetzung-fuer-naechste-zwei-bis-drei-jahre\/"]}]},{"@type":"ImageObject","inLanguage":"de","@id":"https:\/\/now-news.de\/de\/deutschland\/selenskij-fordert-von-eu-finanzielle-unterstuetzung-fuer-naechste-zwei-bis-drei-jahre\/#primaryimage","url":"https:\/\/now-news.de\/de\/wp-content\/uploads\/sites\/3\/2025\/10\/Selenskij-fordert-von-EU-finanzielle-Unterstuetzung-fuer-naechste-quotzwei-bis.jpg","contentUrl":"https:\/\/now-news.de\/de\/wp-content\/uploads\/sites\/3\/2025\/10\/Selenskij-fordert-von-EU-finanzielle-Unterstuetzung-fuer-naechste-quotzwei-bis.jpg","width":460,"height":259,"caption":"Selenskij fordert von EU finanzielle Unterst\u00fctzung f\u00fcr n\u00e4chste &quot;zwei bis drei Jahre&quot;"},{"@type":"BreadcrumbList","@id":"https:\/\/now-news.de\/de\/deutschland\/selenskij-fordert-von-eu-finanzielle-unterstuetzung-fuer-naechste-zwei-bis-drei-jahre\/#breadcrumb","itemListElement":[{"@type":"ListItem","position":1,"name":"Home","item":"https:\/\/now-news.de\/de\/"},{"@type":"ListItem","position":2,"name":"Selenskij fordert von EU finanzielle Unterst\u00fctzung f\u00fcr n\u00e4chste &quot;zwei bis drei Jahre&quot;"}]},{"@type":"WebSite","@id":"https:\/\/now-news.de\/de\/#website","url":"https:\/\/now-news.de\/de\/","name":"just-now.NEWS Deutschland","description":"Das Portal f\u00fcr unzensierte Nachrichten aus der Welt","publisher":{"@id":"https:\/\/now-news.de\/de\/#organization"},"potentialAction":[{"@type":"SearchAction","target":{"@type":"EntryPoint","urlTemplate":"https:\/\/now-news.de\/de\/?s={search_term_string}"},"query-input":"required name=search_term_string"}],"inLanguage":"de"},{"@type":"Organization","@id":"https:\/\/now-news.de\/de\/#organization","name":"Just Now News","url":"https:\/\/now-news.de\/de\/","logo":{"@type":"ImageObject","inLanguage":"de","@id":"https:\/\/now-news.de\/de\/#\/schema\/logo\/image\/","url":"http:\/\/just-now.news\/de\/wp-content\/uploads\/sites\/3\/2022\/04\/logo500x500.jpg","contentUrl":"http:\/\/just-now.news\/de\/wp-content\/uploads\/sites\/3\/2022\/04\/logo500x500.jpg","width":500,"height":500,"caption":"Just Now News"},"image":{"@id":"https:\/\/now-news.de\/de\/#\/schema\/logo\/image\/"},"sameAs":["https:\/\/www.facebook.com\/wirmachenauf","https:\/\/x.com\/WirMachenAuf_de"]},{"@type":"Person","@id":"https:\/\/now-news.de\/de\/#\/schema\/person\/fb534a4e865501d8b3285208df34a9b5","name":"rtnews","image":{"@type":"ImageObject","inLanguage":"de","@id":"https:\/\/now-news.de\/de\/#\/schema\/person\/image\/","url":"https:\/\/secure.gravatar.com\/avatar\/82aafea7d8127119dd649515f56e2117?s=96&d=mm&r=g","contentUrl":"https:\/\/secure.gravatar.com\/avatar\/82aafea7d8127119dd649515f56e2117?s=96&d=mm&r=g","caption":"rtnews"},"url":"https:\/\/now-news.de\/de\/author\/rnews\/"}]}},"_links":{"self":[{"href":"https:\/\/now-news.de\/de\/wp-json\/wp\/v2\/posts\/92976"}],"collection":[{"href":"https:\/\/now-news.de\/de\/wp-json\/wp\/v2\/posts"}],"about":[{"href":"https:\/\/now-news.de\/de\/wp-json\/wp\/v2\/types\/post"}],"author":[{"embeddable":true,"href":"https:\/\/now-news.de\/de\/wp-json\/wp\/v2\/users\/3"}],"replies":[{"embeddable":true,"href":"https:\/\/now-news.de\/de\/wp-json\/wp\/v2\/comments?post=92976"}],"version-history":[{"count":0,"href":"https:\/\/now-news.de\/de\/wp-json\/wp\/v2\/posts\/92976\/revisions"}],"wp:featuredmedia":[{"embeddable":true,"href":"https:\/\/now-news.de\/de\/wp-json\/wp\/v2\/media\/92977"}],"wp:attachment":[{"href":"https:\/\/now-news.de\/de\/wp-json\/wp\/v2\/media?parent=92976"}],"wp:term":[{"taxonomy":"category","embeddable":true,"href":"https:\/\/now-news.de\/de\/wp-json\/wp\/v2\/categories?post=92976"},{"taxonomy":"post_tag","embeddable":true,"href":"https:\/\/now-news.de\/de\/wp-json\/wp\/v2\/tags?post=92976"}],"curies":[{"name":"wp","href":"https:\/\/api.w.org\/{rel}","templated":true}]}}