{"id":92974,"date":"2025-10-28T17:00:23","date_gmt":"2025-10-28T15:00:23","guid":{"rendered":"https:\/\/now-news.de\/de\/deutschland\/morgan-stanley-und-jpmorgan-uebernehmen-ubs-credit-suisse-integration-bleibt-ungeloest\/"},"modified":"2025-10-28T17:00:23","modified_gmt":"2025-10-28T15:00:23","slug":"morgan-stanley-und-jpmorgan-uebernehmen-ubs-credit-suisse-integration-bleibt-ungeloest","status":"publish","type":"post","link":"https:\/\/now-news.de\/de\/deutschland\/morgan-stanley-und-jpmorgan-uebernehmen-ubs-credit-suisse-integration-bleibt-ungeloest\/","title":{"rendered":"Morgan Stanley und JPMorgan \u00fcbernehmen UBS? Credit-Suisse-Integration bleibt ungel\u00f6st"},"content":{"rendered":"<div class=\"Text-root Text-type_1 \">\n                Medien spekulieren \u00fcber einen Verkauf der UBS an US-Gro\u00dfbanken wie Morgan Stanley oder JPMorgan. Grund sind massive Altlasten wie AT1-Anleihen, Greensill-Verluste und Sammelklagen in den USA. Intern k\u00e4mpft die Bank mit der Credit-Suisse-Integration und F\u00fchrungskrisen, w\u00e4hrend die Politik zus\u00e4tzliche Kapitalforderungen stellt.\n            <\/div>\n<p><\/p>\n<div class=\"Text-root Text-type_5 ArticleView-text ViewText-root \">\n<p data-start=\"13\" data-end=\"359\"><em>Bloomberg<\/em>\u00a0wirft in einem Bericht die Frage auf, ob die UBS l\u00e4ngerfristig auf einen Verkauf an eine US-Gro\u00dfbank zusteuert. Genannt wird insbesondere Morgan Stanley, wo UBS-Pr\u00e4sident Colm Kelleher den Gro\u00dfteil seiner Karriere verbracht hat. Auch JPMorgan wird erw\u00e4hnt. Allerdings habe bisher keine der beiden Banken konkretes Interesse signalisiert.<\/p>\n<p data-start=\"361\" data-end=\"723\">Ausl\u00f6ser f\u00fcr die Spekulationen sind anhaltende Rechts- und Reputationsrisiken. Dazu geh\u00f6ren m\u00f6gliche Milliardenfolgen aus dem AT1-Komplex nach dem Bundesverwaltungsgerichts-Entscheid, einer drohende 440-Millionen-Dollar-Belastung im Zusammenhang mit Greensill sowie neuen Forderungen aus dem Fall Tom Hayes, der die UBS f\u00fcr seine Verurteilung verantwortlich macht.<\/p>\n<p data-start=\"725\" data-end=\"1084\">Hinzu kommen Turbulenzen in den USA. Eine Sammelklage im Umfeld des KinderCare-B\u00f6rsengangs wirft der UBS und weiteren Beteiligten Pflichtverletzungen vor. Gleichzeitig k\u00e4mpft die Bank intern mit der Integration der Credit Suisse. Die j\u00fcngste Reorganisation und der Austausch zentraler F\u00fchrungskr\u00e4fte wird in der Branche als Zeichen von Unsicherheit interpretiert.<\/p>\n<p data-start=\"1086\" data-end=\"1512\">Politisch erh\u00f6ht die Finanzministerin den Druck mit der Forderung nach zus\u00e4tzlichen Kapitalpolstern in Milliardenh\u00f6he. F\u00fcr die UBS stellt sich damit die Frage, ob der eingeschlagene Konsolidierungspfad in der Schweiz tragf\u00e4hig bleibt. Medien berichten zudem, die Bank habe in den USA eine erweiterte Banklizenz beantragt. Marktbeobachter sehen darin zumindest die Option, den Schwerpunkt weiter Richtung New York zu verlagern.<\/p>\n<p data-start=\"1514\" data-end=\"1690\" data-is-last-node=\"\" data-is-only-node=\"\">Ob ein Verkauf realistisch ist, bleibt offen. Doch dass die Diskussion \u00fcberhaupt gef\u00fchrt wird, gilt als Symptom f\u00fcr die strategische Unsicherheit um die gr\u00f6\u00dfte Schweizer Bank.<\/p>\n<p data-start=\"1514\" data-end=\"1690\" data-is-last-node=\"\" data-is-only-node=\"\"><strong><\/strong><\/p>\n<p data-start=\"1514\" data-end=\"1690\" data-is-last-node=\"\" data-is-only-node=\"\"><strong>Keller-Sutters entscheidendes Jahr in der Finanzpolitik<\/strong><\/p>\n<p data-start=\"466\" data-end=\"998\">Karin Keller-Sutter hat in ihrer Karriere schon anspruchsvolle Abstimmungsk\u00e4mpfe gef\u00fchrt. Als Justizministerin musste sie innerhalb kurzer Zeit eine Reihe heikler Vorlagen vor das Volk bringen. Doch die Belastung, die sie in diesem Jahr erwartet, d\u00fcrfte schwerer wiegen. Als Bundespr\u00e4sidentin ist sie mitten im Streit mit den USA \u00fcber drohende Zollerh\u00f6hungen. Ihr Gespr\u00e4ch mit Donald Trump hat innenpolitisch harsche Kritik ausgel\u00f6st. Parallel dazu l\u00e4uft ein schwieriger Konflikt mit der UBS \u00fcber die k\u00fcnftigen Kapitalanforderungen.<\/p>\n<p data-start=\"1000\" data-end=\"1384\">Zu diesen beiden Fronten kommt eine dritte hinzu. Die Debatte \u00fcber die Bundesfinanzen erreicht ihre entscheidende Phase. Die Ausgangslage ist delikat. Weil die Ausgaben f\u00fcr die Armee und die Alters- und Hinterlassenenversicherung (AHV) deutlich steigen, m\u00fcssen die \u00fcbrigen Aufgaben des Bundes verlangsamt oder reduziert werden, um die Schuldenbremse einzuhalten. Ohne Eingriffe drohen strukturelle Defizite in Milliardenh\u00f6he.<\/p>\n<p data-start=\"1386\" data-end=\"1780\">Die Frage ist weniger, ob gespart werden muss, sondern wo. Und hier beginnt der eigentliche Kampf. W\u00e4hrend beim Zollstreit eine einzelne Person \u00fcber den weiteren Verlauf mitentscheidet, stehen Keller-Sutter in der Finanzpolitik Dutzende von Interessengruppen, Kommissionen und Lobbyverb\u00e4nden gegen\u00fcber. Das Beharrungsverm\u00f6gen ist ausgepr\u00e4gt. Die Formel lautet meist: sparen ja, aber nicht hier.<\/p>\n<p data-start=\"1782\" data-end=\"2323\">Der Bundesrat hat mit dem sogenannten Entlastungspaket 2027 einen umfassenden Vorschlag vorgelegt. Der Plan sieht Einsparungen von rund 3 Milliarden Franken vor und umfasst 57 Ma\u00dfnahmen. Gr\u00f6\u00dfere K\u00fcrzungen betreffen unter anderem Subventionen im Bereich Klimapolitik, kantonale Integrationsbeitr\u00e4ge, Personalaufwand, Bahnfinanzierung und Entwicklungszusammenarbeit. Gleichzeitig sollen die Mittel f\u00fcr die Armee und die AHV stark ansteigen. W\u00e4hrend die 13. AHV-Rente verpflichtend ist, h\u00e4ngt der Ausbau der Armee von der Finanzierbarkeit ab.<\/p>\n<figure class=\"RTImage-root\">\n<div class=\"RTImage-image RTImage-original\"><picture class=\"Picture-root Picture-original\"><!--[if IE 9]><video style=\"display: none;\"><![endif]--><source media=\"(-webkit-min-device-pixel-ratio: 2) and (min-resolution: 120dpi)\" data-srcset=\" \nhttps:\/\/now-news.de\/de\/wp-content\/uploads\/sites\/3\/2025\/10\/6900b60348fbef31ff411563.jpg 850w,\n                https:\/\/now-news.de\/de\/wp-content\/uploads\/sites\/3\/2025\/10\/6900b60348fbef31ff411563.jpg 1960w,            \" ><source data-srcset=\" \nhttps:\/\/now-news.de\/de\/wp-content\/uploads\/sites\/3\/2025\/10\/6900b60348fbef31ff411563.jpg 460w,\n              https:\/\/now-news.de\/de\/wp-content\/uploads\/sites\/3\/2025\/10\/6900b60348fbef31ff411563.jpg 980w,\n            \" ><!--[if IE 9]><\/video><![endif]--><img decoding=\"async\" data- src=\"data:image\/png;base64,iVBORw0KGgoAAAANSUhEUgAAABAAAAAJCAQAAACRI2S5AAAAEElEQVR42mNkIAAYRxWAAQAG9gAKqv6+AwAAAABJRU5ErkJggg==\" class=\"Picture-root Picture-original lazyload\" data-src=\"https:\/\/now-news.de\/de\/wp-content\/uploads\/sites\/3\/2025\/10\/6900b60348fbef31ff411563.jpg\" alt=\"\"><\/source><\/source><\/picture><!-- noscript pattern --><noscript><img decoding=\"async\" src=\"https:\/\/now-news.de\/de\/wp-content\/uploads\/sites\/3\/2025\/10\/6900b60348fbef31ff411563.jpg\" alt=\"\"><\/noscript><\/div><figcaption class=\"RTImage-footer\"><span class=\"RTImage-caption\"><span class=\"RTImage-captionItem\">Keller-Sutters politisches Verm\u00e4chtnis steht auf dem Spiel<\/span><\/span><span class=\"RTImage-source\"><span class=\"RTImage-captionItem\">Sean Gallup<\/span><span class=\"RTImage-captionItem\"> \/ Gettyimages.ru<\/span><\/span><\/figcaption><\/figure>\n<p data-start=\"2325\" data-end=\"2745\">In den parlamentarischen Beratungen zeigt sich eine klare Dynamik. Verschiedene Kommissionen haben signalisiert, dass sie K\u00fcrzungen in ihren Zust\u00e4ndigkeitsbereichen nicht akzeptieren. Die Bildungspolitiker wollen Hochschulen und Forschung sch\u00fctzen, die Au\u00dfenpolitiker internationale Medienprogramme, die Verkehrspolitiker Bahninvestitionen. Jede Reduktion trifft auf ein gut organisiertes Umfeld, das Ausnahmen fordert.<\/p>\n<p data-start=\"2747\" data-end=\"3145\">Die Finanzkommission hat Vertreter der betroffenen Sektoren angeh\u00f6rt. Die Vorbereitung deutet auf intensive politische Auseinandersetzungen hin. Im Dezember wird der St\u00e4nderat \u00fcber das Paket beraten, im M\u00e4rz der Nationalrat und im Herbst k\u00f6nnte die Vorlage dem Volk vorgelegt werden. Ein Referendum von links ist praktisch sicher, sofern die b\u00fcrgerliche Mehrheit den Entwurf nicht stark abschw\u00e4cht.<\/p>\n<p data-start=\"3147\" data-end=\"3548\">Scheitert die Vorlage, w\u00e4re der Bundesrat gezwungen, kurzfristig einschneidend zu sparen. Der Spielraum ist begrenzt, weil viele Ausgaben gesetzlich gebunden sind. Betroffen w\u00e4ren in erster Linie Bildung, Forschung, Landwirtschaft, Entwicklungszusammenarbeit und m\u00f6glicherweise die Armee. Der Bundesrat hat mit diesem Szenario bewusst eine Warnung formuliert und Steuererh\u00f6hungen nicht ausgeschlossen.<\/p>\n<p data-start=\"3550\" data-end=\"3909\">F\u00fcr Keller-Sutter steht damit mehr als eine finanzpolitische Weichenstellung an. Das Ergebnis k\u00f6nnte pr\u00e4gend f\u00fcr ihr Amt als Finanzministerin sein. Gelingt es ihr, das Paket durchzusetzen, st\u00e4rkt sie ihre Position in einem zentralen Politikfeld. Misslingt es, droht ihr ein politisches Erbe, das von K\u00fcrzungszwang und Verlust an Gestaltungskraft gepr\u00e4gt w\u00e4re.<\/p>\n<p data-start=\"3550\" data-end=\"3909\"><strong data-start=\"1226\" data-end=\"1286\">Mehr zum Thema &#8211;\u00a0<\/strong><a rel=\"nofollow noopener\" target=\"_blank\" href=\"https:\/\/freedert.online\/schweiz\/236529-jeder-fuenfte-in-europa-rechnet\/\">Lervoss International Ltd. \u2013 oder das gestohlene Geld der ukrainischen Eisenbahn\u00a0in der Schweiz<\/a><\/p>\n<div class=\"EmbedBlock-root EmbedBlock-externalVideo EmbedBlock-rumble\">\n<div class=\"VkEmbed\"><iframe class=\"lazyload\" data-src=\"https:\/\/rumble.com\/embed\/v5mbbwe\" frameborder=\"0\" width=\"853\" height=\"480\" allowfullscreen><\/iframe><\/div>\n<\/div>\n<\/div>\n<p><br \/>\n<br \/><a href=\"https:\/\/de.rt.com\/schweiz\/260145-morgan-stanley-und-jpmorgan-uebernehmen\/\">Source link <\/a><\/p>\n","protected":false},"excerpt":{"rendered":"<p>Medien spekulieren \u00fcber einen Verkauf der UBS an US-Gro\u00dfbanken wie Morgan Stanley oder JPMorgan. Grund sind massive Altlasten wie AT1-Anleihen, Greensill-Verluste und Sammelklagen in den USA. Intern k\u00e4mpft die Bank mit der Credit-Suisse-Integration und F\u00fchrungskrisen, w\u00e4hrend die Politik zus\u00e4tzliche Kapitalforderungen stellt. Bloomberg\u00a0wirft in einem Bericht die Frage auf, ob die UBS l\u00e4ngerfristig auf einen Verkauf [&hellip;]<\/p>\n","protected":false},"author":3,"featured_media":92975,"comment_status":"open","ping_status":"open","sticky":false,"template":"","format":"standard","meta":{"_yoast_indexnow_last_ping":["1761664234"],"wp_automatic_camp":["217"],"438ac2fb2e4a0aa21e37f66eb2c5ec1b":["Morgan Stanley und JPMorgan \u00fcbernehmen UBS? Credit-Suisse-Integration bleibt ungel\u00f6st"],"original_link":["https:\/\/de.rt.com\/schweiz\/260145-morgan-stanley-und-jpmorgan-uebernehmen\/"],"_thumbnail_id":["92975"],"jnews_social_counter_last_update":["1777128644"],"_wptgpro_p2tg_sent2tg":["a:1:{i:23737;s:19:\"2025-10-28 17:11:39\";}"]},"categories":[19,23],"tags":[487,68757,43749,5274,58465,4568,42204,140,41018],"yoast_head":"<!-- This site is optimized with the Yoast SEO Premium plugin v22.7 (Yoast SEO v22.7) - https:\/\/yoast.com\/wordpress\/plugins\/seo\/ -->\n<title>Morgan Stanley und JPMorgan \u00fcbernehmen UBS? Credit-Suisse-Integration bleibt ungel\u00f6st - just-now.NEWS Deutschland<\/title>\n<meta name=\"robots\" content=\"index, follow, max-snippet:-1, max-image-preview:large, max-video-preview:-1\" \/>\n<link rel=\"canonical\" href=\"https:\/\/now-news.de\/de\/deutschland\/morgan-stanley-und-jpmorgan-uebernehmen-ubs-credit-suisse-integration-bleibt-ungeloest\/\" \/>\n<meta property=\"og:locale\" content=\"de_DE\" \/>\n<meta property=\"og:type\" content=\"article\" \/>\n<meta property=\"og:title\" content=\"Morgan Stanley und JPMorgan \u00fcbernehmen UBS? Credit-Suisse-Integration bleibt ungel\u00f6st\" \/>\n<meta property=\"og:description\" content=\"Medien spekulieren \u00fcber einen Verkauf der UBS an US-Gro\u00dfbanken wie Morgan Stanley oder JPMorgan. Grund sind massive Altlasten wie AT1-Anleihen, Greensill-Verluste und Sammelklagen in den USA. Intern k\u00e4mpft die Bank mit der Credit-Suisse-Integration und F\u00fchrungskrisen, w\u00e4hrend die Politik zus\u00e4tzliche Kapitalforderungen stellt. Bloomberg\u00a0wirft in einem Bericht die Frage auf, ob die UBS l\u00e4ngerfristig auf einen Verkauf [&hellip;]\" \/>\n<meta property=\"og:url\" content=\"https:\/\/now-news.de\/de\/deutschland\/morgan-stanley-und-jpmorgan-uebernehmen-ubs-credit-suisse-integration-bleibt-ungeloest\/\" \/>\n<meta property=\"og:site_name\" content=\"just-now.NEWS Deutschland\" \/>\n<meta property=\"article:publisher\" content=\"https:\/\/www.facebook.com\/wirmachenauf\" \/>\n<meta property=\"article:published_time\" content=\"2025-10-28T15:00:23+00:00\" \/>\n<meta property=\"og:image\" content=\"https:\/\/now-news.de\/de\/wp-content\/uploads\/sites\/3\/2025\/10\/6900b60348fbef31ff411563.jpg\" \/>\n<meta name=\"author\" content=\"rtnews\" \/>\n<meta name=\"twitter:card\" content=\"summary_large_image\" \/>\n<meta name=\"twitter:creator\" content=\"@WirMachenAuf_de\" \/>\n<meta name=\"twitter:site\" content=\"@WirMachenAuf_de\" \/>\n<meta name=\"twitter:label1\" content=\"Verfasst von\" \/>\n\t<meta name=\"twitter:data1\" content=\"rtnews\" \/>\n\t<meta name=\"twitter:label2\" content=\"Gesch\u00e4tzte Lesezeit\" \/>\n\t<meta name=\"twitter:data2\" content=\"4\u00a0Minuten\" \/>\n<script type=\"application\/ld+json\" class=\"yoast-schema-graph\">{\"@context\":\"https:\/\/schema.org\",\"@graph\":[{\"@type\":\"Article\",\"@id\":\"https:\/\/now-news.de\/de\/deutschland\/morgan-stanley-und-jpmorgan-uebernehmen-ubs-credit-suisse-integration-bleibt-ungeloest\/#article\",\"isPartOf\":{\"@id\":\"https:\/\/now-news.de\/de\/deutschland\/morgan-stanley-und-jpmorgan-uebernehmen-ubs-credit-suisse-integration-bleibt-ungeloest\/\"},\"author\":{\"name\":\"rtnews\",\"@id\":\"https:\/\/now-news.de\/de\/#\/schema\/person\/fb534a4e865501d8b3285208df34a9b5\"},\"headline\":\"Morgan Stanley und JPMorgan \u00fcbernehmen UBS? Credit-Suisse-Integration bleibt ungel\u00f6st\",\"datePublished\":\"2025-10-28T15:00:23+00:00\",\"dateModified\":\"2025-10-28T15:00:23+00:00\",\"mainEntityOfPage\":{\"@id\":\"https:\/\/now-news.de\/de\/deutschland\/morgan-stanley-und-jpmorgan-uebernehmen-ubs-credit-suisse-integration-bleibt-ungeloest\/\"},\"wordCount\":831,\"commentCount\":0,\"publisher\":{\"@id\":\"https:\/\/now-news.de\/de\/#organization\"},\"image\":{\"@id\":\"https:\/\/now-news.de\/de\/deutschland\/morgan-stanley-und-jpmorgan-uebernehmen-ubs-credit-suisse-integration-bleibt-ungeloest\/#primaryimage\"},\"thumbnailUrl\":\"https:\/\/now-news.de\/de\/wp-content\/uploads\/sites\/3\/2025\/10\/Morgan-Stanley-und-JPMorgan-uebernehmen-UBS-Credit-Suisse-Integration-bleibt-ungeloest.jpg\",\"keywords\":[\"bleibt\",\"CreditSuisseIntegration\",\"JPMorgan\",\"Morgan\",\"Stanley\",\"\u00fcbernehmen\",\"UBS\",\"und\",\"ungel\u00f6st\"],\"articleSection\":[\"Deutschland\",\"Russland\"],\"inLanguage\":\"de\",\"potentialAction\":[{\"@type\":\"CommentAction\",\"name\":\"Comment\",\"target\":[\"https:\/\/now-news.de\/de\/deutschland\/morgan-stanley-und-jpmorgan-uebernehmen-ubs-credit-suisse-integration-bleibt-ungeloest\/#respond\"]}]},{\"@type\":\"WebPage\",\"@id\":\"https:\/\/now-news.de\/de\/deutschland\/morgan-stanley-und-jpmorgan-uebernehmen-ubs-credit-suisse-integration-bleibt-ungeloest\/\",\"url\":\"https:\/\/now-news.de\/de\/deutschland\/morgan-stanley-und-jpmorgan-uebernehmen-ubs-credit-suisse-integration-bleibt-ungeloest\/\",\"name\":\"Morgan Stanley und JPMorgan \u00fcbernehmen UBS? Credit-Suisse-Integration bleibt ungel\u00f6st - just-now.NEWS Deutschland\",\"isPartOf\":{\"@id\":\"https:\/\/now-news.de\/de\/#website\"},\"primaryImageOfPage\":{\"@id\":\"https:\/\/now-news.de\/de\/deutschland\/morgan-stanley-und-jpmorgan-uebernehmen-ubs-credit-suisse-integration-bleibt-ungeloest\/#primaryimage\"},\"image\":{\"@id\":\"https:\/\/now-news.de\/de\/deutschland\/morgan-stanley-und-jpmorgan-uebernehmen-ubs-credit-suisse-integration-bleibt-ungeloest\/#primaryimage\"},\"thumbnailUrl\":\"https:\/\/now-news.de\/de\/wp-content\/uploads\/sites\/3\/2025\/10\/Morgan-Stanley-und-JPMorgan-uebernehmen-UBS-Credit-Suisse-Integration-bleibt-ungeloest.jpg\",\"datePublished\":\"2025-10-28T15:00:23+00:00\",\"dateModified\":\"2025-10-28T15:00:23+00:00\",\"breadcrumb\":{\"@id\":\"https:\/\/now-news.de\/de\/deutschland\/morgan-stanley-und-jpmorgan-uebernehmen-ubs-credit-suisse-integration-bleibt-ungeloest\/#breadcrumb\"},\"inLanguage\":\"de\",\"potentialAction\":[{\"@type\":\"ReadAction\",\"target\":[\"https:\/\/now-news.de\/de\/deutschland\/morgan-stanley-und-jpmorgan-uebernehmen-ubs-credit-suisse-integration-bleibt-ungeloest\/\"]}]},{\"@type\":\"ImageObject\",\"inLanguage\":\"de\",\"@id\":\"https:\/\/now-news.de\/de\/deutschland\/morgan-stanley-und-jpmorgan-uebernehmen-ubs-credit-suisse-integration-bleibt-ungeloest\/#primaryimage\",\"url\":\"https:\/\/now-news.de\/de\/wp-content\/uploads\/sites\/3\/2025\/10\/Morgan-Stanley-und-JPMorgan-uebernehmen-UBS-Credit-Suisse-Integration-bleibt-ungeloest.jpg\",\"contentUrl\":\"https:\/\/now-news.de\/de\/wp-content\/uploads\/sites\/3\/2025\/10\/Morgan-Stanley-und-JPMorgan-uebernehmen-UBS-Credit-Suisse-Integration-bleibt-ungeloest.jpg\",\"width\":1634,\"height\":1080,\"caption\":\"Morgan Stanley und JPMorgan \u00fcbernehmen UBS? Credit-Suisse-Integration bleibt ungel\u00f6st\"},{\"@type\":\"BreadcrumbList\",\"@id\":\"https:\/\/now-news.de\/de\/deutschland\/morgan-stanley-und-jpmorgan-uebernehmen-ubs-credit-suisse-integration-bleibt-ungeloest\/#breadcrumb\",\"itemListElement\":[{\"@type\":\"ListItem\",\"position\":1,\"name\":\"Home\",\"item\":\"https:\/\/now-news.de\/de\/\"},{\"@type\":\"ListItem\",\"position\":2,\"name\":\"Morgan Stanley und JPMorgan \u00fcbernehmen UBS? Credit-Suisse-Integration bleibt ungel\u00f6st\"}]},{\"@type\":\"WebSite\",\"@id\":\"https:\/\/now-news.de\/de\/#website\",\"url\":\"https:\/\/now-news.de\/de\/\",\"name\":\"just-now.NEWS Deutschland\",\"description\":\"Das Portal f\u00fcr unzensierte Nachrichten aus der Welt\",\"publisher\":{\"@id\":\"https:\/\/now-news.de\/de\/#organization\"},\"potentialAction\":[{\"@type\":\"SearchAction\",\"target\":{\"@type\":\"EntryPoint\",\"urlTemplate\":\"https:\/\/now-news.de\/de\/?s={search_term_string}\"},\"query-input\":\"required name=search_term_string\"}],\"inLanguage\":\"de\"},{\"@type\":\"Organization\",\"@id\":\"https:\/\/now-news.de\/de\/#organization\",\"name\":\"Just Now News\",\"url\":\"https:\/\/now-news.de\/de\/\",\"logo\":{\"@type\":\"ImageObject\",\"inLanguage\":\"de\",\"@id\":\"https:\/\/now-news.de\/de\/#\/schema\/logo\/image\/\",\"url\":\"http:\/\/just-now.news\/de\/wp-content\/uploads\/sites\/3\/2022\/04\/logo500x500.jpg\",\"contentUrl\":\"http:\/\/just-now.news\/de\/wp-content\/uploads\/sites\/3\/2022\/04\/logo500x500.jpg\",\"width\":500,\"height\":500,\"caption\":\"Just Now News\"},\"image\":{\"@id\":\"https:\/\/now-news.de\/de\/#\/schema\/logo\/image\/\"},\"sameAs\":[\"https:\/\/www.facebook.com\/wirmachenauf\",\"https:\/\/x.com\/WirMachenAuf_de\"]},{\"@type\":\"Person\",\"@id\":\"https:\/\/now-news.de\/de\/#\/schema\/person\/fb534a4e865501d8b3285208df34a9b5\",\"name\":\"rtnews\",\"image\":{\"@type\":\"ImageObject\",\"inLanguage\":\"de\",\"@id\":\"https:\/\/now-news.de\/de\/#\/schema\/person\/image\/\",\"url\":\"https:\/\/secure.gravatar.com\/avatar\/82aafea7d8127119dd649515f56e2117?s=96&d=mm&r=g\",\"contentUrl\":\"https:\/\/secure.gravatar.com\/avatar\/82aafea7d8127119dd649515f56e2117?s=96&d=mm&r=g\",\"caption\":\"rtnews\"},\"url\":\"https:\/\/now-news.de\/de\/author\/rnews\/\"}]}<\/script>\n<!-- \/ Yoast SEO Premium plugin. -->","yoast_head_json":{"title":"Morgan Stanley und JPMorgan \u00fcbernehmen UBS? Credit-Suisse-Integration bleibt ungel\u00f6st - just-now.NEWS Deutschland","robots":{"index":"index","follow":"follow","max-snippet":"max-snippet:-1","max-image-preview":"max-image-preview:large","max-video-preview":"max-video-preview:-1"},"canonical":"https:\/\/now-news.de\/de\/deutschland\/morgan-stanley-und-jpmorgan-uebernehmen-ubs-credit-suisse-integration-bleibt-ungeloest\/","og_locale":"de_DE","og_type":"article","og_title":"Morgan Stanley und JPMorgan \u00fcbernehmen UBS? Credit-Suisse-Integration bleibt ungel\u00f6st","og_description":"Medien spekulieren \u00fcber einen Verkauf der UBS an US-Gro\u00dfbanken wie Morgan Stanley oder JPMorgan. Grund sind massive Altlasten wie AT1-Anleihen, Greensill-Verluste und Sammelklagen in den USA. Intern k\u00e4mpft die Bank mit der Credit-Suisse-Integration und F\u00fchrungskrisen, w\u00e4hrend die Politik zus\u00e4tzliche Kapitalforderungen stellt. Bloomberg\u00a0wirft in einem Bericht die Frage auf, ob die UBS l\u00e4ngerfristig auf einen Verkauf [&hellip;]","og_url":"https:\/\/now-news.de\/de\/deutschland\/morgan-stanley-und-jpmorgan-uebernehmen-ubs-credit-suisse-integration-bleibt-ungeloest\/","og_site_name":"just-now.NEWS Deutschland","article_publisher":"https:\/\/www.facebook.com\/wirmachenauf","article_published_time":"2025-10-28T15:00:23+00:00","og_image":[{"url":"https:\/\/now-news.de\/de\/wp-content\/uploads\/sites\/3\/2025\/10\/6900b60348fbef31ff411563.jpg"}],"author":"rtnews","twitter_card":"summary_large_image","twitter_creator":"@WirMachenAuf_de","twitter_site":"@WirMachenAuf_de","twitter_misc":{"Verfasst von":"rtnews","Gesch\u00e4tzte Lesezeit":"4\u00a0Minuten"},"schema":{"@context":"https:\/\/schema.org","@graph":[{"@type":"Article","@id":"https:\/\/now-news.de\/de\/deutschland\/morgan-stanley-und-jpmorgan-uebernehmen-ubs-credit-suisse-integration-bleibt-ungeloest\/#article","isPartOf":{"@id":"https:\/\/now-news.de\/de\/deutschland\/morgan-stanley-und-jpmorgan-uebernehmen-ubs-credit-suisse-integration-bleibt-ungeloest\/"},"author":{"name":"rtnews","@id":"https:\/\/now-news.de\/de\/#\/schema\/person\/fb534a4e865501d8b3285208df34a9b5"},"headline":"Morgan Stanley und JPMorgan \u00fcbernehmen UBS? Credit-Suisse-Integration bleibt ungel\u00f6st","datePublished":"2025-10-28T15:00:23+00:00","dateModified":"2025-10-28T15:00:23+00:00","mainEntityOfPage":{"@id":"https:\/\/now-news.de\/de\/deutschland\/morgan-stanley-und-jpmorgan-uebernehmen-ubs-credit-suisse-integration-bleibt-ungeloest\/"},"wordCount":831,"commentCount":0,"publisher":{"@id":"https:\/\/now-news.de\/de\/#organization"},"image":{"@id":"https:\/\/now-news.de\/de\/deutschland\/morgan-stanley-und-jpmorgan-uebernehmen-ubs-credit-suisse-integration-bleibt-ungeloest\/#primaryimage"},"thumbnailUrl":"https:\/\/now-news.de\/de\/wp-content\/uploads\/sites\/3\/2025\/10\/Morgan-Stanley-und-JPMorgan-uebernehmen-UBS-Credit-Suisse-Integration-bleibt-ungeloest.jpg","keywords":["bleibt","CreditSuisseIntegration","JPMorgan","Morgan","Stanley","\u00fcbernehmen","UBS","und","ungel\u00f6st"],"articleSection":["Deutschland","Russland"],"inLanguage":"de","potentialAction":[{"@type":"CommentAction","name":"Comment","target":["https:\/\/now-news.de\/de\/deutschland\/morgan-stanley-und-jpmorgan-uebernehmen-ubs-credit-suisse-integration-bleibt-ungeloest\/#respond"]}]},{"@type":"WebPage","@id":"https:\/\/now-news.de\/de\/deutschland\/morgan-stanley-und-jpmorgan-uebernehmen-ubs-credit-suisse-integration-bleibt-ungeloest\/","url":"https:\/\/now-news.de\/de\/deutschland\/morgan-stanley-und-jpmorgan-uebernehmen-ubs-credit-suisse-integration-bleibt-ungeloest\/","name":"Morgan Stanley und JPMorgan \u00fcbernehmen UBS? Credit-Suisse-Integration bleibt ungel\u00f6st - just-now.NEWS Deutschland","isPartOf":{"@id":"https:\/\/now-news.de\/de\/#website"},"primaryImageOfPage":{"@id":"https:\/\/now-news.de\/de\/deutschland\/morgan-stanley-und-jpmorgan-uebernehmen-ubs-credit-suisse-integration-bleibt-ungeloest\/#primaryimage"},"image":{"@id":"https:\/\/now-news.de\/de\/deutschland\/morgan-stanley-und-jpmorgan-uebernehmen-ubs-credit-suisse-integration-bleibt-ungeloest\/#primaryimage"},"thumbnailUrl":"https:\/\/now-news.de\/de\/wp-content\/uploads\/sites\/3\/2025\/10\/Morgan-Stanley-und-JPMorgan-uebernehmen-UBS-Credit-Suisse-Integration-bleibt-ungeloest.jpg","datePublished":"2025-10-28T15:00:23+00:00","dateModified":"2025-10-28T15:00:23+00:00","breadcrumb":{"@id":"https:\/\/now-news.de\/de\/deutschland\/morgan-stanley-und-jpmorgan-uebernehmen-ubs-credit-suisse-integration-bleibt-ungeloest\/#breadcrumb"},"inLanguage":"de","potentialAction":[{"@type":"ReadAction","target":["https:\/\/now-news.de\/de\/deutschland\/morgan-stanley-und-jpmorgan-uebernehmen-ubs-credit-suisse-integration-bleibt-ungeloest\/"]}]},{"@type":"ImageObject","inLanguage":"de","@id":"https:\/\/now-news.de\/de\/deutschland\/morgan-stanley-und-jpmorgan-uebernehmen-ubs-credit-suisse-integration-bleibt-ungeloest\/#primaryimage","url":"https:\/\/now-news.de\/de\/wp-content\/uploads\/sites\/3\/2025\/10\/Morgan-Stanley-und-JPMorgan-uebernehmen-UBS-Credit-Suisse-Integration-bleibt-ungeloest.jpg","contentUrl":"https:\/\/now-news.de\/de\/wp-content\/uploads\/sites\/3\/2025\/10\/Morgan-Stanley-und-JPMorgan-uebernehmen-UBS-Credit-Suisse-Integration-bleibt-ungeloest.jpg","width":1634,"height":1080,"caption":"Morgan Stanley und JPMorgan \u00fcbernehmen UBS? Credit-Suisse-Integration bleibt ungel\u00f6st"},{"@type":"BreadcrumbList","@id":"https:\/\/now-news.de\/de\/deutschland\/morgan-stanley-und-jpmorgan-uebernehmen-ubs-credit-suisse-integration-bleibt-ungeloest\/#breadcrumb","itemListElement":[{"@type":"ListItem","position":1,"name":"Home","item":"https:\/\/now-news.de\/de\/"},{"@type":"ListItem","position":2,"name":"Morgan Stanley und JPMorgan \u00fcbernehmen UBS? Credit-Suisse-Integration bleibt ungel\u00f6st"}]},{"@type":"WebSite","@id":"https:\/\/now-news.de\/de\/#website","url":"https:\/\/now-news.de\/de\/","name":"just-now.NEWS Deutschland","description":"Das Portal f\u00fcr unzensierte Nachrichten aus der Welt","publisher":{"@id":"https:\/\/now-news.de\/de\/#organization"},"potentialAction":[{"@type":"SearchAction","target":{"@type":"EntryPoint","urlTemplate":"https:\/\/now-news.de\/de\/?s={search_term_string}"},"query-input":"required name=search_term_string"}],"inLanguage":"de"},{"@type":"Organization","@id":"https:\/\/now-news.de\/de\/#organization","name":"Just Now News","url":"https:\/\/now-news.de\/de\/","logo":{"@type":"ImageObject","inLanguage":"de","@id":"https:\/\/now-news.de\/de\/#\/schema\/logo\/image\/","url":"http:\/\/just-now.news\/de\/wp-content\/uploads\/sites\/3\/2022\/04\/logo500x500.jpg","contentUrl":"http:\/\/just-now.news\/de\/wp-content\/uploads\/sites\/3\/2022\/04\/logo500x500.jpg","width":500,"height":500,"caption":"Just Now News"},"image":{"@id":"https:\/\/now-news.de\/de\/#\/schema\/logo\/image\/"},"sameAs":["https:\/\/www.facebook.com\/wirmachenauf","https:\/\/x.com\/WirMachenAuf_de"]},{"@type":"Person","@id":"https:\/\/now-news.de\/de\/#\/schema\/person\/fb534a4e865501d8b3285208df34a9b5","name":"rtnews","image":{"@type":"ImageObject","inLanguage":"de","@id":"https:\/\/now-news.de\/de\/#\/schema\/person\/image\/","url":"https:\/\/secure.gravatar.com\/avatar\/82aafea7d8127119dd649515f56e2117?s=96&d=mm&r=g","contentUrl":"https:\/\/secure.gravatar.com\/avatar\/82aafea7d8127119dd649515f56e2117?s=96&d=mm&r=g","caption":"rtnews"},"url":"https:\/\/now-news.de\/de\/author\/rnews\/"}]}},"_links":{"self":[{"href":"https:\/\/now-news.de\/de\/wp-json\/wp\/v2\/posts\/92974"}],"collection":[{"href":"https:\/\/now-news.de\/de\/wp-json\/wp\/v2\/posts"}],"about":[{"href":"https:\/\/now-news.de\/de\/wp-json\/wp\/v2\/types\/post"}],"author":[{"embeddable":true,"href":"https:\/\/now-news.de\/de\/wp-json\/wp\/v2\/users\/3"}],"replies":[{"embeddable":true,"href":"https:\/\/now-news.de\/de\/wp-json\/wp\/v2\/comments?post=92974"}],"version-history":[{"count":0,"href":"https:\/\/now-news.de\/de\/wp-json\/wp\/v2\/posts\/92974\/revisions"}],"wp:featuredmedia":[{"embeddable":true,"href":"https:\/\/now-news.de\/de\/wp-json\/wp\/v2\/media\/92975"}],"wp:attachment":[{"href":"https:\/\/now-news.de\/de\/wp-json\/wp\/v2\/media?parent=92974"}],"wp:term":[{"taxonomy":"category","embeddable":true,"href":"https:\/\/now-news.de\/de\/wp-json\/wp\/v2\/categories?post=92974"},{"taxonomy":"post_tag","embeddable":true,"href":"https:\/\/now-news.de\/de\/wp-json\/wp\/v2\/tags?post=92974"}],"curies":[{"name":"wp","href":"https:\/\/api.w.org\/{rel}","templated":true}]}}