{"id":92972,"date":"2025-10-28T16:39:50","date_gmt":"2025-10-28T14:39:50","guid":{"rendered":"https:\/\/now-news.de\/de\/deutschland\/fake-news-westliche-medien-legen-orban-kritik-an-trump-in-den-mund\/"},"modified":"2025-10-28T16:39:50","modified_gmt":"2025-10-28T14:39:50","slug":"fake-news-westliche-medien-legen-orban-kritik-an-trump-in-den-mund","status":"publish","type":"post","link":"https:\/\/now-news.de\/de\/deutschland\/fake-news-westliche-medien-legen-orban-kritik-an-trump-in-den-mund\/","title":{"rendered":"Fake News: Westliche Medien legen Orb\u00e1n Kritik an Trump in den Mund"},"content":{"rendered":"<p><img decoding=\"async\" src=\"https:\/\/now-news.de\/de\/wp-content\/uploads\/sites\/3\/2025\/10\/6900b35048fbef28480520e8.jpg\" \/><\/p>\n<div class=\"Text-root Text-type_1 \">\n                Gegen\u00fcber der Zeitung &#8220;La Repubblica&#8221; sprach Orb\u00e1n \u00fcber die neuen US-Sanktionen. Westliche Medien gaben seine Aussagen \u2013 ein paar Tage vor Orb\u00e1ns Treffen mit Trump in der kommenden Woche \u2013 als Kritik am US-Pr\u00e4sidenten wieder. In ungarischen Medien erfolgte eine Richtigstellung.\n            <\/div>\n<p><\/p>\n<div class=\"Text-root Text-type_5 ArticleView-text ViewText-root \">\n<p>W\u00e4hrend eines Besuchs in Rom <a rel=\"nofollow noopener\" target=\"_blank\" href=\"https:\/\/www.repubblica.it\/politica\/2025\/10\/27\/news\/orban_zelensky_putin_trump_meloni_sanzioni_russia_intervista-424940693\/\">erkl\u00e4rte<\/a> der ungarische Ministerpr\u00e4sident Viktor Orb\u00e1n gegen\u00fcber der italienischen Zeitung <em>La Repubblica<\/em>, er werde n\u00e4chste Woche in Washington mit Pr\u00e4sident Trump \u00fcber die neuen US-Sanktionen gegen russisches \u00d6l sprechen.<\/p>\n<p>Ungarn\u00a0importiert immer noch einen Gro\u00dfteil seiner fossilen Brennstoffe aus Russland. Im Jahr 2022 wurden 61 Prozent des ungarischen Roh\u00f6lbedarfs aus\u00a0der Russischen F\u00f6deration\u00a0eingef\u00fchrt. In diesem Jahr ist dieser Anteil bisher auf 92 Prozent gestiegen.\u00a0<\/p>\n<p>Im Interview sagte er:<\/p>\n<p><em>&#8220;Wir diskutieren dar\u00fcber, wie wir ein nachhaltiges System f\u00fcr die Wirtschaft meines Landes aufbauen k\u00f6nnen, da Ungarn stark von russischem \u00d6l und Gas abh\u00e4ngig ist. Ohne diese Rohstoffe w\u00fcrden die Energiepreise in die H\u00f6he schnellen und zu Versorgungsengp\u00e4ssen f\u00fchren.&#8221;<\/em><\/p>\n<p>Wie <em>Euronews<\/em> am Dienstag <a rel=\"nofollow noopener\" target=\"_blank\" href=\"https:\/\/www.euronews.com\/my-europe\/2025\/10\/28\/hungarys-pm-viktor-orban-in-push-to-reverse-trumps-sanctions-on-russian-oil\">berichtete<\/a>, wurde Orb\u00e1n in Rom auch gefragt, ob Trump hinsichtlich der in der vergangenen Woche verh\u00e4ngten Sanktionen gegen die beiden gr\u00f6\u00dften russischen \u00d6lkonzerne Rosneft und Lukoil zu weit gegangen sei. In\u00a0seiner Antwort habe der ungarische Pr\u00e4sident best\u00e4tigt, dass der US-Pr\u00e4sident tats\u00e4chlich damit zu weit gegangen sei. Wortw\u00f6rtlich hie\u00df es dazu auf <em>Euronews:<\/em><\/p>\n<p><em>&#8220;Auf die Frage, ob Trump zu weit gegangen sei und einen Fehler begangen habe, indem er den russischen Energiesektor ins Visier genommen habe, antwortete Orb\u00e1n, dass er zu weit gegangen sei, und f\u00fcgte hinzu, dass Ungarn einen &#8216;Ausweg&#8217; aus den Sanktionen finden werde.&#8221;<\/em><\/p>\n<p><strong>Falsche Wiedergabe von Orb\u00e1ns Aussage in westlichen Medien \u2013 Orb\u00e1n hat Trump nicht kritisiert<\/strong><\/p>\n<p>Der Wiedergabe von Orb\u00e1ns Antwort im <em>Repubblica-<\/em>Interview <a rel=\"nofollow noopener\" target=\"_blank\" href=\"https:\/\/www.hungarianconservative.com\/articles\/current\/viktor-orban-donald-trump-mistake-russian-oil-sanctions-budapest-summit\/\">widersprach<\/a> die ungarische Zeitung <em>Hungarian Conservative<\/em> am Dienstag. Ihrem Bericht zufolge h\u00e4tten viele westliche Mainstream-Medien Orb\u00e1ns \u00c4u\u00dferungen ohne den vollst\u00e4ndigen Kontext wiedergegeben, um damit den Eindruck erwecken, der ungarische Ministerpr\u00e4sident habe Trump wegen der Sanktionen direkt kritisiert. Schlagzeilen w\u00fcrden suggerieren, dass &#8220;Orb\u00e1n sagt, Trump habe mit den Russland-Sanktionen einen Fehler gemacht.&#8221;<\/p>\n<p><em>La Repubblica<\/em> habe dies so dargestellt, als habe Orb\u00e1n Trumps Entscheidung ausdr\u00fccklich als &#8220;Fehler&#8221; bezeichnet und behauptet, er werde sich f\u00fcr die Aufhebung der Sanktionen einsetzen. Keine dieser Aussagen sei indes\u00a0get\u00e4tigt worden. Die Zeitung ersetzte das direkte Zitat durch ihre eigene Interpretation. Der\u00a0politische Direktor des Ministerpr\u00e4sidenten, Bal\u00e1zs Orb\u00e1n, ver\u00f6ffentlichte die vollst\u00e4ndige Aufzeichnung des Interviews. Viktor Orb\u00e1n habe Trumps Entscheidung nicht als Fehler bezeichnet, stellte er klar.\u00a0<\/p>\n<p><strong>Ungarn pr\u00fcft Auswirkungen der neuen Sanktionen<\/strong><\/p>\n<p>Derzeit pr\u00fcfe die Regierung die Auswirkungen der neuen Sanktionen, erkl\u00e4rte der ungarische Au\u00dfenminister P\u00e9ter Szijj\u00e1rt\u00f3.\u00a0Bei einer Pressekonferenz in Budapest sagte Szijj\u00e1rt\u00f3 am Montag:<\/p>\n<p><em>&#8220;Was die amerikanischen Sanktionen angeht, so haben diese Ma\u00dfnahmen, da ihr Inkrafttreten noch in einiger Ferne liegt, noch keine Verluste oder Schwierigkeiten f\u00fcr unsere Energieimporte aus Russland verursacht.&#8221;<\/em><\/p>\n<p>Unterdessen erkl\u00e4rte die Sprecherin der Europ\u00e4ischen Kommission, Anna-Kaisa Itkonen,\u00a0die US-Sanktionen stellten keine unmittelbare Gefahr f\u00fcr die Versorgungssicherheit Europas dar. Schlie\u00dflich seien die L\u00e4nder zu einer \u00d6lreserve von 90 Tagen verpflichtet. Gegen\u00fcber Journalisten sagte Itkonen:<\/p>\n<p><em>&#8220;Die Entscheidung der letzten Woche k\u00f6nnte nat\u00fcrlich Auswirkungen haben, und wir wollen sicherstellen, dass unsere Mitgliedstaaten vorbereitet sind, dass sie einen Plan haben, und wir sind hier, um sie dabei zu unterst\u00fctzen.&#8221;<\/em><\/p>\n<p>Laut den USA sollen die Sanktionen so lange in Kraft bleiben, bis der russische Pr\u00e4sident Wladimir Putin &#8220;echte Bereitschaft zu Verhandlungen \u00fcber einen Waffenstillstand in der Ukraine zeige&#8221;, so <em>Euronews<\/em>.<\/p>\n<p><strong>Mehr zum Thema &#8211;<\/strong>\u00a0<a rel=\"nofollow noopener\" target=\"_blank\" href=\"https:\/\/freedert.online\/europa\/260118-bericht-ungarn-will-anti-ukraine\/\">Bericht: Ungarn will Anti-Ukraine-Block mit Tschechien und Slowakei bilden<\/a><\/p>\n<div class=\"EmbedBlock-root EmbedBlock-externalVideo EmbedBlock-rumble\">\n<div class=\"VkEmbed\"><iframe class=\"lazyload\" data-src=\"https:\/\/rumble.com\/embed\/v6ypl0m\" frameborder=\"0\" width=\"853\" height=\"480\" allowfullscreen><\/iframe><\/div>\n<\/div>\n<\/div>\n<p><br \/>\n<br \/><a href=\"https:\/\/de.rt.com\/international\/260136-naechste-woche-treffen-mit-orban\/\">Source link <\/a><\/p>\n","protected":false},"excerpt":{"rendered":"<p>Gegen\u00fcber der Zeitung &#8220;La Repubblica&#8221; sprach Orb\u00e1n \u00fcber die neuen US-Sanktionen. Westliche Medien gaben seine Aussagen \u2013 ein paar Tage vor Orb\u00e1ns Treffen mit Trump in der kommenden Woche \u2013 als Kritik am US-Pr\u00e4sidenten wieder. In ungarischen Medien erfolgte eine Richtigstellung. W\u00e4hrend eines Besuchs in Rom erkl\u00e4rte der ungarische Ministerpr\u00e4sident Viktor Orb\u00e1n gegen\u00fcber der italienischen [&hellip;]<\/p>\n","protected":false},"author":3,"featured_media":92973,"comment_status":"open","ping_status":"open","sticky":false,"template":"","format":"standard","meta":{"_yoast_indexnow_last_ping":["1761663264"],"wp_automatic_camp":["217"],"6d97e2b4f8371edd588376471e97d1fc":["Fake News: Westliche Medien legen Orb\u00e1n Kritik an Trump in den Mund"],"original_link":["https:\/\/de.rt.com\/international\/260136-naechste-woche-treffen-mit-orban\/"],"_thumbnail_id":["92973"],"jnews_social_counter_last_update":["1777796201"],"_wptgpro_p2tg_sent2tg":["a:1:{i:23737;s:19:\"2025-10-28 16:55:24\";}"]},"categories":[19,23],"tags":[48,361,935,28400,580,23944,96,6397,1639,740],"yoast_head":"<!-- This site is optimized with the Yoast SEO Premium plugin v22.7 (Yoast SEO v22.7) - https:\/\/yoast.com\/wordpress\/plugins\/seo\/ -->\n<title>Fake News: Westliche Medien legen Orb\u00e1n Kritik an Trump in den Mund - just-now.NEWS Deutschland<\/title>\n<meta name=\"robots\" content=\"index, follow, max-snippet:-1, max-image-preview:large, max-video-preview:-1\" \/>\n<link rel=\"canonical\" href=\"https:\/\/now-news.de\/de\/deutschland\/fake-news-westliche-medien-legen-orban-kritik-an-trump-in-den-mund\/\" \/>\n<meta property=\"og:locale\" content=\"de_DE\" \/>\n<meta property=\"og:type\" content=\"article\" \/>\n<meta property=\"og:title\" content=\"Fake News: Westliche Medien legen Orb\u00e1n Kritik an Trump in den Mund\" \/>\n<meta property=\"og:description\" content=\"Gegen\u00fcber der Zeitung &#8220;La Repubblica&#8221; sprach Orb\u00e1n \u00fcber die neuen US-Sanktionen. Westliche Medien gaben seine Aussagen \u2013 ein paar Tage vor Orb\u00e1ns Treffen mit Trump in der kommenden Woche \u2013 als Kritik am US-Pr\u00e4sidenten wieder. In ungarischen Medien erfolgte eine Richtigstellung. W\u00e4hrend eines Besuchs in Rom erkl\u00e4rte der ungarische Ministerpr\u00e4sident Viktor Orb\u00e1n gegen\u00fcber der italienischen [&hellip;]\" \/>\n<meta property=\"og:url\" content=\"https:\/\/now-news.de\/de\/deutschland\/fake-news-westliche-medien-legen-orban-kritik-an-trump-in-den-mund\/\" \/>\n<meta property=\"og:site_name\" content=\"just-now.NEWS Deutschland\" \/>\n<meta property=\"article:publisher\" content=\"https:\/\/www.facebook.com\/wirmachenauf\" \/>\n<meta property=\"article:published_time\" content=\"2025-10-28T14:39:50+00:00\" \/>\n<meta property=\"og:image\" content=\"https:\/\/now-news.de\/de\/wp-content\/uploads\/sites\/3\/2025\/10\/6900b35048fbef28480520e8.jpg\" \/>\n<meta name=\"author\" content=\"rtnews\" \/>\n<meta name=\"twitter:card\" content=\"summary_large_image\" \/>\n<meta name=\"twitter:creator\" content=\"@WirMachenAuf_de\" \/>\n<meta name=\"twitter:site\" content=\"@WirMachenAuf_de\" \/>\n<meta name=\"twitter:label1\" content=\"Verfasst von\" \/>\n\t<meta name=\"twitter:data1\" content=\"rtnews\" \/>\n\t<meta name=\"twitter:label2\" content=\"Gesch\u00e4tzte Lesezeit\" \/>\n\t<meta name=\"twitter:data2\" content=\"3\u00a0Minuten\" \/>\n<script type=\"application\/ld+json\" class=\"yoast-schema-graph\">{\"@context\":\"https:\/\/schema.org\",\"@graph\":[{\"@type\":\"Article\",\"@id\":\"https:\/\/now-news.de\/de\/deutschland\/fake-news-westliche-medien-legen-orban-kritik-an-trump-in-den-mund\/#article\",\"isPartOf\":{\"@id\":\"https:\/\/now-news.de\/de\/deutschland\/fake-news-westliche-medien-legen-orban-kritik-an-trump-in-den-mund\/\"},\"author\":{\"name\":\"rtnews\",\"@id\":\"https:\/\/now-news.de\/de\/#\/schema\/person\/fb534a4e865501d8b3285208df34a9b5\"},\"headline\":\"Fake News: Westliche Medien legen Orb\u00e1n Kritik an Trump in den Mund\",\"datePublished\":\"2025-10-28T14:39:50+00:00\",\"dateModified\":\"2025-10-28T14:39:50+00:00\",\"mainEntityOfPage\":{\"@id\":\"https:\/\/now-news.de\/de\/deutschland\/fake-news-westliche-medien-legen-orban-kritik-an-trump-in-den-mund\/\"},\"wordCount\":643,\"commentCount\":0,\"publisher\":{\"@id\":\"https:\/\/now-news.de\/de\/#organization\"},\"image\":{\"@id\":\"https:\/\/now-news.de\/de\/deutschland\/fake-news-westliche-medien-legen-orban-kritik-an-trump-in-den-mund\/#primaryimage\"},\"thumbnailUrl\":\"https:\/\/now-news.de\/de\/wp-content\/uploads\/sites\/3\/2025\/10\/Fake-News-Westliche-Medien-legen-Orban-Kritik-an-Trump-in.jpg\",\"keywords\":[\"den\",\"Fake\",\"Kritik\",\"legen\",\"Medien\",\"Mund\",\"news\",\"Orb\u00e1n\",\"trump\",\"westliche\"],\"articleSection\":[\"Deutschland\",\"Russland\"],\"inLanguage\":\"de\",\"potentialAction\":[{\"@type\":\"CommentAction\",\"name\":\"Comment\",\"target\":[\"https:\/\/now-news.de\/de\/deutschland\/fake-news-westliche-medien-legen-orban-kritik-an-trump-in-den-mund\/#respond\"]}]},{\"@type\":\"WebPage\",\"@id\":\"https:\/\/now-news.de\/de\/deutschland\/fake-news-westliche-medien-legen-orban-kritik-an-trump-in-den-mund\/\",\"url\":\"https:\/\/now-news.de\/de\/deutschland\/fake-news-westliche-medien-legen-orban-kritik-an-trump-in-den-mund\/\",\"name\":\"Fake News: Westliche Medien legen Orb\u00e1n Kritik an Trump in den Mund - just-now.NEWS Deutschland\",\"isPartOf\":{\"@id\":\"https:\/\/now-news.de\/de\/#website\"},\"primaryImageOfPage\":{\"@id\":\"https:\/\/now-news.de\/de\/deutschland\/fake-news-westliche-medien-legen-orban-kritik-an-trump-in-den-mund\/#primaryimage\"},\"image\":{\"@id\":\"https:\/\/now-news.de\/de\/deutschland\/fake-news-westliche-medien-legen-orban-kritik-an-trump-in-den-mund\/#primaryimage\"},\"thumbnailUrl\":\"https:\/\/now-news.de\/de\/wp-content\/uploads\/sites\/3\/2025\/10\/Fake-News-Westliche-Medien-legen-Orban-Kritik-an-Trump-in.jpg\",\"datePublished\":\"2025-10-28T14:39:50+00:00\",\"dateModified\":\"2025-10-28T14:39:50+00:00\",\"breadcrumb\":{\"@id\":\"https:\/\/now-news.de\/de\/deutschland\/fake-news-westliche-medien-legen-orban-kritik-an-trump-in-den-mund\/#breadcrumb\"},\"inLanguage\":\"de\",\"potentialAction\":[{\"@type\":\"ReadAction\",\"target\":[\"https:\/\/now-news.de\/de\/deutschland\/fake-news-westliche-medien-legen-orban-kritik-an-trump-in-den-mund\/\"]}]},{\"@type\":\"ImageObject\",\"inLanguage\":\"de\",\"@id\":\"https:\/\/now-news.de\/de\/deutschland\/fake-news-westliche-medien-legen-orban-kritik-an-trump-in-den-mund\/#primaryimage\",\"url\":\"https:\/\/now-news.de\/de\/wp-content\/uploads\/sites\/3\/2025\/10\/Fake-News-Westliche-Medien-legen-Orban-Kritik-an-Trump-in.jpg\",\"contentUrl\":\"https:\/\/now-news.de\/de\/wp-content\/uploads\/sites\/3\/2025\/10\/Fake-News-Westliche-Medien-legen-Orban-Kritik-an-Trump-in.jpg\",\"width\":460,\"height\":259,\"caption\":\"Fake News: Westliche Medien legen Orb\u00e1n Kritik an Trump in den Mund\"},{\"@type\":\"BreadcrumbList\",\"@id\":\"https:\/\/now-news.de\/de\/deutschland\/fake-news-westliche-medien-legen-orban-kritik-an-trump-in-den-mund\/#breadcrumb\",\"itemListElement\":[{\"@type\":\"ListItem\",\"position\":1,\"name\":\"Home\",\"item\":\"https:\/\/now-news.de\/de\/\"},{\"@type\":\"ListItem\",\"position\":2,\"name\":\"Fake News: Westliche Medien legen Orb\u00e1n Kritik an Trump in den Mund\"}]},{\"@type\":\"WebSite\",\"@id\":\"https:\/\/now-news.de\/de\/#website\",\"url\":\"https:\/\/now-news.de\/de\/\",\"name\":\"just-now.NEWS Deutschland\",\"description\":\"Das Portal f\u00fcr unzensierte Nachrichten aus der Welt\",\"publisher\":{\"@id\":\"https:\/\/now-news.de\/de\/#organization\"},\"potentialAction\":[{\"@type\":\"SearchAction\",\"target\":{\"@type\":\"EntryPoint\",\"urlTemplate\":\"https:\/\/now-news.de\/de\/?s={search_term_string}\"},\"query-input\":\"required name=search_term_string\"}],\"inLanguage\":\"de\"},{\"@type\":\"Organization\",\"@id\":\"https:\/\/now-news.de\/de\/#organization\",\"name\":\"Just Now News\",\"url\":\"https:\/\/now-news.de\/de\/\",\"logo\":{\"@type\":\"ImageObject\",\"inLanguage\":\"de\",\"@id\":\"https:\/\/now-news.de\/de\/#\/schema\/logo\/image\/\",\"url\":\"http:\/\/just-now.news\/de\/wp-content\/uploads\/sites\/3\/2022\/04\/logo500x500.jpg\",\"contentUrl\":\"http:\/\/just-now.news\/de\/wp-content\/uploads\/sites\/3\/2022\/04\/logo500x500.jpg\",\"width\":500,\"height\":500,\"caption\":\"Just Now News\"},\"image\":{\"@id\":\"https:\/\/now-news.de\/de\/#\/schema\/logo\/image\/\"},\"sameAs\":[\"https:\/\/www.facebook.com\/wirmachenauf\",\"https:\/\/x.com\/WirMachenAuf_de\"]},{\"@type\":\"Person\",\"@id\":\"https:\/\/now-news.de\/de\/#\/schema\/person\/fb534a4e865501d8b3285208df34a9b5\",\"name\":\"rtnews\",\"image\":{\"@type\":\"ImageObject\",\"inLanguage\":\"de\",\"@id\":\"https:\/\/now-news.de\/de\/#\/schema\/person\/image\/\",\"url\":\"https:\/\/secure.gravatar.com\/avatar\/82aafea7d8127119dd649515f56e2117?s=96&d=mm&r=g\",\"contentUrl\":\"https:\/\/secure.gravatar.com\/avatar\/82aafea7d8127119dd649515f56e2117?s=96&d=mm&r=g\",\"caption\":\"rtnews\"},\"url\":\"https:\/\/now-news.de\/de\/author\/rnews\/\"}]}<\/script>\n<!-- \/ Yoast SEO Premium plugin. -->","yoast_head_json":{"title":"Fake News: Westliche Medien legen Orb\u00e1n Kritik an Trump in den Mund - just-now.NEWS Deutschland","robots":{"index":"index","follow":"follow","max-snippet":"max-snippet:-1","max-image-preview":"max-image-preview:large","max-video-preview":"max-video-preview:-1"},"canonical":"https:\/\/now-news.de\/de\/deutschland\/fake-news-westliche-medien-legen-orban-kritik-an-trump-in-den-mund\/","og_locale":"de_DE","og_type":"article","og_title":"Fake News: Westliche Medien legen Orb\u00e1n Kritik an Trump in den Mund","og_description":"Gegen\u00fcber der Zeitung &#8220;La Repubblica&#8221; sprach Orb\u00e1n \u00fcber die neuen US-Sanktionen. Westliche Medien gaben seine Aussagen \u2013 ein paar Tage vor Orb\u00e1ns Treffen mit Trump in der kommenden Woche \u2013 als Kritik am US-Pr\u00e4sidenten wieder. In ungarischen Medien erfolgte eine Richtigstellung. W\u00e4hrend eines Besuchs in Rom erkl\u00e4rte der ungarische Ministerpr\u00e4sident Viktor Orb\u00e1n gegen\u00fcber der italienischen [&hellip;]","og_url":"https:\/\/now-news.de\/de\/deutschland\/fake-news-westliche-medien-legen-orban-kritik-an-trump-in-den-mund\/","og_site_name":"just-now.NEWS Deutschland","article_publisher":"https:\/\/www.facebook.com\/wirmachenauf","article_published_time":"2025-10-28T14:39:50+00:00","og_image":[{"url":"https:\/\/now-news.de\/de\/wp-content\/uploads\/sites\/3\/2025\/10\/6900b35048fbef28480520e8.jpg"}],"author":"rtnews","twitter_card":"summary_large_image","twitter_creator":"@WirMachenAuf_de","twitter_site":"@WirMachenAuf_de","twitter_misc":{"Verfasst von":"rtnews","Gesch\u00e4tzte Lesezeit":"3\u00a0Minuten"},"schema":{"@context":"https:\/\/schema.org","@graph":[{"@type":"Article","@id":"https:\/\/now-news.de\/de\/deutschland\/fake-news-westliche-medien-legen-orban-kritik-an-trump-in-den-mund\/#article","isPartOf":{"@id":"https:\/\/now-news.de\/de\/deutschland\/fake-news-westliche-medien-legen-orban-kritik-an-trump-in-den-mund\/"},"author":{"name":"rtnews","@id":"https:\/\/now-news.de\/de\/#\/schema\/person\/fb534a4e865501d8b3285208df34a9b5"},"headline":"Fake News: Westliche Medien legen Orb\u00e1n Kritik an Trump in den Mund","datePublished":"2025-10-28T14:39:50+00:00","dateModified":"2025-10-28T14:39:50+00:00","mainEntityOfPage":{"@id":"https:\/\/now-news.de\/de\/deutschland\/fake-news-westliche-medien-legen-orban-kritik-an-trump-in-den-mund\/"},"wordCount":643,"commentCount":0,"publisher":{"@id":"https:\/\/now-news.de\/de\/#organization"},"image":{"@id":"https:\/\/now-news.de\/de\/deutschland\/fake-news-westliche-medien-legen-orban-kritik-an-trump-in-den-mund\/#primaryimage"},"thumbnailUrl":"https:\/\/now-news.de\/de\/wp-content\/uploads\/sites\/3\/2025\/10\/Fake-News-Westliche-Medien-legen-Orban-Kritik-an-Trump-in.jpg","keywords":["den","Fake","Kritik","legen","Medien","Mund","news","Orb\u00e1n","trump","westliche"],"articleSection":["Deutschland","Russland"],"inLanguage":"de","potentialAction":[{"@type":"CommentAction","name":"Comment","target":["https:\/\/now-news.de\/de\/deutschland\/fake-news-westliche-medien-legen-orban-kritik-an-trump-in-den-mund\/#respond"]}]},{"@type":"WebPage","@id":"https:\/\/now-news.de\/de\/deutschland\/fake-news-westliche-medien-legen-orban-kritik-an-trump-in-den-mund\/","url":"https:\/\/now-news.de\/de\/deutschland\/fake-news-westliche-medien-legen-orban-kritik-an-trump-in-den-mund\/","name":"Fake News: Westliche Medien legen Orb\u00e1n Kritik an Trump in den Mund - just-now.NEWS Deutschland","isPartOf":{"@id":"https:\/\/now-news.de\/de\/#website"},"primaryImageOfPage":{"@id":"https:\/\/now-news.de\/de\/deutschland\/fake-news-westliche-medien-legen-orban-kritik-an-trump-in-den-mund\/#primaryimage"},"image":{"@id":"https:\/\/now-news.de\/de\/deutschland\/fake-news-westliche-medien-legen-orban-kritik-an-trump-in-den-mund\/#primaryimage"},"thumbnailUrl":"https:\/\/now-news.de\/de\/wp-content\/uploads\/sites\/3\/2025\/10\/Fake-News-Westliche-Medien-legen-Orban-Kritik-an-Trump-in.jpg","datePublished":"2025-10-28T14:39:50+00:00","dateModified":"2025-10-28T14:39:50+00:00","breadcrumb":{"@id":"https:\/\/now-news.de\/de\/deutschland\/fake-news-westliche-medien-legen-orban-kritik-an-trump-in-den-mund\/#breadcrumb"},"inLanguage":"de","potentialAction":[{"@type":"ReadAction","target":["https:\/\/now-news.de\/de\/deutschland\/fake-news-westliche-medien-legen-orban-kritik-an-trump-in-den-mund\/"]}]},{"@type":"ImageObject","inLanguage":"de","@id":"https:\/\/now-news.de\/de\/deutschland\/fake-news-westliche-medien-legen-orban-kritik-an-trump-in-den-mund\/#primaryimage","url":"https:\/\/now-news.de\/de\/wp-content\/uploads\/sites\/3\/2025\/10\/Fake-News-Westliche-Medien-legen-Orban-Kritik-an-Trump-in.jpg","contentUrl":"https:\/\/now-news.de\/de\/wp-content\/uploads\/sites\/3\/2025\/10\/Fake-News-Westliche-Medien-legen-Orban-Kritik-an-Trump-in.jpg","width":460,"height":259,"caption":"Fake News: Westliche Medien legen Orb\u00e1n Kritik an Trump in den Mund"},{"@type":"BreadcrumbList","@id":"https:\/\/now-news.de\/de\/deutschland\/fake-news-westliche-medien-legen-orban-kritik-an-trump-in-den-mund\/#breadcrumb","itemListElement":[{"@type":"ListItem","position":1,"name":"Home","item":"https:\/\/now-news.de\/de\/"},{"@type":"ListItem","position":2,"name":"Fake News: Westliche Medien legen Orb\u00e1n Kritik an Trump in den Mund"}]},{"@type":"WebSite","@id":"https:\/\/now-news.de\/de\/#website","url":"https:\/\/now-news.de\/de\/","name":"just-now.NEWS Deutschland","description":"Das Portal f\u00fcr unzensierte Nachrichten aus der Welt","publisher":{"@id":"https:\/\/now-news.de\/de\/#organization"},"potentialAction":[{"@type":"SearchAction","target":{"@type":"EntryPoint","urlTemplate":"https:\/\/now-news.de\/de\/?s={search_term_string}"},"query-input":"required name=search_term_string"}],"inLanguage":"de"},{"@type":"Organization","@id":"https:\/\/now-news.de\/de\/#organization","name":"Just Now News","url":"https:\/\/now-news.de\/de\/","logo":{"@type":"ImageObject","inLanguage":"de","@id":"https:\/\/now-news.de\/de\/#\/schema\/logo\/image\/","url":"http:\/\/just-now.news\/de\/wp-content\/uploads\/sites\/3\/2022\/04\/logo500x500.jpg","contentUrl":"http:\/\/just-now.news\/de\/wp-content\/uploads\/sites\/3\/2022\/04\/logo500x500.jpg","width":500,"height":500,"caption":"Just Now News"},"image":{"@id":"https:\/\/now-news.de\/de\/#\/schema\/logo\/image\/"},"sameAs":["https:\/\/www.facebook.com\/wirmachenauf","https:\/\/x.com\/WirMachenAuf_de"]},{"@type":"Person","@id":"https:\/\/now-news.de\/de\/#\/schema\/person\/fb534a4e865501d8b3285208df34a9b5","name":"rtnews","image":{"@type":"ImageObject","inLanguage":"de","@id":"https:\/\/now-news.de\/de\/#\/schema\/person\/image\/","url":"https:\/\/secure.gravatar.com\/avatar\/82aafea7d8127119dd649515f56e2117?s=96&d=mm&r=g","contentUrl":"https:\/\/secure.gravatar.com\/avatar\/82aafea7d8127119dd649515f56e2117?s=96&d=mm&r=g","caption":"rtnews"},"url":"https:\/\/now-news.de\/de\/author\/rnews\/"}]}},"_links":{"self":[{"href":"https:\/\/now-news.de\/de\/wp-json\/wp\/v2\/posts\/92972"}],"collection":[{"href":"https:\/\/now-news.de\/de\/wp-json\/wp\/v2\/posts"}],"about":[{"href":"https:\/\/now-news.de\/de\/wp-json\/wp\/v2\/types\/post"}],"author":[{"embeddable":true,"href":"https:\/\/now-news.de\/de\/wp-json\/wp\/v2\/users\/3"}],"replies":[{"embeddable":true,"href":"https:\/\/now-news.de\/de\/wp-json\/wp\/v2\/comments?post=92972"}],"version-history":[{"count":0,"href":"https:\/\/now-news.de\/de\/wp-json\/wp\/v2\/posts\/92972\/revisions"}],"wp:featuredmedia":[{"embeddable":true,"href":"https:\/\/now-news.de\/de\/wp-json\/wp\/v2\/media\/92973"}],"wp:attachment":[{"href":"https:\/\/now-news.de\/de\/wp-json\/wp\/v2\/media?parent=92972"}],"wp:term":[{"taxonomy":"category","embeddable":true,"href":"https:\/\/now-news.de\/de\/wp-json\/wp\/v2\/categories?post=92972"},{"taxonomy":"post_tag","embeddable":true,"href":"https:\/\/now-news.de\/de\/wp-json\/wp\/v2\/tags?post=92972"}],"curies":[{"name":"wp","href":"https:\/\/api.w.org\/{rel}","templated":true}]}}